{"id":71687,"date":"2024-03-09T01:43:19","date_gmt":"2024-03-09T00:43:19","guid":{"rendered":"https:\/\/zeromagazine.mx\/?p=71687"},"modified":"2024-03-09T01:46:27","modified_gmt":"2024-03-09T00:46:27","slug":"rosy-ocampo-honrada-con-doctorado-honoris-causa-en-la-u-n-a-m","status":"publish","type":"post","link":"https:\/\/zeromagazine.mx\/index.php\/2024\/03\/09\/rosy-ocampo-honrada-con-doctorado-honoris-causa-en-la-u-n-a-m\/","title":{"rendered":"Rosy Ocampo honrada con Doctorado Honoris Causa en la U.N.A.M."},"content":{"rendered":"<p>Hoy es un d\u00eda incre\u00edblemente emocionante, porque nuestra querida Rosy Ocampo va a recibir el Doctorado Honoris Causa de la U.N.A.M. Rosy es toda una leyenda en el mundo de la televisi\u00f3n, con m\u00e1s de 40 a\u00f1os de experiencia, ha revolucionado el arte de las telenovelas y nos ha regalado historias que nos han hecho re\u00edr, llorar y reflexionar sobre la vida. \u00a1M\u00e1s de 2,400 horas de telenovelas producidas! Es como una f\u00e1brica de creatividad. Y lo mejor es que la mayor\u00eda de sus historias son originales.<\/p>\n\n\n\n<p>Entre sus logros m\u00e1s destacados se encuentran producciones emblem\u00e1ticas como \u00abPlaza S\u00e9samo\u00bb, \u00abEl diario de Daniela\u00bb, \u00abLa fea m\u00e1s bella\u00bb y la franquicia \u00abVencer\u00bb, que han dejado huella en la historia de la televisi\u00f3n mexicana y han trascendido fronteras gracias a su calidad y relevancia.<\/p>\n\n\n\n<p><\/p>\n\n\n<div class=\"wp-block-image\">\n<figure class=\"aligncenter size-large is-resized\"><img data-recalc-dims=\"1\" decoding=\"async\" width=\"768\" height=\"1024\" src=\"https:\/\/i0.wp.com\/zeromagazine.mx\/wp-content\/uploads\/2024\/03\/WhatsApp-Image-2024-03-08-at-18.16.44-768x1024.jpeg?resize=768%2C1024&#038;ssl=1\" alt=\"\" class=\"wp-image-71688\" style=\"width:545px;height:auto\" srcset=\"https:\/\/i0.wp.com\/zeromagazine.mx\/wp-content\/uploads\/2024\/03\/WhatsApp-Image-2024-03-08-at-18.16.44.jpeg?resize=768%2C1024&amp;ssl=1 768w, https:\/\/i0.wp.com\/zeromagazine.mx\/wp-content\/uploads\/2024\/03\/WhatsApp-Image-2024-03-08-at-18.16.44.jpeg?resize=225%2C300&amp;ssl=1 225w, https:\/\/i0.wp.com\/zeromagazine.mx\/wp-content\/uploads\/2024\/03\/WhatsApp-Image-2024-03-08-at-18.16.44.jpeg?w=960&amp;ssl=1 960w\" sizes=\"(max-width: 768px) 100vw, 768px\" \/><\/figure>\n<\/div>\n\n\n<p><\/p>\n\n\n\n<p>Su metodolog\u00eda de trabajo, basada en una exhaustiva investigaci\u00f3n y enfoque centrado en las necesidades de la audiencia, ha sido clave en el \u00e9xito tanto nacional como internacional de sus producciones, las cuales abordan tem\u00e1ticas relevantes y actuales, generando impacto y reflexi\u00f3n en la sociedad.<\/p>\n\n\n\n<p>Adem\u00e1s, Rosy tiene una forma \u00fanica de trabajar. Investiga a fondo, conecta con la audiencia y siempre toca temas que est\u00e1n en boca de todos. No es de extra\u00f1ar que sus programas sean \u00e9xitos tanto aqu\u00ed como en el extranjero. Y no solo es una maestra en la producci\u00f3n, sino que tambi\u00e9n comparte su sabidur\u00eda en las aulas. Impartiendo clases en la Ibero y en el Tec, est\u00e1 formando a las pr\u00f3ximas generaciones de profesionales del medio.<\/p>\n\n\n\n<script async src=\"https:\/\/pagead2.googlesyndication.com\/pagead\/js\/adsbygoogle.js?client=ca-pub-5499304793904745\"\n     crossorigin=\"anonymous\"><\/script>\n<ins class=\"adsbygoogle\"\n     style=\"display:block; text-align:center;\"\n     data-ad-layout=\"in-article\"\n     data-ad-format=\"fluid\"\n     data-ad-client=\"ca-pub-5499304793904745\"\n     data-ad-slot=\"5994863093\"><\/ins>\n<script>\n     (adsbygoogle = window.adsbygoogle || []).push({});\n<\/script>\n\n\n\n<p>La entrega del Doctorado Honoris Causa a Rosy Ocampo es un reconocimiento merecido a una carrera llena de \u00e9xitos, innovaci\u00f3n y compromiso social, que ha dejado una marca indeleble en el panorama cultural y televisivo de M\u00e9xico. As\u00ed que hoy, levantamos nuestras tazas de caf\u00e9 para brindar por Rosy Ocampo, una mujer que ha dejado una huella indeleble en el mundo del entretenimiento con causa social. <\/p>\n\n\n\n<script async src=\"https:\/\/pagead2.googlesyndication.com\/pagead\/js\/adsbygoogle.js?client=ca-pub-5499304793904745\"\n     crossorigin=\"anonymous\"><\/script>\n<ins class=\"adsbygoogle\"\n     style=\"display:block; text-align:center;\"\n     data-ad-layout=\"in-article\"\n     data-ad-format=\"fluid\"\n     data-ad-client=\"ca-pub-5499304793904745\"\n     data-ad-slot=\"5994863093\"><\/ins>\n<script>\n     (adsbygoogle = window.adsbygoogle || []).push({});\n<\/script>\n\n<!--themify_builder_content-->\n<div id=\"themify_builder_content-71687\" data-postid=\"71687\" class=\"themify_builder_content themify_builder_content-71687 themify_builder tf_clear\">\n    <\/div>\n<!--\/themify_builder_content-->","protected":false},"excerpt":{"rendered":"<p>Hoy es un d\u00eda incre\u00edblemente emocionante, porque nuestra querida Rosy Ocampo va a recibir el Doctorado Honoris Causa de la U.N.A.M. Rosy es toda una leyenda en el mundo de la televisi\u00f3n, con m\u00e1s de 40 a\u00f1os de experiencia, ha revolucionado el arte de las telenovelas y nos ha regalado historias que nos han hecho [&hellip;]<\/p>\n","protected":false},"author":2,"featured_media":0,"comment_status":"open","ping_status":"open","sticky":false,"template":"","format":"standard","meta":{"_jetpack_memberships_contains_paid_content":false,"footnotes":"","jetpack_publicize_message":"","jetpack_publicize_feature_enabled":true,"jetpack_social_post_already_shared":false,"jetpack_social_options":{"image_generator_settings":{"template":"highway","default_image_id":0,"font":"","enabled":false},"version":2}},"categories":[1,791],"tags":[7204,1218,2833],"class_list":["post-71687","post","type-post","status-publish","format-standard","hentry","category-blog","category-cultura","tag-doctorado-honoris-causa","tag-rosy-ocampo","tag-unam","has-post-title","has-post-date","has-post-category","has-post-tag","has-post-comment","has-post-author",""],"yoast_head":"<!-- This site is optimized with the Yoast SEO plugin v27.5 - https:\/\/yoast.com\/product\/yoast-seo-wordpress\/ -->\n<title>Rosy Ocampo honrada con Doctorado Honoris Causa en la U.N.A.M. - Zero Magazine<\/title>\n<meta name=\"robots\" content=\"index, follow, max-snippet:-1, max-image-preview:large, max-video-preview:-1\" \/>\n<link rel=\"canonical\" href=\"https:\/\/zeromagazine.mx\/index.php\/2024\/03\/09\/rosy-ocampo-honrada-con-doctorado-honoris-causa-en-la-u-n-a-m\/\" \/>\n<meta property=\"og:locale\" content=\"es_ES\" \/>\n<meta property=\"og:type\" content=\"article\" \/>\n<meta property=\"og:title\" content=\"Rosy Ocampo honrada con Doctorado Honoris Causa en la U.N.A.M. - Zero Magazine\" \/>\n<meta property=\"og:description\" content=\"Hoy es un d\u00eda incre\u00edblemente emocionante, porque nuestra querida Rosy Ocampo va a recibir el Doctorado Honoris Causa de la U.N.A.M. Rosy es toda una leyenda en el mundo de la televisi\u00f3n, con m\u00e1s de 40 a\u00f1os de experiencia, ha revolucionado el arte de las telenovelas y nos ha regalado historias que nos han hecho [&hellip;]\" \/>\n<meta property=\"og:url\" content=\"https:\/\/zeromagazine.mx\/index.php\/2024\/03\/09\/rosy-ocampo-honrada-con-doctorado-honoris-causa-en-la-u-n-a-m\/\" \/>\n<meta property=\"og:site_name\" content=\"Zero Magazine\" \/>\n<meta property=\"article:published_time\" content=\"2024-03-09T00:43:19+00:00\" \/>\n<meta property=\"article:modified_time\" content=\"2024-03-09T00:46:27+00:00\" \/>\n<meta property=\"og:image\" content=\"https:\/\/zeromagazine.mx\/wp-content\/uploads\/2024\/03\/WhatsApp-Image-2024-03-08-at-18.16.44-768x1024.jpeg\" \/>\n<meta name=\"author\" content=\"zeromagazinemx\" \/>\n<meta name=\"twitter:card\" content=\"summary_large_image\" \/>\n<meta name=\"twitter:label1\" content=\"Escrito por\" \/>\n\t<meta name=\"twitter:data1\" content=\"zeromagazinemx\" \/>\n\t<meta name=\"twitter:label2\" content=\"Tiempo de lectura\" \/>\n\t<meta name=\"twitter:data2\" content=\"2 minutos\" \/>\n<script type=\"application\/ld+json\" class=\"yoast-schema-graph\">{\"@context\":\"https:\\\/\\\/schema.org\",\"@graph\":[{\"@type\":\"Article\",\"@id\":\"https:\\\/\\\/zeromagazine.mx\\\/index.php\\\/2024\\\/03\\\/09\\\/rosy-ocampo-honrada-con-doctorado-honoris-causa-en-la-u-n-a-m\\\/#article\",\"isPartOf\":{\"@id\":\"https:\\\/\\\/zeromagazine.mx\\\/index.php\\\/2024\\\/03\\\/09\\\/rosy-ocampo-honrada-con-doctorado-honoris-causa-en-la-u-n-a-m\\\/\"},\"author\":{\"name\":\"zeromagazinemx\",\"@id\":\"https:\\\/\\\/zeromagazine.mx\\\/#\\\/schema\\\/person\\\/9aed9f33a7c39af3a348b86d723f7773\"},\"headline\":\"Rosy Ocampo honrada con Doctorado Honoris Causa en la U.N.A.M.\",\"datePublished\":\"2024-03-09T00:43:19+00:00\",\"dateModified\":\"2024-03-09T00:46:27+00:00\",\"mainEntityOfPage\":{\"@id\":\"https:\\\/\\\/zeromagazine.mx\\\/index.php\\\/2024\\\/03\\\/09\\\/rosy-ocampo-honrada-con-doctorado-honoris-causa-en-la-u-n-a-m\\\/\"},\"wordCount\":361,\"commentCount\":0,\"publisher\":{\"@id\":\"https:\\\/\\\/zeromagazine.mx\\\/#organization\"},\"image\":{\"@id\":\"https:\\\/\\\/zeromagazine.mx\\\/index.php\\\/2024\\\/03\\\/09\\\/rosy-ocampo-honrada-con-doctorado-honoris-causa-en-la-u-n-a-m\\\/#primaryimage\"},\"thumbnailUrl\":\"https:\\\/\\\/zeromagazine.mx\\\/wp-content\\\/uploads\\\/2024\\\/03\\\/WhatsApp-Image-2024-03-08-at-18.16.44-768x1024.jpeg\",\"keywords\":[\"Doctorado Honoris Causa\",\"Rosy Ocampo\",\"UNAM\"],\"articleSection\":[\"Blog\",\"Cultura\"],\"inLanguage\":\"es\",\"potentialAction\":[{\"@type\":\"CommentAction\",\"name\":\"Comment\",\"target\":[\"https:\\\/\\\/zeromagazine.mx\\\/index.php\\\/2024\\\/03\\\/09\\\/rosy-ocampo-honrada-con-doctorado-honoris-causa-en-la-u-n-a-m\\\/#respond\"]}]},{\"@type\":\"WebPage\",\"@id\":\"https:\\\/\\\/zeromagazine.mx\\\/index.php\\\/2024\\\/03\\\/09\\\/rosy-ocampo-honrada-con-doctorado-honoris-causa-en-la-u-n-a-m\\\/\",\"url\":\"https:\\\/\\\/zeromagazine.mx\\\/index.php\\\/2024\\\/03\\\/09\\\/rosy-ocampo-honrada-con-doctorado-honoris-causa-en-la-u-n-a-m\\\/\",\"name\":\"Rosy Ocampo honrada con Doctorado Honoris Causa en la U.N.A.M. - Zero Magazine\",\"isPartOf\":{\"@id\":\"https:\\\/\\\/zeromagazine.mx\\\/#website\"},\"primaryImageOfPage\":{\"@id\":\"https:\\\/\\\/zeromagazine.mx\\\/index.php\\\/2024\\\/03\\\/09\\\/rosy-ocampo-honrada-con-doctorado-honoris-causa-en-la-u-n-a-m\\\/#primaryimage\"},\"image\":{\"@id\":\"https:\\\/\\\/zeromagazine.mx\\\/index.php\\\/2024\\\/03\\\/09\\\/rosy-ocampo-honrada-con-doctorado-honoris-causa-en-la-u-n-a-m\\\/#primaryimage\"},\"thumbnailUrl\":\"https:\\\/\\\/zeromagazine.mx\\\/wp-content\\\/uploads\\\/2024\\\/03\\\/WhatsApp-Image-2024-03-08-at-18.16.44-768x1024.jpeg\",\"datePublished\":\"2024-03-09T00:43:19+00:00\",\"dateModified\":\"2024-03-09T00:46:27+00:00\",\"breadcrumb\":{\"@id\":\"https:\\\/\\\/zeromagazine.mx\\\/index.php\\\/2024\\\/03\\\/09\\\/rosy-ocampo-honrada-con-doctorado-honoris-causa-en-la-u-n-a-m\\\/#breadcrumb\"},\"inLanguage\":\"es\",\"potentialAction\":[{\"@type\":\"ReadAction\",\"target\":[\"https:\\\/\\\/zeromagazine.mx\\\/index.php\\\/2024\\\/03\\\/09\\\/rosy-ocampo-honrada-con-doctorado-honoris-causa-en-la-u-n-a-m\\\/\"]}]},{\"@type\":\"ImageObject\",\"inLanguage\":\"es\",\"@id\":\"https:\\\/\\\/zeromagazine.mx\\\/index.php\\\/2024\\\/03\\\/09\\\/rosy-ocampo-honrada-con-doctorado-honoris-causa-en-la-u-n-a-m\\\/#primaryimage\",\"url\":\"https:\\\/\\\/zeromagazine.mx\\\/wp-content\\\/uploads\\\/2024\\\/03\\\/WhatsApp-Image-2024-03-08-at-18.16.44-768x1024.jpeg\",\"contentUrl\":\"https:\\\/\\\/zeromagazine.mx\\\/wp-content\\\/uploads\\\/2024\\\/03\\\/WhatsApp-Image-2024-03-08-at-18.16.44-768x1024.jpeg\"},{\"@type\":\"BreadcrumbList\",\"@id\":\"https:\\\/\\\/zeromagazine.mx\\\/index.php\\\/2024\\\/03\\\/09\\\/rosy-ocampo-honrada-con-doctorado-honoris-causa-en-la-u-n-a-m\\\/#breadcrumb\",\"itemListElement\":[{\"@type\":\"ListItem\",\"position\":1,\"name\":\"Portada\",\"item\":\"https:\\\/\\\/zeromagazine.mx\\\/\"},{\"@type\":\"ListItem\",\"position\":2,\"name\":\"Rosy Ocampo honrada con Doctorado Honoris Causa en la U.N.A.M.\"}]},{\"@type\":\"WebSite\",\"@id\":\"https:\\\/\\\/zeromagazine.mx\\\/#website\",\"url\":\"https:\\\/\\\/zeromagazine.mx\\\/\",\"name\":\"Zero Magazine\",\"description\":\"\",\"publisher\":{\"@id\":\"https:\\\/\\\/zeromagazine.mx\\\/#organization\"},\"potentialAction\":[{\"@type\":\"SearchAction\",\"target\":{\"@type\":\"EntryPoint\",\"urlTemplate\":\"https:\\\/\\\/zeromagazine.mx\\\/?s={search_term_string}\"},\"query-input\":{\"@type\":\"PropertyValueSpecification\",\"valueRequired\":true,\"valueName\":\"search_term_string\"}}],\"inLanguage\":\"es\"},{\"@type\":\"Organization\",\"@id\":\"https:\\\/\\\/zeromagazine.mx\\\/#organization\",\"name\":\"Zero Magazine\",\"url\":\"https:\\\/\\\/zeromagazine.mx\\\/\",\"logo\":{\"@type\":\"ImageObject\",\"inLanguage\":\"es\",\"@id\":\"https:\\\/\\\/zeromagazine.mx\\\/#\\\/schema\\\/logo\\\/image\\\/\",\"url\":\"https:\\\/\\\/i0.wp.com\\\/zeromagazine.mx\\\/wp-content\\\/uploads\\\/2025\\\/11\\\/1.jpeg?fit=1000%2C1000&ssl=1\",\"contentUrl\":\"https:\\\/\\\/i0.wp.com\\\/zeromagazine.mx\\\/wp-content\\\/uploads\\\/2025\\\/11\\\/1.jpeg?fit=1000%2C1000&ssl=1\",\"width\":1000,\"height\":1000,\"caption\":\"Zero Magazine\"},\"image\":{\"@id\":\"https:\\\/\\\/zeromagazine.mx\\\/#\\\/schema\\\/logo\\\/image\\\/\"},\"sameAs\":[\"https:\\\/\\\/instagram.com\\\/zeromagazinemx\"]},{\"@type\":\"Person\",\"@id\":\"https:\\\/\\\/zeromagazine.mx\\\/#\\\/schema\\\/person\\\/9aed9f33a7c39af3a348b86d723f7773\",\"name\":\"zeromagazinemx\",\"image\":{\"@type\":\"ImageObject\",\"inLanguage\":\"es\",\"@id\":\"https:\\\/\\\/zeromagazine.mx\\\/wp-content\\\/litespeed\\\/avatar\\\/f91dfe5410d5dcb1a576bf8c45983896.jpg?ver=1777571230\",\"url\":\"https:\\\/\\\/zeromagazine.mx\\\/wp-content\\\/litespeed\\\/avatar\\\/f91dfe5410d5dcb1a576bf8c45983896.jpg?ver=1777571230\",\"contentUrl\":\"https:\\\/\\\/zeromagazine.mx\\\/wp-content\\\/litespeed\\\/avatar\\\/f91dfe5410d5dcb1a576bf8c45983896.jpg?ver=1777571230\",\"caption\":\"zeromagazinemx\"},\"url\":\"https:\\\/\\\/zeromagazine.mx\\\/index.php\\\/author\\\/zeromagazinemx\\\/\"}]}<\/script>\n<!-- \/ Yoast SEO plugin. -->","yoast_head_json":{"title":"Rosy Ocampo honrada con Doctorado Honoris Causa en la U.N.A.M. - Zero Magazine","robots":{"index":"index","follow":"follow","max-snippet":"max-snippet:-1","max-image-preview":"max-image-preview:large","max-video-preview":"max-video-preview:-1"},"canonical":"https:\/\/zeromagazine.mx\/index.php\/2024\/03\/09\/rosy-ocampo-honrada-con-doctorado-honoris-causa-en-la-u-n-a-m\/","og_locale":"es_ES","og_type":"article","og_title":"Rosy Ocampo honrada con Doctorado Honoris Causa en la U.N.A.M. - Zero Magazine","og_description":"Hoy es un d\u00eda incre\u00edblemente emocionante, porque nuestra querida Rosy Ocampo va a recibir el Doctorado Honoris Causa de la U.N.A.M. Rosy es toda una leyenda en el mundo de la televisi\u00f3n, con m\u00e1s de 40 a\u00f1os de experiencia, ha revolucionado el arte de las telenovelas y nos ha regalado historias que nos han hecho [&hellip;]","og_url":"https:\/\/zeromagazine.mx\/index.php\/2024\/03\/09\/rosy-ocampo-honrada-con-doctorado-honoris-causa-en-la-u-n-a-m\/","og_site_name":"Zero Magazine","article_published_time":"2024-03-09T00:43:19+00:00","article_modified_time":"2024-03-09T00:46:27+00:00","og_image":[{"url":"https:\/\/zeromagazine.mx\/wp-content\/uploads\/2024\/03\/WhatsApp-Image-2024-03-08-at-18.16.44-768x1024.jpeg","type":"","width":"","height":""}],"author":"zeromagazinemx","twitter_card":"summary_large_image","twitter_misc":{"Escrito por":"zeromagazinemx","Tiempo de lectura":"2 minutos"},"schema":{"@context":"https:\/\/schema.org","@graph":[{"@type":"Article","@id":"https:\/\/zeromagazine.mx\/index.php\/2024\/03\/09\/rosy-ocampo-honrada-con-doctorado-honoris-causa-en-la-u-n-a-m\/#article","isPartOf":{"@id":"https:\/\/zeromagazine.mx\/index.php\/2024\/03\/09\/rosy-ocampo-honrada-con-doctorado-honoris-causa-en-la-u-n-a-m\/"},"author":{"name":"zeromagazinemx","@id":"https:\/\/zeromagazine.mx\/#\/schema\/person\/9aed9f33a7c39af3a348b86d723f7773"},"headline":"Rosy Ocampo honrada con Doctorado Honoris Causa en la U.N.A.M.","datePublished":"2024-03-09T00:43:19+00:00","dateModified":"2024-03-09T00:46:27+00:00","mainEntityOfPage":{"@id":"https:\/\/zeromagazine.mx\/index.php\/2024\/03\/09\/rosy-ocampo-honrada-con-doctorado-honoris-causa-en-la-u-n-a-m\/"},"wordCount":361,"commentCount":0,"publisher":{"@id":"https:\/\/zeromagazine.mx\/#organization"},"image":{"@id":"https:\/\/zeromagazine.mx\/index.php\/2024\/03\/09\/rosy-ocampo-honrada-con-doctorado-honoris-causa-en-la-u-n-a-m\/#primaryimage"},"thumbnailUrl":"https:\/\/zeromagazine.mx\/wp-content\/uploads\/2024\/03\/WhatsApp-Image-2024-03-08-at-18.16.44-768x1024.jpeg","keywords":["Doctorado Honoris Causa","Rosy Ocampo","UNAM"],"articleSection":["Blog","Cultura"],"inLanguage":"es","potentialAction":[{"@type":"CommentAction","name":"Comment","target":["https:\/\/zeromagazine.mx\/index.php\/2024\/03\/09\/rosy-ocampo-honrada-con-doctorado-honoris-causa-en-la-u-n-a-m\/#respond"]}]},{"@type":"WebPage","@id":"https:\/\/zeromagazine.mx\/index.php\/2024\/03\/09\/rosy-ocampo-honrada-con-doctorado-honoris-causa-en-la-u-n-a-m\/","url":"https:\/\/zeromagazine.mx\/index.php\/2024\/03\/09\/rosy-ocampo-honrada-con-doctorado-honoris-causa-en-la-u-n-a-m\/","name":"Rosy Ocampo honrada con Doctorado Honoris Causa en la U.N.A.M. - Zero Magazine","isPartOf":{"@id":"https:\/\/zeromagazine.mx\/#website"},"primaryImageOfPage":{"@id":"https:\/\/zeromagazine.mx\/index.php\/2024\/03\/09\/rosy-ocampo-honrada-con-doctorado-honoris-causa-en-la-u-n-a-m\/#primaryimage"},"image":{"@id":"https:\/\/zeromagazine.mx\/index.php\/2024\/03\/09\/rosy-ocampo-honrada-con-doctorado-honoris-causa-en-la-u-n-a-m\/#primaryimage"},"thumbnailUrl":"https:\/\/zeromagazine.mx\/wp-content\/uploads\/2024\/03\/WhatsApp-Image-2024-03-08-at-18.16.44-768x1024.jpeg","datePublished":"2024-03-09T00:43:19+00:00","dateModified":"2024-03-09T00:46:27+00:00","breadcrumb":{"@id":"https:\/\/zeromagazine.mx\/index.php\/2024\/03\/09\/rosy-ocampo-honrada-con-doctorado-honoris-causa-en-la-u-n-a-m\/#breadcrumb"},"inLanguage":"es","potentialAction":[{"@type":"ReadAction","target":["https:\/\/zeromagazine.mx\/index.php\/2024\/03\/09\/rosy-ocampo-honrada-con-doctorado-honoris-causa-en-la-u-n-a-m\/"]}]},{"@type":"ImageObject","inLanguage":"es","@id":"https:\/\/zeromagazine.mx\/index.php\/2024\/03\/09\/rosy-ocampo-honrada-con-doctorado-honoris-causa-en-la-u-n-a-m\/#primaryimage","url":"https:\/\/zeromagazine.mx\/wp-content\/uploads\/2024\/03\/WhatsApp-Image-2024-03-08-at-18.16.44-768x1024.jpeg","contentUrl":"https:\/\/zeromagazine.mx\/wp-content\/uploads\/2024\/03\/WhatsApp-Image-2024-03-08-at-18.16.44-768x1024.jpeg"},{"@type":"BreadcrumbList","@id":"https:\/\/zeromagazine.mx\/index.php\/2024\/03\/09\/rosy-ocampo-honrada-con-doctorado-honoris-causa-en-la-u-n-a-m\/#breadcrumb","itemListElement":[{"@type":"ListItem","position":1,"name":"Portada","item":"https:\/\/zeromagazine.mx\/"},{"@type":"ListItem","position":2,"name":"Rosy Ocampo honrada con Doctorado Honoris Causa en la U.N.A.M."}]},{"@type":"WebSite","@id":"https:\/\/zeromagazine.mx\/#website","url":"https:\/\/zeromagazine.mx\/","name":"Zero Magazine","description":"","publisher":{"@id":"https:\/\/zeromagazine.mx\/#organization"},"potentialAction":[{"@type":"SearchAction","target":{"@type":"EntryPoint","urlTemplate":"https:\/\/zeromagazine.mx\/?s={search_term_string}"},"query-input":{"@type":"PropertyValueSpecification","valueRequired":true,"valueName":"search_term_string"}}],"inLanguage":"es"},{"@type":"Organization","@id":"https:\/\/zeromagazine.mx\/#organization","name":"Zero Magazine","url":"https:\/\/zeromagazine.mx\/","logo":{"@type":"ImageObject","inLanguage":"es","@id":"https:\/\/zeromagazine.mx\/#\/schema\/logo\/image\/","url":"https:\/\/i0.wp.com\/zeromagazine.mx\/wp-content\/uploads\/2025\/11\/1.jpeg?fit=1000%2C1000&ssl=1","contentUrl":"https:\/\/i0.wp.com\/zeromagazine.mx\/wp-content\/uploads\/2025\/11\/1.jpeg?fit=1000%2C1000&ssl=1","width":1000,"height":1000,"caption":"Zero Magazine"},"image":{"@id":"https:\/\/zeromagazine.mx\/#\/schema\/logo\/image\/"},"sameAs":["https:\/\/instagram.com\/zeromagazinemx"]},{"@type":"Person","@id":"https:\/\/zeromagazine.mx\/#\/schema\/person\/9aed9f33a7c39af3a348b86d723f7773","name":"zeromagazinemx","image":{"@type":"ImageObject","inLanguage":"es","@id":"https:\/\/zeromagazine.mx\/wp-content\/litespeed\/avatar\/f91dfe5410d5dcb1a576bf8c45983896.jpg?ver=1777571230","url":"https:\/\/zeromagazine.mx\/wp-content\/litespeed\/avatar\/f91dfe5410d5dcb1a576bf8c45983896.jpg?ver=1777571230","contentUrl":"https:\/\/zeromagazine.mx\/wp-content\/litespeed\/avatar\/f91dfe5410d5dcb1a576bf8c45983896.jpg?ver=1777571230","caption":"zeromagazinemx"},"url":"https:\/\/zeromagazine.mx\/index.php\/author\/zeromagazinemx\/"}]}},"jetpack_publicize_connections":[],"jetpack_featured_media_url":"","jetpack-related-posts":[{"id":48086,"url":"https:\/\/zeromagazine.mx\/index.php\/2021\/06\/17\/entrevista-a-eduardo-trevino\/","url_meta":{"origin":71687,"position":0},"title":"Entrevista a Eduardo Trevi\u00f1o","author":"zeromagazinemx","date":"17 de junio de 2021","format":false,"excerpt":"Eduardo Trevi\u00f1o, actor y director de \u201cLa muestra de Cine Coahuila\u201d; nos viene a platicar un poco sobre su carrera de actuaci\u00f3n, donde sus \u00faltimas participaciones fueron en \u201cTe acuerdas de mi\u201d (Televisa) y Falsa Identidad 2 (Telemundo) y tambi\u00e9n nos cuenta sobre su \u201cWorkshop de Cine\u201d que se realizar\u00e1\u2026","rel":"","context":"En \u00abCine\u00bb","block_context":{"text":"Cine","link":"https:\/\/zeromagazine.mx\/index.php\/category\/entretenimiento\/cine\/"},"img":{"alt_text":"","src":"","width":0,"height":0},"classes":[]},{"id":76478,"url":"https:\/\/zeromagazine.mx\/index.php\/2024\/05\/24\/paola-villalobos-transformando-su-carrera\/","url_meta":{"origin":71687,"position":1},"title":"Paola Villalobos: Transformando su Carrera","author":"zeromagazinemx","date":"24 de mayo de 2024","format":false,"excerpt":"En esta ocasi\u00f3n tuvimos el honor de conocer platicar con la guap\u00edsima Paola Villalobos sobre los proyectos en puerta y su participaci\u00f3n en su m\u00e1s reciente trabajo en la temporada 9 de El se\u00f1or de los cielos. - \u00bfCu\u00e1les son tus proyectos nuevos que vas a tener? - Bueno ahorita,\u2026","rel":"","context":"En \u00abEntretenimiento\u00bb","block_context":{"text":"Entretenimiento","link":"https:\/\/zeromagazine.mx\/index.php\/category\/entretenimiento\/"},"img":{"alt_text":"","src":"https:\/\/i0.wp.com\/zeromagazine.mx\/wp-content\/uploads\/2024\/05\/image00063.jpg?fit=900%2C1200&ssl=1&resize=350%2C200","width":350,"height":200,"srcset":"https:\/\/i0.wp.com\/zeromagazine.mx\/wp-content\/uploads\/2024\/05\/image00063.jpg?fit=900%2C1200&ssl=1&resize=350%2C200 1x, https:\/\/i0.wp.com\/zeromagazine.mx\/wp-content\/uploads\/2024\/05\/image00063.jpg?fit=900%2C1200&ssl=1&resize=525%2C300 1.5x, https:\/\/i0.wp.com\/zeromagazine.mx\/wp-content\/uploads\/2024\/05\/image00063.jpg?fit=900%2C1200&ssl=1&resize=700%2C400 2x"},"classes":[]},{"id":49234,"url":"https:\/\/zeromagazine.mx\/index.php\/2021\/07\/02\/entrevista-con-carlos-cuevas\/","url_meta":{"origin":71687,"position":2},"title":"Entrevista con Carlos Cuevas","author":"zeromagazinemx","date":"2 de julio de 2021","format":false,"excerpt":"Poco a poco hemos visto c\u00f3mo se restablece la industria del entretenimiento y por supuesto los conciertos era algo que ya extra\u00f1\u00e1bamos. Carlos Cuevas est\u00e1 de regreso y nos platic\u00f3 que piensa antes de su presentaci\u00f3n en el sal\u00f3n La Maraka este 16 de julio. Por C\u00e9sar Palomares \u00bfQuieres saber\u2026","rel":"","context":"En \u00abEntretenimiento\u00bb","block_context":{"text":"Entretenimiento","link":"https:\/\/zeromagazine.mx\/index.php\/category\/entretenimiento\/"},"img":{"alt_text":"","src":"https:\/\/i0.wp.com\/zeromagazine.mx\/wp-content\/uploads\/2022\/02\/9dcaf-entrevista-con-carlos-cuevas-3.jpg?fit=960%2C959&ssl=1&resize=350%2C200","width":350,"height":200,"srcset":"https:\/\/i0.wp.com\/zeromagazine.mx\/wp-content\/uploads\/2022\/02\/9dcaf-entrevista-con-carlos-cuevas-3.jpg?fit=960%2C959&ssl=1&resize=350%2C200 1x, https:\/\/i0.wp.com\/zeromagazine.mx\/wp-content\/uploads\/2022\/02\/9dcaf-entrevista-con-carlos-cuevas-3.jpg?fit=960%2C959&ssl=1&resize=525%2C300 1.5x, https:\/\/i0.wp.com\/zeromagazine.mx\/wp-content\/uploads\/2022\/02\/9dcaf-entrevista-con-carlos-cuevas-3.jpg?fit=960%2C959&ssl=1&resize=700%2C400 2x"},"classes":[]},{"id":119623,"url":"https:\/\/zeromagazine.mx\/index.php\/2026\/04\/28\/elf-novelas-drama-belleza\/","url_meta":{"origin":71687,"position":3},"title":"e.l.f. convierte la telenovela en estrategia cultural","author":"zeromagazinemx","date":"28 de abril de 2026","format":false,"excerpt":"Entre l\u00e1grimas, glow ups y gui\u00f1os a la cultura pop, la marca entiende algo clave: hoy la belleza no se vende, se interpreta. El drama nunca se fue.Solo cambi\u00f3 de formato. Con el lanzamiento de e.l.f. novelas, e.l.f. Cosmetics vuelve a apostar por algo m\u00e1s interesante que una campa\u00f1a: una\u2026","rel":"","context":"En \u00abBeauty\u00bb","block_context":{"text":"Beauty","link":"https:\/\/zeromagazine.mx\/index.php\/category\/beauty\/"},"img":{"alt_text":"","src":"https:\/\/i0.wp.com\/zeromagazine.mx\/wp-content\/uploads\/2026\/04\/Gemini_Generated_Image_ju8o2eju8o2eju8o.png?fit=928%2C1152&ssl=1&resize=350%2C200","width":350,"height":200,"srcset":"https:\/\/i0.wp.com\/zeromagazine.mx\/wp-content\/uploads\/2026\/04\/Gemini_Generated_Image_ju8o2eju8o2eju8o.png?fit=928%2C1152&ssl=1&resize=350%2C200 1x, https:\/\/i0.wp.com\/zeromagazine.mx\/wp-content\/uploads\/2026\/04\/Gemini_Generated_Image_ju8o2eju8o2eju8o.png?fit=928%2C1152&ssl=1&resize=525%2C300 1.5x, https:\/\/i0.wp.com\/zeromagazine.mx\/wp-content\/uploads\/2026\/04\/Gemini_Generated_Image_ju8o2eju8o2eju8o.png?fit=928%2C1152&ssl=1&resize=700%2C400 2x"},"classes":[]},{"id":52925,"url":"https:\/\/zeromagazine.mx\/index.php\/2021\/08\/27\/gala-montes-una-gran-mujer-detras-de-sus-personajes-mas-sobresalientes-de-la-television-mexicana\/","url_meta":{"origin":71687,"position":4},"title":"Gala Montes una gran mujer detr\u00e1s de sus personajes m\u00e1s sobresalientes de la Televisi\u00f3n Mexicana.","author":"zeromagazinemx","date":"27 de agosto de 2021","format":false,"excerpt":"Ella es Gala Montes, actriz y cantante mexicana,\u00a0 su trayectoria comenz\u00f3 a los 6 a\u00f1os cuando particip\u00f3 en el Sitcom \u201cLa Ni\u00f1era\u201d versi\u00f3n mexicana, despu\u00e9s de esto sigui\u00f3 actuando en cortometrajes, teatro, pel\u00edculas, anuncios y comerciales. Su exitosa carrera sigui\u00f3 tras su participaci\u00f3n en excelentes proyectos como la telenovela \u201cEn\u2026","rel":"","context":"En \u00abEntrevistas\u00bb","block_context":{"text":"Entrevistas","link":"https:\/\/zeromagazine.mx\/index.php\/category\/entretenimiento\/entrevistas\/"},"img":{"alt_text":"","src":"","width":0,"height":0},"classes":[]},{"id":58278,"url":"https:\/\/zeromagazine.mx\/index.php\/2021\/11\/15\/sandra-echeverria-en-voces\/","url_meta":{"origin":71687,"position":5},"title":"Sandra Echeverr\u00eda en \u201cVOCES\u201d","author":"zeromagazinemx","date":"15 de noviembre de 2021","format":false,"excerpt":"Llega El Primer Documental De Empoderamiento Femenino En Latinoam\u00e9rica \u201cVoces\u201d A Trav\u00e9s De E! ENTERTAINMENT A partir de un experimento realizado con Inteligencia Artificial, en el que participaron m\u00e1s de 350 mujeres, este documental cuestiona los c\u00e1nones de la belleza actual en Latinoam\u00e9rica y plantea un cambio necesario en la\u2026","rel":"","context":"En \u00abEntretenimiento\u00bb","block_context":{"text":"Entretenimiento","link":"https:\/\/zeromagazine.mx\/index.php\/category\/entretenimiento\/"},"img":{"alt_text":"","src":"https:\/\/i0.wp.com\/zeromagazinemx.wpcomstaging.com\/wp-content\/uploads\/2022\/02\/96fa7-2.jpg_1-683x1024.jpg?resize=350%2C200&ssl=1","width":350,"height":200,"srcset":"https:\/\/i0.wp.com\/zeromagazinemx.wpcomstaging.com\/wp-content\/uploads\/2022\/02\/96fa7-2.jpg_1-683x1024.jpg?resize=350%2C200&ssl=1 1x, https:\/\/i0.wp.com\/zeromagazinemx.wpcomstaging.com\/wp-content\/uploads\/2022\/02\/96fa7-2.jpg_1-683x1024.jpg?resize=525%2C300&ssl=1 1.5x, https:\/\/i0.wp.com\/zeromagazinemx.wpcomstaging.com\/wp-content\/uploads\/2022\/02\/96fa7-2.jpg_1-683x1024.jpg?resize=700%2C400&ssl=1 2x"},"classes":[]}],"jetpack_sharing_enabled":true,"builder_content":"","_links":{"self":[{"href":"https:\/\/zeromagazine.mx\/index.php\/wp-json\/wp\/v2\/posts\/71687","targetHints":{"allow":["GET"]}}],"collection":[{"href":"https:\/\/zeromagazine.mx\/index.php\/wp-json\/wp\/v2\/posts"}],"about":[{"href":"https:\/\/zeromagazine.mx\/index.php\/wp-json\/wp\/v2\/types\/post"}],"author":[{"embeddable":true,"href":"https:\/\/zeromagazine.mx\/index.php\/wp-json\/wp\/v2\/users\/2"}],"replies":[{"embeddable":true,"href":"https:\/\/zeromagazine.mx\/index.php\/wp-json\/wp\/v2\/comments?post=71687"}],"version-history":[{"count":11,"href":"https:\/\/zeromagazine.mx\/index.php\/wp-json\/wp\/v2\/posts\/71687\/revisions"}],"predecessor-version":[{"id":71700,"href":"https:\/\/zeromagazine.mx\/index.php\/wp-json\/wp\/v2\/posts\/71687\/revisions\/71700"}],"wp:attachment":[{"href":"https:\/\/zeromagazine.mx\/index.php\/wp-json\/wp\/v2\/media?parent=71687"}],"wp:term":[{"taxonomy":"category","embeddable":true,"href":"https:\/\/zeromagazine.mx\/index.php\/wp-json\/wp\/v2\/categories?post=71687"},{"taxonomy":"post_tag","embeddable":true,"href":"https:\/\/zeromagazine.mx\/index.php\/wp-json\/wp\/v2\/tags?post=71687"}],"curies":[{"name":"wp","href":"https:\/\/api.w.org\/{rel}","templated":true}]}}