{"id":71788,"date":"2024-03-12T16:51:53","date_gmt":"2024-03-12T15:51:53","guid":{"rendered":"https:\/\/zeromagazine.mx\/?p=71788"},"modified":"2024-03-12T17:11:18","modified_gmt":"2024-03-12T16:11:18","slug":"polo-nandez-y-mar-lucas-exploran-la-dualidad-del-amor-en-parte-de-mi-con-pop-electronico","status":"publish","type":"post","link":"https:\/\/zeromagazine.mx\/index.php\/2024\/03\/12\/polo-nandez-y-mar-lucas-exploran-la-dualidad-del-amor-en-parte-de-mi-con-pop-electronico\/","title":{"rendered":"Polo N\u00e1ndez y Mar Lucas exploran la dualidad del amor en \u00abParte de M\u00ed\u00bb con pop electr\u00f3nico"},"content":{"rendered":"<p>Hoy quiero hablarles sobre una colaboraci\u00f3n que est\u00e1 dando mucho de qu\u00e9 hablar en el mundo de la m\u00fasica. Se trata de \u00abParte de M\u00ed\u00bb, la nueva canci\u00f3n de Polo N\u00e1ndez y Mar Lucas. Este tema, que combina el inconfundible estilo musical de Polo con la potente voz de Mar, nos sumerge en un viaje emocional a trav\u00e9s del pop electr\u00f3nico que no podemos perdernos.<\/p>\n\n\n\n<p>Ahora, hablemos un poco sobre la letra de esta canci\u00f3n. Polo y Mar nos invitan a explorar la dualidad del amor, ese sentimiento que puede ser tan maravilloso como confuso. A trav\u00e9s de cada estrofa, nos sumergen en la incertidumbre de una relaci\u00f3n que quiz\u00e1s no sea lo que esper\u00e1bamos, pero a la que nos aferramos con fuerza.<\/p>\n\n\n\n<script async src=\"https:\/\/pagead2.googlesyndication.com\/pagead\/js\/adsbygoogle.js?client=ca-pub-5499304793904745\"\n     crossorigin=\"anonymous\"><\/script>\n<ins class=\"adsbygoogle\"\n     style=\"display:block; text-align:center;\"\n     data-ad-layout=\"in-article\"\n     data-ad-format=\"fluid\"\n     data-ad-client=\"ca-pub-5499304793904745\"\n     data-ad-slot=\"5994863093\"><\/ins>\n<script>\n     (adsbygoogle = window.adsbygoogle || []).push({});\n<\/script>\n\n\n\n<p>Y no puedo dejar de mencionar el v\u00eddeo musical que acompa\u00f1a a \u00abParte de M\u00ed\u00bb. Dirigido por Pablo Tuch\u00e9, nos presenta una historia conectada por el legendario hilo rojo, esa fuerza que une a dos personas destinadas a amarse. Es una dimensi\u00f3n visual que complementa perfectamente la emotividad de la canci\u00f3n.<\/p>\n\n\n<div class=\"wp-block-image\">\n<figure class=\"aligncenter size-full\"><img data-recalc-dims=\"1\" decoding=\"async\" width=\"798\" height=\"529\" src=\"https:\/\/i0.wp.com\/zeromagazine.mx\/wp-content\/uploads\/2024\/03\/Captura-de-pantalla-518.png?resize=798%2C529&#038;ssl=1\" alt=\"\" class=\"wp-image-71789\" srcset=\"https:\/\/i0.wp.com\/zeromagazine.mx\/wp-content\/uploads\/2024\/03\/Captura-de-pantalla-518.png?w=798&amp;ssl=1 798w, https:\/\/i0.wp.com\/zeromagazine.mx\/wp-content\/uploads\/2024\/03\/Captura-de-pantalla-518.png?resize=300%2C199&amp;ssl=1 300w, https:\/\/i0.wp.com\/zeromagazine.mx\/wp-content\/uploads\/2024\/03\/Captura-de-pantalla-518.png?resize=768%2C509&amp;ssl=1 768w\" sizes=\"(max-width: 798px) 100vw, 798px\" \/><\/figure>\n<\/div>\n\n\n<p><\/p>\n\n\n\n<p>Polo N\u00e1ndez anunci\u00f3 recientemente su &#8216;Parte de M\u00ed Tour&#8217;, que promete ser una experiencia inolvidable. Con tres paradas en Madrid, Le\u00f3n y Barcelona, esta gira nos ofrece la oportunidad de disfrutar su m\u00fasica en vivo y en directo. \u00a1No se lo pueden perder!<\/p>\n\n\n\n<p>Y hablando un poco sobre la trayectoria de Polo N\u00e1ndez, no podemos ignorar su incre\u00edble historia en la m\u00fasica. Desde que una lesi\u00f3n lo alej\u00f3 del f\u00fatbol a los 8 a\u00f1os, ha estado contando su historia a trav\u00e9s de sus letras. Influenciado por grandes del pop como Alejandro Sanz y David Bisbal, ha encontrado su propio estilo que ahora nos muestra en su &#8216;Parte de M\u00ed Tour&#8217;.<\/p>\n\n\n\n<script async src=\"https:\/\/pagead2.googlesyndication.com\/pagead\/js\/adsbygoogle.js?client=ca-pub-5499304793904745\"\n     crossorigin=\"anonymous\"><\/script>\n<ins class=\"adsbygoogle\"\n     style=\"display:block; text-align:center;\"\n     data-ad-layout=\"in-article\"\n     data-ad-format=\"fluid\"\n     data-ad-client=\"ca-pub-5499304793904745\"\n     data-ad-slot=\"5994863093\"><\/ins>\n<script>\n     (adsbygoogle = window.adsbygoogle || []).push({});\n<\/script>\n\n\n\n<p>\u00abParte de M\u00ed\u00bb es mucho m\u00e1s que una simple canci\u00f3n. Es una experiencia emocionante que nos invita a reflexionar sobre el amor y la incertidumbre. Polo N\u00e1ndez y Mar Lucas nos llevan en un viaje lleno de emociones a trav\u00e9s de su m\u00fasica, y no puedo estar m\u00e1s emocionade de formar parte de este viaje junto a ustedes. <\/p>\n\n\n\n<script async src=\"https:\/\/pagead2.googlesyndication.com\/pagead\/js\/adsbygoogle.js?client=ca-pub-5499304793904745\"\n     crossorigin=\"anonymous\"><\/script>\n<ins class=\"adsbygoogle\"\n     style=\"display:block; text-align:center;\"\n     data-ad-layout=\"in-article\"\n     data-ad-format=\"fluid\"\n     data-ad-client=\"ca-pub-5499304793904745\"\n     data-ad-slot=\"5994863093\"><\/ins>\n<script>\n     (adsbygoogle = window.adsbygoogle || []).push({});\n<\/script>\n\n<!--themify_builder_content-->\n<div id=\"themify_builder_content-71788\" data-postid=\"71788\" class=\"themify_builder_content themify_builder_content-71788 themify_builder tf_clear\">\n    <\/div>\n<!--\/themify_builder_content-->","protected":false},"excerpt":{"rendered":"<p>Hoy quiero hablarles sobre una colaboraci\u00f3n que est\u00e1 dando mucho de qu\u00e9 hablar en el mundo de la m\u00fasica. Se trata de \u00abParte de M\u00ed\u00bb, la nueva canci\u00f3n de Polo N\u00e1ndez y Mar Lucas. Este tema, que combina el inconfundible estilo musical de Polo con la potente voz de Mar, nos sumerge en un viaje [&hellip;]<\/p>\n","protected":false},"author":2,"featured_media":71790,"comment_status":"open","ping_status":"open","sticky":false,"template":"","format":"standard","meta":{"_jetpack_memberships_contains_paid_content":false,"footnotes":"","jetpack_publicize_message":"","jetpack_publicize_feature_enabled":true,"jetpack_social_post_already_shared":false,"jetpack_social_options":{"image_generator_settings":{"template":"highway","default_image_id":0,"font":"","enabled":false},"version":2}},"categories":[1],"tags":[7226,7227,7225,7228],"class_list":["post-71788","post","type-post","status-publish","format-standard","has-post-thumbnail","hentry","category-blog","tag-mar-lucas","tag-parte-de-mi","tag-polo-nandez","tag-pop-electronico","has-post-title","has-post-date","has-post-category","has-post-tag","has-post-comment","has-post-author",""],"yoast_head":"<!-- This site is optimized with the Yoast SEO plugin v27.4 - https:\/\/yoast.com\/product\/yoast-seo-wordpress\/ -->\n<title>Polo N\u00e1ndez y Mar Lucas exploran la dualidad del amor en &quot;Parte de M\u00ed&quot; con pop electr\u00f3nico - Zero Magazine<\/title>\n<meta name=\"robots\" content=\"index, follow, max-snippet:-1, max-image-preview:large, max-video-preview:-1\" \/>\n<link rel=\"canonical\" href=\"https:\/\/zeromagazine.mx\/index.php\/2024\/03\/12\/polo-nandez-y-mar-lucas-exploran-la-dualidad-del-amor-en-parte-de-mi-con-pop-electronico\/\" \/>\n<meta property=\"og:locale\" content=\"es_ES\" \/>\n<meta property=\"og:type\" content=\"article\" \/>\n<meta property=\"og:title\" content=\"Polo N\u00e1ndez y Mar Lucas exploran la dualidad del amor en &quot;Parte de M\u00ed&quot; con pop electr\u00f3nico - Zero Magazine\" \/>\n<meta property=\"og:description\" content=\"Hoy quiero hablarles sobre una colaboraci\u00f3n que est\u00e1 dando mucho de qu\u00e9 hablar en el mundo de la m\u00fasica. Se trata de \u00abParte de M\u00ed\u00bb, la nueva canci\u00f3n de Polo N\u00e1ndez y Mar Lucas. Este tema, que combina el inconfundible estilo musical de Polo con la potente voz de Mar, nos sumerge en un viaje [&hellip;]\" \/>\n<meta property=\"og:url\" content=\"https:\/\/zeromagazine.mx\/index.php\/2024\/03\/12\/polo-nandez-y-mar-lucas-exploran-la-dualidad-del-amor-en-parte-de-mi-con-pop-electronico\/\" \/>\n<meta property=\"og:site_name\" content=\"Zero Magazine\" \/>\n<meta property=\"article:published_time\" content=\"2024-03-12T15:51:53+00:00\" \/>\n<meta property=\"article:modified_time\" content=\"2024-03-12T16:11:18+00:00\" \/>\n<meta property=\"og:image\" content=\"https:\/\/i0.wp.com\/zeromagazine.mx\/wp-content\/uploads\/2024\/03\/Captura-de-pantalla-517.png?fit=532%2C528&ssl=1\" \/>\n\t<meta property=\"og:image:width\" content=\"532\" \/>\n\t<meta property=\"og:image:height\" content=\"528\" \/>\n\t<meta property=\"og:image:type\" content=\"image\/png\" \/>\n<meta name=\"author\" content=\"zeromagazinemx\" \/>\n<meta name=\"twitter:card\" content=\"summary_large_image\" \/>\n<meta name=\"twitter:label1\" content=\"Escrito por\" \/>\n\t<meta name=\"twitter:data1\" content=\"zeromagazinemx\" \/>\n\t<meta name=\"twitter:label2\" content=\"Tiempo de lectura\" \/>\n\t<meta name=\"twitter:data2\" content=\"2 minutos\" \/>\n<script type=\"application\/ld+json\" class=\"yoast-schema-graph\">{\"@context\":\"https:\\\/\\\/schema.org\",\"@graph\":[{\"@type\":\"Article\",\"@id\":\"https:\\\/\\\/zeromagazine.mx\\\/index.php\\\/2024\\\/03\\\/12\\\/polo-nandez-y-mar-lucas-exploran-la-dualidad-del-amor-en-parte-de-mi-con-pop-electronico\\\/#article\",\"isPartOf\":{\"@id\":\"https:\\\/\\\/zeromagazine.mx\\\/index.php\\\/2024\\\/03\\\/12\\\/polo-nandez-y-mar-lucas-exploran-la-dualidad-del-amor-en-parte-de-mi-con-pop-electronico\\\/\"},\"author\":{\"name\":\"zeromagazinemx\",\"@id\":\"https:\\\/\\\/zeromagazine.mx\\\/#\\\/schema\\\/person\\\/9aed9f33a7c39af3a348b86d723f7773\"},\"headline\":\"Polo N\u00e1ndez y Mar Lucas exploran la dualidad del amor en \u00abParte de M\u00ed\u00bb con pop electr\u00f3nico\",\"datePublished\":\"2024-03-12T15:51:53+00:00\",\"dateModified\":\"2024-03-12T16:11:18+00:00\",\"mainEntityOfPage\":{\"@id\":\"https:\\\/\\\/zeromagazine.mx\\\/index.php\\\/2024\\\/03\\\/12\\\/polo-nandez-y-mar-lucas-exploran-la-dualidad-del-amor-en-parte-de-mi-con-pop-electronico\\\/\"},\"wordCount\":391,\"commentCount\":0,\"publisher\":{\"@id\":\"https:\\\/\\\/zeromagazine.mx\\\/#organization\"},\"image\":{\"@id\":\"https:\\\/\\\/zeromagazine.mx\\\/index.php\\\/2024\\\/03\\\/12\\\/polo-nandez-y-mar-lucas-exploran-la-dualidad-del-amor-en-parte-de-mi-con-pop-electronico\\\/#primaryimage\"},\"thumbnailUrl\":\"https:\\\/\\\/i0.wp.com\\\/zeromagazine.mx\\\/wp-content\\\/uploads\\\/2024\\\/03\\\/Captura-de-pantalla-517.png?fit=532%2C528&ssl=1\",\"keywords\":[\"Mar Lucas\",\"Parte de M\u00ed\",\"Polo N\u00e1ndez\",\"Pop electr\u00f3nico\"],\"articleSection\":[\"Blog\"],\"inLanguage\":\"es\",\"potentialAction\":[{\"@type\":\"CommentAction\",\"name\":\"Comment\",\"target\":[\"https:\\\/\\\/zeromagazine.mx\\\/index.php\\\/2024\\\/03\\\/12\\\/polo-nandez-y-mar-lucas-exploran-la-dualidad-del-amor-en-parte-de-mi-con-pop-electronico\\\/#respond\"]}]},{\"@type\":\"WebPage\",\"@id\":\"https:\\\/\\\/zeromagazine.mx\\\/index.php\\\/2024\\\/03\\\/12\\\/polo-nandez-y-mar-lucas-exploran-la-dualidad-del-amor-en-parte-de-mi-con-pop-electronico\\\/\",\"url\":\"https:\\\/\\\/zeromagazine.mx\\\/index.php\\\/2024\\\/03\\\/12\\\/polo-nandez-y-mar-lucas-exploran-la-dualidad-del-amor-en-parte-de-mi-con-pop-electronico\\\/\",\"name\":\"Polo N\u00e1ndez y Mar Lucas exploran la dualidad del amor en \\\"Parte de M\u00ed\\\" con pop electr\u00f3nico - Zero Magazine\",\"isPartOf\":{\"@id\":\"https:\\\/\\\/zeromagazine.mx\\\/#website\"},\"primaryImageOfPage\":{\"@id\":\"https:\\\/\\\/zeromagazine.mx\\\/index.php\\\/2024\\\/03\\\/12\\\/polo-nandez-y-mar-lucas-exploran-la-dualidad-del-amor-en-parte-de-mi-con-pop-electronico\\\/#primaryimage\"},\"image\":{\"@id\":\"https:\\\/\\\/zeromagazine.mx\\\/index.php\\\/2024\\\/03\\\/12\\\/polo-nandez-y-mar-lucas-exploran-la-dualidad-del-amor-en-parte-de-mi-con-pop-electronico\\\/#primaryimage\"},\"thumbnailUrl\":\"https:\\\/\\\/i0.wp.com\\\/zeromagazine.mx\\\/wp-content\\\/uploads\\\/2024\\\/03\\\/Captura-de-pantalla-517.png?fit=532%2C528&ssl=1\",\"datePublished\":\"2024-03-12T15:51:53+00:00\",\"dateModified\":\"2024-03-12T16:11:18+00:00\",\"breadcrumb\":{\"@id\":\"https:\\\/\\\/zeromagazine.mx\\\/index.php\\\/2024\\\/03\\\/12\\\/polo-nandez-y-mar-lucas-exploran-la-dualidad-del-amor-en-parte-de-mi-con-pop-electronico\\\/#breadcrumb\"},\"inLanguage\":\"es\",\"potentialAction\":[{\"@type\":\"ReadAction\",\"target\":[\"https:\\\/\\\/zeromagazine.mx\\\/index.php\\\/2024\\\/03\\\/12\\\/polo-nandez-y-mar-lucas-exploran-la-dualidad-del-amor-en-parte-de-mi-con-pop-electronico\\\/\"]}]},{\"@type\":\"ImageObject\",\"inLanguage\":\"es\",\"@id\":\"https:\\\/\\\/zeromagazine.mx\\\/index.php\\\/2024\\\/03\\\/12\\\/polo-nandez-y-mar-lucas-exploran-la-dualidad-del-amor-en-parte-de-mi-con-pop-electronico\\\/#primaryimage\",\"url\":\"https:\\\/\\\/i0.wp.com\\\/zeromagazine.mx\\\/wp-content\\\/uploads\\\/2024\\\/03\\\/Captura-de-pantalla-517.png?fit=532%2C528&ssl=1\",\"contentUrl\":\"https:\\\/\\\/i0.wp.com\\\/zeromagazine.mx\\\/wp-content\\\/uploads\\\/2024\\\/03\\\/Captura-de-pantalla-517.png?fit=532%2C528&ssl=1\",\"width\":532,\"height\":528},{\"@type\":\"BreadcrumbList\",\"@id\":\"https:\\\/\\\/zeromagazine.mx\\\/index.php\\\/2024\\\/03\\\/12\\\/polo-nandez-y-mar-lucas-exploran-la-dualidad-del-amor-en-parte-de-mi-con-pop-electronico\\\/#breadcrumb\",\"itemListElement\":[{\"@type\":\"ListItem\",\"position\":1,\"name\":\"Portada\",\"item\":\"https:\\\/\\\/zeromagazine.mx\\\/\"},{\"@type\":\"ListItem\",\"position\":2,\"name\":\"Polo N\u00e1ndez y Mar Lucas exploran la dualidad del amor en \u00abParte de M\u00ed\u00bb con pop electr\u00f3nico\"}]},{\"@type\":\"WebSite\",\"@id\":\"https:\\\/\\\/zeromagazine.mx\\\/#website\",\"url\":\"https:\\\/\\\/zeromagazine.mx\\\/\",\"name\":\"Zero Magazine\",\"description\":\"\",\"publisher\":{\"@id\":\"https:\\\/\\\/zeromagazine.mx\\\/#organization\"},\"potentialAction\":[{\"@type\":\"SearchAction\",\"target\":{\"@type\":\"EntryPoint\",\"urlTemplate\":\"https:\\\/\\\/zeromagazine.mx\\\/?s={search_term_string}\"},\"query-input\":{\"@type\":\"PropertyValueSpecification\",\"valueRequired\":true,\"valueName\":\"search_term_string\"}}],\"inLanguage\":\"es\"},{\"@type\":\"Organization\",\"@id\":\"https:\\\/\\\/zeromagazine.mx\\\/#organization\",\"name\":\"Zero Magazine\",\"url\":\"https:\\\/\\\/zeromagazine.mx\\\/\",\"logo\":{\"@type\":\"ImageObject\",\"inLanguage\":\"es\",\"@id\":\"https:\\\/\\\/zeromagazine.mx\\\/#\\\/schema\\\/logo\\\/image\\\/\",\"url\":\"https:\\\/\\\/i0.wp.com\\\/zeromagazine.mx\\\/wp-content\\\/uploads\\\/2025\\\/11\\\/1.jpeg?fit=1000%2C1000&ssl=1\",\"contentUrl\":\"https:\\\/\\\/i0.wp.com\\\/zeromagazine.mx\\\/wp-content\\\/uploads\\\/2025\\\/11\\\/1.jpeg?fit=1000%2C1000&ssl=1\",\"width\":1000,\"height\":1000,\"caption\":\"Zero Magazine\"},\"image\":{\"@id\":\"https:\\\/\\\/zeromagazine.mx\\\/#\\\/schema\\\/logo\\\/image\\\/\"},\"sameAs\":[\"https:\\\/\\\/instagram.com\\\/zeromagazinemx\"]},{\"@type\":\"Person\",\"@id\":\"https:\\\/\\\/zeromagazine.mx\\\/#\\\/schema\\\/person\\\/9aed9f33a7c39af3a348b86d723f7773\",\"name\":\"zeromagazinemx\",\"image\":{\"@type\":\"ImageObject\",\"inLanguage\":\"es\",\"@id\":\"https:\\\/\\\/zeromagazine.mx\\\/wp-content\\\/litespeed\\\/avatar\\\/f91dfe5410d5dcb1a576bf8c45983896.jpg?ver=1776966396\",\"url\":\"https:\\\/\\\/zeromagazine.mx\\\/wp-content\\\/litespeed\\\/avatar\\\/f91dfe5410d5dcb1a576bf8c45983896.jpg?ver=1776966396\",\"contentUrl\":\"https:\\\/\\\/zeromagazine.mx\\\/wp-content\\\/litespeed\\\/avatar\\\/f91dfe5410d5dcb1a576bf8c45983896.jpg?ver=1776966396\",\"caption\":\"zeromagazinemx\"},\"url\":\"https:\\\/\\\/zeromagazine.mx\\\/index.php\\\/author\\\/zeromagazinemx\\\/\"}]}<\/script>\n<!-- \/ Yoast SEO plugin. -->","yoast_head_json":{"title":"Polo N\u00e1ndez y Mar Lucas exploran la dualidad del amor en \"Parte de M\u00ed\" con pop electr\u00f3nico - Zero Magazine","robots":{"index":"index","follow":"follow","max-snippet":"max-snippet:-1","max-image-preview":"max-image-preview:large","max-video-preview":"max-video-preview:-1"},"canonical":"https:\/\/zeromagazine.mx\/index.php\/2024\/03\/12\/polo-nandez-y-mar-lucas-exploran-la-dualidad-del-amor-en-parte-de-mi-con-pop-electronico\/","og_locale":"es_ES","og_type":"article","og_title":"Polo N\u00e1ndez y Mar Lucas exploran la dualidad del amor en \"Parte de M\u00ed\" con pop electr\u00f3nico - Zero Magazine","og_description":"Hoy quiero hablarles sobre una colaboraci\u00f3n que est\u00e1 dando mucho de qu\u00e9 hablar en el mundo de la m\u00fasica. Se trata de \u00abParte de M\u00ed\u00bb, la nueva canci\u00f3n de Polo N\u00e1ndez y Mar Lucas. Este tema, que combina el inconfundible estilo musical de Polo con la potente voz de Mar, nos sumerge en un viaje [&hellip;]","og_url":"https:\/\/zeromagazine.mx\/index.php\/2024\/03\/12\/polo-nandez-y-mar-lucas-exploran-la-dualidad-del-amor-en-parte-de-mi-con-pop-electronico\/","og_site_name":"Zero Magazine","article_published_time":"2024-03-12T15:51:53+00:00","article_modified_time":"2024-03-12T16:11:18+00:00","og_image":[{"width":532,"height":528,"url":"https:\/\/i0.wp.com\/zeromagazine.mx\/wp-content\/uploads\/2024\/03\/Captura-de-pantalla-517.png?fit=532%2C528&ssl=1","type":"image\/png"}],"author":"zeromagazinemx","twitter_card":"summary_large_image","twitter_misc":{"Escrito por":"zeromagazinemx","Tiempo de lectura":"2 minutos"},"schema":{"@context":"https:\/\/schema.org","@graph":[{"@type":"Article","@id":"https:\/\/zeromagazine.mx\/index.php\/2024\/03\/12\/polo-nandez-y-mar-lucas-exploran-la-dualidad-del-amor-en-parte-de-mi-con-pop-electronico\/#article","isPartOf":{"@id":"https:\/\/zeromagazine.mx\/index.php\/2024\/03\/12\/polo-nandez-y-mar-lucas-exploran-la-dualidad-del-amor-en-parte-de-mi-con-pop-electronico\/"},"author":{"name":"zeromagazinemx","@id":"https:\/\/zeromagazine.mx\/#\/schema\/person\/9aed9f33a7c39af3a348b86d723f7773"},"headline":"Polo N\u00e1ndez y Mar Lucas exploran la dualidad del amor en \u00abParte de M\u00ed\u00bb con pop electr\u00f3nico","datePublished":"2024-03-12T15:51:53+00:00","dateModified":"2024-03-12T16:11:18+00:00","mainEntityOfPage":{"@id":"https:\/\/zeromagazine.mx\/index.php\/2024\/03\/12\/polo-nandez-y-mar-lucas-exploran-la-dualidad-del-amor-en-parte-de-mi-con-pop-electronico\/"},"wordCount":391,"commentCount":0,"publisher":{"@id":"https:\/\/zeromagazine.mx\/#organization"},"image":{"@id":"https:\/\/zeromagazine.mx\/index.php\/2024\/03\/12\/polo-nandez-y-mar-lucas-exploran-la-dualidad-del-amor-en-parte-de-mi-con-pop-electronico\/#primaryimage"},"thumbnailUrl":"https:\/\/i0.wp.com\/zeromagazine.mx\/wp-content\/uploads\/2024\/03\/Captura-de-pantalla-517.png?fit=532%2C528&ssl=1","keywords":["Mar Lucas","Parte de M\u00ed","Polo N\u00e1ndez","Pop electr\u00f3nico"],"articleSection":["Blog"],"inLanguage":"es","potentialAction":[{"@type":"CommentAction","name":"Comment","target":["https:\/\/zeromagazine.mx\/index.php\/2024\/03\/12\/polo-nandez-y-mar-lucas-exploran-la-dualidad-del-amor-en-parte-de-mi-con-pop-electronico\/#respond"]}]},{"@type":"WebPage","@id":"https:\/\/zeromagazine.mx\/index.php\/2024\/03\/12\/polo-nandez-y-mar-lucas-exploran-la-dualidad-del-amor-en-parte-de-mi-con-pop-electronico\/","url":"https:\/\/zeromagazine.mx\/index.php\/2024\/03\/12\/polo-nandez-y-mar-lucas-exploran-la-dualidad-del-amor-en-parte-de-mi-con-pop-electronico\/","name":"Polo N\u00e1ndez y Mar Lucas exploran la dualidad del amor en \"Parte de M\u00ed\" con pop electr\u00f3nico - Zero Magazine","isPartOf":{"@id":"https:\/\/zeromagazine.mx\/#website"},"primaryImageOfPage":{"@id":"https:\/\/zeromagazine.mx\/index.php\/2024\/03\/12\/polo-nandez-y-mar-lucas-exploran-la-dualidad-del-amor-en-parte-de-mi-con-pop-electronico\/#primaryimage"},"image":{"@id":"https:\/\/zeromagazine.mx\/index.php\/2024\/03\/12\/polo-nandez-y-mar-lucas-exploran-la-dualidad-del-amor-en-parte-de-mi-con-pop-electronico\/#primaryimage"},"thumbnailUrl":"https:\/\/i0.wp.com\/zeromagazine.mx\/wp-content\/uploads\/2024\/03\/Captura-de-pantalla-517.png?fit=532%2C528&ssl=1","datePublished":"2024-03-12T15:51:53+00:00","dateModified":"2024-03-12T16:11:18+00:00","breadcrumb":{"@id":"https:\/\/zeromagazine.mx\/index.php\/2024\/03\/12\/polo-nandez-y-mar-lucas-exploran-la-dualidad-del-amor-en-parte-de-mi-con-pop-electronico\/#breadcrumb"},"inLanguage":"es","potentialAction":[{"@type":"ReadAction","target":["https:\/\/zeromagazine.mx\/index.php\/2024\/03\/12\/polo-nandez-y-mar-lucas-exploran-la-dualidad-del-amor-en-parte-de-mi-con-pop-electronico\/"]}]},{"@type":"ImageObject","inLanguage":"es","@id":"https:\/\/zeromagazine.mx\/index.php\/2024\/03\/12\/polo-nandez-y-mar-lucas-exploran-la-dualidad-del-amor-en-parte-de-mi-con-pop-electronico\/#primaryimage","url":"https:\/\/i0.wp.com\/zeromagazine.mx\/wp-content\/uploads\/2024\/03\/Captura-de-pantalla-517.png?fit=532%2C528&ssl=1","contentUrl":"https:\/\/i0.wp.com\/zeromagazine.mx\/wp-content\/uploads\/2024\/03\/Captura-de-pantalla-517.png?fit=532%2C528&ssl=1","width":532,"height":528},{"@type":"BreadcrumbList","@id":"https:\/\/zeromagazine.mx\/index.php\/2024\/03\/12\/polo-nandez-y-mar-lucas-exploran-la-dualidad-del-amor-en-parte-de-mi-con-pop-electronico\/#breadcrumb","itemListElement":[{"@type":"ListItem","position":1,"name":"Portada","item":"https:\/\/zeromagazine.mx\/"},{"@type":"ListItem","position":2,"name":"Polo N\u00e1ndez y Mar Lucas exploran la dualidad del amor en \u00abParte de M\u00ed\u00bb con pop electr\u00f3nico"}]},{"@type":"WebSite","@id":"https:\/\/zeromagazine.mx\/#website","url":"https:\/\/zeromagazine.mx\/","name":"Zero Magazine","description":"","publisher":{"@id":"https:\/\/zeromagazine.mx\/#organization"},"potentialAction":[{"@type":"SearchAction","target":{"@type":"EntryPoint","urlTemplate":"https:\/\/zeromagazine.mx\/?s={search_term_string}"},"query-input":{"@type":"PropertyValueSpecification","valueRequired":true,"valueName":"search_term_string"}}],"inLanguage":"es"},{"@type":"Organization","@id":"https:\/\/zeromagazine.mx\/#organization","name":"Zero Magazine","url":"https:\/\/zeromagazine.mx\/","logo":{"@type":"ImageObject","inLanguage":"es","@id":"https:\/\/zeromagazine.mx\/#\/schema\/logo\/image\/","url":"https:\/\/i0.wp.com\/zeromagazine.mx\/wp-content\/uploads\/2025\/11\/1.jpeg?fit=1000%2C1000&ssl=1","contentUrl":"https:\/\/i0.wp.com\/zeromagazine.mx\/wp-content\/uploads\/2025\/11\/1.jpeg?fit=1000%2C1000&ssl=1","width":1000,"height":1000,"caption":"Zero Magazine"},"image":{"@id":"https:\/\/zeromagazine.mx\/#\/schema\/logo\/image\/"},"sameAs":["https:\/\/instagram.com\/zeromagazinemx"]},{"@type":"Person","@id":"https:\/\/zeromagazine.mx\/#\/schema\/person\/9aed9f33a7c39af3a348b86d723f7773","name":"zeromagazinemx","image":{"@type":"ImageObject","inLanguage":"es","@id":"https:\/\/zeromagazine.mx\/wp-content\/litespeed\/avatar\/f91dfe5410d5dcb1a576bf8c45983896.jpg?ver=1776966396","url":"https:\/\/zeromagazine.mx\/wp-content\/litespeed\/avatar\/f91dfe5410d5dcb1a576bf8c45983896.jpg?ver=1776966396","contentUrl":"https:\/\/zeromagazine.mx\/wp-content\/litespeed\/avatar\/f91dfe5410d5dcb1a576bf8c45983896.jpg?ver=1776966396","caption":"zeromagazinemx"},"url":"https:\/\/zeromagazine.mx\/index.php\/author\/zeromagazinemx\/"}]}},"jetpack_publicize_connections":[],"jetpack_featured_media_url":"https:\/\/i0.wp.com\/zeromagazine.mx\/wp-content\/uploads\/2024\/03\/Captura-de-pantalla-517.png?fit=532%2C528&ssl=1","jetpack-related-posts":[{"id":103858,"url":"https:\/\/zeromagazine.mx\/index.php\/2025\/05\/13\/mar-sordo-de-promesa-juvenil-a-protagonista-consolidada\/","url_meta":{"origin":71788,"position":0},"title":"Mar Sordo de promesa juvenil a protagonista consolidada","author":"David Morales","date":"13 de mayo de 2025","format":false,"excerpt":"Mar Sordo es una actriz en ascenso que ha demostrado su versatilidad en producciones como Te quiero y me duele, Isla Brava y Mujeres Asesinas. Con proyectos nuevos como Polen y una agenda en constante crecimiento, hablamos con ella sobre su proceso actoral, sus retos m\u00e1s recientes y hacia d\u00f3nde\u2026","rel":"","context":"En \u00abCultura\u00bb","block_context":{"text":"Cultura","link":"https:\/\/zeromagazine.mx\/index.php\/category\/cultura\/"},"img":{"alt_text":"","src":"https:\/\/i0.wp.com\/zeromagazine.mx\/wp-content\/uploads\/2025\/05\/Mar-1.jpeg?fit=878%2C1200&ssl=1&resize=350%2C200","width":350,"height":200,"srcset":"https:\/\/i0.wp.com\/zeromagazine.mx\/wp-content\/uploads\/2025\/05\/Mar-1.jpeg?fit=878%2C1200&ssl=1&resize=350%2C200 1x, https:\/\/i0.wp.com\/zeromagazine.mx\/wp-content\/uploads\/2025\/05\/Mar-1.jpeg?fit=878%2C1200&ssl=1&resize=525%2C300 1.5x, https:\/\/i0.wp.com\/zeromagazine.mx\/wp-content\/uploads\/2025\/05\/Mar-1.jpeg?fit=878%2C1200&ssl=1&resize=700%2C400 2x"},"classes":[]},{"id":81842,"url":"https:\/\/zeromagazine.mx\/index.php\/2024\/08\/14\/sangre-amores-prohibidos-y-dark-pop\/","url_meta":{"origin":71788,"position":1},"title":"\u00abSangre: Amores Prohibidos y Dark Pop\u00bb","author":"zeromagazinemx","date":"14 de agosto de 2024","format":false,"excerpt":"\u00a1Hola a tod@s!, esta semana le contamos un poco sobre el artista,\u00a0que nos tiene fascinados con su estilo musical, acaba de lanzar un sencillo que est\u00e1 literal\u00a0fuera de este mundo. \u201cSangre\u201d es el nombre del track y es todo lo que necesitas para entrar en ese mood de vampiros, romance\u2026","rel":"","context":"En \u00abBlog\u00bb","block_context":{"text":"Blog","link":"https:\/\/zeromagazine.mx\/index.php\/category\/blog\/"},"img":{"alt_text":"","src":"https:\/\/i0.wp.com\/zeromagazine.mx\/wp-content\/uploads\/2024\/08\/CHITU-SANGRE-06-scaled.jpg?fit=995%2C1200&ssl=1&resize=350%2C200","width":350,"height":200,"srcset":"https:\/\/i0.wp.com\/zeromagazine.mx\/wp-content\/uploads\/2024\/08\/CHITU-SANGRE-06-scaled.jpg?fit=995%2C1200&ssl=1&resize=350%2C200 1x, https:\/\/i0.wp.com\/zeromagazine.mx\/wp-content\/uploads\/2024\/08\/CHITU-SANGRE-06-scaled.jpg?fit=995%2C1200&ssl=1&resize=525%2C300 1.5x, https:\/\/i0.wp.com\/zeromagazine.mx\/wp-content\/uploads\/2024\/08\/CHITU-SANGRE-06-scaled.jpg?fit=995%2C1200&ssl=1&resize=700%2C400 2x"},"classes":[]},{"id":82872,"url":"https:\/\/zeromagazine.mx\/index.php\/2024\/08\/31\/elsa-y-elmar-musica-sin-limites\/","url_meta":{"origin":71788,"position":2},"title":"Elsa y Elmar: M\u00fasica Sin L\u00edmites","author":"zeromagazinemx","date":"31 de agosto de 2024","format":false,"excerpt":"\u00a1Qu\u00e9 onda, music lovers! Prep\u00e1rense para el bombazo del a\u00f1o porque Elsa y Elmar, la artista colombiana que est\u00e1 rompiendo con todo, est\u00e1 a punto de lanzar su nuevo \u00e1lbum, PALACIO. Este 30 de agosto, la cantautora y productora nos trae un disco que es un viaje musical total, lleno\u2026","rel":"","context":"En \u00abEntretenimiento\u00bb","block_context":{"text":"Entretenimiento","link":"https:\/\/zeromagazine.mx\/index.php\/category\/entretenimiento\/"},"img":{"alt_text":"","src":"https:\/\/i0.wp.com\/zeromagazine.mx\/wp-content\/uploads\/2024\/08\/unnamed-15.jpg?fit=1200%2C1200&ssl=1&resize=350%2C200","width":350,"height":200,"srcset":"https:\/\/i0.wp.com\/zeromagazine.mx\/wp-content\/uploads\/2024\/08\/unnamed-15.jpg?fit=1200%2C1200&ssl=1&resize=350%2C200 1x, https:\/\/i0.wp.com\/zeromagazine.mx\/wp-content\/uploads\/2024\/08\/unnamed-15.jpg?fit=1200%2C1200&ssl=1&resize=525%2C300 1.5x, https:\/\/i0.wp.com\/zeromagazine.mx\/wp-content\/uploads\/2024\/08\/unnamed-15.jpg?fit=1200%2C1200&ssl=1&resize=700%2C400 2x, https:\/\/i0.wp.com\/zeromagazine.mx\/wp-content\/uploads\/2024\/08\/unnamed-15.jpg?fit=1200%2C1200&ssl=1&resize=1050%2C600 3x"},"classes":[]},{"id":116684,"url":"https:\/\/zeromagazine.mx\/index.php\/2026\/03\/13\/ana-sofi-w-manual\/","url_meta":{"origin":71788,"position":3},"title":"Ana Sofi W Manual y el amor moderno un proyecto con una canci\u00f3n que captura uno de los momentos m\u00e1s frustrantes del dating moderno.","author":"David Morales","date":"13 de marzo de 2026","format":false,"excerpt":"Las historias de amor modernas ya no se viven igual, y el pop mexicano lo sabe. Con\u00a0Ana Sofi W Manual, la artista sigue construyendo el universo de su pr\u00f3ximo proyecto musical mientras convierte una experiencia inc\u00f3moda del dating actual en una canci\u00f3n que mezcla iron\u00eda, actitud y un sonido imposible\u2026","rel":"","context":"En \u00abBlog\u00bb","block_context":{"text":"Blog","link":"https:\/\/zeromagazine.mx\/index.php\/category\/blog\/"},"img":{"alt_text":"\"Ana Sofi W en sesi\u00f3n promocional de Manual, su nuevo sencillo pop\"","src":"https:\/\/i0.wp.com\/zeromagazine.mx\/wp-content\/uploads\/2026\/03\/IMG_1718.jpeg?fit=1196%2C1200&ssl=1&resize=350%2C200","width":350,"height":200,"srcset":"https:\/\/i0.wp.com\/zeromagazine.mx\/wp-content\/uploads\/2026\/03\/IMG_1718.jpeg?fit=1196%2C1200&ssl=1&resize=350%2C200 1x, https:\/\/i0.wp.com\/zeromagazine.mx\/wp-content\/uploads\/2026\/03\/IMG_1718.jpeg?fit=1196%2C1200&ssl=1&resize=525%2C300 1.5x, https:\/\/i0.wp.com\/zeromagazine.mx\/wp-content\/uploads\/2026\/03\/IMG_1718.jpeg?fit=1196%2C1200&ssl=1&resize=700%2C400 2x, https:\/\/i0.wp.com\/zeromagazine.mx\/wp-content\/uploads\/2026\/03\/IMG_1718.jpeg?fit=1196%2C1200&ssl=1&resize=1050%2C600 3x"},"classes":[]},{"id":116678,"url":"https:\/\/zeromagazine.mx\/index.php\/2026\/03\/13\/entre-nos-se-gozo\/","url_meta":{"origin":71788,"position":4},"title":"ENTRE NOS inicia una nueva etapa con \u201cSe Goz\u00f3\u201d, el primer adelanto del universo creativo de Dopamax.","author":"David Morales","date":"13 de marzo de 2026","format":false,"excerpt":"La escena pop latina sigue evolucionando con propuestas que mezclan ritmos bailables, conceptos creativos y una fuerte conexi\u00f3n con el p\u00fablico. Con\u00a0ENTRE NOS Se Goz\u00f3, la banda paname\u00f1a abre una nueva etapa en su carrera y presenta el primer adelanto de\u00a0Dopamax, el universo musical que marcar\u00e1 su sonido durante 2026.\u2026","rel":"","context":"En \u00abBlog\u00bb","block_context":{"text":"Blog","link":"https:\/\/zeromagazine.mx\/index.php\/category\/blog\/"},"img":{"alt_text":"","src":"https:\/\/i0.wp.com\/zeromagazine.mx\/wp-content\/uploads\/2026\/03\/Entre-nos-1-scaled.jpeg?fit=1200%2C800&ssl=1&resize=350%2C200","width":350,"height":200,"srcset":"https:\/\/i0.wp.com\/zeromagazine.mx\/wp-content\/uploads\/2026\/03\/Entre-nos-1-scaled.jpeg?fit=1200%2C800&ssl=1&resize=350%2C200 1x, https:\/\/i0.wp.com\/zeromagazine.mx\/wp-content\/uploads\/2026\/03\/Entre-nos-1-scaled.jpeg?fit=1200%2C800&ssl=1&resize=525%2C300 1.5x, https:\/\/i0.wp.com\/zeromagazine.mx\/wp-content\/uploads\/2026\/03\/Entre-nos-1-scaled.jpeg?fit=1200%2C800&ssl=1&resize=700%2C400 2x, https:\/\/i0.wp.com\/zeromagazine.mx\/wp-content\/uploads\/2026\/03\/Entre-nos-1-scaled.jpeg?fit=1200%2C800&ssl=1&resize=1050%2C600 3x"},"classes":[]},{"id":84361,"url":"https:\/\/zeromagazine.mx\/index.php\/2024\/09\/23\/katy-perry-lanza-143-escuchalo-ya\/","url_meta":{"origin":71788,"position":5},"title":"Katy Perry Lanza 143: \u00a1Esc\u00fachalo Ya!","author":"zeromagazinemx","date":"23 de septiembre de 2024","format":false,"excerpt":"Hoy es un d\u00eda de celebraci\u00f3n en el mundo de la m\u00fasica: Katy Perry, la reina del pop, ha lanzado su sexto \u00e1lbum de estudio titulado 143, y la emoci\u00f3n est\u00e1 en el aire. Este proyecto, distribuido por Capitol Records, no solo marca un regreso musical, sino tambi\u00e9n una declaraci\u00f3n\u2026","rel":"","context":"En \u00abEntretenimiento\u00bb","block_context":{"text":"Entretenimiento","link":"https:\/\/zeromagazine.mx\/index.php\/category\/entretenimiento\/"},"img":{"alt_text":"","src":"https:\/\/i0.wp.com\/zeromagazine.mx\/wp-content\/uploads\/2024\/09\/KATY-PERRY_143_ARTWORK-_STANDARD_-3000PX-scaled.jpg?fit=1200%2C1200&ssl=1&resize=350%2C200","width":350,"height":200,"srcset":"https:\/\/i0.wp.com\/zeromagazine.mx\/wp-content\/uploads\/2024\/09\/KATY-PERRY_143_ARTWORK-_STANDARD_-3000PX-scaled.jpg?fit=1200%2C1200&ssl=1&resize=350%2C200 1x, https:\/\/i0.wp.com\/zeromagazine.mx\/wp-content\/uploads\/2024\/09\/KATY-PERRY_143_ARTWORK-_STANDARD_-3000PX-scaled.jpg?fit=1200%2C1200&ssl=1&resize=525%2C300 1.5x, https:\/\/i0.wp.com\/zeromagazine.mx\/wp-content\/uploads\/2024\/09\/KATY-PERRY_143_ARTWORK-_STANDARD_-3000PX-scaled.jpg?fit=1200%2C1200&ssl=1&resize=700%2C400 2x, https:\/\/i0.wp.com\/zeromagazine.mx\/wp-content\/uploads\/2024\/09\/KATY-PERRY_143_ARTWORK-_STANDARD_-3000PX-scaled.jpg?fit=1200%2C1200&ssl=1&resize=1050%2C600 3x"},"classes":[]}],"jetpack_sharing_enabled":true,"builder_content":"","_links":{"self":[{"href":"https:\/\/zeromagazine.mx\/index.php\/wp-json\/wp\/v2\/posts\/71788","targetHints":{"allow":["GET"]}}],"collection":[{"href":"https:\/\/zeromagazine.mx\/index.php\/wp-json\/wp\/v2\/posts"}],"about":[{"href":"https:\/\/zeromagazine.mx\/index.php\/wp-json\/wp\/v2\/types\/post"}],"author":[{"embeddable":true,"href":"https:\/\/zeromagazine.mx\/index.php\/wp-json\/wp\/v2\/users\/2"}],"replies":[{"embeddable":true,"href":"https:\/\/zeromagazine.mx\/index.php\/wp-json\/wp\/v2\/comments?post=71788"}],"version-history":[{"count":4,"href":"https:\/\/zeromagazine.mx\/index.php\/wp-json\/wp\/v2\/posts\/71788\/revisions"}],"predecessor-version":[{"id":71806,"href":"https:\/\/zeromagazine.mx\/index.php\/wp-json\/wp\/v2\/posts\/71788\/revisions\/71806"}],"wp:featuredmedia":[{"embeddable":true,"href":"https:\/\/zeromagazine.mx\/index.php\/wp-json\/wp\/v2\/media\/71790"}],"wp:attachment":[{"href":"https:\/\/zeromagazine.mx\/index.php\/wp-json\/wp\/v2\/media?parent=71788"}],"wp:term":[{"taxonomy":"category","embeddable":true,"href":"https:\/\/zeromagazine.mx\/index.php\/wp-json\/wp\/v2\/categories?post=71788"},{"taxonomy":"post_tag","embeddable":true,"href":"https:\/\/zeromagazine.mx\/index.php\/wp-json\/wp\/v2\/tags?post=71788"}],"curies":[{"name":"wp","href":"https:\/\/api.w.org\/{rel}","templated":true}]}}