{"id":71973,"date":"2024-03-14T17:30:00","date_gmt":"2024-03-14T16:30:00","guid":{"rendered":"https:\/\/zeromagazine.mx\/?p=71973"},"modified":"2024-03-14T16:56:34","modified_gmt":"2024-03-14T15:56:34","slug":"crocs-honra-el-legado-de-frida-kahlo","status":"publish","type":"post","link":"https:\/\/zeromagazine.mx\/index.php\/2024\/03\/14\/crocs-honra-el-legado-de-frida-kahlo\/","title":{"rendered":"Crocs honra el legado de Frida Kahlo"},"content":{"rendered":"<p>\u00a1Crocs nos sorprende una vez m\u00e1s con una colaboraci\u00f3n \u00fanica que celebra el talento incomparable de M\u00e9xico! Esta vez, rinden tributo a la incomparable Frida Kahlo, una de las artistas m\u00e1s trascendentales de nuestro pa\u00eds. Pero espera, \u00bfqu\u00e9 tiene de especial esta colaboraci\u00f3n m\u00e1s all\u00e1 de ser una simple uni\u00f3n de estilos?<\/p>\n\n\n\n<script async src=\"https:\/\/pagead2.googlesyndication.com\/pagead\/js\/adsbygoogle.js?client=ca-pub-5499304793904745\"\n     crossorigin=\"anonymous\"><\/script>\n<ins class=\"adsbygoogle\"\n     style=\"display:block; text-align:center;\"\n     data-ad-layout=\"in-article\"\n     data-ad-format=\"fluid\"\n     data-ad-client=\"ca-pub-5499304793904745\"\n     data-ad-slot=\"5994863093\"><\/ins>\n<script>\n     (adsbygoogle = window.adsbygoogle || []).push({});\n<\/script>\n\n\n\n<p>Para empezar, Crocs nos muestra su reconocimiento al legado de Frida, entendiendo la importancia de celebrar su contribuci\u00f3n al mundo del arte. \u00a1Y vaya que lo hacen de manera impresionante! La colecci\u00f3n Frida Kahlo x Crocs presenta los cl\u00e1sicos clogs de la marca en un llamativo color rojo, adornados con dise\u00f1os florales que nos recuerdan las emblem\u00e1ticas coronas de flores que Frida sol\u00eda llevar en su cabellera. Es como si cada paso que damos con estos clogs fuera un homenaje a su esencia y amor por la naturaleza.<\/p>\n\n\n\n<div class=\"wp-block-columns is-layout-flex wp-container-core-columns-is-layout-9d6595d7 wp-block-columns-is-layout-flex\">\n<div class=\"wp-block-column is-layout-flow wp-block-column-is-layout-flow\" style=\"flex-basis:66.66%\">\n<figure class=\"wp-block-image size-large\"><img data-recalc-dims=\"1\" decoding=\"async\" width=\"1024\" height=\"621\" src=\"https:\/\/i0.wp.com\/zeromagazine.mx\/wp-content\/uploads\/2024\/03\/209450_2Y2_ALT140-1024x621.png?resize=1024%2C621&#038;ssl=1\" alt=\"\" class=\"wp-image-71974\" srcset=\"https:\/\/i0.wp.com\/zeromagazine.mx\/wp-content\/uploads\/2024\/03\/209450_2Y2_ALT140.png?resize=1024%2C621&amp;ssl=1 1024w, https:\/\/i0.wp.com\/zeromagazine.mx\/wp-content\/uploads\/2024\/03\/209450_2Y2_ALT140.png?resize=300%2C182&amp;ssl=1 300w, https:\/\/i0.wp.com\/zeromagazine.mx\/wp-content\/uploads\/2024\/03\/209450_2Y2_ALT140.png?resize=768%2C466&amp;ssl=1 768w, https:\/\/i0.wp.com\/zeromagazine.mx\/wp-content\/uploads\/2024\/03\/209450_2Y2_ALT140.png?resize=1536%2C931&amp;ssl=1 1536w, https:\/\/i0.wp.com\/zeromagazine.mx\/wp-content\/uploads\/2024\/03\/209450_2Y2_ALT140.png?resize=2048%2C1242&amp;ssl=1 2048w, https:\/\/i0.wp.com\/zeromagazine.mx\/wp-content\/uploads\/2024\/03\/209450_2Y2_ALT140.png?w=2330 2330w, https:\/\/i0.wp.com\/zeromagazine.mx\/wp-content\/uploads\/2024\/03\/209450_2Y2_ALT140.png?w=3495 3495w\" sizes=\"(max-width: 1024px) 100vw, 1024px\" \/><\/figure>\n<\/div>\n\n\n\n<div class=\"wp-block-column is-layout-flow wp-block-column-is-layout-flow\" style=\"flex-basis:33.33%\">\n<figure class=\"wp-block-image size-large\"><img data-recalc-dims=\"1\" decoding=\"async\" width=\"986\" height=\"1024\" src=\"https:\/\/i0.wp.com\/zeromagazine.mx\/wp-content\/uploads\/2024\/03\/209450_2Y2_ALT160-986x1024.png?resize=986%2C1024&#038;ssl=1\" alt=\"\" class=\"wp-image-71975\" srcset=\"https:\/\/i0.wp.com\/zeromagazine.mx\/wp-content\/uploads\/2024\/03\/209450_2Y2_ALT160.png?resize=986%2C1024&amp;ssl=1 986w, https:\/\/i0.wp.com\/zeromagazine.mx\/wp-content\/uploads\/2024\/03\/209450_2Y2_ALT160.png?resize=289%2C300&amp;ssl=1 289w, https:\/\/i0.wp.com\/zeromagazine.mx\/wp-content\/uploads\/2024\/03\/209450_2Y2_ALT160.png?resize=768%2C797&amp;ssl=1 768w, https:\/\/i0.wp.com\/zeromagazine.mx\/wp-content\/uploads\/2024\/03\/209450_2Y2_ALT160.png?resize=1480%2C1536&amp;ssl=1 1480w, https:\/\/i0.wp.com\/zeromagazine.mx\/wp-content\/uploads\/2024\/03\/209450_2Y2_ALT160.png?resize=1973%2C2048&amp;ssl=1 1973w, https:\/\/i0.wp.com\/zeromagazine.mx\/wp-content\/uploads\/2024\/03\/209450_2Y2_ALT160.png?w=2330 2330w, https:\/\/i0.wp.com\/zeromagazine.mx\/wp-content\/uploads\/2024\/03\/209450_2Y2_ALT160.png?w=3495 3495w\" sizes=\"(max-width: 986px) 100vw, 986px\" \/><\/figure>\n<\/div>\n<\/div>\n\n\n\n<p>Y Crocs nos consiente con un detalle extra, cada par de clogs viene acompa\u00f1ado de un pack exclusivo de seis Jibbitz\u2122, esos encantos que nos permiten personalizar nuestras Crocs. \u00bfY qu\u00e9 mejor manera de hacerlo que con elementos ic\u00f3nicos de Frida? Desde retratos hasta s\u00edmbolos que capturan su esp\u00edritu \u00fanico, cada Jibbitz\u2122 es una peque\u00f1a obra de arte que podemos llevar con nosotres a donde vayamos.<\/p>\n\n\n\n<p>Entonces, \u00bfd\u00f3nde podemos conseguir estas joyas de la moda? La respuesta es simple: \u00a1en todas las tiendas Crocs y en su sitio web! As\u00ed que no pierdas tiempo y \u00fanete a esta celebraci\u00f3n de la creatividad y el legado de Frida Kahlo con este lanzamiento exclusivo de Crocs. Es hora de caminar con estilo y honrar a una de las figuras m\u00e1s inspiradoras de nuestra historia.<\/p>\n\n\n\n<script async src=\"https:\/\/pagead2.googlesyndication.com\/pagead\/js\/adsbygoogle.js?client=ca-pub-5499304793904745\"\n     crossorigin=\"anonymous\"><\/script>\n<ins class=\"adsbygoogle\"\n     style=\"display:block; text-align:center;\"\n     data-ad-layout=\"in-article\"\n     data-ad-format=\"fluid\"\n     data-ad-client=\"ca-pub-5499304793904745\"\n     data-ad-slot=\"5994863093\"><\/ins>\n<script>\n     (adsbygoogle = window.adsbygoogle || []).push({});\n<\/script>\n\n\n\n<p>La colaboraci\u00f3n entre Crocs y Frida Kahlo va m\u00e1s all\u00e1 de la moda. Es un homenaje lleno de significado que nos permite llevar un pedacito del arte y la cultura mexicana a donde vayamos, \u00bfqui\u00e9n se anima a darle un toque de color y estilo a su vida con estos incre\u00edbles clogs? <\/p>\n\n\n\n<div class=\"wp-block-columns is-layout-flex wp-container-core-columns-is-layout-9d6595d7 wp-block-columns-is-layout-flex\">\n<div class=\"wp-block-column is-layout-flow wp-block-column-is-layout-flow\" style=\"flex-basis:33.33%\">\n<figure class=\"wp-block-image size-large\"><img data-recalc-dims=\"1\" decoding=\"async\" width=\"625\" height=\"1024\" src=\"https:\/\/i0.wp.com\/zeromagazine.mx\/wp-content\/uploads\/2024\/03\/10012662_001_ALT100-625x1024.png?resize=625%2C1024&#038;ssl=1\" alt=\"\" class=\"wp-image-71976\" srcset=\"https:\/\/i0.wp.com\/zeromagazine.mx\/wp-content\/uploads\/2024\/03\/10012662_001_ALT100.png?resize=625%2C1024&amp;ssl=1 625w, https:\/\/i0.wp.com\/zeromagazine.mx\/wp-content\/uploads\/2024\/03\/10012662_001_ALT100.png?resize=183%2C300&amp;ssl=1 183w, https:\/\/i0.wp.com\/zeromagazine.mx\/wp-content\/uploads\/2024\/03\/10012662_001_ALT100.png?resize=768%2C1259&amp;ssl=1 768w, https:\/\/i0.wp.com\/zeromagazine.mx\/wp-content\/uploads\/2024\/03\/10012662_001_ALT100.png?resize=937%2C1536&amp;ssl=1 937w, https:\/\/i0.wp.com\/zeromagazine.mx\/wp-content\/uploads\/2024\/03\/10012662_001_ALT100.png?resize=1249%2C2048&amp;ssl=1 1249w, https:\/\/i0.wp.com\/zeromagazine.mx\/wp-content\/uploads\/2024\/03\/10012662_001_ALT100.png?w=2330 2330w\" sizes=\"(max-width: 625px) 100vw, 625px\" \/><\/figure>\n<\/div>\n\n\n\n<div class=\"wp-block-column is-layout-flow wp-block-column-is-layout-flow\" style=\"flex-basis:66.66%\">\n<figure class=\"wp-block-image size-large is-resized\"><img data-recalc-dims=\"1\" decoding=\"async\" width=\"1007\" height=\"1024\" src=\"https:\/\/i0.wp.com\/zeromagazine.mx\/wp-content\/uploads\/2024\/03\/10012690_001_ALT100-1007x1024.png?resize=1007%2C1024&#038;ssl=1\" alt=\"\" class=\"wp-image-71977\" style=\"width:565px;height:auto\" srcset=\"https:\/\/i0.wp.com\/zeromagazine.mx\/wp-content\/uploads\/2024\/03\/10012690_001_ALT100.png?resize=1007%2C1024&amp;ssl=1 1007w, https:\/\/i0.wp.com\/zeromagazine.mx\/wp-content\/uploads\/2024\/03\/10012690_001_ALT100.png?resize=295%2C300&amp;ssl=1 295w, https:\/\/i0.wp.com\/zeromagazine.mx\/wp-content\/uploads\/2024\/03\/10012690_001_ALT100.png?resize=768%2C781&amp;ssl=1 768w, https:\/\/i0.wp.com\/zeromagazine.mx\/wp-content\/uploads\/2024\/03\/10012690_001_ALT100.png?resize=1510%2C1536&amp;ssl=1 1510w, https:\/\/i0.wp.com\/zeromagazine.mx\/wp-content\/uploads\/2024\/03\/10012690_001_ALT100.png?resize=2013%2C2048&amp;ssl=1 2013w, https:\/\/i0.wp.com\/zeromagazine.mx\/wp-content\/uploads\/2024\/03\/10012690_001_ALT100.png?w=2330 2330w\" sizes=\"(max-width: 1007px) 100vw, 1007px\" \/><\/figure>\n<\/div>\n<\/div>\n\n<!--themify_builder_content-->\n<div id=\"themify_builder_content-71973\" data-postid=\"71973\" class=\"themify_builder_content themify_builder_content-71973 themify_builder tf_clear\">\n    <\/div>\n<!--\/themify_builder_content-->","protected":false},"excerpt":{"rendered":"<p>\u00a1Crocs nos sorprende una vez m\u00e1s con una colaboraci\u00f3n \u00fanica que celebra el talento incomparable de M\u00e9xico! Esta vez, rinden tributo a la incomparable Frida Kahlo, una de las artistas m\u00e1s trascendentales de nuestro pa\u00eds. Pero espera, \u00bfqu\u00e9 tiene de especial esta colaboraci\u00f3n m\u00e1s all\u00e1 de ser una simple uni\u00f3n de estilos? Para empezar, Crocs [&hellip;]<\/p>\n","protected":false},"author":2,"featured_media":71978,"comment_status":"open","ping_status":"open","sticky":false,"template":"","format":"standard","meta":{"_jetpack_memberships_contains_paid_content":false,"footnotes":"","jetpack_publicize_message":"","jetpack_publicize_feature_enabled":true,"jetpack_social_post_already_shared":false,"jetpack_social_options":{"image_generator_settings":{"template":"highway","default_image_id":0,"font":"","enabled":false},"version":2}},"categories":[67],"tags":[6698,4950],"class_list":["post-71973","post","type-post","status-publish","format-standard","has-post-thumbnail","hentry","category-moda","tag-crocs","tag-frida-kahlo","has-post-title","has-post-date","has-post-category","has-post-tag","has-post-comment","has-post-author",""],"yoast_head":"<!-- This site is optimized with the Yoast SEO plugin v27.5 - https:\/\/yoast.com\/product\/yoast-seo-wordpress\/ -->\n<title>Crocs honra el legado de Frida Kahlo - Zero Magazine<\/title>\n<meta name=\"robots\" content=\"index, follow, max-snippet:-1, max-image-preview:large, max-video-preview:-1\" \/>\n<link rel=\"canonical\" href=\"https:\/\/zeromagazine.mx\/index.php\/2024\/03\/14\/crocs-honra-el-legado-de-frida-kahlo\/\" \/>\n<meta property=\"og:locale\" content=\"es_ES\" \/>\n<meta property=\"og:type\" content=\"article\" \/>\n<meta property=\"og:title\" content=\"Crocs honra el legado de Frida Kahlo - Zero Magazine\" \/>\n<meta property=\"og:description\" content=\"\u00a1Crocs nos sorprende una vez m\u00e1s con una colaboraci\u00f3n \u00fanica que celebra el talento incomparable de M\u00e9xico! Esta vez, rinden tributo a la incomparable Frida Kahlo, una de las artistas m\u00e1s trascendentales de nuestro pa\u00eds. Pero espera, \u00bfqu\u00e9 tiene de especial esta colaboraci\u00f3n m\u00e1s all\u00e1 de ser una simple uni\u00f3n de estilos? Para empezar, Crocs [&hellip;]\" \/>\n<meta property=\"og:url\" content=\"https:\/\/zeromagazine.mx\/index.php\/2024\/03\/14\/crocs-honra-el-legado-de-frida-kahlo\/\" \/>\n<meta property=\"og:site_name\" content=\"Zero Magazine\" \/>\n<meta property=\"article:published_time\" content=\"2024-03-14T16:30:00+00:00\" \/>\n<meta property=\"og:image\" content=\"https:\/\/i0.wp.com\/zeromagazine.mx\/wp-content\/uploads\/2024\/03\/Captura-de-pantalla-2024-03-13-a-las-8.33.00\u202fa.m.png?fit=320%2C247&ssl=1\" \/>\n\t<meta property=\"og:image:width\" content=\"320\" \/>\n\t<meta property=\"og:image:height\" content=\"247\" \/>\n\t<meta property=\"og:image:type\" content=\"image\/png\" \/>\n<meta name=\"author\" content=\"zeromagazinemx\" \/>\n<meta name=\"twitter:card\" content=\"summary_large_image\" \/>\n<meta name=\"twitter:label1\" content=\"Escrito por\" \/>\n\t<meta name=\"twitter:data1\" content=\"zeromagazinemx\" \/>\n\t<meta name=\"twitter:label2\" content=\"Tiempo de lectura\" \/>\n\t<meta name=\"twitter:data2\" content=\"2 minutos\" \/>\n<script type=\"application\/ld+json\" class=\"yoast-schema-graph\">{\"@context\":\"https:\\\/\\\/schema.org\",\"@graph\":[{\"@type\":\"Article\",\"@id\":\"https:\\\/\\\/zeromagazine.mx\\\/index.php\\\/2024\\\/03\\\/14\\\/crocs-honra-el-legado-de-frida-kahlo\\\/#article\",\"isPartOf\":{\"@id\":\"https:\\\/\\\/zeromagazine.mx\\\/index.php\\\/2024\\\/03\\\/14\\\/crocs-honra-el-legado-de-frida-kahlo\\\/\"},\"author\":{\"name\":\"zeromagazinemx\",\"@id\":\"https:\\\/\\\/zeromagazine.mx\\\/#\\\/schema\\\/person\\\/9aed9f33a7c39af3a348b86d723f7773\"},\"headline\":\"Crocs honra el legado de Frida Kahlo\",\"datePublished\":\"2024-03-14T16:30:00+00:00\",\"mainEntityOfPage\":{\"@id\":\"https:\\\/\\\/zeromagazine.mx\\\/index.php\\\/2024\\\/03\\\/14\\\/crocs-honra-el-legado-de-frida-kahlo\\\/\"},\"wordCount\":357,\"commentCount\":0,\"publisher\":{\"@id\":\"https:\\\/\\\/zeromagazine.mx\\\/#organization\"},\"image\":{\"@id\":\"https:\\\/\\\/zeromagazine.mx\\\/index.php\\\/2024\\\/03\\\/14\\\/crocs-honra-el-legado-de-frida-kahlo\\\/#primaryimage\"},\"thumbnailUrl\":\"https:\\\/\\\/i0.wp.com\\\/zeromagazine.mx\\\/wp-content\\\/uploads\\\/2024\\\/03\\\/Captura-de-pantalla-2024-03-13-a-las-8.33.00%E2%80%AFa.m.png?fit=320%2C247&ssl=1\",\"keywords\":[\"Crocs\",\"FRIDA KAHLO\"],\"articleSection\":[\"Moda\"],\"inLanguage\":\"es\",\"potentialAction\":[{\"@type\":\"CommentAction\",\"name\":\"Comment\",\"target\":[\"https:\\\/\\\/zeromagazine.mx\\\/index.php\\\/2024\\\/03\\\/14\\\/crocs-honra-el-legado-de-frida-kahlo\\\/#respond\"]}]},{\"@type\":\"WebPage\",\"@id\":\"https:\\\/\\\/zeromagazine.mx\\\/index.php\\\/2024\\\/03\\\/14\\\/crocs-honra-el-legado-de-frida-kahlo\\\/\",\"url\":\"https:\\\/\\\/zeromagazine.mx\\\/index.php\\\/2024\\\/03\\\/14\\\/crocs-honra-el-legado-de-frida-kahlo\\\/\",\"name\":\"Crocs honra el legado de Frida Kahlo - Zero Magazine\",\"isPartOf\":{\"@id\":\"https:\\\/\\\/zeromagazine.mx\\\/#website\"},\"primaryImageOfPage\":{\"@id\":\"https:\\\/\\\/zeromagazine.mx\\\/index.php\\\/2024\\\/03\\\/14\\\/crocs-honra-el-legado-de-frida-kahlo\\\/#primaryimage\"},\"image\":{\"@id\":\"https:\\\/\\\/zeromagazine.mx\\\/index.php\\\/2024\\\/03\\\/14\\\/crocs-honra-el-legado-de-frida-kahlo\\\/#primaryimage\"},\"thumbnailUrl\":\"https:\\\/\\\/i0.wp.com\\\/zeromagazine.mx\\\/wp-content\\\/uploads\\\/2024\\\/03\\\/Captura-de-pantalla-2024-03-13-a-las-8.33.00%E2%80%AFa.m.png?fit=320%2C247&ssl=1\",\"datePublished\":\"2024-03-14T16:30:00+00:00\",\"breadcrumb\":{\"@id\":\"https:\\\/\\\/zeromagazine.mx\\\/index.php\\\/2024\\\/03\\\/14\\\/crocs-honra-el-legado-de-frida-kahlo\\\/#breadcrumb\"},\"inLanguage\":\"es\",\"potentialAction\":[{\"@type\":\"ReadAction\",\"target\":[\"https:\\\/\\\/zeromagazine.mx\\\/index.php\\\/2024\\\/03\\\/14\\\/crocs-honra-el-legado-de-frida-kahlo\\\/\"]}]},{\"@type\":\"ImageObject\",\"inLanguage\":\"es\",\"@id\":\"https:\\\/\\\/zeromagazine.mx\\\/index.php\\\/2024\\\/03\\\/14\\\/crocs-honra-el-legado-de-frida-kahlo\\\/#primaryimage\",\"url\":\"https:\\\/\\\/i0.wp.com\\\/zeromagazine.mx\\\/wp-content\\\/uploads\\\/2024\\\/03\\\/Captura-de-pantalla-2024-03-13-a-las-8.33.00%E2%80%AFa.m.png?fit=320%2C247&ssl=1\",\"contentUrl\":\"https:\\\/\\\/i0.wp.com\\\/zeromagazine.mx\\\/wp-content\\\/uploads\\\/2024\\\/03\\\/Captura-de-pantalla-2024-03-13-a-las-8.33.00%E2%80%AFa.m.png?fit=320%2C247&ssl=1\",\"width\":320,\"height\":247},{\"@type\":\"BreadcrumbList\",\"@id\":\"https:\\\/\\\/zeromagazine.mx\\\/index.php\\\/2024\\\/03\\\/14\\\/crocs-honra-el-legado-de-frida-kahlo\\\/#breadcrumb\",\"itemListElement\":[{\"@type\":\"ListItem\",\"position\":1,\"name\":\"Portada\",\"item\":\"https:\\\/\\\/zeromagazine.mx\\\/\"},{\"@type\":\"ListItem\",\"position\":2,\"name\":\"Crocs honra el legado de Frida Kahlo\"}]},{\"@type\":\"WebSite\",\"@id\":\"https:\\\/\\\/zeromagazine.mx\\\/#website\",\"url\":\"https:\\\/\\\/zeromagazine.mx\\\/\",\"name\":\"Zero Magazine\",\"description\":\"\",\"publisher\":{\"@id\":\"https:\\\/\\\/zeromagazine.mx\\\/#organization\"},\"potentialAction\":[{\"@type\":\"SearchAction\",\"target\":{\"@type\":\"EntryPoint\",\"urlTemplate\":\"https:\\\/\\\/zeromagazine.mx\\\/?s={search_term_string}\"},\"query-input\":{\"@type\":\"PropertyValueSpecification\",\"valueRequired\":true,\"valueName\":\"search_term_string\"}}],\"inLanguage\":\"es\"},{\"@type\":\"Organization\",\"@id\":\"https:\\\/\\\/zeromagazine.mx\\\/#organization\",\"name\":\"Zero Magazine\",\"url\":\"https:\\\/\\\/zeromagazine.mx\\\/\",\"logo\":{\"@type\":\"ImageObject\",\"inLanguage\":\"es\",\"@id\":\"https:\\\/\\\/zeromagazine.mx\\\/#\\\/schema\\\/logo\\\/image\\\/\",\"url\":\"https:\\\/\\\/i0.wp.com\\\/zeromagazine.mx\\\/wp-content\\\/uploads\\\/2025\\\/11\\\/1.jpeg?fit=1000%2C1000&ssl=1\",\"contentUrl\":\"https:\\\/\\\/i0.wp.com\\\/zeromagazine.mx\\\/wp-content\\\/uploads\\\/2025\\\/11\\\/1.jpeg?fit=1000%2C1000&ssl=1\",\"width\":1000,\"height\":1000,\"caption\":\"Zero Magazine\"},\"image\":{\"@id\":\"https:\\\/\\\/zeromagazine.mx\\\/#\\\/schema\\\/logo\\\/image\\\/\"},\"sameAs\":[\"https:\\\/\\\/instagram.com\\\/zeromagazinemx\"]},{\"@type\":\"Person\",\"@id\":\"https:\\\/\\\/zeromagazine.mx\\\/#\\\/schema\\\/person\\\/9aed9f33a7c39af3a348b86d723f7773\",\"name\":\"zeromagazinemx\",\"image\":{\"@type\":\"ImageObject\",\"inLanguage\":\"es\",\"@id\":\"https:\\\/\\\/zeromagazine.mx\\\/wp-content\\\/litespeed\\\/avatar\\\/f91dfe5410d5dcb1a576bf8c45983896.jpg?ver=1777571230\",\"url\":\"https:\\\/\\\/zeromagazine.mx\\\/wp-content\\\/litespeed\\\/avatar\\\/f91dfe5410d5dcb1a576bf8c45983896.jpg?ver=1777571230\",\"contentUrl\":\"https:\\\/\\\/zeromagazine.mx\\\/wp-content\\\/litespeed\\\/avatar\\\/f91dfe5410d5dcb1a576bf8c45983896.jpg?ver=1777571230\",\"caption\":\"zeromagazinemx\"},\"url\":\"https:\\\/\\\/zeromagazine.mx\\\/index.php\\\/author\\\/zeromagazinemx\\\/\"}]}<\/script>\n<!-- \/ Yoast SEO plugin. -->","yoast_head_json":{"title":"Crocs honra el legado de Frida Kahlo - Zero Magazine","robots":{"index":"index","follow":"follow","max-snippet":"max-snippet:-1","max-image-preview":"max-image-preview:large","max-video-preview":"max-video-preview:-1"},"canonical":"https:\/\/zeromagazine.mx\/index.php\/2024\/03\/14\/crocs-honra-el-legado-de-frida-kahlo\/","og_locale":"es_ES","og_type":"article","og_title":"Crocs honra el legado de Frida Kahlo - Zero Magazine","og_description":"\u00a1Crocs nos sorprende una vez m\u00e1s con una colaboraci\u00f3n \u00fanica que celebra el talento incomparable de M\u00e9xico! Esta vez, rinden tributo a la incomparable Frida Kahlo, una de las artistas m\u00e1s trascendentales de nuestro pa\u00eds. Pero espera, \u00bfqu\u00e9 tiene de especial esta colaboraci\u00f3n m\u00e1s all\u00e1 de ser una simple uni\u00f3n de estilos? Para empezar, Crocs [&hellip;]","og_url":"https:\/\/zeromagazine.mx\/index.php\/2024\/03\/14\/crocs-honra-el-legado-de-frida-kahlo\/","og_site_name":"Zero Magazine","article_published_time":"2024-03-14T16:30:00+00:00","og_image":[{"width":320,"height":247,"url":"https:\/\/i0.wp.com\/zeromagazine.mx\/wp-content\/uploads\/2024\/03\/Captura-de-pantalla-2024-03-13-a-las-8.33.00\u202fa.m.png?fit=320%2C247&ssl=1","type":"image\/png"}],"author":"zeromagazinemx","twitter_card":"summary_large_image","twitter_misc":{"Escrito por":"zeromagazinemx","Tiempo de lectura":"2 minutos"},"schema":{"@context":"https:\/\/schema.org","@graph":[{"@type":"Article","@id":"https:\/\/zeromagazine.mx\/index.php\/2024\/03\/14\/crocs-honra-el-legado-de-frida-kahlo\/#article","isPartOf":{"@id":"https:\/\/zeromagazine.mx\/index.php\/2024\/03\/14\/crocs-honra-el-legado-de-frida-kahlo\/"},"author":{"name":"zeromagazinemx","@id":"https:\/\/zeromagazine.mx\/#\/schema\/person\/9aed9f33a7c39af3a348b86d723f7773"},"headline":"Crocs honra el legado de Frida Kahlo","datePublished":"2024-03-14T16:30:00+00:00","mainEntityOfPage":{"@id":"https:\/\/zeromagazine.mx\/index.php\/2024\/03\/14\/crocs-honra-el-legado-de-frida-kahlo\/"},"wordCount":357,"commentCount":0,"publisher":{"@id":"https:\/\/zeromagazine.mx\/#organization"},"image":{"@id":"https:\/\/zeromagazine.mx\/index.php\/2024\/03\/14\/crocs-honra-el-legado-de-frida-kahlo\/#primaryimage"},"thumbnailUrl":"https:\/\/i0.wp.com\/zeromagazine.mx\/wp-content\/uploads\/2024\/03\/Captura-de-pantalla-2024-03-13-a-las-8.33.00%E2%80%AFa.m.png?fit=320%2C247&ssl=1","keywords":["Crocs","FRIDA KAHLO"],"articleSection":["Moda"],"inLanguage":"es","potentialAction":[{"@type":"CommentAction","name":"Comment","target":["https:\/\/zeromagazine.mx\/index.php\/2024\/03\/14\/crocs-honra-el-legado-de-frida-kahlo\/#respond"]}]},{"@type":"WebPage","@id":"https:\/\/zeromagazine.mx\/index.php\/2024\/03\/14\/crocs-honra-el-legado-de-frida-kahlo\/","url":"https:\/\/zeromagazine.mx\/index.php\/2024\/03\/14\/crocs-honra-el-legado-de-frida-kahlo\/","name":"Crocs honra el legado de Frida Kahlo - Zero Magazine","isPartOf":{"@id":"https:\/\/zeromagazine.mx\/#website"},"primaryImageOfPage":{"@id":"https:\/\/zeromagazine.mx\/index.php\/2024\/03\/14\/crocs-honra-el-legado-de-frida-kahlo\/#primaryimage"},"image":{"@id":"https:\/\/zeromagazine.mx\/index.php\/2024\/03\/14\/crocs-honra-el-legado-de-frida-kahlo\/#primaryimage"},"thumbnailUrl":"https:\/\/i0.wp.com\/zeromagazine.mx\/wp-content\/uploads\/2024\/03\/Captura-de-pantalla-2024-03-13-a-las-8.33.00%E2%80%AFa.m.png?fit=320%2C247&ssl=1","datePublished":"2024-03-14T16:30:00+00:00","breadcrumb":{"@id":"https:\/\/zeromagazine.mx\/index.php\/2024\/03\/14\/crocs-honra-el-legado-de-frida-kahlo\/#breadcrumb"},"inLanguage":"es","potentialAction":[{"@type":"ReadAction","target":["https:\/\/zeromagazine.mx\/index.php\/2024\/03\/14\/crocs-honra-el-legado-de-frida-kahlo\/"]}]},{"@type":"ImageObject","inLanguage":"es","@id":"https:\/\/zeromagazine.mx\/index.php\/2024\/03\/14\/crocs-honra-el-legado-de-frida-kahlo\/#primaryimage","url":"https:\/\/i0.wp.com\/zeromagazine.mx\/wp-content\/uploads\/2024\/03\/Captura-de-pantalla-2024-03-13-a-las-8.33.00%E2%80%AFa.m.png?fit=320%2C247&ssl=1","contentUrl":"https:\/\/i0.wp.com\/zeromagazine.mx\/wp-content\/uploads\/2024\/03\/Captura-de-pantalla-2024-03-13-a-las-8.33.00%E2%80%AFa.m.png?fit=320%2C247&ssl=1","width":320,"height":247},{"@type":"BreadcrumbList","@id":"https:\/\/zeromagazine.mx\/index.php\/2024\/03\/14\/crocs-honra-el-legado-de-frida-kahlo\/#breadcrumb","itemListElement":[{"@type":"ListItem","position":1,"name":"Portada","item":"https:\/\/zeromagazine.mx\/"},{"@type":"ListItem","position":2,"name":"Crocs honra el legado de Frida Kahlo"}]},{"@type":"WebSite","@id":"https:\/\/zeromagazine.mx\/#website","url":"https:\/\/zeromagazine.mx\/","name":"Zero Magazine","description":"","publisher":{"@id":"https:\/\/zeromagazine.mx\/#organization"},"potentialAction":[{"@type":"SearchAction","target":{"@type":"EntryPoint","urlTemplate":"https:\/\/zeromagazine.mx\/?s={search_term_string}"},"query-input":{"@type":"PropertyValueSpecification","valueRequired":true,"valueName":"search_term_string"}}],"inLanguage":"es"},{"@type":"Organization","@id":"https:\/\/zeromagazine.mx\/#organization","name":"Zero Magazine","url":"https:\/\/zeromagazine.mx\/","logo":{"@type":"ImageObject","inLanguage":"es","@id":"https:\/\/zeromagazine.mx\/#\/schema\/logo\/image\/","url":"https:\/\/i0.wp.com\/zeromagazine.mx\/wp-content\/uploads\/2025\/11\/1.jpeg?fit=1000%2C1000&ssl=1","contentUrl":"https:\/\/i0.wp.com\/zeromagazine.mx\/wp-content\/uploads\/2025\/11\/1.jpeg?fit=1000%2C1000&ssl=1","width":1000,"height":1000,"caption":"Zero Magazine"},"image":{"@id":"https:\/\/zeromagazine.mx\/#\/schema\/logo\/image\/"},"sameAs":["https:\/\/instagram.com\/zeromagazinemx"]},{"@type":"Person","@id":"https:\/\/zeromagazine.mx\/#\/schema\/person\/9aed9f33a7c39af3a348b86d723f7773","name":"zeromagazinemx","image":{"@type":"ImageObject","inLanguage":"es","@id":"https:\/\/zeromagazine.mx\/wp-content\/litespeed\/avatar\/f91dfe5410d5dcb1a576bf8c45983896.jpg?ver=1777571230","url":"https:\/\/zeromagazine.mx\/wp-content\/litespeed\/avatar\/f91dfe5410d5dcb1a576bf8c45983896.jpg?ver=1777571230","contentUrl":"https:\/\/zeromagazine.mx\/wp-content\/litespeed\/avatar\/f91dfe5410d5dcb1a576bf8c45983896.jpg?ver=1777571230","caption":"zeromagazinemx"},"url":"https:\/\/zeromagazine.mx\/index.php\/author\/zeromagazinemx\/"}]}},"jetpack_publicize_connections":[],"jetpack_featured_media_url":"https:\/\/i0.wp.com\/zeromagazine.mx\/wp-content\/uploads\/2024\/03\/Captura-de-pantalla-2024-03-13-a-las-8.33.00%E2%80%AFa.m.png?fit=320%2C247&ssl=1","jetpack-related-posts":[{"id":75665,"url":"https:\/\/zeromagazine.mx\/index.php\/2024\/05\/08\/shein-x-frida-kahlo-2024\/","url_meta":{"origin":71973,"position":0},"title":"SHEIN x Frida Kahlo 2024","author":"zeromagazinemx","date":"8 de mayo de 2024","format":false,"excerpt":"Les traigo unas noticias de moda que seguro les van a encantar. Shein acaba de lanzar la nueva colecci\u00f3n SHEIN x Frida Kahlo 2024 Primavera-Verano y, \u00a1wow!, est\u00e1 de otro nivel. Primero que nada, \u00bfya se enteraron? Esta colecci\u00f3n es una colaboraci\u00f3n entre Shein, una de las marcas m\u00e1s top\u2026","rel":"","context":"En \u00abModa\u00bb","block_context":{"text":"Moda","link":"https:\/\/zeromagazine.mx\/index.php\/category\/moda\/"},"img":{"alt_text":"","src":"https:\/\/i0.wp.com\/zeromagazine.mx\/wp-content\/uploads\/2024\/05\/PS2024041715086_%E9%A6%96%E5%9B%BE-scaled.jpg?fit=1200%2C675&ssl=1&resize=350%2C200","width":350,"height":200,"srcset":"https:\/\/i0.wp.com\/zeromagazine.mx\/wp-content\/uploads\/2024\/05\/PS2024041715086_%E9%A6%96%E5%9B%BE-scaled.jpg?fit=1200%2C675&ssl=1&resize=350%2C200 1x, https:\/\/i0.wp.com\/zeromagazine.mx\/wp-content\/uploads\/2024\/05\/PS2024041715086_%E9%A6%96%E5%9B%BE-scaled.jpg?fit=1200%2C675&ssl=1&resize=525%2C300 1.5x, https:\/\/i0.wp.com\/zeromagazine.mx\/wp-content\/uploads\/2024\/05\/PS2024041715086_%E9%A6%96%E5%9B%BE-scaled.jpg?fit=1200%2C675&ssl=1&resize=700%2C400 2x, https:\/\/i0.wp.com\/zeromagazine.mx\/wp-content\/uploads\/2024\/05\/PS2024041715086_%E9%A6%96%E5%9B%BE-scaled.jpg?fit=1200%2C675&ssl=1&resize=1050%2C600 3x"},"classes":[]},{"id":106708,"url":"https:\/\/zeromagazine.mx\/index.php\/2025\/07\/15\/crocs-superman-classic-clog-mexico\/","url_meta":{"origin":71973,"position":1},"title":"Crocs x Superman: los nuevos clogs del Hombre de Acero","author":"David Morales","date":"15 de julio de 2025","format":false,"excerpt":"Si creciste so\u00f1ando con volar sobre Metr\u00f3polis o simplemente quieres llevar un pedazo de nostalgia pop en tus pies, prep\u00e1rate: Crocs y DC Comics han unido fuerzas para lanzar los nuevos Superman Classic Clog, una colaboraci\u00f3n que promete conquistar a fans del c\u00f3mic, sneakerheads y amantes del estilo c\u00f3modo pero\u2026","rel":"","context":"En \u00abBlog\u00bb","block_context":{"text":"Blog","link":"https:\/\/zeromagazine.mx\/index.php\/category\/blog\/"},"img":{"alt_text":"","src":"https:\/\/i0.wp.com\/zeromagazine.mx\/wp-content\/uploads\/2025\/07\/211131_90H_ALT110.png?fit=1200%2C878&ssl=1&resize=350%2C200","width":350,"height":200,"srcset":"https:\/\/i0.wp.com\/zeromagazine.mx\/wp-content\/uploads\/2025\/07\/211131_90H_ALT110.png?fit=1200%2C878&ssl=1&resize=350%2C200 1x, https:\/\/i0.wp.com\/zeromagazine.mx\/wp-content\/uploads\/2025\/07\/211131_90H_ALT110.png?fit=1200%2C878&ssl=1&resize=525%2C300 1.5x, https:\/\/i0.wp.com\/zeromagazine.mx\/wp-content\/uploads\/2025\/07\/211131_90H_ALT110.png?fit=1200%2C878&ssl=1&resize=700%2C400 2x, https:\/\/i0.wp.com\/zeromagazine.mx\/wp-content\/uploads\/2025\/07\/211131_90H_ALT110.png?fit=1200%2C878&ssl=1&resize=1050%2C600 3x"},"classes":[]},{"id":89420,"url":"https:\/\/zeromagazine.mx\/index.php\/2024\/11\/06\/crocs-x-batman-edicion-limitada\/","url_meta":{"origin":71973,"position":2},"title":"\u00abCrocs x Batman: Edici\u00f3n Limitada\u00bb","author":"zeromagazinemx","date":"6 de noviembre de 2024","format":false,"excerpt":"Amix, si eres fan de Batman o simplemente te encantan los Crocs m\u00e1s \u00fanicos y con onda, prep\u00e1rate porque esto va a flipar tu mente. Este a\u00f1o, el ic\u00f3nico Batman, el verdadero h\u00e9roe de Ciudad G\u00f3tica, cumple 85 a\u00f1os. As\u00ed es 85 a\u00f1os desde que el Caballero Oscuro apareci\u00f3 por\u2026","rel":"","context":"En \u00abModa\u00bb","block_context":{"text":"Moda","link":"https:\/\/zeromagazine.mx\/index.php\/category\/moda\/"},"img":{"alt_text":"","src":"https:\/\/i0.wp.com\/zeromagazine.mx\/wp-content\/uploads\/2024\/11\/2024_S3_Batman_Global-Creative_Paid_Partner_Social_1200x628_V1.png?fit=1200%2C628&ssl=1&resize=350%2C200","width":350,"height":200,"srcset":"https:\/\/i0.wp.com\/zeromagazine.mx\/wp-content\/uploads\/2024\/11\/2024_S3_Batman_Global-Creative_Paid_Partner_Social_1200x628_V1.png?fit=1200%2C628&ssl=1&resize=350%2C200 1x, https:\/\/i0.wp.com\/zeromagazine.mx\/wp-content\/uploads\/2024\/11\/2024_S3_Batman_Global-Creative_Paid_Partner_Social_1200x628_V1.png?fit=1200%2C628&ssl=1&resize=525%2C300 1.5x, https:\/\/i0.wp.com\/zeromagazine.mx\/wp-content\/uploads\/2024\/11\/2024_S3_Batman_Global-Creative_Paid_Partner_Social_1200x628_V1.png?fit=1200%2C628&ssl=1&resize=700%2C400 2x, https:\/\/i0.wp.com\/zeromagazine.mx\/wp-content\/uploads\/2024\/11\/2024_S3_Batman_Global-Creative_Paid_Partner_Social_1200x628_V1.png?fit=1200%2C628&ssl=1&resize=1050%2C600 3x"},"classes":[]},{"id":102259,"url":"https:\/\/zeromagazine.mx\/index.php\/2025\/04\/22\/coleccion-crocs-floral\/","url_meta":{"origin":71973,"position":3},"title":"Colecci\u00f3n Crocs floral","author":"David Morales","date":"22 de abril de 2025","format":false,"excerpt":"Amix, si andaban en mood de renovar su look con algo s\u00faper c\u00f3modo y est\u00e9ticamente delicioso, prep\u00e1rense para esta joyita. Marimekko, la casa de dise\u00f1o finlandesa que es puro vibes con sus prints art\u00edsticos, y Crocs, los reyes del calzado sin estr\u00e9s, se aliaron en una colaboraci\u00f3n que grita alegr\u00eda\u2026","rel":"","context":"En \u00abModa\u00bb","block_context":{"text":"Moda","link":"https:\/\/zeromagazine.mx\/index.php\/category\/moda\/"},"img":{"alt_text":"","src":"https:\/\/zeromagazine.mx\/wp-content\/uploads\/2025\/04\/a17fefcbbdb0e8eac940ca79dc44189ebb8f59fa-5760x3408-1.avif","width":350,"height":200,"srcset":"https:\/\/zeromagazine.mx\/wp-content\/uploads\/2025\/04\/a17fefcbbdb0e8eac940ca79dc44189ebb8f59fa-5760x3408-1.avif 1x, https:\/\/zeromagazine.mx\/wp-content\/uploads\/2025\/04\/a17fefcbbdb0e8eac940ca79dc44189ebb8f59fa-5760x3408-1.avif 1.5x, https:\/\/zeromagazine.mx\/wp-content\/uploads\/2025\/04\/a17fefcbbdb0e8eac940ca79dc44189ebb8f59fa-5760x3408-1.avif 2x, https:\/\/zeromagazine.mx\/wp-content\/uploads\/2025\/04\/a17fefcbbdb0e8eac940ca79dc44189ebb8f59fa-5760x3408-1.avif 3x"},"classes":[]},{"id":108095,"url":"https:\/\/zeromagazine.mx\/index.php\/2025\/09\/12\/krispy-kreme-x-crocs-edicion-limitada\/","url_meta":{"origin":71973,"position":4},"title":"Krispy Kreme x Crocs: comodidad glaseada","author":"David Morales","date":"12 de septiembre de 2025","format":false,"excerpt":"No s\u00e9 t\u00fa, pero yo soy de esas personas que encuentra la felicidad en dos cosas simples: unas donas reci\u00e9n glaseadas y la comodidad absoluta de mis Crocs. As\u00ed que cuando escuch\u00e9 que\u00a0Krispy Kreme\u00ae y Crocs\u2122\u00a0se unieron en una colaboraci\u00f3n de edici\u00f3n limitada, supe que estaba hecha para m\u00ed. Despu\u00e9s\u2026","rel":"","context":"En \u00abModa\u00bb","block_context":{"text":"Moda","link":"https:\/\/zeromagazine.mx\/index.php\/category\/moda\/"},"img":{"alt_text":"","src":"https:\/\/i0.wp.com\/zeromagazine.mx\/wp-content\/uploads\/2025\/09\/KKD_Crocs-earned-media-shoes-1920x1080-02.jpeg?fit=1200%2C675&ssl=1&resize=350%2C200","width":350,"height":200,"srcset":"https:\/\/i0.wp.com\/zeromagazine.mx\/wp-content\/uploads\/2025\/09\/KKD_Crocs-earned-media-shoes-1920x1080-02.jpeg?fit=1200%2C675&ssl=1&resize=350%2C200 1x, https:\/\/i0.wp.com\/zeromagazine.mx\/wp-content\/uploads\/2025\/09\/KKD_Crocs-earned-media-shoes-1920x1080-02.jpeg?fit=1200%2C675&ssl=1&resize=525%2C300 1.5x, https:\/\/i0.wp.com\/zeromagazine.mx\/wp-content\/uploads\/2025\/09\/KKD_Crocs-earned-media-shoes-1920x1080-02.jpeg?fit=1200%2C675&ssl=1&resize=700%2C400 2x, https:\/\/i0.wp.com\/zeromagazine.mx\/wp-content\/uploads\/2025\/09\/KKD_Crocs-earned-media-shoes-1920x1080-02.jpeg?fit=1200%2C675&ssl=1&resize=1050%2C600 3x"},"classes":[]},{"id":109577,"url":"https:\/\/zeromagazine.mx\/index.php\/2025\/10\/20\/crocs-dia-de-muertos-estilo\/","url_meta":{"origin":71973,"position":5},"title":"Crocs D\u00eda de Muertos vibra con estilo","author":"Luis Trujano","date":"20 de octubre de 2025","format":false,"excerpt":"Crocs D\u00eda de Muertos: tradici\u00f3n con flow Hay algo m\u00e1gico en el D\u00eda de Muertos: el olor al cempas\u00fachil, las velas, el pan dulce y ese aire nost\u00e1lgico que conecta pasado y presente. Este a\u00f1o, Crocs lo transforma en un statement de moda con su nueva colecci\u00f3n Crocs D\u00eda de\u2026","rel":"","context":"En \u00abBlog\u00bb","block_context":{"text":"Blog","link":"https:\/\/zeromagazine.mx\/index.php\/category\/blog\/"},"img":{"alt_text":"","src":"https:\/\/i0.wp.com\/zeromagazine.mx\/wp-content\/uploads\/2025\/10\/212109_0C4_ALT110.png?fit=1200%2C887&ssl=1&resize=350%2C200","width":350,"height":200,"srcset":"https:\/\/i0.wp.com\/zeromagazine.mx\/wp-content\/uploads\/2025\/10\/212109_0C4_ALT110.png?fit=1200%2C887&ssl=1&resize=350%2C200 1x, https:\/\/i0.wp.com\/zeromagazine.mx\/wp-content\/uploads\/2025\/10\/212109_0C4_ALT110.png?fit=1200%2C887&ssl=1&resize=525%2C300 1.5x, https:\/\/i0.wp.com\/zeromagazine.mx\/wp-content\/uploads\/2025\/10\/212109_0C4_ALT110.png?fit=1200%2C887&ssl=1&resize=700%2C400 2x, https:\/\/i0.wp.com\/zeromagazine.mx\/wp-content\/uploads\/2025\/10\/212109_0C4_ALT110.png?fit=1200%2C887&ssl=1&resize=1050%2C600 3x"},"classes":[]}],"jetpack_sharing_enabled":true,"builder_content":"","_links":{"self":[{"href":"https:\/\/zeromagazine.mx\/index.php\/wp-json\/wp\/v2\/posts\/71973","targetHints":{"allow":["GET"]}}],"collection":[{"href":"https:\/\/zeromagazine.mx\/index.php\/wp-json\/wp\/v2\/posts"}],"about":[{"href":"https:\/\/zeromagazine.mx\/index.php\/wp-json\/wp\/v2\/types\/post"}],"author":[{"embeddable":true,"href":"https:\/\/zeromagazine.mx\/index.php\/wp-json\/wp\/v2\/users\/2"}],"replies":[{"embeddable":true,"href":"https:\/\/zeromagazine.mx\/index.php\/wp-json\/wp\/v2\/comments?post=71973"}],"version-history":[{"count":2,"href":"https:\/\/zeromagazine.mx\/index.php\/wp-json\/wp\/v2\/posts\/71973\/revisions"}],"predecessor-version":[{"id":71980,"href":"https:\/\/zeromagazine.mx\/index.php\/wp-json\/wp\/v2\/posts\/71973\/revisions\/71980"}],"wp:featuredmedia":[{"embeddable":true,"href":"https:\/\/zeromagazine.mx\/index.php\/wp-json\/wp\/v2\/media\/71978"}],"wp:attachment":[{"href":"https:\/\/zeromagazine.mx\/index.php\/wp-json\/wp\/v2\/media?parent=71973"}],"wp:term":[{"taxonomy":"category","embeddable":true,"href":"https:\/\/zeromagazine.mx\/index.php\/wp-json\/wp\/v2\/categories?post=71973"},{"taxonomy":"post_tag","embeddable":true,"href":"https:\/\/zeromagazine.mx\/index.php\/wp-json\/wp\/v2\/tags?post=71973"}],"curies":[{"name":"wp","href":"https:\/\/api.w.org\/{rel}","templated":true}]}}