{"id":72030,"date":"2024-03-14T23:00:00","date_gmt":"2024-03-14T22:00:00","guid":{"rendered":"https:\/\/zeromagazine.mx\/?p=72030"},"modified":"2024-03-14T18:25:31","modified_gmt":"2024-03-14T17:25:31","slug":"bajaj-se-une-a-la-celebracion-del-vive-latino-presentado-por-amazon","status":"publish","type":"post","link":"https:\/\/zeromagazine.mx\/index.php\/2024\/03\/14\/bajaj-se-une-a-la-celebracion-del-vive-latino-presentado-por-amazon\/","title":{"rendered":"BAJAJ se une a la celebraci\u00f3n del Vive Latino presentado por Amazon"},"content":{"rendered":"<p>BAJAJ se est\u00e1 uniendo a la fiesta del Vive Latino presentado por Amazon y te aseguro que no te lo querr\u00e1s perder. La marca lleva rompi\u00e9ndola desde el a\u00f1o pasado en los festivales. Pues este a\u00f1o no se quedan atr\u00e1s, al contrario, \u00a1vienen con todo! Estar\u00e1n presentes en el 24\u00ba Festival Iberoamericano de Cultura Musical con los modelos m\u00e1s ic\u00f3nicos como Dominar 400 y 250, Avenger 220 y Pulsar N250. Imag\u00ednense sentir el poder de esas m\u00e1quinas.<\/p>\n\n\n\n<script async src=\"https:\/\/pagead2.googlesyndication.com\/pagead\/js\/adsbygoogle.js?client=ca-pub-5499304793904745\"\n     crossorigin=\"anonymous\"><\/script>\n<ins class=\"adsbygoogle\"\n     style=\"display:block; text-align:center;\"\n     data-ad-layout=\"in-article\"\n     data-ad-format=\"fluid\"\n     data-ad-client=\"ca-pub-5499304793904745\"\n     data-ad-slot=\"5994863093\"><\/ins>\n<script>\n     (adsbygoogle = window.adsbygoogle || []).push({});\n<\/script>\n\n\n\n<p>Ahora, lo mejor de todo es que el stand de BAJAJ estar\u00e1 lleno de actividades para pasarla bomba. As\u00ed que, \u00bfqu\u00e9 esperan para ir con toda la banda? Se van a poder subir a las motos, tomar las fotos m\u00e1s cool para las redes y, \u00a1a ganar muchos premios! Y no se pierdan, estar\u00e1 bien cerquita del \u00abFLOW\u00bb.<\/p>\n\n\n\n<figure class=\"wp-block-image alignwide size-large\"><img data-recalc-dims=\"1\" decoding=\"async\" width=\"1024\" height=\"1024\" src=\"https:\/\/i0.wp.com\/zeromagazine.mx\/wp-content\/uploads\/2024\/03\/unnamed-2-1024x1024.jpg?resize=1024%2C1024&#038;ssl=1\" alt=\"\" class=\"wp-image-72031\" srcset=\"https:\/\/i0.wp.com\/zeromagazine.mx\/wp-content\/uploads\/2024\/03\/unnamed-2.jpg?resize=1024%2C1024&amp;ssl=1 1024w, https:\/\/i0.wp.com\/zeromagazine.mx\/wp-content\/uploads\/2024\/03\/unnamed-2.jpg?resize=300%2C300&amp;ssl=1 300w, https:\/\/i0.wp.com\/zeromagazine.mx\/wp-content\/uploads\/2024\/03\/unnamed-2.jpg?resize=150%2C150&amp;ssl=1 150w, https:\/\/i0.wp.com\/zeromagazine.mx\/wp-content\/uploads\/2024\/03\/unnamed-2.jpg?resize=768%2C768&amp;ssl=1 768w, https:\/\/i0.wp.com\/zeromagazine.mx\/wp-content\/uploads\/2024\/03\/unnamed-2.jpg?resize=70%2C70&amp;ssl=1 70w, https:\/\/i0.wp.com\/zeromagazine.mx\/wp-content\/uploads\/2024\/03\/unnamed-2.jpg?w=1080&amp;ssl=1 1080w\" sizes=\"(max-width: 1024px) 100vw, 1024px\" \/><\/figure>\n\n\n\n<p><\/p>\n\n\n\n<p>BAJAJ quiere compartir esta experiencia con ustedes y va a llevar a 10 personas al Vive Latino. S\u00ed, como lo est\u00e1n leyendo, \u00a1van a poder vivir toda esa emoci\u00f3n junto a la marca! Y hablemos del line up del festival. Este a\u00f1o viene cargado de talento con m\u00e1s de 80 artistas nacionales e internacionales como Kings Of Leon, Bad Religion, Belanova, Rawayana y Arroba Nat. <\/p>\n\n\n\n<script async src=\"https:\/\/pagead2.googlesyndication.com\/pagead\/js\/adsbygoogle.js?client=ca-pub-5499304793904745\"\n     crossorigin=\"anonymous\"><\/script>\n<ins class=\"adsbygoogle\"\n     style=\"display:block; text-align:center;\"\n     data-ad-layout=\"in-article\"\n     data-ad-format=\"fluid\"\n     data-ad-client=\"ca-pub-5499304793904745\"\n     data-ad-slot=\"5994863093\"><\/ins>\n<script>\n     (adsbygoogle = window.adsbygoogle || []).push({});\n<\/script>\n\n\n\n<p>No se pueden perder este evento que ya es toda una tradici\u00f3n en la Ciudad de M\u00e9xico desde 1998. \u00bfSe apuntan? No se queden fuera de esta experiencia \u00fanica. \u00a1Nos vemos en el Vive Latino!<\/p>\n\n<!--themify_builder_content-->\n<div id=\"themify_builder_content-72030\" data-postid=\"72030\" class=\"themify_builder_content themify_builder_content-72030 themify_builder tf_clear\">\n    <\/div>\n<!--\/themify_builder_content-->","protected":false},"excerpt":{"rendered":"<p>BAJAJ se est\u00e1 uniendo a la fiesta del Vive Latino presentado por Amazon y te aseguro que no te lo querr\u00e1s perder. La marca lleva rompi\u00e9ndola desde el a\u00f1o pasado en los festivales. Pues este a\u00f1o no se quedan atr\u00e1s, al contrario, \u00a1vienen con todo! Estar\u00e1n presentes en el 24\u00ba Festival Iberoamericano de Cultura Musical [&hellip;]<\/p>\n","protected":false},"author":2,"featured_media":0,"comment_status":"open","ping_status":"open","sticky":false,"template":"","format":"standard","meta":{"_jetpack_memberships_contains_paid_content":false,"footnotes":"","jetpack_publicize_message":"","jetpack_publicize_feature_enabled":true,"jetpack_social_post_already_shared":false,"jetpack_social_options":{"image_generator_settings":{"template":"highway","default_image_id":0,"font":"","enabled":false},"version":2}},"categories":[1],"tags":[176,7286,7121,7285],"class_list":["post-72030","post","type-post","status-publish","format-standard","hentry","category-blog","tag-amazon","tag-bajaj","tag-colaboracion-2","tag-vive-latino","has-post-title","has-post-date","has-post-category","has-post-tag","has-post-comment","has-post-author",""],"yoast_head":"<!-- This site is optimized with the Yoast SEO plugin v27.5 - https:\/\/yoast.com\/product\/yoast-seo-wordpress\/ -->\n<title>BAJAJ se une a la celebraci\u00f3n del Vive Latino presentado por Amazon - Zero Magazine<\/title>\n<meta name=\"robots\" content=\"index, follow, max-snippet:-1, max-image-preview:large, max-video-preview:-1\" \/>\n<link rel=\"canonical\" href=\"https:\/\/zeromagazine.mx\/index.php\/2024\/03\/14\/bajaj-se-une-a-la-celebracion-del-vive-latino-presentado-por-amazon\/\" \/>\n<meta property=\"og:locale\" content=\"es_ES\" \/>\n<meta property=\"og:type\" content=\"article\" \/>\n<meta property=\"og:title\" content=\"BAJAJ se une a la celebraci\u00f3n del Vive Latino presentado por Amazon - Zero Magazine\" \/>\n<meta property=\"og:description\" content=\"BAJAJ se est\u00e1 uniendo a la fiesta del Vive Latino presentado por Amazon y te aseguro que no te lo querr\u00e1s perder. La marca lleva rompi\u00e9ndola desde el a\u00f1o pasado en los festivales. Pues este a\u00f1o no se quedan atr\u00e1s, al contrario, \u00a1vienen con todo! Estar\u00e1n presentes en el 24\u00ba Festival Iberoamericano de Cultura Musical [&hellip;]\" \/>\n<meta property=\"og:url\" content=\"https:\/\/zeromagazine.mx\/index.php\/2024\/03\/14\/bajaj-se-une-a-la-celebracion-del-vive-latino-presentado-por-amazon\/\" \/>\n<meta property=\"og:site_name\" content=\"Zero Magazine\" \/>\n<meta property=\"article:published_time\" content=\"2024-03-14T22:00:00+00:00\" \/>\n<meta property=\"og:image\" content=\"https:\/\/zeromagazine.mx\/wp-content\/uploads\/2024\/03\/unnamed-2-1024x1024.jpg\" \/>\n<meta name=\"author\" content=\"zeromagazinemx\" \/>\n<meta name=\"twitter:card\" content=\"summary_large_image\" \/>\n<meta name=\"twitter:label1\" content=\"Escrito por\" \/>\n\t<meta name=\"twitter:data1\" content=\"zeromagazinemx\" \/>\n\t<meta name=\"twitter:label2\" content=\"Tiempo de lectura\" \/>\n\t<meta name=\"twitter:data2\" content=\"1 minuto\" \/>\n<script type=\"application\/ld+json\" class=\"yoast-schema-graph\">{\"@context\":\"https:\\\/\\\/schema.org\",\"@graph\":[{\"@type\":\"Article\",\"@id\":\"https:\\\/\\\/zeromagazine.mx\\\/index.php\\\/2024\\\/03\\\/14\\\/bajaj-se-une-a-la-celebracion-del-vive-latino-presentado-por-amazon\\\/#article\",\"isPartOf\":{\"@id\":\"https:\\\/\\\/zeromagazine.mx\\\/index.php\\\/2024\\\/03\\\/14\\\/bajaj-se-une-a-la-celebracion-del-vive-latino-presentado-por-amazon\\\/\"},\"author\":{\"name\":\"zeromagazinemx\",\"@id\":\"https:\\\/\\\/zeromagazine.mx\\\/#\\\/schema\\\/person\\\/9aed9f33a7c39af3a348b86d723f7773\"},\"headline\":\"BAJAJ se une a la celebraci\u00f3n del Vive Latino presentado por Amazon\",\"datePublished\":\"2024-03-14T22:00:00+00:00\",\"mainEntityOfPage\":{\"@id\":\"https:\\\/\\\/zeromagazine.mx\\\/index.php\\\/2024\\\/03\\\/14\\\/bajaj-se-une-a-la-celebracion-del-vive-latino-presentado-por-amazon\\\/\"},\"wordCount\":258,\"commentCount\":0,\"publisher\":{\"@id\":\"https:\\\/\\\/zeromagazine.mx\\\/#organization\"},\"image\":{\"@id\":\"https:\\\/\\\/zeromagazine.mx\\\/index.php\\\/2024\\\/03\\\/14\\\/bajaj-se-une-a-la-celebracion-del-vive-latino-presentado-por-amazon\\\/#primaryimage\"},\"thumbnailUrl\":\"https:\\\/\\\/zeromagazine.mx\\\/wp-content\\\/uploads\\\/2024\\\/03\\\/unnamed-2-1024x1024.jpg\",\"keywords\":[\"Amazon\",\"BAJAJ\",\"Colaboraci\u00f3n\",\"Vive Latino\"],\"articleSection\":[\"Blog\"],\"inLanguage\":\"es\",\"potentialAction\":[{\"@type\":\"CommentAction\",\"name\":\"Comment\",\"target\":[\"https:\\\/\\\/zeromagazine.mx\\\/index.php\\\/2024\\\/03\\\/14\\\/bajaj-se-une-a-la-celebracion-del-vive-latino-presentado-por-amazon\\\/#respond\"]}]},{\"@type\":\"WebPage\",\"@id\":\"https:\\\/\\\/zeromagazine.mx\\\/index.php\\\/2024\\\/03\\\/14\\\/bajaj-se-une-a-la-celebracion-del-vive-latino-presentado-por-amazon\\\/\",\"url\":\"https:\\\/\\\/zeromagazine.mx\\\/index.php\\\/2024\\\/03\\\/14\\\/bajaj-se-une-a-la-celebracion-del-vive-latino-presentado-por-amazon\\\/\",\"name\":\"BAJAJ se une a la celebraci\u00f3n del Vive Latino presentado por Amazon - Zero Magazine\",\"isPartOf\":{\"@id\":\"https:\\\/\\\/zeromagazine.mx\\\/#website\"},\"primaryImageOfPage\":{\"@id\":\"https:\\\/\\\/zeromagazine.mx\\\/index.php\\\/2024\\\/03\\\/14\\\/bajaj-se-une-a-la-celebracion-del-vive-latino-presentado-por-amazon\\\/#primaryimage\"},\"image\":{\"@id\":\"https:\\\/\\\/zeromagazine.mx\\\/index.php\\\/2024\\\/03\\\/14\\\/bajaj-se-une-a-la-celebracion-del-vive-latino-presentado-por-amazon\\\/#primaryimage\"},\"thumbnailUrl\":\"https:\\\/\\\/zeromagazine.mx\\\/wp-content\\\/uploads\\\/2024\\\/03\\\/unnamed-2-1024x1024.jpg\",\"datePublished\":\"2024-03-14T22:00:00+00:00\",\"breadcrumb\":{\"@id\":\"https:\\\/\\\/zeromagazine.mx\\\/index.php\\\/2024\\\/03\\\/14\\\/bajaj-se-une-a-la-celebracion-del-vive-latino-presentado-por-amazon\\\/#breadcrumb\"},\"inLanguage\":\"es\",\"potentialAction\":[{\"@type\":\"ReadAction\",\"target\":[\"https:\\\/\\\/zeromagazine.mx\\\/index.php\\\/2024\\\/03\\\/14\\\/bajaj-se-une-a-la-celebracion-del-vive-latino-presentado-por-amazon\\\/\"]}]},{\"@type\":\"ImageObject\",\"inLanguage\":\"es\",\"@id\":\"https:\\\/\\\/zeromagazine.mx\\\/index.php\\\/2024\\\/03\\\/14\\\/bajaj-se-une-a-la-celebracion-del-vive-latino-presentado-por-amazon\\\/#primaryimage\",\"url\":\"https:\\\/\\\/zeromagazine.mx\\\/wp-content\\\/uploads\\\/2024\\\/03\\\/unnamed-2-1024x1024.jpg\",\"contentUrl\":\"https:\\\/\\\/zeromagazine.mx\\\/wp-content\\\/uploads\\\/2024\\\/03\\\/unnamed-2-1024x1024.jpg\"},{\"@type\":\"BreadcrumbList\",\"@id\":\"https:\\\/\\\/zeromagazine.mx\\\/index.php\\\/2024\\\/03\\\/14\\\/bajaj-se-une-a-la-celebracion-del-vive-latino-presentado-por-amazon\\\/#breadcrumb\",\"itemListElement\":[{\"@type\":\"ListItem\",\"position\":1,\"name\":\"Portada\",\"item\":\"https:\\\/\\\/zeromagazine.mx\\\/\"},{\"@type\":\"ListItem\",\"position\":2,\"name\":\"BAJAJ se une a la celebraci\u00f3n del Vive Latino presentado por Amazon\"}]},{\"@type\":\"WebSite\",\"@id\":\"https:\\\/\\\/zeromagazine.mx\\\/#website\",\"url\":\"https:\\\/\\\/zeromagazine.mx\\\/\",\"name\":\"Zero Magazine\",\"description\":\"\",\"publisher\":{\"@id\":\"https:\\\/\\\/zeromagazine.mx\\\/#organization\"},\"potentialAction\":[{\"@type\":\"SearchAction\",\"target\":{\"@type\":\"EntryPoint\",\"urlTemplate\":\"https:\\\/\\\/zeromagazine.mx\\\/?s={search_term_string}\"},\"query-input\":{\"@type\":\"PropertyValueSpecification\",\"valueRequired\":true,\"valueName\":\"search_term_string\"}}],\"inLanguage\":\"es\"},{\"@type\":\"Organization\",\"@id\":\"https:\\\/\\\/zeromagazine.mx\\\/#organization\",\"name\":\"Zero Magazine\",\"url\":\"https:\\\/\\\/zeromagazine.mx\\\/\",\"logo\":{\"@type\":\"ImageObject\",\"inLanguage\":\"es\",\"@id\":\"https:\\\/\\\/zeromagazine.mx\\\/#\\\/schema\\\/logo\\\/image\\\/\",\"url\":\"https:\\\/\\\/i0.wp.com\\\/zeromagazine.mx\\\/wp-content\\\/uploads\\\/2025\\\/11\\\/1.jpeg?fit=1000%2C1000&ssl=1\",\"contentUrl\":\"https:\\\/\\\/i0.wp.com\\\/zeromagazine.mx\\\/wp-content\\\/uploads\\\/2025\\\/11\\\/1.jpeg?fit=1000%2C1000&ssl=1\",\"width\":1000,\"height\":1000,\"caption\":\"Zero Magazine\"},\"image\":{\"@id\":\"https:\\\/\\\/zeromagazine.mx\\\/#\\\/schema\\\/logo\\\/image\\\/\"},\"sameAs\":[\"https:\\\/\\\/instagram.com\\\/zeromagazinemx\"]},{\"@type\":\"Person\",\"@id\":\"https:\\\/\\\/zeromagazine.mx\\\/#\\\/schema\\\/person\\\/9aed9f33a7c39af3a348b86d723f7773\",\"name\":\"zeromagazinemx\",\"image\":{\"@type\":\"ImageObject\",\"inLanguage\":\"es\",\"@id\":\"https:\\\/\\\/zeromagazine.mx\\\/wp-content\\\/litespeed\\\/avatar\\\/f91dfe5410d5dcb1a576bf8c45983896.jpg?ver=1777571230\",\"url\":\"https:\\\/\\\/zeromagazine.mx\\\/wp-content\\\/litespeed\\\/avatar\\\/f91dfe5410d5dcb1a576bf8c45983896.jpg?ver=1777571230\",\"contentUrl\":\"https:\\\/\\\/zeromagazine.mx\\\/wp-content\\\/litespeed\\\/avatar\\\/f91dfe5410d5dcb1a576bf8c45983896.jpg?ver=1777571230\",\"caption\":\"zeromagazinemx\"},\"url\":\"https:\\\/\\\/zeromagazine.mx\\\/index.php\\\/author\\\/zeromagazinemx\\\/\"}]}<\/script>\n<!-- \/ Yoast SEO plugin. -->","yoast_head_json":{"title":"BAJAJ se une a la celebraci\u00f3n del Vive Latino presentado por Amazon - Zero Magazine","robots":{"index":"index","follow":"follow","max-snippet":"max-snippet:-1","max-image-preview":"max-image-preview:large","max-video-preview":"max-video-preview:-1"},"canonical":"https:\/\/zeromagazine.mx\/index.php\/2024\/03\/14\/bajaj-se-une-a-la-celebracion-del-vive-latino-presentado-por-amazon\/","og_locale":"es_ES","og_type":"article","og_title":"BAJAJ se une a la celebraci\u00f3n del Vive Latino presentado por Amazon - Zero Magazine","og_description":"BAJAJ se est\u00e1 uniendo a la fiesta del Vive Latino presentado por Amazon y te aseguro que no te lo querr\u00e1s perder. La marca lleva rompi\u00e9ndola desde el a\u00f1o pasado en los festivales. Pues este a\u00f1o no se quedan atr\u00e1s, al contrario, \u00a1vienen con todo! Estar\u00e1n presentes en el 24\u00ba Festival Iberoamericano de Cultura Musical [&hellip;]","og_url":"https:\/\/zeromagazine.mx\/index.php\/2024\/03\/14\/bajaj-se-une-a-la-celebracion-del-vive-latino-presentado-por-amazon\/","og_site_name":"Zero Magazine","article_published_time":"2024-03-14T22:00:00+00:00","og_image":[{"url":"https:\/\/zeromagazine.mx\/wp-content\/uploads\/2024\/03\/unnamed-2-1024x1024.jpg","type":"","width":"","height":""}],"author":"zeromagazinemx","twitter_card":"summary_large_image","twitter_misc":{"Escrito por":"zeromagazinemx","Tiempo de lectura":"1 minuto"},"schema":{"@context":"https:\/\/schema.org","@graph":[{"@type":"Article","@id":"https:\/\/zeromagazine.mx\/index.php\/2024\/03\/14\/bajaj-se-une-a-la-celebracion-del-vive-latino-presentado-por-amazon\/#article","isPartOf":{"@id":"https:\/\/zeromagazine.mx\/index.php\/2024\/03\/14\/bajaj-se-une-a-la-celebracion-del-vive-latino-presentado-por-amazon\/"},"author":{"name":"zeromagazinemx","@id":"https:\/\/zeromagazine.mx\/#\/schema\/person\/9aed9f33a7c39af3a348b86d723f7773"},"headline":"BAJAJ se une a la celebraci\u00f3n del Vive Latino presentado por Amazon","datePublished":"2024-03-14T22:00:00+00:00","mainEntityOfPage":{"@id":"https:\/\/zeromagazine.mx\/index.php\/2024\/03\/14\/bajaj-se-une-a-la-celebracion-del-vive-latino-presentado-por-amazon\/"},"wordCount":258,"commentCount":0,"publisher":{"@id":"https:\/\/zeromagazine.mx\/#organization"},"image":{"@id":"https:\/\/zeromagazine.mx\/index.php\/2024\/03\/14\/bajaj-se-une-a-la-celebracion-del-vive-latino-presentado-por-amazon\/#primaryimage"},"thumbnailUrl":"https:\/\/zeromagazine.mx\/wp-content\/uploads\/2024\/03\/unnamed-2-1024x1024.jpg","keywords":["Amazon","BAJAJ","Colaboraci\u00f3n","Vive Latino"],"articleSection":["Blog"],"inLanguage":"es","potentialAction":[{"@type":"CommentAction","name":"Comment","target":["https:\/\/zeromagazine.mx\/index.php\/2024\/03\/14\/bajaj-se-une-a-la-celebracion-del-vive-latino-presentado-por-amazon\/#respond"]}]},{"@type":"WebPage","@id":"https:\/\/zeromagazine.mx\/index.php\/2024\/03\/14\/bajaj-se-une-a-la-celebracion-del-vive-latino-presentado-por-amazon\/","url":"https:\/\/zeromagazine.mx\/index.php\/2024\/03\/14\/bajaj-se-une-a-la-celebracion-del-vive-latino-presentado-por-amazon\/","name":"BAJAJ se une a la celebraci\u00f3n del Vive Latino presentado por Amazon - Zero Magazine","isPartOf":{"@id":"https:\/\/zeromagazine.mx\/#website"},"primaryImageOfPage":{"@id":"https:\/\/zeromagazine.mx\/index.php\/2024\/03\/14\/bajaj-se-une-a-la-celebracion-del-vive-latino-presentado-por-amazon\/#primaryimage"},"image":{"@id":"https:\/\/zeromagazine.mx\/index.php\/2024\/03\/14\/bajaj-se-une-a-la-celebracion-del-vive-latino-presentado-por-amazon\/#primaryimage"},"thumbnailUrl":"https:\/\/zeromagazine.mx\/wp-content\/uploads\/2024\/03\/unnamed-2-1024x1024.jpg","datePublished":"2024-03-14T22:00:00+00:00","breadcrumb":{"@id":"https:\/\/zeromagazine.mx\/index.php\/2024\/03\/14\/bajaj-se-une-a-la-celebracion-del-vive-latino-presentado-por-amazon\/#breadcrumb"},"inLanguage":"es","potentialAction":[{"@type":"ReadAction","target":["https:\/\/zeromagazine.mx\/index.php\/2024\/03\/14\/bajaj-se-une-a-la-celebracion-del-vive-latino-presentado-por-amazon\/"]}]},{"@type":"ImageObject","inLanguage":"es","@id":"https:\/\/zeromagazine.mx\/index.php\/2024\/03\/14\/bajaj-se-une-a-la-celebracion-del-vive-latino-presentado-por-amazon\/#primaryimage","url":"https:\/\/zeromagazine.mx\/wp-content\/uploads\/2024\/03\/unnamed-2-1024x1024.jpg","contentUrl":"https:\/\/zeromagazine.mx\/wp-content\/uploads\/2024\/03\/unnamed-2-1024x1024.jpg"},{"@type":"BreadcrumbList","@id":"https:\/\/zeromagazine.mx\/index.php\/2024\/03\/14\/bajaj-se-une-a-la-celebracion-del-vive-latino-presentado-por-amazon\/#breadcrumb","itemListElement":[{"@type":"ListItem","position":1,"name":"Portada","item":"https:\/\/zeromagazine.mx\/"},{"@type":"ListItem","position":2,"name":"BAJAJ se une a la celebraci\u00f3n del Vive Latino presentado por Amazon"}]},{"@type":"WebSite","@id":"https:\/\/zeromagazine.mx\/#website","url":"https:\/\/zeromagazine.mx\/","name":"Zero Magazine","description":"","publisher":{"@id":"https:\/\/zeromagazine.mx\/#organization"},"potentialAction":[{"@type":"SearchAction","target":{"@type":"EntryPoint","urlTemplate":"https:\/\/zeromagazine.mx\/?s={search_term_string}"},"query-input":{"@type":"PropertyValueSpecification","valueRequired":true,"valueName":"search_term_string"}}],"inLanguage":"es"},{"@type":"Organization","@id":"https:\/\/zeromagazine.mx\/#organization","name":"Zero Magazine","url":"https:\/\/zeromagazine.mx\/","logo":{"@type":"ImageObject","inLanguage":"es","@id":"https:\/\/zeromagazine.mx\/#\/schema\/logo\/image\/","url":"https:\/\/i0.wp.com\/zeromagazine.mx\/wp-content\/uploads\/2025\/11\/1.jpeg?fit=1000%2C1000&ssl=1","contentUrl":"https:\/\/i0.wp.com\/zeromagazine.mx\/wp-content\/uploads\/2025\/11\/1.jpeg?fit=1000%2C1000&ssl=1","width":1000,"height":1000,"caption":"Zero Magazine"},"image":{"@id":"https:\/\/zeromagazine.mx\/#\/schema\/logo\/image\/"},"sameAs":["https:\/\/instagram.com\/zeromagazinemx"]},{"@type":"Person","@id":"https:\/\/zeromagazine.mx\/#\/schema\/person\/9aed9f33a7c39af3a348b86d723f7773","name":"zeromagazinemx","image":{"@type":"ImageObject","inLanguage":"es","@id":"https:\/\/zeromagazine.mx\/wp-content\/litespeed\/avatar\/f91dfe5410d5dcb1a576bf8c45983896.jpg?ver=1777571230","url":"https:\/\/zeromagazine.mx\/wp-content\/litespeed\/avatar\/f91dfe5410d5dcb1a576bf8c45983896.jpg?ver=1777571230","contentUrl":"https:\/\/zeromagazine.mx\/wp-content\/litespeed\/avatar\/f91dfe5410d5dcb1a576bf8c45983896.jpg?ver=1777571230","caption":"zeromagazinemx"},"url":"https:\/\/zeromagazine.mx\/index.php\/author\/zeromagazinemx\/"}]}},"jetpack_publicize_connections":[],"jetpack_featured_media_url":"","jetpack-related-posts":[{"id":116584,"url":"https:\/\/zeromagazine.mx\/index.php\/2026\/03\/12\/bajaj-vive-latino-2026\/","url_meta":{"origin":72030,"position":0},"title":"BAJAJ enciende motores para Vive Latino 2026","author":"David Morales","date":"12 de marzo de 2026","format":false,"excerpt":"La relaci\u00f3n entre la m\u00fasica y el estilo de vida urbano siempre ha estado conectada con la libertad, la velocidad y la expresi\u00f3n personal. Por eso,\u00a0BAJAJ Vive Latino 2026\u00a0se convierte en una de las participaciones m\u00e1s llamativas dentro del festival, llevando al p\u00fablico una experiencia que mezcla motocicletas, tecnolog\u00eda y\u2026","rel":"","context":"En \u00abBlog\u00bb","block_context":{"text":"Blog","link":"https:\/\/zeromagazine.mx\/index.php\/category\/blog\/"},"img":{"alt_text":"","src":"https:\/\/i0.wp.com\/zeromagazine.mx\/wp-content\/uploads\/2026\/03\/IMG_1703.png?fit=1182%2C665&ssl=1&resize=350%2C200","width":350,"height":200,"srcset":"https:\/\/i0.wp.com\/zeromagazine.mx\/wp-content\/uploads\/2026\/03\/IMG_1703.png?fit=1182%2C665&ssl=1&resize=350%2C200 1x, https:\/\/i0.wp.com\/zeromagazine.mx\/wp-content\/uploads\/2026\/03\/IMG_1703.png?fit=1182%2C665&ssl=1&resize=525%2C300 1.5x, https:\/\/i0.wp.com\/zeromagazine.mx\/wp-content\/uploads\/2026\/03\/IMG_1703.png?fit=1182%2C665&ssl=1&resize=700%2C400 2x, https:\/\/i0.wp.com\/zeromagazine.mx\/wp-content\/uploads\/2026\/03\/IMG_1703.png?fit=1182%2C665&ssl=1&resize=1050%2C600 3x"},"classes":[]},{"id":117333,"url":"https:\/\/zeromagazine.mx\/index.php\/2026\/03\/26\/bajaj-tecate-pal-norte-2026\/","url_meta":{"origin":72030,"position":1},"title":"BAJAJ llega a Tecate Pa`l Norte para vivir la m\u00fasica a toda velocidad","author":"David Morales","date":"26 de marzo de 2026","format":false,"excerpt":"La combinaci\u00f3n perfecta entre m\u00fasica, adrenalina y estilo de vida ya tiene nombre este 2026:\u00a0Bajaj Tecate Pa\u2019l Norte. Y es que cuando un festival de este nivel se cruza con una marca que vive la velocidad, el resultado no es solo un evento\u2026 es toda una experiencia. Este a\u00f1o, el\u2026","rel":"","context":"En \u00abBlog\u00bb","block_context":{"text":"Blog","link":"https:\/\/zeromagazine.mx\/index.php\/category\/blog\/"},"img":{"alt_text":"","src":"https:\/\/i0.wp.com\/zeromagazine.mx\/wp-content\/uploads\/2026\/03\/IMG_1860.jpeg?fit=256%2C320&ssl=1&resize=350%2C200","width":350,"height":200},"classes":[]},{"id":90944,"url":"https:\/\/zeromagazine.mx\/index.php\/2024\/11\/15\/motores-y-musica-vibra-al-100\/","url_meta":{"origin":72030,"position":2},"title":"\u00abMotores y m\u00fasica: vibra al 100\u00bb","author":"zeromagazinemx","date":"15 de noviembre de 2024","format":false,"excerpt":"Ok, fam, si t\u00fa tambi\u00e9n eres fan de las motos\u00a0y\u00a0de los festivales que ponen a M\u00e9xico en el mapa global, ag\u00e1rrate porque BAJAJ viene con todo este a\u00f1o. Imag\u00ednate la vibra: motores rugiendo al ritmo de Greenday, Raw Alejandro, o hasta los Fabulosos Cadillacs. \u00a1Literal, un dream team de m\u00fasica\u2026","rel":"","context":"En \u00abEntretenimiento\u00bb","block_context":{"text":"Entretenimiento","link":"https:\/\/zeromagazine.mx\/index.php\/category\/entretenimiento\/"},"img":{"alt_text":"","src":"https:\/\/i0.wp.com\/zeromagazine.mx\/wp-content\/uploads\/2024\/11\/BAJAJ_AZUL.png?resize=350%2C200&ssl=1","width":350,"height":200,"srcset":"https:\/\/i0.wp.com\/zeromagazine.mx\/wp-content\/uploads\/2024\/11\/BAJAJ_AZUL.png?resize=350%2C200&ssl=1 1x, https:\/\/i0.wp.com\/zeromagazine.mx\/wp-content\/uploads\/2024\/11\/BAJAJ_AZUL.png?resize=525%2C300&ssl=1 1.5x, https:\/\/i0.wp.com\/zeromagazine.mx\/wp-content\/uploads\/2024\/11\/BAJAJ_AZUL.png?resize=700%2C400&ssl=1 2x, https:\/\/i0.wp.com\/zeromagazine.mx\/wp-content\/uploads\/2024\/11\/BAJAJ_AZUL.png?resize=1050%2C600&ssl=1 3x, https:\/\/i0.wp.com\/zeromagazine.mx\/wp-content\/uploads\/2024\/11\/BAJAJ_AZUL.png?resize=1400%2C800&ssl=1 4x"},"classes":[]},{"id":97258,"url":"https:\/\/zeromagazine.mx\/index.php\/2025\/02\/20\/motos-bajaj-experiencia-sin-limite\/","url_meta":{"origin":72030,"position":3},"title":"Bajaj Sin L\u00edmite","author":"David Morales","date":"20 de febrero de 2025","format":false,"excerpt":"Cuando se trata de motos, siempre buscamos esa combinaci\u00f3n perfecta entre potencia, dise\u00f1o y tecnolog\u00eda que nos haga sentir el verdadero flow en cada rodada. Y si de eso se trata, Bajaj acaba de soltar dos bombas que van a cambiar el juego: la Pulsar NS400Z y la Pulsar N250\u2026","rel":"","context":"En \u00abTech\u00bb","block_context":{"text":"Tech","link":"https:\/\/zeromagazine.mx\/index.php\/category\/tech\/"},"img":{"alt_text":"","src":"https:\/\/i0.wp.com\/zeromagazine.mx\/wp-content\/uploads\/2025\/02\/5b3a5146-3b41-4b90-9cc2-fb0ddfa9aa34.jpeg?fit=1080%2C1080&ssl=1&resize=350%2C200","width":350,"height":200,"srcset":"https:\/\/i0.wp.com\/zeromagazine.mx\/wp-content\/uploads\/2025\/02\/5b3a5146-3b41-4b90-9cc2-fb0ddfa9aa34.jpeg?fit=1080%2C1080&ssl=1&resize=350%2C200 1x, https:\/\/i0.wp.com\/zeromagazine.mx\/wp-content\/uploads\/2025\/02\/5b3a5146-3b41-4b90-9cc2-fb0ddfa9aa34.jpeg?fit=1080%2C1080&ssl=1&resize=525%2C300 1.5x, https:\/\/i0.wp.com\/zeromagazine.mx\/wp-content\/uploads\/2025\/02\/5b3a5146-3b41-4b90-9cc2-fb0ddfa9aa34.jpeg?fit=1080%2C1080&ssl=1&resize=700%2C400 2x, https:\/\/i0.wp.com\/zeromagazine.mx\/wp-content\/uploads\/2025\/02\/5b3a5146-3b41-4b90-9cc2-fb0ddfa9aa34.jpeg?fit=1080%2C1080&ssl=1&resize=1050%2C600 3x"},"classes":[]},{"id":89226,"url":"https:\/\/zeromagazine.mx\/index.php\/2024\/11\/01\/bajaj-refacciones-rapidas-y-sin-drama\/","url_meta":{"origin":72030,"position":4},"title":"\u00abBAJAJ: Refacciones R\u00e1pidas y Sin Drama\u00bb","author":"zeromagazinemx","date":"1 de noviembre de 2024","format":false,"excerpt":"Si andan en el mundo de las motos, seguro han escuchado de BAJAJ, \u00bfverdad? Esta marca, que ya es la big boss de las motos a nivel global, acaba de lanzar su centro de distribuci\u00f3n de refacciones m\u00e1s grande fuera de India, right here en M\u00e9xico. El 29 de octubre\u2026","rel":"","context":"En \u00abTech\u00bb","block_context":{"text":"Tech","link":"https:\/\/zeromagazine.mx\/index.php\/category\/tech\/"},"img":{"alt_text":"","src":"https:\/\/i0.wp.com\/zeromagazine.mx\/wp-content\/uploads\/2024\/11\/imagen4.jpeg?fit=1200%2C900&ssl=1&resize=350%2C200","width":350,"height":200,"srcset":"https:\/\/i0.wp.com\/zeromagazine.mx\/wp-content\/uploads\/2024\/11\/imagen4.jpeg?fit=1200%2C900&ssl=1&resize=350%2C200 1x, https:\/\/i0.wp.com\/zeromagazine.mx\/wp-content\/uploads\/2024\/11\/imagen4.jpeg?fit=1200%2C900&ssl=1&resize=525%2C300 1.5x, https:\/\/i0.wp.com\/zeromagazine.mx\/wp-content\/uploads\/2024\/11\/imagen4.jpeg?fit=1200%2C900&ssl=1&resize=700%2C400 2x, https:\/\/i0.wp.com\/zeromagazine.mx\/wp-content\/uploads\/2024\/11\/imagen4.jpeg?fit=1200%2C900&ssl=1&resize=1050%2C600 3x"},"classes":[]},{"id":87298,"url":"https:\/\/zeromagazine.mx\/index.php\/2024\/10\/18\/motos-y-rock-vamos\/","url_meta":{"origin":72030,"position":5},"title":"\u00abMotos y Rock: \u00a1Vamos!\u00bb","author":"zeromagazinemx","date":"18 de octubre de 2024","format":false,"excerpt":"\u00a1Hola a tod@s! \u00bfListos para un evento que va a dejar huella? Este a\u00f1o, BAJAJ est\u00e1 llevando el Encuentro Nacional Dominar Rides al siguiente nivel con un festival que ya est\u00e1 sonando en todos lados: \u00a1\u201cDominar Rock and Ride\u201d! Si amas el rock en espa\u00f1ol y sientes el viento en\u2026","rel":"","context":"En \u00abEntretenimiento\u00bb","block_context":{"text":"Entretenimiento","link":"https:\/\/zeromagazine.mx\/index.php\/category\/entretenimiento\/"},"img":{"alt_text":"","src":"https:\/\/i0.wp.com\/zeromagazine.mx\/wp-content\/uploads\/2024\/10\/BAJAJ_AZUL.jpg?resize=350%2C200&ssl=1","width":350,"height":200,"srcset":"https:\/\/i0.wp.com\/zeromagazine.mx\/wp-content\/uploads\/2024\/10\/BAJAJ_AZUL.jpg?resize=350%2C200&ssl=1 1x, https:\/\/i0.wp.com\/zeromagazine.mx\/wp-content\/uploads\/2024\/10\/BAJAJ_AZUL.jpg?resize=525%2C300&ssl=1 1.5x, https:\/\/i0.wp.com\/zeromagazine.mx\/wp-content\/uploads\/2024\/10\/BAJAJ_AZUL.jpg?resize=700%2C400&ssl=1 2x, https:\/\/i0.wp.com\/zeromagazine.mx\/wp-content\/uploads\/2024\/10\/BAJAJ_AZUL.jpg?resize=1050%2C600&ssl=1 3x, https:\/\/i0.wp.com\/zeromagazine.mx\/wp-content\/uploads\/2024\/10\/BAJAJ_AZUL.jpg?resize=1400%2C800&ssl=1 4x"},"classes":[]}],"jetpack_sharing_enabled":true,"builder_content":"","_links":{"self":[{"href":"https:\/\/zeromagazine.mx\/index.php\/wp-json\/wp\/v2\/posts\/72030","targetHints":{"allow":["GET"]}}],"collection":[{"href":"https:\/\/zeromagazine.mx\/index.php\/wp-json\/wp\/v2\/posts"}],"about":[{"href":"https:\/\/zeromagazine.mx\/index.php\/wp-json\/wp\/v2\/types\/post"}],"author":[{"embeddable":true,"href":"https:\/\/zeromagazine.mx\/index.php\/wp-json\/wp\/v2\/users\/2"}],"replies":[{"embeddable":true,"href":"https:\/\/zeromagazine.mx\/index.php\/wp-json\/wp\/v2\/comments?post=72030"}],"version-history":[{"count":1,"href":"https:\/\/zeromagazine.mx\/index.php\/wp-json\/wp\/v2\/posts\/72030\/revisions"}],"predecessor-version":[{"id":72032,"href":"https:\/\/zeromagazine.mx\/index.php\/wp-json\/wp\/v2\/posts\/72030\/revisions\/72032"}],"wp:attachment":[{"href":"https:\/\/zeromagazine.mx\/index.php\/wp-json\/wp\/v2\/media?parent=72030"}],"wp:term":[{"taxonomy":"category","embeddable":true,"href":"https:\/\/zeromagazine.mx\/index.php\/wp-json\/wp\/v2\/categories?post=72030"},{"taxonomy":"post_tag","embeddable":true,"href":"https:\/\/zeromagazine.mx\/index.php\/wp-json\/wp\/v2\/tags?post=72030"}],"curies":[{"name":"wp","href":"https:\/\/api.w.org\/{rel}","templated":true}]}}