{"id":72120,"date":"2024-03-15T20:00:00","date_gmt":"2024-03-15T19:00:00","guid":{"rendered":"https:\/\/zeromagazine.mx\/?p=72120"},"modified":"2024-03-15T18:29:48","modified_gmt":"2024-03-15T17:29:48","slug":"oro-de-monte-alban-la-fusion-perfecta-entre-arte-prehispanico-y-elegancia-contemporanea","status":"publish","type":"post","link":"https:\/\/zeromagazine.mx\/index.php\/2024\/03\/15\/oro-de-monte-alban-la-fusion-perfecta-entre-arte-prehispanico-y-elegancia-contemporanea\/","title":{"rendered":"Oro de Monte Alb\u00e1n: La Fusi\u00f3n Perfecta entre Arte Prehisp\u00e1nico y Elegancia Contempor\u00e1nea"},"content":{"rendered":"<p>En el vasto mundo del arte prehisp\u00e1nico, una firma destaca por su elegancia atemporal y su profundo respeto por la historia y la cultura mexicana: Oro de Monte Alb\u00e1n. Desde su fundaci\u00f3n en 1943, esta firma ha sido sin\u00f3nimo de artesan\u00eda excepcional y una conexi\u00f3n \u00fanica con las ra\u00edces ancestrales de Oaxaca, \u00a1est\u00e1n llevando el arte mexicano a nuevos horizontes!<\/p>\n\n\n\n<script async src=\"https:\/\/pagead2.googlesyndication.com\/pagead\/js\/adsbygoogle.js?client=ca-pub-5499304793904745\"\n     crossorigin=\"anonymous\"><\/script>\n<ins class=\"adsbygoogle\"\n     style=\"display:block; text-align:center;\"\n     data-ad-layout=\"in-article\"\n     data-ad-format=\"fluid\"\n     data-ad-client=\"ca-pub-5499304793904745\"\n     data-ad-slot=\"5994863093\"><\/ins>\n<script>\n     (adsbygoogle = window.adsbygoogle || []).push({});\n<\/script>\n\n\n\n<p>Lo que distingue a Oro de Monte Alb\u00e1n es su compromiso con las t\u00e9cnicas tradicionales de orfebrer\u00eda, como el tejido de filigrana y el vaciado a la cera perdida. Cada pieza de su colecci\u00f3n es creada a mano por expertos artesanos oaxaque\u00f1os, lo que garantiza una calidad y autenticidad inigualables.<\/p>\n\n\n\n<p>La colecci\u00f3n ANT\u00c1, bajo la direcci\u00f3n creativa de Ileana Rojas, es un testimonio del matrimonio entre la tradici\u00f3n y la modernidad. Inspirada en los paisajes de Oaxaca y la rica herencia cultural de la regi\u00f3n, \u00a1estas joyas capturan la esencia misma de la identidad mexicana!<\/p>\n\n\n\n<div class=\"wp-block-columns is-layout-flex wp-container-core-columns-is-layout-9d6595d7 wp-block-columns-is-layout-flex\">\n<div class=\"wp-block-column is-layout-flow wp-block-column-is-layout-flow\"><div class=\"wp-block-image\">\n<figure class=\"alignright size-full is-resized\"><img data-recalc-dims=\"1\" decoding=\"async\" width=\"213\" height=\"320\" src=\"https:\/\/i0.wp.com\/zeromagazine.mx\/wp-content\/uploads\/2024\/03\/ANTA.jpg?resize=213%2C320&#038;ssl=1\" alt=\"\" class=\"wp-image-72121\" style=\"width:248px;height:auto\" srcset=\"https:\/\/i0.wp.com\/zeromagazine.mx\/wp-content\/uploads\/2024\/03\/ANTA.jpg?w=213&amp;ssl=1 213w, https:\/\/i0.wp.com\/zeromagazine.mx\/wp-content\/uploads\/2024\/03\/ANTA.jpg?resize=200%2C300&amp;ssl=1 200w\" sizes=\"(max-width: 213px) 100vw, 213px\" \/><\/figure>\n<\/div><\/div>\n\n\n\n<div class=\"wp-block-column is-layout-flow wp-block-column-is-layout-flow\"><div class=\"wp-block-image\">\n<figure class=\"alignleft size-full is-resized\"><img data-recalc-dims=\"1\" decoding=\"async\" width=\"214\" height=\"320\" src=\"https:\/\/i0.wp.com\/zeromagazine.mx\/wp-content\/uploads\/2024\/03\/3IMG_4945.jpg?resize=214%2C320&#038;ssl=1\" alt=\"\" class=\"wp-image-72122\" style=\"width:247px;height:auto\" srcset=\"https:\/\/i0.wp.com\/zeromagazine.mx\/wp-content\/uploads\/2024\/03\/3IMG_4945.jpg?w=214&amp;ssl=1 214w, https:\/\/i0.wp.com\/zeromagazine.mx\/wp-content\/uploads\/2024\/03\/3IMG_4945.jpg?resize=201%2C300&amp;ssl=1 201w\" sizes=\"(max-width: 214px) 100vw, 214px\" \/><\/figure>\n<\/div><\/div>\n<\/div>\n\n\n\n<p><\/p>\n\n\n\n<p>Pero m\u00e1s all\u00e1 de su excelencia artesanal, Oro de Monte Alb\u00e1n tambi\u00e9n se destaca por su compromiso con la preservaci\u00f3n del patrimonio cultural. Como el \u00fanico taller de joyer\u00eda autorizado por el Instituto Nacional de Antropolog\u00eda e Historia de M\u00e9xico (INAH) para reproducir joyas prehisp\u00e1nicas en oro y plata, la firma se enorgullece de su papel en la protecci\u00f3n y difusi\u00f3n del legado de nuestros ancestros.<\/p>\n\n\n\n<script async src=\"https:\/\/pagead2.googlesyndication.com\/pagead\/js\/adsbygoogle.js?client=ca-pub-5499304793904745\"\n     crossorigin=\"anonymous\"><\/script>\n<ins class=\"adsbygoogle\"\n     style=\"display:block; text-align:center;\"\n     data-ad-layout=\"in-article\"\n     data-ad-format=\"fluid\"\n     data-ad-client=\"ca-pub-5499304793904745\"\n     data-ad-slot=\"5994863093\"><\/ins>\n<script>\n     (adsbygoogle = window.adsbygoogle || []).push({});\n<\/script>\n\n\n\n<p>A nivel internacional, Oro de Monte Alb\u00e1n ha ganado reconocimiento como un referente de la joyer\u00eda prehisp\u00e1nica, exportando sus creaciones a Am\u00e9rica y Europa. Con puntos de venta estrat\u00e9gicamente ubicados en Oaxaca, Monte Alb\u00e1n y la Ciudad de M\u00e9xico.<\/p>\n\n\n\n<p>Oro de Monte Alb\u00e1n no solo es una marca de joyer\u00eda, es un s\u00edmbolo de la rica tradici\u00f3n cultural de M\u00e9xico. Con una combinaci\u00f3n \u00fanica de artesan\u00eda excepcional y una visi\u00f3n contempor\u00e1nea, esta firma contin\u00faa cautivando a audiencias en todo el mundo. \u00a1No se pierdan la oportunidad de llevar un pedacito de nuestra historia en forma de joya!<\/p>\n\n\n\n<script async src=\"https:\/\/pagead2.googlesyndication.com\/pagead\/js\/adsbygoogle.js?client=ca-pub-5499304793904745\"\n     crossorigin=\"anonymous\"><\/script>\n<ins class=\"adsbygoogle\"\n     style=\"display:block; text-align:center;\"\n     data-ad-layout=\"in-article\"\n     data-ad-format=\"fluid\"\n     data-ad-client=\"ca-pub-5499304793904745\"\n     data-ad-slot=\"5994863093\"><\/ins>\n<script>\n     (adsbygoogle = window.adsbygoogle || []).push({});\n<\/script>\n\n<!--themify_builder_content-->\n<div id=\"themify_builder_content-72120\" data-postid=\"72120\" class=\"themify_builder_content themify_builder_content-72120 themify_builder tf_clear\">\n    <\/div>\n<!--\/themify_builder_content-->","protected":false},"excerpt":{"rendered":"<p>En el vasto mundo del arte prehisp\u00e1nico, una firma destaca por su elegancia atemporal y su profundo respeto por la historia y la cultura mexicana: Oro de Monte Alb\u00e1n. Desde su fundaci\u00f3n en 1943, esta firma ha sido sin\u00f3nimo de artesan\u00eda excepcional y una conexi\u00f3n \u00fanica con las ra\u00edces ancestrales de Oaxaca, \u00a1est\u00e1n llevando el [&hellip;]<\/p>\n","protected":false},"author":2,"featured_media":72123,"comment_status":"open","ping_status":"open","sticky":false,"template":"","format":"standard","meta":{"_jetpack_memberships_contains_paid_content":false,"footnotes":"","jetpack_publicize_message":"","jetpack_publicize_feature_enabled":true,"jetpack_social_post_already_shared":false,"jetpack_social_options":{"image_generator_settings":{"template":"highway","default_image_id":0,"font":"","enabled":false},"version":2}},"categories":[791,67],"tags":[7313,7314,7315,7312],"class_list":["post-72120","post","type-post","status-publish","format-standard","has-post-thumbnail","hentry","category-cultura","category-moda","tag-arte-prehispanico","tag-contemporaneo","tag-joyas","tag-oro-de-monte-alban","has-post-title","has-post-date","has-post-category","has-post-tag","has-post-comment","has-post-author",""],"yoast_head":"<!-- This site is optimized with the Yoast SEO plugin v27.4 - https:\/\/yoast.com\/product\/yoast-seo-wordpress\/ -->\n<title>Oro de Monte Alb\u00e1n: La Fusi\u00f3n Perfecta entre Arte Prehisp\u00e1nico y Elegancia Contempor\u00e1nea - Zero Magazine<\/title>\n<meta name=\"robots\" content=\"index, follow, max-snippet:-1, max-image-preview:large, max-video-preview:-1\" \/>\n<link rel=\"canonical\" href=\"https:\/\/zeromagazine.mx\/index.php\/2024\/03\/15\/oro-de-monte-alban-la-fusion-perfecta-entre-arte-prehispanico-y-elegancia-contemporanea\/\" \/>\n<meta property=\"og:locale\" content=\"es_ES\" \/>\n<meta property=\"og:type\" content=\"article\" \/>\n<meta property=\"og:title\" content=\"Oro de Monte Alb\u00e1n: La Fusi\u00f3n Perfecta entre Arte Prehisp\u00e1nico y Elegancia Contempor\u00e1nea - Zero Magazine\" \/>\n<meta property=\"og:description\" content=\"En el vasto mundo del arte prehisp\u00e1nico, una firma destaca por su elegancia atemporal y su profundo respeto por la historia y la cultura mexicana: Oro de Monte Alb\u00e1n. Desde su fundaci\u00f3n en 1943, esta firma ha sido sin\u00f3nimo de artesan\u00eda excepcional y una conexi\u00f3n \u00fanica con las ra\u00edces ancestrales de Oaxaca, \u00a1est\u00e1n llevando el [&hellip;]\" \/>\n<meta property=\"og:url\" content=\"https:\/\/zeromagazine.mx\/index.php\/2024\/03\/15\/oro-de-monte-alban-la-fusion-perfecta-entre-arte-prehispanico-y-elegancia-contemporanea\/\" \/>\n<meta property=\"og:site_name\" content=\"Zero Magazine\" \/>\n<meta property=\"article:published_time\" content=\"2024-03-15T19:00:00+00:00\" \/>\n<meta property=\"og:image\" content=\"https:\/\/i0.wp.com\/zeromagazine.mx\/wp-content\/uploads\/2024\/03\/1IMG_4871.jpg?fit=320%2C214&ssl=1\" \/>\n\t<meta property=\"og:image:width\" content=\"320\" \/>\n\t<meta property=\"og:image:height\" content=\"214\" \/>\n\t<meta property=\"og:image:type\" content=\"image\/jpeg\" \/>\n<meta name=\"author\" content=\"zeromagazinemx\" \/>\n<meta name=\"twitter:card\" content=\"summary_large_image\" \/>\n<meta name=\"twitter:label1\" content=\"Escrito por\" \/>\n\t<meta name=\"twitter:data1\" content=\"zeromagazinemx\" \/>\n\t<meta name=\"twitter:label2\" content=\"Tiempo de lectura\" \/>\n\t<meta name=\"twitter:data2\" content=\"2 minutos\" \/>\n<script type=\"application\/ld+json\" class=\"yoast-schema-graph\">{\"@context\":\"https:\\\/\\\/schema.org\",\"@graph\":[{\"@type\":\"Article\",\"@id\":\"https:\\\/\\\/zeromagazine.mx\\\/index.php\\\/2024\\\/03\\\/15\\\/oro-de-monte-alban-la-fusion-perfecta-entre-arte-prehispanico-y-elegancia-contemporanea\\\/#article\",\"isPartOf\":{\"@id\":\"https:\\\/\\\/zeromagazine.mx\\\/index.php\\\/2024\\\/03\\\/15\\\/oro-de-monte-alban-la-fusion-perfecta-entre-arte-prehispanico-y-elegancia-contemporanea\\\/\"},\"author\":{\"name\":\"zeromagazinemx\",\"@id\":\"https:\\\/\\\/zeromagazine.mx\\\/#\\\/schema\\\/person\\\/9aed9f33a7c39af3a348b86d723f7773\"},\"headline\":\"Oro de Monte Alb\u00e1n: La Fusi\u00f3n Perfecta entre Arte Prehisp\u00e1nico y Elegancia Contempor\u00e1nea\",\"datePublished\":\"2024-03-15T19:00:00+00:00\",\"mainEntityOfPage\":{\"@id\":\"https:\\\/\\\/zeromagazine.mx\\\/index.php\\\/2024\\\/03\\\/15\\\/oro-de-monte-alban-la-fusion-perfecta-entre-arte-prehispanico-y-elegancia-contemporanea\\\/\"},\"wordCount\":378,\"commentCount\":0,\"publisher\":{\"@id\":\"https:\\\/\\\/zeromagazine.mx\\\/#organization\"},\"image\":{\"@id\":\"https:\\\/\\\/zeromagazine.mx\\\/index.php\\\/2024\\\/03\\\/15\\\/oro-de-monte-alban-la-fusion-perfecta-entre-arte-prehispanico-y-elegancia-contemporanea\\\/#primaryimage\"},\"thumbnailUrl\":\"https:\\\/\\\/i0.wp.com\\\/zeromagazine.mx\\\/wp-content\\\/uploads\\\/2024\\\/03\\\/1IMG_4871.jpg?fit=320%2C214&ssl=1\",\"keywords\":[\"Arte Prehisp\u00e1nico\",\"Contempor\u00e1neo\",\"Joyas\",\"Oro de Monte Alb\u00e1n\"],\"articleSection\":[\"Cultura\",\"Moda\"],\"inLanguage\":\"es\",\"potentialAction\":[{\"@type\":\"CommentAction\",\"name\":\"Comment\",\"target\":[\"https:\\\/\\\/zeromagazine.mx\\\/index.php\\\/2024\\\/03\\\/15\\\/oro-de-monte-alban-la-fusion-perfecta-entre-arte-prehispanico-y-elegancia-contemporanea\\\/#respond\"]}]},{\"@type\":\"WebPage\",\"@id\":\"https:\\\/\\\/zeromagazine.mx\\\/index.php\\\/2024\\\/03\\\/15\\\/oro-de-monte-alban-la-fusion-perfecta-entre-arte-prehispanico-y-elegancia-contemporanea\\\/\",\"url\":\"https:\\\/\\\/zeromagazine.mx\\\/index.php\\\/2024\\\/03\\\/15\\\/oro-de-monte-alban-la-fusion-perfecta-entre-arte-prehispanico-y-elegancia-contemporanea\\\/\",\"name\":\"Oro de Monte Alb\u00e1n: La Fusi\u00f3n Perfecta entre Arte Prehisp\u00e1nico y Elegancia Contempor\u00e1nea - Zero Magazine\",\"isPartOf\":{\"@id\":\"https:\\\/\\\/zeromagazine.mx\\\/#website\"},\"primaryImageOfPage\":{\"@id\":\"https:\\\/\\\/zeromagazine.mx\\\/index.php\\\/2024\\\/03\\\/15\\\/oro-de-monte-alban-la-fusion-perfecta-entre-arte-prehispanico-y-elegancia-contemporanea\\\/#primaryimage\"},\"image\":{\"@id\":\"https:\\\/\\\/zeromagazine.mx\\\/index.php\\\/2024\\\/03\\\/15\\\/oro-de-monte-alban-la-fusion-perfecta-entre-arte-prehispanico-y-elegancia-contemporanea\\\/#primaryimage\"},\"thumbnailUrl\":\"https:\\\/\\\/i0.wp.com\\\/zeromagazine.mx\\\/wp-content\\\/uploads\\\/2024\\\/03\\\/1IMG_4871.jpg?fit=320%2C214&ssl=1\",\"datePublished\":\"2024-03-15T19:00:00+00:00\",\"breadcrumb\":{\"@id\":\"https:\\\/\\\/zeromagazine.mx\\\/index.php\\\/2024\\\/03\\\/15\\\/oro-de-monte-alban-la-fusion-perfecta-entre-arte-prehispanico-y-elegancia-contemporanea\\\/#breadcrumb\"},\"inLanguage\":\"es\",\"potentialAction\":[{\"@type\":\"ReadAction\",\"target\":[\"https:\\\/\\\/zeromagazine.mx\\\/index.php\\\/2024\\\/03\\\/15\\\/oro-de-monte-alban-la-fusion-perfecta-entre-arte-prehispanico-y-elegancia-contemporanea\\\/\"]}]},{\"@type\":\"ImageObject\",\"inLanguage\":\"es\",\"@id\":\"https:\\\/\\\/zeromagazine.mx\\\/index.php\\\/2024\\\/03\\\/15\\\/oro-de-monte-alban-la-fusion-perfecta-entre-arte-prehispanico-y-elegancia-contemporanea\\\/#primaryimage\",\"url\":\"https:\\\/\\\/i0.wp.com\\\/zeromagazine.mx\\\/wp-content\\\/uploads\\\/2024\\\/03\\\/1IMG_4871.jpg?fit=320%2C214&ssl=1\",\"contentUrl\":\"https:\\\/\\\/i0.wp.com\\\/zeromagazine.mx\\\/wp-content\\\/uploads\\\/2024\\\/03\\\/1IMG_4871.jpg?fit=320%2C214&ssl=1\",\"width\":320,\"height\":214},{\"@type\":\"BreadcrumbList\",\"@id\":\"https:\\\/\\\/zeromagazine.mx\\\/index.php\\\/2024\\\/03\\\/15\\\/oro-de-monte-alban-la-fusion-perfecta-entre-arte-prehispanico-y-elegancia-contemporanea\\\/#breadcrumb\",\"itemListElement\":[{\"@type\":\"ListItem\",\"position\":1,\"name\":\"Portada\",\"item\":\"https:\\\/\\\/zeromagazine.mx\\\/\"},{\"@type\":\"ListItem\",\"position\":2,\"name\":\"Oro de Monte Alb\u00e1n: La Fusi\u00f3n Perfecta entre Arte Prehisp\u00e1nico y Elegancia Contempor\u00e1nea\"}]},{\"@type\":\"WebSite\",\"@id\":\"https:\\\/\\\/zeromagazine.mx\\\/#website\",\"url\":\"https:\\\/\\\/zeromagazine.mx\\\/\",\"name\":\"Zero Magazine\",\"description\":\"\",\"publisher\":{\"@id\":\"https:\\\/\\\/zeromagazine.mx\\\/#organization\"},\"potentialAction\":[{\"@type\":\"SearchAction\",\"target\":{\"@type\":\"EntryPoint\",\"urlTemplate\":\"https:\\\/\\\/zeromagazine.mx\\\/?s={search_term_string}\"},\"query-input\":{\"@type\":\"PropertyValueSpecification\",\"valueRequired\":true,\"valueName\":\"search_term_string\"}}],\"inLanguage\":\"es\"},{\"@type\":\"Organization\",\"@id\":\"https:\\\/\\\/zeromagazine.mx\\\/#organization\",\"name\":\"Zero Magazine\",\"url\":\"https:\\\/\\\/zeromagazine.mx\\\/\",\"logo\":{\"@type\":\"ImageObject\",\"inLanguage\":\"es\",\"@id\":\"https:\\\/\\\/zeromagazine.mx\\\/#\\\/schema\\\/logo\\\/image\\\/\",\"url\":\"https:\\\/\\\/i0.wp.com\\\/zeromagazine.mx\\\/wp-content\\\/uploads\\\/2025\\\/11\\\/1.jpeg?fit=1000%2C1000&ssl=1\",\"contentUrl\":\"https:\\\/\\\/i0.wp.com\\\/zeromagazine.mx\\\/wp-content\\\/uploads\\\/2025\\\/11\\\/1.jpeg?fit=1000%2C1000&ssl=1\",\"width\":1000,\"height\":1000,\"caption\":\"Zero Magazine\"},\"image\":{\"@id\":\"https:\\\/\\\/zeromagazine.mx\\\/#\\\/schema\\\/logo\\\/image\\\/\"},\"sameAs\":[\"https:\\\/\\\/instagram.com\\\/zeromagazinemx\"]},{\"@type\":\"Person\",\"@id\":\"https:\\\/\\\/zeromagazine.mx\\\/#\\\/schema\\\/person\\\/9aed9f33a7c39af3a348b86d723f7773\",\"name\":\"zeromagazinemx\",\"image\":{\"@type\":\"ImageObject\",\"inLanguage\":\"es\",\"@id\":\"https:\\\/\\\/zeromagazine.mx\\\/wp-content\\\/litespeed\\\/avatar\\\/f91dfe5410d5dcb1a576bf8c45983896.jpg?ver=1776966396\",\"url\":\"https:\\\/\\\/zeromagazine.mx\\\/wp-content\\\/litespeed\\\/avatar\\\/f91dfe5410d5dcb1a576bf8c45983896.jpg?ver=1776966396\",\"contentUrl\":\"https:\\\/\\\/zeromagazine.mx\\\/wp-content\\\/litespeed\\\/avatar\\\/f91dfe5410d5dcb1a576bf8c45983896.jpg?ver=1776966396\",\"caption\":\"zeromagazinemx\"},\"url\":\"https:\\\/\\\/zeromagazine.mx\\\/index.php\\\/author\\\/zeromagazinemx\\\/\"}]}<\/script>\n<!-- \/ Yoast SEO plugin. -->","yoast_head_json":{"title":"Oro de Monte Alb\u00e1n: La Fusi\u00f3n Perfecta entre Arte Prehisp\u00e1nico y Elegancia Contempor\u00e1nea - Zero Magazine","robots":{"index":"index","follow":"follow","max-snippet":"max-snippet:-1","max-image-preview":"max-image-preview:large","max-video-preview":"max-video-preview:-1"},"canonical":"https:\/\/zeromagazine.mx\/index.php\/2024\/03\/15\/oro-de-monte-alban-la-fusion-perfecta-entre-arte-prehispanico-y-elegancia-contemporanea\/","og_locale":"es_ES","og_type":"article","og_title":"Oro de Monte Alb\u00e1n: La Fusi\u00f3n Perfecta entre Arte Prehisp\u00e1nico y Elegancia Contempor\u00e1nea - Zero Magazine","og_description":"En el vasto mundo del arte prehisp\u00e1nico, una firma destaca por su elegancia atemporal y su profundo respeto por la historia y la cultura mexicana: Oro de Monte Alb\u00e1n. Desde su fundaci\u00f3n en 1943, esta firma ha sido sin\u00f3nimo de artesan\u00eda excepcional y una conexi\u00f3n \u00fanica con las ra\u00edces ancestrales de Oaxaca, \u00a1est\u00e1n llevando el [&hellip;]","og_url":"https:\/\/zeromagazine.mx\/index.php\/2024\/03\/15\/oro-de-monte-alban-la-fusion-perfecta-entre-arte-prehispanico-y-elegancia-contemporanea\/","og_site_name":"Zero Magazine","article_published_time":"2024-03-15T19:00:00+00:00","og_image":[{"width":320,"height":214,"url":"https:\/\/i0.wp.com\/zeromagazine.mx\/wp-content\/uploads\/2024\/03\/1IMG_4871.jpg?fit=320%2C214&ssl=1","type":"image\/jpeg"}],"author":"zeromagazinemx","twitter_card":"summary_large_image","twitter_misc":{"Escrito por":"zeromagazinemx","Tiempo de lectura":"2 minutos"},"schema":{"@context":"https:\/\/schema.org","@graph":[{"@type":"Article","@id":"https:\/\/zeromagazine.mx\/index.php\/2024\/03\/15\/oro-de-monte-alban-la-fusion-perfecta-entre-arte-prehispanico-y-elegancia-contemporanea\/#article","isPartOf":{"@id":"https:\/\/zeromagazine.mx\/index.php\/2024\/03\/15\/oro-de-monte-alban-la-fusion-perfecta-entre-arte-prehispanico-y-elegancia-contemporanea\/"},"author":{"name":"zeromagazinemx","@id":"https:\/\/zeromagazine.mx\/#\/schema\/person\/9aed9f33a7c39af3a348b86d723f7773"},"headline":"Oro de Monte Alb\u00e1n: La Fusi\u00f3n Perfecta entre Arte Prehisp\u00e1nico y Elegancia Contempor\u00e1nea","datePublished":"2024-03-15T19:00:00+00:00","mainEntityOfPage":{"@id":"https:\/\/zeromagazine.mx\/index.php\/2024\/03\/15\/oro-de-monte-alban-la-fusion-perfecta-entre-arte-prehispanico-y-elegancia-contemporanea\/"},"wordCount":378,"commentCount":0,"publisher":{"@id":"https:\/\/zeromagazine.mx\/#organization"},"image":{"@id":"https:\/\/zeromagazine.mx\/index.php\/2024\/03\/15\/oro-de-monte-alban-la-fusion-perfecta-entre-arte-prehispanico-y-elegancia-contemporanea\/#primaryimage"},"thumbnailUrl":"https:\/\/i0.wp.com\/zeromagazine.mx\/wp-content\/uploads\/2024\/03\/1IMG_4871.jpg?fit=320%2C214&ssl=1","keywords":["Arte Prehisp\u00e1nico","Contempor\u00e1neo","Joyas","Oro de Monte Alb\u00e1n"],"articleSection":["Cultura","Moda"],"inLanguage":"es","potentialAction":[{"@type":"CommentAction","name":"Comment","target":["https:\/\/zeromagazine.mx\/index.php\/2024\/03\/15\/oro-de-monte-alban-la-fusion-perfecta-entre-arte-prehispanico-y-elegancia-contemporanea\/#respond"]}]},{"@type":"WebPage","@id":"https:\/\/zeromagazine.mx\/index.php\/2024\/03\/15\/oro-de-monte-alban-la-fusion-perfecta-entre-arte-prehispanico-y-elegancia-contemporanea\/","url":"https:\/\/zeromagazine.mx\/index.php\/2024\/03\/15\/oro-de-monte-alban-la-fusion-perfecta-entre-arte-prehispanico-y-elegancia-contemporanea\/","name":"Oro de Monte Alb\u00e1n: La Fusi\u00f3n Perfecta entre Arte Prehisp\u00e1nico y Elegancia Contempor\u00e1nea - Zero Magazine","isPartOf":{"@id":"https:\/\/zeromagazine.mx\/#website"},"primaryImageOfPage":{"@id":"https:\/\/zeromagazine.mx\/index.php\/2024\/03\/15\/oro-de-monte-alban-la-fusion-perfecta-entre-arte-prehispanico-y-elegancia-contemporanea\/#primaryimage"},"image":{"@id":"https:\/\/zeromagazine.mx\/index.php\/2024\/03\/15\/oro-de-monte-alban-la-fusion-perfecta-entre-arte-prehispanico-y-elegancia-contemporanea\/#primaryimage"},"thumbnailUrl":"https:\/\/i0.wp.com\/zeromagazine.mx\/wp-content\/uploads\/2024\/03\/1IMG_4871.jpg?fit=320%2C214&ssl=1","datePublished":"2024-03-15T19:00:00+00:00","breadcrumb":{"@id":"https:\/\/zeromagazine.mx\/index.php\/2024\/03\/15\/oro-de-monte-alban-la-fusion-perfecta-entre-arte-prehispanico-y-elegancia-contemporanea\/#breadcrumb"},"inLanguage":"es","potentialAction":[{"@type":"ReadAction","target":["https:\/\/zeromagazine.mx\/index.php\/2024\/03\/15\/oro-de-monte-alban-la-fusion-perfecta-entre-arte-prehispanico-y-elegancia-contemporanea\/"]}]},{"@type":"ImageObject","inLanguage":"es","@id":"https:\/\/zeromagazine.mx\/index.php\/2024\/03\/15\/oro-de-monte-alban-la-fusion-perfecta-entre-arte-prehispanico-y-elegancia-contemporanea\/#primaryimage","url":"https:\/\/i0.wp.com\/zeromagazine.mx\/wp-content\/uploads\/2024\/03\/1IMG_4871.jpg?fit=320%2C214&ssl=1","contentUrl":"https:\/\/i0.wp.com\/zeromagazine.mx\/wp-content\/uploads\/2024\/03\/1IMG_4871.jpg?fit=320%2C214&ssl=1","width":320,"height":214},{"@type":"BreadcrumbList","@id":"https:\/\/zeromagazine.mx\/index.php\/2024\/03\/15\/oro-de-monte-alban-la-fusion-perfecta-entre-arte-prehispanico-y-elegancia-contemporanea\/#breadcrumb","itemListElement":[{"@type":"ListItem","position":1,"name":"Portada","item":"https:\/\/zeromagazine.mx\/"},{"@type":"ListItem","position":2,"name":"Oro de Monte Alb\u00e1n: La Fusi\u00f3n Perfecta entre Arte Prehisp\u00e1nico y Elegancia Contempor\u00e1nea"}]},{"@type":"WebSite","@id":"https:\/\/zeromagazine.mx\/#website","url":"https:\/\/zeromagazine.mx\/","name":"Zero Magazine","description":"","publisher":{"@id":"https:\/\/zeromagazine.mx\/#organization"},"potentialAction":[{"@type":"SearchAction","target":{"@type":"EntryPoint","urlTemplate":"https:\/\/zeromagazine.mx\/?s={search_term_string}"},"query-input":{"@type":"PropertyValueSpecification","valueRequired":true,"valueName":"search_term_string"}}],"inLanguage":"es"},{"@type":"Organization","@id":"https:\/\/zeromagazine.mx\/#organization","name":"Zero Magazine","url":"https:\/\/zeromagazine.mx\/","logo":{"@type":"ImageObject","inLanguage":"es","@id":"https:\/\/zeromagazine.mx\/#\/schema\/logo\/image\/","url":"https:\/\/i0.wp.com\/zeromagazine.mx\/wp-content\/uploads\/2025\/11\/1.jpeg?fit=1000%2C1000&ssl=1","contentUrl":"https:\/\/i0.wp.com\/zeromagazine.mx\/wp-content\/uploads\/2025\/11\/1.jpeg?fit=1000%2C1000&ssl=1","width":1000,"height":1000,"caption":"Zero Magazine"},"image":{"@id":"https:\/\/zeromagazine.mx\/#\/schema\/logo\/image\/"},"sameAs":["https:\/\/instagram.com\/zeromagazinemx"]},{"@type":"Person","@id":"https:\/\/zeromagazine.mx\/#\/schema\/person\/9aed9f33a7c39af3a348b86d723f7773","name":"zeromagazinemx","image":{"@type":"ImageObject","inLanguage":"es","@id":"https:\/\/zeromagazine.mx\/wp-content\/litespeed\/avatar\/f91dfe5410d5dcb1a576bf8c45983896.jpg?ver=1776966396","url":"https:\/\/zeromagazine.mx\/wp-content\/litespeed\/avatar\/f91dfe5410d5dcb1a576bf8c45983896.jpg?ver=1776966396","contentUrl":"https:\/\/zeromagazine.mx\/wp-content\/litespeed\/avatar\/f91dfe5410d5dcb1a576bf8c45983896.jpg?ver=1776966396","caption":"zeromagazinemx"},"url":"https:\/\/zeromagazine.mx\/index.php\/author\/zeromagazinemx\/"}]}},"jetpack_publicize_connections":[],"jetpack_featured_media_url":"https:\/\/i0.wp.com\/zeromagazine.mx\/wp-content\/uploads\/2024\/03\/1IMG_4871.jpg?fit=320%2C214&ssl=1","jetpack-related-posts":[{"id":87279,"url":"https:\/\/zeromagazine.mx\/index.php\/2024\/10\/17\/arte-wixarika-cultura-meets-modern-vibes\/","url_meta":{"origin":72120,"position":0},"title":"\u00abArte Wix\u00e1rika: Cultura Meets Modern Vibes\u00bb","author":"zeromagazinemx","date":"17 de octubre de 2024","format":false,"excerpt":"\u00bfYa conoc\u00edas este nombre? Si no, te est\u00e1s perdiendo una joya de la cultura mexicana que, con un toque super fresh, ha revolucionado el arte tradicional a otro nivel. So, let me tell you everything about c\u00f3mo este maestro del arte y su team est\u00e1n llevando el colorido arte Wix\u00e1rika\u2026","rel":"","context":"En \u00abCultura\u00bb","block_context":{"text":"Cultura","link":"https:\/\/zeromagazine.mx\/index.php\/category\/cultura\/"},"img":{"alt_text":"","src":"https:\/\/i0.wp.com\/zeromagazine.mx\/wp-content\/uploads\/2024\/10\/WhatsApp-Image-2024-10-08-at-5.01.42-PM.jpeg?fit=902%2C1200&ssl=1&resize=350%2C200","width":350,"height":200,"srcset":"https:\/\/i0.wp.com\/zeromagazine.mx\/wp-content\/uploads\/2024\/10\/WhatsApp-Image-2024-10-08-at-5.01.42-PM.jpeg?fit=902%2C1200&ssl=1&resize=350%2C200 1x, https:\/\/i0.wp.com\/zeromagazine.mx\/wp-content\/uploads\/2024\/10\/WhatsApp-Image-2024-10-08-at-5.01.42-PM.jpeg?fit=902%2C1200&ssl=1&resize=525%2C300 1.5x, https:\/\/i0.wp.com\/zeromagazine.mx\/wp-content\/uploads\/2024\/10\/WhatsApp-Image-2024-10-08-at-5.01.42-PM.jpeg?fit=902%2C1200&ssl=1&resize=700%2C400 2x"},"classes":[]},{"id":90792,"url":"https:\/\/zeromagazine.mx\/index.php\/2024\/11\/14\/escapate-este-puente-ahorra\/","url_meta":{"origin":72120,"position":1},"title":"\u00ab\u00a1Esc\u00e1pate este puente, ahorra!\u00bb","author":"zeromagazinemx","date":"14 de noviembre de 2024","format":false,"excerpt":"Oye, \u00bfya est\u00e1s ready para el \u00faltimo puente del 2024? Sabemos que todos estamos buscando ese break para salir de la rutina, tomar un respiro y explorar nuevos lugares, pero sin romper la banca. \u00a1As\u00ed que te traemos ideas de destinos cerca de la Ciudad de M\u00e9xico para disfrutar de\u2026","rel":"","context":"En \u00abViajes\u00bb","block_context":{"text":"Viajes","link":"https:\/\/zeromagazine.mx\/index.php\/category\/lugares\/"},"img":{"alt_text":"","src":"https:\/\/i0.wp.com\/zeromagazine.mx\/wp-content\/uploads\/2024\/11\/Compra-con-tiempo-2.jpg?fit=1080%2C1080&ssl=1&resize=350%2C200","width":350,"height":200,"srcset":"https:\/\/i0.wp.com\/zeromagazine.mx\/wp-content\/uploads\/2024\/11\/Compra-con-tiempo-2.jpg?fit=1080%2C1080&ssl=1&resize=350%2C200 1x, https:\/\/i0.wp.com\/zeromagazine.mx\/wp-content\/uploads\/2024\/11\/Compra-con-tiempo-2.jpg?fit=1080%2C1080&ssl=1&resize=525%2C300 1.5x, https:\/\/i0.wp.com\/zeromagazine.mx\/wp-content\/uploads\/2024\/11\/Compra-con-tiempo-2.jpg?fit=1080%2C1080&ssl=1&resize=700%2C400 2x, https:\/\/i0.wp.com\/zeromagazine.mx\/wp-content\/uploads\/2024\/11\/Compra-con-tiempo-2.jpg?fit=1080%2C1080&ssl=1&resize=1050%2C600 3x"},"classes":[]},{"id":72033,"url":"https:\/\/zeromagazine.mx\/index.php\/2024\/03\/15\/descubre-al-mexicano-que-hizo-realidad-el-viaje-de-las-papayas-a-la-luna\/","url_meta":{"origin":72120,"position":2},"title":"Descubre al mexicano que hizo realidad el viaje de las papayas a la Luna","author":"zeromagazinemx","date":"15 de marzo de 2024","format":false,"excerpt":"El talentoso artista mexicano Alejandro Glatt ha llevado su creatividad m\u00e1s all\u00e1 de las fronteras terrestres con su proyecto \"Papayas to the Moon\". Este proyecto, en colaboraci\u00f3n con Space Blue y BitBasel, ha marcado un hito en la historia del arte contempor\u00e1neo. A trav\u00e9s de una meticulosa selecci\u00f3n, la obra\u2026","rel":"","context":"En \u00abCultura\u00bb","block_context":{"text":"Cultura","link":"https:\/\/zeromagazine.mx\/index.php\/category\/cultura\/"},"img":{"alt_text":"","src":"https:\/\/i0.wp.com\/zeromagazine.mx\/wp-content\/uploads\/2024\/03\/ALX_4723-2.jpg?resize=350%2C200&ssl=1","width":350,"height":200},"classes":[]},{"id":88504,"url":"https:\/\/zeromagazine.mx\/index.php\/2024\/10\/28\/festival-de-catrinas-vibe-y-sabor\/","url_meta":{"origin":72120,"position":3},"title":"\u00abFestival de Catrinas: Vibe y Sabor\u00bb","author":"zeromagazinemx","date":"28 de octubre de 2024","format":false,"excerpt":"Amigxs, si hay algo que nos encanta celebrar, es la cultura y las tradiciones que nos hacen \u00fanicos. Y qu\u00e9 mejor manera de hacerlo que en el Festival de las Catrinas 2024, un evento \u00e9pico que est\u00e1 tomando lugar en el Hotel Marquis Reforma. Este festival no solo celebra el\u2026","rel":"","context":"En \u00abViajes\u00bb","block_context":{"text":"Viajes","link":"https:\/\/zeromagazine.mx\/index.php\/category\/lugares\/"},"img":{"alt_text":"","src":"https:\/\/i0.wp.com\/zeromagazine.mx\/wp-content\/uploads\/2024\/10\/HotelMarquisReforma_DECORACIONDIADEMUERTOS_MalixFilms_WEB-6227-copia.png?fit=1200%2C872&ssl=1&resize=350%2C200","width":350,"height":200,"srcset":"https:\/\/i0.wp.com\/zeromagazine.mx\/wp-content\/uploads\/2024\/10\/HotelMarquisReforma_DECORACIONDIADEMUERTOS_MalixFilms_WEB-6227-copia.png?fit=1200%2C872&ssl=1&resize=350%2C200 1x, https:\/\/i0.wp.com\/zeromagazine.mx\/wp-content\/uploads\/2024\/10\/HotelMarquisReforma_DECORACIONDIADEMUERTOS_MalixFilms_WEB-6227-copia.png?fit=1200%2C872&ssl=1&resize=525%2C300 1.5x, https:\/\/i0.wp.com\/zeromagazine.mx\/wp-content\/uploads\/2024\/10\/HotelMarquisReforma_DECORACIONDIADEMUERTOS_MalixFilms_WEB-6227-copia.png?fit=1200%2C872&ssl=1&resize=700%2C400 2x, https:\/\/i0.wp.com\/zeromagazine.mx\/wp-content\/uploads\/2024\/10\/HotelMarquisReforma_DECORACIONDIADEMUERTOS_MalixFilms_WEB-6227-copia.png?fit=1200%2C872&ssl=1&resize=1050%2C600 3x"},"classes":[]},{"id":55551,"url":"https:\/\/zeromagazine.mx\/index.php\/2021\/10\/06\/morton-subastas-hace-homenaje-a-la-galeria-de-arte-mexicano\/","url_meta":{"origin":72120,"position":4},"title":"Morton Subastas hace homenaje a La Galer\u00eda de Arte Mexicano","author":"zeromagazinemx","date":"6 de octubre de 2021","format":false,"excerpt":"La GAM es la galer\u00eda m\u00e1s longeva de nuestro pa\u00eds con una historia de m\u00e1s de 80 a\u00f1os de promoci\u00f3n y difusi\u00f3n del arte en M\u00e9xico. Para este homenaje, se contempla una venta de arte en subasta curada por la GAM, as\u00ed como un conversatorio en el que se hablara\u2026","rel":"","context":"En \u00abCultura\u00bb","block_context":{"text":"Cultura","link":"https:\/\/zeromagazine.mx\/index.php\/category\/cultura\/"},"img":{"alt_text":"","src":"https:\/\/i0.wp.com\/zeromagazinemx.wpcomstaging.com\/wp-content\/uploads\/2022\/02\/6f795-morton-subastas.jpg?resize=350%2C200&ssl=1","width":350,"height":200},"classes":[]},{"id":109912,"url":"https:\/\/zeromagazine.mx\/index.php\/2025\/11\/03\/arte-urbano-contemporaneo-new-era\/","url_meta":{"origin":72120,"position":5},"title":"Arte urbano contempor\u00e1neo que impacta","author":"zeromagazinemx","date":"3 de noviembre de 2025","format":false,"excerpt":"Arte urbano contempor\u00e1neo: FFALO Exhibition en ComplexCon Este a\u00f1o, ComplexCon se llen\u00f3 de creatividad gracias a New Era y su propuesta arte urbano contempor\u00e1neo con FFALO Exhibition. La marca llev\u00f3 al p\u00fablico a un viaje donde la galer\u00eda se encuentra con la calle, mezclando dise\u00f1o, cultura urbana y estilo. FFALO,\u2026","rel":"","context":"En \u00abModa\u00bb","block_context":{"text":"Moda","link":"https:\/\/zeromagazine.mx\/index.php\/category\/moda\/"},"img":{"alt_text":"","src":"https:\/\/i0.wp.com\/zeromagazine.mx\/wp-content\/uploads\/2025\/11\/20CM-ROJI-FFALOS-scaled.jpg?fit=960%2C1200&ssl=1&resize=350%2C200","width":350,"height":200,"srcset":"https:\/\/i0.wp.com\/zeromagazine.mx\/wp-content\/uploads\/2025\/11\/20CM-ROJI-FFALOS-scaled.jpg?fit=960%2C1200&ssl=1&resize=350%2C200 1x, https:\/\/i0.wp.com\/zeromagazine.mx\/wp-content\/uploads\/2025\/11\/20CM-ROJI-FFALOS-scaled.jpg?fit=960%2C1200&ssl=1&resize=525%2C300 1.5x, https:\/\/i0.wp.com\/zeromagazine.mx\/wp-content\/uploads\/2025\/11\/20CM-ROJI-FFALOS-scaled.jpg?fit=960%2C1200&ssl=1&resize=700%2C400 2x"},"classes":[]}],"jetpack_sharing_enabled":true,"builder_content":"","_links":{"self":[{"href":"https:\/\/zeromagazine.mx\/index.php\/wp-json\/wp\/v2\/posts\/72120","targetHints":{"allow":["GET"]}}],"collection":[{"href":"https:\/\/zeromagazine.mx\/index.php\/wp-json\/wp\/v2\/posts"}],"about":[{"href":"https:\/\/zeromagazine.mx\/index.php\/wp-json\/wp\/v2\/types\/post"}],"author":[{"embeddable":true,"href":"https:\/\/zeromagazine.mx\/index.php\/wp-json\/wp\/v2\/users\/2"}],"replies":[{"embeddable":true,"href":"https:\/\/zeromagazine.mx\/index.php\/wp-json\/wp\/v2\/comments?post=72120"}],"version-history":[{"count":2,"href":"https:\/\/zeromagazine.mx\/index.php\/wp-json\/wp\/v2\/posts\/72120\/revisions"}],"predecessor-version":[{"id":72125,"href":"https:\/\/zeromagazine.mx\/index.php\/wp-json\/wp\/v2\/posts\/72120\/revisions\/72125"}],"wp:featuredmedia":[{"embeddable":true,"href":"https:\/\/zeromagazine.mx\/index.php\/wp-json\/wp\/v2\/media\/72123"}],"wp:attachment":[{"href":"https:\/\/zeromagazine.mx\/index.php\/wp-json\/wp\/v2\/media?parent=72120"}],"wp:term":[{"taxonomy":"category","embeddable":true,"href":"https:\/\/zeromagazine.mx\/index.php\/wp-json\/wp\/v2\/categories?post=72120"},{"taxonomy":"post_tag","embeddable":true,"href":"https:\/\/zeromagazine.mx\/index.php\/wp-json\/wp\/v2\/tags?post=72120"}],"curies":[{"name":"wp","href":"https:\/\/api.w.org\/{rel}","templated":true}]}}