{"id":72704,"date":"2024-03-28T04:54:56","date_gmt":"2024-03-28T03:54:56","guid":{"rendered":"https:\/\/zeromagazine.mx\/?p=72704"},"modified":"2024-03-28T04:59:28","modified_gmt":"2024-03-28T03:59:28","slug":"fede-dorcaz-entre-acordes-y-pasarelas","status":"publish","type":"post","link":"https:\/\/zeromagazine.mx\/index.php\/2024\/03\/28\/fede-dorcaz-entre-acordes-y-pasarelas\/","title":{"rendered":"Fede Dorcaz: Entre acordes y pasarelas"},"content":{"rendered":"<ul class=\"wp-block-list\">\n<li>Por: El Poderoso Dave<\/li>\n\n\n\n<li>Foto: Alain Amateco<\/li>\n\n\n\n<li>MUAH: Albertto Campos<\/li>\n\n\n\n<li>Asistente de Foto: Marielle Valencia<\/li>\n\n\n\n<li>Locaci\u00f3n: Nimbo Studio<\/li>\n\n\n\n<li>Styling: El Poderoso Dave<\/li>\n\n\n\n<li>Ropa: Amnes!a<\/li>\n<\/ul>\n\n\n\n<script async src=\"https:\/\/pagead2.googlesyndication.com\/pagead\/js\/adsbygoogle.js?client=ca-pub-5499304793904745\"\n     crossorigin=\"anonymous\"><\/script>\n<ins class=\"adsbygoogle\"\n     style=\"display:block; text-align:center;\"\n     data-ad-layout=\"in-article\"\n     data-ad-format=\"fluid\"\n     data-ad-client=\"ca-pub-5499304793904745\"\n     data-ad-slot=\"5994863093\"><\/ins>\n<script>\n     (adsbygoogle = window.adsbygoogle || []).push({});\n<\/script>\n\n\n\n<p><br>Acomp\u00e1\u00f1enme mientras exploramos los inicios de Fede Dorcaz, los desaf\u00edos y los triunfos de este vers\u00e1til artista que ha conquistado tanto las pasarelas como los escenarios musicales.<\/p>\n\n\n<div class=\"wp-block-image\">\n<figure class=\"aligncenter size-large\"><img data-recalc-dims=\"1\" decoding=\"async\" width=\"683\" height=\"1024\" src=\"https:\/\/i0.wp.com\/zeromagazine.mx\/wp-content\/uploads\/2024\/03\/IMG_0282-1-683x1024.jpeg?resize=683%2C1024&#038;ssl=1\" alt=\"\" class=\"wp-image-72726\" srcset=\"https:\/\/i0.wp.com\/zeromagazine.mx\/wp-content\/uploads\/2024\/03\/IMG_0282-1.jpeg?resize=683%2C1024&amp;ssl=1 683w, https:\/\/i0.wp.com\/zeromagazine.mx\/wp-content\/uploads\/2024\/03\/IMG_0282-1.jpeg?resize=200%2C300&amp;ssl=1 200w, https:\/\/i0.wp.com\/zeromagazine.mx\/wp-content\/uploads\/2024\/03\/IMG_0282-1.jpeg?resize=768%2C1152&amp;ssl=1 768w, https:\/\/i0.wp.com\/zeromagazine.mx\/wp-content\/uploads\/2024\/03\/IMG_0282-1.jpeg?resize=1024%2C1536&amp;ssl=1 1024w, https:\/\/i0.wp.com\/zeromagazine.mx\/wp-content\/uploads\/2024\/03\/IMG_0282-1.jpeg?resize=1365%2C2048&amp;ssl=1 1365w, https:\/\/i0.wp.com\/zeromagazine.mx\/wp-content\/uploads\/2024\/03\/IMG_0282-1.jpeg?w=1600&amp;ssl=1 1600w\" sizes=\"(max-width: 683px) 100vw, 683px\" \/><\/figure>\n<\/div>\n\n\n<p><br><\/p>\n\n\n\n<p><strong>ZM: Sabemos que comenzaste tu carrera como modelo en Barcelona. \u00bfC\u00f3mo fue esa transici\u00f3n a la moda?<\/strong><br>Fede Dorcaz: Fue una sorpresa, me descubrieron en las calles de Barcelona y todo sucedi\u00f3 r\u00e1pidamente. Mi primer desfile fue con Giorgio Armani y mis padres al principio tuvieron miedo, pero sab\u00edan que era mi pasi\u00f3n. Al final, me di cuenta de que realmente me llamaba la atenci\u00f3n el mundo de la moda y me lanc\u00e9 de lleno, muy contento.<\/p>\n\n\n\n<p><br><strong>ZM: \u00bfC\u00f3mo hiciste el cambio de la moda a la m\u00fasica?<\/strong><br>FD: Estaba en Nueva York modelando cuando decid\u00ed que quer\u00eda que me escucharan cantar. Tuve una audici\u00f3n con mis managers, les gust\u00f3 y as\u00ed comenz\u00f3 todo. Fue un paso complicado, pero el camino es dif\u00edcil en cualquier carrera. La transici\u00f3n fue una combinaci\u00f3n de oportunidad y determinaci\u00f3n.<\/p>\n\n\n\n<p><br><strong>ZM: \u00bfCrees que en la m\u00fasica se ha perdido el romanticismo con el paso de los a\u00f1os?<\/strong><br>FD: Creo que hay tiempo para todo. La m\u00fasica urbana ha dominado en los \u00faltimos a\u00f1os, pero siento que hace falta m\u00e1s romanticismo en la m\u00fasica. Las letras rom\u00e1nticas tienen su encanto y creo que hay un p\u00fablico \u00e1vido de ese tipo de contenido.<\/p>\n\n\n\n<div class=\"wp-block-columns is-layout-flex wp-container-core-columns-is-layout-9d6595d7 wp-block-columns-is-layout-flex\">\n<div class=\"wp-block-column is-layout-flow wp-block-column-is-layout-flow\">\n<figure class=\"wp-block-image size-large\"><img data-recalc-dims=\"1\" decoding=\"async\" width=\"683\" height=\"1024\" src=\"https:\/\/i0.wp.com\/zeromagazine.mx\/wp-content\/uploads\/2024\/03\/IMG_0285-683x1024.jpeg?resize=683%2C1024&#038;ssl=1\" alt=\"\" class=\"wp-image-72707\" srcset=\"https:\/\/i0.wp.com\/zeromagazine.mx\/wp-content\/uploads\/2024\/03\/IMG_0285.jpeg?resize=683%2C1024&amp;ssl=1 683w, https:\/\/i0.wp.com\/zeromagazine.mx\/wp-content\/uploads\/2024\/03\/IMG_0285.jpeg?resize=200%2C300&amp;ssl=1 200w, https:\/\/i0.wp.com\/zeromagazine.mx\/wp-content\/uploads\/2024\/03\/IMG_0285.jpeg?resize=768%2C1152&amp;ssl=1 768w, https:\/\/i0.wp.com\/zeromagazine.mx\/wp-content\/uploads\/2024\/03\/IMG_0285.jpeg?resize=1024%2C1536&amp;ssl=1 1024w, https:\/\/i0.wp.com\/zeromagazine.mx\/wp-content\/uploads\/2024\/03\/IMG_0285.jpeg?resize=1365%2C2048&amp;ssl=1 1365w, https:\/\/i0.wp.com\/zeromagazine.mx\/wp-content\/uploads\/2024\/03\/IMG_0285.jpeg?w=1600&amp;ssl=1 1600w\" sizes=\"(max-width: 683px) 100vw, 683px\" \/><\/figure>\n<\/div>\n\n\n\n<div class=\"wp-block-column is-layout-flow wp-block-column-is-layout-flow\">\n<figure class=\"wp-block-image size-large\"><img data-recalc-dims=\"1\" decoding=\"async\" width=\"683\" height=\"1024\" src=\"https:\/\/i0.wp.com\/zeromagazine.mx\/wp-content\/uploads\/2024\/03\/IMG_0290-683x1024.jpeg?resize=683%2C1024&#038;ssl=1\" alt=\"\" class=\"wp-image-72706\" srcset=\"https:\/\/i0.wp.com\/zeromagazine.mx\/wp-content\/uploads\/2024\/03\/IMG_0290.jpeg?resize=683%2C1024&amp;ssl=1 683w, https:\/\/i0.wp.com\/zeromagazine.mx\/wp-content\/uploads\/2024\/03\/IMG_0290.jpeg?resize=200%2C300&amp;ssl=1 200w, https:\/\/i0.wp.com\/zeromagazine.mx\/wp-content\/uploads\/2024\/03\/IMG_0290.jpeg?resize=768%2C1152&amp;ssl=1 768w, https:\/\/i0.wp.com\/zeromagazine.mx\/wp-content\/uploads\/2024\/03\/IMG_0290.jpeg?resize=1024%2C1536&amp;ssl=1 1024w, https:\/\/i0.wp.com\/zeromagazine.mx\/wp-content\/uploads\/2024\/03\/IMG_0290.jpeg?resize=1365%2C2048&amp;ssl=1 1365w, https:\/\/i0.wp.com\/zeromagazine.mx\/wp-content\/uploads\/2024\/03\/IMG_0290.jpeg?w=1600&amp;ssl=1 1600w\" sizes=\"(max-width: 683px) 100vw, 683px\" \/><\/figure>\n<\/div>\n\n\n\n<div class=\"wp-block-column is-layout-flow wp-block-column-is-layout-flow\">\n<figure class=\"wp-block-image size-large\"><img data-recalc-dims=\"1\" decoding=\"async\" width=\"683\" height=\"1024\" src=\"https:\/\/i0.wp.com\/zeromagazine.mx\/wp-content\/uploads\/2024\/03\/IMG_0293-683x1024.jpeg?resize=683%2C1024&#038;ssl=1\" alt=\"\" class=\"wp-image-72708\" srcset=\"https:\/\/i0.wp.com\/zeromagazine.mx\/wp-content\/uploads\/2024\/03\/IMG_0293.jpeg?resize=683%2C1024&amp;ssl=1 683w, https:\/\/i0.wp.com\/zeromagazine.mx\/wp-content\/uploads\/2024\/03\/IMG_0293.jpeg?resize=200%2C300&amp;ssl=1 200w, https:\/\/i0.wp.com\/zeromagazine.mx\/wp-content\/uploads\/2024\/03\/IMG_0293.jpeg?resize=768%2C1152&amp;ssl=1 768w, https:\/\/i0.wp.com\/zeromagazine.mx\/wp-content\/uploads\/2024\/03\/IMG_0293.jpeg?resize=1024%2C1536&amp;ssl=1 1024w, https:\/\/i0.wp.com\/zeromagazine.mx\/wp-content\/uploads\/2024\/03\/IMG_0293.jpeg?resize=1365%2C2048&amp;ssl=1 1365w, https:\/\/i0.wp.com\/zeromagazine.mx\/wp-content\/uploads\/2024\/03\/IMG_0293.jpeg?w=1600&amp;ssl=1 1600w\" sizes=\"(max-width: 683px) 100vw, 683px\" \/><\/figure>\n<\/div>\n<\/div>\n\n\n\n<p><\/p>\n\n\n\n<p><strong>ZM: \u00bfQu\u00e9 es lo que m\u00e1s disfrutas de hacer m\u00fasica?<\/strong><br>FD: La m\u00fasica es mi vida, me hace feliz y es algo que no tiene mucha explicaci\u00f3n. Es un amor inmenso y quiero dedicarme a ello siempre. Desde componer en el estudio hasta actuar en el escenario y sentir el cari\u00f1o del p\u00fablico, cada aspecto de hacer m\u00fasica me llena de alegr\u00eda.<\/p>\n\n\n\n<p><strong>ZM: \u00bfHa sido dif\u00edcil alcanzar tus sue\u00f1os?<\/strong><br>FD: S\u00ed, ha sido duro. Pero siempre supe d\u00f3nde quer\u00eda llegar y no abandon\u00e9 mi objetivo. Es un trabajo constante y hay que mantenerse firme. He enfrentado muchos obst\u00e1culos en el camino, pero cada desaf\u00edo me ha hecho m\u00e1s fuerte y m\u00e1s decidido.<\/p>\n\n\n\n<script async src=\"https:\/\/pagead2.googlesyndication.com\/pagead\/js\/adsbygoogle.js?client=ca-pub-5499304793904745\"\n     crossorigin=\"anonymous\"><\/script>\n<ins class=\"adsbygoogle\"\n     style=\"display:block; text-align:center;\"\n     data-ad-layout=\"in-article\"\n     data-ad-format=\"fluid\"\n     data-ad-client=\"ca-pub-5499304793904745\"\n     data-ad-slot=\"5994863093\"><\/ins>\n<script>\n     (adsbygoogle = window.adsbygoogle || []).push({});\n<\/script>\n\n\n\n<p><br><strong>ZM: \u00bfC\u00f3mo te sientes con tus logros hasta ahora?<\/strong><\/p>\n\n\n\n<p>FD: Me siento orgulloso de haber sido constante y de no rendirme. Siempre supe hacia d\u00f3nde iba y ahora estoy viviendo momentos incre\u00edbles en mi carrera. Aunque todav\u00eda queda mucho por hacer, estoy emocionado por lo que est\u00e1 por venir.<\/p>\n\n\n\n<div class=\"wp-block-columns is-layout-flex wp-container-core-columns-is-layout-9d6595d7 wp-block-columns-is-layout-flex\">\n<div class=\"wp-block-column is-layout-flow wp-block-column-is-layout-flow\">\n<figure class=\"wp-block-image size-large\"><img data-recalc-dims=\"1\" decoding=\"async\" width=\"683\" height=\"1024\" src=\"https:\/\/i0.wp.com\/zeromagazine.mx\/wp-content\/uploads\/2024\/03\/IMG_0279-683x1024.jpeg?resize=683%2C1024&#038;ssl=1\" alt=\"\" class=\"wp-image-72710\" srcset=\"https:\/\/i0.wp.com\/zeromagazine.mx\/wp-content\/uploads\/2024\/03\/IMG_0279.jpeg?resize=683%2C1024&amp;ssl=1 683w, https:\/\/i0.wp.com\/zeromagazine.mx\/wp-content\/uploads\/2024\/03\/IMG_0279.jpeg?resize=200%2C300&amp;ssl=1 200w, https:\/\/i0.wp.com\/zeromagazine.mx\/wp-content\/uploads\/2024\/03\/IMG_0279.jpeg?resize=768%2C1152&amp;ssl=1 768w, https:\/\/i0.wp.com\/zeromagazine.mx\/wp-content\/uploads\/2024\/03\/IMG_0279.jpeg?resize=1024%2C1536&amp;ssl=1 1024w, https:\/\/i0.wp.com\/zeromagazine.mx\/wp-content\/uploads\/2024\/03\/IMG_0279.jpeg?resize=1365%2C2048&amp;ssl=1 1365w, https:\/\/i0.wp.com\/zeromagazine.mx\/wp-content\/uploads\/2024\/03\/IMG_0279.jpeg?w=1600&amp;ssl=1 1600w\" sizes=\"(max-width: 683px) 100vw, 683px\" \/><\/figure>\n<\/div>\n\n\n\n<div class=\"wp-block-column is-layout-flow wp-block-column-is-layout-flow\">\n<figure class=\"wp-block-image size-large\"><img data-recalc-dims=\"1\" decoding=\"async\" width=\"683\" height=\"1024\" src=\"https:\/\/i0.wp.com\/zeromagazine.mx\/wp-content\/uploads\/2024\/03\/IMG_0280-683x1024.jpeg?resize=683%2C1024&#038;ssl=1\" alt=\"\" class=\"wp-image-72709\" srcset=\"https:\/\/i0.wp.com\/zeromagazine.mx\/wp-content\/uploads\/2024\/03\/IMG_0280.jpeg?resize=683%2C1024&amp;ssl=1 683w, https:\/\/i0.wp.com\/zeromagazine.mx\/wp-content\/uploads\/2024\/03\/IMG_0280.jpeg?resize=200%2C300&amp;ssl=1 200w, https:\/\/i0.wp.com\/zeromagazine.mx\/wp-content\/uploads\/2024\/03\/IMG_0280.jpeg?resize=768%2C1152&amp;ssl=1 768w, https:\/\/i0.wp.com\/zeromagazine.mx\/wp-content\/uploads\/2024\/03\/IMG_0280.jpeg?resize=1024%2C1536&amp;ssl=1 1024w, https:\/\/i0.wp.com\/zeromagazine.mx\/wp-content\/uploads\/2024\/03\/IMG_0280.jpeg?resize=1365%2C2048&amp;ssl=1 1365w, https:\/\/i0.wp.com\/zeromagazine.mx\/wp-content\/uploads\/2024\/03\/IMG_0280.jpeg?w=1600&amp;ssl=1 1600w\" sizes=\"(max-width: 683px) 100vw, 683px\" \/><\/figure>\n<\/div>\n\n\n\n<div class=\"wp-block-column is-layout-flow wp-block-column-is-layout-flow\">\n<figure class=\"wp-block-image size-large\"><img data-recalc-dims=\"1\" decoding=\"async\" width=\"683\" height=\"1024\" src=\"https:\/\/i0.wp.com\/zeromagazine.mx\/wp-content\/uploads\/2024\/03\/IMG_0288-683x1024.jpeg?resize=683%2C1024&#038;ssl=1\" alt=\"\" class=\"wp-image-72711\" srcset=\"https:\/\/i0.wp.com\/zeromagazine.mx\/wp-content\/uploads\/2024\/03\/IMG_0288.jpeg?resize=683%2C1024&amp;ssl=1 683w, https:\/\/i0.wp.com\/zeromagazine.mx\/wp-content\/uploads\/2024\/03\/IMG_0288.jpeg?resize=200%2C300&amp;ssl=1 200w, https:\/\/i0.wp.com\/zeromagazine.mx\/wp-content\/uploads\/2024\/03\/IMG_0288.jpeg?resize=768%2C1152&amp;ssl=1 768w, https:\/\/i0.wp.com\/zeromagazine.mx\/wp-content\/uploads\/2024\/03\/IMG_0288.jpeg?resize=1024%2C1536&amp;ssl=1 1024w, https:\/\/i0.wp.com\/zeromagazine.mx\/wp-content\/uploads\/2024\/03\/IMG_0288.jpeg?resize=1365%2C2048&amp;ssl=1 1365w, https:\/\/i0.wp.com\/zeromagazine.mx\/wp-content\/uploads\/2024\/03\/IMG_0288.jpeg?w=1600&amp;ssl=1 1600w\" sizes=\"(max-width: 683px) 100vw, 683px\" \/><\/figure>\n<\/div>\n<\/div>\n\n\n\n<p><\/p>\n\n\n\n<p><strong>ZM: Plat\u00edcame sobre tu experiencia en los Premios lo Nuestro.<\/strong><\/p>\n\n\n\n<p>FD: Estuvo genial, compart\u00ed con muchos artistas reconocidos y fue una experiencia incre\u00edble. Espero estar nominado alg\u00fan d\u00eda. Fue un momento que me hizo reflexionar sobre lo lejos que he llegado y lo que a\u00fan quiero lograr en mi carrera.<\/p>\n\n\n\n<p><strong><br>ZM: Cu\u00e9ntame sobre tu \u00faltima canci\u00f3n y su \u00e9xito en TikTok.<\/strong><br>FD: \u00abNo Eres T\u00fa\u00bb ha tenido una gran acogida desde que la compusimos. El videoclip lo grabamos en Buenos Aires y la respuesta en TikTok ha sido asombrosa. Desde el primer adelanto, la gente se volvi\u00f3 loca y ahora estoy emocionado por el \u00e9xito que est\u00e1 teniendo en todas las plataformas.<\/p>\n\n\n\n<p><br><strong>ZM: \u00bfTe imaginabas este \u00e9xito?<\/strong><br>FD: Sab\u00eda que llegar\u00eda en alg\u00fan momento. Es el resultado de a\u00f1os de trabajo constante y ahora estoy listo para seguir adelante con m\u00e1s m\u00fasica y proyectos emocionantes. Es un paso importante en mi carrera y estoy agradecido por todo el apoyo que he recibido de mis fans.<\/p>\n\n\n\n<div class=\"wp-block-columns is-layout-flex wp-container-core-columns-is-layout-9d6595d7 wp-block-columns-is-layout-flex\">\n<div class=\"wp-block-column is-layout-flow wp-block-column-is-layout-flow\">\n<figure class=\"wp-block-image size-large\"><img data-recalc-dims=\"1\" decoding=\"async\" width=\"683\" height=\"1024\" src=\"https:\/\/i0.wp.com\/zeromagazine.mx\/wp-content\/uploads\/2024\/03\/IMG_0277-683x1024.jpeg?resize=683%2C1024&#038;ssl=1\" alt=\"\" class=\"wp-image-72715\" srcset=\"https:\/\/i0.wp.com\/zeromagazine.mx\/wp-content\/uploads\/2024\/03\/IMG_0277.jpeg?resize=683%2C1024&amp;ssl=1 683w, https:\/\/i0.wp.com\/zeromagazine.mx\/wp-content\/uploads\/2024\/03\/IMG_0277.jpeg?resize=200%2C300&amp;ssl=1 200w, https:\/\/i0.wp.com\/zeromagazine.mx\/wp-content\/uploads\/2024\/03\/IMG_0277.jpeg?resize=768%2C1152&amp;ssl=1 768w, https:\/\/i0.wp.com\/zeromagazine.mx\/wp-content\/uploads\/2024\/03\/IMG_0277.jpeg?resize=1024%2C1536&amp;ssl=1 1024w, https:\/\/i0.wp.com\/zeromagazine.mx\/wp-content\/uploads\/2024\/03\/IMG_0277.jpeg?resize=1365%2C2048&amp;ssl=1 1365w, https:\/\/i0.wp.com\/zeromagazine.mx\/wp-content\/uploads\/2024\/03\/IMG_0277.jpeg?w=1600&amp;ssl=1 1600w\" sizes=\"(max-width: 683px) 100vw, 683px\" \/><\/figure>\n<\/div>\n\n\n\n<div class=\"wp-block-column is-layout-flow wp-block-column-is-layout-flow\">\n<figure class=\"wp-block-image size-large\"><img data-recalc-dims=\"1\" decoding=\"async\" width=\"683\" height=\"1024\" src=\"https:\/\/i0.wp.com\/zeromagazine.mx\/wp-content\/uploads\/2024\/03\/IMG_0292-683x1024.jpeg?resize=683%2C1024&#038;ssl=1\" alt=\"\" class=\"wp-image-72714\" srcset=\"https:\/\/i0.wp.com\/zeromagazine.mx\/wp-content\/uploads\/2024\/03\/IMG_0292.jpeg?resize=683%2C1024&amp;ssl=1 683w, https:\/\/i0.wp.com\/zeromagazine.mx\/wp-content\/uploads\/2024\/03\/IMG_0292.jpeg?resize=200%2C300&amp;ssl=1 200w, https:\/\/i0.wp.com\/zeromagazine.mx\/wp-content\/uploads\/2024\/03\/IMG_0292.jpeg?resize=768%2C1152&amp;ssl=1 768w, https:\/\/i0.wp.com\/zeromagazine.mx\/wp-content\/uploads\/2024\/03\/IMG_0292.jpeg?resize=1024%2C1536&amp;ssl=1 1024w, https:\/\/i0.wp.com\/zeromagazine.mx\/wp-content\/uploads\/2024\/03\/IMG_0292.jpeg?resize=1365%2C2048&amp;ssl=1 1365w, https:\/\/i0.wp.com\/zeromagazine.mx\/wp-content\/uploads\/2024\/03\/IMG_0292.jpeg?w=1600&amp;ssl=1 1600w\" sizes=\"(max-width: 683px) 100vw, 683px\" \/><\/figure>\n<\/div>\n\n\n\n<div class=\"wp-block-column is-layout-flow wp-block-column-is-layout-flow\">\n<figure class=\"wp-block-image size-large\"><img data-recalc-dims=\"1\" decoding=\"async\" width=\"683\" height=\"1024\" src=\"https:\/\/i0.wp.com\/zeromagazine.mx\/wp-content\/uploads\/2024\/03\/IMG_0278-683x1024.jpeg?resize=683%2C1024&#038;ssl=1\" alt=\"\" class=\"wp-image-72716\" srcset=\"https:\/\/i0.wp.com\/zeromagazine.mx\/wp-content\/uploads\/2024\/03\/IMG_0278.jpeg?resize=683%2C1024&amp;ssl=1 683w, https:\/\/i0.wp.com\/zeromagazine.mx\/wp-content\/uploads\/2024\/03\/IMG_0278.jpeg?resize=200%2C300&amp;ssl=1 200w, https:\/\/i0.wp.com\/zeromagazine.mx\/wp-content\/uploads\/2024\/03\/IMG_0278.jpeg?resize=768%2C1152&amp;ssl=1 768w, https:\/\/i0.wp.com\/zeromagazine.mx\/wp-content\/uploads\/2024\/03\/IMG_0278.jpeg?resize=1024%2C1536&amp;ssl=1 1024w, https:\/\/i0.wp.com\/zeromagazine.mx\/wp-content\/uploads\/2024\/03\/IMG_0278.jpeg?resize=1365%2C2048&amp;ssl=1 1365w, https:\/\/i0.wp.com\/zeromagazine.mx\/wp-content\/uploads\/2024\/03\/IMG_0278.jpeg?w=1600&amp;ssl=1 1600w\" sizes=\"(max-width: 683px) 100vw, 683px\" \/><\/figure>\n<\/div>\n<\/div>\n\n\n\n<p><br>Su dedicaci\u00f3n, pasi\u00f3n y determinaci\u00f3n son inspiradores, y nos recuerdan que con esfuerzo y perseverancia, los sue\u00f1os pueden hacerse realidad. \u00a1Descubran m\u00e1s sobre este talentoso artista y sum\u00e9rjanse en su m\u00fasica que sin duda los cautivar\u00e1!<\/p>\n\n\n\n<script async src=\"https:\/\/pagead2.googlesyndication.com\/pagead\/js\/adsbygoogle.js?client=ca-pub-5499304793904745\"\n     crossorigin=\"anonymous\"><\/script>\n<ins class=\"adsbygoogle\"\n     style=\"display:block; text-align:center;\"\n     data-ad-layout=\"in-article\"\n     data-ad-format=\"fluid\"\n     data-ad-client=\"ca-pub-5499304793904745\"\n     data-ad-slot=\"5994863093\"><\/ins>\n<script>\n     (adsbygoogle = window.adsbygoogle || []).push({});\n<\/script>\n\n<!--themify_builder_content-->\n<div id=\"themify_builder_content-72704\" data-postid=\"72704\" class=\"themify_builder_content themify_builder_content-72704 themify_builder tf_clear\">\n    <\/div>\n<!--\/themify_builder_content-->","protected":false},"excerpt":{"rendered":"<p>Acomp\u00e1\u00f1enme mientras exploramos los inicios de Fede Dorcaz, los desaf\u00edos y los triunfos de este vers\u00e1til artista que ha conquistado tanto las pasarelas como los escenarios musicales. ZM: Sabemos que comenzaste tu carrera como modelo en Barcelona. \u00bfC\u00f3mo fue esa transici\u00f3n a la moda?Fede Dorcaz: Fue una sorpresa, me descubrieron en las calles de Barcelona [&hellip;]<\/p>\n","protected":false},"author":2,"featured_media":72727,"comment_status":"open","ping_status":"open","sticky":false,"template":"","format":"standard","meta":{"_jetpack_memberships_contains_paid_content":false,"footnotes":"","jetpack_publicize_message":"","jetpack_publicize_feature_enabled":true,"jetpack_social_post_already_shared":false,"jetpack_social_options":{"image_generator_settings":{"template":"highway","default_image_id":0,"font":"","enabled":false},"version":2}},"categories":[1,91],"tags":[7301,7439,7302,7440],"class_list":["post-72704","post","type-post","status-publish","format-standard","has-post-thumbnail","hentry","category-blog","category-entrevistas","tag-fede-dorcaz","tag-modelaje","tag-no-eres-tu","tag-premios-lo-nuestro","has-post-title","has-post-date","has-post-category","has-post-tag","has-post-comment","has-post-author",""],"yoast_head":"<!-- This site is optimized with the Yoast SEO plugin v27.5 - https:\/\/yoast.com\/product\/yoast-seo-wordpress\/ -->\n<title>Fede Dorcaz: Entre acordes y pasarelas - Zero Magazine<\/title>\n<meta name=\"robots\" content=\"index, follow, max-snippet:-1, max-image-preview:large, max-video-preview:-1\" \/>\n<link rel=\"canonical\" href=\"https:\/\/zeromagazine.mx\/index.php\/2024\/03\/28\/fede-dorcaz-entre-acordes-y-pasarelas\/\" \/>\n<meta property=\"og:locale\" content=\"es_ES\" \/>\n<meta property=\"og:type\" content=\"article\" \/>\n<meta property=\"og:title\" content=\"Fede Dorcaz: Entre acordes y pasarelas - Zero Magazine\" \/>\n<meta property=\"og:description\" content=\"Acomp\u00e1\u00f1enme mientras exploramos los inicios de Fede Dorcaz, los desaf\u00edos y los triunfos de este vers\u00e1til artista que ha conquistado tanto las pasarelas como los escenarios musicales. ZM: Sabemos que comenzaste tu carrera como modelo en Barcelona. \u00bfC\u00f3mo fue esa transici\u00f3n a la moda?Fede Dorcaz: Fue una sorpresa, me descubrieron en las calles de Barcelona [&hellip;]\" \/>\n<meta property=\"og:url\" content=\"https:\/\/zeromagazine.mx\/index.php\/2024\/03\/28\/fede-dorcaz-entre-acordes-y-pasarelas\/\" \/>\n<meta property=\"og:site_name\" content=\"Zero Magazine\" \/>\n<meta property=\"article:published_time\" content=\"2024-03-28T03:54:56+00:00\" \/>\n<meta property=\"article:modified_time\" content=\"2024-03-28T03:59:28+00:00\" \/>\n<meta property=\"og:image\" content=\"https:\/\/zeromagazine.mx\/wp-content\/uploads\/2024\/03\/IMG_0281-683x1024.jpeg\" \/>\n\t<meta property=\"og:image:width\" content=\"683\" \/>\n\t<meta property=\"og:image:height\" content=\"1024\" \/>\n\t<meta property=\"og:image:type\" content=\"image\/jpeg\" \/>\n<meta name=\"author\" content=\"zeromagazinemx\" \/>\n<meta name=\"twitter:card\" content=\"summary_large_image\" \/>\n<meta name=\"twitter:label1\" content=\"Escrito por\" \/>\n\t<meta name=\"twitter:data1\" content=\"zeromagazinemx\" \/>\n\t<meta name=\"twitter:label2\" content=\"Tiempo de lectura\" \/>\n\t<meta name=\"twitter:data2\" content=\"3 minutos\" \/>\n<script type=\"application\/ld+json\" class=\"yoast-schema-graph\">{\"@context\":\"https:\\\/\\\/schema.org\",\"@graph\":[{\"@type\":\"Article\",\"@id\":\"https:\\\/\\\/zeromagazine.mx\\\/index.php\\\/2024\\\/03\\\/28\\\/fede-dorcaz-entre-acordes-y-pasarelas\\\/#article\",\"isPartOf\":{\"@id\":\"https:\\\/\\\/zeromagazine.mx\\\/index.php\\\/2024\\\/03\\\/28\\\/fede-dorcaz-entre-acordes-y-pasarelas\\\/\"},\"author\":{\"name\":\"zeromagazinemx\",\"@id\":\"https:\\\/\\\/zeromagazine.mx\\\/#\\\/schema\\\/person\\\/9aed9f33a7c39af3a348b86d723f7773\"},\"headline\":\"Fede Dorcaz: Entre acordes y pasarelas\",\"datePublished\":\"2024-03-28T03:54:56+00:00\",\"dateModified\":\"2024-03-28T03:59:28+00:00\",\"mainEntityOfPage\":{\"@id\":\"https:\\\/\\\/zeromagazine.mx\\\/index.php\\\/2024\\\/03\\\/28\\\/fede-dorcaz-entre-acordes-y-pasarelas\\\/\"},\"wordCount\":682,\"commentCount\":0,\"publisher\":{\"@id\":\"https:\\\/\\\/zeromagazine.mx\\\/#organization\"},\"image\":{\"@id\":\"https:\\\/\\\/zeromagazine.mx\\\/index.php\\\/2024\\\/03\\\/28\\\/fede-dorcaz-entre-acordes-y-pasarelas\\\/#primaryimage\"},\"thumbnailUrl\":\"https:\\\/\\\/i0.wp.com\\\/zeromagazine.mx\\\/wp-content\\\/uploads\\\/2024\\\/03\\\/IMG_0281.jpeg?fit=1600%2C2400&ssl=1\",\"keywords\":[\"Fede Dorcaz\",\"Modelaje\",\"No eres t\u00fa\",\"Premios lo Nuestro\"],\"articleSection\":[\"Blog\",\"Entrevistas\"],\"inLanguage\":\"es\",\"potentialAction\":[{\"@type\":\"CommentAction\",\"name\":\"Comment\",\"target\":[\"https:\\\/\\\/zeromagazine.mx\\\/index.php\\\/2024\\\/03\\\/28\\\/fede-dorcaz-entre-acordes-y-pasarelas\\\/#respond\"]}]},{\"@type\":\"WebPage\",\"@id\":\"https:\\\/\\\/zeromagazine.mx\\\/index.php\\\/2024\\\/03\\\/28\\\/fede-dorcaz-entre-acordes-y-pasarelas\\\/\",\"url\":\"https:\\\/\\\/zeromagazine.mx\\\/index.php\\\/2024\\\/03\\\/28\\\/fede-dorcaz-entre-acordes-y-pasarelas\\\/\",\"name\":\"Fede Dorcaz: Entre acordes y pasarelas - Zero Magazine\",\"isPartOf\":{\"@id\":\"https:\\\/\\\/zeromagazine.mx\\\/#website\"},\"primaryImageOfPage\":{\"@id\":\"https:\\\/\\\/zeromagazine.mx\\\/index.php\\\/2024\\\/03\\\/28\\\/fede-dorcaz-entre-acordes-y-pasarelas\\\/#primaryimage\"},\"image\":{\"@id\":\"https:\\\/\\\/zeromagazine.mx\\\/index.php\\\/2024\\\/03\\\/28\\\/fede-dorcaz-entre-acordes-y-pasarelas\\\/#primaryimage\"},\"thumbnailUrl\":\"https:\\\/\\\/i0.wp.com\\\/zeromagazine.mx\\\/wp-content\\\/uploads\\\/2024\\\/03\\\/IMG_0281.jpeg?fit=1600%2C2400&ssl=1\",\"datePublished\":\"2024-03-28T03:54:56+00:00\",\"dateModified\":\"2024-03-28T03:59:28+00:00\",\"breadcrumb\":{\"@id\":\"https:\\\/\\\/zeromagazine.mx\\\/index.php\\\/2024\\\/03\\\/28\\\/fede-dorcaz-entre-acordes-y-pasarelas\\\/#breadcrumb\"},\"inLanguage\":\"es\",\"potentialAction\":[{\"@type\":\"ReadAction\",\"target\":[\"https:\\\/\\\/zeromagazine.mx\\\/index.php\\\/2024\\\/03\\\/28\\\/fede-dorcaz-entre-acordes-y-pasarelas\\\/\"]}]},{\"@type\":\"ImageObject\",\"inLanguage\":\"es\",\"@id\":\"https:\\\/\\\/zeromagazine.mx\\\/index.php\\\/2024\\\/03\\\/28\\\/fede-dorcaz-entre-acordes-y-pasarelas\\\/#primaryimage\",\"url\":\"https:\\\/\\\/i0.wp.com\\\/zeromagazine.mx\\\/wp-content\\\/uploads\\\/2024\\\/03\\\/IMG_0281.jpeg?fit=1600%2C2400&ssl=1\",\"contentUrl\":\"https:\\\/\\\/i0.wp.com\\\/zeromagazine.mx\\\/wp-content\\\/uploads\\\/2024\\\/03\\\/IMG_0281.jpeg?fit=1600%2C2400&ssl=1\",\"width\":1600,\"height\":2400},{\"@type\":\"BreadcrumbList\",\"@id\":\"https:\\\/\\\/zeromagazine.mx\\\/index.php\\\/2024\\\/03\\\/28\\\/fede-dorcaz-entre-acordes-y-pasarelas\\\/#breadcrumb\",\"itemListElement\":[{\"@type\":\"ListItem\",\"position\":1,\"name\":\"Portada\",\"item\":\"https:\\\/\\\/zeromagazine.mx\\\/\"},{\"@type\":\"ListItem\",\"position\":2,\"name\":\"Fede Dorcaz: Entre acordes y pasarelas\"}]},{\"@type\":\"WebSite\",\"@id\":\"https:\\\/\\\/zeromagazine.mx\\\/#website\",\"url\":\"https:\\\/\\\/zeromagazine.mx\\\/\",\"name\":\"Zero Magazine\",\"description\":\"\",\"publisher\":{\"@id\":\"https:\\\/\\\/zeromagazine.mx\\\/#organization\"},\"potentialAction\":[{\"@type\":\"SearchAction\",\"target\":{\"@type\":\"EntryPoint\",\"urlTemplate\":\"https:\\\/\\\/zeromagazine.mx\\\/?s={search_term_string}\"},\"query-input\":{\"@type\":\"PropertyValueSpecification\",\"valueRequired\":true,\"valueName\":\"search_term_string\"}}],\"inLanguage\":\"es\"},{\"@type\":\"Organization\",\"@id\":\"https:\\\/\\\/zeromagazine.mx\\\/#organization\",\"name\":\"Zero Magazine\",\"url\":\"https:\\\/\\\/zeromagazine.mx\\\/\",\"logo\":{\"@type\":\"ImageObject\",\"inLanguage\":\"es\",\"@id\":\"https:\\\/\\\/zeromagazine.mx\\\/#\\\/schema\\\/logo\\\/image\\\/\",\"url\":\"https:\\\/\\\/i0.wp.com\\\/zeromagazine.mx\\\/wp-content\\\/uploads\\\/2025\\\/11\\\/1.jpeg?fit=1000%2C1000&ssl=1\",\"contentUrl\":\"https:\\\/\\\/i0.wp.com\\\/zeromagazine.mx\\\/wp-content\\\/uploads\\\/2025\\\/11\\\/1.jpeg?fit=1000%2C1000&ssl=1\",\"width\":1000,\"height\":1000,\"caption\":\"Zero Magazine\"},\"image\":{\"@id\":\"https:\\\/\\\/zeromagazine.mx\\\/#\\\/schema\\\/logo\\\/image\\\/\"},\"sameAs\":[\"https:\\\/\\\/instagram.com\\\/zeromagazinemx\"]},{\"@type\":\"Person\",\"@id\":\"https:\\\/\\\/zeromagazine.mx\\\/#\\\/schema\\\/person\\\/9aed9f33a7c39af3a348b86d723f7773\",\"name\":\"zeromagazinemx\",\"image\":{\"@type\":\"ImageObject\",\"inLanguage\":\"es\",\"@id\":\"https:\\\/\\\/zeromagazine.mx\\\/wp-content\\\/litespeed\\\/avatar\\\/f91dfe5410d5dcb1a576bf8c45983896.jpg?ver=1776966396\",\"url\":\"https:\\\/\\\/zeromagazine.mx\\\/wp-content\\\/litespeed\\\/avatar\\\/f91dfe5410d5dcb1a576bf8c45983896.jpg?ver=1776966396\",\"contentUrl\":\"https:\\\/\\\/zeromagazine.mx\\\/wp-content\\\/litespeed\\\/avatar\\\/f91dfe5410d5dcb1a576bf8c45983896.jpg?ver=1776966396\",\"caption\":\"zeromagazinemx\"},\"url\":\"https:\\\/\\\/zeromagazine.mx\\\/index.php\\\/author\\\/zeromagazinemx\\\/\"}]}<\/script>\n<!-- \/ Yoast SEO plugin. -->","yoast_head_json":{"title":"Fede Dorcaz: Entre acordes y pasarelas - Zero Magazine","robots":{"index":"index","follow":"follow","max-snippet":"max-snippet:-1","max-image-preview":"max-image-preview:large","max-video-preview":"max-video-preview:-1"},"canonical":"https:\/\/zeromagazine.mx\/index.php\/2024\/03\/28\/fede-dorcaz-entre-acordes-y-pasarelas\/","og_locale":"es_ES","og_type":"article","og_title":"Fede Dorcaz: Entre acordes y pasarelas - Zero Magazine","og_description":"Acomp\u00e1\u00f1enme mientras exploramos los inicios de Fede Dorcaz, los desaf\u00edos y los triunfos de este vers\u00e1til artista que ha conquistado tanto las pasarelas como los escenarios musicales. ZM: Sabemos que comenzaste tu carrera como modelo en Barcelona. \u00bfC\u00f3mo fue esa transici\u00f3n a la moda?Fede Dorcaz: Fue una sorpresa, me descubrieron en las calles de Barcelona [&hellip;]","og_url":"https:\/\/zeromagazine.mx\/index.php\/2024\/03\/28\/fede-dorcaz-entre-acordes-y-pasarelas\/","og_site_name":"Zero Magazine","article_published_time":"2024-03-28T03:54:56+00:00","article_modified_time":"2024-03-28T03:59:28+00:00","og_image":[{"width":683,"height":1024,"url":"https:\/\/zeromagazine.mx\/wp-content\/uploads\/2024\/03\/IMG_0281-683x1024.jpeg","type":"image\/jpeg"}],"author":"zeromagazinemx","twitter_card":"summary_large_image","twitter_misc":{"Escrito por":"zeromagazinemx","Tiempo de lectura":"3 minutos"},"schema":{"@context":"https:\/\/schema.org","@graph":[{"@type":"Article","@id":"https:\/\/zeromagazine.mx\/index.php\/2024\/03\/28\/fede-dorcaz-entre-acordes-y-pasarelas\/#article","isPartOf":{"@id":"https:\/\/zeromagazine.mx\/index.php\/2024\/03\/28\/fede-dorcaz-entre-acordes-y-pasarelas\/"},"author":{"name":"zeromagazinemx","@id":"https:\/\/zeromagazine.mx\/#\/schema\/person\/9aed9f33a7c39af3a348b86d723f7773"},"headline":"Fede Dorcaz: Entre acordes y pasarelas","datePublished":"2024-03-28T03:54:56+00:00","dateModified":"2024-03-28T03:59:28+00:00","mainEntityOfPage":{"@id":"https:\/\/zeromagazine.mx\/index.php\/2024\/03\/28\/fede-dorcaz-entre-acordes-y-pasarelas\/"},"wordCount":682,"commentCount":0,"publisher":{"@id":"https:\/\/zeromagazine.mx\/#organization"},"image":{"@id":"https:\/\/zeromagazine.mx\/index.php\/2024\/03\/28\/fede-dorcaz-entre-acordes-y-pasarelas\/#primaryimage"},"thumbnailUrl":"https:\/\/i0.wp.com\/zeromagazine.mx\/wp-content\/uploads\/2024\/03\/IMG_0281.jpeg?fit=1600%2C2400&ssl=1","keywords":["Fede Dorcaz","Modelaje","No eres t\u00fa","Premios lo Nuestro"],"articleSection":["Blog","Entrevistas"],"inLanguage":"es","potentialAction":[{"@type":"CommentAction","name":"Comment","target":["https:\/\/zeromagazine.mx\/index.php\/2024\/03\/28\/fede-dorcaz-entre-acordes-y-pasarelas\/#respond"]}]},{"@type":"WebPage","@id":"https:\/\/zeromagazine.mx\/index.php\/2024\/03\/28\/fede-dorcaz-entre-acordes-y-pasarelas\/","url":"https:\/\/zeromagazine.mx\/index.php\/2024\/03\/28\/fede-dorcaz-entre-acordes-y-pasarelas\/","name":"Fede Dorcaz: Entre acordes y pasarelas - Zero Magazine","isPartOf":{"@id":"https:\/\/zeromagazine.mx\/#website"},"primaryImageOfPage":{"@id":"https:\/\/zeromagazine.mx\/index.php\/2024\/03\/28\/fede-dorcaz-entre-acordes-y-pasarelas\/#primaryimage"},"image":{"@id":"https:\/\/zeromagazine.mx\/index.php\/2024\/03\/28\/fede-dorcaz-entre-acordes-y-pasarelas\/#primaryimage"},"thumbnailUrl":"https:\/\/i0.wp.com\/zeromagazine.mx\/wp-content\/uploads\/2024\/03\/IMG_0281.jpeg?fit=1600%2C2400&ssl=1","datePublished":"2024-03-28T03:54:56+00:00","dateModified":"2024-03-28T03:59:28+00:00","breadcrumb":{"@id":"https:\/\/zeromagazine.mx\/index.php\/2024\/03\/28\/fede-dorcaz-entre-acordes-y-pasarelas\/#breadcrumb"},"inLanguage":"es","potentialAction":[{"@type":"ReadAction","target":["https:\/\/zeromagazine.mx\/index.php\/2024\/03\/28\/fede-dorcaz-entre-acordes-y-pasarelas\/"]}]},{"@type":"ImageObject","inLanguage":"es","@id":"https:\/\/zeromagazine.mx\/index.php\/2024\/03\/28\/fede-dorcaz-entre-acordes-y-pasarelas\/#primaryimage","url":"https:\/\/i0.wp.com\/zeromagazine.mx\/wp-content\/uploads\/2024\/03\/IMG_0281.jpeg?fit=1600%2C2400&ssl=1","contentUrl":"https:\/\/i0.wp.com\/zeromagazine.mx\/wp-content\/uploads\/2024\/03\/IMG_0281.jpeg?fit=1600%2C2400&ssl=1","width":1600,"height":2400},{"@type":"BreadcrumbList","@id":"https:\/\/zeromagazine.mx\/index.php\/2024\/03\/28\/fede-dorcaz-entre-acordes-y-pasarelas\/#breadcrumb","itemListElement":[{"@type":"ListItem","position":1,"name":"Portada","item":"https:\/\/zeromagazine.mx\/"},{"@type":"ListItem","position":2,"name":"Fede Dorcaz: Entre acordes y pasarelas"}]},{"@type":"WebSite","@id":"https:\/\/zeromagazine.mx\/#website","url":"https:\/\/zeromagazine.mx\/","name":"Zero Magazine","description":"","publisher":{"@id":"https:\/\/zeromagazine.mx\/#organization"},"potentialAction":[{"@type":"SearchAction","target":{"@type":"EntryPoint","urlTemplate":"https:\/\/zeromagazine.mx\/?s={search_term_string}"},"query-input":{"@type":"PropertyValueSpecification","valueRequired":true,"valueName":"search_term_string"}}],"inLanguage":"es"},{"@type":"Organization","@id":"https:\/\/zeromagazine.mx\/#organization","name":"Zero Magazine","url":"https:\/\/zeromagazine.mx\/","logo":{"@type":"ImageObject","inLanguage":"es","@id":"https:\/\/zeromagazine.mx\/#\/schema\/logo\/image\/","url":"https:\/\/i0.wp.com\/zeromagazine.mx\/wp-content\/uploads\/2025\/11\/1.jpeg?fit=1000%2C1000&ssl=1","contentUrl":"https:\/\/i0.wp.com\/zeromagazine.mx\/wp-content\/uploads\/2025\/11\/1.jpeg?fit=1000%2C1000&ssl=1","width":1000,"height":1000,"caption":"Zero Magazine"},"image":{"@id":"https:\/\/zeromagazine.mx\/#\/schema\/logo\/image\/"},"sameAs":["https:\/\/instagram.com\/zeromagazinemx"]},{"@type":"Person","@id":"https:\/\/zeromagazine.mx\/#\/schema\/person\/9aed9f33a7c39af3a348b86d723f7773","name":"zeromagazinemx","image":{"@type":"ImageObject","inLanguage":"es","@id":"https:\/\/zeromagazine.mx\/wp-content\/litespeed\/avatar\/f91dfe5410d5dcb1a576bf8c45983896.jpg?ver=1776966396","url":"https:\/\/zeromagazine.mx\/wp-content\/litespeed\/avatar\/f91dfe5410d5dcb1a576bf8c45983896.jpg?ver=1776966396","contentUrl":"https:\/\/zeromagazine.mx\/wp-content\/litespeed\/avatar\/f91dfe5410d5dcb1a576bf8c45983896.jpg?ver=1776966396","caption":"zeromagazinemx"},"url":"https:\/\/zeromagazine.mx\/index.php\/author\/zeromagazinemx\/"}]}},"jetpack_publicize_connections":[],"jetpack_featured_media_url":"https:\/\/i0.wp.com\/zeromagazine.mx\/wp-content\/uploads\/2024\/03\/IMG_0281.jpeg?fit=1600%2C2400&ssl=1","jetpack-related-posts":[{"id":77499,"url":"https:\/\/zeromagazine.mx\/index.php\/2024\/06\/10\/fede-dorcaz-el-arte-de-sonar-en-grande\/","url_meta":{"origin":72704,"position":0},"title":"FEDE DORCAZ: EL ARTE DE SO\u00d1AR EN GRANDE","author":"David Morales","date":"10 de junio de 2024","format":false,"excerpt":"Hoy llega a nuestra portada Fede Dorcaz, un talentoso artista cuyo viaje en la industria del entretenimiento es una inspiradora historia de determinaci\u00f3n y \u00e9xito. Comenz\u00f3 su carrera como modelo en Barcelona, donde fue descubierto por casualidad y tuvo la oportunidad de trabajar con grandes nombres como Giorgio Armani.\u00a0 Por:\u2026","rel":"","context":"En \u00abPortada\u00bb","block_context":{"text":"Portada","link":"https:\/\/zeromagazine.mx\/index.php\/category\/portada\/"},"img":{"alt_text":"","src":"https:\/\/i0.wp.com\/zeromagazine.mx\/wp-content\/uploads\/2024\/06\/IMG_1107-scaled.jpeg?fit=927%2C1200&ssl=1&resize=350%2C200","width":350,"height":200,"srcset":"https:\/\/i0.wp.com\/zeromagazine.mx\/wp-content\/uploads\/2024\/06\/IMG_1107-scaled.jpeg?fit=927%2C1200&ssl=1&resize=350%2C200 1x, https:\/\/i0.wp.com\/zeromagazine.mx\/wp-content\/uploads\/2024\/06\/IMG_1107-scaled.jpeg?fit=927%2C1200&ssl=1&resize=525%2C300 1.5x, https:\/\/i0.wp.com\/zeromagazine.mx\/wp-content\/uploads\/2024\/06\/IMG_1107-scaled.jpeg?fit=927%2C1200&ssl=1&resize=700%2C400 2x"},"classes":[]},{"id":69988,"url":"https:\/\/zeromagazine.mx\/index.php\/2023\/12\/27\/let-it-snow\/","url_meta":{"origin":72704,"position":1},"title":"Let it Snow","author":"David Morales","date":"27 de diciembre de 2023","format":false,"excerpt":"Que el frio no sea un pretexto para armarte unos outfits cool. Lueva, truene o relampague\u00e9 te tenemos cubierto con nuestras propuestas. Modelo: Eddie agencia: Crom AgencyFoto: Alain AmatecoGrooming: Alberto CamposStyling: El Poderoso DaveLocaci\u00f3n: Nimbo Studio Pasamonta\u00f1as y Pants: Amnes!a Gorro: Amnes!a \/ Windbreaker y Shorts: El Poderoso Closet \/\u2026","rel":"","context":"En \u00abModa\u00bb","block_context":{"text":"Moda","link":"https:\/\/zeromagazine.mx\/index.php\/category\/moda\/"},"img":{"alt_text":"","src":"https:\/\/i0.wp.com\/zeromagazine.mx\/wp-content\/uploads\/2023\/12\/EDZ10.jpg?fit=800%2C1200&ssl=1&resize=350%2C200","width":350,"height":200,"srcset":"https:\/\/i0.wp.com\/zeromagazine.mx\/wp-content\/uploads\/2023\/12\/EDZ10.jpg?fit=800%2C1200&ssl=1&resize=350%2C200 1x, https:\/\/i0.wp.com\/zeromagazine.mx\/wp-content\/uploads\/2023\/12\/EDZ10.jpg?fit=800%2C1200&ssl=1&resize=525%2C300 1.5x, https:\/\/i0.wp.com\/zeromagazine.mx\/wp-content\/uploads\/2023\/12\/EDZ10.jpg?fit=800%2C1200&ssl=1&resize=700%2C400 2x"},"classes":[]},{"id":81137,"url":"https:\/\/zeromagazine.mx\/index.php\/2024\/07\/31\/andres-gueda-un-veneno-que-todxs-queremos-probar\/","url_meta":{"origin":72704,"position":2},"title":"Andr\u00e9s Gueda: Un Veneno que Todxs Queremos Probar","author":"David Morales","date":"31 de julio de 2024","format":false,"excerpt":"Foto: Charlie AmatecoAsistente de foto: Sam AlvaradoGrooming: Albertto CamposStyling: El Poderoso DaveLocaci\u00f3n: Nimbo Studio","rel":"","context":"En \u00abEntrevistas\u00bb","block_context":{"text":"Entrevistas","link":"https:\/\/zeromagazine.mx\/index.php\/category\/entretenimiento\/entrevistas\/"},"img":{"alt_text":"","src":"https:\/\/i0.wp.com\/zeromagazine.mx\/wp-content\/uploads\/2024\/07\/IMG_1354-scaled.jpeg?fit=800%2C1200&ssl=1&resize=350%2C200","width":350,"height":200,"srcset":"https:\/\/i0.wp.com\/zeromagazine.mx\/wp-content\/uploads\/2024\/07\/IMG_1354-scaled.jpeg?fit=800%2C1200&ssl=1&resize=350%2C200 1x, https:\/\/i0.wp.com\/zeromagazine.mx\/wp-content\/uploads\/2024\/07\/IMG_1354-scaled.jpeg?fit=800%2C1200&ssl=1&resize=525%2C300 1.5x, https:\/\/i0.wp.com\/zeromagazine.mx\/wp-content\/uploads\/2024\/07\/IMG_1354-scaled.jpeg?fit=800%2C1200&ssl=1&resize=700%2C400 2x"},"classes":[]},{"id":80856,"url":"https:\/\/zeromagazine.mx\/index.php\/2024\/07\/26\/summer-heat\/","url_meta":{"origin":72704,"position":3},"title":"Summer Heat","author":"David Morales","date":"26 de julio de 2024","format":false,"excerpt":"Modelo: Alan SalazarAgencia: Boga ModelsFoto: Charlie AmatecoGrooming: Albertto CamposStyling: El Poderoso DaveLocac\u00ed\u00f3n: Nimbo Studio","rel":"","context":"En \u00abEntrevistas\u00bb","block_context":{"text":"Entrevistas","link":"https:\/\/zeromagazine.mx\/index.php\/category\/entretenimiento\/entrevistas\/"},"img":{"alt_text":"","src":"https:\/\/i0.wp.com\/zeromagazine.mx\/wp-content\/uploads\/2024\/07\/IMG_1311-scaled.jpeg?fit=800%2C1200&ssl=1&resize=350%2C200","width":350,"height":200,"srcset":"https:\/\/i0.wp.com\/zeromagazine.mx\/wp-content\/uploads\/2024\/07\/IMG_1311-scaled.jpeg?fit=800%2C1200&ssl=1&resize=350%2C200 1x, https:\/\/i0.wp.com\/zeromagazine.mx\/wp-content\/uploads\/2024\/07\/IMG_1311-scaled.jpeg?fit=800%2C1200&ssl=1&resize=525%2C300 1.5x, https:\/\/i0.wp.com\/zeromagazine.mx\/wp-content\/uploads\/2024\/07\/IMG_1311-scaled.jpeg?fit=800%2C1200&ssl=1&resize=700%2C400 2x"},"classes":[]},{"id":70433,"url":"https:\/\/zeromagazine.mx\/index.php\/2024\/01\/30\/denim-chronicles\/","url_meta":{"origin":72704,"position":4},"title":"Denim Chronicles","author":"David Morales","date":"30 de enero de 2024","format":false,"excerpt":"Que es invierno, pero a medio d\u00eda hace m\u00e1s calor que en verano; y a las 6 pm se empieza a sentir el fr\u00edo, si ya no sabes qu\u00e9 ponerte, hicimos una propuesta con full denim, que es atemporal y funciona en cualquier clima. Fotos: Alain AmatecoGrooming: Alberto CamposModelo:Santi JimenezStyling:\u2026","rel":"","context":"En \u00abModa\u00bb","block_context":{"text":"Moda","link":"https:\/\/zeromagazine.mx\/index.php\/category\/moda\/"},"img":{"alt_text":"","src":"https:\/\/i0.wp.com\/zeromagazine.mx\/wp-content\/uploads\/2024\/01\/IMG_0307.jpeg?fit=800%2C1200&ssl=1&resize=350%2C200","width":350,"height":200,"srcset":"https:\/\/i0.wp.com\/zeromagazine.mx\/wp-content\/uploads\/2024\/01\/IMG_0307.jpeg?fit=800%2C1200&ssl=1&resize=350%2C200 1x, https:\/\/i0.wp.com\/zeromagazine.mx\/wp-content\/uploads\/2024\/01\/IMG_0307.jpeg?fit=800%2C1200&ssl=1&resize=525%2C300 1.5x, https:\/\/i0.wp.com\/zeromagazine.mx\/wp-content\/uploads\/2024\/01\/IMG_0307.jpeg?fit=800%2C1200&ssl=1&resize=700%2C400 2x"},"classes":[]},{"id":80463,"url":"https:\/\/zeromagazine.mx\/index.php\/2024\/07\/18\/glam-in-pearls\/","url_meta":{"origin":72704,"position":5},"title":"GLAM IN PEARLS","author":"David Morales","date":"18 de julio de 2024","format":false,"excerpt":"Foto: Marielle ValenciaModelo: Baruch BelmanAgencia: Boga ModelsBooker: Alejandro RomeroMUAH: Margarita SandovalStyling: El Poderoso DaveLocaci\u00f3n: Nimbo StudioRopa: Amnes!a","rel":"","context":"En \u00abModa\u00bb","block_context":{"text":"Moda","link":"https:\/\/zeromagazine.mx\/index.php\/category\/moda\/"},"img":{"alt_text":"","src":"https:\/\/i0.wp.com\/zeromagazine.mx\/wp-content\/uploads\/2024\/07\/IMG_1249-scaled.jpeg?resize=350%2C200","width":350,"height":200,"srcset":"https:\/\/i0.wp.com\/zeromagazine.mx\/wp-content\/uploads\/2024\/07\/IMG_1249-scaled.jpeg?resize=350%2C200 1x, https:\/\/i0.wp.com\/zeromagazine.mx\/wp-content\/uploads\/2024\/07\/IMG_1249-scaled.jpeg?resize=525%2C300 1.5x, https:\/\/i0.wp.com\/zeromagazine.mx\/wp-content\/uploads\/2024\/07\/IMG_1249-scaled.jpeg?resize=700%2C400 2x, https:\/\/i0.wp.com\/zeromagazine.mx\/wp-content\/uploads\/2024\/07\/IMG_1249-scaled.jpeg?resize=1050%2C600 3x, https:\/\/i0.wp.com\/zeromagazine.mx\/wp-content\/uploads\/2024\/07\/IMG_1249-scaled.jpeg?resize=1400%2C800 4x"},"classes":[]}],"jetpack_sharing_enabled":true,"builder_content":"","_links":{"self":[{"href":"https:\/\/zeromagazine.mx\/index.php\/wp-json\/wp\/v2\/posts\/72704","targetHints":{"allow":["GET"]}}],"collection":[{"href":"https:\/\/zeromagazine.mx\/index.php\/wp-json\/wp\/v2\/posts"}],"about":[{"href":"https:\/\/zeromagazine.mx\/index.php\/wp-json\/wp\/v2\/types\/post"}],"author":[{"embeddable":true,"href":"https:\/\/zeromagazine.mx\/index.php\/wp-json\/wp\/v2\/users\/2"}],"replies":[{"embeddable":true,"href":"https:\/\/zeromagazine.mx\/index.php\/wp-json\/wp\/v2\/comments?post=72704"}],"version-history":[{"count":13,"href":"https:\/\/zeromagazine.mx\/index.php\/wp-json\/wp\/v2\/posts\/72704\/revisions"}],"predecessor-version":[{"id":72734,"href":"https:\/\/zeromagazine.mx\/index.php\/wp-json\/wp\/v2\/posts\/72704\/revisions\/72734"}],"wp:featuredmedia":[{"embeddable":true,"href":"https:\/\/zeromagazine.mx\/index.php\/wp-json\/wp\/v2\/media\/72727"}],"wp:attachment":[{"href":"https:\/\/zeromagazine.mx\/index.php\/wp-json\/wp\/v2\/media?parent=72704"}],"wp:term":[{"taxonomy":"category","embeddable":true,"href":"https:\/\/zeromagazine.mx\/index.php\/wp-json\/wp\/v2\/categories?post=72704"},{"taxonomy":"post_tag","embeddable":true,"href":"https:\/\/zeromagazine.mx\/index.php\/wp-json\/wp\/v2\/tags?post=72704"}],"curies":[{"name":"wp","href":"https:\/\/api.w.org\/{rel}","templated":true}]}}