{"id":72768,"date":"2024-03-28T20:00:00","date_gmt":"2024-03-28T19:00:00","guid":{"rendered":"https:\/\/zeromagazine.mx\/?p=72768"},"modified":"2024-03-28T19:54:27","modified_gmt":"2024-03-28T18:54:27","slug":"protege-tus-ojos-con-estilo-en-mas-vision-esta-semana-santa","status":"publish","type":"post","link":"https:\/\/zeromagazine.mx\/index.php\/2024\/03\/28\/protege-tus-ojos-con-estilo-en-mas-vision-esta-semana-santa\/","title":{"rendered":"\u00a1Protege tus ojos con estilo en M\u00e1s Visi\u00f3n esta Semana Santa!"},"content":{"rendered":"<p>Las vacaciones de Semana Santa sin duda son un momento esperado para escapar del estr\u00e9s cotidiano y recargar energ\u00edas. Sin embargo, antes de preparar el equipaje, quiero recordarles la importancia de cuidar nuestra salud visual, especialmente cuando pasamos largas horas bajo el sol. En este sentido, las gafas de sol se convierten en un elemento esencial para proteger nuestros ojos de los da\u00f1inos rayos UV, y en M\u00e1s Visi\u00f3n nos preocupamos por ofrecerles las mejores opciones para combinar protecci\u00f3n y estilo durante sus d\u00edas de descanso.<\/p>\n\n\n\n<script async src=\"https:\/\/pagead2.googlesyndication.com\/pagead\/js\/adsbygoogle.js?client=ca-pub-5499304793904745\"\n     crossorigin=\"anonymous\"><\/script>\n<ins class=\"adsbygoogle\"\n     style=\"display:block; text-align:center;\"\n     data-ad-layout=\"in-article\"\n     data-ad-format=\"fluid\"\n     data-ad-client=\"ca-pub-5499304793904745\"\n     data-ad-slot=\"5994863093\"><\/ins>\n<script>\n     (adsbygoogle = window.adsbygoogle || []).push({});\n<\/script>\n\n\n\n<p>Ahora, hablemos un poco sobre las opciones disponibles para ambos g\u00e9neros. Para las mujeres que desean lucir elegantes y protegidas, \u00bfqu\u00e9 les parece considerar los lentes solares Giorgio Armani? Con un dise\u00f1o cuadrado completo y una tonalidad havana, estos lentes no solo aportan un toque de sofisticaci\u00f3n, sino que tambi\u00e9n brindan una excelente protecci\u00f3n contra los rayos solares.<\/p>\n\n\n\n<div class=\"wp-block-columns is-layout-flex wp-container-core-columns-is-layout-9d6595d7 wp-block-columns-is-layout-flex\">\n<div class=\"wp-block-column is-layout-flow wp-block-column-is-layout-flow\">\n<figure class=\"wp-block-image size-large\"><img data-recalc-dims=\"1\" decoding=\"async\" width=\"1024\" height=\"510\" src=\"https:\/\/i0.wp.com\/zeromagazine.mx\/wp-content\/uploads\/2024\/03\/Giorgio-Armani-1024x510.png?resize=1024%2C510&#038;ssl=1\" alt=\"\" class=\"wp-image-72769\" srcset=\"https:\/\/i0.wp.com\/zeromagazine.mx\/wp-content\/uploads\/2024\/03\/Giorgio-Armani.png?resize=1024%2C510&amp;ssl=1 1024w, https:\/\/i0.wp.com\/zeromagazine.mx\/wp-content\/uploads\/2024\/03\/Giorgio-Armani.png?resize=300%2C149&amp;ssl=1 300w, https:\/\/i0.wp.com\/zeromagazine.mx\/wp-content\/uploads\/2024\/03\/Giorgio-Armani.png?resize=768%2C383&amp;ssl=1 768w, https:\/\/i0.wp.com\/zeromagazine.mx\/wp-content\/uploads\/2024\/03\/Giorgio-Armani.png?w=1046&amp;ssl=1 1046w\" sizes=\"(max-width: 1024px) 100vw, 1024px\" \/><\/figure>\n<\/div>\n\n\n\n<div class=\"wp-block-column is-layout-flow wp-block-column-is-layout-flow\">\n<figure class=\"wp-block-image size-large\"><img data-recalc-dims=\"1\" decoding=\"async\" width=\"1024\" height=\"505\" src=\"https:\/\/i0.wp.com\/zeromagazine.mx\/wp-content\/uploads\/2024\/03\/Giorgio-Armani-1-1024x505.png?resize=1024%2C505&#038;ssl=1\" alt=\"\" class=\"wp-image-72770\" srcset=\"https:\/\/i0.wp.com\/zeromagazine.mx\/wp-content\/uploads\/2024\/03\/Giorgio-Armani-1.png?resize=1024%2C505&amp;ssl=1 1024w, https:\/\/i0.wp.com\/zeromagazine.mx\/wp-content\/uploads\/2024\/03\/Giorgio-Armani-1.png?resize=300%2C148&amp;ssl=1 300w, https:\/\/i0.wp.com\/zeromagazine.mx\/wp-content\/uploads\/2024\/03\/Giorgio-Armani-1.png?resize=768%2C378&amp;ssl=1 768w, https:\/\/i0.wp.com\/zeromagazine.mx\/wp-content\/uploads\/2024\/03\/Giorgio-Armani-1.png?w=1045&amp;ssl=1 1045w\" sizes=\"(max-width: 1024px) 100vw, 1024px\" \/><\/figure>\n<\/div>\n<\/div>\n\n\n\n<p><\/p>\n\n\n\n<p>Por otro lado, los lentes de sol Unofficial para mujer ofrecen un estilo m\u00e1s moderno, con su dise\u00f1o cuadrado completo en un vibrante color rosa. Adem\u00e1s de ser un accesorio de moda, estos lentes garantizan una adecuada protecci\u00f3n ocular sin sacrificar el estilo.<\/p>\n\n\n\n<div class=\"wp-block-columns is-layout-flex wp-container-core-columns-is-layout-9d6595d7 wp-block-columns-is-layout-flex\">\n<div class=\"wp-block-column is-layout-flow wp-block-column-is-layout-flow\">\n<figure class=\"wp-block-image size-large\"><img data-recalc-dims=\"1\" decoding=\"async\" width=\"1024\" height=\"510\" src=\"https:\/\/i0.wp.com\/zeromagazine.mx\/wp-content\/uploads\/2024\/03\/Unofficial-1-1024x510.png?resize=1024%2C510&#038;ssl=1\" alt=\"\" class=\"wp-image-72772\" srcset=\"https:\/\/i0.wp.com\/zeromagazine.mx\/wp-content\/uploads\/2024\/03\/Unofficial-1.png?resize=1024%2C510&amp;ssl=1 1024w, https:\/\/i0.wp.com\/zeromagazine.mx\/wp-content\/uploads\/2024\/03\/Unofficial-1.png?resize=300%2C149&amp;ssl=1 300w, https:\/\/i0.wp.com\/zeromagazine.mx\/wp-content\/uploads\/2024\/03\/Unofficial-1.png?resize=768%2C382&amp;ssl=1 768w, https:\/\/i0.wp.com\/zeromagazine.mx\/wp-content\/uploads\/2024\/03\/Unofficial-1.png?w=1049&amp;ssl=1 1049w\" sizes=\"(max-width: 1024px) 100vw, 1024px\" \/><\/figure>\n<\/div>\n\n\n\n<div class=\"wp-block-column is-layout-flow wp-block-column-is-layout-flow\">\n<figure class=\"wp-block-image size-large\"><img data-recalc-dims=\"1\" decoding=\"async\" width=\"1024\" height=\"513\" src=\"https:\/\/i0.wp.com\/zeromagazine.mx\/wp-content\/uploads\/2024\/03\/Unofficial-1024x513.png?resize=1024%2C513&#038;ssl=1\" alt=\"\" class=\"wp-image-72771\" srcset=\"https:\/\/i0.wp.com\/zeromagazine.mx\/wp-content\/uploads\/2024\/03\/Unofficial.png?resize=1024%2C513&amp;ssl=1 1024w, https:\/\/i0.wp.com\/zeromagazine.mx\/wp-content\/uploads\/2024\/03\/Unofficial.png?resize=300%2C150&amp;ssl=1 300w, https:\/\/i0.wp.com\/zeromagazine.mx\/wp-content\/uploads\/2024\/03\/Unofficial.png?resize=768%2C385&amp;ssl=1 768w, https:\/\/i0.wp.com\/zeromagazine.mx\/wp-content\/uploads\/2024\/03\/Unofficial.png?w=1048&amp;ssl=1 1048w\" sizes=\"(max-width: 1024px) 100vw, 1024px\" \/><\/figure>\n<\/div>\n<\/div>\n\n\n\n<p><\/p>\n\n\n\n<p>En el caso de los hombres, los lentes Solares Puma destacan por su dise\u00f1o cuadrado completo en color negro, ideales para aquellos que buscan una opci\u00f3n resistente y funcional. Mientras tanto, los lentes solares Ray Ban ofrecen un toque cl\u00e1sico con un toque de modernidad, gracias a su dise\u00f1o en metal dorado y lentes azules polarizados.<\/p>\n\n\n\n<script async src=\"https:\/\/pagead2.googlesyndication.com\/pagead\/js\/adsbygoogle.js?client=ca-pub-5499304793904745\"\n     crossorigin=\"anonymous\"><\/script>\n<ins class=\"adsbygoogle\"\n     style=\"display:block; text-align:center;\"\n     data-ad-layout=\"in-article\"\n     data-ad-format=\"fluid\"\n     data-ad-client=\"ca-pub-5499304793904745\"\n     data-ad-slot=\"5994863093\"><\/ins>\n<script>\n     (adsbygoogle = window.adsbygoogle || []).push({});\n<\/script>\n\n\n\n<p>Por \u00faltimo, los lentes de la marca Polo Ralph presentan un estilo m\u00e1s arriesgado, con su dise\u00f1o redondo completo en un llamativo color azul. Estas opciones, tanto para mujeres como para hombres, no solo cumplen con los est\u00e1ndares de protecci\u00f3n UV, sino que tambi\u00e9n a\u00f1aden un toque de elegancia a cualquier atuendo playero.<\/p>\n\n\n\n<figure class=\"wp-block-image size-full\"><img data-recalc-dims=\"1\" decoding=\"async\" width=\"1022\" height=\"496\" src=\"https:\/\/i0.wp.com\/zeromagazine.mx\/wp-content\/uploads\/2024\/03\/Polo-Ralph.png?resize=1022%2C496&#038;ssl=1\" alt=\"\" class=\"wp-image-72775\" srcset=\"https:\/\/i0.wp.com\/zeromagazine.mx\/wp-content\/uploads\/2024\/03\/Polo-Ralph.png?w=1022&amp;ssl=1 1022w, https:\/\/i0.wp.com\/zeromagazine.mx\/wp-content\/uploads\/2024\/03\/Polo-Ralph.png?resize=300%2C146&amp;ssl=1 300w, https:\/\/i0.wp.com\/zeromagazine.mx\/wp-content\/uploads\/2024\/03\/Polo-Ralph.png?resize=768%2C373&amp;ssl=1 768w\" sizes=\"(max-width: 1022px) 100vw, 1022px\" \/><\/figure>\n\n\n\n<p><\/p>\n\n\n\n<p>En M\u00e1s Visi\u00f3n nos comprometemos a ofrecerles no solo productos de calidad, sino tambi\u00e9n opciones que les permitan cuidar su salud visual sin dejar de lado su estilo personal. Los invito a visitar nuestras tiendas o explorar nuestro cat\u00e1logo en l\u00ednea para encontrar la opci\u00f3n perfecta que los acompa\u00f1ar\u00e1 durante sus vacaciones de Semana Santa. Recuerden, la protecci\u00f3n de sus ojos es fundamental, \u00a1pero no tienen que renunciar al estilo para conseguirla! \u00a1Nos vemos en M\u00e1s Visi\u00f3n!<\/p>\n\n\n\n<script async src=\"https:\/\/pagead2.googlesyndication.com\/pagead\/js\/adsbygoogle.js?client=ca-pub-5499304793904745\"\n     crossorigin=\"anonymous\"><\/script>\n<ins class=\"adsbygoogle\"\n     style=\"display:block; text-align:center;\"\n     data-ad-layout=\"in-article\"\n     data-ad-format=\"fluid\"\n     data-ad-client=\"ca-pub-5499304793904745\"\n     data-ad-slot=\"5994863093\"><\/ins>\n<script>\n     (adsbygoogle = window.adsbygoogle || []).push({});\n<\/script>\n\n<!--themify_builder_content-->\n<div id=\"themify_builder_content-72768\" data-postid=\"72768\" class=\"themify_builder_content themify_builder_content-72768 themify_builder tf_clear\">\n    <\/div>\n<!--\/themify_builder_content-->","protected":false},"excerpt":{"rendered":"<p>Las vacaciones de Semana Santa sin duda son un momento esperado para escapar del estr\u00e9s cotidiano y recargar energ\u00edas. Sin embargo, antes de preparar el equipaje, quiero recordarles la importancia de cuidar nuestra salud visual, especialmente cuando pasamos largas horas bajo el sol. En este sentido, las gafas de sol se convierten en un elemento [&hellip;]<\/p>\n","protected":false},"author":2,"featured_media":72774,"comment_status":"open","ping_status":"open","sticky":false,"template":"","format":"standard","meta":{"_jetpack_memberships_contains_paid_content":false,"footnotes":"","jetpack_publicize_message":"","jetpack_publicize_feature_enabled":true,"jetpack_social_post_already_shared":false,"jetpack_social_options":{"image_generator_settings":{"template":"highway","default_image_id":0,"font":"","enabled":false},"version":2}},"categories":[67],"tags":[1997,7449,7448,7327],"class_list":["post-72768","post","type-post","status-publish","format-standard","has-post-thumbnail","hentry","category-moda","tag-accesorios","tag-lentes-de-sol","tag-mas-vision","tag-semana-santa","has-post-title","has-post-date","has-post-category","has-post-tag","has-post-comment","has-post-author",""],"yoast_head":"<!-- This site is optimized with the Yoast SEO plugin v27.4 - https:\/\/yoast.com\/product\/yoast-seo-wordpress\/ -->\n<title>\u00a1Protege tus ojos con estilo en M\u00e1s Visi\u00f3n esta Semana Santa! - Zero Magazine<\/title>\n<meta name=\"robots\" content=\"index, follow, max-snippet:-1, max-image-preview:large, max-video-preview:-1\" \/>\n<link rel=\"canonical\" href=\"https:\/\/zeromagazine.mx\/index.php\/2024\/03\/28\/protege-tus-ojos-con-estilo-en-mas-vision-esta-semana-santa\/\" \/>\n<meta property=\"og:locale\" content=\"es_ES\" \/>\n<meta property=\"og:type\" content=\"article\" \/>\n<meta property=\"og:title\" content=\"\u00a1Protege tus ojos con estilo en M\u00e1s Visi\u00f3n esta Semana Santa! - Zero Magazine\" \/>\n<meta property=\"og:description\" content=\"Las vacaciones de Semana Santa sin duda son un momento esperado para escapar del estr\u00e9s cotidiano y recargar energ\u00edas. Sin embargo, antes de preparar el equipaje, quiero recordarles la importancia de cuidar nuestra salud visual, especialmente cuando pasamos largas horas bajo el sol. En este sentido, las gafas de sol se convierten en un elemento [&hellip;]\" \/>\n<meta property=\"og:url\" content=\"https:\/\/zeromagazine.mx\/index.php\/2024\/03\/28\/protege-tus-ojos-con-estilo-en-mas-vision-esta-semana-santa\/\" \/>\n<meta property=\"og:site_name\" content=\"Zero Magazine\" \/>\n<meta property=\"article:published_time\" content=\"2024-03-28T19:00:00+00:00\" \/>\n<meta property=\"og:image\" content=\"https:\/\/i0.wp.com\/zeromagazine.mx\/wp-content\/uploads\/2024\/03\/Vogue-1.png?fit=1023%2C499&ssl=1\" \/>\n\t<meta property=\"og:image:width\" content=\"1023\" \/>\n\t<meta property=\"og:image:height\" content=\"499\" \/>\n\t<meta property=\"og:image:type\" content=\"image\/png\" \/>\n<meta name=\"author\" content=\"zeromagazinemx\" \/>\n<meta name=\"twitter:card\" content=\"summary_large_image\" \/>\n<meta name=\"twitter:label1\" content=\"Escrito por\" \/>\n\t<meta name=\"twitter:data1\" content=\"zeromagazinemx\" \/>\n\t<meta name=\"twitter:label2\" content=\"Tiempo de lectura\" \/>\n\t<meta name=\"twitter:data2\" content=\"2 minutos\" \/>\n<script type=\"application\/ld+json\" class=\"yoast-schema-graph\">{\"@context\":\"https:\\\/\\\/schema.org\",\"@graph\":[{\"@type\":\"Article\",\"@id\":\"https:\\\/\\\/zeromagazine.mx\\\/index.php\\\/2024\\\/03\\\/28\\\/protege-tus-ojos-con-estilo-en-mas-vision-esta-semana-santa\\\/#article\",\"isPartOf\":{\"@id\":\"https:\\\/\\\/zeromagazine.mx\\\/index.php\\\/2024\\\/03\\\/28\\\/protege-tus-ojos-con-estilo-en-mas-vision-esta-semana-santa\\\/\"},\"author\":{\"name\":\"zeromagazinemx\",\"@id\":\"https:\\\/\\\/zeromagazine.mx\\\/#\\\/schema\\\/person\\\/9aed9f33a7c39af3a348b86d723f7773\"},\"headline\":\"\u00a1Protege tus ojos con estilo en M\u00e1s Visi\u00f3n esta Semana Santa!\",\"datePublished\":\"2024-03-28T19:00:00+00:00\",\"mainEntityOfPage\":{\"@id\":\"https:\\\/\\\/zeromagazine.mx\\\/index.php\\\/2024\\\/03\\\/28\\\/protege-tus-ojos-con-estilo-en-mas-vision-esta-semana-santa\\\/\"},\"wordCount\":422,\"commentCount\":0,\"publisher\":{\"@id\":\"https:\\\/\\\/zeromagazine.mx\\\/#organization\"},\"image\":{\"@id\":\"https:\\\/\\\/zeromagazine.mx\\\/index.php\\\/2024\\\/03\\\/28\\\/protege-tus-ojos-con-estilo-en-mas-vision-esta-semana-santa\\\/#primaryimage\"},\"thumbnailUrl\":\"https:\\\/\\\/i0.wp.com\\\/zeromagazine.mx\\\/wp-content\\\/uploads\\\/2024\\\/03\\\/Vogue-1.png?fit=1023%2C499&ssl=1\",\"keywords\":[\"Accesorios\",\"Lentes de sol\",\"M\u00e1s Visi\u00f3n\",\"Semana Santa\"],\"articleSection\":[\"Moda\"],\"inLanguage\":\"es\",\"potentialAction\":[{\"@type\":\"CommentAction\",\"name\":\"Comment\",\"target\":[\"https:\\\/\\\/zeromagazine.mx\\\/index.php\\\/2024\\\/03\\\/28\\\/protege-tus-ojos-con-estilo-en-mas-vision-esta-semana-santa\\\/#respond\"]}]},{\"@type\":\"WebPage\",\"@id\":\"https:\\\/\\\/zeromagazine.mx\\\/index.php\\\/2024\\\/03\\\/28\\\/protege-tus-ojos-con-estilo-en-mas-vision-esta-semana-santa\\\/\",\"url\":\"https:\\\/\\\/zeromagazine.mx\\\/index.php\\\/2024\\\/03\\\/28\\\/protege-tus-ojos-con-estilo-en-mas-vision-esta-semana-santa\\\/\",\"name\":\"\u00a1Protege tus ojos con estilo en M\u00e1s Visi\u00f3n esta Semana Santa! - Zero Magazine\",\"isPartOf\":{\"@id\":\"https:\\\/\\\/zeromagazine.mx\\\/#website\"},\"primaryImageOfPage\":{\"@id\":\"https:\\\/\\\/zeromagazine.mx\\\/index.php\\\/2024\\\/03\\\/28\\\/protege-tus-ojos-con-estilo-en-mas-vision-esta-semana-santa\\\/#primaryimage\"},\"image\":{\"@id\":\"https:\\\/\\\/zeromagazine.mx\\\/index.php\\\/2024\\\/03\\\/28\\\/protege-tus-ojos-con-estilo-en-mas-vision-esta-semana-santa\\\/#primaryimage\"},\"thumbnailUrl\":\"https:\\\/\\\/i0.wp.com\\\/zeromagazine.mx\\\/wp-content\\\/uploads\\\/2024\\\/03\\\/Vogue-1.png?fit=1023%2C499&ssl=1\",\"datePublished\":\"2024-03-28T19:00:00+00:00\",\"breadcrumb\":{\"@id\":\"https:\\\/\\\/zeromagazine.mx\\\/index.php\\\/2024\\\/03\\\/28\\\/protege-tus-ojos-con-estilo-en-mas-vision-esta-semana-santa\\\/#breadcrumb\"},\"inLanguage\":\"es\",\"potentialAction\":[{\"@type\":\"ReadAction\",\"target\":[\"https:\\\/\\\/zeromagazine.mx\\\/index.php\\\/2024\\\/03\\\/28\\\/protege-tus-ojos-con-estilo-en-mas-vision-esta-semana-santa\\\/\"]}]},{\"@type\":\"ImageObject\",\"inLanguage\":\"es\",\"@id\":\"https:\\\/\\\/zeromagazine.mx\\\/index.php\\\/2024\\\/03\\\/28\\\/protege-tus-ojos-con-estilo-en-mas-vision-esta-semana-santa\\\/#primaryimage\",\"url\":\"https:\\\/\\\/i0.wp.com\\\/zeromagazine.mx\\\/wp-content\\\/uploads\\\/2024\\\/03\\\/Vogue-1.png?fit=1023%2C499&ssl=1\",\"contentUrl\":\"https:\\\/\\\/i0.wp.com\\\/zeromagazine.mx\\\/wp-content\\\/uploads\\\/2024\\\/03\\\/Vogue-1.png?fit=1023%2C499&ssl=1\",\"width\":1023,\"height\":499},{\"@type\":\"BreadcrumbList\",\"@id\":\"https:\\\/\\\/zeromagazine.mx\\\/index.php\\\/2024\\\/03\\\/28\\\/protege-tus-ojos-con-estilo-en-mas-vision-esta-semana-santa\\\/#breadcrumb\",\"itemListElement\":[{\"@type\":\"ListItem\",\"position\":1,\"name\":\"Portada\",\"item\":\"https:\\\/\\\/zeromagazine.mx\\\/\"},{\"@type\":\"ListItem\",\"position\":2,\"name\":\"\u00a1Protege tus ojos con estilo en M\u00e1s Visi\u00f3n esta Semana Santa!\"}]},{\"@type\":\"WebSite\",\"@id\":\"https:\\\/\\\/zeromagazine.mx\\\/#website\",\"url\":\"https:\\\/\\\/zeromagazine.mx\\\/\",\"name\":\"Zero Magazine\",\"description\":\"\",\"publisher\":{\"@id\":\"https:\\\/\\\/zeromagazine.mx\\\/#organization\"},\"potentialAction\":[{\"@type\":\"SearchAction\",\"target\":{\"@type\":\"EntryPoint\",\"urlTemplate\":\"https:\\\/\\\/zeromagazine.mx\\\/?s={search_term_string}\"},\"query-input\":{\"@type\":\"PropertyValueSpecification\",\"valueRequired\":true,\"valueName\":\"search_term_string\"}}],\"inLanguage\":\"es\"},{\"@type\":\"Organization\",\"@id\":\"https:\\\/\\\/zeromagazine.mx\\\/#organization\",\"name\":\"Zero Magazine\",\"url\":\"https:\\\/\\\/zeromagazine.mx\\\/\",\"logo\":{\"@type\":\"ImageObject\",\"inLanguage\":\"es\",\"@id\":\"https:\\\/\\\/zeromagazine.mx\\\/#\\\/schema\\\/logo\\\/image\\\/\",\"url\":\"https:\\\/\\\/i0.wp.com\\\/zeromagazine.mx\\\/wp-content\\\/uploads\\\/2025\\\/11\\\/1.jpeg?fit=1000%2C1000&ssl=1\",\"contentUrl\":\"https:\\\/\\\/i0.wp.com\\\/zeromagazine.mx\\\/wp-content\\\/uploads\\\/2025\\\/11\\\/1.jpeg?fit=1000%2C1000&ssl=1\",\"width\":1000,\"height\":1000,\"caption\":\"Zero Magazine\"},\"image\":{\"@id\":\"https:\\\/\\\/zeromagazine.mx\\\/#\\\/schema\\\/logo\\\/image\\\/\"},\"sameAs\":[\"https:\\\/\\\/instagram.com\\\/zeromagazinemx\"]},{\"@type\":\"Person\",\"@id\":\"https:\\\/\\\/zeromagazine.mx\\\/#\\\/schema\\\/person\\\/9aed9f33a7c39af3a348b86d723f7773\",\"name\":\"zeromagazinemx\",\"image\":{\"@type\":\"ImageObject\",\"inLanguage\":\"es\",\"@id\":\"https:\\\/\\\/zeromagazine.mx\\\/wp-content\\\/litespeed\\\/avatar\\\/f91dfe5410d5dcb1a576bf8c45983896.jpg?ver=1776966396\",\"url\":\"https:\\\/\\\/zeromagazine.mx\\\/wp-content\\\/litespeed\\\/avatar\\\/f91dfe5410d5dcb1a576bf8c45983896.jpg?ver=1776966396\",\"contentUrl\":\"https:\\\/\\\/zeromagazine.mx\\\/wp-content\\\/litespeed\\\/avatar\\\/f91dfe5410d5dcb1a576bf8c45983896.jpg?ver=1776966396\",\"caption\":\"zeromagazinemx\"},\"url\":\"https:\\\/\\\/zeromagazine.mx\\\/index.php\\\/author\\\/zeromagazinemx\\\/\"}]}<\/script>\n<!-- \/ Yoast SEO plugin. -->","yoast_head_json":{"title":"\u00a1Protege tus ojos con estilo en M\u00e1s Visi\u00f3n esta Semana Santa! - Zero Magazine","robots":{"index":"index","follow":"follow","max-snippet":"max-snippet:-1","max-image-preview":"max-image-preview:large","max-video-preview":"max-video-preview:-1"},"canonical":"https:\/\/zeromagazine.mx\/index.php\/2024\/03\/28\/protege-tus-ojos-con-estilo-en-mas-vision-esta-semana-santa\/","og_locale":"es_ES","og_type":"article","og_title":"\u00a1Protege tus ojos con estilo en M\u00e1s Visi\u00f3n esta Semana Santa! - Zero Magazine","og_description":"Las vacaciones de Semana Santa sin duda son un momento esperado para escapar del estr\u00e9s cotidiano y recargar energ\u00edas. Sin embargo, antes de preparar el equipaje, quiero recordarles la importancia de cuidar nuestra salud visual, especialmente cuando pasamos largas horas bajo el sol. En este sentido, las gafas de sol se convierten en un elemento [&hellip;]","og_url":"https:\/\/zeromagazine.mx\/index.php\/2024\/03\/28\/protege-tus-ojos-con-estilo-en-mas-vision-esta-semana-santa\/","og_site_name":"Zero Magazine","article_published_time":"2024-03-28T19:00:00+00:00","og_image":[{"width":1023,"height":499,"url":"https:\/\/i0.wp.com\/zeromagazine.mx\/wp-content\/uploads\/2024\/03\/Vogue-1.png?fit=1023%2C499&ssl=1","type":"image\/png"}],"author":"zeromagazinemx","twitter_card":"summary_large_image","twitter_misc":{"Escrito por":"zeromagazinemx","Tiempo de lectura":"2 minutos"},"schema":{"@context":"https:\/\/schema.org","@graph":[{"@type":"Article","@id":"https:\/\/zeromagazine.mx\/index.php\/2024\/03\/28\/protege-tus-ojos-con-estilo-en-mas-vision-esta-semana-santa\/#article","isPartOf":{"@id":"https:\/\/zeromagazine.mx\/index.php\/2024\/03\/28\/protege-tus-ojos-con-estilo-en-mas-vision-esta-semana-santa\/"},"author":{"name":"zeromagazinemx","@id":"https:\/\/zeromagazine.mx\/#\/schema\/person\/9aed9f33a7c39af3a348b86d723f7773"},"headline":"\u00a1Protege tus ojos con estilo en M\u00e1s Visi\u00f3n esta Semana Santa!","datePublished":"2024-03-28T19:00:00+00:00","mainEntityOfPage":{"@id":"https:\/\/zeromagazine.mx\/index.php\/2024\/03\/28\/protege-tus-ojos-con-estilo-en-mas-vision-esta-semana-santa\/"},"wordCount":422,"commentCount":0,"publisher":{"@id":"https:\/\/zeromagazine.mx\/#organization"},"image":{"@id":"https:\/\/zeromagazine.mx\/index.php\/2024\/03\/28\/protege-tus-ojos-con-estilo-en-mas-vision-esta-semana-santa\/#primaryimage"},"thumbnailUrl":"https:\/\/i0.wp.com\/zeromagazine.mx\/wp-content\/uploads\/2024\/03\/Vogue-1.png?fit=1023%2C499&ssl=1","keywords":["Accesorios","Lentes de sol","M\u00e1s Visi\u00f3n","Semana Santa"],"articleSection":["Moda"],"inLanguage":"es","potentialAction":[{"@type":"CommentAction","name":"Comment","target":["https:\/\/zeromagazine.mx\/index.php\/2024\/03\/28\/protege-tus-ojos-con-estilo-en-mas-vision-esta-semana-santa\/#respond"]}]},{"@type":"WebPage","@id":"https:\/\/zeromagazine.mx\/index.php\/2024\/03\/28\/protege-tus-ojos-con-estilo-en-mas-vision-esta-semana-santa\/","url":"https:\/\/zeromagazine.mx\/index.php\/2024\/03\/28\/protege-tus-ojos-con-estilo-en-mas-vision-esta-semana-santa\/","name":"\u00a1Protege tus ojos con estilo en M\u00e1s Visi\u00f3n esta Semana Santa! - Zero Magazine","isPartOf":{"@id":"https:\/\/zeromagazine.mx\/#website"},"primaryImageOfPage":{"@id":"https:\/\/zeromagazine.mx\/index.php\/2024\/03\/28\/protege-tus-ojos-con-estilo-en-mas-vision-esta-semana-santa\/#primaryimage"},"image":{"@id":"https:\/\/zeromagazine.mx\/index.php\/2024\/03\/28\/protege-tus-ojos-con-estilo-en-mas-vision-esta-semana-santa\/#primaryimage"},"thumbnailUrl":"https:\/\/i0.wp.com\/zeromagazine.mx\/wp-content\/uploads\/2024\/03\/Vogue-1.png?fit=1023%2C499&ssl=1","datePublished":"2024-03-28T19:00:00+00:00","breadcrumb":{"@id":"https:\/\/zeromagazine.mx\/index.php\/2024\/03\/28\/protege-tus-ojos-con-estilo-en-mas-vision-esta-semana-santa\/#breadcrumb"},"inLanguage":"es","potentialAction":[{"@type":"ReadAction","target":["https:\/\/zeromagazine.mx\/index.php\/2024\/03\/28\/protege-tus-ojos-con-estilo-en-mas-vision-esta-semana-santa\/"]}]},{"@type":"ImageObject","inLanguage":"es","@id":"https:\/\/zeromagazine.mx\/index.php\/2024\/03\/28\/protege-tus-ojos-con-estilo-en-mas-vision-esta-semana-santa\/#primaryimage","url":"https:\/\/i0.wp.com\/zeromagazine.mx\/wp-content\/uploads\/2024\/03\/Vogue-1.png?fit=1023%2C499&ssl=1","contentUrl":"https:\/\/i0.wp.com\/zeromagazine.mx\/wp-content\/uploads\/2024\/03\/Vogue-1.png?fit=1023%2C499&ssl=1","width":1023,"height":499},{"@type":"BreadcrumbList","@id":"https:\/\/zeromagazine.mx\/index.php\/2024\/03\/28\/protege-tus-ojos-con-estilo-en-mas-vision-esta-semana-santa\/#breadcrumb","itemListElement":[{"@type":"ListItem","position":1,"name":"Portada","item":"https:\/\/zeromagazine.mx\/"},{"@type":"ListItem","position":2,"name":"\u00a1Protege tus ojos con estilo en M\u00e1s Visi\u00f3n esta Semana Santa!"}]},{"@type":"WebSite","@id":"https:\/\/zeromagazine.mx\/#website","url":"https:\/\/zeromagazine.mx\/","name":"Zero Magazine","description":"","publisher":{"@id":"https:\/\/zeromagazine.mx\/#organization"},"potentialAction":[{"@type":"SearchAction","target":{"@type":"EntryPoint","urlTemplate":"https:\/\/zeromagazine.mx\/?s={search_term_string}"},"query-input":{"@type":"PropertyValueSpecification","valueRequired":true,"valueName":"search_term_string"}}],"inLanguage":"es"},{"@type":"Organization","@id":"https:\/\/zeromagazine.mx\/#organization","name":"Zero Magazine","url":"https:\/\/zeromagazine.mx\/","logo":{"@type":"ImageObject","inLanguage":"es","@id":"https:\/\/zeromagazine.mx\/#\/schema\/logo\/image\/","url":"https:\/\/i0.wp.com\/zeromagazine.mx\/wp-content\/uploads\/2025\/11\/1.jpeg?fit=1000%2C1000&ssl=1","contentUrl":"https:\/\/i0.wp.com\/zeromagazine.mx\/wp-content\/uploads\/2025\/11\/1.jpeg?fit=1000%2C1000&ssl=1","width":1000,"height":1000,"caption":"Zero Magazine"},"image":{"@id":"https:\/\/zeromagazine.mx\/#\/schema\/logo\/image\/"},"sameAs":["https:\/\/instagram.com\/zeromagazinemx"]},{"@type":"Person","@id":"https:\/\/zeromagazine.mx\/#\/schema\/person\/9aed9f33a7c39af3a348b86d723f7773","name":"zeromagazinemx","image":{"@type":"ImageObject","inLanguage":"es","@id":"https:\/\/zeromagazine.mx\/wp-content\/litespeed\/avatar\/f91dfe5410d5dcb1a576bf8c45983896.jpg?ver=1776966396","url":"https:\/\/zeromagazine.mx\/wp-content\/litespeed\/avatar\/f91dfe5410d5dcb1a576bf8c45983896.jpg?ver=1776966396","contentUrl":"https:\/\/zeromagazine.mx\/wp-content\/litespeed\/avatar\/f91dfe5410d5dcb1a576bf8c45983896.jpg?ver=1776966396","caption":"zeromagazinemx"},"url":"https:\/\/zeromagazine.mx\/index.php\/author\/zeromagazinemx\/"}]}},"jetpack_publicize_connections":[],"jetpack_featured_media_url":"https:\/\/i0.wp.com\/zeromagazine.mx\/wp-content\/uploads\/2024\/03\/Vogue-1.png?fit=1023%2C499&ssl=1","jetpack-related-posts":[{"id":107059,"url":"https:\/\/zeromagazine.mx\/index.php\/2025\/07\/29\/lentes-de-sol-con-proteccion-uv\/","url_meta":{"origin":72768,"position":0},"title":"Lentes de sol con protecci\u00f3n UV","author":"David Morales","date":"29 de julio de 2025","format":false,"excerpt":"El verano est\u00e1 que arde, y no solo hablamos del clima. Entre d\u00edas largos, sunsets en rooftop y planes al aire libre, hay un accesorio que se vuelve m\u00e1s indispensable que tu filtro favorito: los lentes de sol con protecci\u00f3n UV. S\u00ed, son cool, est\u00e9ticos y rematan cualquier outfit, pero\u2026","rel":"","context":"En \u00abModa\u00bb","block_context":{"text":"Moda","link":"https:\/\/zeromagazine.mx\/index.php\/category\/moda\/"},"img":{"alt_text":"","src":"https:\/\/i0.wp.com\/zeromagazine.mx\/wp-content\/uploads\/2025\/08\/Img_DbyDC2C_25_1200x628_KV4.jpeg?fit=1201%2C629&ssl=1&resize=350%2C200","width":350,"height":200,"srcset":"https:\/\/i0.wp.com\/zeromagazine.mx\/wp-content\/uploads\/2025\/08\/Img_DbyDC2C_25_1200x628_KV4.jpeg?fit=1201%2C629&ssl=1&resize=350%2C200 1x, https:\/\/i0.wp.com\/zeromagazine.mx\/wp-content\/uploads\/2025\/08\/Img_DbyDC2C_25_1200x628_KV4.jpeg?fit=1201%2C629&ssl=1&resize=525%2C300 1.5x, https:\/\/i0.wp.com\/zeromagazine.mx\/wp-content\/uploads\/2025\/08\/Img_DbyDC2C_25_1200x628_KV4.jpeg?fit=1201%2C629&ssl=1&resize=700%2C400 2x, https:\/\/i0.wp.com\/zeromagazine.mx\/wp-content\/uploads\/2025\/08\/Img_DbyDC2C_25_1200x628_KV4.jpeg?fit=1201%2C629&ssl=1&resize=1050%2C600 3x"},"classes":[]},{"id":87310,"url":"https:\/\/zeromagazine.mx\/index.php\/2024\/10\/18\/ojos-sanos-vida-cool\/","url_meta":{"origin":72768,"position":1},"title":"\u00abOjos Sanos, Vida Cool\u00bb","author":"zeromagazinemx","date":"18 de octubre de 2024","format":false,"excerpt":"\u00a1Hola amigxs! Esta semana quiero hablarles de algo que tal vez no le damos la importancia que merece, pero que literalmente nos afecta todos los d\u00edas \"nuestra vista\" No s\u00e9 si sab\u00edas, pero el 50% de los adultos en M\u00e9xico necesita alg\u00fan tipo de correcci\u00f3n visual. S\u00ed, as\u00ed como lo\u2026","rel":"","context":"En \u00abBienestar\u00bb","block_context":{"text":"Bienestar","link":"https:\/\/zeromagazine.mx\/index.php\/category\/lifestyle\/bienestar\/"},"img":{"alt_text":"","src":"https:\/\/i0.wp.com\/zeromagazine.mx\/wp-content\/uploads\/2024\/10\/WhatsApp-Image-2024-10-18-at-9.01.05-AM.jpeg?fit=800%2C1200&ssl=1&resize=350%2C200","width":350,"height":200,"srcset":"https:\/\/i0.wp.com\/zeromagazine.mx\/wp-content\/uploads\/2024\/10\/WhatsApp-Image-2024-10-18-at-9.01.05-AM.jpeg?fit=800%2C1200&ssl=1&resize=350%2C200 1x, https:\/\/i0.wp.com\/zeromagazine.mx\/wp-content\/uploads\/2024\/10\/WhatsApp-Image-2024-10-18-at-9.01.05-AM.jpeg?fit=800%2C1200&ssl=1&resize=525%2C300 1.5x, https:\/\/i0.wp.com\/zeromagazine.mx\/wp-content\/uploads\/2024\/10\/WhatsApp-Image-2024-10-18-at-9.01.05-AM.jpeg?fit=800%2C1200&ssl=1&resize=700%2C400 2x"},"classes":[]},{"id":72482,"url":"https:\/\/zeromagazine.mx\/index.php\/2024\/03\/26\/sephora-semana-santa-segura-los-mejores-protectores-solares\/","url_meta":{"origin":72768,"position":2},"title":"SEPHORA | Semana Santa segura: Los mejores protectores solares","author":"zeromagazinemx","date":"26 de marzo de 2024","format":false,"excerpt":"Tenemos que hablar sobre un tema s\u00faper importante para el cuidado de nuestra piel, especialmente ahora que se acercan las vacaciones de Semana Santa. \u00bfAlguna vez han escuchado sobre el Dermalogica UV Protection Porescreen SPF40? Este protector solar va m\u00e1s all\u00e1 de simplemente protegernos de los rayos UVA y UVB.\u2026","rel":"","context":"En \u00abBienestar\u00bb","block_context":{"text":"Bienestar","link":"https:\/\/zeromagazine.mx\/index.php\/category\/lifestyle\/bienestar\/"},"img":{"alt_text":"","src":"https:\/\/i0.wp.com\/zeromagazine.mx\/wp-content\/uploads\/2024\/03\/666151113428_1.jpg?resize=350%2C200&ssl=1","width":350,"height":200,"srcset":"https:\/\/i0.wp.com\/zeromagazine.mx\/wp-content\/uploads\/2024\/03\/666151113428_1.jpg?resize=350%2C200&ssl=1 1x, https:\/\/i0.wp.com\/zeromagazine.mx\/wp-content\/uploads\/2024\/03\/666151113428_1.jpg?resize=525%2C300&ssl=1 1.5x, https:\/\/i0.wp.com\/zeromagazine.mx\/wp-content\/uploads\/2024\/03\/666151113428_1.jpg?resize=700%2C400&ssl=1 2x, https:\/\/i0.wp.com\/zeromagazine.mx\/wp-content\/uploads\/2024\/03\/666151113428_1.jpg?resize=1050%2C600&ssl=1 3x, https:\/\/i0.wp.com\/zeromagazine.mx\/wp-content\/uploads\/2024\/03\/666151113428_1.jpg?resize=1400%2C800&ssl=1 4x"},"classes":[]},{"id":69982,"url":"https:\/\/zeromagazine.mx\/index.php\/2023\/12\/27\/brilla-esta-navidad-con-los-armazones-perfectos-de-mas-vision\/","url_meta":{"origin":72768,"position":3},"title":"Brilla esta Navidad con los Armazones Perfectos de M\u00e1s Visi\u00f3n","author":"David Morales","date":"27 de diciembre de 2023","format":false,"excerpt":"La Navidad est\u00e1 a la vuelta de la esquina y s\u00e9 que encontrar el regalo perfecto puede ser un verdadero reto. Pero no te preocupes, aqu\u00ed te traigo una gu\u00eda infalible para sorprender a tus seres queridos y a ti mismx con los mejores armazones de M\u00e1s Visi\u00f3n. Para empezar,\u2026","rel":"","context":"En \u00abLifestyle\u00bb","block_context":{"text":"Lifestyle","link":"https:\/\/zeromagazine.mx\/index.php\/category\/lifestyle\/"},"img":{"alt_text":"","src":"https:\/\/i0.wp.com\/zeromagazine.mx\/wp-content\/uploads\/2023\/12\/image-5.png?fit=571%2C285&ssl=1&resize=350%2C200","width":350,"height":200,"srcset":"https:\/\/i0.wp.com\/zeromagazine.mx\/wp-content\/uploads\/2023\/12\/image-5.png?fit=571%2C285&ssl=1&resize=350%2C200 1x, https:\/\/i0.wp.com\/zeromagazine.mx\/wp-content\/uploads\/2023\/12\/image-5.png?fit=571%2C285&ssl=1&resize=525%2C300 1.5x"},"classes":[]},{"id":71841,"url":"https:\/\/zeromagazine.mx\/index.php\/2024\/03\/12\/vaseline-consejos-cruciales-para-el-uso-del-bloqueador-en-semana-santa\/","url_meta":{"origin":72768,"position":4},"title":"Vaseline: Consejos cruciales para el uso del bloqueador en Semana Santa","author":"zeromagazinemx","date":"12 de marzo de 2024","format":false,"excerpt":"La Semana Santa esta cada vez m\u00e1s cerca y antes de que empecemos a empacar todas nuestras cosas, hay algo s\u00faper importante que no podemos olvidar: \u00a1el bloqueador solar! Primero que nada, protegernos del sol es clave. Los rayos UV pueden ser s\u00faper da\u00f1inos para nuestra piel, por eso es\u2026","rel":"","context":"En \u00abBienestar\u00bb","block_context":{"text":"Bienestar","link":"https:\/\/zeromagazine.mx\/index.php\/category\/lifestyle\/bienestar\/"},"img":{"alt_text":"","src":"https:\/\/i0.wp.com\/zeromagazine.mx\/wp-content\/uploads\/2024\/03\/Daily-Suncream_2.png?fit=1000%2C1000&ssl=1&resize=350%2C200","width":350,"height":200,"srcset":"https:\/\/i0.wp.com\/zeromagazine.mx\/wp-content\/uploads\/2024\/03\/Daily-Suncream_2.png?fit=1000%2C1000&ssl=1&resize=350%2C200 1x, https:\/\/i0.wp.com\/zeromagazine.mx\/wp-content\/uploads\/2024\/03\/Daily-Suncream_2.png?fit=1000%2C1000&ssl=1&resize=525%2C300 1.5x, https:\/\/i0.wp.com\/zeromagazine.mx\/wp-content\/uploads\/2024\/03\/Daily-Suncream_2.png?fit=1000%2C1000&ssl=1&resize=700%2C400 2x"},"classes":[]},{"id":90979,"url":"https:\/\/zeromagazine.mx\/index.php\/2024\/11\/15\/lentes-top-para-roadtrips\/","url_meta":{"origin":72768,"position":5},"title":"\u00abLentes Top para Roadtrips\u00bb","author":"zeromagazinemx","date":"15 de noviembre de 2024","format":false,"excerpt":"\u00bfReady para conquistar las calles o ese road trip so\u00f1ado? Manejar no es solo una necesidad; es freedom pura. Desde un quick escape con los panas hasta la rutina diaria, el volante se convierte en nuestro mejor amigo. Pero, let\u2019s be real: \u00bfqu\u00e9 tan conscientes somos de nuestra visi\u00f3n cuando\u2026","rel":"","context":"En \u00abTech\u00bb","block_context":{"text":"Tech","link":"https:\/\/zeromagazine.mx\/index.php\/category\/tech\/"},"img":{"alt_text":"","src":"https:\/\/i0.wp.com\/zeromagazine.mx\/wp-content\/uploads\/2024\/11\/Driver_1080x1080-04-1-1-scaled.jpg?fit=1200%2C1200&ssl=1&resize=350%2C200","width":350,"height":200,"srcset":"https:\/\/i0.wp.com\/zeromagazine.mx\/wp-content\/uploads\/2024\/11\/Driver_1080x1080-04-1-1-scaled.jpg?fit=1200%2C1200&ssl=1&resize=350%2C200 1x, https:\/\/i0.wp.com\/zeromagazine.mx\/wp-content\/uploads\/2024\/11\/Driver_1080x1080-04-1-1-scaled.jpg?fit=1200%2C1200&ssl=1&resize=525%2C300 1.5x, https:\/\/i0.wp.com\/zeromagazine.mx\/wp-content\/uploads\/2024\/11\/Driver_1080x1080-04-1-1-scaled.jpg?fit=1200%2C1200&ssl=1&resize=700%2C400 2x, https:\/\/i0.wp.com\/zeromagazine.mx\/wp-content\/uploads\/2024\/11\/Driver_1080x1080-04-1-1-scaled.jpg?fit=1200%2C1200&ssl=1&resize=1050%2C600 3x"},"classes":[]}],"jetpack_sharing_enabled":true,"builder_content":"","_links":{"self":[{"href":"https:\/\/zeromagazine.mx\/index.php\/wp-json\/wp\/v2\/posts\/72768","targetHints":{"allow":["GET"]}}],"collection":[{"href":"https:\/\/zeromagazine.mx\/index.php\/wp-json\/wp\/v2\/posts"}],"about":[{"href":"https:\/\/zeromagazine.mx\/index.php\/wp-json\/wp\/v2\/types\/post"}],"author":[{"embeddable":true,"href":"https:\/\/zeromagazine.mx\/index.php\/wp-json\/wp\/v2\/users\/2"}],"replies":[{"embeddable":true,"href":"https:\/\/zeromagazine.mx\/index.php\/wp-json\/wp\/v2\/comments?post=72768"}],"version-history":[{"count":2,"href":"https:\/\/zeromagazine.mx\/index.php\/wp-json\/wp\/v2\/posts\/72768\/revisions"}],"predecessor-version":[{"id":72777,"href":"https:\/\/zeromagazine.mx\/index.php\/wp-json\/wp\/v2\/posts\/72768\/revisions\/72777"}],"wp:featuredmedia":[{"embeddable":true,"href":"https:\/\/zeromagazine.mx\/index.php\/wp-json\/wp\/v2\/media\/72774"}],"wp:attachment":[{"href":"https:\/\/zeromagazine.mx\/index.php\/wp-json\/wp\/v2\/media?parent=72768"}],"wp:term":[{"taxonomy":"category","embeddable":true,"href":"https:\/\/zeromagazine.mx\/index.php\/wp-json\/wp\/v2\/categories?post=72768"},{"taxonomy":"post_tag","embeddable":true,"href":"https:\/\/zeromagazine.mx\/index.php\/wp-json\/wp\/v2\/tags?post=72768"}],"curies":[{"name":"wp","href":"https:\/\/api.w.org\/{rel}","templated":true}]}}