{"id":72778,"date":"2024-03-29T02:10:26","date_gmt":"2024-03-29T01:10:26","guid":{"rendered":"https:\/\/zeromagazine.mx\/?p=72778"},"modified":"2024-03-29T02:11:46","modified_gmt":"2024-03-29T01:11:46","slug":"bad-vendome-de-la-diversidad-musical-al-exito-regional","status":"publish","type":"post","link":"https:\/\/zeromagazine.mx\/index.php\/2024\/03\/29\/bad-vendome-de-la-diversidad-musical-al-exito-regional\/","title":{"rendered":"Bad Vendome: De la Diversidad Musical al \u00c9xito Regional"},"content":{"rendered":"<p>Vamos a sumergirnos en el vibrante universo musical de Bad Vendome, compuesto por los talentosos hermanos Hollywood Hills y Julio Castillo. Desde sus inicios como solistas hasta la formaci\u00f3n de su exitoso d\u00fao en el g\u00e9nero regional mexicano, exploraremos los momentos decisivos, las influencias y los desaf\u00edos que han marcado su trayectoria art\u00edstica.<\/p>\n\n\n\n<p>Por: El Poderoso Dave<br>Fot\u00f3grafa: Ala\u00edn Amateco<br>Asistente de Foto: Sam Alvarado<br>MUAH: Margarita Sandoval<br>Styling: El Poderoso Dave<br>Locaci\u00f3n: Nimbo Studio y Grieta Caf\u00e9<\/p>\n\n\n<div class=\"wp-block-image\">\n<figure class=\"aligncenter size-large\"><img data-recalc-dims=\"1\" decoding=\"async\" width=\"683\" height=\"1024\" src=\"https:\/\/i0.wp.com\/zeromagazine.mx\/wp-content\/uploads\/2024\/03\/BV_7-1.jpg?resize=683%2C1024\" alt=\"\" class=\"wp-image-72789\" srcset=\"https:\/\/i0.wp.com\/zeromagazine.mx\/wp-content\/uploads\/2024\/03\/BV_7-1-scaled.jpg?resize=683%2C1024&amp;ssl=1 683w, https:\/\/i0.wp.com\/zeromagazine.mx\/wp-content\/uploads\/2024\/03\/BV_7-1-scaled.jpg?resize=200%2C300&amp;ssl=1 200w, https:\/\/i0.wp.com\/zeromagazine.mx\/wp-content\/uploads\/2024\/03\/BV_7-1-scaled.jpg?resize=768%2C1152&amp;ssl=1 768w, https:\/\/i0.wp.com\/zeromagazine.mx\/wp-content\/uploads\/2024\/03\/BV_7-1-scaled.jpg?resize=1024%2C1536&amp;ssl=1 1024w, https:\/\/i0.wp.com\/zeromagazine.mx\/wp-content\/uploads\/2024\/03\/BV_7-1-scaled.jpg?resize=1365%2C2048&amp;ssl=1 1365w, https:\/\/i0.wp.com\/zeromagazine.mx\/wp-content\/uploads\/2024\/03\/BV_7-1-scaled.jpg?w=1707&amp;ssl=1 1707w\" sizes=\"(max-width: 683px) 100vw, 683px\" \/><figcaption class=\"wp-element-caption\">Bomber Jacket: New Era \/ Pantal\u00f3n: SHEIN \/ Playeras: American Eagle y Kokoboko<\/figcaption><\/figure>\n<\/div>\n\n\n<p><br><strong>ZM: Chicos, ustedes ya ten\u00edan antes proyectos musicales por separado. \u00bfC\u00f3mo es que deciden juntarse y crear Bad Vendome? Como hermanos.<\/strong><\/p>\n\n\n\n<p>JC: Somos hermanos de sangre, yo tengo 24 a\u00f1os, y escribo desde los 10, mi proyecto de solista empez\u00f3 a los 10 a\u00f1os y Hollywood tiene 21 a\u00f1os e igual, como a los 11, 12 a\u00f1os inici\u00f3.<\/p>\n\n\n\n<p>Bad Vendom fue un proyecto que tard\u00f3 mucho en hacerse, ya que como solistas colabor\u00e1bamos, pero \u00e9ramos solistas; \u00e9l hac\u00eda sus videos, yo hac\u00eda mis videos, yo era su productor. Ya sabemos trabajar juntos porque he sido su productor toda su carrera.<\/p>\n\n\n\n<p>Entonces se dio como muy natural ya la mutaci\u00f3n, y buscamos darle un giro a la m\u00fasica que hacemos porque al fin y al cabo nosotros iniciamos en el trap, en el hip hop, en el urbano. Y acabamos en el regional mexicano. Entonces creo que se fue juntando todo y aqu\u00ed ya estamos.<\/p>\n\n\n\n<script async src=\"https:\/\/pagead2.googlesyndication.com\/pagead\/js\/adsbygoogle.js?client=ca-pub-5499304793904745\"\n     crossorigin=\"anonymous\"><\/script>\n<ins class=\"adsbygoogle\"\n     style=\"display:block; text-align:center;\"\n     data-ad-layout=\"in-article\"\n     data-ad-format=\"fluid\"\n     data-ad-client=\"ca-pub-5499304793904745\"\n     data-ad-slot=\"5994863093\"><\/ins>\n<script>\n     (adsbygoogle = window.adsbygoogle || []).push({});\n<\/script>\n\n\n\n<p><strong>ZM: Que tambi\u00e9n eso les quer\u00eda preguntar, \u00bfc\u00f3mo es que deciden empezar con el regional? Como dices, si ya ven\u00edan de g\u00e9neros como el hip-hop y el rap y el trap, \u00bfc\u00f3mo es que caen en el regional?<\/strong><\/p>\n\n\n\n<p>HH: Es que siento yo que el regional mexicano siempre fue algo con lo que crecimos por ser del norte, aunque escuch\u00e1ramos hip-hop, pero era algo que siempre escuch\u00e1bamos por parte de nuestros padres, abuelos, y dijimos vamos a intentarlo, vamos a ver c\u00f3mo sale, vamos a experimentar.<\/p>\n\n\n\n<p>Al final de cuentas, siempre hemos sido muy vers\u00e1tiles en cuanto a estilos. Y nos pusimos menos a la obra en cuanto a eso. Y creo que vamos muy bien, la verdad.<\/p>\n\n\n\n<div class=\"wp-block-columns is-layout-flex wp-container-core-columns-is-layout-9d6595d7 wp-block-columns-is-layout-flex\">\n<div class=\"wp-block-column is-layout-flow wp-block-column-is-layout-flow\"><div class=\"wp-block-image\">\n<figure class=\"aligncenter size-large\"><img data-recalc-dims=\"1\" decoding=\"async\" width=\"683\" height=\"1024\" src=\"https:\/\/i0.wp.com\/zeromagazine.mx\/wp-content\/uploads\/2024\/03\/BV_1-683x1024.jpg?resize=683%2C1024&#038;ssl=1\" alt=\"\" class=\"wp-image-72781\" srcset=\"https:\/\/i0.wp.com\/zeromagazine.mx\/wp-content\/uploads\/2024\/03\/BV_1-scaled.jpg?resize=683%2C1024&amp;ssl=1 683w, https:\/\/i0.wp.com\/zeromagazine.mx\/wp-content\/uploads\/2024\/03\/BV_1-scaled.jpg?resize=200%2C300&amp;ssl=1 200w, https:\/\/i0.wp.com\/zeromagazine.mx\/wp-content\/uploads\/2024\/03\/BV_1-scaled.jpg?resize=768%2C1152&amp;ssl=1 768w, https:\/\/i0.wp.com\/zeromagazine.mx\/wp-content\/uploads\/2024\/03\/BV_1-scaled.jpg?resize=1024%2C1536&amp;ssl=1 1024w, https:\/\/i0.wp.com\/zeromagazine.mx\/wp-content\/uploads\/2024\/03\/BV_1-scaled.jpg?resize=1365%2C2048&amp;ssl=1 1365w, https:\/\/i0.wp.com\/zeromagazine.mx\/wp-content\/uploads\/2024\/03\/BV_1-scaled.jpg?w=1707&amp;ssl=1 1707w\" sizes=\"(max-width: 683px) 100vw, 683px\" \/><figcaption class=\"wp-element-caption\">Total look: Amnes!a<\/figcaption><\/figure>\n<\/div><\/div>\n\n\n\n<div class=\"wp-block-column is-layout-flow wp-block-column-is-layout-flow\"><div class=\"wp-block-image\">\n<figure class=\"aligncenter size-large\"><img data-recalc-dims=\"1\" decoding=\"async\" width=\"683\" height=\"1024\" src=\"https:\/\/i0.wp.com\/zeromagazine.mx\/wp-content\/uploads\/2024\/03\/BV_3-683x1024.jpg?resize=683%2C1024&#038;ssl=1\" alt=\"\" class=\"wp-image-72782\" srcset=\"https:\/\/i0.wp.com\/zeromagazine.mx\/wp-content\/uploads\/2024\/03\/BV_3-scaled.jpg?resize=683%2C1024&amp;ssl=1 683w, https:\/\/i0.wp.com\/zeromagazine.mx\/wp-content\/uploads\/2024\/03\/BV_3-scaled.jpg?resize=200%2C300&amp;ssl=1 200w, https:\/\/i0.wp.com\/zeromagazine.mx\/wp-content\/uploads\/2024\/03\/BV_3-scaled.jpg?resize=768%2C1152&amp;ssl=1 768w, https:\/\/i0.wp.com\/zeromagazine.mx\/wp-content\/uploads\/2024\/03\/BV_3-scaled.jpg?resize=1024%2C1536&amp;ssl=1 1024w, https:\/\/i0.wp.com\/zeromagazine.mx\/wp-content\/uploads\/2024\/03\/BV_3-scaled.jpg?resize=1365%2C2048&amp;ssl=1 1365w, https:\/\/i0.wp.com\/zeromagazine.mx\/wp-content\/uploads\/2024\/03\/BV_3-scaled.jpg?w=1707&amp;ssl=1 1707w\" sizes=\"(max-width: 683px) 100vw, 683px\" \/><figcaption class=\"wp-element-caption\">Total look: Amnes!a<\/figcaption><\/figure>\n<\/div><\/div>\n<\/div>\n\n\n\n<p><\/p>\n\n\n\n<p><strong>ZM: \u00bfEn qu\u00e9 momento decidieron dedicarse a la m\u00fasica? Porque son muy chiquitos, a los 10, 11 a\u00f1os empezaron. \u00bfC\u00f3mo nace este gusto por la m\u00fasica y querer dedicarse a eso?<\/strong><\/p>\n\n\n\n<p>JC: Siento que el gusto ya viene por herencia psicol\u00f3gica, dir\u00eda yo. Porque literal, mis abuelos, tanto como paterno, como materno; por lo que me cuentan de mi abuelo materno, que ya falleci\u00f3 y no lo conoc\u00ed, \u00e9l hac\u00eda m\u00fasica, su pap\u00e1 hac\u00eda m\u00fasica, cada uno ten\u00eda su grupo en su juventud; mi abuelo paterno hac\u00eda m\u00fasica, mi hermana concursaba en concursos de canto aqu\u00ed en Monterrey y gan\u00f3 en varios.<\/p>\n\n\n\n<p>Mi hermana, mis abuelos, mis t\u00edos, mis primos tocan la guitarra, mis bisabuelos, todos, absolutamente todos tocan alg\u00fan instrumento, cantaban en bodas. Entonces yo creo que era algo que se iba a dar natural, porque mi familia naturalmente ama la m\u00fasica, es una de sus pasiones, entonces se dio natural.<\/p>\n\n\n\n<p><\/p>\n\n\n\n<p><strong>ZM: \u00bfC\u00f3mo llevan a cabo esta din\u00e1mica? Porque trabajar en equipo es complicado, vivir con hermanos es complicado, entonces ahora trabajar y vivir con tu hermano, \u00bfc\u00f3mo es que se acoplan?<\/strong><\/p>\n\n\n\n<p>HH: Pues mira, yo creo que afortunadamente desde que empezamos hemos trabajado juntos. Ahorita, cuando regresamos de Ciudad de M\u00e9xico, que vivimos un mes juntos ah\u00ed los dos en el departamento, regresando a Monterrey yo llegue y le dije a ver, t\u00fa te vas para tu casa y yo me voy con mi madre porque no quiero verte en un buen rato.<\/p>\n\n\n\n<p>Entonces, creo que el secreto es darse tambi\u00e9n espacio y luego ya vamos otra vez a juntarnos porque hay que poner manos a la obra y hay que ver estos temas. Entonces, no, en eso no hemos tenido ning\u00fan problema porque creo que los dos sabemos distinguir cuando ya uno est\u00e1 muy fatigado y ya est\u00e1 muy estresado con el verte diario.<\/p>\n\n\n\n<p><\/p>\n\n\n\n<p><strong>ZM: \u00bfPiensan en alg\u00fan momento venirse a Ciudad de M\u00e9xico o piensan seguir haciendo su carrera en Monterrey?<\/strong><\/p>\n\n\n\n<p>JC: Yo creo que esa mudanza o esa evoluci\u00f3n, yo creo que es evoluci\u00f3n, ya que Ciudad de M\u00e9xico ayudar\u00eda much\u00edsimo, se va a dar natural, en alg\u00fan momento de nuestra vida se va a dar nuestra carrera all\u00e1. Sin embargo, hay que tomarlo con calma.<\/p>\n\n\n\n<div class=\"wp-block-columns is-layout-flex wp-container-core-columns-is-layout-9d6595d7 wp-block-columns-is-layout-flex\">\n<div class=\"wp-block-column is-layout-flow wp-block-column-is-layout-flow\"><div class=\"wp-block-image\">\n<figure class=\"aligncenter size-large\"><img data-recalc-dims=\"1\" decoding=\"async\" width=\"683\" height=\"1024\" src=\"https:\/\/i0.wp.com\/zeromagazine.mx\/wp-content\/uploads\/2024\/03\/BV_11-683x1024.jpg?resize=683%2C1024&#038;ssl=1\" alt=\"\" class=\"wp-image-72784\" srcset=\"https:\/\/i0.wp.com\/zeromagazine.mx\/wp-content\/uploads\/2024\/03\/BV_11-scaled.jpg?resize=683%2C1024&amp;ssl=1 683w, https:\/\/i0.wp.com\/zeromagazine.mx\/wp-content\/uploads\/2024\/03\/BV_11-scaled.jpg?resize=200%2C300&amp;ssl=1 200w, https:\/\/i0.wp.com\/zeromagazine.mx\/wp-content\/uploads\/2024\/03\/BV_11-scaled.jpg?resize=768%2C1152&amp;ssl=1 768w, https:\/\/i0.wp.com\/zeromagazine.mx\/wp-content\/uploads\/2024\/03\/BV_11-scaled.jpg?resize=1024%2C1536&amp;ssl=1 1024w, https:\/\/i0.wp.com\/zeromagazine.mx\/wp-content\/uploads\/2024\/03\/BV_11-scaled.jpg?resize=1365%2C2048&amp;ssl=1 1365w, https:\/\/i0.wp.com\/zeromagazine.mx\/wp-content\/uploads\/2024\/03\/BV_11-scaled.jpg?w=1707&amp;ssl=1 1707w\" sizes=\"(max-width: 683px) 100vw, 683px\" \/><figcaption class=\"wp-element-caption\">Bucket Hat: Kurt Geiger \/ Sudadera: El Poderoso Cl\u00f3set \/ Pantal\u00f3n: SHEIN \/ Calzado: Bershka<\/figcaption><\/figure>\n<\/div><\/div>\n\n\n\n<div class=\"wp-block-column is-layout-flow wp-block-column-is-layout-flow\"><div class=\"wp-block-image\">\n<figure class=\"aligncenter size-large\"><img data-recalc-dims=\"1\" decoding=\"async\" width=\"683\" height=\"1024\" src=\"https:\/\/i0.wp.com\/zeromagazine.mx\/wp-content\/uploads\/2024\/03\/BV_14-683x1024.jpg?resize=683%2C1024&#038;ssl=1\" alt=\"\" class=\"wp-image-72783\" srcset=\"https:\/\/i0.wp.com\/zeromagazine.mx\/wp-content\/uploads\/2024\/03\/BV_14-scaled.jpg?resize=683%2C1024&amp;ssl=1 683w, https:\/\/i0.wp.com\/zeromagazine.mx\/wp-content\/uploads\/2024\/03\/BV_14-scaled.jpg?resize=200%2C300&amp;ssl=1 200w, https:\/\/i0.wp.com\/zeromagazine.mx\/wp-content\/uploads\/2024\/03\/BV_14-scaled.jpg?resize=768%2C1152&amp;ssl=1 768w, https:\/\/i0.wp.com\/zeromagazine.mx\/wp-content\/uploads\/2024\/03\/BV_14-scaled.jpg?resize=1024%2C1536&amp;ssl=1 1024w, https:\/\/i0.wp.com\/zeromagazine.mx\/wp-content\/uploads\/2024\/03\/BV_14-scaled.jpg?resize=1365%2C2048&amp;ssl=1 1365w, https:\/\/i0.wp.com\/zeromagazine.mx\/wp-content\/uploads\/2024\/03\/BV_14-scaled.jpg?w=1707&amp;ssl=1 1707w\" sizes=\"(max-width: 683px) 100vw, 683px\" \/><figcaption class=\"wp-element-caption\">Bucket Hat: Kurt Geiger \/ Abrigo: Jupiter Vintage \/ Playera: American Eagle \/ Pantal\u00f3n: SHEIN \/ Sneakers: Bershka<\/figcaption><\/figure>\n<\/div><\/div>\n<\/div>\n\n\n\n<p><\/p>\n\n\n\n<p><strong>ZM: \u00bfQui\u00e9nes son sus influencias musicales?<\/strong><\/p>\n\n\n\n<p>HH: Creo que tenemos demasiadas porque somos muy buenos aficionados de la m\u00fasica antes de ser m\u00fasicos. En lo personal, yo soy muy fan de Travis Scott, Kendrick Lamar, Post Malone, todo ese tipo de artistas con los que yo me hice, b\u00e1sicamente, musicalmente. Y ahora con Los Corridos, pues, en lo personal me encanta Nata Nael en el regional, me encanta Junior H, Ariel Camacho.<\/p>\n\n\n\n<p>JC: A m\u00ed me encanta toda la m\u00fasica. Sin embargo, tengo mis canciones preferidas, yo soy muy cl\u00e1sico, realmente a m\u00ed me gusta la m\u00fasica m\u00e1s que un g\u00e9nero. Yo puedo escuchar tanto a Luis Miguel, como a Arjona, o a Travis Scott, o The Weeknd. Pero lo que yo consumo actualmente es puro regional mexicano, con un poquito de urbano as\u00ed hip-hop, medio de estos tiempos. O sea, de ah\u00ed en fuera eso es lo que yo consumo. Sin embargo, ya trato de consumir m\u00e1s corridos por lo mismo que, pues si estoy en el g\u00e9nero, tengo que escucharlo.<\/p>\n\n\n\n<script async src=\"https:\/\/pagead2.googlesyndication.com\/pagead\/js\/adsbygoogle.js?client=ca-pub-5499304793904745\"\n     crossorigin=\"anonymous\"><\/script>\n<ins class=\"adsbygoogle\"\n     style=\"display:block; text-align:center;\"\n     data-ad-layout=\"in-article\"\n     data-ad-format=\"fluid\"\n     data-ad-client=\"ca-pub-5499304793904745\"\n     data-ad-slot=\"5994863093\"><\/ins>\n<script>\n     (adsbygoogle = window.adsbygoogle || []).push({});\n<\/script>\n\n\n\n<p><strong>ZM: \u00bfQu\u00e9 es lo que m\u00e1s les gusta de hacer m\u00fasica?<\/strong><\/p>\n\n\n\n<p>JC: A m\u00ed me gusta la sensaci\u00f3n de crear y de realmente exponer, mediante el lenguaje musical, algo que t\u00fa quisieras decir y que probablemente quisieras escucharlo con tus palabras, porque si est\u00e1s triste no es lo mismo escucharlo en la voz de Luis Miguel, que escucharlo en tu voz y explic\u00e1ndolo desde tu forma de pensar. Entonces yo creo mucho que es un lenguaje para expresarte. Y por eso tambi\u00e9n nosotros como que somos muy, muy, muy fieles a escribir nosotros.<\/p>\n\n\n\n<p>HH: Estas \u00faltimas veces he entendido que son varios procesos, tanto como en la creaci\u00f3n de video, la composici\u00f3n de la canci\u00f3n, luego proseguir a meternos al estudio, luego promocionar la canci\u00f3n, es como crear una serie de procesos.<\/p>\n\n\n\n<p>Uno de los procesos que m\u00e1s me encantan es cuando se hace el video y cuando se hace la canci\u00f3n, esos dos procesos son los que m\u00e1s me gustan, el hecho de sentarte con el productor y explicarle lo que t\u00fa quieres, externarle desde tu cabeza, qu\u00e9 sonidos y qu\u00e9 ritmos quieres, el c\u00f3mo van armando todo eso, es como que lo m\u00e1gico de hacer m\u00fasica.<\/p>\n\n\n\n<div class=\"wp-block-columns is-layout-flex wp-container-core-columns-is-layout-9d6595d7 wp-block-columns-is-layout-flex\">\n<div class=\"wp-block-column is-layout-flow wp-block-column-is-layout-flow\"><div class=\"wp-block-image\">\n<figure class=\"aligncenter size-large\"><img data-recalc-dims=\"1\" decoding=\"async\" width=\"683\" height=\"1024\" src=\"https:\/\/i0.wp.com\/zeromagazine.mx\/wp-content\/uploads\/2024\/03\/BV_4-683x1024.jpg?resize=683%2C1024&#038;ssl=1\" alt=\"\" class=\"wp-image-72787\" srcset=\"https:\/\/i0.wp.com\/zeromagazine.mx\/wp-content\/uploads\/2024\/03\/BV_4-scaled.jpg?resize=683%2C1024&amp;ssl=1 683w, https:\/\/i0.wp.com\/zeromagazine.mx\/wp-content\/uploads\/2024\/03\/BV_4-scaled.jpg?resize=200%2C300&amp;ssl=1 200w, https:\/\/i0.wp.com\/zeromagazine.mx\/wp-content\/uploads\/2024\/03\/BV_4-scaled.jpg?resize=768%2C1152&amp;ssl=1 768w, https:\/\/i0.wp.com\/zeromagazine.mx\/wp-content\/uploads\/2024\/03\/BV_4-scaled.jpg?resize=1024%2C1536&amp;ssl=1 1024w, https:\/\/i0.wp.com\/zeromagazine.mx\/wp-content\/uploads\/2024\/03\/BV_4-scaled.jpg?resize=1365%2C2048&amp;ssl=1 1365w, https:\/\/i0.wp.com\/zeromagazine.mx\/wp-content\/uploads\/2024\/03\/BV_4-scaled.jpg?w=1707&amp;ssl=1 1707w\" sizes=\"(max-width: 683px) 100vw, 683px\" \/><figcaption class=\"wp-element-caption\">Total look: Amnes!a<\/figcaption><\/figure>\n<\/div><\/div>\n\n\n\n<div class=\"wp-block-column is-layout-flow wp-block-column-is-layout-flow\"><div class=\"wp-block-image\">\n<figure class=\"aligncenter size-large\"><img data-recalc-dims=\"1\" decoding=\"async\" width=\"683\" height=\"1024\" src=\"https:\/\/i0.wp.com\/zeromagazine.mx\/wp-content\/uploads\/2024\/03\/BV_5-1-683x1024.jpg?resize=683%2C1024&#038;ssl=1\" alt=\"\" class=\"wp-image-72786\" srcset=\"https:\/\/i0.wp.com\/zeromagazine.mx\/wp-content\/uploads\/2024\/03\/BV_5-1-scaled.jpg?resize=683%2C1024&amp;ssl=1 683w, https:\/\/i0.wp.com\/zeromagazine.mx\/wp-content\/uploads\/2024\/03\/BV_5-1-scaled.jpg?resize=200%2C300&amp;ssl=1 200w, https:\/\/i0.wp.com\/zeromagazine.mx\/wp-content\/uploads\/2024\/03\/BV_5-1-scaled.jpg?resize=768%2C1152&amp;ssl=1 768w, https:\/\/i0.wp.com\/zeromagazine.mx\/wp-content\/uploads\/2024\/03\/BV_5-1-scaled.jpg?resize=1024%2C1536&amp;ssl=1 1024w, https:\/\/i0.wp.com\/zeromagazine.mx\/wp-content\/uploads\/2024\/03\/BV_5-1-scaled.jpg?resize=1365%2C2048&amp;ssl=1 1365w, https:\/\/i0.wp.com\/zeromagazine.mx\/wp-content\/uploads\/2024\/03\/BV_5-1-scaled.jpg?w=1707&amp;ssl=1 1707w\" sizes=\"(max-width: 683px) 100vw, 683px\" \/><figcaption class=\"wp-element-caption\">Total look: Amnes!a<\/figcaption><\/figure>\n<\/div><\/div>\n\n\n\n<div class=\"wp-block-column is-layout-flow wp-block-column-is-layout-flow\"><div class=\"wp-block-image\">\n<figure class=\"aligncenter size-large\"><img data-recalc-dims=\"1\" decoding=\"async\" width=\"683\" height=\"1024\" src=\"https:\/\/i0.wp.com\/zeromagazine.mx\/wp-content\/uploads\/2024\/03\/BV_2-683x1024.jpg?resize=683%2C1024&#038;ssl=1\" alt=\"\" class=\"wp-image-72788\" srcset=\"https:\/\/i0.wp.com\/zeromagazine.mx\/wp-content\/uploads\/2024\/03\/BV_2-scaled.jpg?resize=683%2C1024&amp;ssl=1 683w, https:\/\/i0.wp.com\/zeromagazine.mx\/wp-content\/uploads\/2024\/03\/BV_2-scaled.jpg?resize=200%2C300&amp;ssl=1 200w, https:\/\/i0.wp.com\/zeromagazine.mx\/wp-content\/uploads\/2024\/03\/BV_2-scaled.jpg?resize=768%2C1152&amp;ssl=1 768w, https:\/\/i0.wp.com\/zeromagazine.mx\/wp-content\/uploads\/2024\/03\/BV_2-scaled.jpg?resize=1024%2C1536&amp;ssl=1 1024w, https:\/\/i0.wp.com\/zeromagazine.mx\/wp-content\/uploads\/2024\/03\/BV_2-scaled.jpg?resize=1365%2C2048&amp;ssl=1 1365w, https:\/\/i0.wp.com\/zeromagazine.mx\/wp-content\/uploads\/2024\/03\/BV_2-scaled.jpg?w=1707&amp;ssl=1 1707w\" sizes=\"(max-width: 683px) 100vw, 683px\" \/><figcaption class=\"wp-element-caption\">Total look: Amnes!a<\/figcaption><\/figure>\n<\/div><\/div>\n<\/div>\n\n\n\n<p><\/p>\n\n\n\n<p><strong>ZM: \u00bfC\u00f3mo les ha ido con el estreno de <em>As\u00ed lo hacemos<\/em>?<\/strong><\/p>\n\n\n\n<p>HH: Muy bien, la verdad. Justamente no esper\u00e1bamos que la gente la aceptara de esa manera. Ya muchos influencers ya le han hecho el trend, ya va como para 150 mil reproducciones en YouTube, la verdad yo creo que va mejor que nunca. No esper\u00e1bamos ese recibimiento.<\/p>\n\n\n\n<p><\/p>\n\n\n\n<p><strong>ZM: Ahora, plat\u00edquenos sobre el nombre. \u00bfPor qu\u00e9 Bad Vendome?<\/strong><\/p>\n\n\n\n<p>JC: Bad Vendome viene porque quisimos como hacer como un Yin Yang, por as\u00ed decirlo. Bad, que es malo, y Vendome, que es la plaza con m\u00e1s lujo que hay en Francia, donde est\u00e1n todas las marcas m\u00e1s prestigiosas. Quisimos como hacer como lo malo que hay en lo bueno, por as\u00ed decirlo.<\/p>\n\n\n\n<p><\/p>\n\n\n\n<p><strong>ZM: Y por \u00faltimo chicos, \u00bfqu\u00e9 planes tienen en puerta en el futuro cercano?<\/strong><\/p>\n\n\n\n<p>HH: Pues el futuro creo que lo tenemos lo suficientemente muy claro ya. La verdad ya estamos poniendo manos a la obra con el siguiente sencillo que formar\u00e1 parte de un EP. Este a\u00f1o haremos un EP y lo haremos sacando por sencillos.<\/p>\n\n\n\n<p>Lo que viene en un futuro cercano es el pr\u00f3ximo sencillo, a\u00fan sin nombre, sin embargo, vienen muchas cosas.<\/p>\n\n\n\n<p>Tambi\u00e9n ah\u00ed tenemos un \u00e1lbum de trap, tenemos un EP de corridos, e iremos viendo c\u00f3mo lo acepta la gente. En este a\u00f1o no pretendemos hacer shows, sin embargo, queremos trabajar todo el contenido, toda la m\u00fasica, y el siguiente a\u00f1o, Dios mediante, veremos qu\u00e9 onda.<\/p>\n\n\n\n<div class=\"wp-block-columns is-layout-flex wp-container-core-columns-is-layout-9d6595d7 wp-block-columns-is-layout-flex\">\n<div class=\"wp-block-column is-layout-flow wp-block-column-is-layout-flow\"><div class=\"wp-block-image\">\n<figure class=\"aligncenter size-large\"><img data-recalc-dims=\"1\" decoding=\"async\" width=\"683\" height=\"1024\" src=\"https:\/\/i0.wp.com\/zeromagazine.mx\/wp-content\/uploads\/2024\/03\/BV_8-683x1024.jpg?resize=683%2C1024&#038;ssl=1\" alt=\"\" class=\"wp-image-72790\" srcset=\"https:\/\/i0.wp.com\/zeromagazine.mx\/wp-content\/uploads\/2024\/03\/BV_8-scaled.jpg?resize=683%2C1024&amp;ssl=1 683w, https:\/\/i0.wp.com\/zeromagazine.mx\/wp-content\/uploads\/2024\/03\/BV_8-scaled.jpg?resize=200%2C300&amp;ssl=1 200w, https:\/\/i0.wp.com\/zeromagazine.mx\/wp-content\/uploads\/2024\/03\/BV_8-scaled.jpg?resize=768%2C1152&amp;ssl=1 768w, https:\/\/i0.wp.com\/zeromagazine.mx\/wp-content\/uploads\/2024\/03\/BV_8-scaled.jpg?resize=1024%2C1536&amp;ssl=1 1024w, https:\/\/i0.wp.com\/zeromagazine.mx\/wp-content\/uploads\/2024\/03\/BV_8-scaled.jpg?resize=1365%2C2048&amp;ssl=1 1365w, https:\/\/i0.wp.com\/zeromagazine.mx\/wp-content\/uploads\/2024\/03\/BV_8-scaled.jpg?w=1707&amp;ssl=1 1707w\" sizes=\"(max-width: 683px) 100vw, 683px\" \/><figcaption class=\"wp-element-caption\">Bomber Jacket: New Era \/ Pantal\u00f3n: SHEIN \/ Playeras: American Eagle y Kokoboko<\/figcaption><\/figure>\n<\/div><\/div>\n<\/div>\n\n\n\n<script async src=\"https:\/\/pagead2.googlesyndication.com\/pagead\/js\/adsbygoogle.js?client=ca-pub-5499304793904745\"\n     crossorigin=\"anonymous\"><\/script>\n<ins class=\"adsbygoogle\"\n     style=\"display:block; text-align:center;\"\n     data-ad-layout=\"in-article\"\n     data-ad-format=\"fluid\"\n     data-ad-client=\"ca-pub-5499304793904745\"\n     data-ad-slot=\"5994863093\"><\/ins>\n<script>\n     (adsbygoogle = window.adsbygoogle || []).push({});\n<\/script>\n\n\n\n<p>Con una determinaci\u00f3n inquebrantable y una visi\u00f3n clara del futuro, Bad Vendome nos ha invitado a un viaje emocionante a trav\u00e9s de su m\u00fasica y su creatividad. Estamos ansiosos por presenciar los pr\u00f3ximos cap\u00edtulos de su carrera y por escuchar las melod\u00edas que est\u00e1n destinadas a cautivar a audiencias de todo el mundo. \u00a1Les deseamos todo el \u00e9xito en sus futuros proyectos musicales!<br><br><\/p>\n\n<!--themify_builder_content-->\n<div id=\"themify_builder_content-72778\" data-postid=\"72778\" class=\"themify_builder_content themify_builder_content-72778 themify_builder tf_clear\">\n    <\/div>\n<!--\/themify_builder_content-->","protected":false},"excerpt":{"rendered":"<p>Vamos a sumergirnos en el vibrante universo musical de Bad Vendome, compuesto por los talentosos hermanos Hollywood Hills y Julio Castillo. Desde sus inicios como solistas hasta la formaci\u00f3n de su exitoso d\u00fao en el g\u00e9nero regional mexicano, exploraremos los momentos decisivos, las influencias y los desaf\u00edos que han marcado su trayectoria art\u00edstica. Por: El [&hellip;]<\/p>\n","protected":false},"author":2,"featured_media":72779,"comment_status":"open","ping_status":"open","sticky":false,"template":"","format":"standard","meta":{"_jetpack_memberships_contains_paid_content":false,"footnotes":"","jetpack_publicize_message":"","jetpack_publicize_feature_enabled":true,"jetpack_social_post_already_shared":false,"jetpack_social_options":{"image_generator_settings":{"template":"highway","default_image_id":0,"font":"","enabled":false},"version":2}},"categories":[1,791,91],"tags":[7450,4535,7451,7452,679],"class_list":["post-72778","post","type-post","status-publish","format-standard","has-post-thumbnail","hentry","category-blog","category-cultura","category-entrevistas","tag-bad-vendome","tag-hip-hop","tag-hollywood-hills","tag-julio-castillo","tag-regional-mexicano","has-post-title","has-post-date","has-post-category","has-post-tag","has-post-comment","has-post-author",""],"yoast_head":"<!-- This site is optimized with the Yoast SEO plugin v27.4 - https:\/\/yoast.com\/product\/yoast-seo-wordpress\/ -->\n<title>Bad Vendome: De la Diversidad Musical al \u00c9xito Regional - Zero Magazine<\/title>\n<meta name=\"robots\" content=\"index, follow, max-snippet:-1, max-image-preview:large, max-video-preview:-1\" \/>\n<link rel=\"canonical\" href=\"https:\/\/zeromagazine.mx\/index.php\/2024\/03\/29\/bad-vendome-de-la-diversidad-musical-al-exito-regional\/\" \/>\n<meta property=\"og:locale\" content=\"es_ES\" \/>\n<meta property=\"og:type\" content=\"article\" \/>\n<meta property=\"og:title\" content=\"Bad Vendome: De la Diversidad Musical al \u00c9xito Regional - Zero Magazine\" \/>\n<meta property=\"og:description\" content=\"Vamos a sumergirnos en el vibrante universo musical de Bad Vendome, compuesto por los talentosos hermanos Hollywood Hills y Julio Castillo. Desde sus inicios como solistas hasta la formaci\u00f3n de su exitoso d\u00fao en el g\u00e9nero regional mexicano, exploraremos los momentos decisivos, las influencias y los desaf\u00edos que han marcado su trayectoria art\u00edstica. Por: El [&hellip;]\" \/>\n<meta property=\"og:url\" content=\"https:\/\/zeromagazine.mx\/index.php\/2024\/03\/29\/bad-vendome-de-la-diversidad-musical-al-exito-regional\/\" \/>\n<meta property=\"og:site_name\" content=\"Zero Magazine\" \/>\n<meta property=\"article:published_time\" content=\"2024-03-29T01:10:26+00:00\" \/>\n<meta property=\"article:modified_time\" content=\"2024-03-29T01:11:46+00:00\" \/>\n<meta property=\"og:image\" content=\"https:\/\/i0.wp.com\/zeromagazine.mx\/wp-content\/uploads\/2024\/03\/BV_15-scaled.jpg?fit=1707%2C2560&ssl=1\" \/>\n\t<meta property=\"og:image:width\" content=\"1707\" \/>\n\t<meta property=\"og:image:height\" content=\"2560\" \/>\n\t<meta property=\"og:image:type\" content=\"image\/jpeg\" \/>\n<meta name=\"author\" content=\"zeromagazinemx\" \/>\n<meta name=\"twitter:card\" content=\"summary_large_image\" \/>\n<meta name=\"twitter:label1\" content=\"Escrito por\" \/>\n\t<meta name=\"twitter:data1\" content=\"zeromagazinemx\" \/>\n\t<meta name=\"twitter:label2\" content=\"Tiempo de lectura\" \/>\n\t<meta name=\"twitter:data2\" content=\"8 minutos\" \/>\n<script type=\"application\/ld+json\" class=\"yoast-schema-graph\">{\"@context\":\"https:\\\/\\\/schema.org\",\"@graph\":[{\"@type\":\"Article\",\"@id\":\"https:\\\/\\\/zeromagazine.mx\\\/index.php\\\/2024\\\/03\\\/29\\\/bad-vendome-de-la-diversidad-musical-al-exito-regional\\\/#article\",\"isPartOf\":{\"@id\":\"https:\\\/\\\/zeromagazine.mx\\\/index.php\\\/2024\\\/03\\\/29\\\/bad-vendome-de-la-diversidad-musical-al-exito-regional\\\/\"},\"author\":{\"name\":\"zeromagazinemx\",\"@id\":\"https:\\\/\\\/zeromagazine.mx\\\/#\\\/schema\\\/person\\\/9aed9f33a7c39af3a348b86d723f7773\"},\"headline\":\"Bad Vendome: De la Diversidad Musical al \u00c9xito Regional\",\"datePublished\":\"2024-03-29T01:10:26+00:00\",\"dateModified\":\"2024-03-29T01:11:46+00:00\",\"mainEntityOfPage\":{\"@id\":\"https:\\\/\\\/zeromagazine.mx\\\/index.php\\\/2024\\\/03\\\/29\\\/bad-vendome-de-la-diversidad-musical-al-exito-regional\\\/\"},\"wordCount\":1575,\"commentCount\":0,\"publisher\":{\"@id\":\"https:\\\/\\\/zeromagazine.mx\\\/#organization\"},\"image\":{\"@id\":\"https:\\\/\\\/zeromagazine.mx\\\/index.php\\\/2024\\\/03\\\/29\\\/bad-vendome-de-la-diversidad-musical-al-exito-regional\\\/#primaryimage\"},\"thumbnailUrl\":\"https:\\\/\\\/i0.wp.com\\\/zeromagazine.mx\\\/wp-content\\\/uploads\\\/2024\\\/03\\\/BV_15-scaled.jpg?fit=1707%2C2560&ssl=1\",\"keywords\":[\"Bad Vendome\",\"hip-hop\",\"Hollywood Hills\",\"Julio Castillo\",\"Regional Mexicano\"],\"articleSection\":[\"Blog\",\"Cultura\",\"Entrevistas\"],\"inLanguage\":\"es\",\"potentialAction\":[{\"@type\":\"CommentAction\",\"name\":\"Comment\",\"target\":[\"https:\\\/\\\/zeromagazine.mx\\\/index.php\\\/2024\\\/03\\\/29\\\/bad-vendome-de-la-diversidad-musical-al-exito-regional\\\/#respond\"]}]},{\"@type\":\"WebPage\",\"@id\":\"https:\\\/\\\/zeromagazine.mx\\\/index.php\\\/2024\\\/03\\\/29\\\/bad-vendome-de-la-diversidad-musical-al-exito-regional\\\/\",\"url\":\"https:\\\/\\\/zeromagazine.mx\\\/index.php\\\/2024\\\/03\\\/29\\\/bad-vendome-de-la-diversidad-musical-al-exito-regional\\\/\",\"name\":\"Bad Vendome: De la Diversidad Musical al \u00c9xito Regional - Zero Magazine\",\"isPartOf\":{\"@id\":\"https:\\\/\\\/zeromagazine.mx\\\/#website\"},\"primaryImageOfPage\":{\"@id\":\"https:\\\/\\\/zeromagazine.mx\\\/index.php\\\/2024\\\/03\\\/29\\\/bad-vendome-de-la-diversidad-musical-al-exito-regional\\\/#primaryimage\"},\"image\":{\"@id\":\"https:\\\/\\\/zeromagazine.mx\\\/index.php\\\/2024\\\/03\\\/29\\\/bad-vendome-de-la-diversidad-musical-al-exito-regional\\\/#primaryimage\"},\"thumbnailUrl\":\"https:\\\/\\\/i0.wp.com\\\/zeromagazine.mx\\\/wp-content\\\/uploads\\\/2024\\\/03\\\/BV_15-scaled.jpg?fit=1707%2C2560&ssl=1\",\"datePublished\":\"2024-03-29T01:10:26+00:00\",\"dateModified\":\"2024-03-29T01:11:46+00:00\",\"breadcrumb\":{\"@id\":\"https:\\\/\\\/zeromagazine.mx\\\/index.php\\\/2024\\\/03\\\/29\\\/bad-vendome-de-la-diversidad-musical-al-exito-regional\\\/#breadcrumb\"},\"inLanguage\":\"es\",\"potentialAction\":[{\"@type\":\"ReadAction\",\"target\":[\"https:\\\/\\\/zeromagazine.mx\\\/index.php\\\/2024\\\/03\\\/29\\\/bad-vendome-de-la-diversidad-musical-al-exito-regional\\\/\"]}]},{\"@type\":\"ImageObject\",\"inLanguage\":\"es\",\"@id\":\"https:\\\/\\\/zeromagazine.mx\\\/index.php\\\/2024\\\/03\\\/29\\\/bad-vendome-de-la-diversidad-musical-al-exito-regional\\\/#primaryimage\",\"url\":\"https:\\\/\\\/i0.wp.com\\\/zeromagazine.mx\\\/wp-content\\\/uploads\\\/2024\\\/03\\\/BV_15-scaled.jpg?fit=1707%2C2560&ssl=1\",\"contentUrl\":\"https:\\\/\\\/i0.wp.com\\\/zeromagazine.mx\\\/wp-content\\\/uploads\\\/2024\\\/03\\\/BV_15-scaled.jpg?fit=1707%2C2560&ssl=1\",\"width\":1707,\"height\":2560},{\"@type\":\"BreadcrumbList\",\"@id\":\"https:\\\/\\\/zeromagazine.mx\\\/index.php\\\/2024\\\/03\\\/29\\\/bad-vendome-de-la-diversidad-musical-al-exito-regional\\\/#breadcrumb\",\"itemListElement\":[{\"@type\":\"ListItem\",\"position\":1,\"name\":\"Portada\",\"item\":\"https:\\\/\\\/zeromagazine.mx\\\/\"},{\"@type\":\"ListItem\",\"position\":2,\"name\":\"Bad Vendome: De la Diversidad Musical al \u00c9xito Regional\"}]},{\"@type\":\"WebSite\",\"@id\":\"https:\\\/\\\/zeromagazine.mx\\\/#website\",\"url\":\"https:\\\/\\\/zeromagazine.mx\\\/\",\"name\":\"Zero Magazine\",\"description\":\"\",\"publisher\":{\"@id\":\"https:\\\/\\\/zeromagazine.mx\\\/#organization\"},\"potentialAction\":[{\"@type\":\"SearchAction\",\"target\":{\"@type\":\"EntryPoint\",\"urlTemplate\":\"https:\\\/\\\/zeromagazine.mx\\\/?s={search_term_string}\"},\"query-input\":{\"@type\":\"PropertyValueSpecification\",\"valueRequired\":true,\"valueName\":\"search_term_string\"}}],\"inLanguage\":\"es\"},{\"@type\":\"Organization\",\"@id\":\"https:\\\/\\\/zeromagazine.mx\\\/#organization\",\"name\":\"Zero Magazine\",\"url\":\"https:\\\/\\\/zeromagazine.mx\\\/\",\"logo\":{\"@type\":\"ImageObject\",\"inLanguage\":\"es\",\"@id\":\"https:\\\/\\\/zeromagazine.mx\\\/#\\\/schema\\\/logo\\\/image\\\/\",\"url\":\"https:\\\/\\\/i0.wp.com\\\/zeromagazine.mx\\\/wp-content\\\/uploads\\\/2025\\\/11\\\/1.jpeg?fit=1000%2C1000&ssl=1\",\"contentUrl\":\"https:\\\/\\\/i0.wp.com\\\/zeromagazine.mx\\\/wp-content\\\/uploads\\\/2025\\\/11\\\/1.jpeg?fit=1000%2C1000&ssl=1\",\"width\":1000,\"height\":1000,\"caption\":\"Zero Magazine\"},\"image\":{\"@id\":\"https:\\\/\\\/zeromagazine.mx\\\/#\\\/schema\\\/logo\\\/image\\\/\"},\"sameAs\":[\"https:\\\/\\\/instagram.com\\\/zeromagazinemx\"]},{\"@type\":\"Person\",\"@id\":\"https:\\\/\\\/zeromagazine.mx\\\/#\\\/schema\\\/person\\\/9aed9f33a7c39af3a348b86d723f7773\",\"name\":\"zeromagazinemx\",\"image\":{\"@type\":\"ImageObject\",\"inLanguage\":\"es\",\"@id\":\"https:\\\/\\\/zeromagazine.mx\\\/wp-content\\\/litespeed\\\/avatar\\\/f91dfe5410d5dcb1a576bf8c45983896.jpg?ver=1776966396\",\"url\":\"https:\\\/\\\/zeromagazine.mx\\\/wp-content\\\/litespeed\\\/avatar\\\/f91dfe5410d5dcb1a576bf8c45983896.jpg?ver=1776966396\",\"contentUrl\":\"https:\\\/\\\/zeromagazine.mx\\\/wp-content\\\/litespeed\\\/avatar\\\/f91dfe5410d5dcb1a576bf8c45983896.jpg?ver=1776966396\",\"caption\":\"zeromagazinemx\"},\"url\":\"https:\\\/\\\/zeromagazine.mx\\\/index.php\\\/author\\\/zeromagazinemx\\\/\"}]}<\/script>\n<!-- \/ Yoast SEO plugin. -->","yoast_head_json":{"title":"Bad Vendome: De la Diversidad Musical al \u00c9xito Regional - Zero Magazine","robots":{"index":"index","follow":"follow","max-snippet":"max-snippet:-1","max-image-preview":"max-image-preview:large","max-video-preview":"max-video-preview:-1"},"canonical":"https:\/\/zeromagazine.mx\/index.php\/2024\/03\/29\/bad-vendome-de-la-diversidad-musical-al-exito-regional\/","og_locale":"es_ES","og_type":"article","og_title":"Bad Vendome: De la Diversidad Musical al \u00c9xito Regional - Zero Magazine","og_description":"Vamos a sumergirnos en el vibrante universo musical de Bad Vendome, compuesto por los talentosos hermanos Hollywood Hills y Julio Castillo. Desde sus inicios como solistas hasta la formaci\u00f3n de su exitoso d\u00fao en el g\u00e9nero regional mexicano, exploraremos los momentos decisivos, las influencias y los desaf\u00edos que han marcado su trayectoria art\u00edstica. Por: El [&hellip;]","og_url":"https:\/\/zeromagazine.mx\/index.php\/2024\/03\/29\/bad-vendome-de-la-diversidad-musical-al-exito-regional\/","og_site_name":"Zero Magazine","article_published_time":"2024-03-29T01:10:26+00:00","article_modified_time":"2024-03-29T01:11:46+00:00","og_image":[{"width":1707,"height":2560,"url":"https:\/\/i0.wp.com\/zeromagazine.mx\/wp-content\/uploads\/2024\/03\/BV_15-scaled.jpg?fit=1707%2C2560&ssl=1","type":"image\/jpeg"}],"author":"zeromagazinemx","twitter_card":"summary_large_image","twitter_misc":{"Escrito por":"zeromagazinemx","Tiempo de lectura":"8 minutos"},"schema":{"@context":"https:\/\/schema.org","@graph":[{"@type":"Article","@id":"https:\/\/zeromagazine.mx\/index.php\/2024\/03\/29\/bad-vendome-de-la-diversidad-musical-al-exito-regional\/#article","isPartOf":{"@id":"https:\/\/zeromagazine.mx\/index.php\/2024\/03\/29\/bad-vendome-de-la-diversidad-musical-al-exito-regional\/"},"author":{"name":"zeromagazinemx","@id":"https:\/\/zeromagazine.mx\/#\/schema\/person\/9aed9f33a7c39af3a348b86d723f7773"},"headline":"Bad Vendome: De la Diversidad Musical al \u00c9xito Regional","datePublished":"2024-03-29T01:10:26+00:00","dateModified":"2024-03-29T01:11:46+00:00","mainEntityOfPage":{"@id":"https:\/\/zeromagazine.mx\/index.php\/2024\/03\/29\/bad-vendome-de-la-diversidad-musical-al-exito-regional\/"},"wordCount":1575,"commentCount":0,"publisher":{"@id":"https:\/\/zeromagazine.mx\/#organization"},"image":{"@id":"https:\/\/zeromagazine.mx\/index.php\/2024\/03\/29\/bad-vendome-de-la-diversidad-musical-al-exito-regional\/#primaryimage"},"thumbnailUrl":"https:\/\/i0.wp.com\/zeromagazine.mx\/wp-content\/uploads\/2024\/03\/BV_15-scaled.jpg?fit=1707%2C2560&ssl=1","keywords":["Bad Vendome","hip-hop","Hollywood Hills","Julio Castillo","Regional Mexicano"],"articleSection":["Blog","Cultura","Entrevistas"],"inLanguage":"es","potentialAction":[{"@type":"CommentAction","name":"Comment","target":["https:\/\/zeromagazine.mx\/index.php\/2024\/03\/29\/bad-vendome-de-la-diversidad-musical-al-exito-regional\/#respond"]}]},{"@type":"WebPage","@id":"https:\/\/zeromagazine.mx\/index.php\/2024\/03\/29\/bad-vendome-de-la-diversidad-musical-al-exito-regional\/","url":"https:\/\/zeromagazine.mx\/index.php\/2024\/03\/29\/bad-vendome-de-la-diversidad-musical-al-exito-regional\/","name":"Bad Vendome: De la Diversidad Musical al \u00c9xito Regional - Zero Magazine","isPartOf":{"@id":"https:\/\/zeromagazine.mx\/#website"},"primaryImageOfPage":{"@id":"https:\/\/zeromagazine.mx\/index.php\/2024\/03\/29\/bad-vendome-de-la-diversidad-musical-al-exito-regional\/#primaryimage"},"image":{"@id":"https:\/\/zeromagazine.mx\/index.php\/2024\/03\/29\/bad-vendome-de-la-diversidad-musical-al-exito-regional\/#primaryimage"},"thumbnailUrl":"https:\/\/i0.wp.com\/zeromagazine.mx\/wp-content\/uploads\/2024\/03\/BV_15-scaled.jpg?fit=1707%2C2560&ssl=1","datePublished":"2024-03-29T01:10:26+00:00","dateModified":"2024-03-29T01:11:46+00:00","breadcrumb":{"@id":"https:\/\/zeromagazine.mx\/index.php\/2024\/03\/29\/bad-vendome-de-la-diversidad-musical-al-exito-regional\/#breadcrumb"},"inLanguage":"es","potentialAction":[{"@type":"ReadAction","target":["https:\/\/zeromagazine.mx\/index.php\/2024\/03\/29\/bad-vendome-de-la-diversidad-musical-al-exito-regional\/"]}]},{"@type":"ImageObject","inLanguage":"es","@id":"https:\/\/zeromagazine.mx\/index.php\/2024\/03\/29\/bad-vendome-de-la-diversidad-musical-al-exito-regional\/#primaryimage","url":"https:\/\/i0.wp.com\/zeromagazine.mx\/wp-content\/uploads\/2024\/03\/BV_15-scaled.jpg?fit=1707%2C2560&ssl=1","contentUrl":"https:\/\/i0.wp.com\/zeromagazine.mx\/wp-content\/uploads\/2024\/03\/BV_15-scaled.jpg?fit=1707%2C2560&ssl=1","width":1707,"height":2560},{"@type":"BreadcrumbList","@id":"https:\/\/zeromagazine.mx\/index.php\/2024\/03\/29\/bad-vendome-de-la-diversidad-musical-al-exito-regional\/#breadcrumb","itemListElement":[{"@type":"ListItem","position":1,"name":"Portada","item":"https:\/\/zeromagazine.mx\/"},{"@type":"ListItem","position":2,"name":"Bad Vendome: De la Diversidad Musical al \u00c9xito Regional"}]},{"@type":"WebSite","@id":"https:\/\/zeromagazine.mx\/#website","url":"https:\/\/zeromagazine.mx\/","name":"Zero Magazine","description":"","publisher":{"@id":"https:\/\/zeromagazine.mx\/#organization"},"potentialAction":[{"@type":"SearchAction","target":{"@type":"EntryPoint","urlTemplate":"https:\/\/zeromagazine.mx\/?s={search_term_string}"},"query-input":{"@type":"PropertyValueSpecification","valueRequired":true,"valueName":"search_term_string"}}],"inLanguage":"es"},{"@type":"Organization","@id":"https:\/\/zeromagazine.mx\/#organization","name":"Zero Magazine","url":"https:\/\/zeromagazine.mx\/","logo":{"@type":"ImageObject","inLanguage":"es","@id":"https:\/\/zeromagazine.mx\/#\/schema\/logo\/image\/","url":"https:\/\/i0.wp.com\/zeromagazine.mx\/wp-content\/uploads\/2025\/11\/1.jpeg?fit=1000%2C1000&ssl=1","contentUrl":"https:\/\/i0.wp.com\/zeromagazine.mx\/wp-content\/uploads\/2025\/11\/1.jpeg?fit=1000%2C1000&ssl=1","width":1000,"height":1000,"caption":"Zero Magazine"},"image":{"@id":"https:\/\/zeromagazine.mx\/#\/schema\/logo\/image\/"},"sameAs":["https:\/\/instagram.com\/zeromagazinemx"]},{"@type":"Person","@id":"https:\/\/zeromagazine.mx\/#\/schema\/person\/9aed9f33a7c39af3a348b86d723f7773","name":"zeromagazinemx","image":{"@type":"ImageObject","inLanguage":"es","@id":"https:\/\/zeromagazine.mx\/wp-content\/litespeed\/avatar\/f91dfe5410d5dcb1a576bf8c45983896.jpg?ver=1776966396","url":"https:\/\/zeromagazine.mx\/wp-content\/litespeed\/avatar\/f91dfe5410d5dcb1a576bf8c45983896.jpg?ver=1776966396","contentUrl":"https:\/\/zeromagazine.mx\/wp-content\/litespeed\/avatar\/f91dfe5410d5dcb1a576bf8c45983896.jpg?ver=1776966396","caption":"zeromagazinemx"},"url":"https:\/\/zeromagazine.mx\/index.php\/author\/zeromagazinemx\/"}]}},"jetpack_publicize_connections":[],"jetpack_featured_media_url":"https:\/\/i0.wp.com\/zeromagazine.mx\/wp-content\/uploads\/2024\/03\/BV_15-scaled.jpg?fit=1707%2C2560&ssl=1","jetpack-related-posts":[{"id":52434,"url":"https:\/\/zeromagazine.mx\/index.php\/2021\/08\/19\/cassandro-homenaje-a-una-leyenda\/","url_meta":{"origin":72778,"position":0},"title":"CASSANDRO, HOMENAJE A UNA LEYENDA","author":"zeromagazinemx","date":"19 de agosto de 2021","format":false,"excerpt":"Amazon Studios lanzar\u00e1 pr\u00f3ximamente una cinta sobre la vida del luchador, Cassandro \u201cEl Ex\u00f3tico\u201d, la cual est\u00e1 estelarizada por Gael Garc\u00eda Bernal y ser\u00e1 dirigida por el ganador del Oscar, Roger Ross Williams, por lo que esta producci\u00f3n promete ser todo un \u00e9xito al momento de llegar a las plataformas\u2026","rel":"","context":"En \u00abCine\u00bb","block_context":{"text":"Cine","link":"https:\/\/zeromagazine.mx\/index.php\/category\/entretenimiento\/cine\/"},"img":{"alt_text":"","src":"","width":0,"height":0},"classes":[]},{"id":72331,"url":"https:\/\/zeromagazine.mx\/index.php\/2024\/03\/20\/santi-casas-pasion-y-autenticidad-en-la-musica-regional-mexicana\/","url_meta":{"origin":72778,"position":1},"title":"Santi Casas: Pasi\u00f3n y Autenticidad en la M\u00fasica Regional Mexicana","author":"zeromagazinemx","date":"20 de marzo de 2024","format":false,"excerpt":"En un mundo donde la m\u00fasica se convierte en el espejo del alma, tuvimos la oportunidad de conversar con Santi Casas, El Vaquerito de Ciudad, un artista emergente que con su primer \u00e1lbum \"Punto de Quiebre\", busca dejar una huella imborrable en el coraz\u00f3n de sus oyentes. En esta charla,\u2026","rel":"","context":"En \u00abEntrevistas\u00bb","block_context":{"text":"Entrevistas","link":"https:\/\/zeromagazine.mx\/index.php\/category\/entretenimiento\/entrevistas\/"},"img":{"alt_text":"","src":"https:\/\/i0.wp.com\/zeromagazine.mx\/wp-content\/uploads\/2024\/03\/IMG_0505.png?fit=927%2C1200&ssl=1&resize=350%2C200","width":350,"height":200,"srcset":"https:\/\/i0.wp.com\/zeromagazine.mx\/wp-content\/uploads\/2024\/03\/IMG_0505.png?fit=927%2C1200&ssl=1&resize=350%2C200 1x, https:\/\/i0.wp.com\/zeromagazine.mx\/wp-content\/uploads\/2024\/03\/IMG_0505.png?fit=927%2C1200&ssl=1&resize=525%2C300 1.5x, https:\/\/i0.wp.com\/zeromagazine.mx\/wp-content\/uploads\/2024\/03\/IMG_0505.png?fit=927%2C1200&ssl=1&resize=700%2C400 2x"},"classes":[]},{"id":114954,"url":"https:\/\/zeromagazine.mx\/index.php\/2026\/02\/08\/bad-bunny-super-bowl-2026-puerto-rico\/","url_meta":{"origin":72778,"position":2},"title":"Bad Bunny tom\u00f3 el Super Bowl","author":"David Morales","date":"8 de febrero de 2026","format":false,"excerpt":"El show de medio tiempo del Super Bowl 2026 fue un manifiesto cultural cuidadosamente armado. Uno que habl\u00f3 de identidad, barrio, memoria y resistencia sin pedir permiso ni suavizar el mensaje. Y s\u00ed: Bad Bunny no fue a gustar, fue a decir algo. Desde el primer segundo qued\u00f3 claro que\u2026","rel":"","context":"En \u00abEntretenimiento\u00bb","block_context":{"text":"Entretenimiento","link":"https:\/\/zeromagazine.mx\/index.php\/category\/entretenimiento\/"},"img":{"alt_text":"","src":"https:\/\/i0.wp.com\/zeromagazine.mx\/wp-content\/uploads\/2026\/02\/img_8691-1.jpg?fit=1200%2C675&ssl=1&resize=350%2C200","width":350,"height":200,"srcset":"https:\/\/i0.wp.com\/zeromagazine.mx\/wp-content\/uploads\/2026\/02\/img_8691-1.jpg?fit=1200%2C675&ssl=1&resize=350%2C200 1x, https:\/\/i0.wp.com\/zeromagazine.mx\/wp-content\/uploads\/2026\/02\/img_8691-1.jpg?fit=1200%2C675&ssl=1&resize=525%2C300 1.5x, https:\/\/i0.wp.com\/zeromagazine.mx\/wp-content\/uploads\/2026\/02\/img_8691-1.jpg?fit=1200%2C675&ssl=1&resize=700%2C400 2x, https:\/\/i0.wp.com\/zeromagazine.mx\/wp-content\/uploads\/2026\/02\/img_8691-1.jpg?fit=1200%2C675&ssl=1&resize=1050%2C600 3x"},"classes":[]},{"id":69679,"url":"https:\/\/zeromagazine.mx\/index.php\/2023\/12\/15\/plebita-fusionando-culturas-creando-hitos\/","url_meta":{"origin":72778,"position":3},"title":"\u00abPLEBITA: Fusionando Culturas, Creando Hitos","author":"David Morales","date":"15 de diciembre de 2023","format":false,"excerpt":"RYAN CASTRO, el l\u00edder de la nueva generaci\u00f3n de Reggaeton en Colombia, ha estado atrayendo a artistas del regional mexicano al panorama urbano. Tras el lanzamiento de su \u00e9xito global y 2x platino,\"Quema\"junto al fen\u00f3meno mexicano Peso Pluma, Castro se une a LUIS R CONRIQUEZ para \"PLEBITA\", un tema urbano\u2026","rel":"","context":"En \u00abLifestyle\u00bb","block_context":{"text":"Lifestyle","link":"https:\/\/zeromagazine.mx\/index.php\/category\/lifestyle\/"},"img":{"alt_text":"","src":"https:\/\/i0.wp.com\/zeromagazine.mx\/wp-content\/uploads\/2023\/12\/DSC00570.jpg?fit=800%2C1200&ssl=1&resize=350%2C200","width":350,"height":200,"srcset":"https:\/\/i0.wp.com\/zeromagazine.mx\/wp-content\/uploads\/2023\/12\/DSC00570.jpg?fit=800%2C1200&ssl=1&resize=350%2C200 1x, https:\/\/i0.wp.com\/zeromagazine.mx\/wp-content\/uploads\/2023\/12\/DSC00570.jpg?fit=800%2C1200&ssl=1&resize=525%2C300 1.5x, https:\/\/i0.wp.com\/zeromagazine.mx\/wp-content\/uploads\/2023\/12\/DSC00570.jpg?fit=800%2C1200&ssl=1&resize=700%2C400 2x"},"classes":[]},{"id":94436,"url":"https:\/\/zeromagazine.mx\/index.php\/2025\/01\/09\/andy-zuno-lanza-no-te-puedo-olvidar\/","url_meta":{"origin":72778,"position":4},"title":"Andy Zuno Lanza No te Puedo Olvidar","author":"zeromagazinemx","date":"9 de enero de 2025","format":false,"excerpt":"Amix \u00bfTe acuerdas de esos d\u00edas en los que sal\u00edas de la escuela y corr\u00edas al sof\u00e1 para ver Al diablo con los guapos? Si eras fan de la telenovela, seguro te acuerdas de Hugo (interpretado por Andy Zuno) cant\u00e1ndole a Mili \"No te puedo olvidar\". Pues bien, aqu\u00ed va\u2026","rel":"","context":"En \u00abEntretenimiento\u00bb","block_context":{"text":"Entretenimiento","link":"https:\/\/zeromagazine.mx\/index.php\/category\/entretenimiento\/"},"img":{"alt_text":"","src":"https:\/\/i0.wp.com\/zeromagazine.mx\/wp-content\/uploads\/2025\/01\/Portada-_No-te-puedo-olvidar_.jpeg?fit=1198%2C1200&ssl=1&resize=350%2C200","width":350,"height":200,"srcset":"https:\/\/i0.wp.com\/zeromagazine.mx\/wp-content\/uploads\/2025\/01\/Portada-_No-te-puedo-olvidar_.jpeg?fit=1198%2C1200&ssl=1&resize=350%2C200 1x, https:\/\/i0.wp.com\/zeromagazine.mx\/wp-content\/uploads\/2025\/01\/Portada-_No-te-puedo-olvidar_.jpeg?fit=1198%2C1200&ssl=1&resize=525%2C300 1.5x, https:\/\/i0.wp.com\/zeromagazine.mx\/wp-content\/uploads\/2025\/01\/Portada-_No-te-puedo-olvidar_.jpeg?fit=1198%2C1200&ssl=1&resize=700%2C400 2x, https:\/\/i0.wp.com\/zeromagazine.mx\/wp-content\/uploads\/2025\/01\/Portada-_No-te-puedo-olvidar_.jpeg?fit=1198%2C1200&ssl=1&resize=1050%2C600 3x"},"classes":[]},{"id":77830,"url":"https:\/\/zeromagazine.mx\/index.php\/2024\/06\/13\/carin-leon-la-rompe-en-los-charts-de-billboard-con-boca-chueca-vol-1\/","url_meta":{"origin":72778,"position":5},"title":"Carin Le\u00f3n la rompe en los charts de Billboard con \u00abBOCA CHUECA Vol. 1\u00bb","author":"zeromagazinemx","date":"13 de junio de 2024","format":false,"excerpt":"\u00bfYa escucharon el nuevo \u00e1lbum de Carin Le\u00f3n? El chicx est\u00e1 haciendo historia con su m\u00e1s reciente lanzamiento, \"BOCA CHUECA Vol. 1\". Este disco ha debutado en el top 8 del Top Latin Albums y en el top 5 de la lista de \u00c1lbumes Regionales Mexicanos de Billboard. Adem\u00e1s, el\u2026","rel":"","context":"En \u00abBlog\u00bb","block_context":{"text":"Blog","link":"https:\/\/zeromagazine.mx\/index.php\/category\/blog\/"},"img":{"alt_text":"","src":"https:\/\/i0.wp.com\/zeromagazine.mx\/wp-content\/uploads\/2024\/06\/unnamed-20.jpg?fit=750%2C750&ssl=1&resize=350%2C200","width":350,"height":200,"srcset":"https:\/\/i0.wp.com\/zeromagazine.mx\/wp-content\/uploads\/2024\/06\/unnamed-20.jpg?fit=750%2C750&ssl=1&resize=350%2C200 1x, https:\/\/i0.wp.com\/zeromagazine.mx\/wp-content\/uploads\/2024\/06\/unnamed-20.jpg?fit=750%2C750&ssl=1&resize=525%2C300 1.5x, https:\/\/i0.wp.com\/zeromagazine.mx\/wp-content\/uploads\/2024\/06\/unnamed-20.jpg?fit=750%2C750&ssl=1&resize=700%2C400 2x"},"classes":[]}],"jetpack_sharing_enabled":true,"builder_content":"","_links":{"self":[{"href":"https:\/\/zeromagazine.mx\/index.php\/wp-json\/wp\/v2\/posts\/72778","targetHints":{"allow":["GET"]}}],"collection":[{"href":"https:\/\/zeromagazine.mx\/index.php\/wp-json\/wp\/v2\/posts"}],"about":[{"href":"https:\/\/zeromagazine.mx\/index.php\/wp-json\/wp\/v2\/types\/post"}],"author":[{"embeddable":true,"href":"https:\/\/zeromagazine.mx\/index.php\/wp-json\/wp\/v2\/users\/2"}],"replies":[{"embeddable":true,"href":"https:\/\/zeromagazine.mx\/index.php\/wp-json\/wp\/v2\/comments?post=72778"}],"version-history":[{"count":6,"href":"https:\/\/zeromagazine.mx\/index.php\/wp-json\/wp\/v2\/posts\/72778\/revisions"}],"predecessor-version":[{"id":72797,"href":"https:\/\/zeromagazine.mx\/index.php\/wp-json\/wp\/v2\/posts\/72778\/revisions\/72797"}],"wp:featuredmedia":[{"embeddable":true,"href":"https:\/\/zeromagazine.mx\/index.php\/wp-json\/wp\/v2\/media\/72779"}],"wp:attachment":[{"href":"https:\/\/zeromagazine.mx\/index.php\/wp-json\/wp\/v2\/media?parent=72778"}],"wp:term":[{"taxonomy":"category","embeddable":true,"href":"https:\/\/zeromagazine.mx\/index.php\/wp-json\/wp\/v2\/categories?post=72778"},{"taxonomy":"post_tag","embeddable":true,"href":"https:\/\/zeromagazine.mx\/index.php\/wp-json\/wp\/v2\/tags?post=72778"}],"curies":[{"name":"wp","href":"https:\/\/api.w.org\/{rel}","templated":true}]}}