{"id":72798,"date":"2024-03-29T17:00:00","date_gmt":"2024-03-29T16:00:00","guid":{"rendered":"https:\/\/zeromagazine.mx\/?p=72798"},"modified":"2024-03-29T16:52:44","modified_gmt":"2024-03-29T15:52:44","slug":"brilla-con-poder-pandora-y-unicef-lanzan-un-charm-especial-para-celebrar-el-mes-de-la-mujer","status":"publish","type":"post","link":"https:\/\/zeromagazine.mx\/index.php\/2024\/03\/29\/brilla-con-poder-pandora-y-unicef-lanzan-un-charm-especial-para-celebrar-el-mes-de-la-mujer\/","title":{"rendered":"Brilla con poder: Pandora y UNICEF lanzan un charm especial para celebrar el Mes de la Mujer"},"content":{"rendered":"<p>\u00a1Pandora y UNICEF se est\u00e1n uniendo nuevamente para celebrar el Mes de la Mujer de una manera realmente genial! Saben, en estos tiempos, es importante apoyar y reconocer el incre\u00edble potencial que tienen las chicas de todo el mundo. Y con esta nueva joya, est\u00e1n haciendo exactamente eso.<\/p>\n\n\n\n<script async src=\"https:\/\/pagead2.googlesyndication.com\/pagead\/js\/adsbygoogle.js?client=ca-pub-5499304793904745\"\n     crossorigin=\"anonymous\"><\/script>\n<ins class=\"adsbygoogle\"\n     style=\"display:block; text-align:center;\"\n     data-ad-layout=\"in-article\"\n     data-ad-format=\"fluid\"\n     data-ad-client=\"ca-pub-5499304793904745\"\n     data-ad-slot=\"5994863093\"><\/ins>\n<script>\n     (adsbygoogle = window.adsbygoogle || []).push({});\n<\/script>\n\n\n\n<p>Entonces, \u00bfde qu\u00e9 se trata todo esto? Bueno, resulta que est\u00e1n lanzando un charm especial llamado Powerful Women. \u00a1Suena genial, \u00bfno?! Este charm est\u00e1 dise\u00f1ado para mostrar el poder y la diversidad de las mujeres y ni\u00f1as en todas partes. Es como un recordatorio brillante de lo incre\u00edbles que somos todas.<\/p>\n\n\n\n<div class=\"wp-block-columns is-layout-flex wp-container-core-columns-is-layout-9d6595d7 wp-block-columns-is-layout-flex\">\n<div class=\"wp-block-column is-layout-flow wp-block-column-is-layout-flow\">\n<figure class=\"wp-block-image size-full\"><img data-recalc-dims=\"1\" decoding=\"async\" width=\"1000\" height=\"1000\" src=\"https:\/\/i0.wp.com\/zeromagazine.mx\/wp-content\/uploads\/2024\/03\/PNGTRPNT_Q124-COLLABS-UNICEF-SOME-PRODUCT-IMAGE-03-SQUARE.png?resize=1000%2C1000&#038;ssl=1\" alt=\"\" class=\"wp-image-72799\" srcset=\"https:\/\/i0.wp.com\/zeromagazine.mx\/wp-content\/uploads\/2024\/03\/PNGTRPNT_Q124-COLLABS-UNICEF-SOME-PRODUCT-IMAGE-03-SQUARE.png?w=1000&amp;ssl=1 1000w, https:\/\/i0.wp.com\/zeromagazine.mx\/wp-content\/uploads\/2024\/03\/PNGTRPNT_Q124-COLLABS-UNICEF-SOME-PRODUCT-IMAGE-03-SQUARE.png?resize=300%2C300&amp;ssl=1 300w, https:\/\/i0.wp.com\/zeromagazine.mx\/wp-content\/uploads\/2024\/03\/PNGTRPNT_Q124-COLLABS-UNICEF-SOME-PRODUCT-IMAGE-03-SQUARE.png?resize=150%2C150&amp;ssl=1 150w, https:\/\/i0.wp.com\/zeromagazine.mx\/wp-content\/uploads\/2024\/03\/PNGTRPNT_Q124-COLLABS-UNICEF-SOME-PRODUCT-IMAGE-03-SQUARE.png?resize=768%2C768&amp;ssl=1 768w\" sizes=\"(max-width: 1000px) 100vw, 1000px\" \/><\/figure>\n<\/div>\n\n\n\n<div class=\"wp-block-column is-layout-flow wp-block-column-is-layout-flow\">\n<figure class=\"wp-block-image size-full\"><img data-recalc-dims=\"1\" decoding=\"async\" width=\"1000\" height=\"1000\" src=\"https:\/\/i0.wp.com\/zeromagazine.mx\/wp-content\/uploads\/2024\/03\/PNGTRPNT_Q124-COLLABS-UNICEF-SOME-ILLUSTRATION-IMAGE-05-LOGO-SQUARE.png?resize=1000%2C1000&#038;ssl=1\" alt=\"\" class=\"wp-image-72800\" srcset=\"https:\/\/i0.wp.com\/zeromagazine.mx\/wp-content\/uploads\/2024\/03\/PNGTRPNT_Q124-COLLABS-UNICEF-SOME-ILLUSTRATION-IMAGE-05-LOGO-SQUARE.png?w=1000&amp;ssl=1 1000w, https:\/\/i0.wp.com\/zeromagazine.mx\/wp-content\/uploads\/2024\/03\/PNGTRPNT_Q124-COLLABS-UNICEF-SOME-ILLUSTRATION-IMAGE-05-LOGO-SQUARE.png?resize=300%2C300&amp;ssl=1 300w, https:\/\/i0.wp.com\/zeromagazine.mx\/wp-content\/uploads\/2024\/03\/PNGTRPNT_Q124-COLLABS-UNICEF-SOME-ILLUSTRATION-IMAGE-05-LOGO-SQUARE.png?resize=150%2C150&amp;ssl=1 150w, https:\/\/i0.wp.com\/zeromagazine.mx\/wp-content\/uploads\/2024\/03\/PNGTRPNT_Q124-COLLABS-UNICEF-SOME-ILLUSTRATION-IMAGE-05-LOGO-SQUARE.png?resize=768%2C768&amp;ssl=1 768w\" sizes=\"(max-width: 1000px) 100vw, 1000px\" \/><\/figure>\n<\/div>\n<\/div>\n\n\n\n<p><\/p>\n\n\n\n<p>Pero espera, \u00a1hay m\u00e1s! Este charm no es solo una pieza bonita, sino que tambi\u00e9n tiene un prop\u00f3sito m\u00e1s profundo. Est\u00e1 destinado a apoyar programas educativos para ni\u00f1as y j\u00f3venes en todo el mundo. \u00a1Imagina cu\u00e1nto impacto positivo puede tener algo as\u00ed!<\/p>\n\n\n\n<script async src=\"https:\/\/pagead2.googlesyndication.com\/pagead\/js\/adsbygoogle.js?client=ca-pub-5499304793904745\"\n     crossorigin=\"anonymous\"><\/script>\n<ins class=\"adsbygoogle\"\n     style=\"display:block; text-align:center;\"\n     data-ad-layout=\"in-article\"\n     data-ad-format=\"fluid\"\n     data-ad-client=\"ca-pub-5499304793904745\"\n     data-ad-slot=\"5994863093\"><\/ins>\n<script>\n     (adsbygoogle = window.adsbygoogle || []).push({});\n<\/script>\n\n\n\n<p>Ahora, hablemos del dise\u00f1o. \u00a1Es simplemente impresionante! El charm est\u00e1 adornado con un \u00f3palo azul de laboratorio que brilla con una variedad de colores y tonos dorados. Es como si capturara toda la diversidad y fuerza que representan las mujeres y ni\u00f1as en todo el mundo en una peque\u00f1a pieza de joyer\u00eda.<\/p>\n\n\n<div class=\"wp-block-image\">\n<figure class=\"aligncenter size-full\"><img data-recalc-dims=\"1\" decoding=\"async\" width=\"1000\" height=\"688\" src=\"https:\/\/i0.wp.com\/zeromagazine.mx\/wp-content\/uploads\/2024\/03\/PNGTRPNT_SS24_B_UNICEF_Product_01_ecom.png?resize=1000%2C688&#038;ssl=1\" alt=\"\" class=\"wp-image-72801\" srcset=\"https:\/\/i0.wp.com\/zeromagazine.mx\/wp-content\/uploads\/2024\/03\/PNGTRPNT_SS24_B_UNICEF_Product_01_ecom.png?w=1000&amp;ssl=1 1000w, https:\/\/i0.wp.com\/zeromagazine.mx\/wp-content\/uploads\/2024\/03\/PNGTRPNT_SS24_B_UNICEF_Product_01_ecom.png?resize=300%2C206&amp;ssl=1 300w, https:\/\/i0.wp.com\/zeromagazine.mx\/wp-content\/uploads\/2024\/03\/PNGTRPNT_SS24_B_UNICEF_Product_01_ecom.png?resize=768%2C528&amp;ssl=1 768w\" sizes=\"(max-width: 1000px) 100vw, 1000px\" \/><\/figure>\n<\/div>\n\n\n<p><\/p>\n\n\n\n<p>Y la mejor parte es que esta joya estar\u00e1 disponible en todas las tiendas Pandora, pero solo hasta agotar existencias. As\u00ed que, amix, si quieres mostrar tu apoyo y solidaridad, \u00a1no te pierdas la oportunidad de conseguir uno para ti!<\/p>\n\n\n\n<script async src=\"https:\/\/pagead2.googlesyndication.com\/pagead\/js\/adsbygoogle.js?client=ca-pub-5499304793904745\"\n     crossorigin=\"anonymous\"><\/script>\n<ins class=\"adsbygoogle\"\n     style=\"display:block; text-align:center;\"\n     data-ad-layout=\"in-article\"\n     data-ad-format=\"fluid\"\n     data-ad-client=\"ca-pub-5499304793904745\"\n     data-ad-slot=\"5994863093\"><\/ins>\n<script>\n     (adsbygoogle = window.adsbygoogle || []).push({});\n<\/script>\n\n\n\n<p>En conclusi\u00f3n, esta colaboraci\u00f3n entre Pandora y UNICEF no solo nos brinda una joya incre\u00edblemente hermosa, sino que tambi\u00e9n nos recuerda la importancia de apoyar a las mujeres y ni\u00f1as en todo el mundo. As\u00ed que, \u00bfest\u00e1n listos para brillar con poder y solidaridad? \u00a1Yo s\u00e9 que s\u00ed!<\/p>\n\n<!--themify_builder_content-->\n<div id=\"themify_builder_content-72798\" data-postid=\"72798\" class=\"themify_builder_content themify_builder_content-72798 themify_builder tf_clear\">\n    <\/div>\n<!--\/themify_builder_content-->","protected":false},"excerpt":{"rendered":"<p>\u00a1Pandora y UNICEF se est\u00e1n uniendo nuevamente para celebrar el Mes de la Mujer de una manera realmente genial! Saben, en estos tiempos, es importante apoyar y reconocer el incre\u00edble potencial que tienen las chicas de todo el mundo. Y con esta nueva joya, est\u00e1n haciendo exactamente eso. Entonces, \u00bfde qu\u00e9 se trata todo esto? [&hellip;]<\/p>\n","protected":false},"author":2,"featured_media":72802,"comment_status":"open","ping_status":"open","sticky":false,"template":"","format":"standard","meta":{"_jetpack_memberships_contains_paid_content":false,"footnotes":"","jetpack_publicize_message":"","jetpack_publicize_feature_enabled":true,"jetpack_social_post_already_shared":false,"jetpack_social_options":{"image_generator_settings":{"template":"highway","default_image_id":0,"font":"","enabled":false},"version":2}},"categories":[1403,67],"tags":[1997,7454,7266,1732,7453],"class_list":["post-72798","post","type-post","status-publish","format-standard","has-post-thumbnail","hentry","category-diseno","category-moda","tag-accesorios","tag-charm","tag-mes-de-la-mujer","tag-pandora","tag-unicef","has-post-title","has-post-date","has-post-category","has-post-tag","has-post-comment","has-post-author",""],"yoast_head":"<!-- This site is optimized with the Yoast SEO plugin v27.4 - https:\/\/yoast.com\/product\/yoast-seo-wordpress\/ -->\n<title>Brilla con poder: Pandora y UNICEF lanzan un charm especial para celebrar el Mes de la Mujer - Zero Magazine<\/title>\n<meta name=\"robots\" content=\"index, follow, max-snippet:-1, max-image-preview:large, max-video-preview:-1\" \/>\n<link rel=\"canonical\" href=\"https:\/\/zeromagazine.mx\/index.php\/2024\/03\/29\/brilla-con-poder-pandora-y-unicef-lanzan-un-charm-especial-para-celebrar-el-mes-de-la-mujer\/\" \/>\n<meta property=\"og:locale\" content=\"es_ES\" \/>\n<meta property=\"og:type\" content=\"article\" \/>\n<meta property=\"og:title\" content=\"Brilla con poder: Pandora y UNICEF lanzan un charm especial para celebrar el Mes de la Mujer - Zero Magazine\" \/>\n<meta property=\"og:description\" content=\"\u00a1Pandora y UNICEF se est\u00e1n uniendo nuevamente para celebrar el Mes de la Mujer de una manera realmente genial! Saben, en estos tiempos, es importante apoyar y reconocer el incre\u00edble potencial que tienen las chicas de todo el mundo. Y con esta nueva joya, est\u00e1n haciendo exactamente eso. Entonces, \u00bfde qu\u00e9 se trata todo esto? [&hellip;]\" \/>\n<meta property=\"og:url\" content=\"https:\/\/zeromagazine.mx\/index.php\/2024\/03\/29\/brilla-con-poder-pandora-y-unicef-lanzan-un-charm-especial-para-celebrar-el-mes-de-la-mujer\/\" \/>\n<meta property=\"og:site_name\" content=\"Zero Magazine\" \/>\n<meta property=\"article:published_time\" content=\"2024-03-29T16:00:00+00:00\" \/>\n<meta property=\"og:image\" content=\"https:\/\/i0.wp.com\/zeromagazine.mx\/wp-content\/uploads\/2024\/03\/PNGTRPNT_Q124-COLLABS-UNICEF-SOME-ILLUSTRATION-IMAGE-01-LOGO-SQUARE.png?fit=1000%2C1000&ssl=1\" \/>\n\t<meta property=\"og:image:width\" content=\"1000\" \/>\n\t<meta property=\"og:image:height\" content=\"1000\" \/>\n\t<meta property=\"og:image:type\" content=\"image\/png\" \/>\n<meta name=\"author\" content=\"zeromagazinemx\" \/>\n<meta name=\"twitter:card\" content=\"summary_large_image\" \/>\n<meta name=\"twitter:label1\" content=\"Escrito por\" \/>\n\t<meta name=\"twitter:data1\" content=\"zeromagazinemx\" \/>\n\t<meta name=\"twitter:label2\" content=\"Tiempo de lectura\" \/>\n\t<meta name=\"twitter:data2\" content=\"2 minutos\" \/>\n<script type=\"application\/ld+json\" class=\"yoast-schema-graph\">{\"@context\":\"https:\\\/\\\/schema.org\",\"@graph\":[{\"@type\":\"Article\",\"@id\":\"https:\\\/\\\/zeromagazine.mx\\\/index.php\\\/2024\\\/03\\\/29\\\/brilla-con-poder-pandora-y-unicef-lanzan-un-charm-especial-para-celebrar-el-mes-de-la-mujer\\\/#article\",\"isPartOf\":{\"@id\":\"https:\\\/\\\/zeromagazine.mx\\\/index.php\\\/2024\\\/03\\\/29\\\/brilla-con-poder-pandora-y-unicef-lanzan-un-charm-especial-para-celebrar-el-mes-de-la-mujer\\\/\"},\"author\":{\"name\":\"zeromagazinemx\",\"@id\":\"https:\\\/\\\/zeromagazine.mx\\\/#\\\/schema\\\/person\\\/9aed9f33a7c39af3a348b86d723f7773\"},\"headline\":\"Brilla con poder: Pandora y UNICEF lanzan un charm especial para celebrar el Mes de la Mujer\",\"datePublished\":\"2024-03-29T16:00:00+00:00\",\"mainEntityOfPage\":{\"@id\":\"https:\\\/\\\/zeromagazine.mx\\\/index.php\\\/2024\\\/03\\\/29\\\/brilla-con-poder-pandora-y-unicef-lanzan-un-charm-especial-para-celebrar-el-mes-de-la-mujer\\\/\"},\"wordCount\":322,\"commentCount\":0,\"publisher\":{\"@id\":\"https:\\\/\\\/zeromagazine.mx\\\/#organization\"},\"image\":{\"@id\":\"https:\\\/\\\/zeromagazine.mx\\\/index.php\\\/2024\\\/03\\\/29\\\/brilla-con-poder-pandora-y-unicef-lanzan-un-charm-especial-para-celebrar-el-mes-de-la-mujer\\\/#primaryimage\"},\"thumbnailUrl\":\"https:\\\/\\\/i0.wp.com\\\/zeromagazine.mx\\\/wp-content\\\/uploads\\\/2024\\\/03\\\/PNGTRPNT_Q124-COLLABS-UNICEF-SOME-ILLUSTRATION-IMAGE-01-LOGO-SQUARE.png?fit=1000%2C1000&ssl=1\",\"keywords\":[\"Accesorios\",\"Charm\",\"Mes de la mujer\",\"Pandora\",\"UNICEF\"],\"articleSection\":[\"Dise\u00f1o\",\"Moda\"],\"inLanguage\":\"es\",\"potentialAction\":[{\"@type\":\"CommentAction\",\"name\":\"Comment\",\"target\":[\"https:\\\/\\\/zeromagazine.mx\\\/index.php\\\/2024\\\/03\\\/29\\\/brilla-con-poder-pandora-y-unicef-lanzan-un-charm-especial-para-celebrar-el-mes-de-la-mujer\\\/#respond\"]}]},{\"@type\":\"WebPage\",\"@id\":\"https:\\\/\\\/zeromagazine.mx\\\/index.php\\\/2024\\\/03\\\/29\\\/brilla-con-poder-pandora-y-unicef-lanzan-un-charm-especial-para-celebrar-el-mes-de-la-mujer\\\/\",\"url\":\"https:\\\/\\\/zeromagazine.mx\\\/index.php\\\/2024\\\/03\\\/29\\\/brilla-con-poder-pandora-y-unicef-lanzan-un-charm-especial-para-celebrar-el-mes-de-la-mujer\\\/\",\"name\":\"Brilla con poder: Pandora y UNICEF lanzan un charm especial para celebrar el Mes de la Mujer - Zero Magazine\",\"isPartOf\":{\"@id\":\"https:\\\/\\\/zeromagazine.mx\\\/#website\"},\"primaryImageOfPage\":{\"@id\":\"https:\\\/\\\/zeromagazine.mx\\\/index.php\\\/2024\\\/03\\\/29\\\/brilla-con-poder-pandora-y-unicef-lanzan-un-charm-especial-para-celebrar-el-mes-de-la-mujer\\\/#primaryimage\"},\"image\":{\"@id\":\"https:\\\/\\\/zeromagazine.mx\\\/index.php\\\/2024\\\/03\\\/29\\\/brilla-con-poder-pandora-y-unicef-lanzan-un-charm-especial-para-celebrar-el-mes-de-la-mujer\\\/#primaryimage\"},\"thumbnailUrl\":\"https:\\\/\\\/i0.wp.com\\\/zeromagazine.mx\\\/wp-content\\\/uploads\\\/2024\\\/03\\\/PNGTRPNT_Q124-COLLABS-UNICEF-SOME-ILLUSTRATION-IMAGE-01-LOGO-SQUARE.png?fit=1000%2C1000&ssl=1\",\"datePublished\":\"2024-03-29T16:00:00+00:00\",\"breadcrumb\":{\"@id\":\"https:\\\/\\\/zeromagazine.mx\\\/index.php\\\/2024\\\/03\\\/29\\\/brilla-con-poder-pandora-y-unicef-lanzan-un-charm-especial-para-celebrar-el-mes-de-la-mujer\\\/#breadcrumb\"},\"inLanguage\":\"es\",\"potentialAction\":[{\"@type\":\"ReadAction\",\"target\":[\"https:\\\/\\\/zeromagazine.mx\\\/index.php\\\/2024\\\/03\\\/29\\\/brilla-con-poder-pandora-y-unicef-lanzan-un-charm-especial-para-celebrar-el-mes-de-la-mujer\\\/\"]}]},{\"@type\":\"ImageObject\",\"inLanguage\":\"es\",\"@id\":\"https:\\\/\\\/zeromagazine.mx\\\/index.php\\\/2024\\\/03\\\/29\\\/brilla-con-poder-pandora-y-unicef-lanzan-un-charm-especial-para-celebrar-el-mes-de-la-mujer\\\/#primaryimage\",\"url\":\"https:\\\/\\\/i0.wp.com\\\/zeromagazine.mx\\\/wp-content\\\/uploads\\\/2024\\\/03\\\/PNGTRPNT_Q124-COLLABS-UNICEF-SOME-ILLUSTRATION-IMAGE-01-LOGO-SQUARE.png?fit=1000%2C1000&ssl=1\",\"contentUrl\":\"https:\\\/\\\/i0.wp.com\\\/zeromagazine.mx\\\/wp-content\\\/uploads\\\/2024\\\/03\\\/PNGTRPNT_Q124-COLLABS-UNICEF-SOME-ILLUSTRATION-IMAGE-01-LOGO-SQUARE.png?fit=1000%2C1000&ssl=1\",\"width\":1000,\"height\":1000},{\"@type\":\"BreadcrumbList\",\"@id\":\"https:\\\/\\\/zeromagazine.mx\\\/index.php\\\/2024\\\/03\\\/29\\\/brilla-con-poder-pandora-y-unicef-lanzan-un-charm-especial-para-celebrar-el-mes-de-la-mujer\\\/#breadcrumb\",\"itemListElement\":[{\"@type\":\"ListItem\",\"position\":1,\"name\":\"Portada\",\"item\":\"https:\\\/\\\/zeromagazine.mx\\\/\"},{\"@type\":\"ListItem\",\"position\":2,\"name\":\"Brilla con poder: Pandora y UNICEF lanzan un charm especial para celebrar el Mes de la Mujer\"}]},{\"@type\":\"WebSite\",\"@id\":\"https:\\\/\\\/zeromagazine.mx\\\/#website\",\"url\":\"https:\\\/\\\/zeromagazine.mx\\\/\",\"name\":\"Zero Magazine\",\"description\":\"\",\"publisher\":{\"@id\":\"https:\\\/\\\/zeromagazine.mx\\\/#organization\"},\"potentialAction\":[{\"@type\":\"SearchAction\",\"target\":{\"@type\":\"EntryPoint\",\"urlTemplate\":\"https:\\\/\\\/zeromagazine.mx\\\/?s={search_term_string}\"},\"query-input\":{\"@type\":\"PropertyValueSpecification\",\"valueRequired\":true,\"valueName\":\"search_term_string\"}}],\"inLanguage\":\"es\"},{\"@type\":\"Organization\",\"@id\":\"https:\\\/\\\/zeromagazine.mx\\\/#organization\",\"name\":\"Zero Magazine\",\"url\":\"https:\\\/\\\/zeromagazine.mx\\\/\",\"logo\":{\"@type\":\"ImageObject\",\"inLanguage\":\"es\",\"@id\":\"https:\\\/\\\/zeromagazine.mx\\\/#\\\/schema\\\/logo\\\/image\\\/\",\"url\":\"https:\\\/\\\/i0.wp.com\\\/zeromagazine.mx\\\/wp-content\\\/uploads\\\/2025\\\/11\\\/1.jpeg?fit=1000%2C1000&ssl=1\",\"contentUrl\":\"https:\\\/\\\/i0.wp.com\\\/zeromagazine.mx\\\/wp-content\\\/uploads\\\/2025\\\/11\\\/1.jpeg?fit=1000%2C1000&ssl=1\",\"width\":1000,\"height\":1000,\"caption\":\"Zero Magazine\"},\"image\":{\"@id\":\"https:\\\/\\\/zeromagazine.mx\\\/#\\\/schema\\\/logo\\\/image\\\/\"},\"sameAs\":[\"https:\\\/\\\/instagram.com\\\/zeromagazinemx\"]},{\"@type\":\"Person\",\"@id\":\"https:\\\/\\\/zeromagazine.mx\\\/#\\\/schema\\\/person\\\/9aed9f33a7c39af3a348b86d723f7773\",\"name\":\"zeromagazinemx\",\"image\":{\"@type\":\"ImageObject\",\"inLanguage\":\"es\",\"@id\":\"https:\\\/\\\/zeromagazine.mx\\\/wp-content\\\/litespeed\\\/avatar\\\/f91dfe5410d5dcb1a576bf8c45983896.jpg?ver=1776966396\",\"url\":\"https:\\\/\\\/zeromagazine.mx\\\/wp-content\\\/litespeed\\\/avatar\\\/f91dfe5410d5dcb1a576bf8c45983896.jpg?ver=1776966396\",\"contentUrl\":\"https:\\\/\\\/zeromagazine.mx\\\/wp-content\\\/litespeed\\\/avatar\\\/f91dfe5410d5dcb1a576bf8c45983896.jpg?ver=1776966396\",\"caption\":\"zeromagazinemx\"},\"url\":\"https:\\\/\\\/zeromagazine.mx\\\/index.php\\\/author\\\/zeromagazinemx\\\/\"}]}<\/script>\n<!-- \/ Yoast SEO plugin. -->","yoast_head_json":{"title":"Brilla con poder: Pandora y UNICEF lanzan un charm especial para celebrar el Mes de la Mujer - Zero Magazine","robots":{"index":"index","follow":"follow","max-snippet":"max-snippet:-1","max-image-preview":"max-image-preview:large","max-video-preview":"max-video-preview:-1"},"canonical":"https:\/\/zeromagazine.mx\/index.php\/2024\/03\/29\/brilla-con-poder-pandora-y-unicef-lanzan-un-charm-especial-para-celebrar-el-mes-de-la-mujer\/","og_locale":"es_ES","og_type":"article","og_title":"Brilla con poder: Pandora y UNICEF lanzan un charm especial para celebrar el Mes de la Mujer - Zero Magazine","og_description":"\u00a1Pandora y UNICEF se est\u00e1n uniendo nuevamente para celebrar el Mes de la Mujer de una manera realmente genial! Saben, en estos tiempos, es importante apoyar y reconocer el incre\u00edble potencial que tienen las chicas de todo el mundo. Y con esta nueva joya, est\u00e1n haciendo exactamente eso. Entonces, \u00bfde qu\u00e9 se trata todo esto? [&hellip;]","og_url":"https:\/\/zeromagazine.mx\/index.php\/2024\/03\/29\/brilla-con-poder-pandora-y-unicef-lanzan-un-charm-especial-para-celebrar-el-mes-de-la-mujer\/","og_site_name":"Zero Magazine","article_published_time":"2024-03-29T16:00:00+00:00","og_image":[{"width":1000,"height":1000,"url":"https:\/\/i0.wp.com\/zeromagazine.mx\/wp-content\/uploads\/2024\/03\/PNGTRPNT_Q124-COLLABS-UNICEF-SOME-ILLUSTRATION-IMAGE-01-LOGO-SQUARE.png?fit=1000%2C1000&ssl=1","type":"image\/png"}],"author":"zeromagazinemx","twitter_card":"summary_large_image","twitter_misc":{"Escrito por":"zeromagazinemx","Tiempo de lectura":"2 minutos"},"schema":{"@context":"https:\/\/schema.org","@graph":[{"@type":"Article","@id":"https:\/\/zeromagazine.mx\/index.php\/2024\/03\/29\/brilla-con-poder-pandora-y-unicef-lanzan-un-charm-especial-para-celebrar-el-mes-de-la-mujer\/#article","isPartOf":{"@id":"https:\/\/zeromagazine.mx\/index.php\/2024\/03\/29\/brilla-con-poder-pandora-y-unicef-lanzan-un-charm-especial-para-celebrar-el-mes-de-la-mujer\/"},"author":{"name":"zeromagazinemx","@id":"https:\/\/zeromagazine.mx\/#\/schema\/person\/9aed9f33a7c39af3a348b86d723f7773"},"headline":"Brilla con poder: Pandora y UNICEF lanzan un charm especial para celebrar el Mes de la Mujer","datePublished":"2024-03-29T16:00:00+00:00","mainEntityOfPage":{"@id":"https:\/\/zeromagazine.mx\/index.php\/2024\/03\/29\/brilla-con-poder-pandora-y-unicef-lanzan-un-charm-especial-para-celebrar-el-mes-de-la-mujer\/"},"wordCount":322,"commentCount":0,"publisher":{"@id":"https:\/\/zeromagazine.mx\/#organization"},"image":{"@id":"https:\/\/zeromagazine.mx\/index.php\/2024\/03\/29\/brilla-con-poder-pandora-y-unicef-lanzan-un-charm-especial-para-celebrar-el-mes-de-la-mujer\/#primaryimage"},"thumbnailUrl":"https:\/\/i0.wp.com\/zeromagazine.mx\/wp-content\/uploads\/2024\/03\/PNGTRPNT_Q124-COLLABS-UNICEF-SOME-ILLUSTRATION-IMAGE-01-LOGO-SQUARE.png?fit=1000%2C1000&ssl=1","keywords":["Accesorios","Charm","Mes de la mujer","Pandora","UNICEF"],"articleSection":["Dise\u00f1o","Moda"],"inLanguage":"es","potentialAction":[{"@type":"CommentAction","name":"Comment","target":["https:\/\/zeromagazine.mx\/index.php\/2024\/03\/29\/brilla-con-poder-pandora-y-unicef-lanzan-un-charm-especial-para-celebrar-el-mes-de-la-mujer\/#respond"]}]},{"@type":"WebPage","@id":"https:\/\/zeromagazine.mx\/index.php\/2024\/03\/29\/brilla-con-poder-pandora-y-unicef-lanzan-un-charm-especial-para-celebrar-el-mes-de-la-mujer\/","url":"https:\/\/zeromagazine.mx\/index.php\/2024\/03\/29\/brilla-con-poder-pandora-y-unicef-lanzan-un-charm-especial-para-celebrar-el-mes-de-la-mujer\/","name":"Brilla con poder: Pandora y UNICEF lanzan un charm especial para celebrar el Mes de la Mujer - Zero Magazine","isPartOf":{"@id":"https:\/\/zeromagazine.mx\/#website"},"primaryImageOfPage":{"@id":"https:\/\/zeromagazine.mx\/index.php\/2024\/03\/29\/brilla-con-poder-pandora-y-unicef-lanzan-un-charm-especial-para-celebrar-el-mes-de-la-mujer\/#primaryimage"},"image":{"@id":"https:\/\/zeromagazine.mx\/index.php\/2024\/03\/29\/brilla-con-poder-pandora-y-unicef-lanzan-un-charm-especial-para-celebrar-el-mes-de-la-mujer\/#primaryimage"},"thumbnailUrl":"https:\/\/i0.wp.com\/zeromagazine.mx\/wp-content\/uploads\/2024\/03\/PNGTRPNT_Q124-COLLABS-UNICEF-SOME-ILLUSTRATION-IMAGE-01-LOGO-SQUARE.png?fit=1000%2C1000&ssl=1","datePublished":"2024-03-29T16:00:00+00:00","breadcrumb":{"@id":"https:\/\/zeromagazine.mx\/index.php\/2024\/03\/29\/brilla-con-poder-pandora-y-unicef-lanzan-un-charm-especial-para-celebrar-el-mes-de-la-mujer\/#breadcrumb"},"inLanguage":"es","potentialAction":[{"@type":"ReadAction","target":["https:\/\/zeromagazine.mx\/index.php\/2024\/03\/29\/brilla-con-poder-pandora-y-unicef-lanzan-un-charm-especial-para-celebrar-el-mes-de-la-mujer\/"]}]},{"@type":"ImageObject","inLanguage":"es","@id":"https:\/\/zeromagazine.mx\/index.php\/2024\/03\/29\/brilla-con-poder-pandora-y-unicef-lanzan-un-charm-especial-para-celebrar-el-mes-de-la-mujer\/#primaryimage","url":"https:\/\/i0.wp.com\/zeromagazine.mx\/wp-content\/uploads\/2024\/03\/PNGTRPNT_Q124-COLLABS-UNICEF-SOME-ILLUSTRATION-IMAGE-01-LOGO-SQUARE.png?fit=1000%2C1000&ssl=1","contentUrl":"https:\/\/i0.wp.com\/zeromagazine.mx\/wp-content\/uploads\/2024\/03\/PNGTRPNT_Q124-COLLABS-UNICEF-SOME-ILLUSTRATION-IMAGE-01-LOGO-SQUARE.png?fit=1000%2C1000&ssl=1","width":1000,"height":1000},{"@type":"BreadcrumbList","@id":"https:\/\/zeromagazine.mx\/index.php\/2024\/03\/29\/brilla-con-poder-pandora-y-unicef-lanzan-un-charm-especial-para-celebrar-el-mes-de-la-mujer\/#breadcrumb","itemListElement":[{"@type":"ListItem","position":1,"name":"Portada","item":"https:\/\/zeromagazine.mx\/"},{"@type":"ListItem","position":2,"name":"Brilla con poder: Pandora y UNICEF lanzan un charm especial para celebrar el Mes de la Mujer"}]},{"@type":"WebSite","@id":"https:\/\/zeromagazine.mx\/#website","url":"https:\/\/zeromagazine.mx\/","name":"Zero Magazine","description":"","publisher":{"@id":"https:\/\/zeromagazine.mx\/#organization"},"potentialAction":[{"@type":"SearchAction","target":{"@type":"EntryPoint","urlTemplate":"https:\/\/zeromagazine.mx\/?s={search_term_string}"},"query-input":{"@type":"PropertyValueSpecification","valueRequired":true,"valueName":"search_term_string"}}],"inLanguage":"es"},{"@type":"Organization","@id":"https:\/\/zeromagazine.mx\/#organization","name":"Zero Magazine","url":"https:\/\/zeromagazine.mx\/","logo":{"@type":"ImageObject","inLanguage":"es","@id":"https:\/\/zeromagazine.mx\/#\/schema\/logo\/image\/","url":"https:\/\/i0.wp.com\/zeromagazine.mx\/wp-content\/uploads\/2025\/11\/1.jpeg?fit=1000%2C1000&ssl=1","contentUrl":"https:\/\/i0.wp.com\/zeromagazine.mx\/wp-content\/uploads\/2025\/11\/1.jpeg?fit=1000%2C1000&ssl=1","width":1000,"height":1000,"caption":"Zero Magazine"},"image":{"@id":"https:\/\/zeromagazine.mx\/#\/schema\/logo\/image\/"},"sameAs":["https:\/\/instagram.com\/zeromagazinemx"]},{"@type":"Person","@id":"https:\/\/zeromagazine.mx\/#\/schema\/person\/9aed9f33a7c39af3a348b86d723f7773","name":"zeromagazinemx","image":{"@type":"ImageObject","inLanguage":"es","@id":"https:\/\/zeromagazine.mx\/wp-content\/litespeed\/avatar\/f91dfe5410d5dcb1a576bf8c45983896.jpg?ver=1776966396","url":"https:\/\/zeromagazine.mx\/wp-content\/litespeed\/avatar\/f91dfe5410d5dcb1a576bf8c45983896.jpg?ver=1776966396","contentUrl":"https:\/\/zeromagazine.mx\/wp-content\/litespeed\/avatar\/f91dfe5410d5dcb1a576bf8c45983896.jpg?ver=1776966396","caption":"zeromagazinemx"},"url":"https:\/\/zeromagazine.mx\/index.php\/author\/zeromagazinemx\/"}]}},"jetpack_publicize_connections":[],"jetpack_featured_media_url":"https:\/\/i0.wp.com\/zeromagazine.mx\/wp-content\/uploads\/2024\/03\/PNGTRPNT_Q124-COLLABS-UNICEF-SOME-ILLUSTRATION-IMAGE-01-LOGO-SQUARE.png?fit=1000%2C1000&ssl=1","jetpack-related-posts":[{"id":116812,"url":"https:\/\/zeromagazine.mx\/index.php\/2026\/03\/17\/pandora-unicef-charm-impacto\/","url_meta":{"origin":72798,"position":0},"title":"Pandora UNICEF charm con impacto","author":"Luis Trujano","date":"17 de marzo de 2026","format":false,"excerpt":"En un mundo donde cada compra cuenta (literalmente), el nuevo charm de Pandora en colaboraci\u00f3n con UNICEF llega como ese recordatorio que necesit\u00e1bamos: el estilo tambi\u00e9n puede tener prop\u00f3sito. Porque s\u00ed, amamos la joyer\u00eda por lo aesthetic, pero cuando adem\u00e1s conecta con algo m\u00e1s grande, se vuelve a\u00fan m\u00e1s especial.\u2026","rel":"","context":"En \u00abModa\u00bb","block_context":{"text":"Moda","link":"https:\/\/zeromagazine.mx\/index.php\/category\/moda\/"},"img":{"alt_text":"","src":"https:\/\/i0.wp.com\/zeromagazine.mx\/wp-content\/uploads\/2026\/03\/IMG_6560.jpeg?fit=774%2C968&ssl=1&resize=350%2C200","width":350,"height":200,"srcset":"https:\/\/i0.wp.com\/zeromagazine.mx\/wp-content\/uploads\/2026\/03\/IMG_6560.jpeg?fit=774%2C968&ssl=1&resize=350%2C200 1x, https:\/\/i0.wp.com\/zeromagazine.mx\/wp-content\/uploads\/2026\/03\/IMG_6560.jpeg?fit=774%2C968&ssl=1&resize=525%2C300 1.5x, https:\/\/i0.wp.com\/zeromagazine.mx\/wp-content\/uploads\/2026\/03\/IMG_6560.jpeg?fit=774%2C968&ssl=1&resize=700%2C400 2x"},"classes":[]},{"id":99057,"url":"https:\/\/zeromagazine.mx\/index.php\/2025\/03\/19\/charm-unicef-y-pandora-que-se-une-por-una-causa\/","url_meta":{"origin":72798,"position":1},"title":"Charm Por Una Causa","author":"David Morales","date":"19 de marzo de 2025","format":false,"excerpt":"Amix, si buscan una forma de apoyar una causa incre\u00edble mientras suman algo lindo a su colecci\u00f3n, este es el momento. Pandora acaba de lanzar su nuevo charm de edici\u00f3n especial en apoyo a UNICEF, con el que busca seguir transformando la vida de millones de ni\u00f1es en el mundo.\u2026","rel":"","context":"En \u00abModa\u00bb","block_context":{"text":"Moda","link":"https:\/\/zeromagazine.mx\/index.php\/category\/moda\/"},"img":{"alt_text":"","src":"https:\/\/i0.wp.com\/zeromagazine.mx\/wp-content\/uploads\/2025\/03\/WEB_793744C01_RGB.png?fit=1000%2C1000&ssl=1&resize=350%2C200","width":350,"height":200,"srcset":"https:\/\/i0.wp.com\/zeromagazine.mx\/wp-content\/uploads\/2025\/03\/WEB_793744C01_RGB.png?fit=1000%2C1000&ssl=1&resize=350%2C200 1x, https:\/\/i0.wp.com\/zeromagazine.mx\/wp-content\/uploads\/2025\/03\/WEB_793744C01_RGB.png?fit=1000%2C1000&ssl=1&resize=525%2C300 1.5x, https:\/\/i0.wp.com\/zeromagazine.mx\/wp-content\/uploads\/2025\/03\/WEB_793744C01_RGB.png?fit=1000%2C1000&ssl=1&resize=700%2C400 2x"},"classes":[]},{"id":101693,"url":"https:\/\/zeromagazine.mx\/index.php\/2025\/02\/28\/be-love-con-pandora\/","url_meta":{"origin":72798,"position":2},"title":"BE LOVE Con Pandora","author":"David Morales","date":"28 de febrero de 2025","format":false,"excerpt":"Amix, si algo hemos aprendido en esta vida ca\u00f3tica es que el amor va m\u00e1s all\u00e1 de lo rom\u00e1ntico: es comunidad, es cuidado, es presencia. Justo eso es lo que Pandora nos quiere recordar con su nueva campa\u00f1a BE LOVE, una explosi\u00f3n emocional que no solo celebra su joyer\u00eda, sino\u2026","rel":"","context":"En \u00abModa\u00bb","block_context":{"text":"Moda","link":"https:\/\/zeromagazine.mx\/index.php\/category\/moda\/"},"img":{"alt_text":"","src":"https:\/\/i0.wp.com\/zeromagazine.mx\/wp-content\/uploads\/2025\/04\/Captura-de-Pantalla-2025-02-27-a-las-13.13.39.png?fit=1200%2C677&ssl=1&resize=350%2C200","width":350,"height":200,"srcset":"https:\/\/i0.wp.com\/zeromagazine.mx\/wp-content\/uploads\/2025\/04\/Captura-de-Pantalla-2025-02-27-a-las-13.13.39.png?fit=1200%2C677&ssl=1&resize=350%2C200 1x, https:\/\/i0.wp.com\/zeromagazine.mx\/wp-content\/uploads\/2025\/04\/Captura-de-Pantalla-2025-02-27-a-las-13.13.39.png?fit=1200%2C677&ssl=1&resize=525%2C300 1.5x, https:\/\/i0.wp.com\/zeromagazine.mx\/wp-content\/uploads\/2025\/04\/Captura-de-Pantalla-2025-02-27-a-las-13.13.39.png?fit=1200%2C677&ssl=1&resize=700%2C400 2x, https:\/\/i0.wp.com\/zeromagazine.mx\/wp-content\/uploads\/2025\/04\/Captura-de-Pantalla-2025-02-27-a-las-13.13.39.png?fit=1200%2C677&ssl=1&resize=1050%2C600 3x"},"classes":[]},{"id":104341,"url":"https:\/\/zeromagazine.mx\/index.php\/2025\/04\/09\/charm-easter-egg-de-pandora\/","url_meta":{"origin":72798,"position":3},"title":"Charm Easter Egg de Pandora","author":"David Morales","date":"9 de abril de 2025","format":false,"excerpt":"Amix, la primavera ya lleg\u00f3 y con ella el mood de nuevos comienzos, colores pastel y regalitos con significado. Justo por eso, detalles que iluminan primavera es la vibra exacta del nuevo charm Easter Egg de Pandora, que forma parte del drop de temporada de la marca. Y s\u00ed, es\u2026","rel":"","context":"En \u00abModa\u00bb","block_context":{"text":"Moda","link":"https:\/\/zeromagazine.mx\/index.php\/category\/moda\/"},"img":{"alt_text":"","src":"https:\/\/i0.wp.com\/zeromagazine.mx\/wp-content\/uploads\/2025\/05\/WEB_793748C01_V2_RGB.png?fit=1000%2C1000&ssl=1&resize=350%2C200","width":350,"height":200,"srcset":"https:\/\/i0.wp.com\/zeromagazine.mx\/wp-content\/uploads\/2025\/05\/WEB_793748C01_V2_RGB.png?fit=1000%2C1000&ssl=1&resize=350%2C200 1x, https:\/\/i0.wp.com\/zeromagazine.mx\/wp-content\/uploads\/2025\/05\/WEB_793748C01_V2_RGB.png?fit=1000%2C1000&ssl=1&resize=525%2C300 1.5x, https:\/\/i0.wp.com\/zeromagazine.mx\/wp-content\/uploads\/2025\/05\/WEB_793748C01_V2_RGB.png?fit=1000%2C1000&ssl=1&resize=700%2C400 2x"},"classes":[]},{"id":107020,"url":"https:\/\/zeromagazine.mx\/index.php\/2025\/07\/28\/charm-stories-de-pandora\/","url_meta":{"origin":72798,"position":4},"title":"Charm Stories de Pandora: joyas con significado propio","author":"David Morales","date":"28 de julio de 2025","format":false,"excerpt":"La joyer\u00eda deja de ser solo un accesorio para convertirse en algo mucho m\u00e1s personal. Con Charm Stories de Pandora, la marca nos invita a ver cada charm como un pedacito de historia que llevamos con orgullo. No es solo un dije bonito: es un s\u00edmbolo de lo que somos,\u2026","rel":"","context":"En \u00abModa\u00bb","block_context":{"text":"Moda","link":"https:\/\/zeromagazine.mx\/index.php\/category\/moda\/"},"img":{"alt_text":"","src":"https:\/\/i0.wp.com\/zeromagazine.mx\/wp-content\/uploads\/2025\/07\/IMG_5103.png?fit=1000%2C1000&ssl=1&resize=350%2C200","width":350,"height":200,"srcset":"https:\/\/i0.wp.com\/zeromagazine.mx\/wp-content\/uploads\/2025\/07\/IMG_5103.png?fit=1000%2C1000&ssl=1&resize=350%2C200 1x, https:\/\/i0.wp.com\/zeromagazine.mx\/wp-content\/uploads\/2025\/07\/IMG_5103.png?fit=1000%2C1000&ssl=1&resize=525%2C300 1.5x, https:\/\/i0.wp.com\/zeromagazine.mx\/wp-content\/uploads\/2025\/07\/IMG_5103.png?fit=1000%2C1000&ssl=1&resize=700%2C400 2x"},"classes":[]},{"id":109645,"url":"https:\/\/zeromagazine.mx\/index.php\/2025\/10\/21\/mini-charms-pandora-poder-en-lo-pequeno\/","url_meta":{"origin":72798,"position":5},"title":"Mini Charms Pandora: poder en lo peque\u00f1o","author":"Luis Trujano","date":"21 de octubre de 2025","format":false,"excerpt":"Dicen que las cosas peque\u00f1as pueden tener un significado gigante, y los Mini Charms Pandora son la prueba perfecta. Esta nueva colecci\u00f3n convierte lo delicado en poderoso, con piezas diminutas que cuentan historias personales y emociones que se sienten incluso sin palabras. Es la joyer\u00eda m\u00e1s \u00edntima y significativa que\u2026","rel":"","context":"En \u00abModa\u00bb","block_context":{"text":"Moda","link":"https:\/\/zeromagazine.mx\/index.php\/category\/moda\/"},"img":{"alt_text":"","src":"https:\/\/i0.wp.com\/zeromagazine.mx\/wp-content\/uploads\/2025\/10\/PNGTRPNT_2025Q3E_collection_moments_go_ac_tp_ig_stories_october_12A.03_some_minis.png?fit=1000%2C1000&ssl=1&resize=350%2C200","width":350,"height":200,"srcset":"https:\/\/i0.wp.com\/zeromagazine.mx\/wp-content\/uploads\/2025\/10\/PNGTRPNT_2025Q3E_collection_moments_go_ac_tp_ig_stories_october_12A.03_some_minis.png?fit=1000%2C1000&ssl=1&resize=350%2C200 1x, https:\/\/i0.wp.com\/zeromagazine.mx\/wp-content\/uploads\/2025\/10\/PNGTRPNT_2025Q3E_collection_moments_go_ac_tp_ig_stories_october_12A.03_some_minis.png?fit=1000%2C1000&ssl=1&resize=525%2C300 1.5x, https:\/\/i0.wp.com\/zeromagazine.mx\/wp-content\/uploads\/2025\/10\/PNGTRPNT_2025Q3E_collection_moments_go_ac_tp_ig_stories_october_12A.03_some_minis.png?fit=1000%2C1000&ssl=1&resize=700%2C400 2x"},"classes":[]}],"jetpack_sharing_enabled":true,"builder_content":"","_links":{"self":[{"href":"https:\/\/zeromagazine.mx\/index.php\/wp-json\/wp\/v2\/posts\/72798","targetHints":{"allow":["GET"]}}],"collection":[{"href":"https:\/\/zeromagazine.mx\/index.php\/wp-json\/wp\/v2\/posts"}],"about":[{"href":"https:\/\/zeromagazine.mx\/index.php\/wp-json\/wp\/v2\/types\/post"}],"author":[{"embeddable":true,"href":"https:\/\/zeromagazine.mx\/index.php\/wp-json\/wp\/v2\/users\/2"}],"replies":[{"embeddable":true,"href":"https:\/\/zeromagazine.mx\/index.php\/wp-json\/wp\/v2\/comments?post=72798"}],"version-history":[{"count":1,"href":"https:\/\/zeromagazine.mx\/index.php\/wp-json\/wp\/v2\/posts\/72798\/revisions"}],"predecessor-version":[{"id":72803,"href":"https:\/\/zeromagazine.mx\/index.php\/wp-json\/wp\/v2\/posts\/72798\/revisions\/72803"}],"wp:featuredmedia":[{"embeddable":true,"href":"https:\/\/zeromagazine.mx\/index.php\/wp-json\/wp\/v2\/media\/72802"}],"wp:attachment":[{"href":"https:\/\/zeromagazine.mx\/index.php\/wp-json\/wp\/v2\/media?parent=72798"}],"wp:term":[{"taxonomy":"category","embeddable":true,"href":"https:\/\/zeromagazine.mx\/index.php\/wp-json\/wp\/v2\/categories?post=72798"},{"taxonomy":"post_tag","embeddable":true,"href":"https:\/\/zeromagazine.mx\/index.php\/wp-json\/wp\/v2\/tags?post=72798"}],"curies":[{"name":"wp","href":"https:\/\/api.w.org\/{rel}","templated":true}]}}