{"id":73052,"date":"2024-04-03T23:30:00","date_gmt":"2024-04-03T21:30:00","guid":{"rendered":"https:\/\/zeromagazine.mx\/?p=73052"},"modified":"2024-04-04T01:48:18","modified_gmt":"2024-04-03T23:48:18","slug":"explorando-menorca-el-encanto-mediterraneo-en-the-walking-society-magazine-16","status":"publish","type":"post","link":"https:\/\/zeromagazine.mx\/index.php\/2024\/04\/03\/explorando-menorca-el-encanto-mediterraneo-en-the-walking-society-magazine-16\/","title":{"rendered":"Explorando Menorca"},"content":{"rendered":"<p>Hoy quiero platicarles sobre algo que me tiene s\u00faper emocionade: la m\u00e1s reciente edici\u00f3n de The Walking Society Magazine. \u00a1As\u00ed es! En esta ocasi\u00f3n, est\u00e1n explorando un destino incre\u00edblemente hermoso y tranquilo: \u00a1Menorca!<\/p>\n\n\n\n<script async src=\"https:\/\/pagead2.googlesyndication.com\/pagead\/js\/adsbygoogle.js?client=ca-pub-5499304793904745\"\n     crossorigin=\"anonymous\"><\/script>\n<ins class=\"adsbygoogle\"\n     style=\"display:block; text-align:center;\"\n     data-ad-layout=\"in-article\"\n     data-ad-format=\"fluid\"\n     data-ad-client=\"ca-pub-5499304793904745\"\n     data-ad-slot=\"5994863093\"><\/ins>\n<script>\n     (adsbygoogle = window.adsbygoogle || []).push({});\n<\/script>\n\n\n\n<p>Primero que nada, d\u00e9jenme decirles que esta revista siempre tiene un rollo s\u00faper cool y relajado, y este n\u00famero no es la excepci\u00f3n. La verdad es que me fascina c\u00f3mo nos lleva a lugares que quiz\u00e1s ni siquiera ten\u00edamos en nuestro radar.<\/p>\n\n\n\n<p><\/p>\n\n\n<div class=\"wp-block-image\">\n<figure class=\"aligncenter size-large\"><img data-recalc-dims=\"1\" decoding=\"async\" width=\"805\" height=\"1024\" src=\"https:\/\/i0.wp.com\/zeromagazine.mx\/wp-content\/uploads\/2024\/04\/unnamed-2-805x1024.jpg?resize=805%2C1024&#038;ssl=1\" alt=\"\" class=\"wp-image-73053\" srcset=\"https:\/\/i0.wp.com\/zeromagazine.mx\/wp-content\/uploads\/2024\/04\/unnamed-2.jpg?resize=805%2C1024&amp;ssl=1 805w, https:\/\/i0.wp.com\/zeromagazine.mx\/wp-content\/uploads\/2024\/04\/unnamed-2.jpg?resize=236%2C300&amp;ssl=1 236w, https:\/\/i0.wp.com\/zeromagazine.mx\/wp-content\/uploads\/2024\/04\/unnamed-2.jpg?resize=768%2C977&amp;ssl=1 768w, https:\/\/i0.wp.com\/zeromagazine.mx\/wp-content\/uploads\/2024\/04\/unnamed-2.jpg?w=900&amp;ssl=1 900w\" sizes=\"(max-width: 805px) 100vw, 805px\" \/><\/figure>\n<\/div>\n\n\n<p><\/p>\n\n\n\n<p>Ok, ahora s\u00ed, hablemos de Menorca. Imag\u00ednense esto: volumen bajo, vida lenta. \u00bfSuena incre\u00edble, no? Pues as\u00ed es Menorca, la segunda isla m\u00e1s grande de las Baleares. Es como ese lugar donde sientes que el tiempo se detiene y puedes respirar tranquile.<\/p>\n\n\n\n<script async src=\"https:\/\/pagead2.googlesyndication.com\/pagead\/js\/adsbygoogle.js?client=ca-pub-5499304793904745\"\n     crossorigin=\"anonymous\"><\/script>\n<ins class=\"adsbygoogle\"\n     style=\"display:block; text-align:center;\"\n     data-ad-layout=\"in-article\"\n     data-ad-format=\"fluid\"\n     data-ad-client=\"ca-pub-5499304793904745\"\n     data-ad-slot=\"5994863093\"><\/ins>\n<script>\n     (adsbygoogle = window.adsbygoogle || []).push({});\n<\/script>\n\n\n\n<p>Ahora, hablemos un poco de historia. Menorca tiene un pasado fascinante que se refleja en su arquitectura, su gastronom\u00eda y hasta en sus festivales tradicionales. Desde las conquistas que han dejado su huella hasta los monumentos megal\u00edticos, esta isla tiene una riqueza cultural que no podemos ignorar.<\/p>\n\n\n\n<script async src=\"https:\/\/pagead2.googlesyndication.com\/pagead\/js\/adsbygoogle.js?client=ca-pub-5499304793904745\"\n     crossorigin=\"anonymous\"><\/script>\n<ins class=\"adsbygoogle\"\n     style=\"display:block; text-align:center;\"\n     data-ad-layout=\"in-article\"\n     data-ad-format=\"fluid\"\n     data-ad-client=\"ca-pub-5499304793904745\"\n     data-ad-slot=\"5994863093\"><\/ins>\n<script>\n     (adsbygoogle = window.adsbygoogle || []).push({});\n<\/script>\n\n\n\n<p>Y qu\u00e9 decir de los festivales, \u00bfverdad? Los festes son una celebraci\u00f3n de la cultura menorquina, donde podemos ver los caballos negros nativos y probar el gin local. \u00a1Suena como una experiencia que no nos podemos perder!<\/p>\n\n\n\n<div class=\"wp-block-columns is-layout-flex wp-container-core-columns-is-layout-9d6595d7 wp-block-columns-is-layout-flex\">\n<div class=\"wp-block-column is-layout-flow wp-block-column-is-layout-flow\">\n<figure class=\"wp-block-image size-large\"><img data-recalc-dims=\"1\" decoding=\"async\" width=\"817\" height=\"1024\" src=\"https:\/\/i0.wp.com\/zeromagazine.mx\/wp-content\/uploads\/2024\/04\/unnamed-5-817x1024.jpg?resize=817%2C1024&#038;ssl=1\" alt=\"\" class=\"wp-image-73054\" srcset=\"https:\/\/i0.wp.com\/zeromagazine.mx\/wp-content\/uploads\/2024\/04\/unnamed-5.jpg?resize=817%2C1024&amp;ssl=1 817w, https:\/\/i0.wp.com\/zeromagazine.mx\/wp-content\/uploads\/2024\/04\/unnamed-5.jpg?resize=239%2C300&amp;ssl=1 239w, https:\/\/i0.wp.com\/zeromagazine.mx\/wp-content\/uploads\/2024\/04\/unnamed-5.jpg?resize=768%2C963&amp;ssl=1 768w, https:\/\/i0.wp.com\/zeromagazine.mx\/wp-content\/uploads\/2024\/04\/unnamed-5.jpg?w=937&amp;ssl=1 937w\" sizes=\"(max-width: 817px) 100vw, 817px\" \/><\/figure>\n<\/div>\n\n\n\n<div class=\"wp-block-column is-layout-flow wp-block-column-is-layout-flow\">\n<figure class=\"wp-block-image size-large\"><img data-recalc-dims=\"1\" decoding=\"async\" width=\"769\" height=\"1024\" src=\"https:\/\/i0.wp.com\/zeromagazine.mx\/wp-content\/uploads\/2024\/04\/unnamed-3-769x1024.jpg?resize=769%2C1024&#038;ssl=1\" alt=\"\" class=\"wp-image-73055\" srcset=\"https:\/\/i0.wp.com\/zeromagazine.mx\/wp-content\/uploads\/2024\/04\/unnamed-3.jpg?resize=769%2C1024&amp;ssl=1 769w, https:\/\/i0.wp.com\/zeromagazine.mx\/wp-content\/uploads\/2024\/04\/unnamed-3.jpg?resize=225%2C300&amp;ssl=1 225w, https:\/\/i0.wp.com\/zeromagazine.mx\/wp-content\/uploads\/2024\/04\/unnamed-3.jpg?resize=768%2C1023&amp;ssl=1 768w, https:\/\/i0.wp.com\/zeromagazine.mx\/wp-content\/uploads\/2024\/04\/unnamed-3.jpg?w=956&amp;ssl=1 956w\" sizes=\"(max-width: 769px) 100vw, 769px\" \/><\/figure>\n<\/div>\n\n\n\n<div class=\"wp-block-column is-layout-flow wp-block-column-is-layout-flow\">\n<figure class=\"wp-block-image size-large\"><img data-recalc-dims=\"1\" decoding=\"async\" width=\"764\" height=\"1024\" src=\"https:\/\/i0.wp.com\/zeromagazine.mx\/wp-content\/uploads\/2024\/04\/unnamed-4-764x1024.jpg?resize=764%2C1024&#038;ssl=1\" alt=\"\" class=\"wp-image-73056\" srcset=\"https:\/\/i0.wp.com\/zeromagazine.mx\/wp-content\/uploads\/2024\/04\/unnamed-4.jpg?resize=764%2C1024&amp;ssl=1 764w, https:\/\/i0.wp.com\/zeromagazine.mx\/wp-content\/uploads\/2024\/04\/unnamed-4.jpg?resize=224%2C300&amp;ssl=1 224w, https:\/\/i0.wp.com\/zeromagazine.mx\/wp-content\/uploads\/2024\/04\/unnamed-4.jpg?resize=768%2C1029&amp;ssl=1 768w, https:\/\/i0.wp.com\/zeromagazine.mx\/wp-content\/uploads\/2024\/04\/unnamed-4.jpg?w=960&amp;ssl=1 960w\" sizes=\"(max-width: 764px) 100vw, 764px\" \/><\/figure>\n<\/div>\n<\/div>\n\n\n\n<p>Pero lo mejor de todo es que esta revista nos lleva de viaje por Menorca de una manera \u00fanica. Con historias e im\u00e1genes que nos hacen sentir como si estuvi\u00e9ramos all\u00ed mismo, explorando cada rinc\u00f3n y descubriendo los secretos que esta isla tiene para ofrecer.<\/p>\n\n\n\n<script async src=\"https:\/\/pagead2.googlesyndication.com\/pagead\/js\/adsbygoogle.js?client=ca-pub-5499304793904745\"\n     crossorigin=\"anonymous\"><\/script>\n<ins class=\"adsbygoogle\"\n     style=\"display:block; text-align:center;\"\n     data-ad-layout=\"in-article\"\n     data-ad-format=\"fluid\"\n     data-ad-client=\"ca-pub-5499304793904745\"\n     data-ad-slot=\"5994863093\"><\/ins>\n<script>\n     (adsbygoogle = window.adsbygoogle || []).push({});\n<\/script>\n\n\n\n<p>Si est\u00e1n buscando un destino para relajarse y desconectar del bullicio de la ciudad, Menorca es definitivamente una opci\u00f3n que deber\u00edan considerar. Y si no pueden viajar por ahora, no se preocupen, The Walking Society Magazine nos lleva de viaje desde la comodidad de nuestro sof\u00e1. \u00a1Nos vemos en la pr\u00f3xima aventura!<\/p>\n\n\n\n<script async src=\"https:\/\/pagead2.googlesyndication.com\/pagead\/js\/adsbygoogle.js?client=ca-pub-5499304793904745\"\n     crossorigin=\"anonymous\"><\/script>\n<ins class=\"adsbygoogle\"\n     style=\"display:block; text-align:center;\"\n     data-ad-layout=\"in-article\"\n     data-ad-format=\"fluid\"\n     data-ad-client=\"ca-pub-5499304793904745\"\n     data-ad-slot=\"5994863093\"><\/ins>\n<script>\n     (adsbygoogle = window.adsbygoogle || []).push({});\n<\/script>\n\n<!--themify_builder_content-->\n<div id=\"themify_builder_content-73052\" data-postid=\"73052\" class=\"themify_builder_content themify_builder_content-73052 themify_builder tf_clear\">\n    <\/div>\n<!--\/themify_builder_content-->","protected":false},"excerpt":{"rendered":"<p>Hoy quiero platicarles sobre algo que me tiene s\u00faper emocionade: la m\u00e1s reciente edici\u00f3n de The Walking Society Magazine. \u00a1As\u00ed es! En esta ocasi\u00f3n, est\u00e1n explorando un destino incre\u00edblemente hermoso y tranquilo: \u00a1Menorca! Primero que nada, d\u00e9jenme decirles que esta revista siempre tiene un rollo s\u00faper cool y relajado, y este n\u00famero no es la [&hellip;]<\/p>\n","protected":false},"author":2,"featured_media":73057,"comment_status":"open","ping_status":"open","sticky":false,"template":"","format":"standard","meta":{"_jetpack_memberships_contains_paid_content":false,"footnotes":"","jetpack_publicize_message":"","jetpack_publicize_feature_enabled":true,"jetpack_social_post_already_shared":true,"jetpack_social_options":{"image_generator_settings":{"template":"highway","default_image_id":0,"font":"","enabled":false},"version":2}},"categories":[1,322],"tags":[7507,7508],"class_list":["post-73052","post","type-post","status-publish","format-standard","has-post-thumbnail","hentry","category-blog","category-lugares","tag-menorca","tag-the-walking-society-magazine","has-post-title","has-post-date","has-post-category","has-post-tag","has-post-comment","has-post-author",""],"yoast_head":"<!-- This site is optimized with the Yoast SEO plugin v27.5 - https:\/\/yoast.com\/product\/yoast-seo-wordpress\/ -->\n<title>Explorando Menorca - Zero Magazine<\/title>\n<meta name=\"robots\" content=\"index, follow, max-snippet:-1, max-image-preview:large, max-video-preview:-1\" \/>\n<link rel=\"canonical\" href=\"https:\/\/zeromagazine.mx\/index.php\/2024\/04\/03\/explorando-menorca-el-encanto-mediterraneo-en-the-walking-society-magazine-16\/\" \/>\n<meta property=\"og:locale\" content=\"es_ES\" \/>\n<meta property=\"og:type\" content=\"article\" \/>\n<meta property=\"og:title\" content=\"Explorando Menorca - Zero Magazine\" \/>\n<meta property=\"og:description\" content=\"Hoy quiero platicarles sobre algo que me tiene s\u00faper emocionade: la m\u00e1s reciente edici\u00f3n de The Walking Society Magazine. \u00a1As\u00ed es! En esta ocasi\u00f3n, est\u00e1n explorando un destino incre\u00edblemente hermoso y tranquilo: \u00a1Menorca! Primero que nada, d\u00e9jenme decirles que esta revista siempre tiene un rollo s\u00faper cool y relajado, y este n\u00famero no es la [&hellip;]\" \/>\n<meta property=\"og:url\" content=\"https:\/\/zeromagazine.mx\/index.php\/2024\/04\/03\/explorando-menorca-el-encanto-mediterraneo-en-the-walking-society-magazine-16\/\" \/>\n<meta property=\"og:site_name\" content=\"Zero Magazine\" \/>\n<meta property=\"article:published_time\" content=\"2024-04-03T21:30:00+00:00\" \/>\n<meta property=\"article:modified_time\" content=\"2024-04-03T23:48:18+00:00\" \/>\n<meta property=\"og:image\" content=\"https:\/\/i0.wp.com\/zeromagazine.mx\/wp-content\/uploads\/2024\/04\/unnamed-1.jpg?fit=1920%2C1509&ssl=1\" \/>\n\t<meta property=\"og:image:width\" content=\"1920\" \/>\n\t<meta property=\"og:image:height\" content=\"1509\" \/>\n\t<meta property=\"og:image:type\" content=\"image\/jpeg\" \/>\n<meta name=\"author\" content=\"zeromagazinemx\" \/>\n<meta name=\"twitter:card\" content=\"summary_large_image\" \/>\n<meta name=\"twitter:label1\" content=\"Escrito por\" \/>\n\t<meta name=\"twitter:data1\" content=\"zeromagazinemx\" \/>\n\t<meta name=\"twitter:label2\" content=\"Tiempo de lectura\" \/>\n\t<meta name=\"twitter:data2\" content=\"2 minutos\" \/>\n<script type=\"application\/ld+json\" class=\"yoast-schema-graph\">{\"@context\":\"https:\\\/\\\/schema.org\",\"@graph\":[{\"@type\":\"Article\",\"@id\":\"https:\\\/\\\/zeromagazine.mx\\\/index.php\\\/2024\\\/04\\\/03\\\/explorando-menorca-el-encanto-mediterraneo-en-the-walking-society-magazine-16\\\/#article\",\"isPartOf\":{\"@id\":\"https:\\\/\\\/zeromagazine.mx\\\/index.php\\\/2024\\\/04\\\/03\\\/explorando-menorca-el-encanto-mediterraneo-en-the-walking-society-magazine-16\\\/\"},\"author\":{\"name\":\"zeromagazinemx\",\"@id\":\"https:\\\/\\\/zeromagazine.mx\\\/#\\\/schema\\\/person\\\/9aed9f33a7c39af3a348b86d723f7773\"},\"headline\":\"Explorando Menorca\",\"datePublished\":\"2024-04-03T21:30:00+00:00\",\"dateModified\":\"2024-04-03T23:48:18+00:00\",\"mainEntityOfPage\":{\"@id\":\"https:\\\/\\\/zeromagazine.mx\\\/index.php\\\/2024\\\/04\\\/03\\\/explorando-menorca-el-encanto-mediterraneo-en-the-walking-society-magazine-16\\\/\"},\"wordCount\":326,\"commentCount\":0,\"publisher\":{\"@id\":\"https:\\\/\\\/zeromagazine.mx\\\/#organization\"},\"image\":{\"@id\":\"https:\\\/\\\/zeromagazine.mx\\\/index.php\\\/2024\\\/04\\\/03\\\/explorando-menorca-el-encanto-mediterraneo-en-the-walking-society-magazine-16\\\/#primaryimage\"},\"thumbnailUrl\":\"https:\\\/\\\/i0.wp.com\\\/zeromagazine.mx\\\/wp-content\\\/uploads\\\/2024\\\/04\\\/unnamed-1.jpg?fit=1920%2C1509&ssl=1\",\"keywords\":[\"Menorca\",\"The Walking Society Magazine\"],\"articleSection\":[\"Blog\",\"Viajes\"],\"inLanguage\":\"es\",\"potentialAction\":[{\"@type\":\"CommentAction\",\"name\":\"Comment\",\"target\":[\"https:\\\/\\\/zeromagazine.mx\\\/index.php\\\/2024\\\/04\\\/03\\\/explorando-menorca-el-encanto-mediterraneo-en-the-walking-society-magazine-16\\\/#respond\"]}]},{\"@type\":\"WebPage\",\"@id\":\"https:\\\/\\\/zeromagazine.mx\\\/index.php\\\/2024\\\/04\\\/03\\\/explorando-menorca-el-encanto-mediterraneo-en-the-walking-society-magazine-16\\\/\",\"url\":\"https:\\\/\\\/zeromagazine.mx\\\/index.php\\\/2024\\\/04\\\/03\\\/explorando-menorca-el-encanto-mediterraneo-en-the-walking-society-magazine-16\\\/\",\"name\":\"Explorando Menorca - Zero Magazine\",\"isPartOf\":{\"@id\":\"https:\\\/\\\/zeromagazine.mx\\\/#website\"},\"primaryImageOfPage\":{\"@id\":\"https:\\\/\\\/zeromagazine.mx\\\/index.php\\\/2024\\\/04\\\/03\\\/explorando-menorca-el-encanto-mediterraneo-en-the-walking-society-magazine-16\\\/#primaryimage\"},\"image\":{\"@id\":\"https:\\\/\\\/zeromagazine.mx\\\/index.php\\\/2024\\\/04\\\/03\\\/explorando-menorca-el-encanto-mediterraneo-en-the-walking-society-magazine-16\\\/#primaryimage\"},\"thumbnailUrl\":\"https:\\\/\\\/i0.wp.com\\\/zeromagazine.mx\\\/wp-content\\\/uploads\\\/2024\\\/04\\\/unnamed-1.jpg?fit=1920%2C1509&ssl=1\",\"datePublished\":\"2024-04-03T21:30:00+00:00\",\"dateModified\":\"2024-04-03T23:48:18+00:00\",\"breadcrumb\":{\"@id\":\"https:\\\/\\\/zeromagazine.mx\\\/index.php\\\/2024\\\/04\\\/03\\\/explorando-menorca-el-encanto-mediterraneo-en-the-walking-society-magazine-16\\\/#breadcrumb\"},\"inLanguage\":\"es\",\"potentialAction\":[{\"@type\":\"ReadAction\",\"target\":[\"https:\\\/\\\/zeromagazine.mx\\\/index.php\\\/2024\\\/04\\\/03\\\/explorando-menorca-el-encanto-mediterraneo-en-the-walking-society-magazine-16\\\/\"]}]},{\"@type\":\"ImageObject\",\"inLanguage\":\"es\",\"@id\":\"https:\\\/\\\/zeromagazine.mx\\\/index.php\\\/2024\\\/04\\\/03\\\/explorando-menorca-el-encanto-mediterraneo-en-the-walking-society-magazine-16\\\/#primaryimage\",\"url\":\"https:\\\/\\\/i0.wp.com\\\/zeromagazine.mx\\\/wp-content\\\/uploads\\\/2024\\\/04\\\/unnamed-1.jpg?fit=1920%2C1509&ssl=1\",\"contentUrl\":\"https:\\\/\\\/i0.wp.com\\\/zeromagazine.mx\\\/wp-content\\\/uploads\\\/2024\\\/04\\\/unnamed-1.jpg?fit=1920%2C1509&ssl=1\",\"width\":1920,\"height\":1509},{\"@type\":\"BreadcrumbList\",\"@id\":\"https:\\\/\\\/zeromagazine.mx\\\/index.php\\\/2024\\\/04\\\/03\\\/explorando-menorca-el-encanto-mediterraneo-en-the-walking-society-magazine-16\\\/#breadcrumb\",\"itemListElement\":[{\"@type\":\"ListItem\",\"position\":1,\"name\":\"Portada\",\"item\":\"https:\\\/\\\/zeromagazine.mx\\\/\"},{\"@type\":\"ListItem\",\"position\":2,\"name\":\"Explorando Menorca\"}]},{\"@type\":\"WebSite\",\"@id\":\"https:\\\/\\\/zeromagazine.mx\\\/#website\",\"url\":\"https:\\\/\\\/zeromagazine.mx\\\/\",\"name\":\"Zero Magazine\",\"description\":\"\",\"publisher\":{\"@id\":\"https:\\\/\\\/zeromagazine.mx\\\/#organization\"},\"potentialAction\":[{\"@type\":\"SearchAction\",\"target\":{\"@type\":\"EntryPoint\",\"urlTemplate\":\"https:\\\/\\\/zeromagazine.mx\\\/?s={search_term_string}\"},\"query-input\":{\"@type\":\"PropertyValueSpecification\",\"valueRequired\":true,\"valueName\":\"search_term_string\"}}],\"inLanguage\":\"es\"},{\"@type\":\"Organization\",\"@id\":\"https:\\\/\\\/zeromagazine.mx\\\/#organization\",\"name\":\"Zero Magazine\",\"url\":\"https:\\\/\\\/zeromagazine.mx\\\/\",\"logo\":{\"@type\":\"ImageObject\",\"inLanguage\":\"es\",\"@id\":\"https:\\\/\\\/zeromagazine.mx\\\/#\\\/schema\\\/logo\\\/image\\\/\",\"url\":\"https:\\\/\\\/i0.wp.com\\\/zeromagazine.mx\\\/wp-content\\\/uploads\\\/2025\\\/11\\\/1.jpeg?fit=1000%2C1000&ssl=1\",\"contentUrl\":\"https:\\\/\\\/i0.wp.com\\\/zeromagazine.mx\\\/wp-content\\\/uploads\\\/2025\\\/11\\\/1.jpeg?fit=1000%2C1000&ssl=1\",\"width\":1000,\"height\":1000,\"caption\":\"Zero Magazine\"},\"image\":{\"@id\":\"https:\\\/\\\/zeromagazine.mx\\\/#\\\/schema\\\/logo\\\/image\\\/\"},\"sameAs\":[\"https:\\\/\\\/instagram.com\\\/zeromagazinemx\"]},{\"@type\":\"Person\",\"@id\":\"https:\\\/\\\/zeromagazine.mx\\\/#\\\/schema\\\/person\\\/9aed9f33a7c39af3a348b86d723f7773\",\"name\":\"zeromagazinemx\",\"image\":{\"@type\":\"ImageObject\",\"inLanguage\":\"es\",\"@id\":\"https:\\\/\\\/zeromagazine.mx\\\/wp-content\\\/litespeed\\\/avatar\\\/f91dfe5410d5dcb1a576bf8c45983896.jpg?ver=1777571230\",\"url\":\"https:\\\/\\\/zeromagazine.mx\\\/wp-content\\\/litespeed\\\/avatar\\\/f91dfe5410d5dcb1a576bf8c45983896.jpg?ver=1777571230\",\"contentUrl\":\"https:\\\/\\\/zeromagazine.mx\\\/wp-content\\\/litespeed\\\/avatar\\\/f91dfe5410d5dcb1a576bf8c45983896.jpg?ver=1777571230\",\"caption\":\"zeromagazinemx\"},\"url\":\"https:\\\/\\\/zeromagazine.mx\\\/index.php\\\/author\\\/zeromagazinemx\\\/\"}]}<\/script>\n<!-- \/ Yoast SEO plugin. -->","yoast_head_json":{"title":"Explorando Menorca - Zero Magazine","robots":{"index":"index","follow":"follow","max-snippet":"max-snippet:-1","max-image-preview":"max-image-preview:large","max-video-preview":"max-video-preview:-1"},"canonical":"https:\/\/zeromagazine.mx\/index.php\/2024\/04\/03\/explorando-menorca-el-encanto-mediterraneo-en-the-walking-society-magazine-16\/","og_locale":"es_ES","og_type":"article","og_title":"Explorando Menorca - Zero Magazine","og_description":"Hoy quiero platicarles sobre algo que me tiene s\u00faper emocionade: la m\u00e1s reciente edici\u00f3n de The Walking Society Magazine. \u00a1As\u00ed es! En esta ocasi\u00f3n, est\u00e1n explorando un destino incre\u00edblemente hermoso y tranquilo: \u00a1Menorca! Primero que nada, d\u00e9jenme decirles que esta revista siempre tiene un rollo s\u00faper cool y relajado, y este n\u00famero no es la [&hellip;]","og_url":"https:\/\/zeromagazine.mx\/index.php\/2024\/04\/03\/explorando-menorca-el-encanto-mediterraneo-en-the-walking-society-magazine-16\/","og_site_name":"Zero Magazine","article_published_time":"2024-04-03T21:30:00+00:00","article_modified_time":"2024-04-03T23:48:18+00:00","og_image":[{"width":1920,"height":1509,"url":"https:\/\/i0.wp.com\/zeromagazine.mx\/wp-content\/uploads\/2024\/04\/unnamed-1.jpg?fit=1920%2C1509&ssl=1","type":"image\/jpeg"}],"author":"zeromagazinemx","twitter_card":"summary_large_image","twitter_misc":{"Escrito por":"zeromagazinemx","Tiempo de lectura":"2 minutos"},"schema":{"@context":"https:\/\/schema.org","@graph":[{"@type":"Article","@id":"https:\/\/zeromagazine.mx\/index.php\/2024\/04\/03\/explorando-menorca-el-encanto-mediterraneo-en-the-walking-society-magazine-16\/#article","isPartOf":{"@id":"https:\/\/zeromagazine.mx\/index.php\/2024\/04\/03\/explorando-menorca-el-encanto-mediterraneo-en-the-walking-society-magazine-16\/"},"author":{"name":"zeromagazinemx","@id":"https:\/\/zeromagazine.mx\/#\/schema\/person\/9aed9f33a7c39af3a348b86d723f7773"},"headline":"Explorando Menorca","datePublished":"2024-04-03T21:30:00+00:00","dateModified":"2024-04-03T23:48:18+00:00","mainEntityOfPage":{"@id":"https:\/\/zeromagazine.mx\/index.php\/2024\/04\/03\/explorando-menorca-el-encanto-mediterraneo-en-the-walking-society-magazine-16\/"},"wordCount":326,"commentCount":0,"publisher":{"@id":"https:\/\/zeromagazine.mx\/#organization"},"image":{"@id":"https:\/\/zeromagazine.mx\/index.php\/2024\/04\/03\/explorando-menorca-el-encanto-mediterraneo-en-the-walking-society-magazine-16\/#primaryimage"},"thumbnailUrl":"https:\/\/i0.wp.com\/zeromagazine.mx\/wp-content\/uploads\/2024\/04\/unnamed-1.jpg?fit=1920%2C1509&ssl=1","keywords":["Menorca","The Walking Society Magazine"],"articleSection":["Blog","Viajes"],"inLanguage":"es","potentialAction":[{"@type":"CommentAction","name":"Comment","target":["https:\/\/zeromagazine.mx\/index.php\/2024\/04\/03\/explorando-menorca-el-encanto-mediterraneo-en-the-walking-society-magazine-16\/#respond"]}]},{"@type":"WebPage","@id":"https:\/\/zeromagazine.mx\/index.php\/2024\/04\/03\/explorando-menorca-el-encanto-mediterraneo-en-the-walking-society-magazine-16\/","url":"https:\/\/zeromagazine.mx\/index.php\/2024\/04\/03\/explorando-menorca-el-encanto-mediterraneo-en-the-walking-society-magazine-16\/","name":"Explorando Menorca - Zero Magazine","isPartOf":{"@id":"https:\/\/zeromagazine.mx\/#website"},"primaryImageOfPage":{"@id":"https:\/\/zeromagazine.mx\/index.php\/2024\/04\/03\/explorando-menorca-el-encanto-mediterraneo-en-the-walking-society-magazine-16\/#primaryimage"},"image":{"@id":"https:\/\/zeromagazine.mx\/index.php\/2024\/04\/03\/explorando-menorca-el-encanto-mediterraneo-en-the-walking-society-magazine-16\/#primaryimage"},"thumbnailUrl":"https:\/\/i0.wp.com\/zeromagazine.mx\/wp-content\/uploads\/2024\/04\/unnamed-1.jpg?fit=1920%2C1509&ssl=1","datePublished":"2024-04-03T21:30:00+00:00","dateModified":"2024-04-03T23:48:18+00:00","breadcrumb":{"@id":"https:\/\/zeromagazine.mx\/index.php\/2024\/04\/03\/explorando-menorca-el-encanto-mediterraneo-en-the-walking-society-magazine-16\/#breadcrumb"},"inLanguage":"es","potentialAction":[{"@type":"ReadAction","target":["https:\/\/zeromagazine.mx\/index.php\/2024\/04\/03\/explorando-menorca-el-encanto-mediterraneo-en-the-walking-society-magazine-16\/"]}]},{"@type":"ImageObject","inLanguage":"es","@id":"https:\/\/zeromagazine.mx\/index.php\/2024\/04\/03\/explorando-menorca-el-encanto-mediterraneo-en-the-walking-society-magazine-16\/#primaryimage","url":"https:\/\/i0.wp.com\/zeromagazine.mx\/wp-content\/uploads\/2024\/04\/unnamed-1.jpg?fit=1920%2C1509&ssl=1","contentUrl":"https:\/\/i0.wp.com\/zeromagazine.mx\/wp-content\/uploads\/2024\/04\/unnamed-1.jpg?fit=1920%2C1509&ssl=1","width":1920,"height":1509},{"@type":"BreadcrumbList","@id":"https:\/\/zeromagazine.mx\/index.php\/2024\/04\/03\/explorando-menorca-el-encanto-mediterraneo-en-the-walking-society-magazine-16\/#breadcrumb","itemListElement":[{"@type":"ListItem","position":1,"name":"Portada","item":"https:\/\/zeromagazine.mx\/"},{"@type":"ListItem","position":2,"name":"Explorando Menorca"}]},{"@type":"WebSite","@id":"https:\/\/zeromagazine.mx\/#website","url":"https:\/\/zeromagazine.mx\/","name":"Zero Magazine","description":"","publisher":{"@id":"https:\/\/zeromagazine.mx\/#organization"},"potentialAction":[{"@type":"SearchAction","target":{"@type":"EntryPoint","urlTemplate":"https:\/\/zeromagazine.mx\/?s={search_term_string}"},"query-input":{"@type":"PropertyValueSpecification","valueRequired":true,"valueName":"search_term_string"}}],"inLanguage":"es"},{"@type":"Organization","@id":"https:\/\/zeromagazine.mx\/#organization","name":"Zero Magazine","url":"https:\/\/zeromagazine.mx\/","logo":{"@type":"ImageObject","inLanguage":"es","@id":"https:\/\/zeromagazine.mx\/#\/schema\/logo\/image\/","url":"https:\/\/i0.wp.com\/zeromagazine.mx\/wp-content\/uploads\/2025\/11\/1.jpeg?fit=1000%2C1000&ssl=1","contentUrl":"https:\/\/i0.wp.com\/zeromagazine.mx\/wp-content\/uploads\/2025\/11\/1.jpeg?fit=1000%2C1000&ssl=1","width":1000,"height":1000,"caption":"Zero Magazine"},"image":{"@id":"https:\/\/zeromagazine.mx\/#\/schema\/logo\/image\/"},"sameAs":["https:\/\/instagram.com\/zeromagazinemx"]},{"@type":"Person","@id":"https:\/\/zeromagazine.mx\/#\/schema\/person\/9aed9f33a7c39af3a348b86d723f7773","name":"zeromagazinemx","image":{"@type":"ImageObject","inLanguage":"es","@id":"https:\/\/zeromagazine.mx\/wp-content\/litespeed\/avatar\/f91dfe5410d5dcb1a576bf8c45983896.jpg?ver=1777571230","url":"https:\/\/zeromagazine.mx\/wp-content\/litespeed\/avatar\/f91dfe5410d5dcb1a576bf8c45983896.jpg?ver=1777571230","contentUrl":"https:\/\/zeromagazine.mx\/wp-content\/litespeed\/avatar\/f91dfe5410d5dcb1a576bf8c45983896.jpg?ver=1777571230","caption":"zeromagazinemx"},"url":"https:\/\/zeromagazine.mx\/index.php\/author\/zeromagazinemx\/"}]}},"jetpack_publicize_connections":[],"jetpack_featured_media_url":"https:\/\/i0.wp.com\/zeromagazine.mx\/wp-content\/uploads\/2024\/04\/unnamed-1.jpg?fit=1920%2C1509&ssl=1","jetpack-related-posts":[{"id":86684,"url":"https:\/\/zeromagazine.mx\/index.php\/2024\/10\/15\/gana-entradas-para-bresh\/","url_meta":{"origin":73052,"position":0},"title":"\u00a1Gana Entradas para Bresh!","author":"David Morales","date":"15 de octubre de 2024","format":false,"excerpt":"\u00a1Atenci\u00f3n, Zero Lovers! \ud83d\udea8\u2728 Tenemos 5 pases dobles para la fiesta m\u00e1s \u00e9pica del momento: BRESH en CDMX el 25 de octubre. \ud83c\udf89\ud83d\udca5 \u00bfTe imaginas bailando toda la noche con el mejor ambiente y m\u00fasica? \u00a1Pues esto podr\u00eda ser tuyo! \ud83d\ude0e Para participar y ganarte uno de estos pases, solo\u2026","rel":"","context":"En \u00abEntretenimiento\u00bb","block_context":{"text":"Entretenimiento","link":"https:\/\/zeromagazine.mx\/index.php\/category\/entretenimiento\/"},"img":{"alt_text":"","src":"https:\/\/i0.wp.com\/zeromagazine.mx\/wp-content\/uploads\/2024\/10\/IMG_1904.jpeg?fit=959%2C1200&ssl=1&resize=350%2C200","width":350,"height":200,"srcset":"https:\/\/i0.wp.com\/zeromagazine.mx\/wp-content\/uploads\/2024\/10\/IMG_1904.jpeg?fit=959%2C1200&ssl=1&resize=350%2C200 1x, https:\/\/i0.wp.com\/zeromagazine.mx\/wp-content\/uploads\/2024\/10\/IMG_1904.jpeg?fit=959%2C1200&ssl=1&resize=525%2C300 1.5x, https:\/\/i0.wp.com\/zeromagazine.mx\/wp-content\/uploads\/2024\/10\/IMG_1904.jpeg?fit=959%2C1200&ssl=1&resize=700%2C400 2x"},"classes":[]},{"id":81219,"url":"https:\/\/zeromagazine.mx\/index.php\/2024\/07\/31\/checo-perez-ya-disponible-en-disney\/","url_meta":{"origin":73052,"position":1},"title":"Checo P\u00e9rez: \u00a1Ya Disponible en Disney+!","author":"zeromagazinemx","date":"31 de julio de 2024","format":false,"excerpt":"\u00a1Hey, fans de la F1! Les tengo un bombazo que est\u00e1 rompiendo el internet en el mundo de las series y la F\u00f3rmula 1: este 31 de julio llega a Disney+ una docuserie que no se pueden perder. La serie se llama \u201cCheco P\u00e9rez: \u00a1No te rindas, cabr#n!\u201d, y es\u2026","rel":"","context":"En \u00abEntretenimiento\u00bb","block_context":{"text":"Entretenimiento","link":"https:\/\/zeromagazine.mx\/index.php\/category\/entretenimiento\/"},"img":{"alt_text":"","src":"https:\/\/i0.wp.com\/zeromagazine.mx\/wp-content\/uploads\/2024\/07\/CHECO_PEREZ11-scaled.jpg?fit=1200%2C675&ssl=1&resize=350%2C200","width":350,"height":200,"srcset":"https:\/\/i0.wp.com\/zeromagazine.mx\/wp-content\/uploads\/2024\/07\/CHECO_PEREZ11-scaled.jpg?fit=1200%2C675&ssl=1&resize=350%2C200 1x, https:\/\/i0.wp.com\/zeromagazine.mx\/wp-content\/uploads\/2024\/07\/CHECO_PEREZ11-scaled.jpg?fit=1200%2C675&ssl=1&resize=525%2C300 1.5x, https:\/\/i0.wp.com\/zeromagazine.mx\/wp-content\/uploads\/2024\/07\/CHECO_PEREZ11-scaled.jpg?fit=1200%2C675&ssl=1&resize=700%2C400 2x, https:\/\/i0.wp.com\/zeromagazine.mx\/wp-content\/uploads\/2024\/07\/CHECO_PEREZ11-scaled.jpg?fit=1200%2C675&ssl=1&resize=1050%2C600 3x"},"classes":[]},{"id":97437,"url":"https:\/\/zeromagazine.mx\/index.php\/2025\/02\/24\/marlon-villamil-portada-zero-magazine\/","url_meta":{"origin":73052,"position":2},"title":"Marlon Villamil: una historia de autenticidad y evoluci\u00f3n","author":"David Morales","date":"24 de febrero de 2025","format":false,"excerpt":"Desde sus primeros pasos en redes sociales hasta convertirse en una figura destacada en el mundo digital, Marlon Villamil ha demostrado que la autenticidad es clave para conectar con millones de personas. Su carisma, naturalidad y estilo lo han llevado a explorar diferentes facetas de su carrera, y ahora est\u00e1\u2026","rel":"","context":"En \u00abPortada\u00bb","block_context":{"text":"Portada","link":"https:\/\/zeromagazine.mx\/index.php\/category\/portada\/"},"img":{"alt_text":"","src":"https:\/\/i0.wp.com\/zeromagazine.mx\/wp-content\/uploads\/2025\/02\/IMG_3563-scaled.jpeg?fit=927%2C1200&ssl=1&resize=350%2C200","width":350,"height":200,"srcset":"https:\/\/i0.wp.com\/zeromagazine.mx\/wp-content\/uploads\/2025\/02\/IMG_3563-scaled.jpeg?fit=927%2C1200&ssl=1&resize=350%2C200 1x, https:\/\/i0.wp.com\/zeromagazine.mx\/wp-content\/uploads\/2025\/02\/IMG_3563-scaled.jpeg?fit=927%2C1200&ssl=1&resize=525%2C300 1.5x, https:\/\/i0.wp.com\/zeromagazine.mx\/wp-content\/uploads\/2025\/02\/IMG_3563-scaled.jpeg?fit=927%2C1200&ssl=1&resize=700%2C400 2x"},"classes":[]},{"id":83671,"url":"https:\/\/zeromagazine.mx\/index.php\/2024\/09\/11\/casi-el-paraiso-drama-full-vibes\/","url_meta":{"origin":73052,"position":3},"title":"\u00abCasi el Para\u00edso: Drama Full Vibes\u00bb","author":"zeromagazinemx","date":"11 de septiembre de 2024","format":false,"excerpt":"Si eres fan del cine mexicano y te late el drama con vibes elegantes, la premiere de\u00a0\"Casi el para\u00edso\"\u00a0se llev\u00f3 a cabo el 09 de septiembre en Cin\u00e9polis Plaza Carso se visti\u00f3 de gala con una red carpet llena de estrellas, buena onda, y un ambiente de pura emoci\u00f3n. Desde\u2026","rel":"","context":"En \u00abEntretenimiento\u00bb","block_context":{"text":"Entretenimiento","link":"https:\/\/zeromagazine.mx\/index.php\/category\/entretenimiento\/"},"img":{"alt_text":"","src":"https:\/\/i0.wp.com\/zeromagazine.mx\/wp-content\/uploads\/2024\/09\/tempImageI4UNj3-0000-scaled.jpg?fit=1200%2C802&ssl=1&resize=350%2C200","width":350,"height":200,"srcset":"https:\/\/i0.wp.com\/zeromagazine.mx\/wp-content\/uploads\/2024\/09\/tempImageI4UNj3-0000-scaled.jpg?fit=1200%2C802&ssl=1&resize=350%2C200 1x, https:\/\/i0.wp.com\/zeromagazine.mx\/wp-content\/uploads\/2024\/09\/tempImageI4UNj3-0000-scaled.jpg?fit=1200%2C802&ssl=1&resize=525%2C300 1.5x, https:\/\/i0.wp.com\/zeromagazine.mx\/wp-content\/uploads\/2024\/09\/tempImageI4UNj3-0000-scaled.jpg?fit=1200%2C802&ssl=1&resize=700%2C400 2x, https:\/\/i0.wp.com\/zeromagazine.mx\/wp-content\/uploads\/2024\/09\/tempImageI4UNj3-0000-scaled.jpg?fit=1200%2C802&ssl=1&resize=1050%2C600 3x"},"classes":[]},{"id":77129,"url":"https:\/\/zeromagazine.mx\/index.php\/2024\/06\/04\/descubre-el-secreto-para-una-compra-consciente-guia-practica-de-farfetch-para-productos-sostenibles\/","url_meta":{"origin":73052,"position":4},"title":"Descubre el Secreto para una Compra Consciente: Gu\u00eda Pr\u00e1ctica de FARFETCH para Productos Sostenibles","author":"David Morales","date":"4 de junio de 2024","format":false,"excerpt":"\u00bfYa est\u00e1n listos para hacer una diferencia en este D\u00eda del Medio Ambiente? Farfetch nos trae una gu\u00eda pr\u00e1ctica sobre c\u00f3mo elegir productos sostenibles, y d\u00e9jenme decirles que es justo lo que necesitamos para empezar a cuidar nuestro planeta. Primero que nada, \u00bfqu\u00e9 hace que un producto sea considerado sostenible?\u2026","rel":"","context":"En \u00abBlog\u00bb","block_context":{"text":"Blog","link":"https:\/\/zeromagazine.mx\/index.php\/category\/blog\/"},"img":{"alt_text":"","src":"https:\/\/zeromagazine.mx\/wp-content\/uploads\/2024\/06\/Minimalist-Aesthetic-Summer-Photo-Collage-.avif","width":350,"height":200,"srcset":"https:\/\/zeromagazine.mx\/wp-content\/uploads\/2024\/06\/Minimalist-Aesthetic-Summer-Photo-Collage-.avif 1x, https:\/\/zeromagazine.mx\/wp-content\/uploads\/2024\/06\/Minimalist-Aesthetic-Summer-Photo-Collage-.avif 1.5x, https:\/\/zeromagazine.mx\/wp-content\/uploads\/2024\/06\/Minimalist-Aesthetic-Summer-Photo-Collage-.avif 2x, https:\/\/zeromagazine.mx\/wp-content\/uploads\/2024\/06\/Minimalist-Aesthetic-Summer-Photo-Collage-.avif 3x"},"classes":[]},{"id":56233,"url":"https:\/\/zeromagazine.mx\/index.php\/2021\/10\/19\/zero-magazine-cuida-tu-piel\/","url_meta":{"origin":73052,"position":5},"title":"Zero Magazine cuida tu piel","author":"zeromagazinemx","date":"19 de octubre de 2021","format":false,"excerpt":"","rel":"","context":"En \u00abBienestar\u00bb","block_context":{"text":"Bienestar","link":"https:\/\/zeromagazine.mx\/index.php\/category\/lifestyle\/bienestar\/"},"img":{"alt_text":"","src":"https:\/\/i0.wp.com\/zeromagazinemx.wpcomstaging.com\/wp-content\/uploads\/2022\/02\/66a46-banaboat.jpg?resize=350%2C200&ssl=1","width":350,"height":200,"srcset":"https:\/\/i0.wp.com\/zeromagazinemx.wpcomstaging.com\/wp-content\/uploads\/2022\/02\/66a46-banaboat.jpg?resize=350%2C200&ssl=1 1x, https:\/\/i0.wp.com\/zeromagazinemx.wpcomstaging.com\/wp-content\/uploads\/2022\/02\/66a46-banaboat.jpg?resize=525%2C300&ssl=1 1.5x, https:\/\/i0.wp.com\/zeromagazinemx.wpcomstaging.com\/wp-content\/uploads\/2022\/02\/66a46-banaboat.jpg?resize=700%2C400&ssl=1 2x"},"classes":[]}],"jetpack_sharing_enabled":true,"builder_content":"","_links":{"self":[{"href":"https:\/\/zeromagazine.mx\/index.php\/wp-json\/wp\/v2\/posts\/73052","targetHints":{"allow":["GET"]}}],"collection":[{"href":"https:\/\/zeromagazine.mx\/index.php\/wp-json\/wp\/v2\/posts"}],"about":[{"href":"https:\/\/zeromagazine.mx\/index.php\/wp-json\/wp\/v2\/types\/post"}],"author":[{"embeddable":true,"href":"https:\/\/zeromagazine.mx\/index.php\/wp-json\/wp\/v2\/users\/2"}],"replies":[{"embeddable":true,"href":"https:\/\/zeromagazine.mx\/index.php\/wp-json\/wp\/v2\/comments?post=73052"}],"version-history":[{"count":3,"href":"https:\/\/zeromagazine.mx\/index.php\/wp-json\/wp\/v2\/posts\/73052\/revisions"}],"predecessor-version":[{"id":73124,"href":"https:\/\/zeromagazine.mx\/index.php\/wp-json\/wp\/v2\/posts\/73052\/revisions\/73124"}],"wp:featuredmedia":[{"embeddable":true,"href":"https:\/\/zeromagazine.mx\/index.php\/wp-json\/wp\/v2\/media\/73057"}],"wp:attachment":[{"href":"https:\/\/zeromagazine.mx\/index.php\/wp-json\/wp\/v2\/media?parent=73052"}],"wp:term":[{"taxonomy":"category","embeddable":true,"href":"https:\/\/zeromagazine.mx\/index.php\/wp-json\/wp\/v2\/categories?post=73052"},{"taxonomy":"post_tag","embeddable":true,"href":"https:\/\/zeromagazine.mx\/index.php\/wp-json\/wp\/v2\/tags?post=73052"}],"curies":[{"name":"wp","href":"https:\/\/api.w.org\/{rel}","templated":true}]}}