{"id":73438,"date":"2024-04-08T18:00:00","date_gmt":"2024-04-08T16:00:00","guid":{"rendered":"https:\/\/zeromagazine.mx\/?p=73438"},"modified":"2024-04-08T17:55:20","modified_gmt":"2024-04-08T15:55:20","slug":"captura-el-eclipse-solar-con-gopro","status":"publish","type":"post","link":"https:\/\/zeromagazine.mx\/index.php\/2024\/04\/08\/captura-el-eclipse-solar-con-gopro\/","title":{"rendered":"Captura el Eclipse Solar con GoPro"},"content":{"rendered":"<p>Hoy 8 de abril se avecina un evento que no podemos perdernos: un eclipse solar total. Y \u00bfqu\u00e9 mejor manera de capturar este espect\u00e1culo celestial que con nuestra confiable GoPro? Los expertos de GoPro nos comparten algunos consejos clave para asegurarnos de que no nos perdamos ni un solo momento de este incre\u00edble evento.<\/p>\n\n\n\n<script async src=\"https:\/\/pagead2.googlesyndication.com\/pagead\/js\/adsbygoogle.js?client=ca-pub-5499304793904745\"\n     crossorigin=\"anonymous\"><\/script>\n<ins class=\"adsbygoogle\"\n     style=\"display:block; text-align:center;\"\n     data-ad-layout=\"in-article\"\n     data-ad-format=\"fluid\"\n     data-ad-client=\"ca-pub-5499304793904745\"\n     data-ad-slot=\"5994863093\"><\/ins>\n<script>\n     (adsbygoogle = window.adsbygoogle || []).push({});\n<\/script>\n\n\n\n<p>Ahora, antes de sumergirnos en los detalles, es importante entender algunos conceptos b\u00e1sicos sobre c\u00f3mo usar nuestra GoPro para este prop\u00f3sito. As\u00ed que, \u00a1vamos a ello!<\/p>\n\n\n\n<script async src=\"https:\/\/pagead2.googlesyndication.com\/pagead\/js\/adsbygoogle.js?client=ca-pub-5499304793904745\"\n     crossorigin=\"anonymous\"><\/script>\n<ins class=\"adsbygoogle\"\n     style=\"display:block; text-align:center;\"\n     data-ad-layout=\"in-article\"\n     data-ad-format=\"fluid\"\n     data-ad-client=\"ca-pub-5499304793904745\"\n     data-ad-slot=\"5994863093\"><\/ins>\n<script>\n     (adsbygoogle = window.adsbygoogle || []).push({});\n<\/script>\n\n\n\n<p>Primero, hablemos del montaje de nuestra GoPro. Necesitar\u00e1s un tr\u00edpode estable para mantener la c\u00e1mara fija durante las casi tres horas de duraci\u00f3n del eclipse. Adem\u00e1s, una bater\u00eda externa te asegurar\u00e1 que la c\u00e1mara est\u00e9 lista para capturar cada momento.<\/p>\n\n\n\n<script async src=\"https:\/\/pagead2.googlesyndication.com\/pagead\/js\/adsbygoogle.js?client=ca-pub-5499304793904745\"\n     crossorigin=\"anonymous\"><\/script>\n<ins class=\"adsbygoogle\"\n     style=\"display:block; text-align:center;\"\n     data-ad-layout=\"in-article\"\n     data-ad-format=\"fluid\"\n     data-ad-client=\"ca-pub-5499304793904745\"\n     data-ad-slot=\"5994863093\"><\/ins>\n<script>\n     (adsbygoogle = window.adsbygoogle || []).push({});\n<\/script>\n\n\n\n<p>Ahora que hemos preparado nuestra GoPro, es hora de encuadrar la toma. Este paso es crucial ya que queremos capturar tanto el eclipse como el entorno que nos rodea. Recomiendo utilizar una aplicaci\u00f3n de seguimiento solar para garantizar que sigamos la trayectoria del sol durante todo el evento.<\/p>\n\n\n<div class=\"wp-block-image\">\n<figure class=\"aligncenter size-large\"><img data-recalc-dims=\"1\" decoding=\"async\" width=\"1024\" height=\"591\" src=\"https:\/\/i0.wp.com\/zeromagazine.mx\/wp-content\/uploads\/2024\/04\/GoPro_News_Solar-eclipse_volta-1024x591.png?resize=1024%2C591&#038;ssl=1\" alt=\"\" class=\"wp-image-73440\" srcset=\"https:\/\/i0.wp.com\/zeromagazine.mx\/wp-content\/uploads\/2024\/04\/GoPro_News_Solar-eclipse_volta.png?resize=1024%2C591&amp;ssl=1 1024w, https:\/\/i0.wp.com\/zeromagazine.mx\/wp-content\/uploads\/2024\/04\/GoPro_News_Solar-eclipse_volta.png?resize=300%2C173&amp;ssl=1 300w, https:\/\/i0.wp.com\/zeromagazine.mx\/wp-content\/uploads\/2024\/04\/GoPro_News_Solar-eclipse_volta.png?resize=768%2C444&amp;ssl=1 768w, https:\/\/i0.wp.com\/zeromagazine.mx\/wp-content\/uploads\/2024\/04\/GoPro_News_Solar-eclipse_volta.png?resize=1536%2C887&amp;ssl=1 1536w, https:\/\/i0.wp.com\/zeromagazine.mx\/wp-content\/uploads\/2024\/04\/GoPro_News_Solar-eclipse_volta.png?w=2036&amp;ssl=1 2036w\" sizes=\"(max-width: 1024px) 100vw, 1024px\" \/><\/figure>\n<\/div>\n\n\n<p><\/p>\n\n\n\n<p>Y por \u00faltimo, pero no menos importante, es momento de ajustar la configuraci\u00f3n de nuestra GoPro. Para un eclipse solar, te recomiendo utilizar el modo de video con secuencia nocturna y configurar la resoluci\u00f3n a 5.3K. Esto garantizar\u00e1 que captures cada detalle del eclipse de manera espectacular.<\/p>\n\n\n\n<script async src=\"https:\/\/pagead2.googlesyndication.com\/pagead\/js\/adsbygoogle.js?client=ca-pub-5499304793904745\"\n     crossorigin=\"anonymous\"><\/script>\n<ins class=\"adsbygoogle\"\n     style=\"display:block; text-align:center;\"\n     data-ad-layout=\"in-article\"\n     data-ad-format=\"fluid\"\n     data-ad-client=\"ca-pub-5499304793904745\"\n     data-ad-slot=\"5994863093\"><\/ins>\n<script>\n     (adsbygoogle = window.adsbygoogle || []).push({});\n<\/script>\n\n\n\n<p>Si est\u00e1s buscando llevar tus habilidades al siguiente nivel, considera utilizar GoPro Labs. Este programa te permite ajustar la configuraci\u00f3n de tu GoPro de manera m\u00e1s espec\u00edfica, lo que te ayudar\u00e1 a obtener resultados a\u00fan m\u00e1s profesionales.<\/p>\n\n\n\n<script async src=\"https:\/\/pagead2.googlesyndication.com\/pagead\/js\/adsbygoogle.js?client=ca-pub-5499304793904745\"\n     crossorigin=\"anonymous\"><\/script>\n<ins class=\"adsbygoogle\"\n     style=\"display:block; text-align:center;\"\n     data-ad-layout=\"in-article\"\n     data-ad-format=\"fluid\"\n     data-ad-client=\"ca-pub-5499304793904745\"\n     data-ad-slot=\"5994863093\"><\/ins>\n<script>\n     (adsbygoogle = window.adsbygoogle || []).push({});\n<\/script>\n\n\n\n<p>\u00a1Ahora est\u00e1s listo para capturar el eclipse solar como un verdadero profesional! No olvides compartir tus tomas en GoPro Awards para tener la oportunidad de ganar incre\u00edbles recompensas en efectivo. Y mientras est\u00e1s en ello, \u00e9chale un vistazo al desaf\u00edo de fotos del D\u00eda de la Tierra.<\/p>\n\n\n\n<p>\u00a1As\u00ed que prep\u00e1rate para disfrutar de este impresionante evento celestial y capturarlo todo con tu GoPro!<\/p>\n\n<!--themify_builder_content-->\n<div id=\"themify_builder_content-73438\" data-postid=\"73438\" class=\"themify_builder_content themify_builder_content-73438 themify_builder tf_clear\">\n    <\/div>\n<!--\/themify_builder_content-->","protected":false},"excerpt":{"rendered":"<p>Hoy 8 de abril se avecina un evento que no podemos perdernos: un eclipse solar total. Y \u00bfqu\u00e9 mejor manera de capturar este espect\u00e1culo celestial que con nuestra confiable GoPro? Los expertos de GoPro nos comparten algunos consejos clave para asegurarnos de que no nos perdamos ni un solo momento de este incre\u00edble evento. Ahora, [&hellip;]<\/p>\n","protected":false},"author":2,"featured_media":73439,"comment_status":"open","ping_status":"open","sticky":false,"template":"","format":"standard","meta":{"_jetpack_memberships_contains_paid_content":false,"footnotes":"","jetpack_publicize_message":"","jetpack_publicize_feature_enabled":true,"jetpack_social_post_already_shared":true,"jetpack_social_options":{"image_generator_settings":{"template":"highway","default_image_id":0,"font":"","enabled":false},"version":2}},"categories":[168],"tags":[7576,7575,7406],"class_list":["post-73438","post","type-post","status-publish","format-standard","has-post-thumbnail","hentry","category-gadgets","tag-dia-de-la-tierra","tag-eclipse","tag-gopro","has-post-title","has-post-date","has-post-category","has-post-tag","has-post-comment","has-post-author",""],"yoast_head":"<!-- This site is optimized with the Yoast SEO plugin v27.5 - https:\/\/yoast.com\/product\/yoast-seo-wordpress\/ -->\n<title>Captura el Eclipse Solar con GoPro - Zero Magazine<\/title>\n<meta name=\"robots\" content=\"index, follow, max-snippet:-1, max-image-preview:large, max-video-preview:-1\" \/>\n<link rel=\"canonical\" href=\"https:\/\/zeromagazine.mx\/index.php\/2024\/04\/08\/captura-el-eclipse-solar-con-gopro\/\" \/>\n<meta property=\"og:locale\" content=\"es_ES\" \/>\n<meta property=\"og:type\" content=\"article\" \/>\n<meta property=\"og:title\" content=\"Captura el Eclipse Solar con GoPro - Zero Magazine\" \/>\n<meta property=\"og:description\" content=\"Hoy 8 de abril se avecina un evento que no podemos perdernos: un eclipse solar total. Y \u00bfqu\u00e9 mejor manera de capturar este espect\u00e1culo celestial que con nuestra confiable GoPro? Los expertos de GoPro nos comparten algunos consejos clave para asegurarnos de que no nos perdamos ni un solo momento de este incre\u00edble evento. Ahora, [&hellip;]\" \/>\n<meta property=\"og:url\" content=\"https:\/\/zeromagazine.mx\/index.php\/2024\/04\/08\/captura-el-eclipse-solar-con-gopro\/\" \/>\n<meta property=\"og:site_name\" content=\"Zero Magazine\" \/>\n<meta property=\"article:published_time\" content=\"2024-04-08T16:00:00+00:00\" \/>\n<meta property=\"og:image\" content=\"https:\/\/i0.wp.com\/zeromagazine.mx\/wp-content\/uploads\/2024\/04\/GoPro_news_Solar-Eclipse_2.webp?fit=2036%2C1527&ssl=1\" \/>\n\t<meta property=\"og:image:width\" content=\"2036\" \/>\n\t<meta property=\"og:image:height\" content=\"1527\" \/>\n\t<meta property=\"og:image:type\" content=\"image\/webp\" \/>\n<meta name=\"author\" content=\"zeromagazinemx\" \/>\n<meta name=\"twitter:card\" content=\"summary_large_image\" \/>\n<meta name=\"twitter:label1\" content=\"Escrito por\" \/>\n\t<meta name=\"twitter:data1\" content=\"zeromagazinemx\" \/>\n\t<meta name=\"twitter:label2\" content=\"Tiempo de lectura\" \/>\n\t<meta name=\"twitter:data2\" content=\"2 minutos\" \/>\n<script type=\"application\/ld+json\" class=\"yoast-schema-graph\">{\"@context\":\"https:\\\/\\\/schema.org\",\"@graph\":[{\"@type\":\"Article\",\"@id\":\"https:\\\/\\\/zeromagazine.mx\\\/index.php\\\/2024\\\/04\\\/08\\\/captura-el-eclipse-solar-con-gopro\\\/#article\",\"isPartOf\":{\"@id\":\"https:\\\/\\\/zeromagazine.mx\\\/index.php\\\/2024\\\/04\\\/08\\\/captura-el-eclipse-solar-con-gopro\\\/\"},\"author\":{\"name\":\"zeromagazinemx\",\"@id\":\"https:\\\/\\\/zeromagazine.mx\\\/#\\\/schema\\\/person\\\/9aed9f33a7c39af3a348b86d723f7773\"},\"headline\":\"Captura el Eclipse Solar con GoPro\",\"datePublished\":\"2024-04-08T16:00:00+00:00\",\"mainEntityOfPage\":{\"@id\":\"https:\\\/\\\/zeromagazine.mx\\\/index.php\\\/2024\\\/04\\\/08\\\/captura-el-eclipse-solar-con-gopro\\\/\"},\"wordCount\":347,\"commentCount\":0,\"publisher\":{\"@id\":\"https:\\\/\\\/zeromagazine.mx\\\/#organization\"},\"image\":{\"@id\":\"https:\\\/\\\/zeromagazine.mx\\\/index.php\\\/2024\\\/04\\\/08\\\/captura-el-eclipse-solar-con-gopro\\\/#primaryimage\"},\"thumbnailUrl\":\"https:\\\/\\\/i0.wp.com\\\/zeromagazine.mx\\\/wp-content\\\/uploads\\\/2024\\\/04\\\/GoPro_news_Solar-Eclipse_2.webp?fit=2036%2C1527&ssl=1\",\"keywords\":[\"D\u00eda de la Tierra\",\"Eclipse\",\"GoPro\"],\"articleSection\":[\"Gadgets\"],\"inLanguage\":\"es\",\"potentialAction\":[{\"@type\":\"CommentAction\",\"name\":\"Comment\",\"target\":[\"https:\\\/\\\/zeromagazine.mx\\\/index.php\\\/2024\\\/04\\\/08\\\/captura-el-eclipse-solar-con-gopro\\\/#respond\"]}]},{\"@type\":\"WebPage\",\"@id\":\"https:\\\/\\\/zeromagazine.mx\\\/index.php\\\/2024\\\/04\\\/08\\\/captura-el-eclipse-solar-con-gopro\\\/\",\"url\":\"https:\\\/\\\/zeromagazine.mx\\\/index.php\\\/2024\\\/04\\\/08\\\/captura-el-eclipse-solar-con-gopro\\\/\",\"name\":\"Captura el Eclipse Solar con GoPro - Zero Magazine\",\"isPartOf\":{\"@id\":\"https:\\\/\\\/zeromagazine.mx\\\/#website\"},\"primaryImageOfPage\":{\"@id\":\"https:\\\/\\\/zeromagazine.mx\\\/index.php\\\/2024\\\/04\\\/08\\\/captura-el-eclipse-solar-con-gopro\\\/#primaryimage\"},\"image\":{\"@id\":\"https:\\\/\\\/zeromagazine.mx\\\/index.php\\\/2024\\\/04\\\/08\\\/captura-el-eclipse-solar-con-gopro\\\/#primaryimage\"},\"thumbnailUrl\":\"https:\\\/\\\/i0.wp.com\\\/zeromagazine.mx\\\/wp-content\\\/uploads\\\/2024\\\/04\\\/GoPro_news_Solar-Eclipse_2.webp?fit=2036%2C1527&ssl=1\",\"datePublished\":\"2024-04-08T16:00:00+00:00\",\"breadcrumb\":{\"@id\":\"https:\\\/\\\/zeromagazine.mx\\\/index.php\\\/2024\\\/04\\\/08\\\/captura-el-eclipse-solar-con-gopro\\\/#breadcrumb\"},\"inLanguage\":\"es\",\"potentialAction\":[{\"@type\":\"ReadAction\",\"target\":[\"https:\\\/\\\/zeromagazine.mx\\\/index.php\\\/2024\\\/04\\\/08\\\/captura-el-eclipse-solar-con-gopro\\\/\"]}]},{\"@type\":\"ImageObject\",\"inLanguage\":\"es\",\"@id\":\"https:\\\/\\\/zeromagazine.mx\\\/index.php\\\/2024\\\/04\\\/08\\\/captura-el-eclipse-solar-con-gopro\\\/#primaryimage\",\"url\":\"https:\\\/\\\/i0.wp.com\\\/zeromagazine.mx\\\/wp-content\\\/uploads\\\/2024\\\/04\\\/GoPro_news_Solar-Eclipse_2.webp?fit=2036%2C1527&ssl=1\",\"contentUrl\":\"https:\\\/\\\/i0.wp.com\\\/zeromagazine.mx\\\/wp-content\\\/uploads\\\/2024\\\/04\\\/GoPro_news_Solar-Eclipse_2.webp?fit=2036%2C1527&ssl=1\",\"width\":2036,\"height\":1527},{\"@type\":\"BreadcrumbList\",\"@id\":\"https:\\\/\\\/zeromagazine.mx\\\/index.php\\\/2024\\\/04\\\/08\\\/captura-el-eclipse-solar-con-gopro\\\/#breadcrumb\",\"itemListElement\":[{\"@type\":\"ListItem\",\"position\":1,\"name\":\"Portada\",\"item\":\"https:\\\/\\\/zeromagazine.mx\\\/\"},{\"@type\":\"ListItem\",\"position\":2,\"name\":\"Captura el Eclipse Solar con GoPro\"}]},{\"@type\":\"WebSite\",\"@id\":\"https:\\\/\\\/zeromagazine.mx\\\/#website\",\"url\":\"https:\\\/\\\/zeromagazine.mx\\\/\",\"name\":\"Zero Magazine\",\"description\":\"\",\"publisher\":{\"@id\":\"https:\\\/\\\/zeromagazine.mx\\\/#organization\"},\"potentialAction\":[{\"@type\":\"SearchAction\",\"target\":{\"@type\":\"EntryPoint\",\"urlTemplate\":\"https:\\\/\\\/zeromagazine.mx\\\/?s={search_term_string}\"},\"query-input\":{\"@type\":\"PropertyValueSpecification\",\"valueRequired\":true,\"valueName\":\"search_term_string\"}}],\"inLanguage\":\"es\"},{\"@type\":\"Organization\",\"@id\":\"https:\\\/\\\/zeromagazine.mx\\\/#organization\",\"name\":\"Zero Magazine\",\"url\":\"https:\\\/\\\/zeromagazine.mx\\\/\",\"logo\":{\"@type\":\"ImageObject\",\"inLanguage\":\"es\",\"@id\":\"https:\\\/\\\/zeromagazine.mx\\\/#\\\/schema\\\/logo\\\/image\\\/\",\"url\":\"https:\\\/\\\/i0.wp.com\\\/zeromagazine.mx\\\/wp-content\\\/uploads\\\/2025\\\/11\\\/1.jpeg?fit=1000%2C1000&ssl=1\",\"contentUrl\":\"https:\\\/\\\/i0.wp.com\\\/zeromagazine.mx\\\/wp-content\\\/uploads\\\/2025\\\/11\\\/1.jpeg?fit=1000%2C1000&ssl=1\",\"width\":1000,\"height\":1000,\"caption\":\"Zero Magazine\"},\"image\":{\"@id\":\"https:\\\/\\\/zeromagazine.mx\\\/#\\\/schema\\\/logo\\\/image\\\/\"},\"sameAs\":[\"https:\\\/\\\/instagram.com\\\/zeromagazinemx\"]},{\"@type\":\"Person\",\"@id\":\"https:\\\/\\\/zeromagazine.mx\\\/#\\\/schema\\\/person\\\/9aed9f33a7c39af3a348b86d723f7773\",\"name\":\"zeromagazinemx\",\"image\":{\"@type\":\"ImageObject\",\"inLanguage\":\"es\",\"@id\":\"https:\\\/\\\/zeromagazine.mx\\\/wp-content\\\/litespeed\\\/avatar\\\/f91dfe5410d5dcb1a576bf8c45983896.jpg?ver=1777571230\",\"url\":\"https:\\\/\\\/zeromagazine.mx\\\/wp-content\\\/litespeed\\\/avatar\\\/f91dfe5410d5dcb1a576bf8c45983896.jpg?ver=1777571230\",\"contentUrl\":\"https:\\\/\\\/zeromagazine.mx\\\/wp-content\\\/litespeed\\\/avatar\\\/f91dfe5410d5dcb1a576bf8c45983896.jpg?ver=1777571230\",\"caption\":\"zeromagazinemx\"},\"url\":\"https:\\\/\\\/zeromagazine.mx\\\/index.php\\\/author\\\/zeromagazinemx\\\/\"}]}<\/script>\n<!-- \/ Yoast SEO plugin. -->","yoast_head_json":{"title":"Captura el Eclipse Solar con GoPro - Zero Magazine","robots":{"index":"index","follow":"follow","max-snippet":"max-snippet:-1","max-image-preview":"max-image-preview:large","max-video-preview":"max-video-preview:-1"},"canonical":"https:\/\/zeromagazine.mx\/index.php\/2024\/04\/08\/captura-el-eclipse-solar-con-gopro\/","og_locale":"es_ES","og_type":"article","og_title":"Captura el Eclipse Solar con GoPro - Zero Magazine","og_description":"Hoy 8 de abril se avecina un evento que no podemos perdernos: un eclipse solar total. Y \u00bfqu\u00e9 mejor manera de capturar este espect\u00e1culo celestial que con nuestra confiable GoPro? Los expertos de GoPro nos comparten algunos consejos clave para asegurarnos de que no nos perdamos ni un solo momento de este incre\u00edble evento. Ahora, [&hellip;]","og_url":"https:\/\/zeromagazine.mx\/index.php\/2024\/04\/08\/captura-el-eclipse-solar-con-gopro\/","og_site_name":"Zero Magazine","article_published_time":"2024-04-08T16:00:00+00:00","og_image":[{"width":2036,"height":1527,"url":"https:\/\/i0.wp.com\/zeromagazine.mx\/wp-content\/uploads\/2024\/04\/GoPro_news_Solar-Eclipse_2.webp?fit=2036%2C1527&ssl=1","type":"image\/webp"}],"author":"zeromagazinemx","twitter_card":"summary_large_image","twitter_misc":{"Escrito por":"zeromagazinemx","Tiempo de lectura":"2 minutos"},"schema":{"@context":"https:\/\/schema.org","@graph":[{"@type":"Article","@id":"https:\/\/zeromagazine.mx\/index.php\/2024\/04\/08\/captura-el-eclipse-solar-con-gopro\/#article","isPartOf":{"@id":"https:\/\/zeromagazine.mx\/index.php\/2024\/04\/08\/captura-el-eclipse-solar-con-gopro\/"},"author":{"name":"zeromagazinemx","@id":"https:\/\/zeromagazine.mx\/#\/schema\/person\/9aed9f33a7c39af3a348b86d723f7773"},"headline":"Captura el Eclipse Solar con GoPro","datePublished":"2024-04-08T16:00:00+00:00","mainEntityOfPage":{"@id":"https:\/\/zeromagazine.mx\/index.php\/2024\/04\/08\/captura-el-eclipse-solar-con-gopro\/"},"wordCount":347,"commentCount":0,"publisher":{"@id":"https:\/\/zeromagazine.mx\/#organization"},"image":{"@id":"https:\/\/zeromagazine.mx\/index.php\/2024\/04\/08\/captura-el-eclipse-solar-con-gopro\/#primaryimage"},"thumbnailUrl":"https:\/\/i0.wp.com\/zeromagazine.mx\/wp-content\/uploads\/2024\/04\/GoPro_news_Solar-Eclipse_2.webp?fit=2036%2C1527&ssl=1","keywords":["D\u00eda de la Tierra","Eclipse","GoPro"],"articleSection":["Gadgets"],"inLanguage":"es","potentialAction":[{"@type":"CommentAction","name":"Comment","target":["https:\/\/zeromagazine.mx\/index.php\/2024\/04\/08\/captura-el-eclipse-solar-con-gopro\/#respond"]}]},{"@type":"WebPage","@id":"https:\/\/zeromagazine.mx\/index.php\/2024\/04\/08\/captura-el-eclipse-solar-con-gopro\/","url":"https:\/\/zeromagazine.mx\/index.php\/2024\/04\/08\/captura-el-eclipse-solar-con-gopro\/","name":"Captura el Eclipse Solar con GoPro - Zero Magazine","isPartOf":{"@id":"https:\/\/zeromagazine.mx\/#website"},"primaryImageOfPage":{"@id":"https:\/\/zeromagazine.mx\/index.php\/2024\/04\/08\/captura-el-eclipse-solar-con-gopro\/#primaryimage"},"image":{"@id":"https:\/\/zeromagazine.mx\/index.php\/2024\/04\/08\/captura-el-eclipse-solar-con-gopro\/#primaryimage"},"thumbnailUrl":"https:\/\/i0.wp.com\/zeromagazine.mx\/wp-content\/uploads\/2024\/04\/GoPro_news_Solar-Eclipse_2.webp?fit=2036%2C1527&ssl=1","datePublished":"2024-04-08T16:00:00+00:00","breadcrumb":{"@id":"https:\/\/zeromagazine.mx\/index.php\/2024\/04\/08\/captura-el-eclipse-solar-con-gopro\/#breadcrumb"},"inLanguage":"es","potentialAction":[{"@type":"ReadAction","target":["https:\/\/zeromagazine.mx\/index.php\/2024\/04\/08\/captura-el-eclipse-solar-con-gopro\/"]}]},{"@type":"ImageObject","inLanguage":"es","@id":"https:\/\/zeromagazine.mx\/index.php\/2024\/04\/08\/captura-el-eclipse-solar-con-gopro\/#primaryimage","url":"https:\/\/i0.wp.com\/zeromagazine.mx\/wp-content\/uploads\/2024\/04\/GoPro_news_Solar-Eclipse_2.webp?fit=2036%2C1527&ssl=1","contentUrl":"https:\/\/i0.wp.com\/zeromagazine.mx\/wp-content\/uploads\/2024\/04\/GoPro_news_Solar-Eclipse_2.webp?fit=2036%2C1527&ssl=1","width":2036,"height":1527},{"@type":"BreadcrumbList","@id":"https:\/\/zeromagazine.mx\/index.php\/2024\/04\/08\/captura-el-eclipse-solar-con-gopro\/#breadcrumb","itemListElement":[{"@type":"ListItem","position":1,"name":"Portada","item":"https:\/\/zeromagazine.mx\/"},{"@type":"ListItem","position":2,"name":"Captura el Eclipse Solar con GoPro"}]},{"@type":"WebSite","@id":"https:\/\/zeromagazine.mx\/#website","url":"https:\/\/zeromagazine.mx\/","name":"Zero Magazine","description":"","publisher":{"@id":"https:\/\/zeromagazine.mx\/#organization"},"potentialAction":[{"@type":"SearchAction","target":{"@type":"EntryPoint","urlTemplate":"https:\/\/zeromagazine.mx\/?s={search_term_string}"},"query-input":{"@type":"PropertyValueSpecification","valueRequired":true,"valueName":"search_term_string"}}],"inLanguage":"es"},{"@type":"Organization","@id":"https:\/\/zeromagazine.mx\/#organization","name":"Zero Magazine","url":"https:\/\/zeromagazine.mx\/","logo":{"@type":"ImageObject","inLanguage":"es","@id":"https:\/\/zeromagazine.mx\/#\/schema\/logo\/image\/","url":"https:\/\/i0.wp.com\/zeromagazine.mx\/wp-content\/uploads\/2025\/11\/1.jpeg?fit=1000%2C1000&ssl=1","contentUrl":"https:\/\/i0.wp.com\/zeromagazine.mx\/wp-content\/uploads\/2025\/11\/1.jpeg?fit=1000%2C1000&ssl=1","width":1000,"height":1000,"caption":"Zero Magazine"},"image":{"@id":"https:\/\/zeromagazine.mx\/#\/schema\/logo\/image\/"},"sameAs":["https:\/\/instagram.com\/zeromagazinemx"]},{"@type":"Person","@id":"https:\/\/zeromagazine.mx\/#\/schema\/person\/9aed9f33a7c39af3a348b86d723f7773","name":"zeromagazinemx","image":{"@type":"ImageObject","inLanguage":"es","@id":"https:\/\/zeromagazine.mx\/wp-content\/litespeed\/avatar\/f91dfe5410d5dcb1a576bf8c45983896.jpg?ver=1777571230","url":"https:\/\/zeromagazine.mx\/wp-content\/litespeed\/avatar\/f91dfe5410d5dcb1a576bf8c45983896.jpg?ver=1777571230","contentUrl":"https:\/\/zeromagazine.mx\/wp-content\/litespeed\/avatar\/f91dfe5410d5dcb1a576bf8c45983896.jpg?ver=1777571230","caption":"zeromagazinemx"},"url":"https:\/\/zeromagazine.mx\/index.php\/author\/zeromagazinemx\/"}]}},"jetpack_publicize_connections":[],"jetpack_featured_media_url":"https:\/\/i0.wp.com\/zeromagazine.mx\/wp-content\/uploads\/2024\/04\/GoPro_news_Solar-Eclipse_2.webp?fit=2036%2C1527&ssl=1","jetpack-related-posts":[{"id":105211,"url":"https:\/\/zeromagazine.mx\/index.php\/2025\/05\/26\/hot-sale-gopro-y-su-calidad-para-capturar-momentos\/","url_meta":{"origin":73438,"position":0},"title":"Hot Sale GoPro &amp; Su Calidad Para Capturar Momentos","author":"David Morales","date":"26 de mayo de 2025","format":false,"excerpt":"Amix, si andas en mood de upgrade y te urge documentar cada segundo de tus d\u00edas con la mejor calidad, este es tu momento; porque Hot Sale GoPro est\u00e1 on fire, pues te trae los equipos m\u00e1s pro para que captures tus aventuras sin miedo al \u00e9xito y sin miedo\u2026","rel":"","context":"En \u00abTech\u00bb","block_context":{"text":"Tech","link":"https:\/\/zeromagazine.mx\/index.php\/category\/tech\/"},"img":{"alt_text":"","src":"https:\/\/i0.wp.com\/zeromagazine.mx\/wp-content\/uploads\/2025\/05\/unnamed-1-3.png?fit=1200%2C1200&ssl=1&resize=350%2C200","width":350,"height":200,"srcset":"https:\/\/i0.wp.com\/zeromagazine.mx\/wp-content\/uploads\/2025\/05\/unnamed-1-3.png?fit=1200%2C1200&ssl=1&resize=350%2C200 1x, https:\/\/i0.wp.com\/zeromagazine.mx\/wp-content\/uploads\/2025\/05\/unnamed-1-3.png?fit=1200%2C1200&ssl=1&resize=525%2C300 1.5x, https:\/\/i0.wp.com\/zeromagazine.mx\/wp-content\/uploads\/2025\/05\/unnamed-1-3.png?fit=1200%2C1200&ssl=1&resize=700%2C400 2x, https:\/\/i0.wp.com\/zeromagazine.mx\/wp-content\/uploads\/2025\/05\/unnamed-1-3.png?fit=1200%2C1200&ssl=1&resize=1050%2C600 3x"},"classes":[]},{"id":116728,"url":"https:\/\/zeromagazine.mx\/index.php\/2026\/03\/13\/asus-proart-gopro\/","url_meta":{"origin":73438,"position":1},"title":"Llega a M\u00e9xico la nueva ASUS ProArt GoPro Edition en colaboraci\u00f3n con GoPro","author":"David Morales","date":"13 de marzo de 2026","format":false,"excerpt":"La\u00a0ASUS ProArt GoPro Edition\u00a0ya est\u00e1 en M\u00e9xico y no es una laptop cualquiera. Esta colaboraci\u00f3n entre\u00a0ASUS\u00a0y\u00a0GoPro\u00a0mezcla potencia, portabilidad y herramientas pensadas para creadores que editan, graban y producen contenido todo el tiempo. Presentada en elCES 2026, esta edici\u00f3n limitada llega con funciones exclusivas, integraci\u00f3n con la nube y un dise\u00f1o\u2026","rel":"","context":"En \u00abBlog\u00bb","block_context":{"text":"Blog","link":"https:\/\/zeromagazine.mx\/index.php\/category\/blog\/"},"img":{"alt_text":"Laptop ASUS ProArt GoPro Edition con pantalla OLED y dise\u00f1o convertible para creadores de contenido","src":"https:\/\/i0.wp.com\/zeromagazine.mx\/wp-content\/uploads\/2026\/03\/ProArt-GoPro-Edition_03.jpeg?fit=801%2C448&ssl=1&resize=350%2C200","width":350,"height":200,"srcset":"https:\/\/i0.wp.com\/zeromagazine.mx\/wp-content\/uploads\/2026\/03\/ProArt-GoPro-Edition_03.jpeg?fit=801%2C448&ssl=1&resize=350%2C200 1x, https:\/\/i0.wp.com\/zeromagazine.mx\/wp-content\/uploads\/2026\/03\/ProArt-GoPro-Edition_03.jpeg?fit=801%2C448&ssl=1&resize=525%2C300 1.5x, https:\/\/i0.wp.com\/zeromagazine.mx\/wp-content\/uploads\/2026\/03\/ProArt-GoPro-Edition_03.jpeg?fit=801%2C448&ssl=1&resize=700%2C400 2x"},"classes":[]},{"id":82076,"url":"https:\/\/zeromagazine.mx\/index.php\/2024\/08\/19\/gopro-captura-tus-moments-mas-fun\/","url_meta":{"origin":73438,"position":2},"title":"GoPro: \u00a1Captura Tus Moments M\u00e1s Fun!","author":"zeromagazinemx","date":"19 de agosto de 2024","format":false,"excerpt":"Hoy, en el D\u00eda de la Fotograf\u00eda, vamos a explorar una marca que ha sido clave para capturar nuestros momentos m\u00e1s \u00e9picos: GoPro. Si alguna vez has querido grabar tus aventuras en video o foto, GoPro es la herramienta perfecta. Prep\u00e1rate para conocer la historia de esta marca y c\u00f3mo\u2026","rel":"","context":"En \u00abTech\u00bb","block_context":{"text":"Tech","link":"https:\/\/zeromagazine.mx\/index.php\/category\/tech\/"},"img":{"alt_text":"","src":"https:\/\/i0.wp.com\/zeromagazine.mx\/wp-content\/uploads\/2024\/08\/GoPro.jpeg?fit=650%2C508&ssl=1&resize=350%2C200","width":350,"height":200,"srcset":"https:\/\/i0.wp.com\/zeromagazine.mx\/wp-content\/uploads\/2024\/08\/GoPro.jpeg?fit=650%2C508&ssl=1&resize=350%2C200 1x, https:\/\/i0.wp.com\/zeromagazine.mx\/wp-content\/uploads\/2024\/08\/GoPro.jpeg?fit=650%2C508&ssl=1&resize=525%2C300 1.5x"},"classes":[]},{"id":87054,"url":"https:\/\/zeromagazine.mx\/index.php\/2024\/10\/16\/gopro-hero-tu-mejor-aliada\/","url_meta":{"origin":73438,"position":3},"title":"GoPro HERO: Tu mejor aliada para cualquier aventura","author":"David Morales","date":"16 de octubre de 2024","format":false,"excerpt":"\u00bfHas estado pensando en comprarte una GoPro pero no te decid\u00edas? Bueno, lleg\u00f3 el momento, amix. La GoPro HERO no solo tiene un precio incre\u00edble, tambi\u00e9n es perfecta para todo tipo de plan. No importa si eres amante de lo extremo o solo quieres documentar tus d\u00edas, esta c\u00e1mara tiene\u2026","rel":"","context":"En \u00abTech\u00bb","block_context":{"text":"Tech","link":"https:\/\/zeromagazine.mx\/index.php\/category\/tech\/"},"img":{"alt_text":"","src":"https:\/\/i0.wp.com\/zeromagazine.mx\/wp-content\/uploads\/2024\/10\/IMG_1923.png?fit=1200%2C783&ssl=1&resize=350%2C200","width":350,"height":200,"srcset":"https:\/\/i0.wp.com\/zeromagazine.mx\/wp-content\/uploads\/2024\/10\/IMG_1923.png?fit=1200%2C783&ssl=1&resize=350%2C200 1x, https:\/\/i0.wp.com\/zeromagazine.mx\/wp-content\/uploads\/2024\/10\/IMG_1923.png?fit=1200%2C783&ssl=1&resize=525%2C300 1.5x, https:\/\/i0.wp.com\/zeromagazine.mx\/wp-content\/uploads\/2024\/10\/IMG_1923.png?fit=1200%2C783&ssl=1&resize=700%2C400 2x, https:\/\/i0.wp.com\/zeromagazine.mx\/wp-content\/uploads\/2024\/10\/IMG_1923.png?fit=1200%2C783&ssl=1&resize=1050%2C600 3x"},"classes":[]},{"id":90262,"url":"https:\/\/zeromagazine.mx\/index.php\/2024\/11\/12\/super-pomo-gopro-hero-a-3799\/","url_meta":{"origin":73438,"position":4},"title":"S\u00faper Pomo: GoPro HERO a $3,799","author":"zeromagazinemx","date":"12 de noviembre de 2024","format":false,"excerpt":"\u00a1Ya no tienes que esperar hasta el Buen Fin para conseguir la GoPro HERO a un precio de locura! Si siempre has querido grabar tus aventuras m\u00e1s \u00e9picas con calidad top sin preocuparte por nada, este es tu momento. GoPro lo sabe, por eso, del 8 al 18 de noviembre\u2026","rel":"","context":"En \u00abTech\u00bb","block_context":{"text":"Tech","link":"https:\/\/zeromagazine.mx\/index.php\/category\/tech\/"},"img":{"alt_text":"","src":"https:\/\/i0.wp.com\/zeromagazine.mx\/wp-content\/uploads\/2024\/11\/unnamed-18.png?fit=1080%2C1080&ssl=1&resize=350%2C200","width":350,"height":200,"srcset":"https:\/\/i0.wp.com\/zeromagazine.mx\/wp-content\/uploads\/2024\/11\/unnamed-18.png?fit=1080%2C1080&ssl=1&resize=350%2C200 1x, https:\/\/i0.wp.com\/zeromagazine.mx\/wp-content\/uploads\/2024\/11\/unnamed-18.png?fit=1080%2C1080&ssl=1&resize=525%2C300 1.5x, https:\/\/i0.wp.com\/zeromagazine.mx\/wp-content\/uploads\/2024\/11\/unnamed-18.png?fit=1080%2C1080&ssl=1&resize=700%2C400 2x, https:\/\/i0.wp.com\/zeromagazine.mx\/wp-content\/uploads\/2024\/11\/unnamed-18.png?fit=1080%2C1080&ssl=1&resize=1050%2C600 3x"},"classes":[]},{"id":100596,"url":"https:\/\/zeromagazine.mx\/index.php\/2025\/03\/04\/aventura-sin-limite\/","url_meta":{"origin":73438,"position":5},"title":"Aventura Sin L\u00edmite","author":"David Morales","date":"4 de marzo de 2025","format":false,"excerpt":"Amix, \u00bfubican esas campa\u00f1as que s\u00ed se rifan y no son puro filtro? Pues Nissan y GoPro se juntaron para mostrar lo que es ser PRO de verdad. No se trata de posar en un desierto para la foto, sino de llevar las cosas al l\u00edmite y grabarlo todo. Con\u2026","rel":"","context":"En \u00abTech\u00bb","block_context":{"text":"Tech","link":"https:\/\/zeromagazine.mx\/index.php\/category\/tech\/"},"img":{"alt_text":"","src":"https:\/\/i0.wp.com\/zeromagazine.mx\/wp-content\/uploads\/2025\/04\/preview-928x522-1.jpg?fit=928%2C522&ssl=1&resize=350%2C200","width":350,"height":200,"srcset":"https:\/\/i0.wp.com\/zeromagazine.mx\/wp-content\/uploads\/2025\/04\/preview-928x522-1.jpg?fit=928%2C522&ssl=1&resize=350%2C200 1x, https:\/\/i0.wp.com\/zeromagazine.mx\/wp-content\/uploads\/2025\/04\/preview-928x522-1.jpg?fit=928%2C522&ssl=1&resize=525%2C300 1.5x, https:\/\/i0.wp.com\/zeromagazine.mx\/wp-content\/uploads\/2025\/04\/preview-928x522-1.jpg?fit=928%2C522&ssl=1&resize=700%2C400 2x"},"classes":[]}],"jetpack_sharing_enabled":true,"builder_content":"","_links":{"self":[{"href":"https:\/\/zeromagazine.mx\/index.php\/wp-json\/wp\/v2\/posts\/73438","targetHints":{"allow":["GET"]}}],"collection":[{"href":"https:\/\/zeromagazine.mx\/index.php\/wp-json\/wp\/v2\/posts"}],"about":[{"href":"https:\/\/zeromagazine.mx\/index.php\/wp-json\/wp\/v2\/types\/post"}],"author":[{"embeddable":true,"href":"https:\/\/zeromagazine.mx\/index.php\/wp-json\/wp\/v2\/users\/2"}],"replies":[{"embeddable":true,"href":"https:\/\/zeromagazine.mx\/index.php\/wp-json\/wp\/v2\/comments?post=73438"}],"version-history":[{"count":1,"href":"https:\/\/zeromagazine.mx\/index.php\/wp-json\/wp\/v2\/posts\/73438\/revisions"}],"predecessor-version":[{"id":73442,"href":"https:\/\/zeromagazine.mx\/index.php\/wp-json\/wp\/v2\/posts\/73438\/revisions\/73442"}],"wp:featuredmedia":[{"embeddable":true,"href":"https:\/\/zeromagazine.mx\/index.php\/wp-json\/wp\/v2\/media\/73439"}],"wp:attachment":[{"href":"https:\/\/zeromagazine.mx\/index.php\/wp-json\/wp\/v2\/media?parent=73438"}],"wp:term":[{"taxonomy":"category","embeddable":true,"href":"https:\/\/zeromagazine.mx\/index.php\/wp-json\/wp\/v2\/categories?post=73438"},{"taxonomy":"post_tag","embeddable":true,"href":"https:\/\/zeromagazine.mx\/index.php\/wp-json\/wp\/v2\/tags?post=73438"}],"curies":[{"name":"wp","href":"https:\/\/api.w.org\/{rel}","templated":true}]}}