{"id":73468,"date":"2024-04-08T23:00:00","date_gmt":"2024-04-08T21:00:00","guid":{"rendered":"https:\/\/zeromagazine.mx\/?p=73468"},"modified":"2024-04-08T19:52:40","modified_gmt":"2024-04-08T17:52:40","slug":"premios-platino-xcaret","status":"publish","type":"post","link":"https:\/\/zeromagazine.mx\/index.php\/2024\/04\/08\/premios-platino-xcaret\/","title":{"rendered":"Premios PLATINO XCARET"},"content":{"rendered":"<p>La XI Edici\u00f3n de los Premios PLATINO XCARET est\u00e1 a la vuelta de la esquina y \u00a1qu\u00e9 cartel tan alucinante tenemos este a\u00f1o! Prep\u00e1rense para una noche inolvidable llena de m\u00fasica, talento y celebraci\u00f3n, porque este evento promete ser \u00e9pico.<\/p>\n\n\n\n<script async src=\"https:\/\/pagead2.googlesyndication.com\/pagead\/js\/adsbygoogle.js?client=ca-pub-5499304793904745\"\n     crossorigin=\"anonymous\"><\/script>\n<ins class=\"adsbygoogle\"\n     style=\"display:block; text-align:center;\"\n     data-ad-layout=\"in-article\"\n     data-ad-format=\"fluid\"\n     data-ad-client=\"ca-pub-5499304793904745\"\n     data-ad-slot=\"5994863093\"><\/ins>\n<script>\n     (adsbygoogle = window.adsbygoogle || []).push({});\n<\/script>\n\n\n\n<p>Para empezar, echen un vistazo a este incre\u00edble lineup de artistas que nos har\u00e1n vibrar con sus actuaciones: Ana Guerra, Ana Mena, \u00c1ngela Aguilar, David Bisbal, Diana Hoyos, Ger\u00f3nimo Rauch, M\u00e1jida Issa, Mariaca Sempr\u00fan y Monsieur Perin\u00e9. \u00bfLes suenan familiares estos nombres? \u00a1Claro que s\u00ed! Son algunas de las estrellas m\u00e1s brillantes de la m\u00fasica iberoamericana y est\u00e1n listos para deslumbrarnos en el escenario.<\/p>\n\n\n\n<script async src=\"https:\/\/pagead2.googlesyndication.com\/pagead\/js\/adsbygoogle.js?client=ca-pub-5499304793904745\"\n     crossorigin=\"anonymous\"><\/script>\n<ins class=\"adsbygoogle\"\n     style=\"display:block; text-align:center;\"\n     data-ad-layout=\"in-article\"\n     data-ad-format=\"fluid\"\n     data-ad-client=\"ca-pub-5499304793904745\"\n     data-ad-slot=\"5994863093\"><\/ins>\n<script>\n     (adsbygoogle = window.adsbygoogle || []).push({});\n<\/script>\n\n\n\n<p>Pero espera, \u00bfqu\u00e9 tipo de m\u00fasica podemos esperar? \u00a1De todo un poco! Desde \u00e9xitos actuales hasta cl\u00e1sicos atemporales, pasando por canciones ic\u00f3nicas de pel\u00edculas y homenajes a leyendas como Roc\u00edo D\u00farcal. Ser\u00e1 una verdadera fiesta para nuestros o\u00eddos, una muestra de la diversidad de estilos que define nuestra rica herencia musical iberoamericana.<\/p>\n\n\n\n<figure class=\"wp-block-image alignwide size-large\"><img data-recalc-dims=\"1\" decoding=\"async\" width=\"1024\" height=\"680\" src=\"https:\/\/i0.wp.com\/zeromagazine.mx\/wp-content\/uploads\/2024\/04\/unnamed-19-1024x680.png?resize=1024%2C680&#038;ssl=1\" alt=\"\" class=\"wp-image-73469\" srcset=\"https:\/\/i0.wp.com\/zeromagazine.mx\/wp-content\/uploads\/2024\/04\/unnamed-19.png?resize=1024%2C680&amp;ssl=1 1024w, https:\/\/i0.wp.com\/zeromagazine.mx\/wp-content\/uploads\/2024\/04\/unnamed-19.png?resize=300%2C199&amp;ssl=1 300w, https:\/\/i0.wp.com\/zeromagazine.mx\/wp-content\/uploads\/2024\/04\/unnamed-19.png?resize=768%2C510&amp;ssl=1 768w, https:\/\/i0.wp.com\/zeromagazine.mx\/wp-content\/uploads\/2024\/04\/unnamed-19.png?w=1308&amp;ssl=1 1308w\" sizes=\"(max-width: 1024px) 100vw, 1024px\" \/><\/figure>\n\n\n\n<p><\/p>\n\n\n\n<p>Ahora, hablemos un poco sobre algunos de estos artistas incre\u00edbles. \u00bfHan escuchado hablar de Diana Hoyos? Adem\u00e1s de ser una talentosa actriz, tambi\u00e9n est\u00e1 conquistando el mundo de la m\u00fasica con su voz \u00fanica y su estilo inconfundible. Y qu\u00e9 decir de Ger\u00f3nimo Rauch, un verdadero \u00edcono del teatro musical internacional. Su actuaci\u00f3n en \u00abLos Miserables\u00bb y \u00abEl Fantasma de la \u00d3pera\u00bb lo ha convertido en una estrella indiscutible.<\/p>\n\n\n\n<script async src=\"https:\/\/pagead2.googlesyndication.com\/pagead\/js\/adsbygoogle.js?client=ca-pub-5499304793904745\"\n     crossorigin=\"anonymous\"><\/script>\n<ins class=\"adsbygoogle\"\n     style=\"display:block; text-align:center;\"\n     data-ad-layout=\"in-article\"\n     data-ad-format=\"fluid\"\n     data-ad-client=\"ca-pub-5499304793904745\"\n     data-ad-slot=\"5994863093\"><\/ins>\n<script>\n     (adsbygoogle = window.adsbygoogle || []).push({});\n<\/script>\n\n\n\n<p>Y no podemos olvidar a nuestros representantes mexicanos en este evento tan especial. \u00c1ngela Aguilar, con su voz poderosa y su estilo \u00fanico, nos recordar\u00e1 por qu\u00e9 es una de las artistas m\u00e1s aclamadas del regional mexicano. Ser\u00e1 un momento que seguro nos llenar\u00e1 de orgullo.<\/p>\n\n\n\n<p>Pero m\u00e1s all\u00e1 de la m\u00fasica, los Premios PLATINO XCARET son una celebraci\u00f3n de nuestra identidad iberoamericana. Es un tributo a nuestra diversidad cultural y al poder del arte para unirnos como comunidad. As\u00ed que prep\u00e1rense para una noche llena de emociones, sorpresas y, por supuesto, mucha m\u00fasica.<\/p>\n\n\n\n<script async src=\"https:\/\/pagead2.googlesyndication.com\/pagead\/js\/adsbygoogle.js?client=ca-pub-5499304793904745\"\n     crossorigin=\"anonymous\"><\/script>\n<ins class=\"adsbygoogle\"\n     style=\"display:block; text-align:center;\"\n     data-ad-layout=\"in-article\"\n     data-ad-format=\"fluid\"\n     data-ad-client=\"ca-pub-5499304793904745\"\n     data-ad-slot=\"5994863093\"><\/ins>\n<script>\n     (adsbygoogle = window.adsbygoogle || []).push({});\n<\/script>\n\n\n\n<p>La XI Edici\u00f3n de los Premios PLATINO XCARET promete ser un evento inolvidable que nos recordar\u00e1 la riqueza y el talento de nuestra m\u00fasica iberoamericana. As\u00ed que no se lo pierdan, amigxs, porque esta es una noche que no querr\u00e1n olvidar. \u00a1Nos vemos en el Gran Tlachco el pr\u00f3ximo 20 de abril para una celebraci\u00f3n que promete ser legendaria!<\/p>\n\n<!--themify_builder_content-->\n<div id=\"themify_builder_content-73468\" data-postid=\"73468\" class=\"themify_builder_content themify_builder_content-73468 themify_builder tf_clear\">\n    <\/div>\n<!--\/themify_builder_content-->","protected":false},"excerpt":{"rendered":"<p>La XI Edici\u00f3n de los Premios PLATINO XCARET est\u00e1 a la vuelta de la esquina y \u00a1qu\u00e9 cartel tan alucinante tenemos este a\u00f1o! Prep\u00e1rense para una noche inolvidable llena de m\u00fasica, talento y celebraci\u00f3n, porque este evento promete ser \u00e9pico. Para empezar, echen un vistazo a este incre\u00edble lineup de artistas que nos har\u00e1n vibrar [&hellip;]<\/p>\n","protected":false},"author":2,"featured_media":73470,"comment_status":"open","ping_status":"open","sticky":false,"template":"","format":"standard","meta":{"_jetpack_memberships_contains_paid_content":false,"footnotes":"","jetpack_publicize_message":"","jetpack_publicize_feature_enabled":true,"jetpack_social_post_already_shared":true,"jetpack_social_options":{"image_generator_settings":{"template":"highway","default_image_id":0,"font":"","enabled":false},"version":2}},"categories":[117],"tags":[1706,5665,7587,7586],"class_list":["post-73468","post","type-post","status-publish","format-standard","has-post-thumbnail","hentry","category-entretenimiento","tag-angela-aguilar","tag-david-bisbal","tag-diana-hoyos","tag-premios-platino-xcaret","has-post-title","has-post-date","has-post-category","has-post-tag","has-post-comment","has-post-author",""],"yoast_head":"<!-- This site is optimized with the Yoast SEO plugin v27.5 - https:\/\/yoast.com\/product\/yoast-seo-wordpress\/ -->\n<title>Premios PLATINO XCARET - Zero Magazine<\/title>\n<meta name=\"robots\" content=\"index, follow, max-snippet:-1, max-image-preview:large, max-video-preview:-1\" \/>\n<link rel=\"canonical\" href=\"https:\/\/zeromagazine.mx\/index.php\/2024\/04\/08\/premios-platino-xcaret\/\" \/>\n<meta property=\"og:locale\" content=\"es_ES\" \/>\n<meta property=\"og:type\" content=\"article\" \/>\n<meta property=\"og:title\" content=\"Premios PLATINO XCARET - Zero Magazine\" \/>\n<meta property=\"og:description\" content=\"La XI Edici\u00f3n de los Premios PLATINO XCARET est\u00e1 a la vuelta de la esquina y \u00a1qu\u00e9 cartel tan alucinante tenemos este a\u00f1o! Prep\u00e1rense para una noche inolvidable llena de m\u00fasica, talento y celebraci\u00f3n, porque este evento promete ser \u00e9pico. Para empezar, echen un vistazo a este incre\u00edble lineup de artistas que nos har\u00e1n vibrar [&hellip;]\" \/>\n<meta property=\"og:url\" content=\"https:\/\/zeromagazine.mx\/index.php\/2024\/04\/08\/premios-platino-xcaret\/\" \/>\n<meta property=\"og:site_name\" content=\"Zero Magazine\" \/>\n<meta property=\"article:published_time\" content=\"2024-04-08T21:00:00+00:00\" \/>\n<meta property=\"og:image\" content=\"https:\/\/i0.wp.com\/zeromagazine.mx\/wp-content\/uploads\/2024\/04\/unnamed-18.png?fit=1311%2C867&ssl=1\" \/>\n\t<meta property=\"og:image:width\" content=\"1311\" \/>\n\t<meta property=\"og:image:height\" content=\"867\" \/>\n\t<meta property=\"og:image:type\" content=\"image\/png\" \/>\n<meta name=\"author\" content=\"zeromagazinemx\" \/>\n<meta name=\"twitter:card\" content=\"summary_large_image\" \/>\n<meta name=\"twitter:label1\" content=\"Escrito por\" \/>\n\t<meta name=\"twitter:data1\" content=\"zeromagazinemx\" \/>\n\t<meta name=\"twitter:label2\" content=\"Tiempo de lectura\" \/>\n\t<meta name=\"twitter:data2\" content=\"2 minutos\" \/>\n<script type=\"application\/ld+json\" class=\"yoast-schema-graph\">{\"@context\":\"https:\\\/\\\/schema.org\",\"@graph\":[{\"@type\":\"Article\",\"@id\":\"https:\\\/\\\/zeromagazine.mx\\\/index.php\\\/2024\\\/04\\\/08\\\/premios-platino-xcaret\\\/#article\",\"isPartOf\":{\"@id\":\"https:\\\/\\\/zeromagazine.mx\\\/index.php\\\/2024\\\/04\\\/08\\\/premios-platino-xcaret\\\/\"},\"author\":{\"name\":\"zeromagazinemx\",\"@id\":\"https:\\\/\\\/zeromagazine.mx\\\/#\\\/schema\\\/person\\\/9aed9f33a7c39af3a348b86d723f7773\"},\"headline\":\"Premios PLATINO XCARET\",\"datePublished\":\"2024-04-08T21:00:00+00:00\",\"mainEntityOfPage\":{\"@id\":\"https:\\\/\\\/zeromagazine.mx\\\/index.php\\\/2024\\\/04\\\/08\\\/premios-platino-xcaret\\\/\"},\"wordCount\":417,\"commentCount\":0,\"publisher\":{\"@id\":\"https:\\\/\\\/zeromagazine.mx\\\/#organization\"},\"image\":{\"@id\":\"https:\\\/\\\/zeromagazine.mx\\\/index.php\\\/2024\\\/04\\\/08\\\/premios-platino-xcaret\\\/#primaryimage\"},\"thumbnailUrl\":\"https:\\\/\\\/i0.wp.com\\\/zeromagazine.mx\\\/wp-content\\\/uploads\\\/2024\\\/04\\\/unnamed-18.png?fit=1311%2C867&ssl=1\",\"keywords\":[\"\u00c1ngela Aguilar\",\"David Bisbal\",\"Diana Hoyos\",\"PREMIOS Platino XCARET\"],\"articleSection\":[\"Entretenimiento\"],\"inLanguage\":\"es\",\"potentialAction\":[{\"@type\":\"CommentAction\",\"name\":\"Comment\",\"target\":[\"https:\\\/\\\/zeromagazine.mx\\\/index.php\\\/2024\\\/04\\\/08\\\/premios-platino-xcaret\\\/#respond\"]}]},{\"@type\":\"WebPage\",\"@id\":\"https:\\\/\\\/zeromagazine.mx\\\/index.php\\\/2024\\\/04\\\/08\\\/premios-platino-xcaret\\\/\",\"url\":\"https:\\\/\\\/zeromagazine.mx\\\/index.php\\\/2024\\\/04\\\/08\\\/premios-platino-xcaret\\\/\",\"name\":\"Premios PLATINO XCARET - Zero Magazine\",\"isPartOf\":{\"@id\":\"https:\\\/\\\/zeromagazine.mx\\\/#website\"},\"primaryImageOfPage\":{\"@id\":\"https:\\\/\\\/zeromagazine.mx\\\/index.php\\\/2024\\\/04\\\/08\\\/premios-platino-xcaret\\\/#primaryimage\"},\"image\":{\"@id\":\"https:\\\/\\\/zeromagazine.mx\\\/index.php\\\/2024\\\/04\\\/08\\\/premios-platino-xcaret\\\/#primaryimage\"},\"thumbnailUrl\":\"https:\\\/\\\/i0.wp.com\\\/zeromagazine.mx\\\/wp-content\\\/uploads\\\/2024\\\/04\\\/unnamed-18.png?fit=1311%2C867&ssl=1\",\"datePublished\":\"2024-04-08T21:00:00+00:00\",\"breadcrumb\":{\"@id\":\"https:\\\/\\\/zeromagazine.mx\\\/index.php\\\/2024\\\/04\\\/08\\\/premios-platino-xcaret\\\/#breadcrumb\"},\"inLanguage\":\"es\",\"potentialAction\":[{\"@type\":\"ReadAction\",\"target\":[\"https:\\\/\\\/zeromagazine.mx\\\/index.php\\\/2024\\\/04\\\/08\\\/premios-platino-xcaret\\\/\"]}]},{\"@type\":\"ImageObject\",\"inLanguage\":\"es\",\"@id\":\"https:\\\/\\\/zeromagazine.mx\\\/index.php\\\/2024\\\/04\\\/08\\\/premios-platino-xcaret\\\/#primaryimage\",\"url\":\"https:\\\/\\\/i0.wp.com\\\/zeromagazine.mx\\\/wp-content\\\/uploads\\\/2024\\\/04\\\/unnamed-18.png?fit=1311%2C867&ssl=1\",\"contentUrl\":\"https:\\\/\\\/i0.wp.com\\\/zeromagazine.mx\\\/wp-content\\\/uploads\\\/2024\\\/04\\\/unnamed-18.png?fit=1311%2C867&ssl=1\",\"width\":1311,\"height\":867},{\"@type\":\"BreadcrumbList\",\"@id\":\"https:\\\/\\\/zeromagazine.mx\\\/index.php\\\/2024\\\/04\\\/08\\\/premios-platino-xcaret\\\/#breadcrumb\",\"itemListElement\":[{\"@type\":\"ListItem\",\"position\":1,\"name\":\"Portada\",\"item\":\"https:\\\/\\\/zeromagazine.mx\\\/\"},{\"@type\":\"ListItem\",\"position\":2,\"name\":\"Premios PLATINO XCARET\"}]},{\"@type\":\"WebSite\",\"@id\":\"https:\\\/\\\/zeromagazine.mx\\\/#website\",\"url\":\"https:\\\/\\\/zeromagazine.mx\\\/\",\"name\":\"Zero Magazine\",\"description\":\"\",\"publisher\":{\"@id\":\"https:\\\/\\\/zeromagazine.mx\\\/#organization\"},\"potentialAction\":[{\"@type\":\"SearchAction\",\"target\":{\"@type\":\"EntryPoint\",\"urlTemplate\":\"https:\\\/\\\/zeromagazine.mx\\\/?s={search_term_string}\"},\"query-input\":{\"@type\":\"PropertyValueSpecification\",\"valueRequired\":true,\"valueName\":\"search_term_string\"}}],\"inLanguage\":\"es\"},{\"@type\":\"Organization\",\"@id\":\"https:\\\/\\\/zeromagazine.mx\\\/#organization\",\"name\":\"Zero Magazine\",\"url\":\"https:\\\/\\\/zeromagazine.mx\\\/\",\"logo\":{\"@type\":\"ImageObject\",\"inLanguage\":\"es\",\"@id\":\"https:\\\/\\\/zeromagazine.mx\\\/#\\\/schema\\\/logo\\\/image\\\/\",\"url\":\"https:\\\/\\\/i0.wp.com\\\/zeromagazine.mx\\\/wp-content\\\/uploads\\\/2025\\\/11\\\/1.jpeg?fit=1000%2C1000&ssl=1\",\"contentUrl\":\"https:\\\/\\\/i0.wp.com\\\/zeromagazine.mx\\\/wp-content\\\/uploads\\\/2025\\\/11\\\/1.jpeg?fit=1000%2C1000&ssl=1\",\"width\":1000,\"height\":1000,\"caption\":\"Zero Magazine\"},\"image\":{\"@id\":\"https:\\\/\\\/zeromagazine.mx\\\/#\\\/schema\\\/logo\\\/image\\\/\"},\"sameAs\":[\"https:\\\/\\\/instagram.com\\\/zeromagazinemx\"]},{\"@type\":\"Person\",\"@id\":\"https:\\\/\\\/zeromagazine.mx\\\/#\\\/schema\\\/person\\\/9aed9f33a7c39af3a348b86d723f7773\",\"name\":\"zeromagazinemx\",\"image\":{\"@type\":\"ImageObject\",\"inLanguage\":\"es\",\"@id\":\"https:\\\/\\\/zeromagazine.mx\\\/wp-content\\\/litespeed\\\/avatar\\\/f91dfe5410d5dcb1a576bf8c45983896.jpg?ver=1777571230\",\"url\":\"https:\\\/\\\/zeromagazine.mx\\\/wp-content\\\/litespeed\\\/avatar\\\/f91dfe5410d5dcb1a576bf8c45983896.jpg?ver=1777571230\",\"contentUrl\":\"https:\\\/\\\/zeromagazine.mx\\\/wp-content\\\/litespeed\\\/avatar\\\/f91dfe5410d5dcb1a576bf8c45983896.jpg?ver=1777571230\",\"caption\":\"zeromagazinemx\"},\"url\":\"https:\\\/\\\/zeromagazine.mx\\\/index.php\\\/author\\\/zeromagazinemx\\\/\"}]}<\/script>\n<!-- \/ Yoast SEO plugin. -->","yoast_head_json":{"title":"Premios PLATINO XCARET - Zero Magazine","robots":{"index":"index","follow":"follow","max-snippet":"max-snippet:-1","max-image-preview":"max-image-preview:large","max-video-preview":"max-video-preview:-1"},"canonical":"https:\/\/zeromagazine.mx\/index.php\/2024\/04\/08\/premios-platino-xcaret\/","og_locale":"es_ES","og_type":"article","og_title":"Premios PLATINO XCARET - Zero Magazine","og_description":"La XI Edici\u00f3n de los Premios PLATINO XCARET est\u00e1 a la vuelta de la esquina y \u00a1qu\u00e9 cartel tan alucinante tenemos este a\u00f1o! Prep\u00e1rense para una noche inolvidable llena de m\u00fasica, talento y celebraci\u00f3n, porque este evento promete ser \u00e9pico. Para empezar, echen un vistazo a este incre\u00edble lineup de artistas que nos har\u00e1n vibrar [&hellip;]","og_url":"https:\/\/zeromagazine.mx\/index.php\/2024\/04\/08\/premios-platino-xcaret\/","og_site_name":"Zero Magazine","article_published_time":"2024-04-08T21:00:00+00:00","og_image":[{"width":1311,"height":867,"url":"https:\/\/i0.wp.com\/zeromagazine.mx\/wp-content\/uploads\/2024\/04\/unnamed-18.png?fit=1311%2C867&ssl=1","type":"image\/png"}],"author":"zeromagazinemx","twitter_card":"summary_large_image","twitter_misc":{"Escrito por":"zeromagazinemx","Tiempo de lectura":"2 minutos"},"schema":{"@context":"https:\/\/schema.org","@graph":[{"@type":"Article","@id":"https:\/\/zeromagazine.mx\/index.php\/2024\/04\/08\/premios-platino-xcaret\/#article","isPartOf":{"@id":"https:\/\/zeromagazine.mx\/index.php\/2024\/04\/08\/premios-platino-xcaret\/"},"author":{"name":"zeromagazinemx","@id":"https:\/\/zeromagazine.mx\/#\/schema\/person\/9aed9f33a7c39af3a348b86d723f7773"},"headline":"Premios PLATINO XCARET","datePublished":"2024-04-08T21:00:00+00:00","mainEntityOfPage":{"@id":"https:\/\/zeromagazine.mx\/index.php\/2024\/04\/08\/premios-platino-xcaret\/"},"wordCount":417,"commentCount":0,"publisher":{"@id":"https:\/\/zeromagazine.mx\/#organization"},"image":{"@id":"https:\/\/zeromagazine.mx\/index.php\/2024\/04\/08\/premios-platino-xcaret\/#primaryimage"},"thumbnailUrl":"https:\/\/i0.wp.com\/zeromagazine.mx\/wp-content\/uploads\/2024\/04\/unnamed-18.png?fit=1311%2C867&ssl=1","keywords":["\u00c1ngela Aguilar","David Bisbal","Diana Hoyos","PREMIOS Platino XCARET"],"articleSection":["Entretenimiento"],"inLanguage":"es","potentialAction":[{"@type":"CommentAction","name":"Comment","target":["https:\/\/zeromagazine.mx\/index.php\/2024\/04\/08\/premios-platino-xcaret\/#respond"]}]},{"@type":"WebPage","@id":"https:\/\/zeromagazine.mx\/index.php\/2024\/04\/08\/premios-platino-xcaret\/","url":"https:\/\/zeromagazine.mx\/index.php\/2024\/04\/08\/premios-platino-xcaret\/","name":"Premios PLATINO XCARET - Zero Magazine","isPartOf":{"@id":"https:\/\/zeromagazine.mx\/#website"},"primaryImageOfPage":{"@id":"https:\/\/zeromagazine.mx\/index.php\/2024\/04\/08\/premios-platino-xcaret\/#primaryimage"},"image":{"@id":"https:\/\/zeromagazine.mx\/index.php\/2024\/04\/08\/premios-platino-xcaret\/#primaryimage"},"thumbnailUrl":"https:\/\/i0.wp.com\/zeromagazine.mx\/wp-content\/uploads\/2024\/04\/unnamed-18.png?fit=1311%2C867&ssl=1","datePublished":"2024-04-08T21:00:00+00:00","breadcrumb":{"@id":"https:\/\/zeromagazine.mx\/index.php\/2024\/04\/08\/premios-platino-xcaret\/#breadcrumb"},"inLanguage":"es","potentialAction":[{"@type":"ReadAction","target":["https:\/\/zeromagazine.mx\/index.php\/2024\/04\/08\/premios-platino-xcaret\/"]}]},{"@type":"ImageObject","inLanguage":"es","@id":"https:\/\/zeromagazine.mx\/index.php\/2024\/04\/08\/premios-platino-xcaret\/#primaryimage","url":"https:\/\/i0.wp.com\/zeromagazine.mx\/wp-content\/uploads\/2024\/04\/unnamed-18.png?fit=1311%2C867&ssl=1","contentUrl":"https:\/\/i0.wp.com\/zeromagazine.mx\/wp-content\/uploads\/2024\/04\/unnamed-18.png?fit=1311%2C867&ssl=1","width":1311,"height":867},{"@type":"BreadcrumbList","@id":"https:\/\/zeromagazine.mx\/index.php\/2024\/04\/08\/premios-platino-xcaret\/#breadcrumb","itemListElement":[{"@type":"ListItem","position":1,"name":"Portada","item":"https:\/\/zeromagazine.mx\/"},{"@type":"ListItem","position":2,"name":"Premios PLATINO XCARET"}]},{"@type":"WebSite","@id":"https:\/\/zeromagazine.mx\/#website","url":"https:\/\/zeromagazine.mx\/","name":"Zero Magazine","description":"","publisher":{"@id":"https:\/\/zeromagazine.mx\/#organization"},"potentialAction":[{"@type":"SearchAction","target":{"@type":"EntryPoint","urlTemplate":"https:\/\/zeromagazine.mx\/?s={search_term_string}"},"query-input":{"@type":"PropertyValueSpecification","valueRequired":true,"valueName":"search_term_string"}}],"inLanguage":"es"},{"@type":"Organization","@id":"https:\/\/zeromagazine.mx\/#organization","name":"Zero Magazine","url":"https:\/\/zeromagazine.mx\/","logo":{"@type":"ImageObject","inLanguage":"es","@id":"https:\/\/zeromagazine.mx\/#\/schema\/logo\/image\/","url":"https:\/\/i0.wp.com\/zeromagazine.mx\/wp-content\/uploads\/2025\/11\/1.jpeg?fit=1000%2C1000&ssl=1","contentUrl":"https:\/\/i0.wp.com\/zeromagazine.mx\/wp-content\/uploads\/2025\/11\/1.jpeg?fit=1000%2C1000&ssl=1","width":1000,"height":1000,"caption":"Zero Magazine"},"image":{"@id":"https:\/\/zeromagazine.mx\/#\/schema\/logo\/image\/"},"sameAs":["https:\/\/instagram.com\/zeromagazinemx"]},{"@type":"Person","@id":"https:\/\/zeromagazine.mx\/#\/schema\/person\/9aed9f33a7c39af3a348b86d723f7773","name":"zeromagazinemx","image":{"@type":"ImageObject","inLanguage":"es","@id":"https:\/\/zeromagazine.mx\/wp-content\/litespeed\/avatar\/f91dfe5410d5dcb1a576bf8c45983896.jpg?ver=1777571230","url":"https:\/\/zeromagazine.mx\/wp-content\/litespeed\/avatar\/f91dfe5410d5dcb1a576bf8c45983896.jpg?ver=1777571230","contentUrl":"https:\/\/zeromagazine.mx\/wp-content\/litespeed\/avatar\/f91dfe5410d5dcb1a576bf8c45983896.jpg?ver=1777571230","caption":"zeromagazinemx"},"url":"https:\/\/zeromagazine.mx\/index.php\/author\/zeromagazinemx\/"}]}},"jetpack_publicize_connections":[],"jetpack_featured_media_url":"https:\/\/i0.wp.com\/zeromagazine.mx\/wp-content\/uploads\/2024\/04\/unnamed-18.png?fit=1311%2C867&ssl=1","jetpack-related-posts":[{"id":73606,"url":"https:\/\/zeromagazine.mx\/index.php\/2024\/04\/10\/brilla-en-los-premios-platino-xcaret-2024\/","url_meta":{"origin":73468,"position":0},"title":"Brilla en los Premios PLATINO XCARET 2024","author":"zeromagazinemx","date":"10 de abril de 2024","format":false,"excerpt":"Las grandes estrellas del cine y las series de Iberoam\u00e9rica est\u00e1n listas para brillar una vez m\u00e1s en la XI edici\u00f3n de los Premios PLATINO XCARET 2024. \u00bfEmocionadxs? Yo s\u00ed, porque la cita ser\u00e1 el pr\u00f3ximo s\u00e1bado 20 de abril en el Teatro Gran Tlachco del parque Xcaret, en Riviera\u2026","rel":"","context":"En \u00abEntretenimiento\u00bb","block_context":{"text":"Entretenimiento","link":"https:\/\/zeromagazine.mx\/index.php\/category\/entretenimiento\/"},"img":{"alt_text":"","src":"https:\/\/i0.wp.com\/zeromagazine.mx\/wp-content\/uploads\/2024\/04\/unnamed-15.jpg?fit=937%2C625&ssl=1&resize=350%2C200","width":350,"height":200,"srcset":"https:\/\/i0.wp.com\/zeromagazine.mx\/wp-content\/uploads\/2024\/04\/unnamed-15.jpg?fit=937%2C625&ssl=1&resize=350%2C200 1x, https:\/\/i0.wp.com\/zeromagazine.mx\/wp-content\/uploads\/2024\/04\/unnamed-15.jpg?fit=937%2C625&ssl=1&resize=525%2C300 1.5x, https:\/\/i0.wp.com\/zeromagazine.mx\/wp-content\/uploads\/2024\/04\/unnamed-15.jpg?fit=937%2C625&ssl=1&resize=700%2C400 2x"},"classes":[]},{"id":114383,"url":"https:\/\/zeromagazine.mx\/index.php\/2026\/01\/29\/premios-platino-xcaret-preselecciones-2025\/","url_meta":{"origin":73468,"position":1},"title":"Premios PLATINO XCARET: M\u00e9xico Lidera","author":"zeromagazinemx","date":"29 de enero de 2026","format":false,"excerpt":"Si te gusta seguir el cine iberoamericano, las premiaciones con drama, talento y conversaci\u00f3n cultural real, prep\u00e1rate: los Premios PLATINO XCARET acaban de revelar las preselecciones de su XIII edici\u00f3n, y M\u00e9xico viene fuerte \u2014muy fuerte. Entre las producciones mexicanas m\u00e1s destacadas est\u00e1n \u201cNo nos mover\u00e1n\u201d de Pierre Saint-Martin Castellanos\u2026","rel":"","context":"En \u00abCine\u00bb","block_context":{"text":"Cine","link":"https:\/\/zeromagazine.mx\/index.php\/category\/entretenimiento\/cine\/"},"img":{"alt_text":"","src":"https:\/\/i0.wp.com\/zeromagazine.mx\/wp-content\/uploads\/2026\/01\/unnamed-3-1-scaled.jpg?fit=1200%2C800&ssl=1&resize=350%2C200","width":350,"height":200,"srcset":"https:\/\/i0.wp.com\/zeromagazine.mx\/wp-content\/uploads\/2026\/01\/unnamed-3-1-scaled.jpg?fit=1200%2C800&ssl=1&resize=350%2C200 1x, https:\/\/i0.wp.com\/zeromagazine.mx\/wp-content\/uploads\/2026\/01\/unnamed-3-1-scaled.jpg?fit=1200%2C800&ssl=1&resize=525%2C300 1.5x, https:\/\/i0.wp.com\/zeromagazine.mx\/wp-content\/uploads\/2026\/01\/unnamed-3-1-scaled.jpg?fit=1200%2C800&ssl=1&resize=700%2C400 2x, https:\/\/i0.wp.com\/zeromagazine.mx\/wp-content\/uploads\/2026\/01\/unnamed-3-1-scaled.jpg?fit=1200%2C800&ssl=1&resize=1050%2C600 3x"},"classes":[]},{"id":71247,"url":"https:\/\/zeromagazine.mx\/index.php\/2024\/02\/23\/nominaciones-de-los-xi-premios-platino-xcaret\/","url_meta":{"origin":73468,"position":2},"title":"Nominaciones de los XI Premios Platino XCARET","author":"zeromagazinemx","date":"23 de febrero de 2024","format":false,"excerpt":"Les tengo las \u00faltimas noticias sobre los XI Premios PLATINO XCARET y, \u00a1wow!, hay mucha tela que cortar. La lista de nominadas est\u00e1 que arde y M\u00e9xico est\u00e1 en el centro del hurac\u00e1n con varias producciones que est\u00e1n arrasando en las categor\u00edas. Desde Huesera hasta Radical, \u00a1qu\u00e9 orgullo ser parte\u2026","rel":"","context":"En \u00abConcursos\u00bb","block_context":{"text":"Concursos","link":"https:\/\/zeromagazine.mx\/index.php\/category\/concursos\/"},"img":{"alt_text":"","src":"https:\/\/i0.wp.com\/zeromagazine.mx\/wp-content\/uploads\/2024\/02\/Foto-Familiar_By-Victor-Chavez-60.jpg?fit=1197%2C834&ssl=1&resize=350%2C200","width":350,"height":200,"srcset":"https:\/\/i0.wp.com\/zeromagazine.mx\/wp-content\/uploads\/2024\/02\/Foto-Familiar_By-Victor-Chavez-60.jpg?fit=1197%2C834&ssl=1&resize=350%2C200 1x, https:\/\/i0.wp.com\/zeromagazine.mx\/wp-content\/uploads\/2024\/02\/Foto-Familiar_By-Victor-Chavez-60.jpg?fit=1197%2C834&ssl=1&resize=525%2C300 1.5x, https:\/\/i0.wp.com\/zeromagazine.mx\/wp-content\/uploads\/2024\/02\/Foto-Familiar_By-Victor-Chavez-60.jpg?fit=1197%2C834&ssl=1&resize=700%2C400 2x, https:\/\/i0.wp.com\/zeromagazine.mx\/wp-content\/uploads\/2024\/02\/Foto-Familiar_By-Victor-Chavez-60.jpg?fit=1197%2C834&ssl=1&resize=1050%2C600 3x"},"classes":[]},{"id":115870,"url":"https:\/\/zeromagazine.mx\/index.php\/2026\/02\/24\/premios-platino-xcaret-cartel-oficial-xiii-edicion\/","url_meta":{"origin":73468,"position":3},"title":"Premios PLATINO XCARET estrenan cartel","author":"zeromagazinemx","date":"24 de febrero de 2026","format":false,"excerpt":"El hype ya est\u00e1 aqu\u00ed. Los Premios PLATINO XCARET acaban de revelar el cartel oficial de su XIII edici\u00f3n y, honestamente, es de esas im\u00e1genes que se sienten como un fotograma listo para cobrar vida. La nueva identidad visual no solo presenta el ic\u00f3nico trofeo, sino que lo convierte en\u2026","rel":"","context":"En \u00abBlog\u00bb","block_context":{"text":"Blog","link":"https:\/\/zeromagazine.mx\/index.php\/category\/blog\/"},"img":{"alt_text":"","src":"https:\/\/i0.wp.com\/zeromagazine.mx\/wp-content\/uploads\/2026\/02\/unnamed-4-1-scaled.jpg?fit=863%2C1200&ssl=1&resize=350%2C200","width":350,"height":200,"srcset":"https:\/\/i0.wp.com\/zeromagazine.mx\/wp-content\/uploads\/2026\/02\/unnamed-4-1-scaled.jpg?fit=863%2C1200&ssl=1&resize=350%2C200 1x, https:\/\/i0.wp.com\/zeromagazine.mx\/wp-content\/uploads\/2026\/02\/unnamed-4-1-scaled.jpg?fit=863%2C1200&ssl=1&resize=525%2C300 1.5x, https:\/\/i0.wp.com\/zeromagazine.mx\/wp-content\/uploads\/2026\/02\/unnamed-4-1-scaled.jpg?fit=863%2C1200&ssl=1&resize=700%2C400 2x"},"classes":[]},{"id":116922,"url":"https:\/\/zeromagazine.mx\/index.php\/2026\/03\/18\/feria-xcaret-arte-popular-libro-2025\/","url_meta":{"origin":73468,"position":4},"title":"Grupo Xcaret presenta el libro de Feria Xcaret de Arte Popular Mexicano 2025 y una muestra fotogr\u00e1fica de las piezas ganadoras de las dos ediciones pasadas","author":"David Morales","date":"18 de marzo de 2026","format":false,"excerpt":"La\u00a0Feria Xcaret Arte Popular\u00a0sigue consolid\u00e1ndose como uno de los espacios m\u00e1s importantes para reconocer y difundir el talento artesanal de M\u00e9xico. En esta ocasi\u00f3n,\u00a0Grupo Xcaret\u00a0present\u00f3 un libro especial que documenta lo mejor de la edici\u00f3n 2025, acompa\u00f1ado por una exposici\u00f3n fotogr\u00e1fica que muestra algunas de las piezas ganadoras de ediciones\u2026","rel":"","context":"En \u00abBlog\u00bb","block_context":{"text":"Blog","link":"https:\/\/zeromagazine.mx\/index.php\/category\/blog\/"},"img":{"alt_text":"","src":"https:\/\/i0.wp.com\/zeromagazine.mx\/wp-content\/uploads\/2026\/03\/IMG_1766.jpeg?fit=1200%2C900&ssl=1&resize=350%2C200","width":350,"height":200,"srcset":"https:\/\/i0.wp.com\/zeromagazine.mx\/wp-content\/uploads\/2026\/03\/IMG_1766.jpeg?fit=1200%2C900&ssl=1&resize=350%2C200 1x, https:\/\/i0.wp.com\/zeromagazine.mx\/wp-content\/uploads\/2026\/03\/IMG_1766.jpeg?fit=1200%2C900&ssl=1&resize=525%2C300 1.5x, https:\/\/i0.wp.com\/zeromagazine.mx\/wp-content\/uploads\/2026\/03\/IMG_1766.jpeg?fit=1200%2C900&ssl=1&resize=700%2C400 2x, https:\/\/i0.wp.com\/zeromagazine.mx\/wp-content\/uploads\/2026\/03\/IMG_1766.jpeg?fit=1200%2C900&ssl=1&resize=1050%2C600 3x"},"classes":[]},{"id":97594,"url":"https:\/\/zeromagazine.mx\/index.php\/2025\/02\/26\/mexico-en-premios-platino2025\/","url_meta":{"origin":73468,"position":5},"title":"Producciones Mexicanas en PLATINO","author":"David Morales","date":"26 de febrero de 2025","format":false,"excerpt":"El cine y las series mexicanas est\u00e1n rompi\u00e9ndola en la XII Edici\u00f3n de los Premios PLATINO, liderando las candidaturas nacionales con \"Pedro P\u00e1ramo\" y \"Cada minuto cuenta\". Estos premios, que celebran lo mejor del audiovisual iberoamericano, han puesto en la mira varias producciones nacionales que podr\u00edan llevarse un reconocimiento importante\u2026","rel":"","context":"En \u00abCultura\u00bb","block_context":{"text":"Cultura","link":"https:\/\/zeromagazine.mx\/index.php\/category\/cultura\/"},"img":{"alt_text":"","src":"https:\/\/i0.wp.com\/zeromagazine.mx\/wp-content\/uploads\/2025\/02\/Cartel_Final_Premios_Platino_logos_2025_rgb.jpg?fit=907%2C1200&ssl=1&resize=350%2C200","width":350,"height":200,"srcset":"https:\/\/i0.wp.com\/zeromagazine.mx\/wp-content\/uploads\/2025\/02\/Cartel_Final_Premios_Platino_logos_2025_rgb.jpg?fit=907%2C1200&ssl=1&resize=350%2C200 1x, https:\/\/i0.wp.com\/zeromagazine.mx\/wp-content\/uploads\/2025\/02\/Cartel_Final_Premios_Platino_logos_2025_rgb.jpg?fit=907%2C1200&ssl=1&resize=525%2C300 1.5x, https:\/\/i0.wp.com\/zeromagazine.mx\/wp-content\/uploads\/2025\/02\/Cartel_Final_Premios_Platino_logos_2025_rgb.jpg?fit=907%2C1200&ssl=1&resize=700%2C400 2x"},"classes":[]}],"jetpack_sharing_enabled":true,"builder_content":"","_links":{"self":[{"href":"https:\/\/zeromagazine.mx\/index.php\/wp-json\/wp\/v2\/posts\/73468","targetHints":{"allow":["GET"]}}],"collection":[{"href":"https:\/\/zeromagazine.mx\/index.php\/wp-json\/wp\/v2\/posts"}],"about":[{"href":"https:\/\/zeromagazine.mx\/index.php\/wp-json\/wp\/v2\/types\/post"}],"author":[{"embeddable":true,"href":"https:\/\/zeromagazine.mx\/index.php\/wp-json\/wp\/v2\/users\/2"}],"replies":[{"embeddable":true,"href":"https:\/\/zeromagazine.mx\/index.php\/wp-json\/wp\/v2\/comments?post=73468"}],"version-history":[{"count":3,"href":"https:\/\/zeromagazine.mx\/index.php\/wp-json\/wp\/v2\/posts\/73468\/revisions"}],"predecessor-version":[{"id":73473,"href":"https:\/\/zeromagazine.mx\/index.php\/wp-json\/wp\/v2\/posts\/73468\/revisions\/73473"}],"wp:featuredmedia":[{"embeddable":true,"href":"https:\/\/zeromagazine.mx\/index.php\/wp-json\/wp\/v2\/media\/73470"}],"wp:attachment":[{"href":"https:\/\/zeromagazine.mx\/index.php\/wp-json\/wp\/v2\/media?parent=73468"}],"wp:term":[{"taxonomy":"category","embeddable":true,"href":"https:\/\/zeromagazine.mx\/index.php\/wp-json\/wp\/v2\/categories?post=73468"},{"taxonomy":"post_tag","embeddable":true,"href":"https:\/\/zeromagazine.mx\/index.php\/wp-json\/wp\/v2\/tags?post=73468"}],"curies":[{"name":"wp","href":"https:\/\/api.w.org\/{rel}","templated":true}]}}