{"id":73663,"date":"2024-04-10T17:20:13","date_gmt":"2024-04-10T15:20:13","guid":{"rendered":"https:\/\/zeromagazine.mx\/?p=73663"},"modified":"2024-04-10T17:20:17","modified_gmt":"2024-04-10T15:20:17","slug":"fuerza-regida-en-la-cdmx","status":"publish","type":"post","link":"https:\/\/zeromagazine.mx\/index.php\/2024\/04\/10\/fuerza-regida-en-la-cdmx\/","title":{"rendered":"\u00a1Fuerza R\u00e9gida en la CDMX!"},"content":{"rendered":"<p>La m\u00fasica regional mexicana est\u00e1 por alcanzar su m\u00e1ximo nivel de vibras en la Ciudad de M\u00e9xico con la llegada de Fuerza R\u00e9gida. \u00a1As\u00ed es, anoten la fecha en sus agendas! El 12 de octubre, la Plaza de Toros La M\u00e9xico ser\u00e1 testigo de un evento que marcar\u00e1 historia en el mundo de la m\u00fasica.<\/p>\n\n\n\n<script async src=\"https:\/\/pagead2.googlesyndication.com\/pagead\/js\/adsbygoogle.js?client=ca-pub-5499304793904745\"\n     crossorigin=\"anonymous\"><\/script>\n<ins class=\"adsbygoogle\"\n     style=\"display:block; text-align:center;\"\n     data-ad-layout=\"in-article\"\n     data-ad-format=\"fluid\"\n     data-ad-client=\"ca-pub-5499304793904745\"\n     data-ad-slot=\"5994863093\"><\/ins>\n<script>\n     (adsbygoogle = window.adsbygoogle || []).push({});\n<\/script>\n\n\n\n<p>Ahora bien, \u00bfqu\u00e9 podemos esperar de esta presentaci\u00f3n? Para empezar, Fuerza R\u00e9gida no es solo un grupo m\u00e1s, sino una revoluci\u00f3n musical en s\u00ed mismos. Desde sus modestos comienzos, all\u00e1 por el 2015, hasta hoy en d\u00eda, han conquistado escenarios con su estilo \u00fanico y sus letras que tocan fibras sensibles.<\/p>\n\n\n\n<script async src=\"https:\/\/pagead2.googlesyndication.com\/pagead\/js\/adsbygoogle.js?client=ca-pub-5499304793904745\"\n     crossorigin=\"anonymous\"><\/script>\n<ins class=\"adsbygoogle\"\n     style=\"display:block; text-align:center;\"\n     data-ad-layout=\"in-article\"\n     data-ad-format=\"fluid\"\n     data-ad-client=\"ca-pub-5499304793904745\"\n     data-ad-slot=\"5994863093\"><\/ins>\n<script>\n     (adsbygoogle = window.adsbygoogle || []).push({});\n<\/script>\n\n\n\n<p>Por otro lado, \u00bfqui\u00e9nes son los genios detr\u00e1s de este fen\u00f3meno? Jes\u00fas Ortiz Paz, mejor conocido como JOP, lidera este grupo que est\u00e1 dejando huella en la industria musical. Acompa\u00f1ado por Samuel Jaimez, Jos\u00e9 Garc\u00eda, Mois\u00e9s L\u00f3pez y Khrystian Ramos, conforman una fuerza imparable que est\u00e1 llevando la m\u00fasica regional mexicana a nuevas alturas.<\/p>\n\n\n<div class=\"wp-block-image\">\n<figure class=\"aligncenter size-large\"><img data-recalc-dims=\"1\" decoding=\"async\" width=\"819\" height=\"1024\" src=\"https:\/\/i0.wp.com\/zeromagazine.mx\/wp-content\/uploads\/2024\/04\/FR_PT-7-819x1024.jpg?resize=819%2C1024&#038;ssl=1\" alt=\"\" class=\"wp-image-73664\" srcset=\"https:\/\/i0.wp.com\/zeromagazine.mx\/wp-content\/uploads\/2024\/04\/FR_PT-7.jpg?resize=819%2C1024&amp;ssl=1 819w, https:\/\/i0.wp.com\/zeromagazine.mx\/wp-content\/uploads\/2024\/04\/FR_PT-7.jpg?resize=240%2C300&amp;ssl=1 240w, https:\/\/i0.wp.com\/zeromagazine.mx\/wp-content\/uploads\/2024\/04\/FR_PT-7.jpg?resize=768%2C960&amp;ssl=1 768w, https:\/\/i0.wp.com\/zeromagazine.mx\/wp-content\/uploads\/2024\/04\/FR_PT-7.jpg?w=1080&amp;ssl=1 1080w\" sizes=\"(max-width: 819px) 100vw, 819px\" \/><\/figure>\n<\/div>\n\n\n<p><\/p>\n\n\n\n<p>Hablemos de su repertorio. Con temas como \u00abT\u00da NAME\u00bb, \u00abQue onda\u00bb, \u00abTQM\u00bb, \u00abSabor Fresa\u00bb, \u00abHARLEY QUINN\u00bb, \u00abBeb\u00e9 Dame\u00bb y \u00abEl Jefe\u00bb, nos han demostrado que no solo son capaces de interpretar, sino tambi\u00e9n de componer himnos que resuenan en cada rinc\u00f3n. Y no podemos olvidar su incursi\u00f3n en el g\u00e9nero urbano con canciones como \u00abFREAKY FREAKY\u00bb.<\/p>\n\n\n\n<script async src=\"https:\/\/pagead2.googlesyndication.com\/pagead\/js\/adsbygoogle.js?client=ca-pub-5499304793904745\"\n     crossorigin=\"anonymous\"><\/script>\n<ins class=\"adsbygoogle\"\n     style=\"display:block; text-align:center;\"\n     data-ad-layout=\"in-article\"\n     data-ad-format=\"fluid\"\n     data-ad-client=\"ca-pub-5499304793904745\"\n     data-ad-slot=\"5994863093\"><\/ins>\n<script>\n     (adsbygoogle = window.adsbygoogle || []).push({});\n<\/script>\n\n\n\n<p>\u00a1Y espera, que hay m\u00e1s! \u00bfSab\u00edan que en 2023 se llevaron a casa el premio a Mejor D\u00fao Grupo en los Premios Billboard? \u00a1Incre\u00edble pero cierto! Su ascenso mete\u00f3rico no ha pasado desapercibido, y su presencia en la portada de la revista Latin Billboard es solo el inicio de lo que est\u00e1 por venir.<\/p>\n\n\n\n<p>Ahora, la pregunta del mill\u00f3n: \u00bfc\u00f3mo conseguir boletos para este evento \u00e9pico? Pues la Preventa Citibanamex ser\u00e1 su oportunidad el viernes 12 de abril, a las 11 am. Y si se les pasa, no se preocupen, la venta general arranca el 13 de abril en las taquillas del recinto o a trav\u00e9s de Ticketmaster.<\/p>\n\n\n\n<script async src=\"https:\/\/pagead2.googlesyndication.com\/pagead\/js\/adsbygoogle.js?client=ca-pub-5499304793904745\"\n     crossorigin=\"anonymous\"><\/script>\n<ins class=\"adsbygoogle\"\n     style=\"display:block; text-align:center;\"\n     data-ad-layout=\"in-article\"\n     data-ad-format=\"fluid\"\n     data-ad-client=\"ca-pub-5499304793904745\"\n     data-ad-slot=\"5994863093\"><\/ins>\n<script>\n     (adsbygoogle = window.adsbygoogle || []).push({});\n<\/script>\n\n\n\n<p>Prep\u00e1rense para vivir una experiencia musical inolvidable. Fuerza R\u00e9gida llega a la CDMX y promete dejarnos sin aliento. No se pierdan la oportunidad de ser parte de esta historia el 12 de octubre en la Plaza de Toros La M\u00e9xico. <\/p>\n\n<!--themify_builder_content-->\n<div id=\"themify_builder_content-73663\" data-postid=\"73663\" class=\"themify_builder_content themify_builder_content-73663 themify_builder tf_clear\">\n    <\/div>\n<!--\/themify_builder_content-->","protected":false},"excerpt":{"rendered":"<p>La m\u00fasica regional mexicana est\u00e1 por alcanzar su m\u00e1ximo nivel de vibras en la Ciudad de M\u00e9xico con la llegada de Fuerza R\u00e9gida. \u00a1As\u00ed es, anoten la fecha en sus agendas! El 12 de octubre, la Plaza de Toros La M\u00e9xico ser\u00e1 testigo de un evento que marcar\u00e1 historia en el mundo de la m\u00fasica. [&hellip;]<\/p>\n","protected":false},"author":2,"featured_media":73664,"comment_status":"open","ping_status":"open","sticky":false,"template":"","format":"standard","meta":{"_jetpack_memberships_contains_paid_content":false,"footnotes":"","jetpack_publicize_message":"","jetpack_publicize_feature_enabled":true,"jetpack_social_post_already_shared":true,"jetpack_social_options":{"image_generator_settings":{"template":"highway","default_image_id":0,"font":"","enabled":false},"version":2}},"categories":[117],"tags":[1598,7632,1190],"class_list":["post-73663","post","type-post","status-publish","format-standard","has-post-thumbnail","hentry","category-entretenimiento","tag-cdmx","tag-fuerza-regida","tag-tour","has-post-title","has-post-date","has-post-category","has-post-tag","has-post-comment","has-post-author",""],"yoast_head":"<!-- This site is optimized with the Yoast SEO plugin v27.5 - https:\/\/yoast.com\/product\/yoast-seo-wordpress\/ -->\n<title>\u00a1Fuerza R\u00e9gida en la CDMX! - Zero Magazine<\/title>\n<meta name=\"robots\" content=\"index, follow, max-snippet:-1, max-image-preview:large, max-video-preview:-1\" \/>\n<link rel=\"canonical\" href=\"https:\/\/zeromagazine.mx\/index.php\/2024\/04\/10\/fuerza-regida-en-la-cdmx\/\" \/>\n<meta property=\"og:locale\" content=\"es_ES\" \/>\n<meta property=\"og:type\" content=\"article\" \/>\n<meta property=\"og:title\" content=\"\u00a1Fuerza R\u00e9gida en la CDMX! - Zero Magazine\" \/>\n<meta property=\"og:description\" content=\"La m\u00fasica regional mexicana est\u00e1 por alcanzar su m\u00e1ximo nivel de vibras en la Ciudad de M\u00e9xico con la llegada de Fuerza R\u00e9gida. \u00a1As\u00ed es, anoten la fecha en sus agendas! El 12 de octubre, la Plaza de Toros La M\u00e9xico ser\u00e1 testigo de un evento que marcar\u00e1 historia en el mundo de la m\u00fasica. [&hellip;]\" \/>\n<meta property=\"og:url\" content=\"https:\/\/zeromagazine.mx\/index.php\/2024\/04\/10\/fuerza-regida-en-la-cdmx\/\" \/>\n<meta property=\"og:site_name\" content=\"Zero Magazine\" \/>\n<meta property=\"article:published_time\" content=\"2024-04-10T15:20:13+00:00\" \/>\n<meta property=\"article:modified_time\" content=\"2024-04-10T15:20:17+00:00\" \/>\n<meta property=\"og:image\" content=\"https:\/\/i0.wp.com\/zeromagazine.mx\/wp-content\/uploads\/2024\/04\/FR_PT-7.jpg?fit=1080%2C1350&ssl=1\" \/>\n\t<meta property=\"og:image:width\" content=\"1080\" \/>\n\t<meta property=\"og:image:height\" content=\"1350\" \/>\n\t<meta property=\"og:image:type\" content=\"image\/jpeg\" \/>\n<meta name=\"author\" content=\"zeromagazinemx\" \/>\n<meta name=\"twitter:card\" content=\"summary_large_image\" \/>\n<meta name=\"twitter:label1\" content=\"Escrito por\" \/>\n\t<meta name=\"twitter:data1\" content=\"zeromagazinemx\" \/>\n\t<meta name=\"twitter:label2\" content=\"Tiempo de lectura\" \/>\n\t<meta name=\"twitter:data2\" content=\"2 minutos\" \/>\n<script type=\"application\/ld+json\" class=\"yoast-schema-graph\">{\"@context\":\"https:\\\/\\\/schema.org\",\"@graph\":[{\"@type\":\"Article\",\"@id\":\"https:\\\/\\\/zeromagazine.mx\\\/index.php\\\/2024\\\/04\\\/10\\\/fuerza-regida-en-la-cdmx\\\/#article\",\"isPartOf\":{\"@id\":\"https:\\\/\\\/zeromagazine.mx\\\/index.php\\\/2024\\\/04\\\/10\\\/fuerza-regida-en-la-cdmx\\\/\"},\"author\":{\"name\":\"zeromagazinemx\",\"@id\":\"https:\\\/\\\/zeromagazine.mx\\\/#\\\/schema\\\/person\\\/9aed9f33a7c39af3a348b86d723f7773\"},\"headline\":\"\u00a1Fuerza R\u00e9gida en la CDMX!\",\"datePublished\":\"2024-04-10T15:20:13+00:00\",\"dateModified\":\"2024-04-10T15:20:17+00:00\",\"mainEntityOfPage\":{\"@id\":\"https:\\\/\\\/zeromagazine.mx\\\/index.php\\\/2024\\\/04\\\/10\\\/fuerza-regida-en-la-cdmx\\\/\"},\"wordCount\":398,\"commentCount\":0,\"publisher\":{\"@id\":\"https:\\\/\\\/zeromagazine.mx\\\/#organization\"},\"image\":{\"@id\":\"https:\\\/\\\/zeromagazine.mx\\\/index.php\\\/2024\\\/04\\\/10\\\/fuerza-regida-en-la-cdmx\\\/#primaryimage\"},\"thumbnailUrl\":\"https:\\\/\\\/i0.wp.com\\\/zeromagazine.mx\\\/wp-content\\\/uploads\\\/2024\\\/04\\\/FR_PT-7.jpg?fit=1080%2C1350&ssl=1\",\"keywords\":[\"CDMX\",\"Fuerza Regida\",\"TOUR\"],\"articleSection\":[\"Entretenimiento\"],\"inLanguage\":\"es\",\"potentialAction\":[{\"@type\":\"CommentAction\",\"name\":\"Comment\",\"target\":[\"https:\\\/\\\/zeromagazine.mx\\\/index.php\\\/2024\\\/04\\\/10\\\/fuerza-regida-en-la-cdmx\\\/#respond\"]}]},{\"@type\":\"WebPage\",\"@id\":\"https:\\\/\\\/zeromagazine.mx\\\/index.php\\\/2024\\\/04\\\/10\\\/fuerza-regida-en-la-cdmx\\\/\",\"url\":\"https:\\\/\\\/zeromagazine.mx\\\/index.php\\\/2024\\\/04\\\/10\\\/fuerza-regida-en-la-cdmx\\\/\",\"name\":\"\u00a1Fuerza R\u00e9gida en la CDMX! - Zero Magazine\",\"isPartOf\":{\"@id\":\"https:\\\/\\\/zeromagazine.mx\\\/#website\"},\"primaryImageOfPage\":{\"@id\":\"https:\\\/\\\/zeromagazine.mx\\\/index.php\\\/2024\\\/04\\\/10\\\/fuerza-regida-en-la-cdmx\\\/#primaryimage\"},\"image\":{\"@id\":\"https:\\\/\\\/zeromagazine.mx\\\/index.php\\\/2024\\\/04\\\/10\\\/fuerza-regida-en-la-cdmx\\\/#primaryimage\"},\"thumbnailUrl\":\"https:\\\/\\\/i0.wp.com\\\/zeromagazine.mx\\\/wp-content\\\/uploads\\\/2024\\\/04\\\/FR_PT-7.jpg?fit=1080%2C1350&ssl=1\",\"datePublished\":\"2024-04-10T15:20:13+00:00\",\"dateModified\":\"2024-04-10T15:20:17+00:00\",\"breadcrumb\":{\"@id\":\"https:\\\/\\\/zeromagazine.mx\\\/index.php\\\/2024\\\/04\\\/10\\\/fuerza-regida-en-la-cdmx\\\/#breadcrumb\"},\"inLanguage\":\"es\",\"potentialAction\":[{\"@type\":\"ReadAction\",\"target\":[\"https:\\\/\\\/zeromagazine.mx\\\/index.php\\\/2024\\\/04\\\/10\\\/fuerza-regida-en-la-cdmx\\\/\"]}]},{\"@type\":\"ImageObject\",\"inLanguage\":\"es\",\"@id\":\"https:\\\/\\\/zeromagazine.mx\\\/index.php\\\/2024\\\/04\\\/10\\\/fuerza-regida-en-la-cdmx\\\/#primaryimage\",\"url\":\"https:\\\/\\\/i0.wp.com\\\/zeromagazine.mx\\\/wp-content\\\/uploads\\\/2024\\\/04\\\/FR_PT-7.jpg?fit=1080%2C1350&ssl=1\",\"contentUrl\":\"https:\\\/\\\/i0.wp.com\\\/zeromagazine.mx\\\/wp-content\\\/uploads\\\/2024\\\/04\\\/FR_PT-7.jpg?fit=1080%2C1350&ssl=1\",\"width\":1080,\"height\":1350},{\"@type\":\"BreadcrumbList\",\"@id\":\"https:\\\/\\\/zeromagazine.mx\\\/index.php\\\/2024\\\/04\\\/10\\\/fuerza-regida-en-la-cdmx\\\/#breadcrumb\",\"itemListElement\":[{\"@type\":\"ListItem\",\"position\":1,\"name\":\"Portada\",\"item\":\"https:\\\/\\\/zeromagazine.mx\\\/\"},{\"@type\":\"ListItem\",\"position\":2,\"name\":\"\u00a1Fuerza R\u00e9gida en la CDMX!\"}]},{\"@type\":\"WebSite\",\"@id\":\"https:\\\/\\\/zeromagazine.mx\\\/#website\",\"url\":\"https:\\\/\\\/zeromagazine.mx\\\/\",\"name\":\"Zero Magazine\",\"description\":\"\",\"publisher\":{\"@id\":\"https:\\\/\\\/zeromagazine.mx\\\/#organization\"},\"potentialAction\":[{\"@type\":\"SearchAction\",\"target\":{\"@type\":\"EntryPoint\",\"urlTemplate\":\"https:\\\/\\\/zeromagazine.mx\\\/?s={search_term_string}\"},\"query-input\":{\"@type\":\"PropertyValueSpecification\",\"valueRequired\":true,\"valueName\":\"search_term_string\"}}],\"inLanguage\":\"es\"},{\"@type\":\"Organization\",\"@id\":\"https:\\\/\\\/zeromagazine.mx\\\/#organization\",\"name\":\"Zero Magazine\",\"url\":\"https:\\\/\\\/zeromagazine.mx\\\/\",\"logo\":{\"@type\":\"ImageObject\",\"inLanguage\":\"es\",\"@id\":\"https:\\\/\\\/zeromagazine.mx\\\/#\\\/schema\\\/logo\\\/image\\\/\",\"url\":\"https:\\\/\\\/i0.wp.com\\\/zeromagazine.mx\\\/wp-content\\\/uploads\\\/2025\\\/11\\\/1.jpeg?fit=1000%2C1000&ssl=1\",\"contentUrl\":\"https:\\\/\\\/i0.wp.com\\\/zeromagazine.mx\\\/wp-content\\\/uploads\\\/2025\\\/11\\\/1.jpeg?fit=1000%2C1000&ssl=1\",\"width\":1000,\"height\":1000,\"caption\":\"Zero Magazine\"},\"image\":{\"@id\":\"https:\\\/\\\/zeromagazine.mx\\\/#\\\/schema\\\/logo\\\/image\\\/\"},\"sameAs\":[\"https:\\\/\\\/instagram.com\\\/zeromagazinemx\"]},{\"@type\":\"Person\",\"@id\":\"https:\\\/\\\/zeromagazine.mx\\\/#\\\/schema\\\/person\\\/9aed9f33a7c39af3a348b86d723f7773\",\"name\":\"zeromagazinemx\",\"image\":{\"@type\":\"ImageObject\",\"inLanguage\":\"es\",\"@id\":\"https:\\\/\\\/zeromagazine.mx\\\/wp-content\\\/litespeed\\\/avatar\\\/f91dfe5410d5dcb1a576bf8c45983896.jpg?ver=1777571230\",\"url\":\"https:\\\/\\\/zeromagazine.mx\\\/wp-content\\\/litespeed\\\/avatar\\\/f91dfe5410d5dcb1a576bf8c45983896.jpg?ver=1777571230\",\"contentUrl\":\"https:\\\/\\\/zeromagazine.mx\\\/wp-content\\\/litespeed\\\/avatar\\\/f91dfe5410d5dcb1a576bf8c45983896.jpg?ver=1777571230\",\"caption\":\"zeromagazinemx\"},\"url\":\"https:\\\/\\\/zeromagazine.mx\\\/index.php\\\/author\\\/zeromagazinemx\\\/\"}]}<\/script>\n<!-- \/ Yoast SEO plugin. -->","yoast_head_json":{"title":"\u00a1Fuerza R\u00e9gida en la CDMX! - Zero Magazine","robots":{"index":"index","follow":"follow","max-snippet":"max-snippet:-1","max-image-preview":"max-image-preview:large","max-video-preview":"max-video-preview:-1"},"canonical":"https:\/\/zeromagazine.mx\/index.php\/2024\/04\/10\/fuerza-regida-en-la-cdmx\/","og_locale":"es_ES","og_type":"article","og_title":"\u00a1Fuerza R\u00e9gida en la CDMX! - Zero Magazine","og_description":"La m\u00fasica regional mexicana est\u00e1 por alcanzar su m\u00e1ximo nivel de vibras en la Ciudad de M\u00e9xico con la llegada de Fuerza R\u00e9gida. \u00a1As\u00ed es, anoten la fecha en sus agendas! El 12 de octubre, la Plaza de Toros La M\u00e9xico ser\u00e1 testigo de un evento que marcar\u00e1 historia en el mundo de la m\u00fasica. [&hellip;]","og_url":"https:\/\/zeromagazine.mx\/index.php\/2024\/04\/10\/fuerza-regida-en-la-cdmx\/","og_site_name":"Zero Magazine","article_published_time":"2024-04-10T15:20:13+00:00","article_modified_time":"2024-04-10T15:20:17+00:00","og_image":[{"width":1080,"height":1350,"url":"https:\/\/i0.wp.com\/zeromagazine.mx\/wp-content\/uploads\/2024\/04\/FR_PT-7.jpg?fit=1080%2C1350&ssl=1","type":"image\/jpeg"}],"author":"zeromagazinemx","twitter_card":"summary_large_image","twitter_misc":{"Escrito por":"zeromagazinemx","Tiempo de lectura":"2 minutos"},"schema":{"@context":"https:\/\/schema.org","@graph":[{"@type":"Article","@id":"https:\/\/zeromagazine.mx\/index.php\/2024\/04\/10\/fuerza-regida-en-la-cdmx\/#article","isPartOf":{"@id":"https:\/\/zeromagazine.mx\/index.php\/2024\/04\/10\/fuerza-regida-en-la-cdmx\/"},"author":{"name":"zeromagazinemx","@id":"https:\/\/zeromagazine.mx\/#\/schema\/person\/9aed9f33a7c39af3a348b86d723f7773"},"headline":"\u00a1Fuerza R\u00e9gida en la CDMX!","datePublished":"2024-04-10T15:20:13+00:00","dateModified":"2024-04-10T15:20:17+00:00","mainEntityOfPage":{"@id":"https:\/\/zeromagazine.mx\/index.php\/2024\/04\/10\/fuerza-regida-en-la-cdmx\/"},"wordCount":398,"commentCount":0,"publisher":{"@id":"https:\/\/zeromagazine.mx\/#organization"},"image":{"@id":"https:\/\/zeromagazine.mx\/index.php\/2024\/04\/10\/fuerza-regida-en-la-cdmx\/#primaryimage"},"thumbnailUrl":"https:\/\/i0.wp.com\/zeromagazine.mx\/wp-content\/uploads\/2024\/04\/FR_PT-7.jpg?fit=1080%2C1350&ssl=1","keywords":["CDMX","Fuerza Regida","TOUR"],"articleSection":["Entretenimiento"],"inLanguage":"es","potentialAction":[{"@type":"CommentAction","name":"Comment","target":["https:\/\/zeromagazine.mx\/index.php\/2024\/04\/10\/fuerza-regida-en-la-cdmx\/#respond"]}]},{"@type":"WebPage","@id":"https:\/\/zeromagazine.mx\/index.php\/2024\/04\/10\/fuerza-regida-en-la-cdmx\/","url":"https:\/\/zeromagazine.mx\/index.php\/2024\/04\/10\/fuerza-regida-en-la-cdmx\/","name":"\u00a1Fuerza R\u00e9gida en la CDMX! - Zero Magazine","isPartOf":{"@id":"https:\/\/zeromagazine.mx\/#website"},"primaryImageOfPage":{"@id":"https:\/\/zeromagazine.mx\/index.php\/2024\/04\/10\/fuerza-regida-en-la-cdmx\/#primaryimage"},"image":{"@id":"https:\/\/zeromagazine.mx\/index.php\/2024\/04\/10\/fuerza-regida-en-la-cdmx\/#primaryimage"},"thumbnailUrl":"https:\/\/i0.wp.com\/zeromagazine.mx\/wp-content\/uploads\/2024\/04\/FR_PT-7.jpg?fit=1080%2C1350&ssl=1","datePublished":"2024-04-10T15:20:13+00:00","dateModified":"2024-04-10T15:20:17+00:00","breadcrumb":{"@id":"https:\/\/zeromagazine.mx\/index.php\/2024\/04\/10\/fuerza-regida-en-la-cdmx\/#breadcrumb"},"inLanguage":"es","potentialAction":[{"@type":"ReadAction","target":["https:\/\/zeromagazine.mx\/index.php\/2024\/04\/10\/fuerza-regida-en-la-cdmx\/"]}]},{"@type":"ImageObject","inLanguage":"es","@id":"https:\/\/zeromagazine.mx\/index.php\/2024\/04\/10\/fuerza-regida-en-la-cdmx\/#primaryimage","url":"https:\/\/i0.wp.com\/zeromagazine.mx\/wp-content\/uploads\/2024\/04\/FR_PT-7.jpg?fit=1080%2C1350&ssl=1","contentUrl":"https:\/\/i0.wp.com\/zeromagazine.mx\/wp-content\/uploads\/2024\/04\/FR_PT-7.jpg?fit=1080%2C1350&ssl=1","width":1080,"height":1350},{"@type":"BreadcrumbList","@id":"https:\/\/zeromagazine.mx\/index.php\/2024\/04\/10\/fuerza-regida-en-la-cdmx\/#breadcrumb","itemListElement":[{"@type":"ListItem","position":1,"name":"Portada","item":"https:\/\/zeromagazine.mx\/"},{"@type":"ListItem","position":2,"name":"\u00a1Fuerza R\u00e9gida en la CDMX!"}]},{"@type":"WebSite","@id":"https:\/\/zeromagazine.mx\/#website","url":"https:\/\/zeromagazine.mx\/","name":"Zero Magazine","description":"","publisher":{"@id":"https:\/\/zeromagazine.mx\/#organization"},"potentialAction":[{"@type":"SearchAction","target":{"@type":"EntryPoint","urlTemplate":"https:\/\/zeromagazine.mx\/?s={search_term_string}"},"query-input":{"@type":"PropertyValueSpecification","valueRequired":true,"valueName":"search_term_string"}}],"inLanguage":"es"},{"@type":"Organization","@id":"https:\/\/zeromagazine.mx\/#organization","name":"Zero Magazine","url":"https:\/\/zeromagazine.mx\/","logo":{"@type":"ImageObject","inLanguage":"es","@id":"https:\/\/zeromagazine.mx\/#\/schema\/logo\/image\/","url":"https:\/\/i0.wp.com\/zeromagazine.mx\/wp-content\/uploads\/2025\/11\/1.jpeg?fit=1000%2C1000&ssl=1","contentUrl":"https:\/\/i0.wp.com\/zeromagazine.mx\/wp-content\/uploads\/2025\/11\/1.jpeg?fit=1000%2C1000&ssl=1","width":1000,"height":1000,"caption":"Zero Magazine"},"image":{"@id":"https:\/\/zeromagazine.mx\/#\/schema\/logo\/image\/"},"sameAs":["https:\/\/instagram.com\/zeromagazinemx"]},{"@type":"Person","@id":"https:\/\/zeromagazine.mx\/#\/schema\/person\/9aed9f33a7c39af3a348b86d723f7773","name":"zeromagazinemx","image":{"@type":"ImageObject","inLanguage":"es","@id":"https:\/\/zeromagazine.mx\/wp-content\/litespeed\/avatar\/f91dfe5410d5dcb1a576bf8c45983896.jpg?ver=1777571230","url":"https:\/\/zeromagazine.mx\/wp-content\/litespeed\/avatar\/f91dfe5410d5dcb1a576bf8c45983896.jpg?ver=1777571230","contentUrl":"https:\/\/zeromagazine.mx\/wp-content\/litespeed\/avatar\/f91dfe5410d5dcb1a576bf8c45983896.jpg?ver=1777571230","caption":"zeromagazinemx"},"url":"https:\/\/zeromagazine.mx\/index.php\/author\/zeromagazinemx\/"}]}},"jetpack_publicize_connections":[],"jetpack_featured_media_url":"https:\/\/i0.wp.com\/zeromagazine.mx\/wp-content\/uploads\/2024\/04\/FR_PT-7.jpg?fit=1080%2C1350&ssl=1","jetpack-related-posts":[{"id":83615,"url":"https:\/\/zeromagazine.mx\/index.php\/2024\/09\/10\/asi-se-vivio-el-arre-2024\/","url_meta":{"origin":73663,"position":0},"title":"\u00abAs\u00ed se Vivi\u00f3 el Arre 2024\u00bb","author":"zeromagazinemx","date":"10 de septiembre de 2024","format":false,"excerpt":"Si te perdiste el festival Arre 2024, d\u00e9jame contarte que te perdiste uno de los eventos m\u00e1s \u00e9picos de la temporada. Este fin de semana, la Ciudad de M\u00e9xico se convirti\u00f3 en la capital de la m\u00fasica regional mexicana, y el Aut\u00f3dromo Hermanos Rodr\u00edguez fue el epicentro de una fiesta\u2026","rel":"","context":"En \u00abEntretenimiento\u00bb","block_context":{"text":"Entretenimiento","link":"https:\/\/zeromagazine.mx\/index.php\/category\/entretenimiento\/"},"img":{"alt_text":"","src":"https:\/\/i0.wp.com\/zeromagazine.mx\/wp-content\/uploads\/2024\/09\/458525710_17914128809993314_8827001809878067214_n.jpeg?fit=1200%2C898&ssl=1&resize=350%2C200","width":350,"height":200,"srcset":"https:\/\/i0.wp.com\/zeromagazine.mx\/wp-content\/uploads\/2024\/09\/458525710_17914128809993314_8827001809878067214_n.jpeg?fit=1200%2C898&ssl=1&resize=350%2C200 1x, https:\/\/i0.wp.com\/zeromagazine.mx\/wp-content\/uploads\/2024\/09\/458525710_17914128809993314_8827001809878067214_n.jpeg?fit=1200%2C898&ssl=1&resize=525%2C300 1.5x, https:\/\/i0.wp.com\/zeromagazine.mx\/wp-content\/uploads\/2024\/09\/458525710_17914128809993314_8827001809878067214_n.jpeg?fit=1200%2C898&ssl=1&resize=700%2C400 2x, https:\/\/i0.wp.com\/zeromagazine.mx\/wp-content\/uploads\/2024\/09\/458525710_17914128809993314_8827001809878067214_n.jpeg?fit=1200%2C898&ssl=1&resize=1050%2C600 3x"},"classes":[]},{"id":77421,"url":"https:\/\/zeromagazine.mx\/index.php\/2024\/06\/08\/explosion-musical-en-cdmx-anuel-aa-se-une-a-ozuna-para-un-concierto-inolvidable-esta-noche\/","url_meta":{"origin":73663,"position":1},"title":"Explosi\u00f3n Musical en CDMX: Anuel AA se Une a Ozuna para un Concierto Inolvidable Esta Noche","author":"David Morales","date":"8 de junio de 2024","format":false,"excerpt":"La Ciudad de M\u00e9xico est\u00e1 a punto de vivir una noche \u00e9pica que quedar\u00e1 grabada en la memoria de todes nosotres amantes de la m\u00fasica urbana. Hoy, viernes 7 de junio, el Estadio Azteca ser\u00e1 el escenario de un evento espectacular con Ozuna y Anuel AA, dos grandes del reggaet\u00f3n\u2026","rel":"","context":"En \u00abBlog\u00bb","block_context":{"text":"Blog","link":"https:\/\/zeromagazine.mx\/index.php\/category\/blog\/"},"img":{"alt_text":"","src":"https:\/\/i0.wp.com\/zeromagazine.mx\/wp-content\/uploads\/2024\/06\/OZUNA-ANUNCIO-ANUEL-CARTEL.jpeg?fit=1200%2C1200&ssl=1&resize=350%2C200","width":350,"height":200,"srcset":"https:\/\/i0.wp.com\/zeromagazine.mx\/wp-content\/uploads\/2024\/06\/OZUNA-ANUNCIO-ANUEL-CARTEL.jpeg?fit=1200%2C1200&ssl=1&resize=350%2C200 1x, https:\/\/i0.wp.com\/zeromagazine.mx\/wp-content\/uploads\/2024\/06\/OZUNA-ANUNCIO-ANUEL-CARTEL.jpeg?fit=1200%2C1200&ssl=1&resize=525%2C300 1.5x, https:\/\/i0.wp.com\/zeromagazine.mx\/wp-content\/uploads\/2024\/06\/OZUNA-ANUNCIO-ANUEL-CARTEL.jpeg?fit=1200%2C1200&ssl=1&resize=700%2C400 2x, https:\/\/i0.wp.com\/zeromagazine.mx\/wp-content\/uploads\/2024\/06\/OZUNA-ANUNCIO-ANUEL-CARTEL.jpeg?fit=1200%2C1200&ssl=1&resize=1050%2C600 3x"},"classes":[]},{"id":75900,"url":"https:\/\/zeromagazine.mx\/index.php\/2024\/05\/13\/the-killers-nueva-fecha-en-cdmx\/","url_meta":{"origin":73663,"position":2},"title":"The Killers: \u00a1Nueva Fecha en CDMX!","author":"zeromagazinemx","date":"13 de mayo de 2024","format":false,"excerpt":"\u00a1Tengan cuidado de no perderse esta noticia \u00e9pica! Resulta que debido al alboroto masivo que causaron en la Ciudad de M\u00e9xico, nuestros amados The Killers han anunciado una segunda fecha en el Foro Sol. \u00bfEst\u00e1n listos para m\u00e1s m\u00fasica incre\u00edble y un show que va a sacudir sus mundos? Porque\u2026","rel":"","context":"En \u00abEntretenimiento\u00bb","block_context":{"text":"Entretenimiento","link":"https:\/\/zeromagazine.mx\/index.php\/category\/entretenimiento\/"},"img":{"alt_text":"","src":"https:\/\/i0.wp.com\/zeromagazine.mx\/wp-content\/uploads\/2024\/05\/CDMX_TheKillers_2daPrev_1200x628.jpg?fit=1200%2C628&ssl=1&resize=350%2C200","width":350,"height":200,"srcset":"https:\/\/i0.wp.com\/zeromagazine.mx\/wp-content\/uploads\/2024\/05\/CDMX_TheKillers_2daPrev_1200x628.jpg?fit=1200%2C628&ssl=1&resize=350%2C200 1x, https:\/\/i0.wp.com\/zeromagazine.mx\/wp-content\/uploads\/2024\/05\/CDMX_TheKillers_2daPrev_1200x628.jpg?fit=1200%2C628&ssl=1&resize=525%2C300 1.5x, https:\/\/i0.wp.com\/zeromagazine.mx\/wp-content\/uploads\/2024\/05\/CDMX_TheKillers_2daPrev_1200x628.jpg?fit=1200%2C628&ssl=1&resize=700%2C400 2x, https:\/\/i0.wp.com\/zeromagazine.mx\/wp-content\/uploads\/2024\/05\/CDMX_TheKillers_2daPrev_1200x628.jpg?fit=1200%2C628&ssl=1&resize=1050%2C600 3x"},"classes":[]},{"id":81552,"url":"https:\/\/zeromagazine.mx\/index.php\/2024\/08\/08\/baja-beach-fest-musica-sol-y-beer\/","url_meta":{"origin":73663,"position":3},"title":"Baja Beach Fest: \u00a1Music, Sol y Beer!","author":"zeromagazinemx","date":"8 de agosto de 2024","format":false,"excerpt":"\u00a1Ey, chiques! \u00bfQu\u00e9 creen? Estoy mega hype porque el verano 2024 va a estar en otro level con el Baja Beach Fest. As\u00ed que vayan armando el plan para tres d\u00edas de pura m\u00fasica urbana, solazo, playita y vibra top en Rosarito, Baja California. Si todav\u00eda no han escuchado de\u2026","rel":"","context":"En \u00abBlog\u00bb","block_context":{"text":"Blog","link":"https:\/\/zeromagazine.mx\/index.php\/category\/blog\/"},"img":{"alt_text":"","src":"https:\/\/i0.wp.com\/zeromagazine.mx\/wp-content\/uploads\/2024\/08\/BAJA-BEACH-FEST-3.jpeg?fit=1200%2C674&ssl=1&resize=350%2C200","width":350,"height":200,"srcset":"https:\/\/i0.wp.com\/zeromagazine.mx\/wp-content\/uploads\/2024\/08\/BAJA-BEACH-FEST-3.jpeg?fit=1200%2C674&ssl=1&resize=350%2C200 1x, https:\/\/i0.wp.com\/zeromagazine.mx\/wp-content\/uploads\/2024\/08\/BAJA-BEACH-FEST-3.jpeg?fit=1200%2C674&ssl=1&resize=525%2C300 1.5x, https:\/\/i0.wp.com\/zeromagazine.mx\/wp-content\/uploads\/2024\/08\/BAJA-BEACH-FEST-3.jpeg?fit=1200%2C674&ssl=1&resize=700%2C400 2x, https:\/\/i0.wp.com\/zeromagazine.mx\/wp-content\/uploads\/2024\/08\/BAJA-BEACH-FEST-3.jpeg?fit=1200%2C674&ssl=1&resize=1050%2C600 3x"},"classes":[]},{"id":107243,"url":"https:\/\/zeromagazine.mx\/index.php\/2025\/08\/12\/zoe-campo-de-fuerza\/","url_meta":{"origin":73663,"position":4},"title":"Zo\u00e9 Campo de Fuerza: nueva era","author":"David Morales","date":"12 de agosto de 2025","format":false,"excerpt":"El silencio termin\u00f3. Zo\u00e9 Campo de Fuerza marca el regreso triunfal de una de las bandas m\u00e1s ic\u00f3nicas del rock latino, que este jueves 14 de agosto lanzar\u00e1 su esperado nuevo sencillo en todas las plataformas digitales. Despu\u00e9s de a\u00f1os de espera, Le\u00f3n Larregui y compa\u00f1\u00eda vuelven con un tema\u2026","rel":"","context":"En \u00abBlog\u00bb","block_context":{"text":"Blog","link":"https:\/\/zeromagazine.mx\/index.php\/category\/blog\/"},"img":{"alt_text":"","src":"https:\/\/i0.wp.com\/zeromagazine.mx\/wp-content\/uploads\/2025\/08\/zoe1-1.jpg?fit=1200%2C675&ssl=1&resize=350%2C200","width":350,"height":200,"srcset":"https:\/\/i0.wp.com\/zeromagazine.mx\/wp-content\/uploads\/2025\/08\/zoe1-1.jpg?fit=1200%2C675&ssl=1&resize=350%2C200 1x, https:\/\/i0.wp.com\/zeromagazine.mx\/wp-content\/uploads\/2025\/08\/zoe1-1.jpg?fit=1200%2C675&ssl=1&resize=525%2C300 1.5x, https:\/\/i0.wp.com\/zeromagazine.mx\/wp-content\/uploads\/2025\/08\/zoe1-1.jpg?fit=1200%2C675&ssl=1&resize=700%2C400 2x, https:\/\/i0.wp.com\/zeromagazine.mx\/wp-content\/uploads\/2025\/08\/zoe1-1.jpg?fit=1200%2C675&ssl=1&resize=1050%2C600 3x"},"classes":[]},{"id":81103,"url":"https:\/\/zeromagazine.mx\/index.php\/2024\/07\/31\/los-gorriones-regreso-tropical-epico\/","url_meta":{"origin":73663,"position":5},"title":"\u00abLos Gorriones: Regreso Tropical \u00c9pico\u00bb","author":"zeromagazinemx","date":"31 de julio de 2024","format":false,"excerpt":"\u00a1Hey, gent@! Si no has escuchado hablar de\u00a0Los Gorriones, est\u00e1s a punto de descubrir algo incre\u00edble. Esta banda, que nos hizo sentir todas las vibes con su m\u00fasica tropical, est\u00e1 de regreso despu\u00e9s de una breve pausa y \u00a1viene con m\u00e1s fuerza que nunca! Prep\u00e1rate para un viaje musical que\u2026","rel":"","context":"En \u00abBlog\u00bb","block_context":{"text":"Blog","link":"https:\/\/zeromagazine.mx\/index.php\/category\/blog\/"},"img":{"alt_text":"","src":"https:\/\/i0.wp.com\/zeromagazine.mx\/wp-content\/uploads\/2024\/07\/WhatsApp-Image-2024-07-30-at-4.16.33-PM.jpeg?fit=1200%2C799&ssl=1&resize=350%2C200","width":350,"height":200,"srcset":"https:\/\/i0.wp.com\/zeromagazine.mx\/wp-content\/uploads\/2024\/07\/WhatsApp-Image-2024-07-30-at-4.16.33-PM.jpeg?fit=1200%2C799&ssl=1&resize=350%2C200 1x, https:\/\/i0.wp.com\/zeromagazine.mx\/wp-content\/uploads\/2024\/07\/WhatsApp-Image-2024-07-30-at-4.16.33-PM.jpeg?fit=1200%2C799&ssl=1&resize=525%2C300 1.5x, https:\/\/i0.wp.com\/zeromagazine.mx\/wp-content\/uploads\/2024\/07\/WhatsApp-Image-2024-07-30-at-4.16.33-PM.jpeg?fit=1200%2C799&ssl=1&resize=700%2C400 2x, https:\/\/i0.wp.com\/zeromagazine.mx\/wp-content\/uploads\/2024\/07\/WhatsApp-Image-2024-07-30-at-4.16.33-PM.jpeg?fit=1200%2C799&ssl=1&resize=1050%2C600 3x"},"classes":[]}],"jetpack_sharing_enabled":true,"builder_content":"","_links":{"self":[{"href":"https:\/\/zeromagazine.mx\/index.php\/wp-json\/wp\/v2\/posts\/73663","targetHints":{"allow":["GET"]}}],"collection":[{"href":"https:\/\/zeromagazine.mx\/index.php\/wp-json\/wp\/v2\/posts"}],"about":[{"href":"https:\/\/zeromagazine.mx\/index.php\/wp-json\/wp\/v2\/types\/post"}],"author":[{"embeddable":true,"href":"https:\/\/zeromagazine.mx\/index.php\/wp-json\/wp\/v2\/users\/2"}],"replies":[{"embeddable":true,"href":"https:\/\/zeromagazine.mx\/index.php\/wp-json\/wp\/v2\/comments?post=73663"}],"version-history":[{"count":3,"href":"https:\/\/zeromagazine.mx\/index.php\/wp-json\/wp\/v2\/posts\/73663\/revisions"}],"predecessor-version":[{"id":73667,"href":"https:\/\/zeromagazine.mx\/index.php\/wp-json\/wp\/v2\/posts\/73663\/revisions\/73667"}],"wp:featuredmedia":[{"embeddable":true,"href":"https:\/\/zeromagazine.mx\/index.php\/wp-json\/wp\/v2\/media\/73664"}],"wp:attachment":[{"href":"https:\/\/zeromagazine.mx\/index.php\/wp-json\/wp\/v2\/media?parent=73663"}],"wp:term":[{"taxonomy":"category","embeddable":true,"href":"https:\/\/zeromagazine.mx\/index.php\/wp-json\/wp\/v2\/categories?post=73663"},{"taxonomy":"post_tag","embeddable":true,"href":"https:\/\/zeromagazine.mx\/index.php\/wp-json\/wp\/v2\/tags?post=73663"}],"curies":[{"name":"wp","href":"https:\/\/api.w.org\/{rel}","templated":true}]}}