{"id":73998,"date":"2024-04-15T21:00:00","date_gmt":"2024-04-15T19:00:00","guid":{"rendered":"https:\/\/zeromagazine.mx\/?p=73998"},"modified":"2024-04-15T20:41:15","modified_gmt":"2024-04-15T18:41:15","slug":"moda-sostenible-ca-y-unicef","status":"publish","type":"post","link":"https:\/\/zeromagazine.mx\/index.php\/2024\/04\/15\/moda-sostenible-ca-y-unicef\/","title":{"rendered":"Moda Sostenible: C&amp;A y UNICEF"},"content":{"rendered":"<p>En C&amp;A, la conciencia medioambiental y el compromiso con la sostenibilidad son pilares fundamentales de su filosof\u00eda. Reconociendo la necesidad imperante de cuidar el planeta para las futuras generaciones, la empresa ha decidido colaborar con UNICEF en una iniciativa destinada a mejorar el acceso al agua, saneamiento e higiene en las escuelas.<\/p>\n\n\n\n<p>La asociaci\u00f3n con UNICEF no se limita a la moda; es un paso significativo hacia acciones tangibles que beneficien tanto a la sociedad como al medio ambiente. A trav\u00e9s de un donativo al Fondo de las Naciones Unidas para la Infancia (UNICEF), C&amp;A respalda la realizaci\u00f3n de un estudio en escuelas de educaci\u00f3n b\u00e1sica en Baja California. Este estudio proporcionar\u00e1 informaci\u00f3n crucial sobre las necesidades y percepciones de los ni\u00f1os y adolescentes en relaci\u00f3n con el agua y la higiene en sus entornos escolares.<\/p>\n\n\n\n<figure class=\"wp-block-image alignwide size-large\"><img data-recalc-dims=\"1\" decoding=\"async\" width=\"1024\" height=\"683\" src=\"https:\/\/i0.wp.com\/zeromagazine.mx\/wp-content\/uploads\/2024\/04\/CA-VERANO24_9398-1024x683.jpg?resize=1024%2C683&#038;ssl=1\" alt=\"\" class=\"wp-image-73999\" srcset=\"https:\/\/i0.wp.com\/zeromagazine.mx\/wp-content\/uploads\/2024\/04\/CA-VERANO24_9398-scaled.jpg?resize=1024%2C683&amp;ssl=1 1024w, https:\/\/i0.wp.com\/zeromagazine.mx\/wp-content\/uploads\/2024\/04\/CA-VERANO24_9398-scaled.jpg?resize=300%2C200&amp;ssl=1 300w, https:\/\/i0.wp.com\/zeromagazine.mx\/wp-content\/uploads\/2024\/04\/CA-VERANO24_9398-scaled.jpg?resize=768%2C512&amp;ssl=1 768w, https:\/\/i0.wp.com\/zeromagazine.mx\/wp-content\/uploads\/2024\/04\/CA-VERANO24_9398-scaled.jpg?resize=1536%2C1024&amp;ssl=1 1536w, https:\/\/i0.wp.com\/zeromagazine.mx\/wp-content\/uploads\/2024\/04\/CA-VERANO24_9398-scaled.jpg?resize=2048%2C1365&amp;ssl=1 2048w, https:\/\/i0.wp.com\/zeromagazine.mx\/wp-content\/uploads\/2024\/04\/CA-VERANO24_9398-scaled.jpg?w=2330 2330w\" sizes=\"(max-width: 1024px) 100vw, 1024px\" \/><\/figure>\n\n\n\n<p><\/p>\n\n\n\n<p>Con estos datos, C&amp;A y UNICEF podr\u00e1n implementar medidas concretas para mejorar los servicios de agua y saneamiento en las escuelas, as\u00ed como influir en pol\u00edticas p\u00fablicas que promuevan un entorno educativo seguro y saludable para todos los estudiantes.<\/p>\n\n\n\n<p>Pero la contribuci\u00f3n de C&amp;A va m\u00e1s all\u00e1 de esta colaboraci\u00f3n. La empresa tambi\u00e9n presenta su colecci\u00f3n Verano Sustentable, que ofrece prendas de moda para la temporada estival y promueve la conciencia ambiental. Esta colecci\u00f3n no solo busca satisfacer las necesidades de moda de los clientes, sino tambi\u00e9n fomentar un estilo de vida m\u00e1s consciente y respetuoso con el medio ambiente.<\/p>\n\n\n\n<figure class=\"wp-block-image alignwide size-large\"><img data-recalc-dims=\"1\" decoding=\"async\" width=\"1024\" height=\"683\" src=\"https:\/\/i0.wp.com\/zeromagazine.mx\/wp-content\/uploads\/2024\/04\/CA-VERANO24_5757-1-1024x683.jpeg?resize=1024%2C683&#038;ssl=1\" alt=\"\" class=\"wp-image-74001\" srcset=\"https:\/\/i0.wp.com\/zeromagazine.mx\/wp-content\/uploads\/2024\/04\/CA-VERANO24_5757-1-scaled.jpeg?resize=1024%2C683&amp;ssl=1 1024w, https:\/\/i0.wp.com\/zeromagazine.mx\/wp-content\/uploads\/2024\/04\/CA-VERANO24_5757-1-scaled.jpeg?resize=300%2C200&amp;ssl=1 300w, https:\/\/i0.wp.com\/zeromagazine.mx\/wp-content\/uploads\/2024\/04\/CA-VERANO24_5757-1-scaled.jpeg?resize=768%2C512&amp;ssl=1 768w, https:\/\/i0.wp.com\/zeromagazine.mx\/wp-content\/uploads\/2024\/04\/CA-VERANO24_5757-1-scaled.jpeg?resize=1536%2C1024&amp;ssl=1 1536w, https:\/\/i0.wp.com\/zeromagazine.mx\/wp-content\/uploads\/2024\/04\/CA-VERANO24_5757-1-scaled.jpeg?resize=2048%2C1365&amp;ssl=1 2048w, https:\/\/i0.wp.com\/zeromagazine.mx\/wp-content\/uploads\/2024\/04\/CA-VERANO24_5757-1-scaled.jpeg?w=2330 2330w\" sizes=\"(max-width: 1024px) 100vw, 1024px\" \/><\/figure>\n\n\n\n<p><\/p>\n\n\n\n<p>Los consumidores pueden encontrar m\u00e1s informaci\u00f3n sobre la colecci\u00f3n y las iniciativas de sostenibilidad de C&amp;A en su sitio web. Porque en C&amp;A, el compromiso va m\u00e1s all\u00e1 de la moda; se trata de hacer del mundo un lugar mejor, una prenda a la vez.<\/p>\n\n<!--themify_builder_content-->\n<div id=\"themify_builder_content-73998\" data-postid=\"73998\" class=\"themify_builder_content themify_builder_content-73998 themify_builder tf_clear\">\n    <\/div>\n<!--\/themify_builder_content-->","protected":false},"excerpt":{"rendered":"<p>En C&amp;A, la conciencia medioambiental y el compromiso con la sostenibilidad son pilares fundamentales de su filosof\u00eda. Reconociendo la necesidad imperante de cuidar el planeta para las futuras generaciones, la empresa ha decidido colaborar con UNICEF en una iniciativa destinada a mejorar el acceso al agua, saneamiento e higiene en las escuelas. La asociaci\u00f3n con [&hellip;]<\/p>\n","protected":false},"author":2,"featured_media":74002,"comment_status":"open","ping_status":"open","sticky":false,"template":"","format":"standard","meta":{"_jetpack_memberships_contains_paid_content":false,"footnotes":"","jetpack_publicize_message":"","jetpack_publicize_feature_enabled":true,"jetpack_social_post_already_shared":true,"jetpack_social_options":{"image_generator_settings":{"template":"highway","default_image_id":0,"font":"","enabled":false},"version":2}},"categories":[1],"tags":[],"class_list":["post-73998","post","type-post","status-publish","format-standard","has-post-thumbnail","hentry","category-blog","has-post-title","has-post-date","has-post-category","has-post-tag","has-post-comment","has-post-author",""],"yoast_head":"<!-- This site is optimized with the Yoast SEO plugin v27.5 - https:\/\/yoast.com\/product\/yoast-seo-wordpress\/ -->\n<title>Moda Sostenible: C&amp;A y UNICEF - Zero Magazine<\/title>\n<meta name=\"robots\" content=\"index, follow, max-snippet:-1, max-image-preview:large, max-video-preview:-1\" \/>\n<link rel=\"canonical\" href=\"https:\/\/zeromagazine.mx\/index.php\/2024\/04\/15\/moda-sostenible-ca-y-unicef\/\" \/>\n<meta property=\"og:locale\" content=\"es_ES\" \/>\n<meta property=\"og:type\" content=\"article\" \/>\n<meta property=\"og:title\" content=\"Moda Sostenible: C&amp;A y UNICEF - Zero Magazine\" \/>\n<meta property=\"og:description\" content=\"En C&amp;A, la conciencia medioambiental y el compromiso con la sostenibilidad son pilares fundamentales de su filosof\u00eda. Reconociendo la necesidad imperante de cuidar el planeta para las futuras generaciones, la empresa ha decidido colaborar con UNICEF en una iniciativa destinada a mejorar el acceso al agua, saneamiento e higiene en las escuelas. La asociaci\u00f3n con [&hellip;]\" \/>\n<meta property=\"og:url\" content=\"https:\/\/zeromagazine.mx\/index.php\/2024\/04\/15\/moda-sostenible-ca-y-unicef\/\" \/>\n<meta property=\"og:site_name\" content=\"Zero Magazine\" \/>\n<meta property=\"article:published_time\" content=\"2024-04-15T19:00:00+00:00\" \/>\n<meta property=\"og:image\" content=\"https:\/\/i0.wp.com\/zeromagazine.mx\/wp-content\/uploads\/2024\/04\/CA-VERANO24_5548-scaled.jpeg?fit=2560%2C1707&ssl=1\" \/>\n\t<meta property=\"og:image:width\" content=\"2560\" \/>\n\t<meta property=\"og:image:height\" content=\"1707\" \/>\n\t<meta property=\"og:image:type\" content=\"image\/jpeg\" \/>\n<meta name=\"author\" content=\"zeromagazinemx\" \/>\n<meta name=\"twitter:card\" content=\"summary_large_image\" \/>\n<meta name=\"twitter:label1\" content=\"Escrito por\" \/>\n\t<meta name=\"twitter:data1\" content=\"zeromagazinemx\" \/>\n\t<meta name=\"twitter:label2\" content=\"Tiempo de lectura\" \/>\n\t<meta name=\"twitter:data2\" content=\"2 minutos\" \/>\n<script type=\"application\/ld+json\" class=\"yoast-schema-graph\">{\"@context\":\"https:\\\/\\\/schema.org\",\"@graph\":[{\"@type\":\"Article\",\"@id\":\"https:\\\/\\\/zeromagazine.mx\\\/index.php\\\/2024\\\/04\\\/15\\\/moda-sostenible-ca-y-unicef\\\/#article\",\"isPartOf\":{\"@id\":\"https:\\\/\\\/zeromagazine.mx\\\/index.php\\\/2024\\\/04\\\/15\\\/moda-sostenible-ca-y-unicef\\\/\"},\"author\":{\"name\":\"zeromagazinemx\",\"@id\":\"https:\\\/\\\/zeromagazine.mx\\\/#\\\/schema\\\/person\\\/9aed9f33a7c39af3a348b86d723f7773\"},\"headline\":\"Moda Sostenible: C&amp;A y UNICEF\",\"datePublished\":\"2024-04-15T19:00:00+00:00\",\"mainEntityOfPage\":{\"@id\":\"https:\\\/\\\/zeromagazine.mx\\\/index.php\\\/2024\\\/04\\\/15\\\/moda-sostenible-ca-y-unicef\\\/\"},\"wordCount\":324,\"commentCount\":0,\"publisher\":{\"@id\":\"https:\\\/\\\/zeromagazine.mx\\\/#organization\"},\"image\":{\"@id\":\"https:\\\/\\\/zeromagazine.mx\\\/index.php\\\/2024\\\/04\\\/15\\\/moda-sostenible-ca-y-unicef\\\/#primaryimage\"},\"thumbnailUrl\":\"https:\\\/\\\/i0.wp.com\\\/zeromagazine.mx\\\/wp-content\\\/uploads\\\/2024\\\/04\\\/CA-VERANO24_5548-scaled.jpeg?fit=2560%2C1707&ssl=1\",\"articleSection\":[\"Blog\"],\"inLanguage\":\"es\",\"potentialAction\":[{\"@type\":\"CommentAction\",\"name\":\"Comment\",\"target\":[\"https:\\\/\\\/zeromagazine.mx\\\/index.php\\\/2024\\\/04\\\/15\\\/moda-sostenible-ca-y-unicef\\\/#respond\"]}]},{\"@type\":\"WebPage\",\"@id\":\"https:\\\/\\\/zeromagazine.mx\\\/index.php\\\/2024\\\/04\\\/15\\\/moda-sostenible-ca-y-unicef\\\/\",\"url\":\"https:\\\/\\\/zeromagazine.mx\\\/index.php\\\/2024\\\/04\\\/15\\\/moda-sostenible-ca-y-unicef\\\/\",\"name\":\"Moda Sostenible: C&amp;A y UNICEF - Zero Magazine\",\"isPartOf\":{\"@id\":\"https:\\\/\\\/zeromagazine.mx\\\/#website\"},\"primaryImageOfPage\":{\"@id\":\"https:\\\/\\\/zeromagazine.mx\\\/index.php\\\/2024\\\/04\\\/15\\\/moda-sostenible-ca-y-unicef\\\/#primaryimage\"},\"image\":{\"@id\":\"https:\\\/\\\/zeromagazine.mx\\\/index.php\\\/2024\\\/04\\\/15\\\/moda-sostenible-ca-y-unicef\\\/#primaryimage\"},\"thumbnailUrl\":\"https:\\\/\\\/i0.wp.com\\\/zeromagazine.mx\\\/wp-content\\\/uploads\\\/2024\\\/04\\\/CA-VERANO24_5548-scaled.jpeg?fit=2560%2C1707&ssl=1\",\"datePublished\":\"2024-04-15T19:00:00+00:00\",\"breadcrumb\":{\"@id\":\"https:\\\/\\\/zeromagazine.mx\\\/index.php\\\/2024\\\/04\\\/15\\\/moda-sostenible-ca-y-unicef\\\/#breadcrumb\"},\"inLanguage\":\"es\",\"potentialAction\":[{\"@type\":\"ReadAction\",\"target\":[\"https:\\\/\\\/zeromagazine.mx\\\/index.php\\\/2024\\\/04\\\/15\\\/moda-sostenible-ca-y-unicef\\\/\"]}]},{\"@type\":\"ImageObject\",\"inLanguage\":\"es\",\"@id\":\"https:\\\/\\\/zeromagazine.mx\\\/index.php\\\/2024\\\/04\\\/15\\\/moda-sostenible-ca-y-unicef\\\/#primaryimage\",\"url\":\"https:\\\/\\\/i0.wp.com\\\/zeromagazine.mx\\\/wp-content\\\/uploads\\\/2024\\\/04\\\/CA-VERANO24_5548-scaled.jpeg?fit=2560%2C1707&ssl=1\",\"contentUrl\":\"https:\\\/\\\/i0.wp.com\\\/zeromagazine.mx\\\/wp-content\\\/uploads\\\/2024\\\/04\\\/CA-VERANO24_5548-scaled.jpeg?fit=2560%2C1707&ssl=1\",\"width\":2560,\"height\":1707},{\"@type\":\"BreadcrumbList\",\"@id\":\"https:\\\/\\\/zeromagazine.mx\\\/index.php\\\/2024\\\/04\\\/15\\\/moda-sostenible-ca-y-unicef\\\/#breadcrumb\",\"itemListElement\":[{\"@type\":\"ListItem\",\"position\":1,\"name\":\"Portada\",\"item\":\"https:\\\/\\\/zeromagazine.mx\\\/\"},{\"@type\":\"ListItem\",\"position\":2,\"name\":\"Moda Sostenible: C&amp;A y UNICEF\"}]},{\"@type\":\"WebSite\",\"@id\":\"https:\\\/\\\/zeromagazine.mx\\\/#website\",\"url\":\"https:\\\/\\\/zeromagazine.mx\\\/\",\"name\":\"Zero Magazine\",\"description\":\"\",\"publisher\":{\"@id\":\"https:\\\/\\\/zeromagazine.mx\\\/#organization\"},\"potentialAction\":[{\"@type\":\"SearchAction\",\"target\":{\"@type\":\"EntryPoint\",\"urlTemplate\":\"https:\\\/\\\/zeromagazine.mx\\\/?s={search_term_string}\"},\"query-input\":{\"@type\":\"PropertyValueSpecification\",\"valueRequired\":true,\"valueName\":\"search_term_string\"}}],\"inLanguage\":\"es\"},{\"@type\":\"Organization\",\"@id\":\"https:\\\/\\\/zeromagazine.mx\\\/#organization\",\"name\":\"Zero Magazine\",\"url\":\"https:\\\/\\\/zeromagazine.mx\\\/\",\"logo\":{\"@type\":\"ImageObject\",\"inLanguage\":\"es\",\"@id\":\"https:\\\/\\\/zeromagazine.mx\\\/#\\\/schema\\\/logo\\\/image\\\/\",\"url\":\"https:\\\/\\\/i0.wp.com\\\/zeromagazine.mx\\\/wp-content\\\/uploads\\\/2025\\\/11\\\/1.jpeg?fit=1000%2C1000&ssl=1\",\"contentUrl\":\"https:\\\/\\\/i0.wp.com\\\/zeromagazine.mx\\\/wp-content\\\/uploads\\\/2025\\\/11\\\/1.jpeg?fit=1000%2C1000&ssl=1\",\"width\":1000,\"height\":1000,\"caption\":\"Zero Magazine\"},\"image\":{\"@id\":\"https:\\\/\\\/zeromagazine.mx\\\/#\\\/schema\\\/logo\\\/image\\\/\"},\"sameAs\":[\"https:\\\/\\\/instagram.com\\\/zeromagazinemx\"]},{\"@type\":\"Person\",\"@id\":\"https:\\\/\\\/zeromagazine.mx\\\/#\\\/schema\\\/person\\\/9aed9f33a7c39af3a348b86d723f7773\",\"name\":\"zeromagazinemx\",\"image\":{\"@type\":\"ImageObject\",\"inLanguage\":\"es\",\"@id\":\"https:\\\/\\\/zeromagazine.mx\\\/wp-content\\\/litespeed\\\/avatar\\\/f91dfe5410d5dcb1a576bf8c45983896.jpg?ver=1777571230\",\"url\":\"https:\\\/\\\/zeromagazine.mx\\\/wp-content\\\/litespeed\\\/avatar\\\/f91dfe5410d5dcb1a576bf8c45983896.jpg?ver=1777571230\",\"contentUrl\":\"https:\\\/\\\/zeromagazine.mx\\\/wp-content\\\/litespeed\\\/avatar\\\/f91dfe5410d5dcb1a576bf8c45983896.jpg?ver=1777571230\",\"caption\":\"zeromagazinemx\"},\"url\":\"https:\\\/\\\/zeromagazine.mx\\\/index.php\\\/author\\\/zeromagazinemx\\\/\"}]}<\/script>\n<!-- \/ Yoast SEO plugin. -->","yoast_head_json":{"title":"Moda Sostenible: C&amp;A y UNICEF - Zero Magazine","robots":{"index":"index","follow":"follow","max-snippet":"max-snippet:-1","max-image-preview":"max-image-preview:large","max-video-preview":"max-video-preview:-1"},"canonical":"https:\/\/zeromagazine.mx\/index.php\/2024\/04\/15\/moda-sostenible-ca-y-unicef\/","og_locale":"es_ES","og_type":"article","og_title":"Moda Sostenible: C&amp;A y UNICEF - Zero Magazine","og_description":"En C&amp;A, la conciencia medioambiental y el compromiso con la sostenibilidad son pilares fundamentales de su filosof\u00eda. Reconociendo la necesidad imperante de cuidar el planeta para las futuras generaciones, la empresa ha decidido colaborar con UNICEF en una iniciativa destinada a mejorar el acceso al agua, saneamiento e higiene en las escuelas. La asociaci\u00f3n con [&hellip;]","og_url":"https:\/\/zeromagazine.mx\/index.php\/2024\/04\/15\/moda-sostenible-ca-y-unicef\/","og_site_name":"Zero Magazine","article_published_time":"2024-04-15T19:00:00+00:00","og_image":[{"width":2560,"height":1707,"url":"https:\/\/i0.wp.com\/zeromagazine.mx\/wp-content\/uploads\/2024\/04\/CA-VERANO24_5548-scaled.jpeg?fit=2560%2C1707&ssl=1","type":"image\/jpeg"}],"author":"zeromagazinemx","twitter_card":"summary_large_image","twitter_misc":{"Escrito por":"zeromagazinemx","Tiempo de lectura":"2 minutos"},"schema":{"@context":"https:\/\/schema.org","@graph":[{"@type":"Article","@id":"https:\/\/zeromagazine.mx\/index.php\/2024\/04\/15\/moda-sostenible-ca-y-unicef\/#article","isPartOf":{"@id":"https:\/\/zeromagazine.mx\/index.php\/2024\/04\/15\/moda-sostenible-ca-y-unicef\/"},"author":{"name":"zeromagazinemx","@id":"https:\/\/zeromagazine.mx\/#\/schema\/person\/9aed9f33a7c39af3a348b86d723f7773"},"headline":"Moda Sostenible: C&amp;A y UNICEF","datePublished":"2024-04-15T19:00:00+00:00","mainEntityOfPage":{"@id":"https:\/\/zeromagazine.mx\/index.php\/2024\/04\/15\/moda-sostenible-ca-y-unicef\/"},"wordCount":324,"commentCount":0,"publisher":{"@id":"https:\/\/zeromagazine.mx\/#organization"},"image":{"@id":"https:\/\/zeromagazine.mx\/index.php\/2024\/04\/15\/moda-sostenible-ca-y-unicef\/#primaryimage"},"thumbnailUrl":"https:\/\/i0.wp.com\/zeromagazine.mx\/wp-content\/uploads\/2024\/04\/CA-VERANO24_5548-scaled.jpeg?fit=2560%2C1707&ssl=1","articleSection":["Blog"],"inLanguage":"es","potentialAction":[{"@type":"CommentAction","name":"Comment","target":["https:\/\/zeromagazine.mx\/index.php\/2024\/04\/15\/moda-sostenible-ca-y-unicef\/#respond"]}]},{"@type":"WebPage","@id":"https:\/\/zeromagazine.mx\/index.php\/2024\/04\/15\/moda-sostenible-ca-y-unicef\/","url":"https:\/\/zeromagazine.mx\/index.php\/2024\/04\/15\/moda-sostenible-ca-y-unicef\/","name":"Moda Sostenible: C&amp;A y UNICEF - Zero Magazine","isPartOf":{"@id":"https:\/\/zeromagazine.mx\/#website"},"primaryImageOfPage":{"@id":"https:\/\/zeromagazine.mx\/index.php\/2024\/04\/15\/moda-sostenible-ca-y-unicef\/#primaryimage"},"image":{"@id":"https:\/\/zeromagazine.mx\/index.php\/2024\/04\/15\/moda-sostenible-ca-y-unicef\/#primaryimage"},"thumbnailUrl":"https:\/\/i0.wp.com\/zeromagazine.mx\/wp-content\/uploads\/2024\/04\/CA-VERANO24_5548-scaled.jpeg?fit=2560%2C1707&ssl=1","datePublished":"2024-04-15T19:00:00+00:00","breadcrumb":{"@id":"https:\/\/zeromagazine.mx\/index.php\/2024\/04\/15\/moda-sostenible-ca-y-unicef\/#breadcrumb"},"inLanguage":"es","potentialAction":[{"@type":"ReadAction","target":["https:\/\/zeromagazine.mx\/index.php\/2024\/04\/15\/moda-sostenible-ca-y-unicef\/"]}]},{"@type":"ImageObject","inLanguage":"es","@id":"https:\/\/zeromagazine.mx\/index.php\/2024\/04\/15\/moda-sostenible-ca-y-unicef\/#primaryimage","url":"https:\/\/i0.wp.com\/zeromagazine.mx\/wp-content\/uploads\/2024\/04\/CA-VERANO24_5548-scaled.jpeg?fit=2560%2C1707&ssl=1","contentUrl":"https:\/\/i0.wp.com\/zeromagazine.mx\/wp-content\/uploads\/2024\/04\/CA-VERANO24_5548-scaled.jpeg?fit=2560%2C1707&ssl=1","width":2560,"height":1707},{"@type":"BreadcrumbList","@id":"https:\/\/zeromagazine.mx\/index.php\/2024\/04\/15\/moda-sostenible-ca-y-unicef\/#breadcrumb","itemListElement":[{"@type":"ListItem","position":1,"name":"Portada","item":"https:\/\/zeromagazine.mx\/"},{"@type":"ListItem","position":2,"name":"Moda Sostenible: C&amp;A y UNICEF"}]},{"@type":"WebSite","@id":"https:\/\/zeromagazine.mx\/#website","url":"https:\/\/zeromagazine.mx\/","name":"Zero Magazine","description":"","publisher":{"@id":"https:\/\/zeromagazine.mx\/#organization"},"potentialAction":[{"@type":"SearchAction","target":{"@type":"EntryPoint","urlTemplate":"https:\/\/zeromagazine.mx\/?s={search_term_string}"},"query-input":{"@type":"PropertyValueSpecification","valueRequired":true,"valueName":"search_term_string"}}],"inLanguage":"es"},{"@type":"Organization","@id":"https:\/\/zeromagazine.mx\/#organization","name":"Zero Magazine","url":"https:\/\/zeromagazine.mx\/","logo":{"@type":"ImageObject","inLanguage":"es","@id":"https:\/\/zeromagazine.mx\/#\/schema\/logo\/image\/","url":"https:\/\/i0.wp.com\/zeromagazine.mx\/wp-content\/uploads\/2025\/11\/1.jpeg?fit=1000%2C1000&ssl=1","contentUrl":"https:\/\/i0.wp.com\/zeromagazine.mx\/wp-content\/uploads\/2025\/11\/1.jpeg?fit=1000%2C1000&ssl=1","width":1000,"height":1000,"caption":"Zero Magazine"},"image":{"@id":"https:\/\/zeromagazine.mx\/#\/schema\/logo\/image\/"},"sameAs":["https:\/\/instagram.com\/zeromagazinemx"]},{"@type":"Person","@id":"https:\/\/zeromagazine.mx\/#\/schema\/person\/9aed9f33a7c39af3a348b86d723f7773","name":"zeromagazinemx","image":{"@type":"ImageObject","inLanguage":"es","@id":"https:\/\/zeromagazine.mx\/wp-content\/litespeed\/avatar\/f91dfe5410d5dcb1a576bf8c45983896.jpg?ver=1777571230","url":"https:\/\/zeromagazine.mx\/wp-content\/litespeed\/avatar\/f91dfe5410d5dcb1a576bf8c45983896.jpg?ver=1777571230","contentUrl":"https:\/\/zeromagazine.mx\/wp-content\/litespeed\/avatar\/f91dfe5410d5dcb1a576bf8c45983896.jpg?ver=1777571230","caption":"zeromagazinemx"},"url":"https:\/\/zeromagazine.mx\/index.php\/author\/zeromagazinemx\/"}]}},"jetpack_publicize_connections":[],"jetpack_featured_media_url":"https:\/\/i0.wp.com\/zeromagazine.mx\/wp-content\/uploads\/2024\/04\/CA-VERANO24_5548-scaled.jpeg?fit=2560%2C1707&ssl=1","jetpack-related-posts":[{"id":99057,"url":"https:\/\/zeromagazine.mx\/index.php\/2025\/03\/19\/charm-unicef-y-pandora-que-se-une-por-una-causa\/","url_meta":{"origin":73998,"position":0},"title":"Charm Por Una Causa","author":"David Morales","date":"19 de marzo de 2025","format":false,"excerpt":"Amix, si buscan una forma de apoyar una causa incre\u00edble mientras suman algo lindo a su colecci\u00f3n, este es el momento. Pandora acaba de lanzar su nuevo charm de edici\u00f3n especial en apoyo a UNICEF, con el que busca seguir transformando la vida de millones de ni\u00f1es en el mundo.\u2026","rel":"","context":"En \u00abModa\u00bb","block_context":{"text":"Moda","link":"https:\/\/zeromagazine.mx\/index.php\/category\/moda\/"},"img":{"alt_text":"","src":"https:\/\/i0.wp.com\/zeromagazine.mx\/wp-content\/uploads\/2025\/03\/WEB_793744C01_RGB.png?fit=1000%2C1000&ssl=1&resize=350%2C200","width":350,"height":200,"srcset":"https:\/\/i0.wp.com\/zeromagazine.mx\/wp-content\/uploads\/2025\/03\/WEB_793744C01_RGB.png?fit=1000%2C1000&ssl=1&resize=350%2C200 1x, https:\/\/i0.wp.com\/zeromagazine.mx\/wp-content\/uploads\/2025\/03\/WEB_793744C01_RGB.png?fit=1000%2C1000&ssl=1&resize=525%2C300 1.5x, https:\/\/i0.wp.com\/zeromagazine.mx\/wp-content\/uploads\/2025\/03\/WEB_793744C01_RGB.png?fit=1000%2C1000&ssl=1&resize=700%2C400 2x"},"classes":[]},{"id":72798,"url":"https:\/\/zeromagazine.mx\/index.php\/2024\/03\/29\/brilla-con-poder-pandora-y-unicef-lanzan-un-charm-especial-para-celebrar-el-mes-de-la-mujer\/","url_meta":{"origin":73998,"position":1},"title":"Brilla con poder: Pandora y UNICEF lanzan un charm especial para celebrar el Mes de la Mujer","author":"zeromagazinemx","date":"29 de marzo de 2024","format":false,"excerpt":"\u00a1Pandora y UNICEF se est\u00e1n uniendo nuevamente para celebrar el Mes de la Mujer de una manera realmente genial! Saben, en estos tiempos, es importante apoyar y reconocer el incre\u00edble potencial que tienen las chicas de todo el mundo. Y con esta nueva joya, est\u00e1n haciendo exactamente eso. Entonces, \u00bfde\u2026","rel":"","context":"En \u00abDise\u00f1o\u00bb","block_context":{"text":"Dise\u00f1o","link":"https:\/\/zeromagazine.mx\/index.php\/category\/diseno\/"},"img":{"alt_text":"","src":"https:\/\/i0.wp.com\/zeromagazine.mx\/wp-content\/uploads\/2024\/03\/PNGTRPNT_Q124-COLLABS-UNICEF-SOME-ILLUSTRATION-IMAGE-01-LOGO-SQUARE.png?fit=1000%2C1000&ssl=1&resize=350%2C200","width":350,"height":200,"srcset":"https:\/\/i0.wp.com\/zeromagazine.mx\/wp-content\/uploads\/2024\/03\/PNGTRPNT_Q124-COLLABS-UNICEF-SOME-ILLUSTRATION-IMAGE-01-LOGO-SQUARE.png?fit=1000%2C1000&ssl=1&resize=350%2C200 1x, https:\/\/i0.wp.com\/zeromagazine.mx\/wp-content\/uploads\/2024\/03\/PNGTRPNT_Q124-COLLABS-UNICEF-SOME-ILLUSTRATION-IMAGE-01-LOGO-SQUARE.png?fit=1000%2C1000&ssl=1&resize=525%2C300 1.5x, https:\/\/i0.wp.com\/zeromagazine.mx\/wp-content\/uploads\/2024\/03\/PNGTRPNT_Q124-COLLABS-UNICEF-SOME-ILLUSTRATION-IMAGE-01-LOGO-SQUARE.png?fit=1000%2C1000&ssl=1&resize=700%2C400 2x"},"classes":[]},{"id":116812,"url":"https:\/\/zeromagazine.mx\/index.php\/2026\/03\/17\/pandora-unicef-charm-impacto\/","url_meta":{"origin":73998,"position":2},"title":"Pandora UNICEF charm con impacto","author":"Luis Trujano","date":"17 de marzo de 2026","format":false,"excerpt":"En un mundo donde cada compra cuenta (literalmente), el nuevo charm de Pandora en colaboraci\u00f3n con UNICEF llega como ese recordatorio que necesit\u00e1bamos: el estilo tambi\u00e9n puede tener prop\u00f3sito. Porque s\u00ed, amamos la joyer\u00eda por lo aesthetic, pero cuando adem\u00e1s conecta con algo m\u00e1s grande, se vuelve a\u00fan m\u00e1s especial.\u2026","rel":"","context":"En \u00abModa\u00bb","block_context":{"text":"Moda","link":"https:\/\/zeromagazine.mx\/index.php\/category\/moda\/"},"img":{"alt_text":"","src":"https:\/\/i0.wp.com\/zeromagazine.mx\/wp-content\/uploads\/2026\/03\/IMG_6560.jpeg?fit=774%2C968&ssl=1&resize=350%2C200","width":350,"height":200,"srcset":"https:\/\/i0.wp.com\/zeromagazine.mx\/wp-content\/uploads\/2026\/03\/IMG_6560.jpeg?fit=774%2C968&ssl=1&resize=350%2C200 1x, https:\/\/i0.wp.com\/zeromagazine.mx\/wp-content\/uploads\/2026\/03\/IMG_6560.jpeg?fit=774%2C968&ssl=1&resize=525%2C300 1.5x, https:\/\/i0.wp.com\/zeromagazine.mx\/wp-content\/uploads\/2026\/03\/IMG_6560.jpeg?fit=774%2C968&ssl=1&resize=700%2C400 2x"},"classes":[]},{"id":80336,"url":"https:\/\/zeromagazine.mx\/index.php\/2024\/07\/15\/sequia-en-cdmx-que-hacemos\/","url_meta":{"origin":73998,"position":3},"title":"Sequ\u00eda en CDMX: \u00bfQu\u00e9 Hacemos?","author":"zeromagazinemx","date":"15 de julio de 2024","format":false,"excerpt":"Oigan, tenemos que hablar de algo s\u00faper importante que nos afecta a todxs \"La crisis h\u00eddrica\". Este tema ya no es solo un cuento de terror sobre el futuro, es una realidad que est\u00e1 matando gente. S\u00ed, as\u00ed de heavy. La falta de agua potable, agravada por el cambio clim\u00e1tico,\u2026","rel":"","context":"En \u00abBlog\u00bb","block_context":{"text":"Blog","link":"https:\/\/zeromagazine.mx\/index.php\/category\/blog\/"},"img":{"alt_text":"","src":"https:\/\/i0.wp.com\/zeromagazine.mx\/wp-content\/uploads\/2024\/07\/Agua-pura.jpg?fit=1200%2C800&ssl=1&resize=350%2C200","width":350,"height":200,"srcset":"https:\/\/i0.wp.com\/zeromagazine.mx\/wp-content\/uploads\/2024\/07\/Agua-pura.jpg?fit=1200%2C800&ssl=1&resize=350%2C200 1x, https:\/\/i0.wp.com\/zeromagazine.mx\/wp-content\/uploads\/2024\/07\/Agua-pura.jpg?fit=1200%2C800&ssl=1&resize=525%2C300 1.5x, https:\/\/i0.wp.com\/zeromagazine.mx\/wp-content\/uploads\/2024\/07\/Agua-pura.jpg?fit=1200%2C800&ssl=1&resize=700%2C400 2x, https:\/\/i0.wp.com\/zeromagazine.mx\/wp-content\/uploads\/2024\/07\/Agua-pura.jpg?fit=1200%2C800&ssl=1&resize=1050%2C600 3x"},"classes":[]},{"id":107120,"url":"https:\/\/zeromagazine.mx\/index.php\/2025\/08\/01\/saba-invisible-y-ultrainvisible-menstruacion-sin-tabues\/","url_meta":{"origin":73998,"position":4},"title":"Menstruaci\u00f3n sin tab\u00faes, por fin","author":"David Morales","date":"1 de agosto de 2025","format":false,"excerpt":"En pleno 2025, hablar del ciclo menstrual\u00a0deber\u00eda\u00a0ser tan cotidiano como pedir un caf\u00e9, pero no lo es. Aunque millones de personas lo viven cada mes, el silencio a\u00fan domina la conversaci\u00f3n, especialmente cuando hay hombres cerca. Seg\u00fan la Encuesta Nacional de Menstruaci\u00f3n Digna (Essity\u2013UNICEF), el 68\u202f% de las personas en\u2026","rel":"","context":"En \u00abBienestar\u00bb","block_context":{"text":"Bienestar","link":"https:\/\/zeromagazine.mx\/index.php\/category\/lifestyle\/bienestar\/"},"img":{"alt_text":"","src":"https:\/\/i0.wp.com\/zeromagazine.mx\/wp-content\/uploads\/2025\/08\/IMG_5625.jpeg?fit=1200%2C675&ssl=1&resize=350%2C200","width":350,"height":200,"srcset":"https:\/\/i0.wp.com\/zeromagazine.mx\/wp-content\/uploads\/2025\/08\/IMG_5625.jpeg?fit=1200%2C675&ssl=1&resize=350%2C200 1x, https:\/\/i0.wp.com\/zeromagazine.mx\/wp-content\/uploads\/2025\/08\/IMG_5625.jpeg?fit=1200%2C675&ssl=1&resize=525%2C300 1.5x, https:\/\/i0.wp.com\/zeromagazine.mx\/wp-content\/uploads\/2025\/08\/IMG_5625.jpeg?fit=1200%2C675&ssl=1&resize=700%2C400 2x, https:\/\/i0.wp.com\/zeromagazine.mx\/wp-content\/uploads\/2025\/08\/IMG_5625.jpeg?fit=1200%2C675&ssl=1&resize=1050%2C600 3x"},"classes":[]},{"id":119826,"url":"https:\/\/zeromagazine.mx\/index.php\/2026\/04\/30\/hablar-del-ciclo-menstrual\/","url_meta":{"origin":73998,"position":5},"title":"Hablar del ciclo menstrual empieza antes de lo que creemos","author":"David Morales","date":"30 de abril de 2026","format":false,"excerpt":"No es inc\u00f3modo, no es tarde, no es opcional. Es una conversaci\u00f3n que redefine c\u00f3mo crecemos. Durante a\u00f1os, hablar del periodo fue algo que \u201cse explicaba despu\u00e9s\u201d. Despu\u00e9s de que pasaba. Despu\u00e9s del susto. Despu\u00e9s de la incomodidad. Pero en 2026, esa narrativa ya no encaja. Porque cuando se trata\u2026","rel":"","context":"En \u00abBienestar\u00bb","block_context":{"text":"Bienestar","link":"https:\/\/zeromagazine.mx\/index.php\/category\/lifestyle\/bienestar\/"},"img":{"alt_text":"","src":"https:\/\/i0.wp.com\/zeromagazine.mx\/wp-content\/uploads\/2026\/04\/IMG_2485.png?fit=1200%2C800&ssl=1&resize=350%2C200","width":350,"height":200,"srcset":"https:\/\/i0.wp.com\/zeromagazine.mx\/wp-content\/uploads\/2026\/04\/IMG_2485.png?fit=1200%2C800&ssl=1&resize=350%2C200 1x, https:\/\/i0.wp.com\/zeromagazine.mx\/wp-content\/uploads\/2026\/04\/IMG_2485.png?fit=1200%2C800&ssl=1&resize=525%2C300 1.5x, https:\/\/i0.wp.com\/zeromagazine.mx\/wp-content\/uploads\/2026\/04\/IMG_2485.png?fit=1200%2C800&ssl=1&resize=700%2C400 2x, https:\/\/i0.wp.com\/zeromagazine.mx\/wp-content\/uploads\/2026\/04\/IMG_2485.png?fit=1200%2C800&ssl=1&resize=1050%2C600 3x"},"classes":[]}],"jetpack_sharing_enabled":true,"builder_content":"","_links":{"self":[{"href":"https:\/\/zeromagazine.mx\/index.php\/wp-json\/wp\/v2\/posts\/73998","targetHints":{"allow":["GET"]}}],"collection":[{"href":"https:\/\/zeromagazine.mx\/index.php\/wp-json\/wp\/v2\/posts"}],"about":[{"href":"https:\/\/zeromagazine.mx\/index.php\/wp-json\/wp\/v2\/types\/post"}],"author":[{"embeddable":true,"href":"https:\/\/zeromagazine.mx\/index.php\/wp-json\/wp\/v2\/users\/2"}],"replies":[{"embeddable":true,"href":"https:\/\/zeromagazine.mx\/index.php\/wp-json\/wp\/v2\/comments?post=73998"}],"version-history":[{"count":1,"href":"https:\/\/zeromagazine.mx\/index.php\/wp-json\/wp\/v2\/posts\/73998\/revisions"}],"predecessor-version":[{"id":74003,"href":"https:\/\/zeromagazine.mx\/index.php\/wp-json\/wp\/v2\/posts\/73998\/revisions\/74003"}],"wp:featuredmedia":[{"embeddable":true,"href":"https:\/\/zeromagazine.mx\/index.php\/wp-json\/wp\/v2\/media\/74002"}],"wp:attachment":[{"href":"https:\/\/zeromagazine.mx\/index.php\/wp-json\/wp\/v2\/media?parent=73998"}],"wp:term":[{"taxonomy":"category","embeddable":true,"href":"https:\/\/zeromagazine.mx\/index.php\/wp-json\/wp\/v2\/categories?post=73998"},{"taxonomy":"post_tag","embeddable":true,"href":"https:\/\/zeromagazine.mx\/index.php\/wp-json\/wp\/v2\/tags?post=73998"}],"curies":[{"name":"wp","href":"https:\/\/api.w.org\/{rel}","templated":true}]}}