{"id":74022,"date":"2024-04-15T23:00:00","date_gmt":"2024-04-15T21:00:00","guid":{"rendered":"https:\/\/zeromagazine.mx\/?p=74022"},"modified":"2024-04-15T21:46:35","modified_gmt":"2024-04-15T19:46:35","slug":"cortes-trendy-2024-por-ana-karen-gonzalez","status":"publish","type":"post","link":"https:\/\/zeromagazine.mx\/index.php\/2024\/04\/15\/cortes-trendy-2024-por-ana-karen-gonzalez\/","title":{"rendered":"Cortes Trendy 2024 por Ana Karen Gonz\u00e1lez"},"content":{"rendered":"<p>\u00bfListes para descubrir las tendencias m\u00e1s hot de este 2024 en cuanto a cortes de cabello se refiere? \u00a1Pues aqu\u00ed te van algunas que definitivamente no puedes dejar pasar!<\/p>\n\n\n\n<script async src=\"https:\/\/pagead2.googlesyndication.com\/pagead\/js\/adsbygoogle.js?client=ca-pub-5499304793904745\"\n     crossorigin=\"anonymous\"><\/script>\n<ins class=\"adsbygoogle\"\n     style=\"display:block; text-align:center;\"\n     data-ad-layout=\"in-article\"\n     data-ad-format=\"fluid\"\n     data-ad-client=\"ca-pub-5499304793904745\"\n     data-ad-slot=\"5994863093\"><\/ins>\n<script>\n     (adsbygoogle = window.adsbygoogle || []).push({});\n<\/script>\n\n\n\n<p>Empecemos con los \u00abbangs\u00bb, esos flequillos que est\u00e1n causando sensaci\u00f3n. Cortos, medianos o largos, \u00a1todos son bienvenidos! Desde los texturizados hasta los m\u00e1s definidos, estos flequillos son la opci\u00f3n perfecta para darle un giro radical a tu look sin tener que sacrificar la longitud de tu melena. \u00bfLo mejor? \u00a1Le dan una armon\u00eda incre\u00edble a tu rostro y te hacen lucir fresquecita y renovada al instante!<\/p>\n\n\n<div class=\"wp-block-image\">\n<figure class=\"aligncenter size-large\"><img data-recalc-dims=\"1\" decoding=\"async\" width=\"819\" height=\"1024\" src=\"https:\/\/i0.wp.com\/zeromagazine.mx\/wp-content\/uploads\/2024\/04\/4ea175ea-9b86-4859-a472-a8f7c71be5da-819x1024.jpg?resize=819%2C1024&#038;ssl=1\" alt=\"\" class=\"wp-image-74023\" srcset=\"https:\/\/i0.wp.com\/zeromagazine.mx\/wp-content\/uploads\/2024\/04\/4ea175ea-9b86-4859-a472-a8f7c71be5da.jpg?resize=819%2C1024&amp;ssl=1 819w, https:\/\/i0.wp.com\/zeromagazine.mx\/wp-content\/uploads\/2024\/04\/4ea175ea-9b86-4859-a472-a8f7c71be5da.jpg?resize=240%2C300&amp;ssl=1 240w, https:\/\/i0.wp.com\/zeromagazine.mx\/wp-content\/uploads\/2024\/04\/4ea175ea-9b86-4859-a472-a8f7c71be5da.jpg?resize=768%2C960&amp;ssl=1 768w, https:\/\/i0.wp.com\/zeromagazine.mx\/wp-content\/uploads\/2024\/04\/4ea175ea-9b86-4859-a472-a8f7c71be5da.jpg?w=1024&amp;ssl=1 1024w\" sizes=\"(max-width: 819px) 100vw, 819px\" \/><\/figure>\n<\/div>\n\n\n<p>Ahora, hablemos del \u00abmessy bob\u00bb, ese corte que grita determinaci\u00f3n y libertad. \u00bfQu\u00e9 tal si te animas a un cambio radical? Este estilo llega hasta la altura de la mand\u00edbula y enmarca perfectamente tu rostro, d\u00e1ndote un toque de elegancia instant\u00e1nea. Adem\u00e1s, \u00a1es s\u00faper vers\u00e1til y favorece a todo tipo de rostros! \u00bfY sabes qu\u00e9 es lo mejor? \u00a1Puedes a\u00f1adirle unas ondas relajadas para darle un toque m\u00e1s din\u00e1mico!<\/p>\n\n\n<div class=\"wp-block-image\">\n<figure class=\"aligncenter size-full\"><img data-recalc-dims=\"1\" decoding=\"async\" width=\"480\" height=\"720\" src=\"https:\/\/i0.wp.com\/zeromagazine.mx\/wp-content\/uploads\/2024\/04\/35eb35ed-af85-427b-a7a7-77a8e71556d7.jpg?resize=480%2C720&#038;ssl=1\" alt=\"\" class=\"wp-image-74024\" srcset=\"https:\/\/i0.wp.com\/zeromagazine.mx\/wp-content\/uploads\/2024\/04\/35eb35ed-af85-427b-a7a7-77a8e71556d7.jpg?w=480&amp;ssl=1 480w, https:\/\/i0.wp.com\/zeromagazine.mx\/wp-content\/uploads\/2024\/04\/35eb35ed-af85-427b-a7a7-77a8e71556d7.jpg?resize=200%2C300&amp;ssl=1 200w\" sizes=\"(max-width: 480px) 100vw, 480px\" \/><\/figure>\n<\/div>\n\n\n<p><\/p>\n\n\n\n<p>Por otro lado, tenemos el \u00abshaggy haircut\u00bb, ese corte lleno de capas que le dan un aire desenfadado y muy cool a tu melena. \u00bfLo mejor? Es s\u00faper f\u00e1cil de peinar y puedes dejarlo al natural para esos d\u00edas en los que prefieres la comodidad. Acomp\u00e1\u00f1alo con un flequillo largo y despeinado para ese toque relajado y rebelde que tanto nos gusta. \u00a1Se inspira en la vibra setentera y es el complemento perfecto para un outfit natural y desenfadado!<\/p>\n\n\n\n<figure class=\"wp-block-image alignwide size-large\"><img data-recalc-dims=\"1\" decoding=\"async\" width=\"1024\" height=\"576\" src=\"https:\/\/i0.wp.com\/zeromagazine.mx\/wp-content\/uploads\/2024\/04\/06f22fdc-d416-4047-a922-3c532f6cfe3e.jpg?resize=1024%2C576\" alt=\"\" class=\"wp-image-74025\" srcset=\"https:\/\/i0.wp.com\/zeromagazine.mx\/wp-content\/uploads\/2024\/04\/06f22fdc-d416-4047-a922-3c532f6cfe3e.jpg?resize=1024%2C576&amp;ssl=1 1024w, https:\/\/i0.wp.com\/zeromagazine.mx\/wp-content\/uploads\/2024\/04\/06f22fdc-d416-4047-a922-3c532f6cfe3e.jpg?resize=300%2C169&amp;ssl=1 300w, https:\/\/i0.wp.com\/zeromagazine.mx\/wp-content\/uploads\/2024\/04\/06f22fdc-d416-4047-a922-3c532f6cfe3e.jpg?resize=768%2C432&amp;ssl=1 768w, https:\/\/i0.wp.com\/zeromagazine.mx\/wp-content\/uploads\/2024\/04\/06f22fdc-d416-4047-a922-3c532f6cfe3e.jpg?resize=1536%2C864&amp;ssl=1 1536w, https:\/\/i0.wp.com\/zeromagazine.mx\/wp-content\/uploads\/2024\/04\/06f22fdc-d416-4047-a922-3c532f6cfe3e.jpg?w=1600&amp;ssl=1 1600w\" sizes=\"(max-width: 1024px) 100vw, 1024px\" \/><\/figure>\n\n\n\n<p><\/p>\n\n\n\n<p>Y todo esto te lo trae Ana Karen Gonz\u00e1lez, Hair Stylist experta en las \u00faltimas tendencias capilares. Con su experiencia y conocimientos, te asegura que estos cortes son la clave para un look incre\u00edble este 2024. En conclusi\u00f3n, este a\u00f1o viene cargado de cortes de cabello que te har\u00e1n lucir incre\u00edblemente chic y con mucha personalidad. Ya sea que optes por los flequillos, el messy bob o el shaggy haircut, \u00a1est\u00e1s garantizando un look lleno de estilo y frescura! As\u00ed que atr\u00e9vete a experimentar y encontrar el corte que mejor se adapte a tu personalidad. \u00a1El mundo del cabello est\u00e1 lleno de posibilidades!<\/p>\n\n\n\n<script async src=\"https:\/\/pagead2.googlesyndication.com\/pagead\/js\/adsbygoogle.js?client=ca-pub-5499304793904745\"\n     crossorigin=\"anonymous\"><\/script>\n<ins class=\"adsbygoogle\"\n     style=\"display:block; text-align:center;\"\n     data-ad-layout=\"in-article\"\n     data-ad-format=\"fluid\"\n     data-ad-client=\"ca-pub-5499304793904745\"\n     data-ad-slot=\"5994863093\"><\/ins>\n<script>\n     (adsbygoogle = window.adsbygoogle || []).push({});\n<\/script>\n\n<!--themify_builder_content-->\n<div id=\"themify_builder_content-74022\" data-postid=\"74022\" class=\"themify_builder_content themify_builder_content-74022 themify_builder tf_clear\">\n    <\/div>\n<!--\/themify_builder_content-->","protected":false},"excerpt":{"rendered":"<p>\u00bfListes para descubrir las tendencias m\u00e1s hot de este 2024 en cuanto a cortes de cabello se refiere? \u00a1Pues aqu\u00ed te van algunas que definitivamente no puedes dejar pasar! Empecemos con los \u00abbangs\u00bb, esos flequillos que est\u00e1n causando sensaci\u00f3n. Cortos, medianos o largos, \u00a1todos son bienvenidos! Desde los texturizados hasta los m\u00e1s definidos, estos flequillos [&hellip;]<\/p>\n","protected":false},"author":2,"featured_media":74025,"comment_status":"open","ping_status":"open","sticky":false,"template":"","format":"standard","meta":{"_jetpack_memberships_contains_paid_content":false,"footnotes":"","jetpack_publicize_message":"","jetpack_publicize_feature_enabled":true,"jetpack_social_post_already_shared":true,"jetpack_social_options":{"image_generator_settings":{"template":"highway","default_image_id":0,"font":"","enabled":false},"version":2}},"categories":[1],"tags":[7733,7734,7387],"class_list":["post-74022","post","type-post","status-publish","format-standard","has-post-thumbnail","hentry","category-blog","tag-ana-karen-gonzalez","tag-cortes-de-cabello","tag-tendencias","has-post-title","has-post-date","has-post-category","has-post-tag","has-post-comment","has-post-author",""],"yoast_head":"<!-- This site is optimized with the Yoast SEO plugin v27.5 - https:\/\/yoast.com\/product\/yoast-seo-wordpress\/ -->\n<title>Cortes Trendy 2024 por Ana Karen Gonz\u00e1lez - Zero Magazine<\/title>\n<meta name=\"robots\" content=\"index, follow, max-snippet:-1, max-image-preview:large, max-video-preview:-1\" \/>\n<link rel=\"canonical\" href=\"https:\/\/zeromagazine.mx\/index.php\/2024\/04\/15\/cortes-trendy-2024-por-ana-karen-gonzalez\/\" \/>\n<meta property=\"og:locale\" content=\"es_ES\" \/>\n<meta property=\"og:type\" content=\"article\" \/>\n<meta property=\"og:title\" content=\"Cortes Trendy 2024 por Ana Karen Gonz\u00e1lez - Zero Magazine\" \/>\n<meta property=\"og:description\" content=\"\u00bfListes para descubrir las tendencias m\u00e1s hot de este 2024 en cuanto a cortes de cabello se refiere? \u00a1Pues aqu\u00ed te van algunas que definitivamente no puedes dejar pasar! Empecemos con los \u00abbangs\u00bb, esos flequillos que est\u00e1n causando sensaci\u00f3n. Cortos, medianos o largos, \u00a1todos son bienvenidos! Desde los texturizados hasta los m\u00e1s definidos, estos flequillos [&hellip;]\" \/>\n<meta property=\"og:url\" content=\"https:\/\/zeromagazine.mx\/index.php\/2024\/04\/15\/cortes-trendy-2024-por-ana-karen-gonzalez\/\" \/>\n<meta property=\"og:site_name\" content=\"Zero Magazine\" \/>\n<meta property=\"article:published_time\" content=\"2024-04-15T21:00:00+00:00\" \/>\n<meta property=\"og:image\" content=\"https:\/\/i0.wp.com\/zeromagazine.mx\/wp-content\/uploads\/2024\/04\/06f22fdc-d416-4047-a922-3c532f6cfe3e.jpg?fit=1600%2C900&ssl=1\" \/>\n\t<meta property=\"og:image:width\" content=\"1600\" \/>\n\t<meta property=\"og:image:height\" content=\"900\" \/>\n\t<meta property=\"og:image:type\" content=\"image\/jpeg\" \/>\n<meta name=\"author\" content=\"zeromagazinemx\" \/>\n<meta name=\"twitter:card\" content=\"summary_large_image\" \/>\n<meta name=\"twitter:label1\" content=\"Escrito por\" \/>\n\t<meta name=\"twitter:data1\" content=\"zeromagazinemx\" \/>\n\t<meta name=\"twitter:label2\" content=\"Tiempo de lectura\" \/>\n\t<meta name=\"twitter:data2\" content=\"2 minutos\" \/>\n<script type=\"application\/ld+json\" class=\"yoast-schema-graph\">{\"@context\":\"https:\\\/\\\/schema.org\",\"@graph\":[{\"@type\":\"Article\",\"@id\":\"https:\\\/\\\/zeromagazine.mx\\\/index.php\\\/2024\\\/04\\\/15\\\/cortes-trendy-2024-por-ana-karen-gonzalez\\\/#article\",\"isPartOf\":{\"@id\":\"https:\\\/\\\/zeromagazine.mx\\\/index.php\\\/2024\\\/04\\\/15\\\/cortes-trendy-2024-por-ana-karen-gonzalez\\\/\"},\"author\":{\"name\":\"zeromagazinemx\",\"@id\":\"https:\\\/\\\/zeromagazine.mx\\\/#\\\/schema\\\/person\\\/9aed9f33a7c39af3a348b86d723f7773\"},\"headline\":\"Cortes Trendy 2024 por Ana Karen Gonz\u00e1lez\",\"datePublished\":\"2024-04-15T21:00:00+00:00\",\"mainEntityOfPage\":{\"@id\":\"https:\\\/\\\/zeromagazine.mx\\\/index.php\\\/2024\\\/04\\\/15\\\/cortes-trendy-2024-por-ana-karen-gonzalez\\\/\"},\"wordCount\":380,\"commentCount\":0,\"publisher\":{\"@id\":\"https:\\\/\\\/zeromagazine.mx\\\/#organization\"},\"image\":{\"@id\":\"https:\\\/\\\/zeromagazine.mx\\\/index.php\\\/2024\\\/04\\\/15\\\/cortes-trendy-2024-por-ana-karen-gonzalez\\\/#primaryimage\"},\"thumbnailUrl\":\"https:\\\/\\\/i0.wp.com\\\/zeromagazine.mx\\\/wp-content\\\/uploads\\\/2024\\\/04\\\/06f22fdc-d416-4047-a922-3c532f6cfe3e.jpg?fit=1600%2C900&ssl=1\",\"keywords\":[\"Ana Karen Gonz\u00e1lez\",\"Cortes de cabello\",\"Tendencias\"],\"articleSection\":[\"Blog\"],\"inLanguage\":\"es\",\"potentialAction\":[{\"@type\":\"CommentAction\",\"name\":\"Comment\",\"target\":[\"https:\\\/\\\/zeromagazine.mx\\\/index.php\\\/2024\\\/04\\\/15\\\/cortes-trendy-2024-por-ana-karen-gonzalez\\\/#respond\"]}]},{\"@type\":\"WebPage\",\"@id\":\"https:\\\/\\\/zeromagazine.mx\\\/index.php\\\/2024\\\/04\\\/15\\\/cortes-trendy-2024-por-ana-karen-gonzalez\\\/\",\"url\":\"https:\\\/\\\/zeromagazine.mx\\\/index.php\\\/2024\\\/04\\\/15\\\/cortes-trendy-2024-por-ana-karen-gonzalez\\\/\",\"name\":\"Cortes Trendy 2024 por Ana Karen Gonz\u00e1lez - Zero Magazine\",\"isPartOf\":{\"@id\":\"https:\\\/\\\/zeromagazine.mx\\\/#website\"},\"primaryImageOfPage\":{\"@id\":\"https:\\\/\\\/zeromagazine.mx\\\/index.php\\\/2024\\\/04\\\/15\\\/cortes-trendy-2024-por-ana-karen-gonzalez\\\/#primaryimage\"},\"image\":{\"@id\":\"https:\\\/\\\/zeromagazine.mx\\\/index.php\\\/2024\\\/04\\\/15\\\/cortes-trendy-2024-por-ana-karen-gonzalez\\\/#primaryimage\"},\"thumbnailUrl\":\"https:\\\/\\\/i0.wp.com\\\/zeromagazine.mx\\\/wp-content\\\/uploads\\\/2024\\\/04\\\/06f22fdc-d416-4047-a922-3c532f6cfe3e.jpg?fit=1600%2C900&ssl=1\",\"datePublished\":\"2024-04-15T21:00:00+00:00\",\"breadcrumb\":{\"@id\":\"https:\\\/\\\/zeromagazine.mx\\\/index.php\\\/2024\\\/04\\\/15\\\/cortes-trendy-2024-por-ana-karen-gonzalez\\\/#breadcrumb\"},\"inLanguage\":\"es\",\"potentialAction\":[{\"@type\":\"ReadAction\",\"target\":[\"https:\\\/\\\/zeromagazine.mx\\\/index.php\\\/2024\\\/04\\\/15\\\/cortes-trendy-2024-por-ana-karen-gonzalez\\\/\"]}]},{\"@type\":\"ImageObject\",\"inLanguage\":\"es\",\"@id\":\"https:\\\/\\\/zeromagazine.mx\\\/index.php\\\/2024\\\/04\\\/15\\\/cortes-trendy-2024-por-ana-karen-gonzalez\\\/#primaryimage\",\"url\":\"https:\\\/\\\/i0.wp.com\\\/zeromagazine.mx\\\/wp-content\\\/uploads\\\/2024\\\/04\\\/06f22fdc-d416-4047-a922-3c532f6cfe3e.jpg?fit=1600%2C900&ssl=1\",\"contentUrl\":\"https:\\\/\\\/i0.wp.com\\\/zeromagazine.mx\\\/wp-content\\\/uploads\\\/2024\\\/04\\\/06f22fdc-d416-4047-a922-3c532f6cfe3e.jpg?fit=1600%2C900&ssl=1\",\"width\":1600,\"height\":900},{\"@type\":\"BreadcrumbList\",\"@id\":\"https:\\\/\\\/zeromagazine.mx\\\/index.php\\\/2024\\\/04\\\/15\\\/cortes-trendy-2024-por-ana-karen-gonzalez\\\/#breadcrumb\",\"itemListElement\":[{\"@type\":\"ListItem\",\"position\":1,\"name\":\"Portada\",\"item\":\"https:\\\/\\\/zeromagazine.mx\\\/\"},{\"@type\":\"ListItem\",\"position\":2,\"name\":\"Cortes Trendy 2024 por Ana Karen Gonz\u00e1lez\"}]},{\"@type\":\"WebSite\",\"@id\":\"https:\\\/\\\/zeromagazine.mx\\\/#website\",\"url\":\"https:\\\/\\\/zeromagazine.mx\\\/\",\"name\":\"Zero Magazine\",\"description\":\"\",\"publisher\":{\"@id\":\"https:\\\/\\\/zeromagazine.mx\\\/#organization\"},\"potentialAction\":[{\"@type\":\"SearchAction\",\"target\":{\"@type\":\"EntryPoint\",\"urlTemplate\":\"https:\\\/\\\/zeromagazine.mx\\\/?s={search_term_string}\"},\"query-input\":{\"@type\":\"PropertyValueSpecification\",\"valueRequired\":true,\"valueName\":\"search_term_string\"}}],\"inLanguage\":\"es\"},{\"@type\":\"Organization\",\"@id\":\"https:\\\/\\\/zeromagazine.mx\\\/#organization\",\"name\":\"Zero Magazine\",\"url\":\"https:\\\/\\\/zeromagazine.mx\\\/\",\"logo\":{\"@type\":\"ImageObject\",\"inLanguage\":\"es\",\"@id\":\"https:\\\/\\\/zeromagazine.mx\\\/#\\\/schema\\\/logo\\\/image\\\/\",\"url\":\"https:\\\/\\\/i0.wp.com\\\/zeromagazine.mx\\\/wp-content\\\/uploads\\\/2025\\\/11\\\/1.jpeg?fit=1000%2C1000&ssl=1\",\"contentUrl\":\"https:\\\/\\\/i0.wp.com\\\/zeromagazine.mx\\\/wp-content\\\/uploads\\\/2025\\\/11\\\/1.jpeg?fit=1000%2C1000&ssl=1\",\"width\":1000,\"height\":1000,\"caption\":\"Zero Magazine\"},\"image\":{\"@id\":\"https:\\\/\\\/zeromagazine.mx\\\/#\\\/schema\\\/logo\\\/image\\\/\"},\"sameAs\":[\"https:\\\/\\\/instagram.com\\\/zeromagazinemx\"]},{\"@type\":\"Person\",\"@id\":\"https:\\\/\\\/zeromagazine.mx\\\/#\\\/schema\\\/person\\\/9aed9f33a7c39af3a348b86d723f7773\",\"name\":\"zeromagazinemx\",\"image\":{\"@type\":\"ImageObject\",\"inLanguage\":\"es\",\"@id\":\"https:\\\/\\\/zeromagazine.mx\\\/wp-content\\\/litespeed\\\/avatar\\\/f91dfe5410d5dcb1a576bf8c45983896.jpg?ver=1777571230\",\"url\":\"https:\\\/\\\/zeromagazine.mx\\\/wp-content\\\/litespeed\\\/avatar\\\/f91dfe5410d5dcb1a576bf8c45983896.jpg?ver=1777571230\",\"contentUrl\":\"https:\\\/\\\/zeromagazine.mx\\\/wp-content\\\/litespeed\\\/avatar\\\/f91dfe5410d5dcb1a576bf8c45983896.jpg?ver=1777571230\",\"caption\":\"zeromagazinemx\"},\"url\":\"https:\\\/\\\/zeromagazine.mx\\\/index.php\\\/author\\\/zeromagazinemx\\\/\"}]}<\/script>\n<!-- \/ Yoast SEO plugin. -->","yoast_head_json":{"title":"Cortes Trendy 2024 por Ana Karen Gonz\u00e1lez - Zero Magazine","robots":{"index":"index","follow":"follow","max-snippet":"max-snippet:-1","max-image-preview":"max-image-preview:large","max-video-preview":"max-video-preview:-1"},"canonical":"https:\/\/zeromagazine.mx\/index.php\/2024\/04\/15\/cortes-trendy-2024-por-ana-karen-gonzalez\/","og_locale":"es_ES","og_type":"article","og_title":"Cortes Trendy 2024 por Ana Karen Gonz\u00e1lez - Zero Magazine","og_description":"\u00bfListes para descubrir las tendencias m\u00e1s hot de este 2024 en cuanto a cortes de cabello se refiere? \u00a1Pues aqu\u00ed te van algunas que definitivamente no puedes dejar pasar! Empecemos con los \u00abbangs\u00bb, esos flequillos que est\u00e1n causando sensaci\u00f3n. Cortos, medianos o largos, \u00a1todos son bienvenidos! Desde los texturizados hasta los m\u00e1s definidos, estos flequillos [&hellip;]","og_url":"https:\/\/zeromagazine.mx\/index.php\/2024\/04\/15\/cortes-trendy-2024-por-ana-karen-gonzalez\/","og_site_name":"Zero Magazine","article_published_time":"2024-04-15T21:00:00+00:00","og_image":[{"width":1600,"height":900,"url":"https:\/\/i0.wp.com\/zeromagazine.mx\/wp-content\/uploads\/2024\/04\/06f22fdc-d416-4047-a922-3c532f6cfe3e.jpg?fit=1600%2C900&ssl=1","type":"image\/jpeg"}],"author":"zeromagazinemx","twitter_card":"summary_large_image","twitter_misc":{"Escrito por":"zeromagazinemx","Tiempo de lectura":"2 minutos"},"schema":{"@context":"https:\/\/schema.org","@graph":[{"@type":"Article","@id":"https:\/\/zeromagazine.mx\/index.php\/2024\/04\/15\/cortes-trendy-2024-por-ana-karen-gonzalez\/#article","isPartOf":{"@id":"https:\/\/zeromagazine.mx\/index.php\/2024\/04\/15\/cortes-trendy-2024-por-ana-karen-gonzalez\/"},"author":{"name":"zeromagazinemx","@id":"https:\/\/zeromagazine.mx\/#\/schema\/person\/9aed9f33a7c39af3a348b86d723f7773"},"headline":"Cortes Trendy 2024 por Ana Karen Gonz\u00e1lez","datePublished":"2024-04-15T21:00:00+00:00","mainEntityOfPage":{"@id":"https:\/\/zeromagazine.mx\/index.php\/2024\/04\/15\/cortes-trendy-2024-por-ana-karen-gonzalez\/"},"wordCount":380,"commentCount":0,"publisher":{"@id":"https:\/\/zeromagazine.mx\/#organization"},"image":{"@id":"https:\/\/zeromagazine.mx\/index.php\/2024\/04\/15\/cortes-trendy-2024-por-ana-karen-gonzalez\/#primaryimage"},"thumbnailUrl":"https:\/\/i0.wp.com\/zeromagazine.mx\/wp-content\/uploads\/2024\/04\/06f22fdc-d416-4047-a922-3c532f6cfe3e.jpg?fit=1600%2C900&ssl=1","keywords":["Ana Karen Gonz\u00e1lez","Cortes de cabello","Tendencias"],"articleSection":["Blog"],"inLanguage":"es","potentialAction":[{"@type":"CommentAction","name":"Comment","target":["https:\/\/zeromagazine.mx\/index.php\/2024\/04\/15\/cortes-trendy-2024-por-ana-karen-gonzalez\/#respond"]}]},{"@type":"WebPage","@id":"https:\/\/zeromagazine.mx\/index.php\/2024\/04\/15\/cortes-trendy-2024-por-ana-karen-gonzalez\/","url":"https:\/\/zeromagazine.mx\/index.php\/2024\/04\/15\/cortes-trendy-2024-por-ana-karen-gonzalez\/","name":"Cortes Trendy 2024 por Ana Karen Gonz\u00e1lez - Zero Magazine","isPartOf":{"@id":"https:\/\/zeromagazine.mx\/#website"},"primaryImageOfPage":{"@id":"https:\/\/zeromagazine.mx\/index.php\/2024\/04\/15\/cortes-trendy-2024-por-ana-karen-gonzalez\/#primaryimage"},"image":{"@id":"https:\/\/zeromagazine.mx\/index.php\/2024\/04\/15\/cortes-trendy-2024-por-ana-karen-gonzalez\/#primaryimage"},"thumbnailUrl":"https:\/\/i0.wp.com\/zeromagazine.mx\/wp-content\/uploads\/2024\/04\/06f22fdc-d416-4047-a922-3c532f6cfe3e.jpg?fit=1600%2C900&ssl=1","datePublished":"2024-04-15T21:00:00+00:00","breadcrumb":{"@id":"https:\/\/zeromagazine.mx\/index.php\/2024\/04\/15\/cortes-trendy-2024-por-ana-karen-gonzalez\/#breadcrumb"},"inLanguage":"es","potentialAction":[{"@type":"ReadAction","target":["https:\/\/zeromagazine.mx\/index.php\/2024\/04\/15\/cortes-trendy-2024-por-ana-karen-gonzalez\/"]}]},{"@type":"ImageObject","inLanguage":"es","@id":"https:\/\/zeromagazine.mx\/index.php\/2024\/04\/15\/cortes-trendy-2024-por-ana-karen-gonzalez\/#primaryimage","url":"https:\/\/i0.wp.com\/zeromagazine.mx\/wp-content\/uploads\/2024\/04\/06f22fdc-d416-4047-a922-3c532f6cfe3e.jpg?fit=1600%2C900&ssl=1","contentUrl":"https:\/\/i0.wp.com\/zeromagazine.mx\/wp-content\/uploads\/2024\/04\/06f22fdc-d416-4047-a922-3c532f6cfe3e.jpg?fit=1600%2C900&ssl=1","width":1600,"height":900},{"@type":"BreadcrumbList","@id":"https:\/\/zeromagazine.mx\/index.php\/2024\/04\/15\/cortes-trendy-2024-por-ana-karen-gonzalez\/#breadcrumb","itemListElement":[{"@type":"ListItem","position":1,"name":"Portada","item":"https:\/\/zeromagazine.mx\/"},{"@type":"ListItem","position":2,"name":"Cortes Trendy 2024 por Ana Karen Gonz\u00e1lez"}]},{"@type":"WebSite","@id":"https:\/\/zeromagazine.mx\/#website","url":"https:\/\/zeromagazine.mx\/","name":"Zero Magazine","description":"","publisher":{"@id":"https:\/\/zeromagazine.mx\/#organization"},"potentialAction":[{"@type":"SearchAction","target":{"@type":"EntryPoint","urlTemplate":"https:\/\/zeromagazine.mx\/?s={search_term_string}"},"query-input":{"@type":"PropertyValueSpecification","valueRequired":true,"valueName":"search_term_string"}}],"inLanguage":"es"},{"@type":"Organization","@id":"https:\/\/zeromagazine.mx\/#organization","name":"Zero Magazine","url":"https:\/\/zeromagazine.mx\/","logo":{"@type":"ImageObject","inLanguage":"es","@id":"https:\/\/zeromagazine.mx\/#\/schema\/logo\/image\/","url":"https:\/\/i0.wp.com\/zeromagazine.mx\/wp-content\/uploads\/2025\/11\/1.jpeg?fit=1000%2C1000&ssl=1","contentUrl":"https:\/\/i0.wp.com\/zeromagazine.mx\/wp-content\/uploads\/2025\/11\/1.jpeg?fit=1000%2C1000&ssl=1","width":1000,"height":1000,"caption":"Zero Magazine"},"image":{"@id":"https:\/\/zeromagazine.mx\/#\/schema\/logo\/image\/"},"sameAs":["https:\/\/instagram.com\/zeromagazinemx"]},{"@type":"Person","@id":"https:\/\/zeromagazine.mx\/#\/schema\/person\/9aed9f33a7c39af3a348b86d723f7773","name":"zeromagazinemx","image":{"@type":"ImageObject","inLanguage":"es","@id":"https:\/\/zeromagazine.mx\/wp-content\/litespeed\/avatar\/f91dfe5410d5dcb1a576bf8c45983896.jpg?ver=1777571230","url":"https:\/\/zeromagazine.mx\/wp-content\/litespeed\/avatar\/f91dfe5410d5dcb1a576bf8c45983896.jpg?ver=1777571230","contentUrl":"https:\/\/zeromagazine.mx\/wp-content\/litespeed\/avatar\/f91dfe5410d5dcb1a576bf8c45983896.jpg?ver=1777571230","caption":"zeromagazinemx"},"url":"https:\/\/zeromagazine.mx\/index.php\/author\/zeromagazinemx\/"}]}},"jetpack_publicize_connections":[],"jetpack_featured_media_url":"https:\/\/i0.wp.com\/zeromagazine.mx\/wp-content\/uploads\/2024\/04\/06f22fdc-d416-4047-a922-3c532f6cfe3e.jpg?fit=1600%2C900&ssl=1","jetpack-related-posts":[{"id":81704,"url":"https:\/\/zeromagazine.mx\/index.php\/2024\/08\/12\/glow-up-cortes-de-pelo-must-have\/","url_meta":{"origin":74022,"position":0},"title":"\u00abGlow Up: Cortes de Pelo Must-Have\u00bb","author":"zeromagazinemx","date":"12 de agosto de 2024","format":false,"excerpt":"Para este regreso a clases, uno de los momentos m\u00e1s emocionantes es ver c\u00f3mo todos llegan con ese glow up despu\u00e9s de las vacaciones. Si est\u00e1s indecisa entre un look en tendencia o algo m\u00e1s c\u00f3modo, aqu\u00ed te dejo la gu\u00eda definitiva para que elijas ese corte que va a\u2026","rel":"","context":"En \u00abBlog\u00bb","block_context":{"text":"Blog","link":"https:\/\/zeromagazine.mx\/index.php\/category\/blog\/"},"img":{"alt_text":"","src":"https:\/\/i0.wp.com\/zeromagazine.mx\/wp-content\/uploads\/2024\/08\/IMG_4670.jpg?fit=800%2C1200&ssl=1&resize=350%2C200","width":350,"height":200,"srcset":"https:\/\/i0.wp.com\/zeromagazine.mx\/wp-content\/uploads\/2024\/08\/IMG_4670.jpg?fit=800%2C1200&ssl=1&resize=350%2C200 1x, https:\/\/i0.wp.com\/zeromagazine.mx\/wp-content\/uploads\/2024\/08\/IMG_4670.jpg?fit=800%2C1200&ssl=1&resize=525%2C300 1.5x, https:\/\/i0.wp.com\/zeromagazine.mx\/wp-content\/uploads\/2024\/08\/IMG_4670.jpg?fit=800%2C1200&ssl=1&resize=700%2C400 2x"},"classes":[]},{"id":78970,"url":"https:\/\/zeromagazine.mx\/index.php\/2024\/06\/20\/ravello-anti-age-renueva-tu-estilo-con-la-tecnica-revolucionaria-de-ana-karen-gonzalez-salon\/","url_meta":{"origin":74022,"position":1},"title":"Ravello Anti-age: Renueva Tu Estilo con la T\u00e9cnica Revolucionaria de Ana Karen Gonz\u00e1lez Sal\u00f3n","author":"zeromagazinemx","date":"20 de junio de 2024","format":false,"excerpt":"Hoy quiero platicarles sobre una t\u00e9cnica de coloraci\u00f3n capilar que est\u00e1 revolucionando el mundo del cuidado personal en la Ciudad de M\u00e9xico: Ravello Anti-age. Esta t\u00e9cnica no solo es una opci\u00f3n ideal para quienes buscan mantenerse j\u00f3venes y radiantes, sino que tambi\u00e9n representa un cambio refrescante en c\u00f3mo abordamos el\u2026","rel":"","context":"En \u00abBienestar\u00bb","block_context":{"text":"Bienestar","link":"https:\/\/zeromagazine.mx\/index.php\/category\/lifestyle\/bienestar\/"},"img":{"alt_text":"","src":"https:\/\/i0.wp.com\/zeromagazine.mx\/wp-content\/uploads\/2024\/06\/24fffe36-9951-4923-857d-94c27bd7cd24.jpg?fit=900%2C1200&ssl=1&resize=350%2C200","width":350,"height":200,"srcset":"https:\/\/i0.wp.com\/zeromagazine.mx\/wp-content\/uploads\/2024\/06\/24fffe36-9951-4923-857d-94c27bd7cd24.jpg?fit=900%2C1200&ssl=1&resize=350%2C200 1x, https:\/\/i0.wp.com\/zeromagazine.mx\/wp-content\/uploads\/2024\/06\/24fffe36-9951-4923-857d-94c27bd7cd24.jpg?fit=900%2C1200&ssl=1&resize=525%2C300 1.5x, https:\/\/i0.wp.com\/zeromagazine.mx\/wp-content\/uploads\/2024\/06\/24fffe36-9951-4923-857d-94c27bd7cd24.jpg?fit=900%2C1200&ssl=1&resize=700%2C400 2x"},"classes":[]},{"id":113636,"url":"https:\/\/zeromagazine.mx\/index.php\/2026\/01\/18\/tendencias-de-cabello-2026-dyson\/","url_meta":{"origin":74022,"position":2},"title":"Tendencias de cabello 2026 que amar\u00e1s","author":"Luis Trujano","date":"18 de enero de 2026","format":false,"excerpt":"Si algo nos ha ense\u00f1ado el mundo beauty \u00faltimamente es que el cabello ya no se trata solo de verse bien, sino de sentirse aut\u00e9nticx. Las tendencias de cabello 2026 vienen con una energ\u00eda mucho m\u00e1s consciente, personalizada y tecnol\u00f3gica, y s\u00ed: est\u00e1n pensadas para personas reales, rutinas reales y\u2026","rel":"","context":"En \u00abBeauty\u00bb","block_context":{"text":"Beauty","link":"https:\/\/zeromagazine.mx\/index.php\/category\/beauty\/"},"img":{"alt_text":"","src":"https:\/\/i0.wp.com\/zeromagazine.mx\/wp-content\/uploads\/2026\/01\/IMG_6336.png?fit=866%2C590&ssl=1&resize=350%2C200","width":350,"height":200,"srcset":"https:\/\/i0.wp.com\/zeromagazine.mx\/wp-content\/uploads\/2026\/01\/IMG_6336.png?fit=866%2C590&ssl=1&resize=350%2C200 1x, https:\/\/i0.wp.com\/zeromagazine.mx\/wp-content\/uploads\/2026\/01\/IMG_6336.png?fit=866%2C590&ssl=1&resize=525%2C300 1.5x, https:\/\/i0.wp.com\/zeromagazine.mx\/wp-content\/uploads\/2026\/01\/IMG_6336.png?fit=866%2C590&ssl=1&resize=700%2C400 2x"},"classes":[]},{"id":117171,"url":"https:\/\/zeromagazine.mx\/index.php\/2026\/03\/23\/salon-ulta-beauty-mexico-urban-hair\/","url_meta":{"origin":74022,"position":3},"title":"Sal\u00f3n Ulta Beauty llega a M\u00e9xico","author":"Luis Trujano","date":"23 de marzo de 2026","format":false,"excerpt":"El mundo beauty en M\u00e9xico acaba de subir de nivel, y s\u00ed, vas a querer agendar cita ASAP. El nuevo Sal\u00f3n Ulta Beauty por Urban Hair de Ulta Beauty ya est\u00e1 aqu\u00ed, y no es solo otro lugar para cortarte el cabello: es toda una experiencia pensada para transformar tu\u2026","rel":"","context":"En \u00abBeauty\u00bb","block_context":{"text":"Beauty","link":"https:\/\/zeromagazine.mx\/index.php\/category\/beauty\/"},"img":{"alt_text":"","src":"https:\/\/i0.wp.com\/zeromagazine.mx\/wp-content\/uploads\/2026\/03\/IMG_6586.png?resize=350%2C200&ssl=1","width":350,"height":200},"classes":[]},{"id":116509,"url":"https:\/\/zeromagazine.mx\/index.php\/2026\/03\/10\/spring-chic-hair-la-melena-viral\/","url_meta":{"origin":74022,"position":4},"title":"Spring Chic Hair: la melena viral","author":"Luis Trujano","date":"10 de marzo de 2026","format":false,"excerpt":"Cuando llega la primavera, todo cambia un poco. La luz se siente diferente, las calles se llenan de color y hasta el ritmo de la ciudad parece m\u00e1s ligero. En lugares como Ciudad de M\u00e9xico, donde las jacarandas pintan el paisaje de violeta, la temporada trae una vibra fresca que\u2026","rel":"","context":"En \u00abBeauty\u00bb","block_context":{"text":"Beauty","link":"https:\/\/zeromagazine.mx\/index.php\/category\/beauty\/"},"img":{"alt_text":"","src":"https:\/\/i0.wp.com\/zeromagazine.mx\/wp-content\/uploads\/2026\/03\/IMG_6552.png?fit=782%2C1188&ssl=1&resize=350%2C200","width":350,"height":200,"srcset":"https:\/\/i0.wp.com\/zeromagazine.mx\/wp-content\/uploads\/2026\/03\/IMG_6552.png?fit=782%2C1188&ssl=1&resize=350%2C200 1x, https:\/\/i0.wp.com\/zeromagazine.mx\/wp-content\/uploads\/2026\/03\/IMG_6552.png?fit=782%2C1188&ssl=1&resize=525%2C300 1.5x, https:\/\/i0.wp.com\/zeromagazine.mx\/wp-content\/uploads\/2026\/03\/IMG_6552.png?fit=782%2C1188&ssl=1&resize=700%2C400 2x"},"classes":[]},{"id":81466,"url":"https:\/\/zeromagazine.mx\/index.php\/2024\/08\/06\/shein-x-karen-vibrant-style-goals\/","url_meta":{"origin":74022,"position":5},"title":"\u00abSHEIN x Karen: Vibrant Style Goals\u00bb","author":"zeromagazinemx","date":"6 de agosto de 2024","format":false,"excerpt":"\u00a1Ey, fashionist@s! Si eres fan de los colores vibrantes y el estilo radiante, prep\u00e1rate porque SHEIN y Karen Barrera est\u00e1n aqu\u00ed para darle un upgrade a tu closet. En este art\u00edculo, vamos a sumergirnos en todo lo que necesitas saber sobre la nueva colaboraci\u00f3n SHEIN x Karen Barrera. Spoiler alert:\u2026","rel":"","context":"En \u00abModa\u00bb","block_context":{"text":"Moda","link":"https:\/\/zeromagazine.mx\/index.php\/category\/moda\/"},"img":{"alt_text":"","src":"https:\/\/i0.wp.com\/zeromagazine.mx\/wp-content\/uploads\/2024\/08\/SHEIN_KB_SET03_LOOK22_3224-v1-scaled.jpg?fit=900%2C1200&ssl=1&resize=350%2C200","width":350,"height":200,"srcset":"https:\/\/i0.wp.com\/zeromagazine.mx\/wp-content\/uploads\/2024\/08\/SHEIN_KB_SET03_LOOK22_3224-v1-scaled.jpg?fit=900%2C1200&ssl=1&resize=350%2C200 1x, https:\/\/i0.wp.com\/zeromagazine.mx\/wp-content\/uploads\/2024\/08\/SHEIN_KB_SET03_LOOK22_3224-v1-scaled.jpg?fit=900%2C1200&ssl=1&resize=525%2C300 1.5x, https:\/\/i0.wp.com\/zeromagazine.mx\/wp-content\/uploads\/2024\/08\/SHEIN_KB_SET03_LOOK22_3224-v1-scaled.jpg?fit=900%2C1200&ssl=1&resize=700%2C400 2x"},"classes":[]}],"jetpack_sharing_enabled":true,"builder_content":"","_links":{"self":[{"href":"https:\/\/zeromagazine.mx\/index.php\/wp-json\/wp\/v2\/posts\/74022","targetHints":{"allow":["GET"]}}],"collection":[{"href":"https:\/\/zeromagazine.mx\/index.php\/wp-json\/wp\/v2\/posts"}],"about":[{"href":"https:\/\/zeromagazine.mx\/index.php\/wp-json\/wp\/v2\/types\/post"}],"author":[{"embeddable":true,"href":"https:\/\/zeromagazine.mx\/index.php\/wp-json\/wp\/v2\/users\/2"}],"replies":[{"embeddable":true,"href":"https:\/\/zeromagazine.mx\/index.php\/wp-json\/wp\/v2\/comments?post=74022"}],"version-history":[{"count":2,"href":"https:\/\/zeromagazine.mx\/index.php\/wp-json\/wp\/v2\/posts\/74022\/revisions"}],"predecessor-version":[{"id":74027,"href":"https:\/\/zeromagazine.mx\/index.php\/wp-json\/wp\/v2\/posts\/74022\/revisions\/74027"}],"wp:featuredmedia":[{"embeddable":true,"href":"https:\/\/zeromagazine.mx\/index.php\/wp-json\/wp\/v2\/media\/74025"}],"wp:attachment":[{"href":"https:\/\/zeromagazine.mx\/index.php\/wp-json\/wp\/v2\/media?parent=74022"}],"wp:term":[{"taxonomy":"category","embeddable":true,"href":"https:\/\/zeromagazine.mx\/index.php\/wp-json\/wp\/v2\/categories?post=74022"},{"taxonomy":"post_tag","embeddable":true,"href":"https:\/\/zeromagazine.mx\/index.php\/wp-json\/wp\/v2\/tags?post=74022"}],"curies":[{"name":"wp","href":"https:\/\/api.w.org\/{rel}","templated":true}]}}