{"id":74463,"date":"2024-01-16T20:44:53","date_gmt":"2024-01-16T19:44:53","guid":{"rendered":"https:\/\/zeromagazine.mx\/?p=74463"},"modified":"2024-04-19T20:48:50","modified_gmt":"2024-04-19T18:48:50","slug":"justice-duo-frances-de-electronica-encabeza-el-festival-vaiven-2024","status":"publish","type":"post","link":"https:\/\/zeromagazine.mx\/index.php\/2024\/01\/16\/justice-duo-frances-de-electronica-encabeza-el-festival-vaiven-2024\/","title":{"rendered":"Justice: D\u00fao franc\u00e9s de electr\u00f3nica encabeza el Festival Vaiv\u00e9n 2024"},"content":{"rendered":"<p>El d\u00fao franc\u00e9s de m\u00fasica electr\u00f3nica Justice ser\u00e1 uno de los platos fuertes del Festival Vaiv\u00e9n 2024, que se celebrar\u00e1 el pr\u00f3ximo 27 de abril en los Jardines de M\u00e9xico en Morelos.<\/p>\n\n\n\n<figure class=\"wp-block-embed is-type-rich is-provider-spotify wp-block-embed-spotify wp-embed-aspect-21-9 wp-has-aspect-ratio\"><div class=\"wp-block-embed__wrapper\">\n<iframe title=\"Spotify Embed: Justice\" style=\"border-radius: 12px\" width=\"100%\" height=\"352\" frameborder=\"0\" allowfullscreen allow=\"autoplay; clipboard-write; encrypted-media; fullscreen; picture-in-picture\" loading=\"lazy\" src=\"https:\/\/open.spotify.com\/embed\/artist\/1gR0gsQYfi6joyO1dlp76N?si=TQDjS8qHQBuJyA8IICQpmw&#038;utm_source=oembed\"><\/iframe>\n<\/div><\/figure>\n\n\n\n<p>Justice, integrado por Gaspard Aug\u00e9 y Xavier de Rosnay, es uno de los grupos de electr\u00f3nica m\u00e1s importantes del mundo. Su m\u00fasica, que combina elementos de house, techno y disco, ha conquistado a miles de fans en todo el planeta.<\/p>\n\n\n\n<p>Su show en vivo es una experiencia \u00fanica. Justice se caracteriza por sus espectaculares puestas en escena, con luces, lasers y efectos visuales que te transportar\u00e1n a otro mundo.<\/p>\n\n\n\n<p>En el Festival Vaiv\u00e9n 2024, Justice presentar\u00e1 su nuevo \u00e1lbum \u00abCross\u00bb, que promete ser a\u00fan m\u00e1s explosivo y bailable que sus trabajos anteriores.<\/p>\n\n\n\n<p>Si eres fan de la m\u00fasica electr\u00f3nica y buscas una experiencia inolvidable, no te pierdas la oportunidad de ver a Justice en vivo en el Festival Vaiv\u00e9n 2024.<\/p>\n\n\n\n<p>Aqu\u00ed hay algunas de las canciones m\u00e1s populares de Justice que seguramente escuchar\u00e1s en su show:<\/p>\n\n\n\n<p><strong>D.A.N.C.E.<br>Genesis<br>We Are Your Friends<br>A D.V.N.C.E.<br>Waters of Nazareth<br>On Fire<br>Safe and Sound<br>No te pierdas a Justice en el Festival Vaiv\u00e9n 2024.<\/strong><\/p>\n\n\n\n<p>Aqu\u00ed hay algunos consejos para disfrutar al m\u00e1ximo del show de Justice en el Festival Vaiv\u00e9n 2024:<\/p>\n\n\n\n<p>Llega temprano: Para que puedas encontrar un buen lugar en el escenario y disfrutar de la energ\u00eda del p\u00fablico.<br>Baila sin parar: Justice te har\u00e1 mover el cuerpo toda la noche.<br>Canta sus canciones: Aprende la letra de sus \u00e9xitos m\u00e1s populares y canta con ellos a todo pulm\u00f3n.<br>Disfruta del espect\u00e1culo: D\u00e9jate llevar por la m\u00fasica, las luces y los efectos visuales.<br>\u00a1Vive una experiencia inolvidable!: Justice te regalar\u00e1 un show \u00fanico que no olvidar\u00e1s jam\u00e1s.<br>\u00a1Nos vemos en el Festival Vaiv\u00e9n 2024!<\/p>\n\n<!--themify_builder_content-->\n<div id=\"themify_builder_content-74463\" data-postid=\"74463\" class=\"themify_builder_content themify_builder_content-74463 themify_builder tf_clear\">\n    <\/div>\n<!--\/themify_builder_content-->","protected":false},"excerpt":{"rendered":"<p>FestivalVaiv\u00e9n #Justice #M\u00fasicaElectr\u00f3nica #JardinesDeM\u00e9xico #VibraPositiva<\/p>\n","protected":false},"author":2,"featured_media":74466,"comment_status":"open","ping_status":"open","sticky":false,"template":"","format":"standard","meta":{"_jetpack_memberships_contains_paid_content":false,"footnotes":"","jetpack_publicize_message":"","jetpack_publicize_feature_enabled":true,"jetpack_social_post_already_shared":true,"jetpack_social_options":{"image_generator_settings":{"template":"highway","default_image_id":0,"font":"","enabled":false},"version":2}},"categories":[1],"tags":[7832,7835,7014,7831],"class_list":["post-74463","post","type-post","status-publish","format-standard","has-post-thumbnail","hentry","category-blog","tag-cuernavaca","tag-electro","tag-festival","tag-vaiven-2","has-post-title","has-post-date","has-post-category","has-post-tag","has-post-comment","has-post-author",""],"yoast_head":"<!-- This site is optimized with the Yoast SEO plugin v27.4 - https:\/\/yoast.com\/product\/yoast-seo-wordpress\/ -->\n<title>Justice: D\u00fao franc\u00e9s de electr\u00f3nica encabeza el Festival Vaiv\u00e9n 2024 - Zero Magazine<\/title>\n<meta name=\"robots\" content=\"index, follow, max-snippet:-1, max-image-preview:large, max-video-preview:-1\" \/>\n<link rel=\"canonical\" href=\"https:\/\/zeromagazine.mx\/index.php\/2024\/01\/16\/justice-duo-frances-de-electronica-encabeza-el-festival-vaiven-2024\/\" \/>\n<meta property=\"og:locale\" content=\"es_ES\" \/>\n<meta property=\"og:type\" content=\"article\" \/>\n<meta property=\"og:title\" content=\"Justice: D\u00fao franc\u00e9s de electr\u00f3nica encabeza el Festival Vaiv\u00e9n 2024 - Zero Magazine\" \/>\n<meta property=\"og:description\" content=\"FestivalVaiv\u00e9n #Justice #M\u00fasicaElectr\u00f3nica #JardinesDeM\u00e9xico #VibraPositiva\" \/>\n<meta property=\"og:url\" content=\"https:\/\/zeromagazine.mx\/index.php\/2024\/01\/16\/justice-duo-frances-de-electronica-encabeza-el-festival-vaiven-2024\/\" \/>\n<meta property=\"og:site_name\" content=\"Zero Magazine\" \/>\n<meta property=\"article:published_time\" content=\"2024-01-16T19:44:53+00:00\" \/>\n<meta property=\"article:modified_time\" content=\"2024-04-19T18:48:50+00:00\" \/>\n<meta property=\"og:image\" content=\"https:\/\/i0.wp.com\/zeromagazine.mx\/wp-content\/uploads\/2024\/04\/PHOTO-2024-04-19-09-07-46.jpg?fit=1600%2C899&ssl=1\" \/>\n\t<meta property=\"og:image:width\" content=\"1600\" \/>\n\t<meta property=\"og:image:height\" content=\"899\" \/>\n\t<meta property=\"og:image:type\" content=\"image\/jpeg\" \/>\n<meta name=\"author\" content=\"zeromagazinemx\" \/>\n<meta name=\"twitter:card\" content=\"summary_large_image\" \/>\n<meta name=\"twitter:label1\" content=\"Escrito por\" \/>\n\t<meta name=\"twitter:data1\" content=\"zeromagazinemx\" \/>\n\t<meta name=\"twitter:label2\" content=\"Tiempo de lectura\" \/>\n\t<meta name=\"twitter:data2\" content=\"2 minutos\" \/>\n<script type=\"application\/ld+json\" class=\"yoast-schema-graph\">{\"@context\":\"https:\\\/\\\/schema.org\",\"@graph\":[{\"@type\":\"Article\",\"@id\":\"https:\\\/\\\/zeromagazine.mx\\\/index.php\\\/2024\\\/01\\\/16\\\/justice-duo-frances-de-electronica-encabeza-el-festival-vaiven-2024\\\/#article\",\"isPartOf\":{\"@id\":\"https:\\\/\\\/zeromagazine.mx\\\/index.php\\\/2024\\\/01\\\/16\\\/justice-duo-frances-de-electronica-encabeza-el-festival-vaiven-2024\\\/\"},\"author\":{\"name\":\"zeromagazinemx\",\"@id\":\"https:\\\/\\\/zeromagazine.mx\\\/#\\\/schema\\\/person\\\/9aed9f33a7c39af3a348b86d723f7773\"},\"headline\":\"Justice: D\u00fao franc\u00e9s de electr\u00f3nica encabeza el Festival Vaiv\u00e9n 2024\",\"datePublished\":\"2024-01-16T19:44:53+00:00\",\"dateModified\":\"2024-04-19T18:48:50+00:00\",\"mainEntityOfPage\":{\"@id\":\"https:\\\/\\\/zeromagazine.mx\\\/index.php\\\/2024\\\/01\\\/16\\\/justice-duo-frances-de-electronica-encabeza-el-festival-vaiven-2024\\\/\"},\"wordCount\":350,\"commentCount\":0,\"publisher\":{\"@id\":\"https:\\\/\\\/zeromagazine.mx\\\/#organization\"},\"image\":{\"@id\":\"https:\\\/\\\/zeromagazine.mx\\\/index.php\\\/2024\\\/01\\\/16\\\/justice-duo-frances-de-electronica-encabeza-el-festival-vaiven-2024\\\/#primaryimage\"},\"thumbnailUrl\":\"https:\\\/\\\/i0.wp.com\\\/zeromagazine.mx\\\/wp-content\\\/uploads\\\/2024\\\/04\\\/PHOTO-2024-04-19-09-07-46.jpg?fit=1600%2C899&ssl=1\",\"keywords\":[\"cuernavaca\",\"electro\",\"Festival\",\"vaiven\"],\"articleSection\":[\"Blog\"],\"inLanguage\":\"es\",\"potentialAction\":[{\"@type\":\"CommentAction\",\"name\":\"Comment\",\"target\":[\"https:\\\/\\\/zeromagazine.mx\\\/index.php\\\/2024\\\/01\\\/16\\\/justice-duo-frances-de-electronica-encabeza-el-festival-vaiven-2024\\\/#respond\"]}]},{\"@type\":\"WebPage\",\"@id\":\"https:\\\/\\\/zeromagazine.mx\\\/index.php\\\/2024\\\/01\\\/16\\\/justice-duo-frances-de-electronica-encabeza-el-festival-vaiven-2024\\\/\",\"url\":\"https:\\\/\\\/zeromagazine.mx\\\/index.php\\\/2024\\\/01\\\/16\\\/justice-duo-frances-de-electronica-encabeza-el-festival-vaiven-2024\\\/\",\"name\":\"Justice: D\u00fao franc\u00e9s de electr\u00f3nica encabeza el Festival Vaiv\u00e9n 2024 - Zero Magazine\",\"isPartOf\":{\"@id\":\"https:\\\/\\\/zeromagazine.mx\\\/#website\"},\"primaryImageOfPage\":{\"@id\":\"https:\\\/\\\/zeromagazine.mx\\\/index.php\\\/2024\\\/01\\\/16\\\/justice-duo-frances-de-electronica-encabeza-el-festival-vaiven-2024\\\/#primaryimage\"},\"image\":{\"@id\":\"https:\\\/\\\/zeromagazine.mx\\\/index.php\\\/2024\\\/01\\\/16\\\/justice-duo-frances-de-electronica-encabeza-el-festival-vaiven-2024\\\/#primaryimage\"},\"thumbnailUrl\":\"https:\\\/\\\/i0.wp.com\\\/zeromagazine.mx\\\/wp-content\\\/uploads\\\/2024\\\/04\\\/PHOTO-2024-04-19-09-07-46.jpg?fit=1600%2C899&ssl=1\",\"datePublished\":\"2024-01-16T19:44:53+00:00\",\"dateModified\":\"2024-04-19T18:48:50+00:00\",\"breadcrumb\":{\"@id\":\"https:\\\/\\\/zeromagazine.mx\\\/index.php\\\/2024\\\/01\\\/16\\\/justice-duo-frances-de-electronica-encabeza-el-festival-vaiven-2024\\\/#breadcrumb\"},\"inLanguage\":\"es\",\"potentialAction\":[{\"@type\":\"ReadAction\",\"target\":[\"https:\\\/\\\/zeromagazine.mx\\\/index.php\\\/2024\\\/01\\\/16\\\/justice-duo-frances-de-electronica-encabeza-el-festival-vaiven-2024\\\/\"]}]},{\"@type\":\"ImageObject\",\"inLanguage\":\"es\",\"@id\":\"https:\\\/\\\/zeromagazine.mx\\\/index.php\\\/2024\\\/01\\\/16\\\/justice-duo-frances-de-electronica-encabeza-el-festival-vaiven-2024\\\/#primaryimage\",\"url\":\"https:\\\/\\\/i0.wp.com\\\/zeromagazine.mx\\\/wp-content\\\/uploads\\\/2024\\\/04\\\/PHOTO-2024-04-19-09-07-46.jpg?fit=1600%2C899&ssl=1\",\"contentUrl\":\"https:\\\/\\\/i0.wp.com\\\/zeromagazine.mx\\\/wp-content\\\/uploads\\\/2024\\\/04\\\/PHOTO-2024-04-19-09-07-46.jpg?fit=1600%2C899&ssl=1\",\"width\":1600,\"height\":899},{\"@type\":\"BreadcrumbList\",\"@id\":\"https:\\\/\\\/zeromagazine.mx\\\/index.php\\\/2024\\\/01\\\/16\\\/justice-duo-frances-de-electronica-encabeza-el-festival-vaiven-2024\\\/#breadcrumb\",\"itemListElement\":[{\"@type\":\"ListItem\",\"position\":1,\"name\":\"Portada\",\"item\":\"https:\\\/\\\/zeromagazine.mx\\\/\"},{\"@type\":\"ListItem\",\"position\":2,\"name\":\"Justice: D\u00fao franc\u00e9s de electr\u00f3nica encabeza el Festival Vaiv\u00e9n 2024\"}]},{\"@type\":\"WebSite\",\"@id\":\"https:\\\/\\\/zeromagazine.mx\\\/#website\",\"url\":\"https:\\\/\\\/zeromagazine.mx\\\/\",\"name\":\"Zero Magazine\",\"description\":\"\",\"publisher\":{\"@id\":\"https:\\\/\\\/zeromagazine.mx\\\/#organization\"},\"potentialAction\":[{\"@type\":\"SearchAction\",\"target\":{\"@type\":\"EntryPoint\",\"urlTemplate\":\"https:\\\/\\\/zeromagazine.mx\\\/?s={search_term_string}\"},\"query-input\":{\"@type\":\"PropertyValueSpecification\",\"valueRequired\":true,\"valueName\":\"search_term_string\"}}],\"inLanguage\":\"es\"},{\"@type\":\"Organization\",\"@id\":\"https:\\\/\\\/zeromagazine.mx\\\/#organization\",\"name\":\"Zero Magazine\",\"url\":\"https:\\\/\\\/zeromagazine.mx\\\/\",\"logo\":{\"@type\":\"ImageObject\",\"inLanguage\":\"es\",\"@id\":\"https:\\\/\\\/zeromagazine.mx\\\/#\\\/schema\\\/logo\\\/image\\\/\",\"url\":\"https:\\\/\\\/i0.wp.com\\\/zeromagazine.mx\\\/wp-content\\\/uploads\\\/2025\\\/11\\\/1.jpeg?fit=1000%2C1000&ssl=1\",\"contentUrl\":\"https:\\\/\\\/i0.wp.com\\\/zeromagazine.mx\\\/wp-content\\\/uploads\\\/2025\\\/11\\\/1.jpeg?fit=1000%2C1000&ssl=1\",\"width\":1000,\"height\":1000,\"caption\":\"Zero Magazine\"},\"image\":{\"@id\":\"https:\\\/\\\/zeromagazine.mx\\\/#\\\/schema\\\/logo\\\/image\\\/\"},\"sameAs\":[\"https:\\\/\\\/instagram.com\\\/zeromagazinemx\"]},{\"@type\":\"Person\",\"@id\":\"https:\\\/\\\/zeromagazine.mx\\\/#\\\/schema\\\/person\\\/9aed9f33a7c39af3a348b86d723f7773\",\"name\":\"zeromagazinemx\",\"image\":{\"@type\":\"ImageObject\",\"inLanguage\":\"es\",\"@id\":\"https:\\\/\\\/zeromagazine.mx\\\/wp-content\\\/litespeed\\\/avatar\\\/f91dfe5410d5dcb1a576bf8c45983896.jpg?ver=1776966396\",\"url\":\"https:\\\/\\\/zeromagazine.mx\\\/wp-content\\\/litespeed\\\/avatar\\\/f91dfe5410d5dcb1a576bf8c45983896.jpg?ver=1776966396\",\"contentUrl\":\"https:\\\/\\\/zeromagazine.mx\\\/wp-content\\\/litespeed\\\/avatar\\\/f91dfe5410d5dcb1a576bf8c45983896.jpg?ver=1776966396\",\"caption\":\"zeromagazinemx\"},\"url\":\"https:\\\/\\\/zeromagazine.mx\\\/index.php\\\/author\\\/zeromagazinemx\\\/\"}]}<\/script>\n<!-- \/ Yoast SEO plugin. -->","yoast_head_json":{"title":"Justice: D\u00fao franc\u00e9s de electr\u00f3nica encabeza el Festival Vaiv\u00e9n 2024 - Zero Magazine","robots":{"index":"index","follow":"follow","max-snippet":"max-snippet:-1","max-image-preview":"max-image-preview:large","max-video-preview":"max-video-preview:-1"},"canonical":"https:\/\/zeromagazine.mx\/index.php\/2024\/01\/16\/justice-duo-frances-de-electronica-encabeza-el-festival-vaiven-2024\/","og_locale":"es_ES","og_type":"article","og_title":"Justice: D\u00fao franc\u00e9s de electr\u00f3nica encabeza el Festival Vaiv\u00e9n 2024 - Zero Magazine","og_description":"FestivalVaiv\u00e9n #Justice #M\u00fasicaElectr\u00f3nica #JardinesDeM\u00e9xico #VibraPositiva","og_url":"https:\/\/zeromagazine.mx\/index.php\/2024\/01\/16\/justice-duo-frances-de-electronica-encabeza-el-festival-vaiven-2024\/","og_site_name":"Zero Magazine","article_published_time":"2024-01-16T19:44:53+00:00","article_modified_time":"2024-04-19T18:48:50+00:00","og_image":[{"width":1600,"height":899,"url":"https:\/\/i0.wp.com\/zeromagazine.mx\/wp-content\/uploads\/2024\/04\/PHOTO-2024-04-19-09-07-46.jpg?fit=1600%2C899&ssl=1","type":"image\/jpeg"}],"author":"zeromagazinemx","twitter_card":"summary_large_image","twitter_misc":{"Escrito por":"zeromagazinemx","Tiempo de lectura":"2 minutos"},"schema":{"@context":"https:\/\/schema.org","@graph":[{"@type":"Article","@id":"https:\/\/zeromagazine.mx\/index.php\/2024\/01\/16\/justice-duo-frances-de-electronica-encabeza-el-festival-vaiven-2024\/#article","isPartOf":{"@id":"https:\/\/zeromagazine.mx\/index.php\/2024\/01\/16\/justice-duo-frances-de-electronica-encabeza-el-festival-vaiven-2024\/"},"author":{"name":"zeromagazinemx","@id":"https:\/\/zeromagazine.mx\/#\/schema\/person\/9aed9f33a7c39af3a348b86d723f7773"},"headline":"Justice: D\u00fao franc\u00e9s de electr\u00f3nica encabeza el Festival Vaiv\u00e9n 2024","datePublished":"2024-01-16T19:44:53+00:00","dateModified":"2024-04-19T18:48:50+00:00","mainEntityOfPage":{"@id":"https:\/\/zeromagazine.mx\/index.php\/2024\/01\/16\/justice-duo-frances-de-electronica-encabeza-el-festival-vaiven-2024\/"},"wordCount":350,"commentCount":0,"publisher":{"@id":"https:\/\/zeromagazine.mx\/#organization"},"image":{"@id":"https:\/\/zeromagazine.mx\/index.php\/2024\/01\/16\/justice-duo-frances-de-electronica-encabeza-el-festival-vaiven-2024\/#primaryimage"},"thumbnailUrl":"https:\/\/i0.wp.com\/zeromagazine.mx\/wp-content\/uploads\/2024\/04\/PHOTO-2024-04-19-09-07-46.jpg?fit=1600%2C899&ssl=1","keywords":["cuernavaca","electro","Festival","vaiven"],"articleSection":["Blog"],"inLanguage":"es","potentialAction":[{"@type":"CommentAction","name":"Comment","target":["https:\/\/zeromagazine.mx\/index.php\/2024\/01\/16\/justice-duo-frances-de-electronica-encabeza-el-festival-vaiven-2024\/#respond"]}]},{"@type":"WebPage","@id":"https:\/\/zeromagazine.mx\/index.php\/2024\/01\/16\/justice-duo-frances-de-electronica-encabeza-el-festival-vaiven-2024\/","url":"https:\/\/zeromagazine.mx\/index.php\/2024\/01\/16\/justice-duo-frances-de-electronica-encabeza-el-festival-vaiven-2024\/","name":"Justice: D\u00fao franc\u00e9s de electr\u00f3nica encabeza el Festival Vaiv\u00e9n 2024 - Zero Magazine","isPartOf":{"@id":"https:\/\/zeromagazine.mx\/#website"},"primaryImageOfPage":{"@id":"https:\/\/zeromagazine.mx\/index.php\/2024\/01\/16\/justice-duo-frances-de-electronica-encabeza-el-festival-vaiven-2024\/#primaryimage"},"image":{"@id":"https:\/\/zeromagazine.mx\/index.php\/2024\/01\/16\/justice-duo-frances-de-electronica-encabeza-el-festival-vaiven-2024\/#primaryimage"},"thumbnailUrl":"https:\/\/i0.wp.com\/zeromagazine.mx\/wp-content\/uploads\/2024\/04\/PHOTO-2024-04-19-09-07-46.jpg?fit=1600%2C899&ssl=1","datePublished":"2024-01-16T19:44:53+00:00","dateModified":"2024-04-19T18:48:50+00:00","breadcrumb":{"@id":"https:\/\/zeromagazine.mx\/index.php\/2024\/01\/16\/justice-duo-frances-de-electronica-encabeza-el-festival-vaiven-2024\/#breadcrumb"},"inLanguage":"es","potentialAction":[{"@type":"ReadAction","target":["https:\/\/zeromagazine.mx\/index.php\/2024\/01\/16\/justice-duo-frances-de-electronica-encabeza-el-festival-vaiven-2024\/"]}]},{"@type":"ImageObject","inLanguage":"es","@id":"https:\/\/zeromagazine.mx\/index.php\/2024\/01\/16\/justice-duo-frances-de-electronica-encabeza-el-festival-vaiven-2024\/#primaryimage","url":"https:\/\/i0.wp.com\/zeromagazine.mx\/wp-content\/uploads\/2024\/04\/PHOTO-2024-04-19-09-07-46.jpg?fit=1600%2C899&ssl=1","contentUrl":"https:\/\/i0.wp.com\/zeromagazine.mx\/wp-content\/uploads\/2024\/04\/PHOTO-2024-04-19-09-07-46.jpg?fit=1600%2C899&ssl=1","width":1600,"height":899},{"@type":"BreadcrumbList","@id":"https:\/\/zeromagazine.mx\/index.php\/2024\/01\/16\/justice-duo-frances-de-electronica-encabeza-el-festival-vaiven-2024\/#breadcrumb","itemListElement":[{"@type":"ListItem","position":1,"name":"Portada","item":"https:\/\/zeromagazine.mx\/"},{"@type":"ListItem","position":2,"name":"Justice: D\u00fao franc\u00e9s de electr\u00f3nica encabeza el Festival Vaiv\u00e9n 2024"}]},{"@type":"WebSite","@id":"https:\/\/zeromagazine.mx\/#website","url":"https:\/\/zeromagazine.mx\/","name":"Zero Magazine","description":"","publisher":{"@id":"https:\/\/zeromagazine.mx\/#organization"},"potentialAction":[{"@type":"SearchAction","target":{"@type":"EntryPoint","urlTemplate":"https:\/\/zeromagazine.mx\/?s={search_term_string}"},"query-input":{"@type":"PropertyValueSpecification","valueRequired":true,"valueName":"search_term_string"}}],"inLanguage":"es"},{"@type":"Organization","@id":"https:\/\/zeromagazine.mx\/#organization","name":"Zero Magazine","url":"https:\/\/zeromagazine.mx\/","logo":{"@type":"ImageObject","inLanguage":"es","@id":"https:\/\/zeromagazine.mx\/#\/schema\/logo\/image\/","url":"https:\/\/i0.wp.com\/zeromagazine.mx\/wp-content\/uploads\/2025\/11\/1.jpeg?fit=1000%2C1000&ssl=1","contentUrl":"https:\/\/i0.wp.com\/zeromagazine.mx\/wp-content\/uploads\/2025\/11\/1.jpeg?fit=1000%2C1000&ssl=1","width":1000,"height":1000,"caption":"Zero Magazine"},"image":{"@id":"https:\/\/zeromagazine.mx\/#\/schema\/logo\/image\/"},"sameAs":["https:\/\/instagram.com\/zeromagazinemx"]},{"@type":"Person","@id":"https:\/\/zeromagazine.mx\/#\/schema\/person\/9aed9f33a7c39af3a348b86d723f7773","name":"zeromagazinemx","image":{"@type":"ImageObject","inLanguage":"es","@id":"https:\/\/zeromagazine.mx\/wp-content\/litespeed\/avatar\/f91dfe5410d5dcb1a576bf8c45983896.jpg?ver=1776966396","url":"https:\/\/zeromagazine.mx\/wp-content\/litespeed\/avatar\/f91dfe5410d5dcb1a576bf8c45983896.jpg?ver=1776966396","contentUrl":"https:\/\/zeromagazine.mx\/wp-content\/litespeed\/avatar\/f91dfe5410d5dcb1a576bf8c45983896.jpg?ver=1776966396","caption":"zeromagazinemx"},"url":"https:\/\/zeromagazine.mx\/index.php\/author\/zeromagazinemx\/"}]}},"jetpack_publicize_connections":[],"jetpack_featured_media_url":"https:\/\/i0.wp.com\/zeromagazine.mx\/wp-content\/uploads\/2024\/04\/PHOTO-2024-04-19-09-07-46.jpg?fit=1600%2C899&ssl=1","jetpack-related-posts":[{"id":74457,"url":"https:\/\/zeromagazine.mx\/index.php\/2023\/12\/12\/preparate-para-vibrar-al-ritmo-de-la-musica-en-el-festival-vaiven-2024\/","url_meta":{"origin":74463,"position":0},"title":"\u00a1Prep\u00e1rate para vibrar al ritmo de la m\u00fasica en el Festival Vaiv\u00e9n 2024!","author":"zeromagazinemx","date":"12 de diciembre de 2023","format":false,"excerpt":"Llega una nueva edici\u00f3n del Festival Vaiv\u00e9n, y este a\u00f1o promete ser a\u00fan m\u00e1s especial. Apunta la fecha en tu calendario: el s\u00e1bado 27 de abril de 2024 los Jardines de M\u00e9xico en Morelos se llenar\u00e1n de m\u00fasica, baile y la mejor vibra para celebrar la primavera. https:\/\/open.spotify.com\/playlist\/46FtmIbil4JbrnmTuVlYO7?si=7557d88e7bac4387 \u00a1Aprendete al\u2026","rel":"","context":"En \u00abBlog\u00bb","block_context":{"text":"Blog","link":"https:\/\/zeromagazine.mx\/index.php\/category\/blog\/"},"img":{"alt_text":"","src":"https:\/\/i0.wp.com\/zeromagazine.mx\/wp-content\/uploads\/2024\/04\/festival-vaiven-2023-recomendaciones.webp?resize=350%2C200&ssl=1","width":350,"height":200,"srcset":"https:\/\/i0.wp.com\/zeromagazine.mx\/wp-content\/uploads\/2024\/04\/festival-vaiven-2023-recomendaciones.webp?resize=350%2C200&ssl=1 1x, https:\/\/i0.wp.com\/zeromagazine.mx\/wp-content\/uploads\/2024\/04\/festival-vaiven-2023-recomendaciones.webp?resize=525%2C300&ssl=1 1.5x, https:\/\/i0.wp.com\/zeromagazine.mx\/wp-content\/uploads\/2024\/04\/festival-vaiven-2023-recomendaciones.webp?resize=700%2C400&ssl=1 2x, https:\/\/i0.wp.com\/zeromagazine.mx\/wp-content\/uploads\/2024\/04\/festival-vaiven-2023-recomendaciones.webp?resize=1050%2C600&ssl=1 3x, https:\/\/i0.wp.com\/zeromagazine.mx\/wp-content\/uploads\/2024\/04\/festival-vaiven-2023-recomendaciones.webp?resize=1400%2C800&ssl=1 4x"},"classes":[]},{"id":69721,"url":"https:\/\/zeromagazine.mx\/index.php\/2023\/12\/19\/vaiven-2024-ritmo-natural\/","url_meta":{"origin":74463,"position":1},"title":"\u00a1Vaiv\u00e9n 2024: Ritmo Natural!","author":"David Morales","date":"19 de diciembre de 2023","format":false,"excerpt":"\u00bfListes para la experiencia musical m\u00e1s alucinante? El cartel de VAIV\u00c9N 2024 est\u00e1 aqu\u00ed y \u00a1es una locura! Desde el s\u00e1bado 27 de abril, Jardines de M\u00e9xico volver\u00e1n a ser el epicentro de la vibra m\u00e1s intensa. \u00a1Prep\u00e1rense para el delirio musical en uno de los parques m\u00e1s \u00e9picos del\u2026","rel":"","context":"En \u00abEntretenimiento\u00bb","block_context":{"text":"Entretenimiento","link":"https:\/\/zeromagazine.mx\/index.php\/category\/entretenimiento\/"},"img":{"alt_text":"","src":"https:\/\/i0.wp.com\/zeromagazine.mx\/wp-content\/uploads\/2023\/12\/Vaiven-2024-1.jpg?fit=1080%2C1080&ssl=1&resize=350%2C200","width":350,"height":200,"srcset":"https:\/\/i0.wp.com\/zeromagazine.mx\/wp-content\/uploads\/2023\/12\/Vaiven-2024-1.jpg?fit=1080%2C1080&ssl=1&resize=350%2C200 1x, https:\/\/i0.wp.com\/zeromagazine.mx\/wp-content\/uploads\/2023\/12\/Vaiven-2024-1.jpg?fit=1080%2C1080&ssl=1&resize=525%2C300 1.5x, https:\/\/i0.wp.com\/zeromagazine.mx\/wp-content\/uploads\/2023\/12\/Vaiven-2024-1.jpg?fit=1080%2C1080&ssl=1&resize=700%2C400 2x, https:\/\/i0.wp.com\/zeromagazine.mx\/wp-content\/uploads\/2023\/12\/Vaiven-2024-1.jpg?fit=1080%2C1080&ssl=1&resize=1050%2C600 3x"},"classes":[]},{"id":75155,"url":"https:\/\/zeromagazine.mx\/index.php\/2024\/04\/30\/el-regreso-de-justice-hyperdrama\/","url_meta":{"origin":74463,"position":2},"title":"El Regreso de Justice: \u00a1Hyperdrama!","author":"zeromagazinemx","date":"30 de abril de 2024","format":false,"excerpt":"Tenemos que hablar del nuevo \u00e1lbum de Justice, Hyperdrama \u00a1Es una obra maestra! Este d\u00fao legendario ha vuelto con todo y est\u00e1 causando sensaci\u00f3n en la escena musical. D\u00e9jenme contarles un poco m\u00e1s sobre este incre\u00edble regreso. Para empezar, el \u00e1lbum cuenta con colaboraciones de artistas de renombre como Tame\u2026","rel":"","context":"En \u00abEntretenimiento\u00bb","block_context":{"text":"Entretenimiento","link":"https:\/\/zeromagazine.mx\/index.php\/category\/entretenimiento\/"},"img":{"alt_text":"","src":"https:\/\/i0.wp.com\/zeromagazine.mx\/wp-content\/uploads\/2024\/04\/Captura-de-pantalla-612.png?fit=621%2C449&ssl=1&resize=350%2C200","width":350,"height":200,"srcset":"https:\/\/i0.wp.com\/zeromagazine.mx\/wp-content\/uploads\/2024\/04\/Captura-de-pantalla-612.png?fit=621%2C449&ssl=1&resize=350%2C200 1x, https:\/\/i0.wp.com\/zeromagazine.mx\/wp-content\/uploads\/2024\/04\/Captura-de-pantalla-612.png?fit=621%2C449&ssl=1&resize=525%2C300 1.5x"},"classes":[]},{"id":74469,"url":"https:\/\/zeromagazine.mx\/index.php\/2024\/02\/29\/black-coffee-regresa-a-vaiven-2024-para-una-noche-epica-de-baile-y-electronica\/","url_meta":{"origin":74463,"position":3},"title":"Black Coffee regresa a Vaiv\u00e9n 2024 para una noche \u00e9pica de baile y electr\u00f3nica!","author":"zeromagazinemx","date":"29 de febrero de 2024","format":false,"excerpt":"https:\/\/open.spotify.com\/artist\/6wMr4zKPrrR0UVz08WtUWc?si=7yYU43UhQLOPkS_eaybAGw El maestro sudafricano del ritmo electrizar\u00e1 los Jardines de M\u00e9xico el 27 de abril con su sonido \u00fanico que fusiona deep house, tech house y ritmos africanos. Prep\u00e1rate para una experiencia musical inolvidable llena de sus \u00e9xitos m\u00e1s emblem\u00e1ticos y nuevas pistas que te har\u00e1n vibrar . Black Coffee\u2026","rel":"","context":"En \u00abBlog\u00bb","block_context":{"text":"Blog","link":"https:\/\/zeromagazine.mx\/index.php\/category\/blog\/"},"img":{"alt_text":"","src":"https:\/\/i0.wp.com\/zeromagazine.mx\/wp-content\/uploads\/2024\/04\/DJ-Black-Coffee-Picture-Instagram.jpg?fit=800%2C450&ssl=1&resize=350%2C200","width":350,"height":200,"srcset":"https:\/\/i0.wp.com\/zeromagazine.mx\/wp-content\/uploads\/2024\/04\/DJ-Black-Coffee-Picture-Instagram.jpg?fit=800%2C450&ssl=1&resize=350%2C200 1x, https:\/\/i0.wp.com\/zeromagazine.mx\/wp-content\/uploads\/2024\/04\/DJ-Black-Coffee-Picture-Instagram.jpg?fit=800%2C450&ssl=1&resize=525%2C300 1.5x, https:\/\/i0.wp.com\/zeromagazine.mx\/wp-content\/uploads\/2024\/04\/DJ-Black-Coffee-Picture-Instagram.jpg?fit=800%2C450&ssl=1&resize=700%2C400 2x"},"classes":[]},{"id":109378,"url":"https:\/\/zeromagazine.mx\/index.php\/2025\/10\/13\/american-eagle-vaiven-2025\/","url_meta":{"origin":74463,"position":4},"title":"American Eagle Vaiv\u00e9n 2025: vibra, estilo y libertad","author":"zeromagazinemx","date":"13 de octubre de 2025","format":false,"excerpt":"Si hab\u00eda una forma de definir el mood de este fin de semana, ser\u00eda con tres palabras: m\u00fasica, libertad y estilo. El Festival Vaiv\u00e9n 2025 se vivi\u00f3 con toda la energ\u00eda en Jardines de M\u00e9xico, y American Eagle Vaiv\u00e9n 2025 fue sin duda el coraz\u00f3n m\u00e1s cool del evento. Entre\u2026","rel":"","context":"En \u00abModa\u00bb","block_context":{"text":"Moda","link":"https:\/\/zeromagazine.mx\/index.php\/category\/moda\/"},"img":{"alt_text":"","src":"","width":0,"height":0},"classes":[]},{"id":74472,"url":"https:\/\/zeromagazine.mx\/index.php\/2024\/04\/02\/preparate-para-ser-hipnotizado-por-elderbrook-en-el-vaiven-2024\/","url_meta":{"origin":74463,"position":5},"title":"\u00a1Prep\u00e1rate para ser hipnotizado por Elderbrook en el Vaiv\u00e9n 2024!","author":"zeromagazinemx","date":"2 de abril de 2024","format":false,"excerpt":"Este talentoso artista brit\u00e1nico no dejar\u00e1 de sorprenderte con su electr\u00f3nica envolvente y su voz cautivadora. Elderbrook: Un \u00edcono de la m\u00fasica electr\u00f3nica actual https:\/\/open.spotify.com\/artist\/2vf4pRsEY6LpL5tKmqWb64?si=QWNSdkyITrmDBPHSQ0hlYg Electr\u00f3nica de otro mundo: Elderbrook fusiona magistralmente elementos de indie, folk y house para crear un sonido \u00fanico que te transportar\u00e1 a otra dimensi\u00f3n.Voz angelical:\u2026","rel":"","context":"En \u00abBlog\u00bb","block_context":{"text":"Blog","link":"https:\/\/zeromagazine.mx\/index.php\/category\/blog\/"},"img":{"alt_text":"","src":"https:\/\/i0.wp.com\/zeromagazine.mx\/wp-content\/uploads\/2024\/04\/festival-vaiven-2023-recomendaciones-1.webp?fit=1200%2C675&ssl=1&resize=350%2C200","width":350,"height":200,"srcset":"https:\/\/i0.wp.com\/zeromagazine.mx\/wp-content\/uploads\/2024\/04\/festival-vaiven-2023-recomendaciones-1.webp?fit=1200%2C675&ssl=1&resize=350%2C200 1x, https:\/\/i0.wp.com\/zeromagazine.mx\/wp-content\/uploads\/2024\/04\/festival-vaiven-2023-recomendaciones-1.webp?fit=1200%2C675&ssl=1&resize=525%2C300 1.5x, https:\/\/i0.wp.com\/zeromagazine.mx\/wp-content\/uploads\/2024\/04\/festival-vaiven-2023-recomendaciones-1.webp?fit=1200%2C675&ssl=1&resize=700%2C400 2x, https:\/\/i0.wp.com\/zeromagazine.mx\/wp-content\/uploads\/2024\/04\/festival-vaiven-2023-recomendaciones-1.webp?fit=1200%2C675&ssl=1&resize=1050%2C600 3x"},"classes":[]}],"jetpack_sharing_enabled":true,"builder_content":"","_links":{"self":[{"href":"https:\/\/zeromagazine.mx\/index.php\/wp-json\/wp\/v2\/posts\/74463","targetHints":{"allow":["GET"]}}],"collection":[{"href":"https:\/\/zeromagazine.mx\/index.php\/wp-json\/wp\/v2\/posts"}],"about":[{"href":"https:\/\/zeromagazine.mx\/index.php\/wp-json\/wp\/v2\/types\/post"}],"author":[{"embeddable":true,"href":"https:\/\/zeromagazine.mx\/index.php\/wp-json\/wp\/v2\/users\/2"}],"replies":[{"embeddable":true,"href":"https:\/\/zeromagazine.mx\/index.php\/wp-json\/wp\/v2\/comments?post=74463"}],"version-history":[{"count":2,"href":"https:\/\/zeromagazine.mx\/index.php\/wp-json\/wp\/v2\/posts\/74463\/revisions"}],"predecessor-version":[{"id":74468,"href":"https:\/\/zeromagazine.mx\/index.php\/wp-json\/wp\/v2\/posts\/74463\/revisions\/74468"}],"wp:featuredmedia":[{"embeddable":true,"href":"https:\/\/zeromagazine.mx\/index.php\/wp-json\/wp\/v2\/media\/74466"}],"wp:attachment":[{"href":"https:\/\/zeromagazine.mx\/index.php\/wp-json\/wp\/v2\/media?parent=74463"}],"wp:term":[{"taxonomy":"category","embeddable":true,"href":"https:\/\/zeromagazine.mx\/index.php\/wp-json\/wp\/v2\/categories?post=74463"},{"taxonomy":"post_tag","embeddable":true,"href":"https:\/\/zeromagazine.mx\/index.php\/wp-json\/wp\/v2\/tags?post=74463"}],"curies":[{"name":"wp","href":"https:\/\/api.w.org\/{rel}","templated":true}]}}