{"id":74469,"date":"2024-02-29T20:49:56","date_gmt":"2024-02-29T19:49:56","guid":{"rendered":"https:\/\/zeromagazine.mx\/?p=74469"},"modified":"2024-04-19T20:52:01","modified_gmt":"2024-04-19T18:52:01","slug":"black-coffee-regresa-a-vaiven-2024-para-una-noche-epica-de-baile-y-electronica","status":"publish","type":"post","link":"https:\/\/zeromagazine.mx\/index.php\/2024\/02\/29\/black-coffee-regresa-a-vaiven-2024-para-una-noche-epica-de-baile-y-electronica\/","title":{"rendered":"Black Coffee regresa a Vaiv\u00e9n 2024 para una noche \u00e9pica de baile y electr\u00f3nica!"},"content":{"rendered":"<figure class=\"wp-block-embed is-type-rich is-provider-spotify wp-block-embed-spotify wp-embed-aspect-21-9 wp-has-aspect-ratio\"><div class=\"wp-block-embed__wrapper\">\n<iframe title=\"Spotify Embed: Black Coffee\" style=\"border-radius: 12px\" width=\"100%\" height=\"352\" frameborder=\"0\" allowfullscreen allow=\"autoplay; clipboard-write; encrypted-media; fullscreen; picture-in-picture\" loading=\"lazy\" src=\"https:\/\/open.spotify.com\/embed\/artist\/6wMr4zKPrrR0UVz08WtUWc?si=7yYU43UhQLOPkS_eaybAGw&#038;utm_source=oembed\"><\/iframe>\n<\/div><\/figure>\n\n\n\n<p>El maestro sudafricano del ritmo  electrizar\u00e1 los Jardines de M\u00e9xico el 27 de abril con su sonido \u00fanico que fusiona deep house, tech house y ritmos africanos. Prep\u00e1rate para una experiencia musical inolvidable llena de sus \u00e9xitos m\u00e1s emblem\u00e1ticos y nuevas pistas que te har\u00e1n vibrar .<\/p>\n\n\n\n<p>Black Coffee no es solo un DJ, es un artista galardonado con un Grammy en su haber, reconocido por su habilidad para crear atm\u00f3sferas electrizantes y llevar al p\u00fablico a un viaje sonoro sin igual.<\/p>\n\n\n\n<p>Su regreso a Vaiv\u00e9n es uno de los eventos m\u00e1s esperados del festival, y este a\u00f1o promete ser a\u00fan m\u00e1s especial. No te pierdas la oportunidad de presenciar la magia de Black Coffee en vivo y dejarte llevar por sus ritmos contagiosos.<\/p>\n\n\n\n<p>Prep\u00e1rate para bailar, cantar y vibrar al ritmo de Black Coffee en Vaiv\u00e9n 2024. \u00a1Ser\u00e1 una noche que jam\u00e1s olvidar\u00e1s!<\/p>\n\n\n\n<p>\u00a1No te quedes sin entradas! Consigue las tuyas ahora y prep\u00e1rate para una experiencia musical \u00fanica. \ufe0f<\/p>\n\n<!--themify_builder_content-->\n<div id=\"themify_builder_content-74469\" data-postid=\"74469\" class=\"themify_builder_content themify_builder_content-74469 themify_builder tf_clear\">\n    <\/div>\n<!--\/themify_builder_content-->\n\n\n<p><\/p>","protected":false},"excerpt":{"rendered":"<p>El maestro sudafricano del ritmo electrizar\u00e1 los Jardines de M\u00e9xico el 27 de abril con su sonido \u00fanico que fusiona deep house, tech house y ritmos africanos. Prep\u00e1rate para una experiencia musical inolvidable llena de sus \u00e9xitos m\u00e1s emblem\u00e1ticos y nuevas pistas que te har\u00e1n vibrar . Black Coffee no es solo un DJ, es [&hellip;]<\/p>\n","protected":false},"author":2,"featured_media":74470,"comment_status":"open","ping_status":"open","sticky":false,"template":"","format":"standard","meta":{"_jetpack_memberships_contains_paid_content":false,"footnotes":"","jetpack_publicize_message":"","jetpack_publicize_feature_enabled":true,"jetpack_social_post_already_shared":true,"jetpack_social_options":{"image_generator_settings":{"template":"highway","default_image_id":0,"font":"","enabled":false},"version":2}},"categories":[1],"tags":[],"class_list":["post-74469","post","type-post","status-publish","format-standard","has-post-thumbnail","hentry","category-blog","has-post-title","has-post-date","has-post-category","has-post-tag","has-post-comment","has-post-author",""],"yoast_head":"<!-- This site is optimized with the Yoast SEO plugin v27.5 - https:\/\/yoast.com\/product\/yoast-seo-wordpress\/ -->\n<title>Black Coffee regresa a Vaiv\u00e9n 2024 para una noche \u00e9pica de baile y electr\u00f3nica! - Zero Magazine<\/title>\n<meta name=\"robots\" content=\"index, follow, max-snippet:-1, max-image-preview:large, max-video-preview:-1\" \/>\n<link rel=\"canonical\" href=\"https:\/\/zeromagazine.mx\/index.php\/2024\/02\/29\/black-coffee-regresa-a-vaiven-2024-para-una-noche-epica-de-baile-y-electronica\/\" \/>\n<meta property=\"og:locale\" content=\"es_ES\" \/>\n<meta property=\"og:type\" content=\"article\" \/>\n<meta property=\"og:title\" content=\"Black Coffee regresa a Vaiv\u00e9n 2024 para una noche \u00e9pica de baile y electr\u00f3nica! - Zero Magazine\" \/>\n<meta property=\"og:description\" content=\"El maestro sudafricano del ritmo electrizar\u00e1 los Jardines de M\u00e9xico el 27 de abril con su sonido \u00fanico que fusiona deep house, tech house y ritmos africanos. Prep\u00e1rate para una experiencia musical inolvidable llena de sus \u00e9xitos m\u00e1s emblem\u00e1ticos y nuevas pistas que te har\u00e1n vibrar . Black Coffee no es solo un DJ, es [&hellip;]\" \/>\n<meta property=\"og:url\" content=\"https:\/\/zeromagazine.mx\/index.php\/2024\/02\/29\/black-coffee-regresa-a-vaiven-2024-para-una-noche-epica-de-baile-y-electronica\/\" \/>\n<meta property=\"og:site_name\" content=\"Zero Magazine\" \/>\n<meta property=\"article:published_time\" content=\"2024-02-29T19:49:56+00:00\" \/>\n<meta property=\"article:modified_time\" content=\"2024-04-19T18:52:01+00:00\" \/>\n<meta property=\"og:image\" content=\"https:\/\/i0.wp.com\/zeromagazine.mx\/wp-content\/uploads\/2024\/04\/DJ-Black-Coffee-Picture-Instagram.jpg?fit=800%2C450&ssl=1\" \/>\n\t<meta property=\"og:image:width\" content=\"800\" \/>\n\t<meta property=\"og:image:height\" content=\"450\" \/>\n\t<meta property=\"og:image:type\" content=\"image\/jpeg\" \/>\n<meta name=\"author\" content=\"zeromagazinemx\" \/>\n<meta name=\"twitter:card\" content=\"summary_large_image\" \/>\n<meta name=\"twitter:label1\" content=\"Escrito por\" \/>\n\t<meta name=\"twitter:data1\" content=\"zeromagazinemx\" \/>\n\t<meta name=\"twitter:label2\" content=\"Tiempo de lectura\" \/>\n\t<meta name=\"twitter:data2\" content=\"1 minuto\" \/>\n<script type=\"application\/ld+json\" class=\"yoast-schema-graph\">{\"@context\":\"https:\\\/\\\/schema.org\",\"@graph\":[{\"@type\":\"Article\",\"@id\":\"https:\\\/\\\/zeromagazine.mx\\\/index.php\\\/2024\\\/02\\\/29\\\/black-coffee-regresa-a-vaiven-2024-para-una-noche-epica-de-baile-y-electronica\\\/#article\",\"isPartOf\":{\"@id\":\"https:\\\/\\\/zeromagazine.mx\\\/index.php\\\/2024\\\/02\\\/29\\\/black-coffee-regresa-a-vaiven-2024-para-una-noche-epica-de-baile-y-electronica\\\/\"},\"author\":{\"name\":\"zeromagazinemx\",\"@id\":\"https:\\\/\\\/zeromagazine.mx\\\/#\\\/schema\\\/person\\\/9aed9f33a7c39af3a348b86d723f7773\"},\"headline\":\"Black Coffee regresa a Vaiv\u00e9n 2024 para una noche \u00e9pica de baile y electr\u00f3nica!\",\"datePublished\":\"2024-02-29T19:49:56+00:00\",\"dateModified\":\"2024-04-19T18:52:01+00:00\",\"mainEntityOfPage\":{\"@id\":\"https:\\\/\\\/zeromagazine.mx\\\/index.php\\\/2024\\\/02\\\/29\\\/black-coffee-regresa-a-vaiven-2024-para-una-noche-epica-de-baile-y-electronica\\\/\"},\"wordCount\":202,\"commentCount\":0,\"publisher\":{\"@id\":\"https:\\\/\\\/zeromagazine.mx\\\/#organization\"},\"image\":{\"@id\":\"https:\\\/\\\/zeromagazine.mx\\\/index.php\\\/2024\\\/02\\\/29\\\/black-coffee-regresa-a-vaiven-2024-para-una-noche-epica-de-baile-y-electronica\\\/#primaryimage\"},\"thumbnailUrl\":\"https:\\\/\\\/i0.wp.com\\\/zeromagazine.mx\\\/wp-content\\\/uploads\\\/2024\\\/04\\\/DJ-Black-Coffee-Picture-Instagram.jpg?fit=800%2C450&ssl=1\",\"articleSection\":[\"Blog\"],\"inLanguage\":\"es\",\"potentialAction\":[{\"@type\":\"CommentAction\",\"name\":\"Comment\",\"target\":[\"https:\\\/\\\/zeromagazine.mx\\\/index.php\\\/2024\\\/02\\\/29\\\/black-coffee-regresa-a-vaiven-2024-para-una-noche-epica-de-baile-y-electronica\\\/#respond\"]}]},{\"@type\":\"WebPage\",\"@id\":\"https:\\\/\\\/zeromagazine.mx\\\/index.php\\\/2024\\\/02\\\/29\\\/black-coffee-regresa-a-vaiven-2024-para-una-noche-epica-de-baile-y-electronica\\\/\",\"url\":\"https:\\\/\\\/zeromagazine.mx\\\/index.php\\\/2024\\\/02\\\/29\\\/black-coffee-regresa-a-vaiven-2024-para-una-noche-epica-de-baile-y-electronica\\\/\",\"name\":\"Black Coffee regresa a Vaiv\u00e9n 2024 para una noche \u00e9pica de baile y electr\u00f3nica! - Zero Magazine\",\"isPartOf\":{\"@id\":\"https:\\\/\\\/zeromagazine.mx\\\/#website\"},\"primaryImageOfPage\":{\"@id\":\"https:\\\/\\\/zeromagazine.mx\\\/index.php\\\/2024\\\/02\\\/29\\\/black-coffee-regresa-a-vaiven-2024-para-una-noche-epica-de-baile-y-electronica\\\/#primaryimage\"},\"image\":{\"@id\":\"https:\\\/\\\/zeromagazine.mx\\\/index.php\\\/2024\\\/02\\\/29\\\/black-coffee-regresa-a-vaiven-2024-para-una-noche-epica-de-baile-y-electronica\\\/#primaryimage\"},\"thumbnailUrl\":\"https:\\\/\\\/i0.wp.com\\\/zeromagazine.mx\\\/wp-content\\\/uploads\\\/2024\\\/04\\\/DJ-Black-Coffee-Picture-Instagram.jpg?fit=800%2C450&ssl=1\",\"datePublished\":\"2024-02-29T19:49:56+00:00\",\"dateModified\":\"2024-04-19T18:52:01+00:00\",\"breadcrumb\":{\"@id\":\"https:\\\/\\\/zeromagazine.mx\\\/index.php\\\/2024\\\/02\\\/29\\\/black-coffee-regresa-a-vaiven-2024-para-una-noche-epica-de-baile-y-electronica\\\/#breadcrumb\"},\"inLanguage\":\"es\",\"potentialAction\":[{\"@type\":\"ReadAction\",\"target\":[\"https:\\\/\\\/zeromagazine.mx\\\/index.php\\\/2024\\\/02\\\/29\\\/black-coffee-regresa-a-vaiven-2024-para-una-noche-epica-de-baile-y-electronica\\\/\"]}]},{\"@type\":\"ImageObject\",\"inLanguage\":\"es\",\"@id\":\"https:\\\/\\\/zeromagazine.mx\\\/index.php\\\/2024\\\/02\\\/29\\\/black-coffee-regresa-a-vaiven-2024-para-una-noche-epica-de-baile-y-electronica\\\/#primaryimage\",\"url\":\"https:\\\/\\\/i0.wp.com\\\/zeromagazine.mx\\\/wp-content\\\/uploads\\\/2024\\\/04\\\/DJ-Black-Coffee-Picture-Instagram.jpg?fit=800%2C450&ssl=1\",\"contentUrl\":\"https:\\\/\\\/i0.wp.com\\\/zeromagazine.mx\\\/wp-content\\\/uploads\\\/2024\\\/04\\\/DJ-Black-Coffee-Picture-Instagram.jpg?fit=800%2C450&ssl=1\",\"width\":800,\"height\":450},{\"@type\":\"BreadcrumbList\",\"@id\":\"https:\\\/\\\/zeromagazine.mx\\\/index.php\\\/2024\\\/02\\\/29\\\/black-coffee-regresa-a-vaiven-2024-para-una-noche-epica-de-baile-y-electronica\\\/#breadcrumb\",\"itemListElement\":[{\"@type\":\"ListItem\",\"position\":1,\"name\":\"Portada\",\"item\":\"https:\\\/\\\/zeromagazine.mx\\\/\"},{\"@type\":\"ListItem\",\"position\":2,\"name\":\"Black Coffee regresa a Vaiv\u00e9n 2024 para una noche \u00e9pica de baile y electr\u00f3nica!\"}]},{\"@type\":\"WebSite\",\"@id\":\"https:\\\/\\\/zeromagazine.mx\\\/#website\",\"url\":\"https:\\\/\\\/zeromagazine.mx\\\/\",\"name\":\"Zero Magazine\",\"description\":\"\",\"publisher\":{\"@id\":\"https:\\\/\\\/zeromagazine.mx\\\/#organization\"},\"potentialAction\":[{\"@type\":\"SearchAction\",\"target\":{\"@type\":\"EntryPoint\",\"urlTemplate\":\"https:\\\/\\\/zeromagazine.mx\\\/?s={search_term_string}\"},\"query-input\":{\"@type\":\"PropertyValueSpecification\",\"valueRequired\":true,\"valueName\":\"search_term_string\"}}],\"inLanguage\":\"es\"},{\"@type\":\"Organization\",\"@id\":\"https:\\\/\\\/zeromagazine.mx\\\/#organization\",\"name\":\"Zero Magazine\",\"url\":\"https:\\\/\\\/zeromagazine.mx\\\/\",\"logo\":{\"@type\":\"ImageObject\",\"inLanguage\":\"es\",\"@id\":\"https:\\\/\\\/zeromagazine.mx\\\/#\\\/schema\\\/logo\\\/image\\\/\",\"url\":\"https:\\\/\\\/i0.wp.com\\\/zeromagazine.mx\\\/wp-content\\\/uploads\\\/2025\\\/11\\\/1.jpeg?fit=1000%2C1000&ssl=1\",\"contentUrl\":\"https:\\\/\\\/i0.wp.com\\\/zeromagazine.mx\\\/wp-content\\\/uploads\\\/2025\\\/11\\\/1.jpeg?fit=1000%2C1000&ssl=1\",\"width\":1000,\"height\":1000,\"caption\":\"Zero Magazine\"},\"image\":{\"@id\":\"https:\\\/\\\/zeromagazine.mx\\\/#\\\/schema\\\/logo\\\/image\\\/\"},\"sameAs\":[\"https:\\\/\\\/instagram.com\\\/zeromagazinemx\"]},{\"@type\":\"Person\",\"@id\":\"https:\\\/\\\/zeromagazine.mx\\\/#\\\/schema\\\/person\\\/9aed9f33a7c39af3a348b86d723f7773\",\"name\":\"zeromagazinemx\",\"image\":{\"@type\":\"ImageObject\",\"inLanguage\":\"es\",\"@id\":\"https:\\\/\\\/zeromagazine.mx\\\/wp-content\\\/litespeed\\\/avatar\\\/f91dfe5410d5dcb1a576bf8c45983896.jpg?ver=1777571230\",\"url\":\"https:\\\/\\\/zeromagazine.mx\\\/wp-content\\\/litespeed\\\/avatar\\\/f91dfe5410d5dcb1a576bf8c45983896.jpg?ver=1777571230\",\"contentUrl\":\"https:\\\/\\\/zeromagazine.mx\\\/wp-content\\\/litespeed\\\/avatar\\\/f91dfe5410d5dcb1a576bf8c45983896.jpg?ver=1777571230\",\"caption\":\"zeromagazinemx\"},\"url\":\"https:\\\/\\\/zeromagazine.mx\\\/index.php\\\/author\\\/zeromagazinemx\\\/\"}]}<\/script>\n<!-- \/ Yoast SEO plugin. -->","yoast_head_json":{"title":"Black Coffee regresa a Vaiv\u00e9n 2024 para una noche \u00e9pica de baile y electr\u00f3nica! - Zero Magazine","robots":{"index":"index","follow":"follow","max-snippet":"max-snippet:-1","max-image-preview":"max-image-preview:large","max-video-preview":"max-video-preview:-1"},"canonical":"https:\/\/zeromagazine.mx\/index.php\/2024\/02\/29\/black-coffee-regresa-a-vaiven-2024-para-una-noche-epica-de-baile-y-electronica\/","og_locale":"es_ES","og_type":"article","og_title":"Black Coffee regresa a Vaiv\u00e9n 2024 para una noche \u00e9pica de baile y electr\u00f3nica! - Zero Magazine","og_description":"El maestro sudafricano del ritmo electrizar\u00e1 los Jardines de M\u00e9xico el 27 de abril con su sonido \u00fanico que fusiona deep house, tech house y ritmos africanos. Prep\u00e1rate para una experiencia musical inolvidable llena de sus \u00e9xitos m\u00e1s emblem\u00e1ticos y nuevas pistas que te har\u00e1n vibrar . Black Coffee no es solo un DJ, es [&hellip;]","og_url":"https:\/\/zeromagazine.mx\/index.php\/2024\/02\/29\/black-coffee-regresa-a-vaiven-2024-para-una-noche-epica-de-baile-y-electronica\/","og_site_name":"Zero Magazine","article_published_time":"2024-02-29T19:49:56+00:00","article_modified_time":"2024-04-19T18:52:01+00:00","og_image":[{"width":800,"height":450,"url":"https:\/\/i0.wp.com\/zeromagazine.mx\/wp-content\/uploads\/2024\/04\/DJ-Black-Coffee-Picture-Instagram.jpg?fit=800%2C450&ssl=1","type":"image\/jpeg"}],"author":"zeromagazinemx","twitter_card":"summary_large_image","twitter_misc":{"Escrito por":"zeromagazinemx","Tiempo de lectura":"1 minuto"},"schema":{"@context":"https:\/\/schema.org","@graph":[{"@type":"Article","@id":"https:\/\/zeromagazine.mx\/index.php\/2024\/02\/29\/black-coffee-regresa-a-vaiven-2024-para-una-noche-epica-de-baile-y-electronica\/#article","isPartOf":{"@id":"https:\/\/zeromagazine.mx\/index.php\/2024\/02\/29\/black-coffee-regresa-a-vaiven-2024-para-una-noche-epica-de-baile-y-electronica\/"},"author":{"name":"zeromagazinemx","@id":"https:\/\/zeromagazine.mx\/#\/schema\/person\/9aed9f33a7c39af3a348b86d723f7773"},"headline":"Black Coffee regresa a Vaiv\u00e9n 2024 para una noche \u00e9pica de baile y electr\u00f3nica!","datePublished":"2024-02-29T19:49:56+00:00","dateModified":"2024-04-19T18:52:01+00:00","mainEntityOfPage":{"@id":"https:\/\/zeromagazine.mx\/index.php\/2024\/02\/29\/black-coffee-regresa-a-vaiven-2024-para-una-noche-epica-de-baile-y-electronica\/"},"wordCount":202,"commentCount":0,"publisher":{"@id":"https:\/\/zeromagazine.mx\/#organization"},"image":{"@id":"https:\/\/zeromagazine.mx\/index.php\/2024\/02\/29\/black-coffee-regresa-a-vaiven-2024-para-una-noche-epica-de-baile-y-electronica\/#primaryimage"},"thumbnailUrl":"https:\/\/i0.wp.com\/zeromagazine.mx\/wp-content\/uploads\/2024\/04\/DJ-Black-Coffee-Picture-Instagram.jpg?fit=800%2C450&ssl=1","articleSection":["Blog"],"inLanguage":"es","potentialAction":[{"@type":"CommentAction","name":"Comment","target":["https:\/\/zeromagazine.mx\/index.php\/2024\/02\/29\/black-coffee-regresa-a-vaiven-2024-para-una-noche-epica-de-baile-y-electronica\/#respond"]}]},{"@type":"WebPage","@id":"https:\/\/zeromagazine.mx\/index.php\/2024\/02\/29\/black-coffee-regresa-a-vaiven-2024-para-una-noche-epica-de-baile-y-electronica\/","url":"https:\/\/zeromagazine.mx\/index.php\/2024\/02\/29\/black-coffee-regresa-a-vaiven-2024-para-una-noche-epica-de-baile-y-electronica\/","name":"Black Coffee regresa a Vaiv\u00e9n 2024 para una noche \u00e9pica de baile y electr\u00f3nica! - Zero Magazine","isPartOf":{"@id":"https:\/\/zeromagazine.mx\/#website"},"primaryImageOfPage":{"@id":"https:\/\/zeromagazine.mx\/index.php\/2024\/02\/29\/black-coffee-regresa-a-vaiven-2024-para-una-noche-epica-de-baile-y-electronica\/#primaryimage"},"image":{"@id":"https:\/\/zeromagazine.mx\/index.php\/2024\/02\/29\/black-coffee-regresa-a-vaiven-2024-para-una-noche-epica-de-baile-y-electronica\/#primaryimage"},"thumbnailUrl":"https:\/\/i0.wp.com\/zeromagazine.mx\/wp-content\/uploads\/2024\/04\/DJ-Black-Coffee-Picture-Instagram.jpg?fit=800%2C450&ssl=1","datePublished":"2024-02-29T19:49:56+00:00","dateModified":"2024-04-19T18:52:01+00:00","breadcrumb":{"@id":"https:\/\/zeromagazine.mx\/index.php\/2024\/02\/29\/black-coffee-regresa-a-vaiven-2024-para-una-noche-epica-de-baile-y-electronica\/#breadcrumb"},"inLanguage":"es","potentialAction":[{"@type":"ReadAction","target":["https:\/\/zeromagazine.mx\/index.php\/2024\/02\/29\/black-coffee-regresa-a-vaiven-2024-para-una-noche-epica-de-baile-y-electronica\/"]}]},{"@type":"ImageObject","inLanguage":"es","@id":"https:\/\/zeromagazine.mx\/index.php\/2024\/02\/29\/black-coffee-regresa-a-vaiven-2024-para-una-noche-epica-de-baile-y-electronica\/#primaryimage","url":"https:\/\/i0.wp.com\/zeromagazine.mx\/wp-content\/uploads\/2024\/04\/DJ-Black-Coffee-Picture-Instagram.jpg?fit=800%2C450&ssl=1","contentUrl":"https:\/\/i0.wp.com\/zeromagazine.mx\/wp-content\/uploads\/2024\/04\/DJ-Black-Coffee-Picture-Instagram.jpg?fit=800%2C450&ssl=1","width":800,"height":450},{"@type":"BreadcrumbList","@id":"https:\/\/zeromagazine.mx\/index.php\/2024\/02\/29\/black-coffee-regresa-a-vaiven-2024-para-una-noche-epica-de-baile-y-electronica\/#breadcrumb","itemListElement":[{"@type":"ListItem","position":1,"name":"Portada","item":"https:\/\/zeromagazine.mx\/"},{"@type":"ListItem","position":2,"name":"Black Coffee regresa a Vaiv\u00e9n 2024 para una noche \u00e9pica de baile y electr\u00f3nica!"}]},{"@type":"WebSite","@id":"https:\/\/zeromagazine.mx\/#website","url":"https:\/\/zeromagazine.mx\/","name":"Zero Magazine","description":"","publisher":{"@id":"https:\/\/zeromagazine.mx\/#organization"},"potentialAction":[{"@type":"SearchAction","target":{"@type":"EntryPoint","urlTemplate":"https:\/\/zeromagazine.mx\/?s={search_term_string}"},"query-input":{"@type":"PropertyValueSpecification","valueRequired":true,"valueName":"search_term_string"}}],"inLanguage":"es"},{"@type":"Organization","@id":"https:\/\/zeromagazine.mx\/#organization","name":"Zero Magazine","url":"https:\/\/zeromagazine.mx\/","logo":{"@type":"ImageObject","inLanguage":"es","@id":"https:\/\/zeromagazine.mx\/#\/schema\/logo\/image\/","url":"https:\/\/i0.wp.com\/zeromagazine.mx\/wp-content\/uploads\/2025\/11\/1.jpeg?fit=1000%2C1000&ssl=1","contentUrl":"https:\/\/i0.wp.com\/zeromagazine.mx\/wp-content\/uploads\/2025\/11\/1.jpeg?fit=1000%2C1000&ssl=1","width":1000,"height":1000,"caption":"Zero Magazine"},"image":{"@id":"https:\/\/zeromagazine.mx\/#\/schema\/logo\/image\/"},"sameAs":["https:\/\/instagram.com\/zeromagazinemx"]},{"@type":"Person","@id":"https:\/\/zeromagazine.mx\/#\/schema\/person\/9aed9f33a7c39af3a348b86d723f7773","name":"zeromagazinemx","image":{"@type":"ImageObject","inLanguage":"es","@id":"https:\/\/zeromagazine.mx\/wp-content\/litespeed\/avatar\/f91dfe5410d5dcb1a576bf8c45983896.jpg?ver=1777571230","url":"https:\/\/zeromagazine.mx\/wp-content\/litespeed\/avatar\/f91dfe5410d5dcb1a576bf8c45983896.jpg?ver=1777571230","contentUrl":"https:\/\/zeromagazine.mx\/wp-content\/litespeed\/avatar\/f91dfe5410d5dcb1a576bf8c45983896.jpg?ver=1777571230","caption":"zeromagazinemx"},"url":"https:\/\/zeromagazine.mx\/index.php\/author\/zeromagazinemx\/"}]}},"jetpack_publicize_connections":[],"jetpack_featured_media_url":"https:\/\/i0.wp.com\/zeromagazine.mx\/wp-content\/uploads\/2024\/04\/DJ-Black-Coffee-Picture-Instagram.jpg?fit=800%2C450&ssl=1","jetpack-related-posts":[{"id":79774,"url":"https:\/\/zeromagazine.mx\/index.php\/2024\/07\/02\/pepsi-black-la-sinergia-perfecta-entre-musica-tecnologia-y-sabor\/","url_meta":{"origin":74469,"position":0},"title":"Pepsi Black: La Sinergia Perfecta entre M\u00fasica, Tecnolog\u00eda y Sabor","author":"zeromagazinemx","date":"2 de julio de 2024","format":false,"excerpt":"Hoy les vengo a contar sobre una campa\u00f1a que est\u00e1 rompiendo esquemas: Pepsi Black se ha lanzado con todo para despertar nuestros sentidos con m\u00fasica y un sabor que no tiene comparaci\u00f3n. Esta bebida se ha propuesto que todes se atrevan a probar su m\u00e1ximo sabor. En su m\u00e1s reciente\u2026","rel":"","context":"En \u00abBlog\u00bb","block_context":{"text":"Blog","link":"https:\/\/zeromagazine.mx\/index.php\/category\/blog\/"},"img":{"alt_text":"","src":"https:\/\/i0.wp.com\/zeromagazine.mx\/wp-content\/uploads\/2024\/07\/Pepsi-Black-The-Warning-scaled.jpg?fit=1200%2C800&ssl=1&resize=350%2C200","width":350,"height":200,"srcset":"https:\/\/i0.wp.com\/zeromagazine.mx\/wp-content\/uploads\/2024\/07\/Pepsi-Black-The-Warning-scaled.jpg?fit=1200%2C800&ssl=1&resize=350%2C200 1x, https:\/\/i0.wp.com\/zeromagazine.mx\/wp-content\/uploads\/2024\/07\/Pepsi-Black-The-Warning-scaled.jpg?fit=1200%2C800&ssl=1&resize=525%2C300 1.5x, https:\/\/i0.wp.com\/zeromagazine.mx\/wp-content\/uploads\/2024\/07\/Pepsi-Black-The-Warning-scaled.jpg?fit=1200%2C800&ssl=1&resize=700%2C400 2x, https:\/\/i0.wp.com\/zeromagazine.mx\/wp-content\/uploads\/2024\/07\/Pepsi-Black-The-Warning-scaled.jpg?fit=1200%2C800&ssl=1&resize=1050%2C600 3x"},"classes":[]},{"id":77563,"url":"https:\/\/zeromagazine.mx\/index.php\/2024\/06\/11\/alvaro-diaz-llevara-el-electrizante-sayonara-tour-a-mexico\/","url_meta":{"origin":74469,"position":1},"title":"\u00c1lvaro D\u00edaz llevar\u00e1 el Electrizante Sayonara Tour a M\u00e9xico","author":"David Morales","date":"11 de junio de 2024","format":false,"excerpt":"\u00bfEst\u00e1s liste para vivir una experiencia inolvidable con uno de los grandes del rap y trap latino? \u00c1lvaro D\u00edaz est\u00e1 llegando a M\u00e9xico con su gira SAYONARA TOUR y t\u00fa no te puedes quedar fuera de esta fiesta musical. Ahora, d\u00e9jame contarte algo que te va a emocionar. Este rapero\u2026","rel":"","context":"En \u00abBlog\u00bb","block_context":{"text":"Blog","link":"https:\/\/zeromagazine.mx\/index.php\/category\/blog\/"},"img":{"alt_text":"","src":"https:\/\/i0.wp.com\/zeromagazine.mx\/wp-content\/uploads\/2024\/06\/image_processing20240610-9-zb04yc.jpg?fit=1200%2C675&ssl=1&resize=350%2C200","width":350,"height":200,"srcset":"https:\/\/i0.wp.com\/zeromagazine.mx\/wp-content\/uploads\/2024\/06\/image_processing20240610-9-zb04yc.jpg?fit=1200%2C675&ssl=1&resize=350%2C200 1x, https:\/\/i0.wp.com\/zeromagazine.mx\/wp-content\/uploads\/2024\/06\/image_processing20240610-9-zb04yc.jpg?fit=1200%2C675&ssl=1&resize=525%2C300 1.5x, https:\/\/i0.wp.com\/zeromagazine.mx\/wp-content\/uploads\/2024\/06\/image_processing20240610-9-zb04yc.jpg?fit=1200%2C675&ssl=1&resize=700%2C400 2x, https:\/\/i0.wp.com\/zeromagazine.mx\/wp-content\/uploads\/2024\/06\/image_processing20240610-9-zb04yc.jpg?fit=1200%2C675&ssl=1&resize=1050%2C600 3x"},"classes":[]},{"id":74457,"url":"https:\/\/zeromagazine.mx\/index.php\/2023\/12\/12\/preparate-para-vibrar-al-ritmo-de-la-musica-en-el-festival-vaiven-2024\/","url_meta":{"origin":74469,"position":2},"title":"\u00a1Prep\u00e1rate para vibrar al ritmo de la m\u00fasica en el Festival Vaiv\u00e9n 2024!","author":"zeromagazinemx","date":"12 de diciembre de 2023","format":false,"excerpt":"Llega una nueva edici\u00f3n del Festival Vaiv\u00e9n, y este a\u00f1o promete ser a\u00fan m\u00e1s especial. Apunta la fecha en tu calendario: el s\u00e1bado 27 de abril de 2024 los Jardines de M\u00e9xico en Morelos se llenar\u00e1n de m\u00fasica, baile y la mejor vibra para celebrar la primavera. https:\/\/open.spotify.com\/playlist\/46FtmIbil4JbrnmTuVlYO7?si=7557d88e7bac4387 \u00a1Aprendete al\u2026","rel":"","context":"En \u00abBlog\u00bb","block_context":{"text":"Blog","link":"https:\/\/zeromagazine.mx\/index.php\/category\/blog\/"},"img":{"alt_text":"","src":"https:\/\/i0.wp.com\/zeromagazine.mx\/wp-content\/uploads\/2024\/04\/festival-vaiven-2023-recomendaciones.webp?resize=350%2C200&ssl=1","width":350,"height":200,"srcset":"https:\/\/i0.wp.com\/zeromagazine.mx\/wp-content\/uploads\/2024\/04\/festival-vaiven-2023-recomendaciones.webp?resize=350%2C200&ssl=1 1x, https:\/\/i0.wp.com\/zeromagazine.mx\/wp-content\/uploads\/2024\/04\/festival-vaiven-2023-recomendaciones.webp?resize=525%2C300&ssl=1 1.5x, https:\/\/i0.wp.com\/zeromagazine.mx\/wp-content\/uploads\/2024\/04\/festival-vaiven-2023-recomendaciones.webp?resize=700%2C400&ssl=1 2x, https:\/\/i0.wp.com\/zeromagazine.mx\/wp-content\/uploads\/2024\/04\/festival-vaiven-2023-recomendaciones.webp?resize=1050%2C600&ssl=1 3x, https:\/\/i0.wp.com\/zeromagazine.mx\/wp-content\/uploads\/2024\/04\/festival-vaiven-2023-recomendaciones.webp?resize=1400%2C800&ssl=1 4x"},"classes":[]},{"id":69721,"url":"https:\/\/zeromagazine.mx\/index.php\/2023\/12\/19\/vaiven-2024-ritmo-natural\/","url_meta":{"origin":74469,"position":3},"title":"\u00a1Vaiv\u00e9n 2024: Ritmo Natural!","author":"David Morales","date":"19 de diciembre de 2023","format":false,"excerpt":"\u00bfListes para la experiencia musical m\u00e1s alucinante? El cartel de VAIV\u00c9N 2024 est\u00e1 aqu\u00ed y \u00a1es una locura! Desde el s\u00e1bado 27 de abril, Jardines de M\u00e9xico volver\u00e1n a ser el epicentro de la vibra m\u00e1s intensa. \u00a1Prep\u00e1rense para el delirio musical en uno de los parques m\u00e1s \u00e9picos del\u2026","rel":"","context":"En \u00abEntretenimiento\u00bb","block_context":{"text":"Entretenimiento","link":"https:\/\/zeromagazine.mx\/index.php\/category\/entretenimiento\/"},"img":{"alt_text":"","src":"https:\/\/i0.wp.com\/zeromagazine.mx\/wp-content\/uploads\/2023\/12\/Vaiven-2024-1.jpg?fit=1080%2C1080&ssl=1&resize=350%2C200","width":350,"height":200,"srcset":"https:\/\/i0.wp.com\/zeromagazine.mx\/wp-content\/uploads\/2023\/12\/Vaiven-2024-1.jpg?fit=1080%2C1080&ssl=1&resize=350%2C200 1x, https:\/\/i0.wp.com\/zeromagazine.mx\/wp-content\/uploads\/2023\/12\/Vaiven-2024-1.jpg?fit=1080%2C1080&ssl=1&resize=525%2C300 1.5x, https:\/\/i0.wp.com\/zeromagazine.mx\/wp-content\/uploads\/2023\/12\/Vaiven-2024-1.jpg?fit=1080%2C1080&ssl=1&resize=700%2C400 2x, https:\/\/i0.wp.com\/zeromagazine.mx\/wp-content\/uploads\/2023\/12\/Vaiven-2024-1.jpg?fit=1080%2C1080&ssl=1&resize=1050%2C600 3x"},"classes":[]},{"id":105892,"url":"https:\/\/zeromagazine.mx\/index.php\/2025\/06\/11\/pride-togheter-en-hotel-reforma-una-fiesta-de-libertad\/","url_meta":{"origin":74469,"position":4},"title":"PRIDE TOGETHER en Hotel Reforma: Una fiesta de libertad","author":"David Morales","date":"11 de junio de 2025","format":false,"excerpt":"Amix, estamos en junio y no solo el calor se viene intensos, pues tambi\u00e9n el Pride 2025 viene con todo y no es cualquier plan improvisado: es la cita m\u00e1s electrizante del mes \ud83c\udf08. Y por eso este a\u00f1o, despu\u00e9s de la Marcha del Orgullo en CDMX, el Antiguo Hotel\u2026","rel":"","context":"En \u00abCultura\u00bb","block_context":{"text":"Cultura","link":"https:\/\/zeromagazine.mx\/index.php\/category\/cultura\/"},"img":{"alt_text":"","src":"https:\/\/i0.wp.com\/zeromagazine.mx\/wp-content\/uploads\/2025\/06\/image.png?fit=1070%2C874&ssl=1&resize=350%2C200","width":350,"height":200,"srcset":"https:\/\/i0.wp.com\/zeromagazine.mx\/wp-content\/uploads\/2025\/06\/image.png?fit=1070%2C874&ssl=1&resize=350%2C200 1x, https:\/\/i0.wp.com\/zeromagazine.mx\/wp-content\/uploads\/2025\/06\/image.png?fit=1070%2C874&ssl=1&resize=525%2C300 1.5x, https:\/\/i0.wp.com\/zeromagazine.mx\/wp-content\/uploads\/2025\/06\/image.png?fit=1070%2C874&ssl=1&resize=700%2C400 2x, https:\/\/i0.wp.com\/zeromagazine.mx\/wp-content\/uploads\/2025\/06\/image.png?fit=1070%2C874&ssl=1&resize=1050%2C600 3x"},"classes":[]},{"id":72130,"url":"https:\/\/zeromagazine.mx\/index.php\/2024\/03\/15\/smirnoff-electric-guava-dos-cocteles-electrizantes-para-sorprender\/","url_meta":{"origin":74469,"position":5},"title":"Smirnoff Electric Guava: Dos c\u00f3cteles electrizantes para sorprender","author":"zeromagazinemx","date":"15 de marzo de 2024","format":false,"excerpt":"Tenemos que hablar de la \u00faltima innovaci\u00f3n de Smirnoff. \u00a1Se trata del Smirnoff Electric Guava! Este nuevo vodka combina la jugosidad de la guayaba con un toque de jengibre, \u00a1y cr\u00e9anme, es una experiencia que no se pueden perder! Ahora que la primavera est\u00e1 a la vuelta de la esquina,\u2026","rel":"","context":"En \u00abBlog\u00bb","block_context":{"text":"Blog","link":"https:\/\/zeromagazine.mx\/index.php\/category\/blog\/"},"img":{"alt_text":"","src":"https:\/\/i0.wp.com\/zeromagazine.mx\/wp-content\/uploads\/2024\/03\/Raspado-Electrico.jpg?resize=350%2C200&ssl=1","width":350,"height":200},"classes":[]}],"jetpack_sharing_enabled":true,"builder_content":"","_links":{"self":[{"href":"https:\/\/zeromagazine.mx\/index.php\/wp-json\/wp\/v2\/posts\/74469","targetHints":{"allow":["GET"]}}],"collection":[{"href":"https:\/\/zeromagazine.mx\/index.php\/wp-json\/wp\/v2\/posts"}],"about":[{"href":"https:\/\/zeromagazine.mx\/index.php\/wp-json\/wp\/v2\/types\/post"}],"author":[{"embeddable":true,"href":"https:\/\/zeromagazine.mx\/index.php\/wp-json\/wp\/v2\/users\/2"}],"replies":[{"embeddable":true,"href":"https:\/\/zeromagazine.mx\/index.php\/wp-json\/wp\/v2\/comments?post=74469"}],"version-history":[{"count":1,"href":"https:\/\/zeromagazine.mx\/index.php\/wp-json\/wp\/v2\/posts\/74469\/revisions"}],"predecessor-version":[{"id":74471,"href":"https:\/\/zeromagazine.mx\/index.php\/wp-json\/wp\/v2\/posts\/74469\/revisions\/74471"}],"wp:featuredmedia":[{"embeddable":true,"href":"https:\/\/zeromagazine.mx\/index.php\/wp-json\/wp\/v2\/media\/74470"}],"wp:attachment":[{"href":"https:\/\/zeromagazine.mx\/index.php\/wp-json\/wp\/v2\/media?parent=74469"}],"wp:term":[{"taxonomy":"category","embeddable":true,"href":"https:\/\/zeromagazine.mx\/index.php\/wp-json\/wp\/v2\/categories?post=74469"},{"taxonomy":"post_tag","embeddable":true,"href":"https:\/\/zeromagazine.mx\/index.php\/wp-json\/wp\/v2\/tags?post=74469"}],"curies":[{"name":"wp","href":"https:\/\/api.w.org\/{rel}","templated":true}]}}