{"id":74905,"date":"2024-04-26T01:00:00","date_gmt":"2024-04-25T23:00:00","guid":{"rendered":"https:\/\/zeromagazine.mx\/?p=74905"},"modified":"2024-04-25T19:24:37","modified_gmt":"2024-04-25T17:24:37","slug":"sofitel-encuentro-de-culturas","status":"publish","type":"post","link":"https:\/\/zeromagazine.mx\/index.php\/2024\/04\/26\/sofitel-encuentro-de-culturas\/","title":{"rendered":"Sofitel: Encuentro de Culturas"},"content":{"rendered":"<p>Sofitel acaba de lanzar su nueva campa\u00f1a y \u00a1es todo un acontecimiento! Se trata de un cortometraje filmado en el ic\u00f3nico Sofitel Mexico City Reforma, \u00a1y no se imaginan lo espectacular que est\u00e1!<\/p>\n\n\n\n<script async src=\"https:\/\/pagead2.googlesyndication.com\/pagead\/js\/adsbygoogle.js?client=ca-pub-5499304793904745\"\n     crossorigin=\"anonymous\"><\/script>\n<ins class=\"adsbygoogle\"\n     style=\"display:block; text-align:center;\"\n     data-ad-layout=\"in-article\"\n     data-ad-format=\"fluid\"\n     data-ad-client=\"ca-pub-5499304793904745\"\n     data-ad-slot=\"5994863093\"><\/ins>\n<script>\n     (adsbygoogle = window.adsbygoogle || []).push({});\n<\/script>\n\n\n\n<p>Para empezar, \u00bfqu\u00e9 tal si nos sumergimos en este viaje lleno de encuentros y emociones? Pues resulta que Sofitel nos lleva a un lugar donde las vidas se entrelazan de manera m\u00e1gica. S\u00ed, \u00a1as\u00ed como lo escuchan! En esta pel\u00edcula, titulada \u00abThe Encounter\u00bb, dos mundos colisionan para crear una experiencia \u00fanica.<\/p>\n\n\n\n<script async src=\"https:\/\/pagead2.googlesyndication.com\/pagead\/js\/adsbygoogle.js?client=ca-pub-5499304793904745\"\n     crossorigin=\"anonymous\"><\/script>\n<ins class=\"adsbygoogle\"\n     style=\"display:block; text-align:center;\"\n     data-ad-layout=\"in-article\"\n     data-ad-format=\"fluid\"\n     data-ad-client=\"ca-pub-5499304793904745\"\n     data-ad-slot=\"5994863093\"><\/ins>\n<script>\n     (adsbygoogle = window.adsbygoogle || []).push({});\n<\/script>\n\n\n\n<p>\u00bfQui\u00e9nes son los protagonistas de esta historia? Nada m\u00e1s y nada menos que Gillian Anderson y Dali Benssalah, dos \u00edconos que representan la esencia de la marca Sofitel. Ambos desbordan talento y carisma, y se sumergen en una traves\u00eda por la vibrante Ciudad de M\u00e9xico, capturando la esencia de sus calles y su cultura.<\/p>\n\n\n<div class=\"wp-block-image\">\n<figure class=\"aligncenter size-full is-resized\"><img data-recalc-dims=\"1\" decoding=\"async\" width=\"320\" height=\"240\" src=\"https:\/\/i0.wp.com\/zeromagazine.mx\/wp-content\/uploads\/2024\/04\/Captura-de-pantalla-2024-04-19-a-las-10.40.34%E2%80%AFa.m.png?resize=320%2C240&#038;ssl=1\" alt=\"\" class=\"wp-image-74906\" style=\"width:427px;height:auto\" srcset=\"https:\/\/i0.wp.com\/zeromagazine.mx\/wp-content\/uploads\/2024\/04\/Captura-de-pantalla-2024-04-19-a-las-10.40.34%E2%80%AFa.m.png?w=320&amp;ssl=1 320w, https:\/\/i0.wp.com\/zeromagazine.mx\/wp-content\/uploads\/2024\/04\/Captura-de-pantalla-2024-04-19-a-las-10.40.34%E2%80%AFa.m.png?resize=300%2C225&amp;ssl=1 300w, https:\/\/i0.wp.com\/zeromagazine.mx\/wp-content\/uploads\/2024\/04\/Captura-de-pantalla-2024-04-19-a-las-10.40.34%E2%80%AFa.m.png?resize=560%2C420&amp;ssl=1 560w\" sizes=\"(max-width: 320px) 100vw, 320px\" \/><\/figure>\n<\/div>\n\n\n<p><\/p>\n\n\n\n<p>Por un lado, tenemos a Gillian Anderson, conocida por sus inolvidables roles en series como X-Files y The Crown. Ella nos cuenta sobre su experiencia en esta campa\u00f1a, destacando la energ\u00eda y la pasi\u00f3n por la exploraci\u00f3n que caracteriza a Sofitel. Por otro lado, Dali Benssalah, el carism\u00e1tico actor franco-argelino, nos sumerge en su fascinaci\u00f3n por la Ciudad de M\u00e9xico y el honor de ser parte de esta producci\u00f3n.<\/p>\n\n\n\n<script async src=\"https:\/\/pagead2.googlesyndication.com\/pagead\/js\/adsbygoogle.js?client=ca-pub-5499304793904745\"\n     crossorigin=\"anonymous\"><\/script>\n<ins class=\"adsbygoogle\"\n     style=\"display:block; text-align:center;\"\n     data-ad-layout=\"in-article\"\n     data-ad-format=\"fluid\"\n     data-ad-client=\"ca-pub-5499304793904745\"\n     data-ad-slot=\"5994863093\"><\/ins>\n<script>\n     (adsbygoogle = window.adsbygoogle || []).push({});\n<\/script>\n\n\n\n<p>La pel\u00edcula nos muestra c\u00f3mo Sofitel se transforma en un espacio donde convergen diferentes culturas y visiones. Desde el Cultural Link hasta el French Zest, la marca celebra la diversidad y el intercambio cultural, todo mientras ofrece un servicio de primera clase que nos hace sentir como en casa.<\/p>\n\n\n\n<p>Pero eso no es todo, amix. Sofitel tambi\u00e9n se compromete con las comunidades locales, promoviendo la cultura y apoyando a artistas y instituciones. Desde colaboraciones con museos hasta resaltando los mercados locales, la marca demuestra su compromiso con el tejido cultural de cada lugar donde se encuentra.<\/p>\n\n\n\n<script async src=\"https:\/\/pagead2.googlesyndication.com\/pagead\/js\/adsbygoogle.js?client=ca-pub-5499304793904745\"\n     crossorigin=\"anonymous\"><\/script>\n<ins class=\"adsbygoogle\"\n     style=\"display:block; text-align:center;\"\n     data-ad-layout=\"in-article\"\n     data-ad-format=\"fluid\"\n     data-ad-client=\"ca-pub-5499304793904745\"\n     data-ad-slot=\"5994863093\"><\/ins>\n<script>\n     (adsbygoogle = window.adsbygoogle || []).push({});\n<\/script>\n\n\n\n<p>\u00a1Prep\u00e1rense para sumergirse en el universo de Sofitel! Con esta nueva campa\u00f1a y el pr\u00f3ximo aniversario de la marca, nos esperan momentos inolvidables y experiencias que nos conectar\u00e1n con el mundo de una manera \u00fanica. \u00a1No se lo pueden perder!<\/p>\n\n<!--themify_builder_content-->\n<div id=\"themify_builder_content-74905\" data-postid=\"74905\" class=\"themify_builder_content themify_builder_content-74905 themify_builder tf_clear\">\n    <\/div>\n<!--\/themify_builder_content-->","protected":false},"excerpt":{"rendered":"<p>Sofitel acaba de lanzar su nueva campa\u00f1a y \u00a1es todo un acontecimiento! Se trata de un cortometraje filmado en el ic\u00f3nico Sofitel Mexico City Reforma, \u00a1y no se imaginan lo espectacular que est\u00e1! Para empezar, \u00bfqu\u00e9 tal si nos sumergimos en este viaje lleno de encuentros y emociones? Pues resulta que Sofitel nos lleva a [&hellip;]<\/p>\n","protected":false},"author":2,"featured_media":74906,"comment_status":"open","ping_status":"open","sticky":false,"template":"","format":"standard","meta":{"_jetpack_memberships_contains_paid_content":false,"footnotes":"","jetpack_publicize_message":"","jetpack_publicize_feature_enabled":true,"jetpack_social_post_already_shared":true,"jetpack_social_options":{"image_generator_settings":{"template":"highway","default_image_id":0,"font":"","enabled":false},"version":2}},"categories":[109,791,322],"tags":[1200,7928,7927,6714],"class_list":["post-74905","post","type-post","status-publish","format-standard","has-post-thumbnail","hentry","category-cine","category-cultura","category-lugares","tag-cortometraje","tag-dali-benssalah","tag-gillian-anderson","tag-softiel","has-post-title","has-post-date","has-post-category","has-post-tag","has-post-comment","has-post-author",""],"yoast_head":"<!-- This site is optimized with the Yoast SEO plugin v27.5 - https:\/\/yoast.com\/product\/yoast-seo-wordpress\/ -->\n<title>Sofitel: Encuentro de Culturas - Zero Magazine<\/title>\n<meta name=\"robots\" content=\"index, follow, max-snippet:-1, max-image-preview:large, max-video-preview:-1\" \/>\n<link rel=\"canonical\" href=\"https:\/\/zeromagazine.mx\/index.php\/2024\/04\/26\/sofitel-encuentro-de-culturas\/\" \/>\n<meta property=\"og:locale\" content=\"es_ES\" \/>\n<meta property=\"og:type\" content=\"article\" \/>\n<meta property=\"og:title\" content=\"Sofitel: Encuentro de Culturas - Zero Magazine\" \/>\n<meta property=\"og:description\" content=\"Sofitel acaba de lanzar su nueva campa\u00f1a y \u00a1es todo un acontecimiento! Se trata de un cortometraje filmado en el ic\u00f3nico Sofitel Mexico City Reforma, \u00a1y no se imaginan lo espectacular que est\u00e1! Para empezar, \u00bfqu\u00e9 tal si nos sumergimos en este viaje lleno de encuentros y emociones? Pues resulta que Sofitel nos lleva a [&hellip;]\" \/>\n<meta property=\"og:url\" content=\"https:\/\/zeromagazine.mx\/index.php\/2024\/04\/26\/sofitel-encuentro-de-culturas\/\" \/>\n<meta property=\"og:site_name\" content=\"Zero Magazine\" \/>\n<meta property=\"article:published_time\" content=\"2024-04-25T23:00:00+00:00\" \/>\n<meta property=\"og:image\" content=\"https:\/\/i0.wp.com\/zeromagazine.mx\/wp-content\/uploads\/2024\/04\/Captura-de-pantalla-2024-04-19-a-las-10.40.34\u202fa.m.png?fit=320%2C240&ssl=1\" \/>\n\t<meta property=\"og:image:width\" content=\"320\" \/>\n\t<meta property=\"og:image:height\" content=\"240\" \/>\n\t<meta property=\"og:image:type\" content=\"image\/png\" \/>\n<meta name=\"author\" content=\"zeromagazinemx\" \/>\n<meta name=\"twitter:card\" content=\"summary_large_image\" \/>\n<meta name=\"twitter:label1\" content=\"Escrito por\" \/>\n\t<meta name=\"twitter:data1\" content=\"zeromagazinemx\" \/>\n\t<meta name=\"twitter:label2\" content=\"Tiempo de lectura\" \/>\n\t<meta name=\"twitter:data2\" content=\"2 minutos\" \/>\n<script type=\"application\/ld+json\" class=\"yoast-schema-graph\">{\"@context\":\"https:\\\/\\\/schema.org\",\"@graph\":[{\"@type\":\"Article\",\"@id\":\"https:\\\/\\\/zeromagazine.mx\\\/index.php\\\/2024\\\/04\\\/26\\\/sofitel-encuentro-de-culturas\\\/#article\",\"isPartOf\":{\"@id\":\"https:\\\/\\\/zeromagazine.mx\\\/index.php\\\/2024\\\/04\\\/26\\\/sofitel-encuentro-de-culturas\\\/\"},\"author\":{\"name\":\"zeromagazinemx\",\"@id\":\"https:\\\/\\\/zeromagazine.mx\\\/#\\\/schema\\\/person\\\/9aed9f33a7c39af3a348b86d723f7773\"},\"headline\":\"Sofitel: Encuentro de Culturas\",\"datePublished\":\"2024-04-25T23:00:00+00:00\",\"mainEntityOfPage\":{\"@id\":\"https:\\\/\\\/zeromagazine.mx\\\/index.php\\\/2024\\\/04\\\/26\\\/sofitel-encuentro-de-culturas\\\/\"},\"wordCount\":370,\"commentCount\":0,\"publisher\":{\"@id\":\"https:\\\/\\\/zeromagazine.mx\\\/#organization\"},\"image\":{\"@id\":\"https:\\\/\\\/zeromagazine.mx\\\/index.php\\\/2024\\\/04\\\/26\\\/sofitel-encuentro-de-culturas\\\/#primaryimage\"},\"thumbnailUrl\":\"https:\\\/\\\/i0.wp.com\\\/zeromagazine.mx\\\/wp-content\\\/uploads\\\/2024\\\/04\\\/Captura-de-pantalla-2024-04-19-a-las-10.40.34%E2%80%AFa.m.png?fit=320%2C240&ssl=1\",\"keywords\":[\"Cortometraje\",\"Dali Benssalah\",\"Gillian Anderson\",\"Softiel\"],\"articleSection\":[\"Cine\",\"Cultura\",\"Viajes\"],\"inLanguage\":\"es\",\"potentialAction\":[{\"@type\":\"CommentAction\",\"name\":\"Comment\",\"target\":[\"https:\\\/\\\/zeromagazine.mx\\\/index.php\\\/2024\\\/04\\\/26\\\/sofitel-encuentro-de-culturas\\\/#respond\"]}]},{\"@type\":\"WebPage\",\"@id\":\"https:\\\/\\\/zeromagazine.mx\\\/index.php\\\/2024\\\/04\\\/26\\\/sofitel-encuentro-de-culturas\\\/\",\"url\":\"https:\\\/\\\/zeromagazine.mx\\\/index.php\\\/2024\\\/04\\\/26\\\/sofitel-encuentro-de-culturas\\\/\",\"name\":\"Sofitel: Encuentro de Culturas - Zero Magazine\",\"isPartOf\":{\"@id\":\"https:\\\/\\\/zeromagazine.mx\\\/#website\"},\"primaryImageOfPage\":{\"@id\":\"https:\\\/\\\/zeromagazine.mx\\\/index.php\\\/2024\\\/04\\\/26\\\/sofitel-encuentro-de-culturas\\\/#primaryimage\"},\"image\":{\"@id\":\"https:\\\/\\\/zeromagazine.mx\\\/index.php\\\/2024\\\/04\\\/26\\\/sofitel-encuentro-de-culturas\\\/#primaryimage\"},\"thumbnailUrl\":\"https:\\\/\\\/i0.wp.com\\\/zeromagazine.mx\\\/wp-content\\\/uploads\\\/2024\\\/04\\\/Captura-de-pantalla-2024-04-19-a-las-10.40.34%E2%80%AFa.m.png?fit=320%2C240&ssl=1\",\"datePublished\":\"2024-04-25T23:00:00+00:00\",\"breadcrumb\":{\"@id\":\"https:\\\/\\\/zeromagazine.mx\\\/index.php\\\/2024\\\/04\\\/26\\\/sofitel-encuentro-de-culturas\\\/#breadcrumb\"},\"inLanguage\":\"es\",\"potentialAction\":[{\"@type\":\"ReadAction\",\"target\":[\"https:\\\/\\\/zeromagazine.mx\\\/index.php\\\/2024\\\/04\\\/26\\\/sofitel-encuentro-de-culturas\\\/\"]}]},{\"@type\":\"ImageObject\",\"inLanguage\":\"es\",\"@id\":\"https:\\\/\\\/zeromagazine.mx\\\/index.php\\\/2024\\\/04\\\/26\\\/sofitel-encuentro-de-culturas\\\/#primaryimage\",\"url\":\"https:\\\/\\\/i0.wp.com\\\/zeromagazine.mx\\\/wp-content\\\/uploads\\\/2024\\\/04\\\/Captura-de-pantalla-2024-04-19-a-las-10.40.34%E2%80%AFa.m.png?fit=320%2C240&ssl=1\",\"contentUrl\":\"https:\\\/\\\/i0.wp.com\\\/zeromagazine.mx\\\/wp-content\\\/uploads\\\/2024\\\/04\\\/Captura-de-pantalla-2024-04-19-a-las-10.40.34%E2%80%AFa.m.png?fit=320%2C240&ssl=1\",\"width\":320,\"height\":240},{\"@type\":\"BreadcrumbList\",\"@id\":\"https:\\\/\\\/zeromagazine.mx\\\/index.php\\\/2024\\\/04\\\/26\\\/sofitel-encuentro-de-culturas\\\/#breadcrumb\",\"itemListElement\":[{\"@type\":\"ListItem\",\"position\":1,\"name\":\"Portada\",\"item\":\"https:\\\/\\\/zeromagazine.mx\\\/\"},{\"@type\":\"ListItem\",\"position\":2,\"name\":\"Sofitel: Encuentro de Culturas\"}]},{\"@type\":\"WebSite\",\"@id\":\"https:\\\/\\\/zeromagazine.mx\\\/#website\",\"url\":\"https:\\\/\\\/zeromagazine.mx\\\/\",\"name\":\"Zero Magazine\",\"description\":\"\",\"publisher\":{\"@id\":\"https:\\\/\\\/zeromagazine.mx\\\/#organization\"},\"potentialAction\":[{\"@type\":\"SearchAction\",\"target\":{\"@type\":\"EntryPoint\",\"urlTemplate\":\"https:\\\/\\\/zeromagazine.mx\\\/?s={search_term_string}\"},\"query-input\":{\"@type\":\"PropertyValueSpecification\",\"valueRequired\":true,\"valueName\":\"search_term_string\"}}],\"inLanguage\":\"es\"},{\"@type\":\"Organization\",\"@id\":\"https:\\\/\\\/zeromagazine.mx\\\/#organization\",\"name\":\"Zero Magazine\",\"url\":\"https:\\\/\\\/zeromagazine.mx\\\/\",\"logo\":{\"@type\":\"ImageObject\",\"inLanguage\":\"es\",\"@id\":\"https:\\\/\\\/zeromagazine.mx\\\/#\\\/schema\\\/logo\\\/image\\\/\",\"url\":\"https:\\\/\\\/i0.wp.com\\\/zeromagazine.mx\\\/wp-content\\\/uploads\\\/2025\\\/11\\\/1.jpeg?fit=1000%2C1000&ssl=1\",\"contentUrl\":\"https:\\\/\\\/i0.wp.com\\\/zeromagazine.mx\\\/wp-content\\\/uploads\\\/2025\\\/11\\\/1.jpeg?fit=1000%2C1000&ssl=1\",\"width\":1000,\"height\":1000,\"caption\":\"Zero Magazine\"},\"image\":{\"@id\":\"https:\\\/\\\/zeromagazine.mx\\\/#\\\/schema\\\/logo\\\/image\\\/\"},\"sameAs\":[\"https:\\\/\\\/instagram.com\\\/zeromagazinemx\"]},{\"@type\":\"Person\",\"@id\":\"https:\\\/\\\/zeromagazine.mx\\\/#\\\/schema\\\/person\\\/9aed9f33a7c39af3a348b86d723f7773\",\"name\":\"zeromagazinemx\",\"image\":{\"@type\":\"ImageObject\",\"inLanguage\":\"es\",\"@id\":\"https:\\\/\\\/zeromagazine.mx\\\/wp-content\\\/litespeed\\\/avatar\\\/f91dfe5410d5dcb1a576bf8c45983896.jpg?ver=1776966396\",\"url\":\"https:\\\/\\\/zeromagazine.mx\\\/wp-content\\\/litespeed\\\/avatar\\\/f91dfe5410d5dcb1a576bf8c45983896.jpg?ver=1776966396\",\"contentUrl\":\"https:\\\/\\\/zeromagazine.mx\\\/wp-content\\\/litespeed\\\/avatar\\\/f91dfe5410d5dcb1a576bf8c45983896.jpg?ver=1776966396\",\"caption\":\"zeromagazinemx\"},\"url\":\"https:\\\/\\\/zeromagazine.mx\\\/index.php\\\/author\\\/zeromagazinemx\\\/\"}]}<\/script>\n<!-- \/ Yoast SEO plugin. -->","yoast_head_json":{"title":"Sofitel: Encuentro de Culturas - Zero Magazine","robots":{"index":"index","follow":"follow","max-snippet":"max-snippet:-1","max-image-preview":"max-image-preview:large","max-video-preview":"max-video-preview:-1"},"canonical":"https:\/\/zeromagazine.mx\/index.php\/2024\/04\/26\/sofitel-encuentro-de-culturas\/","og_locale":"es_ES","og_type":"article","og_title":"Sofitel: Encuentro de Culturas - Zero Magazine","og_description":"Sofitel acaba de lanzar su nueva campa\u00f1a y \u00a1es todo un acontecimiento! Se trata de un cortometraje filmado en el ic\u00f3nico Sofitel Mexico City Reforma, \u00a1y no se imaginan lo espectacular que est\u00e1! Para empezar, \u00bfqu\u00e9 tal si nos sumergimos en este viaje lleno de encuentros y emociones? Pues resulta que Sofitel nos lleva a [&hellip;]","og_url":"https:\/\/zeromagazine.mx\/index.php\/2024\/04\/26\/sofitel-encuentro-de-culturas\/","og_site_name":"Zero Magazine","article_published_time":"2024-04-25T23:00:00+00:00","og_image":[{"width":320,"height":240,"url":"https:\/\/i0.wp.com\/zeromagazine.mx\/wp-content\/uploads\/2024\/04\/Captura-de-pantalla-2024-04-19-a-las-10.40.34\u202fa.m.png?fit=320%2C240&ssl=1","type":"image\/png"}],"author":"zeromagazinemx","twitter_card":"summary_large_image","twitter_misc":{"Escrito por":"zeromagazinemx","Tiempo de lectura":"2 minutos"},"schema":{"@context":"https:\/\/schema.org","@graph":[{"@type":"Article","@id":"https:\/\/zeromagazine.mx\/index.php\/2024\/04\/26\/sofitel-encuentro-de-culturas\/#article","isPartOf":{"@id":"https:\/\/zeromagazine.mx\/index.php\/2024\/04\/26\/sofitel-encuentro-de-culturas\/"},"author":{"name":"zeromagazinemx","@id":"https:\/\/zeromagazine.mx\/#\/schema\/person\/9aed9f33a7c39af3a348b86d723f7773"},"headline":"Sofitel: Encuentro de Culturas","datePublished":"2024-04-25T23:00:00+00:00","mainEntityOfPage":{"@id":"https:\/\/zeromagazine.mx\/index.php\/2024\/04\/26\/sofitel-encuentro-de-culturas\/"},"wordCount":370,"commentCount":0,"publisher":{"@id":"https:\/\/zeromagazine.mx\/#organization"},"image":{"@id":"https:\/\/zeromagazine.mx\/index.php\/2024\/04\/26\/sofitel-encuentro-de-culturas\/#primaryimage"},"thumbnailUrl":"https:\/\/i0.wp.com\/zeromagazine.mx\/wp-content\/uploads\/2024\/04\/Captura-de-pantalla-2024-04-19-a-las-10.40.34%E2%80%AFa.m.png?fit=320%2C240&ssl=1","keywords":["Cortometraje","Dali Benssalah","Gillian Anderson","Softiel"],"articleSection":["Cine","Cultura","Viajes"],"inLanguage":"es","potentialAction":[{"@type":"CommentAction","name":"Comment","target":["https:\/\/zeromagazine.mx\/index.php\/2024\/04\/26\/sofitel-encuentro-de-culturas\/#respond"]}]},{"@type":"WebPage","@id":"https:\/\/zeromagazine.mx\/index.php\/2024\/04\/26\/sofitel-encuentro-de-culturas\/","url":"https:\/\/zeromagazine.mx\/index.php\/2024\/04\/26\/sofitel-encuentro-de-culturas\/","name":"Sofitel: Encuentro de Culturas - Zero Magazine","isPartOf":{"@id":"https:\/\/zeromagazine.mx\/#website"},"primaryImageOfPage":{"@id":"https:\/\/zeromagazine.mx\/index.php\/2024\/04\/26\/sofitel-encuentro-de-culturas\/#primaryimage"},"image":{"@id":"https:\/\/zeromagazine.mx\/index.php\/2024\/04\/26\/sofitel-encuentro-de-culturas\/#primaryimage"},"thumbnailUrl":"https:\/\/i0.wp.com\/zeromagazine.mx\/wp-content\/uploads\/2024\/04\/Captura-de-pantalla-2024-04-19-a-las-10.40.34%E2%80%AFa.m.png?fit=320%2C240&ssl=1","datePublished":"2024-04-25T23:00:00+00:00","breadcrumb":{"@id":"https:\/\/zeromagazine.mx\/index.php\/2024\/04\/26\/sofitel-encuentro-de-culturas\/#breadcrumb"},"inLanguage":"es","potentialAction":[{"@type":"ReadAction","target":["https:\/\/zeromagazine.mx\/index.php\/2024\/04\/26\/sofitel-encuentro-de-culturas\/"]}]},{"@type":"ImageObject","inLanguage":"es","@id":"https:\/\/zeromagazine.mx\/index.php\/2024\/04\/26\/sofitel-encuentro-de-culturas\/#primaryimage","url":"https:\/\/i0.wp.com\/zeromagazine.mx\/wp-content\/uploads\/2024\/04\/Captura-de-pantalla-2024-04-19-a-las-10.40.34%E2%80%AFa.m.png?fit=320%2C240&ssl=1","contentUrl":"https:\/\/i0.wp.com\/zeromagazine.mx\/wp-content\/uploads\/2024\/04\/Captura-de-pantalla-2024-04-19-a-las-10.40.34%E2%80%AFa.m.png?fit=320%2C240&ssl=1","width":320,"height":240},{"@type":"BreadcrumbList","@id":"https:\/\/zeromagazine.mx\/index.php\/2024\/04\/26\/sofitel-encuentro-de-culturas\/#breadcrumb","itemListElement":[{"@type":"ListItem","position":1,"name":"Portada","item":"https:\/\/zeromagazine.mx\/"},{"@type":"ListItem","position":2,"name":"Sofitel: Encuentro de Culturas"}]},{"@type":"WebSite","@id":"https:\/\/zeromagazine.mx\/#website","url":"https:\/\/zeromagazine.mx\/","name":"Zero Magazine","description":"","publisher":{"@id":"https:\/\/zeromagazine.mx\/#organization"},"potentialAction":[{"@type":"SearchAction","target":{"@type":"EntryPoint","urlTemplate":"https:\/\/zeromagazine.mx\/?s={search_term_string}"},"query-input":{"@type":"PropertyValueSpecification","valueRequired":true,"valueName":"search_term_string"}}],"inLanguage":"es"},{"@type":"Organization","@id":"https:\/\/zeromagazine.mx\/#organization","name":"Zero Magazine","url":"https:\/\/zeromagazine.mx\/","logo":{"@type":"ImageObject","inLanguage":"es","@id":"https:\/\/zeromagazine.mx\/#\/schema\/logo\/image\/","url":"https:\/\/i0.wp.com\/zeromagazine.mx\/wp-content\/uploads\/2025\/11\/1.jpeg?fit=1000%2C1000&ssl=1","contentUrl":"https:\/\/i0.wp.com\/zeromagazine.mx\/wp-content\/uploads\/2025\/11\/1.jpeg?fit=1000%2C1000&ssl=1","width":1000,"height":1000,"caption":"Zero Magazine"},"image":{"@id":"https:\/\/zeromagazine.mx\/#\/schema\/logo\/image\/"},"sameAs":["https:\/\/instagram.com\/zeromagazinemx"]},{"@type":"Person","@id":"https:\/\/zeromagazine.mx\/#\/schema\/person\/9aed9f33a7c39af3a348b86d723f7773","name":"zeromagazinemx","image":{"@type":"ImageObject","inLanguage":"es","@id":"https:\/\/zeromagazine.mx\/wp-content\/litespeed\/avatar\/f91dfe5410d5dcb1a576bf8c45983896.jpg?ver=1776966396","url":"https:\/\/zeromagazine.mx\/wp-content\/litespeed\/avatar\/f91dfe5410d5dcb1a576bf8c45983896.jpg?ver=1776966396","contentUrl":"https:\/\/zeromagazine.mx\/wp-content\/litespeed\/avatar\/f91dfe5410d5dcb1a576bf8c45983896.jpg?ver=1776966396","caption":"zeromagazinemx"},"url":"https:\/\/zeromagazine.mx\/index.php\/author\/zeromagazinemx\/"}]}},"jetpack_publicize_connections":[],"jetpack_featured_media_url":"https:\/\/i0.wp.com\/zeromagazine.mx\/wp-content\/uploads\/2024\/04\/Captura-de-pantalla-2024-04-19-a-las-10.40.34%E2%80%AFa.m.png?fit=320%2C240&ssl=1","jetpack-related-posts":[{"id":72413,"url":"https:\/\/zeromagazine.mx\/index.php\/2024\/03\/25\/sofitel-mexico-city-reforma-y-valentino-beauty-la-bienvenida-a-la-primavera-con-born-in-roma\/","url_meta":{"origin":74905,"position":0},"title":"Sofitel Mexico City Reforma y Valentino Beauty: La bienvenida a la Primavera con \u00abBorn in Roma\u00bb","author":"zeromagazinemx","date":"25 de marzo de 2024","format":false,"excerpt":"La fusi\u00f3n entre el lujo y la sofisticaci\u00f3n se hace presente en Sofitel Mexico City Reforma, donde se alza como escenario principal para una experiencia sensorial sin igual. Desde el 21 de marzo hasta el 27 de abril, este ic\u00f3nico hotel se une a Valentino Beauty para presentar el pop-up\u2026","rel":"","context":"En \u00abBlog\u00bb","block_context":{"text":"Blog","link":"https:\/\/zeromagazine.mx\/index.php\/category\/blog\/"},"img":{"alt_text":"","src":"https:\/\/i0.wp.com\/zeromagazine.mx\/wp-content\/uploads\/2024\/03\/SOF-Valentino-Pop-up-22-scaled.jpg?resize=350%2C200&ssl=1","width":350,"height":200,"srcset":"https:\/\/i0.wp.com\/zeromagazine.mx\/wp-content\/uploads\/2024\/03\/SOF-Valentino-Pop-up-22-scaled.jpg?resize=350%2C200&ssl=1 1x, https:\/\/i0.wp.com\/zeromagazine.mx\/wp-content\/uploads\/2024\/03\/SOF-Valentino-Pop-up-22-scaled.jpg?resize=525%2C300&ssl=1 1.5x, https:\/\/i0.wp.com\/zeromagazine.mx\/wp-content\/uploads\/2024\/03\/SOF-Valentino-Pop-up-22-scaled.jpg?resize=700%2C400&ssl=1 2x, https:\/\/i0.wp.com\/zeromagazine.mx\/wp-content\/uploads\/2024\/03\/SOF-Valentino-Pop-up-22-scaled.jpg?resize=1050%2C600&ssl=1 3x, https:\/\/i0.wp.com\/zeromagazine.mx\/wp-content\/uploads\/2024\/03\/SOF-Valentino-Pop-up-22-scaled.jpg?resize=1400%2C800&ssl=1 4x"},"classes":[]},{"id":69908,"url":"https:\/\/zeromagazine.mx\/index.php\/2023\/12\/26\/tentaciones-navidenas-delicias-en-sofitel-cafe\/","url_meta":{"origin":74905,"position":1},"title":"Tentaciones Navide\u00f1as: Delicias en Sofitel Caf\u00e9","author":"David Morales","date":"26 de diciembre de 2023","format":false,"excerpt":"Como la temporada navide\u00f1a est\u00e1 on fire, les traigo un plan que nos va a encantar a todos: el Sofitel Caf\u00e9 en la CDMX nos tiene una selecci\u00f3n de p\u00e2tisserie francesa que es una locura total. Desde el 26 de diciembre hasta el 11 de enero, \u00a1prep\u00e1rense para un viaje\u2026","rel":"","context":"En \u00abLifestyle\u00bb","block_context":{"text":"Lifestyle","link":"https:\/\/zeromagazine.mx\/index.php\/category\/lifestyle\/"},"img":{"alt_text":"","src":"https:\/\/i0.wp.com\/zeromagazine.mx\/wp-content\/uploads\/2023\/12\/SOF-Boulangerie-Sofitel-Cafe-14-scaled.jpg?fit=800%2C1200&ssl=1&resize=350%2C200","width":350,"height":200,"srcset":"https:\/\/i0.wp.com\/zeromagazine.mx\/wp-content\/uploads\/2023\/12\/SOF-Boulangerie-Sofitel-Cafe-14-scaled.jpg?fit=800%2C1200&ssl=1&resize=350%2C200 1x, https:\/\/i0.wp.com\/zeromagazine.mx\/wp-content\/uploads\/2023\/12\/SOF-Boulangerie-Sofitel-Cafe-14-scaled.jpg?fit=800%2C1200&ssl=1&resize=525%2C300 1.5x, https:\/\/i0.wp.com\/zeromagazine.mx\/wp-content\/uploads\/2023\/12\/SOF-Boulangerie-Sofitel-Cafe-14-scaled.jpg?fit=800%2C1200&ssl=1&resize=700%2C400 2x"},"classes":[]},{"id":75685,"url":"https:\/\/zeromagazine.mx\/index.php\/2024\/05\/08\/celebremos-a-mama-en-sofitel-cdmx\/","url_meta":{"origin":74905,"position":2},"title":"Celebremos a Mam\u00e1 en Sofitel CDMX","author":"zeromagazinemx","date":"8 de mayo de 2024","format":false,"excerpt":"Les tengo s\u00faper buenas noticias para hacer de este D\u00eda de las Madres una experiencia inolvidable. Imaginen esto: Sofitel Mexico City Reforma, el epicentro de la elegancia y el lujo en pleno coraz\u00f3n de la CDMX, se convierte en el escenario perfecto para homenajear a mam\u00e1 como se merece. Desde\u2026","rel":"","context":"En \u00abFoodie\u00bb","block_context":{"text":"Foodie","link":"https:\/\/zeromagazine.mx\/index.php\/category\/lifestyle\/foodie\/"},"img":{"alt_text":"","src":"https:\/\/i0.wp.com\/zeromagazine.mx\/wp-content\/uploads\/2024\/05\/SOF-Dia-de-las-Madres-Balta-5-scaled.jpg?fit=1200%2C800&ssl=1&resize=350%2C200","width":350,"height":200,"srcset":"https:\/\/i0.wp.com\/zeromagazine.mx\/wp-content\/uploads\/2024\/05\/SOF-Dia-de-las-Madres-Balta-5-scaled.jpg?fit=1200%2C800&ssl=1&resize=350%2C200 1x, https:\/\/i0.wp.com\/zeromagazine.mx\/wp-content\/uploads\/2024\/05\/SOF-Dia-de-las-Madres-Balta-5-scaled.jpg?fit=1200%2C800&ssl=1&resize=525%2C300 1.5x, https:\/\/i0.wp.com\/zeromagazine.mx\/wp-content\/uploads\/2024\/05\/SOF-Dia-de-las-Madres-Balta-5-scaled.jpg?fit=1200%2C800&ssl=1&resize=700%2C400 2x, https:\/\/i0.wp.com\/zeromagazine.mx\/wp-content\/uploads\/2024\/05\/SOF-Dia-de-las-Madres-Balta-5-scaled.jpg?fit=1200%2C800&ssl=1&resize=1050%2C600 3x"},"classes":[]},{"id":72105,"url":"https:\/\/zeromagazine.mx\/index.php\/2024\/03\/15\/celebra-el-dia-mundial-del-sueno-descansa-en-sofitel-mexico-city-reforma\/","url_meta":{"origin":74905,"position":3},"title":"Celebra el D\u00eda Mundial del Sue\u00f1o: Descansa en Sofitel M\u00e9xico City Reforma","author":"zeromagazinemx","date":"15 de marzo de 2024","format":false,"excerpt":"Hoy es el D\u00eda Mundial del Sue\u00f1o, y debemos dedicar este d\u00eda a ser conscientes sobre la importancia de un buen descanso y c\u00f3mo afecta a nuestra salud en general. El sue\u00f1o es momento crucial en el que recargamos nuestras energ\u00edas para enfrentar el mundo con toda la actitud. Y\u2026","rel":"","context":"En \u00abBienestar\u00bb","block_context":{"text":"Bienestar","link":"https:\/\/zeromagazine.mx\/index.php\/category\/lifestyle\/bienestar\/"},"img":{"alt_text":"","src":"https:\/\/i0.wp.com\/zeromagazine.mx\/wp-content\/uploads\/2024\/03\/SOF-Dia-Mundial-del-Sueno-3-scaled.jpg?fit=1200%2C800&ssl=1&resize=350%2C200","width":350,"height":200,"srcset":"https:\/\/i0.wp.com\/zeromagazine.mx\/wp-content\/uploads\/2024\/03\/SOF-Dia-Mundial-del-Sueno-3-scaled.jpg?fit=1200%2C800&ssl=1&resize=350%2C200 1x, https:\/\/i0.wp.com\/zeromagazine.mx\/wp-content\/uploads\/2024\/03\/SOF-Dia-Mundial-del-Sueno-3-scaled.jpg?fit=1200%2C800&ssl=1&resize=525%2C300 1.5x, https:\/\/i0.wp.com\/zeromagazine.mx\/wp-content\/uploads\/2024\/03\/SOF-Dia-Mundial-del-Sueno-3-scaled.jpg?fit=1200%2C800&ssl=1&resize=700%2C400 2x, https:\/\/i0.wp.com\/zeromagazine.mx\/wp-content\/uploads\/2024\/03\/SOF-Dia-Mundial-del-Sueno-3-scaled.jpg?fit=1200%2C800&ssl=1&resize=1050%2C600 3x"},"classes":[]},{"id":69955,"url":"https:\/\/zeromagazine.mx\/index.php\/2023\/12\/27\/descubre-la-magia-de-gingerbread-house-en-sofitel-cdmx\/","url_meta":{"origin":74905,"position":4},"title":"\u00a1Descubre la Magia de Gingerbread House en Sofitel CDMX!","author":"David Morales","date":"27 de diciembre de 2023","format":false,"excerpt":"\u00bfYa escuchaste sobre el nuevo pop-up navide\u00f1o en Sofitel Mexico City Reforma? La onda es que est\u00e1n armando un espacio alucinante llamado \"Gingerbread House\" en colaboraci\u00f3n con Pernod Ricard M\u00e9xico. \u00a1Es una locura total! Te cuento, la onda es que han creado un ambiente navide\u00f1o en su terraza, tipo una\u2026","rel":"","context":"En \u00abLifestyle\u00bb","block_context":{"text":"Lifestyle","link":"https:\/\/zeromagazine.mx\/index.php\/category\/lifestyle\/"},"img":{"alt_text":"","src":"https:\/\/i0.wp.com\/zeromagazine.mx\/wp-content\/uploads\/2023\/12\/SOF-Gingerbread-House-9-scaled.jpg?fit=1200%2C801&ssl=1&resize=350%2C200","width":350,"height":200,"srcset":"https:\/\/i0.wp.com\/zeromagazine.mx\/wp-content\/uploads\/2023\/12\/SOF-Gingerbread-House-9-scaled.jpg?fit=1200%2C801&ssl=1&resize=350%2C200 1x, https:\/\/i0.wp.com\/zeromagazine.mx\/wp-content\/uploads\/2023\/12\/SOF-Gingerbread-House-9-scaled.jpg?fit=1200%2C801&ssl=1&resize=525%2C300 1.5x, https:\/\/i0.wp.com\/zeromagazine.mx\/wp-content\/uploads\/2023\/12\/SOF-Gingerbread-House-9-scaled.jpg?fit=1200%2C801&ssl=1&resize=700%2C400 2x, https:\/\/i0.wp.com\/zeromagazine.mx\/wp-content\/uploads\/2023\/12\/SOF-Gingerbread-House-9-scaled.jpg?fit=1200%2C801&ssl=1&resize=1050%2C600 3x"},"classes":[]},{"id":73258,"url":"https:\/\/zeromagazine.mx\/index.php\/2024\/04\/04\/chef-saez-en-sofitel\/","url_meta":{"origin":74905,"position":5},"title":"Chef S\u00e1ez en Sofitel","author":"zeromagazinemx","date":"4 de abril de 2024","format":false,"excerpt":"El renombrado Chef Antonio S\u00e1ez, con una trayectoria de una d\u00e9cada en las cocinas de Martin Berasategui y dos codiciadas estrellas Michelin en su haber, ha decidido desafiar los l\u00edmites de la gastronom\u00eda al llevar su innovador restaurante Xuba a la Ciudad de M\u00e9xico. Y lo mejor es que ahora\u2026","rel":"","context":"En \u00abFoodie\u00bb","block_context":{"text":"Foodie","link":"https:\/\/zeromagazine.mx\/index.php\/category\/lifestyle\/foodie\/"},"img":{"alt_text":"","src":"https:\/\/i0.wp.com\/zeromagazine.mx\/wp-content\/uploads\/2024\/04\/Captura-de-pantalla-564.png?fit=449%2C531&ssl=1&resize=350%2C200","width":350,"height":200},"classes":[]}],"jetpack_sharing_enabled":true,"builder_content":"","_links":{"self":[{"href":"https:\/\/zeromagazine.mx\/index.php\/wp-json\/wp\/v2\/posts\/74905","targetHints":{"allow":["GET"]}}],"collection":[{"href":"https:\/\/zeromagazine.mx\/index.php\/wp-json\/wp\/v2\/posts"}],"about":[{"href":"https:\/\/zeromagazine.mx\/index.php\/wp-json\/wp\/v2\/types\/post"}],"author":[{"embeddable":true,"href":"https:\/\/zeromagazine.mx\/index.php\/wp-json\/wp\/v2\/users\/2"}],"replies":[{"embeddable":true,"href":"https:\/\/zeromagazine.mx\/index.php\/wp-json\/wp\/v2\/comments?post=74905"}],"version-history":[{"count":2,"href":"https:\/\/zeromagazine.mx\/index.php\/wp-json\/wp\/v2\/posts\/74905\/revisions"}],"predecessor-version":[{"id":74908,"href":"https:\/\/zeromagazine.mx\/index.php\/wp-json\/wp\/v2\/posts\/74905\/revisions\/74908"}],"wp:featuredmedia":[{"embeddable":true,"href":"https:\/\/zeromagazine.mx\/index.php\/wp-json\/wp\/v2\/media\/74906"}],"wp:attachment":[{"href":"https:\/\/zeromagazine.mx\/index.php\/wp-json\/wp\/v2\/media?parent=74905"}],"wp:term":[{"taxonomy":"category","embeddable":true,"href":"https:\/\/zeromagazine.mx\/index.php\/wp-json\/wp\/v2\/categories?post=74905"},{"taxonomy":"post_tag","embeddable":true,"href":"https:\/\/zeromagazine.mx\/index.php\/wp-json\/wp\/v2\/tags?post=74905"}],"curies":[{"name":"wp","href":"https:\/\/api.w.org\/{rel}","templated":true}]}}