{"id":75073,"date":"2024-04-29T23:00:00","date_gmt":"2024-04-29T21:00:00","guid":{"rendered":"https:\/\/zeromagazine.mx\/?p=75073"},"modified":"2024-04-29T19:42:50","modified_gmt":"2024-04-29T17:42:50","slug":"punto-cardinal-la-esperanza-en-la-musica","status":"publish","type":"post","link":"https:\/\/zeromagazine.mx\/index.php\/2024\/04\/29\/punto-cardinal-la-esperanza-en-la-musica\/","title":{"rendered":"\u00abPunto Cardinal\u00bb: La Esperanza en la M\u00fasica"},"content":{"rendered":"<p>Hoy quiero hablarles sobre algo que me hizo abrir los ojos y replantearme algunas cosas. \u00bfAlguna vez han sentido que est\u00e1n al l\u00edmite y que ya no pueden m\u00e1s? Bueno, les cuento que la banda tijuanense Delux tiene un mensaje poderoso que transmitir a trav\u00e9s de su nuevo sencillo \u00abPunto Cardinal\u00bb.<\/p>\n\n\n\n<script async src=\"https:\/\/pagead2.googlesyndication.com\/pagead\/js\/adsbygoogle.js?client=ca-pub-5499304793904745\"\n     crossorigin=\"anonymous\"><\/script>\n<ins class=\"adsbygoogle\"\n     style=\"display:block; text-align:center;\"\n     data-ad-layout=\"in-article\"\n     data-ad-format=\"fluid\"\n     data-ad-client=\"ca-pub-5499304793904745\"\n     data-ad-slot=\"5994863093\"><\/ins>\n<script>\n     (adsbygoogle = window.adsbygoogle || []).push({});\n<\/script>\n\n\n\n<p>Primero que nada, d\u00e9jenme decirles que esta canci\u00f3n es m\u00e1s que solo m\u00fasica. Es como esa mano amiga que te ayuda a levantarte cuando est\u00e1s en el suelo. Y es que, en estos tiempos locos, a veces olvidamos lo esencial que es tener a alguien que nos apoye y nos ayude a crecer.<\/p>\n\n\n\n<script async src=\"https:\/\/pagead2.googlesyndication.com\/pagead\/js\/adsbygoogle.js?client=ca-pub-5499304793904745\"\n     crossorigin=\"anonymous\"><\/script>\n<ins class=\"adsbygoogle\"\n     style=\"display:block; text-align:center;\"\n     data-ad-layout=\"in-article\"\n     data-ad-format=\"fluid\"\n     data-ad-client=\"ca-pub-5499304793904745\"\n     data-ad-slot=\"5994863093\"><\/ins>\n<script>\n     (adsbygoogle = window.adsbygoogle || []).push({});\n<\/script>\n\n\n\n<p>Ahora, \u00bfqu\u00e9 hace especial a \u00abPunto Cardinal\u00bb? Bueno, aparte de ser una oda a la nostalgia con esos sonidos ochenteros que te transportan, tambi\u00e9n es una mezcla perfecta de energ\u00eda y reflexi\u00f3n. La banda logra mantener ese equilibrio entre los instrumentos y las voces, creando una experiencia auditiva que te hace sentir vivo.<\/p>\n\n\n\n<figure class=\"wp-block-image alignwide size-large\"><img data-recalc-dims=\"1\" decoding=\"async\" width=\"1024\" height=\"1024\" src=\"https:\/\/i0.wp.com\/zeromagazine.mx\/wp-content\/uploads\/2024\/04\/WhatsApp-Image-2024-04-04-at-8.28.39-PM-1-1024x1024.jpeg?resize=1024%2C1024&#038;ssl=1\" alt=\"\" class=\"wp-image-75074\" srcset=\"https:\/\/i0.wp.com\/zeromagazine.mx\/wp-content\/uploads\/2024\/04\/WhatsApp-Image-2024-04-04-at-8.28.39-PM-1.jpeg?resize=1024%2C1024&amp;ssl=1 1024w, https:\/\/i0.wp.com\/zeromagazine.mx\/wp-content\/uploads\/2024\/04\/WhatsApp-Image-2024-04-04-at-8.28.39-PM-1.jpeg?resize=300%2C300&amp;ssl=1 300w, https:\/\/i0.wp.com\/zeromagazine.mx\/wp-content\/uploads\/2024\/04\/WhatsApp-Image-2024-04-04-at-8.28.39-PM-1.jpeg?resize=150%2C150&amp;ssl=1 150w, https:\/\/i0.wp.com\/zeromagazine.mx\/wp-content\/uploads\/2024\/04\/WhatsApp-Image-2024-04-04-at-8.28.39-PM-1.jpeg?resize=768%2C768&amp;ssl=1 768w, https:\/\/i0.wp.com\/zeromagazine.mx\/wp-content\/uploads\/2024\/04\/WhatsApp-Image-2024-04-04-at-8.28.39-PM-1.jpeg?resize=70%2C70&amp;ssl=1 70w, https:\/\/i0.wp.com\/zeromagazine.mx\/wp-content\/uploads\/2024\/04\/WhatsApp-Image-2024-04-04-at-8.28.39-PM-1.jpeg?resize=47%2C48&amp;ssl=1 47w, https:\/\/i0.wp.com\/zeromagazine.mx\/wp-content\/uploads\/2024\/04\/WhatsApp-Image-2024-04-04-at-8.28.39-PM-1.jpeg?w=1080&amp;ssl=1 1080w\" sizes=\"(max-width: 1024px) 100vw, 1024px\" \/><\/figure>\n\n\n\n<p><\/p>\n\n\n\n<p>Pero m\u00e1s all\u00e1 de la m\u00fasica, quiero hablarles sobre el mensaje detr\u00e1s de esta canci\u00f3n. En un mundo donde el autocuidado y el bienestar emocional est\u00e1n en boca de todos, a veces olvidamos la importancia de luchar por lo que queremos. Esto os recuerda que no estamos solos en este viaje y que siempre habr\u00e1 alguien dispuesto a ayudarnos a encontrar nuestro camino.<\/p>\n\n\n\n<script async src=\"https:\/\/pagead2.googlesyndication.com\/pagead\/js\/adsbygoogle.js?client=ca-pub-5499304793904745\"\n     crossorigin=\"anonymous\"><\/script>\n<ins class=\"adsbygoogle\"\n     style=\"display:block; text-align:center;\"\n     data-ad-layout=\"in-article\"\n     data-ad-format=\"fluid\"\n     data-ad-client=\"ca-pub-5499304793904745\"\n     data-ad-slot=\"5994863093\"><\/ins>\n<script>\n     (adsbygoogle = window.adsbygoogle || []).push({});\n<\/script>\n\n\n\n<p>Y hablando de Delux, \u00bfsab\u00edan que esta banda ha estado en la escena desde el 2000? \u00a1Son todo un referente del New Wave y el Punk Rock californiano en M\u00e9xico! Con nominaciones en los MTV VMA y giras internacionales, han logrado conectar con personas de todo el mundo a trav\u00e9s de su m\u00fasica.<\/p>\n\n\n\n<script async src=\"https:\/\/pagead2.googlesyndication.com\/pagead\/js\/adsbygoogle.js?client=ca-pub-5499304793904745\"\n     crossorigin=\"anonymous\"><\/script>\n<ins class=\"adsbygoogle\"\n     style=\"display:block; text-align:center;\"\n     data-ad-layout=\"in-article\"\n     data-ad-format=\"fluid\"\n     data-ad-client=\"ca-pub-5499304793904745\"\n     data-ad-slot=\"5994863093\"><\/ins>\n<script>\n     (adsbygoogle = window.adsbygoogle || []).push({});\n<\/script>\n\n\n\n<p>\u00abPunto Cardinal\u00bb no es solo una canci\u00f3n, es un recordatorio de que siempre hay esperanza incluso en los momentos m\u00e1s oscuros. As\u00ed que la pr\u00f3xima vez que sientan que est\u00e1n al l\u00edmite, recuerden que siempre habr\u00e1 alguien dispuesto a ayudarles a encontrar su punto cardinal. <\/p>\n\n<!--themify_builder_content-->\n<div id=\"themify_builder_content-75073\" data-postid=\"75073\" class=\"themify_builder_content themify_builder_content-75073 themify_builder tf_clear\">\n    <\/div>\n<!--\/themify_builder_content-->","protected":false},"excerpt":{"rendered":"<p>Hoy quiero hablarles sobre algo que me hizo abrir los ojos y replantearme algunas cosas. \u00bfAlguna vez han sentido que est\u00e1n al l\u00edmite y que ya no pueden m\u00e1s? Bueno, les cuento que la banda tijuanense Delux tiene un mensaje poderoso que transmitir a trav\u00e9s de su nuevo sencillo \u00abPunto Cardinal\u00bb. Primero que nada, d\u00e9jenme [&hellip;]<\/p>\n","protected":false},"author":2,"featured_media":75074,"comment_status":"open","ping_status":"open","sticky":false,"template":"","format":"standard","meta":{"_jetpack_memberships_contains_paid_content":false,"footnotes":"","jetpack_publicize_message":"","jetpack_publicize_feature_enabled":true,"jetpack_social_post_already_shared":true,"jetpack_social_options":{"image_generator_settings":{"template":"highway","default_image_id":0,"font":"","enabled":false},"version":2}},"categories":[1],"tags":[7976,7975,3829,7974],"class_list":["post-75073","post","type-post","status-publish","format-standard","has-post-thumbnail","hentry","category-blog","tag-banda-musical","tag-delux","tag-estreno-musical","tag-punto-cardinal","has-post-title","has-post-date","has-post-category","has-post-tag","has-post-comment","has-post-author",""],"yoast_head":"<!-- This site is optimized with the Yoast SEO plugin v27.5 - https:\/\/yoast.com\/product\/yoast-seo-wordpress\/ -->\n<title>&quot;Punto Cardinal&quot;: La Esperanza en la M\u00fasica - Zero Magazine<\/title>\n<meta name=\"robots\" content=\"index, follow, max-snippet:-1, max-image-preview:large, max-video-preview:-1\" \/>\n<link rel=\"canonical\" href=\"https:\/\/zeromagazine.mx\/index.php\/2024\/04\/29\/punto-cardinal-la-esperanza-en-la-musica\/\" \/>\n<meta property=\"og:locale\" content=\"es_ES\" \/>\n<meta property=\"og:type\" content=\"article\" \/>\n<meta property=\"og:title\" content=\"&quot;Punto Cardinal&quot;: La Esperanza en la M\u00fasica - Zero Magazine\" \/>\n<meta property=\"og:description\" content=\"Hoy quiero hablarles sobre algo que me hizo abrir los ojos y replantearme algunas cosas. \u00bfAlguna vez han sentido que est\u00e1n al l\u00edmite y que ya no pueden m\u00e1s? Bueno, les cuento que la banda tijuanense Delux tiene un mensaje poderoso que transmitir a trav\u00e9s de su nuevo sencillo \u00abPunto Cardinal\u00bb. Primero que nada, d\u00e9jenme [&hellip;]\" \/>\n<meta property=\"og:url\" content=\"https:\/\/zeromagazine.mx\/index.php\/2024\/04\/29\/punto-cardinal-la-esperanza-en-la-musica\/\" \/>\n<meta property=\"og:site_name\" content=\"Zero Magazine\" \/>\n<meta property=\"article:published_time\" content=\"2024-04-29T21:00:00+00:00\" \/>\n<meta property=\"og:image\" content=\"https:\/\/i0.wp.com\/zeromagazine.mx\/wp-content\/uploads\/2024\/04\/WhatsApp-Image-2024-04-04-at-8.28.39-PM-1.jpeg?fit=1080%2C1080&ssl=1\" \/>\n\t<meta property=\"og:image:width\" content=\"1080\" \/>\n\t<meta property=\"og:image:height\" content=\"1080\" \/>\n\t<meta property=\"og:image:type\" content=\"image\/jpeg\" \/>\n<meta name=\"author\" content=\"zeromagazinemx\" \/>\n<meta name=\"twitter:card\" content=\"summary_large_image\" \/>\n<meta name=\"twitter:label1\" content=\"Escrito por\" \/>\n\t<meta name=\"twitter:data1\" content=\"zeromagazinemx\" \/>\n\t<meta name=\"twitter:label2\" content=\"Tiempo de lectura\" \/>\n\t<meta name=\"twitter:data2\" content=\"2 minutos\" \/>\n<script type=\"application\/ld+json\" class=\"yoast-schema-graph\">{\"@context\":\"https:\\\/\\\/schema.org\",\"@graph\":[{\"@type\":\"Article\",\"@id\":\"https:\\\/\\\/zeromagazine.mx\\\/index.php\\\/2024\\\/04\\\/29\\\/punto-cardinal-la-esperanza-en-la-musica\\\/#article\",\"isPartOf\":{\"@id\":\"https:\\\/\\\/zeromagazine.mx\\\/index.php\\\/2024\\\/04\\\/29\\\/punto-cardinal-la-esperanza-en-la-musica\\\/\"},\"author\":{\"name\":\"zeromagazinemx\",\"@id\":\"https:\\\/\\\/zeromagazine.mx\\\/#\\\/schema\\\/person\\\/9aed9f33a7c39af3a348b86d723f7773\"},\"headline\":\"\u00abPunto Cardinal\u00bb: La Esperanza en la M\u00fasica\",\"datePublished\":\"2024-04-29T21:00:00+00:00\",\"mainEntityOfPage\":{\"@id\":\"https:\\\/\\\/zeromagazine.mx\\\/index.php\\\/2024\\\/04\\\/29\\\/punto-cardinal-la-esperanza-en-la-musica\\\/\"},\"wordCount\":351,\"commentCount\":0,\"publisher\":{\"@id\":\"https:\\\/\\\/zeromagazine.mx\\\/#organization\"},\"image\":{\"@id\":\"https:\\\/\\\/zeromagazine.mx\\\/index.php\\\/2024\\\/04\\\/29\\\/punto-cardinal-la-esperanza-en-la-musica\\\/#primaryimage\"},\"thumbnailUrl\":\"https:\\\/\\\/i0.wp.com\\\/zeromagazine.mx\\\/wp-content\\\/uploads\\\/2024\\\/04\\\/WhatsApp-Image-2024-04-04-at-8.28.39-PM-1.jpeg?fit=1080%2C1080&ssl=1\",\"keywords\":[\"Banda musical\",\"Delux\",\"Estreno musical\",\"Punto Cardinal\"],\"articleSection\":[\"Blog\"],\"inLanguage\":\"es\",\"potentialAction\":[{\"@type\":\"CommentAction\",\"name\":\"Comment\",\"target\":[\"https:\\\/\\\/zeromagazine.mx\\\/index.php\\\/2024\\\/04\\\/29\\\/punto-cardinal-la-esperanza-en-la-musica\\\/#respond\"]}]},{\"@type\":\"WebPage\",\"@id\":\"https:\\\/\\\/zeromagazine.mx\\\/index.php\\\/2024\\\/04\\\/29\\\/punto-cardinal-la-esperanza-en-la-musica\\\/\",\"url\":\"https:\\\/\\\/zeromagazine.mx\\\/index.php\\\/2024\\\/04\\\/29\\\/punto-cardinal-la-esperanza-en-la-musica\\\/\",\"name\":\"\\\"Punto Cardinal\\\": La Esperanza en la M\u00fasica - Zero Magazine\",\"isPartOf\":{\"@id\":\"https:\\\/\\\/zeromagazine.mx\\\/#website\"},\"primaryImageOfPage\":{\"@id\":\"https:\\\/\\\/zeromagazine.mx\\\/index.php\\\/2024\\\/04\\\/29\\\/punto-cardinal-la-esperanza-en-la-musica\\\/#primaryimage\"},\"image\":{\"@id\":\"https:\\\/\\\/zeromagazine.mx\\\/index.php\\\/2024\\\/04\\\/29\\\/punto-cardinal-la-esperanza-en-la-musica\\\/#primaryimage\"},\"thumbnailUrl\":\"https:\\\/\\\/i0.wp.com\\\/zeromagazine.mx\\\/wp-content\\\/uploads\\\/2024\\\/04\\\/WhatsApp-Image-2024-04-04-at-8.28.39-PM-1.jpeg?fit=1080%2C1080&ssl=1\",\"datePublished\":\"2024-04-29T21:00:00+00:00\",\"breadcrumb\":{\"@id\":\"https:\\\/\\\/zeromagazine.mx\\\/index.php\\\/2024\\\/04\\\/29\\\/punto-cardinal-la-esperanza-en-la-musica\\\/#breadcrumb\"},\"inLanguage\":\"es\",\"potentialAction\":[{\"@type\":\"ReadAction\",\"target\":[\"https:\\\/\\\/zeromagazine.mx\\\/index.php\\\/2024\\\/04\\\/29\\\/punto-cardinal-la-esperanza-en-la-musica\\\/\"]}]},{\"@type\":\"ImageObject\",\"inLanguage\":\"es\",\"@id\":\"https:\\\/\\\/zeromagazine.mx\\\/index.php\\\/2024\\\/04\\\/29\\\/punto-cardinal-la-esperanza-en-la-musica\\\/#primaryimage\",\"url\":\"https:\\\/\\\/i0.wp.com\\\/zeromagazine.mx\\\/wp-content\\\/uploads\\\/2024\\\/04\\\/WhatsApp-Image-2024-04-04-at-8.28.39-PM-1.jpeg?fit=1080%2C1080&ssl=1\",\"contentUrl\":\"https:\\\/\\\/i0.wp.com\\\/zeromagazine.mx\\\/wp-content\\\/uploads\\\/2024\\\/04\\\/WhatsApp-Image-2024-04-04-at-8.28.39-PM-1.jpeg?fit=1080%2C1080&ssl=1\",\"width\":1080,\"height\":1080},{\"@type\":\"BreadcrumbList\",\"@id\":\"https:\\\/\\\/zeromagazine.mx\\\/index.php\\\/2024\\\/04\\\/29\\\/punto-cardinal-la-esperanza-en-la-musica\\\/#breadcrumb\",\"itemListElement\":[{\"@type\":\"ListItem\",\"position\":1,\"name\":\"Portada\",\"item\":\"https:\\\/\\\/zeromagazine.mx\\\/\"},{\"@type\":\"ListItem\",\"position\":2,\"name\":\"\u00abPunto Cardinal\u00bb: La Esperanza en la M\u00fasica\"}]},{\"@type\":\"WebSite\",\"@id\":\"https:\\\/\\\/zeromagazine.mx\\\/#website\",\"url\":\"https:\\\/\\\/zeromagazine.mx\\\/\",\"name\":\"Zero Magazine\",\"description\":\"\",\"publisher\":{\"@id\":\"https:\\\/\\\/zeromagazine.mx\\\/#organization\"},\"potentialAction\":[{\"@type\":\"SearchAction\",\"target\":{\"@type\":\"EntryPoint\",\"urlTemplate\":\"https:\\\/\\\/zeromagazine.mx\\\/?s={search_term_string}\"},\"query-input\":{\"@type\":\"PropertyValueSpecification\",\"valueRequired\":true,\"valueName\":\"search_term_string\"}}],\"inLanguage\":\"es\"},{\"@type\":\"Organization\",\"@id\":\"https:\\\/\\\/zeromagazine.mx\\\/#organization\",\"name\":\"Zero Magazine\",\"url\":\"https:\\\/\\\/zeromagazine.mx\\\/\",\"logo\":{\"@type\":\"ImageObject\",\"inLanguage\":\"es\",\"@id\":\"https:\\\/\\\/zeromagazine.mx\\\/#\\\/schema\\\/logo\\\/image\\\/\",\"url\":\"https:\\\/\\\/i0.wp.com\\\/zeromagazine.mx\\\/wp-content\\\/uploads\\\/2025\\\/11\\\/1.jpeg?fit=1000%2C1000&ssl=1\",\"contentUrl\":\"https:\\\/\\\/i0.wp.com\\\/zeromagazine.mx\\\/wp-content\\\/uploads\\\/2025\\\/11\\\/1.jpeg?fit=1000%2C1000&ssl=1\",\"width\":1000,\"height\":1000,\"caption\":\"Zero Magazine\"},\"image\":{\"@id\":\"https:\\\/\\\/zeromagazine.mx\\\/#\\\/schema\\\/logo\\\/image\\\/\"},\"sameAs\":[\"https:\\\/\\\/instagram.com\\\/zeromagazinemx\"]},{\"@type\":\"Person\",\"@id\":\"https:\\\/\\\/zeromagazine.mx\\\/#\\\/schema\\\/person\\\/9aed9f33a7c39af3a348b86d723f7773\",\"name\":\"zeromagazinemx\",\"image\":{\"@type\":\"ImageObject\",\"inLanguage\":\"es\",\"@id\":\"https:\\\/\\\/zeromagazine.mx\\\/wp-content\\\/litespeed\\\/avatar\\\/f91dfe5410d5dcb1a576bf8c45983896.jpg?ver=1776966396\",\"url\":\"https:\\\/\\\/zeromagazine.mx\\\/wp-content\\\/litespeed\\\/avatar\\\/f91dfe5410d5dcb1a576bf8c45983896.jpg?ver=1776966396\",\"contentUrl\":\"https:\\\/\\\/zeromagazine.mx\\\/wp-content\\\/litespeed\\\/avatar\\\/f91dfe5410d5dcb1a576bf8c45983896.jpg?ver=1776966396\",\"caption\":\"zeromagazinemx\"},\"url\":\"https:\\\/\\\/zeromagazine.mx\\\/index.php\\\/author\\\/zeromagazinemx\\\/\"}]}<\/script>\n<!-- \/ Yoast SEO plugin. -->","yoast_head_json":{"title":"\"Punto Cardinal\": La Esperanza en la M\u00fasica - Zero Magazine","robots":{"index":"index","follow":"follow","max-snippet":"max-snippet:-1","max-image-preview":"max-image-preview:large","max-video-preview":"max-video-preview:-1"},"canonical":"https:\/\/zeromagazine.mx\/index.php\/2024\/04\/29\/punto-cardinal-la-esperanza-en-la-musica\/","og_locale":"es_ES","og_type":"article","og_title":"\"Punto Cardinal\": La Esperanza en la M\u00fasica - Zero Magazine","og_description":"Hoy quiero hablarles sobre algo que me hizo abrir los ojos y replantearme algunas cosas. \u00bfAlguna vez han sentido que est\u00e1n al l\u00edmite y que ya no pueden m\u00e1s? Bueno, les cuento que la banda tijuanense Delux tiene un mensaje poderoso que transmitir a trav\u00e9s de su nuevo sencillo \u00abPunto Cardinal\u00bb. Primero que nada, d\u00e9jenme [&hellip;]","og_url":"https:\/\/zeromagazine.mx\/index.php\/2024\/04\/29\/punto-cardinal-la-esperanza-en-la-musica\/","og_site_name":"Zero Magazine","article_published_time":"2024-04-29T21:00:00+00:00","og_image":[{"width":1080,"height":1080,"url":"https:\/\/i0.wp.com\/zeromagazine.mx\/wp-content\/uploads\/2024\/04\/WhatsApp-Image-2024-04-04-at-8.28.39-PM-1.jpeg?fit=1080%2C1080&ssl=1","type":"image\/jpeg"}],"author":"zeromagazinemx","twitter_card":"summary_large_image","twitter_misc":{"Escrito por":"zeromagazinemx","Tiempo de lectura":"2 minutos"},"schema":{"@context":"https:\/\/schema.org","@graph":[{"@type":"Article","@id":"https:\/\/zeromagazine.mx\/index.php\/2024\/04\/29\/punto-cardinal-la-esperanza-en-la-musica\/#article","isPartOf":{"@id":"https:\/\/zeromagazine.mx\/index.php\/2024\/04\/29\/punto-cardinal-la-esperanza-en-la-musica\/"},"author":{"name":"zeromagazinemx","@id":"https:\/\/zeromagazine.mx\/#\/schema\/person\/9aed9f33a7c39af3a348b86d723f7773"},"headline":"\u00abPunto Cardinal\u00bb: La Esperanza en la M\u00fasica","datePublished":"2024-04-29T21:00:00+00:00","mainEntityOfPage":{"@id":"https:\/\/zeromagazine.mx\/index.php\/2024\/04\/29\/punto-cardinal-la-esperanza-en-la-musica\/"},"wordCount":351,"commentCount":0,"publisher":{"@id":"https:\/\/zeromagazine.mx\/#organization"},"image":{"@id":"https:\/\/zeromagazine.mx\/index.php\/2024\/04\/29\/punto-cardinal-la-esperanza-en-la-musica\/#primaryimage"},"thumbnailUrl":"https:\/\/i0.wp.com\/zeromagazine.mx\/wp-content\/uploads\/2024\/04\/WhatsApp-Image-2024-04-04-at-8.28.39-PM-1.jpeg?fit=1080%2C1080&ssl=1","keywords":["Banda musical","Delux","Estreno musical","Punto Cardinal"],"articleSection":["Blog"],"inLanguage":"es","potentialAction":[{"@type":"CommentAction","name":"Comment","target":["https:\/\/zeromagazine.mx\/index.php\/2024\/04\/29\/punto-cardinal-la-esperanza-en-la-musica\/#respond"]}]},{"@type":"WebPage","@id":"https:\/\/zeromagazine.mx\/index.php\/2024\/04\/29\/punto-cardinal-la-esperanza-en-la-musica\/","url":"https:\/\/zeromagazine.mx\/index.php\/2024\/04\/29\/punto-cardinal-la-esperanza-en-la-musica\/","name":"\"Punto Cardinal\": La Esperanza en la M\u00fasica - Zero Magazine","isPartOf":{"@id":"https:\/\/zeromagazine.mx\/#website"},"primaryImageOfPage":{"@id":"https:\/\/zeromagazine.mx\/index.php\/2024\/04\/29\/punto-cardinal-la-esperanza-en-la-musica\/#primaryimage"},"image":{"@id":"https:\/\/zeromagazine.mx\/index.php\/2024\/04\/29\/punto-cardinal-la-esperanza-en-la-musica\/#primaryimage"},"thumbnailUrl":"https:\/\/i0.wp.com\/zeromagazine.mx\/wp-content\/uploads\/2024\/04\/WhatsApp-Image-2024-04-04-at-8.28.39-PM-1.jpeg?fit=1080%2C1080&ssl=1","datePublished":"2024-04-29T21:00:00+00:00","breadcrumb":{"@id":"https:\/\/zeromagazine.mx\/index.php\/2024\/04\/29\/punto-cardinal-la-esperanza-en-la-musica\/#breadcrumb"},"inLanguage":"es","potentialAction":[{"@type":"ReadAction","target":["https:\/\/zeromagazine.mx\/index.php\/2024\/04\/29\/punto-cardinal-la-esperanza-en-la-musica\/"]}]},{"@type":"ImageObject","inLanguage":"es","@id":"https:\/\/zeromagazine.mx\/index.php\/2024\/04\/29\/punto-cardinal-la-esperanza-en-la-musica\/#primaryimage","url":"https:\/\/i0.wp.com\/zeromagazine.mx\/wp-content\/uploads\/2024\/04\/WhatsApp-Image-2024-04-04-at-8.28.39-PM-1.jpeg?fit=1080%2C1080&ssl=1","contentUrl":"https:\/\/i0.wp.com\/zeromagazine.mx\/wp-content\/uploads\/2024\/04\/WhatsApp-Image-2024-04-04-at-8.28.39-PM-1.jpeg?fit=1080%2C1080&ssl=1","width":1080,"height":1080},{"@type":"BreadcrumbList","@id":"https:\/\/zeromagazine.mx\/index.php\/2024\/04\/29\/punto-cardinal-la-esperanza-en-la-musica\/#breadcrumb","itemListElement":[{"@type":"ListItem","position":1,"name":"Portada","item":"https:\/\/zeromagazine.mx\/"},{"@type":"ListItem","position":2,"name":"\u00abPunto Cardinal\u00bb: La Esperanza en la M\u00fasica"}]},{"@type":"WebSite","@id":"https:\/\/zeromagazine.mx\/#website","url":"https:\/\/zeromagazine.mx\/","name":"Zero Magazine","description":"","publisher":{"@id":"https:\/\/zeromagazine.mx\/#organization"},"potentialAction":[{"@type":"SearchAction","target":{"@type":"EntryPoint","urlTemplate":"https:\/\/zeromagazine.mx\/?s={search_term_string}"},"query-input":{"@type":"PropertyValueSpecification","valueRequired":true,"valueName":"search_term_string"}}],"inLanguage":"es"},{"@type":"Organization","@id":"https:\/\/zeromagazine.mx\/#organization","name":"Zero Magazine","url":"https:\/\/zeromagazine.mx\/","logo":{"@type":"ImageObject","inLanguage":"es","@id":"https:\/\/zeromagazine.mx\/#\/schema\/logo\/image\/","url":"https:\/\/i0.wp.com\/zeromagazine.mx\/wp-content\/uploads\/2025\/11\/1.jpeg?fit=1000%2C1000&ssl=1","contentUrl":"https:\/\/i0.wp.com\/zeromagazine.mx\/wp-content\/uploads\/2025\/11\/1.jpeg?fit=1000%2C1000&ssl=1","width":1000,"height":1000,"caption":"Zero Magazine"},"image":{"@id":"https:\/\/zeromagazine.mx\/#\/schema\/logo\/image\/"},"sameAs":["https:\/\/instagram.com\/zeromagazinemx"]},{"@type":"Person","@id":"https:\/\/zeromagazine.mx\/#\/schema\/person\/9aed9f33a7c39af3a348b86d723f7773","name":"zeromagazinemx","image":{"@type":"ImageObject","inLanguage":"es","@id":"https:\/\/zeromagazine.mx\/wp-content\/litespeed\/avatar\/f91dfe5410d5dcb1a576bf8c45983896.jpg?ver=1776966396","url":"https:\/\/zeromagazine.mx\/wp-content\/litespeed\/avatar\/f91dfe5410d5dcb1a576bf8c45983896.jpg?ver=1776966396","contentUrl":"https:\/\/zeromagazine.mx\/wp-content\/litespeed\/avatar\/f91dfe5410d5dcb1a576bf8c45983896.jpg?ver=1776966396","caption":"zeromagazinemx"},"url":"https:\/\/zeromagazine.mx\/index.php\/author\/zeromagazinemx\/"}]}},"jetpack_publicize_connections":[],"jetpack_featured_media_url":"https:\/\/i0.wp.com\/zeromagazine.mx\/wp-content\/uploads\/2024\/04\/WhatsApp-Image-2024-04-04-at-8.28.39-PM-1.jpeg?fit=1080%2C1080&ssl=1","jetpack-related-posts":[{"id":81103,"url":"https:\/\/zeromagazine.mx\/index.php\/2024\/07\/31\/los-gorriones-regreso-tropical-epico\/","url_meta":{"origin":75073,"position":0},"title":"\u00abLos Gorriones: Regreso Tropical \u00c9pico\u00bb","author":"zeromagazinemx","date":"31 de julio de 2024","format":false,"excerpt":"\u00a1Hey, gent@! Si no has escuchado hablar de\u00a0Los Gorriones, est\u00e1s a punto de descubrir algo incre\u00edble. Esta banda, que nos hizo sentir todas las vibes con su m\u00fasica tropical, est\u00e1 de regreso despu\u00e9s de una breve pausa y \u00a1viene con m\u00e1s fuerza que nunca! Prep\u00e1rate para un viaje musical que\u2026","rel":"","context":"En \u00abBlog\u00bb","block_context":{"text":"Blog","link":"https:\/\/zeromagazine.mx\/index.php\/category\/blog\/"},"img":{"alt_text":"","src":"https:\/\/i0.wp.com\/zeromagazine.mx\/wp-content\/uploads\/2024\/07\/WhatsApp-Image-2024-07-30-at-4.16.33-PM.jpeg?fit=1200%2C799&ssl=1&resize=350%2C200","width":350,"height":200,"srcset":"https:\/\/i0.wp.com\/zeromagazine.mx\/wp-content\/uploads\/2024\/07\/WhatsApp-Image-2024-07-30-at-4.16.33-PM.jpeg?fit=1200%2C799&ssl=1&resize=350%2C200 1x, https:\/\/i0.wp.com\/zeromagazine.mx\/wp-content\/uploads\/2024\/07\/WhatsApp-Image-2024-07-30-at-4.16.33-PM.jpeg?fit=1200%2C799&ssl=1&resize=525%2C300 1.5x, https:\/\/i0.wp.com\/zeromagazine.mx\/wp-content\/uploads\/2024\/07\/WhatsApp-Image-2024-07-30-at-4.16.33-PM.jpeg?fit=1200%2C799&ssl=1&resize=700%2C400 2x, https:\/\/i0.wp.com\/zeromagazine.mx\/wp-content\/uploads\/2024\/07\/WhatsApp-Image-2024-07-30-at-4.16.33-PM.jpeg?fit=1200%2C799&ssl=1&resize=1050%2C600 3x"},"classes":[]},{"id":78076,"url":"https:\/\/zeromagazine.mx\/index.php\/2024\/06\/14\/allison-en-concierto-un-viaje-acustico-por-la-musica\/","url_meta":{"origin":75073,"position":1},"title":"Allison en Concierto: Un Viaje Ac\u00fastico por la M\u00fasica","author":"zeromagazinemx","date":"14 de junio de 2024","format":false,"excerpt":"\u00bfYa escucharon la noticia? La banda Allison est\u00e1 a punto de llevarnos en un viaje ac\u00fastico por nuestros recuerdos m\u00e1s memorables. S\u00ed, esa misma banda que ha sido parte de nuestra banda sonora desde siempre. Desde sus inicios, Allison ha sabido capturar nuestra atenci\u00f3n y mantenerse relevante en el escenario\u2026","rel":"","context":"En \u00abBlog\u00bb","block_context":{"text":"Blog","link":"https:\/\/zeromagazine.mx\/index.php\/category\/blog\/"},"img":{"alt_text":"","src":"https:\/\/i0.wp.com\/zeromagazine.mx\/wp-content\/uploads\/2024\/06\/unnamed-11-2.jpg?fit=1200%2C1200&ssl=1&resize=350%2C200","width":350,"height":200,"srcset":"https:\/\/i0.wp.com\/zeromagazine.mx\/wp-content\/uploads\/2024\/06\/unnamed-11-2.jpg?fit=1200%2C1200&ssl=1&resize=350%2C200 1x, https:\/\/i0.wp.com\/zeromagazine.mx\/wp-content\/uploads\/2024\/06\/unnamed-11-2.jpg?fit=1200%2C1200&ssl=1&resize=525%2C300 1.5x, https:\/\/i0.wp.com\/zeromagazine.mx\/wp-content\/uploads\/2024\/06\/unnamed-11-2.jpg?fit=1200%2C1200&ssl=1&resize=700%2C400 2x, https:\/\/i0.wp.com\/zeromagazine.mx\/wp-content\/uploads\/2024\/06\/unnamed-11-2.jpg?fit=1200%2C1200&ssl=1&resize=1050%2C600 3x"},"classes":[]},{"id":84548,"url":"https:\/\/zeromagazine.mx\/index.php\/2024\/09\/25\/rockea-con-franz-en-cdmx\/","url_meta":{"origin":75073,"position":2},"title":"\u00abRockea con Franz en CDMX\u00bb","author":"zeromagazinemx","date":"25 de septiembre de 2024","format":false,"excerpt":"La cuenta regresiva ha comenzado y la emoci\u00f3n est\u00e1 en el aire porque Franz Ferdinand, la ic\u00f3nica banda escocesa, est\u00e1 a punto de rockear Quer\u00e9taro en el Festival Pulso GNP. Pero antes de eso, tienen una sorpresa especial para todos los fans en la Ciudad de M\u00e9xico que no querr\u00e1n\u2026","rel":"","context":"En \u00abEntretenimiento\u00bb","block_context":{"text":"Entretenimiento","link":"https:\/\/zeromagazine.mx\/index.php\/category\/entretenimiento\/"},"img":{"alt_text":"","src":"https:\/\/i0.wp.com\/zeromagazine.mx\/wp-content\/uploads\/2024\/09\/Franz-Ferdinand-2024-5-1.jpg?fit=1200%2C628&ssl=1&resize=350%2C200","width":350,"height":200,"srcset":"https:\/\/i0.wp.com\/zeromagazine.mx\/wp-content\/uploads\/2024\/09\/Franz-Ferdinand-2024-5-1.jpg?fit=1200%2C628&ssl=1&resize=350%2C200 1x, https:\/\/i0.wp.com\/zeromagazine.mx\/wp-content\/uploads\/2024\/09\/Franz-Ferdinand-2024-5-1.jpg?fit=1200%2C628&ssl=1&resize=525%2C300 1.5x, https:\/\/i0.wp.com\/zeromagazine.mx\/wp-content\/uploads\/2024\/09\/Franz-Ferdinand-2024-5-1.jpg?fit=1200%2C628&ssl=1&resize=700%2C400 2x, https:\/\/i0.wp.com\/zeromagazine.mx\/wp-content\/uploads\/2024\/09\/Franz-Ferdinand-2024-5-1.jpg?fit=1200%2C628&ssl=1&resize=1050%2C600 3x"},"classes":[]},{"id":116678,"url":"https:\/\/zeromagazine.mx\/index.php\/2026\/03\/13\/entre-nos-se-gozo\/","url_meta":{"origin":75073,"position":3},"title":"ENTRE NOS inicia una nueva etapa con \u201cSe Goz\u00f3\u201d, el primer adelanto del universo creativo de Dopamax.","author":"David Morales","date":"13 de marzo de 2026","format":false,"excerpt":"La escena pop latina sigue evolucionando con propuestas que mezclan ritmos bailables, conceptos creativos y una fuerte conexi\u00f3n con el p\u00fablico. Con\u00a0ENTRE NOS Se Goz\u00f3, la banda paname\u00f1a abre una nueva etapa en su carrera y presenta el primer adelanto de\u00a0Dopamax, el universo musical que marcar\u00e1 su sonido durante 2026.\u2026","rel":"","context":"En \u00abBlog\u00bb","block_context":{"text":"Blog","link":"https:\/\/zeromagazine.mx\/index.php\/category\/blog\/"},"img":{"alt_text":"","src":"https:\/\/i0.wp.com\/zeromagazine.mx\/wp-content\/uploads\/2026\/03\/Entre-nos-1-scaled.jpeg?fit=1200%2C800&ssl=1&resize=350%2C200","width":350,"height":200,"srcset":"https:\/\/i0.wp.com\/zeromagazine.mx\/wp-content\/uploads\/2026\/03\/Entre-nos-1-scaled.jpeg?fit=1200%2C800&ssl=1&resize=350%2C200 1x, https:\/\/i0.wp.com\/zeromagazine.mx\/wp-content\/uploads\/2026\/03\/Entre-nos-1-scaled.jpeg?fit=1200%2C800&ssl=1&resize=525%2C300 1.5x, https:\/\/i0.wp.com\/zeromagazine.mx\/wp-content\/uploads\/2026\/03\/Entre-nos-1-scaled.jpeg?fit=1200%2C800&ssl=1&resize=700%2C400 2x, https:\/\/i0.wp.com\/zeromagazine.mx\/wp-content\/uploads\/2026\/03\/Entre-nos-1-scaled.jpeg?fit=1200%2C800&ssl=1&resize=1050%2C600 3x"},"classes":[]},{"id":74742,"url":"https:\/\/zeromagazine.mx\/index.php\/2024\/04\/24\/punto-de-quiebre-lo-nuevo-de-santi-casas\/","url_meta":{"origin":75073,"position":4},"title":"\u00abPunto de Quiebre\u00bb: Lo Nuevo de Santi Casas","author":"zeromagazinemx","date":"24 de abril de 2024","format":false,"excerpt":"El nuevo \u00e1lbum de Santi Casas se llama \"Punto de Quiebre\" y est\u00e1 rompiendo esquemas en la escena musical. Como dice el dicho, \u00a1no juzgues un disco por su portada! Este \u00e1lbum es toda una experiencia, desde la primera hasta la \u00faltima canci\u00f3n. Desde sus inicios en 2019, Santi Casas\u2026","rel":"","context":"En \u00abEntretenimiento\u00bb","block_context":{"text":"Entretenimiento","link":"https:\/\/zeromagazine.mx\/index.php\/category\/entretenimiento\/"},"img":{"alt_text":"","src":"https:\/\/i0.wp.com\/zeromagazine.mx\/wp-content\/uploads\/2024\/04\/unnamed-26-1.jpg?fit=1200%2C1200&ssl=1&resize=350%2C200","width":350,"height":200,"srcset":"https:\/\/i0.wp.com\/zeromagazine.mx\/wp-content\/uploads\/2024\/04\/unnamed-26-1.jpg?fit=1200%2C1200&ssl=1&resize=350%2C200 1x, https:\/\/i0.wp.com\/zeromagazine.mx\/wp-content\/uploads\/2024\/04\/unnamed-26-1.jpg?fit=1200%2C1200&ssl=1&resize=525%2C300 1.5x, https:\/\/i0.wp.com\/zeromagazine.mx\/wp-content\/uploads\/2024\/04\/unnamed-26-1.jpg?fit=1200%2C1200&ssl=1&resize=700%2C400 2x, https:\/\/i0.wp.com\/zeromagazine.mx\/wp-content\/uploads\/2024\/04\/unnamed-26-1.jpg?fit=1200%2C1200&ssl=1&resize=1050%2C600 3x"},"classes":[]},{"id":113785,"url":"https:\/\/zeromagazine.mx\/index.php\/2026\/01\/21\/kudai-harakiri-tour\/","url_meta":{"origin":75073,"position":5},"title":"KUDAI, la banda que marc\u00f3 a toda una generaci\u00f3n, est\u00e1 de vuelta con su HARAKIRI TOUR!.","author":"David Morales","date":"21 de enero de 2026","format":false,"excerpt":"Hay regresos que se sienten como un d\u00e9j\u00e0 vu bonito y otros que llegan con la energ\u00eda suficiente para sacudirlo todo. El de\u00a0KUDAI\u00a0entra en la segunda categor\u00eda. La banda que convirti\u00f3 letras intensas en himnos emocionales est\u00e1 oficialmente de vuelta con el\u00a0Harakiri Tour, un show que no vive solo de\u2026","rel":"","context":"En \u00abConcierto\u00bb","block_context":{"text":"Concierto","link":"https:\/\/zeromagazine.mx\/index.php\/category\/concierto\/"},"img":{"alt_text":"","src":"https:\/\/i0.wp.com\/zeromagazine.mx\/wp-content\/uploads\/2026\/01\/IMG_1032-1.jpeg?fit=1170%2C876&ssl=1&resize=350%2C200","width":350,"height":200,"srcset":"https:\/\/i0.wp.com\/zeromagazine.mx\/wp-content\/uploads\/2026\/01\/IMG_1032-1.jpeg?fit=1170%2C876&ssl=1&resize=350%2C200 1x, https:\/\/i0.wp.com\/zeromagazine.mx\/wp-content\/uploads\/2026\/01\/IMG_1032-1.jpeg?fit=1170%2C876&ssl=1&resize=525%2C300 1.5x, https:\/\/i0.wp.com\/zeromagazine.mx\/wp-content\/uploads\/2026\/01\/IMG_1032-1.jpeg?fit=1170%2C876&ssl=1&resize=700%2C400 2x, https:\/\/i0.wp.com\/zeromagazine.mx\/wp-content\/uploads\/2026\/01\/IMG_1032-1.jpeg?fit=1170%2C876&ssl=1&resize=1050%2C600 3x"},"classes":[]}],"jetpack_sharing_enabled":true,"builder_content":"","_links":{"self":[{"href":"https:\/\/zeromagazine.mx\/index.php\/wp-json\/wp\/v2\/posts\/75073","targetHints":{"allow":["GET"]}}],"collection":[{"href":"https:\/\/zeromagazine.mx\/index.php\/wp-json\/wp\/v2\/posts"}],"about":[{"href":"https:\/\/zeromagazine.mx\/index.php\/wp-json\/wp\/v2\/types\/post"}],"author":[{"embeddable":true,"href":"https:\/\/zeromagazine.mx\/index.php\/wp-json\/wp\/v2\/users\/2"}],"replies":[{"embeddable":true,"href":"https:\/\/zeromagazine.mx\/index.php\/wp-json\/wp\/v2\/comments?post=75073"}],"version-history":[{"count":2,"href":"https:\/\/zeromagazine.mx\/index.php\/wp-json\/wp\/v2\/posts\/75073\/revisions"}],"predecessor-version":[{"id":75076,"href":"https:\/\/zeromagazine.mx\/index.php\/wp-json\/wp\/v2\/posts\/75073\/revisions\/75076"}],"wp:featuredmedia":[{"embeddable":true,"href":"https:\/\/zeromagazine.mx\/index.php\/wp-json\/wp\/v2\/media\/75074"}],"wp:attachment":[{"href":"https:\/\/zeromagazine.mx\/index.php\/wp-json\/wp\/v2\/media?parent=75073"}],"wp:term":[{"taxonomy":"category","embeddable":true,"href":"https:\/\/zeromagazine.mx\/index.php\/wp-json\/wp\/v2\/categories?post=75073"},{"taxonomy":"post_tag","embeddable":true,"href":"https:\/\/zeromagazine.mx\/index.php\/wp-json\/wp\/v2\/tags?post=75073"}],"curies":[{"name":"wp","href":"https:\/\/api.w.org\/{rel}","templated":true}]}}