{"id":75577,"date":"2024-05-07T20:00:00","date_gmt":"2024-05-07T18:00:00","guid":{"rendered":"https:\/\/zeromagazine.mx\/?p=75577"},"modified":"2024-05-07T18:00:37","modified_gmt":"2024-05-07T16:00:37","slug":"vallarta-pride-con-scruff","status":"publish","type":"post","link":"https:\/\/zeromagazine.mx\/index.php\/2024\/05\/07\/vallarta-pride-con-scruff\/","title":{"rendered":"Vallarta Pride con SCRUFF"},"content":{"rendered":"<p>Les traigo una s\u00faper noticia que no se pueden perder. Resulta que durante la semana del orgullo LGBTQ+, Vallarta estar\u00e1 m\u00e1s brillante y colorido que nunca. SCRUFF, s\u00ed, la app que sabemos que muchos de nosotres usamos, va a estar s\u00faper presente en este evento que promete ser espectacular.<\/p>\n\n\n\n<figure class=\"wp-block-image alignwide size-large\"><img data-recalc-dims=\"1\" decoding=\"async\" width=\"1024\" height=\"683\" src=\"https:\/\/i0.wp.com\/zeromagazine.mx\/wp-content\/uploads\/2024\/05\/Scruff_2020_2020%40gi.raw-49-1024x683.jpg?resize=1024%2C683&#038;ssl=1\" alt=\"\" class=\"wp-image-75578\" srcset=\"https:\/\/i0.wp.com\/zeromagazine.mx\/wp-content\/uploads\/2024\/05\/Scruff_2020_2020%40gi.raw-49-scaled.jpg?resize=1024%2C683&amp;ssl=1 1024w, https:\/\/i0.wp.com\/zeromagazine.mx\/wp-content\/uploads\/2024\/05\/Scruff_2020_2020%40gi.raw-49-scaled.jpg?resize=300%2C200&amp;ssl=1 300w, https:\/\/i0.wp.com\/zeromagazine.mx\/wp-content\/uploads\/2024\/05\/Scruff_2020_2020%40gi.raw-49-scaled.jpg?resize=768%2C512&amp;ssl=1 768w, https:\/\/i0.wp.com\/zeromagazine.mx\/wp-content\/uploads\/2024\/05\/Scruff_2020_2020%40gi.raw-49-scaled.jpg?resize=1536%2C1024&amp;ssl=1 1536w, https:\/\/i0.wp.com\/zeromagazine.mx\/wp-content\/uploads\/2024\/05\/Scruff_2020_2020%40gi.raw-49-scaled.jpg?resize=2048%2C1365&amp;ssl=1 2048w, https:\/\/i0.wp.com\/zeromagazine.mx\/wp-content\/uploads\/2024\/05\/Scruff_2020_2020%40gi.raw-49-scaled.jpg?w=2330 2330w\" sizes=\"(max-width: 1024px) 100vw, 1024px\" \/><\/figure>\n\n\n\n<p><\/p>\n\n\n\n<p>Ahora, \u00bfqu\u00e9 hace tan especial esta semana en Vallarta? Pues, \u00a1presten atenci\u00f3n! Seg\u00fan \u00d3scar Reymerth, quien es el gerente de marketing de SCRUFF para M\u00e9xico, este evento no es solo diversi\u00f3n, sino tambi\u00e9n un acto de compromiso y responsabilidad social. Va m\u00e1s all\u00e1 de solo pas\u00e1rsela bien, es sobre visibilizar y apoyar a nuestra comunidad.<\/p>\n\n\n\n<script async src=\"https:\/\/pagead2.googlesyndication.com\/pagead\/js\/adsbygoogle.js?client=ca-pub-5499304793904745\"\n     crossorigin=\"anonymous\"><\/script>\n<ins class=\"adsbygoogle\"\n     style=\"display:block; text-align:center;\"\n     data-ad-layout=\"in-article\"\n     data-ad-format=\"fluid\"\n     data-ad-client=\"ca-pub-5499304793904745\"\n     data-ad-slot=\"5994863093\"><\/ins>\n<script>\n     (adsbygoogle = window.adsbygoogle || []).push({});\n<\/script>\n\n\n\n<p>Hablando de datos, el turismo LGBTQ+ o \u00abturismo rosa\u00bb est\u00e1 dejando una buena lana en Vallarta. De acuerdo con Luis Villase\u00f1or, quien dirige el Fideicomiso de Turismo de Puerto Vallarta, esto no es un juego peque\u00f1o. Estamos hablando de millones de pesos que entran al destino gracias a la comunidad LGBTQ+.<\/p>\n\n\n\n<div class=\"wp-block-columns is-layout-flex wp-container-core-columns-is-layout-9d6595d7 wp-block-columns-is-layout-flex\">\n<div class=\"wp-block-column is-layout-flow wp-block-column-is-layout-flow\">\n<figure class=\"wp-block-image size-large\"><img data-recalc-dims=\"1\" decoding=\"async\" width=\"683\" height=\"1024\" src=\"https:\/\/i0.wp.com\/zeromagazine.mx\/wp-content\/uploads\/2024\/05\/Scruff_2020_2020%40gi.raw-46-683x1024.jpg?resize=683%2C1024&#038;ssl=1\" alt=\"\" class=\"wp-image-75579\" srcset=\"https:\/\/i0.wp.com\/zeromagazine.mx\/wp-content\/uploads\/2024\/05\/Scruff_2020_2020%40gi.raw-46-scaled.jpg?resize=683%2C1024&amp;ssl=1 683w, https:\/\/i0.wp.com\/zeromagazine.mx\/wp-content\/uploads\/2024\/05\/Scruff_2020_2020%40gi.raw-46-scaled.jpg?resize=200%2C300&amp;ssl=1 200w, https:\/\/i0.wp.com\/zeromagazine.mx\/wp-content\/uploads\/2024\/05\/Scruff_2020_2020%40gi.raw-46-scaled.jpg?resize=768%2C1152&amp;ssl=1 768w, https:\/\/i0.wp.com\/zeromagazine.mx\/wp-content\/uploads\/2024\/05\/Scruff_2020_2020%40gi.raw-46-scaled.jpg?resize=1024%2C1536&amp;ssl=1 1024w, https:\/\/i0.wp.com\/zeromagazine.mx\/wp-content\/uploads\/2024\/05\/Scruff_2020_2020%40gi.raw-46-scaled.jpg?resize=1365%2C2048&amp;ssl=1 1365w, https:\/\/i0.wp.com\/zeromagazine.mx\/wp-content\/uploads\/2024\/05\/Scruff_2020_2020%40gi.raw-46-scaled.jpg?w=1707&amp;ssl=1 1707w\" sizes=\"(max-width: 683px) 100vw, 683px\" \/><\/figure>\n<\/div>\n\n\n\n<div class=\"wp-block-column is-layout-flow wp-block-column-is-layout-flow\">\n<figure class=\"wp-block-image size-large\"><img data-recalc-dims=\"1\" decoding=\"async\" width=\"683\" height=\"1024\" src=\"https:\/\/i0.wp.com\/zeromagazine.mx\/wp-content\/uploads\/2024\/05\/Scruff_2020_2020%40gi.raw-25-683x1024.jpg?resize=683%2C1024&#038;ssl=1\" alt=\"\" class=\"wp-image-75580\" srcset=\"https:\/\/i0.wp.com\/zeromagazine.mx\/wp-content\/uploads\/2024\/05\/Scruff_2020_2020%40gi.raw-25-scaled.jpg?resize=683%2C1024&amp;ssl=1 683w, https:\/\/i0.wp.com\/zeromagazine.mx\/wp-content\/uploads\/2024\/05\/Scruff_2020_2020%40gi.raw-25-scaled.jpg?resize=200%2C300&amp;ssl=1 200w, https:\/\/i0.wp.com\/zeromagazine.mx\/wp-content\/uploads\/2024\/05\/Scruff_2020_2020%40gi.raw-25-scaled.jpg?resize=768%2C1152&amp;ssl=1 768w, https:\/\/i0.wp.com\/zeromagazine.mx\/wp-content\/uploads\/2024\/05\/Scruff_2020_2020%40gi.raw-25-scaled.jpg?resize=1024%2C1536&amp;ssl=1 1024w, https:\/\/i0.wp.com\/zeromagazine.mx\/wp-content\/uploads\/2024\/05\/Scruff_2020_2020%40gi.raw-25-scaled.jpg?resize=1365%2C2048&amp;ssl=1 1365w, https:\/\/i0.wp.com\/zeromagazine.mx\/wp-content\/uploads\/2024\/05\/Scruff_2020_2020%40gi.raw-25-scaled.jpg?w=1707&amp;ssl=1 1707w\" sizes=\"(max-width: 683px) 100vw, 683px\" \/><\/figure>\n<\/div>\n<\/div>\n\n\n\n<p><\/p>\n\n\n\n<p>Y \u00bfqu\u00e9 tal el impacto econ\u00f3mico que tenemos nosotres en Vallarta? Pues, seg\u00fan Javier Jim\u00e9nez, quien lidera la Asociaci\u00f3n Civil de Comercios y Turismo LGBT+ de Puerto Vallarta, \u00a1es enorme! Somos una parte esencial de la econom\u00eda local, con nuestro consumo representando la mayor\u00eda de las ventas en la Zona Rom\u00e1ntica.<\/p>\n\n\n\n<figure class=\"wp-block-image alignwide size-large\"><img data-recalc-dims=\"1\" decoding=\"async\" width=\"1024\" height=\"683\" src=\"https:\/\/i0.wp.com\/zeromagazine.mx\/wp-content\/uploads\/2024\/05\/03-08-2020-Scruff1741-1024x683.jpg?resize=1024%2C683&#038;ssl=1\" alt=\"\" class=\"wp-image-75581\" srcset=\"https:\/\/i0.wp.com\/zeromagazine.mx\/wp-content\/uploads\/2024\/05\/03-08-2020-Scruff1741-scaled.jpg?resize=1024%2C683&amp;ssl=1 1024w, https:\/\/i0.wp.com\/zeromagazine.mx\/wp-content\/uploads\/2024\/05\/03-08-2020-Scruff1741-scaled.jpg?resize=300%2C200&amp;ssl=1 300w, https:\/\/i0.wp.com\/zeromagazine.mx\/wp-content\/uploads\/2024\/05\/03-08-2020-Scruff1741-scaled.jpg?resize=768%2C512&amp;ssl=1 768w, https:\/\/i0.wp.com\/zeromagazine.mx\/wp-content\/uploads\/2024\/05\/03-08-2020-Scruff1741-scaled.jpg?resize=1536%2C1024&amp;ssl=1 1536w, https:\/\/i0.wp.com\/zeromagazine.mx\/wp-content\/uploads\/2024\/05\/03-08-2020-Scruff1741-scaled.jpg?resize=2048%2C1365&amp;ssl=1 2048w, https:\/\/i0.wp.com\/zeromagazine.mx\/wp-content\/uploads\/2024\/05\/03-08-2020-Scruff1741-scaled.jpg?w=2330 2330w\" sizes=\"(max-width: 1024px) 100vw, 1024px\" \/><\/figure>\n\n\n\n<p><\/p>\n\n\n\n<p>Ahora, si piensan que todo esto es solo fiesta y diversi\u00f3n, est\u00e1n equivocades. SCRUFF, aparte de ser una app para citas, est\u00e1 comprometida en apoyar a les empresaries LGBT+ mexicanes. Est\u00e1n aqu\u00ed para hacer alianzas comerciales y ayudar a crecer a nuestra comunidad.<\/p>\n\n\n\n<script async src=\"https:\/\/pagead2.googlesyndication.com\/pagead\/js\/adsbygoogle.js?client=ca-pub-5499304793904745\"\n     crossorigin=\"anonymous\"><\/script>\n<ins class=\"adsbygoogle\"\n     style=\"display:block; text-align:center;\"\n     data-ad-layout=\"in-article\"\n     data-ad-format=\"fluid\"\n     data-ad-client=\"ca-pub-5499304793904745\"\n     data-ad-slot=\"5994863093\"><\/ins>\n<script>\n     (adsbygoogle = window.adsbygoogle || []).push({});\n<\/script>\n\n\n\n<p>Por \u00faltimo, pero no menos importante, no se pierdan los eventos que van a tener lugar durante esta semana del orgullo en Vallarta. Desde desfiles y fiestas en la playa hasta obras de teatro y reconocimientos a activistas destacades. Va a ser una semana para recordar y celebrar lo incre\u00edble que es ser parte de la comunidad LGBTQ+. \u00a1Nos vemos all\u00e1!<\/p>\n\n\n\n<div class=\"wp-block-columns is-layout-flex wp-container-core-columns-is-layout-9d6595d7 wp-block-columns-is-layout-flex\">\n<div class=\"wp-block-column is-layout-flow wp-block-column-is-layout-flow\">\n<figure class=\"wp-block-image size-large\"><img data-recalc-dims=\"1\" decoding=\"async\" width=\"683\" height=\"1024\" src=\"https:\/\/i0.wp.com\/zeromagazine.mx\/wp-content\/uploads\/2024\/05\/K9A9136-683x1024.jpg?resize=683%2C1024&#038;ssl=1\" alt=\"\" class=\"wp-image-75582\" srcset=\"https:\/\/i0.wp.com\/zeromagazine.mx\/wp-content\/uploads\/2024\/05\/K9A9136.jpg?resize=683%2C1024&amp;ssl=1 683w, https:\/\/i0.wp.com\/zeromagazine.mx\/wp-content\/uploads\/2024\/05\/K9A9136.jpg?resize=200%2C300&amp;ssl=1 200w, https:\/\/i0.wp.com\/zeromagazine.mx\/wp-content\/uploads\/2024\/05\/K9A9136.jpg?resize=768%2C1152&amp;ssl=1 768w, https:\/\/i0.wp.com\/zeromagazine.mx\/wp-content\/uploads\/2024\/05\/K9A9136.jpg?resize=1024%2C1536&amp;ssl=1 1024w, https:\/\/i0.wp.com\/zeromagazine.mx\/wp-content\/uploads\/2024\/05\/K9A9136.jpg?w=1280&amp;ssl=1 1280w\" sizes=\"(max-width: 683px) 100vw, 683px\" \/><\/figure>\n<\/div>\n\n\n\n<div class=\"wp-block-column is-layout-flow wp-block-column-is-layout-flow\">\n<figure class=\"wp-block-image size-large\"><img data-recalc-dims=\"1\" decoding=\"async\" width=\"683\" height=\"1024\" src=\"https:\/\/i0.wp.com\/zeromagazine.mx\/wp-content\/uploads\/2024\/05\/03-08-2020-Scruff1738-683x1024.jpg?resize=683%2C1024&#038;ssl=1\" alt=\"\" class=\"wp-image-75583\" srcset=\"https:\/\/i0.wp.com\/zeromagazine.mx\/wp-content\/uploads\/2024\/05\/03-08-2020-Scruff1738-scaled.jpg?resize=683%2C1024&amp;ssl=1 683w, https:\/\/i0.wp.com\/zeromagazine.mx\/wp-content\/uploads\/2024\/05\/03-08-2020-Scruff1738-scaled.jpg?resize=200%2C300&amp;ssl=1 200w, https:\/\/i0.wp.com\/zeromagazine.mx\/wp-content\/uploads\/2024\/05\/03-08-2020-Scruff1738-scaled.jpg?resize=768%2C1152&amp;ssl=1 768w, https:\/\/i0.wp.com\/zeromagazine.mx\/wp-content\/uploads\/2024\/05\/03-08-2020-Scruff1738-scaled.jpg?resize=1024%2C1536&amp;ssl=1 1024w, https:\/\/i0.wp.com\/zeromagazine.mx\/wp-content\/uploads\/2024\/05\/03-08-2020-Scruff1738-scaled.jpg?resize=1366%2C2048&amp;ssl=1 1366w, https:\/\/i0.wp.com\/zeromagazine.mx\/wp-content\/uploads\/2024\/05\/03-08-2020-Scruff1738-scaled.jpg?w=1707&amp;ssl=1 1707w\" sizes=\"(max-width: 683px) 100vw, 683px\" \/><\/figure>\n<\/div>\n<\/div>\n\n<!--themify_builder_content-->\n<div id=\"themify_builder_content-75577\" data-postid=\"75577\" class=\"themify_builder_content themify_builder_content-75577 themify_builder tf_clear\">\n    <\/div>\n<!--\/themify_builder_content-->","protected":false},"excerpt":{"rendered":"<p>Les traigo una s\u00faper noticia que no se pueden perder. Resulta que durante la semana del orgullo LGBTQ+, Vallarta estar\u00e1 m\u00e1s brillante y colorido que nunca. SCRUFF, s\u00ed, la app que sabemos que muchos de nosotres usamos, va a estar s\u00faper presente en este evento que promete ser espectacular. Ahora, \u00bfqu\u00e9 hace tan especial esta [&hellip;]<\/p>\n","protected":false},"author":2,"featured_media":75585,"comment_status":"open","ping_status":"open","sticky":false,"template":"","format":"standard","meta":{"_jetpack_memberships_contains_paid_content":false,"footnotes":"","jetpack_publicize_message":"","jetpack_publicize_feature_enabled":true,"jetpack_social_post_already_shared":true,"jetpack_social_options":{"image_generator_settings":{"template":"highway","default_image_id":0,"font":"","enabled":false},"version":2}},"categories":[791,322],"tags":[7051,8075,8074,7158,8077],"class_list":["post-75577","post","type-post","status-publish","format-standard","has-post-thumbnail","hentry","category-cultura","category-lugares","tag-lgbt-2","tag-mes-del-pride","tag-puerto-vallarta","tag-scruff","tag-turismo-rosa","has-post-title","has-post-date","has-post-category","has-post-tag","has-post-comment","has-post-author",""],"yoast_head":"<!-- This site is optimized with the Yoast SEO plugin v27.4 - https:\/\/yoast.com\/product\/yoast-seo-wordpress\/ -->\n<title>Vallarta Pride con SCRUFF - Zero Magazine<\/title>\n<meta name=\"robots\" content=\"index, follow, max-snippet:-1, max-image-preview:large, max-video-preview:-1\" \/>\n<link rel=\"canonical\" href=\"https:\/\/zeromagazine.mx\/index.php\/2024\/05\/07\/vallarta-pride-con-scruff\/\" \/>\n<meta property=\"og:locale\" content=\"es_ES\" \/>\n<meta property=\"og:type\" content=\"article\" \/>\n<meta property=\"og:title\" content=\"Vallarta Pride con SCRUFF - Zero Magazine\" \/>\n<meta property=\"og:description\" content=\"Les traigo una s\u00faper noticia que no se pueden perder. Resulta que durante la semana del orgullo LGBTQ+, Vallarta estar\u00e1 m\u00e1s brillante y colorido que nunca. SCRUFF, s\u00ed, la app que sabemos que muchos de nosotres usamos, va a estar s\u00faper presente en este evento que promete ser espectacular. Ahora, \u00bfqu\u00e9 hace tan especial esta [&hellip;]\" \/>\n<meta property=\"og:url\" content=\"https:\/\/zeromagazine.mx\/index.php\/2024\/05\/07\/vallarta-pride-con-scruff\/\" \/>\n<meta property=\"og:site_name\" content=\"Zero Magazine\" \/>\n<meta property=\"article:published_time\" content=\"2024-05-07T18:00:00+00:00\" \/>\n<meta property=\"og:image\" content=\"https:\/\/i0.wp.com\/zeromagazine.mx\/wp-content\/uploads\/2024\/05\/K9A8522-1.jpg?fit=1920%2C1280&ssl=1\" \/>\n\t<meta property=\"og:image:width\" content=\"1920\" \/>\n\t<meta property=\"og:image:height\" content=\"1280\" \/>\n\t<meta property=\"og:image:type\" content=\"image\/jpeg\" \/>\n<meta name=\"author\" content=\"zeromagazinemx\" \/>\n<meta name=\"twitter:card\" content=\"summary_large_image\" \/>\n<meta name=\"twitter:label1\" content=\"Escrito por\" \/>\n\t<meta name=\"twitter:data1\" content=\"zeromagazinemx\" \/>\n\t<meta name=\"twitter:label2\" content=\"Tiempo de lectura\" \/>\n\t<meta name=\"twitter:data2\" content=\"2 minutos\" \/>\n<script type=\"application\/ld+json\" class=\"yoast-schema-graph\">{\"@context\":\"https:\\\/\\\/schema.org\",\"@graph\":[{\"@type\":\"Article\",\"@id\":\"https:\\\/\\\/zeromagazine.mx\\\/index.php\\\/2024\\\/05\\\/07\\\/vallarta-pride-con-scruff\\\/#article\",\"isPartOf\":{\"@id\":\"https:\\\/\\\/zeromagazine.mx\\\/index.php\\\/2024\\\/05\\\/07\\\/vallarta-pride-con-scruff\\\/\"},\"author\":{\"name\":\"zeromagazinemx\",\"@id\":\"https:\\\/\\\/zeromagazine.mx\\\/#\\\/schema\\\/person\\\/9aed9f33a7c39af3a348b86d723f7773\"},\"headline\":\"Vallarta Pride con SCRUFF\",\"datePublished\":\"2024-05-07T18:00:00+00:00\",\"mainEntityOfPage\":{\"@id\":\"https:\\\/\\\/zeromagazine.mx\\\/index.php\\\/2024\\\/05\\\/07\\\/vallarta-pride-con-scruff\\\/\"},\"wordCount\":337,\"commentCount\":0,\"publisher\":{\"@id\":\"https:\\\/\\\/zeromagazine.mx\\\/#organization\"},\"image\":{\"@id\":\"https:\\\/\\\/zeromagazine.mx\\\/index.php\\\/2024\\\/05\\\/07\\\/vallarta-pride-con-scruff\\\/#primaryimage\"},\"thumbnailUrl\":\"https:\\\/\\\/i0.wp.com\\\/zeromagazine.mx\\\/wp-content\\\/uploads\\\/2024\\\/05\\\/K9A8522-1.jpg?fit=1920%2C1280&ssl=1\",\"keywords\":[\"LGBT+\",\"Mes del Pride\",\"Puerto Vallarta\",\"SCRUFF\",\"Turismo Rosa\"],\"articleSection\":[\"Cultura\",\"Viajes\"],\"inLanguage\":\"es\",\"potentialAction\":[{\"@type\":\"CommentAction\",\"name\":\"Comment\",\"target\":[\"https:\\\/\\\/zeromagazine.mx\\\/index.php\\\/2024\\\/05\\\/07\\\/vallarta-pride-con-scruff\\\/#respond\"]}]},{\"@type\":\"WebPage\",\"@id\":\"https:\\\/\\\/zeromagazine.mx\\\/index.php\\\/2024\\\/05\\\/07\\\/vallarta-pride-con-scruff\\\/\",\"url\":\"https:\\\/\\\/zeromagazine.mx\\\/index.php\\\/2024\\\/05\\\/07\\\/vallarta-pride-con-scruff\\\/\",\"name\":\"Vallarta Pride con SCRUFF - Zero Magazine\",\"isPartOf\":{\"@id\":\"https:\\\/\\\/zeromagazine.mx\\\/#website\"},\"primaryImageOfPage\":{\"@id\":\"https:\\\/\\\/zeromagazine.mx\\\/index.php\\\/2024\\\/05\\\/07\\\/vallarta-pride-con-scruff\\\/#primaryimage\"},\"image\":{\"@id\":\"https:\\\/\\\/zeromagazine.mx\\\/index.php\\\/2024\\\/05\\\/07\\\/vallarta-pride-con-scruff\\\/#primaryimage\"},\"thumbnailUrl\":\"https:\\\/\\\/i0.wp.com\\\/zeromagazine.mx\\\/wp-content\\\/uploads\\\/2024\\\/05\\\/K9A8522-1.jpg?fit=1920%2C1280&ssl=1\",\"datePublished\":\"2024-05-07T18:00:00+00:00\",\"breadcrumb\":{\"@id\":\"https:\\\/\\\/zeromagazine.mx\\\/index.php\\\/2024\\\/05\\\/07\\\/vallarta-pride-con-scruff\\\/#breadcrumb\"},\"inLanguage\":\"es\",\"potentialAction\":[{\"@type\":\"ReadAction\",\"target\":[\"https:\\\/\\\/zeromagazine.mx\\\/index.php\\\/2024\\\/05\\\/07\\\/vallarta-pride-con-scruff\\\/\"]}]},{\"@type\":\"ImageObject\",\"inLanguage\":\"es\",\"@id\":\"https:\\\/\\\/zeromagazine.mx\\\/index.php\\\/2024\\\/05\\\/07\\\/vallarta-pride-con-scruff\\\/#primaryimage\",\"url\":\"https:\\\/\\\/i0.wp.com\\\/zeromagazine.mx\\\/wp-content\\\/uploads\\\/2024\\\/05\\\/K9A8522-1.jpg?fit=1920%2C1280&ssl=1\",\"contentUrl\":\"https:\\\/\\\/i0.wp.com\\\/zeromagazine.mx\\\/wp-content\\\/uploads\\\/2024\\\/05\\\/K9A8522-1.jpg?fit=1920%2C1280&ssl=1\",\"width\":1920,\"height\":1280},{\"@type\":\"BreadcrumbList\",\"@id\":\"https:\\\/\\\/zeromagazine.mx\\\/index.php\\\/2024\\\/05\\\/07\\\/vallarta-pride-con-scruff\\\/#breadcrumb\",\"itemListElement\":[{\"@type\":\"ListItem\",\"position\":1,\"name\":\"Portada\",\"item\":\"https:\\\/\\\/zeromagazine.mx\\\/\"},{\"@type\":\"ListItem\",\"position\":2,\"name\":\"Vallarta Pride con SCRUFF\"}]},{\"@type\":\"WebSite\",\"@id\":\"https:\\\/\\\/zeromagazine.mx\\\/#website\",\"url\":\"https:\\\/\\\/zeromagazine.mx\\\/\",\"name\":\"Zero Magazine\",\"description\":\"\",\"publisher\":{\"@id\":\"https:\\\/\\\/zeromagazine.mx\\\/#organization\"},\"potentialAction\":[{\"@type\":\"SearchAction\",\"target\":{\"@type\":\"EntryPoint\",\"urlTemplate\":\"https:\\\/\\\/zeromagazine.mx\\\/?s={search_term_string}\"},\"query-input\":{\"@type\":\"PropertyValueSpecification\",\"valueRequired\":true,\"valueName\":\"search_term_string\"}}],\"inLanguage\":\"es\"},{\"@type\":\"Organization\",\"@id\":\"https:\\\/\\\/zeromagazine.mx\\\/#organization\",\"name\":\"Zero Magazine\",\"url\":\"https:\\\/\\\/zeromagazine.mx\\\/\",\"logo\":{\"@type\":\"ImageObject\",\"inLanguage\":\"es\",\"@id\":\"https:\\\/\\\/zeromagazine.mx\\\/#\\\/schema\\\/logo\\\/image\\\/\",\"url\":\"https:\\\/\\\/i0.wp.com\\\/zeromagazine.mx\\\/wp-content\\\/uploads\\\/2025\\\/11\\\/1.jpeg?fit=1000%2C1000&ssl=1\",\"contentUrl\":\"https:\\\/\\\/i0.wp.com\\\/zeromagazine.mx\\\/wp-content\\\/uploads\\\/2025\\\/11\\\/1.jpeg?fit=1000%2C1000&ssl=1\",\"width\":1000,\"height\":1000,\"caption\":\"Zero Magazine\"},\"image\":{\"@id\":\"https:\\\/\\\/zeromagazine.mx\\\/#\\\/schema\\\/logo\\\/image\\\/\"},\"sameAs\":[\"https:\\\/\\\/instagram.com\\\/zeromagazinemx\"]},{\"@type\":\"Person\",\"@id\":\"https:\\\/\\\/zeromagazine.mx\\\/#\\\/schema\\\/person\\\/9aed9f33a7c39af3a348b86d723f7773\",\"name\":\"zeromagazinemx\",\"image\":{\"@type\":\"ImageObject\",\"inLanguage\":\"es\",\"@id\":\"https:\\\/\\\/zeromagazine.mx\\\/wp-content\\\/litespeed\\\/avatar\\\/f91dfe5410d5dcb1a576bf8c45983896.jpg?ver=1776966396\",\"url\":\"https:\\\/\\\/zeromagazine.mx\\\/wp-content\\\/litespeed\\\/avatar\\\/f91dfe5410d5dcb1a576bf8c45983896.jpg?ver=1776966396\",\"contentUrl\":\"https:\\\/\\\/zeromagazine.mx\\\/wp-content\\\/litespeed\\\/avatar\\\/f91dfe5410d5dcb1a576bf8c45983896.jpg?ver=1776966396\",\"caption\":\"zeromagazinemx\"},\"url\":\"https:\\\/\\\/zeromagazine.mx\\\/index.php\\\/author\\\/zeromagazinemx\\\/\"}]}<\/script>\n<!-- \/ Yoast SEO plugin. -->","yoast_head_json":{"title":"Vallarta Pride con SCRUFF - Zero Magazine","robots":{"index":"index","follow":"follow","max-snippet":"max-snippet:-1","max-image-preview":"max-image-preview:large","max-video-preview":"max-video-preview:-1"},"canonical":"https:\/\/zeromagazine.mx\/index.php\/2024\/05\/07\/vallarta-pride-con-scruff\/","og_locale":"es_ES","og_type":"article","og_title":"Vallarta Pride con SCRUFF - Zero Magazine","og_description":"Les traigo una s\u00faper noticia que no se pueden perder. Resulta que durante la semana del orgullo LGBTQ+, Vallarta estar\u00e1 m\u00e1s brillante y colorido que nunca. SCRUFF, s\u00ed, la app que sabemos que muchos de nosotres usamos, va a estar s\u00faper presente en este evento que promete ser espectacular. Ahora, \u00bfqu\u00e9 hace tan especial esta [&hellip;]","og_url":"https:\/\/zeromagazine.mx\/index.php\/2024\/05\/07\/vallarta-pride-con-scruff\/","og_site_name":"Zero Magazine","article_published_time":"2024-05-07T18:00:00+00:00","og_image":[{"width":1920,"height":1280,"url":"https:\/\/i0.wp.com\/zeromagazine.mx\/wp-content\/uploads\/2024\/05\/K9A8522-1.jpg?fit=1920%2C1280&ssl=1","type":"image\/jpeg"}],"author":"zeromagazinemx","twitter_card":"summary_large_image","twitter_misc":{"Escrito por":"zeromagazinemx","Tiempo de lectura":"2 minutos"},"schema":{"@context":"https:\/\/schema.org","@graph":[{"@type":"Article","@id":"https:\/\/zeromagazine.mx\/index.php\/2024\/05\/07\/vallarta-pride-con-scruff\/#article","isPartOf":{"@id":"https:\/\/zeromagazine.mx\/index.php\/2024\/05\/07\/vallarta-pride-con-scruff\/"},"author":{"name":"zeromagazinemx","@id":"https:\/\/zeromagazine.mx\/#\/schema\/person\/9aed9f33a7c39af3a348b86d723f7773"},"headline":"Vallarta Pride con SCRUFF","datePublished":"2024-05-07T18:00:00+00:00","mainEntityOfPage":{"@id":"https:\/\/zeromagazine.mx\/index.php\/2024\/05\/07\/vallarta-pride-con-scruff\/"},"wordCount":337,"commentCount":0,"publisher":{"@id":"https:\/\/zeromagazine.mx\/#organization"},"image":{"@id":"https:\/\/zeromagazine.mx\/index.php\/2024\/05\/07\/vallarta-pride-con-scruff\/#primaryimage"},"thumbnailUrl":"https:\/\/i0.wp.com\/zeromagazine.mx\/wp-content\/uploads\/2024\/05\/K9A8522-1.jpg?fit=1920%2C1280&ssl=1","keywords":["LGBT+","Mes del Pride","Puerto Vallarta","SCRUFF","Turismo Rosa"],"articleSection":["Cultura","Viajes"],"inLanguage":"es","potentialAction":[{"@type":"CommentAction","name":"Comment","target":["https:\/\/zeromagazine.mx\/index.php\/2024\/05\/07\/vallarta-pride-con-scruff\/#respond"]}]},{"@type":"WebPage","@id":"https:\/\/zeromagazine.mx\/index.php\/2024\/05\/07\/vallarta-pride-con-scruff\/","url":"https:\/\/zeromagazine.mx\/index.php\/2024\/05\/07\/vallarta-pride-con-scruff\/","name":"Vallarta Pride con SCRUFF - Zero Magazine","isPartOf":{"@id":"https:\/\/zeromagazine.mx\/#website"},"primaryImageOfPage":{"@id":"https:\/\/zeromagazine.mx\/index.php\/2024\/05\/07\/vallarta-pride-con-scruff\/#primaryimage"},"image":{"@id":"https:\/\/zeromagazine.mx\/index.php\/2024\/05\/07\/vallarta-pride-con-scruff\/#primaryimage"},"thumbnailUrl":"https:\/\/i0.wp.com\/zeromagazine.mx\/wp-content\/uploads\/2024\/05\/K9A8522-1.jpg?fit=1920%2C1280&ssl=1","datePublished":"2024-05-07T18:00:00+00:00","breadcrumb":{"@id":"https:\/\/zeromagazine.mx\/index.php\/2024\/05\/07\/vallarta-pride-con-scruff\/#breadcrumb"},"inLanguage":"es","potentialAction":[{"@type":"ReadAction","target":["https:\/\/zeromagazine.mx\/index.php\/2024\/05\/07\/vallarta-pride-con-scruff\/"]}]},{"@type":"ImageObject","inLanguage":"es","@id":"https:\/\/zeromagazine.mx\/index.php\/2024\/05\/07\/vallarta-pride-con-scruff\/#primaryimage","url":"https:\/\/i0.wp.com\/zeromagazine.mx\/wp-content\/uploads\/2024\/05\/K9A8522-1.jpg?fit=1920%2C1280&ssl=1","contentUrl":"https:\/\/i0.wp.com\/zeromagazine.mx\/wp-content\/uploads\/2024\/05\/K9A8522-1.jpg?fit=1920%2C1280&ssl=1","width":1920,"height":1280},{"@type":"BreadcrumbList","@id":"https:\/\/zeromagazine.mx\/index.php\/2024\/05\/07\/vallarta-pride-con-scruff\/#breadcrumb","itemListElement":[{"@type":"ListItem","position":1,"name":"Portada","item":"https:\/\/zeromagazine.mx\/"},{"@type":"ListItem","position":2,"name":"Vallarta Pride con SCRUFF"}]},{"@type":"WebSite","@id":"https:\/\/zeromagazine.mx\/#website","url":"https:\/\/zeromagazine.mx\/","name":"Zero Magazine","description":"","publisher":{"@id":"https:\/\/zeromagazine.mx\/#organization"},"potentialAction":[{"@type":"SearchAction","target":{"@type":"EntryPoint","urlTemplate":"https:\/\/zeromagazine.mx\/?s={search_term_string}"},"query-input":{"@type":"PropertyValueSpecification","valueRequired":true,"valueName":"search_term_string"}}],"inLanguage":"es"},{"@type":"Organization","@id":"https:\/\/zeromagazine.mx\/#organization","name":"Zero Magazine","url":"https:\/\/zeromagazine.mx\/","logo":{"@type":"ImageObject","inLanguage":"es","@id":"https:\/\/zeromagazine.mx\/#\/schema\/logo\/image\/","url":"https:\/\/i0.wp.com\/zeromagazine.mx\/wp-content\/uploads\/2025\/11\/1.jpeg?fit=1000%2C1000&ssl=1","contentUrl":"https:\/\/i0.wp.com\/zeromagazine.mx\/wp-content\/uploads\/2025\/11\/1.jpeg?fit=1000%2C1000&ssl=1","width":1000,"height":1000,"caption":"Zero Magazine"},"image":{"@id":"https:\/\/zeromagazine.mx\/#\/schema\/logo\/image\/"},"sameAs":["https:\/\/instagram.com\/zeromagazinemx"]},{"@type":"Person","@id":"https:\/\/zeromagazine.mx\/#\/schema\/person\/9aed9f33a7c39af3a348b86d723f7773","name":"zeromagazinemx","image":{"@type":"ImageObject","inLanguage":"es","@id":"https:\/\/zeromagazine.mx\/wp-content\/litespeed\/avatar\/f91dfe5410d5dcb1a576bf8c45983896.jpg?ver=1776966396","url":"https:\/\/zeromagazine.mx\/wp-content\/litespeed\/avatar\/f91dfe5410d5dcb1a576bf8c45983896.jpg?ver=1776966396","contentUrl":"https:\/\/zeromagazine.mx\/wp-content\/litespeed\/avatar\/f91dfe5410d5dcb1a576bf8c45983896.jpg?ver=1776966396","caption":"zeromagazinemx"},"url":"https:\/\/zeromagazine.mx\/index.php\/author\/zeromagazinemx\/"}]}},"jetpack_publicize_connections":[],"jetpack_featured_media_url":"https:\/\/i0.wp.com\/zeromagazine.mx\/wp-content\/uploads\/2024\/05\/K9A8522-1.jpg?fit=1920%2C1280&ssl=1","jetpack-related-posts":[{"id":75632,"url":"https:\/\/zeromagazine.mx\/index.php\/2024\/05\/07\/vallarta-pride-orgullo-lgbt-y-turismo-rosa\/","url_meta":{"origin":75577,"position":0},"title":"Vallarta Pride: Orgullo LGBT+ y Turismo Rosa","author":"zeromagazinemx","date":"7 de mayo de 2024","format":false,"excerpt":"Se estima que Vallarta Pride est\u00e1 esperando recibir a m\u00e1s de 22 mil turistas durante la Semana del Orgullo LGBT+ en Puerto Vallarta. Este evento, que representa una importante fuente de ingresos para el destino de playa, es una celebraci\u00f3n emblem\u00e1tica que conmemora la diversidad y la inclusi\u00f3n. Adem\u00e1s, Puerto\u2026","rel":"","context":"En \u00abCultura\u00bb","block_context":{"text":"Cultura","link":"https:\/\/zeromagazine.mx\/index.php\/category\/cultura\/"},"img":{"alt_text":"","src":"https:\/\/i0.wp.com\/zeromagazine.mx\/wp-content\/uploads\/2024\/05\/gaypv52-scaled.jpg?fit=1200%2C800&ssl=1&resize=350%2C200","width":350,"height":200,"srcset":"https:\/\/i0.wp.com\/zeromagazine.mx\/wp-content\/uploads\/2024\/05\/gaypv52-scaled.jpg?fit=1200%2C800&ssl=1&resize=350%2C200 1x, https:\/\/i0.wp.com\/zeromagazine.mx\/wp-content\/uploads\/2024\/05\/gaypv52-scaled.jpg?fit=1200%2C800&ssl=1&resize=525%2C300 1.5x, https:\/\/i0.wp.com\/zeromagazine.mx\/wp-content\/uploads\/2024\/05\/gaypv52-scaled.jpg?fit=1200%2C800&ssl=1&resize=700%2C400 2x, https:\/\/i0.wp.com\/zeromagazine.mx\/wp-content\/uploads\/2024\/05\/gaypv52-scaled.jpg?fit=1200%2C800&ssl=1&resize=1050%2C600 3x"},"classes":[]},{"id":106222,"url":"https:\/\/zeromagazine.mx\/index.php\/2025\/06\/24\/vallarta-pride-el-pride-de-mexico\/","url_meta":{"origin":75577,"position":1},"title":"Vallarta Pride: El Pride de M\u00e9xico","author":"David Morales","date":"24 de junio de 2025","format":false,"excerpt":"Puerto Vallarta Pride 2025 fue mi primera marcha del orgullo. S\u00ed, lo le\u00edste bien: a mis 37 a\u00f1os, despu\u00e9s de dos d\u00e9cadas fuera del cl\u00f3set, jam\u00e1s hab\u00eda asistido a una. No fue en Ciudad de M\u00e9xico, ni en Guadalajara, ni en otro destino \u201cpopular\u201d. Fue en Puerto Vallarta, un lugar\u2026","rel":"","context":"En \u00abCultura\u00bb","block_context":{"text":"Cultura","link":"https:\/\/zeromagazine.mx\/index.php\/category\/cultura\/"},"img":{"alt_text":"","src":"https:\/\/i0.wp.com\/zeromagazine.mx\/wp-content\/uploads\/2025\/06\/IMG_4699-scaled.jpeg?fit=625%2C1200&ssl=1&resize=350%2C200","width":350,"height":200,"srcset":"https:\/\/i0.wp.com\/zeromagazine.mx\/wp-content\/uploads\/2025\/06\/IMG_4699-scaled.jpeg?fit=625%2C1200&ssl=1&resize=350%2C200 1x, https:\/\/i0.wp.com\/zeromagazine.mx\/wp-content\/uploads\/2025\/06\/IMG_4699-scaled.jpeg?fit=625%2C1200&ssl=1&resize=525%2C300 1.5x"},"classes":[]},{"id":100711,"url":"https:\/\/zeromagazine.mx\/index.php\/2025\/04\/07\/orgullo-que-impulsa-turismo\/","url_meta":{"origin":75577,"position":2},"title":"Orgullo que Impulsa Turismo","author":"David Morales","date":"7 de abril de 2025","format":false,"excerpt":"Amix, si algo tenemos clar\u00edsimo es que viajar siendo parte de la comunidad no siempre fue (ni es) tan f\u00e1cil. Pero las cosas est\u00e1n cambiando, y M\u00e9xico est\u00e1 tomando el liderazgo. En abril, la IGLTA (aka la International LGBTQ+ Travel Association) celebr\u00f3 por primera vez un simposio en nuestro pa\u00eds,\u2026","rel":"","context":"En \u00abViajes\u00bb","block_context":{"text":"Viajes","link":"https:\/\/zeromagazine.mx\/index.php\/category\/lugares\/"},"img":{"alt_text":"","src":"https:\/\/i0.wp.com\/zeromagazine.mx\/wp-content\/uploads\/2025\/04\/Captura-de-pantalla-2025-04-07-144750.png?fit=756%2C628&ssl=1&resize=350%2C200","width":350,"height":200,"srcset":"https:\/\/i0.wp.com\/zeromagazine.mx\/wp-content\/uploads\/2025\/04\/Captura-de-pantalla-2025-04-07-144750.png?fit=756%2C628&ssl=1&resize=350%2C200 1x, https:\/\/i0.wp.com\/zeromagazine.mx\/wp-content\/uploads\/2025\/04\/Captura-de-pantalla-2025-04-07-144750.png?fit=756%2C628&ssl=1&resize=525%2C300 1.5x, https:\/\/i0.wp.com\/zeromagazine.mx\/wp-content\/uploads\/2025\/04\/Captura-de-pantalla-2025-04-07-144750.png?fit=756%2C628&ssl=1&resize=700%2C400 2x"},"classes":[]},{"id":106115,"url":"https:\/\/zeromagazine.mx\/index.php\/2025\/06\/17\/el-pride-de-aribnb-vibra-en-cdmx\/","url_meta":{"origin":75577,"position":3},"title":"El Pride de Airbnb vibra en CDMX","author":"David Morales","date":"17 de junio de 2025","format":false,"excerpt":"Amix, ya se acerca el Pride y obvio no solo estamos pensando en el outfit m\u00e1s glitteroso para la marcha, sino tambi\u00e9n en c\u00f3mo hacer de este momento algo m\u00e1s grande. Y si t\u00fa y tu crew quieren armar el viaje m\u00e1s \u00e9pico de su vida, la neta es que\u2026","rel":"","context":"En \u00abViajes\u00bb","block_context":{"text":"Viajes","link":"https:\/\/zeromagazine.mx\/index.php\/category\/lugares\/"},"img":{"alt_text":"","src":"https:\/\/i0.wp.com\/zeromagazine.mx\/wp-content\/uploads\/2025\/06\/Airbnb2_250609.jpg?fit=960%2C625&ssl=1&resize=350%2C200","width":350,"height":200,"srcset":"https:\/\/i0.wp.com\/zeromagazine.mx\/wp-content\/uploads\/2025\/06\/Airbnb2_250609.jpg?fit=960%2C625&ssl=1&resize=350%2C200 1x, https:\/\/i0.wp.com\/zeromagazine.mx\/wp-content\/uploads\/2025\/06\/Airbnb2_250609.jpg?fit=960%2C625&ssl=1&resize=525%2C300 1.5x, https:\/\/i0.wp.com\/zeromagazine.mx\/wp-content\/uploads\/2025\/06\/Airbnb2_250609.jpg?fit=960%2C625&ssl=1&resize=700%2C400 2x"},"classes":[]},{"id":99469,"url":"https:\/\/zeromagazine.mx\/index.php\/2025\/03\/25\/vive-vallarta-sin-salir-de-cdmx-con-hilton\/","url_meta":{"origin":75577,"position":4},"title":"Vive Vallarta Sin Salir De CDMX","author":"David Morales","date":"25 de marzo de 2025","format":false,"excerpt":"Amix, si est\u00e1s so\u00f1ando con la playa pero la rutina no te deja escapar, \u00a1tengo la soluci\u00f3n perfecta! El Hilton Vallarta Riviera All-Inclusive Resort trajo la vibra de la costa directamente a la CDMX con su evento The Hilton Vallarta Riviera Experience en CDMX. \u00bfQu\u00e9 significa esto? B\u00e1sicamente, sentirte en\u2026","rel":"","context":"En \u00abViajes\u00bb","block_context":{"text":"Viajes","link":"https:\/\/zeromagazine.mx\/index.php\/category\/lugares\/"},"img":{"alt_text":"","src":"https:\/\/i0.wp.com\/zeromagazine.mx\/wp-content\/uploads\/2025\/03\/HILTON_VR_AI_1.jpg?fit=980%2C600&ssl=1&resize=350%2C200","width":350,"height":200,"srcset":"https:\/\/i0.wp.com\/zeromagazine.mx\/wp-content\/uploads\/2025\/03\/HILTON_VR_AI_1.jpg?fit=980%2C600&ssl=1&resize=350%2C200 1x, https:\/\/i0.wp.com\/zeromagazine.mx\/wp-content\/uploads\/2025\/03\/HILTON_VR_AI_1.jpg?fit=980%2C600&ssl=1&resize=525%2C300 1.5x, https:\/\/i0.wp.com\/zeromagazine.mx\/wp-content\/uploads\/2025\/03\/HILTON_VR_AI_1.jpg?fit=980%2C600&ssl=1&resize=700%2C400 2x"},"classes":[]},{"id":84768,"url":"https:\/\/zeromagazine.mx\/index.php\/2024\/09\/27\/puerto-vallarta-sol-playa-y-sazon\/","url_meta":{"origin":75577,"position":5},"title":"\u00abPuerto Vallarta: Sol, Playa y Saz\u00f3n\u00bb","author":"zeromagazinemx","date":"27 de septiembre de 2024","format":false,"excerpt":"\u00bfEst\u00e1s en busca de un lugar que combine vibes playeras, gastronom\u00eda deliciosa y un ambiente acogedor? Puerto Vallarta, Jalisco, es el destino perfecto. Este rinc\u00f3n del Pac\u00edfico mexicano no es solo un hotspot tur\u00edstico; se ha convertido en el hogar ideal para inversionistas y familias que quieren disfrutar de una\u2026","rel":"","context":"En \u00abViajes\u00bb","block_context":{"text":"Viajes","link":"https:\/\/zeromagazine.mx\/index.php\/category\/lugares\/"},"img":{"alt_text":"","src":"https:\/\/i0.wp.com\/zeromagazine.mx\/wp-content\/uploads\/2024\/09\/ZR-8-Disfrutar-el-Atardecer.jpg?fit=720%2C480&ssl=1&resize=350%2C200","width":350,"height":200,"srcset":"https:\/\/i0.wp.com\/zeromagazine.mx\/wp-content\/uploads\/2024\/09\/ZR-8-Disfrutar-el-Atardecer.jpg?fit=720%2C480&ssl=1&resize=350%2C200 1x, https:\/\/i0.wp.com\/zeromagazine.mx\/wp-content\/uploads\/2024\/09\/ZR-8-Disfrutar-el-Atardecer.jpg?fit=720%2C480&ssl=1&resize=525%2C300 1.5x, https:\/\/i0.wp.com\/zeromagazine.mx\/wp-content\/uploads\/2024\/09\/ZR-8-Disfrutar-el-Atardecer.jpg?fit=720%2C480&ssl=1&resize=700%2C400 2x"},"classes":[]}],"jetpack_sharing_enabled":true,"builder_content":"","_links":{"self":[{"href":"https:\/\/zeromagazine.mx\/index.php\/wp-json\/wp\/v2\/posts\/75577","targetHints":{"allow":["GET"]}}],"collection":[{"href":"https:\/\/zeromagazine.mx\/index.php\/wp-json\/wp\/v2\/posts"}],"about":[{"href":"https:\/\/zeromagazine.mx\/index.php\/wp-json\/wp\/v2\/types\/post"}],"author":[{"embeddable":true,"href":"https:\/\/zeromagazine.mx\/index.php\/wp-json\/wp\/v2\/users\/2"}],"replies":[{"embeddable":true,"href":"https:\/\/zeromagazine.mx\/index.php\/wp-json\/wp\/v2\/comments?post=75577"}],"version-history":[{"count":2,"href":"https:\/\/zeromagazine.mx\/index.php\/wp-json\/wp\/v2\/posts\/75577\/revisions"}],"predecessor-version":[{"id":75586,"href":"https:\/\/zeromagazine.mx\/index.php\/wp-json\/wp\/v2\/posts\/75577\/revisions\/75586"}],"wp:featuredmedia":[{"embeddable":true,"href":"https:\/\/zeromagazine.mx\/index.php\/wp-json\/wp\/v2\/media\/75585"}],"wp:attachment":[{"href":"https:\/\/zeromagazine.mx\/index.php\/wp-json\/wp\/v2\/media?parent=75577"}],"wp:term":[{"taxonomy":"category","embeddable":true,"href":"https:\/\/zeromagazine.mx\/index.php\/wp-json\/wp\/v2\/categories?post=75577"},{"taxonomy":"post_tag","embeddable":true,"href":"https:\/\/zeromagazine.mx\/index.php\/wp-json\/wp\/v2\/tags?post=75577"}],"curies":[{"name":"wp","href":"https:\/\/api.w.org\/{rel}","templated":true}]}}