{"id":75652,"date":"2024-05-07T23:30:00","date_gmt":"2024-05-07T21:30:00","guid":{"rendered":"https:\/\/zeromagazine.mx\/?p=75652"},"modified":"2024-05-07T22:34:06","modified_gmt":"2024-05-07T20:34:06","slug":"belinda-y-pandora-celebran-la-familia","status":"publish","type":"post","link":"https:\/\/zeromagazine.mx\/index.php\/2024\/05\/07\/belinda-y-pandora-celebran-la-familia\/","title":{"rendered":"Belinda y Pandora: Celebran la Familia"},"content":{"rendered":"<p>En el \u00faltimo episodio de \u00abMy Story x Pandora\u00bb, Belinda nos cuenta c\u00f3mo los lazos familiares moldean nuestra vida y nuestro estilo a trav\u00e9s de las joyas de la marca.<\/p>\n\n\n\n<script async src=\"https:\/\/pagead2.googlesyndication.com\/pagead\/js\/adsbygoogle.js?client=ca-pub-5499304793904745\"\n     crossorigin=\"anonymous\"><\/script>\n<ins class=\"adsbygoogle\"\n     style=\"display:block; text-align:center;\"\n     data-ad-layout=\"in-article\"\n     data-ad-format=\"fluid\"\n     data-ad-client=\"ca-pub-5499304793904745\"\n     data-ad-slot=\"5994863093\"><\/ins>\n<script>\n     (adsbygoogle = window.adsbygoogle || []).push({});\n<\/script>\n\n\n\n<p>Ahora, echemos un vistazo m\u00e1s de cerca a lo que Belinda comparte con nosotros. Primero que nada, nos habla de c\u00f3mo la familia es su roca, su apoyo, su todo. \u00bfNo les parece genial? Y algo que me lleg\u00f3 muy adentro es cuando menciona a sus mascotas como parte de su familia. \u00bfAlguna vez han sentido esa conexi\u00f3n profunda con un animalito?<\/p>\n\n\n\n<figure class=\"wp-block-image size-large\"><img data-recalc-dims=\"1\" decoding=\"async\" width=\"1024\" height=\"683\" src=\"https:\/\/i0.wp.com\/zeromagazine.mx\/wp-content\/uploads\/2024\/05\/ALX_7781-1024x683.jpg?resize=1024%2C683&#038;ssl=1\" alt=\"\" class=\"wp-image-75653\" srcset=\"https:\/\/i0.wp.com\/zeromagazine.mx\/wp-content\/uploads\/2024\/05\/ALX_7781-scaled.jpg?resize=1024%2C683&amp;ssl=1 1024w, https:\/\/i0.wp.com\/zeromagazine.mx\/wp-content\/uploads\/2024\/05\/ALX_7781-scaled.jpg?resize=300%2C200&amp;ssl=1 300w, https:\/\/i0.wp.com\/zeromagazine.mx\/wp-content\/uploads\/2024\/05\/ALX_7781-scaled.jpg?resize=768%2C512&amp;ssl=1 768w, https:\/\/i0.wp.com\/zeromagazine.mx\/wp-content\/uploads\/2024\/05\/ALX_7781-scaled.jpg?resize=1536%2C1024&amp;ssl=1 1536w, https:\/\/i0.wp.com\/zeromagazine.mx\/wp-content\/uploads\/2024\/05\/ALX_7781-scaled.jpg?resize=2048%2C1365&amp;ssl=1 2048w, https:\/\/i0.wp.com\/zeromagazine.mx\/wp-content\/uploads\/2024\/05\/ALX_7781-scaled.jpg?w=2330 2330w\" sizes=\"(max-width: 1024px) 100vw, 1024px\" \/><\/figure>\n\n\n\n<p><\/p>\n\n\n\n<p>Adem\u00e1s, Beli nos invita a reflexionar sobre la importancia de celebrar a quienes forman parte de nuestra familia, no solo en el D\u00eda de las Madres, sino todos los d\u00edas. La familia no se trata solo de sangre, sino de aquellos que nos aman y nos cuidan incondicionalmente.<\/p>\n\n\n\n<script async src=\"https:\/\/pagead2.googlesyndication.com\/pagead\/js\/adsbygoogle.js?client=ca-pub-5499304793904745\"\n     crossorigin=\"anonymous\"><\/script>\n<ins class=\"adsbygoogle\"\n     style=\"display:block; text-align:center;\"\n     data-ad-layout=\"in-article\"\n     data-ad-format=\"fluid\"\n     data-ad-client=\"ca-pub-5499304793904745\"\n     data-ad-slot=\"5994863093\"><\/ins>\n<script>\n     (adsbygoogle = window.adsbygoogle || []).push({});\n<\/script>\n\n\n\n<p>Y hablando de celebrar, \u00bfqu\u00e9 les parece si le damos un vistazo a las joyas de Pandora? Cada pieza es como un cap\u00edtulo \u00fanico de nuestra historia, \u00bfno creen? Desde brazaletes de charms que cuentan nuestro cari\u00f1o hasta anillos que brillan con cada movimiento, hay algo para cada estilo y cada ocasi\u00f3n.<\/p>\n\n\n\n<figure class=\"wp-block-image size-large\"><img data-recalc-dims=\"1\" decoding=\"async\" width=\"1024\" height=\"683\" src=\"https:\/\/i0.wp.com\/zeromagazine.mx\/wp-content\/uploads\/2024\/05\/ALX_7763-1024x683.jpg?resize=1024%2C683&#038;ssl=1\" alt=\"\" class=\"wp-image-75654\" srcset=\"https:\/\/i0.wp.com\/zeromagazine.mx\/wp-content\/uploads\/2024\/05\/ALX_7763-scaled.jpg?resize=1024%2C683&amp;ssl=1 1024w, https:\/\/i0.wp.com\/zeromagazine.mx\/wp-content\/uploads\/2024\/05\/ALX_7763-scaled.jpg?resize=300%2C200&amp;ssl=1 300w, https:\/\/i0.wp.com\/zeromagazine.mx\/wp-content\/uploads\/2024\/05\/ALX_7763-scaled.jpg?resize=768%2C512&amp;ssl=1 768w, https:\/\/i0.wp.com\/zeromagazine.mx\/wp-content\/uploads\/2024\/05\/ALX_7763-scaled.jpg?resize=1536%2C1024&amp;ssl=1 1536w, https:\/\/i0.wp.com\/zeromagazine.mx\/wp-content\/uploads\/2024\/05\/ALX_7763-scaled.jpg?resize=2048%2C1365&amp;ssl=1 2048w, https:\/\/i0.wp.com\/zeromagazine.mx\/wp-content\/uploads\/2024\/05\/ALX_7763-scaled.jpg?w=2330 2330w\" sizes=\"(max-width: 1024px) 100vw, 1024px\" \/><\/figure>\n\n\n\n<p><\/p>\n\n\n\n<p>Por \u00faltimo, quiero compartir con ustedes una reflexi\u00f3n de Belinda que me lleg\u00f3 al coraz\u00f3n: estar agradecido por los momentos preciosos con nuestra familia y por tener joyas que nos permiten llevar esos recuerdos con nosotres.<\/p>\n\n\n\n<script async src=\"https:\/\/pagead2.googlesyndication.com\/pagead\/js\/adsbygoogle.js?client=ca-pub-5499304793904745\"\n     crossorigin=\"anonymous\"><\/script>\n<ins class=\"adsbygoogle\"\n     style=\"display:block; text-align:center;\"\n     data-ad-layout=\"in-article\"\n     data-ad-format=\"fluid\"\n     data-ad-client=\"ca-pub-5499304793904745\"\n     data-ad-slot=\"5994863093\"><\/ins>\n<script>\n     (adsbygoogle = window.adsbygoogle || []).push({});\n<\/script>\n\n\n\n<p>Este D\u00eda de las Madres, celebremos el amor, la familia y las historias que nos hacen quienes somos. Visiten Pandora y encuentren el regalo perfecto que diga \u00abTe amo, te valoro y celebro todo lo que eres\u00bb. Porque, al final del d\u00eda, cada joya cuenta algo de ti. <\/p>\n\n\n\n<div class=\"wp-block-jetpack-slideshow aligncenter\" data-effect=\"slide\"><div class=\"wp-block-jetpack-slideshow_container swiper-container\"><ul class=\"wp-block-jetpack-slideshow_swiper-wrapper swiper-wrapper\"><li class=\"wp-block-jetpack-slideshow_slide swiper-slide\"><figure><img data-recalc-dims=\"1\" decoding=\"async\" width=\"1000\" height=\"1000\" alt=\"\" class=\"wp-block-jetpack-slideshow_image wp-image-75656\" data-id=\"75656\" src=\"https:\/\/i0.wp.com\/zeromagazine.mx\/wp-content\/uploads\/2024\/05\/783236C01.png?resize=1000%2C1000\" srcset=\"https:\/\/i0.wp.com\/zeromagazine.mx\/wp-content\/uploads\/2024\/05\/783236C01.png?w=1000&amp;ssl=1 1000w, https:\/\/i0.wp.com\/zeromagazine.mx\/wp-content\/uploads\/2024\/05\/783236C01.png?resize=300%2C300&amp;ssl=1 300w, https:\/\/i0.wp.com\/zeromagazine.mx\/wp-content\/uploads\/2024\/05\/783236C01.png?resize=150%2C150&amp;ssl=1 150w, https:\/\/i0.wp.com\/zeromagazine.mx\/wp-content\/uploads\/2024\/05\/783236C01.png?resize=768%2C768&amp;ssl=1 768w\" sizes=\"(max-width: 1000px) 100vw, 1000px\" \/><\/figure><\/li><li class=\"wp-block-jetpack-slideshow_slide swiper-slide\"><figure><img data-recalc-dims=\"1\" decoding=\"async\" width=\"1000\" height=\"1000\" alt=\"\" class=\"wp-block-jetpack-slideshow_image wp-image-75657\" data-id=\"75657\" src=\"https:\/\/i0.wp.com\/zeromagazine.mx\/wp-content\/uploads\/2024\/05\/293219C01.png?resize=1000%2C1000\" srcset=\"https:\/\/i0.wp.com\/zeromagazine.mx\/wp-content\/uploads\/2024\/05\/293219C01.png?w=1000&amp;ssl=1 1000w, https:\/\/i0.wp.com\/zeromagazine.mx\/wp-content\/uploads\/2024\/05\/293219C01.png?resize=300%2C300&amp;ssl=1 300w, https:\/\/i0.wp.com\/zeromagazine.mx\/wp-content\/uploads\/2024\/05\/293219C01.png?resize=150%2C150&amp;ssl=1 150w, https:\/\/i0.wp.com\/zeromagazine.mx\/wp-content\/uploads\/2024\/05\/293219C01.png?resize=768%2C768&amp;ssl=1 768w\" sizes=\"(max-width: 1000px) 100vw, 1000px\" \/><\/figure><\/li><li class=\"wp-block-jetpack-slideshow_slide swiper-slide\"><figure><img data-recalc-dims=\"1\" decoding=\"async\" width=\"1000\" height=\"1000\" alt=\"\" class=\"wp-block-jetpack-slideshow_image wp-image-75659\" data-id=\"75659\" src=\"https:\/\/i0.wp.com\/zeromagazine.mx\/wp-content\/uploads\/2024\/05\/793200C01.png?resize=1000%2C1000\" srcset=\"https:\/\/i0.wp.com\/zeromagazine.mx\/wp-content\/uploads\/2024\/05\/793200C01.png?w=1000&amp;ssl=1 1000w, https:\/\/i0.wp.com\/zeromagazine.mx\/wp-content\/uploads\/2024\/05\/793200C01.png?resize=300%2C300&amp;ssl=1 300w, https:\/\/i0.wp.com\/zeromagazine.mx\/wp-content\/uploads\/2024\/05\/793200C01.png?resize=150%2C150&amp;ssl=1 150w, https:\/\/i0.wp.com\/zeromagazine.mx\/wp-content\/uploads\/2024\/05\/793200C01.png?resize=768%2C768&amp;ssl=1 768w\" sizes=\"(max-width: 1000px) 100vw, 1000px\" \/><\/figure><\/li><li class=\"wp-block-jetpack-slideshow_slide swiper-slide\"><figure><img data-recalc-dims=\"1\" decoding=\"async\" width=\"1000\" height=\"1000\" alt=\"\" class=\"wp-block-jetpack-slideshow_image wp-image-75660\" data-id=\"75660\" src=\"https:\/\/i0.wp.com\/zeromagazine.mx\/wp-content\/uploads\/2024\/05\/763237C01.png?resize=1000%2C1000\" srcset=\"https:\/\/i0.wp.com\/zeromagazine.mx\/wp-content\/uploads\/2024\/05\/763237C01.png?w=1000&amp;ssl=1 1000w, https:\/\/i0.wp.com\/zeromagazine.mx\/wp-content\/uploads\/2024\/05\/763237C01.png?resize=300%2C300&amp;ssl=1 300w, https:\/\/i0.wp.com\/zeromagazine.mx\/wp-content\/uploads\/2024\/05\/763237C01.png?resize=150%2C150&amp;ssl=1 150w, https:\/\/i0.wp.com\/zeromagazine.mx\/wp-content\/uploads\/2024\/05\/763237C01.png?resize=768%2C768&amp;ssl=1 768w\" sizes=\"(max-width: 1000px) 100vw, 1000px\" \/><\/figure><\/li><li class=\"wp-block-jetpack-slideshow_slide swiper-slide\"><figure><img data-recalc-dims=\"1\" decoding=\"async\" width=\"1000\" height=\"1000\" alt=\"\" class=\"wp-block-jetpack-slideshow_image wp-image-75658\" data-id=\"75658\" src=\"https:\/\/i0.wp.com\/zeromagazine.mx\/wp-content\/uploads\/2024\/05\/362666C01.png?resize=1000%2C1000\" srcset=\"https:\/\/i0.wp.com\/zeromagazine.mx\/wp-content\/uploads\/2024\/05\/362666C01.png?w=1000&amp;ssl=1 1000w, https:\/\/i0.wp.com\/zeromagazine.mx\/wp-content\/uploads\/2024\/05\/362666C01.png?resize=300%2C300&amp;ssl=1 300w, https:\/\/i0.wp.com\/zeromagazine.mx\/wp-content\/uploads\/2024\/05\/362666C01.png?resize=150%2C150&amp;ssl=1 150w, https:\/\/i0.wp.com\/zeromagazine.mx\/wp-content\/uploads\/2024\/05\/362666C01.png?resize=768%2C768&amp;ssl=1 768w\" sizes=\"(max-width: 1000px) 100vw, 1000px\" \/><\/figure><\/li><li class=\"wp-block-jetpack-slideshow_slide swiper-slide\"><figure><img data-recalc-dims=\"1\" decoding=\"async\" width=\"1000\" height=\"1000\" alt=\"\" class=\"wp-block-jetpack-slideshow_image wp-image-75655\" data-id=\"75655\" src=\"https:\/\/i0.wp.com\/zeromagazine.mx\/wp-content\/uploads\/2024\/05\/793213C00.png?resize=1000%2C1000\" srcset=\"https:\/\/i0.wp.com\/zeromagazine.mx\/wp-content\/uploads\/2024\/05\/793213C00.png?w=1000&amp;ssl=1 1000w, https:\/\/i0.wp.com\/zeromagazine.mx\/wp-content\/uploads\/2024\/05\/793213C00.png?resize=300%2C300&amp;ssl=1 300w, https:\/\/i0.wp.com\/zeromagazine.mx\/wp-content\/uploads\/2024\/05\/793213C00.png?resize=150%2C150&amp;ssl=1 150w, https:\/\/i0.wp.com\/zeromagazine.mx\/wp-content\/uploads\/2024\/05\/793213C00.png?resize=768%2C768&amp;ssl=1 768w\" sizes=\"(max-width: 1000px) 100vw, 1000px\" \/><\/figure><\/li><\/ul><a class=\"wp-block-jetpack-slideshow_button-prev swiper-button-prev swiper-button-white\" role=\"button\"><\/a><a class=\"wp-block-jetpack-slideshow_button-next swiper-button-next swiper-button-white\" role=\"button\"><\/a><a aria-label=\"Pause Slideshow\" class=\"wp-block-jetpack-slideshow_button-pause\" role=\"button\"><\/a><div class=\"wp-block-jetpack-slideshow_pagination swiper-pagination swiper-pagination-white\"><\/div><\/div><\/div>\n\n<!--themify_builder_content-->\n<div id=\"themify_builder_content-75652\" data-postid=\"75652\" class=\"themify_builder_content themify_builder_content-75652 themify_builder tf_clear\">\n    <\/div>\n<!--\/themify_builder_content-->","protected":false},"excerpt":{"rendered":"<p>En el \u00faltimo episodio de \u00abMy Story x Pandora\u00bb, Belinda nos cuenta c\u00f3mo los lazos familiares moldean nuestra vida y nuestro estilo a trav\u00e9s de las joyas de la marca. Ahora, echemos un vistazo m\u00e1s de cerca a lo que Belinda comparte con nosotros. Primero que nada, nos habla de c\u00f3mo la familia es su [&hellip;]<\/p>\n","protected":false},"author":2,"featured_media":75662,"comment_status":"open","ping_status":"open","sticky":false,"template":"","format":"standard","meta":{"_jetpack_memberships_contains_paid_content":false,"footnotes":"","jetpack_publicize_message":"","jetpack_publicize_feature_enabled":true,"jetpack_social_post_already_shared":true,"jetpack_social_options":{"image_generator_settings":{"template":"highway","default_image_id":0,"font":"","enabled":false},"version":2}},"categories":[67],"tags":[1997,2229,7369,7315,1732],"class_list":["post-75652","post","type-post","status-publish","format-standard","has-post-thumbnail","hentry","category-moda","tag-accesorios","tag-belinda","tag-dia-de-las-madres","tag-joyas","tag-pandora","has-post-title","has-post-date","has-post-category","has-post-tag","has-post-comment","has-post-author",""],"yoast_head":"<!-- This site is optimized with the Yoast SEO plugin v27.5 - https:\/\/yoast.com\/product\/yoast-seo-wordpress\/ -->\n<title>Belinda y Pandora: Celebran la Familia - Zero Magazine<\/title>\n<meta name=\"robots\" content=\"index, follow, max-snippet:-1, max-image-preview:large, max-video-preview:-1\" \/>\n<link rel=\"canonical\" href=\"https:\/\/zeromagazine.mx\/index.php\/2024\/05\/07\/belinda-y-pandora-celebran-la-familia\/\" \/>\n<meta property=\"og:locale\" content=\"es_ES\" \/>\n<meta property=\"og:type\" content=\"article\" \/>\n<meta property=\"og:title\" content=\"Belinda y Pandora: Celebran la Familia - Zero Magazine\" \/>\n<meta property=\"og:description\" content=\"En el \u00faltimo episodio de \u00abMy Story x Pandora\u00bb, Belinda nos cuenta c\u00f3mo los lazos familiares moldean nuestra vida y nuestro estilo a trav\u00e9s de las joyas de la marca. Ahora, echemos un vistazo m\u00e1s de cerca a lo que Belinda comparte con nosotros. Primero que nada, nos habla de c\u00f3mo la familia es su [&hellip;]\" \/>\n<meta property=\"og:url\" content=\"https:\/\/zeromagazine.mx\/index.php\/2024\/05\/07\/belinda-y-pandora-celebran-la-familia\/\" \/>\n<meta property=\"og:site_name\" content=\"Zero Magazine\" \/>\n<meta property=\"article:published_time\" content=\"2024-05-07T21:30:00+00:00\" \/>\n<meta property=\"og:image\" content=\"https:\/\/i0.wp.com\/zeromagazine.mx\/wp-content\/uploads\/2024\/05\/ALX_7773-scaled.jpg?fit=2560%2C1707&ssl=1\" \/>\n\t<meta property=\"og:image:width\" content=\"2560\" \/>\n\t<meta property=\"og:image:height\" content=\"1707\" \/>\n\t<meta property=\"og:image:type\" content=\"image\/jpeg\" \/>\n<meta name=\"author\" content=\"zeromagazinemx\" \/>\n<meta name=\"twitter:card\" content=\"summary_large_image\" \/>\n<meta name=\"twitter:label1\" content=\"Escrito por\" \/>\n\t<meta name=\"twitter:data1\" content=\"zeromagazinemx\" \/>\n\t<meta name=\"twitter:label2\" content=\"Tiempo de lectura\" \/>\n\t<meta name=\"twitter:data2\" content=\"1 minuto\" \/>\n<script type=\"application\/ld+json\" class=\"yoast-schema-graph\">{\"@context\":\"https:\\\/\\\/schema.org\",\"@graph\":[{\"@type\":\"Article\",\"@id\":\"https:\\\/\\\/zeromagazine.mx\\\/index.php\\\/2024\\\/05\\\/07\\\/belinda-y-pandora-celebran-la-familia\\\/#article\",\"isPartOf\":{\"@id\":\"https:\\\/\\\/zeromagazine.mx\\\/index.php\\\/2024\\\/05\\\/07\\\/belinda-y-pandora-celebran-la-familia\\\/\"},\"author\":{\"name\":\"zeromagazinemx\",\"@id\":\"https:\\\/\\\/zeromagazine.mx\\\/#\\\/schema\\\/person\\\/9aed9f33a7c39af3a348b86d723f7773\"},\"headline\":\"Belinda y Pandora: Celebran la Familia\",\"datePublished\":\"2024-05-07T21:30:00+00:00\",\"mainEntityOfPage\":{\"@id\":\"https:\\\/\\\/zeromagazine.mx\\\/index.php\\\/2024\\\/05\\\/07\\\/belinda-y-pandora-celebran-la-familia\\\/\"},\"wordCount\":297,\"commentCount\":0,\"publisher\":{\"@id\":\"https:\\\/\\\/zeromagazine.mx\\\/#organization\"},\"image\":{\"@id\":\"https:\\\/\\\/zeromagazine.mx\\\/index.php\\\/2024\\\/05\\\/07\\\/belinda-y-pandora-celebran-la-familia\\\/#primaryimage\"},\"thumbnailUrl\":\"https:\\\/\\\/i0.wp.com\\\/zeromagazine.mx\\\/wp-content\\\/uploads\\\/2024\\\/05\\\/ALX_7773-scaled.jpg?fit=2560%2C1707&ssl=1\",\"keywords\":[\"Accesorios\",\"Belinda\",\"D\u00eda de las Madres\",\"Joyas\",\"Pandora\"],\"articleSection\":[\"Moda\"],\"inLanguage\":\"es\",\"potentialAction\":[{\"@type\":\"CommentAction\",\"name\":\"Comment\",\"target\":[\"https:\\\/\\\/zeromagazine.mx\\\/index.php\\\/2024\\\/05\\\/07\\\/belinda-y-pandora-celebran-la-familia\\\/#respond\"]}]},{\"@type\":\"WebPage\",\"@id\":\"https:\\\/\\\/zeromagazine.mx\\\/index.php\\\/2024\\\/05\\\/07\\\/belinda-y-pandora-celebran-la-familia\\\/\",\"url\":\"https:\\\/\\\/zeromagazine.mx\\\/index.php\\\/2024\\\/05\\\/07\\\/belinda-y-pandora-celebran-la-familia\\\/\",\"name\":\"Belinda y Pandora: Celebran la Familia - Zero Magazine\",\"isPartOf\":{\"@id\":\"https:\\\/\\\/zeromagazine.mx\\\/#website\"},\"primaryImageOfPage\":{\"@id\":\"https:\\\/\\\/zeromagazine.mx\\\/index.php\\\/2024\\\/05\\\/07\\\/belinda-y-pandora-celebran-la-familia\\\/#primaryimage\"},\"image\":{\"@id\":\"https:\\\/\\\/zeromagazine.mx\\\/index.php\\\/2024\\\/05\\\/07\\\/belinda-y-pandora-celebran-la-familia\\\/#primaryimage\"},\"thumbnailUrl\":\"https:\\\/\\\/i0.wp.com\\\/zeromagazine.mx\\\/wp-content\\\/uploads\\\/2024\\\/05\\\/ALX_7773-scaled.jpg?fit=2560%2C1707&ssl=1\",\"datePublished\":\"2024-05-07T21:30:00+00:00\",\"breadcrumb\":{\"@id\":\"https:\\\/\\\/zeromagazine.mx\\\/index.php\\\/2024\\\/05\\\/07\\\/belinda-y-pandora-celebran-la-familia\\\/#breadcrumb\"},\"inLanguage\":\"es\",\"potentialAction\":[{\"@type\":\"ReadAction\",\"target\":[\"https:\\\/\\\/zeromagazine.mx\\\/index.php\\\/2024\\\/05\\\/07\\\/belinda-y-pandora-celebran-la-familia\\\/\"]}]},{\"@type\":\"ImageObject\",\"inLanguage\":\"es\",\"@id\":\"https:\\\/\\\/zeromagazine.mx\\\/index.php\\\/2024\\\/05\\\/07\\\/belinda-y-pandora-celebran-la-familia\\\/#primaryimage\",\"url\":\"https:\\\/\\\/i0.wp.com\\\/zeromagazine.mx\\\/wp-content\\\/uploads\\\/2024\\\/05\\\/ALX_7773-scaled.jpg?fit=2560%2C1707&ssl=1\",\"contentUrl\":\"https:\\\/\\\/i0.wp.com\\\/zeromagazine.mx\\\/wp-content\\\/uploads\\\/2024\\\/05\\\/ALX_7773-scaled.jpg?fit=2560%2C1707&ssl=1\",\"width\":2560,\"height\":1707},{\"@type\":\"BreadcrumbList\",\"@id\":\"https:\\\/\\\/zeromagazine.mx\\\/index.php\\\/2024\\\/05\\\/07\\\/belinda-y-pandora-celebran-la-familia\\\/#breadcrumb\",\"itemListElement\":[{\"@type\":\"ListItem\",\"position\":1,\"name\":\"Portada\",\"item\":\"https:\\\/\\\/zeromagazine.mx\\\/\"},{\"@type\":\"ListItem\",\"position\":2,\"name\":\"Belinda y Pandora: Celebran la Familia\"}]},{\"@type\":\"WebSite\",\"@id\":\"https:\\\/\\\/zeromagazine.mx\\\/#website\",\"url\":\"https:\\\/\\\/zeromagazine.mx\\\/\",\"name\":\"Zero Magazine\",\"description\":\"\",\"publisher\":{\"@id\":\"https:\\\/\\\/zeromagazine.mx\\\/#organization\"},\"potentialAction\":[{\"@type\":\"SearchAction\",\"target\":{\"@type\":\"EntryPoint\",\"urlTemplate\":\"https:\\\/\\\/zeromagazine.mx\\\/?s={search_term_string}\"},\"query-input\":{\"@type\":\"PropertyValueSpecification\",\"valueRequired\":true,\"valueName\":\"search_term_string\"}}],\"inLanguage\":\"es\"},{\"@type\":\"Organization\",\"@id\":\"https:\\\/\\\/zeromagazine.mx\\\/#organization\",\"name\":\"Zero Magazine\",\"url\":\"https:\\\/\\\/zeromagazine.mx\\\/\",\"logo\":{\"@type\":\"ImageObject\",\"inLanguage\":\"es\",\"@id\":\"https:\\\/\\\/zeromagazine.mx\\\/#\\\/schema\\\/logo\\\/image\\\/\",\"url\":\"https:\\\/\\\/i0.wp.com\\\/zeromagazine.mx\\\/wp-content\\\/uploads\\\/2025\\\/11\\\/1.jpeg?fit=1000%2C1000&ssl=1\",\"contentUrl\":\"https:\\\/\\\/i0.wp.com\\\/zeromagazine.mx\\\/wp-content\\\/uploads\\\/2025\\\/11\\\/1.jpeg?fit=1000%2C1000&ssl=1\",\"width\":1000,\"height\":1000,\"caption\":\"Zero Magazine\"},\"image\":{\"@id\":\"https:\\\/\\\/zeromagazine.mx\\\/#\\\/schema\\\/logo\\\/image\\\/\"},\"sameAs\":[\"https:\\\/\\\/instagram.com\\\/zeromagazinemx\"]},{\"@type\":\"Person\",\"@id\":\"https:\\\/\\\/zeromagazine.mx\\\/#\\\/schema\\\/person\\\/9aed9f33a7c39af3a348b86d723f7773\",\"name\":\"zeromagazinemx\",\"image\":{\"@type\":\"ImageObject\",\"inLanguage\":\"es\",\"@id\":\"https:\\\/\\\/zeromagazine.mx\\\/wp-content\\\/litespeed\\\/avatar\\\/f91dfe5410d5dcb1a576bf8c45983896.jpg?ver=1777571230\",\"url\":\"https:\\\/\\\/zeromagazine.mx\\\/wp-content\\\/litespeed\\\/avatar\\\/f91dfe5410d5dcb1a576bf8c45983896.jpg?ver=1777571230\",\"contentUrl\":\"https:\\\/\\\/zeromagazine.mx\\\/wp-content\\\/litespeed\\\/avatar\\\/f91dfe5410d5dcb1a576bf8c45983896.jpg?ver=1777571230\",\"caption\":\"zeromagazinemx\"},\"url\":\"https:\\\/\\\/zeromagazine.mx\\\/index.php\\\/author\\\/zeromagazinemx\\\/\"}]}<\/script>\n<!-- \/ Yoast SEO plugin. -->","yoast_head_json":{"title":"Belinda y Pandora: Celebran la Familia - Zero Magazine","robots":{"index":"index","follow":"follow","max-snippet":"max-snippet:-1","max-image-preview":"max-image-preview:large","max-video-preview":"max-video-preview:-1"},"canonical":"https:\/\/zeromagazine.mx\/index.php\/2024\/05\/07\/belinda-y-pandora-celebran-la-familia\/","og_locale":"es_ES","og_type":"article","og_title":"Belinda y Pandora: Celebran la Familia - Zero Magazine","og_description":"En el \u00faltimo episodio de \u00abMy Story x Pandora\u00bb, Belinda nos cuenta c\u00f3mo los lazos familiares moldean nuestra vida y nuestro estilo a trav\u00e9s de las joyas de la marca. Ahora, echemos un vistazo m\u00e1s de cerca a lo que Belinda comparte con nosotros. Primero que nada, nos habla de c\u00f3mo la familia es su [&hellip;]","og_url":"https:\/\/zeromagazine.mx\/index.php\/2024\/05\/07\/belinda-y-pandora-celebran-la-familia\/","og_site_name":"Zero Magazine","article_published_time":"2024-05-07T21:30:00+00:00","og_image":[{"width":2560,"height":1707,"url":"https:\/\/i0.wp.com\/zeromagazine.mx\/wp-content\/uploads\/2024\/05\/ALX_7773-scaled.jpg?fit=2560%2C1707&ssl=1","type":"image\/jpeg"}],"author":"zeromagazinemx","twitter_card":"summary_large_image","twitter_misc":{"Escrito por":"zeromagazinemx","Tiempo de lectura":"1 minuto"},"schema":{"@context":"https:\/\/schema.org","@graph":[{"@type":"Article","@id":"https:\/\/zeromagazine.mx\/index.php\/2024\/05\/07\/belinda-y-pandora-celebran-la-familia\/#article","isPartOf":{"@id":"https:\/\/zeromagazine.mx\/index.php\/2024\/05\/07\/belinda-y-pandora-celebran-la-familia\/"},"author":{"name":"zeromagazinemx","@id":"https:\/\/zeromagazine.mx\/#\/schema\/person\/9aed9f33a7c39af3a348b86d723f7773"},"headline":"Belinda y Pandora: Celebran la Familia","datePublished":"2024-05-07T21:30:00+00:00","mainEntityOfPage":{"@id":"https:\/\/zeromagazine.mx\/index.php\/2024\/05\/07\/belinda-y-pandora-celebran-la-familia\/"},"wordCount":297,"commentCount":0,"publisher":{"@id":"https:\/\/zeromagazine.mx\/#organization"},"image":{"@id":"https:\/\/zeromagazine.mx\/index.php\/2024\/05\/07\/belinda-y-pandora-celebran-la-familia\/#primaryimage"},"thumbnailUrl":"https:\/\/i0.wp.com\/zeromagazine.mx\/wp-content\/uploads\/2024\/05\/ALX_7773-scaled.jpg?fit=2560%2C1707&ssl=1","keywords":["Accesorios","Belinda","D\u00eda de las Madres","Joyas","Pandora"],"articleSection":["Moda"],"inLanguage":"es","potentialAction":[{"@type":"CommentAction","name":"Comment","target":["https:\/\/zeromagazine.mx\/index.php\/2024\/05\/07\/belinda-y-pandora-celebran-la-familia\/#respond"]}]},{"@type":"WebPage","@id":"https:\/\/zeromagazine.mx\/index.php\/2024\/05\/07\/belinda-y-pandora-celebran-la-familia\/","url":"https:\/\/zeromagazine.mx\/index.php\/2024\/05\/07\/belinda-y-pandora-celebran-la-familia\/","name":"Belinda y Pandora: Celebran la Familia - Zero Magazine","isPartOf":{"@id":"https:\/\/zeromagazine.mx\/#website"},"primaryImageOfPage":{"@id":"https:\/\/zeromagazine.mx\/index.php\/2024\/05\/07\/belinda-y-pandora-celebran-la-familia\/#primaryimage"},"image":{"@id":"https:\/\/zeromagazine.mx\/index.php\/2024\/05\/07\/belinda-y-pandora-celebran-la-familia\/#primaryimage"},"thumbnailUrl":"https:\/\/i0.wp.com\/zeromagazine.mx\/wp-content\/uploads\/2024\/05\/ALX_7773-scaled.jpg?fit=2560%2C1707&ssl=1","datePublished":"2024-05-07T21:30:00+00:00","breadcrumb":{"@id":"https:\/\/zeromagazine.mx\/index.php\/2024\/05\/07\/belinda-y-pandora-celebran-la-familia\/#breadcrumb"},"inLanguage":"es","potentialAction":[{"@type":"ReadAction","target":["https:\/\/zeromagazine.mx\/index.php\/2024\/05\/07\/belinda-y-pandora-celebran-la-familia\/"]}]},{"@type":"ImageObject","inLanguage":"es","@id":"https:\/\/zeromagazine.mx\/index.php\/2024\/05\/07\/belinda-y-pandora-celebran-la-familia\/#primaryimage","url":"https:\/\/i0.wp.com\/zeromagazine.mx\/wp-content\/uploads\/2024\/05\/ALX_7773-scaled.jpg?fit=2560%2C1707&ssl=1","contentUrl":"https:\/\/i0.wp.com\/zeromagazine.mx\/wp-content\/uploads\/2024\/05\/ALX_7773-scaled.jpg?fit=2560%2C1707&ssl=1","width":2560,"height":1707},{"@type":"BreadcrumbList","@id":"https:\/\/zeromagazine.mx\/index.php\/2024\/05\/07\/belinda-y-pandora-celebran-la-familia\/#breadcrumb","itemListElement":[{"@type":"ListItem","position":1,"name":"Portada","item":"https:\/\/zeromagazine.mx\/"},{"@type":"ListItem","position":2,"name":"Belinda y Pandora: Celebran la Familia"}]},{"@type":"WebSite","@id":"https:\/\/zeromagazine.mx\/#website","url":"https:\/\/zeromagazine.mx\/","name":"Zero Magazine","description":"","publisher":{"@id":"https:\/\/zeromagazine.mx\/#organization"},"potentialAction":[{"@type":"SearchAction","target":{"@type":"EntryPoint","urlTemplate":"https:\/\/zeromagazine.mx\/?s={search_term_string}"},"query-input":{"@type":"PropertyValueSpecification","valueRequired":true,"valueName":"search_term_string"}}],"inLanguage":"es"},{"@type":"Organization","@id":"https:\/\/zeromagazine.mx\/#organization","name":"Zero Magazine","url":"https:\/\/zeromagazine.mx\/","logo":{"@type":"ImageObject","inLanguage":"es","@id":"https:\/\/zeromagazine.mx\/#\/schema\/logo\/image\/","url":"https:\/\/i0.wp.com\/zeromagazine.mx\/wp-content\/uploads\/2025\/11\/1.jpeg?fit=1000%2C1000&ssl=1","contentUrl":"https:\/\/i0.wp.com\/zeromagazine.mx\/wp-content\/uploads\/2025\/11\/1.jpeg?fit=1000%2C1000&ssl=1","width":1000,"height":1000,"caption":"Zero Magazine"},"image":{"@id":"https:\/\/zeromagazine.mx\/#\/schema\/logo\/image\/"},"sameAs":["https:\/\/instagram.com\/zeromagazinemx"]},{"@type":"Person","@id":"https:\/\/zeromagazine.mx\/#\/schema\/person\/9aed9f33a7c39af3a348b86d723f7773","name":"zeromagazinemx","image":{"@type":"ImageObject","inLanguage":"es","@id":"https:\/\/zeromagazine.mx\/wp-content\/litespeed\/avatar\/f91dfe5410d5dcb1a576bf8c45983896.jpg?ver=1777571230","url":"https:\/\/zeromagazine.mx\/wp-content\/litespeed\/avatar\/f91dfe5410d5dcb1a576bf8c45983896.jpg?ver=1777571230","contentUrl":"https:\/\/zeromagazine.mx\/wp-content\/litespeed\/avatar\/f91dfe5410d5dcb1a576bf8c45983896.jpg?ver=1777571230","caption":"zeromagazinemx"},"url":"https:\/\/zeromagazine.mx\/index.php\/author\/zeromagazinemx\/"}]}},"jetpack_publicize_connections":[],"jetpack_featured_media_url":"https:\/\/i0.wp.com\/zeromagazine.mx\/wp-content\/uploads\/2024\/05\/ALX_7773-scaled.jpg?fit=2560%2C1707&ssl=1","jetpack-related-posts":[{"id":87553,"url":"https:\/\/zeromagazine.mx\/index.php\/2024\/10\/20\/shein-x-belinda\/","url_meta":{"origin":75652,"position":0},"title":"SHEIN x Belinda: Imponiendo Moda para Este Oto\u00f1o","author":"David Morales","date":"20 de octubre de 2024","format":false,"excerpt":"\u201d\u00a1Ganando como siempre!\u201d Shein x Belinda regresa este octubre con una colecci\u00f3n que promete apoderarse de los closets m\u00e1s atrevidos. No es sorpresa que Belinda imponga moda desde siempre, y esta vez lo hace de nuevo, con una propuesta que lo tiene todo: estilo, actitud y versatilidad. La colecci\u00f3n es\u2026","rel":"","context":"En \u00abModa\u00bb","block_context":{"text":"Moda","link":"https:\/\/zeromagazine.mx\/index.php\/category\/moda\/"},"img":{"alt_text":"","src":"https:\/\/i0.wp.com\/zeromagazine.mx\/wp-content\/uploads\/2024\/10\/IMG_1984-scaled.jpeg?fit=1200%2C800&ssl=1&resize=350%2C200","width":350,"height":200,"srcset":"https:\/\/i0.wp.com\/zeromagazine.mx\/wp-content\/uploads\/2024\/10\/IMG_1984-scaled.jpeg?fit=1200%2C800&ssl=1&resize=350%2C200 1x, https:\/\/i0.wp.com\/zeromagazine.mx\/wp-content\/uploads\/2024\/10\/IMG_1984-scaled.jpeg?fit=1200%2C800&ssl=1&resize=525%2C300 1.5x, https:\/\/i0.wp.com\/zeromagazine.mx\/wp-content\/uploads\/2024\/10\/IMG_1984-scaled.jpeg?fit=1200%2C800&ssl=1&resize=700%2C400 2x, https:\/\/i0.wp.com\/zeromagazine.mx\/wp-content\/uploads\/2024\/10\/IMG_1984-scaled.jpeg?fit=1200%2C800&ssl=1&resize=1050%2C600 3x"},"classes":[]},{"id":77857,"url":"https:\/\/zeromagazine.mx\/index.php\/2024\/06\/13\/american-tourister-nota-embajadora-de-belinda\/","url_meta":{"origin":75652,"position":1},"title":"American Tourister nota embajadora de Belinda","author":"zeromagazinemx","date":"13 de junio de 2024","format":false,"excerpt":"American Tourister, la reconocida marca de equipaje con presencia en m\u00e1s de 90 pa\u00edses, revel\u00f3 emocionantes novedades este 5 de junio al presentar a su nueva embajadora: la talentosa cantante Belinda. El evento, lleno de glamour y sorpresas, fue una celebraci\u00f3n de estilo y funcionalidad. La velada estuvo marcada por\u2026","rel":"","context":"En \u00abBlog\u00bb","block_context":{"text":"Blog","link":"https:\/\/zeromagazine.mx\/index.php\/category\/blog\/"},"img":{"alt_text":"","src":"https:\/\/i0.wp.com\/zeromagazine.mx\/wp-content\/uploads\/2024\/06\/IMG-20240606-WA0006.jpg?fit=900%2C1200&ssl=1&resize=350%2C200","width":350,"height":200,"srcset":"https:\/\/i0.wp.com\/zeromagazine.mx\/wp-content\/uploads\/2024\/06\/IMG-20240606-WA0006.jpg?fit=900%2C1200&ssl=1&resize=350%2C200 1x, https:\/\/i0.wp.com\/zeromagazine.mx\/wp-content\/uploads\/2024\/06\/IMG-20240606-WA0006.jpg?fit=900%2C1200&ssl=1&resize=525%2C300 1.5x, https:\/\/i0.wp.com\/zeromagazine.mx\/wp-content\/uploads\/2024\/06\/IMG-20240606-WA0006.jpg?fit=900%2C1200&ssl=1&resize=700%2C400 2x"},"classes":[]},{"id":93854,"url":"https:\/\/zeromagazine.mx\/index.php\/2024\/11\/25\/jonathan-morales-y-belinda-se-unen-con-shein\/","url_meta":{"origin":75652,"position":2},"title":"Jonathan Morales y Belinda crean magia con SHEIN","author":"David Morales","date":"25 de noviembre de 2024","format":false,"excerpt":"La moda es un lenguaje que comunica emociones, estilos y visiones \u00fanicas. Jonathan Morales, dise\u00f1ador detr\u00e1s de la marca NoName, ha logrado capturar esa esencia al colaborar con una de las artistas m\u00e1s ic\u00f3nicas de M\u00e9xico, Belinda, para una colecci\u00f3n especial con SHEIN. En esta entrevista exclusiva para\u00a0Zero Magazine Mx,\u2026","rel":"","context":"En \u00abModa\u00bb","block_context":{"text":"Moda","link":"https:\/\/zeromagazine.mx\/index.php\/category\/moda\/"},"img":{"alt_text":"","src":"https:\/\/i0.wp.com\/zeromagazine.mx\/wp-content\/uploads\/2024\/12\/IMG_9392-scaled.jpeg?fit=677%2C1200&ssl=1&resize=350%2C200","width":350,"height":200,"srcset":"https:\/\/i0.wp.com\/zeromagazine.mx\/wp-content\/uploads\/2024\/12\/IMG_9392-scaled.jpeg?fit=677%2C1200&ssl=1&resize=350%2C200 1x, https:\/\/i0.wp.com\/zeromagazine.mx\/wp-content\/uploads\/2024\/12\/IMG_9392-scaled.jpeg?fit=677%2C1200&ssl=1&resize=525%2C300 1.5x"},"classes":[]},{"id":104150,"url":"https:\/\/zeromagazine.mx\/index.php\/2025\/05\/15\/el-cielo-llora-conmigo-y-amor-espera-la-voz-sincera-de-yey-r\/","url_meta":{"origin":75652,"position":3},"title":"El Cielo llora Conmigo y Amor Espera: la voz sincera de Yey-R","author":"zeromagazinemx","date":"15 de mayo de 2025","format":false,"excerpt":"Yey-R es un artista emergente que promete consolidarse dentro del mundo del pop en espa\u00f1ol. Tras el lanzamiento de sus dos \u00faltimos sencillos, \"El cielo llora conmigo\" y \"Amor espera\" \u2014una emotiva colaboraci\u00f3n con Belinda Ur\u00edas\u2014, el cantautor nos invita a conocer el trasfondo emocional, creativo y personal que da\u2026","rel":"","context":"En \u00abEntretenimiento\u00bb","block_context":{"text":"Entretenimiento","link":"https:\/\/zeromagazine.mx\/index.php\/category\/entretenimiento\/"},"img":{"alt_text":"","src":"https:\/\/i0.wp.com\/zeromagazine.mx\/wp-content\/uploads\/2025\/05\/IMG_7023-scaled.jpg?fit=800%2C1200&ssl=1&resize=350%2C200","width":350,"height":200,"srcset":"https:\/\/i0.wp.com\/zeromagazine.mx\/wp-content\/uploads\/2025\/05\/IMG_7023-scaled.jpg?fit=800%2C1200&ssl=1&resize=350%2C200 1x, https:\/\/i0.wp.com\/zeromagazine.mx\/wp-content\/uploads\/2025\/05\/IMG_7023-scaled.jpg?fit=800%2C1200&ssl=1&resize=525%2C300 1.5x, https:\/\/i0.wp.com\/zeromagazine.mx\/wp-content\/uploads\/2025\/05\/IMG_7023-scaled.jpg?fit=800%2C1200&ssl=1&resize=700%2C400 2x"},"classes":[]},{"id":108988,"url":"https:\/\/zeromagazine.mx\/index.php\/2025\/09\/26\/sebastian-yatra-cancion-para-regresar\/","url_meta":{"origin":75652,"position":4},"title":"Sebasti\u00e1n Yatra Canci\u00f3n Para Regresar","author":"David Morales","date":"26 de septiembre de 2025","format":false,"excerpt":"Despu\u00e9s de conquistar escenarios en Espa\u00f1a y debutar como coach en La Voz Espa\u00f1a, Sebasti\u00e1n Yatra estrena \u201cCanci\u00f3n Para Regresar\u201d, un sencillo que mezcla energ\u00eda festiva, nostalgia y conexi\u00f3n emocional. La colaboraci\u00f3n re\u00fane a Belinda, Gente de Zona y Lucho RK en un tema que celebra la amistad, los recuerdos\u2026","rel":"","context":"En \u00abBlog\u00bb","block_context":{"text":"Blog","link":"https:\/\/zeromagazine.mx\/index.php\/category\/blog\/"},"img":{"alt_text":"","src":"https:\/\/i0.wp.com\/zeromagazine.mx\/wp-content\/uploads\/2025\/09\/a7b9b844-171d-4d0b-9a84-6cb5e5026bea.jpg?fit=1200%2C776&ssl=1&resize=350%2C200","width":350,"height":200,"srcset":"https:\/\/i0.wp.com\/zeromagazine.mx\/wp-content\/uploads\/2025\/09\/a7b9b844-171d-4d0b-9a84-6cb5e5026bea.jpg?fit=1200%2C776&ssl=1&resize=350%2C200 1x, https:\/\/i0.wp.com\/zeromagazine.mx\/wp-content\/uploads\/2025\/09\/a7b9b844-171d-4d0b-9a84-6cb5e5026bea.jpg?fit=1200%2C776&ssl=1&resize=525%2C300 1.5x, https:\/\/i0.wp.com\/zeromagazine.mx\/wp-content\/uploads\/2025\/09\/a7b9b844-171d-4d0b-9a84-6cb5e5026bea.jpg?fit=1200%2C776&ssl=1&resize=700%2C400 2x, https:\/\/i0.wp.com\/zeromagazine.mx\/wp-content\/uploads\/2025\/09\/a7b9b844-171d-4d0b-9a84-6cb5e5026bea.jpg?fit=1200%2C776&ssl=1&resize=1050%2C600 3x"},"classes":[]},{"id":104693,"url":"https:\/\/zeromagazine.mx\/index.php\/2025\/05\/20\/pandora-y-disney-lanza-ohona-charms\/","url_meta":{"origin":75652,"position":5},"title":"Pandora &amp; Disney Lanzan OHANA Charms","author":"David Morales","date":"20 de mayo de 2025","format":false,"excerpt":"Amix, si creciste llorando con Lilo & Stitch o si simplemente te vibra la idea de tener una familia elegida que te quiera tal como eres, esto te va a encantar. Con el regreso del live-action de esta historia ic\u00f3nica, Pandora y Disney se unieron para sacar una colecci\u00f3n que\u2026","rel":"","context":"En \u00abModa\u00bb","block_context":{"text":"Moda","link":"https:\/\/zeromagazine.mx\/index.php\/category\/moda\/"},"img":{"alt_text":"","src":"https:\/\/i0.wp.com\/zeromagazine.mx\/wp-content\/uploads\/2025\/05\/WEB_2025Q2D_collection_disney_go_ac_tp_carousel_01.01_logo_square_some-tiktok_stitch.png?fit=640%2C640&ssl=1&resize=350%2C200","width":350,"height":200,"srcset":"https:\/\/i0.wp.com\/zeromagazine.mx\/wp-content\/uploads\/2025\/05\/WEB_2025Q2D_collection_disney_go_ac_tp_carousel_01.01_logo_square_some-tiktok_stitch.png?fit=640%2C640&ssl=1&resize=350%2C200 1x, https:\/\/i0.wp.com\/zeromagazine.mx\/wp-content\/uploads\/2025\/05\/WEB_2025Q2D_collection_disney_go_ac_tp_carousel_01.01_logo_square_some-tiktok_stitch.png?fit=640%2C640&ssl=1&resize=525%2C300 1.5x"},"classes":[]}],"jetpack_sharing_enabled":true,"builder_content":"","_links":{"self":[{"href":"https:\/\/zeromagazine.mx\/index.php\/wp-json\/wp\/v2\/posts\/75652","targetHints":{"allow":["GET"]}}],"collection":[{"href":"https:\/\/zeromagazine.mx\/index.php\/wp-json\/wp\/v2\/posts"}],"about":[{"href":"https:\/\/zeromagazine.mx\/index.php\/wp-json\/wp\/v2\/types\/post"}],"author":[{"embeddable":true,"href":"https:\/\/zeromagazine.mx\/index.php\/wp-json\/wp\/v2\/users\/2"}],"replies":[{"embeddable":true,"href":"https:\/\/zeromagazine.mx\/index.php\/wp-json\/wp\/v2\/comments?post=75652"}],"version-history":[{"count":3,"href":"https:\/\/zeromagazine.mx\/index.php\/wp-json\/wp\/v2\/posts\/75652\/revisions"}],"predecessor-version":[{"id":75664,"href":"https:\/\/zeromagazine.mx\/index.php\/wp-json\/wp\/v2\/posts\/75652\/revisions\/75664"}],"wp:featuredmedia":[{"embeddable":true,"href":"https:\/\/zeromagazine.mx\/index.php\/wp-json\/wp\/v2\/media\/75662"}],"wp:attachment":[{"href":"https:\/\/zeromagazine.mx\/index.php\/wp-json\/wp\/v2\/media?parent=75652"}],"wp:term":[{"taxonomy":"category","embeddable":true,"href":"https:\/\/zeromagazine.mx\/index.php\/wp-json\/wp\/v2\/categories?post=75652"},{"taxonomy":"post_tag","embeddable":true,"href":"https:\/\/zeromagazine.mx\/index.php\/wp-json\/wp\/v2\/tags?post=75652"}],"curies":[{"name":"wp","href":"https:\/\/api.w.org\/{rel}","templated":true}]}}