{"id":75817,"date":"2024-05-10T01:00:00","date_gmt":"2024-05-09T23:00:00","guid":{"rendered":"https:\/\/zeromagazine.mx\/?p=75817"},"modified":"2024-05-09T21:57:32","modified_gmt":"2024-05-09T19:57:32","slug":"urbanic-tendencias-para-este-verano","status":"publish","type":"post","link":"https:\/\/zeromagazine.mx\/index.php\/2024\/05\/10\/urbanic-tendencias-para-este-verano\/","title":{"rendered":"Urbanic: Tendencias para este verano"},"content":{"rendered":"<p>El verano, la temporada m\u00e1s esperada del a\u00f1o y con ella la oportunidad de renovar nuestro armario para lucir incre\u00edbles en cada salida. \u00bfQuieres saber cu\u00e1les son las prendas esenciales para armar tus looks estivales? \u00a1Pues sigue leyendo!<\/p>\n\n\n\n<script async src=\"https:\/\/pagead2.googlesyndication.com\/pagead\/js\/adsbygoogle.js?client=ca-pub-5499304793904745\"\n     crossorigin=\"anonymous\"><\/script>\n<ins class=\"adsbygoogle\"\n     style=\"display:block; text-align:center;\"\n     data-ad-layout=\"in-article\"\n     data-ad-format=\"fluid\"\n     data-ad-client=\"ca-pub-5499304793904745\"\n     data-ad-slot=\"5994863093\"><\/ins>\n<script>\n     (adsbygoogle = window.adsbygoogle || []).push({});\n<\/script>\n\n\n\n<p>Primero que nada, las transparencias son la tendencia que domina el street style esta temporada. Son perfectas para a\u00f1adir un toque de sofisticaci\u00f3n y atrevimiento a nuestros conjuntos. Desde blusas hasta vestidos, las transparencias son el must-have para cualquier fashionista que se precie.<\/p>\n\n\n<div class=\"wp-block-image\">\n<figure class=\"aligncenter size-large\"><img data-recalc-dims=\"1\" decoding=\"async\" width=\"768\" height=\"1024\" src=\"https:\/\/i0.wp.com\/zeromagazine.mx\/wp-content\/uploads\/2024\/05\/URBANIC-1-768x1024.png?resize=768%2C1024&#038;ssl=1\" alt=\"\" class=\"wp-image-75824\" srcset=\"https:\/\/i0.wp.com\/zeromagazine.mx\/wp-content\/uploads\/2024\/05\/URBANIC-1.png?resize=768%2C1024&amp;ssl=1 768w, https:\/\/i0.wp.com\/zeromagazine.mx\/wp-content\/uploads\/2024\/05\/URBANIC-1.png?resize=225%2C300&amp;ssl=1 225w, https:\/\/i0.wp.com\/zeromagazine.mx\/wp-content\/uploads\/2024\/05\/URBANIC-1.png?resize=1152%2C1536&amp;ssl=1 1152w, https:\/\/i0.wp.com\/zeromagazine.mx\/wp-content\/uploads\/2024\/05\/URBANIC-1.png?w=1440&amp;ssl=1 1440w\" sizes=\"(max-width: 768px) 100vw, 768px\" \/><\/figure>\n<\/div>\n\n\n<p>Ahora, hablemos del infaltable top con cuello polo. Este b\u00e1sico se ha convertido en un imprescindible para este verano. \u00bfPor qu\u00e9? Porque es s\u00faper vers\u00e1til y puede elevar cualquier outfit al instante. Ya sea para un d\u00eda casual o para una salida nocturna, el top con cuello polo siempre ser\u00e1 una apuesta segura.<\/p>\n\n\n<div class=\"wp-block-image\">\n<figure class=\"aligncenter size-large\"><img data-recalc-dims=\"1\" decoding=\"async\" width=\"768\" height=\"1024\" src=\"https:\/\/i0.wp.com\/zeromagazine.mx\/wp-content\/uploads\/2024\/05\/URBANIC-3-768x1024.png?resize=768%2C1024&#038;ssl=1\" alt=\"\" class=\"wp-image-75818\" srcset=\"https:\/\/i0.wp.com\/zeromagazine.mx\/wp-content\/uploads\/2024\/05\/URBANIC-3.png?resize=768%2C1024&amp;ssl=1 768w, https:\/\/i0.wp.com\/zeromagazine.mx\/wp-content\/uploads\/2024\/05\/URBANIC-3.png?resize=225%2C300&amp;ssl=1 225w, https:\/\/i0.wp.com\/zeromagazine.mx\/wp-content\/uploads\/2024\/05\/URBANIC-3.png?resize=1152%2C1536&amp;ssl=1 1152w, https:\/\/i0.wp.com\/zeromagazine.mx\/wp-content\/uploads\/2024\/05\/URBANIC-3.png?resize=1536%2C2048&amp;ssl=1 1536w, https:\/\/i0.wp.com\/zeromagazine.mx\/wp-content\/uploads\/2024\/05\/URBANIC-3.png?w=2000&amp;ssl=1 2000w\" sizes=\"(max-width: 768px) 100vw, 768px\" \/><\/figure>\n<\/div>\n\n\n<p><\/p>\n\n\n\n<p>Y, por supuesto, no podemos olvidar los shorts y minifaldas. Esta temporada, la tendencia es llevarlos en su versi\u00f3n m\u00e1s micro. As\u00ed que saca tus piernas al sol y atr\u00e9vete a lucir estas prendas imprescindibles para combatir el calor con mucho estilo.<\/p>\n\n\n<div class=\"wp-block-image\">\n<figure class=\"aligncenter size-large\"><img data-recalc-dims=\"1\" decoding=\"async\" width=\"768\" height=\"1024\" src=\"https:\/\/i0.wp.com\/zeromagazine.mx\/wp-content\/uploads\/2024\/05\/URBANIC-4-768x1024.png?resize=768%2C1024&#038;ssl=1\" alt=\"\" class=\"wp-image-75823\" srcset=\"https:\/\/i0.wp.com\/zeromagazine.mx\/wp-content\/uploads\/2024\/05\/URBANIC-4.png?resize=768%2C1024&amp;ssl=1 768w, https:\/\/i0.wp.com\/zeromagazine.mx\/wp-content\/uploads\/2024\/05\/URBANIC-4.png?resize=225%2C300&amp;ssl=1 225w, https:\/\/i0.wp.com\/zeromagazine.mx\/wp-content\/uploads\/2024\/05\/URBANIC-4.png?resize=1152%2C1536&amp;ssl=1 1152w, https:\/\/i0.wp.com\/zeromagazine.mx\/wp-content\/uploads\/2024\/05\/URBANIC-4.png?resize=1536%2C2048&amp;ssl=1 1536w, https:\/\/i0.wp.com\/zeromagazine.mx\/wp-content\/uploads\/2024\/05\/URBANIC-4.png?w=2000&amp;ssl=1 2000w\" sizes=\"(max-width: 768px) 100vw, 768px\" \/><\/figure>\n<\/div>\n\n\n<p><\/p>\n\n\n\n<p>\u00bfQu\u00e9 tal una camisa crop para elevar tu look? Este a\u00f1o, estas prendas alcanzan otro nivel cuando se combinan con pantalones de tiro alto. Es una manera perfecta de jugar con las proporciones y a\u00f1adir un toque de frescura a tu estilo.<\/p>\n\n\n\n<script async src=\"https:\/\/pagead2.googlesyndication.com\/pagead\/js\/adsbygoogle.js?client=ca-pub-5499304793904745\"\n     crossorigin=\"anonymous\"><\/script>\n<ins class=\"adsbygoogle\"\n     style=\"display:block; text-align:center;\"\n     data-ad-layout=\"in-article\"\n     data-ad-format=\"fluid\"\n     data-ad-client=\"ca-pub-5499304793904745\"\n     data-ad-slot=\"5994863093\"><\/ins>\n<script>\n     (adsbygoogle = window.adsbygoogle || []).push({});\n<\/script>\n\n\n\n<p>Y por \u00faltimo, pero definitivamente no menos importante, el color p\u00farpura es el protagonista de esta temporada. Atr\u00e9vete a incorporarlo en tus outfits y ver\u00e1s c\u00f3mo le da un giro completamente nuevo a tus looks veraniegos.<\/p>\n\n\n<div class=\"wp-block-image\">\n<figure class=\"aligncenter size-large\"><img data-recalc-dims=\"1\" decoding=\"async\" width=\"768\" height=\"1024\" src=\"https:\/\/i0.wp.com\/zeromagazine.mx\/wp-content\/uploads\/2024\/05\/URBANIC-5-1-768x1024.png?resize=768%2C1024&#038;ssl=1\" alt=\"\" class=\"wp-image-75822\" srcset=\"https:\/\/i0.wp.com\/zeromagazine.mx\/wp-content\/uploads\/2024\/05\/URBANIC-5-1.png?resize=768%2C1024&amp;ssl=1 768w, https:\/\/i0.wp.com\/zeromagazine.mx\/wp-content\/uploads\/2024\/05\/URBANIC-5-1.png?resize=225%2C300&amp;ssl=1 225w, https:\/\/i0.wp.com\/zeromagazine.mx\/wp-content\/uploads\/2024\/05\/URBANIC-5-1.png?resize=1152%2C1536&amp;ssl=1 1152w, https:\/\/i0.wp.com\/zeromagazine.mx\/wp-content\/uploads\/2024\/05\/URBANIC-5-1.png?w=1440&amp;ssl=1 1440w\" sizes=\"(max-width: 768px) 100vw, 768px\" \/><\/figure>\n<\/div>\n\n\n<p><\/p>\n\n\n\n<p>Este verano est\u00e1 lleno de opciones para lucir incre\u00edbles en cada ocasi\u00f3n. Desde transparencias hasta tops con cuello polo y prendas en color p\u00farpura, hay algo para todos los gustos y estilos. \u00a1As\u00ed que no esperes m\u00e1s y arma tus looks estivales con estilo y actitud!<\/p>\n\n\n\n<script async src=\"https:\/\/pagead2.googlesyndication.com\/pagead\/js\/adsbygoogle.js?client=ca-pub-5499304793904745\"\n     crossorigin=\"anonymous\"><\/script>\n<ins class=\"adsbygoogle\"\n     style=\"display:block; text-align:center;\"\n     data-ad-layout=\"in-article\"\n     data-ad-format=\"fluid\"\n     data-ad-client=\"ca-pub-5499304793904745\"\n     data-ad-slot=\"5994863093\"><\/ins>\n<script>\n     (adsbygoogle = window.adsbygoogle || []).push({});\n<\/script>\n\n<!--themify_builder_content-->\n<div id=\"themify_builder_content-75817\" data-postid=\"75817\" class=\"themify_builder_content themify_builder_content-75817 themify_builder tf_clear\">\n    <\/div>\n<!--\/themify_builder_content-->","protected":false},"excerpt":{"rendered":"<p>El verano, la temporada m\u00e1s esperada del a\u00f1o y con ella la oportunidad de renovar nuestro armario para lucir incre\u00edbles en cada salida. \u00bfQuieres saber cu\u00e1les son las prendas esenciales para armar tus looks estivales? \u00a1Pues sigue leyendo! Primero que nada, las transparencias son la tendencia que domina el street style esta temporada. Son perfectas [&hellip;]<\/p>\n","protected":false},"author":2,"featured_media":75819,"comment_status":"open","ping_status":"open","sticky":false,"template":"","format":"standard","meta":{"_jetpack_memberships_contains_paid_content":false,"footnotes":"","jetpack_publicize_message":"","jetpack_publicize_feature_enabled":true,"jetpack_social_post_already_shared":true,"jetpack_social_options":{"image_generator_settings":{"template":"highway","default_image_id":0,"font":"","enabled":false},"version":2}},"categories":[63,67],"tags":[8020,7484,7876,396],"class_list":["post-75817","post","type-post","status-publish","format-standard","has-post-thumbnail","hentry","category-lifestyle","category-moda","tag-looks","tag-outfits","tag-urbanic","tag-verano","has-post-title","has-post-date","has-post-category","has-post-tag","has-post-comment","has-post-author",""],"yoast_head":"<!-- This site is optimized with the Yoast SEO plugin v27.5 - https:\/\/yoast.com\/product\/yoast-seo-wordpress\/ -->\n<title>Urbanic: Tendencias para este verano - Zero Magazine<\/title>\n<meta name=\"robots\" content=\"index, follow, max-snippet:-1, max-image-preview:large, max-video-preview:-1\" \/>\n<link rel=\"canonical\" href=\"https:\/\/zeromagazine.mx\/index.php\/2024\/05\/10\/urbanic-tendencias-para-este-verano\/\" \/>\n<meta property=\"og:locale\" content=\"es_ES\" \/>\n<meta property=\"og:type\" content=\"article\" \/>\n<meta property=\"og:title\" content=\"Urbanic: Tendencias para este verano - Zero Magazine\" \/>\n<meta property=\"og:description\" content=\"El verano, la temporada m\u00e1s esperada del a\u00f1o y con ella la oportunidad de renovar nuestro armario para lucir incre\u00edbles en cada salida. \u00bfQuieres saber cu\u00e1les son las prendas esenciales para armar tus looks estivales? \u00a1Pues sigue leyendo! Primero que nada, las transparencias son la tendencia que domina el street style esta temporada. Son perfectas [&hellip;]\" \/>\n<meta property=\"og:url\" content=\"https:\/\/zeromagazine.mx\/index.php\/2024\/05\/10\/urbanic-tendencias-para-este-verano\/\" \/>\n<meta property=\"og:site_name\" content=\"Zero Magazine\" \/>\n<meta property=\"article:published_time\" content=\"2024-05-09T23:00:00+00:00\" \/>\n<meta property=\"og:image\" content=\"https:\/\/i0.wp.com\/zeromagazine.mx\/wp-content\/uploads\/2024\/05\/unnamed-49.png?fit=1282%2C884&ssl=1\" \/>\n\t<meta property=\"og:image:width\" content=\"1282\" \/>\n\t<meta property=\"og:image:height\" content=\"884\" \/>\n\t<meta property=\"og:image:type\" content=\"image\/png\" \/>\n<meta name=\"author\" content=\"zeromagazinemx\" \/>\n<meta name=\"twitter:card\" content=\"summary_large_image\" \/>\n<meta name=\"twitter:label1\" content=\"Escrito por\" \/>\n\t<meta name=\"twitter:data1\" content=\"zeromagazinemx\" \/>\n\t<meta name=\"twitter:label2\" content=\"Tiempo de lectura\" \/>\n\t<meta name=\"twitter:data2\" content=\"2 minutos\" \/>\n<script type=\"application\/ld+json\" class=\"yoast-schema-graph\">{\"@context\":\"https:\\\/\\\/schema.org\",\"@graph\":[{\"@type\":\"Article\",\"@id\":\"https:\\\/\\\/zeromagazine.mx\\\/index.php\\\/2024\\\/05\\\/10\\\/urbanic-tendencias-para-este-verano\\\/#article\",\"isPartOf\":{\"@id\":\"https:\\\/\\\/zeromagazine.mx\\\/index.php\\\/2024\\\/05\\\/10\\\/urbanic-tendencias-para-este-verano\\\/\"},\"author\":{\"name\":\"zeromagazinemx\",\"@id\":\"https:\\\/\\\/zeromagazine.mx\\\/#\\\/schema\\\/person\\\/9aed9f33a7c39af3a348b86d723f7773\"},\"headline\":\"Urbanic: Tendencias para este verano\",\"datePublished\":\"2024-05-09T23:00:00+00:00\",\"mainEntityOfPage\":{\"@id\":\"https:\\\/\\\/zeromagazine.mx\\\/index.php\\\/2024\\\/05\\\/10\\\/urbanic-tendencias-para-este-verano\\\/\"},\"wordCount\":328,\"commentCount\":0,\"publisher\":{\"@id\":\"https:\\\/\\\/zeromagazine.mx\\\/#organization\"},\"image\":{\"@id\":\"https:\\\/\\\/zeromagazine.mx\\\/index.php\\\/2024\\\/05\\\/10\\\/urbanic-tendencias-para-este-verano\\\/#primaryimage\"},\"thumbnailUrl\":\"https:\\\/\\\/i0.wp.com\\\/zeromagazine.mx\\\/wp-content\\\/uploads\\\/2024\\\/05\\\/unnamed-49.png?fit=1282%2C884&ssl=1\",\"keywords\":[\"Looks\",\"Outfits\",\"Urbanic\",\"verano\"],\"articleSection\":[\"Lifestyle\",\"Moda\"],\"inLanguage\":\"es\",\"potentialAction\":[{\"@type\":\"CommentAction\",\"name\":\"Comment\",\"target\":[\"https:\\\/\\\/zeromagazine.mx\\\/index.php\\\/2024\\\/05\\\/10\\\/urbanic-tendencias-para-este-verano\\\/#respond\"]}]},{\"@type\":\"WebPage\",\"@id\":\"https:\\\/\\\/zeromagazine.mx\\\/index.php\\\/2024\\\/05\\\/10\\\/urbanic-tendencias-para-este-verano\\\/\",\"url\":\"https:\\\/\\\/zeromagazine.mx\\\/index.php\\\/2024\\\/05\\\/10\\\/urbanic-tendencias-para-este-verano\\\/\",\"name\":\"Urbanic: Tendencias para este verano - Zero Magazine\",\"isPartOf\":{\"@id\":\"https:\\\/\\\/zeromagazine.mx\\\/#website\"},\"primaryImageOfPage\":{\"@id\":\"https:\\\/\\\/zeromagazine.mx\\\/index.php\\\/2024\\\/05\\\/10\\\/urbanic-tendencias-para-este-verano\\\/#primaryimage\"},\"image\":{\"@id\":\"https:\\\/\\\/zeromagazine.mx\\\/index.php\\\/2024\\\/05\\\/10\\\/urbanic-tendencias-para-este-verano\\\/#primaryimage\"},\"thumbnailUrl\":\"https:\\\/\\\/i0.wp.com\\\/zeromagazine.mx\\\/wp-content\\\/uploads\\\/2024\\\/05\\\/unnamed-49.png?fit=1282%2C884&ssl=1\",\"datePublished\":\"2024-05-09T23:00:00+00:00\",\"breadcrumb\":{\"@id\":\"https:\\\/\\\/zeromagazine.mx\\\/index.php\\\/2024\\\/05\\\/10\\\/urbanic-tendencias-para-este-verano\\\/#breadcrumb\"},\"inLanguage\":\"es\",\"potentialAction\":[{\"@type\":\"ReadAction\",\"target\":[\"https:\\\/\\\/zeromagazine.mx\\\/index.php\\\/2024\\\/05\\\/10\\\/urbanic-tendencias-para-este-verano\\\/\"]}]},{\"@type\":\"ImageObject\",\"inLanguage\":\"es\",\"@id\":\"https:\\\/\\\/zeromagazine.mx\\\/index.php\\\/2024\\\/05\\\/10\\\/urbanic-tendencias-para-este-verano\\\/#primaryimage\",\"url\":\"https:\\\/\\\/i0.wp.com\\\/zeromagazine.mx\\\/wp-content\\\/uploads\\\/2024\\\/05\\\/unnamed-49.png?fit=1282%2C884&ssl=1\",\"contentUrl\":\"https:\\\/\\\/i0.wp.com\\\/zeromagazine.mx\\\/wp-content\\\/uploads\\\/2024\\\/05\\\/unnamed-49.png?fit=1282%2C884&ssl=1\",\"width\":1282,\"height\":884},{\"@type\":\"BreadcrumbList\",\"@id\":\"https:\\\/\\\/zeromagazine.mx\\\/index.php\\\/2024\\\/05\\\/10\\\/urbanic-tendencias-para-este-verano\\\/#breadcrumb\",\"itemListElement\":[{\"@type\":\"ListItem\",\"position\":1,\"name\":\"Portada\",\"item\":\"https:\\\/\\\/zeromagazine.mx\\\/\"},{\"@type\":\"ListItem\",\"position\":2,\"name\":\"Urbanic: Tendencias para este verano\"}]},{\"@type\":\"WebSite\",\"@id\":\"https:\\\/\\\/zeromagazine.mx\\\/#website\",\"url\":\"https:\\\/\\\/zeromagazine.mx\\\/\",\"name\":\"Zero Magazine\",\"description\":\"\",\"publisher\":{\"@id\":\"https:\\\/\\\/zeromagazine.mx\\\/#organization\"},\"potentialAction\":[{\"@type\":\"SearchAction\",\"target\":{\"@type\":\"EntryPoint\",\"urlTemplate\":\"https:\\\/\\\/zeromagazine.mx\\\/?s={search_term_string}\"},\"query-input\":{\"@type\":\"PropertyValueSpecification\",\"valueRequired\":true,\"valueName\":\"search_term_string\"}}],\"inLanguage\":\"es\"},{\"@type\":\"Organization\",\"@id\":\"https:\\\/\\\/zeromagazine.mx\\\/#organization\",\"name\":\"Zero Magazine\",\"url\":\"https:\\\/\\\/zeromagazine.mx\\\/\",\"logo\":{\"@type\":\"ImageObject\",\"inLanguage\":\"es\",\"@id\":\"https:\\\/\\\/zeromagazine.mx\\\/#\\\/schema\\\/logo\\\/image\\\/\",\"url\":\"https:\\\/\\\/i0.wp.com\\\/zeromagazine.mx\\\/wp-content\\\/uploads\\\/2025\\\/11\\\/1.jpeg?fit=1000%2C1000&ssl=1\",\"contentUrl\":\"https:\\\/\\\/i0.wp.com\\\/zeromagazine.mx\\\/wp-content\\\/uploads\\\/2025\\\/11\\\/1.jpeg?fit=1000%2C1000&ssl=1\",\"width\":1000,\"height\":1000,\"caption\":\"Zero Magazine\"},\"image\":{\"@id\":\"https:\\\/\\\/zeromagazine.mx\\\/#\\\/schema\\\/logo\\\/image\\\/\"},\"sameAs\":[\"https:\\\/\\\/instagram.com\\\/zeromagazinemx\"]},{\"@type\":\"Person\",\"@id\":\"https:\\\/\\\/zeromagazine.mx\\\/#\\\/schema\\\/person\\\/9aed9f33a7c39af3a348b86d723f7773\",\"name\":\"zeromagazinemx\",\"image\":{\"@type\":\"ImageObject\",\"inLanguage\":\"es\",\"@id\":\"https:\\\/\\\/zeromagazine.mx\\\/wp-content\\\/litespeed\\\/avatar\\\/f91dfe5410d5dcb1a576bf8c45983896.jpg?ver=1777571230\",\"url\":\"https:\\\/\\\/zeromagazine.mx\\\/wp-content\\\/litespeed\\\/avatar\\\/f91dfe5410d5dcb1a576bf8c45983896.jpg?ver=1777571230\",\"contentUrl\":\"https:\\\/\\\/zeromagazine.mx\\\/wp-content\\\/litespeed\\\/avatar\\\/f91dfe5410d5dcb1a576bf8c45983896.jpg?ver=1777571230\",\"caption\":\"zeromagazinemx\"},\"url\":\"https:\\\/\\\/zeromagazine.mx\\\/index.php\\\/author\\\/zeromagazinemx\\\/\"}]}<\/script>\n<!-- \/ Yoast SEO plugin. -->","yoast_head_json":{"title":"Urbanic: Tendencias para este verano - Zero Magazine","robots":{"index":"index","follow":"follow","max-snippet":"max-snippet:-1","max-image-preview":"max-image-preview:large","max-video-preview":"max-video-preview:-1"},"canonical":"https:\/\/zeromagazine.mx\/index.php\/2024\/05\/10\/urbanic-tendencias-para-este-verano\/","og_locale":"es_ES","og_type":"article","og_title":"Urbanic: Tendencias para este verano - Zero Magazine","og_description":"El verano, la temporada m\u00e1s esperada del a\u00f1o y con ella la oportunidad de renovar nuestro armario para lucir incre\u00edbles en cada salida. \u00bfQuieres saber cu\u00e1les son las prendas esenciales para armar tus looks estivales? \u00a1Pues sigue leyendo! Primero que nada, las transparencias son la tendencia que domina el street style esta temporada. Son perfectas [&hellip;]","og_url":"https:\/\/zeromagazine.mx\/index.php\/2024\/05\/10\/urbanic-tendencias-para-este-verano\/","og_site_name":"Zero Magazine","article_published_time":"2024-05-09T23:00:00+00:00","og_image":[{"width":1282,"height":884,"url":"https:\/\/i0.wp.com\/zeromagazine.mx\/wp-content\/uploads\/2024\/05\/unnamed-49.png?fit=1282%2C884&ssl=1","type":"image\/png"}],"author":"zeromagazinemx","twitter_card":"summary_large_image","twitter_misc":{"Escrito por":"zeromagazinemx","Tiempo de lectura":"2 minutos"},"schema":{"@context":"https:\/\/schema.org","@graph":[{"@type":"Article","@id":"https:\/\/zeromagazine.mx\/index.php\/2024\/05\/10\/urbanic-tendencias-para-este-verano\/#article","isPartOf":{"@id":"https:\/\/zeromagazine.mx\/index.php\/2024\/05\/10\/urbanic-tendencias-para-este-verano\/"},"author":{"name":"zeromagazinemx","@id":"https:\/\/zeromagazine.mx\/#\/schema\/person\/9aed9f33a7c39af3a348b86d723f7773"},"headline":"Urbanic: Tendencias para este verano","datePublished":"2024-05-09T23:00:00+00:00","mainEntityOfPage":{"@id":"https:\/\/zeromagazine.mx\/index.php\/2024\/05\/10\/urbanic-tendencias-para-este-verano\/"},"wordCount":328,"commentCount":0,"publisher":{"@id":"https:\/\/zeromagazine.mx\/#organization"},"image":{"@id":"https:\/\/zeromagazine.mx\/index.php\/2024\/05\/10\/urbanic-tendencias-para-este-verano\/#primaryimage"},"thumbnailUrl":"https:\/\/i0.wp.com\/zeromagazine.mx\/wp-content\/uploads\/2024\/05\/unnamed-49.png?fit=1282%2C884&ssl=1","keywords":["Looks","Outfits","Urbanic","verano"],"articleSection":["Lifestyle","Moda"],"inLanguage":"es","potentialAction":[{"@type":"CommentAction","name":"Comment","target":["https:\/\/zeromagazine.mx\/index.php\/2024\/05\/10\/urbanic-tendencias-para-este-verano\/#respond"]}]},{"@type":"WebPage","@id":"https:\/\/zeromagazine.mx\/index.php\/2024\/05\/10\/urbanic-tendencias-para-este-verano\/","url":"https:\/\/zeromagazine.mx\/index.php\/2024\/05\/10\/urbanic-tendencias-para-este-verano\/","name":"Urbanic: Tendencias para este verano - Zero Magazine","isPartOf":{"@id":"https:\/\/zeromagazine.mx\/#website"},"primaryImageOfPage":{"@id":"https:\/\/zeromagazine.mx\/index.php\/2024\/05\/10\/urbanic-tendencias-para-este-verano\/#primaryimage"},"image":{"@id":"https:\/\/zeromagazine.mx\/index.php\/2024\/05\/10\/urbanic-tendencias-para-este-verano\/#primaryimage"},"thumbnailUrl":"https:\/\/i0.wp.com\/zeromagazine.mx\/wp-content\/uploads\/2024\/05\/unnamed-49.png?fit=1282%2C884&ssl=1","datePublished":"2024-05-09T23:00:00+00:00","breadcrumb":{"@id":"https:\/\/zeromagazine.mx\/index.php\/2024\/05\/10\/urbanic-tendencias-para-este-verano\/#breadcrumb"},"inLanguage":"es","potentialAction":[{"@type":"ReadAction","target":["https:\/\/zeromagazine.mx\/index.php\/2024\/05\/10\/urbanic-tendencias-para-este-verano\/"]}]},{"@type":"ImageObject","inLanguage":"es","@id":"https:\/\/zeromagazine.mx\/index.php\/2024\/05\/10\/urbanic-tendencias-para-este-verano\/#primaryimage","url":"https:\/\/i0.wp.com\/zeromagazine.mx\/wp-content\/uploads\/2024\/05\/unnamed-49.png?fit=1282%2C884&ssl=1","contentUrl":"https:\/\/i0.wp.com\/zeromagazine.mx\/wp-content\/uploads\/2024\/05\/unnamed-49.png?fit=1282%2C884&ssl=1","width":1282,"height":884},{"@type":"BreadcrumbList","@id":"https:\/\/zeromagazine.mx\/index.php\/2024\/05\/10\/urbanic-tendencias-para-este-verano\/#breadcrumb","itemListElement":[{"@type":"ListItem","position":1,"name":"Portada","item":"https:\/\/zeromagazine.mx\/"},{"@type":"ListItem","position":2,"name":"Urbanic: Tendencias para este verano"}]},{"@type":"WebSite","@id":"https:\/\/zeromagazine.mx\/#website","url":"https:\/\/zeromagazine.mx\/","name":"Zero Magazine","description":"","publisher":{"@id":"https:\/\/zeromagazine.mx\/#organization"},"potentialAction":[{"@type":"SearchAction","target":{"@type":"EntryPoint","urlTemplate":"https:\/\/zeromagazine.mx\/?s={search_term_string}"},"query-input":{"@type":"PropertyValueSpecification","valueRequired":true,"valueName":"search_term_string"}}],"inLanguage":"es"},{"@type":"Organization","@id":"https:\/\/zeromagazine.mx\/#organization","name":"Zero Magazine","url":"https:\/\/zeromagazine.mx\/","logo":{"@type":"ImageObject","inLanguage":"es","@id":"https:\/\/zeromagazine.mx\/#\/schema\/logo\/image\/","url":"https:\/\/i0.wp.com\/zeromagazine.mx\/wp-content\/uploads\/2025\/11\/1.jpeg?fit=1000%2C1000&ssl=1","contentUrl":"https:\/\/i0.wp.com\/zeromagazine.mx\/wp-content\/uploads\/2025\/11\/1.jpeg?fit=1000%2C1000&ssl=1","width":1000,"height":1000,"caption":"Zero Magazine"},"image":{"@id":"https:\/\/zeromagazine.mx\/#\/schema\/logo\/image\/"},"sameAs":["https:\/\/instagram.com\/zeromagazinemx"]},{"@type":"Person","@id":"https:\/\/zeromagazine.mx\/#\/schema\/person\/9aed9f33a7c39af3a348b86d723f7773","name":"zeromagazinemx","image":{"@type":"ImageObject","inLanguage":"es","@id":"https:\/\/zeromagazine.mx\/wp-content\/litespeed\/avatar\/f91dfe5410d5dcb1a576bf8c45983896.jpg?ver=1777571230","url":"https:\/\/zeromagazine.mx\/wp-content\/litespeed\/avatar\/f91dfe5410d5dcb1a576bf8c45983896.jpg?ver=1777571230","contentUrl":"https:\/\/zeromagazine.mx\/wp-content\/litespeed\/avatar\/f91dfe5410d5dcb1a576bf8c45983896.jpg?ver=1777571230","caption":"zeromagazinemx"},"url":"https:\/\/zeromagazine.mx\/index.php\/author\/zeromagazinemx\/"}]}},"jetpack_publicize_connections":[],"jetpack_featured_media_url":"https:\/\/i0.wp.com\/zeromagazine.mx\/wp-content\/uploads\/2024\/05\/unnamed-49.png?fit=1282%2C884&ssl=1","jetpack-related-posts":[{"id":74680,"url":"https:\/\/zeromagazine.mx\/index.php\/2024\/04\/24\/brilla-en-los-festivales-con-urbanic\/","url_meta":{"origin":75817,"position":0},"title":"Brilla en los Festivales con Urbanic","author":"zeromagazinemx","date":"24 de abril de 2024","format":false,"excerpt":"Se aproxima la \u00e9poca de festivales \u00a1Prep\u00e1rense para brillar con los looks m\u00e1s infalibles y llenos de estilo que Urbanic tiene para nosotres este verano! Ahora, hablemos de la moda festivalera. \u00a1Es una locura total! Los festivales son como un gran desfile de moda callejera, \u00bfno creen? Es el momento\u2026","rel":"","context":"En \u00abModa\u00bb","block_context":{"text":"Moda","link":"https:\/\/zeromagazine.mx\/index.php\/category\/moda\/"},"img":{"alt_text":"","src":"https:\/\/i0.wp.com\/zeromagazine.mx\/wp-content\/uploads\/2024\/04\/unnamed-3-1.png?fit=1200%2C1091&ssl=1&resize=350%2C200","width":350,"height":200,"srcset":"https:\/\/i0.wp.com\/zeromagazine.mx\/wp-content\/uploads\/2024\/04\/unnamed-3-1.png?fit=1200%2C1091&ssl=1&resize=350%2C200 1x, https:\/\/i0.wp.com\/zeromagazine.mx\/wp-content\/uploads\/2024\/04\/unnamed-3-1.png?fit=1200%2C1091&ssl=1&resize=525%2C300 1.5x, https:\/\/i0.wp.com\/zeromagazine.mx\/wp-content\/uploads\/2024\/04\/unnamed-3-1.png?fit=1200%2C1091&ssl=1&resize=700%2C400 2x, https:\/\/i0.wp.com\/zeromagazine.mx\/wp-content\/uploads\/2024\/04\/unnamed-3-1.png?fit=1200%2C1091&ssl=1&resize=1050%2C600 3x"},"classes":[]},{"id":76879,"url":"https:\/\/zeromagazine.mx\/index.php\/2024\/05\/31\/urbanic-y-las-tendencias-beachwear\/","url_meta":{"origin":75817,"position":1},"title":"Urbanic y las Tendencias Beachwear","author":"zeromagazinemx","date":"31 de mayo de 2024","format":false,"excerpt":"Este verano 2024 es de Urbanic y nos trae unas vibras incre\u00edbles. La temporada de verano siempre nos invita a ser m\u00e1s libres y aventureres, y qu\u00e9 mejor manera de expresar eso que a trav\u00e9s de nuestro estilo. Aqu\u00ed te dejo una gu\u00eda con las tendencias m\u00e1s hot que no\u2026","rel":"","context":"En \u00abLifestyle\u00bb","block_context":{"text":"Lifestyle","link":"https:\/\/zeromagazine.mx\/index.php\/category\/lifestyle\/"},"img":{"alt_text":"","src":"https:\/\/i0.wp.com\/zeromagazine.mx\/wp-content\/uploads\/2024\/05\/Captura-de-pantalla-669.png?fit=385%2C517&ssl=1&resize=350%2C200","width":350,"height":200},"classes":[]},{"id":81131,"url":"https:\/\/zeromagazine.mx\/index.php\/2024\/07\/31\/sporty-3-0-estilo-todo-el-dia\/","url_meta":{"origin":75817,"position":2},"title":"\u00abVerano Chic: Urbanic Must-Haves\u00bb","author":"zeromagazinemx","date":"31 de julio de 2024","format":false,"excerpt":"Hey, chic@s! El verano ya est\u00e1 aqu\u00ed y obvio todos queremos esas escapaditas de fin de semana con sunsets en la playa y noches llenas de glamour. As\u00ed que, si est\u00e1s buscando armar tu maleta con las piezas m\u00e1s top para tus summer adventures, Urbanic tiene justo lo que necesitas.\u2026","rel":"","context":"En \u00abModa\u00bb","block_context":{"text":"Moda","link":"https:\/\/zeromagazine.mx\/index.php\/category\/moda\/"},"img":{"alt_text":"","src":"https:\/\/i0.wp.com\/zeromagazine.mx\/wp-content\/uploads\/2024\/07\/49d68b37b8be4556879726b91147d1d4UR_w1440_q90-1.webp?fit=900%2C1200&ssl=1&resize=350%2C200","width":350,"height":200,"srcset":"https:\/\/i0.wp.com\/zeromagazine.mx\/wp-content\/uploads\/2024\/07\/49d68b37b8be4556879726b91147d1d4UR_w1440_q90-1.webp?fit=900%2C1200&ssl=1&resize=350%2C200 1x, https:\/\/i0.wp.com\/zeromagazine.mx\/wp-content\/uploads\/2024\/07\/49d68b37b8be4556879726b91147d1d4UR_w1440_q90-1.webp?fit=900%2C1200&ssl=1&resize=525%2C300 1.5x, https:\/\/i0.wp.com\/zeromagazine.mx\/wp-content\/uploads\/2024\/07\/49d68b37b8be4556879726b91147d1d4UR_w1440_q90-1.webp?fit=900%2C1200&ssl=1&resize=700%2C400 2x"},"classes":[]},{"id":76942,"url":"https:\/\/zeromagazine.mx\/index.php\/2024\/05\/31\/looks-para-triunfar-en-tu-graduacion-con-urbanic\/","url_meta":{"origin":75817,"position":3},"title":"Looks para Triunfar en tu Graduaci\u00f3n con Urbanic","author":"David Morales","date":"31 de mayo de 2024","format":false,"excerpt":"La temporada de graduaciones ya est\u00e1 aqu\u00ed y con ella la oportunidad de celebrar nuestros logros y comenzar un nuevo cap\u00edtulo en nuestras vidas. Pero, \u00bfc\u00f3mo destacar y dejar una huella imborrable en un d\u00eda tan especial? Si quieres que tu estilo hable por ti y refleje tu esencia \u00fanica,\u2026","rel":"","context":"En \u00abModa\u00bb","block_context":{"text":"Moda","link":"https:\/\/zeromagazine.mx\/index.php\/category\/moda\/"},"img":{"alt_text":"","src":"https:\/\/i0.wp.com\/zeromagazine.mx\/wp-content\/uploads\/2024\/05\/unnamed-6.png?fit=1200%2C884&ssl=1&resize=350%2C200","width":350,"height":200,"srcset":"https:\/\/i0.wp.com\/zeromagazine.mx\/wp-content\/uploads\/2024\/05\/unnamed-6.png?fit=1200%2C884&ssl=1&resize=350%2C200 1x, https:\/\/i0.wp.com\/zeromagazine.mx\/wp-content\/uploads\/2024\/05\/unnamed-6.png?fit=1200%2C884&ssl=1&resize=525%2C300 1.5x, https:\/\/i0.wp.com\/zeromagazine.mx\/wp-content\/uploads\/2024\/05\/unnamed-6.png?fit=1200%2C884&ssl=1&resize=700%2C400 2x, https:\/\/i0.wp.com\/zeromagazine.mx\/wp-content\/uploads\/2024\/05\/unnamed-6.png?fit=1200%2C884&ssl=1&resize=1050%2C600 3x"},"classes":[]},{"id":82367,"url":"https:\/\/zeromagazine.mx\/index.php\/2024\/08\/23\/la-paleta-de-temporada-que-necesitas\/","url_meta":{"origin":75817,"position":4},"title":"Paleta de Colores que Necesitas este Oto\u00f1o","author":"zeromagazinemx","date":"23 de agosto de 2024","format":false,"excerpt":"\u00a1Hey, fashionistas! Prep\u00e1rense para la temporada m\u00e1s cool del a\u00f1o, porque el Fall\/Winter 2024 viene con una explosi\u00f3n de color y estilo que va a dejar a todos con la boca abierta. Los colores protagonistas baby azul, rojo intenso y gris no solo est\u00e1n dominando las pasarelas, sino que tambi\u00e9n\u2026","rel":"","context":"En \u00abModa\u00bb","block_context":{"text":"Moda","link":"https:\/\/zeromagazine.mx\/index.php\/category\/moda\/"},"img":{"alt_text":"","src":"https:\/\/i0.wp.com\/zeromagazine.mx\/wp-content\/uploads\/2024\/08\/3e76714bed0f402b957be54ce7fa6311UR_w750_q90-1.png?fit=750%2C1000&ssl=1&resize=350%2C200","width":350,"height":200,"srcset":"https:\/\/i0.wp.com\/zeromagazine.mx\/wp-content\/uploads\/2024\/08\/3e76714bed0f402b957be54ce7fa6311UR_w750_q90-1.png?fit=750%2C1000&ssl=1&resize=350%2C200 1x, https:\/\/i0.wp.com\/zeromagazine.mx\/wp-content\/uploads\/2024\/08\/3e76714bed0f402b957be54ce7fa6311UR_w750_q90-1.png?fit=750%2C1000&ssl=1&resize=525%2C300 1.5x, https:\/\/i0.wp.com\/zeromagazine.mx\/wp-content\/uploads\/2024\/08\/3e76714bed0f402b957be54ce7fa6311UR_w750_q90-1.png?fit=750%2C1000&ssl=1&resize=700%2C400 2x"},"classes":[]},{"id":78836,"url":"https:\/\/zeromagazine.mx\/index.php\/2024\/06\/19\/urbanic-innovacion-en-estilo-contemporaneo\/","url_meta":{"origin":75817,"position":5},"title":"Urbanic: Innovaci\u00f3n en Estilo Contempor\u00e1neo","author":"zeromagazinemx","date":"19 de junio de 2024","format":false,"excerpt":"Amix, sabemos que la moda cambia m\u00e1s r\u00e1pido que la velocidad de la luz y para mantenernos al d\u00eda, hay que estar siempre pendientes de las nuevas tendencias. Pues les cuento que Urbanic, la marca que ya conoc\u00edamos por su calidad y diversidad, acaba de lanzar una colecci\u00f3n que nos\u2026","rel":"","context":"En \u00abModa\u00bb","block_context":{"text":"Moda","link":"https:\/\/zeromagazine.mx\/index.php\/category\/moda\/"},"img":{"alt_text":"","src":"https:\/\/i0.wp.com\/zeromagazine.mx\/wp-content\/uploads\/2024\/06\/soccer-1-scaled.jpg?fit=1200%2C801&ssl=1&resize=350%2C200","width":350,"height":200,"srcset":"https:\/\/i0.wp.com\/zeromagazine.mx\/wp-content\/uploads\/2024\/06\/soccer-1-scaled.jpg?fit=1200%2C801&ssl=1&resize=350%2C200 1x, https:\/\/i0.wp.com\/zeromagazine.mx\/wp-content\/uploads\/2024\/06\/soccer-1-scaled.jpg?fit=1200%2C801&ssl=1&resize=525%2C300 1.5x, https:\/\/i0.wp.com\/zeromagazine.mx\/wp-content\/uploads\/2024\/06\/soccer-1-scaled.jpg?fit=1200%2C801&ssl=1&resize=700%2C400 2x, https:\/\/i0.wp.com\/zeromagazine.mx\/wp-content\/uploads\/2024\/06\/soccer-1-scaled.jpg?fit=1200%2C801&ssl=1&resize=1050%2C600 3x"},"classes":[]}],"jetpack_sharing_enabled":true,"builder_content":"","_links":{"self":[{"href":"https:\/\/zeromagazine.mx\/index.php\/wp-json\/wp\/v2\/posts\/75817","targetHints":{"allow":["GET"]}}],"collection":[{"href":"https:\/\/zeromagazine.mx\/index.php\/wp-json\/wp\/v2\/posts"}],"about":[{"href":"https:\/\/zeromagazine.mx\/index.php\/wp-json\/wp\/v2\/types\/post"}],"author":[{"embeddable":true,"href":"https:\/\/zeromagazine.mx\/index.php\/wp-json\/wp\/v2\/users\/2"}],"replies":[{"embeddable":true,"href":"https:\/\/zeromagazine.mx\/index.php\/wp-json\/wp\/v2\/comments?post=75817"}],"version-history":[{"count":2,"href":"https:\/\/zeromagazine.mx\/index.php\/wp-json\/wp\/v2\/posts\/75817\/revisions"}],"predecessor-version":[{"id":75826,"href":"https:\/\/zeromagazine.mx\/index.php\/wp-json\/wp\/v2\/posts\/75817\/revisions\/75826"}],"wp:featuredmedia":[{"embeddable":true,"href":"https:\/\/zeromagazine.mx\/index.php\/wp-json\/wp\/v2\/media\/75819"}],"wp:attachment":[{"href":"https:\/\/zeromagazine.mx\/index.php\/wp-json\/wp\/v2\/media?parent=75817"}],"wp:term":[{"taxonomy":"category","embeddable":true,"href":"https:\/\/zeromagazine.mx\/index.php\/wp-json\/wp\/v2\/categories?post=75817"},{"taxonomy":"post_tag","embeddable":true,"href":"https:\/\/zeromagazine.mx\/index.php\/wp-json\/wp\/v2\/tags?post=75817"}],"curies":[{"name":"wp","href":"https:\/\/api.w.org\/{rel}","templated":true}]}}