{"id":76447,"date":"2024-05-23T19:00:00","date_gmt":"2024-05-23T17:00:00","guid":{"rendered":"https:\/\/zeromagazine.mx\/?p=76447"},"modified":"2024-05-23T18:32:16","modified_gmt":"2024-05-23T16:32:16","slug":"empresas-suizas-y-derechos-humanos-en-mexico","status":"publish","type":"post","link":"https:\/\/zeromagazine.mx\/index.php\/2024\/05\/23\/empresas-suizas-y-derechos-humanos-en-mexico\/","title":{"rendered":"Empresas Suizas y Derechos Humanos en M\u00e9xico"},"content":{"rendered":"<p>La Embajada de Suiza y la Cohesi\u00f3n Comunitaria e Innovaci\u00f3n Social (CCIS A.C.) han unido fuerzas en un esfuerzo incre\u00edble para impulsar el respeto de los Derechos Humanos en las operaciones empresariales aqu\u00ed en M\u00e9xico. S\u00ed, lo has escuchado bien, \u00a1un verdadero cambio est\u00e1 en marcha!<\/p>\n\n\n\n<script async src=\"https:\/\/pagead2.googlesyndication.com\/pagead\/js\/adsbygoogle.js?client=ca-pub-5499304793904745\"\n     crossorigin=\"anonymous\"><\/script>\n<ins class=\"adsbygoogle\"\n     style=\"display:block; text-align:center;\"\n     data-ad-layout=\"in-article\"\n     data-ad-format=\"fluid\"\n     data-ad-client=\"ca-pub-5499304793904745\"\n     data-ad-slot=\"5994863093\"><\/ins>\n<script>\n     (adsbygoogle = window.adsbygoogle || []).push({});\n<\/script>\n\n\n\n<p>El reciente Foro Empresas y Derechos Humanos ha sido una verdadera joya en el camino hacia un mundo m\u00e1s justo y equitativo. \u00bfTe imaginas estar all\u00ed, compartiendo ideas y visiones con l\u00edderes empresariales comprometidos con la causa? \u00a1Qu\u00e9 experiencia tan enriquecedora!<\/p>\n\n\n\n<script async src=\"https:\/\/pagead2.googlesyndication.com\/pagead\/js\/adsbygoogle.js?client=ca-pub-5499304793904745\"\n     crossorigin=\"anonymous\"><\/script>\n<ins class=\"adsbygoogle\"\n     style=\"display:block; text-align:center;\"\n     data-ad-layout=\"in-article\"\n     data-ad-format=\"fluid\"\n     data-ad-client=\"ca-pub-5499304793904745\"\n     data-ad-slot=\"5994863093\"><\/ins>\n<script>\n     (adsbygoogle = window.adsbygoogle || []).push({});\n<\/script>\n\n\n\n<p>Pero aqu\u00ed no termina la cosa. Desde el 2024, las empresas suizas tienen la tarea de informar al gobierno de Suiza sobre una serie de temas cruciales, desde cuestiones clim\u00e1ticas hasta Derechos Humanos y la lucha contra la corrupci\u00f3n. Este es un gran paso hacia adelante, una se\u00f1al de que las cosas est\u00e1n cambiando para mejor.<\/p>\n\n\n<div class=\"wp-block-image\">\n<figure class=\"aligncenter size-large\"><img data-recalc-dims=\"1\" decoding=\"async\" width=\"1024\" height=\"1024\" src=\"https:\/\/i0.wp.com\/zeromagazine.mx\/wp-content\/uploads\/2024\/05\/unnamed-55-1024x1024.png?resize=1024%2C1024&#038;ssl=1\" alt=\"\" class=\"wp-image-76448\" srcset=\"https:\/\/i0.wp.com\/zeromagazine.mx\/wp-content\/uploads\/2024\/05\/unnamed-55.png?resize=1024%2C1024&amp;ssl=1 1024w, https:\/\/i0.wp.com\/zeromagazine.mx\/wp-content\/uploads\/2024\/05\/unnamed-55.png?resize=300%2C300&amp;ssl=1 300w, https:\/\/i0.wp.com\/zeromagazine.mx\/wp-content\/uploads\/2024\/05\/unnamed-55.png?resize=150%2C150&amp;ssl=1 150w, https:\/\/i0.wp.com\/zeromagazine.mx\/wp-content\/uploads\/2024\/05\/unnamed-55.png?resize=768%2C768&amp;ssl=1 768w, https:\/\/i0.wp.com\/zeromagazine.mx\/wp-content\/uploads\/2024\/05\/unnamed-55.png?w=1080&amp;ssl=1 1080w\" sizes=\"(max-width: 1024px) 100vw, 1024px\" \/><\/figure>\n<\/div>\n\n\n<p><\/p>\n\n\n\n<p>Y \u00bfsabes qu\u00e9 es lo m\u00e1s inspirador? La presencia de la Directora adjunta de Derechos Humanos del Ministerio de Asuntos Exteriores de Suiza, la Sra. Christine L\u00f6w, en el foro. Su compromiso y liderazgo nos recuerdan que estamos en el camino correcto hacia un mundo donde el respeto y la responsabilidad son los pilares fundamentales.<\/p>\n\n\n\n<script async src=\"https:\/\/pagead2.googlesyndication.com\/pagead\/js\/adsbygoogle.js?client=ca-pub-5499304793904745\"\n     crossorigin=\"anonymous\"><\/script>\n<ins class=\"adsbygoogle\"\n     style=\"display:block; text-align:center;\"\n     data-ad-layout=\"in-article\"\n     data-ad-format=\"fluid\"\n     data-ad-client=\"ca-pub-5499304793904745\"\n     data-ad-slot=\"5994863093\"><\/ins>\n<script>\n     (adsbygoogle = window.adsbygoogle || []).push({});\n<\/script>\n\n\n\n<p>Respeto y responsabilidad: esas dos palabras lo dicen todo, \u00bfverdad? Son la clave de este movimiento. La idea es que las empresas suizas en M\u00e9xico se comprometan activamente a respetar los Derechos Humanos en todas sus operaciones. Y cr\u00e9anme, estamos viendo avances reales.<\/p>\n\n\n\n<figure class=\"wp-block-image alignwide size-large\"><img data-recalc-dims=\"1\" decoding=\"async\" width=\"1024\" height=\"683\" src=\"https:\/\/i0.wp.com\/zeromagazine.mx\/wp-content\/uploads\/2024\/05\/unnamed-66-1024x683.jpg?resize=1024%2C683&#038;ssl=1\" alt=\"\" class=\"wp-image-76449\" srcset=\"https:\/\/i0.wp.com\/zeromagazine.mx\/wp-content\/uploads\/2024\/05\/unnamed-66.jpg?resize=1024%2C683&amp;ssl=1 1024w, https:\/\/i0.wp.com\/zeromagazine.mx\/wp-content\/uploads\/2024\/05\/unnamed-66.jpg?resize=300%2C200&amp;ssl=1 300w, https:\/\/i0.wp.com\/zeromagazine.mx\/wp-content\/uploads\/2024\/05\/unnamed-66.jpg?resize=768%2C512&amp;ssl=1 768w, https:\/\/i0.wp.com\/zeromagazine.mx\/wp-content\/uploads\/2024\/05\/unnamed-66.jpg?resize=1536%2C1024&amp;ssl=1 1536w, https:\/\/i0.wp.com\/zeromagazine.mx\/wp-content\/uploads\/2024\/05\/unnamed-66.jpg?resize=2048%2C1366&amp;ssl=1 2048w, https:\/\/i0.wp.com\/zeromagazine.mx\/wp-content\/uploads\/2024\/05\/unnamed-66.jpg?resize=560%2C373&amp;ssl=1 560w, https:\/\/i0.wp.com\/zeromagazine.mx\/wp-content\/uploads\/2024\/05\/unnamed-66.jpg?w=2330 2330w\" sizes=\"(max-width: 1024px) 100vw, 1024px\" \/><\/figure>\n\n\n\n<p><\/p>\n\n\n\n<p>}En el foro, las empresas compartieron sus historias, sus desaf\u00edos y sus logros en este viaje hacia un mundo m\u00e1s humano y justo. Y aunque sabemos que a\u00fan queda mucho trabajo por hacer, cada peque\u00f1o paso nos acerca un poco m\u00e1s a ese futuro esperanzador que todos so\u00f1amos.<\/p>\n\n\n\n<script async src=\"https:\/\/pagead2.googlesyndication.com\/pagead\/js\/adsbygoogle.js?client=ca-pub-5499304793904745\"\n     crossorigin=\"anonymous\"><\/script>\n<ins class=\"adsbygoogle\"\n     style=\"display:block; text-align:center;\"\n     data-ad-layout=\"in-article\"\n     data-ad-format=\"fluid\"\n     data-ad-client=\"ca-pub-5499304793904745\"\n     data-ad-slot=\"5994863093\"><\/ins>\n<script>\n     (adsbygoogle = window.adsbygoogle || []).push({});\n<\/script>\n\n\n\n<p>As\u00ed que aqu\u00ed estamos, listes para seguir adelante, listos para seguir luchando por un mundo donde cada persona sea respetada y valorada. Porque juntes, podemos hacerlo realidad.<\/p>\n\n<!--themify_builder_content-->\n<div id=\"themify_builder_content-76447\" data-postid=\"76447\" class=\"themify_builder_content themify_builder_content-76447 themify_builder tf_clear\">\n    <\/div>\n<!--\/themify_builder_content-->","protected":false},"excerpt":{"rendered":"<p>La Embajada de Suiza y la Cohesi\u00f3n Comunitaria e Innovaci\u00f3n Social (CCIS A.C.) han unido fuerzas en un esfuerzo incre\u00edble para impulsar el respeto de los Derechos Humanos en las operaciones empresariales aqu\u00ed en M\u00e9xico. S\u00ed, lo has escuchado bien, \u00a1un verdadero cambio est\u00e1 en marcha! El reciente Foro Empresas y Derechos Humanos ha sido [&hellip;]<\/p>\n","protected":false},"author":2,"featured_media":76449,"comment_status":"open","ping_status":"open","sticky":false,"template":"","format":"standard","meta":{"_jetpack_memberships_contains_paid_content":false,"footnotes":"","jetpack_publicize_message":"","jetpack_publicize_feature_enabled":true,"jetpack_social_post_already_shared":true,"jetpack_social_options":{"image_generator_settings":{"template":"highway","default_image_id":0,"font":"","enabled":false},"version":2}},"categories":[45],"tags":[8278,8277,8276,6679],"class_list":["post-76447","post","type-post","status-publish","format-standard","has-post-thumbnail","hentry","category-bienestar","tag-ccis-a-c","tag-embajada-de-suiza","tag-foro-empresas-y-derechos-humanos","tag-mexico-3","has-post-title","has-post-date","has-post-category","has-post-tag","has-post-comment","has-post-author",""],"yoast_head":"<!-- This site is optimized with the Yoast SEO plugin v27.5 - https:\/\/yoast.com\/product\/yoast-seo-wordpress\/ -->\n<title>Empresas Suizas y Derechos Humanos en M\u00e9xico - Zero Magazine<\/title>\n<meta name=\"robots\" content=\"index, follow, max-snippet:-1, max-image-preview:large, max-video-preview:-1\" \/>\n<link rel=\"canonical\" href=\"https:\/\/zeromagazine.mx\/index.php\/2024\/05\/23\/empresas-suizas-y-derechos-humanos-en-mexico\/\" \/>\n<meta property=\"og:locale\" content=\"es_ES\" \/>\n<meta property=\"og:type\" content=\"article\" \/>\n<meta property=\"og:title\" content=\"Empresas Suizas y Derechos Humanos en M\u00e9xico - Zero Magazine\" \/>\n<meta property=\"og:description\" content=\"La Embajada de Suiza y la Cohesi\u00f3n Comunitaria e Innovaci\u00f3n Social (CCIS A.C.) han unido fuerzas en un esfuerzo incre\u00edble para impulsar el respeto de los Derechos Humanos en las operaciones empresariales aqu\u00ed en M\u00e9xico. S\u00ed, lo has escuchado bien, \u00a1un verdadero cambio est\u00e1 en marcha! El reciente Foro Empresas y Derechos Humanos ha sido [&hellip;]\" \/>\n<meta property=\"og:url\" content=\"https:\/\/zeromagazine.mx\/index.php\/2024\/05\/23\/empresas-suizas-y-derechos-humanos-en-mexico\/\" \/>\n<meta property=\"og:site_name\" content=\"Zero Magazine\" \/>\n<meta property=\"article:published_time\" content=\"2024-05-23T17:00:00+00:00\" \/>\n<meta property=\"og:image\" content=\"https:\/\/zeromagazine.mx\/wp-content\/uploads\/2024\/05\/unnamed-66-1024x683.jpg\" \/>\n\t<meta property=\"og:image:width\" content=\"1024\" \/>\n\t<meta property=\"og:image:height\" content=\"683\" \/>\n\t<meta property=\"og:image:type\" content=\"image\/jpeg\" \/>\n<meta name=\"author\" content=\"zeromagazinemx\" \/>\n<meta name=\"twitter:card\" content=\"summary_large_image\" \/>\n<meta name=\"twitter:label1\" content=\"Escrito por\" \/>\n\t<meta name=\"twitter:data1\" content=\"zeromagazinemx\" \/>\n\t<meta name=\"twitter:label2\" content=\"Tiempo de lectura\" \/>\n\t<meta name=\"twitter:data2\" content=\"2 minutos\" \/>\n<script type=\"application\/ld+json\" class=\"yoast-schema-graph\">{\"@context\":\"https:\\\/\\\/schema.org\",\"@graph\":[{\"@type\":\"Article\",\"@id\":\"https:\\\/\\\/zeromagazine.mx\\\/index.php\\\/2024\\\/05\\\/23\\\/empresas-suizas-y-derechos-humanos-en-mexico\\\/#article\",\"isPartOf\":{\"@id\":\"https:\\\/\\\/zeromagazine.mx\\\/index.php\\\/2024\\\/05\\\/23\\\/empresas-suizas-y-derechos-humanos-en-mexico\\\/\"},\"author\":{\"name\":\"zeromagazinemx\",\"@id\":\"https:\\\/\\\/zeromagazine.mx\\\/#\\\/schema\\\/person\\\/9aed9f33a7c39af3a348b86d723f7773\"},\"headline\":\"Empresas Suizas y Derechos Humanos en M\u00e9xico\",\"datePublished\":\"2024-05-23T17:00:00+00:00\",\"mainEntityOfPage\":{\"@id\":\"https:\\\/\\\/zeromagazine.mx\\\/index.php\\\/2024\\\/05\\\/23\\\/empresas-suizas-y-derechos-humanos-en-mexico\\\/\"},\"wordCount\":344,\"commentCount\":0,\"publisher\":{\"@id\":\"https:\\\/\\\/zeromagazine.mx\\\/#organization\"},\"image\":{\"@id\":\"https:\\\/\\\/zeromagazine.mx\\\/index.php\\\/2024\\\/05\\\/23\\\/empresas-suizas-y-derechos-humanos-en-mexico\\\/#primaryimage\"},\"thumbnailUrl\":\"https:\\\/\\\/i0.wp.com\\\/zeromagazine.mx\\\/wp-content\\\/uploads\\\/2024\\\/05\\\/unnamed-66.jpg?fit=2500%2C1667&ssl=1\",\"keywords\":[\"CCIS A.C.\",\"Embajada de Suiza\",\"Foro Empresas y Derechos Humanos\",\"M\u00e9xico\"],\"articleSection\":[\"Bienestar\"],\"inLanguage\":\"es\",\"potentialAction\":[{\"@type\":\"CommentAction\",\"name\":\"Comment\",\"target\":[\"https:\\\/\\\/zeromagazine.mx\\\/index.php\\\/2024\\\/05\\\/23\\\/empresas-suizas-y-derechos-humanos-en-mexico\\\/#respond\"]}]},{\"@type\":\"WebPage\",\"@id\":\"https:\\\/\\\/zeromagazine.mx\\\/index.php\\\/2024\\\/05\\\/23\\\/empresas-suizas-y-derechos-humanos-en-mexico\\\/\",\"url\":\"https:\\\/\\\/zeromagazine.mx\\\/index.php\\\/2024\\\/05\\\/23\\\/empresas-suizas-y-derechos-humanos-en-mexico\\\/\",\"name\":\"Empresas Suizas y Derechos Humanos en M\u00e9xico - Zero Magazine\",\"isPartOf\":{\"@id\":\"https:\\\/\\\/zeromagazine.mx\\\/#website\"},\"primaryImageOfPage\":{\"@id\":\"https:\\\/\\\/zeromagazine.mx\\\/index.php\\\/2024\\\/05\\\/23\\\/empresas-suizas-y-derechos-humanos-en-mexico\\\/#primaryimage\"},\"image\":{\"@id\":\"https:\\\/\\\/zeromagazine.mx\\\/index.php\\\/2024\\\/05\\\/23\\\/empresas-suizas-y-derechos-humanos-en-mexico\\\/#primaryimage\"},\"thumbnailUrl\":\"https:\\\/\\\/i0.wp.com\\\/zeromagazine.mx\\\/wp-content\\\/uploads\\\/2024\\\/05\\\/unnamed-66.jpg?fit=2500%2C1667&ssl=1\",\"datePublished\":\"2024-05-23T17:00:00+00:00\",\"breadcrumb\":{\"@id\":\"https:\\\/\\\/zeromagazine.mx\\\/index.php\\\/2024\\\/05\\\/23\\\/empresas-suizas-y-derechos-humanos-en-mexico\\\/#breadcrumb\"},\"inLanguage\":\"es\",\"potentialAction\":[{\"@type\":\"ReadAction\",\"target\":[\"https:\\\/\\\/zeromagazine.mx\\\/index.php\\\/2024\\\/05\\\/23\\\/empresas-suizas-y-derechos-humanos-en-mexico\\\/\"]}]},{\"@type\":\"ImageObject\",\"inLanguage\":\"es\",\"@id\":\"https:\\\/\\\/zeromagazine.mx\\\/index.php\\\/2024\\\/05\\\/23\\\/empresas-suizas-y-derechos-humanos-en-mexico\\\/#primaryimage\",\"url\":\"https:\\\/\\\/i0.wp.com\\\/zeromagazine.mx\\\/wp-content\\\/uploads\\\/2024\\\/05\\\/unnamed-66.jpg?fit=2500%2C1667&ssl=1\",\"contentUrl\":\"https:\\\/\\\/i0.wp.com\\\/zeromagazine.mx\\\/wp-content\\\/uploads\\\/2024\\\/05\\\/unnamed-66.jpg?fit=2500%2C1667&ssl=1\",\"width\":2500,\"height\":1667},{\"@type\":\"BreadcrumbList\",\"@id\":\"https:\\\/\\\/zeromagazine.mx\\\/index.php\\\/2024\\\/05\\\/23\\\/empresas-suizas-y-derechos-humanos-en-mexico\\\/#breadcrumb\",\"itemListElement\":[{\"@type\":\"ListItem\",\"position\":1,\"name\":\"Portada\",\"item\":\"https:\\\/\\\/zeromagazine.mx\\\/\"},{\"@type\":\"ListItem\",\"position\":2,\"name\":\"Empresas Suizas y Derechos Humanos en M\u00e9xico\"}]},{\"@type\":\"WebSite\",\"@id\":\"https:\\\/\\\/zeromagazine.mx\\\/#website\",\"url\":\"https:\\\/\\\/zeromagazine.mx\\\/\",\"name\":\"Zero Magazine\",\"description\":\"\",\"publisher\":{\"@id\":\"https:\\\/\\\/zeromagazine.mx\\\/#organization\"},\"potentialAction\":[{\"@type\":\"SearchAction\",\"target\":{\"@type\":\"EntryPoint\",\"urlTemplate\":\"https:\\\/\\\/zeromagazine.mx\\\/?s={search_term_string}\"},\"query-input\":{\"@type\":\"PropertyValueSpecification\",\"valueRequired\":true,\"valueName\":\"search_term_string\"}}],\"inLanguage\":\"es\"},{\"@type\":\"Organization\",\"@id\":\"https:\\\/\\\/zeromagazine.mx\\\/#organization\",\"name\":\"Zero Magazine\",\"url\":\"https:\\\/\\\/zeromagazine.mx\\\/\",\"logo\":{\"@type\":\"ImageObject\",\"inLanguage\":\"es\",\"@id\":\"https:\\\/\\\/zeromagazine.mx\\\/#\\\/schema\\\/logo\\\/image\\\/\",\"url\":\"https:\\\/\\\/i0.wp.com\\\/zeromagazine.mx\\\/wp-content\\\/uploads\\\/2025\\\/11\\\/1.jpeg?fit=1000%2C1000&ssl=1\",\"contentUrl\":\"https:\\\/\\\/i0.wp.com\\\/zeromagazine.mx\\\/wp-content\\\/uploads\\\/2025\\\/11\\\/1.jpeg?fit=1000%2C1000&ssl=1\",\"width\":1000,\"height\":1000,\"caption\":\"Zero Magazine\"},\"image\":{\"@id\":\"https:\\\/\\\/zeromagazine.mx\\\/#\\\/schema\\\/logo\\\/image\\\/\"},\"sameAs\":[\"https:\\\/\\\/instagram.com\\\/zeromagazinemx\"]},{\"@type\":\"Person\",\"@id\":\"https:\\\/\\\/zeromagazine.mx\\\/#\\\/schema\\\/person\\\/9aed9f33a7c39af3a348b86d723f7773\",\"name\":\"zeromagazinemx\",\"image\":{\"@type\":\"ImageObject\",\"inLanguage\":\"es\",\"@id\":\"https:\\\/\\\/zeromagazine.mx\\\/wp-content\\\/litespeed\\\/avatar\\\/f91dfe5410d5dcb1a576bf8c45983896.jpg?ver=1777571230\",\"url\":\"https:\\\/\\\/zeromagazine.mx\\\/wp-content\\\/litespeed\\\/avatar\\\/f91dfe5410d5dcb1a576bf8c45983896.jpg?ver=1777571230\",\"contentUrl\":\"https:\\\/\\\/zeromagazine.mx\\\/wp-content\\\/litespeed\\\/avatar\\\/f91dfe5410d5dcb1a576bf8c45983896.jpg?ver=1777571230\",\"caption\":\"zeromagazinemx\"},\"url\":\"https:\\\/\\\/zeromagazine.mx\\\/index.php\\\/author\\\/zeromagazinemx\\\/\"}]}<\/script>\n<!-- \/ Yoast SEO plugin. -->","yoast_head_json":{"title":"Empresas Suizas y Derechos Humanos en M\u00e9xico - Zero Magazine","robots":{"index":"index","follow":"follow","max-snippet":"max-snippet:-1","max-image-preview":"max-image-preview:large","max-video-preview":"max-video-preview:-1"},"canonical":"https:\/\/zeromagazine.mx\/index.php\/2024\/05\/23\/empresas-suizas-y-derechos-humanos-en-mexico\/","og_locale":"es_ES","og_type":"article","og_title":"Empresas Suizas y Derechos Humanos en M\u00e9xico - Zero Magazine","og_description":"La Embajada de Suiza y la Cohesi\u00f3n Comunitaria e Innovaci\u00f3n Social (CCIS A.C.) han unido fuerzas en un esfuerzo incre\u00edble para impulsar el respeto de los Derechos Humanos en las operaciones empresariales aqu\u00ed en M\u00e9xico. S\u00ed, lo has escuchado bien, \u00a1un verdadero cambio est\u00e1 en marcha! El reciente Foro Empresas y Derechos Humanos ha sido [&hellip;]","og_url":"https:\/\/zeromagazine.mx\/index.php\/2024\/05\/23\/empresas-suizas-y-derechos-humanos-en-mexico\/","og_site_name":"Zero Magazine","article_published_time":"2024-05-23T17:00:00+00:00","og_image":[{"width":1024,"height":683,"url":"https:\/\/zeromagazine.mx\/wp-content\/uploads\/2024\/05\/unnamed-66-1024x683.jpg","type":"image\/jpeg"}],"author":"zeromagazinemx","twitter_card":"summary_large_image","twitter_misc":{"Escrito por":"zeromagazinemx","Tiempo de lectura":"2 minutos"},"schema":{"@context":"https:\/\/schema.org","@graph":[{"@type":"Article","@id":"https:\/\/zeromagazine.mx\/index.php\/2024\/05\/23\/empresas-suizas-y-derechos-humanos-en-mexico\/#article","isPartOf":{"@id":"https:\/\/zeromagazine.mx\/index.php\/2024\/05\/23\/empresas-suizas-y-derechos-humanos-en-mexico\/"},"author":{"name":"zeromagazinemx","@id":"https:\/\/zeromagazine.mx\/#\/schema\/person\/9aed9f33a7c39af3a348b86d723f7773"},"headline":"Empresas Suizas y Derechos Humanos en M\u00e9xico","datePublished":"2024-05-23T17:00:00+00:00","mainEntityOfPage":{"@id":"https:\/\/zeromagazine.mx\/index.php\/2024\/05\/23\/empresas-suizas-y-derechos-humanos-en-mexico\/"},"wordCount":344,"commentCount":0,"publisher":{"@id":"https:\/\/zeromagazine.mx\/#organization"},"image":{"@id":"https:\/\/zeromagazine.mx\/index.php\/2024\/05\/23\/empresas-suizas-y-derechos-humanos-en-mexico\/#primaryimage"},"thumbnailUrl":"https:\/\/i0.wp.com\/zeromagazine.mx\/wp-content\/uploads\/2024\/05\/unnamed-66.jpg?fit=2500%2C1667&ssl=1","keywords":["CCIS A.C.","Embajada de Suiza","Foro Empresas y Derechos Humanos","M\u00e9xico"],"articleSection":["Bienestar"],"inLanguage":"es","potentialAction":[{"@type":"CommentAction","name":"Comment","target":["https:\/\/zeromagazine.mx\/index.php\/2024\/05\/23\/empresas-suizas-y-derechos-humanos-en-mexico\/#respond"]}]},{"@type":"WebPage","@id":"https:\/\/zeromagazine.mx\/index.php\/2024\/05\/23\/empresas-suizas-y-derechos-humanos-en-mexico\/","url":"https:\/\/zeromagazine.mx\/index.php\/2024\/05\/23\/empresas-suizas-y-derechos-humanos-en-mexico\/","name":"Empresas Suizas y Derechos Humanos en M\u00e9xico - Zero Magazine","isPartOf":{"@id":"https:\/\/zeromagazine.mx\/#website"},"primaryImageOfPage":{"@id":"https:\/\/zeromagazine.mx\/index.php\/2024\/05\/23\/empresas-suizas-y-derechos-humanos-en-mexico\/#primaryimage"},"image":{"@id":"https:\/\/zeromagazine.mx\/index.php\/2024\/05\/23\/empresas-suizas-y-derechos-humanos-en-mexico\/#primaryimage"},"thumbnailUrl":"https:\/\/i0.wp.com\/zeromagazine.mx\/wp-content\/uploads\/2024\/05\/unnamed-66.jpg?fit=2500%2C1667&ssl=1","datePublished":"2024-05-23T17:00:00+00:00","breadcrumb":{"@id":"https:\/\/zeromagazine.mx\/index.php\/2024\/05\/23\/empresas-suizas-y-derechos-humanos-en-mexico\/#breadcrumb"},"inLanguage":"es","potentialAction":[{"@type":"ReadAction","target":["https:\/\/zeromagazine.mx\/index.php\/2024\/05\/23\/empresas-suizas-y-derechos-humanos-en-mexico\/"]}]},{"@type":"ImageObject","inLanguage":"es","@id":"https:\/\/zeromagazine.mx\/index.php\/2024\/05\/23\/empresas-suizas-y-derechos-humanos-en-mexico\/#primaryimage","url":"https:\/\/i0.wp.com\/zeromagazine.mx\/wp-content\/uploads\/2024\/05\/unnamed-66.jpg?fit=2500%2C1667&ssl=1","contentUrl":"https:\/\/i0.wp.com\/zeromagazine.mx\/wp-content\/uploads\/2024\/05\/unnamed-66.jpg?fit=2500%2C1667&ssl=1","width":2500,"height":1667},{"@type":"BreadcrumbList","@id":"https:\/\/zeromagazine.mx\/index.php\/2024\/05\/23\/empresas-suizas-y-derechos-humanos-en-mexico\/#breadcrumb","itemListElement":[{"@type":"ListItem","position":1,"name":"Portada","item":"https:\/\/zeromagazine.mx\/"},{"@type":"ListItem","position":2,"name":"Empresas Suizas y Derechos Humanos en M\u00e9xico"}]},{"@type":"WebSite","@id":"https:\/\/zeromagazine.mx\/#website","url":"https:\/\/zeromagazine.mx\/","name":"Zero Magazine","description":"","publisher":{"@id":"https:\/\/zeromagazine.mx\/#organization"},"potentialAction":[{"@type":"SearchAction","target":{"@type":"EntryPoint","urlTemplate":"https:\/\/zeromagazine.mx\/?s={search_term_string}"},"query-input":{"@type":"PropertyValueSpecification","valueRequired":true,"valueName":"search_term_string"}}],"inLanguage":"es"},{"@type":"Organization","@id":"https:\/\/zeromagazine.mx\/#organization","name":"Zero Magazine","url":"https:\/\/zeromagazine.mx\/","logo":{"@type":"ImageObject","inLanguage":"es","@id":"https:\/\/zeromagazine.mx\/#\/schema\/logo\/image\/","url":"https:\/\/i0.wp.com\/zeromagazine.mx\/wp-content\/uploads\/2025\/11\/1.jpeg?fit=1000%2C1000&ssl=1","contentUrl":"https:\/\/i0.wp.com\/zeromagazine.mx\/wp-content\/uploads\/2025\/11\/1.jpeg?fit=1000%2C1000&ssl=1","width":1000,"height":1000,"caption":"Zero Magazine"},"image":{"@id":"https:\/\/zeromagazine.mx\/#\/schema\/logo\/image\/"},"sameAs":["https:\/\/instagram.com\/zeromagazinemx"]},{"@type":"Person","@id":"https:\/\/zeromagazine.mx\/#\/schema\/person\/9aed9f33a7c39af3a348b86d723f7773","name":"zeromagazinemx","image":{"@type":"ImageObject","inLanguage":"es","@id":"https:\/\/zeromagazine.mx\/wp-content\/litespeed\/avatar\/f91dfe5410d5dcb1a576bf8c45983896.jpg?ver=1777571230","url":"https:\/\/zeromagazine.mx\/wp-content\/litespeed\/avatar\/f91dfe5410d5dcb1a576bf8c45983896.jpg?ver=1777571230","contentUrl":"https:\/\/zeromagazine.mx\/wp-content\/litespeed\/avatar\/f91dfe5410d5dcb1a576bf8c45983896.jpg?ver=1777571230","caption":"zeromagazinemx"},"url":"https:\/\/zeromagazine.mx\/index.php\/author\/zeromagazinemx\/"}]}},"jetpack_publicize_connections":[],"jetpack_featured_media_url":"https:\/\/i0.wp.com\/zeromagazine.mx\/wp-content\/uploads\/2024\/05\/unnamed-66.jpg?fit=2500%2C1667&ssl=1","jetpack-related-posts":[{"id":97838,"url":"https:\/\/zeromagazine.mx\/index.php\/2025\/02\/24\/innovacion-suiza-en-mexico\/","url_meta":{"origin":76447,"position":0},"title":"Innovaci\u00f3n de Suiza en M\u00e9xico","author":"David Morales","date":"24 de febrero de 2025","format":false,"excerpt":"En un mundo donde la sostenibilidad ya no es una opci\u00f3n, sino una necesidad, Suiza est\u00e1 demostrando que la innovaci\u00f3n puede ser la clave para generar un impacto real. En el Foro Latinoamericano de Inversi\u00f3n de Impacto (FLII) 2025, la embajada suiza y grandes empresas como Nestl\u00e9 y Holcim llegan\u2026","rel":"","context":"En \u00abCultura\u00bb","block_context":{"text":"Cultura","link":"https:\/\/zeromagazine.mx\/index.php\/category\/cultura\/"},"img":{"alt_text":"","src":"https:\/\/i0.wp.com\/zeromagazine.mx\/wp-content\/uploads\/2025\/03\/Delegaciones.jpg?fit=1200%2C801&ssl=1&resize=350%2C200","width":350,"height":200,"srcset":"https:\/\/i0.wp.com\/zeromagazine.mx\/wp-content\/uploads\/2025\/03\/Delegaciones.jpg?fit=1200%2C801&ssl=1&resize=350%2C200 1x, https:\/\/i0.wp.com\/zeromagazine.mx\/wp-content\/uploads\/2025\/03\/Delegaciones.jpg?fit=1200%2C801&ssl=1&resize=525%2C300 1.5x, https:\/\/i0.wp.com\/zeromagazine.mx\/wp-content\/uploads\/2025\/03\/Delegaciones.jpg?fit=1200%2C801&ssl=1&resize=700%2C400 2x, https:\/\/i0.wp.com\/zeromagazine.mx\/wp-content\/uploads\/2025\/03\/Delegaciones.jpg?fit=1200%2C801&ssl=1&resize=1050%2C600 3x"},"classes":[]},{"id":79546,"url":"https:\/\/zeromagazine.mx\/index.php\/2024\/06\/27\/startup-exchange-2024-innovacion-sin-fronteras\/","url_meta":{"origin":76447,"position":1},"title":"Startup Exchange 2024: Innovaci\u00f3n sin Fronteras","author":"zeromagazinemx","date":"27 de junio de 2024","format":false,"excerpt":"\u00bfSe enteraron de la \u00faltima movida en innovaci\u00f3n que sacudi\u00f3 la Ciudad de M\u00e9xico? \u00a1La Embajada de Suiza tir\u00f3 la casa por la ventana con el \"Startup Exchange Suiza y M\u00e9xico 2024\"! El rollo es que el 25 de junio de 2025, la embajada fue el epicentro donde se unieron\u2026","rel":"","context":"En \u00abBlog\u00bb","block_context":{"text":"Blog","link":"https:\/\/zeromagazine.mx\/index.php\/category\/blog\/"},"img":{"alt_text":"","src":"https:\/\/i0.wp.com\/zeromagazine.mx\/wp-content\/uploads\/2024\/06\/IMG_1636-scaled.jpg?fit=1200%2C785&ssl=1&resize=350%2C200","width":350,"height":200,"srcset":"https:\/\/i0.wp.com\/zeromagazine.mx\/wp-content\/uploads\/2024\/06\/IMG_1636-scaled.jpg?fit=1200%2C785&ssl=1&resize=350%2C200 1x, https:\/\/i0.wp.com\/zeromagazine.mx\/wp-content\/uploads\/2024\/06\/IMG_1636-scaled.jpg?fit=1200%2C785&ssl=1&resize=525%2C300 1.5x, https:\/\/i0.wp.com\/zeromagazine.mx\/wp-content\/uploads\/2024\/06\/IMG_1636-scaled.jpg?fit=1200%2C785&ssl=1&resize=700%2C400 2x, https:\/\/i0.wp.com\/zeromagazine.mx\/wp-content\/uploads\/2024\/06\/IMG_1636-scaled.jpg?fit=1200%2C785&ssl=1&resize=1050%2C600 3x"},"classes":[]},{"id":50305,"url":"https:\/\/zeromagazine.mx\/index.php\/2021\/07\/17\/la-embajada-de-mexico-en-suiza-presenta-la-exhibicion-presencias-de-lo-ausente-de-cecilia-mancera\/","url_meta":{"origin":76447,"position":2},"title":"La Embajada de M\u00e9xico en Suiza presenta la exhibici\u00f3n \u201cPresencias de lo ausente\u201d de Cecilia Mancera","author":"zeromagazinemx","date":"17 de julio de 2021","format":false,"excerpt":"Mancera comparte con el espectador sentimientos y reflexiones en torno al paso del tiempo y lo ef\u00edmero en cada instante en las 31 obras que conforman la exposici\u00f3n. Por Moises Kushelevich \u201cPresencias de los ausente\u201d es la primera exhibici\u00f3n organizada por la Embajada de M\u00e9xico en Suiza en formato digital,\u2026","rel":"","context":"En \u00abLifestyle\u00bb","block_context":{"text":"Lifestyle","link":"https:\/\/zeromagazine.mx\/index.php\/category\/lifestyle\/"},"img":{"alt_text":"","src":"","width":0,"height":0},"classes":[]},{"id":77715,"url":"https:\/\/zeromagazine.mx\/index.php\/2024\/06\/11\/lucha-verde-en-el-corazon-de-la-ciudad-un-domingo-por-el-clima-en-paseo-de-la-reforma\/","url_meta":{"origin":76447,"position":3},"title":"Lucha Verde en el Coraz\u00f3n de la Ciudad: \u00a1Un Domingo por el Clima en Paseo de la Reforma!","author":"zeromagazinemx","date":"11 de junio de 2024","format":false,"excerpt":"Hoy quiero platicarles sobre un evento que est\u00e1 a punto de llegar y que est\u00e1 \u00a1s\u00faper emocionante! La Embajada de Suiza en M\u00e9xico y la Secretar\u00eda de Turismo de la CDMX se est\u00e1n uniendo para hacerle frente al cambio clim\u00e1tico de una manera \u00e9pica: \u00a1con lucha libre! As\u00ed es, est\u00e1s\u2026","rel":"","context":"En \u00abBlog\u00bb","block_context":{"text":"Blog","link":"https:\/\/zeromagazine.mx\/index.php\/category\/blog\/"},"img":{"alt_text":"","src":"https:\/\/i0.wp.com\/zeromagazine.mx\/wp-content\/uploads\/2024\/06\/unnamed-4-1.png?fit=960%2C1200&ssl=1&resize=350%2C200","width":350,"height":200,"srcset":"https:\/\/i0.wp.com\/zeromagazine.mx\/wp-content\/uploads\/2024\/06\/unnamed-4-1.png?fit=960%2C1200&ssl=1&resize=350%2C200 1x, https:\/\/i0.wp.com\/zeromagazine.mx\/wp-content\/uploads\/2024\/06\/unnamed-4-1.png?fit=960%2C1200&ssl=1&resize=525%2C300 1.5x, https:\/\/i0.wp.com\/zeromagazine.mx\/wp-content\/uploads\/2024\/06\/unnamed-4-1.png?fit=960%2C1200&ssl=1&resize=700%2C400 2x"},"classes":[]},{"id":46525,"url":"https:\/\/zeromagazine.mx\/index.php\/2021\/06\/01\/pink-market-y-economia-lgbt\/","url_meta":{"origin":76447,"position":4},"title":"Pink Market y Econom\u00eda LGBT+","author":"zeromagazinemx","date":"1 de junio de 2021","format":false,"excerpt":"Este Mes de Junio est\u00e1 dedicado a la Comunidad LGBT+ y es muy importante conocer m\u00e1s acerca de c\u00f3mo se encuentran sus tendencias de consumo y el gran aporte que genera la Comunidad LGTB+ a la econom\u00eda. por Eduardo Flores Ortiz Los esfuerzos hacia la inclusi\u00f3n de la Comunidad LGBT+\u2026","rel":"","context":"En \u00abDinero\u00bb","block_context":{"text":"Dinero","link":"https:\/\/zeromagazine.mx\/index.php\/category\/dinero\/"},"img":{"alt_text":"","src":"","width":0,"height":0},"classes":[]},{"id":47187,"url":"https:\/\/zeromagazine.mx\/index.php\/2021\/06\/09\/discriminacion-la-otra-cara-de-la-comunidad-lgbttt\/","url_meta":{"origin":76447,"position":5},"title":"DISCRIMINACI\u00d3N, LA OTRA CARA DE LA COMUNIDAD LGBTTT","author":"zeromagazinemx","date":"9 de junio de 2021","format":false,"excerpt":"M\u00e9xico es un pa\u00eds que se caracteriza por muchas cuestiones; su turismo, su gastronom\u00eda, su solidaridad en momentos desastrosos pero tambi\u00e9n con su pr\u00f3jimo, al ser as\u00ed suena incre\u00edble que pueda existir a\u00fan en pleno Siglo XXI el machismo y la misoginia. Ha habido muchos llamados al Gobierno y a\u2026","rel":"","context":"En \u00abBienestar\u00bb","block_context":{"text":"Bienestar","link":"https:\/\/zeromagazine.mx\/index.php\/category\/lifestyle\/bienestar\/"},"img":{"alt_text":"","src":"","width":0,"height":0},"classes":[]}],"jetpack_sharing_enabled":true,"builder_content":"","_links":{"self":[{"href":"https:\/\/zeromagazine.mx\/index.php\/wp-json\/wp\/v2\/posts\/76447","targetHints":{"allow":["GET"]}}],"collection":[{"href":"https:\/\/zeromagazine.mx\/index.php\/wp-json\/wp\/v2\/posts"}],"about":[{"href":"https:\/\/zeromagazine.mx\/index.php\/wp-json\/wp\/v2\/types\/post"}],"author":[{"embeddable":true,"href":"https:\/\/zeromagazine.mx\/index.php\/wp-json\/wp\/v2\/users\/2"}],"replies":[{"embeddable":true,"href":"https:\/\/zeromagazine.mx\/index.php\/wp-json\/wp\/v2\/comments?post=76447"}],"version-history":[{"count":2,"href":"https:\/\/zeromagazine.mx\/index.php\/wp-json\/wp\/v2\/posts\/76447\/revisions"}],"predecessor-version":[{"id":76451,"href":"https:\/\/zeromagazine.mx\/index.php\/wp-json\/wp\/v2\/posts\/76447\/revisions\/76451"}],"wp:featuredmedia":[{"embeddable":true,"href":"https:\/\/zeromagazine.mx\/index.php\/wp-json\/wp\/v2\/media\/76449"}],"wp:attachment":[{"href":"https:\/\/zeromagazine.mx\/index.php\/wp-json\/wp\/v2\/media?parent=76447"}],"wp:term":[{"taxonomy":"category","embeddable":true,"href":"https:\/\/zeromagazine.mx\/index.php\/wp-json\/wp\/v2\/categories?post=76447"},{"taxonomy":"post_tag","embeddable":true,"href":"https:\/\/zeromagazine.mx\/index.php\/wp-json\/wp\/v2\/tags?post=76447"}],"curies":[{"name":"wp","href":"https:\/\/api.w.org\/{rel}","templated":true}]}}