{"id":76828,"date":"2024-05-31T00:08:21","date_gmt":"2024-05-30T22:08:21","guid":{"rendered":"https:\/\/zeromagazine.mx\/?p=76828"},"modified":"2024-05-31T00:09:06","modified_gmt":"2024-05-30T22:09:06","slug":"shein-x-unidesign-impulsando-el-talento-mexicano-en-la-moda","status":"publish","type":"post","link":"https:\/\/zeromagazine.mx\/index.php\/2024\/05\/31\/shein-x-unidesign-impulsando-el-talento-mexicano-en-la-moda\/","title":{"rendered":"SHEIN x UniDesign: Impulsando el Talento Mexicano en la Moda"},"content":{"rendered":"<p>Les traigo una noticia s\u00faper chida que est\u00e1 revolucionando el mundo de la moda en M\u00e9xico. El proyecto \u00abSHEIN x UniDesign\u00bb ha llegado a su etapa final, y la Universidad An\u00e1huac M\u00e9xico, Campus Norte, fue la sede de este emocionante evento. SHEIN, en colaboraci\u00f3n con la universidad, ha potenciado a 15 estudiantes de la Facultad de Dise\u00f1o de Moda e Innovaci\u00f3n a trav\u00e9s de un desaf\u00edo creativo inspirado en la cultura mexicana.<\/p>\n\n\n\n<script async src=\"https:\/\/pagead2.googlesyndication.com\/pagead\/js\/adsbygoogle.js?client=ca-pub-5499304793904745\"\n     crossorigin=\"anonymous\"><\/script>\n<ins class=\"adsbygoogle\"\n     style=\"display:block; text-align:center;\"\n     data-ad-layout=\"in-article\"\n     data-ad-format=\"fluid\"\n     data-ad-client=\"ca-pub-5499304793904745\"\n     data-ad-slot=\"5994863093\"><\/ins>\n<script>\n     (adsbygoogle = window.adsbygoogle || []).push({});\n<\/script>\n\n\n\n<p><\/p>\n\n\n\n<p>Para empezar, este proyecto no es cualquier cosa. La etapa final culmin\u00f3 en un desfile de moda y una exposici\u00f3n donde los estudiantes finalistas presentaron sus proyectos. Imag\u00ednense la emoci\u00f3n de mostrar sus dise\u00f1os ante un panel de expertos en moda, incluyendo a Priscila Escoto, una Fashion Influencer muy destacada; Jonathan Morales, Director Creativo de No Name Studio; y Constanza Alcocer, Editora en Jefe de una revista s\u00faper importante de moda y estilo de vida. Adem\u00e1s, evaluaron a cada participante bajo diez criterios, como creatividad, originalidad e innovaci\u00f3n.<\/p>\n\n\n\n<script async src=\"https:\/\/pagead2.googlesyndication.com\/pagead\/js\/adsbygoogle.js?client=ca-pub-5499304793904745\"\r\n     crossorigin=\"anonymous\"><\/script>\r\n<ins class=\"adsbygoogle\"\r\n     style=\"display:block; text-align:center;\"\r\n     data-ad-layout=\"in-article\"\r\n     data-ad-format=\"fluid\"\r\n     data-ad-client=\"ca-pub-5499304793904745\"\r\n     data-ad-slot=\"5994863093\"><\/ins>\r\n<script>\r\n     (adsbygoogle = window.adsbygoogle || []).push({});\r\n<\/script>\n\n\n\n<p>Adem\u00e1s, lo m\u00e1s cool es que los alumnos usaron prendas recicladas donadas por el p\u00fablico en una pop-up store en Veracruz, como parte del programa The Next Cycle. Tambi\u00e9n utilizaron textiles del programa evoluSHEIN, hechos de poli\u00e9ster reciclado y viscosa de plantaciones forestales certificadas. <\/p>\n\n\n\n<p>Por otro lado, SHEIN hizo algo muy innovador al invitar al p\u00fablico a participar en el proceso de selecci\u00f3n. A trav\u00e9s del sitio oficial de SHEIN, los usuarios pudieron ver los sketches de los alumnos una semana antes y votar por sus favoritos. Esto agreg\u00f3 un nivel extra de emoci\u00f3n y participaci\u00f3n, destacando el apoyo de la comunidad en el evento.<\/p>\n\n\n<div class=\"wp-block-image\">\n<figure class=\"aligncenter size-large\"><img data-recalc-dims=\"1\" decoding=\"async\" width=\"1024\" height=\"683\" src=\"https:\/\/i0.wp.com\/zeromagazine.mx\/wp-content\/uploads\/2024\/05\/H7A2961-1-1024x683.jpg?resize=1024%2C683&#038;ssl=1\" alt=\"\" class=\"wp-image-76831\" srcset=\"https:\/\/i0.wp.com\/zeromagazine.mx\/wp-content\/uploads\/2024\/05\/H7A2961-1-scaled.jpg?resize=1024%2C683&amp;ssl=1 1024w, https:\/\/i0.wp.com\/zeromagazine.mx\/wp-content\/uploads\/2024\/05\/H7A2961-1-scaled.jpg?resize=300%2C200&amp;ssl=1 300w, https:\/\/i0.wp.com\/zeromagazine.mx\/wp-content\/uploads\/2024\/05\/H7A2961-1-scaled.jpg?resize=768%2C512&amp;ssl=1 768w, https:\/\/i0.wp.com\/zeromagazine.mx\/wp-content\/uploads\/2024\/05\/H7A2961-1-scaled.jpg?resize=1536%2C1024&amp;ssl=1 1536w, https:\/\/i0.wp.com\/zeromagazine.mx\/wp-content\/uploads\/2024\/05\/H7A2961-1-scaled.jpg?resize=2048%2C1365&amp;ssl=1 2048w, https:\/\/i0.wp.com\/zeromagazine.mx\/wp-content\/uploads\/2024\/05\/H7A2961-1-scaled.jpg?w=2330 2330w\" sizes=\"(max-width: 1024px) 100vw, 1024px\" \/><\/figure>\n<\/div>\n\n\n<p><\/p>\n\n\n\n<p>Finalmente, los tres finalistas recibieron un apoyo educativo incre\u00edble. El primer y segundo lugar tendr\u00e1n la oportunidad de participar en el programa de incubaci\u00f3n de SHEIN X, donde ser\u00e1n guiados por el equipo de SHEIN para impulsar sus dise\u00f1os a nivel global. Las tres ganadoras fueron: Natalie Labastida con su inspiraci\u00f3n \u00abRa\u00edces Urbanas\u00bb, Anastasia Callejas con \u00abEl cobre\u00bb de Santa Clara del Cobre, Michoac\u00e1n, y Brenda Le\u00f3n con \u00abLos Mariachis\u00bb.<\/p>\n\n\n\n<script async src=\"https:\/\/pagead2.googlesyndication.com\/pagead\/js\/adsbygoogle.js?client=ca-pub-5499304793904745\"\r\n     crossorigin=\"anonymous\"><\/script>\r\n<ins class=\"adsbygoogle\"\r\n     style=\"display:block; text-align:center;\"\r\n     data-ad-layout=\"in-article\"\r\n     data-ad-format=\"fluid\"\r\n     data-ad-client=\"ca-pub-5499304793904745\"\r\n     data-ad-slot=\"5994863093\"><\/ins>\r\n<script>\r\n     (adsbygoogle = window.adsbygoogle || []).push({});\r\n<\/script>\n\n\n\n<p> \u00abSHEIN x UniDesign\u00bb es una oportunidad emocionante para que los j\u00f3venes talentos mexicanos se destaquen en la industria de la moda. Este proyecto subraya el compromiso de SHEIN con la creatividad y la innovaci\u00f3n en M\u00e9xico y m\u00e1s all\u00e1. No se pierdan la oportunidad de conocer a estos talentosos estudiantes y todo su proceso creativo en nuestro sitio web. \u00a1Corran a visitar shein.com.mx para m\u00e1s info!<\/p>\n\n<!--themify_builder_content-->\n<div id=\"themify_builder_content-76828\" data-postid=\"76828\" class=\"themify_builder_content themify_builder_content-76828 themify_builder tf_clear\">\n    <\/div>\n<!--\/themify_builder_content-->","protected":false},"excerpt":{"rendered":"<p>Les traigo una noticia s\u00faper chida que est\u00e1 revolucionando el mundo de la moda en M\u00e9xico. El proyecto \u00abSHEIN x UniDesign\u00bb ha llegado a su etapa final, y la Universidad An\u00e1huac M\u00e9xico, Campus Norte, fue la sede de este emocionante evento. SHEIN, en colaboraci\u00f3n con la universidad, ha potenciado a 15 estudiantes de la Facultad [&hellip;]<\/p>\n","protected":false},"author":4,"featured_media":76829,"comment_status":"open","ping_status":"open","sticky":false,"template":"","format":"standard","meta":{"_jetpack_memberships_contains_paid_content":false,"footnotes":"","jetpack_publicize_message":"","jetpack_publicize_feature_enabled":true,"jetpack_social_post_already_shared":true,"jetpack_social_options":{"image_generator_settings":{"template":"highway","default_image_id":0,"font":"","enabled":false},"version":2}},"categories":[67],"tags":[6679,6141,6899],"class_list":["post-76828","post","type-post","status-publish","format-standard","has-post-thumbnail","hentry","category-moda","tag-mexico-3","tag-shein","tag-talento","has-post-title","has-post-date","has-post-category","has-post-tag","has-post-comment","has-post-author",""],"yoast_head":"<!-- This site is optimized with the Yoast SEO plugin v27.5 - https:\/\/yoast.com\/product\/yoast-seo-wordpress\/ -->\n<title>SHEIN x UniDesign: Impulsando el Talento Mexicano en la Moda - Zero Magazine<\/title>\n<meta name=\"robots\" content=\"index, follow, max-snippet:-1, max-image-preview:large, max-video-preview:-1\" \/>\n<link rel=\"canonical\" href=\"https:\/\/zeromagazine.mx\/index.php\/2024\/05\/31\/shein-x-unidesign-impulsando-el-talento-mexicano-en-la-moda\/\" \/>\n<meta property=\"og:locale\" content=\"es_ES\" \/>\n<meta property=\"og:type\" content=\"article\" \/>\n<meta property=\"og:title\" content=\"SHEIN x UniDesign: Impulsando el Talento Mexicano en la Moda - Zero Magazine\" \/>\n<meta property=\"og:description\" content=\"Les traigo una noticia s\u00faper chida que est\u00e1 revolucionando el mundo de la moda en M\u00e9xico. El proyecto \u00abSHEIN x UniDesign\u00bb ha llegado a su etapa final, y la Universidad An\u00e1huac M\u00e9xico, Campus Norte, fue la sede de este emocionante evento. SHEIN, en colaboraci\u00f3n con la universidad, ha potenciado a 15 estudiantes de la Facultad [&hellip;]\" \/>\n<meta property=\"og:url\" content=\"https:\/\/zeromagazine.mx\/index.php\/2024\/05\/31\/shein-x-unidesign-impulsando-el-talento-mexicano-en-la-moda\/\" \/>\n<meta property=\"og:site_name\" content=\"Zero Magazine\" \/>\n<meta property=\"article:published_time\" content=\"2024-05-30T22:08:21+00:00\" \/>\n<meta property=\"article:modified_time\" content=\"2024-05-30T22:09:06+00:00\" \/>\n<meta property=\"og:image\" content=\"https:\/\/i0.wp.com\/zeromagazine.mx\/wp-content\/uploads\/2024\/05\/H7A2106-scaled.jpg?fit=2560%2C1707&ssl=1\" \/>\n\t<meta property=\"og:image:width\" content=\"2560\" \/>\n\t<meta property=\"og:image:height\" content=\"1707\" \/>\n\t<meta property=\"og:image:type\" content=\"image\/jpeg\" \/>\n<meta name=\"author\" content=\"David Morales\" \/>\n<meta name=\"twitter:card\" content=\"summary_large_image\" \/>\n<meta name=\"twitter:label1\" content=\"Escrito por\" \/>\n\t<meta name=\"twitter:data1\" content=\"David Morales\" \/>\n\t<meta name=\"twitter:label2\" content=\"Tiempo de lectura\" \/>\n\t<meta name=\"twitter:data2\" content=\"2 minutos\" \/>\n<script type=\"application\/ld+json\" class=\"yoast-schema-graph\">{\"@context\":\"https:\\\/\\\/schema.org\",\"@graph\":[{\"@type\":\"Article\",\"@id\":\"https:\\\/\\\/zeromagazine.mx\\\/index.php\\\/2024\\\/05\\\/31\\\/shein-x-unidesign-impulsando-el-talento-mexicano-en-la-moda\\\/#article\",\"isPartOf\":{\"@id\":\"https:\\\/\\\/zeromagazine.mx\\\/index.php\\\/2024\\\/05\\\/31\\\/shein-x-unidesign-impulsando-el-talento-mexicano-en-la-moda\\\/\"},\"author\":{\"name\":\"David Morales\",\"@id\":\"https:\\\/\\\/zeromagazine.mx\\\/#\\\/schema\\\/person\\\/9f7f1a17c60ba8e9980e3e6677aabe5a\"},\"headline\":\"SHEIN x UniDesign: Impulsando el Talento Mexicano en la Moda\",\"datePublished\":\"2024-05-30T22:08:21+00:00\",\"dateModified\":\"2024-05-30T22:09:06+00:00\",\"mainEntityOfPage\":{\"@id\":\"https:\\\/\\\/zeromagazine.mx\\\/index.php\\\/2024\\\/05\\\/31\\\/shein-x-unidesign-impulsando-el-talento-mexicano-en-la-moda\\\/\"},\"wordCount\":452,\"commentCount\":0,\"publisher\":{\"@id\":\"https:\\\/\\\/zeromagazine.mx\\\/#organization\"},\"image\":{\"@id\":\"https:\\\/\\\/zeromagazine.mx\\\/index.php\\\/2024\\\/05\\\/31\\\/shein-x-unidesign-impulsando-el-talento-mexicano-en-la-moda\\\/#primaryimage\"},\"thumbnailUrl\":\"https:\\\/\\\/i0.wp.com\\\/zeromagazine.mx\\\/wp-content\\\/uploads\\\/2024\\\/05\\\/H7A2106-scaled.jpg?fit=2560%2C1707&ssl=1\",\"keywords\":[\"M\u00e9xico\",\"Shein\",\"talento\"],\"articleSection\":[\"Moda\"],\"inLanguage\":\"es\",\"potentialAction\":[{\"@type\":\"CommentAction\",\"name\":\"Comment\",\"target\":[\"https:\\\/\\\/zeromagazine.mx\\\/index.php\\\/2024\\\/05\\\/31\\\/shein-x-unidesign-impulsando-el-talento-mexicano-en-la-moda\\\/#respond\"]}]},{\"@type\":\"WebPage\",\"@id\":\"https:\\\/\\\/zeromagazine.mx\\\/index.php\\\/2024\\\/05\\\/31\\\/shein-x-unidesign-impulsando-el-talento-mexicano-en-la-moda\\\/\",\"url\":\"https:\\\/\\\/zeromagazine.mx\\\/index.php\\\/2024\\\/05\\\/31\\\/shein-x-unidesign-impulsando-el-talento-mexicano-en-la-moda\\\/\",\"name\":\"SHEIN x UniDesign: Impulsando el Talento Mexicano en la Moda - Zero Magazine\",\"isPartOf\":{\"@id\":\"https:\\\/\\\/zeromagazine.mx\\\/#website\"},\"primaryImageOfPage\":{\"@id\":\"https:\\\/\\\/zeromagazine.mx\\\/index.php\\\/2024\\\/05\\\/31\\\/shein-x-unidesign-impulsando-el-talento-mexicano-en-la-moda\\\/#primaryimage\"},\"image\":{\"@id\":\"https:\\\/\\\/zeromagazine.mx\\\/index.php\\\/2024\\\/05\\\/31\\\/shein-x-unidesign-impulsando-el-talento-mexicano-en-la-moda\\\/#primaryimage\"},\"thumbnailUrl\":\"https:\\\/\\\/i0.wp.com\\\/zeromagazine.mx\\\/wp-content\\\/uploads\\\/2024\\\/05\\\/H7A2106-scaled.jpg?fit=2560%2C1707&ssl=1\",\"datePublished\":\"2024-05-30T22:08:21+00:00\",\"dateModified\":\"2024-05-30T22:09:06+00:00\",\"breadcrumb\":{\"@id\":\"https:\\\/\\\/zeromagazine.mx\\\/index.php\\\/2024\\\/05\\\/31\\\/shein-x-unidesign-impulsando-el-talento-mexicano-en-la-moda\\\/#breadcrumb\"},\"inLanguage\":\"es\",\"potentialAction\":[{\"@type\":\"ReadAction\",\"target\":[\"https:\\\/\\\/zeromagazine.mx\\\/index.php\\\/2024\\\/05\\\/31\\\/shein-x-unidesign-impulsando-el-talento-mexicano-en-la-moda\\\/\"]}]},{\"@type\":\"ImageObject\",\"inLanguage\":\"es\",\"@id\":\"https:\\\/\\\/zeromagazine.mx\\\/index.php\\\/2024\\\/05\\\/31\\\/shein-x-unidesign-impulsando-el-talento-mexicano-en-la-moda\\\/#primaryimage\",\"url\":\"https:\\\/\\\/i0.wp.com\\\/zeromagazine.mx\\\/wp-content\\\/uploads\\\/2024\\\/05\\\/H7A2106-scaled.jpg?fit=2560%2C1707&ssl=1\",\"contentUrl\":\"https:\\\/\\\/i0.wp.com\\\/zeromagazine.mx\\\/wp-content\\\/uploads\\\/2024\\\/05\\\/H7A2106-scaled.jpg?fit=2560%2C1707&ssl=1\",\"width\":2560,\"height\":1707},{\"@type\":\"BreadcrumbList\",\"@id\":\"https:\\\/\\\/zeromagazine.mx\\\/index.php\\\/2024\\\/05\\\/31\\\/shein-x-unidesign-impulsando-el-talento-mexicano-en-la-moda\\\/#breadcrumb\",\"itemListElement\":[{\"@type\":\"ListItem\",\"position\":1,\"name\":\"Portada\",\"item\":\"https:\\\/\\\/zeromagazine.mx\\\/\"},{\"@type\":\"ListItem\",\"position\":2,\"name\":\"SHEIN x UniDesign: Impulsando el Talento Mexicano en la Moda\"}]},{\"@type\":\"WebSite\",\"@id\":\"https:\\\/\\\/zeromagazine.mx\\\/#website\",\"url\":\"https:\\\/\\\/zeromagazine.mx\\\/\",\"name\":\"Zero Magazine\",\"description\":\"\",\"publisher\":{\"@id\":\"https:\\\/\\\/zeromagazine.mx\\\/#organization\"},\"potentialAction\":[{\"@type\":\"SearchAction\",\"target\":{\"@type\":\"EntryPoint\",\"urlTemplate\":\"https:\\\/\\\/zeromagazine.mx\\\/?s={search_term_string}\"},\"query-input\":{\"@type\":\"PropertyValueSpecification\",\"valueRequired\":true,\"valueName\":\"search_term_string\"}}],\"inLanguage\":\"es\"},{\"@type\":\"Organization\",\"@id\":\"https:\\\/\\\/zeromagazine.mx\\\/#organization\",\"name\":\"Zero Magazine\",\"url\":\"https:\\\/\\\/zeromagazine.mx\\\/\",\"logo\":{\"@type\":\"ImageObject\",\"inLanguage\":\"es\",\"@id\":\"https:\\\/\\\/zeromagazine.mx\\\/#\\\/schema\\\/logo\\\/image\\\/\",\"url\":\"https:\\\/\\\/i0.wp.com\\\/zeromagazine.mx\\\/wp-content\\\/uploads\\\/2025\\\/11\\\/1.jpeg?fit=1000%2C1000&ssl=1\",\"contentUrl\":\"https:\\\/\\\/i0.wp.com\\\/zeromagazine.mx\\\/wp-content\\\/uploads\\\/2025\\\/11\\\/1.jpeg?fit=1000%2C1000&ssl=1\",\"width\":1000,\"height\":1000,\"caption\":\"Zero Magazine\"},\"image\":{\"@id\":\"https:\\\/\\\/zeromagazine.mx\\\/#\\\/schema\\\/logo\\\/image\\\/\"},\"sameAs\":[\"https:\\\/\\\/instagram.com\\\/zeromagazinemx\"]},{\"@type\":\"Person\",\"@id\":\"https:\\\/\\\/zeromagazine.mx\\\/#\\\/schema\\\/person\\\/9f7f1a17c60ba8e9980e3e6677aabe5a\",\"name\":\"David Morales\",\"image\":{\"@type\":\"ImageObject\",\"inLanguage\":\"es\",\"@id\":\"https:\\\/\\\/zeromagazine.mx\\\/wp-content\\\/litespeed\\\/avatar\\\/76069d2136bfc1c37dc34815bb67ca42.jpg?ver=1777571067\",\"url\":\"https:\\\/\\\/zeromagazine.mx\\\/wp-content\\\/litespeed\\\/avatar\\\/76069d2136bfc1c37dc34815bb67ca42.jpg?ver=1777571067\",\"contentUrl\":\"https:\\\/\\\/zeromagazine.mx\\\/wp-content\\\/litespeed\\\/avatar\\\/76069d2136bfc1c37dc34815bb67ca42.jpg?ver=1777571067\",\"caption\":\"David Morales\"},\"url\":\"https:\\\/\\\/zeromagazine.mx\\\/index.php\\\/author\\\/david\\\/\"}]}<\/script>\n<!-- \/ Yoast SEO plugin. -->","yoast_head_json":{"title":"SHEIN x UniDesign: Impulsando el Talento Mexicano en la Moda - Zero Magazine","robots":{"index":"index","follow":"follow","max-snippet":"max-snippet:-1","max-image-preview":"max-image-preview:large","max-video-preview":"max-video-preview:-1"},"canonical":"https:\/\/zeromagazine.mx\/index.php\/2024\/05\/31\/shein-x-unidesign-impulsando-el-talento-mexicano-en-la-moda\/","og_locale":"es_ES","og_type":"article","og_title":"SHEIN x UniDesign: Impulsando el Talento Mexicano en la Moda - Zero Magazine","og_description":"Les traigo una noticia s\u00faper chida que est\u00e1 revolucionando el mundo de la moda en M\u00e9xico. El proyecto \u00abSHEIN x UniDesign\u00bb ha llegado a su etapa final, y la Universidad An\u00e1huac M\u00e9xico, Campus Norte, fue la sede de este emocionante evento. SHEIN, en colaboraci\u00f3n con la universidad, ha potenciado a 15 estudiantes de la Facultad [&hellip;]","og_url":"https:\/\/zeromagazine.mx\/index.php\/2024\/05\/31\/shein-x-unidesign-impulsando-el-talento-mexicano-en-la-moda\/","og_site_name":"Zero Magazine","article_published_time":"2024-05-30T22:08:21+00:00","article_modified_time":"2024-05-30T22:09:06+00:00","og_image":[{"width":2560,"height":1707,"url":"https:\/\/i0.wp.com\/zeromagazine.mx\/wp-content\/uploads\/2024\/05\/H7A2106-scaled.jpg?fit=2560%2C1707&ssl=1","type":"image\/jpeg"}],"author":"David Morales","twitter_card":"summary_large_image","twitter_misc":{"Escrito por":"David Morales","Tiempo de lectura":"2 minutos"},"schema":{"@context":"https:\/\/schema.org","@graph":[{"@type":"Article","@id":"https:\/\/zeromagazine.mx\/index.php\/2024\/05\/31\/shein-x-unidesign-impulsando-el-talento-mexicano-en-la-moda\/#article","isPartOf":{"@id":"https:\/\/zeromagazine.mx\/index.php\/2024\/05\/31\/shein-x-unidesign-impulsando-el-talento-mexicano-en-la-moda\/"},"author":{"name":"David Morales","@id":"https:\/\/zeromagazine.mx\/#\/schema\/person\/9f7f1a17c60ba8e9980e3e6677aabe5a"},"headline":"SHEIN x UniDesign: Impulsando el Talento Mexicano en la Moda","datePublished":"2024-05-30T22:08:21+00:00","dateModified":"2024-05-30T22:09:06+00:00","mainEntityOfPage":{"@id":"https:\/\/zeromagazine.mx\/index.php\/2024\/05\/31\/shein-x-unidesign-impulsando-el-talento-mexicano-en-la-moda\/"},"wordCount":452,"commentCount":0,"publisher":{"@id":"https:\/\/zeromagazine.mx\/#organization"},"image":{"@id":"https:\/\/zeromagazine.mx\/index.php\/2024\/05\/31\/shein-x-unidesign-impulsando-el-talento-mexicano-en-la-moda\/#primaryimage"},"thumbnailUrl":"https:\/\/i0.wp.com\/zeromagazine.mx\/wp-content\/uploads\/2024\/05\/H7A2106-scaled.jpg?fit=2560%2C1707&ssl=1","keywords":["M\u00e9xico","Shein","talento"],"articleSection":["Moda"],"inLanguage":"es","potentialAction":[{"@type":"CommentAction","name":"Comment","target":["https:\/\/zeromagazine.mx\/index.php\/2024\/05\/31\/shein-x-unidesign-impulsando-el-talento-mexicano-en-la-moda\/#respond"]}]},{"@type":"WebPage","@id":"https:\/\/zeromagazine.mx\/index.php\/2024\/05\/31\/shein-x-unidesign-impulsando-el-talento-mexicano-en-la-moda\/","url":"https:\/\/zeromagazine.mx\/index.php\/2024\/05\/31\/shein-x-unidesign-impulsando-el-talento-mexicano-en-la-moda\/","name":"SHEIN x UniDesign: Impulsando el Talento Mexicano en la Moda - Zero Magazine","isPartOf":{"@id":"https:\/\/zeromagazine.mx\/#website"},"primaryImageOfPage":{"@id":"https:\/\/zeromagazine.mx\/index.php\/2024\/05\/31\/shein-x-unidesign-impulsando-el-talento-mexicano-en-la-moda\/#primaryimage"},"image":{"@id":"https:\/\/zeromagazine.mx\/index.php\/2024\/05\/31\/shein-x-unidesign-impulsando-el-talento-mexicano-en-la-moda\/#primaryimage"},"thumbnailUrl":"https:\/\/i0.wp.com\/zeromagazine.mx\/wp-content\/uploads\/2024\/05\/H7A2106-scaled.jpg?fit=2560%2C1707&ssl=1","datePublished":"2024-05-30T22:08:21+00:00","dateModified":"2024-05-30T22:09:06+00:00","breadcrumb":{"@id":"https:\/\/zeromagazine.mx\/index.php\/2024\/05\/31\/shein-x-unidesign-impulsando-el-talento-mexicano-en-la-moda\/#breadcrumb"},"inLanguage":"es","potentialAction":[{"@type":"ReadAction","target":["https:\/\/zeromagazine.mx\/index.php\/2024\/05\/31\/shein-x-unidesign-impulsando-el-talento-mexicano-en-la-moda\/"]}]},{"@type":"ImageObject","inLanguage":"es","@id":"https:\/\/zeromagazine.mx\/index.php\/2024\/05\/31\/shein-x-unidesign-impulsando-el-talento-mexicano-en-la-moda\/#primaryimage","url":"https:\/\/i0.wp.com\/zeromagazine.mx\/wp-content\/uploads\/2024\/05\/H7A2106-scaled.jpg?fit=2560%2C1707&ssl=1","contentUrl":"https:\/\/i0.wp.com\/zeromagazine.mx\/wp-content\/uploads\/2024\/05\/H7A2106-scaled.jpg?fit=2560%2C1707&ssl=1","width":2560,"height":1707},{"@type":"BreadcrumbList","@id":"https:\/\/zeromagazine.mx\/index.php\/2024\/05\/31\/shein-x-unidesign-impulsando-el-talento-mexicano-en-la-moda\/#breadcrumb","itemListElement":[{"@type":"ListItem","position":1,"name":"Portada","item":"https:\/\/zeromagazine.mx\/"},{"@type":"ListItem","position":2,"name":"SHEIN x UniDesign: Impulsando el Talento Mexicano en la Moda"}]},{"@type":"WebSite","@id":"https:\/\/zeromagazine.mx\/#website","url":"https:\/\/zeromagazine.mx\/","name":"Zero Magazine","description":"","publisher":{"@id":"https:\/\/zeromagazine.mx\/#organization"},"potentialAction":[{"@type":"SearchAction","target":{"@type":"EntryPoint","urlTemplate":"https:\/\/zeromagazine.mx\/?s={search_term_string}"},"query-input":{"@type":"PropertyValueSpecification","valueRequired":true,"valueName":"search_term_string"}}],"inLanguage":"es"},{"@type":"Organization","@id":"https:\/\/zeromagazine.mx\/#organization","name":"Zero Magazine","url":"https:\/\/zeromagazine.mx\/","logo":{"@type":"ImageObject","inLanguage":"es","@id":"https:\/\/zeromagazine.mx\/#\/schema\/logo\/image\/","url":"https:\/\/i0.wp.com\/zeromagazine.mx\/wp-content\/uploads\/2025\/11\/1.jpeg?fit=1000%2C1000&ssl=1","contentUrl":"https:\/\/i0.wp.com\/zeromagazine.mx\/wp-content\/uploads\/2025\/11\/1.jpeg?fit=1000%2C1000&ssl=1","width":1000,"height":1000,"caption":"Zero Magazine"},"image":{"@id":"https:\/\/zeromagazine.mx\/#\/schema\/logo\/image\/"},"sameAs":["https:\/\/instagram.com\/zeromagazinemx"]},{"@type":"Person","@id":"https:\/\/zeromagazine.mx\/#\/schema\/person\/9f7f1a17c60ba8e9980e3e6677aabe5a","name":"David Morales","image":{"@type":"ImageObject","inLanguage":"es","@id":"https:\/\/zeromagazine.mx\/wp-content\/litespeed\/avatar\/76069d2136bfc1c37dc34815bb67ca42.jpg?ver=1777571067","url":"https:\/\/zeromagazine.mx\/wp-content\/litespeed\/avatar\/76069d2136bfc1c37dc34815bb67ca42.jpg?ver=1777571067","contentUrl":"https:\/\/zeromagazine.mx\/wp-content\/litespeed\/avatar\/76069d2136bfc1c37dc34815bb67ca42.jpg?ver=1777571067","caption":"David Morales"},"url":"https:\/\/zeromagazine.mx\/index.php\/author\/david\/"}]}},"jetpack_publicize_connections":[],"jetpack_featured_media_url":"https:\/\/i0.wp.com\/zeromagazine.mx\/wp-content\/uploads\/2024\/05\/H7A2106-scaled.jpg?fit=2560%2C1707&ssl=1","jetpack-related-posts":[{"id":84287,"url":"https:\/\/zeromagazine.mx\/index.php\/2024\/09\/20\/tqmx-y-shein-una-ventana-a-la-cultura-mexicana-a-traves-del-diseno\/","url_meta":{"origin":76828,"position":0},"title":"TQMx y Shein: Una Ventana a la Cultura Mexicana a Trav\u00e9s del Dise\u00f1o","author":"David Morales","date":"20 de septiembre de 2024","format":false,"excerpt":"Asistimos al lanzamiento de la vibrante colecci\u00f3n TQMx para Shein, una colaboraci\u00f3n que combina lo mejor de la moda y la cultura mexicana, realizada en el espacio creativo Rabioso. Durante el evento, tuvimos la oportunidad de entrevistar a dos talentosos dise\u00f1adores e ilustradores mexicanos: Raulito y Guillermo Flores Pacheco, quienes\u2026","rel":"","context":"En \u00abModa\u00bb","block_context":{"text":"Moda","link":"https:\/\/zeromagazine.mx\/index.php\/category\/moda\/"},"img":{"alt_text":"","src":"https:\/\/i0.wp.com\/zeromagazine.mx\/wp-content\/uploads\/2024\/09\/IMG_7504-scaled.jpeg?fit=677%2C1200&ssl=1&resize=350%2C200","width":350,"height":200,"srcset":"https:\/\/i0.wp.com\/zeromagazine.mx\/wp-content\/uploads\/2024\/09\/IMG_7504-scaled.jpeg?fit=677%2C1200&ssl=1&resize=350%2C200 1x, https:\/\/i0.wp.com\/zeromagazine.mx\/wp-content\/uploads\/2024\/09\/IMG_7504-scaled.jpeg?fit=677%2C1200&ssl=1&resize=525%2C300 1.5x"},"classes":[]},{"id":75665,"url":"https:\/\/zeromagazine.mx\/index.php\/2024\/05\/08\/shein-x-frida-kahlo-2024\/","url_meta":{"origin":76828,"position":1},"title":"SHEIN x Frida Kahlo 2024","author":"zeromagazinemx","date":"8 de mayo de 2024","format":false,"excerpt":"Les traigo unas noticias de moda que seguro les van a encantar. Shein acaba de lanzar la nueva colecci\u00f3n SHEIN x Frida Kahlo 2024 Primavera-Verano y, \u00a1wow!, est\u00e1 de otro nivel. Primero que nada, \u00bfya se enteraron? Esta colecci\u00f3n es una colaboraci\u00f3n entre Shein, una de las marcas m\u00e1s top\u2026","rel":"","context":"En \u00abModa\u00bb","block_context":{"text":"Moda","link":"https:\/\/zeromagazine.mx\/index.php\/category\/moda\/"},"img":{"alt_text":"","src":"https:\/\/i0.wp.com\/zeromagazine.mx\/wp-content\/uploads\/2024\/05\/PS2024041715086_%E9%A6%96%E5%9B%BE-scaled.jpg?fit=1200%2C675&ssl=1&resize=350%2C200","width":350,"height":200,"srcset":"https:\/\/i0.wp.com\/zeromagazine.mx\/wp-content\/uploads\/2024\/05\/PS2024041715086_%E9%A6%96%E5%9B%BE-scaled.jpg?fit=1200%2C675&ssl=1&resize=350%2C200 1x, https:\/\/i0.wp.com\/zeromagazine.mx\/wp-content\/uploads\/2024\/05\/PS2024041715086_%E9%A6%96%E5%9B%BE-scaled.jpg?fit=1200%2C675&ssl=1&resize=525%2C300 1.5x, https:\/\/i0.wp.com\/zeromagazine.mx\/wp-content\/uploads\/2024\/05\/PS2024041715086_%E9%A6%96%E5%9B%BE-scaled.jpg?fit=1200%2C675&ssl=1&resize=700%2C400 2x, https:\/\/i0.wp.com\/zeromagazine.mx\/wp-content\/uploads\/2024\/05\/PS2024041715086_%E9%A6%96%E5%9B%BE-scaled.jpg?fit=1200%2C675&ssl=1&resize=1050%2C600 3x"},"classes":[]},{"id":57174,"url":"https:\/\/zeromagazine.mx\/index.php\/2021\/11\/02\/mexico-encabeza-las-nuevas-tendencias-de-shein\/","url_meta":{"origin":76828,"position":2},"title":"M\u00e9xico encabeza las nuevas tendencias de SHEIN","author":"zeromagazinemx","date":"2 de noviembre de 2021","format":false,"excerpt":"Actualmente Shein es una de las empresas de Fast Fashion en el mundo, especialmente en M\u00e9xico, donde cada d\u00eda nos muestran prendas y tendencias que son muy fuertes y generan un total boom. SHEIN X es un programa enfocado en presentar colecciones de dise\u00f1adores a los 114 millones de personas\u2026","rel":"","context":"En \u00abLifestyle\u00bb","block_context":{"text":"Lifestyle","link":"https:\/\/zeromagazine.mx\/index.php\/category\/lifestyle\/"},"img":{"alt_text":"","src":"https:\/\/lh5.googleusercontent.com\/1j_DFzMsSuW56-FWaBX-6pkpuFKxVTb5Tui6oywkdH9Em6xQcocoIIezIeTtuMpd7O65NVojCHYrcYpweDRROUNvlyAOqBptEA_T2HCOqjgJkcf33JjqeJm3oXWVUE4DHt8fMao","width":350,"height":200,"srcset":"https:\/\/lh5.googleusercontent.com\/1j_DFzMsSuW56-FWaBX-6pkpuFKxVTb5Tui6oywkdH9Em6xQcocoIIezIeTtuMpd7O65NVojCHYrcYpweDRROUNvlyAOqBptEA_T2HCOqjgJkcf33JjqeJm3oXWVUE4DHt8fMao 1x, https:\/\/lh5.googleusercontent.com\/1j_DFzMsSuW56-FWaBX-6pkpuFKxVTb5Tui6oywkdH9Em6xQcocoIIezIeTtuMpd7O65NVojCHYrcYpweDRROUNvlyAOqBptEA_T2HCOqjgJkcf33JjqeJm3oXWVUE4DHt8fMao 1.5x, https:\/\/lh5.googleusercontent.com\/1j_DFzMsSuW56-FWaBX-6pkpuFKxVTb5Tui6oywkdH9Em6xQcocoIIezIeTtuMpd7O65NVojCHYrcYpweDRROUNvlyAOqBptEA_T2HCOqjgJkcf33JjqeJm3oXWVUE4DHt8fMao 2x"},"classes":[]},{"id":91483,"url":"https:\/\/zeromagazine.mx\/index.php\/2024\/11\/25\/shein-x-no-name-moda-empower\/","url_meta":{"origin":76828,"position":3},"title":"SHEIN x NO NAME: Moda Empower","author":"zeromagazinemx","date":"25 de noviembre de 2024","format":false,"excerpt":"\u00bfYa te enteraste de la collab m\u00e1s hype del a\u00f1o? SHEIN y NO NAME se juntaron otra vez para darnos una colecci\u00f3n que es puro fuego. Si la primera vez te quedaste con ganas de m\u00e1s, prep\u00e1rate, porque esta entrega no solo trae el ADN de ambas marcas, sino que\u2026","rel":"","context":"En \u00abModa\u00bb","block_context":{"text":"Moda","link":"https:\/\/zeromagazine.mx\/index.php\/category\/moda\/"},"img":{"alt_text":"","src":"https:\/\/i0.wp.com\/zeromagazine.mx\/wp-content\/uploads\/2024\/11\/WhatsApp-Image-2024-11-25-at-10.51.28-AM.jpeg?fit=768%2C1160&ssl=1&resize=350%2C200","width":350,"height":200,"srcset":"https:\/\/i0.wp.com\/zeromagazine.mx\/wp-content\/uploads\/2024\/11\/WhatsApp-Image-2024-11-25-at-10.51.28-AM.jpeg?fit=768%2C1160&ssl=1&resize=350%2C200 1x, https:\/\/i0.wp.com\/zeromagazine.mx\/wp-content\/uploads\/2024\/11\/WhatsApp-Image-2024-11-25-at-10.51.28-AM.jpeg?fit=768%2C1160&ssl=1&resize=525%2C300 1.5x, https:\/\/i0.wp.com\/zeromagazine.mx\/wp-content\/uploads\/2024\/11\/WhatsApp-Image-2024-11-25-at-10.51.28-AM.jpeg?fit=768%2C1160&ssl=1&resize=700%2C400 2x"},"classes":[]},{"id":70298,"url":"https:\/\/zeromagazine.mx\/index.php\/2024\/01\/04\/shein-x-majo-gil\/","url_meta":{"origin":76828,"position":4},"title":"Shein X Majo Gi","author":"David Morales","date":"4 de enero de 2024","format":false,"excerpt":"\u00a1Shein lo ha vuelto a hacer! Las colaboraciones que la marca ha creado con talentos mexicanos, se han convertido en un Must para nuestro closet, y esta no es la excepci\u00f3n, pues lleg\u00f3 MariJoseGi para darle si propio toque. MariJos\u00e9 pl\u00e1ticanos, \u00bfc\u00f3mo se dio esta colaboraci\u00f3n? A principios de a\u00f1o\u2026","rel":"","context":"En \u00abModa\u00bb","block_context":{"text":"Moda","link":"https:\/\/zeromagazine.mx\/index.php\/category\/moda\/"},"img":{"alt_text":"","src":"https:\/\/i0.wp.com\/zeromagazine.mx\/wp-content\/uploads\/2024\/01\/SHEIN_MAJO_SET01_LOOK05_677_v1-scaled.jpg?fit=1200%2C900&ssl=1&resize=350%2C200","width":350,"height":200,"srcset":"https:\/\/i0.wp.com\/zeromagazine.mx\/wp-content\/uploads\/2024\/01\/SHEIN_MAJO_SET01_LOOK05_677_v1-scaled.jpg?fit=1200%2C900&ssl=1&resize=350%2C200 1x, https:\/\/i0.wp.com\/zeromagazine.mx\/wp-content\/uploads\/2024\/01\/SHEIN_MAJO_SET01_LOOK05_677_v1-scaled.jpg?fit=1200%2C900&ssl=1&resize=525%2C300 1.5x, https:\/\/i0.wp.com\/zeromagazine.mx\/wp-content\/uploads\/2024\/01\/SHEIN_MAJO_SET01_LOOK05_677_v1-scaled.jpg?fit=1200%2C900&ssl=1&resize=700%2C400 2x, https:\/\/i0.wp.com\/zeromagazine.mx\/wp-content\/uploads\/2024\/01\/SHEIN_MAJO_SET01_LOOK05_677_v1-scaled.jpg?fit=1200%2C900&ssl=1&resize=1050%2C600 3x"},"classes":[]},{"id":99048,"url":"https:\/\/zeromagazine.mx\/index.php\/2025\/03\/19\/the-next-cycle-shein-que-pone-la-moda-en-accion\/","url_meta":{"origin":76828,"position":5},"title":"Next Cycle: Moda En Acci\u00f3n","author":"David Morales","date":"19 de marzo de 2025","format":false,"excerpt":"Amix, si alguna vez te has preguntado qu\u00e9 pasa con la ropa que ya no usas, SHEIN tiene la respuesta. Con su campa\u00f1a The Next Cycle, la marca est\u00e1 promoviendo el reciclaje y la reutilizaci\u00f3n de prendas en M\u00e9xico, d\u00e1ndoles una segunda oportunidad a miles de piezas. Y si estas\u2026","rel":"","context":"En \u00abBlog\u00bb","block_context":{"text":"Blog","link":"https:\/\/zeromagazine.mx\/index.php\/category\/blog\/"},"img":{"alt_text":"","src":"https:\/\/i0.wp.com\/zeromagazine.mx\/wp-content\/uploads\/2025\/03\/DIA2-SCH-86-scaled.jpg?fit=1200%2C1200&ssl=1&resize=350%2C200","width":350,"height":200,"srcset":"https:\/\/i0.wp.com\/zeromagazine.mx\/wp-content\/uploads\/2025\/03\/DIA2-SCH-86-scaled.jpg?fit=1200%2C1200&ssl=1&resize=350%2C200 1x, https:\/\/i0.wp.com\/zeromagazine.mx\/wp-content\/uploads\/2025\/03\/DIA2-SCH-86-scaled.jpg?fit=1200%2C1200&ssl=1&resize=525%2C300 1.5x, https:\/\/i0.wp.com\/zeromagazine.mx\/wp-content\/uploads\/2025\/03\/DIA2-SCH-86-scaled.jpg?fit=1200%2C1200&ssl=1&resize=700%2C400 2x, https:\/\/i0.wp.com\/zeromagazine.mx\/wp-content\/uploads\/2025\/03\/DIA2-SCH-86-scaled.jpg?fit=1200%2C1200&ssl=1&resize=1050%2C600 3x"},"classes":[]}],"jetpack_sharing_enabled":true,"builder_content":"","_links":{"self":[{"href":"https:\/\/zeromagazine.mx\/index.php\/wp-json\/wp\/v2\/posts\/76828","targetHints":{"allow":["GET"]}}],"collection":[{"href":"https:\/\/zeromagazine.mx\/index.php\/wp-json\/wp\/v2\/posts"}],"about":[{"href":"https:\/\/zeromagazine.mx\/index.php\/wp-json\/wp\/v2\/types\/post"}],"author":[{"embeddable":true,"href":"https:\/\/zeromagazine.mx\/index.php\/wp-json\/wp\/v2\/users\/4"}],"replies":[{"embeddable":true,"href":"https:\/\/zeromagazine.mx\/index.php\/wp-json\/wp\/v2\/comments?post=76828"}],"version-history":[{"count":5,"href":"https:\/\/zeromagazine.mx\/index.php\/wp-json\/wp\/v2\/posts\/76828\/revisions"}],"predecessor-version":[{"id":76836,"href":"https:\/\/zeromagazine.mx\/index.php\/wp-json\/wp\/v2\/posts\/76828\/revisions\/76836"}],"wp:featuredmedia":[{"embeddable":true,"href":"https:\/\/zeromagazine.mx\/index.php\/wp-json\/wp\/v2\/media\/76829"}],"wp:attachment":[{"href":"https:\/\/zeromagazine.mx\/index.php\/wp-json\/wp\/v2\/media?parent=76828"}],"wp:term":[{"taxonomy":"category","embeddable":true,"href":"https:\/\/zeromagazine.mx\/index.php\/wp-json\/wp\/v2\/categories?post=76828"},{"taxonomy":"post_tag","embeddable":true,"href":"https:\/\/zeromagazine.mx\/index.php\/wp-json\/wp\/v2\/tags?post=76828"}],"curies":[{"name":"wp","href":"https:\/\/api.w.org\/{rel}","templated":true}]}}