{"id":77105,"date":"2024-06-04T01:55:40","date_gmt":"2024-06-03T23:55:40","guid":{"rendered":"https:\/\/zeromagazine.mx\/?p=77105"},"modified":"2024-06-04T02:00:24","modified_gmt":"2024-06-04T00:00:24","slug":"descubre-el-estilo-del-verano-con-la-coleccion-curada-por-sofia-richie-grainge-de-tommy-hilfiger","status":"publish","type":"post","link":"https:\/\/zeromagazine.mx\/index.php\/2024\/06\/04\/descubre-el-estilo-del-verano-con-la-coleccion-curada-por-sofia-richie-grainge-de-tommy-hilfiger\/","title":{"rendered":"\u00a1Descubre el Estilo del Verano con la Colecci\u00f3n Curada por Sofia Richie Grainge de Tommy Hilfiger!"},"content":{"rendered":"<p>\u00bfYa escucharon la \u00faltima noticia de moda? Tommy Hilfiger est\u00e1 lanzando su colecci\u00f3n y campa\u00f1a de Verano 2024, \u00a1y est\u00e1n alucinantes! Adem\u00e1s, tienen una invitada de lujo: \u00a1Sofia Richie Grainge! S\u00ed, la mism\u00edsima \u00edcono de estilo global ha seleccionado las piezas para esta temporada.<\/p>\n\n\n\n<script async src=\"https:\/\/pagead2.googlesyndication.com\/pagead\/js\/adsbygoogle.js?client=ca-pub-5499304793904745\"\r\n     crossorigin=\"anonymous\"><\/script>\r\n<ins class=\"adsbygoogle\"\r\n     style=\"display:block; text-align:center;\"\r\n     data-ad-layout=\"in-article\"\r\n     data-ad-format=\"fluid\"\r\n     data-ad-client=\"ca-pub-5499304793904745\"\r\n     data-ad-slot=\"5994863093\"><\/ins>\r\n<script>\r\n     (adsbygoogle = window.adsbygoogle || []).push({});\r\n<\/script>\n\n\n\n<p><\/p>\n\n\n\n<p>Para empezar, esta colecci\u00f3n c\u00e1psula, llamada Sofia for Tommy, es una onda al estilo sin esfuerzo del verano. Sof\u00eda lo describi\u00f3 perfecto: \u00abrealzar tu estilo y hacerte sentir libre y segura\u00bb. Imag\u00ednense, piezas perfectas tanto para la playa como para las calles de la ciudad. \u00a1Es el sue\u00f1o de cualquier fashionista!<\/p>\n\n\n<div class=\"wp-block-image\">\n<figure class=\"aligncenter size-large\"><img data-recalc-dims=\"1\" decoding=\"async\" width=\"683\" height=\"1024\" src=\"https:\/\/i0.wp.com\/zeromagazine.mx\/wp-content\/uploads\/2024\/06\/SS24_TH_SUMMER_EDIT_SRG_LOOK-1_0672_RGB_300_39L-683x1024.jpg?resize=683%2C1024&#038;ssl=1\" alt=\"\" class=\"wp-image-77107\" srcset=\"https:\/\/i0.wp.com\/zeromagazine.mx\/wp-content\/uploads\/2024\/06\/SS24_TH_SUMMER_EDIT_SRG_LOOK-1_0672_RGB_300_39L-scaled.jpg?resize=683%2C1024&amp;ssl=1 683w, https:\/\/i0.wp.com\/zeromagazine.mx\/wp-content\/uploads\/2024\/06\/SS24_TH_SUMMER_EDIT_SRG_LOOK-1_0672_RGB_300_39L-scaled.jpg?resize=200%2C300&amp;ssl=1 200w, https:\/\/i0.wp.com\/zeromagazine.mx\/wp-content\/uploads\/2024\/06\/SS24_TH_SUMMER_EDIT_SRG_LOOK-1_0672_RGB_300_39L-scaled.jpg?resize=768%2C1152&amp;ssl=1 768w, https:\/\/i0.wp.com\/zeromagazine.mx\/wp-content\/uploads\/2024\/06\/SS24_TH_SUMMER_EDIT_SRG_LOOK-1_0672_RGB_300_39L-scaled.jpg?resize=1024%2C1536&amp;ssl=1 1024w, https:\/\/i0.wp.com\/zeromagazine.mx\/wp-content\/uploads\/2024\/06\/SS24_TH_SUMMER_EDIT_SRG_LOOK-1_0672_RGB_300_39L-scaled.jpg?resize=1365%2C2048&amp;ssl=1 1365w, https:\/\/i0.wp.com\/zeromagazine.mx\/wp-content\/uploads\/2024\/06\/SS24_TH_SUMMER_EDIT_SRG_LOOK-1_0672_RGB_300_39L-scaled.jpg?w=1707&amp;ssl=1 1707w\" sizes=\"(max-width: 683px) 100vw, 683px\" \/><\/figure>\n<\/div>\n\n\n<p><\/p>\n\n\n\n<p>Ahora, hablemos de la colaboraci\u00f3n en s\u00ed. Tommy Hilfiger est\u00e1 emocionad\u00edsimo de ver su colecci\u00f3n a trav\u00e9s de los ojos de Sofia. Y con raz\u00f3n, \u00bfno? Ella tiene un estilo impecable que inspira a toda una generaci\u00f3n. Es el combo perfecto entre relajado y sofisticado, lo que realmente representa el estilo americano.<\/p>\n\n\n<div class=\"wp-block-image\">\n<figure class=\"aligncenter size-large\"><img data-recalc-dims=\"1\" decoding=\"async\" width=\"683\" height=\"1024\" src=\"https:\/\/i0.wp.com\/zeromagazine.mx\/wp-content\/uploads\/2024\/06\/SS24_TH_SUMMER_EDIT_SRG_LOOK-4_1264_RGB_300_39L-1-683x1024.jpg?resize=683%2C1024&#038;ssl=1\" alt=\"\" class=\"wp-image-77109\" srcset=\"https:\/\/i0.wp.com\/zeromagazine.mx\/wp-content\/uploads\/2024\/06\/SS24_TH_SUMMER_EDIT_SRG_LOOK-4_1264_RGB_300_39L-1-scaled.jpg?resize=683%2C1024&amp;ssl=1 683w, https:\/\/i0.wp.com\/zeromagazine.mx\/wp-content\/uploads\/2024\/06\/SS24_TH_SUMMER_EDIT_SRG_LOOK-4_1264_RGB_300_39L-1-scaled.jpg?resize=200%2C300&amp;ssl=1 200w, https:\/\/i0.wp.com\/zeromagazine.mx\/wp-content\/uploads\/2024\/06\/SS24_TH_SUMMER_EDIT_SRG_LOOK-4_1264_RGB_300_39L-1-scaled.jpg?resize=768%2C1152&amp;ssl=1 768w, https:\/\/i0.wp.com\/zeromagazine.mx\/wp-content\/uploads\/2024\/06\/SS24_TH_SUMMER_EDIT_SRG_LOOK-4_1264_RGB_300_39L-1-scaled.jpg?resize=1024%2C1536&amp;ssl=1 1024w, https:\/\/i0.wp.com\/zeromagazine.mx\/wp-content\/uploads\/2024\/06\/SS24_TH_SUMMER_EDIT_SRG_LOOK-4_1264_RGB_300_39L-1-scaled.jpg?resize=1365%2C2048&amp;ssl=1 1365w, https:\/\/i0.wp.com\/zeromagazine.mx\/wp-content\/uploads\/2024\/06\/SS24_TH_SUMMER_EDIT_SRG_LOOK-4_1264_RGB_300_39L-1-scaled.jpg?w=1707&amp;ssl=1 1707w\" sizes=\"(max-width: 683px) 100vw, 683px\" \/><\/figure>\n<\/div>\n\n\n<p><\/p>\n\n\n\n<p>\u00bfY qu\u00e9 hay en la colecci\u00f3n? Bueno, 12 piezas que son un derroche de elegancia veraniega. Desde un vestido midi de crochet hasta una chamarra y pantalones de lino, todo grita \u00a1verano! Y no se preocupen, los b\u00e1sicos del verano como la camisa Oxford blanca y el bikini reversible tambi\u00e9n est\u00e1n presentes. Adem\u00e1s, los accesorios son todo lo que necesitan para elevar su outfit, desde mocasines hasta gafas de sol y bolsos de cuero.<\/p>\n\n\n\n<script async src=\"https:\/\/pagead2.googlesyndication.com\/pagead\/js\/adsbygoogle.js?client=ca-pub-5499304793904745\"\n     crossorigin=\"anonymous\"><\/script>\n<ins class=\"adsbygoogle\"\n     style=\"display:block; text-align:center;\"\n     data-ad-layout=\"in-article\"\n     data-ad-format=\"fluid\"\n     data-ad-client=\"ca-pub-5499304793904745\"\n     data-ad-slot=\"5994863093\"><\/ins>\n<script>\n     (adsbygoogle = window.adsbygoogle || []).push({});\n<\/script>\n\n\n\n<p><\/p>\n\n\n\n<p>Esta colaboraci\u00f3n es solo el inicio de una hermosa amistad entre Sofia y Tommy Hilfiger. Como embajadora de la marca, Sofia va a seguir aportando su visi\u00f3n y su gusto por el lujo accesible al ADN de Tommy Hilfiger hasta el verano de 2024 y m\u00e1s all\u00e1. \u00a1Qu\u00e9 emoci\u00f3n!<\/p>\n\n\n\n<p>As\u00ed que ya lo saben, amix. Marquen sus calendarios, porque la colecci\u00f3n Verano 2024 estar\u00e1 disponible a partir del 30 de mayo en tommy.com.mx y en las tiendas TOMMY HILFIGER de todo el mundo. \u00a1No se lo pueden perder!<\/p>\n\n<!--themify_builder_content-->\n<div id=\"themify_builder_content-77105\" data-postid=\"77105\" class=\"themify_builder_content themify_builder_content-77105 themify_builder tf_clear\">\n    <\/div>\n<!--\/themify_builder_content-->","protected":false},"excerpt":{"rendered":"<p>\u00bfYa escucharon la \u00faltima noticia de moda? Tommy Hilfiger est\u00e1 lanzando su colecci\u00f3n y campa\u00f1a de Verano 2024, \u00a1y est\u00e1n alucinantes! Adem\u00e1s, tienen una invitada de lujo: \u00a1Sofia Richie Grainge! S\u00ed, la mism\u00edsima \u00edcono de estilo global ha seleccionado las piezas para esta temporada. Para empezar, esta colecci\u00f3n c\u00e1psula, llamada Sofia for Tommy, es una [&hellip;]<\/p>\n","protected":false},"author":4,"featured_media":77106,"comment_status":"open","ping_status":"open","sticky":false,"template":"","format":"standard","meta":{"_jetpack_memberships_contains_paid_content":false,"footnotes":"","jetpack_publicize_message":"","jetpack_publicize_feature_enabled":true,"jetpack_social_post_already_shared":true,"jetpack_social_options":{"image_generator_settings":{"template":"highway","default_image_id":0,"font":"","enabled":false},"version":2}},"categories":[67],"tags":[392,8397,395,396],"class_list":["post-77105","post","type-post","status-publish","format-standard","has-post-thumbnail","hentry","category-moda","tag-coleccion","tag-sofia-richie-grainge","tag-tommy-hilfiger","tag-verano","has-post-title","has-post-date","has-post-category","has-post-tag","has-post-comment","has-post-author",""],"yoast_head":"<!-- This site is optimized with the Yoast SEO plugin v27.5 - https:\/\/yoast.com\/product\/yoast-seo-wordpress\/ -->\n<title>\u00a1Descubre el Estilo del Verano con la Colecci\u00f3n Curada por Sofia Richie Grainge de Tommy Hilfiger! - Zero Magazine<\/title>\n<meta name=\"robots\" content=\"index, follow, max-snippet:-1, max-image-preview:large, max-video-preview:-1\" \/>\n<link rel=\"canonical\" href=\"https:\/\/zeromagazine.mx\/index.php\/2024\/06\/04\/descubre-el-estilo-del-verano-con-la-coleccion-curada-por-sofia-richie-grainge-de-tommy-hilfiger\/\" \/>\n<meta property=\"og:locale\" content=\"es_ES\" \/>\n<meta property=\"og:type\" content=\"article\" \/>\n<meta property=\"og:title\" content=\"\u00a1Descubre el Estilo del Verano con la Colecci\u00f3n Curada por Sofia Richie Grainge de Tommy Hilfiger! - Zero Magazine\" \/>\n<meta property=\"og:description\" content=\"\u00bfYa escucharon la \u00faltima noticia de moda? Tommy Hilfiger est\u00e1 lanzando su colecci\u00f3n y campa\u00f1a de Verano 2024, \u00a1y est\u00e1n alucinantes! Adem\u00e1s, tienen una invitada de lujo: \u00a1Sofia Richie Grainge! S\u00ed, la mism\u00edsima \u00edcono de estilo global ha seleccionado las piezas para esta temporada. Para empezar, esta colecci\u00f3n c\u00e1psula, llamada Sofia for Tommy, es una [&hellip;]\" \/>\n<meta property=\"og:url\" content=\"https:\/\/zeromagazine.mx\/index.php\/2024\/06\/04\/descubre-el-estilo-del-verano-con-la-coleccion-curada-por-sofia-richie-grainge-de-tommy-hilfiger\/\" \/>\n<meta property=\"og:site_name\" content=\"Zero Magazine\" \/>\n<meta property=\"article:published_time\" content=\"2024-06-03T23:55:40+00:00\" \/>\n<meta property=\"article:modified_time\" content=\"2024-06-04T00:00:24+00:00\" \/>\n<meta property=\"og:image\" content=\"https:\/\/i0.wp.com\/zeromagazine.mx\/wp-content\/uploads\/2024\/06\/SS24_TH_SUMMER_EDIT_SRG_LOOK-4_1645_RGB_300_39L-scaled.jpg?fit=2560%2C1707&ssl=1\" \/>\n\t<meta property=\"og:image:width\" content=\"2560\" \/>\n\t<meta property=\"og:image:height\" content=\"1707\" \/>\n\t<meta property=\"og:image:type\" content=\"image\/jpeg\" \/>\n<meta name=\"author\" content=\"David Morales\" \/>\n<meta name=\"twitter:card\" content=\"summary_large_image\" \/>\n<meta name=\"twitter:label1\" content=\"Escrito por\" \/>\n\t<meta name=\"twitter:data1\" content=\"David Morales\" \/>\n\t<meta name=\"twitter:label2\" content=\"Tiempo de lectura\" \/>\n\t<meta name=\"twitter:data2\" content=\"2 minutos\" \/>\n<script type=\"application\/ld+json\" class=\"yoast-schema-graph\">{\"@context\":\"https:\\\/\\\/schema.org\",\"@graph\":[{\"@type\":\"Article\",\"@id\":\"https:\\\/\\\/zeromagazine.mx\\\/index.php\\\/2024\\\/06\\\/04\\\/descubre-el-estilo-del-verano-con-la-coleccion-curada-por-sofia-richie-grainge-de-tommy-hilfiger\\\/#article\",\"isPartOf\":{\"@id\":\"https:\\\/\\\/zeromagazine.mx\\\/index.php\\\/2024\\\/06\\\/04\\\/descubre-el-estilo-del-verano-con-la-coleccion-curada-por-sofia-richie-grainge-de-tommy-hilfiger\\\/\"},\"author\":{\"name\":\"David Morales\",\"@id\":\"https:\\\/\\\/zeromagazine.mx\\\/#\\\/schema\\\/person\\\/9f7f1a17c60ba8e9980e3e6677aabe5a\"},\"headline\":\"\u00a1Descubre el Estilo del Verano con la Colecci\u00f3n Curada por Sofia Richie Grainge de Tommy Hilfiger!\",\"datePublished\":\"2024-06-03T23:55:40+00:00\",\"dateModified\":\"2024-06-04T00:00:24+00:00\",\"mainEntityOfPage\":{\"@id\":\"https:\\\/\\\/zeromagazine.mx\\\/index.php\\\/2024\\\/06\\\/04\\\/descubre-el-estilo-del-verano-con-la-coleccion-curada-por-sofia-richie-grainge-de-tommy-hilfiger\\\/\"},\"wordCount\":349,\"commentCount\":0,\"publisher\":{\"@id\":\"https:\\\/\\\/zeromagazine.mx\\\/#organization\"},\"image\":{\"@id\":\"https:\\\/\\\/zeromagazine.mx\\\/index.php\\\/2024\\\/06\\\/04\\\/descubre-el-estilo-del-verano-con-la-coleccion-curada-por-sofia-richie-grainge-de-tommy-hilfiger\\\/#primaryimage\"},\"thumbnailUrl\":\"https:\\\/\\\/i0.wp.com\\\/zeromagazine.mx\\\/wp-content\\\/uploads\\\/2024\\\/06\\\/SS24_TH_SUMMER_EDIT_SRG_LOOK-4_1645_RGB_300_39L-scaled.jpg?fit=2560%2C1707&ssl=1\",\"keywords\":[\"colecci\u00f3n\",\"Sofia Richie Grainge\",\"Tommy hilfiger\",\"verano\"],\"articleSection\":[\"Moda\"],\"inLanguage\":\"es\",\"potentialAction\":[{\"@type\":\"CommentAction\",\"name\":\"Comment\",\"target\":[\"https:\\\/\\\/zeromagazine.mx\\\/index.php\\\/2024\\\/06\\\/04\\\/descubre-el-estilo-del-verano-con-la-coleccion-curada-por-sofia-richie-grainge-de-tommy-hilfiger\\\/#respond\"]}]},{\"@type\":\"WebPage\",\"@id\":\"https:\\\/\\\/zeromagazine.mx\\\/index.php\\\/2024\\\/06\\\/04\\\/descubre-el-estilo-del-verano-con-la-coleccion-curada-por-sofia-richie-grainge-de-tommy-hilfiger\\\/\",\"url\":\"https:\\\/\\\/zeromagazine.mx\\\/index.php\\\/2024\\\/06\\\/04\\\/descubre-el-estilo-del-verano-con-la-coleccion-curada-por-sofia-richie-grainge-de-tommy-hilfiger\\\/\",\"name\":\"\u00a1Descubre el Estilo del Verano con la Colecci\u00f3n Curada por Sofia Richie Grainge de Tommy Hilfiger! - Zero Magazine\",\"isPartOf\":{\"@id\":\"https:\\\/\\\/zeromagazine.mx\\\/#website\"},\"primaryImageOfPage\":{\"@id\":\"https:\\\/\\\/zeromagazine.mx\\\/index.php\\\/2024\\\/06\\\/04\\\/descubre-el-estilo-del-verano-con-la-coleccion-curada-por-sofia-richie-grainge-de-tommy-hilfiger\\\/#primaryimage\"},\"image\":{\"@id\":\"https:\\\/\\\/zeromagazine.mx\\\/index.php\\\/2024\\\/06\\\/04\\\/descubre-el-estilo-del-verano-con-la-coleccion-curada-por-sofia-richie-grainge-de-tommy-hilfiger\\\/#primaryimage\"},\"thumbnailUrl\":\"https:\\\/\\\/i0.wp.com\\\/zeromagazine.mx\\\/wp-content\\\/uploads\\\/2024\\\/06\\\/SS24_TH_SUMMER_EDIT_SRG_LOOK-4_1645_RGB_300_39L-scaled.jpg?fit=2560%2C1707&ssl=1\",\"datePublished\":\"2024-06-03T23:55:40+00:00\",\"dateModified\":\"2024-06-04T00:00:24+00:00\",\"breadcrumb\":{\"@id\":\"https:\\\/\\\/zeromagazine.mx\\\/index.php\\\/2024\\\/06\\\/04\\\/descubre-el-estilo-del-verano-con-la-coleccion-curada-por-sofia-richie-grainge-de-tommy-hilfiger\\\/#breadcrumb\"},\"inLanguage\":\"es\",\"potentialAction\":[{\"@type\":\"ReadAction\",\"target\":[\"https:\\\/\\\/zeromagazine.mx\\\/index.php\\\/2024\\\/06\\\/04\\\/descubre-el-estilo-del-verano-con-la-coleccion-curada-por-sofia-richie-grainge-de-tommy-hilfiger\\\/\"]}]},{\"@type\":\"ImageObject\",\"inLanguage\":\"es\",\"@id\":\"https:\\\/\\\/zeromagazine.mx\\\/index.php\\\/2024\\\/06\\\/04\\\/descubre-el-estilo-del-verano-con-la-coleccion-curada-por-sofia-richie-grainge-de-tommy-hilfiger\\\/#primaryimage\",\"url\":\"https:\\\/\\\/i0.wp.com\\\/zeromagazine.mx\\\/wp-content\\\/uploads\\\/2024\\\/06\\\/SS24_TH_SUMMER_EDIT_SRG_LOOK-4_1645_RGB_300_39L-scaled.jpg?fit=2560%2C1707&ssl=1\",\"contentUrl\":\"https:\\\/\\\/i0.wp.com\\\/zeromagazine.mx\\\/wp-content\\\/uploads\\\/2024\\\/06\\\/SS24_TH_SUMMER_EDIT_SRG_LOOK-4_1645_RGB_300_39L-scaled.jpg?fit=2560%2C1707&ssl=1\",\"width\":2560,\"height\":1707},{\"@type\":\"BreadcrumbList\",\"@id\":\"https:\\\/\\\/zeromagazine.mx\\\/index.php\\\/2024\\\/06\\\/04\\\/descubre-el-estilo-del-verano-con-la-coleccion-curada-por-sofia-richie-grainge-de-tommy-hilfiger\\\/#breadcrumb\",\"itemListElement\":[{\"@type\":\"ListItem\",\"position\":1,\"name\":\"Portada\",\"item\":\"https:\\\/\\\/zeromagazine.mx\\\/\"},{\"@type\":\"ListItem\",\"position\":2,\"name\":\"\u00a1Descubre el Estilo del Verano con la Colecci\u00f3n Curada por Sofia Richie Grainge de Tommy Hilfiger!\"}]},{\"@type\":\"WebSite\",\"@id\":\"https:\\\/\\\/zeromagazine.mx\\\/#website\",\"url\":\"https:\\\/\\\/zeromagazine.mx\\\/\",\"name\":\"Zero Magazine\",\"description\":\"\",\"publisher\":{\"@id\":\"https:\\\/\\\/zeromagazine.mx\\\/#organization\"},\"potentialAction\":[{\"@type\":\"SearchAction\",\"target\":{\"@type\":\"EntryPoint\",\"urlTemplate\":\"https:\\\/\\\/zeromagazine.mx\\\/?s={search_term_string}\"},\"query-input\":{\"@type\":\"PropertyValueSpecification\",\"valueRequired\":true,\"valueName\":\"search_term_string\"}}],\"inLanguage\":\"es\"},{\"@type\":\"Organization\",\"@id\":\"https:\\\/\\\/zeromagazine.mx\\\/#organization\",\"name\":\"Zero Magazine\",\"url\":\"https:\\\/\\\/zeromagazine.mx\\\/\",\"logo\":{\"@type\":\"ImageObject\",\"inLanguage\":\"es\",\"@id\":\"https:\\\/\\\/zeromagazine.mx\\\/#\\\/schema\\\/logo\\\/image\\\/\",\"url\":\"https:\\\/\\\/i0.wp.com\\\/zeromagazine.mx\\\/wp-content\\\/uploads\\\/2025\\\/11\\\/1.jpeg?fit=1000%2C1000&ssl=1\",\"contentUrl\":\"https:\\\/\\\/i0.wp.com\\\/zeromagazine.mx\\\/wp-content\\\/uploads\\\/2025\\\/11\\\/1.jpeg?fit=1000%2C1000&ssl=1\",\"width\":1000,\"height\":1000,\"caption\":\"Zero Magazine\"},\"image\":{\"@id\":\"https:\\\/\\\/zeromagazine.mx\\\/#\\\/schema\\\/logo\\\/image\\\/\"},\"sameAs\":[\"https:\\\/\\\/instagram.com\\\/zeromagazinemx\"]},{\"@type\":\"Person\",\"@id\":\"https:\\\/\\\/zeromagazine.mx\\\/#\\\/schema\\\/person\\\/9f7f1a17c60ba8e9980e3e6677aabe5a\",\"name\":\"David Morales\",\"image\":{\"@type\":\"ImageObject\",\"inLanguage\":\"es\",\"@id\":\"https:\\\/\\\/zeromagazine.mx\\\/wp-content\\\/litespeed\\\/avatar\\\/76069d2136bfc1c37dc34815bb67ca42.jpg?ver=1777571067\",\"url\":\"https:\\\/\\\/zeromagazine.mx\\\/wp-content\\\/litespeed\\\/avatar\\\/76069d2136bfc1c37dc34815bb67ca42.jpg?ver=1777571067\",\"contentUrl\":\"https:\\\/\\\/zeromagazine.mx\\\/wp-content\\\/litespeed\\\/avatar\\\/76069d2136bfc1c37dc34815bb67ca42.jpg?ver=1777571067\",\"caption\":\"David Morales\"},\"url\":\"https:\\\/\\\/zeromagazine.mx\\\/index.php\\\/author\\\/david\\\/\"}]}<\/script>\n<!-- \/ Yoast SEO plugin. -->","yoast_head_json":{"title":"\u00a1Descubre el Estilo del Verano con la Colecci\u00f3n Curada por Sofia Richie Grainge de Tommy Hilfiger! - Zero Magazine","robots":{"index":"index","follow":"follow","max-snippet":"max-snippet:-1","max-image-preview":"max-image-preview:large","max-video-preview":"max-video-preview:-1"},"canonical":"https:\/\/zeromagazine.mx\/index.php\/2024\/06\/04\/descubre-el-estilo-del-verano-con-la-coleccion-curada-por-sofia-richie-grainge-de-tommy-hilfiger\/","og_locale":"es_ES","og_type":"article","og_title":"\u00a1Descubre el Estilo del Verano con la Colecci\u00f3n Curada por Sofia Richie Grainge de Tommy Hilfiger! - Zero Magazine","og_description":"\u00bfYa escucharon la \u00faltima noticia de moda? Tommy Hilfiger est\u00e1 lanzando su colecci\u00f3n y campa\u00f1a de Verano 2024, \u00a1y est\u00e1n alucinantes! Adem\u00e1s, tienen una invitada de lujo: \u00a1Sofia Richie Grainge! S\u00ed, la mism\u00edsima \u00edcono de estilo global ha seleccionado las piezas para esta temporada. Para empezar, esta colecci\u00f3n c\u00e1psula, llamada Sofia for Tommy, es una [&hellip;]","og_url":"https:\/\/zeromagazine.mx\/index.php\/2024\/06\/04\/descubre-el-estilo-del-verano-con-la-coleccion-curada-por-sofia-richie-grainge-de-tommy-hilfiger\/","og_site_name":"Zero Magazine","article_published_time":"2024-06-03T23:55:40+00:00","article_modified_time":"2024-06-04T00:00:24+00:00","og_image":[{"width":2560,"height":1707,"url":"https:\/\/i0.wp.com\/zeromagazine.mx\/wp-content\/uploads\/2024\/06\/SS24_TH_SUMMER_EDIT_SRG_LOOK-4_1645_RGB_300_39L-scaled.jpg?fit=2560%2C1707&ssl=1","type":"image\/jpeg"}],"author":"David Morales","twitter_card":"summary_large_image","twitter_misc":{"Escrito por":"David Morales","Tiempo de lectura":"2 minutos"},"schema":{"@context":"https:\/\/schema.org","@graph":[{"@type":"Article","@id":"https:\/\/zeromagazine.mx\/index.php\/2024\/06\/04\/descubre-el-estilo-del-verano-con-la-coleccion-curada-por-sofia-richie-grainge-de-tommy-hilfiger\/#article","isPartOf":{"@id":"https:\/\/zeromagazine.mx\/index.php\/2024\/06\/04\/descubre-el-estilo-del-verano-con-la-coleccion-curada-por-sofia-richie-grainge-de-tommy-hilfiger\/"},"author":{"name":"David Morales","@id":"https:\/\/zeromagazine.mx\/#\/schema\/person\/9f7f1a17c60ba8e9980e3e6677aabe5a"},"headline":"\u00a1Descubre el Estilo del Verano con la Colecci\u00f3n Curada por Sofia Richie Grainge de Tommy Hilfiger!","datePublished":"2024-06-03T23:55:40+00:00","dateModified":"2024-06-04T00:00:24+00:00","mainEntityOfPage":{"@id":"https:\/\/zeromagazine.mx\/index.php\/2024\/06\/04\/descubre-el-estilo-del-verano-con-la-coleccion-curada-por-sofia-richie-grainge-de-tommy-hilfiger\/"},"wordCount":349,"commentCount":0,"publisher":{"@id":"https:\/\/zeromagazine.mx\/#organization"},"image":{"@id":"https:\/\/zeromagazine.mx\/index.php\/2024\/06\/04\/descubre-el-estilo-del-verano-con-la-coleccion-curada-por-sofia-richie-grainge-de-tommy-hilfiger\/#primaryimage"},"thumbnailUrl":"https:\/\/i0.wp.com\/zeromagazine.mx\/wp-content\/uploads\/2024\/06\/SS24_TH_SUMMER_EDIT_SRG_LOOK-4_1645_RGB_300_39L-scaled.jpg?fit=2560%2C1707&ssl=1","keywords":["colecci\u00f3n","Sofia Richie Grainge","Tommy hilfiger","verano"],"articleSection":["Moda"],"inLanguage":"es","potentialAction":[{"@type":"CommentAction","name":"Comment","target":["https:\/\/zeromagazine.mx\/index.php\/2024\/06\/04\/descubre-el-estilo-del-verano-con-la-coleccion-curada-por-sofia-richie-grainge-de-tommy-hilfiger\/#respond"]}]},{"@type":"WebPage","@id":"https:\/\/zeromagazine.mx\/index.php\/2024\/06\/04\/descubre-el-estilo-del-verano-con-la-coleccion-curada-por-sofia-richie-grainge-de-tommy-hilfiger\/","url":"https:\/\/zeromagazine.mx\/index.php\/2024\/06\/04\/descubre-el-estilo-del-verano-con-la-coleccion-curada-por-sofia-richie-grainge-de-tommy-hilfiger\/","name":"\u00a1Descubre el Estilo del Verano con la Colecci\u00f3n Curada por Sofia Richie Grainge de Tommy Hilfiger! - Zero Magazine","isPartOf":{"@id":"https:\/\/zeromagazine.mx\/#website"},"primaryImageOfPage":{"@id":"https:\/\/zeromagazine.mx\/index.php\/2024\/06\/04\/descubre-el-estilo-del-verano-con-la-coleccion-curada-por-sofia-richie-grainge-de-tommy-hilfiger\/#primaryimage"},"image":{"@id":"https:\/\/zeromagazine.mx\/index.php\/2024\/06\/04\/descubre-el-estilo-del-verano-con-la-coleccion-curada-por-sofia-richie-grainge-de-tommy-hilfiger\/#primaryimage"},"thumbnailUrl":"https:\/\/i0.wp.com\/zeromagazine.mx\/wp-content\/uploads\/2024\/06\/SS24_TH_SUMMER_EDIT_SRG_LOOK-4_1645_RGB_300_39L-scaled.jpg?fit=2560%2C1707&ssl=1","datePublished":"2024-06-03T23:55:40+00:00","dateModified":"2024-06-04T00:00:24+00:00","breadcrumb":{"@id":"https:\/\/zeromagazine.mx\/index.php\/2024\/06\/04\/descubre-el-estilo-del-verano-con-la-coleccion-curada-por-sofia-richie-grainge-de-tommy-hilfiger\/#breadcrumb"},"inLanguage":"es","potentialAction":[{"@type":"ReadAction","target":["https:\/\/zeromagazine.mx\/index.php\/2024\/06\/04\/descubre-el-estilo-del-verano-con-la-coleccion-curada-por-sofia-richie-grainge-de-tommy-hilfiger\/"]}]},{"@type":"ImageObject","inLanguage":"es","@id":"https:\/\/zeromagazine.mx\/index.php\/2024\/06\/04\/descubre-el-estilo-del-verano-con-la-coleccion-curada-por-sofia-richie-grainge-de-tommy-hilfiger\/#primaryimage","url":"https:\/\/i0.wp.com\/zeromagazine.mx\/wp-content\/uploads\/2024\/06\/SS24_TH_SUMMER_EDIT_SRG_LOOK-4_1645_RGB_300_39L-scaled.jpg?fit=2560%2C1707&ssl=1","contentUrl":"https:\/\/i0.wp.com\/zeromagazine.mx\/wp-content\/uploads\/2024\/06\/SS24_TH_SUMMER_EDIT_SRG_LOOK-4_1645_RGB_300_39L-scaled.jpg?fit=2560%2C1707&ssl=1","width":2560,"height":1707},{"@type":"BreadcrumbList","@id":"https:\/\/zeromagazine.mx\/index.php\/2024\/06\/04\/descubre-el-estilo-del-verano-con-la-coleccion-curada-por-sofia-richie-grainge-de-tommy-hilfiger\/#breadcrumb","itemListElement":[{"@type":"ListItem","position":1,"name":"Portada","item":"https:\/\/zeromagazine.mx\/"},{"@type":"ListItem","position":2,"name":"\u00a1Descubre el Estilo del Verano con la Colecci\u00f3n Curada por Sofia Richie Grainge de Tommy Hilfiger!"}]},{"@type":"WebSite","@id":"https:\/\/zeromagazine.mx\/#website","url":"https:\/\/zeromagazine.mx\/","name":"Zero Magazine","description":"","publisher":{"@id":"https:\/\/zeromagazine.mx\/#organization"},"potentialAction":[{"@type":"SearchAction","target":{"@type":"EntryPoint","urlTemplate":"https:\/\/zeromagazine.mx\/?s={search_term_string}"},"query-input":{"@type":"PropertyValueSpecification","valueRequired":true,"valueName":"search_term_string"}}],"inLanguage":"es"},{"@type":"Organization","@id":"https:\/\/zeromagazine.mx\/#organization","name":"Zero Magazine","url":"https:\/\/zeromagazine.mx\/","logo":{"@type":"ImageObject","inLanguage":"es","@id":"https:\/\/zeromagazine.mx\/#\/schema\/logo\/image\/","url":"https:\/\/i0.wp.com\/zeromagazine.mx\/wp-content\/uploads\/2025\/11\/1.jpeg?fit=1000%2C1000&ssl=1","contentUrl":"https:\/\/i0.wp.com\/zeromagazine.mx\/wp-content\/uploads\/2025\/11\/1.jpeg?fit=1000%2C1000&ssl=1","width":1000,"height":1000,"caption":"Zero Magazine"},"image":{"@id":"https:\/\/zeromagazine.mx\/#\/schema\/logo\/image\/"},"sameAs":["https:\/\/instagram.com\/zeromagazinemx"]},{"@type":"Person","@id":"https:\/\/zeromagazine.mx\/#\/schema\/person\/9f7f1a17c60ba8e9980e3e6677aabe5a","name":"David Morales","image":{"@type":"ImageObject","inLanguage":"es","@id":"https:\/\/zeromagazine.mx\/wp-content\/litespeed\/avatar\/76069d2136bfc1c37dc34815bb67ca42.jpg?ver=1777571067","url":"https:\/\/zeromagazine.mx\/wp-content\/litespeed\/avatar\/76069d2136bfc1c37dc34815bb67ca42.jpg?ver=1777571067","contentUrl":"https:\/\/zeromagazine.mx\/wp-content\/litespeed\/avatar\/76069d2136bfc1c37dc34815bb67ca42.jpg?ver=1777571067","caption":"David Morales"},"url":"https:\/\/zeromagazine.mx\/index.php\/author\/david\/"}]}},"jetpack_publicize_connections":[],"jetpack_featured_media_url":"https:\/\/i0.wp.com\/zeromagazine.mx\/wp-content\/uploads\/2024\/06\/SS24_TH_SUMMER_EDIT_SRG_LOOK-4_1645_RGB_300_39L-scaled.jpg?fit=2560%2C1707&ssl=1","jetpack-related-posts":[{"id":89152,"url":"https:\/\/zeromagazine.mx\/index.php\/2024\/11\/01\/holiday-vibes-con-tommy-hilfiger\/","url_meta":{"origin":77105,"position":0},"title":"\u00abHoliday Vibes con Tommy Hilfiger\u00bb","author":"zeromagazinemx","date":"1 de noviembre de 2024","format":false,"excerpt":"\u00a1Hey, fashionistas! Ya se siente el ambiente navide\u00f1o, y con eso vienen las fiestas, los amigos y, claro, \u00a1la moda! Este a\u00f1o, Tommy Hilfiger se ha sacado la campa\u00f1a Holiday 2024 de la manga, y si pensabas que la temporada solo era para las luces y decoraciones, \u00a1pi\u00e9nsalo de nuevo!\u2026","rel":"","context":"En \u00abModa\u00bb","block_context":{"text":"Moda","link":"https:\/\/zeromagazine.mx\/index.php\/category\/moda\/"},"img":{"alt_text":"","src":"https:\/\/i0.wp.com\/zeromagazine.mx\/wp-content\/uploads\/2024\/11\/Tommy-Hilfiger_Holiday24_Sofia-Richie-Grainge.jpg?fit=996%2C1200&ssl=1&resize=350%2C200","width":350,"height":200,"srcset":"https:\/\/i0.wp.com\/zeromagazine.mx\/wp-content\/uploads\/2024\/11\/Tommy-Hilfiger_Holiday24_Sofia-Richie-Grainge.jpg?fit=996%2C1200&ssl=1&resize=350%2C200 1x, https:\/\/i0.wp.com\/zeromagazine.mx\/wp-content\/uploads\/2024\/11\/Tommy-Hilfiger_Holiday24_Sofia-Richie-Grainge.jpg?fit=996%2C1200&ssl=1&resize=525%2C300 1.5x, https:\/\/i0.wp.com\/zeromagazine.mx\/wp-content\/uploads\/2024\/11\/Tommy-Hilfiger_Holiday24_Sofia-Richie-Grainge.jpg?fit=996%2C1200&ssl=1&resize=700%2C400 2x"},"classes":[]},{"id":92646,"url":"https:\/\/zeromagazine.mx\/index.php\/2024\/12\/10\/tommy-hilfiger-estilo-que-inspira\/","url_meta":{"origin":77105,"position":1},"title":"Tommy Hilfiger Estilo que Inspira","author":"zeromagazinemx","date":"10 de diciembre de 2024","format":false,"excerpt":"Estilo que inspira siempre Amix, d\u00e9jenme les cuento el chisme: Tommy Hilfiger acaba de celebrar 30 a\u00f1os en M\u00e9xico y lo hizo en grande. O sea, hablamos del mism\u00edsimo Tommy visitando CDMX para festejar este milestone con vibras elegantes y obvio, puro estilo. Desde 1994, la marca ha sido un\u2026","rel":"","context":"En \u00abEntretenimiento\u00bb","block_context":{"text":"Entretenimiento","link":"https:\/\/zeromagazine.mx\/index.php\/category\/entretenimiento\/"},"img":{"alt_text":"","src":"https:\/\/i0.wp.com\/zeromagazine.mx\/wp-content\/uploads\/2024\/12\/DSC05259-scaled.jpg?fit=1200%2C825&ssl=1&resize=350%2C200","width":350,"height":200,"srcset":"https:\/\/i0.wp.com\/zeromagazine.mx\/wp-content\/uploads\/2024\/12\/DSC05259-scaled.jpg?fit=1200%2C825&ssl=1&resize=350%2C200 1x, https:\/\/i0.wp.com\/zeromagazine.mx\/wp-content\/uploads\/2024\/12\/DSC05259-scaled.jpg?fit=1200%2C825&ssl=1&resize=525%2C300 1.5x, https:\/\/i0.wp.com\/zeromagazine.mx\/wp-content\/uploads\/2024\/12\/DSC05259-scaled.jpg?fit=1200%2C825&ssl=1&resize=700%2C400 2x, https:\/\/i0.wp.com\/zeromagazine.mx\/wp-content\/uploads\/2024\/12\/DSC05259-scaled.jpg?fit=1200%2C825&ssl=1&resize=1050%2C600 3x"},"classes":[]},{"id":46890,"url":"https:\/\/zeromagazine.mx\/index.php\/2021\/06\/05\/tommy-hilfiger-presenta-su-coleccion-summer-pre-fall-2021\/","url_meta":{"origin":77105,"position":2},"title":"Tommy Hilfiger presenta su colecci\u00f3n summer\/pre-fall 2021","author":"zeromagazinemx","date":"5 de junio de 2021","format":false,"excerpt":"Tommy Hilfiger presenta su colecci\u00f3n para este Verano con el mensaje \u201cel verano es un estado de \u00e1nimo\u201d. por Mayra Torres Esta incre\u00edble colecci\u00f3n est\u00e1 dise\u00f1ada para encontrar la diversi\u00f3n, para que te vistas y te sientas c\u00f3modo en cualquier lugar. Los trajes de ba\u00f1o ahora est\u00e1n hechos a mano,\u2026","rel":"","context":"En \u00abLifestyle\u00bb","block_context":{"text":"Lifestyle","link":"https:\/\/zeromagazine.mx\/index.php\/category\/lifestyle\/"},"img":{"alt_text":"","src":"","width":0,"height":0},"classes":[]},{"id":103148,"url":"https:\/\/zeromagazine.mx\/index.php\/2025\/05\/06\/apxgp-tommy-hilfiger-coleccion-inspirada-en-la-f1\/","url_meta":{"origin":77105,"position":3},"title":"APXGP Tommy Hilfiger: Colecci\u00f3n Inspirada En La F1","author":"David Morales","date":"6 de mayo de 2025","format":false,"excerpt":"Amix, si t\u00fa tambi\u00e9n eres de les que sienten adrenalina con los fashion moments m\u00e1s potentes, prep\u00e1rate para la colecci\u00f3n APXGP Tommy Hilfiger, inspirada en el mundo de la F\u00f3rmula 1 y el cine. Y s\u00ed, esta collab no es cualquier cosa: es literal una mezcla de estilo y velocidad\u2026","rel":"","context":"En \u00abModa\u00bb","block_context":{"text":"Moda","link":"https:\/\/zeromagazine.mx\/index.php\/category\/moda\/"},"img":{"alt_text":"","src":"https:\/\/i0.wp.com\/zeromagazine.mx\/wp-content\/uploads\/2025\/05\/0Q9A3034-scaled.jpg?fit=1200%2C900&ssl=1&resize=350%2C200","width":350,"height":200,"srcset":"https:\/\/i0.wp.com\/zeromagazine.mx\/wp-content\/uploads\/2025\/05\/0Q9A3034-scaled.jpg?fit=1200%2C900&ssl=1&resize=350%2C200 1x, https:\/\/i0.wp.com\/zeromagazine.mx\/wp-content\/uploads\/2025\/05\/0Q9A3034-scaled.jpg?fit=1200%2C900&ssl=1&resize=525%2C300 1.5x, https:\/\/i0.wp.com\/zeromagazine.mx\/wp-content\/uploads\/2025\/05\/0Q9A3034-scaled.jpg?fit=1200%2C900&ssl=1&resize=700%2C400 2x, https:\/\/i0.wp.com\/zeromagazine.mx\/wp-content\/uploads\/2025\/05\/0Q9A3034-scaled.jpg?fit=1200%2C900&ssl=1&resize=1050%2C600 3x"},"classes":[]},{"id":73367,"url":"https:\/\/zeromagazine.mx\/index.php\/2024\/04\/06\/regresa-tommy-jeans-international-games\/","url_meta":{"origin":77105,"position":4},"title":"Regresa Tommy Jeans International Games","author":"zeromagazinemx","date":"6 de abril de 2024","format":false,"excerpt":"Tommy Hilfiger est\u00e1 de vuelta con una explosiva colecci\u00f3n que nos har\u00e1 lucir como estrellas del deporte y la pasarela al mismo tiempo. S\u00ed, est\u00e1n leyendo bien, \u00a1es el regreso de la emblem\u00e1tica colecci\u00f3n de juegos internacionales, TOMMY JEANS! Pero, \u00bfqu\u00e9 hace que esta colecci\u00f3n sea tan especial? Bueno, para\u2026","rel":"","context":"En \u00abModa\u00bb","block_context":{"text":"Moda","link":"https:\/\/zeromagazine.mx\/index.php\/category\/moda\/"},"img":{"alt_text":"","src":"https:\/\/i0.wp.com\/zeromagazine.mx\/wp-content\/uploads\/2024\/04\/SP24_TJ_INTERNATIONALGAMES_MSW_4_323-scaled.jpg?fit=1200%2C800&ssl=1&resize=350%2C200","width":350,"height":200,"srcset":"https:\/\/i0.wp.com\/zeromagazine.mx\/wp-content\/uploads\/2024\/04\/SP24_TJ_INTERNATIONALGAMES_MSW_4_323-scaled.jpg?fit=1200%2C800&ssl=1&resize=350%2C200 1x, https:\/\/i0.wp.com\/zeromagazine.mx\/wp-content\/uploads\/2024\/04\/SP24_TJ_INTERNATIONALGAMES_MSW_4_323-scaled.jpg?fit=1200%2C800&ssl=1&resize=525%2C300 1.5x, https:\/\/i0.wp.com\/zeromagazine.mx\/wp-content\/uploads\/2024\/04\/SP24_TJ_INTERNATIONALGAMES_MSW_4_323-scaled.jpg?fit=1200%2C800&ssl=1&resize=700%2C400 2x, https:\/\/i0.wp.com\/zeromagazine.mx\/wp-content\/uploads\/2024\/04\/SP24_TJ_INTERNATIONALGAMES_MSW_4_323-scaled.jpg?fit=1200%2C800&ssl=1&resize=1050%2C600 3x"},"classes":[]},{"id":95161,"url":"https:\/\/zeromagazine.mx\/index.php\/2025\/01\/21\/tommy-hilfiger-denim-revive\/","url_meta":{"origin":77105,"position":5},"title":"Tommy Hilfiger: Denim Revive","author":"zeromagazinemx","date":"21 de enero de 2025","format":false,"excerpt":"Tommy Hilfiger redefine el denim Tommy Hilfiger redefine el denim.La moda nunca deja de reinventarse, y siempre hay algo que se mantiene como un cl\u00e1sico: el denim. Si hay algo que nos ha acompa\u00f1ado en todas las \u00e9pocas y momentos, es una buena prenda de mezclilla, que va m\u00e1s all\u00e1\u2026","rel":"","context":"En \u00abModa\u00bb","block_context":{"text":"Moda","link":"https:\/\/zeromagazine.mx\/index.php\/category\/moda\/"},"img":{"alt_text":"","src":"https:\/\/i0.wp.com\/zeromagazine.mx\/wp-content\/uploads\/2025\/01\/Tommy-Hilfiger_PSP25-Denim-Campaign_-Abby-Champion-4.jpg?fit=800%2C1200&ssl=1&resize=350%2C200","width":350,"height":200,"srcset":"https:\/\/i0.wp.com\/zeromagazine.mx\/wp-content\/uploads\/2025\/01\/Tommy-Hilfiger_PSP25-Denim-Campaign_-Abby-Champion-4.jpg?fit=800%2C1200&ssl=1&resize=350%2C200 1x, https:\/\/i0.wp.com\/zeromagazine.mx\/wp-content\/uploads\/2025\/01\/Tommy-Hilfiger_PSP25-Denim-Campaign_-Abby-Champion-4.jpg?fit=800%2C1200&ssl=1&resize=525%2C300 1.5x, https:\/\/i0.wp.com\/zeromagazine.mx\/wp-content\/uploads\/2025\/01\/Tommy-Hilfiger_PSP25-Denim-Campaign_-Abby-Champion-4.jpg?fit=800%2C1200&ssl=1&resize=700%2C400 2x"},"classes":[]}],"jetpack_sharing_enabled":true,"builder_content":"","_links":{"self":[{"href":"https:\/\/zeromagazine.mx\/index.php\/wp-json\/wp\/v2\/posts\/77105","targetHints":{"allow":["GET"]}}],"collection":[{"href":"https:\/\/zeromagazine.mx\/index.php\/wp-json\/wp\/v2\/posts"}],"about":[{"href":"https:\/\/zeromagazine.mx\/index.php\/wp-json\/wp\/v2\/types\/post"}],"author":[{"embeddable":true,"href":"https:\/\/zeromagazine.mx\/index.php\/wp-json\/wp\/v2\/users\/4"}],"replies":[{"embeddable":true,"href":"https:\/\/zeromagazine.mx\/index.php\/wp-json\/wp\/v2\/comments?post=77105"}],"version-history":[{"count":7,"href":"https:\/\/zeromagazine.mx\/index.php\/wp-json\/wp\/v2\/posts\/77105\/revisions"}],"predecessor-version":[{"id":77117,"href":"https:\/\/zeromagazine.mx\/index.php\/wp-json\/wp\/v2\/posts\/77105\/revisions\/77117"}],"wp:featuredmedia":[{"embeddable":true,"href":"https:\/\/zeromagazine.mx\/index.php\/wp-json\/wp\/v2\/media\/77106"}],"wp:attachment":[{"href":"https:\/\/zeromagazine.mx\/index.php\/wp-json\/wp\/v2\/media?parent=77105"}],"wp:term":[{"taxonomy":"category","embeddable":true,"href":"https:\/\/zeromagazine.mx\/index.php\/wp-json\/wp\/v2\/categories?post=77105"},{"taxonomy":"post_tag","embeddable":true,"href":"https:\/\/zeromagazine.mx\/index.php\/wp-json\/wp\/v2\/tags?post=77105"}],"curies":[{"name":"wp","href":"https:\/\/api.w.org\/{rel}","templated":true}]}}