{"id":77190,"date":"2024-06-04T21:48:03","date_gmt":"2024-06-04T19:48:03","guid":{"rendered":"https:\/\/zeromagazine.mx\/?p=77190"},"modified":"2024-06-04T21:59:33","modified_gmt":"2024-06-04T19:59:33","slug":"greeicy-anuncia-nuevas-fechas-para-su-greeicy-yeliana-world-tour","status":"publish","type":"post","link":"https:\/\/zeromagazine.mx\/index.php\/2024\/06\/04\/greeicy-anuncia-nuevas-fechas-para-su-greeicy-yeliana-world-tour\/","title":{"rendered":"Greeicy Anuncia Nuevas Fechas para su GREEICY YELIANA WORLD TOUR"},"content":{"rendered":"<p>Les tengo la noticia m\u00e1s emocionante del mundo de la m\u00fasica latina. \u00bfRecuerdan a la talentosa Greeicy? \u00a1Pues est\u00e1 llevando su show a otro nivel con su Greeicy-Yeliana World Tour! Prep\u00e1rense para una experiencia musical \u00e9pica porque Greeicy est\u00e1 lista para hacer vibrar el mundo con su talento y su energ\u00eda \u00fanica.<\/p>\n\n\n\n<script async src=\"https:\/\/pagead2.googlesyndication.com\/pagead\/js\/adsbygoogle.js?client=ca-pub-5499304793904745\"\n     crossorigin=\"anonymous\"><\/script>\n<ins class=\"adsbygoogle\"\n     style=\"display:block; text-align:center;\"\n     data-ad-layout=\"in-article\"\n     data-ad-format=\"fluid\"\n     data-ad-client=\"ca-pub-5499304793904745\"\n     data-ad-slot=\"5994863093\"><\/ins>\n<script>\n     (adsbygoogle = window.adsbygoogle || []).push({});\n<\/script>\n\n\n\n<p><\/p>\n\n\n\n<p>Primero que nada, este tour es m\u00e1s que un simple recorrido musical. Se trata de una celebraci\u00f3n de la dualidad de Greeicy, tanto como artista como persona. Con su \u00e1lbum dividido en dos partes, Yeliana (Lado A) y Greeicy (Lado B), ella explora su identidad y su fuerza, especialmente como madre. Esto no es solo m\u00fasica, es un viaje de autodescubrimiento y crecimiento art\u00edstico.<\/p>\n\n\n<div class=\"wp-block-image\">\n<figure class=\"aligncenter size-large\"><img data-recalc-dims=\"1\" decoding=\"async\" width=\"576\" height=\"1024\" src=\"https:\/\/i0.wp.com\/zeromagazine.mx\/wp-content\/uploads\/2024\/06\/uDuejcA9.jpeg?resize=576%2C1024\" alt=\"\" class=\"wp-image-77197\" srcset=\"https:\/\/i0.wp.com\/zeromagazine.mx\/wp-content\/uploads\/2024\/06\/uDuejcA9-scaled.jpeg?resize=576%2C1024&amp;ssl=1 576w, https:\/\/i0.wp.com\/zeromagazine.mx\/wp-content\/uploads\/2024\/06\/uDuejcA9-scaled.jpeg?resize=169%2C300&amp;ssl=1 169w, https:\/\/i0.wp.com\/zeromagazine.mx\/wp-content\/uploads\/2024\/06\/uDuejcA9-scaled.jpeg?resize=768%2C1365&amp;ssl=1 768w, https:\/\/i0.wp.com\/zeromagazine.mx\/wp-content\/uploads\/2024\/06\/uDuejcA9-scaled.jpeg?resize=864%2C1536&amp;ssl=1 864w, https:\/\/i0.wp.com\/zeromagazine.mx\/wp-content\/uploads\/2024\/06\/uDuejcA9-scaled.jpeg?resize=1153%2C2048&amp;ssl=1 1153w, https:\/\/i0.wp.com\/zeromagazine.mx\/wp-content\/uploads\/2024\/06\/uDuejcA9-scaled.jpeg?w=1441&amp;ssl=1 1441w\" sizes=\"(max-width: 576px) 100vw, 576px\" \/><\/figure>\n<\/div>\n\n\n<p><\/p>\n\n\n\n<p>Ahora, hablemos de las fechas. Desde Bogot\u00e1 hasta San Salvador, Greeicy est\u00e1 llevando su m\u00fasica a ciudades incre\u00edbles en todo el mundo. Y lo mejor de todo es que los boletos estar\u00e1n disponibles muy pronto, as\u00ed que aseg\u00farense de estar atentos a la p\u00e1gina oficial del tour para no perderse esta experiencia \u00fanica.<\/p>\n\n\n\n<p><\/p>\n\n\n\n<p>\u00bfY saben qu\u00e9 m\u00e1s? Los conciertos en Bogot\u00e1 y Lima \u00a1se agotaron por completo! Es un claro indicador del amor y apoyo que Greeicy recibe de sus fans en toda Am\u00e9rica Latina. \u00a1Es simplemente asombroso!<\/p>\n\n\n\n<figure class=\"wp-block-image size-large\"><img data-recalc-dims=\"1\" decoding=\"async\" width=\"1024\" height=\"576\" src=\"https:\/\/i0.wp.com\/zeromagazine.mx\/wp-content\/uploads\/2024\/06\/c2SjnJ-o-1024x576.jpeg?resize=1024%2C576&#038;ssl=1\" alt=\"\" class=\"wp-image-77198\" srcset=\"https:\/\/i0.wp.com\/zeromagazine.mx\/wp-content\/uploads\/2024\/06\/c2SjnJ-o-scaled.jpeg?resize=1024%2C576&amp;ssl=1 1024w, https:\/\/i0.wp.com\/zeromagazine.mx\/wp-content\/uploads\/2024\/06\/c2SjnJ-o-scaled.jpeg?resize=300%2C169&amp;ssl=1 300w, https:\/\/i0.wp.com\/zeromagazine.mx\/wp-content\/uploads\/2024\/06\/c2SjnJ-o-scaled.jpeg?resize=768%2C432&amp;ssl=1 768w, https:\/\/i0.wp.com\/zeromagazine.mx\/wp-content\/uploads\/2024\/06\/c2SjnJ-o-scaled.jpeg?resize=1536%2C864&amp;ssl=1 1536w, https:\/\/i0.wp.com\/zeromagazine.mx\/wp-content\/uploads\/2024\/06\/c2SjnJ-o-scaled.jpeg?resize=2048%2C1152&amp;ssl=1 2048w, https:\/\/i0.wp.com\/zeromagazine.mx\/wp-content\/uploads\/2024\/06\/c2SjnJ-o-scaled.jpeg?w=2330 2330w\" sizes=\"(max-width: 1024px) 100vw, 1024px\" \/><\/figure>\n\n\n\n<p><\/p>\n\n\n\n<p>Con cada presentaci\u00f3n, Greeicy nos lleva a su mundo, nos hace sentir su poder y transformaci\u00f3n como madre, y nos promete una experiencia que jam\u00e1s olvidaremos. Es m\u00e1s que m\u00fasica, es una conexi\u00f3n profunda entre la artista y sus fans.<\/p>\n\n\n\n<p>As\u00ed que, amix, prep\u00e1rense para vivir una experiencia que los dejar\u00e1 sin aliento. Greeicy est\u00e1 lista para arrasar con su Greeicy-Yeliana World Tour, y t\u00fa no querr\u00e1s perd\u00e9rtelo por nada del mundo. \u00a1Asegura tus boletos en: <a href=\"http:\/\/www.greeicy.live\"><strong>WWW.GREEICY.LIVE<\/strong><\/a> !<\/p>\n\n\n\n<p><\/p>\n\n\n\n<p><\/p>\n\n<!--themify_builder_content-->\n<div id=\"themify_builder_content-77190\" data-postid=\"77190\" class=\"themify_builder_content themify_builder_content-77190 themify_builder tf_clear\">\n    <\/div>\n<!--\/themify_builder_content-->","protected":false},"excerpt":{"rendered":"<p>Les tengo la noticia m\u00e1s emocionante del mundo de la m\u00fasica latina. \u00bfRecuerdan a la talentosa Greeicy? \u00a1Pues est\u00e1 llevando su show a otro nivel con su Greeicy-Yeliana World Tour! Prep\u00e1rense para una experiencia musical \u00e9pica porque Greeicy est\u00e1 lista para hacer vibrar el mundo con su talento y su energ\u00eda \u00fanica. Primero que nada, [&hellip;]<\/p>\n","protected":false},"author":4,"featured_media":77191,"comment_status":"open","ping_status":"open","sticky":false,"template":"","format":"standard","meta":{"_jetpack_memberships_contains_paid_content":false,"footnotes":"","jetpack_publicize_message":"","jetpack_publicize_feature_enabled":true,"jetpack_social_post_already_shared":true,"jetpack_social_options":{"image_generator_settings":{"template":"highway","default_image_id":0,"font":"","enabled":false},"version":2}},"categories":[1],"tags":[7242,8416,8417],"class_list":["post-77190","post","type-post","status-publish","format-standard","has-post-thumbnail","hentry","category-blog","tag-greeicy","tag-greeicy-yeliana-world-tour","tag-nuevas-fechas","has-post-title","has-post-date","has-post-category","has-post-tag","has-post-comment","has-post-author",""],"yoast_head":"<!-- This site is optimized with the Yoast SEO plugin v27.5 - https:\/\/yoast.com\/product\/yoast-seo-wordpress\/ -->\n<title>Greeicy Anuncia Nuevas Fechas para su GREEICY YELIANA WORLD TOUR - Zero Magazine<\/title>\n<meta name=\"robots\" content=\"index, follow, max-snippet:-1, max-image-preview:large, max-video-preview:-1\" \/>\n<link rel=\"canonical\" href=\"https:\/\/zeromagazine.mx\/index.php\/2024\/06\/04\/greeicy-anuncia-nuevas-fechas-para-su-greeicy-yeliana-world-tour\/\" \/>\n<meta property=\"og:locale\" content=\"es_ES\" \/>\n<meta property=\"og:type\" content=\"article\" \/>\n<meta property=\"og:title\" content=\"Greeicy Anuncia Nuevas Fechas para su GREEICY YELIANA WORLD TOUR - Zero Magazine\" \/>\n<meta property=\"og:description\" content=\"Les tengo la noticia m\u00e1s emocionante del mundo de la m\u00fasica latina. \u00bfRecuerdan a la talentosa Greeicy? \u00a1Pues est\u00e1 llevando su show a otro nivel con su Greeicy-Yeliana World Tour! Prep\u00e1rense para una experiencia musical \u00e9pica porque Greeicy est\u00e1 lista para hacer vibrar el mundo con su talento y su energ\u00eda \u00fanica. Primero que nada, [&hellip;]\" \/>\n<meta property=\"og:url\" content=\"https:\/\/zeromagazine.mx\/index.php\/2024\/06\/04\/greeicy-anuncia-nuevas-fechas-para-su-greeicy-yeliana-world-tour\/\" \/>\n<meta property=\"og:site_name\" content=\"Zero Magazine\" \/>\n<meta property=\"article:published_time\" content=\"2024-06-04T19:48:03+00:00\" \/>\n<meta property=\"article:modified_time\" content=\"2024-06-04T19:59:33+00:00\" \/>\n<meta property=\"og:image\" content=\"https:\/\/i0.wp.com\/zeromagazine.mx\/wp-content\/uploads\/2024\/06\/WhatsApp-Image-2024-06-04-at-12.44.59-PM.jpeg?fit=720%2C1280&ssl=1\" \/>\n\t<meta property=\"og:image:width\" content=\"720\" \/>\n\t<meta property=\"og:image:height\" content=\"1280\" \/>\n\t<meta property=\"og:image:type\" content=\"image\/jpeg\" \/>\n<meta name=\"author\" content=\"David Morales\" \/>\n<meta name=\"twitter:card\" content=\"summary_large_image\" \/>\n<meta name=\"twitter:label1\" content=\"Escrito por\" \/>\n\t<meta name=\"twitter:data1\" content=\"David Morales\" \/>\n\t<meta name=\"twitter:label2\" content=\"Tiempo de lectura\" \/>\n\t<meta name=\"twitter:data2\" content=\"2 minutos\" \/>\n<script type=\"application\/ld+json\" class=\"yoast-schema-graph\">{\"@context\":\"https:\\\/\\\/schema.org\",\"@graph\":[{\"@type\":\"Article\",\"@id\":\"https:\\\/\\\/zeromagazine.mx\\\/index.php\\\/2024\\\/06\\\/04\\\/greeicy-anuncia-nuevas-fechas-para-su-greeicy-yeliana-world-tour\\\/#article\",\"isPartOf\":{\"@id\":\"https:\\\/\\\/zeromagazine.mx\\\/index.php\\\/2024\\\/06\\\/04\\\/greeicy-anuncia-nuevas-fechas-para-su-greeicy-yeliana-world-tour\\\/\"},\"author\":{\"name\":\"David Morales\",\"@id\":\"https:\\\/\\\/zeromagazine.mx\\\/#\\\/schema\\\/person\\\/9f7f1a17c60ba8e9980e3e6677aabe5a\"},\"headline\":\"Greeicy Anuncia Nuevas Fechas para su GREEICY YELIANA WORLD TOUR\",\"datePublished\":\"2024-06-04T19:48:03+00:00\",\"dateModified\":\"2024-06-04T19:59:33+00:00\",\"mainEntityOfPage\":{\"@id\":\"https:\\\/\\\/zeromagazine.mx\\\/index.php\\\/2024\\\/06\\\/04\\\/greeicy-anuncia-nuevas-fechas-para-su-greeicy-yeliana-world-tour\\\/\"},\"wordCount\":317,\"commentCount\":0,\"publisher\":{\"@id\":\"https:\\\/\\\/zeromagazine.mx\\\/#organization\"},\"image\":{\"@id\":\"https:\\\/\\\/zeromagazine.mx\\\/index.php\\\/2024\\\/06\\\/04\\\/greeicy-anuncia-nuevas-fechas-para-su-greeicy-yeliana-world-tour\\\/#primaryimage\"},\"thumbnailUrl\":\"https:\\\/\\\/i0.wp.com\\\/zeromagazine.mx\\\/wp-content\\\/uploads\\\/2024\\\/06\\\/WhatsApp-Image-2024-06-04-at-12.44.59-PM.jpeg?fit=720%2C1280&ssl=1\",\"keywords\":[\"GREEICY\",\"GREEICY YELIANA WORLD TOUR\",\"NUEVAS FECHAS\"],\"articleSection\":[\"Blog\"],\"inLanguage\":\"es\",\"potentialAction\":[{\"@type\":\"CommentAction\",\"name\":\"Comment\",\"target\":[\"https:\\\/\\\/zeromagazine.mx\\\/index.php\\\/2024\\\/06\\\/04\\\/greeicy-anuncia-nuevas-fechas-para-su-greeicy-yeliana-world-tour\\\/#respond\"]}]},{\"@type\":\"WebPage\",\"@id\":\"https:\\\/\\\/zeromagazine.mx\\\/index.php\\\/2024\\\/06\\\/04\\\/greeicy-anuncia-nuevas-fechas-para-su-greeicy-yeliana-world-tour\\\/\",\"url\":\"https:\\\/\\\/zeromagazine.mx\\\/index.php\\\/2024\\\/06\\\/04\\\/greeicy-anuncia-nuevas-fechas-para-su-greeicy-yeliana-world-tour\\\/\",\"name\":\"Greeicy Anuncia Nuevas Fechas para su GREEICY YELIANA WORLD TOUR - Zero Magazine\",\"isPartOf\":{\"@id\":\"https:\\\/\\\/zeromagazine.mx\\\/#website\"},\"primaryImageOfPage\":{\"@id\":\"https:\\\/\\\/zeromagazine.mx\\\/index.php\\\/2024\\\/06\\\/04\\\/greeicy-anuncia-nuevas-fechas-para-su-greeicy-yeliana-world-tour\\\/#primaryimage\"},\"image\":{\"@id\":\"https:\\\/\\\/zeromagazine.mx\\\/index.php\\\/2024\\\/06\\\/04\\\/greeicy-anuncia-nuevas-fechas-para-su-greeicy-yeliana-world-tour\\\/#primaryimage\"},\"thumbnailUrl\":\"https:\\\/\\\/i0.wp.com\\\/zeromagazine.mx\\\/wp-content\\\/uploads\\\/2024\\\/06\\\/WhatsApp-Image-2024-06-04-at-12.44.59-PM.jpeg?fit=720%2C1280&ssl=1\",\"datePublished\":\"2024-06-04T19:48:03+00:00\",\"dateModified\":\"2024-06-04T19:59:33+00:00\",\"breadcrumb\":{\"@id\":\"https:\\\/\\\/zeromagazine.mx\\\/index.php\\\/2024\\\/06\\\/04\\\/greeicy-anuncia-nuevas-fechas-para-su-greeicy-yeliana-world-tour\\\/#breadcrumb\"},\"inLanguage\":\"es\",\"potentialAction\":[{\"@type\":\"ReadAction\",\"target\":[\"https:\\\/\\\/zeromagazine.mx\\\/index.php\\\/2024\\\/06\\\/04\\\/greeicy-anuncia-nuevas-fechas-para-su-greeicy-yeliana-world-tour\\\/\"]}]},{\"@type\":\"ImageObject\",\"inLanguage\":\"es\",\"@id\":\"https:\\\/\\\/zeromagazine.mx\\\/index.php\\\/2024\\\/06\\\/04\\\/greeicy-anuncia-nuevas-fechas-para-su-greeicy-yeliana-world-tour\\\/#primaryimage\",\"url\":\"https:\\\/\\\/i0.wp.com\\\/zeromagazine.mx\\\/wp-content\\\/uploads\\\/2024\\\/06\\\/WhatsApp-Image-2024-06-04-at-12.44.59-PM.jpeg?fit=720%2C1280&ssl=1\",\"contentUrl\":\"https:\\\/\\\/i0.wp.com\\\/zeromagazine.mx\\\/wp-content\\\/uploads\\\/2024\\\/06\\\/WhatsApp-Image-2024-06-04-at-12.44.59-PM.jpeg?fit=720%2C1280&ssl=1\",\"width\":720,\"height\":1280},{\"@type\":\"BreadcrumbList\",\"@id\":\"https:\\\/\\\/zeromagazine.mx\\\/index.php\\\/2024\\\/06\\\/04\\\/greeicy-anuncia-nuevas-fechas-para-su-greeicy-yeliana-world-tour\\\/#breadcrumb\",\"itemListElement\":[{\"@type\":\"ListItem\",\"position\":1,\"name\":\"Portada\",\"item\":\"https:\\\/\\\/zeromagazine.mx\\\/\"},{\"@type\":\"ListItem\",\"position\":2,\"name\":\"Greeicy Anuncia Nuevas Fechas para su GREEICY YELIANA WORLD TOUR\"}]},{\"@type\":\"WebSite\",\"@id\":\"https:\\\/\\\/zeromagazine.mx\\\/#website\",\"url\":\"https:\\\/\\\/zeromagazine.mx\\\/\",\"name\":\"Zero Magazine\",\"description\":\"\",\"publisher\":{\"@id\":\"https:\\\/\\\/zeromagazine.mx\\\/#organization\"},\"potentialAction\":[{\"@type\":\"SearchAction\",\"target\":{\"@type\":\"EntryPoint\",\"urlTemplate\":\"https:\\\/\\\/zeromagazine.mx\\\/?s={search_term_string}\"},\"query-input\":{\"@type\":\"PropertyValueSpecification\",\"valueRequired\":true,\"valueName\":\"search_term_string\"}}],\"inLanguage\":\"es\"},{\"@type\":\"Organization\",\"@id\":\"https:\\\/\\\/zeromagazine.mx\\\/#organization\",\"name\":\"Zero Magazine\",\"url\":\"https:\\\/\\\/zeromagazine.mx\\\/\",\"logo\":{\"@type\":\"ImageObject\",\"inLanguage\":\"es\",\"@id\":\"https:\\\/\\\/zeromagazine.mx\\\/#\\\/schema\\\/logo\\\/image\\\/\",\"url\":\"https:\\\/\\\/i0.wp.com\\\/zeromagazine.mx\\\/wp-content\\\/uploads\\\/2025\\\/11\\\/1.jpeg?fit=1000%2C1000&ssl=1\",\"contentUrl\":\"https:\\\/\\\/i0.wp.com\\\/zeromagazine.mx\\\/wp-content\\\/uploads\\\/2025\\\/11\\\/1.jpeg?fit=1000%2C1000&ssl=1\",\"width\":1000,\"height\":1000,\"caption\":\"Zero Magazine\"},\"image\":{\"@id\":\"https:\\\/\\\/zeromagazine.mx\\\/#\\\/schema\\\/logo\\\/image\\\/\"},\"sameAs\":[\"https:\\\/\\\/instagram.com\\\/zeromagazinemx\"]},{\"@type\":\"Person\",\"@id\":\"https:\\\/\\\/zeromagazine.mx\\\/#\\\/schema\\\/person\\\/9f7f1a17c60ba8e9980e3e6677aabe5a\",\"name\":\"David Morales\",\"image\":{\"@type\":\"ImageObject\",\"inLanguage\":\"es\",\"@id\":\"https:\\\/\\\/zeromagazine.mx\\\/wp-content\\\/litespeed\\\/avatar\\\/76069d2136bfc1c37dc34815bb67ca42.jpg?ver=1777571067\",\"url\":\"https:\\\/\\\/zeromagazine.mx\\\/wp-content\\\/litespeed\\\/avatar\\\/76069d2136bfc1c37dc34815bb67ca42.jpg?ver=1777571067\",\"contentUrl\":\"https:\\\/\\\/zeromagazine.mx\\\/wp-content\\\/litespeed\\\/avatar\\\/76069d2136bfc1c37dc34815bb67ca42.jpg?ver=1777571067\",\"caption\":\"David Morales\"},\"url\":\"https:\\\/\\\/zeromagazine.mx\\\/index.php\\\/author\\\/david\\\/\"}]}<\/script>\n<!-- \/ Yoast SEO plugin. -->","yoast_head_json":{"title":"Greeicy Anuncia Nuevas Fechas para su GREEICY YELIANA WORLD TOUR - Zero Magazine","robots":{"index":"index","follow":"follow","max-snippet":"max-snippet:-1","max-image-preview":"max-image-preview:large","max-video-preview":"max-video-preview:-1"},"canonical":"https:\/\/zeromagazine.mx\/index.php\/2024\/06\/04\/greeicy-anuncia-nuevas-fechas-para-su-greeicy-yeliana-world-tour\/","og_locale":"es_ES","og_type":"article","og_title":"Greeicy Anuncia Nuevas Fechas para su GREEICY YELIANA WORLD TOUR - Zero Magazine","og_description":"Les tengo la noticia m\u00e1s emocionante del mundo de la m\u00fasica latina. \u00bfRecuerdan a la talentosa Greeicy? \u00a1Pues est\u00e1 llevando su show a otro nivel con su Greeicy-Yeliana World Tour! Prep\u00e1rense para una experiencia musical \u00e9pica porque Greeicy est\u00e1 lista para hacer vibrar el mundo con su talento y su energ\u00eda \u00fanica. Primero que nada, [&hellip;]","og_url":"https:\/\/zeromagazine.mx\/index.php\/2024\/06\/04\/greeicy-anuncia-nuevas-fechas-para-su-greeicy-yeliana-world-tour\/","og_site_name":"Zero Magazine","article_published_time":"2024-06-04T19:48:03+00:00","article_modified_time":"2024-06-04T19:59:33+00:00","og_image":[{"width":720,"height":1280,"url":"https:\/\/i0.wp.com\/zeromagazine.mx\/wp-content\/uploads\/2024\/06\/WhatsApp-Image-2024-06-04-at-12.44.59-PM.jpeg?fit=720%2C1280&ssl=1","type":"image\/jpeg"}],"author":"David Morales","twitter_card":"summary_large_image","twitter_misc":{"Escrito por":"David Morales","Tiempo de lectura":"2 minutos"},"schema":{"@context":"https:\/\/schema.org","@graph":[{"@type":"Article","@id":"https:\/\/zeromagazine.mx\/index.php\/2024\/06\/04\/greeicy-anuncia-nuevas-fechas-para-su-greeicy-yeliana-world-tour\/#article","isPartOf":{"@id":"https:\/\/zeromagazine.mx\/index.php\/2024\/06\/04\/greeicy-anuncia-nuevas-fechas-para-su-greeicy-yeliana-world-tour\/"},"author":{"name":"David Morales","@id":"https:\/\/zeromagazine.mx\/#\/schema\/person\/9f7f1a17c60ba8e9980e3e6677aabe5a"},"headline":"Greeicy Anuncia Nuevas Fechas para su GREEICY YELIANA WORLD TOUR","datePublished":"2024-06-04T19:48:03+00:00","dateModified":"2024-06-04T19:59:33+00:00","mainEntityOfPage":{"@id":"https:\/\/zeromagazine.mx\/index.php\/2024\/06\/04\/greeicy-anuncia-nuevas-fechas-para-su-greeicy-yeliana-world-tour\/"},"wordCount":317,"commentCount":0,"publisher":{"@id":"https:\/\/zeromagazine.mx\/#organization"},"image":{"@id":"https:\/\/zeromagazine.mx\/index.php\/2024\/06\/04\/greeicy-anuncia-nuevas-fechas-para-su-greeicy-yeliana-world-tour\/#primaryimage"},"thumbnailUrl":"https:\/\/i0.wp.com\/zeromagazine.mx\/wp-content\/uploads\/2024\/06\/WhatsApp-Image-2024-06-04-at-12.44.59-PM.jpeg?fit=720%2C1280&ssl=1","keywords":["GREEICY","GREEICY YELIANA WORLD TOUR","NUEVAS FECHAS"],"articleSection":["Blog"],"inLanguage":"es","potentialAction":[{"@type":"CommentAction","name":"Comment","target":["https:\/\/zeromagazine.mx\/index.php\/2024\/06\/04\/greeicy-anuncia-nuevas-fechas-para-su-greeicy-yeliana-world-tour\/#respond"]}]},{"@type":"WebPage","@id":"https:\/\/zeromagazine.mx\/index.php\/2024\/06\/04\/greeicy-anuncia-nuevas-fechas-para-su-greeicy-yeliana-world-tour\/","url":"https:\/\/zeromagazine.mx\/index.php\/2024\/06\/04\/greeicy-anuncia-nuevas-fechas-para-su-greeicy-yeliana-world-tour\/","name":"Greeicy Anuncia Nuevas Fechas para su GREEICY YELIANA WORLD TOUR - Zero Magazine","isPartOf":{"@id":"https:\/\/zeromagazine.mx\/#website"},"primaryImageOfPage":{"@id":"https:\/\/zeromagazine.mx\/index.php\/2024\/06\/04\/greeicy-anuncia-nuevas-fechas-para-su-greeicy-yeliana-world-tour\/#primaryimage"},"image":{"@id":"https:\/\/zeromagazine.mx\/index.php\/2024\/06\/04\/greeicy-anuncia-nuevas-fechas-para-su-greeicy-yeliana-world-tour\/#primaryimage"},"thumbnailUrl":"https:\/\/i0.wp.com\/zeromagazine.mx\/wp-content\/uploads\/2024\/06\/WhatsApp-Image-2024-06-04-at-12.44.59-PM.jpeg?fit=720%2C1280&ssl=1","datePublished":"2024-06-04T19:48:03+00:00","dateModified":"2024-06-04T19:59:33+00:00","breadcrumb":{"@id":"https:\/\/zeromagazine.mx\/index.php\/2024\/06\/04\/greeicy-anuncia-nuevas-fechas-para-su-greeicy-yeliana-world-tour\/#breadcrumb"},"inLanguage":"es","potentialAction":[{"@type":"ReadAction","target":["https:\/\/zeromagazine.mx\/index.php\/2024\/06\/04\/greeicy-anuncia-nuevas-fechas-para-su-greeicy-yeliana-world-tour\/"]}]},{"@type":"ImageObject","inLanguage":"es","@id":"https:\/\/zeromagazine.mx\/index.php\/2024\/06\/04\/greeicy-anuncia-nuevas-fechas-para-su-greeicy-yeliana-world-tour\/#primaryimage","url":"https:\/\/i0.wp.com\/zeromagazine.mx\/wp-content\/uploads\/2024\/06\/WhatsApp-Image-2024-06-04-at-12.44.59-PM.jpeg?fit=720%2C1280&ssl=1","contentUrl":"https:\/\/i0.wp.com\/zeromagazine.mx\/wp-content\/uploads\/2024\/06\/WhatsApp-Image-2024-06-04-at-12.44.59-PM.jpeg?fit=720%2C1280&ssl=1","width":720,"height":1280},{"@type":"BreadcrumbList","@id":"https:\/\/zeromagazine.mx\/index.php\/2024\/06\/04\/greeicy-anuncia-nuevas-fechas-para-su-greeicy-yeliana-world-tour\/#breadcrumb","itemListElement":[{"@type":"ListItem","position":1,"name":"Portada","item":"https:\/\/zeromagazine.mx\/"},{"@type":"ListItem","position":2,"name":"Greeicy Anuncia Nuevas Fechas para su GREEICY YELIANA WORLD TOUR"}]},{"@type":"WebSite","@id":"https:\/\/zeromagazine.mx\/#website","url":"https:\/\/zeromagazine.mx\/","name":"Zero Magazine","description":"","publisher":{"@id":"https:\/\/zeromagazine.mx\/#organization"},"potentialAction":[{"@type":"SearchAction","target":{"@type":"EntryPoint","urlTemplate":"https:\/\/zeromagazine.mx\/?s={search_term_string}"},"query-input":{"@type":"PropertyValueSpecification","valueRequired":true,"valueName":"search_term_string"}}],"inLanguage":"es"},{"@type":"Organization","@id":"https:\/\/zeromagazine.mx\/#organization","name":"Zero Magazine","url":"https:\/\/zeromagazine.mx\/","logo":{"@type":"ImageObject","inLanguage":"es","@id":"https:\/\/zeromagazine.mx\/#\/schema\/logo\/image\/","url":"https:\/\/i0.wp.com\/zeromagazine.mx\/wp-content\/uploads\/2025\/11\/1.jpeg?fit=1000%2C1000&ssl=1","contentUrl":"https:\/\/i0.wp.com\/zeromagazine.mx\/wp-content\/uploads\/2025\/11\/1.jpeg?fit=1000%2C1000&ssl=1","width":1000,"height":1000,"caption":"Zero Magazine"},"image":{"@id":"https:\/\/zeromagazine.mx\/#\/schema\/logo\/image\/"},"sameAs":["https:\/\/instagram.com\/zeromagazinemx"]},{"@type":"Person","@id":"https:\/\/zeromagazine.mx\/#\/schema\/person\/9f7f1a17c60ba8e9980e3e6677aabe5a","name":"David Morales","image":{"@type":"ImageObject","inLanguage":"es","@id":"https:\/\/zeromagazine.mx\/wp-content\/litespeed\/avatar\/76069d2136bfc1c37dc34815bb67ca42.jpg?ver=1777571067","url":"https:\/\/zeromagazine.mx\/wp-content\/litespeed\/avatar\/76069d2136bfc1c37dc34815bb67ca42.jpg?ver=1777571067","contentUrl":"https:\/\/zeromagazine.mx\/wp-content\/litespeed\/avatar\/76069d2136bfc1c37dc34815bb67ca42.jpg?ver=1777571067","caption":"David Morales"},"url":"https:\/\/zeromagazine.mx\/index.php\/author\/david\/"}]}},"jetpack_publicize_connections":[],"jetpack_featured_media_url":"https:\/\/i0.wp.com\/zeromagazine.mx\/wp-content\/uploads\/2024\/06\/WhatsApp-Image-2024-06-04-at-12.44.59-PM.jpeg?fit=720%2C1280&ssl=1","jetpack-related-posts":[{"id":115438,"url":"https:\/\/zeromagazine.mx\/index.php\/2026\/02\/16\/hilary-duff-mexico-tour\/","url_meta":{"origin":77190,"position":0},"title":"\u00a1Hillary Duff llega a M\u00e9xico con the lucky me tour!","author":"David Morales","date":"16 de febrero de 2026","format":false,"excerpt":"El regreso de los \u00edconos pop dosmileros ya no es sorpresa\u2026 es realidad. Y s\u00ed, esta vez toca el turno de una de las figuras m\u00e1s queridas del entretenimiento global:\u00a0Hilary Duff, quien oficialmente anunci\u00f3 su nueva gira mundial despu\u00e9s de casi dos d\u00e9cadas sin un tour de esta escala. La\u2026","rel":"","context":"En \u00abConcierto\u00bb","block_context":{"text":"Concierto","link":"https:\/\/zeromagazine.mx\/index.php\/category\/concierto\/"},"img":{"alt_text":"","src":"https:\/\/i0.wp.com\/zeromagazine.mx\/wp-content\/uploads\/2026\/02\/IMG_1481.jpeg?fit=1200%2C675&ssl=1&resize=350%2C200","width":350,"height":200,"srcset":"https:\/\/i0.wp.com\/zeromagazine.mx\/wp-content\/uploads\/2026\/02\/IMG_1481.jpeg?fit=1200%2C675&ssl=1&resize=350%2C200 1x, https:\/\/i0.wp.com\/zeromagazine.mx\/wp-content\/uploads\/2026\/02\/IMG_1481.jpeg?fit=1200%2C675&ssl=1&resize=525%2C300 1.5x, https:\/\/i0.wp.com\/zeromagazine.mx\/wp-content\/uploads\/2026\/02\/IMG_1481.jpeg?fit=1200%2C675&ssl=1&resize=700%2C400 2x, https:\/\/i0.wp.com\/zeromagazine.mx\/wp-content\/uploads\/2026\/02\/IMG_1481.jpeg?fit=1200%2C675&ssl=1&resize=1050%2C600 3x"},"classes":[]},{"id":118997,"url":"https:\/\/zeromagazine.mx\/index.php\/2026\/04\/18\/billie-eilish-tour-cines-3d-mexico\/","url_meta":{"origin":77190,"position":1},"title":"Billie Eilish tour en cines","author":"zeromagazinemx","date":"18 de abril de 2026","format":false,"excerpt":"Si no conseguiste boletos para verla en vivo (o quieres revivirlo todo con m\u00e1s drama visual), esto te interesa: Billie Eilish tour en cines llega en versi\u00f3n 3D y promete ser una experiencia que va m\u00e1s all\u00e1 de un simple concierto grabado. Hablamos de BILLIE EILISH HIT ME HARD AND\u2026","rel":"","context":"En \u00abBlog\u00bb","block_context":{"text":"Blog","link":"https:\/\/zeromagazine.mx\/index.php\/category\/blog\/"},"img":{"alt_text":"","src":"https:\/\/i0.wp.com\/zeromagazine.mx\/wp-content\/uploads\/2026\/04\/BE_DOM_1080x1350_ONLINE_Teaser_1_Sheet_RealD3D_B_LAS.jpg?fit=960%2C1200&ssl=1&resize=350%2C200","width":350,"height":200,"srcset":"https:\/\/i0.wp.com\/zeromagazine.mx\/wp-content\/uploads\/2026\/04\/BE_DOM_1080x1350_ONLINE_Teaser_1_Sheet_RealD3D_B_LAS.jpg?fit=960%2C1200&ssl=1&resize=350%2C200 1x, https:\/\/i0.wp.com\/zeromagazine.mx\/wp-content\/uploads\/2026\/04\/BE_DOM_1080x1350_ONLINE_Teaser_1_Sheet_RealD3D_B_LAS.jpg?fit=960%2C1200&ssl=1&resize=525%2C300 1.5x, https:\/\/i0.wp.com\/zeromagazine.mx\/wp-content\/uploads\/2026\/04\/BE_DOM_1080x1350_ONLINE_Teaser_1_Sheet_RealD3D_B_LAS.jpg?fit=960%2C1200&ssl=1&resize=700%2C400 2x"},"classes":[]},{"id":109623,"url":"https:\/\/zeromagazine.mx\/index.php\/2025\/10\/19\/cincodoce-gira-internacional-2025\/","url_meta":{"origin":77190,"position":2},"title":"CINCODOCE lanza su primera gira internacional","author":"David Morales","date":"19 de octubre de 2025","format":false,"excerpt":"CINCODOCE, la plataforma multicultural y\u00a0networking hub\u00a0dedicada a impulsar el talento emergente, marca un antes y un despu\u00e9s en su historia con el lanzamiento de su\u00a0primera gira internacional, una traves\u00eda que llevar\u00e1 su esencia, folklore y energ\u00eda a distintas ciudades de Estados Unidos y Latinoam\u00e9rica. El tour recorrer\u00e1\u00a0Chicago, Detroit, Bogot\u00e1, Las\u2026","rel":"","context":"En \u00abEntretenimiento\u00bb","block_context":{"text":"Entretenimiento","link":"https:\/\/zeromagazine.mx\/index.php\/category\/entretenimiento\/"},"img":{"alt_text":"","src":"https:\/\/i0.wp.com\/zeromagazine.mx\/wp-content\/uploads\/2025\/10\/230efa34-d50a-4414-a080-37e66e4dff6d.jpeg?fit=960%2C1200&ssl=1&resize=350%2C200","width":350,"height":200,"srcset":"https:\/\/i0.wp.com\/zeromagazine.mx\/wp-content\/uploads\/2025\/10\/230efa34-d50a-4414-a080-37e66e4dff6d.jpeg?fit=960%2C1200&ssl=1&resize=350%2C200 1x, https:\/\/i0.wp.com\/zeromagazine.mx\/wp-content\/uploads\/2025\/10\/230efa34-d50a-4414-a080-37e66e4dff6d.jpeg?fit=960%2C1200&ssl=1&resize=525%2C300 1.5x, https:\/\/i0.wp.com\/zeromagazine.mx\/wp-content\/uploads\/2025\/10\/230efa34-d50a-4414-a080-37e66e4dff6d.jpeg?fit=960%2C1200&ssl=1&resize=700%2C400 2x"},"classes":[]},{"id":89449,"url":"https:\/\/zeromagazine.mx\/index.php\/2024\/11\/06\/ameri-world-tour-duki\/","url_meta":{"origin":77190,"position":3},"title":"\u00abAMERI World Tour: Duki\u00bb","author":"zeromagazinemx","date":"6 de noviembre de 2024","format":false,"excerpt":"Chicxs Duki est\u00e1 de vuelta, y este a\u00f1o promete prenderla en grande. Tras romper todos los r\u00e9cords con AMERI, su \u00e1lbum m\u00e1s escuchado en 24 horas en la historia de la m\u00fasica argentina, el trapero m\u00e1s grande de Argentina, Duki, se prepara para lo que ser\u00e1 su gira m\u00e1s \u00e9pica\u2026","rel":"","context":"En \u00abEntretenimiento\u00bb","block_context":{"text":"Entretenimiento","link":"https:\/\/zeromagazine.mx\/index.php\/category\/entretenimiento\/"},"img":{"alt_text":"","src":"https:\/\/i0.wp.com\/zeromagazine.mx\/wp-content\/uploads\/2024\/11\/DUKI_CDMX_PREV_1080x1080_Feed.jpg?fit=1200%2C1200&ssl=1&resize=350%2C200","width":350,"height":200,"srcset":"https:\/\/i0.wp.com\/zeromagazine.mx\/wp-content\/uploads\/2024\/11\/DUKI_CDMX_PREV_1080x1080_Feed.jpg?fit=1200%2C1200&ssl=1&resize=350%2C200 1x, https:\/\/i0.wp.com\/zeromagazine.mx\/wp-content\/uploads\/2024\/11\/DUKI_CDMX_PREV_1080x1080_Feed.jpg?fit=1200%2C1200&ssl=1&resize=525%2C300 1.5x, https:\/\/i0.wp.com\/zeromagazine.mx\/wp-content\/uploads\/2024\/11\/DUKI_CDMX_PREV_1080x1080_Feed.jpg?fit=1200%2C1200&ssl=1&resize=700%2C400 2x, https:\/\/i0.wp.com\/zeromagazine.mx\/wp-content\/uploads\/2024\/11\/DUKI_CDMX_PREV_1080x1080_Feed.jpg?fit=1200%2C1200&ssl=1&resize=1050%2C600 3x"},"classes":[]},{"id":119133,"url":"https:\/\/zeromagazine.mx\/index.php\/2026\/04\/21\/melanie-martinez-hades-tour-mexico\/","url_meta":{"origin":77190,"position":4},"title":"\u00a1MELANIE MARTINEZ REGRESA A M\u00c9XICO CON HADES: THE SACRIFICE!","author":"David Morales","date":"21 de abril de 2026","format":false,"excerpt":"Un espect\u00e1culo inmersivo, cinematogr\u00e1fico y emocional que redefine el pop alternativo en vivo. No es solo un concierto, es un universo.\u00a0Melanie Martinez\u00a0est\u00e1 de vuelta con hades tour, una gira que no solo expande su m\u00fasica\u2026 la convierte en experiencia total. Y s\u00ed, M\u00e9xico est\u00e1 en el mapa. Un show que\u2026","rel":"","context":"En \u00abConcierto\u00bb","block_context":{"text":"Concierto","link":"https:\/\/zeromagazine.mx\/index.php\/category\/concierto\/"},"img":{"alt_text":"","src":"https:\/\/i0.wp.com\/zeromagazine.mx\/wp-content\/uploads\/2026\/04\/IMG_2257.jpeg?fit=1200%2C675&ssl=1&resize=350%2C200","width":350,"height":200,"srcset":"https:\/\/i0.wp.com\/zeromagazine.mx\/wp-content\/uploads\/2026\/04\/IMG_2257.jpeg?fit=1200%2C675&ssl=1&resize=350%2C200 1x, https:\/\/i0.wp.com\/zeromagazine.mx\/wp-content\/uploads\/2026\/04\/IMG_2257.jpeg?fit=1200%2C675&ssl=1&resize=525%2C300 1.5x, https:\/\/i0.wp.com\/zeromagazine.mx\/wp-content\/uploads\/2026\/04\/IMG_2257.jpeg?fit=1200%2C675&ssl=1&resize=700%2C400 2x, https:\/\/i0.wp.com\/zeromagazine.mx\/wp-content\/uploads\/2026\/04\/IMG_2257.jpeg?fit=1200%2C675&ssl=1&resize=1050%2C600 3x"},"classes":[]},{"id":119777,"url":"https:\/\/zeromagazine.mx\/index.php\/2026\/04\/29\/hilary-duff-mexico-2027-guadalajara\/","url_meta":{"origin":77190,"position":5},"title":"\u00a1HILARY DUFF AGREGA UNA NUEVA FECHA EN M\u00c9XICO TRAS LA INCRE\u00cdBLE DEMANDA!","author":"David Morales","date":"29 de abril de 2026","format":false,"excerpt":"Cuando el throwback se vuelve presente: una nueva fecha, m\u00e1s emoci\u00f3n y cero posibilidades de quedarte fuera. Si creciste cantando frente al espejo, esto es personal.\u00a0Hilary Duff\u00a0acaba de confirmar lo que muchos estaban esperando (y otros rogando): una nueva fecha en M\u00e9xico. Porque s\u00ed, la demanda fue real\u2026 y el\u2026","rel":"","context":"En \u00abBlog\u00bb","block_context":{"text":"Blog","link":"https:\/\/zeromagazine.mx\/index.php\/category\/blog\/"},"img":{"alt_text":"","src":"https:\/\/i0.wp.com\/zeromagazine.mx\/wp-content\/uploads\/2026\/04\/IMG_2462.jpeg?fit=1200%2C675&ssl=1&resize=350%2C200","width":350,"height":200,"srcset":"https:\/\/i0.wp.com\/zeromagazine.mx\/wp-content\/uploads\/2026\/04\/IMG_2462.jpeg?fit=1200%2C675&ssl=1&resize=350%2C200 1x, https:\/\/i0.wp.com\/zeromagazine.mx\/wp-content\/uploads\/2026\/04\/IMG_2462.jpeg?fit=1200%2C675&ssl=1&resize=525%2C300 1.5x, https:\/\/i0.wp.com\/zeromagazine.mx\/wp-content\/uploads\/2026\/04\/IMG_2462.jpeg?fit=1200%2C675&ssl=1&resize=700%2C400 2x, https:\/\/i0.wp.com\/zeromagazine.mx\/wp-content\/uploads\/2026\/04\/IMG_2462.jpeg?fit=1200%2C675&ssl=1&resize=1050%2C600 3x"},"classes":[]}],"jetpack_sharing_enabled":true,"builder_content":"","_links":{"self":[{"href":"https:\/\/zeromagazine.mx\/index.php\/wp-json\/wp\/v2\/posts\/77190","targetHints":{"allow":["GET"]}}],"collection":[{"href":"https:\/\/zeromagazine.mx\/index.php\/wp-json\/wp\/v2\/posts"}],"about":[{"href":"https:\/\/zeromagazine.mx\/index.php\/wp-json\/wp\/v2\/types\/post"}],"author":[{"embeddable":true,"href":"https:\/\/zeromagazine.mx\/index.php\/wp-json\/wp\/v2\/users\/4"}],"replies":[{"embeddable":true,"href":"https:\/\/zeromagazine.mx\/index.php\/wp-json\/wp\/v2\/comments?post=77190"}],"version-history":[{"count":12,"href":"https:\/\/zeromagazine.mx\/index.php\/wp-json\/wp\/v2\/posts\/77190\/revisions"}],"predecessor-version":[{"id":77206,"href":"https:\/\/zeromagazine.mx\/index.php\/wp-json\/wp\/v2\/posts\/77190\/revisions\/77206"}],"wp:featuredmedia":[{"embeddable":true,"href":"https:\/\/zeromagazine.mx\/index.php\/wp-json\/wp\/v2\/media\/77191"}],"wp:attachment":[{"href":"https:\/\/zeromagazine.mx\/index.php\/wp-json\/wp\/v2\/media?parent=77190"}],"wp:term":[{"taxonomy":"category","embeddable":true,"href":"https:\/\/zeromagazine.mx\/index.php\/wp-json\/wp\/v2\/categories?post=77190"},{"taxonomy":"post_tag","embeddable":true,"href":"https:\/\/zeromagazine.mx\/index.php\/wp-json\/wp\/v2\/tags?post=77190"}],"curies":[{"name":"wp","href":"https:\/\/api.w.org\/{rel}","templated":true}]}}