{"id":77508,"date":"2024-06-11T00:33:25","date_gmt":"2024-06-10T22:33:25","guid":{"rendered":"https:\/\/zeromagazine.mx\/?p=77508"},"modified":"2024-06-11T00:34:38","modified_gmt":"2024-06-10T22:34:38","slug":"deslumbra-este-verano-con-los-exclusivos-lentes-de-sol-zegna","status":"publish","type":"post","link":"https:\/\/zeromagazine.mx\/index.php\/2024\/06\/11\/deslumbra-este-verano-con-los-exclusivos-lentes-de-sol-zegna\/","title":{"rendered":"Deslumbra este Verano con los Exclusivos Lentes de Sol ZEGNA"},"content":{"rendered":"<p>\u00bfLes ha pasado que buscan outfits para el verano y todo se siente igual de b\u00e1sico? Pues les tengo un chismecito que seguro les va a encantar: la nueva colecci\u00f3n Luxury Leisurewear, protagonizada por el mism\u00edsimo Mads Mikkelsen, es justo lo que necesit\u00e1bamos para darle un upgrade a nuestro guardarropa veraniego. Esta colecci\u00f3n es la combinaci\u00f3n perfecta entre lujo y comodidad, algo as\u00ed como si el glamour se hubiera ido de vacaciones a la playa y no quisiera regresar.<\/p>\n\n\n\n<script async src=\"https:\/\/pagead2.googlesyndication.com\/pagead\/js\/adsbygoogle.js?client=ca-pub-5499304793904745\"\n     crossorigin=\"anonymous\"><\/script>\n<ins class=\"adsbygoogle\"\n     style=\"display:block; text-align:center;\"\n     data-ad-layout=\"in-article\"\n     data-ad-format=\"fluid\"\n     data-ad-client=\"ca-pub-5499304793904745\"\n     data-ad-slot=\"5994863093\"><\/ins>\n<script>\n     (adsbygoogle = window.adsbygoogle || []).push({});\n<\/script>\n\n\n\n<p><\/p>\n\n\n\n<p>Primero que nada, tenemos que hablar de los accesorios, especialmente los lentes de sol. Completar tu look para el clima c\u00e1lido con los emblem\u00e1ticos lentes de sol de esta colecci\u00f3n es un must. El modelo Orizzonte II es una joya de dise\u00f1o contempor\u00e1neo, inspirado en el t\u00e9rmino italiano \u201chorizonte\u201d. Con una silueta sin puente y la ic\u00f3nica marca 232 Road Brand Mark, estos lentes no solo protegen tus ojos del sol, sino que tambi\u00e9n a\u00f1aden un toque de sofisticaci\u00f3n a cualquier outfit.<\/p>\n\n\n<div class=\"wp-block-image\">\n<figure class=\"aligncenter size-large\"><img decoding=\"async\" width=\"768\" height=\"1024\" src=\"https:\/\/zeromagazine.mx\/wp-content\/uploads\/2024\/06\/FOLIAGE-ORIZZONTE-II-ACETATE-AND-METAL-SUNGLASSES-768x1024.avif\" alt=\"\" class=\"wp-image-77509\" srcset=\"https:\/\/zeromagazine.mx\/wp-content\/uploads\/2024\/06\/FOLIAGE-ORIZZONTE-II-ACETATE-AND-METAL-SUNGLASSES-768x1024.avif 768w, https:\/\/zeromagazine.mx\/wp-content\/uploads\/2024\/06\/FOLIAGE-ORIZZONTE-II-ACETATE-AND-METAL-SUNGLASSES-225x300.avif 225w, https:\/\/zeromagazine.mx\/wp-content\/uploads\/2024\/06\/FOLIAGE-ORIZZONTE-II-ACETATE-AND-METAL-SUNGLASSES-1152x1536.avif 1152w, https:\/\/zeromagazine.mx\/wp-content\/uploads\/2024\/06\/FOLIAGE-ORIZZONTE-II-ACETATE-AND-METAL-SUNGLASSES.avif 1440w\" sizes=\"(max-width: 768px) 100vw, 768px\" \/><\/figure>\n<\/div>\n\n\n<p><\/p>\n\n\n\n<p>Adem\u00e1s, las camisas Oasi Lino son perfectas para esos d\u00edas calurosos en los que solo quieres sentirte fresco sin perder el estilo. El lino es un material s\u00faper ligero y transpirable, ideal para mantenerte cool mientras paseas por la ciudad o disfrutas de una tarde en el parque. Y ni hablar de los pantalones y sandalias que complementan esta selecci\u00f3n; son la definici\u00f3n de un verano chic sin esfuerzo.<\/p>\n\n\n<div class=\"wp-block-image\">\n<figure class=\"aligncenter size-large\"><img decoding=\"async\" width=\"768\" height=\"1024\" src=\"https:\/\/zeromagazine.mx\/wp-content\/uploads\/2024\/06\/OASI-LINO-CHORE-JACKET-768x1024.avif\" alt=\"\" class=\"wp-image-77510\" srcset=\"https:\/\/zeromagazine.mx\/wp-content\/uploads\/2024\/06\/OASI-LINO-CHORE-JACKET-768x1024.avif 768w, https:\/\/zeromagazine.mx\/wp-content\/uploads\/2024\/06\/OASI-LINO-CHORE-JACKET-225x300.avif 225w, https:\/\/zeromagazine.mx\/wp-content\/uploads\/2024\/06\/OASI-LINO-CHORE-JACKET-1152x1536.avif 1152w, https:\/\/zeromagazine.mx\/wp-content\/uploads\/2024\/06\/OASI-LINO-CHORE-JACKET.avif 1440w\" sizes=\"(max-width: 768px) 100vw, 768px\" \/><\/figure>\n<\/div>\n\n\n<p><\/p>\n\n\n\n<p>Para quienes amamos un buen look relajado pero refinado, esta colecci\u00f3n es como un sue\u00f1o hecho realidad. Es la perfecta excusa para dejar atr\u00e1s el t\u00edpico short y camiseta y darle la bienvenida a prendas que realmente destacan. \u00bfSe imaginan lo bien que se ver\u00edan estas piezas en nuestras fotos de Instagram? Cada detalle est\u00e1 pensado para reflejar los valores de Oasi Zegna, el hogar en los Alpes Italianos que inspira toda esta l\u00ednea.<\/p>\n\n\n\n<script async src=\"https:\/\/pagead2.googlesyndication.com\/pagead\/js\/adsbygoogle.js?client=ca-pub-5499304793904745\"\n     crossorigin=\"anonymous\"><\/script>\n<ins class=\"adsbygoogle\"\n     style=\"display:block; text-align:center;\"\n     data-ad-layout=\"in-article\"\n     data-ad-format=\"fluid\"\n     data-ad-client=\"ca-pub-5499304793904745\"\n     data-ad-slot=\"5994863093\"><\/ins>\n<script>\n     (adsbygoogle = window.adsbygoogle || []).push({});\n<\/script>\n\n\n\n<p>As\u00ed que, amix, ya saben qu\u00e9 hacer. \u00a1Es hora de darle un refresh a nuestros looks y disfrutar del verano como se debe!<\/p>\n\n<!--themify_builder_content-->\n<div id=\"themify_builder_content-77508\" data-postid=\"77508\" class=\"themify_builder_content themify_builder_content-77508 themify_builder tf_clear\">\n    <\/div>\n<!--\/themify_builder_content-->","protected":false},"excerpt":{"rendered":"<p>\u00bfLes ha pasado que buscan outfits para el verano y todo se siente igual de b\u00e1sico? Pues les tengo un chismecito que seguro les va a encantar: la nueva colecci\u00f3n Luxury Leisurewear, protagonizada por el mism\u00edsimo Mads Mikkelsen, es justo lo que necesit\u00e1bamos para darle un upgrade a nuestro guardarropa veraniego. Esta colecci\u00f3n es la [&hellip;]<\/p>\n","protected":false},"author":4,"featured_media":77511,"comment_status":"open","ping_status":"open","sticky":false,"template":"","format":"standard","meta":{"_jetpack_memberships_contains_paid_content":false,"footnotes":"","jetpack_publicize_message":"","jetpack_publicize_feature_enabled":true,"jetpack_social_post_already_shared":true,"jetpack_social_options":{"image_generator_settings":{"template":"highway","default_image_id":0,"font":"","enabled":false},"version":2}},"categories":[1],"tags":[7449,396,8403],"class_list":["post-77508","post","type-post","status-publish","format-standard","has-post-thumbnail","hentry","category-blog","tag-lentes-de-sol","tag-verano","tag-zegna","has-post-title","has-post-date","has-post-category","has-post-tag","has-post-comment","has-post-author",""],"yoast_head":"<!-- This site is optimized with the Yoast SEO plugin v27.4 - https:\/\/yoast.com\/product\/yoast-seo-wordpress\/ -->\n<title>Deslumbra este Verano con los Exclusivos Lentes de Sol ZEGNA - Zero Magazine<\/title>\n<meta name=\"robots\" content=\"index, follow, max-snippet:-1, max-image-preview:large, max-video-preview:-1\" \/>\n<link rel=\"canonical\" href=\"https:\/\/zeromagazine.mx\/index.php\/2024\/06\/11\/deslumbra-este-verano-con-los-exclusivos-lentes-de-sol-zegna\/\" \/>\n<meta property=\"og:locale\" content=\"es_ES\" \/>\n<meta property=\"og:type\" content=\"article\" \/>\n<meta property=\"og:title\" content=\"Deslumbra este Verano con los Exclusivos Lentes de Sol ZEGNA - Zero Magazine\" \/>\n<meta property=\"og:description\" content=\"\u00bfLes ha pasado que buscan outfits para el verano y todo se siente igual de b\u00e1sico? Pues les tengo un chismecito que seguro les va a encantar: la nueva colecci\u00f3n Luxury Leisurewear, protagonizada por el mism\u00edsimo Mads Mikkelsen, es justo lo que necesit\u00e1bamos para darle un upgrade a nuestro guardarropa veraniego. Esta colecci\u00f3n es la [&hellip;]\" \/>\n<meta property=\"og:url\" content=\"https:\/\/zeromagazine.mx\/index.php\/2024\/06\/11\/deslumbra-este-verano-con-los-exclusivos-lentes-de-sol-zegna\/\" \/>\n<meta property=\"og:site_name\" content=\"Zero Magazine\" \/>\n<meta property=\"article:published_time\" content=\"2024-06-10T22:33:25+00:00\" \/>\n<meta property=\"article:modified_time\" content=\"2024-06-10T22:34:38+00:00\" \/>\n<meta property=\"og:image\" content=\"https:\/\/zeromagazine.mx\/wp-content\/uploads\/2024\/06\/MADS-MIKKELSEN_OASI-LINO_ZEGNA-IN-SUMMER_ADV-2024-2-1024x487.jpg\" \/>\n\t<meta property=\"og:image:width\" content=\"1024\" \/>\n\t<meta property=\"og:image:height\" content=\"487\" \/>\n\t<meta property=\"og:image:type\" content=\"image\/jpeg\" \/>\n<meta name=\"author\" content=\"David Morales\" \/>\n<meta name=\"twitter:card\" content=\"summary_large_image\" \/>\n<meta name=\"twitter:label1\" content=\"Escrito por\" \/>\n\t<meta name=\"twitter:data1\" content=\"David Morales\" \/>\n\t<meta name=\"twitter:label2\" content=\"Tiempo de lectura\" \/>\n\t<meta name=\"twitter:data2\" content=\"2 minutos\" \/>\n<script type=\"application\/ld+json\" class=\"yoast-schema-graph\">{\"@context\":\"https:\\\/\\\/schema.org\",\"@graph\":[{\"@type\":\"Article\",\"@id\":\"https:\\\/\\\/zeromagazine.mx\\\/index.php\\\/2024\\\/06\\\/11\\\/deslumbra-este-verano-con-los-exclusivos-lentes-de-sol-zegna\\\/#article\",\"isPartOf\":{\"@id\":\"https:\\\/\\\/zeromagazine.mx\\\/index.php\\\/2024\\\/06\\\/11\\\/deslumbra-este-verano-con-los-exclusivos-lentes-de-sol-zegna\\\/\"},\"author\":{\"name\":\"David Morales\",\"@id\":\"https:\\\/\\\/zeromagazine.mx\\\/#\\\/schema\\\/person\\\/9f7f1a17c60ba8e9980e3e6677aabe5a\"},\"headline\":\"Deslumbra este Verano con los Exclusivos Lentes de Sol ZEGNA\",\"datePublished\":\"2024-06-10T22:33:25+00:00\",\"dateModified\":\"2024-06-10T22:34:38+00:00\",\"mainEntityOfPage\":{\"@id\":\"https:\\\/\\\/zeromagazine.mx\\\/index.php\\\/2024\\\/06\\\/11\\\/deslumbra-este-verano-con-los-exclusivos-lentes-de-sol-zegna\\\/\"},\"wordCount\":363,\"commentCount\":0,\"publisher\":{\"@id\":\"https:\\\/\\\/zeromagazine.mx\\\/#organization\"},\"image\":{\"@id\":\"https:\\\/\\\/zeromagazine.mx\\\/index.php\\\/2024\\\/06\\\/11\\\/deslumbra-este-verano-con-los-exclusivos-lentes-de-sol-zegna\\\/#primaryimage\"},\"thumbnailUrl\":\"https:\\\/\\\/i0.wp.com\\\/zeromagazine.mx\\\/wp-content\\\/uploads\\\/2024\\\/06\\\/MADS-MIKKELSEN_OASI-LINO_ZEGNA-IN-SUMMER_ADV-2024-2.jpg?fit=2362%2C1124&ssl=1\",\"keywords\":[\"Lentes de sol\",\"verano\",\"Zegna\"],\"articleSection\":[\"Blog\"],\"inLanguage\":\"es\",\"potentialAction\":[{\"@type\":\"CommentAction\",\"name\":\"Comment\",\"target\":[\"https:\\\/\\\/zeromagazine.mx\\\/index.php\\\/2024\\\/06\\\/11\\\/deslumbra-este-verano-con-los-exclusivos-lentes-de-sol-zegna\\\/#respond\"]}]},{\"@type\":\"WebPage\",\"@id\":\"https:\\\/\\\/zeromagazine.mx\\\/index.php\\\/2024\\\/06\\\/11\\\/deslumbra-este-verano-con-los-exclusivos-lentes-de-sol-zegna\\\/\",\"url\":\"https:\\\/\\\/zeromagazine.mx\\\/index.php\\\/2024\\\/06\\\/11\\\/deslumbra-este-verano-con-los-exclusivos-lentes-de-sol-zegna\\\/\",\"name\":\"Deslumbra este Verano con los Exclusivos Lentes de Sol ZEGNA - Zero Magazine\",\"isPartOf\":{\"@id\":\"https:\\\/\\\/zeromagazine.mx\\\/#website\"},\"primaryImageOfPage\":{\"@id\":\"https:\\\/\\\/zeromagazine.mx\\\/index.php\\\/2024\\\/06\\\/11\\\/deslumbra-este-verano-con-los-exclusivos-lentes-de-sol-zegna\\\/#primaryimage\"},\"image\":{\"@id\":\"https:\\\/\\\/zeromagazine.mx\\\/index.php\\\/2024\\\/06\\\/11\\\/deslumbra-este-verano-con-los-exclusivos-lentes-de-sol-zegna\\\/#primaryimage\"},\"thumbnailUrl\":\"https:\\\/\\\/i0.wp.com\\\/zeromagazine.mx\\\/wp-content\\\/uploads\\\/2024\\\/06\\\/MADS-MIKKELSEN_OASI-LINO_ZEGNA-IN-SUMMER_ADV-2024-2.jpg?fit=2362%2C1124&ssl=1\",\"datePublished\":\"2024-06-10T22:33:25+00:00\",\"dateModified\":\"2024-06-10T22:34:38+00:00\",\"breadcrumb\":{\"@id\":\"https:\\\/\\\/zeromagazine.mx\\\/index.php\\\/2024\\\/06\\\/11\\\/deslumbra-este-verano-con-los-exclusivos-lentes-de-sol-zegna\\\/#breadcrumb\"},\"inLanguage\":\"es\",\"potentialAction\":[{\"@type\":\"ReadAction\",\"target\":[\"https:\\\/\\\/zeromagazine.mx\\\/index.php\\\/2024\\\/06\\\/11\\\/deslumbra-este-verano-con-los-exclusivos-lentes-de-sol-zegna\\\/\"]}]},{\"@type\":\"ImageObject\",\"inLanguage\":\"es\",\"@id\":\"https:\\\/\\\/zeromagazine.mx\\\/index.php\\\/2024\\\/06\\\/11\\\/deslumbra-este-verano-con-los-exclusivos-lentes-de-sol-zegna\\\/#primaryimage\",\"url\":\"https:\\\/\\\/i0.wp.com\\\/zeromagazine.mx\\\/wp-content\\\/uploads\\\/2024\\\/06\\\/MADS-MIKKELSEN_OASI-LINO_ZEGNA-IN-SUMMER_ADV-2024-2.jpg?fit=2362%2C1124&ssl=1\",\"contentUrl\":\"https:\\\/\\\/i0.wp.com\\\/zeromagazine.mx\\\/wp-content\\\/uploads\\\/2024\\\/06\\\/MADS-MIKKELSEN_OASI-LINO_ZEGNA-IN-SUMMER_ADV-2024-2.jpg?fit=2362%2C1124&ssl=1\",\"width\":2362,\"height\":1124},{\"@type\":\"BreadcrumbList\",\"@id\":\"https:\\\/\\\/zeromagazine.mx\\\/index.php\\\/2024\\\/06\\\/11\\\/deslumbra-este-verano-con-los-exclusivos-lentes-de-sol-zegna\\\/#breadcrumb\",\"itemListElement\":[{\"@type\":\"ListItem\",\"position\":1,\"name\":\"Portada\",\"item\":\"https:\\\/\\\/zeromagazine.mx\\\/\"},{\"@type\":\"ListItem\",\"position\":2,\"name\":\"Deslumbra este Verano con los Exclusivos Lentes de Sol ZEGNA\"}]},{\"@type\":\"WebSite\",\"@id\":\"https:\\\/\\\/zeromagazine.mx\\\/#website\",\"url\":\"https:\\\/\\\/zeromagazine.mx\\\/\",\"name\":\"Zero Magazine\",\"description\":\"\",\"publisher\":{\"@id\":\"https:\\\/\\\/zeromagazine.mx\\\/#organization\"},\"potentialAction\":[{\"@type\":\"SearchAction\",\"target\":{\"@type\":\"EntryPoint\",\"urlTemplate\":\"https:\\\/\\\/zeromagazine.mx\\\/?s={search_term_string}\"},\"query-input\":{\"@type\":\"PropertyValueSpecification\",\"valueRequired\":true,\"valueName\":\"search_term_string\"}}],\"inLanguage\":\"es\"},{\"@type\":\"Organization\",\"@id\":\"https:\\\/\\\/zeromagazine.mx\\\/#organization\",\"name\":\"Zero Magazine\",\"url\":\"https:\\\/\\\/zeromagazine.mx\\\/\",\"logo\":{\"@type\":\"ImageObject\",\"inLanguage\":\"es\",\"@id\":\"https:\\\/\\\/zeromagazine.mx\\\/#\\\/schema\\\/logo\\\/image\\\/\",\"url\":\"https:\\\/\\\/i0.wp.com\\\/zeromagazine.mx\\\/wp-content\\\/uploads\\\/2025\\\/11\\\/1.jpeg?fit=1000%2C1000&ssl=1\",\"contentUrl\":\"https:\\\/\\\/i0.wp.com\\\/zeromagazine.mx\\\/wp-content\\\/uploads\\\/2025\\\/11\\\/1.jpeg?fit=1000%2C1000&ssl=1\",\"width\":1000,\"height\":1000,\"caption\":\"Zero Magazine\"},\"image\":{\"@id\":\"https:\\\/\\\/zeromagazine.mx\\\/#\\\/schema\\\/logo\\\/image\\\/\"},\"sameAs\":[\"https:\\\/\\\/instagram.com\\\/zeromagazinemx\"]},{\"@type\":\"Person\",\"@id\":\"https:\\\/\\\/zeromagazine.mx\\\/#\\\/schema\\\/person\\\/9f7f1a17c60ba8e9980e3e6677aabe5a\",\"name\":\"David Morales\",\"image\":{\"@type\":\"ImageObject\",\"inLanguage\":\"es\",\"@id\":\"https:\\\/\\\/zeromagazine.mx\\\/wp-content\\\/litespeed\\\/avatar\\\/76069d2136bfc1c37dc34815bb67ca42.jpg?ver=1776966186\",\"url\":\"https:\\\/\\\/zeromagazine.mx\\\/wp-content\\\/litespeed\\\/avatar\\\/76069d2136bfc1c37dc34815bb67ca42.jpg?ver=1776966186\",\"contentUrl\":\"https:\\\/\\\/zeromagazine.mx\\\/wp-content\\\/litespeed\\\/avatar\\\/76069d2136bfc1c37dc34815bb67ca42.jpg?ver=1776966186\",\"caption\":\"David Morales\"},\"url\":\"https:\\\/\\\/zeromagazine.mx\\\/index.php\\\/author\\\/david\\\/\"}]}<\/script>\n<!-- \/ Yoast SEO plugin. -->","yoast_head_json":{"title":"Deslumbra este Verano con los Exclusivos Lentes de Sol ZEGNA - Zero Magazine","robots":{"index":"index","follow":"follow","max-snippet":"max-snippet:-1","max-image-preview":"max-image-preview:large","max-video-preview":"max-video-preview:-1"},"canonical":"https:\/\/zeromagazine.mx\/index.php\/2024\/06\/11\/deslumbra-este-verano-con-los-exclusivos-lentes-de-sol-zegna\/","og_locale":"es_ES","og_type":"article","og_title":"Deslumbra este Verano con los Exclusivos Lentes de Sol ZEGNA - Zero Magazine","og_description":"\u00bfLes ha pasado que buscan outfits para el verano y todo se siente igual de b\u00e1sico? Pues les tengo un chismecito que seguro les va a encantar: la nueva colecci\u00f3n Luxury Leisurewear, protagonizada por el mism\u00edsimo Mads Mikkelsen, es justo lo que necesit\u00e1bamos para darle un upgrade a nuestro guardarropa veraniego. Esta colecci\u00f3n es la [&hellip;]","og_url":"https:\/\/zeromagazine.mx\/index.php\/2024\/06\/11\/deslumbra-este-verano-con-los-exclusivos-lentes-de-sol-zegna\/","og_site_name":"Zero Magazine","article_published_time":"2024-06-10T22:33:25+00:00","article_modified_time":"2024-06-10T22:34:38+00:00","og_image":[{"width":1024,"height":487,"url":"https:\/\/zeromagazine.mx\/wp-content\/uploads\/2024\/06\/MADS-MIKKELSEN_OASI-LINO_ZEGNA-IN-SUMMER_ADV-2024-2-1024x487.jpg","type":"image\/jpeg"}],"author":"David Morales","twitter_card":"summary_large_image","twitter_misc":{"Escrito por":"David Morales","Tiempo de lectura":"2 minutos"},"schema":{"@context":"https:\/\/schema.org","@graph":[{"@type":"Article","@id":"https:\/\/zeromagazine.mx\/index.php\/2024\/06\/11\/deslumbra-este-verano-con-los-exclusivos-lentes-de-sol-zegna\/#article","isPartOf":{"@id":"https:\/\/zeromagazine.mx\/index.php\/2024\/06\/11\/deslumbra-este-verano-con-los-exclusivos-lentes-de-sol-zegna\/"},"author":{"name":"David Morales","@id":"https:\/\/zeromagazine.mx\/#\/schema\/person\/9f7f1a17c60ba8e9980e3e6677aabe5a"},"headline":"Deslumbra este Verano con los Exclusivos Lentes de Sol ZEGNA","datePublished":"2024-06-10T22:33:25+00:00","dateModified":"2024-06-10T22:34:38+00:00","mainEntityOfPage":{"@id":"https:\/\/zeromagazine.mx\/index.php\/2024\/06\/11\/deslumbra-este-verano-con-los-exclusivos-lentes-de-sol-zegna\/"},"wordCount":363,"commentCount":0,"publisher":{"@id":"https:\/\/zeromagazine.mx\/#organization"},"image":{"@id":"https:\/\/zeromagazine.mx\/index.php\/2024\/06\/11\/deslumbra-este-verano-con-los-exclusivos-lentes-de-sol-zegna\/#primaryimage"},"thumbnailUrl":"https:\/\/i0.wp.com\/zeromagazine.mx\/wp-content\/uploads\/2024\/06\/MADS-MIKKELSEN_OASI-LINO_ZEGNA-IN-SUMMER_ADV-2024-2.jpg?fit=2362%2C1124&ssl=1","keywords":["Lentes de sol","verano","Zegna"],"articleSection":["Blog"],"inLanguage":"es","potentialAction":[{"@type":"CommentAction","name":"Comment","target":["https:\/\/zeromagazine.mx\/index.php\/2024\/06\/11\/deslumbra-este-verano-con-los-exclusivos-lentes-de-sol-zegna\/#respond"]}]},{"@type":"WebPage","@id":"https:\/\/zeromagazine.mx\/index.php\/2024\/06\/11\/deslumbra-este-verano-con-los-exclusivos-lentes-de-sol-zegna\/","url":"https:\/\/zeromagazine.mx\/index.php\/2024\/06\/11\/deslumbra-este-verano-con-los-exclusivos-lentes-de-sol-zegna\/","name":"Deslumbra este Verano con los Exclusivos Lentes de Sol ZEGNA - Zero Magazine","isPartOf":{"@id":"https:\/\/zeromagazine.mx\/#website"},"primaryImageOfPage":{"@id":"https:\/\/zeromagazine.mx\/index.php\/2024\/06\/11\/deslumbra-este-verano-con-los-exclusivos-lentes-de-sol-zegna\/#primaryimage"},"image":{"@id":"https:\/\/zeromagazine.mx\/index.php\/2024\/06\/11\/deslumbra-este-verano-con-los-exclusivos-lentes-de-sol-zegna\/#primaryimage"},"thumbnailUrl":"https:\/\/i0.wp.com\/zeromagazine.mx\/wp-content\/uploads\/2024\/06\/MADS-MIKKELSEN_OASI-LINO_ZEGNA-IN-SUMMER_ADV-2024-2.jpg?fit=2362%2C1124&ssl=1","datePublished":"2024-06-10T22:33:25+00:00","dateModified":"2024-06-10T22:34:38+00:00","breadcrumb":{"@id":"https:\/\/zeromagazine.mx\/index.php\/2024\/06\/11\/deslumbra-este-verano-con-los-exclusivos-lentes-de-sol-zegna\/#breadcrumb"},"inLanguage":"es","potentialAction":[{"@type":"ReadAction","target":["https:\/\/zeromagazine.mx\/index.php\/2024\/06\/11\/deslumbra-este-verano-con-los-exclusivos-lentes-de-sol-zegna\/"]}]},{"@type":"ImageObject","inLanguage":"es","@id":"https:\/\/zeromagazine.mx\/index.php\/2024\/06\/11\/deslumbra-este-verano-con-los-exclusivos-lentes-de-sol-zegna\/#primaryimage","url":"https:\/\/i0.wp.com\/zeromagazine.mx\/wp-content\/uploads\/2024\/06\/MADS-MIKKELSEN_OASI-LINO_ZEGNA-IN-SUMMER_ADV-2024-2.jpg?fit=2362%2C1124&ssl=1","contentUrl":"https:\/\/i0.wp.com\/zeromagazine.mx\/wp-content\/uploads\/2024\/06\/MADS-MIKKELSEN_OASI-LINO_ZEGNA-IN-SUMMER_ADV-2024-2.jpg?fit=2362%2C1124&ssl=1","width":2362,"height":1124},{"@type":"BreadcrumbList","@id":"https:\/\/zeromagazine.mx\/index.php\/2024\/06\/11\/deslumbra-este-verano-con-los-exclusivos-lentes-de-sol-zegna\/#breadcrumb","itemListElement":[{"@type":"ListItem","position":1,"name":"Portada","item":"https:\/\/zeromagazine.mx\/"},{"@type":"ListItem","position":2,"name":"Deslumbra este Verano con los Exclusivos Lentes de Sol ZEGNA"}]},{"@type":"WebSite","@id":"https:\/\/zeromagazine.mx\/#website","url":"https:\/\/zeromagazine.mx\/","name":"Zero Magazine","description":"","publisher":{"@id":"https:\/\/zeromagazine.mx\/#organization"},"potentialAction":[{"@type":"SearchAction","target":{"@type":"EntryPoint","urlTemplate":"https:\/\/zeromagazine.mx\/?s={search_term_string}"},"query-input":{"@type":"PropertyValueSpecification","valueRequired":true,"valueName":"search_term_string"}}],"inLanguage":"es"},{"@type":"Organization","@id":"https:\/\/zeromagazine.mx\/#organization","name":"Zero Magazine","url":"https:\/\/zeromagazine.mx\/","logo":{"@type":"ImageObject","inLanguage":"es","@id":"https:\/\/zeromagazine.mx\/#\/schema\/logo\/image\/","url":"https:\/\/i0.wp.com\/zeromagazine.mx\/wp-content\/uploads\/2025\/11\/1.jpeg?fit=1000%2C1000&ssl=1","contentUrl":"https:\/\/i0.wp.com\/zeromagazine.mx\/wp-content\/uploads\/2025\/11\/1.jpeg?fit=1000%2C1000&ssl=1","width":1000,"height":1000,"caption":"Zero Magazine"},"image":{"@id":"https:\/\/zeromagazine.mx\/#\/schema\/logo\/image\/"},"sameAs":["https:\/\/instagram.com\/zeromagazinemx"]},{"@type":"Person","@id":"https:\/\/zeromagazine.mx\/#\/schema\/person\/9f7f1a17c60ba8e9980e3e6677aabe5a","name":"David Morales","image":{"@type":"ImageObject","inLanguage":"es","@id":"https:\/\/zeromagazine.mx\/wp-content\/litespeed\/avatar\/76069d2136bfc1c37dc34815bb67ca42.jpg?ver=1776966186","url":"https:\/\/zeromagazine.mx\/wp-content\/litespeed\/avatar\/76069d2136bfc1c37dc34815bb67ca42.jpg?ver=1776966186","contentUrl":"https:\/\/zeromagazine.mx\/wp-content\/litespeed\/avatar\/76069d2136bfc1c37dc34815bb67ca42.jpg?ver=1776966186","caption":"David Morales"},"url":"https:\/\/zeromagazine.mx\/index.php\/author\/david\/"}]}},"jetpack_publicize_connections":[],"jetpack_featured_media_url":"https:\/\/i0.wp.com\/zeromagazine.mx\/wp-content\/uploads\/2024\/06\/MADS-MIKKELSEN_OASI-LINO_ZEGNA-IN-SUMMER_ADV-2024-2.jpg?fit=2362%2C1124&ssl=1","jetpack-related-posts":[{"id":118940,"url":"https:\/\/zeromagazine.mx\/index.php\/2026\/04\/18\/zegna-verano-italiano-2026\/","url_meta":{"origin":77508,"position":0},"title":"ZEGNA verano italiano perfecto","author":"Luis Trujano","date":"18 de abril de 2026","format":false,"excerpt":"Hay veranos\u2026 y luego est\u00e1 el ZEGNA verano italiano, que b\u00e1sicamente redefine todo lo que cre\u00edamos saber sobre lujo relajado. No es solo ropa bonita, es una vibra completa: lenta, elegante y sin esfuerzo. Esta temporada, ZEGNA nos transporta directo al Lago Maggiore, ese spot donde el tiempo parece moverse\u2026","rel":"","context":"En \u00abModa\u00bb","block_context":{"text":"Moda","link":"https:\/\/zeromagazine.mx\/index.php\/category\/moda\/"},"img":{"alt_text":"","src":"https:\/\/i0.wp.com\/zeromagazine.mx\/wp-content\/uploads\/2026\/04\/IMG_6713.jpeg?fit=960%2C1200&ssl=1&resize=350%2C200","width":350,"height":200,"srcset":"https:\/\/i0.wp.com\/zeromagazine.mx\/wp-content\/uploads\/2026\/04\/IMG_6713.jpeg?fit=960%2C1200&ssl=1&resize=350%2C200 1x, https:\/\/i0.wp.com\/zeromagazine.mx\/wp-content\/uploads\/2026\/04\/IMG_6713.jpeg?fit=960%2C1200&ssl=1&resize=525%2C300 1.5x, https:\/\/i0.wp.com\/zeromagazine.mx\/wp-content\/uploads\/2026\/04\/IMG_6713.jpeg?fit=960%2C1200&ssl=1&resize=700%2C400 2x"},"classes":[]},{"id":106561,"url":"https:\/\/zeromagazine.mx\/index.php\/2025\/07\/03\/zegna-oasi-ritmo-verano\/","url_meta":{"origin":77508,"position":1},"title":"Oasi, ritmo de verano","author":"David Morales","date":"3 de julio de 2025","format":false,"excerpt":"Amix, si hay algo que nos mueve esta temporada es encontrar ese ritmo de verano que se siente en la piel, en el mood y, obvi, en lo que traemos puesto. La c\u00e1psula m\u00e1s reciente de ZEGNA no solo entiende eso, lo lleva a otro nivel con Oasi, un estampado\u2026","rel":"","context":"En \u00abModa\u00bb","block_context":{"text":"Moda","link":"https:\/\/zeromagazine.mx\/index.php\/category\/moda\/"},"img":{"alt_text":"","src":"https:\/\/i0.wp.com\/zeromagazine.mx\/wp-content\/uploads\/2025\/07\/IMG_4754-scaled.jpeg?fit=900%2C1200&ssl=1&resize=350%2C200","width":350,"height":200,"srcset":"https:\/\/i0.wp.com\/zeromagazine.mx\/wp-content\/uploads\/2025\/07\/IMG_4754-scaled.jpeg?fit=900%2C1200&ssl=1&resize=350%2C200 1x, https:\/\/i0.wp.com\/zeromagazine.mx\/wp-content\/uploads\/2025\/07\/IMG_4754-scaled.jpeg?fit=900%2C1200&ssl=1&resize=525%2C300 1.5x, https:\/\/i0.wp.com\/zeromagazine.mx\/wp-content\/uploads\/2025\/07\/IMG_4754-scaled.jpeg?fit=900%2C1200&ssl=1&resize=700%2C400 2x"},"classes":[]},{"id":83247,"url":"https:\/\/zeromagazine.mx\/index.php\/2024\/09\/05\/lujo-invernal-con-zegna-vibes\/","url_meta":{"origin":77508,"position":2},"title":"\u00abLujo Invernal con ZEGNA Vibes\u00bb","author":"zeromagazinemx","date":"5 de septiembre de 2024","format":false,"excerpt":"\u00a1Hola a tod@s! D\u00e9jame contarte un poco sobre la moda masculina m\u00e1s incre\u00edble del momento.\u00a0ZEGNA FW24\u00a0no es solo otra colecci\u00f3n; es un viaje hacia las ra\u00edces de la marca, donde\u00a0Mads Mikkelsen\u00a0y\u00a0Wu Lei\u00a0te llevan de paseo por\u00a0Oasi Zegna, el coraz\u00f3n de todo lo que representa este ic\u00f3nico nombre en la moda\u2026","rel":"","context":"En \u00abModa\u00bb","block_context":{"text":"Moda","link":"https:\/\/zeromagazine.mx\/index.php\/category\/moda\/"},"img":{"alt_text":"","src":"https:\/\/i0.wp.com\/zeromagazine.mx\/wp-content\/uploads\/2024\/09\/ZEGNA-HERO-6_ADV-CAMPAIGN_WU-LEI.jpg?fit=1200%2C838&ssl=1&resize=350%2C200","width":350,"height":200,"srcset":"https:\/\/i0.wp.com\/zeromagazine.mx\/wp-content\/uploads\/2024\/09\/ZEGNA-HERO-6_ADV-CAMPAIGN_WU-LEI.jpg?fit=1200%2C838&ssl=1&resize=350%2C200 1x, https:\/\/i0.wp.com\/zeromagazine.mx\/wp-content\/uploads\/2024\/09\/ZEGNA-HERO-6_ADV-CAMPAIGN_WU-LEI.jpg?fit=1200%2C838&ssl=1&resize=525%2C300 1.5x, https:\/\/i0.wp.com\/zeromagazine.mx\/wp-content\/uploads\/2024\/09\/ZEGNA-HERO-6_ADV-CAMPAIGN_WU-LEI.jpg?fit=1200%2C838&ssl=1&resize=700%2C400 2x, https:\/\/i0.wp.com\/zeromagazine.mx\/wp-content\/uploads\/2024\/09\/ZEGNA-HERO-6_ADV-CAMPAIGN_WU-LEI.jpg?fit=1200%2C838&ssl=1&resize=1050%2C600 3x"},"classes":[]},{"id":95822,"url":"https:\/\/zeromagazine.mx\/index.php\/2025\/02\/09\/zegna-elegancia-monocromatica\/","url_meta":{"origin":77508,"position":3},"title":"ZEGNA: Elegancia monocrom\u00e1tica","author":"David Morales","date":"9 de febrero de 2025","format":false,"excerpt":"Alessandro Sartori lo hizo de nuevo, amix. Para la temporada Fall\/Winter 2025, el director creativo de ZEGNA nos regala una propuesta que equilibra lo cl\u00e1sico con lo inesperado. Su visi\u00f3n monocrom\u00e1tica no es solo una elecci\u00f3n est\u00e9tica, sino una declaraci\u00f3n de estilo que redefine la elegancia contempor\u00e1nea. Minimalismo ZEGNA Para\u2026","rel":"","context":"En \u00abModa\u00bb","block_context":{"text":"Moda","link":"https:\/\/zeromagazine.mx\/index.php\/category\/moda\/"},"img":{"alt_text":"","src":"https:\/\/i0.wp.com\/zeromagazine.mx\/wp-content\/uploads\/2025\/02\/Zegna-Winter-25-Look-08.jpg?fit=960%2C1200&ssl=1&resize=350%2C200","width":350,"height":200,"srcset":"https:\/\/i0.wp.com\/zeromagazine.mx\/wp-content\/uploads\/2025\/02\/Zegna-Winter-25-Look-08.jpg?fit=960%2C1200&ssl=1&resize=350%2C200 1x, https:\/\/i0.wp.com\/zeromagazine.mx\/wp-content\/uploads\/2025\/02\/Zegna-Winter-25-Look-08.jpg?fit=960%2C1200&ssl=1&resize=525%2C300 1.5x, https:\/\/i0.wp.com\/zeromagazine.mx\/wp-content\/uploads\/2025\/02\/Zegna-Winter-25-Look-08.jpg?fit=960%2C1200&ssl=1&resize=700%2C400 2x"},"classes":[]},{"id":98820,"url":"https:\/\/zeromagazine.mx\/index.php\/2025\/03\/18\/primavera-al-estilo-zegna\/","url_meta":{"origin":77508,"position":4},"title":"Primavera Al Estilo ZEGNA","author":"David Morales","date":"18 de marzo de 2025","format":false,"excerpt":"Amix, ZEGNA nos traer una moda de primavera que redefine lo cl\u00e1sico sin perder sofisticaci\u00f3n; pues la marca celebra la temporada con una nueva colecci\u00f3n, compuesta por prendas artesanales que capturan la esencia del lujo discreto. As\u00ed que, si buscas un estilo que nunca falla con piezas atemporales y vers\u00e1tiles,\u2026","rel":"","context":"En \u00abModa\u00bb","block_context":{"text":"Moda","link":"https:\/\/zeromagazine.mx\/index.php\/category\/moda\/"},"img":{"alt_text":"","src":"https:\/\/i0.wp.com\/zeromagazine.mx\/wp-content\/uploads\/2025\/03\/UFH92A9-143-100-D.jpg?fit=900%2C1200&ssl=1&resize=350%2C200","width":350,"height":200,"srcset":"https:\/\/i0.wp.com\/zeromagazine.mx\/wp-content\/uploads\/2025\/03\/UFH92A9-143-100-D.jpg?fit=900%2C1200&ssl=1&resize=350%2C200 1x, https:\/\/i0.wp.com\/zeromagazine.mx\/wp-content\/uploads\/2025\/03\/UFH92A9-143-100-D.jpg?fit=900%2C1200&ssl=1&resize=525%2C300 1.5x, https:\/\/i0.wp.com\/zeromagazine.mx\/wp-content\/uploads\/2025\/03\/UFH92A9-143-100-D.jpg?fit=900%2C1200&ssl=1&resize=700%2C400 2x"},"classes":[]},{"id":116498,"url":"https:\/\/zeromagazine.mx\/index.php\/2026\/03\/10\/memorie-zegna-coleccion-fragancias-2026\/","url_meta":{"origin":77508,"position":5},"title":"Memorie de ZEGNA huele a legado","author":"Luis Trujano","date":"10 de marzo de 2026","format":false,"excerpt":"Hay perfumes que simplemente huelen bien\u2026 y luego est\u00e1n los que cuentan historias. Memorie ZEGNA, la nueva colecci\u00f3n de fragancias de ZEGNA, entra directo en esta segunda categor\u00eda. No es solo un lanzamiento de perfumer\u00eda: es una narrativa olfativa que conecta pasado, paisaje y creatividad en una experiencia sensorial completa.\u2026","rel":"","context":"En \u00abBeauty\u00bb","block_context":{"text":"Beauty","link":"https:\/\/zeromagazine.mx\/index.php\/category\/beauty\/"},"img":{"alt_text":"","src":"https:\/\/i0.wp.com\/zeromagazine.mx\/wp-content\/uploads\/2026\/03\/IMG_6545-scaled.jpeg?fit=1200%2C900&ssl=1&resize=350%2C200","width":350,"height":200,"srcset":"https:\/\/i0.wp.com\/zeromagazine.mx\/wp-content\/uploads\/2026\/03\/IMG_6545-scaled.jpeg?fit=1200%2C900&ssl=1&resize=350%2C200 1x, https:\/\/i0.wp.com\/zeromagazine.mx\/wp-content\/uploads\/2026\/03\/IMG_6545-scaled.jpeg?fit=1200%2C900&ssl=1&resize=525%2C300 1.5x, https:\/\/i0.wp.com\/zeromagazine.mx\/wp-content\/uploads\/2026\/03\/IMG_6545-scaled.jpeg?fit=1200%2C900&ssl=1&resize=700%2C400 2x, https:\/\/i0.wp.com\/zeromagazine.mx\/wp-content\/uploads\/2026\/03\/IMG_6545-scaled.jpeg?fit=1200%2C900&ssl=1&resize=1050%2C600 3x"},"classes":[]}],"jetpack_sharing_enabled":true,"builder_content":"","_links":{"self":[{"href":"https:\/\/zeromagazine.mx\/index.php\/wp-json\/wp\/v2\/posts\/77508","targetHints":{"allow":["GET"]}}],"collection":[{"href":"https:\/\/zeromagazine.mx\/index.php\/wp-json\/wp\/v2\/posts"}],"about":[{"href":"https:\/\/zeromagazine.mx\/index.php\/wp-json\/wp\/v2\/types\/post"}],"author":[{"embeddable":true,"href":"https:\/\/zeromagazine.mx\/index.php\/wp-json\/wp\/v2\/users\/4"}],"replies":[{"embeddable":true,"href":"https:\/\/zeromagazine.mx\/index.php\/wp-json\/wp\/v2\/comments?post=77508"}],"version-history":[{"count":3,"href":"https:\/\/zeromagazine.mx\/index.php\/wp-json\/wp\/v2\/posts\/77508\/revisions"}],"predecessor-version":[{"id":77514,"href":"https:\/\/zeromagazine.mx\/index.php\/wp-json\/wp\/v2\/posts\/77508\/revisions\/77514"}],"wp:featuredmedia":[{"embeddable":true,"href":"https:\/\/zeromagazine.mx\/index.php\/wp-json\/wp\/v2\/media\/77511"}],"wp:attachment":[{"href":"https:\/\/zeromagazine.mx\/index.php\/wp-json\/wp\/v2\/media?parent=77508"}],"wp:term":[{"taxonomy":"category","embeddable":true,"href":"https:\/\/zeromagazine.mx\/index.php\/wp-json\/wp\/v2\/categories?post=77508"},{"taxonomy":"post_tag","embeddable":true,"href":"https:\/\/zeromagazine.mx\/index.php\/wp-json\/wp\/v2\/tags?post=77508"}],"curies":[{"name":"wp","href":"https:\/\/api.w.org\/{rel}","templated":true}]}}