{"id":77515,"date":"2024-06-11T00:50:50","date_gmt":"2024-06-10T22:50:50","guid":{"rendered":"https:\/\/zeromagazine.mx\/?p=77515"},"modified":"2024-06-11T00:51:05","modified_gmt":"2024-06-10T22:51:05","slug":"moda-en-accion-descubre-como-combinar-minifaldas-y-shorts-las-prendas-estrella-de-la-temporada","status":"publish","type":"post","link":"https:\/\/zeromagazine.mx\/index.php\/2024\/06\/11\/moda-en-accion-descubre-como-combinar-minifaldas-y-shorts-las-prendas-estrella-de-la-temporada\/","title":{"rendered":"\u00a1Moda en Acci\u00f3n! Descubre C\u00f3mo Combinar Minifaldas y Shorts, las Prendas Estrella de la Temporada"},"content":{"rendered":"<p>\u00bfEst\u00e1s listx para arrasar este verano 2024 con los outfits m\u00e1s trendy y frescxs? El sol est\u00e1 brillando con todx su esplendor y las temperaturas se est\u00e1n elevando, as\u00ed que es momento de prepararnos para lucir fabulosxs en cualquier ocasi\u00f3n. \u00bfQu\u00e9 tal si exploramos juntxs las prendas clave para esta temporada? \u00a1Sigue leyendo para descubrirlo!<\/p>\n\n\n\n<script async src=\"https:\/\/pagead2.googlesyndication.com\/pagead\/js\/adsbygoogle.js?client=ca-pub-5499304793904745\"\n     crossorigin=\"anonymous\"><\/script>\n<ins class=\"adsbygoogle\"\n     style=\"display:block; text-align:center;\"\n     data-ad-layout=\"in-article\"\n     data-ad-format=\"fluid\"\n     data-ad-client=\"ca-pub-5499304793904745\"\n     data-ad-slot=\"5994863093\"><\/ins>\n<script>\n     (adsbygoogle = window.adsbygoogle || []).push({});\n<\/script>\n\n\n\n<p><\/p>\n\n\n\n<p>Ahora bien, el estilo de este verano se caracteriza por la yuxtaposici\u00f3n. Esta t\u00e9cnica nos permite mezclar texturas, colores y estilos de manera creativa, agregando profundidad y versatilidad a nuestros outfits. Optar por capas ligeras y transpirables, junto con mini faldas y shorts, es la elecci\u00f3n perfecta para crear looks sofisticados y llenos de personalidad.<\/p>\n\n\n\n<script async src=\"https:\/\/pagead2.googlesyndication.com\/pagead\/js\/adsbygoogle.js?client=ca-pub-5499304793904745\"\n     crossorigin=\"anonymous\"><\/script>\n<ins class=\"adsbygoogle\"\n     style=\"display:block; text-align:center;\"\n     data-ad-layout=\"in-article\"\n     data-ad-format=\"fluid\"\n     data-ad-client=\"ca-pub-5499304793904745\"\n     data-ad-slot=\"5994863093\"><\/ins>\n<script>\n     (adsbygoogle = window.adsbygoogle || []).push({});\n<\/script>\n\n\n\n<p><\/p>\n\n\n\n<p>En primer lugar, hablemos de las mini faldas. \u00a1Son un cl\u00e1sico reinventado que no puede faltar en nuestro armario! Las opciones son infinitas: desde las mini plisadas que a\u00f1aden un toque rom\u00e1ntico y femenino, hasta las vaqueras en denim que son un b\u00e1sico atemporal y vers\u00e1til. Con estas piezas, podemos jugar y expresar nuestra personalidad de manera \u00fanica.<\/p>\n\n\n<div class=\"wp-block-image\">\n<figure class=\"aligncenter size-large\"><img data-recalc-dims=\"1\" decoding=\"async\" width=\"1024\" height=\"679\" src=\"https:\/\/i0.wp.com\/zeromagazine.mx\/wp-content\/uploads\/2024\/06\/unnamed-4-1024x679.png?resize=1024%2C679&#038;ssl=1\" alt=\"\" class=\"wp-image-77516\" srcset=\"https:\/\/i0.wp.com\/zeromagazine.mx\/wp-content\/uploads\/2024\/06\/unnamed-4.png?resize=1024%2C679&amp;ssl=1 1024w, https:\/\/i0.wp.com\/zeromagazine.mx\/wp-content\/uploads\/2024\/06\/unnamed-4.png?resize=300%2C199&amp;ssl=1 300w, https:\/\/i0.wp.com\/zeromagazine.mx\/wp-content\/uploads\/2024\/06\/unnamed-4.png?resize=768%2C509&amp;ssl=1 768w, https:\/\/i0.wp.com\/zeromagazine.mx\/wp-content\/uploads\/2024\/06\/unnamed-4.png?w=1222&amp;ssl=1 1222w\" sizes=\"(max-width: 1024px) 100vw, 1024px\" \/><\/figure>\n<\/div>\n\n\n<p><\/p>\n\n\n\n<p>Por otro lado, los shorts son la combinaci\u00f3n perfecta entre comodidad y estilo. \u00bfQui\u00e9n no ama usar shorts durante los d\u00edas de calor intenso? Los denim son un cl\u00e1sico infalible que puedes combinar con casi cualquier cosa, d\u00e1ndole un toque din\u00e1mico y juvenil a tu look. Adem\u00e1s, si buscas algo m\u00e1s sofisticado, los shorts de sastre son la opci\u00f3n ideal, especialmente para ocasiones m\u00e1s formales o para aquellas que trabajan en oficina. \u00a1Imagina combinarlos con una camisa o top blanco para un outfit elegante y fresco!<\/p>\n\n\n<div class=\"wp-block-image\">\n<figure class=\"aligncenter size-large\"><img data-recalc-dims=\"1\" decoding=\"async\" width=\"1024\" height=\"685\" src=\"https:\/\/i0.wp.com\/zeromagazine.mx\/wp-content\/uploads\/2024\/06\/unnamed-1-1-1024x685.png?resize=1024%2C685&#038;ssl=1\" alt=\"\" class=\"wp-image-77517\" srcset=\"https:\/\/i0.wp.com\/zeromagazine.mx\/wp-content\/uploads\/2024\/06\/unnamed-1-1.png?resize=1024%2C685&amp;ssl=1 1024w, https:\/\/i0.wp.com\/zeromagazine.mx\/wp-content\/uploads\/2024\/06\/unnamed-1-1.png?resize=300%2C201&amp;ssl=1 300w, https:\/\/i0.wp.com\/zeromagazine.mx\/wp-content\/uploads\/2024\/06\/unnamed-1-1.png?resize=768%2C514&amp;ssl=1 768w, https:\/\/i0.wp.com\/zeromagazine.mx\/wp-content\/uploads\/2024\/06\/unnamed-1-1.png?w=1294&amp;ssl=1 1294w\" sizes=\"(max-width: 1024px) 100vw, 1024px\" \/><\/figure>\n<\/div>\n\n\n<p><\/p>\n\n\n\n<p>Este verano 2024 est\u00e1 lleno de posibilidades para lucir incre\u00edbles con mini faldas y shorts. As\u00ed que prep\u00e1rate para conquistar cualquier ocasi\u00f3n con estilo y actitud.<\/p>\n\n\n\n<p><\/p>\n\n<!--themify_builder_content-->\n<div id=\"themify_builder_content-77515\" data-postid=\"77515\" class=\"themify_builder_content themify_builder_content-77515 themify_builder tf_clear\">\n    <\/div>\n<!--\/themify_builder_content-->","protected":false},"excerpt":{"rendered":"<p>\u00bfEst\u00e1s listx para arrasar este verano 2024 con los outfits m\u00e1s trendy y frescxs? El sol est\u00e1 brillando con todx su esplendor y las temperaturas se est\u00e1n elevando, as\u00ed que es momento de prepararnos para lucir fabulosxs en cualquier ocasi\u00f3n. \u00bfQu\u00e9 tal si exploramos juntxs las prendas clave para esta temporada? \u00a1Sigue leyendo para descubrirlo! [&hellip;]<\/p>\n","protected":false},"author":2,"featured_media":77518,"comment_status":"open","ping_status":"open","sticky":false,"template":"","format":"standard","meta":{"_jetpack_memberships_contains_paid_content":false,"footnotes":"","jetpack_publicize_message":"","jetpack_publicize_feature_enabled":true,"jetpack_social_post_already_shared":true,"jetpack_social_options":{"image_generator_settings":{"template":"highway","default_image_id":0,"font":"","enabled":false},"version":2}},"categories":[1,67],"tags":[8498,2169,8364],"class_list":["post-77515","post","type-post","status-publish","format-standard","has-post-thumbnail","hentry","category-blog","category-moda","tag-minifaldas","tag-shorts","tag-temporada","has-post-title","has-post-date","has-post-category","has-post-tag","has-post-comment","has-post-author",""],"yoast_head":"<!-- This site is optimized with the Yoast SEO plugin v27.4 - https:\/\/yoast.com\/product\/yoast-seo-wordpress\/ -->\n<title>\u00a1Moda en Acci\u00f3n! Descubre C\u00f3mo Combinar Minifaldas y Shorts, las Prendas Estrella de la Temporada - Zero Magazine<\/title>\n<meta name=\"robots\" content=\"index, follow, max-snippet:-1, max-image-preview:large, max-video-preview:-1\" \/>\n<link rel=\"canonical\" href=\"https:\/\/zeromagazine.mx\/index.php\/2024\/06\/11\/moda-en-accion-descubre-como-combinar-minifaldas-y-shorts-las-prendas-estrella-de-la-temporada\/\" \/>\n<meta property=\"og:locale\" content=\"es_ES\" \/>\n<meta property=\"og:type\" content=\"article\" \/>\n<meta property=\"og:title\" content=\"\u00a1Moda en Acci\u00f3n! Descubre C\u00f3mo Combinar Minifaldas y Shorts, las Prendas Estrella de la Temporada - Zero Magazine\" \/>\n<meta property=\"og:description\" content=\"\u00bfEst\u00e1s listx para arrasar este verano 2024 con los outfits m\u00e1s trendy y frescxs? El sol est\u00e1 brillando con todx su esplendor y las temperaturas se est\u00e1n elevando, as\u00ed que es momento de prepararnos para lucir fabulosxs en cualquier ocasi\u00f3n. \u00bfQu\u00e9 tal si exploramos juntxs las prendas clave para esta temporada? \u00a1Sigue leyendo para descubrirlo! [&hellip;]\" \/>\n<meta property=\"og:url\" content=\"https:\/\/zeromagazine.mx\/index.php\/2024\/06\/11\/moda-en-accion-descubre-como-combinar-minifaldas-y-shorts-las-prendas-estrella-de-la-temporada\/\" \/>\n<meta property=\"og:site_name\" content=\"Zero Magazine\" \/>\n<meta property=\"article:published_time\" content=\"2024-06-10T22:50:50+00:00\" \/>\n<meta property=\"article:modified_time\" content=\"2024-06-10T22:51:05+00:00\" \/>\n<meta property=\"og:image\" content=\"https:\/\/zeromagazine.mx\/wp-content\/uploads\/2024\/06\/unnamed-2-1-1024x546.png\" \/>\n\t<meta property=\"og:image:width\" content=\"1024\" \/>\n\t<meta property=\"og:image:height\" content=\"546\" \/>\n\t<meta property=\"og:image:type\" content=\"image\/png\" \/>\n<meta name=\"author\" content=\"zeromagazinemx\" \/>\n<meta name=\"twitter:card\" content=\"summary_large_image\" \/>\n<meta name=\"twitter:label1\" content=\"Escrito por\" \/>\n\t<meta name=\"twitter:data1\" content=\"zeromagazinemx\" \/>\n\t<meta name=\"twitter:label2\" content=\"Tiempo de lectura\" \/>\n\t<meta name=\"twitter:data2\" content=\"2 minutos\" \/>\n<script type=\"application\/ld+json\" class=\"yoast-schema-graph\">{\"@context\":\"https:\\\/\\\/schema.org\",\"@graph\":[{\"@type\":\"Article\",\"@id\":\"https:\\\/\\\/zeromagazine.mx\\\/index.php\\\/2024\\\/06\\\/11\\\/moda-en-accion-descubre-como-combinar-minifaldas-y-shorts-las-prendas-estrella-de-la-temporada\\\/#article\",\"isPartOf\":{\"@id\":\"https:\\\/\\\/zeromagazine.mx\\\/index.php\\\/2024\\\/06\\\/11\\\/moda-en-accion-descubre-como-combinar-minifaldas-y-shorts-las-prendas-estrella-de-la-temporada\\\/\"},\"author\":{\"name\":\"zeromagazinemx\",\"@id\":\"https:\\\/\\\/zeromagazine.mx\\\/#\\\/schema\\\/person\\\/9aed9f33a7c39af3a348b86d723f7773\"},\"headline\":\"\u00a1Moda en Acci\u00f3n! Descubre C\u00f3mo Combinar Minifaldas y Shorts, las Prendas Estrella de la Temporada\",\"datePublished\":\"2024-06-10T22:50:50+00:00\",\"dateModified\":\"2024-06-10T22:51:05+00:00\",\"mainEntityOfPage\":{\"@id\":\"https:\\\/\\\/zeromagazine.mx\\\/index.php\\\/2024\\\/06\\\/11\\\/moda-en-accion-descubre-como-combinar-minifaldas-y-shorts-las-prendas-estrella-de-la-temporada\\\/\"},\"wordCount\":320,\"commentCount\":0,\"publisher\":{\"@id\":\"https:\\\/\\\/zeromagazine.mx\\\/#organization\"},\"image\":{\"@id\":\"https:\\\/\\\/zeromagazine.mx\\\/index.php\\\/2024\\\/06\\\/11\\\/moda-en-accion-descubre-como-combinar-minifaldas-y-shorts-las-prendas-estrella-de-la-temporada\\\/#primaryimage\"},\"thumbnailUrl\":\"https:\\\/\\\/i0.wp.com\\\/zeromagazine.mx\\\/wp-content\\\/uploads\\\/2024\\\/06\\\/unnamed-2-1.png?fit=2232%2C1190&ssl=1\",\"keywords\":[\"Minifaldas\",\"shorts\",\"Temporada\"],\"articleSection\":[\"Blog\",\"Moda\"],\"inLanguage\":\"es\",\"potentialAction\":[{\"@type\":\"CommentAction\",\"name\":\"Comment\",\"target\":[\"https:\\\/\\\/zeromagazine.mx\\\/index.php\\\/2024\\\/06\\\/11\\\/moda-en-accion-descubre-como-combinar-minifaldas-y-shorts-las-prendas-estrella-de-la-temporada\\\/#respond\"]}]},{\"@type\":\"WebPage\",\"@id\":\"https:\\\/\\\/zeromagazine.mx\\\/index.php\\\/2024\\\/06\\\/11\\\/moda-en-accion-descubre-como-combinar-minifaldas-y-shorts-las-prendas-estrella-de-la-temporada\\\/\",\"url\":\"https:\\\/\\\/zeromagazine.mx\\\/index.php\\\/2024\\\/06\\\/11\\\/moda-en-accion-descubre-como-combinar-minifaldas-y-shorts-las-prendas-estrella-de-la-temporada\\\/\",\"name\":\"\u00a1Moda en Acci\u00f3n! Descubre C\u00f3mo Combinar Minifaldas y Shorts, las Prendas Estrella de la Temporada - Zero Magazine\",\"isPartOf\":{\"@id\":\"https:\\\/\\\/zeromagazine.mx\\\/#website\"},\"primaryImageOfPage\":{\"@id\":\"https:\\\/\\\/zeromagazine.mx\\\/index.php\\\/2024\\\/06\\\/11\\\/moda-en-accion-descubre-como-combinar-minifaldas-y-shorts-las-prendas-estrella-de-la-temporada\\\/#primaryimage\"},\"image\":{\"@id\":\"https:\\\/\\\/zeromagazine.mx\\\/index.php\\\/2024\\\/06\\\/11\\\/moda-en-accion-descubre-como-combinar-minifaldas-y-shorts-las-prendas-estrella-de-la-temporada\\\/#primaryimage\"},\"thumbnailUrl\":\"https:\\\/\\\/i0.wp.com\\\/zeromagazine.mx\\\/wp-content\\\/uploads\\\/2024\\\/06\\\/unnamed-2-1.png?fit=2232%2C1190&ssl=1\",\"datePublished\":\"2024-06-10T22:50:50+00:00\",\"dateModified\":\"2024-06-10T22:51:05+00:00\",\"breadcrumb\":{\"@id\":\"https:\\\/\\\/zeromagazine.mx\\\/index.php\\\/2024\\\/06\\\/11\\\/moda-en-accion-descubre-como-combinar-minifaldas-y-shorts-las-prendas-estrella-de-la-temporada\\\/#breadcrumb\"},\"inLanguage\":\"es\",\"potentialAction\":[{\"@type\":\"ReadAction\",\"target\":[\"https:\\\/\\\/zeromagazine.mx\\\/index.php\\\/2024\\\/06\\\/11\\\/moda-en-accion-descubre-como-combinar-minifaldas-y-shorts-las-prendas-estrella-de-la-temporada\\\/\"]}]},{\"@type\":\"ImageObject\",\"inLanguage\":\"es\",\"@id\":\"https:\\\/\\\/zeromagazine.mx\\\/index.php\\\/2024\\\/06\\\/11\\\/moda-en-accion-descubre-como-combinar-minifaldas-y-shorts-las-prendas-estrella-de-la-temporada\\\/#primaryimage\",\"url\":\"https:\\\/\\\/i0.wp.com\\\/zeromagazine.mx\\\/wp-content\\\/uploads\\\/2024\\\/06\\\/unnamed-2-1.png?fit=2232%2C1190&ssl=1\",\"contentUrl\":\"https:\\\/\\\/i0.wp.com\\\/zeromagazine.mx\\\/wp-content\\\/uploads\\\/2024\\\/06\\\/unnamed-2-1.png?fit=2232%2C1190&ssl=1\",\"width\":2232,\"height\":1190},{\"@type\":\"BreadcrumbList\",\"@id\":\"https:\\\/\\\/zeromagazine.mx\\\/index.php\\\/2024\\\/06\\\/11\\\/moda-en-accion-descubre-como-combinar-minifaldas-y-shorts-las-prendas-estrella-de-la-temporada\\\/#breadcrumb\",\"itemListElement\":[{\"@type\":\"ListItem\",\"position\":1,\"name\":\"Portada\",\"item\":\"https:\\\/\\\/zeromagazine.mx\\\/\"},{\"@type\":\"ListItem\",\"position\":2,\"name\":\"\u00a1Moda en Acci\u00f3n! Descubre C\u00f3mo Combinar Minifaldas y Shorts, las Prendas Estrella de la Temporada\"}]},{\"@type\":\"WebSite\",\"@id\":\"https:\\\/\\\/zeromagazine.mx\\\/#website\",\"url\":\"https:\\\/\\\/zeromagazine.mx\\\/\",\"name\":\"Zero Magazine\",\"description\":\"\",\"publisher\":{\"@id\":\"https:\\\/\\\/zeromagazine.mx\\\/#organization\"},\"potentialAction\":[{\"@type\":\"SearchAction\",\"target\":{\"@type\":\"EntryPoint\",\"urlTemplate\":\"https:\\\/\\\/zeromagazine.mx\\\/?s={search_term_string}\"},\"query-input\":{\"@type\":\"PropertyValueSpecification\",\"valueRequired\":true,\"valueName\":\"search_term_string\"}}],\"inLanguage\":\"es\"},{\"@type\":\"Organization\",\"@id\":\"https:\\\/\\\/zeromagazine.mx\\\/#organization\",\"name\":\"Zero Magazine\",\"url\":\"https:\\\/\\\/zeromagazine.mx\\\/\",\"logo\":{\"@type\":\"ImageObject\",\"inLanguage\":\"es\",\"@id\":\"https:\\\/\\\/zeromagazine.mx\\\/#\\\/schema\\\/logo\\\/image\\\/\",\"url\":\"https:\\\/\\\/i0.wp.com\\\/zeromagazine.mx\\\/wp-content\\\/uploads\\\/2025\\\/11\\\/1.jpeg?fit=1000%2C1000&ssl=1\",\"contentUrl\":\"https:\\\/\\\/i0.wp.com\\\/zeromagazine.mx\\\/wp-content\\\/uploads\\\/2025\\\/11\\\/1.jpeg?fit=1000%2C1000&ssl=1\",\"width\":1000,\"height\":1000,\"caption\":\"Zero Magazine\"},\"image\":{\"@id\":\"https:\\\/\\\/zeromagazine.mx\\\/#\\\/schema\\\/logo\\\/image\\\/\"},\"sameAs\":[\"https:\\\/\\\/instagram.com\\\/zeromagazinemx\"]},{\"@type\":\"Person\",\"@id\":\"https:\\\/\\\/zeromagazine.mx\\\/#\\\/schema\\\/person\\\/9aed9f33a7c39af3a348b86d723f7773\",\"name\":\"zeromagazinemx\",\"image\":{\"@type\":\"ImageObject\",\"inLanguage\":\"es\",\"@id\":\"https:\\\/\\\/zeromagazine.mx\\\/wp-content\\\/litespeed\\\/avatar\\\/f91dfe5410d5dcb1a576bf8c45983896.jpg?ver=1776966396\",\"url\":\"https:\\\/\\\/zeromagazine.mx\\\/wp-content\\\/litespeed\\\/avatar\\\/f91dfe5410d5dcb1a576bf8c45983896.jpg?ver=1776966396\",\"contentUrl\":\"https:\\\/\\\/zeromagazine.mx\\\/wp-content\\\/litespeed\\\/avatar\\\/f91dfe5410d5dcb1a576bf8c45983896.jpg?ver=1776966396\",\"caption\":\"zeromagazinemx\"},\"url\":\"https:\\\/\\\/zeromagazine.mx\\\/index.php\\\/author\\\/zeromagazinemx\\\/\"}]}<\/script>\n<!-- \/ Yoast SEO plugin. -->","yoast_head_json":{"title":"\u00a1Moda en Acci\u00f3n! Descubre C\u00f3mo Combinar Minifaldas y Shorts, las Prendas Estrella de la Temporada - Zero Magazine","robots":{"index":"index","follow":"follow","max-snippet":"max-snippet:-1","max-image-preview":"max-image-preview:large","max-video-preview":"max-video-preview:-1"},"canonical":"https:\/\/zeromagazine.mx\/index.php\/2024\/06\/11\/moda-en-accion-descubre-como-combinar-minifaldas-y-shorts-las-prendas-estrella-de-la-temporada\/","og_locale":"es_ES","og_type":"article","og_title":"\u00a1Moda en Acci\u00f3n! Descubre C\u00f3mo Combinar Minifaldas y Shorts, las Prendas Estrella de la Temporada - Zero Magazine","og_description":"\u00bfEst\u00e1s listx para arrasar este verano 2024 con los outfits m\u00e1s trendy y frescxs? El sol est\u00e1 brillando con todx su esplendor y las temperaturas se est\u00e1n elevando, as\u00ed que es momento de prepararnos para lucir fabulosxs en cualquier ocasi\u00f3n. \u00bfQu\u00e9 tal si exploramos juntxs las prendas clave para esta temporada? \u00a1Sigue leyendo para descubrirlo! [&hellip;]","og_url":"https:\/\/zeromagazine.mx\/index.php\/2024\/06\/11\/moda-en-accion-descubre-como-combinar-minifaldas-y-shorts-las-prendas-estrella-de-la-temporada\/","og_site_name":"Zero Magazine","article_published_time":"2024-06-10T22:50:50+00:00","article_modified_time":"2024-06-10T22:51:05+00:00","og_image":[{"width":1024,"height":546,"url":"https:\/\/zeromagazine.mx\/wp-content\/uploads\/2024\/06\/unnamed-2-1-1024x546.png","type":"image\/png"}],"author":"zeromagazinemx","twitter_card":"summary_large_image","twitter_misc":{"Escrito por":"zeromagazinemx","Tiempo de lectura":"2 minutos"},"schema":{"@context":"https:\/\/schema.org","@graph":[{"@type":"Article","@id":"https:\/\/zeromagazine.mx\/index.php\/2024\/06\/11\/moda-en-accion-descubre-como-combinar-minifaldas-y-shorts-las-prendas-estrella-de-la-temporada\/#article","isPartOf":{"@id":"https:\/\/zeromagazine.mx\/index.php\/2024\/06\/11\/moda-en-accion-descubre-como-combinar-minifaldas-y-shorts-las-prendas-estrella-de-la-temporada\/"},"author":{"name":"zeromagazinemx","@id":"https:\/\/zeromagazine.mx\/#\/schema\/person\/9aed9f33a7c39af3a348b86d723f7773"},"headline":"\u00a1Moda en Acci\u00f3n! Descubre C\u00f3mo Combinar Minifaldas y Shorts, las Prendas Estrella de la Temporada","datePublished":"2024-06-10T22:50:50+00:00","dateModified":"2024-06-10T22:51:05+00:00","mainEntityOfPage":{"@id":"https:\/\/zeromagazine.mx\/index.php\/2024\/06\/11\/moda-en-accion-descubre-como-combinar-minifaldas-y-shorts-las-prendas-estrella-de-la-temporada\/"},"wordCount":320,"commentCount":0,"publisher":{"@id":"https:\/\/zeromagazine.mx\/#organization"},"image":{"@id":"https:\/\/zeromagazine.mx\/index.php\/2024\/06\/11\/moda-en-accion-descubre-como-combinar-minifaldas-y-shorts-las-prendas-estrella-de-la-temporada\/#primaryimage"},"thumbnailUrl":"https:\/\/i0.wp.com\/zeromagazine.mx\/wp-content\/uploads\/2024\/06\/unnamed-2-1.png?fit=2232%2C1190&ssl=1","keywords":["Minifaldas","shorts","Temporada"],"articleSection":["Blog","Moda"],"inLanguage":"es","potentialAction":[{"@type":"CommentAction","name":"Comment","target":["https:\/\/zeromagazine.mx\/index.php\/2024\/06\/11\/moda-en-accion-descubre-como-combinar-minifaldas-y-shorts-las-prendas-estrella-de-la-temporada\/#respond"]}]},{"@type":"WebPage","@id":"https:\/\/zeromagazine.mx\/index.php\/2024\/06\/11\/moda-en-accion-descubre-como-combinar-minifaldas-y-shorts-las-prendas-estrella-de-la-temporada\/","url":"https:\/\/zeromagazine.mx\/index.php\/2024\/06\/11\/moda-en-accion-descubre-como-combinar-minifaldas-y-shorts-las-prendas-estrella-de-la-temporada\/","name":"\u00a1Moda en Acci\u00f3n! Descubre C\u00f3mo Combinar Minifaldas y Shorts, las Prendas Estrella de la Temporada - Zero Magazine","isPartOf":{"@id":"https:\/\/zeromagazine.mx\/#website"},"primaryImageOfPage":{"@id":"https:\/\/zeromagazine.mx\/index.php\/2024\/06\/11\/moda-en-accion-descubre-como-combinar-minifaldas-y-shorts-las-prendas-estrella-de-la-temporada\/#primaryimage"},"image":{"@id":"https:\/\/zeromagazine.mx\/index.php\/2024\/06\/11\/moda-en-accion-descubre-como-combinar-minifaldas-y-shorts-las-prendas-estrella-de-la-temporada\/#primaryimage"},"thumbnailUrl":"https:\/\/i0.wp.com\/zeromagazine.mx\/wp-content\/uploads\/2024\/06\/unnamed-2-1.png?fit=2232%2C1190&ssl=1","datePublished":"2024-06-10T22:50:50+00:00","dateModified":"2024-06-10T22:51:05+00:00","breadcrumb":{"@id":"https:\/\/zeromagazine.mx\/index.php\/2024\/06\/11\/moda-en-accion-descubre-como-combinar-minifaldas-y-shorts-las-prendas-estrella-de-la-temporada\/#breadcrumb"},"inLanguage":"es","potentialAction":[{"@type":"ReadAction","target":["https:\/\/zeromagazine.mx\/index.php\/2024\/06\/11\/moda-en-accion-descubre-como-combinar-minifaldas-y-shorts-las-prendas-estrella-de-la-temporada\/"]}]},{"@type":"ImageObject","inLanguage":"es","@id":"https:\/\/zeromagazine.mx\/index.php\/2024\/06\/11\/moda-en-accion-descubre-como-combinar-minifaldas-y-shorts-las-prendas-estrella-de-la-temporada\/#primaryimage","url":"https:\/\/i0.wp.com\/zeromagazine.mx\/wp-content\/uploads\/2024\/06\/unnamed-2-1.png?fit=2232%2C1190&ssl=1","contentUrl":"https:\/\/i0.wp.com\/zeromagazine.mx\/wp-content\/uploads\/2024\/06\/unnamed-2-1.png?fit=2232%2C1190&ssl=1","width":2232,"height":1190},{"@type":"BreadcrumbList","@id":"https:\/\/zeromagazine.mx\/index.php\/2024\/06\/11\/moda-en-accion-descubre-como-combinar-minifaldas-y-shorts-las-prendas-estrella-de-la-temporada\/#breadcrumb","itemListElement":[{"@type":"ListItem","position":1,"name":"Portada","item":"https:\/\/zeromagazine.mx\/"},{"@type":"ListItem","position":2,"name":"\u00a1Moda en Acci\u00f3n! Descubre C\u00f3mo Combinar Minifaldas y Shorts, las Prendas Estrella de la Temporada"}]},{"@type":"WebSite","@id":"https:\/\/zeromagazine.mx\/#website","url":"https:\/\/zeromagazine.mx\/","name":"Zero Magazine","description":"","publisher":{"@id":"https:\/\/zeromagazine.mx\/#organization"},"potentialAction":[{"@type":"SearchAction","target":{"@type":"EntryPoint","urlTemplate":"https:\/\/zeromagazine.mx\/?s={search_term_string}"},"query-input":{"@type":"PropertyValueSpecification","valueRequired":true,"valueName":"search_term_string"}}],"inLanguage":"es"},{"@type":"Organization","@id":"https:\/\/zeromagazine.mx\/#organization","name":"Zero Magazine","url":"https:\/\/zeromagazine.mx\/","logo":{"@type":"ImageObject","inLanguage":"es","@id":"https:\/\/zeromagazine.mx\/#\/schema\/logo\/image\/","url":"https:\/\/i0.wp.com\/zeromagazine.mx\/wp-content\/uploads\/2025\/11\/1.jpeg?fit=1000%2C1000&ssl=1","contentUrl":"https:\/\/i0.wp.com\/zeromagazine.mx\/wp-content\/uploads\/2025\/11\/1.jpeg?fit=1000%2C1000&ssl=1","width":1000,"height":1000,"caption":"Zero Magazine"},"image":{"@id":"https:\/\/zeromagazine.mx\/#\/schema\/logo\/image\/"},"sameAs":["https:\/\/instagram.com\/zeromagazinemx"]},{"@type":"Person","@id":"https:\/\/zeromagazine.mx\/#\/schema\/person\/9aed9f33a7c39af3a348b86d723f7773","name":"zeromagazinemx","image":{"@type":"ImageObject","inLanguage":"es","@id":"https:\/\/zeromagazine.mx\/wp-content\/litespeed\/avatar\/f91dfe5410d5dcb1a576bf8c45983896.jpg?ver=1776966396","url":"https:\/\/zeromagazine.mx\/wp-content\/litespeed\/avatar\/f91dfe5410d5dcb1a576bf8c45983896.jpg?ver=1776966396","contentUrl":"https:\/\/zeromagazine.mx\/wp-content\/litespeed\/avatar\/f91dfe5410d5dcb1a576bf8c45983896.jpg?ver=1776966396","caption":"zeromagazinemx"},"url":"https:\/\/zeromagazine.mx\/index.php\/author\/zeromagazinemx\/"}]}},"jetpack_publicize_connections":[],"jetpack_featured_media_url":"https:\/\/i0.wp.com\/zeromagazine.mx\/wp-content\/uploads\/2024\/06\/unnamed-2-1.png?fit=2232%2C1190&ssl=1","jetpack-related-posts":[{"id":75817,"url":"https:\/\/zeromagazine.mx\/index.php\/2024\/05\/10\/urbanic-tendencias-para-este-verano\/","url_meta":{"origin":77515,"position":0},"title":"Urbanic: Tendencias para este verano","author":"zeromagazinemx","date":"10 de mayo de 2024","format":false,"excerpt":"El verano, la temporada m\u00e1s esperada del a\u00f1o y con ella la oportunidad de renovar nuestro armario para lucir incre\u00edbles en cada salida. \u00bfQuieres saber cu\u00e1les son las prendas esenciales para armar tus looks estivales? \u00a1Pues sigue leyendo! Primero que nada, las transparencias son la tendencia que domina el street\u2026","rel":"","context":"En \u00abLifestyle\u00bb","block_context":{"text":"Lifestyle","link":"https:\/\/zeromagazine.mx\/index.php\/category\/lifestyle\/"},"img":{"alt_text":"","src":"https:\/\/i0.wp.com\/zeromagazine.mx\/wp-content\/uploads\/2024\/05\/unnamed-49.png?fit=1200%2C827&ssl=1&resize=350%2C200","width":350,"height":200,"srcset":"https:\/\/i0.wp.com\/zeromagazine.mx\/wp-content\/uploads\/2024\/05\/unnamed-49.png?fit=1200%2C827&ssl=1&resize=350%2C200 1x, https:\/\/i0.wp.com\/zeromagazine.mx\/wp-content\/uploads\/2024\/05\/unnamed-49.png?fit=1200%2C827&ssl=1&resize=525%2C300 1.5x, https:\/\/i0.wp.com\/zeromagazine.mx\/wp-content\/uploads\/2024\/05\/unnamed-49.png?fit=1200%2C827&ssl=1&resize=700%2C400 2x, https:\/\/i0.wp.com\/zeromagazine.mx\/wp-content\/uploads\/2024\/05\/unnamed-49.png?fit=1200%2C827&ssl=1&resize=1050%2C600 3x"},"classes":[]},{"id":49523,"url":"https:\/\/zeromagazine.mx\/index.php\/2021\/07\/07\/esenciales-de-verano-lo-que-no-puedes-olvidar\/","url_meta":{"origin":77515,"position":1},"title":"Esenciales de verano: lo que no puedes olvidar","author":"zeromagazinemx","date":"7 de julio de 2021","format":false,"excerpt":"El verano ya est\u00e1 aqu\u00ed y en Old Navy puedes encontrar todos los esenciales de la temporada. Seguramente ya tienes tu plan para estas fechas. Por Moises Kushelevich Para esta temporada, no olvides llevar contigo vestidos frescos, shorts, traje de ba\u00f1o y hasta las flip flops para complementar tu look.\u2026","rel":"","context":"En \u00abLifestyle\u00bb","block_context":{"text":"Lifestyle","link":"https:\/\/zeromagazine.mx\/index.php\/category\/lifestyle\/"},"img":{"alt_text":"","src":"","width":0,"height":0},"classes":[]},{"id":90825,"url":"https:\/\/zeromagazine.mx\/index.php\/2024\/11\/15\/otono-con-estilo-revolve\/","url_meta":{"origin":77515,"position":2},"title":"Oto\u00f1o con Estilo REVOLVE","author":"zeromagazinemx","date":"15 de noviembre de 2024","format":false,"excerpt":"Fashionistas, ya lleg\u00f3 el oto\u00f1o, y con \u00e9l, esa vibra s\u00faper cool que nos encanta: la temporada ideal para lucir outfits que van desde lo comfy para un cafecito hasta lo chic para esas noches que se alargan hasta el amanecer. Y para este cambio de estaci\u00f3n, REVOLVE trae una\u2026","rel":"","context":"En \u00abModa\u00bb","block_context":{"text":"Moda","link":"https:\/\/zeromagazine.mx\/index.php\/category\/moda\/"},"img":{"alt_text":"","src":"https:\/\/i0.wp.com\/zeromagazine.mx\/wp-content\/uploads\/2024\/11\/AYAR-WK15_V1_C.jpg?fit=800%2C1200&ssl=1&resize=350%2C200","width":350,"height":200,"srcset":"https:\/\/i0.wp.com\/zeromagazine.mx\/wp-content\/uploads\/2024\/11\/AYAR-WK15_V1_C.jpg?fit=800%2C1200&ssl=1&resize=350%2C200 1x, https:\/\/i0.wp.com\/zeromagazine.mx\/wp-content\/uploads\/2024\/11\/AYAR-WK15_V1_C.jpg?fit=800%2C1200&ssl=1&resize=525%2C300 1.5x, https:\/\/i0.wp.com\/zeromagazine.mx\/wp-content\/uploads\/2024\/11\/AYAR-WK15_V1_C.jpg?fit=800%2C1200&ssl=1&resize=700%2C400 2x"},"classes":[]},{"id":97206,"url":"https:\/\/zeromagazine.mx\/index.php\/2025\/02\/21\/calvin-klein-kpopprimavera-2025\/","url_meta":{"origin":77515,"position":3},"title":"Reinvenci\u00f3n Calvin Klein","author":"David Morales","date":"21 de febrero de 2025","format":false,"excerpt":"La nueva campa\u00f1a de Calvin Klein para la Primavera 2025 nos deja clar\u00edsimo que el estilo y la actitud van de la mano. Esta vez, las protagonistas son MINJI, HANNI, DANIELLE, HAERIN y HYEIN, los \u00edconos del K-pop que se apoderan de la escena con looks que combinan lo cl\u00e1sico\u2026","rel":"","context":"En \u00abModa\u00bb","block_context":{"text":"Moda","link":"https:\/\/zeromagazine.mx\/index.php\/category\/moda\/"},"img":{"alt_text":"","src":"https:\/\/i0.wp.com\/zeromagazine.mx\/wp-content\/uploads\/2025\/02\/image006.jpg?fit=1024%2C768&ssl=1&resize=350%2C200","width":350,"height":200,"srcset":"https:\/\/i0.wp.com\/zeromagazine.mx\/wp-content\/uploads\/2025\/02\/image006.jpg?fit=1024%2C768&ssl=1&resize=350%2C200 1x, https:\/\/i0.wp.com\/zeromagazine.mx\/wp-content\/uploads\/2025\/02\/image006.jpg?fit=1024%2C768&ssl=1&resize=525%2C300 1.5x, https:\/\/i0.wp.com\/zeromagazine.mx\/wp-content\/uploads\/2025\/02\/image006.jpg?fit=1024%2C768&ssl=1&resize=700%2C400 2x"},"classes":[]},{"id":78603,"url":"https:\/\/zeromagazine.mx\/index.php\/2024\/06\/18\/cider-presenta-la-coleccion-summertime-freshness\/","url_meta":{"origin":77515,"position":4},"title":"Cider Presenta la Coleccion Summertime Freshness","author":"zeromagazinemx","date":"18 de junio de 2024","format":false,"excerpt":"El verano est\u00e1 aqu\u00ed y con \u00e9l llegan nuevos trends que son tan refrescantes como un smoothie. Prep\u00e1rate para un viaje a trav\u00e9s de los sabores y colores que dominar\u00e1n esta temporada. Aqu\u00ed te dejamos las claves para que disfrutes de un sweet summer, lleno de piezas effortless freshly. Este\u2026","rel":"","context":"En \u00abModa\u00bb","block_context":{"text":"Moda","link":"https:\/\/zeromagazine.mx\/index.php\/category\/moda\/"},"img":{"alt_text":"","src":"https:\/\/i0.wp.com\/zeromagazine.mx\/wp-content\/uploads\/2024\/06\/107_LOOK_1566-scaled.jpg?fit=801%2C1200&ssl=1&resize=350%2C200","width":350,"height":200,"srcset":"https:\/\/i0.wp.com\/zeromagazine.mx\/wp-content\/uploads\/2024\/06\/107_LOOK_1566-scaled.jpg?fit=801%2C1200&ssl=1&resize=350%2C200 1x, https:\/\/i0.wp.com\/zeromagazine.mx\/wp-content\/uploads\/2024\/06\/107_LOOK_1566-scaled.jpg?fit=801%2C1200&ssl=1&resize=525%2C300 1.5x, https:\/\/i0.wp.com\/zeromagazine.mx\/wp-content\/uploads\/2024\/06\/107_LOOK_1566-scaled.jpg?fit=801%2C1200&ssl=1&resize=700%2C400 2x"},"classes":[]},{"id":51102,"url":"https:\/\/zeromagazine.mx\/index.php\/2021\/07\/29\/el-verano-llego-a-taf\/","url_meta":{"origin":77515,"position":5},"title":"El verano lleg\u00f3 a TAF","author":"zeromagazinemx","date":"29 de julio de 2021","format":false,"excerpt":"Para este verano 2021, TAF lanza una serie de colecciones ideales para toda mujer lista para el verano. Por Moises Kushelevich TAF, la cadena m\u00e1s importante de sneakers de moda en M\u00e9xico y Latinoam\u00e9rica, revive el verano y brinda opciones para descubrir c\u00f3mo los sneakers y la moda consolidan los\u2026","rel":"","context":"En \u00abLifestyle\u00bb","block_context":{"text":"Lifestyle","link":"https:\/\/zeromagazine.mx\/index.php\/category\/lifestyle\/"},"img":{"alt_text":"","src":"","width":0,"height":0},"classes":[]}],"jetpack_sharing_enabled":true,"builder_content":"","_links":{"self":[{"href":"https:\/\/zeromagazine.mx\/index.php\/wp-json\/wp\/v2\/posts\/77515","targetHints":{"allow":["GET"]}}],"collection":[{"href":"https:\/\/zeromagazine.mx\/index.php\/wp-json\/wp\/v2\/posts"}],"about":[{"href":"https:\/\/zeromagazine.mx\/index.php\/wp-json\/wp\/v2\/types\/post"}],"author":[{"embeddable":true,"href":"https:\/\/zeromagazine.mx\/index.php\/wp-json\/wp\/v2\/users\/2"}],"replies":[{"embeddable":true,"href":"https:\/\/zeromagazine.mx\/index.php\/wp-json\/wp\/v2\/comments?post=77515"}],"version-history":[{"count":4,"href":"https:\/\/zeromagazine.mx\/index.php\/wp-json\/wp\/v2\/posts\/77515\/revisions"}],"predecessor-version":[{"id":77522,"href":"https:\/\/zeromagazine.mx\/index.php\/wp-json\/wp\/v2\/posts\/77515\/revisions\/77522"}],"wp:featuredmedia":[{"embeddable":true,"href":"https:\/\/zeromagazine.mx\/index.php\/wp-json\/wp\/v2\/media\/77518"}],"wp:attachment":[{"href":"https:\/\/zeromagazine.mx\/index.php\/wp-json\/wp\/v2\/media?parent=77515"}],"wp:term":[{"taxonomy":"category","embeddable":true,"href":"https:\/\/zeromagazine.mx\/index.php\/wp-json\/wp\/v2\/categories?post=77515"},{"taxonomy":"post_tag","embeddable":true,"href":"https:\/\/zeromagazine.mx\/index.php\/wp-json\/wp\/v2\/tags?post=77515"}],"curies":[{"name":"wp","href":"https:\/\/api.w.org\/{rel}","templated":true}]}}