{"id":77548,"date":"2024-06-11T02:15:39","date_gmt":"2024-06-11T00:15:39","guid":{"rendered":"https:\/\/zeromagazine.mx\/?p=77548"},"modified":"2024-06-11T02:15:41","modified_gmt":"2024-06-11T00:15:41","slug":"blue-lock-episodio-nagi-invadira-las-pantallas-de-cine-en-mexico-el-27-de-junio","status":"publish","type":"post","link":"https:\/\/zeromagazine.mx\/index.php\/2024\/06\/11\/blue-lock-episodio-nagi-invadira-las-pantallas-de-cine-en-mexico-el-27-de-junio\/","title":{"rendered":"\u00abBlue Lock: Episodio Nagi\u00bb \u00a1Invadir\u00e1 las Pantallas de Cine en M\u00e9xico el 27 de Junio"},"content":{"rendered":"<p class=\"wp-block-paragraph\">Hoy les traigo la primicia del momento: \u00a1BLUE LOCK LA PEL\u00cdCULA -EPISODIO NAGI-! \u00bfListes para sumergirnos en el mundo del f\u00fatbol con nuestro querido Nagi Seishiro?<\/p>\n\n\n\n<script async src=\"https:\/\/pagead2.googlesyndication.com\/pagead\/js\/adsbygoogle.js?client=ca-pub-5499304793904745\"\n     crossorigin=\"anonymous\"><\/script>\n<ins class=\"adsbygoogle\"\n     style=\"display:block; text-align:center;\"\n     data-ad-layout=\"in-article\"\n     data-ad-format=\"fluid\"\n     data-ad-client=\"ca-pub-5499304793904745\"\n     data-ad-slot=\"5994863093\"><\/ins>\n<script>\n     (adsbygoogle = window.adsbygoogle || []).push({});\n<\/script>\n\n\n\n<p class=\"wp-block-paragraph\"><\/p>\n\n\n\n<p class=\"wp-block-paragraph\">Desde que vi la serie de anime BLUE LOCK, qued\u00e9 enganchade con la trama que sigue los sue\u00f1os de estos 300 estudiantes de preparatoria. La presi\u00f3n, la competencia y esa lucha por destacar en un deporte tan apasionante como el f\u00fatbol, me tuvo al borde del asiento en cada episodio.<\/p>\n\n\n\n<p class=\"wp-block-paragraph\">Ahora, con esta pel\u00edcula que se enfoca en Nagi Seishiro, estoy m\u00e1s emocionade que nunca. \u00bfSe han preguntado qu\u00e9 hay detr\u00e1s de ese personaje tan misterioso y con tanto potencial? \u00a1Pues aqu\u00ed vamos a descubrirlo juntes!<\/p>\n\n\n<div class=\"wp-block-image\">\n<figure class=\"aligncenter size-full\"><img data-recalc-dims=\"1\" decoding=\"async\" width=\"839\" height=\"473\" src=\"https:\/\/i0.wp.com\/zeromagazine.mx\/wp-content\/uploads\/2024\/06\/unnamed-3-4.jpg?resize=839%2C473\" alt=\"\" class=\"wp-image-77549\" srcset=\"https:\/\/i0.wp.com\/zeromagazine.mx\/wp-content\/uploads\/2024\/06\/unnamed-3-4.jpg?w=839&amp;ssl=1 839w, https:\/\/i0.wp.com\/zeromagazine.mx\/wp-content\/uploads\/2024\/06\/unnamed-3-4.jpg?resize=300%2C169&amp;ssl=1 300w, https:\/\/i0.wp.com\/zeromagazine.mx\/wp-content\/uploads\/2024\/06\/unnamed-3-4.jpg?resize=768%2C433&amp;ssl=1 768w\" sizes=\"(max-width: 839px) 100vw, 839px\" \/><\/figure>\n<\/div>\n\n\n<p class=\"wp-block-paragraph\"><\/p>\n\n\n\n<p class=\"wp-block-paragraph\">En esta nueva entrega, Nagi Seishiro se encuentra con el Proyecto BLUE LOCK y con los mejores delanteros del pa\u00eds. \u00bfPodr\u00e1 superar este desaf\u00edo y alcanzar su sue\u00f1o de convertirse en el mejor? \u00a1Estoy ansiose por ver c\u00f3mo se desarrolla su historia y c\u00f3mo se enfrenta a este nuevo mundo!<\/p>\n\n\n\n<p class=\"wp-block-paragraph\">Con una sinopsis tan intrigante y emocionante, no puedo esperar para ver c\u00f3mo el talento y la personalidad de Nagi Seishiro revolucionan el mundo del f\u00fatbol. Adem\u00e1s, con un elenco de voces en japon\u00e9s tan talentoso, \u00a1seguro que la experiencia ser\u00e1 incre\u00edble!<\/p>\n\n\n\n<p class=\"wp-block-paragraph\">Y para quienes a\u00fan no han visto la serie, \u00a1no se preocupen! \u00a1Tienen tiempo para ponerse al d\u00eda antes del estreno de la pel\u00edcula! La primera temporada de BLUE LOCK est\u00e1 disponible en Crunchyroll, as\u00ed que \u00bfqu\u00e9 est\u00e1n esperando?<\/p>\n\n\n\n<p class=\"wp-block-paragraph\"><\/p>\n\n<!--themify_builder_content-->\n<div id=\"themify_builder_content-77548\" data-postid=\"77548\" class=\"themify_builder_content themify_builder_content-77548 themify_builder tf_clear\">\n    <\/div>\n<!--\/themify_builder_content-->","protected":false},"excerpt":{"rendered":"<p>Hoy les traigo la primicia del momento: \u00a1BLUE LOCK LA PEL\u00cdCULA -EPISODIO NAGI-! \u00bfListes para sumergirnos en el mundo del f\u00fatbol con nuestro querido Nagi Seishiro? Desde que vi la serie de anime BLUE LOCK, qued\u00e9 enganchade con la trama que sigue los sue\u00f1os de estos 300 estudiantes de preparatoria. La presi\u00f3n, la competencia y [&hellip;]<\/p>\n","protected":false},"author":4,"featured_media":77549,"comment_status":"open","ping_status":"open","sticky":false,"template":"","format":"standard","meta":{"_jetpack_newsletter_access":"","_jetpack_dont_email_post_to_subs":false,"_jetpack_newsletter_tier_id":0,"_jetpack_memberships_contains_paywalled_content":false,"_jetpack_feature_clip_id":0,"_jetpack_memberships_contains_paid_content":false,"footnotes":"","jetpack_publicize_message":"","jetpack_publicize_feature_enabled":true,"jetpack_social_post_already_shared":true,"jetpack_social_options":{"image_generator_settings":{"template":"highway","default_image_id":0,"font":"","enabled":false},"version":2},"jetpack_post_was_ever_published":false},"categories":[1,109],"tags":[8508,7674,8509],"class_list":["post-77548","post","type-post","status-publish","format-standard","has-post-thumbnail","hentry","category-blog","category-cine","tag-blue-lock","tag-crunchyroll","tag-nagi-seishiro","has-post-title","has-post-date","has-post-category","has-post-tag","has-post-comment","has-post-author",""],"yoast_head":"<!-- This site is optimized with the Yoast SEO plugin v28.4 - https:\/\/yoast.com\/product\/yoast-seo-wordpress\/ -->\n<title>&quot;Blue Lock: Episodio Nagi&quot; \u00a1Invadir\u00e1 las Pantallas de Cine en M\u00e9xico el 27 de Junio - Zero Magazine<\/title>\n<meta name=\"robots\" content=\"index, follow, max-snippet:-1, max-image-preview:large, max-video-preview:-1\" \/>\n<link rel=\"canonical\" href=\"https:\/\/zeromagazine.mx\/index.php\/2024\/06\/11\/blue-lock-episodio-nagi-invadira-las-pantallas-de-cine-en-mexico-el-27-de-junio\/\" \/>\n<meta property=\"og:locale\" content=\"es_ES\" \/>\n<meta property=\"og:type\" content=\"article\" \/>\n<meta property=\"og:title\" content=\"&quot;Blue Lock: Episodio Nagi&quot; \u00a1Invadir\u00e1 las Pantallas de Cine en M\u00e9xico el 27 de Junio - Zero Magazine\" \/>\n<meta property=\"og:description\" content=\"Hoy les traigo la primicia del momento: \u00a1BLUE LOCK LA PEL\u00cdCULA -EPISODIO NAGI-! \u00bfListes para sumergirnos en el mundo del f\u00fatbol con nuestro querido Nagi Seishiro? Desde que vi la serie de anime BLUE LOCK, qued\u00e9 enganchade con la trama que sigue los sue\u00f1os de estos 300 estudiantes de preparatoria. La presi\u00f3n, la competencia y [&hellip;]\" \/>\n<meta property=\"og:url\" content=\"https:\/\/zeromagazine.mx\/index.php\/2024\/06\/11\/blue-lock-episodio-nagi-invadira-las-pantallas-de-cine-en-mexico-el-27-de-junio\/\" \/>\n<meta property=\"og:site_name\" content=\"Zero Magazine\" \/>\n<meta property=\"article:published_time\" content=\"2024-06-11T00:15:39+00:00\" \/>\n<meta property=\"article:modified_time\" content=\"2024-06-11T00:15:41+00:00\" \/>\n<meta property=\"og:image\" content=\"https:\/\/i0.wp.com\/zeromagazine.mx\/wp-content\/uploads\/2024\/06\/unnamed-3-4.jpg?fit=839%2C473&ssl=1\" \/>\n\t<meta property=\"og:image:width\" content=\"839\" \/>\n\t<meta property=\"og:image:height\" content=\"473\" \/>\n\t<meta property=\"og:image:type\" content=\"image\/jpeg\" \/>\n<meta name=\"author\" content=\"David Morales\" \/>\n<meta name=\"twitter:card\" content=\"summary_large_image\" \/>\n<meta name=\"twitter:label1\" content=\"Escrito por\" \/>\n\t<meta name=\"twitter:data1\" content=\"David Morales\" \/>\n\t<meta name=\"twitter:label2\" content=\"Tiempo de lectura\" \/>\n\t<meta name=\"twitter:data2\" content=\"1 minuto\" \/>\n<script type=\"application\/ld+json\" class=\"yoast-schema-graph\">{\"@context\":\"https:\\\/\\\/schema.org\",\"@graph\":[{\"@type\":\"Article\",\"@id\":\"https:\\\/\\\/zeromagazine.mx\\\/index.php\\\/2024\\\/06\\\/11\\\/blue-lock-episodio-nagi-invadira-las-pantallas-de-cine-en-mexico-el-27-de-junio\\\/#article\",\"isPartOf\":{\"@id\":\"https:\\\/\\\/zeromagazine.mx\\\/index.php\\\/2024\\\/06\\\/11\\\/blue-lock-episodio-nagi-invadira-las-pantallas-de-cine-en-mexico-el-27-de-junio\\\/\"},\"author\":{\"name\":\"David Morales\",\"@id\":\"https:\\\/\\\/zeromagazine.mx\\\/#\\\/schema\\\/person\\\/9f7f1a17c60ba8e9980e3e6677aabe5a\"},\"headline\":\"\u00abBlue Lock: Episodio Nagi\u00bb \u00a1Invadir\u00e1 las Pantallas de Cine en M\u00e9xico el 27 de Junio\",\"datePublished\":\"2024-06-11T00:15:39+00:00\",\"dateModified\":\"2024-06-11T00:15:41+00:00\",\"mainEntityOfPage\":{\"@id\":\"https:\\\/\\\/zeromagazine.mx\\\/index.php\\\/2024\\\/06\\\/11\\\/blue-lock-episodio-nagi-invadira-las-pantallas-de-cine-en-mexico-el-27-de-junio\\\/\"},\"wordCount\":279,\"commentCount\":0,\"publisher\":{\"@id\":\"https:\\\/\\\/zeromagazine.mx\\\/#organization\"},\"image\":{\"@id\":\"https:\\\/\\\/zeromagazine.mx\\\/index.php\\\/2024\\\/06\\\/11\\\/blue-lock-episodio-nagi-invadira-las-pantallas-de-cine-en-mexico-el-27-de-junio\\\/#primaryimage\"},\"thumbnailUrl\":\"https:\\\/\\\/i0.wp.com\\\/zeromagazine.mx\\\/wp-content\\\/uploads\\\/2024\\\/06\\\/unnamed-3-4.jpg?fit=839%2C473&ssl=1\",\"keywords\":[\"Blue Lock\",\"Crunchyroll\",\"Nagi Seishiro\"],\"articleSection\":[\"Blog\",\"Cine\"],\"inLanguage\":\"es\",\"potentialAction\":[{\"@type\":\"CommentAction\",\"name\":\"Comment\",\"target\":[\"https:\\\/\\\/zeromagazine.mx\\\/index.php\\\/2024\\\/06\\\/11\\\/blue-lock-episodio-nagi-invadira-las-pantallas-de-cine-en-mexico-el-27-de-junio\\\/#respond\"]}]},{\"@type\":\"WebPage\",\"@id\":\"https:\\\/\\\/zeromagazine.mx\\\/index.php\\\/2024\\\/06\\\/11\\\/blue-lock-episodio-nagi-invadira-las-pantallas-de-cine-en-mexico-el-27-de-junio\\\/\",\"url\":\"https:\\\/\\\/zeromagazine.mx\\\/index.php\\\/2024\\\/06\\\/11\\\/blue-lock-episodio-nagi-invadira-las-pantallas-de-cine-en-mexico-el-27-de-junio\\\/\",\"name\":\"\\\"Blue Lock: Episodio Nagi\\\" \u00a1Invadir\u00e1 las Pantallas de Cine en M\u00e9xico el 27 de Junio - Zero Magazine\",\"isPartOf\":{\"@id\":\"https:\\\/\\\/zeromagazine.mx\\\/#website\"},\"primaryImageOfPage\":{\"@id\":\"https:\\\/\\\/zeromagazine.mx\\\/index.php\\\/2024\\\/06\\\/11\\\/blue-lock-episodio-nagi-invadira-las-pantallas-de-cine-en-mexico-el-27-de-junio\\\/#primaryimage\"},\"image\":{\"@id\":\"https:\\\/\\\/zeromagazine.mx\\\/index.php\\\/2024\\\/06\\\/11\\\/blue-lock-episodio-nagi-invadira-las-pantallas-de-cine-en-mexico-el-27-de-junio\\\/#primaryimage\"},\"thumbnailUrl\":\"https:\\\/\\\/i0.wp.com\\\/zeromagazine.mx\\\/wp-content\\\/uploads\\\/2024\\\/06\\\/unnamed-3-4.jpg?fit=839%2C473&ssl=1\",\"datePublished\":\"2024-06-11T00:15:39+00:00\",\"dateModified\":\"2024-06-11T00:15:41+00:00\",\"breadcrumb\":{\"@id\":\"https:\\\/\\\/zeromagazine.mx\\\/index.php\\\/2024\\\/06\\\/11\\\/blue-lock-episodio-nagi-invadira-las-pantallas-de-cine-en-mexico-el-27-de-junio\\\/#breadcrumb\"},\"inLanguage\":\"es\",\"potentialAction\":[{\"@type\":\"ReadAction\",\"target\":[\"https:\\\/\\\/zeromagazine.mx\\\/index.php\\\/2024\\\/06\\\/11\\\/blue-lock-episodio-nagi-invadira-las-pantallas-de-cine-en-mexico-el-27-de-junio\\\/\"]}]},{\"@type\":\"ImageObject\",\"inLanguage\":\"es\",\"@id\":\"https:\\\/\\\/zeromagazine.mx\\\/index.php\\\/2024\\\/06\\\/11\\\/blue-lock-episodio-nagi-invadira-las-pantallas-de-cine-en-mexico-el-27-de-junio\\\/#primaryimage\",\"url\":\"https:\\\/\\\/i0.wp.com\\\/zeromagazine.mx\\\/wp-content\\\/uploads\\\/2024\\\/06\\\/unnamed-3-4.jpg?fit=839%2C473&ssl=1\",\"contentUrl\":\"https:\\\/\\\/i0.wp.com\\\/zeromagazine.mx\\\/wp-content\\\/uploads\\\/2024\\\/06\\\/unnamed-3-4.jpg?fit=839%2C473&ssl=1\",\"width\":839,\"height\":473},{\"@type\":\"BreadcrumbList\",\"@id\":\"https:\\\/\\\/zeromagazine.mx\\\/index.php\\\/2024\\\/06\\\/11\\\/blue-lock-episodio-nagi-invadira-las-pantallas-de-cine-en-mexico-el-27-de-junio\\\/#breadcrumb\",\"itemListElement\":[{\"@type\":\"ListItem\",\"position\":1,\"name\":\"Portada\",\"item\":\"https:\\\/\\\/zeromagazine.mx\\\/\"},{\"@type\":\"ListItem\",\"position\":2,\"name\":\"\u00abBlue Lock: Episodio Nagi\u00bb \u00a1Invadir\u00e1 las Pantallas de Cine en M\u00e9xico el 27 de Junio\"}]},{\"@type\":\"WebSite\",\"@id\":\"https:\\\/\\\/zeromagazine.mx\\\/#website\",\"url\":\"https:\\\/\\\/zeromagazine.mx\\\/\",\"name\":\"Zero Magazine\",\"description\":\"\",\"publisher\":{\"@id\":\"https:\\\/\\\/zeromagazine.mx\\\/#organization\"},\"potentialAction\":[{\"@type\":\"SearchAction\",\"target\":{\"@type\":\"EntryPoint\",\"urlTemplate\":\"https:\\\/\\\/zeromagazine.mx\\\/?s={search_term_string}\"},\"query-input\":{\"@type\":\"PropertyValueSpecification\",\"valueRequired\":true,\"valueName\":\"search_term_string\"}}],\"inLanguage\":\"es\"},{\"@type\":\"Organization\",\"@id\":\"https:\\\/\\\/zeromagazine.mx\\\/#organization\",\"name\":\"Zero Magazine\",\"url\":\"https:\\\/\\\/zeromagazine.mx\\\/\",\"logo\":{\"@type\":\"ImageObject\",\"inLanguage\":\"es\",\"@id\":\"https:\\\/\\\/zeromagazine.mx\\\/#\\\/schema\\\/logo\\\/image\\\/\",\"url\":\"https:\\\/\\\/i0.wp.com\\\/zeromagazine.mx\\\/wp-content\\\/uploads\\\/2025\\\/11\\\/1.jpeg?fit=1000%2C1000&ssl=1\",\"contentUrl\":\"https:\\\/\\\/i0.wp.com\\\/zeromagazine.mx\\\/wp-content\\\/uploads\\\/2025\\\/11\\\/1.jpeg?fit=1000%2C1000&ssl=1\",\"width\":1000,\"height\":1000,\"caption\":\"Zero Magazine\"},\"image\":{\"@id\":\"https:\\\/\\\/zeromagazine.mx\\\/#\\\/schema\\\/logo\\\/image\\\/\"},\"sameAs\":[\"https:\\\/\\\/instagram.com\\\/zeromagazinemx\"]},{\"@type\":\"Person\",\"@id\":\"https:\\\/\\\/zeromagazine.mx\\\/#\\\/schema\\\/person\\\/9f7f1a17c60ba8e9980e3e6677aabe5a\",\"name\":\"David Morales\",\"image\":{\"@type\":\"ImageObject\",\"inLanguage\":\"es\",\"@id\":\"https:\\\/\\\/zeromagazine.mx\\\/wp-content\\\/litespeed\\\/avatar\\\/76069d2136bfc1c37dc34815bb67ca42.jpg?ver=1788459147\",\"url\":\"https:\\\/\\\/zeromagazine.mx\\\/wp-content\\\/litespeed\\\/avatar\\\/76069d2136bfc1c37dc34815bb67ca42.jpg?ver=1788459147\",\"contentUrl\":\"https:\\\/\\\/zeromagazine.mx\\\/wp-content\\\/litespeed\\\/avatar\\\/76069d2136bfc1c37dc34815bb67ca42.jpg?ver=1788459147\",\"caption\":\"David Morales\"},\"url\":\"https:\\\/\\\/zeromagazine.mx\\\/index.php\\\/author\\\/david\\\/\"}]}<\/script>\n<!-- \/ Yoast SEO plugin. -->","yoast_head_json":{"title":"\"Blue Lock: Episodio Nagi\" \u00a1Invadir\u00e1 las Pantallas de Cine en M\u00e9xico el 27 de Junio - Zero Magazine","robots":{"index":"index","follow":"follow","max-snippet":"max-snippet:-1","max-image-preview":"max-image-preview:large","max-video-preview":"max-video-preview:-1"},"canonical":"https:\/\/zeromagazine.mx\/index.php\/2024\/06\/11\/blue-lock-episodio-nagi-invadira-las-pantallas-de-cine-en-mexico-el-27-de-junio\/","og_locale":"es_ES","og_type":"article","og_title":"\"Blue Lock: Episodio Nagi\" \u00a1Invadir\u00e1 las Pantallas de Cine en M\u00e9xico el 27 de Junio - Zero Magazine","og_description":"Hoy les traigo la primicia del momento: \u00a1BLUE LOCK LA PEL\u00cdCULA -EPISODIO NAGI-! \u00bfListes para sumergirnos en el mundo del f\u00fatbol con nuestro querido Nagi Seishiro? Desde que vi la serie de anime BLUE LOCK, qued\u00e9 enganchade con la trama que sigue los sue\u00f1os de estos 300 estudiantes de preparatoria. La presi\u00f3n, la competencia y [&hellip;]","og_url":"https:\/\/zeromagazine.mx\/index.php\/2024\/06\/11\/blue-lock-episodio-nagi-invadira-las-pantallas-de-cine-en-mexico-el-27-de-junio\/","og_site_name":"Zero Magazine","article_published_time":"2024-06-11T00:15:39+00:00","article_modified_time":"2024-06-11T00:15:41+00:00","og_image":[{"width":839,"height":473,"url":"https:\/\/i0.wp.com\/zeromagazine.mx\/wp-content\/uploads\/2024\/06\/unnamed-3-4.jpg?fit=839%2C473&ssl=1","type":"image\/jpeg"}],"author":"David Morales","twitter_card":"summary_large_image","twitter_misc":{"Escrito por":"David Morales","Tiempo de lectura":"1 minuto"},"schema":{"@context":"https:\/\/schema.org","@graph":[{"@type":"Article","@id":"https:\/\/zeromagazine.mx\/index.php\/2024\/06\/11\/blue-lock-episodio-nagi-invadira-las-pantallas-de-cine-en-mexico-el-27-de-junio\/#article","isPartOf":{"@id":"https:\/\/zeromagazine.mx\/index.php\/2024\/06\/11\/blue-lock-episodio-nagi-invadira-las-pantallas-de-cine-en-mexico-el-27-de-junio\/"},"author":{"name":"David Morales","@id":"https:\/\/zeromagazine.mx\/#\/schema\/person\/9f7f1a17c60ba8e9980e3e6677aabe5a"},"headline":"\u00abBlue Lock: Episodio Nagi\u00bb \u00a1Invadir\u00e1 las Pantallas de Cine en M\u00e9xico el 27 de Junio","datePublished":"2024-06-11T00:15:39+00:00","dateModified":"2024-06-11T00:15:41+00:00","mainEntityOfPage":{"@id":"https:\/\/zeromagazine.mx\/index.php\/2024\/06\/11\/blue-lock-episodio-nagi-invadira-las-pantallas-de-cine-en-mexico-el-27-de-junio\/"},"wordCount":279,"commentCount":0,"publisher":{"@id":"https:\/\/zeromagazine.mx\/#organization"},"image":{"@id":"https:\/\/zeromagazine.mx\/index.php\/2024\/06\/11\/blue-lock-episodio-nagi-invadira-las-pantallas-de-cine-en-mexico-el-27-de-junio\/#primaryimage"},"thumbnailUrl":"https:\/\/i0.wp.com\/zeromagazine.mx\/wp-content\/uploads\/2024\/06\/unnamed-3-4.jpg?fit=839%2C473&ssl=1","keywords":["Blue Lock","Crunchyroll","Nagi Seishiro"],"articleSection":["Blog","Cine"],"inLanguage":"es","potentialAction":[{"@type":"CommentAction","name":"Comment","target":["https:\/\/zeromagazine.mx\/index.php\/2024\/06\/11\/blue-lock-episodio-nagi-invadira-las-pantallas-de-cine-en-mexico-el-27-de-junio\/#respond"]}]},{"@type":"WebPage","@id":"https:\/\/zeromagazine.mx\/index.php\/2024\/06\/11\/blue-lock-episodio-nagi-invadira-las-pantallas-de-cine-en-mexico-el-27-de-junio\/","url":"https:\/\/zeromagazine.mx\/index.php\/2024\/06\/11\/blue-lock-episodio-nagi-invadira-las-pantallas-de-cine-en-mexico-el-27-de-junio\/","name":"\"Blue Lock: Episodio Nagi\" \u00a1Invadir\u00e1 las Pantallas de Cine en M\u00e9xico el 27 de Junio - Zero Magazine","isPartOf":{"@id":"https:\/\/zeromagazine.mx\/#website"},"primaryImageOfPage":{"@id":"https:\/\/zeromagazine.mx\/index.php\/2024\/06\/11\/blue-lock-episodio-nagi-invadira-las-pantallas-de-cine-en-mexico-el-27-de-junio\/#primaryimage"},"image":{"@id":"https:\/\/zeromagazine.mx\/index.php\/2024\/06\/11\/blue-lock-episodio-nagi-invadira-las-pantallas-de-cine-en-mexico-el-27-de-junio\/#primaryimage"},"thumbnailUrl":"https:\/\/i0.wp.com\/zeromagazine.mx\/wp-content\/uploads\/2024\/06\/unnamed-3-4.jpg?fit=839%2C473&ssl=1","datePublished":"2024-06-11T00:15:39+00:00","dateModified":"2024-06-11T00:15:41+00:00","breadcrumb":{"@id":"https:\/\/zeromagazine.mx\/index.php\/2024\/06\/11\/blue-lock-episodio-nagi-invadira-las-pantallas-de-cine-en-mexico-el-27-de-junio\/#breadcrumb"},"inLanguage":"es","potentialAction":[{"@type":"ReadAction","target":["https:\/\/zeromagazine.mx\/index.php\/2024\/06\/11\/blue-lock-episodio-nagi-invadira-las-pantallas-de-cine-en-mexico-el-27-de-junio\/"]}]},{"@type":"ImageObject","inLanguage":"es","@id":"https:\/\/zeromagazine.mx\/index.php\/2024\/06\/11\/blue-lock-episodio-nagi-invadira-las-pantallas-de-cine-en-mexico-el-27-de-junio\/#primaryimage","url":"https:\/\/i0.wp.com\/zeromagazine.mx\/wp-content\/uploads\/2024\/06\/unnamed-3-4.jpg?fit=839%2C473&ssl=1","contentUrl":"https:\/\/i0.wp.com\/zeromagazine.mx\/wp-content\/uploads\/2024\/06\/unnamed-3-4.jpg?fit=839%2C473&ssl=1","width":839,"height":473},{"@type":"BreadcrumbList","@id":"https:\/\/zeromagazine.mx\/index.php\/2024\/06\/11\/blue-lock-episodio-nagi-invadira-las-pantallas-de-cine-en-mexico-el-27-de-junio\/#breadcrumb","itemListElement":[{"@type":"ListItem","position":1,"name":"Portada","item":"https:\/\/zeromagazine.mx\/"},{"@type":"ListItem","position":2,"name":"\u00abBlue Lock: Episodio Nagi\u00bb \u00a1Invadir\u00e1 las Pantallas de Cine en M\u00e9xico el 27 de Junio"}]},{"@type":"WebSite","@id":"https:\/\/zeromagazine.mx\/#website","url":"https:\/\/zeromagazine.mx\/","name":"Zero Magazine","description":"","publisher":{"@id":"https:\/\/zeromagazine.mx\/#organization"},"potentialAction":[{"@type":"SearchAction","target":{"@type":"EntryPoint","urlTemplate":"https:\/\/zeromagazine.mx\/?s={search_term_string}"},"query-input":{"@type":"PropertyValueSpecification","valueRequired":true,"valueName":"search_term_string"}}],"inLanguage":"es"},{"@type":"Organization","@id":"https:\/\/zeromagazine.mx\/#organization","name":"Zero Magazine","url":"https:\/\/zeromagazine.mx\/","logo":{"@type":"ImageObject","inLanguage":"es","@id":"https:\/\/zeromagazine.mx\/#\/schema\/logo\/image\/","url":"https:\/\/i0.wp.com\/zeromagazine.mx\/wp-content\/uploads\/2025\/11\/1.jpeg?fit=1000%2C1000&ssl=1","contentUrl":"https:\/\/i0.wp.com\/zeromagazine.mx\/wp-content\/uploads\/2025\/11\/1.jpeg?fit=1000%2C1000&ssl=1","width":1000,"height":1000,"caption":"Zero Magazine"},"image":{"@id":"https:\/\/zeromagazine.mx\/#\/schema\/logo\/image\/"},"sameAs":["https:\/\/instagram.com\/zeromagazinemx"]},{"@type":"Person","@id":"https:\/\/zeromagazine.mx\/#\/schema\/person\/9f7f1a17c60ba8e9980e3e6677aabe5a","name":"David Morales","image":{"@type":"ImageObject","inLanguage":"es","@id":"https:\/\/zeromagazine.mx\/wp-content\/litespeed\/avatar\/76069d2136bfc1c37dc34815bb67ca42.jpg?ver=1788459147","url":"https:\/\/zeromagazine.mx\/wp-content\/litespeed\/avatar\/76069d2136bfc1c37dc34815bb67ca42.jpg?ver=1788459147","contentUrl":"https:\/\/zeromagazine.mx\/wp-content\/litespeed\/avatar\/76069d2136bfc1c37dc34815bb67ca42.jpg?ver=1788459147","caption":"David Morales"},"url":"https:\/\/zeromagazine.mx\/index.php\/author\/david\/"}]}},"jetpack_publicize_connections":[],"jetpack-related-posts":[{"id":113529,"url":"https:\/\/zeromagazine.mx\/index.php\/2026\/01\/16\/blue-monday-migrana-salud-mental-mexico\/","url_meta":{"origin":77548,"position":0},"title":"Blue Monday: la migra\u00f1a afecta a m\u00e1s de 20 millones de personas en M\u00e9xico y triplica el riesgo de depresi\u00f3n","author":"David Morales","date":"16 de enero de 2026","format":false,"excerpt":"Cada enero, el\u00a0Blue Monday\u00a0aparece como el supuesto \u201cd\u00eda m\u00e1s triste del a\u00f1o\u201d. Entre memes, frases motivacionales y mucho cansancio colectivo, el tema se vuelve tendencia. Pero para millones de personas en M\u00e9xico, ese baj\u00f3n emocional no es cosa de un solo d\u00eda ni de marketing: es parte de una condici\u00f3n\u2026","rel":"","context":"En \u00abBienestar\u00bb","block_context":{"text":"Bienestar","link":"https:\/\/zeromagazine.mx\/index.php\/category\/lifestyle\/bienestar\/"},"img":{"alt_text":"","src":"https:\/\/i0.wp.com\/zeromagazine.mx\/wp-content\/uploads\/2026\/01\/IMG_0971.jpeg?fit=1200%2C800&ssl=1&resize=350%2C200","width":350,"height":200,"srcset":"https:\/\/i0.wp.com\/zeromagazine.mx\/wp-content\/uploads\/2026\/01\/IMG_0971.jpeg?fit=1200%2C800&ssl=1&resize=350%2C200 1x, https:\/\/i0.wp.com\/zeromagazine.mx\/wp-content\/uploads\/2026\/01\/IMG_0971.jpeg?fit=1200%2C800&ssl=1&resize=525%2C300 1.5x, https:\/\/i0.wp.com\/zeromagazine.mx\/wp-content\/uploads\/2026\/01\/IMG_0971.jpeg?fit=1200%2C800&ssl=1&resize=700%2C400 2x, https:\/\/i0.wp.com\/zeromagazine.mx\/wp-content\/uploads\/2026\/01\/IMG_0971.jpeg?fit=1200%2C800&ssl=1&resize=1050%2C600 3x"},"classes":[]},{"id":103801,"url":"https:\/\/zeromagazine.mx\/index.php\/2025\/05\/06\/mubi-podcast-encuentros-regresa-al-aire\/","url_meta":{"origin":77548,"position":1},"title":"MUBI Podcast Encuentros Regresa Al Aire","author":"David Morales","date":"6 de mayo de 2025","format":false,"excerpt":"Ey amix, si t\u00fa tambi\u00e9n eres de lxs que ama hablar de pelis, analizar cada toma y llorar con los cr\u00e9ditos finales, prep\u00e1rate porque esto es para ti. MUBI Podcast: Encuentros regresa en coproducci\u00f3n con La Corriente del Golfo Podcast con una nueva temporada que celebra el cine con voz\u2026","rel":"","context":"En \u00abEntretenimiento\u00bb","block_context":{"text":"Entretenimiento","link":"https:\/\/zeromagazine.mx\/index.php\/category\/entretenimiento-cine-tv-teatro\/"},"img":{"alt_text":"","src":"https:\/\/i0.wp.com\/zeromagazine.mx\/wp-content\/uploads\/2025\/05\/MUBI_PODCAST_ENCUENTROS_S8_EP1_LOGO.jpg?fit=1200%2C675&ssl=1&resize=350%2C200","width":350,"height":200,"srcset":"https:\/\/i0.wp.com\/zeromagazine.mx\/wp-content\/uploads\/2025\/05\/MUBI_PODCAST_ENCUENTROS_S8_EP1_LOGO.jpg?fit=1200%2C675&ssl=1&resize=350%2C200 1x, https:\/\/i0.wp.com\/zeromagazine.mx\/wp-content\/uploads\/2025\/05\/MUBI_PODCAST_ENCUENTROS_S8_EP1_LOGO.jpg?fit=1200%2C675&ssl=1&resize=525%2C300 1.5x, https:\/\/i0.wp.com\/zeromagazine.mx\/wp-content\/uploads\/2025\/05\/MUBI_PODCAST_ENCUENTROS_S8_EP1_LOGO.jpg?fit=1200%2C675&ssl=1&resize=700%2C400 2x, https:\/\/i0.wp.com\/zeromagazine.mx\/wp-content\/uploads\/2025\/05\/MUBI_PODCAST_ENCUENTROS_S8_EP1_LOGO.jpg?fit=1200%2C675&ssl=1&resize=1050%2C600 3x"},"classes":[]},{"id":121836,"url":"https:\/\/zeromagazine.mx\/index.php\/2026\/06\/03\/mubi-podcast-encuentros-temporada-10\/","url_meta":{"origin":77548,"position":2},"title":"\u00a1YA DISPONIBLES TODOS LOS EPISODIOS DE\u00a0 \u2018MUBI PODCAST: ENCUENTROS\u2019 TEMPORADA 10!\u00a0","author":"David Morales","date":"3 de junio de 2026","format":false,"excerpt":"Hay algo profundamente atractivo en escuchar a dos personas hablar de cine cuando la conversaci\u00f3n va m\u00e1s all\u00e1 de los estrenos, los premios o la taquilla. Cuando se convierte en una exploraci\u00f3n sobre las obsesiones creativas, los recuerdos que construyen una mirada art\u00edstica y las pel\u00edculas que terminan cambiando la\u2026","rel":"","context":"En \u00abEntretenimiento\u00bb","block_context":{"text":"Entretenimiento","link":"https:\/\/zeromagazine.mx\/index.php\/category\/entretenimiento-cine-tv-teatro\/"},"img":{"alt_text":"","src":"https:\/\/i0.wp.com\/zeromagazine.mx\/wp-content\/uploads\/2026\/06\/854775385-mubi_podcast_encuentros_s10_static-assets_social-card_1920x1080.jpeg?fit=1200%2C675&ssl=1&resize=350%2C200","width":350,"height":200,"srcset":"https:\/\/i0.wp.com\/zeromagazine.mx\/wp-content\/uploads\/2026\/06\/854775385-mubi_podcast_encuentros_s10_static-assets_social-card_1920x1080.jpeg?fit=1200%2C675&ssl=1&resize=350%2C200 1x, https:\/\/i0.wp.com\/zeromagazine.mx\/wp-content\/uploads\/2026\/06\/854775385-mubi_podcast_encuentros_s10_static-assets_social-card_1920x1080.jpeg?fit=1200%2C675&ssl=1&resize=525%2C300 1.5x, https:\/\/i0.wp.com\/zeromagazine.mx\/wp-content\/uploads\/2026\/06\/854775385-mubi_podcast_encuentros_s10_static-assets_social-card_1920x1080.jpeg?fit=1200%2C675&ssl=1&resize=700%2C400 2x, https:\/\/i0.wp.com\/zeromagazine.mx\/wp-content\/uploads\/2026\/06\/854775385-mubi_podcast_encuentros_s10_static-assets_social-card_1920x1080.jpeg?fit=1200%2C675&ssl=1&resize=1050%2C600 3x"},"classes":[]},{"id":116260,"url":"https:\/\/zeromagazine.mx\/index.php\/2026\/03\/03\/universo-animado-de-satoshi-kon-cinepolis\/","url_meta":{"origin":77548,"position":3},"title":"Satoshi Kon llega a Cin\u00e9polis","author":"zeromagazinemx","date":"3 de marzo de 2026","format":false,"excerpt":"Prep\u00e1rate para cuestionar todo lo que cre\u00edas real. El Universo Animado de Satoshi Kon aterriza en pantalla grande gracias a Cin\u00e9polis +QUE CINE, y s\u00ed, es el tipo de ciclo que no solo ves\u2026 lo procesas durante d\u00edas. A partir del 5 de marzo, podr\u00e1s sumergirte en tres obras esenciales\u2026","rel":"","context":"En \u00abBlog\u00bb","block_context":{"text":"Blog","link":"https:\/\/zeromagazine.mx\/index.php\/category\/blog\/"},"img":{"alt_text":"","src":"https:\/\/i0.wp.com\/zeromagazine.mx\/wp-content\/uploads\/2026\/03\/image-3.png?fit=224%2C320&ssl=1&resize=350%2C200","width":350,"height":200},"classes":[]},{"id":122451,"url":"https:\/\/zeromagazine.mx\/index.php\/2026\/06\/08\/peliculas-lgbtqia-filmelier-plus-junio-2026\/","url_meta":{"origin":77548,"position":4},"title":"Celebra el Mes del Orgullo LGBTQIA+ con los estrenos exclusivos de las pel\u00edculas Corazones j\u00f3venes y Blue Jean","author":"David Morales","date":"8 de junio de 2026","format":false,"excerpt":"Hay pel\u00edculas que entretienen y otras que te acompa\u00f1an durante d\u00edas despu\u00e9s de verlas. Historias que encuentran la forma de hablar sobre amor, identidad, libertad y pertenencia desde lugares profundamente humanos. Durante el Mes del Orgullo LGBTQIA+, el cine vuelve a convertirse en una poderosa herramienta para contar experiencias diversas,\u2026","rel":"","context":"En \u00abCine\u00bb","block_context":{"text":"Cine","link":"https:\/\/zeromagazine.mx\/index.php\/category\/entretenimiento-cine-tv-teatro\/cine\/"},"img":{"alt_text":"","src":"https:\/\/i0.wp.com\/zeromagazine.mx\/wp-content\/uploads\/2026\/06\/Corazones-jovenes-scaled.png?fit=1200%2C675&ssl=1&resize=350%2C200","width":350,"height":200,"srcset":"https:\/\/i0.wp.com\/zeromagazine.mx\/wp-content\/uploads\/2026\/06\/Corazones-jovenes-scaled.png?fit=1200%2C675&ssl=1&resize=350%2C200 1x, https:\/\/i0.wp.com\/zeromagazine.mx\/wp-content\/uploads\/2026\/06\/Corazones-jovenes-scaled.png?fit=1200%2C675&ssl=1&resize=525%2C300 1.5x, https:\/\/i0.wp.com\/zeromagazine.mx\/wp-content\/uploads\/2026\/06\/Corazones-jovenes-scaled.png?fit=1200%2C675&ssl=1&resize=700%2C400 2x, https:\/\/i0.wp.com\/zeromagazine.mx\/wp-content\/uploads\/2026\/06\/Corazones-jovenes-scaled.png?fit=1200%2C675&ssl=1&resize=1050%2C600 3x"},"classes":[]},{"id":73899,"url":"https:\/\/zeromagazine.mx\/index.php\/2024\/04\/13\/40-anos-de-transformers-con-cinepolis\/","url_meta":{"origin":77548,"position":5},"title":"40 a\u00f1os de Transformers con Cin\u00e9polis","author":"zeromagazinemx","date":"13 de abril de 2024","format":false,"excerpt":"Seguro est\u00e1s buscando algo emocionante que hacer, \u00bfno? Pues te cuento que llega un evento que nos va a llevar en un viaje nost\u00e1lgico lleno de acci\u00f3n y diversi\u00f3n. \u00bfDe qu\u00e9 hablo? Nada m\u00e1s y nada menos que del \"Till all are one: Transformers 40th Anniversary Event\", \u00a1s\u00ed, como lo\u2026","rel":"","context":"En \u00abCine\u00bb","block_context":{"text":"Cine","link":"https:\/\/zeromagazine.mx\/index.php\/category\/entretenimiento-cine-tv-teatro\/cine\/"},"img":{"alt_text":"","src":"https:\/\/i0.wp.com\/zeromagazine.mx\/wp-content\/uploads\/2024\/04\/image001-1-1.jpg?resize=350%2C200&ssl=1","width":350,"height":200,"srcset":"https:\/\/i0.wp.com\/zeromagazine.mx\/wp-content\/uploads\/2024\/04\/image001-1-1.jpg?resize=350%2C200&ssl=1 1x, https:\/\/i0.wp.com\/zeromagazine.mx\/wp-content\/uploads\/2024\/04\/image001-1-1.jpg?resize=525%2C300&ssl=1 1.5x"},"classes":[]}],"jetpack_sharing_enabled":true,"builder_content":"","jetpack_featured_media_url":"https:\/\/i0.wp.com\/zeromagazine.mx\/wp-content\/uploads\/2024\/06\/unnamed-3-4.jpg?fit=839%2C473&ssl=1","_links":{"self":[{"href":"https:\/\/zeromagazine.mx\/index.php\/wp-json\/wp\/v2\/posts\/77548","targetHints":{"allow":["GET"]}}],"collection":[{"href":"https:\/\/zeromagazine.mx\/index.php\/wp-json\/wp\/v2\/posts"}],"about":[{"href":"https:\/\/zeromagazine.mx\/index.php\/wp-json\/wp\/v2\/types\/post"}],"author":[{"embeddable":true,"href":"https:\/\/zeromagazine.mx\/index.php\/wp-json\/wp\/v2\/users\/4"}],"replies":[{"embeddable":true,"href":"https:\/\/zeromagazine.mx\/index.php\/wp-json\/wp\/v2\/comments?post=77548"}],"version-history":[{"count":2,"href":"https:\/\/zeromagazine.mx\/index.php\/wp-json\/wp\/v2\/posts\/77548\/revisions"}],"predecessor-version":[{"id":77551,"href":"https:\/\/zeromagazine.mx\/index.php\/wp-json\/wp\/v2\/posts\/77548\/revisions\/77551"}],"wp:featuredmedia":[{"embeddable":true,"href":"https:\/\/zeromagazine.mx\/index.php\/wp-json\/wp\/v2\/media\/77549"}],"wp:attachment":[{"href":"https:\/\/zeromagazine.mx\/index.php\/wp-json\/wp\/v2\/media?parent=77548"}],"wp:term":[{"taxonomy":"category","embeddable":true,"href":"https:\/\/zeromagazine.mx\/index.php\/wp-json\/wp\/v2\/categories?post=77548"},{"taxonomy":"post_tag","embeddable":true,"href":"https:\/\/zeromagazine.mx\/index.php\/wp-json\/wp\/v2\/tags?post=77548"}],"curies":[{"name":"wp","href":"https:\/\/api.w.org\/{rel}","templated":true}]}}