{"id":77715,"date":"2024-06-11T23:38:45","date_gmt":"2024-06-11T21:38:45","guid":{"rendered":"https:\/\/zeromagazine.mx\/?p=77715"},"modified":"2024-06-11T23:38:47","modified_gmt":"2024-06-11T21:38:47","slug":"lucha-verde-en-el-corazon-de-la-ciudad-un-domingo-por-el-clima-en-paseo-de-la-reforma","status":"publish","type":"post","link":"https:\/\/zeromagazine.mx\/index.php\/2024\/06\/11\/lucha-verde-en-el-corazon-de-la-ciudad-un-domingo-por-el-clima-en-paseo-de-la-reforma\/","title":{"rendered":"Lucha Verde en el Coraz\u00f3n de la Ciudad: \u00a1Un Domingo por el Clima en Paseo de la Reforma!"},"content":{"rendered":"<p>Hoy quiero platicarles sobre un evento que est\u00e1 a punto de llegar y que est\u00e1 \u00a1s\u00faper emocionante! La Embajada de Suiza en M\u00e9xico y la Secretar\u00eda de Turismo de la CDMX se est\u00e1n uniendo para hacerle frente al cambio clim\u00e1tico de una manera \u00e9pica: \u00a1con lucha libre! As\u00ed es, est\u00e1s leyendo bien, \u00a1lucha libre!<\/p>\n\n\n\n<script async src=\"https:\/\/pagead2.googlesyndication.com\/pagead\/js\/adsbygoogle.js?client=ca-pub-5499304793904745\"\n     crossorigin=\"anonymous\"><\/script>\n<ins class=\"adsbygoogle\"\n     style=\"display:block; text-align:center;\"\n     data-ad-layout=\"in-article\"\n     data-ad-format=\"fluid\"\n     data-ad-client=\"ca-pub-5499304793904745\"\n     data-ad-slot=\"5994863093\"><\/ins>\n<script>\n     (adsbygoogle = window.adsbygoogle || []).push({});\n<\/script>\n\n\n\n<p>Ahora, hablemos m\u00e1s de c\u00f3mo va a estar este rollo. Primero que nada, el evento se llama \u00abLucha por el clima\u00bb, y va a ser un verdadero espect\u00e1culo. La Embajada de Suiza, la Secretar\u00eda de Turismo de la CDMX y el Consejo Mundial de Lucha Libre se han juntado para organizar algo que nos va a dejar boquiabiertos. Imaginen, el Paseo de la Reforma y la Utop\u00eda Meyehualco en Iztapalapa se van a convertir en el escenario de una batalla \u00e9pica donde la lucha libre no s\u00f3lo ser\u00e1 por el campeonato, sino \u00a1por el planeta entero!<\/p>\n\n\n<div class=\"wp-block-image\">\n<figure class=\"aligncenter size-large\"><img data-recalc-dims=\"1\" decoding=\"async\" width=\"819\" height=\"1024\" src=\"https:\/\/i0.wp.com\/zeromagazine.mx\/wp-content\/uploads\/2024\/06\/unnamed-4-1-819x1024.png?resize=819%2C1024&#038;ssl=1\" alt=\"\" class=\"wp-image-77716\" srcset=\"https:\/\/i0.wp.com\/zeromagazine.mx\/wp-content\/uploads\/2024\/06\/unnamed-4-1.png?resize=819%2C1024&amp;ssl=1 819w, https:\/\/i0.wp.com\/zeromagazine.mx\/wp-content\/uploads\/2024\/06\/unnamed-4-1.png?resize=240%2C300&amp;ssl=1 240w, https:\/\/i0.wp.com\/zeromagazine.mx\/wp-content\/uploads\/2024\/06\/unnamed-4-1.png?resize=768%2C960&amp;ssl=1 768w, https:\/\/i0.wp.com\/zeromagazine.mx\/wp-content\/uploads\/2024\/06\/unnamed-4-1.png?w=1080&amp;ssl=1 1080w\" sizes=\"(max-width: 819px) 100vw, 819px\" \/><\/figure>\n<\/div>\n\n\n<p><\/p>\n\n\n\n<p>Pero espera, que hay m\u00e1s. Adem\u00e1s de las peleas, va a haber m\u00fasica a cargo del DR ZUPREEME y un toque de comedia con los \u00abRoomies de la Comedia\u00bb. \u00a1Seguro que no vamos a parar de re\u00edr y disfrutar!<\/p>\n\n\n<div class=\"wp-block-image\">\n<figure class=\"aligncenter size-large\"><img data-recalc-dims=\"1\" decoding=\"async\" width=\"1024\" height=\"683\" src=\"https:\/\/i0.wp.com\/zeromagazine.mx\/wp-content\/uploads\/2024\/06\/unnamed-11-1-1024x683.jpg?resize=1024%2C683&#038;ssl=1\" alt=\"\" class=\"wp-image-77717\" srcset=\"https:\/\/i0.wp.com\/zeromagazine.mx\/wp-content\/uploads\/2024\/06\/unnamed-11-1.jpg?resize=1024%2C683&amp;ssl=1 1024w, https:\/\/i0.wp.com\/zeromagazine.mx\/wp-content\/uploads\/2024\/06\/unnamed-11-1.jpg?resize=300%2C200&amp;ssl=1 300w, https:\/\/i0.wp.com\/zeromagazine.mx\/wp-content\/uploads\/2024\/06\/unnamed-11-1.jpg?resize=768%2C512&amp;ssl=1 768w, https:\/\/i0.wp.com\/zeromagazine.mx\/wp-content\/uploads\/2024\/06\/unnamed-11-1.jpg?resize=1536%2C1024&amp;ssl=1 1536w, https:\/\/i0.wp.com\/zeromagazine.mx\/wp-content\/uploads\/2024\/06\/unnamed-11-1.jpg?w=1920&amp;ssl=1 1920w\" sizes=\"(max-width: 1024px) 100vw, 1024px\" \/><\/figure>\n<\/div>\n\n\n<p><\/p>\n\n\n\n<p>Ahora, toca el turno de involucrarnos. \u00bfC\u00f3mo podemos ser parte de esto? Bueno, es sencillo. Solo tienes que unirte a la lucha, tanto en el evento como en tu d\u00eda a d\u00eda. Peque\u00f1as acciones como reciclar, ahorrar energ\u00eda o usar menos pl\u00e1stico pueden marcar la diferencia.<\/p>\n\n\n\n<script async src=\"https:\/\/pagead2.googlesyndication.com\/pagead\/js\/adsbygoogle.js?client=ca-pub-5499304793904745\"\n     crossorigin=\"anonymous\"><\/script>\n<ins class=\"adsbygoogle\"\n     style=\"display:block; text-align:center;\"\n     data-ad-layout=\"in-article\"\n     data-ad-format=\"fluid\"\n     data-ad-client=\"ca-pub-5499304793904745\"\n     data-ad-slot=\"5994863093\"><\/ins>\n<script>\n     (adsbygoogle = window.adsbygoogle || []).push({});\n<\/script>\n\n\n\n<p><\/p>\n\n\n\n<p>Entonces, mis amigues, \u00bflistes para la batalla? La lucha libre y la acci\u00f3n clim\u00e1tica se van a encontrar en Paseo de la Reforma, CDMX, y t\u00fa no te puedes quedar fuera. \u00a1Vamos a hacer historia juntxs!<\/p>\n\n<!--themify_builder_content-->\n<div id=\"themify_builder_content-77715\" data-postid=\"77715\" class=\"themify_builder_content themify_builder_content-77715 themify_builder tf_clear\">\n    <\/div>\n<!--\/themify_builder_content-->","protected":false},"excerpt":{"rendered":"<p>Hoy quiero platicarles sobre un evento que est\u00e1 a punto de llegar y que est\u00e1 \u00a1s\u00faper emocionante! La Embajada de Suiza en M\u00e9xico y la Secretar\u00eda de Turismo de la CDMX se est\u00e1n uniendo para hacerle frente al cambio clim\u00e1tico de una manera \u00e9pica: \u00a1con lucha libre! As\u00ed es, est\u00e1s leyendo bien, \u00a1lucha libre! Ahora, [&hellip;]<\/p>\n","protected":false},"author":2,"featured_media":77716,"comment_status":"open","ping_status":"open","sticky":false,"template":"","format":"standard","meta":{"_jetpack_memberships_contains_paid_content":false,"footnotes":"","jetpack_publicize_message":"","jetpack_publicize_feature_enabled":true,"jetpack_social_post_already_shared":true,"jetpack_social_options":{"image_generator_settings":{"template":"highway","default_image_id":0,"font":"","enabled":false},"version":2}},"categories":[1],"tags":[1598,8576,8578,8577,5030],"class_list":["post-77715","post","type-post","status-publish","format-standard","has-post-thumbnail","hentry","category-blog","tag-cdmx","tag-clima","tag-domingo","tag-lucha-verde","tag-paseo-de-la-reforma","has-post-title","has-post-date","has-post-category","has-post-tag","has-post-comment","has-post-author",""],"yoast_head":"<!-- This site is optimized with the Yoast SEO plugin v27.5 - https:\/\/yoast.com\/product\/yoast-seo-wordpress\/ -->\n<title>Lucha Verde en el Coraz\u00f3n de la Ciudad: \u00a1Un Domingo por el Clima en Paseo de la Reforma! - Zero Magazine<\/title>\n<meta name=\"robots\" content=\"index, follow, max-snippet:-1, max-image-preview:large, max-video-preview:-1\" \/>\n<link rel=\"canonical\" href=\"https:\/\/zeromagazine.mx\/index.php\/2024\/06\/11\/lucha-verde-en-el-corazon-de-la-ciudad-un-domingo-por-el-clima-en-paseo-de-la-reforma\/\" \/>\n<meta property=\"og:locale\" content=\"es_ES\" \/>\n<meta property=\"og:type\" content=\"article\" \/>\n<meta property=\"og:title\" content=\"Lucha Verde en el Coraz\u00f3n de la Ciudad: \u00a1Un Domingo por el Clima en Paseo de la Reforma! - Zero Magazine\" \/>\n<meta property=\"og:description\" content=\"Hoy quiero platicarles sobre un evento que est\u00e1 a punto de llegar y que est\u00e1 \u00a1s\u00faper emocionante! La Embajada de Suiza en M\u00e9xico y la Secretar\u00eda de Turismo de la CDMX se est\u00e1n uniendo para hacerle frente al cambio clim\u00e1tico de una manera \u00e9pica: \u00a1con lucha libre! As\u00ed es, est\u00e1s leyendo bien, \u00a1lucha libre! Ahora, [&hellip;]\" \/>\n<meta property=\"og:url\" content=\"https:\/\/zeromagazine.mx\/index.php\/2024\/06\/11\/lucha-verde-en-el-corazon-de-la-ciudad-un-domingo-por-el-clima-en-paseo-de-la-reforma\/\" \/>\n<meta property=\"og:site_name\" content=\"Zero Magazine\" \/>\n<meta property=\"article:published_time\" content=\"2024-06-11T21:38:45+00:00\" \/>\n<meta property=\"article:modified_time\" content=\"2024-06-11T21:38:47+00:00\" \/>\n<meta property=\"og:image\" content=\"https:\/\/i0.wp.com\/zeromagazine.mx\/wp-content\/uploads\/2024\/06\/unnamed-4-1.png?fit=1080%2C1350&ssl=1\" \/>\n\t<meta property=\"og:image:width\" content=\"1080\" \/>\n\t<meta property=\"og:image:height\" content=\"1350\" \/>\n\t<meta property=\"og:image:type\" content=\"image\/png\" \/>\n<meta name=\"author\" content=\"zeromagazinemx\" \/>\n<meta name=\"twitter:card\" content=\"summary_large_image\" \/>\n<meta name=\"twitter:label1\" content=\"Escrito por\" \/>\n\t<meta name=\"twitter:data1\" content=\"zeromagazinemx\" \/>\n\t<meta name=\"twitter:label2\" content=\"Tiempo de lectura\" \/>\n\t<meta name=\"twitter:data2\" content=\"1 minuto\" \/>\n<script type=\"application\/ld+json\" class=\"yoast-schema-graph\">{\"@context\":\"https:\\\/\\\/schema.org\",\"@graph\":[{\"@type\":\"Article\",\"@id\":\"https:\\\/\\\/zeromagazine.mx\\\/index.php\\\/2024\\\/06\\\/11\\\/lucha-verde-en-el-corazon-de-la-ciudad-un-domingo-por-el-clima-en-paseo-de-la-reforma\\\/#article\",\"isPartOf\":{\"@id\":\"https:\\\/\\\/zeromagazine.mx\\\/index.php\\\/2024\\\/06\\\/11\\\/lucha-verde-en-el-corazon-de-la-ciudad-un-domingo-por-el-clima-en-paseo-de-la-reforma\\\/\"},\"author\":{\"name\":\"zeromagazinemx\",\"@id\":\"https:\\\/\\\/zeromagazine.mx\\\/#\\\/schema\\\/person\\\/9aed9f33a7c39af3a348b86d723f7773\"},\"headline\":\"Lucha Verde en el Coraz\u00f3n de la Ciudad: \u00a1Un Domingo por el Clima en Paseo de la Reforma!\",\"datePublished\":\"2024-06-11T21:38:45+00:00\",\"dateModified\":\"2024-06-11T21:38:47+00:00\",\"mainEntityOfPage\":{\"@id\":\"https:\\\/\\\/zeromagazine.mx\\\/index.php\\\/2024\\\/06\\\/11\\\/lucha-verde-en-el-corazon-de-la-ciudad-un-domingo-por-el-clima-en-paseo-de-la-reforma\\\/\"},\"wordCount\":314,\"commentCount\":0,\"publisher\":{\"@id\":\"https:\\\/\\\/zeromagazine.mx\\\/#organization\"},\"image\":{\"@id\":\"https:\\\/\\\/zeromagazine.mx\\\/index.php\\\/2024\\\/06\\\/11\\\/lucha-verde-en-el-corazon-de-la-ciudad-un-domingo-por-el-clima-en-paseo-de-la-reforma\\\/#primaryimage\"},\"thumbnailUrl\":\"https:\\\/\\\/i0.wp.com\\\/zeromagazine.mx\\\/wp-content\\\/uploads\\\/2024\\\/06\\\/unnamed-4-1.png?fit=1080%2C1350&ssl=1\",\"keywords\":[\"CDMX\",\"Clima\",\"Domingo\",\"Lucha Verde\",\"Paseo de la Reforma\"],\"articleSection\":[\"Blog\"],\"inLanguage\":\"es\",\"potentialAction\":[{\"@type\":\"CommentAction\",\"name\":\"Comment\",\"target\":[\"https:\\\/\\\/zeromagazine.mx\\\/index.php\\\/2024\\\/06\\\/11\\\/lucha-verde-en-el-corazon-de-la-ciudad-un-domingo-por-el-clima-en-paseo-de-la-reforma\\\/#respond\"]}]},{\"@type\":\"WebPage\",\"@id\":\"https:\\\/\\\/zeromagazine.mx\\\/index.php\\\/2024\\\/06\\\/11\\\/lucha-verde-en-el-corazon-de-la-ciudad-un-domingo-por-el-clima-en-paseo-de-la-reforma\\\/\",\"url\":\"https:\\\/\\\/zeromagazine.mx\\\/index.php\\\/2024\\\/06\\\/11\\\/lucha-verde-en-el-corazon-de-la-ciudad-un-domingo-por-el-clima-en-paseo-de-la-reforma\\\/\",\"name\":\"Lucha Verde en el Coraz\u00f3n de la Ciudad: \u00a1Un Domingo por el Clima en Paseo de la Reforma! - Zero Magazine\",\"isPartOf\":{\"@id\":\"https:\\\/\\\/zeromagazine.mx\\\/#website\"},\"primaryImageOfPage\":{\"@id\":\"https:\\\/\\\/zeromagazine.mx\\\/index.php\\\/2024\\\/06\\\/11\\\/lucha-verde-en-el-corazon-de-la-ciudad-un-domingo-por-el-clima-en-paseo-de-la-reforma\\\/#primaryimage\"},\"image\":{\"@id\":\"https:\\\/\\\/zeromagazine.mx\\\/index.php\\\/2024\\\/06\\\/11\\\/lucha-verde-en-el-corazon-de-la-ciudad-un-domingo-por-el-clima-en-paseo-de-la-reforma\\\/#primaryimage\"},\"thumbnailUrl\":\"https:\\\/\\\/i0.wp.com\\\/zeromagazine.mx\\\/wp-content\\\/uploads\\\/2024\\\/06\\\/unnamed-4-1.png?fit=1080%2C1350&ssl=1\",\"datePublished\":\"2024-06-11T21:38:45+00:00\",\"dateModified\":\"2024-06-11T21:38:47+00:00\",\"breadcrumb\":{\"@id\":\"https:\\\/\\\/zeromagazine.mx\\\/index.php\\\/2024\\\/06\\\/11\\\/lucha-verde-en-el-corazon-de-la-ciudad-un-domingo-por-el-clima-en-paseo-de-la-reforma\\\/#breadcrumb\"},\"inLanguage\":\"es\",\"potentialAction\":[{\"@type\":\"ReadAction\",\"target\":[\"https:\\\/\\\/zeromagazine.mx\\\/index.php\\\/2024\\\/06\\\/11\\\/lucha-verde-en-el-corazon-de-la-ciudad-un-domingo-por-el-clima-en-paseo-de-la-reforma\\\/\"]}]},{\"@type\":\"ImageObject\",\"inLanguage\":\"es\",\"@id\":\"https:\\\/\\\/zeromagazine.mx\\\/index.php\\\/2024\\\/06\\\/11\\\/lucha-verde-en-el-corazon-de-la-ciudad-un-domingo-por-el-clima-en-paseo-de-la-reforma\\\/#primaryimage\",\"url\":\"https:\\\/\\\/i0.wp.com\\\/zeromagazine.mx\\\/wp-content\\\/uploads\\\/2024\\\/06\\\/unnamed-4-1.png?fit=1080%2C1350&ssl=1\",\"contentUrl\":\"https:\\\/\\\/i0.wp.com\\\/zeromagazine.mx\\\/wp-content\\\/uploads\\\/2024\\\/06\\\/unnamed-4-1.png?fit=1080%2C1350&ssl=1\",\"width\":1080,\"height\":1350},{\"@type\":\"BreadcrumbList\",\"@id\":\"https:\\\/\\\/zeromagazine.mx\\\/index.php\\\/2024\\\/06\\\/11\\\/lucha-verde-en-el-corazon-de-la-ciudad-un-domingo-por-el-clima-en-paseo-de-la-reforma\\\/#breadcrumb\",\"itemListElement\":[{\"@type\":\"ListItem\",\"position\":1,\"name\":\"Portada\",\"item\":\"https:\\\/\\\/zeromagazine.mx\\\/\"},{\"@type\":\"ListItem\",\"position\":2,\"name\":\"Lucha Verde en el Coraz\u00f3n de la Ciudad: \u00a1Un Domingo por el Clima en Paseo de la Reforma!\"}]},{\"@type\":\"WebSite\",\"@id\":\"https:\\\/\\\/zeromagazine.mx\\\/#website\",\"url\":\"https:\\\/\\\/zeromagazine.mx\\\/\",\"name\":\"Zero Magazine\",\"description\":\"\",\"publisher\":{\"@id\":\"https:\\\/\\\/zeromagazine.mx\\\/#organization\"},\"potentialAction\":[{\"@type\":\"SearchAction\",\"target\":{\"@type\":\"EntryPoint\",\"urlTemplate\":\"https:\\\/\\\/zeromagazine.mx\\\/?s={search_term_string}\"},\"query-input\":{\"@type\":\"PropertyValueSpecification\",\"valueRequired\":true,\"valueName\":\"search_term_string\"}}],\"inLanguage\":\"es\"},{\"@type\":\"Organization\",\"@id\":\"https:\\\/\\\/zeromagazine.mx\\\/#organization\",\"name\":\"Zero Magazine\",\"url\":\"https:\\\/\\\/zeromagazine.mx\\\/\",\"logo\":{\"@type\":\"ImageObject\",\"inLanguage\":\"es\",\"@id\":\"https:\\\/\\\/zeromagazine.mx\\\/#\\\/schema\\\/logo\\\/image\\\/\",\"url\":\"https:\\\/\\\/i0.wp.com\\\/zeromagazine.mx\\\/wp-content\\\/uploads\\\/2025\\\/11\\\/1.jpeg?fit=1000%2C1000&ssl=1\",\"contentUrl\":\"https:\\\/\\\/i0.wp.com\\\/zeromagazine.mx\\\/wp-content\\\/uploads\\\/2025\\\/11\\\/1.jpeg?fit=1000%2C1000&ssl=1\",\"width\":1000,\"height\":1000,\"caption\":\"Zero Magazine\"},\"image\":{\"@id\":\"https:\\\/\\\/zeromagazine.mx\\\/#\\\/schema\\\/logo\\\/image\\\/\"},\"sameAs\":[\"https:\\\/\\\/instagram.com\\\/zeromagazinemx\"]},{\"@type\":\"Person\",\"@id\":\"https:\\\/\\\/zeromagazine.mx\\\/#\\\/schema\\\/person\\\/9aed9f33a7c39af3a348b86d723f7773\",\"name\":\"zeromagazinemx\",\"image\":{\"@type\":\"ImageObject\",\"inLanguage\":\"es\",\"@id\":\"https:\\\/\\\/zeromagazine.mx\\\/wp-content\\\/litespeed\\\/avatar\\\/f91dfe5410d5dcb1a576bf8c45983896.jpg?ver=1776966396\",\"url\":\"https:\\\/\\\/zeromagazine.mx\\\/wp-content\\\/litespeed\\\/avatar\\\/f91dfe5410d5dcb1a576bf8c45983896.jpg?ver=1776966396\",\"contentUrl\":\"https:\\\/\\\/zeromagazine.mx\\\/wp-content\\\/litespeed\\\/avatar\\\/f91dfe5410d5dcb1a576bf8c45983896.jpg?ver=1776966396\",\"caption\":\"zeromagazinemx\"},\"url\":\"https:\\\/\\\/zeromagazine.mx\\\/index.php\\\/author\\\/zeromagazinemx\\\/\"}]}<\/script>\n<!-- \/ Yoast SEO plugin. -->","yoast_head_json":{"title":"Lucha Verde en el Coraz\u00f3n de la Ciudad: \u00a1Un Domingo por el Clima en Paseo de la Reforma! - Zero Magazine","robots":{"index":"index","follow":"follow","max-snippet":"max-snippet:-1","max-image-preview":"max-image-preview:large","max-video-preview":"max-video-preview:-1"},"canonical":"https:\/\/zeromagazine.mx\/index.php\/2024\/06\/11\/lucha-verde-en-el-corazon-de-la-ciudad-un-domingo-por-el-clima-en-paseo-de-la-reforma\/","og_locale":"es_ES","og_type":"article","og_title":"Lucha Verde en el Coraz\u00f3n de la Ciudad: \u00a1Un Domingo por el Clima en Paseo de la Reforma! - Zero Magazine","og_description":"Hoy quiero platicarles sobre un evento que est\u00e1 a punto de llegar y que est\u00e1 \u00a1s\u00faper emocionante! La Embajada de Suiza en M\u00e9xico y la Secretar\u00eda de Turismo de la CDMX se est\u00e1n uniendo para hacerle frente al cambio clim\u00e1tico de una manera \u00e9pica: \u00a1con lucha libre! As\u00ed es, est\u00e1s leyendo bien, \u00a1lucha libre! Ahora, [&hellip;]","og_url":"https:\/\/zeromagazine.mx\/index.php\/2024\/06\/11\/lucha-verde-en-el-corazon-de-la-ciudad-un-domingo-por-el-clima-en-paseo-de-la-reforma\/","og_site_name":"Zero Magazine","article_published_time":"2024-06-11T21:38:45+00:00","article_modified_time":"2024-06-11T21:38:47+00:00","og_image":[{"width":1080,"height":1350,"url":"https:\/\/i0.wp.com\/zeromagazine.mx\/wp-content\/uploads\/2024\/06\/unnamed-4-1.png?fit=1080%2C1350&ssl=1","type":"image\/png"}],"author":"zeromagazinemx","twitter_card":"summary_large_image","twitter_misc":{"Escrito por":"zeromagazinemx","Tiempo de lectura":"1 minuto"},"schema":{"@context":"https:\/\/schema.org","@graph":[{"@type":"Article","@id":"https:\/\/zeromagazine.mx\/index.php\/2024\/06\/11\/lucha-verde-en-el-corazon-de-la-ciudad-un-domingo-por-el-clima-en-paseo-de-la-reforma\/#article","isPartOf":{"@id":"https:\/\/zeromagazine.mx\/index.php\/2024\/06\/11\/lucha-verde-en-el-corazon-de-la-ciudad-un-domingo-por-el-clima-en-paseo-de-la-reforma\/"},"author":{"name":"zeromagazinemx","@id":"https:\/\/zeromagazine.mx\/#\/schema\/person\/9aed9f33a7c39af3a348b86d723f7773"},"headline":"Lucha Verde en el Coraz\u00f3n de la Ciudad: \u00a1Un Domingo por el Clima en Paseo de la Reforma!","datePublished":"2024-06-11T21:38:45+00:00","dateModified":"2024-06-11T21:38:47+00:00","mainEntityOfPage":{"@id":"https:\/\/zeromagazine.mx\/index.php\/2024\/06\/11\/lucha-verde-en-el-corazon-de-la-ciudad-un-domingo-por-el-clima-en-paseo-de-la-reforma\/"},"wordCount":314,"commentCount":0,"publisher":{"@id":"https:\/\/zeromagazine.mx\/#organization"},"image":{"@id":"https:\/\/zeromagazine.mx\/index.php\/2024\/06\/11\/lucha-verde-en-el-corazon-de-la-ciudad-un-domingo-por-el-clima-en-paseo-de-la-reforma\/#primaryimage"},"thumbnailUrl":"https:\/\/i0.wp.com\/zeromagazine.mx\/wp-content\/uploads\/2024\/06\/unnamed-4-1.png?fit=1080%2C1350&ssl=1","keywords":["CDMX","Clima","Domingo","Lucha Verde","Paseo de la Reforma"],"articleSection":["Blog"],"inLanguage":"es","potentialAction":[{"@type":"CommentAction","name":"Comment","target":["https:\/\/zeromagazine.mx\/index.php\/2024\/06\/11\/lucha-verde-en-el-corazon-de-la-ciudad-un-domingo-por-el-clima-en-paseo-de-la-reforma\/#respond"]}]},{"@type":"WebPage","@id":"https:\/\/zeromagazine.mx\/index.php\/2024\/06\/11\/lucha-verde-en-el-corazon-de-la-ciudad-un-domingo-por-el-clima-en-paseo-de-la-reforma\/","url":"https:\/\/zeromagazine.mx\/index.php\/2024\/06\/11\/lucha-verde-en-el-corazon-de-la-ciudad-un-domingo-por-el-clima-en-paseo-de-la-reforma\/","name":"Lucha Verde en el Coraz\u00f3n de la Ciudad: \u00a1Un Domingo por el Clima en Paseo de la Reforma! - Zero Magazine","isPartOf":{"@id":"https:\/\/zeromagazine.mx\/#website"},"primaryImageOfPage":{"@id":"https:\/\/zeromagazine.mx\/index.php\/2024\/06\/11\/lucha-verde-en-el-corazon-de-la-ciudad-un-domingo-por-el-clima-en-paseo-de-la-reforma\/#primaryimage"},"image":{"@id":"https:\/\/zeromagazine.mx\/index.php\/2024\/06\/11\/lucha-verde-en-el-corazon-de-la-ciudad-un-domingo-por-el-clima-en-paseo-de-la-reforma\/#primaryimage"},"thumbnailUrl":"https:\/\/i0.wp.com\/zeromagazine.mx\/wp-content\/uploads\/2024\/06\/unnamed-4-1.png?fit=1080%2C1350&ssl=1","datePublished":"2024-06-11T21:38:45+00:00","dateModified":"2024-06-11T21:38:47+00:00","breadcrumb":{"@id":"https:\/\/zeromagazine.mx\/index.php\/2024\/06\/11\/lucha-verde-en-el-corazon-de-la-ciudad-un-domingo-por-el-clima-en-paseo-de-la-reforma\/#breadcrumb"},"inLanguage":"es","potentialAction":[{"@type":"ReadAction","target":["https:\/\/zeromagazine.mx\/index.php\/2024\/06\/11\/lucha-verde-en-el-corazon-de-la-ciudad-un-domingo-por-el-clima-en-paseo-de-la-reforma\/"]}]},{"@type":"ImageObject","inLanguage":"es","@id":"https:\/\/zeromagazine.mx\/index.php\/2024\/06\/11\/lucha-verde-en-el-corazon-de-la-ciudad-un-domingo-por-el-clima-en-paseo-de-la-reforma\/#primaryimage","url":"https:\/\/i0.wp.com\/zeromagazine.mx\/wp-content\/uploads\/2024\/06\/unnamed-4-1.png?fit=1080%2C1350&ssl=1","contentUrl":"https:\/\/i0.wp.com\/zeromagazine.mx\/wp-content\/uploads\/2024\/06\/unnamed-4-1.png?fit=1080%2C1350&ssl=1","width":1080,"height":1350},{"@type":"BreadcrumbList","@id":"https:\/\/zeromagazine.mx\/index.php\/2024\/06\/11\/lucha-verde-en-el-corazon-de-la-ciudad-un-domingo-por-el-clima-en-paseo-de-la-reforma\/#breadcrumb","itemListElement":[{"@type":"ListItem","position":1,"name":"Portada","item":"https:\/\/zeromagazine.mx\/"},{"@type":"ListItem","position":2,"name":"Lucha Verde en el Coraz\u00f3n de la Ciudad: \u00a1Un Domingo por el Clima en Paseo de la Reforma!"}]},{"@type":"WebSite","@id":"https:\/\/zeromagazine.mx\/#website","url":"https:\/\/zeromagazine.mx\/","name":"Zero Magazine","description":"","publisher":{"@id":"https:\/\/zeromagazine.mx\/#organization"},"potentialAction":[{"@type":"SearchAction","target":{"@type":"EntryPoint","urlTemplate":"https:\/\/zeromagazine.mx\/?s={search_term_string}"},"query-input":{"@type":"PropertyValueSpecification","valueRequired":true,"valueName":"search_term_string"}}],"inLanguage":"es"},{"@type":"Organization","@id":"https:\/\/zeromagazine.mx\/#organization","name":"Zero Magazine","url":"https:\/\/zeromagazine.mx\/","logo":{"@type":"ImageObject","inLanguage":"es","@id":"https:\/\/zeromagazine.mx\/#\/schema\/logo\/image\/","url":"https:\/\/i0.wp.com\/zeromagazine.mx\/wp-content\/uploads\/2025\/11\/1.jpeg?fit=1000%2C1000&ssl=1","contentUrl":"https:\/\/i0.wp.com\/zeromagazine.mx\/wp-content\/uploads\/2025\/11\/1.jpeg?fit=1000%2C1000&ssl=1","width":1000,"height":1000,"caption":"Zero Magazine"},"image":{"@id":"https:\/\/zeromagazine.mx\/#\/schema\/logo\/image\/"},"sameAs":["https:\/\/instagram.com\/zeromagazinemx"]},{"@type":"Person","@id":"https:\/\/zeromagazine.mx\/#\/schema\/person\/9aed9f33a7c39af3a348b86d723f7773","name":"zeromagazinemx","image":{"@type":"ImageObject","inLanguage":"es","@id":"https:\/\/zeromagazine.mx\/wp-content\/litespeed\/avatar\/f91dfe5410d5dcb1a576bf8c45983896.jpg?ver=1776966396","url":"https:\/\/zeromagazine.mx\/wp-content\/litespeed\/avatar\/f91dfe5410d5dcb1a576bf8c45983896.jpg?ver=1776966396","contentUrl":"https:\/\/zeromagazine.mx\/wp-content\/litespeed\/avatar\/f91dfe5410d5dcb1a576bf8c45983896.jpg?ver=1776966396","caption":"zeromagazinemx"},"url":"https:\/\/zeromagazine.mx\/index.php\/author\/zeromagazinemx\/"}]}},"jetpack_publicize_connections":[],"jetpack_featured_media_url":"https:\/\/i0.wp.com\/zeromagazine.mx\/wp-content\/uploads\/2024\/06\/unnamed-4-1.png?fit=1080%2C1350&ssl=1","jetpack-related-posts":[{"id":76447,"url":"https:\/\/zeromagazine.mx\/index.php\/2024\/05\/23\/empresas-suizas-y-derechos-humanos-en-mexico\/","url_meta":{"origin":77715,"position":0},"title":"Empresas Suizas y Derechos Humanos en M\u00e9xico","author":"zeromagazinemx","date":"23 de mayo de 2024","format":false,"excerpt":"La Embajada de Suiza y la Cohesi\u00f3n Comunitaria e Innovaci\u00f3n Social (CCIS A.C.) han unido fuerzas en un esfuerzo incre\u00edble para impulsar el respeto de los Derechos Humanos en las operaciones empresariales aqu\u00ed en M\u00e9xico. S\u00ed, lo has escuchado bien, \u00a1un verdadero cambio est\u00e1 en marcha! El reciente Foro Empresas\u2026","rel":"","context":"En \u00abBienestar\u00bb","block_context":{"text":"Bienestar","link":"https:\/\/zeromagazine.mx\/index.php\/category\/lifestyle\/bienestar\/"},"img":{"alt_text":"","src":"https:\/\/i0.wp.com\/zeromagazine.mx\/wp-content\/uploads\/2024\/05\/unnamed-66.jpg?fit=1200%2C800&ssl=1&resize=350%2C200","width":350,"height":200,"srcset":"https:\/\/i0.wp.com\/zeromagazine.mx\/wp-content\/uploads\/2024\/05\/unnamed-66.jpg?fit=1200%2C800&ssl=1&resize=350%2C200 1x, https:\/\/i0.wp.com\/zeromagazine.mx\/wp-content\/uploads\/2024\/05\/unnamed-66.jpg?fit=1200%2C800&ssl=1&resize=525%2C300 1.5x, https:\/\/i0.wp.com\/zeromagazine.mx\/wp-content\/uploads\/2024\/05\/unnamed-66.jpg?fit=1200%2C800&ssl=1&resize=700%2C400 2x, https:\/\/i0.wp.com\/zeromagazine.mx\/wp-content\/uploads\/2024\/05\/unnamed-66.jpg?fit=1200%2C800&ssl=1&resize=1050%2C600 3x"},"classes":[]},{"id":76198,"url":"https:\/\/zeromagazine.mx\/index.php\/2024\/05\/20\/construyendo-una-cdmx-para-todes\/","url_meta":{"origin":77715,"position":1},"title":"\u00a1Construyendo una CDMX para Todes!","author":"zeromagazinemx","date":"20 de mayo de 2024","format":false,"excerpt":"Aqu\u00ed viene una movida que no te puedes perder en la CDMX. Impulse Group CDMX est\u00e1 tirando la casa por la ventana con \"Impulsando una #CiudadParaTodes\". Esta movida hist\u00f3rica va a tener a Clara Brugadas y Salom\u00f3n Chertorivski, quienes est\u00e1n buscando la chamba de Jefatura de Gobierno de nuestra querida\u2026","rel":"","context":"En \u00abBienestar\u00bb","block_context":{"text":"Bienestar","link":"https:\/\/zeromagazine.mx\/index.php\/category\/lifestyle\/bienestar\/"},"img":{"alt_text":"","src":"https:\/\/i0.wp.com\/zeromagazine.mx\/wp-content\/uploads\/2024\/05\/WhatsApp-Image-2024-05-17-at-15.22.43.jpeg?fit=1200%2C900&ssl=1&resize=350%2C200","width":350,"height":200,"srcset":"https:\/\/i0.wp.com\/zeromagazine.mx\/wp-content\/uploads\/2024\/05\/WhatsApp-Image-2024-05-17-at-15.22.43.jpeg?fit=1200%2C900&ssl=1&resize=350%2C200 1x, https:\/\/i0.wp.com\/zeromagazine.mx\/wp-content\/uploads\/2024\/05\/WhatsApp-Image-2024-05-17-at-15.22.43.jpeg?fit=1200%2C900&ssl=1&resize=525%2C300 1.5x, https:\/\/i0.wp.com\/zeromagazine.mx\/wp-content\/uploads\/2024\/05\/WhatsApp-Image-2024-05-17-at-15.22.43.jpeg?fit=1200%2C900&ssl=1&resize=700%2C400 2x, https:\/\/i0.wp.com\/zeromagazine.mx\/wp-content\/uploads\/2024\/05\/WhatsApp-Image-2024-05-17-at-15.22.43.jpeg?fit=1200%2C900&ssl=1&resize=1050%2C600 3x"},"classes":[]},{"id":106987,"url":"https:\/\/zeromagazine.mx\/index.php\/2025\/07\/28\/hello-kitty-fun-run-cdmx-2025\/","url_meta":{"origin":77715,"position":2},"title":"Carrera Hello Kitty CDMX 2025","author":"David Morales","date":"28 de julio de 2025","format":false,"excerpt":"\u00bfCorrer con mo\u00f1os, glitter y al ritmo de la ternura? \u00a1Obvio s\u00ed! Este 5 de octubre, la Ciudad de M\u00e9xico se ti\u00f1e de rosa pastel con el regreso de la Hello Kitty and Friends Fun Run CDMX 2025, un evento donde el deporte y lo cute se dan la mano\u2026\u2026","rel":"","context":"En \u00abLifestyle\u00bb","block_context":{"text":"Lifestyle","link":"https:\/\/zeromagazine.mx\/index.php\/category\/lifestyle\/"},"img":{"alt_text":"","src":"https:\/\/i0.wp.com\/zeromagazine.mx\/wp-content\/uploads\/2025\/07\/IMG_5071.webp?fit=906%2C584&ssl=1&resize=350%2C200","width":350,"height":200,"srcset":"https:\/\/i0.wp.com\/zeromagazine.mx\/wp-content\/uploads\/2025\/07\/IMG_5071.webp?fit=906%2C584&ssl=1&resize=350%2C200 1x, https:\/\/i0.wp.com\/zeromagazine.mx\/wp-content\/uploads\/2025\/07\/IMG_5071.webp?fit=906%2C584&ssl=1&resize=525%2C300 1.5x, https:\/\/i0.wp.com\/zeromagazine.mx\/wp-content\/uploads\/2025\/07\/IMG_5071.webp?fit=906%2C584&ssl=1&resize=700%2C400 2x"},"classes":[]},{"id":112403,"url":"https:\/\/zeromagazine.mx\/index.php\/2025\/12\/30\/didi-food-cdmx-lucha-libre-restaurantes\/","url_meta":{"origin":77715,"position":3},"title":"DiDi Food celebra a la Ciudad de M\u00e9xico con Lucha Libre y nuevos restaurantes.","author":"David Morales","date":"30 de diciembre de 2025","format":false,"excerpt":"La Ciudad de M\u00e9xico no se explica, se vive. Es ca\u00f3tica, deliciosa, intensa y siempre en movimiento. Entre tacos, hamburguesas, fondas de barrio y propuestas nuevas que aparecen cada semana, comer en la capital es una experiencia en s\u00ed misma. Y justo por eso,\u00a0DiDi Food\u00a0decidi\u00f3 rendirle homenaje a la ciudad\u2026","rel":"","context":"En \u00abEntretenimiento\u00bb","block_context":{"text":"Entretenimiento","link":"https:\/\/zeromagazine.mx\/index.php\/category\/entretenimiento\/"},"img":{"alt_text":"","src":"https:\/\/i0.wp.com\/zeromagazine.mx\/wp-content\/uploads\/2025\/12\/IMG_0720.jpeg?resize=350%2C200","width":350,"height":200},"classes":[]},{"id":110428,"url":"https:\/\/zeromagazine.mx\/index.php\/2025\/11\/11\/brunch-heritage-bistro-bar-hotel-marquis-reforma-cdmx\/","url_meta":{"origin":77715,"position":4},"title":"Brunch de lujo en Heritage Bistro Bar","author":"David Morales","date":"11 de noviembre de 2025","format":false,"excerpt":"Hay brunches\u2026 y luego est\u00e1 el brunch del Heritage Bistro Bar, dentro del ic\u00f3nico Hotel Marquis Reforma. Una experiencia que redefine el concepto de domingo en la Ciudad de M\u00e9xico con una propuesta que mezcla gastronom\u00eda gourmet, ambiente elegante y un toque de indulgencia que lo convierte en el plan\u2026","rel":"","context":"En \u00abFoodie\u00bb","block_context":{"text":"Foodie","link":"https:\/\/zeromagazine.mx\/index.php\/category\/lifestyle\/foodie\/"},"img":{"alt_text":"","src":"https:\/\/i0.wp.com\/zeromagazine.mx\/wp-content\/uploads\/2025\/11\/img_2712-1.jpg?fit=688%2C1200&ssl=1&resize=350%2C200","width":350,"height":200,"srcset":"https:\/\/i0.wp.com\/zeromagazine.mx\/wp-content\/uploads\/2025\/11\/img_2712-1.jpg?fit=688%2C1200&ssl=1&resize=350%2C200 1x, https:\/\/i0.wp.com\/zeromagazine.mx\/wp-content\/uploads\/2025\/11\/img_2712-1.jpg?fit=688%2C1200&ssl=1&resize=525%2C300 1.5x"},"classes":[]},{"id":84825,"url":"https:\/\/zeromagazine.mx\/index.php\/2024\/09\/28\/animole-epic-geek-experience\/","url_meta":{"origin":77715,"position":5},"title":"\u00abAniMole: Epic Geek Experience!\u00bb","author":"zeromagazinemx","date":"28 de septiembre de 2024","format":false,"excerpt":"\u00a1Qu\u00e9 onda banda! \u00a1Si est\u00e1s en mood de vivir el evento m\u00e1s \u00e9pico de la cultura geek en M\u00e9xico,\u00a0AniMole-La Mole Convention\u00a0is calling your name! Literal, prep\u00e1rate porque del 27 al 29 de septiembre, el\u00a0Centro Internacional de Convenciones y Exposiciones\u00a0del World Trade Center de la CDMX ser\u00e1 el\u00a0hotspot\u00a0para los amantes de\u2026","rel":"","context":"En \u00abEntretenimiento\u00bb","block_context":{"text":"Entretenimiento","link":"https:\/\/zeromagazine.mx\/index.php\/category\/entretenimiento\/"},"img":{"alt_text":"","src":"https:\/\/i0.wp.com\/zeromagazine.mx\/wp-content\/uploads\/2024\/09\/Beto_Castillo.jpg?fit=1080%2C1080&ssl=1&resize=350%2C200","width":350,"height":200,"srcset":"https:\/\/i0.wp.com\/zeromagazine.mx\/wp-content\/uploads\/2024\/09\/Beto_Castillo.jpg?fit=1080%2C1080&ssl=1&resize=350%2C200 1x, https:\/\/i0.wp.com\/zeromagazine.mx\/wp-content\/uploads\/2024\/09\/Beto_Castillo.jpg?fit=1080%2C1080&ssl=1&resize=525%2C300 1.5x, https:\/\/i0.wp.com\/zeromagazine.mx\/wp-content\/uploads\/2024\/09\/Beto_Castillo.jpg?fit=1080%2C1080&ssl=1&resize=700%2C400 2x, https:\/\/i0.wp.com\/zeromagazine.mx\/wp-content\/uploads\/2024\/09\/Beto_Castillo.jpg?fit=1080%2C1080&ssl=1&resize=1050%2C600 3x"},"classes":[]}],"jetpack_sharing_enabled":true,"builder_content":"","_links":{"self":[{"href":"https:\/\/zeromagazine.mx\/index.php\/wp-json\/wp\/v2\/posts\/77715","targetHints":{"allow":["GET"]}}],"collection":[{"href":"https:\/\/zeromagazine.mx\/index.php\/wp-json\/wp\/v2\/posts"}],"about":[{"href":"https:\/\/zeromagazine.mx\/index.php\/wp-json\/wp\/v2\/types\/post"}],"author":[{"embeddable":true,"href":"https:\/\/zeromagazine.mx\/index.php\/wp-json\/wp\/v2\/users\/2"}],"replies":[{"embeddable":true,"href":"https:\/\/zeromagazine.mx\/index.php\/wp-json\/wp\/v2\/comments?post=77715"}],"version-history":[{"count":1,"href":"https:\/\/zeromagazine.mx\/index.php\/wp-json\/wp\/v2\/posts\/77715\/revisions"}],"predecessor-version":[{"id":77718,"href":"https:\/\/zeromagazine.mx\/index.php\/wp-json\/wp\/v2\/posts\/77715\/revisions\/77718"}],"wp:featuredmedia":[{"embeddable":true,"href":"https:\/\/zeromagazine.mx\/index.php\/wp-json\/wp\/v2\/media\/77716"}],"wp:attachment":[{"href":"https:\/\/zeromagazine.mx\/index.php\/wp-json\/wp\/v2\/media?parent=77715"}],"wp:term":[{"taxonomy":"category","embeddable":true,"href":"https:\/\/zeromagazine.mx\/index.php\/wp-json\/wp\/v2\/categories?post=77715"},{"taxonomy":"post_tag","embeddable":true,"href":"https:\/\/zeromagazine.mx\/index.php\/wp-json\/wp\/v2\/tags?post=77715"}],"curies":[{"name":"wp","href":"https:\/\/api.w.org\/{rel}","templated":true}]}}