{"id":77724,"date":"2024-06-12T00:06:22","date_gmt":"2024-06-11T22:06:22","guid":{"rendered":"https:\/\/zeromagazine.mx\/?p=77724"},"modified":"2024-06-12T00:06:24","modified_gmt":"2024-06-11T22:06:24","slug":"los-huracanes-del-norte-prometen-un-espectaculo-historico-en-la-arena-cdmx-en-agosto","status":"publish","type":"post","link":"https:\/\/zeromagazine.mx\/index.php\/2024\/06\/12\/los-huracanes-del-norte-prometen-un-espectaculo-historico-en-la-arena-cdmx-en-agosto\/","title":{"rendered":"Los Huracanes del Norte Prometen un Espect\u00e1culo Hist\u00f3rico en la Arena CDMX en Agosto"},"content":{"rendered":"<p>\u00bfYa se enteraron del mega concierto que se viene el s\u00e1bado 03 de Agosto en la Arena CDMX? \u00a1S\u00ed, ese donde Los Huracanes del Norte van a hacer historia una vez m\u00e1s! Y no est\u00e1n solos, \u00bfeh? Van a estar acompa\u00f1ados de Eliseo Robles y Los Tiranos del Norte, \u00a1se va a poner buen\u00edsimo!<\/p>\n\n\n\n<p>Primero que nada, d\u00e9jenme contarles que Los Huracanes del Norte son como los dioses de la m\u00fasica norte\u00f1a, llevan m\u00e1s de medio siglo haci\u00e9ndonos bailar y cantar con sus rolas. Y ahora con su m\u00e1s reciente \u00e9xito, \u201cViaje eterno\u201d, est\u00e1n rompi\u00e9ndola en el Top 10. \u00bfQui\u00e9n no se siente identificade con esas historias que nos cuentan en sus canciones?<\/p>\n\n\n\n<script async src=\"https:\/\/pagead2.googlesyndication.com\/pagead\/js\/adsbygoogle.js?client=ca-pub-5499304793904745\"\n     crossorigin=\"anonymous\"><\/script>\n<ins class=\"adsbygoogle\"\n     style=\"display:block; text-align:center;\"\n     data-ad-layout=\"in-article\"\n     data-ad-format=\"fluid\"\n     data-ad-client=\"ca-pub-5499304793904745\"\n     data-ad-slot=\"5994863093\"><\/ins>\n<script>\n     (adsbygoogle = window.adsbygoogle || []).push({});\n<\/script>\n\n\n\n\n<p><\/p>\n\n\n\n<p>Entonces, \u00bfse animan a ir al concierto? Les juro que va a ser una noche \u00e9pica llena de pura buena vibra y tradici\u00f3n. Y como si fuera poco, van a estar acompa\u00f1ados de leyendas como Eliseo Robles y Los Tiranos del Norte. O sea, \u00a1no podemos perd\u00e9rnoslo!<\/p>\n\n\n<div class=\"wp-block-image\">\n<figure class=\"aligncenter size-large\"><img data-recalc-dims=\"1\" decoding=\"async\" width=\"1024\" height=\"651\" src=\"https:\/\/i0.wp.com\/zeromagazine.mx\/wp-content\/uploads\/2024\/06\/HURACANES-DEL-NORTE-AGOSTO-2024-FOTO2-1024x651.jpeg?resize=1024%2C651&#038;ssl=1\" alt=\"\" class=\"wp-image-77726\" srcset=\"https:\/\/i0.wp.com\/zeromagazine.mx\/wp-content\/uploads\/2024\/06\/HURACANES-DEL-NORTE-AGOSTO-2024-FOTO2.jpeg?resize=1024%2C651&amp;ssl=1 1024w, https:\/\/i0.wp.com\/zeromagazine.mx\/wp-content\/uploads\/2024\/06\/HURACANES-DEL-NORTE-AGOSTO-2024-FOTO2.jpeg?resize=300%2C191&amp;ssl=1 300w, https:\/\/i0.wp.com\/zeromagazine.mx\/wp-content\/uploads\/2024\/06\/HURACANES-DEL-NORTE-AGOSTO-2024-FOTO2.jpeg?resize=768%2C488&amp;ssl=1 768w, https:\/\/i0.wp.com\/zeromagazine.mx\/wp-content\/uploads\/2024\/06\/HURACANES-DEL-NORTE-AGOSTO-2024-FOTO2.jpeg?resize=1536%2C976&amp;ssl=1 1536w, https:\/\/i0.wp.com\/zeromagazine.mx\/wp-content\/uploads\/2024\/06\/HURACANES-DEL-NORTE-AGOSTO-2024-FOTO2.jpeg?w=1600&amp;ssl=1 1600w\" sizes=\"(max-width: 1024px) 100vw, 1024px\" \/><\/figure>\n<\/div>\n\n\n<p><\/p>\n\n\n\n<p>Ahora, s\u00e9 que algunos tal vez piensen que Los Huracanes del Norte son cosa del pasado, \u00a1pero est\u00e1n muy equivocades! Estos chicos siguen siendo s\u00faper relevantes en la escena musical y su legado es enorme. Adem\u00e1s, \u00bfsab\u00edan que tienen m\u00e1s de 850 canciones grabadas y han hecho como 21 pel\u00edculas inspiradas en sus corridos? \u00a1Es una locura!<\/p>\n\n\n\n<script async src=\"https:\/\/pagead2.googlesyndication.com\/pagead\/js\/adsbygoogle.js?client=ca-pub-5499304793904745\"\n     crossorigin=\"anonymous\"><\/script>\n<ins class=\"adsbygoogle\"\n     style=\"display:block; text-align:center;\"\n     data-ad-layout=\"in-article\"\n     data-ad-format=\"fluid\"\n     data-ad-client=\"ca-pub-5499304793904745\"\n     data-ad-slot=\"5994863093\"><\/ins>\n<script>\n     (adsbygoogle = window.adsbygoogle || []).push({});\n<\/script>\n\n\n\n<p>Y no se crean que Los Huracanes del Norte son solo un grupo de viejitos, \u00a1para nada! Tienen nueva generaci\u00f3n y siguen llenando estadios como en sus mejores tiempos. Es m\u00e1s, el a\u00f1o pasado dieron un concierto que dej\u00f3 a todos sorprendides.<\/p>\n\n<!--themify_builder_content-->\n<div id=\"themify_builder_content-77724\" data-postid=\"77724\" class=\"themify_builder_content themify_builder_content-77724 themify_builder tf_clear\">\n    <\/div>\n<!--\/themify_builder_content-->","protected":false},"excerpt":{"rendered":"<p>\u00bfYa se enteraron del mega concierto que se viene el s\u00e1bado 03 de Agosto en la Arena CDMX? \u00a1S\u00ed, ese donde Los Huracanes del Norte van a hacer historia una vez m\u00e1s! Y no est\u00e1n solos, \u00bfeh? Van a estar acompa\u00f1ados de Eliseo Robles y Los Tiranos del Norte, \u00a1se va a poner buen\u00edsimo! Primero [&hellip;]<\/p>\n","protected":false},"author":4,"featured_media":77725,"comment_status":"open","ping_status":"open","sticky":false,"template":"","format":"standard","meta":{"_jetpack_memberships_contains_paid_content":false,"footnotes":"","jetpack_publicize_message":"","jetpack_publicize_feature_enabled":true,"jetpack_social_post_already_shared":true,"jetpack_social_options":{"image_generator_settings":{"template":"highway","default_image_id":0,"font":"","enabled":false},"version":2}},"categories":[1],"tags":[3019,8584,8585,8583],"class_list":["post-77724","post","type-post","status-publish","format-standard","has-post-thumbnail","hentry","category-blog","tag-agosto","tag-arena-cdmx","tag-eliseo-robles","tag-los-huracanes-del-norte","has-post-title","has-post-date","has-post-category","has-post-tag","has-post-comment","has-post-author",""],"yoast_head":"<!-- This site is optimized with the Yoast SEO plugin v27.5 - https:\/\/yoast.com\/product\/yoast-seo-wordpress\/ -->\n<title>Los Huracanes del Norte Prometen un Espect\u00e1culo Hist\u00f3rico en la Arena CDMX en Agosto - Zero Magazine<\/title>\n<meta name=\"robots\" content=\"index, follow, max-snippet:-1, max-image-preview:large, max-video-preview:-1\" \/>\n<link rel=\"canonical\" href=\"https:\/\/zeromagazine.mx\/index.php\/2024\/06\/12\/los-huracanes-del-norte-prometen-un-espectaculo-historico-en-la-arena-cdmx-en-agosto\/\" \/>\n<meta property=\"og:locale\" content=\"es_ES\" \/>\n<meta property=\"og:type\" content=\"article\" \/>\n<meta property=\"og:title\" content=\"Los Huracanes del Norte Prometen un Espect\u00e1culo Hist\u00f3rico en la Arena CDMX en Agosto - Zero Magazine\" \/>\n<meta property=\"og:description\" content=\"\u00bfYa se enteraron del mega concierto que se viene el s\u00e1bado 03 de Agosto en la Arena CDMX? \u00a1S\u00ed, ese donde Los Huracanes del Norte van a hacer historia una vez m\u00e1s! Y no est\u00e1n solos, \u00bfeh? Van a estar acompa\u00f1ados de Eliseo Robles y Los Tiranos del Norte, \u00a1se va a poner buen\u00edsimo! Primero [&hellip;]\" \/>\n<meta property=\"og:url\" content=\"https:\/\/zeromagazine.mx\/index.php\/2024\/06\/12\/los-huracanes-del-norte-prometen-un-espectaculo-historico-en-la-arena-cdmx-en-agosto\/\" \/>\n<meta property=\"og:site_name\" content=\"Zero Magazine\" \/>\n<meta property=\"article:published_time\" content=\"2024-06-11T22:06:22+00:00\" \/>\n<meta property=\"article:modified_time\" content=\"2024-06-11T22:06:24+00:00\" \/>\n<meta property=\"og:image\" content=\"https:\/\/i0.wp.com\/zeromagazine.mx\/wp-content\/uploads\/2024\/06\/HURACANES-DEL-NORTE-AGOSTO-2024-ARENA-CDMX-CARTEL.jpg?fit=1066%2C1332&ssl=1\" \/>\n\t<meta property=\"og:image:width\" content=\"1066\" \/>\n\t<meta property=\"og:image:height\" content=\"1332\" \/>\n\t<meta property=\"og:image:type\" content=\"image\/jpeg\" \/>\n<meta name=\"author\" content=\"David Morales\" \/>\n<meta name=\"twitter:card\" content=\"summary_large_image\" \/>\n<meta name=\"twitter:label1\" content=\"Escrito por\" \/>\n\t<meta name=\"twitter:data1\" content=\"David Morales\" \/>\n\t<meta name=\"twitter:label2\" content=\"Tiempo de lectura\" \/>\n\t<meta name=\"twitter:data2\" content=\"1 minuto\" \/>\n<script type=\"application\/ld+json\" class=\"yoast-schema-graph\">{\"@context\":\"https:\\\/\\\/schema.org\",\"@graph\":[{\"@type\":\"Article\",\"@id\":\"https:\\\/\\\/zeromagazine.mx\\\/index.php\\\/2024\\\/06\\\/12\\\/los-huracanes-del-norte-prometen-un-espectaculo-historico-en-la-arena-cdmx-en-agosto\\\/#article\",\"isPartOf\":{\"@id\":\"https:\\\/\\\/zeromagazine.mx\\\/index.php\\\/2024\\\/06\\\/12\\\/los-huracanes-del-norte-prometen-un-espectaculo-historico-en-la-arena-cdmx-en-agosto\\\/\"},\"author\":{\"name\":\"David Morales\",\"@id\":\"https:\\\/\\\/zeromagazine.mx\\\/#\\\/schema\\\/person\\\/9f7f1a17c60ba8e9980e3e6677aabe5a\"},\"headline\":\"Los Huracanes del Norte Prometen un Espect\u00e1culo Hist\u00f3rico en la Arena CDMX en Agosto\",\"datePublished\":\"2024-06-11T22:06:22+00:00\",\"dateModified\":\"2024-06-11T22:06:24+00:00\",\"mainEntityOfPage\":{\"@id\":\"https:\\\/\\\/zeromagazine.mx\\\/index.php\\\/2024\\\/06\\\/12\\\/los-huracanes-del-norte-prometen-un-espectaculo-historico-en-la-arena-cdmx-en-agosto\\\/\"},\"wordCount\":297,\"commentCount\":0,\"publisher\":{\"@id\":\"https:\\\/\\\/zeromagazine.mx\\\/#organization\"},\"image\":{\"@id\":\"https:\\\/\\\/zeromagazine.mx\\\/index.php\\\/2024\\\/06\\\/12\\\/los-huracanes-del-norte-prometen-un-espectaculo-historico-en-la-arena-cdmx-en-agosto\\\/#primaryimage\"},\"thumbnailUrl\":\"https:\\\/\\\/i0.wp.com\\\/zeromagazine.mx\\\/wp-content\\\/uploads\\\/2024\\\/06\\\/HURACANES-DEL-NORTE-AGOSTO-2024-ARENA-CDMX-CARTEL.jpg?fit=1066%2C1332&ssl=1\",\"keywords\":[\"agosto\",\"Arena CDMX\",\"Eliseo Robles\",\"Los Huracanes del Norte\"],\"articleSection\":[\"Blog\"],\"inLanguage\":\"es\",\"potentialAction\":[{\"@type\":\"CommentAction\",\"name\":\"Comment\",\"target\":[\"https:\\\/\\\/zeromagazine.mx\\\/index.php\\\/2024\\\/06\\\/12\\\/los-huracanes-del-norte-prometen-un-espectaculo-historico-en-la-arena-cdmx-en-agosto\\\/#respond\"]}]},{\"@type\":\"WebPage\",\"@id\":\"https:\\\/\\\/zeromagazine.mx\\\/index.php\\\/2024\\\/06\\\/12\\\/los-huracanes-del-norte-prometen-un-espectaculo-historico-en-la-arena-cdmx-en-agosto\\\/\",\"url\":\"https:\\\/\\\/zeromagazine.mx\\\/index.php\\\/2024\\\/06\\\/12\\\/los-huracanes-del-norte-prometen-un-espectaculo-historico-en-la-arena-cdmx-en-agosto\\\/\",\"name\":\"Los Huracanes del Norte Prometen un Espect\u00e1culo Hist\u00f3rico en la Arena CDMX en Agosto - Zero Magazine\",\"isPartOf\":{\"@id\":\"https:\\\/\\\/zeromagazine.mx\\\/#website\"},\"primaryImageOfPage\":{\"@id\":\"https:\\\/\\\/zeromagazine.mx\\\/index.php\\\/2024\\\/06\\\/12\\\/los-huracanes-del-norte-prometen-un-espectaculo-historico-en-la-arena-cdmx-en-agosto\\\/#primaryimage\"},\"image\":{\"@id\":\"https:\\\/\\\/zeromagazine.mx\\\/index.php\\\/2024\\\/06\\\/12\\\/los-huracanes-del-norte-prometen-un-espectaculo-historico-en-la-arena-cdmx-en-agosto\\\/#primaryimage\"},\"thumbnailUrl\":\"https:\\\/\\\/i0.wp.com\\\/zeromagazine.mx\\\/wp-content\\\/uploads\\\/2024\\\/06\\\/HURACANES-DEL-NORTE-AGOSTO-2024-ARENA-CDMX-CARTEL.jpg?fit=1066%2C1332&ssl=1\",\"datePublished\":\"2024-06-11T22:06:22+00:00\",\"dateModified\":\"2024-06-11T22:06:24+00:00\",\"breadcrumb\":{\"@id\":\"https:\\\/\\\/zeromagazine.mx\\\/index.php\\\/2024\\\/06\\\/12\\\/los-huracanes-del-norte-prometen-un-espectaculo-historico-en-la-arena-cdmx-en-agosto\\\/#breadcrumb\"},\"inLanguage\":\"es\",\"potentialAction\":[{\"@type\":\"ReadAction\",\"target\":[\"https:\\\/\\\/zeromagazine.mx\\\/index.php\\\/2024\\\/06\\\/12\\\/los-huracanes-del-norte-prometen-un-espectaculo-historico-en-la-arena-cdmx-en-agosto\\\/\"]}]},{\"@type\":\"ImageObject\",\"inLanguage\":\"es\",\"@id\":\"https:\\\/\\\/zeromagazine.mx\\\/index.php\\\/2024\\\/06\\\/12\\\/los-huracanes-del-norte-prometen-un-espectaculo-historico-en-la-arena-cdmx-en-agosto\\\/#primaryimage\",\"url\":\"https:\\\/\\\/i0.wp.com\\\/zeromagazine.mx\\\/wp-content\\\/uploads\\\/2024\\\/06\\\/HURACANES-DEL-NORTE-AGOSTO-2024-ARENA-CDMX-CARTEL.jpg?fit=1066%2C1332&ssl=1\",\"contentUrl\":\"https:\\\/\\\/i0.wp.com\\\/zeromagazine.mx\\\/wp-content\\\/uploads\\\/2024\\\/06\\\/HURACANES-DEL-NORTE-AGOSTO-2024-ARENA-CDMX-CARTEL.jpg?fit=1066%2C1332&ssl=1\",\"width\":1066,\"height\":1332},{\"@type\":\"BreadcrumbList\",\"@id\":\"https:\\\/\\\/zeromagazine.mx\\\/index.php\\\/2024\\\/06\\\/12\\\/los-huracanes-del-norte-prometen-un-espectaculo-historico-en-la-arena-cdmx-en-agosto\\\/#breadcrumb\",\"itemListElement\":[{\"@type\":\"ListItem\",\"position\":1,\"name\":\"Portada\",\"item\":\"https:\\\/\\\/zeromagazine.mx\\\/\"},{\"@type\":\"ListItem\",\"position\":2,\"name\":\"Los Huracanes del Norte Prometen un Espect\u00e1culo Hist\u00f3rico en la Arena CDMX en Agosto\"}]},{\"@type\":\"WebSite\",\"@id\":\"https:\\\/\\\/zeromagazine.mx\\\/#website\",\"url\":\"https:\\\/\\\/zeromagazine.mx\\\/\",\"name\":\"Zero Magazine\",\"description\":\"\",\"publisher\":{\"@id\":\"https:\\\/\\\/zeromagazine.mx\\\/#organization\"},\"potentialAction\":[{\"@type\":\"SearchAction\",\"target\":{\"@type\":\"EntryPoint\",\"urlTemplate\":\"https:\\\/\\\/zeromagazine.mx\\\/?s={search_term_string}\"},\"query-input\":{\"@type\":\"PropertyValueSpecification\",\"valueRequired\":true,\"valueName\":\"search_term_string\"}}],\"inLanguage\":\"es\"},{\"@type\":\"Organization\",\"@id\":\"https:\\\/\\\/zeromagazine.mx\\\/#organization\",\"name\":\"Zero Magazine\",\"url\":\"https:\\\/\\\/zeromagazine.mx\\\/\",\"logo\":{\"@type\":\"ImageObject\",\"inLanguage\":\"es\",\"@id\":\"https:\\\/\\\/zeromagazine.mx\\\/#\\\/schema\\\/logo\\\/image\\\/\",\"url\":\"https:\\\/\\\/i0.wp.com\\\/zeromagazine.mx\\\/wp-content\\\/uploads\\\/2025\\\/11\\\/1.jpeg?fit=1000%2C1000&ssl=1\",\"contentUrl\":\"https:\\\/\\\/i0.wp.com\\\/zeromagazine.mx\\\/wp-content\\\/uploads\\\/2025\\\/11\\\/1.jpeg?fit=1000%2C1000&ssl=1\",\"width\":1000,\"height\":1000,\"caption\":\"Zero Magazine\"},\"image\":{\"@id\":\"https:\\\/\\\/zeromagazine.mx\\\/#\\\/schema\\\/logo\\\/image\\\/\"},\"sameAs\":[\"https:\\\/\\\/instagram.com\\\/zeromagazinemx\"]},{\"@type\":\"Person\",\"@id\":\"https:\\\/\\\/zeromagazine.mx\\\/#\\\/schema\\\/person\\\/9f7f1a17c60ba8e9980e3e6677aabe5a\",\"name\":\"David Morales\",\"image\":{\"@type\":\"ImageObject\",\"inLanguage\":\"es\",\"@id\":\"https:\\\/\\\/zeromagazine.mx\\\/wp-content\\\/litespeed\\\/avatar\\\/76069d2136bfc1c37dc34815bb67ca42.jpg?ver=1776966186\",\"url\":\"https:\\\/\\\/zeromagazine.mx\\\/wp-content\\\/litespeed\\\/avatar\\\/76069d2136bfc1c37dc34815bb67ca42.jpg?ver=1776966186\",\"contentUrl\":\"https:\\\/\\\/zeromagazine.mx\\\/wp-content\\\/litespeed\\\/avatar\\\/76069d2136bfc1c37dc34815bb67ca42.jpg?ver=1776966186\",\"caption\":\"David Morales\"},\"url\":\"https:\\\/\\\/zeromagazine.mx\\\/index.php\\\/author\\\/david\\\/\"}]}<\/script>\n<!-- \/ Yoast SEO plugin. -->","yoast_head_json":{"title":"Los Huracanes del Norte Prometen un Espect\u00e1culo Hist\u00f3rico en la Arena CDMX en Agosto - Zero Magazine","robots":{"index":"index","follow":"follow","max-snippet":"max-snippet:-1","max-image-preview":"max-image-preview:large","max-video-preview":"max-video-preview:-1"},"canonical":"https:\/\/zeromagazine.mx\/index.php\/2024\/06\/12\/los-huracanes-del-norte-prometen-un-espectaculo-historico-en-la-arena-cdmx-en-agosto\/","og_locale":"es_ES","og_type":"article","og_title":"Los Huracanes del Norte Prometen un Espect\u00e1culo Hist\u00f3rico en la Arena CDMX en Agosto - Zero Magazine","og_description":"\u00bfYa se enteraron del mega concierto que se viene el s\u00e1bado 03 de Agosto en la Arena CDMX? \u00a1S\u00ed, ese donde Los Huracanes del Norte van a hacer historia una vez m\u00e1s! Y no est\u00e1n solos, \u00bfeh? Van a estar acompa\u00f1ados de Eliseo Robles y Los Tiranos del Norte, \u00a1se va a poner buen\u00edsimo! Primero [&hellip;]","og_url":"https:\/\/zeromagazine.mx\/index.php\/2024\/06\/12\/los-huracanes-del-norte-prometen-un-espectaculo-historico-en-la-arena-cdmx-en-agosto\/","og_site_name":"Zero Magazine","article_published_time":"2024-06-11T22:06:22+00:00","article_modified_time":"2024-06-11T22:06:24+00:00","og_image":[{"width":1066,"height":1332,"url":"https:\/\/i0.wp.com\/zeromagazine.mx\/wp-content\/uploads\/2024\/06\/HURACANES-DEL-NORTE-AGOSTO-2024-ARENA-CDMX-CARTEL.jpg?fit=1066%2C1332&ssl=1","type":"image\/jpeg"}],"author":"David Morales","twitter_card":"summary_large_image","twitter_misc":{"Escrito por":"David Morales","Tiempo de lectura":"1 minuto"},"schema":{"@context":"https:\/\/schema.org","@graph":[{"@type":"Article","@id":"https:\/\/zeromagazine.mx\/index.php\/2024\/06\/12\/los-huracanes-del-norte-prometen-un-espectaculo-historico-en-la-arena-cdmx-en-agosto\/#article","isPartOf":{"@id":"https:\/\/zeromagazine.mx\/index.php\/2024\/06\/12\/los-huracanes-del-norte-prometen-un-espectaculo-historico-en-la-arena-cdmx-en-agosto\/"},"author":{"name":"David Morales","@id":"https:\/\/zeromagazine.mx\/#\/schema\/person\/9f7f1a17c60ba8e9980e3e6677aabe5a"},"headline":"Los Huracanes del Norte Prometen un Espect\u00e1culo Hist\u00f3rico en la Arena CDMX en Agosto","datePublished":"2024-06-11T22:06:22+00:00","dateModified":"2024-06-11T22:06:24+00:00","mainEntityOfPage":{"@id":"https:\/\/zeromagazine.mx\/index.php\/2024\/06\/12\/los-huracanes-del-norte-prometen-un-espectaculo-historico-en-la-arena-cdmx-en-agosto\/"},"wordCount":297,"commentCount":0,"publisher":{"@id":"https:\/\/zeromagazine.mx\/#organization"},"image":{"@id":"https:\/\/zeromagazine.mx\/index.php\/2024\/06\/12\/los-huracanes-del-norte-prometen-un-espectaculo-historico-en-la-arena-cdmx-en-agosto\/#primaryimage"},"thumbnailUrl":"https:\/\/i0.wp.com\/zeromagazine.mx\/wp-content\/uploads\/2024\/06\/HURACANES-DEL-NORTE-AGOSTO-2024-ARENA-CDMX-CARTEL.jpg?fit=1066%2C1332&ssl=1","keywords":["agosto","Arena CDMX","Eliseo Robles","Los Huracanes del Norte"],"articleSection":["Blog"],"inLanguage":"es","potentialAction":[{"@type":"CommentAction","name":"Comment","target":["https:\/\/zeromagazine.mx\/index.php\/2024\/06\/12\/los-huracanes-del-norte-prometen-un-espectaculo-historico-en-la-arena-cdmx-en-agosto\/#respond"]}]},{"@type":"WebPage","@id":"https:\/\/zeromagazine.mx\/index.php\/2024\/06\/12\/los-huracanes-del-norte-prometen-un-espectaculo-historico-en-la-arena-cdmx-en-agosto\/","url":"https:\/\/zeromagazine.mx\/index.php\/2024\/06\/12\/los-huracanes-del-norte-prometen-un-espectaculo-historico-en-la-arena-cdmx-en-agosto\/","name":"Los Huracanes del Norte Prometen un Espect\u00e1culo Hist\u00f3rico en la Arena CDMX en Agosto - Zero Magazine","isPartOf":{"@id":"https:\/\/zeromagazine.mx\/#website"},"primaryImageOfPage":{"@id":"https:\/\/zeromagazine.mx\/index.php\/2024\/06\/12\/los-huracanes-del-norte-prometen-un-espectaculo-historico-en-la-arena-cdmx-en-agosto\/#primaryimage"},"image":{"@id":"https:\/\/zeromagazine.mx\/index.php\/2024\/06\/12\/los-huracanes-del-norte-prometen-un-espectaculo-historico-en-la-arena-cdmx-en-agosto\/#primaryimage"},"thumbnailUrl":"https:\/\/i0.wp.com\/zeromagazine.mx\/wp-content\/uploads\/2024\/06\/HURACANES-DEL-NORTE-AGOSTO-2024-ARENA-CDMX-CARTEL.jpg?fit=1066%2C1332&ssl=1","datePublished":"2024-06-11T22:06:22+00:00","dateModified":"2024-06-11T22:06:24+00:00","breadcrumb":{"@id":"https:\/\/zeromagazine.mx\/index.php\/2024\/06\/12\/los-huracanes-del-norte-prometen-un-espectaculo-historico-en-la-arena-cdmx-en-agosto\/#breadcrumb"},"inLanguage":"es","potentialAction":[{"@type":"ReadAction","target":["https:\/\/zeromagazine.mx\/index.php\/2024\/06\/12\/los-huracanes-del-norte-prometen-un-espectaculo-historico-en-la-arena-cdmx-en-agosto\/"]}]},{"@type":"ImageObject","inLanguage":"es","@id":"https:\/\/zeromagazine.mx\/index.php\/2024\/06\/12\/los-huracanes-del-norte-prometen-un-espectaculo-historico-en-la-arena-cdmx-en-agosto\/#primaryimage","url":"https:\/\/i0.wp.com\/zeromagazine.mx\/wp-content\/uploads\/2024\/06\/HURACANES-DEL-NORTE-AGOSTO-2024-ARENA-CDMX-CARTEL.jpg?fit=1066%2C1332&ssl=1","contentUrl":"https:\/\/i0.wp.com\/zeromagazine.mx\/wp-content\/uploads\/2024\/06\/HURACANES-DEL-NORTE-AGOSTO-2024-ARENA-CDMX-CARTEL.jpg?fit=1066%2C1332&ssl=1","width":1066,"height":1332},{"@type":"BreadcrumbList","@id":"https:\/\/zeromagazine.mx\/index.php\/2024\/06\/12\/los-huracanes-del-norte-prometen-un-espectaculo-historico-en-la-arena-cdmx-en-agosto\/#breadcrumb","itemListElement":[{"@type":"ListItem","position":1,"name":"Portada","item":"https:\/\/zeromagazine.mx\/"},{"@type":"ListItem","position":2,"name":"Los Huracanes del Norte Prometen un Espect\u00e1culo Hist\u00f3rico en la Arena CDMX en Agosto"}]},{"@type":"WebSite","@id":"https:\/\/zeromagazine.mx\/#website","url":"https:\/\/zeromagazine.mx\/","name":"Zero Magazine","description":"","publisher":{"@id":"https:\/\/zeromagazine.mx\/#organization"},"potentialAction":[{"@type":"SearchAction","target":{"@type":"EntryPoint","urlTemplate":"https:\/\/zeromagazine.mx\/?s={search_term_string}"},"query-input":{"@type":"PropertyValueSpecification","valueRequired":true,"valueName":"search_term_string"}}],"inLanguage":"es"},{"@type":"Organization","@id":"https:\/\/zeromagazine.mx\/#organization","name":"Zero Magazine","url":"https:\/\/zeromagazine.mx\/","logo":{"@type":"ImageObject","inLanguage":"es","@id":"https:\/\/zeromagazine.mx\/#\/schema\/logo\/image\/","url":"https:\/\/i0.wp.com\/zeromagazine.mx\/wp-content\/uploads\/2025\/11\/1.jpeg?fit=1000%2C1000&ssl=1","contentUrl":"https:\/\/i0.wp.com\/zeromagazine.mx\/wp-content\/uploads\/2025\/11\/1.jpeg?fit=1000%2C1000&ssl=1","width":1000,"height":1000,"caption":"Zero Magazine"},"image":{"@id":"https:\/\/zeromagazine.mx\/#\/schema\/logo\/image\/"},"sameAs":["https:\/\/instagram.com\/zeromagazinemx"]},{"@type":"Person","@id":"https:\/\/zeromagazine.mx\/#\/schema\/person\/9f7f1a17c60ba8e9980e3e6677aabe5a","name":"David Morales","image":{"@type":"ImageObject","inLanguage":"es","@id":"https:\/\/zeromagazine.mx\/wp-content\/litespeed\/avatar\/76069d2136bfc1c37dc34815bb67ca42.jpg?ver=1776966186","url":"https:\/\/zeromagazine.mx\/wp-content\/litespeed\/avatar\/76069d2136bfc1c37dc34815bb67ca42.jpg?ver=1776966186","contentUrl":"https:\/\/zeromagazine.mx\/wp-content\/litespeed\/avatar\/76069d2136bfc1c37dc34815bb67ca42.jpg?ver=1776966186","caption":"David Morales"},"url":"https:\/\/zeromagazine.mx\/index.php\/author\/david\/"}]}},"jetpack_publicize_connections":[],"jetpack_featured_media_url":"https:\/\/i0.wp.com\/zeromagazine.mx\/wp-content\/uploads\/2024\/06\/HURACANES-DEL-NORTE-AGOSTO-2024-ARENA-CDMX-CARTEL.jpg?fit=1066%2C1332&ssl=1","jetpack-related-posts":[{"id":52016,"url":"https:\/\/zeromagazine.mx\/index.php\/2021\/08\/13\/como-vivir-una-experiencia-diferente-sin-salir-de-la-cdmx\/","url_meta":{"origin":77724,"position":0},"title":"C\u00f3mo vivir una experiencia diferente sin salir de la CDMX","author":"zeromagazinemx","date":"13 de agosto de 2021","format":false,"excerpt":"Cada vez surgen m\u00e1s ganas de salir para darnos un respiro y disfrutar momentos de descanso y diversi\u00f3n, pero debido a la situaci\u00f3n actual esto se complica as\u00ed que aqu\u00ed te dejamos formas de disfrutar sin salir de la ciudad. Por Moises Kushelevich La Ciudad de M\u00e9xico tiene miles de\u2026","rel":"","context":"En \u00abLifestyle\u00bb","block_context":{"text":"Lifestyle","link":"https:\/\/zeromagazine.mx\/index.php\/category\/lifestyle\/"},"img":{"alt_text":"","src":"","width":0,"height":0},"classes":[]},{"id":78856,"url":"https:\/\/zeromagazine.mx\/index.php\/2024\/06\/20\/la-pelea-del-siglo-mayweather-vs-gotti-iii-en-la-arena-cdmx\/","url_meta":{"origin":77724,"position":1},"title":"La Pelea del Siglo: Mayweather vs Gotti III en la Arena CDMX","author":"zeromagazinemx","date":"20 de junio de 2024","format":false,"excerpt":"Amix, \u00a1prep\u00e1rense porque les traigo la noticia m\u00e1s candente del a\u00f1o! El 24 de agosto, la Arena Ciudad de M\u00e9xico se transformar\u00e1 en el epicentro del boxeo mundial con el enfrentamiento \u00e9pico entre Floyd Mayweather Jr. y John Gotti III. S\u00ed, lo leyeron bien, el invicto Mayweather pisa suelo mexicano\u2026","rel":"","context":"En \u00abBlog\u00bb","block_context":{"text":"Blog","link":"https:\/\/zeromagazine.mx\/index.php\/category\/blog\/"},"img":{"alt_text":"","src":"https:\/\/i0.wp.com\/zeromagazine.mx\/wp-content\/uploads\/2024\/06\/TOONLY-FloydVsGotti_PREVBBVA_3x4-scaled.jpg?fit=960%2C1200&ssl=1&resize=350%2C200","width":350,"height":200,"srcset":"https:\/\/i0.wp.com\/zeromagazine.mx\/wp-content\/uploads\/2024\/06\/TOONLY-FloydVsGotti_PREVBBVA_3x4-scaled.jpg?fit=960%2C1200&ssl=1&resize=350%2C200 1x, https:\/\/i0.wp.com\/zeromagazine.mx\/wp-content\/uploads\/2024\/06\/TOONLY-FloydVsGotti_PREVBBVA_3x4-scaled.jpg?fit=960%2C1200&ssl=1&resize=525%2C300 1.5x, https:\/\/i0.wp.com\/zeromagazine.mx\/wp-content\/uploads\/2024\/06\/TOONLY-FloydVsGotti_PREVBBVA_3x4-scaled.jpg?fit=960%2C1200&ssl=1&resize=700%2C400 2x"},"classes":[]},{"id":74836,"url":"https:\/\/zeromagazine.mx\/index.php\/2024\/04\/25\/handshake-speakeasy-el-mejor-bar-de-america-del-norte\/","url_meta":{"origin":77724,"position":2},"title":"Handshake Speakeasy: El Mejor Bar de Am\u00e9rica del Norte","author":"zeromagazinemx","date":"25 de abril de 2024","format":false,"excerpt":"\u00a1El Handshake Speakeasy, aqu\u00ed en la CDMX, se coron\u00f3 como el mejor bar de toda Am\u00e9rica del Norte! \u00a1S\u00ed, lo escucharon bien! \u00a1El n\u00famero uno! Esto no es cualquier cosa, es un logro enorme para nuestra querida ciudad y para toda la comunidad de amantes de los c\u00f3cteles. Pero espera,\u2026","rel":"","context":"En \u00abFoodie\u00bb","block_context":{"text":"Foodie","link":"https:\/\/zeromagazine.mx\/index.php\/category\/lifestyle\/foodie\/"},"img":{"alt_text":"","src":"https:\/\/i0.wp.com\/zeromagazine.mx\/wp-content\/uploads\/2024\/04\/North-Americas-50-Best-Bars-2024-Group-shot-Low-res-scaled.jpg?fit=1200%2C611&ssl=1&resize=350%2C200","width":350,"height":200,"srcset":"https:\/\/i0.wp.com\/zeromagazine.mx\/wp-content\/uploads\/2024\/04\/North-Americas-50-Best-Bars-2024-Group-shot-Low-res-scaled.jpg?fit=1200%2C611&ssl=1&resize=350%2C200 1x, https:\/\/i0.wp.com\/zeromagazine.mx\/wp-content\/uploads\/2024\/04\/North-Americas-50-Best-Bars-2024-Group-shot-Low-res-scaled.jpg?fit=1200%2C611&ssl=1&resize=525%2C300 1.5x, https:\/\/i0.wp.com\/zeromagazine.mx\/wp-content\/uploads\/2024\/04\/North-Americas-50-Best-Bars-2024-Group-shot-Low-res-scaled.jpg?fit=1200%2C611&ssl=1&resize=700%2C400 2x, https:\/\/i0.wp.com\/zeromagazine.mx\/wp-content\/uploads\/2024\/04\/North-Americas-50-Best-Bars-2024-Group-shot-Low-res-scaled.jpg?fit=1200%2C611&ssl=1&resize=1050%2C600 3x"},"classes":[]},{"id":85897,"url":"https:\/\/zeromagazine.mx\/index.php\/2024\/10\/09\/fashion-week-cdmx-vibes-on-point\/","url_meta":{"origin":77724,"position":3},"title":"\u00abFashion Week CDMX: Vibes On Point\u00bb","author":"zeromagazinemx","date":"9 de octubre de 2024","format":false,"excerpt":"\u00a1Omg, la\u00a0Mercedes-Benz Fashion Week M\u00e9xico\u00a0est\u00e1 de regreso en la\u00a0CDMX, y honestly, est\u00e1 lista para dejar su huella m\u00e1s grande que nunca del 15 al 18 de octubre! Si eres fan de la moda o solo quieres vibes trendy, esta es\u00a0the place to be. Imag\u00ednate un evento donde el arte, la\u2026","rel":"","context":"En \u00abEntretenimiento\u00bb","block_context":{"text":"Entretenimiento","link":"https:\/\/zeromagazine.mx\/index.php\/category\/entretenimiento\/"},"img":{"alt_text":"","src":"https:\/\/i0.wp.com\/zeromagazine.mx\/wp-content\/uploads\/2024\/10\/CAMPANANA-MBFWMx-Oficial-1-1.png?fit=1200%2C800&ssl=1&resize=350%2C200","width":350,"height":200,"srcset":"https:\/\/i0.wp.com\/zeromagazine.mx\/wp-content\/uploads\/2024\/10\/CAMPANANA-MBFWMx-Oficial-1-1.png?fit=1200%2C800&ssl=1&resize=350%2C200 1x, https:\/\/i0.wp.com\/zeromagazine.mx\/wp-content\/uploads\/2024\/10\/CAMPANANA-MBFWMx-Oficial-1-1.png?fit=1200%2C800&ssl=1&resize=525%2C300 1.5x, https:\/\/i0.wp.com\/zeromagazine.mx\/wp-content\/uploads\/2024\/10\/CAMPANANA-MBFWMx-Oficial-1-1.png?fit=1200%2C800&ssl=1&resize=700%2C400 2x, https:\/\/i0.wp.com\/zeromagazine.mx\/wp-content\/uploads\/2024\/10\/CAMPANANA-MBFWMx-Oficial-1-1.png?fit=1200%2C800&ssl=1&resize=1050%2C600 3x"},"classes":[]},{"id":82420,"url":"https:\/\/zeromagazine.mx\/index.php\/2024\/08\/23\/verano-con-ritmos-que-atrapan\/","url_meta":{"origin":77724,"position":4},"title":"\u00abVerano con ritmos que atrapan\u00bb","author":"zeromagazinemx","date":"23 de agosto de 2024","format":false,"excerpt":"\u00bfQu\u00e9 onda, amig@s? Este verano, si andas buscando una experiencia musical que te saque de la rutina y te meta en un mood bien chill, Jazzatl\u00e1n Capital es el spot perfecto para ti. Ubicado en el coraz\u00f3n de la Roma Norte, este lugar se ha convertido en el epicentro de\u2026","rel":"","context":"En \u00abEntretenimiento\u00bb","block_context":{"text":"Entretenimiento","link":"https:\/\/zeromagazine.mx\/index.php\/category\/entretenimiento\/"},"img":{"alt_text":"","src":"https:\/\/i0.wp.com\/zeromagazine.mx\/wp-content\/uploads\/2024\/08\/IMG_6384-Cercis-Morera-Boado-scaled.jpeg?fit=1200%2C800&ssl=1&resize=350%2C200","width":350,"height":200,"srcset":"https:\/\/i0.wp.com\/zeromagazine.mx\/wp-content\/uploads\/2024\/08\/IMG_6384-Cercis-Morera-Boado-scaled.jpeg?fit=1200%2C800&ssl=1&resize=350%2C200 1x, https:\/\/i0.wp.com\/zeromagazine.mx\/wp-content\/uploads\/2024\/08\/IMG_6384-Cercis-Morera-Boado-scaled.jpeg?fit=1200%2C800&ssl=1&resize=525%2C300 1.5x, https:\/\/i0.wp.com\/zeromagazine.mx\/wp-content\/uploads\/2024\/08\/IMG_6384-Cercis-Morera-Boado-scaled.jpeg?fit=1200%2C800&ssl=1&resize=700%2C400 2x, https:\/\/i0.wp.com\/zeromagazine.mx\/wp-content\/uploads\/2024\/08\/IMG_6384-Cercis-Morera-Boado-scaled.jpeg?fit=1200%2C800&ssl=1&resize=1050%2C600 3x"},"classes":[]},{"id":91688,"url":"https:\/\/zeromagazine.mx\/index.php\/2024\/11\/26\/rels-b-regresa-con-a-new-star-tour\/","url_meta":{"origin":77724,"position":5},"title":"Rels B Regresa con A New Star Tour","author":"zeromagazinemx","date":"26 de noviembre de 2024","format":false,"excerpt":"Zero Squad, si son de los que vibran con el reggaet\u00f3n, trap y esos beats pesados que te hacen sentir hasta el alma, seguro ya sabes que Rels B es ese artista que habla directo al coraz\u00f3n. Pero si todav\u00eda no te has subido al hype de este crack espa\u00f1ol,\u2026","rel":"","context":"En \u00abEntretenimiento\u00bb","block_context":{"text":"Entretenimiento","link":"https:\/\/zeromagazine.mx\/index.php\/category\/entretenimiento\/"},"img":{"alt_text":"","src":"https:\/\/i0.wp.com\/zeromagazine.mx\/wp-content\/uploads\/2024\/11\/Rels-B-Gira-2025-6-scaled.jpg?fit=1200%2C675&ssl=1&resize=350%2C200","width":350,"height":200,"srcset":"https:\/\/i0.wp.com\/zeromagazine.mx\/wp-content\/uploads\/2024\/11\/Rels-B-Gira-2025-6-scaled.jpg?fit=1200%2C675&ssl=1&resize=350%2C200 1x, https:\/\/i0.wp.com\/zeromagazine.mx\/wp-content\/uploads\/2024\/11\/Rels-B-Gira-2025-6-scaled.jpg?fit=1200%2C675&ssl=1&resize=525%2C300 1.5x, https:\/\/i0.wp.com\/zeromagazine.mx\/wp-content\/uploads\/2024\/11\/Rels-B-Gira-2025-6-scaled.jpg?fit=1200%2C675&ssl=1&resize=700%2C400 2x, https:\/\/i0.wp.com\/zeromagazine.mx\/wp-content\/uploads\/2024\/11\/Rels-B-Gira-2025-6-scaled.jpg?fit=1200%2C675&ssl=1&resize=1050%2C600 3x"},"classes":[]}],"jetpack_sharing_enabled":true,"builder_content":"","_links":{"self":[{"href":"https:\/\/zeromagazine.mx\/index.php\/wp-json\/wp\/v2\/posts\/77724","targetHints":{"allow":["GET"]}}],"collection":[{"href":"https:\/\/zeromagazine.mx\/index.php\/wp-json\/wp\/v2\/posts"}],"about":[{"href":"https:\/\/zeromagazine.mx\/index.php\/wp-json\/wp\/v2\/types\/post"}],"author":[{"embeddable":true,"href":"https:\/\/zeromagazine.mx\/index.php\/wp-json\/wp\/v2\/users\/4"}],"replies":[{"embeddable":true,"href":"https:\/\/zeromagazine.mx\/index.php\/wp-json\/wp\/v2\/comments?post=77724"}],"version-history":[{"count":2,"href":"https:\/\/zeromagazine.mx\/index.php\/wp-json\/wp\/v2\/posts\/77724\/revisions"}],"predecessor-version":[{"id":77728,"href":"https:\/\/zeromagazine.mx\/index.php\/wp-json\/wp\/v2\/posts\/77724\/revisions\/77728"}],"wp:featuredmedia":[{"embeddable":true,"href":"https:\/\/zeromagazine.mx\/index.php\/wp-json\/wp\/v2\/media\/77725"}],"wp:attachment":[{"href":"https:\/\/zeromagazine.mx\/index.php\/wp-json\/wp\/v2\/media?parent=77724"}],"wp:term":[{"taxonomy":"category","embeddable":true,"href":"https:\/\/zeromagazine.mx\/index.php\/wp-json\/wp\/v2\/categories?post=77724"},{"taxonomy":"post_tag","embeddable":true,"href":"https:\/\/zeromagazine.mx\/index.php\/wp-json\/wp\/v2\/tags?post=77724"}],"curies":[{"name":"wp","href":"https:\/\/api.w.org\/{rel}","templated":true}]}}