{"id":77797,"date":"2024-06-12T02:40:29","date_gmt":"2024-06-12T00:40:29","guid":{"rendered":"https:\/\/zeromagazine.mx\/?p=77797"},"modified":"2024-06-12T02:40:31","modified_gmt":"2024-06-12T00:40:31","slug":"fashion-summer-las-bolsas-de-moda-mas-iconicas-para-un-verano-con-estilo","status":"publish","type":"post","link":"https:\/\/zeromagazine.mx\/index.php\/2024\/06\/12\/fashion-summer-las-bolsas-de-moda-mas-iconicas-para-un-verano-con-estilo\/","title":{"rendered":"FASHION SUMMER: Las Bolsas de Moda M\u00e1s Ic\u00f3nicas para un Verano con Estilo"},"content":{"rendered":"<p>\u00bfAlguna vez te has preguntado qu\u00e9 hace tan especiales a esos bolsos de marca que todas las influencers y celebridades parecen tener? Pues, aunque para algunos solo sean un lujo o un s\u00edmbolo de estatus, la verdad es que van mucho m\u00e1s all\u00e1. <\/p>\n\n\n\n<script async src=\"https:\/\/pagead2.googlesyndication.com\/pagead\/js\/adsbygoogle.js?client=ca-pub-5499304793904745\"\n     crossorigin=\"anonymous\"><\/script>\n<ins class=\"adsbygoogle\"\n     style=\"display:block; text-align:center;\"\n     data-ad-layout=\"in-article\"\n     data-ad-format=\"fluid\"\n     data-ad-client=\"ca-pub-5499304793904745\"\n     data-ad-slot=\"5994863093\"><\/ins>\n<script>\n     (adsbygoogle = window.adsbygoogle || []).push({});\n<\/script>\n\n\n\n<p><\/p>\n\n\n\n<p>Primero que nada, hay que entender que estos bolsos no son solo accesorios, \u00a1son inversiones! S\u00ed, as\u00ed como lo oyes. Hay personas que los consideran incluso m\u00e1s seguros que el oro. \u00bfPor qu\u00e9? Bueno, resulta que con el tiempo, su valor puede aumentar considerablemente. \u00bfTe imaginas tener una pieza que con el pasar de los a\u00f1os valga a\u00fan m\u00e1s de lo que pagaste por ella? \u00a1Incre\u00edble!<\/p>\n\n\n<div class=\"wp-block-image\">\n<figure class=\"aligncenter size-full\"><img data-recalc-dims=\"1\" decoding=\"async\" width=\"697\" height=\"520\" src=\"https:\/\/i0.wp.com\/zeromagazine.mx\/wp-content\/uploads\/2024\/06\/unnamed-17.jpg?resize=697%2C520&#038;ssl=1\" alt=\"\" class=\"wp-image-77800\" srcset=\"https:\/\/i0.wp.com\/zeromagazine.mx\/wp-content\/uploads\/2024\/06\/unnamed-17.jpg?w=697&amp;ssl=1 697w, https:\/\/i0.wp.com\/zeromagazine.mx\/wp-content\/uploads\/2024\/06\/unnamed-17.jpg?resize=300%2C224&amp;ssl=1 300w\" sizes=\"(max-width: 697px) 100vw, 697px\" \/><\/figure>\n<\/div>\n\n\n<p>Ahora, hablemos de los modelos ic\u00f3nicos que todas conocemos. \u00a1Ah\u00ed viene el desfile de nombres! Mientras que algunas marcas como Herm\u00e8s con su Birkin o Dior con su Lady Dior se han convertido en sin\u00f3nimos de elegancia y sofisticaci\u00f3n, otras como Prada con su Galleria nos transportan a d\u00e9cadas pasadas con un toque moderno que nos encanta.<\/p>\n\n\n<div class=\"wp-block-image\">\n<figure class=\"aligncenter size-full\"><img data-recalc-dims=\"1\" decoding=\"async\" width=\"585\" height=\"538\" src=\"https:\/\/i0.wp.com\/zeromagazine.mx\/wp-content\/uploads\/2024\/06\/unnamed-16-1.jpg?resize=585%2C538&#038;ssl=1\" alt=\"\" class=\"wp-image-77799\" srcset=\"https:\/\/i0.wp.com\/zeromagazine.mx\/wp-content\/uploads\/2024\/06\/unnamed-16-1.jpg?w=585&amp;ssl=1 585w, https:\/\/i0.wp.com\/zeromagazine.mx\/wp-content\/uploads\/2024\/06\/unnamed-16-1.jpg?resize=300%2C276&amp;ssl=1 300w\" sizes=\"(max-width: 585px) 100vw, 585px\" \/><\/figure>\n<\/div>\n\n\n<p><\/p>\n\n\n\n<p>Pero espera, la historia detr\u00e1s de estos bolsos es lo que los hace a\u00fan m\u00e1s interesantes. \u00bfSab\u00edas que el Birkin de Herm\u00e8s fue creado gracias a un encuentro fortuito entre la actriz Jane Birkin y el presidente de la marca? \u00a1S\u00ed! Y luego est\u00e1 el Jackie de Gucci, inspirado en el estilo de la mism\u00edsima Jackie Kennedy. \u00a1Son como peque\u00f1os tesoros con historias fascinantes!<\/p>\n\n\n\n<script async src=\"https:\/\/pagead2.googlesyndication.com\/pagead\/js\/adsbygoogle.js?client=ca-pub-5499304793904745\"\n     crossorigin=\"anonymous\"><\/script>\n<ins class=\"adsbygoogle\"\n     style=\"display:block; text-align:center;\"\n     data-ad-layout=\"in-article\"\n     data-ad-format=\"fluid\"\n     data-ad-client=\"ca-pub-5499304793904745\"\n     data-ad-slot=\"5994863093\"><\/ins>\n<script>\n     (adsbygoogle = window.adsbygoogle || []).push({});\n<\/script>\n\n\n\n<p><\/p>\n\n\n\n<p>Y no te preocupes, si est\u00e1s pensando en invertir en uno de estos bolsos, \u00a1hay opciones para todos los gustos y presupuestos! Desde modelos vintage hasta ediciones limitadas, siempre habr\u00e1 uno que se adapte a tu estilo y personalidad.<\/p>\n\n\n\n<p>Ah, y antes de que se me olvide, \u00a1no te pierdas el Fashion Summer de eBay! Con descuentos de hasta el 15% en bolsos, joyer\u00eda y relojes de lujo, es la oportunidad perfecta para hacerte con ese bolso que tanto has estado deseando. <\/p>\n\n<!--themify_builder_content-->\n<div id=\"themify_builder_content-77797\" data-postid=\"77797\" class=\"themify_builder_content themify_builder_content-77797 themify_builder tf_clear\">\n    <\/div>\n<!--\/themify_builder_content-->","protected":false},"excerpt":{"rendered":"<p>\u00bfAlguna vez te has preguntado qu\u00e9 hace tan especiales a esos bolsos de marca que todas las influencers y celebridades parecen tener? Pues, aunque para algunos solo sean un lujo o un s\u00edmbolo de estatus, la verdad es que van mucho m\u00e1s all\u00e1. Primero que nada, hay que entender que estos bolsos no son solo [&hellip;]<\/p>\n","protected":false},"author":2,"featured_media":77798,"comment_status":"open","ping_status":"open","sticky":false,"template":"","format":"standard","meta":{"_jetpack_memberships_contains_paid_content":false,"footnotes":"","jetpack_publicize_message":"","jetpack_publicize_feature_enabled":true,"jetpack_social_post_already_shared":true,"jetpack_social_options":{"image_generator_settings":{"template":"highway","default_image_id":0,"font":"","enabled":false},"version":2}},"categories":[67],"tags":[8607,7977,8606],"class_list":["post-77797","post","type-post","status-publish","format-standard","has-post-thumbnail","hentry","category-moda","tag-bolsas","tag-ebay","tag-fashion-summer","has-post-title","has-post-date","has-post-category","has-post-tag","has-post-comment","has-post-author",""],"yoast_head":"<!-- This site is optimized with the Yoast SEO plugin v27.4 - https:\/\/yoast.com\/product\/yoast-seo-wordpress\/ -->\n<title>FASHION SUMMER: Las Bolsas de Moda M\u00e1s Ic\u00f3nicas para un Verano con Estilo - Zero Magazine<\/title>\n<meta name=\"robots\" content=\"index, follow, max-snippet:-1, max-image-preview:large, max-video-preview:-1\" \/>\n<link rel=\"canonical\" href=\"https:\/\/zeromagazine.mx\/index.php\/2024\/06\/12\/fashion-summer-las-bolsas-de-moda-mas-iconicas-para-un-verano-con-estilo\/\" \/>\n<meta property=\"og:locale\" content=\"es_ES\" \/>\n<meta property=\"og:type\" content=\"article\" \/>\n<meta property=\"og:title\" content=\"FASHION SUMMER: Las Bolsas de Moda M\u00e1s Ic\u00f3nicas para un Verano con Estilo - Zero Magazine\" \/>\n<meta property=\"og:description\" content=\"\u00bfAlguna vez te has preguntado qu\u00e9 hace tan especiales a esos bolsos de marca que todas las influencers y celebridades parecen tener? Pues, aunque para algunos solo sean un lujo o un s\u00edmbolo de estatus, la verdad es que van mucho m\u00e1s all\u00e1. Primero que nada, hay que entender que estos bolsos no son solo [&hellip;]\" \/>\n<meta property=\"og:url\" content=\"https:\/\/zeromagazine.mx\/index.php\/2024\/06\/12\/fashion-summer-las-bolsas-de-moda-mas-iconicas-para-un-verano-con-estilo\/\" \/>\n<meta property=\"og:site_name\" content=\"Zero Magazine\" \/>\n<meta property=\"article:published_time\" content=\"2024-06-12T00:40:29+00:00\" \/>\n<meta property=\"article:modified_time\" content=\"2024-06-12T00:40:31+00:00\" \/>\n<meta property=\"og:image\" content=\"https:\/\/i0.wp.com\/zeromagazine.mx\/wp-content\/uploads\/2024\/06\/unnamed-15-1.jpg?fit=859%2C459&ssl=1\" \/>\n\t<meta property=\"og:image:width\" content=\"859\" \/>\n\t<meta property=\"og:image:height\" content=\"459\" \/>\n\t<meta property=\"og:image:type\" content=\"image\/jpeg\" \/>\n<meta name=\"author\" content=\"zeromagazinemx\" \/>\n<meta name=\"twitter:card\" content=\"summary_large_image\" \/>\n<meta name=\"twitter:label1\" content=\"Escrito por\" \/>\n\t<meta name=\"twitter:data1\" content=\"zeromagazinemx\" \/>\n\t<meta name=\"twitter:label2\" content=\"Tiempo de lectura\" \/>\n\t<meta name=\"twitter:data2\" content=\"2 minutos\" \/>\n<script type=\"application\/ld+json\" class=\"yoast-schema-graph\">{\"@context\":\"https:\\\/\\\/schema.org\",\"@graph\":[{\"@type\":\"Article\",\"@id\":\"https:\\\/\\\/zeromagazine.mx\\\/index.php\\\/2024\\\/06\\\/12\\\/fashion-summer-las-bolsas-de-moda-mas-iconicas-para-un-verano-con-estilo\\\/#article\",\"isPartOf\":{\"@id\":\"https:\\\/\\\/zeromagazine.mx\\\/index.php\\\/2024\\\/06\\\/12\\\/fashion-summer-las-bolsas-de-moda-mas-iconicas-para-un-verano-con-estilo\\\/\"},\"author\":{\"name\":\"zeromagazinemx\",\"@id\":\"https:\\\/\\\/zeromagazine.mx\\\/#\\\/schema\\\/person\\\/9aed9f33a7c39af3a348b86d723f7773\"},\"headline\":\"FASHION SUMMER: Las Bolsas de Moda M\u00e1s Ic\u00f3nicas para un Verano con Estilo\",\"datePublished\":\"2024-06-12T00:40:29+00:00\",\"dateModified\":\"2024-06-12T00:40:31+00:00\",\"mainEntityOfPage\":{\"@id\":\"https:\\\/\\\/zeromagazine.mx\\\/index.php\\\/2024\\\/06\\\/12\\\/fashion-summer-las-bolsas-de-moda-mas-iconicas-para-un-verano-con-estilo\\\/\"},\"wordCount\":347,\"commentCount\":0,\"publisher\":{\"@id\":\"https:\\\/\\\/zeromagazine.mx\\\/#organization\"},\"image\":{\"@id\":\"https:\\\/\\\/zeromagazine.mx\\\/index.php\\\/2024\\\/06\\\/12\\\/fashion-summer-las-bolsas-de-moda-mas-iconicas-para-un-verano-con-estilo\\\/#primaryimage\"},\"thumbnailUrl\":\"https:\\\/\\\/i0.wp.com\\\/zeromagazine.mx\\\/wp-content\\\/uploads\\\/2024\\\/06\\\/unnamed-15-1.jpg?fit=859%2C459&ssl=1\",\"keywords\":[\"Bolsas\",\"eBay\",\"FASHION SUMMER\"],\"articleSection\":[\"Moda\"],\"inLanguage\":\"es\",\"potentialAction\":[{\"@type\":\"CommentAction\",\"name\":\"Comment\",\"target\":[\"https:\\\/\\\/zeromagazine.mx\\\/index.php\\\/2024\\\/06\\\/12\\\/fashion-summer-las-bolsas-de-moda-mas-iconicas-para-un-verano-con-estilo\\\/#respond\"]}]},{\"@type\":\"WebPage\",\"@id\":\"https:\\\/\\\/zeromagazine.mx\\\/index.php\\\/2024\\\/06\\\/12\\\/fashion-summer-las-bolsas-de-moda-mas-iconicas-para-un-verano-con-estilo\\\/\",\"url\":\"https:\\\/\\\/zeromagazine.mx\\\/index.php\\\/2024\\\/06\\\/12\\\/fashion-summer-las-bolsas-de-moda-mas-iconicas-para-un-verano-con-estilo\\\/\",\"name\":\"FASHION SUMMER: Las Bolsas de Moda M\u00e1s Ic\u00f3nicas para un Verano con Estilo - Zero Magazine\",\"isPartOf\":{\"@id\":\"https:\\\/\\\/zeromagazine.mx\\\/#website\"},\"primaryImageOfPage\":{\"@id\":\"https:\\\/\\\/zeromagazine.mx\\\/index.php\\\/2024\\\/06\\\/12\\\/fashion-summer-las-bolsas-de-moda-mas-iconicas-para-un-verano-con-estilo\\\/#primaryimage\"},\"image\":{\"@id\":\"https:\\\/\\\/zeromagazine.mx\\\/index.php\\\/2024\\\/06\\\/12\\\/fashion-summer-las-bolsas-de-moda-mas-iconicas-para-un-verano-con-estilo\\\/#primaryimage\"},\"thumbnailUrl\":\"https:\\\/\\\/i0.wp.com\\\/zeromagazine.mx\\\/wp-content\\\/uploads\\\/2024\\\/06\\\/unnamed-15-1.jpg?fit=859%2C459&ssl=1\",\"datePublished\":\"2024-06-12T00:40:29+00:00\",\"dateModified\":\"2024-06-12T00:40:31+00:00\",\"breadcrumb\":{\"@id\":\"https:\\\/\\\/zeromagazine.mx\\\/index.php\\\/2024\\\/06\\\/12\\\/fashion-summer-las-bolsas-de-moda-mas-iconicas-para-un-verano-con-estilo\\\/#breadcrumb\"},\"inLanguage\":\"es\",\"potentialAction\":[{\"@type\":\"ReadAction\",\"target\":[\"https:\\\/\\\/zeromagazine.mx\\\/index.php\\\/2024\\\/06\\\/12\\\/fashion-summer-las-bolsas-de-moda-mas-iconicas-para-un-verano-con-estilo\\\/\"]}]},{\"@type\":\"ImageObject\",\"inLanguage\":\"es\",\"@id\":\"https:\\\/\\\/zeromagazine.mx\\\/index.php\\\/2024\\\/06\\\/12\\\/fashion-summer-las-bolsas-de-moda-mas-iconicas-para-un-verano-con-estilo\\\/#primaryimage\",\"url\":\"https:\\\/\\\/i0.wp.com\\\/zeromagazine.mx\\\/wp-content\\\/uploads\\\/2024\\\/06\\\/unnamed-15-1.jpg?fit=859%2C459&ssl=1\",\"contentUrl\":\"https:\\\/\\\/i0.wp.com\\\/zeromagazine.mx\\\/wp-content\\\/uploads\\\/2024\\\/06\\\/unnamed-15-1.jpg?fit=859%2C459&ssl=1\",\"width\":859,\"height\":459},{\"@type\":\"BreadcrumbList\",\"@id\":\"https:\\\/\\\/zeromagazine.mx\\\/index.php\\\/2024\\\/06\\\/12\\\/fashion-summer-las-bolsas-de-moda-mas-iconicas-para-un-verano-con-estilo\\\/#breadcrumb\",\"itemListElement\":[{\"@type\":\"ListItem\",\"position\":1,\"name\":\"Portada\",\"item\":\"https:\\\/\\\/zeromagazine.mx\\\/\"},{\"@type\":\"ListItem\",\"position\":2,\"name\":\"FASHION SUMMER: Las Bolsas de Moda M\u00e1s Ic\u00f3nicas para un Verano con Estilo\"}]},{\"@type\":\"WebSite\",\"@id\":\"https:\\\/\\\/zeromagazine.mx\\\/#website\",\"url\":\"https:\\\/\\\/zeromagazine.mx\\\/\",\"name\":\"Zero Magazine\",\"description\":\"\",\"publisher\":{\"@id\":\"https:\\\/\\\/zeromagazine.mx\\\/#organization\"},\"potentialAction\":[{\"@type\":\"SearchAction\",\"target\":{\"@type\":\"EntryPoint\",\"urlTemplate\":\"https:\\\/\\\/zeromagazine.mx\\\/?s={search_term_string}\"},\"query-input\":{\"@type\":\"PropertyValueSpecification\",\"valueRequired\":true,\"valueName\":\"search_term_string\"}}],\"inLanguage\":\"es\"},{\"@type\":\"Organization\",\"@id\":\"https:\\\/\\\/zeromagazine.mx\\\/#organization\",\"name\":\"Zero Magazine\",\"url\":\"https:\\\/\\\/zeromagazine.mx\\\/\",\"logo\":{\"@type\":\"ImageObject\",\"inLanguage\":\"es\",\"@id\":\"https:\\\/\\\/zeromagazine.mx\\\/#\\\/schema\\\/logo\\\/image\\\/\",\"url\":\"https:\\\/\\\/i0.wp.com\\\/zeromagazine.mx\\\/wp-content\\\/uploads\\\/2025\\\/11\\\/1.jpeg?fit=1000%2C1000&ssl=1\",\"contentUrl\":\"https:\\\/\\\/i0.wp.com\\\/zeromagazine.mx\\\/wp-content\\\/uploads\\\/2025\\\/11\\\/1.jpeg?fit=1000%2C1000&ssl=1\",\"width\":1000,\"height\":1000,\"caption\":\"Zero Magazine\"},\"image\":{\"@id\":\"https:\\\/\\\/zeromagazine.mx\\\/#\\\/schema\\\/logo\\\/image\\\/\"},\"sameAs\":[\"https:\\\/\\\/instagram.com\\\/zeromagazinemx\"]},{\"@type\":\"Person\",\"@id\":\"https:\\\/\\\/zeromagazine.mx\\\/#\\\/schema\\\/person\\\/9aed9f33a7c39af3a348b86d723f7773\",\"name\":\"zeromagazinemx\",\"image\":{\"@type\":\"ImageObject\",\"inLanguage\":\"es\",\"@id\":\"https:\\\/\\\/zeromagazine.mx\\\/wp-content\\\/litespeed\\\/avatar\\\/f91dfe5410d5dcb1a576bf8c45983896.jpg?ver=1776966396\",\"url\":\"https:\\\/\\\/zeromagazine.mx\\\/wp-content\\\/litespeed\\\/avatar\\\/f91dfe5410d5dcb1a576bf8c45983896.jpg?ver=1776966396\",\"contentUrl\":\"https:\\\/\\\/zeromagazine.mx\\\/wp-content\\\/litespeed\\\/avatar\\\/f91dfe5410d5dcb1a576bf8c45983896.jpg?ver=1776966396\",\"caption\":\"zeromagazinemx\"},\"url\":\"https:\\\/\\\/zeromagazine.mx\\\/index.php\\\/author\\\/zeromagazinemx\\\/\"}]}<\/script>\n<!-- \/ Yoast SEO plugin. -->","yoast_head_json":{"title":"FASHION SUMMER: Las Bolsas de Moda M\u00e1s Ic\u00f3nicas para un Verano con Estilo - Zero Magazine","robots":{"index":"index","follow":"follow","max-snippet":"max-snippet:-1","max-image-preview":"max-image-preview:large","max-video-preview":"max-video-preview:-1"},"canonical":"https:\/\/zeromagazine.mx\/index.php\/2024\/06\/12\/fashion-summer-las-bolsas-de-moda-mas-iconicas-para-un-verano-con-estilo\/","og_locale":"es_ES","og_type":"article","og_title":"FASHION SUMMER: Las Bolsas de Moda M\u00e1s Ic\u00f3nicas para un Verano con Estilo - Zero Magazine","og_description":"\u00bfAlguna vez te has preguntado qu\u00e9 hace tan especiales a esos bolsos de marca que todas las influencers y celebridades parecen tener? Pues, aunque para algunos solo sean un lujo o un s\u00edmbolo de estatus, la verdad es que van mucho m\u00e1s all\u00e1. Primero que nada, hay que entender que estos bolsos no son solo [&hellip;]","og_url":"https:\/\/zeromagazine.mx\/index.php\/2024\/06\/12\/fashion-summer-las-bolsas-de-moda-mas-iconicas-para-un-verano-con-estilo\/","og_site_name":"Zero Magazine","article_published_time":"2024-06-12T00:40:29+00:00","article_modified_time":"2024-06-12T00:40:31+00:00","og_image":[{"width":859,"height":459,"url":"https:\/\/i0.wp.com\/zeromagazine.mx\/wp-content\/uploads\/2024\/06\/unnamed-15-1.jpg?fit=859%2C459&ssl=1","type":"image\/jpeg"}],"author":"zeromagazinemx","twitter_card":"summary_large_image","twitter_misc":{"Escrito por":"zeromagazinemx","Tiempo de lectura":"2 minutos"},"schema":{"@context":"https:\/\/schema.org","@graph":[{"@type":"Article","@id":"https:\/\/zeromagazine.mx\/index.php\/2024\/06\/12\/fashion-summer-las-bolsas-de-moda-mas-iconicas-para-un-verano-con-estilo\/#article","isPartOf":{"@id":"https:\/\/zeromagazine.mx\/index.php\/2024\/06\/12\/fashion-summer-las-bolsas-de-moda-mas-iconicas-para-un-verano-con-estilo\/"},"author":{"name":"zeromagazinemx","@id":"https:\/\/zeromagazine.mx\/#\/schema\/person\/9aed9f33a7c39af3a348b86d723f7773"},"headline":"FASHION SUMMER: Las Bolsas de Moda M\u00e1s Ic\u00f3nicas para un Verano con Estilo","datePublished":"2024-06-12T00:40:29+00:00","dateModified":"2024-06-12T00:40:31+00:00","mainEntityOfPage":{"@id":"https:\/\/zeromagazine.mx\/index.php\/2024\/06\/12\/fashion-summer-las-bolsas-de-moda-mas-iconicas-para-un-verano-con-estilo\/"},"wordCount":347,"commentCount":0,"publisher":{"@id":"https:\/\/zeromagazine.mx\/#organization"},"image":{"@id":"https:\/\/zeromagazine.mx\/index.php\/2024\/06\/12\/fashion-summer-las-bolsas-de-moda-mas-iconicas-para-un-verano-con-estilo\/#primaryimage"},"thumbnailUrl":"https:\/\/i0.wp.com\/zeromagazine.mx\/wp-content\/uploads\/2024\/06\/unnamed-15-1.jpg?fit=859%2C459&ssl=1","keywords":["Bolsas","eBay","FASHION SUMMER"],"articleSection":["Moda"],"inLanguage":"es","potentialAction":[{"@type":"CommentAction","name":"Comment","target":["https:\/\/zeromagazine.mx\/index.php\/2024\/06\/12\/fashion-summer-las-bolsas-de-moda-mas-iconicas-para-un-verano-con-estilo\/#respond"]}]},{"@type":"WebPage","@id":"https:\/\/zeromagazine.mx\/index.php\/2024\/06\/12\/fashion-summer-las-bolsas-de-moda-mas-iconicas-para-un-verano-con-estilo\/","url":"https:\/\/zeromagazine.mx\/index.php\/2024\/06\/12\/fashion-summer-las-bolsas-de-moda-mas-iconicas-para-un-verano-con-estilo\/","name":"FASHION SUMMER: Las Bolsas de Moda M\u00e1s Ic\u00f3nicas para un Verano con Estilo - Zero Magazine","isPartOf":{"@id":"https:\/\/zeromagazine.mx\/#website"},"primaryImageOfPage":{"@id":"https:\/\/zeromagazine.mx\/index.php\/2024\/06\/12\/fashion-summer-las-bolsas-de-moda-mas-iconicas-para-un-verano-con-estilo\/#primaryimage"},"image":{"@id":"https:\/\/zeromagazine.mx\/index.php\/2024\/06\/12\/fashion-summer-las-bolsas-de-moda-mas-iconicas-para-un-verano-con-estilo\/#primaryimage"},"thumbnailUrl":"https:\/\/i0.wp.com\/zeromagazine.mx\/wp-content\/uploads\/2024\/06\/unnamed-15-1.jpg?fit=859%2C459&ssl=1","datePublished":"2024-06-12T00:40:29+00:00","dateModified":"2024-06-12T00:40:31+00:00","breadcrumb":{"@id":"https:\/\/zeromagazine.mx\/index.php\/2024\/06\/12\/fashion-summer-las-bolsas-de-moda-mas-iconicas-para-un-verano-con-estilo\/#breadcrumb"},"inLanguage":"es","potentialAction":[{"@type":"ReadAction","target":["https:\/\/zeromagazine.mx\/index.php\/2024\/06\/12\/fashion-summer-las-bolsas-de-moda-mas-iconicas-para-un-verano-con-estilo\/"]}]},{"@type":"ImageObject","inLanguage":"es","@id":"https:\/\/zeromagazine.mx\/index.php\/2024\/06\/12\/fashion-summer-las-bolsas-de-moda-mas-iconicas-para-un-verano-con-estilo\/#primaryimage","url":"https:\/\/i0.wp.com\/zeromagazine.mx\/wp-content\/uploads\/2024\/06\/unnamed-15-1.jpg?fit=859%2C459&ssl=1","contentUrl":"https:\/\/i0.wp.com\/zeromagazine.mx\/wp-content\/uploads\/2024\/06\/unnamed-15-1.jpg?fit=859%2C459&ssl=1","width":859,"height":459},{"@type":"BreadcrumbList","@id":"https:\/\/zeromagazine.mx\/index.php\/2024\/06\/12\/fashion-summer-las-bolsas-de-moda-mas-iconicas-para-un-verano-con-estilo\/#breadcrumb","itemListElement":[{"@type":"ListItem","position":1,"name":"Portada","item":"https:\/\/zeromagazine.mx\/"},{"@type":"ListItem","position":2,"name":"FASHION SUMMER: Las Bolsas de Moda M\u00e1s Ic\u00f3nicas para un Verano con Estilo"}]},{"@type":"WebSite","@id":"https:\/\/zeromagazine.mx\/#website","url":"https:\/\/zeromagazine.mx\/","name":"Zero Magazine","description":"","publisher":{"@id":"https:\/\/zeromagazine.mx\/#organization"},"potentialAction":[{"@type":"SearchAction","target":{"@type":"EntryPoint","urlTemplate":"https:\/\/zeromagazine.mx\/?s={search_term_string}"},"query-input":{"@type":"PropertyValueSpecification","valueRequired":true,"valueName":"search_term_string"}}],"inLanguage":"es"},{"@type":"Organization","@id":"https:\/\/zeromagazine.mx\/#organization","name":"Zero Magazine","url":"https:\/\/zeromagazine.mx\/","logo":{"@type":"ImageObject","inLanguage":"es","@id":"https:\/\/zeromagazine.mx\/#\/schema\/logo\/image\/","url":"https:\/\/i0.wp.com\/zeromagazine.mx\/wp-content\/uploads\/2025\/11\/1.jpeg?fit=1000%2C1000&ssl=1","contentUrl":"https:\/\/i0.wp.com\/zeromagazine.mx\/wp-content\/uploads\/2025\/11\/1.jpeg?fit=1000%2C1000&ssl=1","width":1000,"height":1000,"caption":"Zero Magazine"},"image":{"@id":"https:\/\/zeromagazine.mx\/#\/schema\/logo\/image\/"},"sameAs":["https:\/\/instagram.com\/zeromagazinemx"]},{"@type":"Person","@id":"https:\/\/zeromagazine.mx\/#\/schema\/person\/9aed9f33a7c39af3a348b86d723f7773","name":"zeromagazinemx","image":{"@type":"ImageObject","inLanguage":"es","@id":"https:\/\/zeromagazine.mx\/wp-content\/litespeed\/avatar\/f91dfe5410d5dcb1a576bf8c45983896.jpg?ver=1776966396","url":"https:\/\/zeromagazine.mx\/wp-content\/litespeed\/avatar\/f91dfe5410d5dcb1a576bf8c45983896.jpg?ver=1776966396","contentUrl":"https:\/\/zeromagazine.mx\/wp-content\/litespeed\/avatar\/f91dfe5410d5dcb1a576bf8c45983896.jpg?ver=1776966396","caption":"zeromagazinemx"},"url":"https:\/\/zeromagazine.mx\/index.php\/author\/zeromagazinemx\/"}]}},"jetpack_publicize_connections":[],"jetpack_featured_media_url":"https:\/\/i0.wp.com\/zeromagazine.mx\/wp-content\/uploads\/2024\/06\/unnamed-15-1.jpg?fit=859%2C459&ssl=1","jetpack-related-posts":[{"id":102066,"url":"https:\/\/zeromagazine.mx\/index.php\/2025\/04\/20\/moda-e-identidad-isla\/","url_meta":{"origin":77797,"position":0},"title":"Moda E Identidad ISLA","author":"David Morales","date":"20 de abril de 2025","format":false,"excerpt":"Amix, \u00bfse imaginan estar en una isla griega, rodeades de misticismo, glamour y vibes de diosas? Pues as\u00ed fue el lanzamiento de Isla, el fashion film de Jaime Ibiza que se rif\u00f3 con un eventazo en Polanco este 10 de abril. Con una vibra s\u00faper chic, celebridades de la moda\u2026","rel":"","context":"En \u00abModa\u00bb","block_context":{"text":"Moda","link":"https:\/\/zeromagazine.mx\/index.php\/category\/moda\/"},"img":{"alt_text":"","src":"https:\/\/i0.wp.com\/zeromagazine.mx\/wp-content\/uploads\/2025\/04\/4_DST0216_JAIME_IBIZA-scaled.jpg?fit=1200%2C800&ssl=1&resize=350%2C200","width":350,"height":200,"srcset":"https:\/\/i0.wp.com\/zeromagazine.mx\/wp-content\/uploads\/2025\/04\/4_DST0216_JAIME_IBIZA-scaled.jpg?fit=1200%2C800&ssl=1&resize=350%2C200 1x, https:\/\/i0.wp.com\/zeromagazine.mx\/wp-content\/uploads\/2025\/04\/4_DST0216_JAIME_IBIZA-scaled.jpg?fit=1200%2C800&ssl=1&resize=525%2C300 1.5x, https:\/\/i0.wp.com\/zeromagazine.mx\/wp-content\/uploads\/2025\/04\/4_DST0216_JAIME_IBIZA-scaled.jpg?fit=1200%2C800&ssl=1&resize=700%2C400 2x, https:\/\/i0.wp.com\/zeromagazine.mx\/wp-content\/uploads\/2025\/04\/4_DST0216_JAIME_IBIZA-scaled.jpg?fit=1200%2C800&ssl=1&resize=1050%2C600 3x"},"classes":[]},{"id":79248,"url":"https:\/\/zeromagazine.mx\/index.php\/2024\/06\/25\/bolsos-para-hombre-en-la-era-genderless\/","url_meta":{"origin":77797,"position":1},"title":"Bolsos para Hombre en la Era Genderless","author":"zeromagazinemx","date":"25 de junio de 2024","format":false,"excerpt":"Actualmente predomina cada vez m\u00e1s la certeza de que la ropa no tiene g\u00e9nero, una tendencia que ha salido de las pasarelas y alfombras rojas para llegar a la vida diaria. Sin embargo, hace tan solo una d\u00e9cada no era com\u00fan que los hombres utilizaran bolsos y que las marcas\u2026","rel":"","context":"En \u00abModa\u00bb","block_context":{"text":"Moda","link":"https:\/\/zeromagazine.mx\/index.php\/category\/moda\/"},"img":{"alt_text":"","src":"https:\/\/i0.wp.com\/zeromagazine.mx\/wp-content\/uploads\/2024\/06\/unnamed-12-4-scaled.jpg?fit=1200%2C675&ssl=1&resize=350%2C200","width":350,"height":200,"srcset":"https:\/\/i0.wp.com\/zeromagazine.mx\/wp-content\/uploads\/2024\/06\/unnamed-12-4-scaled.jpg?fit=1200%2C675&ssl=1&resize=350%2C200 1x, https:\/\/i0.wp.com\/zeromagazine.mx\/wp-content\/uploads\/2024\/06\/unnamed-12-4-scaled.jpg?fit=1200%2C675&ssl=1&resize=525%2C300 1.5x, https:\/\/i0.wp.com\/zeromagazine.mx\/wp-content\/uploads\/2024\/06\/unnamed-12-4-scaled.jpg?fit=1200%2C675&ssl=1&resize=700%2C400 2x, https:\/\/i0.wp.com\/zeromagazine.mx\/wp-content\/uploads\/2024\/06\/unnamed-12-4-scaled.jpg?fit=1200%2C675&ssl=1&resize=1050%2C600 3x"},"classes":[]},{"id":109793,"url":"https:\/\/zeromagazine.mx\/index.php\/2025\/10\/31\/valentino-garavani-devain-bag-icono-otono\/","url_meta":{"origin":77797,"position":2},"title":"Valentino Garavani DeVain Bag: el bolso que roba miradas","author":"Luis Trujano","date":"31 de octubre de 2025","format":false,"excerpt":"Hay bolsos que acompa\u00f1an tus outfits\u2026 y luego est\u00e1 la Valentino Garavani DeVain Bag, que los transforma por completo. Esta creaci\u00f3n de Alessandro Michele, el genio que ahora firma la nueva era de la Maison Valentino, no solo es un accesorio: es una declaraci\u00f3n de actitud. Desde que Sabrina Carpenter\u2026","rel":"","context":"En \u00abModa\u00bb","block_context":{"text":"Moda","link":"https:\/\/zeromagazine.mx\/index.php\/category\/moda\/"},"img":{"alt_text":"","src":"https:\/\/i0.wp.com\/zeromagazine.mx\/wp-content\/uploads\/2025\/10\/image002-47.jpg?fit=1200%2C675&ssl=1&resize=350%2C200","width":350,"height":200,"srcset":"https:\/\/i0.wp.com\/zeromagazine.mx\/wp-content\/uploads\/2025\/10\/image002-47.jpg?fit=1200%2C675&ssl=1&resize=350%2C200 1x, https:\/\/i0.wp.com\/zeromagazine.mx\/wp-content\/uploads\/2025\/10\/image002-47.jpg?fit=1200%2C675&ssl=1&resize=525%2C300 1.5x, https:\/\/i0.wp.com\/zeromagazine.mx\/wp-content\/uploads\/2025\/10\/image002-47.jpg?fit=1200%2C675&ssl=1&resize=700%2C400 2x, https:\/\/i0.wp.com\/zeromagazine.mx\/wp-content\/uploads\/2025\/10\/image002-47.jpg?fit=1200%2C675&ssl=1&resize=1050%2C600 3x"},"classes":[]},{"id":117223,"url":"https:\/\/zeromagazine.mx\/index.php\/2026\/03\/24\/moscow-fashion-week-desfiles-tendencias-2026\/","url_meta":{"origin":77797,"position":3},"title":"Moscow Fashion Week arrasa global","author":"zeromagazinemx","date":"24 de marzo de 2026","format":false,"excerpt":"Hay semanas de la moda\u2026 y luego est\u00e1 Moscow Fashion Week. Este a\u00f1o no solo cerr\u00f3 el circuito internacional, lo hizo con una energ\u00eda que se sinti\u00f3 como el after m\u00e1s exclusivo del mundo fashion. M\u00e1s de 80 desfiles, miles de asistentes y una mezcla cultural que confirma algo: la\u2026","rel":"","context":"En \u00abModa\u00bb","block_context":{"text":"Moda","link":"https:\/\/zeromagazine.mx\/index.php\/category\/moda\/"},"img":{"alt_text":"","src":"https:\/\/i0.wp.com\/zeromagazine.mx\/wp-content\/uploads\/2026\/03\/Ruban-at-Moscow-Fashion-Week_1-scaled.jpg?fit=1200%2C800&ssl=1&resize=350%2C200","width":350,"height":200,"srcset":"https:\/\/i0.wp.com\/zeromagazine.mx\/wp-content\/uploads\/2026\/03\/Ruban-at-Moscow-Fashion-Week_1-scaled.jpg?fit=1200%2C800&ssl=1&resize=350%2C200 1x, https:\/\/i0.wp.com\/zeromagazine.mx\/wp-content\/uploads\/2026\/03\/Ruban-at-Moscow-Fashion-Week_1-scaled.jpg?fit=1200%2C800&ssl=1&resize=525%2C300 1.5x, https:\/\/i0.wp.com\/zeromagazine.mx\/wp-content\/uploads\/2026\/03\/Ruban-at-Moscow-Fashion-Week_1-scaled.jpg?fit=1200%2C800&ssl=1&resize=700%2C400 2x, https:\/\/i0.wp.com\/zeromagazine.mx\/wp-content\/uploads\/2026\/03\/Ruban-at-Moscow-Fashion-Week_1-scaled.jpg?fit=1200%2C800&ssl=1&resize=1050%2C600 3x"},"classes":[]},{"id":107363,"url":"https:\/\/zeromagazine.mx\/index.php\/2025\/08\/13\/hot-fashion-shein-2025\/","url_meta":{"origin":77797,"position":4},"title":"Hot Fashion SHEIN 2025: reinventa tu cl\u00f3set \u2728","author":"David Morales","date":"13 de agosto de 2025","format":false,"excerpt":"Si hay algo que sabemos de SHEIN es que no se trata solo de moda r\u00e1pida, sino de una plataforma que constantemente nos invita a experimentar con nuestro estilo. Y este agosto, regresa uno de sus eventos m\u00e1s esperados: el Hot Fashion SHEIN 2025, una semana de descuentos, din\u00e1micas y\u2026","rel":"","context":"En \u00abModa\u00bb","block_context":{"text":"Moda","link":"https:\/\/zeromagazine.mx\/index.php\/category\/moda\/"},"img":{"alt_text":"","src":"https:\/\/i0.wp.com\/zeromagazine.mx\/wp-content\/uploads\/2025\/08\/dsc00062.jpg?fit=1200%2C800&ssl=1&resize=350%2C200","width":350,"height":200,"srcset":"https:\/\/i0.wp.com\/zeromagazine.mx\/wp-content\/uploads\/2025\/08\/dsc00062.jpg?fit=1200%2C800&ssl=1&resize=350%2C200 1x, https:\/\/i0.wp.com\/zeromagazine.mx\/wp-content\/uploads\/2025\/08\/dsc00062.jpg?fit=1200%2C800&ssl=1&resize=525%2C300 1.5x, https:\/\/i0.wp.com\/zeromagazine.mx\/wp-content\/uploads\/2025\/08\/dsc00062.jpg?fit=1200%2C800&ssl=1&resize=700%2C400 2x, https:\/\/i0.wp.com\/zeromagazine.mx\/wp-content\/uploads\/2025\/08\/dsc00062.jpg?fit=1200%2C800&ssl=1&resize=1050%2C600 3x"},"classes":[]},{"id":111164,"url":"https:\/\/zeromagazine.mx\/index.php\/2025\/11\/22\/bolsas-hogan-estilo-2025\/","url_meta":{"origin":77797,"position":5},"title":"Bolsas Hogan: estilo que obsesiona","author":"zeromagazinemx","date":"22 de noviembre de 2025","format":false,"excerpt":"Si hay algo que est\u00e1 marcando el mood fashion esta temporada, es el poder de un accesorio bien elegido. Y s\u00ed, estamos hablando de las Bolsas Hogan, esas piezas que est\u00e1n apareciendo en todos los feeds y que est\u00e1n conquistando a cualquiera que ama elevar su vibe sin complicarse. Porque\u2026","rel":"","context":"En \u00abModa\u00bb","block_context":{"text":"Moda","link":"https:\/\/zeromagazine.mx\/index.php\/category\/moda\/"},"img":{"alt_text":"","src":"https:\/\/i0.wp.com\/zeromagazine.mx\/wp-content\/uploads\/2025\/11\/1000041182.png?fit=1200%2C1200&ssl=1&resize=350%2C200","width":350,"height":200,"srcset":"https:\/\/i0.wp.com\/zeromagazine.mx\/wp-content\/uploads\/2025\/11\/1000041182.png?fit=1200%2C1200&ssl=1&resize=350%2C200 1x, https:\/\/i0.wp.com\/zeromagazine.mx\/wp-content\/uploads\/2025\/11\/1000041182.png?fit=1200%2C1200&ssl=1&resize=525%2C300 1.5x, https:\/\/i0.wp.com\/zeromagazine.mx\/wp-content\/uploads\/2025\/11\/1000041182.png?fit=1200%2C1200&ssl=1&resize=700%2C400 2x, https:\/\/i0.wp.com\/zeromagazine.mx\/wp-content\/uploads\/2025\/11\/1000041182.png?fit=1200%2C1200&ssl=1&resize=1050%2C600 3x"},"classes":[]}],"jetpack_sharing_enabled":true,"builder_content":"","_links":{"self":[{"href":"https:\/\/zeromagazine.mx\/index.php\/wp-json\/wp\/v2\/posts\/77797","targetHints":{"allow":["GET"]}}],"collection":[{"href":"https:\/\/zeromagazine.mx\/index.php\/wp-json\/wp\/v2\/posts"}],"about":[{"href":"https:\/\/zeromagazine.mx\/index.php\/wp-json\/wp\/v2\/types\/post"}],"author":[{"embeddable":true,"href":"https:\/\/zeromagazine.mx\/index.php\/wp-json\/wp\/v2\/users\/2"}],"replies":[{"embeddable":true,"href":"https:\/\/zeromagazine.mx\/index.php\/wp-json\/wp\/v2\/comments?post=77797"}],"version-history":[{"count":1,"href":"https:\/\/zeromagazine.mx\/index.php\/wp-json\/wp\/v2\/posts\/77797\/revisions"}],"predecessor-version":[{"id":77801,"href":"https:\/\/zeromagazine.mx\/index.php\/wp-json\/wp\/v2\/posts\/77797\/revisions\/77801"}],"wp:featuredmedia":[{"embeddable":true,"href":"https:\/\/zeromagazine.mx\/index.php\/wp-json\/wp\/v2\/media\/77798"}],"wp:attachment":[{"href":"https:\/\/zeromagazine.mx\/index.php\/wp-json\/wp\/v2\/media?parent=77797"}],"wp:term":[{"taxonomy":"category","embeddable":true,"href":"https:\/\/zeromagazine.mx\/index.php\/wp-json\/wp\/v2\/categories?post=77797"},{"taxonomy":"post_tag","embeddable":true,"href":"https:\/\/zeromagazine.mx\/index.php\/wp-json\/wp\/v2\/tags?post=77797"}],"curies":[{"name":"wp","href":"https:\/\/api.w.org\/{rel}","templated":true}]}}