{"id":78030,"date":"2024-06-13T22:27:50","date_gmt":"2024-06-13T20:27:50","guid":{"rendered":"https:\/\/zeromagazine.mx\/?p=78030"},"modified":"2024-06-13T22:27:52","modified_gmt":"2024-06-13T20:27:52","slug":"sunwoo-nueva-cara-de-amiri","status":"publish","type":"post","link":"https:\/\/zeromagazine.mx\/index.php\/2024\/06\/13\/sunwoo-nueva-cara-de-amiri\/","title":{"rendered":"Sunwoo: Nueva Cara de AMIRI"},"content":{"rendered":"<p>Hoy les traigo una noticia que est\u00e1 rompiendo el internet: AMIRI acaba de anunciar que Sunwoo, el talentoso rapero de THE BOYZ, es su nuevo embajador de marca. Para quienes no est\u00e9n tan familiarizades, Sunwoo debut\u00f3 en 2017 y desde entonces no ha dejado de sorprender al mundo con su m\u00fasica y estilo \u00fanico.<\/p>\n\n\n\n<script async src=\"https:\/\/pagead2.googlesyndication.com\/pagead\/js\/adsbygoogle.js?client=ca-pub-5499304793904745\"\n     crossorigin=\"anonymous\"><\/script>\n<ins class=\"adsbygoogle\"\n     style=\"display:block; text-align:center;\"\n     data-ad-layout=\"in-article\"\n     data-ad-format=\"fluid\"\n     data-ad-client=\"ca-pub-5499304793904745\"\n     data-ad-slot=\"5994863093\"><\/ins>\n<script>\n     (adsbygoogle = window.adsbygoogle || []).push({});\n<\/script>\n\n\n\n<p>Adem\u00e1s, AMIRI no se anda con medias tintas cuando elige a sus representantes. Es una marca que valora la autenticidad y las colaboraciones genuinas. As\u00ed, no es de extra\u00f1ar que la conexi\u00f3n entre Mike Amiri y Sunwoo surgiera de manera tan natural. Los dos se conocieron en el desfile Oto\u00f1o-Invierno 2024 en Par\u00eds y, desde ese momento, formaron un v\u00ednculo basado en su amor por la m\u00fasica y la moda. Posteriormente, se encontraron en Se\u00fal y esa reuni\u00f3n solidific\u00f3 a\u00fan m\u00e1s su relaci\u00f3n creativa.<\/p>\n\n\n\n<script async src=\"https:\/\/pagead2.googlesyndication.com\/pagead\/js\/adsbygoogle.js?client=ca-pub-5499304793904745\"\n     crossorigin=\"anonymous\"><\/script>\n<ins class=\"adsbygoogle\"\n     style=\"display:block; text-align:center;\"\n     data-ad-layout=\"in-article\"\n     data-ad-format=\"fluid\"\n     data-ad-client=\"ca-pub-5499304793904745\"\n     data-ad-slot=\"5994863093\"><\/ins>\n<script>\n     (adsbygoogle = window.adsbygoogle || []).push({});\n<\/script>\n\n\n\n<p>En consecuencia, esta colaboraci\u00f3n no solo destaca por la qu\u00edmica entre los involucrados, sino tambi\u00e9n porque refleja la esencia de AMIRI: una marca que siempre ha estado vinculada con la m\u00fasica y la performance. La expansi\u00f3n global de AMIRI desde su primera tienda en Rodeo Drive hasta las principales ciudades de Asia como Shangh\u00e1i, Nanjing y Tokio, demuestra su crecimiento y evoluci\u00f3n constante.<\/p>\n\n\n<div class=\"wp-block-image\">\n<figure class=\"aligncenter size-large\"><img data-recalc-dims=\"1\" decoding=\"async\" width=\"683\" height=\"1024\" src=\"https:\/\/i0.wp.com\/zeromagazine.mx\/wp-content\/uploads\/2024\/06\/AMIRI_AW24-Ambassador_Sunwoo-683x1024.jpg?resize=683%2C1024&#038;ssl=1\" alt=\"\" class=\"wp-image-78031\" srcset=\"https:\/\/i0.wp.com\/zeromagazine.mx\/wp-content\/uploads\/2024\/06\/AMIRI_AW24-Ambassador_Sunwoo-scaled.jpg?resize=683%2C1024&amp;ssl=1 683w, https:\/\/i0.wp.com\/zeromagazine.mx\/wp-content\/uploads\/2024\/06\/AMIRI_AW24-Ambassador_Sunwoo-scaled.jpg?resize=200%2C300&amp;ssl=1 200w, https:\/\/i0.wp.com\/zeromagazine.mx\/wp-content\/uploads\/2024\/06\/AMIRI_AW24-Ambassador_Sunwoo-scaled.jpg?resize=768%2C1152&amp;ssl=1 768w, https:\/\/i0.wp.com\/zeromagazine.mx\/wp-content\/uploads\/2024\/06\/AMIRI_AW24-Ambassador_Sunwoo-scaled.jpg?resize=1024%2C1536&amp;ssl=1 1024w, https:\/\/i0.wp.com\/zeromagazine.mx\/wp-content\/uploads\/2024\/06\/AMIRI_AW24-Ambassador_Sunwoo-scaled.jpg?resize=1365%2C2048&amp;ssl=1 1365w, https:\/\/i0.wp.com\/zeromagazine.mx\/wp-content\/uploads\/2024\/06\/AMIRI_AW24-Ambassador_Sunwoo-scaled.jpg?w=1707&amp;ssl=1 1707w\" sizes=\"(max-width: 683px) 100vw, 683px\" \/><\/figure>\n<\/div>\n\n\n<p><\/p>\n\n\n\n<p>Por otro lado, Sunwoo no es solo una figura emergente en la m\u00fasica, sino un verdadero \u00edcono que representa la fusi\u00f3n contempor\u00e1nea de diferentes culturas y medios. Su alianza con AMIRI es una manifestaci\u00f3n clara de c\u00f3mo ambas partes comparten ra\u00edces profundas en la cultura musical y una visi\u00f3n global que apunta hacia el futuro.<\/p>\n\n\n\n<script async src=\"https:\/\/pagead2.googlesyndication.com\/pagead\/js\/adsbygoogle.js?client=ca-pub-5499304793904745\"\n     crossorigin=\"anonymous\"><\/script>\n<ins class=\"adsbygoogle\"\n     style=\"display:block; text-align:center;\"\n     data-ad-layout=\"in-article\"\n     data-ad-format=\"fluid\"\n     data-ad-client=\"ca-pub-5499304793904745\"\n     data-ad-slot=\"5994863093\"><\/ins>\n<script>\n     (adsbygoogle = window.adsbygoogle || []).push({});\n<\/script>\n\n\n\n<p>Finalmente, no podemos ignorar las palabras de Mike Amiri, quien considera a Sunwoo como parte de su familia elegida. \u00abCuando nos conectamos en Se\u00fal, nos sentimos como hermanos. Mis ra\u00edces est\u00e1n en la m\u00fasica, y eso es algo que siempre me inspira\u00bb, coment\u00f3 Mike, resaltando la universalidad de la m\u00fasica como lenguaje. Por su parte, Sunwoo expres\u00f3 su afinidad con la marca, afirmando que la moda es una extensi\u00f3n de su identidad art\u00edstica.<\/p>\n\n\n\n<script async src=\"https:\/\/pagead2.googlesyndication.com\/pagead\/js\/adsbygoogle.js?client=ca-pub-5499304793904745\"\n     crossorigin=\"anonymous\"><\/script>\n<ins class=\"adsbygoogle\"\n     style=\"display:block; text-align:center;\"\n     data-ad-layout=\"in-article\"\n     data-ad-format=\"fluid\"\n     data-ad-client=\"ca-pub-5499304793904745\"\n     data-ad-slot=\"5994863093\"><\/ins>\n<script>\n     (adsbygoogle = window.adsbygoogle || []).push({});\n<\/script>\n\n\n\n<p>Esta colaboraci\u00f3n entre AMIRI y Sunwoo promete ser una combinaci\u00f3n explosiva que nos mantendr\u00e1 pendientes de cada movimiento. Si eres fan de la moda y la m\u00fasica, este es definitivamente un momento para celebrar. \u00a1Hasta la pr\u00f3xima, amix!<\/p>\n\n<!--themify_builder_content-->\n<div id=\"themify_builder_content-78030\" data-postid=\"78030\" class=\"themify_builder_content themify_builder_content-78030 themify_builder tf_clear\">\n    <\/div>\n<!--\/themify_builder_content-->","protected":false},"excerpt":{"rendered":"<p>Hoy les traigo una noticia que est\u00e1 rompiendo el internet: AMIRI acaba de anunciar que Sunwoo, el talentoso rapero de THE BOYZ, es su nuevo embajador de marca. Para quienes no est\u00e9n tan familiarizades, Sunwoo debut\u00f3 en 2017 y desde entonces no ha dejado de sorprender al mundo con su m\u00fasica y estilo \u00fanico. Adem\u00e1s, [&hellip;]<\/p>\n","protected":false},"author":2,"featured_media":78031,"comment_status":"open","ping_status":"open","sticky":false,"template":"","format":"standard","meta":{"_jetpack_memberships_contains_paid_content":false,"footnotes":"","jetpack_publicize_message":"","jetpack_publicize_feature_enabled":true,"jetpack_social_post_already_shared":true,"jetpack_social_options":{"image_generator_settings":{"template":"highway","default_image_id":0,"font":"","enabled":false},"version":2}},"categories":[117,67],"tags":[8109,8665,8666],"class_list":["post-78030","post","type-post","status-publish","format-standard","has-post-thumbnail","hentry","category-entretenimiento","category-moda","tag-amiri","tag-sunwoo","tag-the-boyz","has-post-title","has-post-date","has-post-category","has-post-tag","has-post-comment","has-post-author",""],"yoast_head":"<!-- This site is optimized with the Yoast SEO plugin v27.5 - https:\/\/yoast.com\/product\/yoast-seo-wordpress\/ -->\n<title>Sunwoo: Nueva Cara de AMIRI - Zero Magazine<\/title>\n<meta name=\"robots\" content=\"index, follow, max-snippet:-1, max-image-preview:large, max-video-preview:-1\" \/>\n<link rel=\"canonical\" href=\"https:\/\/zeromagazine.mx\/index.php\/2024\/06\/13\/sunwoo-nueva-cara-de-amiri\/\" \/>\n<meta property=\"og:locale\" content=\"es_ES\" \/>\n<meta property=\"og:type\" content=\"article\" \/>\n<meta property=\"og:title\" content=\"Sunwoo: Nueva Cara de AMIRI - Zero Magazine\" \/>\n<meta property=\"og:description\" content=\"Hoy les traigo una noticia que est\u00e1 rompiendo el internet: AMIRI acaba de anunciar que Sunwoo, el talentoso rapero de THE BOYZ, es su nuevo embajador de marca. Para quienes no est\u00e9n tan familiarizades, Sunwoo debut\u00f3 en 2017 y desde entonces no ha dejado de sorprender al mundo con su m\u00fasica y estilo \u00fanico. Adem\u00e1s, [&hellip;]\" \/>\n<meta property=\"og:url\" content=\"https:\/\/zeromagazine.mx\/index.php\/2024\/06\/13\/sunwoo-nueva-cara-de-amiri\/\" \/>\n<meta property=\"og:site_name\" content=\"Zero Magazine\" \/>\n<meta property=\"article:published_time\" content=\"2024-06-13T20:27:50+00:00\" \/>\n<meta property=\"article:modified_time\" content=\"2024-06-13T20:27:52+00:00\" \/>\n<meta property=\"og:image\" content=\"https:\/\/i0.wp.com\/zeromagazine.mx\/wp-content\/uploads\/2024\/06\/AMIRI_AW24-Ambassador_Sunwoo-scaled.jpg?fit=1707%2C2560&ssl=1\" \/>\n\t<meta property=\"og:image:width\" content=\"1707\" \/>\n\t<meta property=\"og:image:height\" content=\"2560\" \/>\n\t<meta property=\"og:image:type\" content=\"image\/jpeg\" \/>\n<meta name=\"author\" content=\"zeromagazinemx\" \/>\n<meta name=\"twitter:card\" content=\"summary_large_image\" \/>\n<meta name=\"twitter:label1\" content=\"Escrito por\" \/>\n\t<meta name=\"twitter:data1\" content=\"zeromagazinemx\" \/>\n\t<meta name=\"twitter:label2\" content=\"Tiempo de lectura\" \/>\n\t<meta name=\"twitter:data2\" content=\"2 minutos\" \/>\n<script type=\"application\/ld+json\" class=\"yoast-schema-graph\">{\"@context\":\"https:\\\/\\\/schema.org\",\"@graph\":[{\"@type\":\"Article\",\"@id\":\"https:\\\/\\\/zeromagazine.mx\\\/index.php\\\/2024\\\/06\\\/13\\\/sunwoo-nueva-cara-de-amiri\\\/#article\",\"isPartOf\":{\"@id\":\"https:\\\/\\\/zeromagazine.mx\\\/index.php\\\/2024\\\/06\\\/13\\\/sunwoo-nueva-cara-de-amiri\\\/\"},\"author\":{\"name\":\"zeromagazinemx\",\"@id\":\"https:\\\/\\\/zeromagazine.mx\\\/#\\\/schema\\\/person\\\/9aed9f33a7c39af3a348b86d723f7773\"},\"headline\":\"Sunwoo: Nueva Cara de AMIRI\",\"datePublished\":\"2024-06-13T20:27:50+00:00\",\"dateModified\":\"2024-06-13T20:27:52+00:00\",\"mainEntityOfPage\":{\"@id\":\"https:\\\/\\\/zeromagazine.mx\\\/index.php\\\/2024\\\/06\\\/13\\\/sunwoo-nueva-cara-de-amiri\\\/\"},\"wordCount\":409,\"commentCount\":0,\"publisher\":{\"@id\":\"https:\\\/\\\/zeromagazine.mx\\\/#organization\"},\"image\":{\"@id\":\"https:\\\/\\\/zeromagazine.mx\\\/index.php\\\/2024\\\/06\\\/13\\\/sunwoo-nueva-cara-de-amiri\\\/#primaryimage\"},\"thumbnailUrl\":\"https:\\\/\\\/i0.wp.com\\\/zeromagazine.mx\\\/wp-content\\\/uploads\\\/2024\\\/06\\\/AMIRI_AW24-Ambassador_Sunwoo-scaled.jpg?fit=1707%2C2560&ssl=1\",\"keywords\":[\"AMIRI\",\"Sunwoo\",\"The Boyz\"],\"articleSection\":[\"Entretenimiento\",\"Moda\"],\"inLanguage\":\"es\",\"potentialAction\":[{\"@type\":\"CommentAction\",\"name\":\"Comment\",\"target\":[\"https:\\\/\\\/zeromagazine.mx\\\/index.php\\\/2024\\\/06\\\/13\\\/sunwoo-nueva-cara-de-amiri\\\/#respond\"]}]},{\"@type\":\"WebPage\",\"@id\":\"https:\\\/\\\/zeromagazine.mx\\\/index.php\\\/2024\\\/06\\\/13\\\/sunwoo-nueva-cara-de-amiri\\\/\",\"url\":\"https:\\\/\\\/zeromagazine.mx\\\/index.php\\\/2024\\\/06\\\/13\\\/sunwoo-nueva-cara-de-amiri\\\/\",\"name\":\"Sunwoo: Nueva Cara de AMIRI - Zero Magazine\",\"isPartOf\":{\"@id\":\"https:\\\/\\\/zeromagazine.mx\\\/#website\"},\"primaryImageOfPage\":{\"@id\":\"https:\\\/\\\/zeromagazine.mx\\\/index.php\\\/2024\\\/06\\\/13\\\/sunwoo-nueva-cara-de-amiri\\\/#primaryimage\"},\"image\":{\"@id\":\"https:\\\/\\\/zeromagazine.mx\\\/index.php\\\/2024\\\/06\\\/13\\\/sunwoo-nueva-cara-de-amiri\\\/#primaryimage\"},\"thumbnailUrl\":\"https:\\\/\\\/i0.wp.com\\\/zeromagazine.mx\\\/wp-content\\\/uploads\\\/2024\\\/06\\\/AMIRI_AW24-Ambassador_Sunwoo-scaled.jpg?fit=1707%2C2560&ssl=1\",\"datePublished\":\"2024-06-13T20:27:50+00:00\",\"dateModified\":\"2024-06-13T20:27:52+00:00\",\"breadcrumb\":{\"@id\":\"https:\\\/\\\/zeromagazine.mx\\\/index.php\\\/2024\\\/06\\\/13\\\/sunwoo-nueva-cara-de-amiri\\\/#breadcrumb\"},\"inLanguage\":\"es\",\"potentialAction\":[{\"@type\":\"ReadAction\",\"target\":[\"https:\\\/\\\/zeromagazine.mx\\\/index.php\\\/2024\\\/06\\\/13\\\/sunwoo-nueva-cara-de-amiri\\\/\"]}]},{\"@type\":\"ImageObject\",\"inLanguage\":\"es\",\"@id\":\"https:\\\/\\\/zeromagazine.mx\\\/index.php\\\/2024\\\/06\\\/13\\\/sunwoo-nueva-cara-de-amiri\\\/#primaryimage\",\"url\":\"https:\\\/\\\/i0.wp.com\\\/zeromagazine.mx\\\/wp-content\\\/uploads\\\/2024\\\/06\\\/AMIRI_AW24-Ambassador_Sunwoo-scaled.jpg?fit=1707%2C2560&ssl=1\",\"contentUrl\":\"https:\\\/\\\/i0.wp.com\\\/zeromagazine.mx\\\/wp-content\\\/uploads\\\/2024\\\/06\\\/AMIRI_AW24-Ambassador_Sunwoo-scaled.jpg?fit=1707%2C2560&ssl=1\",\"width\":1707,\"height\":2560},{\"@type\":\"BreadcrumbList\",\"@id\":\"https:\\\/\\\/zeromagazine.mx\\\/index.php\\\/2024\\\/06\\\/13\\\/sunwoo-nueva-cara-de-amiri\\\/#breadcrumb\",\"itemListElement\":[{\"@type\":\"ListItem\",\"position\":1,\"name\":\"Portada\",\"item\":\"https:\\\/\\\/zeromagazine.mx\\\/\"},{\"@type\":\"ListItem\",\"position\":2,\"name\":\"Sunwoo: Nueva Cara de AMIRI\"}]},{\"@type\":\"WebSite\",\"@id\":\"https:\\\/\\\/zeromagazine.mx\\\/#website\",\"url\":\"https:\\\/\\\/zeromagazine.mx\\\/\",\"name\":\"Zero Magazine\",\"description\":\"\",\"publisher\":{\"@id\":\"https:\\\/\\\/zeromagazine.mx\\\/#organization\"},\"potentialAction\":[{\"@type\":\"SearchAction\",\"target\":{\"@type\":\"EntryPoint\",\"urlTemplate\":\"https:\\\/\\\/zeromagazine.mx\\\/?s={search_term_string}\"},\"query-input\":{\"@type\":\"PropertyValueSpecification\",\"valueRequired\":true,\"valueName\":\"search_term_string\"}}],\"inLanguage\":\"es\"},{\"@type\":\"Organization\",\"@id\":\"https:\\\/\\\/zeromagazine.mx\\\/#organization\",\"name\":\"Zero Magazine\",\"url\":\"https:\\\/\\\/zeromagazine.mx\\\/\",\"logo\":{\"@type\":\"ImageObject\",\"inLanguage\":\"es\",\"@id\":\"https:\\\/\\\/zeromagazine.mx\\\/#\\\/schema\\\/logo\\\/image\\\/\",\"url\":\"https:\\\/\\\/i0.wp.com\\\/zeromagazine.mx\\\/wp-content\\\/uploads\\\/2025\\\/11\\\/1.jpeg?fit=1000%2C1000&ssl=1\",\"contentUrl\":\"https:\\\/\\\/i0.wp.com\\\/zeromagazine.mx\\\/wp-content\\\/uploads\\\/2025\\\/11\\\/1.jpeg?fit=1000%2C1000&ssl=1\",\"width\":1000,\"height\":1000,\"caption\":\"Zero Magazine\"},\"image\":{\"@id\":\"https:\\\/\\\/zeromagazine.mx\\\/#\\\/schema\\\/logo\\\/image\\\/\"},\"sameAs\":[\"https:\\\/\\\/instagram.com\\\/zeromagazinemx\"]},{\"@type\":\"Person\",\"@id\":\"https:\\\/\\\/zeromagazine.mx\\\/#\\\/schema\\\/person\\\/9aed9f33a7c39af3a348b86d723f7773\",\"name\":\"zeromagazinemx\",\"image\":{\"@type\":\"ImageObject\",\"inLanguage\":\"es\",\"@id\":\"https:\\\/\\\/zeromagazine.mx\\\/wp-content\\\/litespeed\\\/avatar\\\/f91dfe5410d5dcb1a576bf8c45983896.jpg?ver=1777571230\",\"url\":\"https:\\\/\\\/zeromagazine.mx\\\/wp-content\\\/litespeed\\\/avatar\\\/f91dfe5410d5dcb1a576bf8c45983896.jpg?ver=1777571230\",\"contentUrl\":\"https:\\\/\\\/zeromagazine.mx\\\/wp-content\\\/litespeed\\\/avatar\\\/f91dfe5410d5dcb1a576bf8c45983896.jpg?ver=1777571230\",\"caption\":\"zeromagazinemx\"},\"url\":\"https:\\\/\\\/zeromagazine.mx\\\/index.php\\\/author\\\/zeromagazinemx\\\/\"}]}<\/script>\n<!-- \/ Yoast SEO plugin. -->","yoast_head_json":{"title":"Sunwoo: Nueva Cara de AMIRI - Zero Magazine","robots":{"index":"index","follow":"follow","max-snippet":"max-snippet:-1","max-image-preview":"max-image-preview:large","max-video-preview":"max-video-preview:-1"},"canonical":"https:\/\/zeromagazine.mx\/index.php\/2024\/06\/13\/sunwoo-nueva-cara-de-amiri\/","og_locale":"es_ES","og_type":"article","og_title":"Sunwoo: Nueva Cara de AMIRI - Zero Magazine","og_description":"Hoy les traigo una noticia que est\u00e1 rompiendo el internet: AMIRI acaba de anunciar que Sunwoo, el talentoso rapero de THE BOYZ, es su nuevo embajador de marca. Para quienes no est\u00e9n tan familiarizades, Sunwoo debut\u00f3 en 2017 y desde entonces no ha dejado de sorprender al mundo con su m\u00fasica y estilo \u00fanico. Adem\u00e1s, [&hellip;]","og_url":"https:\/\/zeromagazine.mx\/index.php\/2024\/06\/13\/sunwoo-nueva-cara-de-amiri\/","og_site_name":"Zero Magazine","article_published_time":"2024-06-13T20:27:50+00:00","article_modified_time":"2024-06-13T20:27:52+00:00","og_image":[{"width":1707,"height":2560,"url":"https:\/\/i0.wp.com\/zeromagazine.mx\/wp-content\/uploads\/2024\/06\/AMIRI_AW24-Ambassador_Sunwoo-scaled.jpg?fit=1707%2C2560&ssl=1","type":"image\/jpeg"}],"author":"zeromagazinemx","twitter_card":"summary_large_image","twitter_misc":{"Escrito por":"zeromagazinemx","Tiempo de lectura":"2 minutos"},"schema":{"@context":"https:\/\/schema.org","@graph":[{"@type":"Article","@id":"https:\/\/zeromagazine.mx\/index.php\/2024\/06\/13\/sunwoo-nueva-cara-de-amiri\/#article","isPartOf":{"@id":"https:\/\/zeromagazine.mx\/index.php\/2024\/06\/13\/sunwoo-nueva-cara-de-amiri\/"},"author":{"name":"zeromagazinemx","@id":"https:\/\/zeromagazine.mx\/#\/schema\/person\/9aed9f33a7c39af3a348b86d723f7773"},"headline":"Sunwoo: Nueva Cara de AMIRI","datePublished":"2024-06-13T20:27:50+00:00","dateModified":"2024-06-13T20:27:52+00:00","mainEntityOfPage":{"@id":"https:\/\/zeromagazine.mx\/index.php\/2024\/06\/13\/sunwoo-nueva-cara-de-amiri\/"},"wordCount":409,"commentCount":0,"publisher":{"@id":"https:\/\/zeromagazine.mx\/#organization"},"image":{"@id":"https:\/\/zeromagazine.mx\/index.php\/2024\/06\/13\/sunwoo-nueva-cara-de-amiri\/#primaryimage"},"thumbnailUrl":"https:\/\/i0.wp.com\/zeromagazine.mx\/wp-content\/uploads\/2024\/06\/AMIRI_AW24-Ambassador_Sunwoo-scaled.jpg?fit=1707%2C2560&ssl=1","keywords":["AMIRI","Sunwoo","The Boyz"],"articleSection":["Entretenimiento","Moda"],"inLanguage":"es","potentialAction":[{"@type":"CommentAction","name":"Comment","target":["https:\/\/zeromagazine.mx\/index.php\/2024\/06\/13\/sunwoo-nueva-cara-de-amiri\/#respond"]}]},{"@type":"WebPage","@id":"https:\/\/zeromagazine.mx\/index.php\/2024\/06\/13\/sunwoo-nueva-cara-de-amiri\/","url":"https:\/\/zeromagazine.mx\/index.php\/2024\/06\/13\/sunwoo-nueva-cara-de-amiri\/","name":"Sunwoo: Nueva Cara de AMIRI - Zero Magazine","isPartOf":{"@id":"https:\/\/zeromagazine.mx\/#website"},"primaryImageOfPage":{"@id":"https:\/\/zeromagazine.mx\/index.php\/2024\/06\/13\/sunwoo-nueva-cara-de-amiri\/#primaryimage"},"image":{"@id":"https:\/\/zeromagazine.mx\/index.php\/2024\/06\/13\/sunwoo-nueva-cara-de-amiri\/#primaryimage"},"thumbnailUrl":"https:\/\/i0.wp.com\/zeromagazine.mx\/wp-content\/uploads\/2024\/06\/AMIRI_AW24-Ambassador_Sunwoo-scaled.jpg?fit=1707%2C2560&ssl=1","datePublished":"2024-06-13T20:27:50+00:00","dateModified":"2024-06-13T20:27:52+00:00","breadcrumb":{"@id":"https:\/\/zeromagazine.mx\/index.php\/2024\/06\/13\/sunwoo-nueva-cara-de-amiri\/#breadcrumb"},"inLanguage":"es","potentialAction":[{"@type":"ReadAction","target":["https:\/\/zeromagazine.mx\/index.php\/2024\/06\/13\/sunwoo-nueva-cara-de-amiri\/"]}]},{"@type":"ImageObject","inLanguage":"es","@id":"https:\/\/zeromagazine.mx\/index.php\/2024\/06\/13\/sunwoo-nueva-cara-de-amiri\/#primaryimage","url":"https:\/\/i0.wp.com\/zeromagazine.mx\/wp-content\/uploads\/2024\/06\/AMIRI_AW24-Ambassador_Sunwoo-scaled.jpg?fit=1707%2C2560&ssl=1","contentUrl":"https:\/\/i0.wp.com\/zeromagazine.mx\/wp-content\/uploads\/2024\/06\/AMIRI_AW24-Ambassador_Sunwoo-scaled.jpg?fit=1707%2C2560&ssl=1","width":1707,"height":2560},{"@type":"BreadcrumbList","@id":"https:\/\/zeromagazine.mx\/index.php\/2024\/06\/13\/sunwoo-nueva-cara-de-amiri\/#breadcrumb","itemListElement":[{"@type":"ListItem","position":1,"name":"Portada","item":"https:\/\/zeromagazine.mx\/"},{"@type":"ListItem","position":2,"name":"Sunwoo: Nueva Cara de AMIRI"}]},{"@type":"WebSite","@id":"https:\/\/zeromagazine.mx\/#website","url":"https:\/\/zeromagazine.mx\/","name":"Zero Magazine","description":"","publisher":{"@id":"https:\/\/zeromagazine.mx\/#organization"},"potentialAction":[{"@type":"SearchAction","target":{"@type":"EntryPoint","urlTemplate":"https:\/\/zeromagazine.mx\/?s={search_term_string}"},"query-input":{"@type":"PropertyValueSpecification","valueRequired":true,"valueName":"search_term_string"}}],"inLanguage":"es"},{"@type":"Organization","@id":"https:\/\/zeromagazine.mx\/#organization","name":"Zero Magazine","url":"https:\/\/zeromagazine.mx\/","logo":{"@type":"ImageObject","inLanguage":"es","@id":"https:\/\/zeromagazine.mx\/#\/schema\/logo\/image\/","url":"https:\/\/i0.wp.com\/zeromagazine.mx\/wp-content\/uploads\/2025\/11\/1.jpeg?fit=1000%2C1000&ssl=1","contentUrl":"https:\/\/i0.wp.com\/zeromagazine.mx\/wp-content\/uploads\/2025\/11\/1.jpeg?fit=1000%2C1000&ssl=1","width":1000,"height":1000,"caption":"Zero Magazine"},"image":{"@id":"https:\/\/zeromagazine.mx\/#\/schema\/logo\/image\/"},"sameAs":["https:\/\/instagram.com\/zeromagazinemx"]},{"@type":"Person","@id":"https:\/\/zeromagazine.mx\/#\/schema\/person\/9aed9f33a7c39af3a348b86d723f7773","name":"zeromagazinemx","image":{"@type":"ImageObject","inLanguage":"es","@id":"https:\/\/zeromagazine.mx\/wp-content\/litespeed\/avatar\/f91dfe5410d5dcb1a576bf8c45983896.jpg?ver=1777571230","url":"https:\/\/zeromagazine.mx\/wp-content\/litespeed\/avatar\/f91dfe5410d5dcb1a576bf8c45983896.jpg?ver=1777571230","contentUrl":"https:\/\/zeromagazine.mx\/wp-content\/litespeed\/avatar\/f91dfe5410d5dcb1a576bf8c45983896.jpg?ver=1777571230","caption":"zeromagazinemx"},"url":"https:\/\/zeromagazine.mx\/index.php\/author\/zeromagazinemx\/"}]}},"jetpack_publicize_connections":[],"jetpack_featured_media_url":"https:\/\/i0.wp.com\/zeromagazine.mx\/wp-content\/uploads\/2024\/06\/AMIRI_AW24-Ambassador_Sunwoo-scaled.jpg?fit=1707%2C2560&ssl=1","jetpack-related-posts":[{"id":82281,"url":"https:\/\/zeromagazine.mx\/index.php\/2024\/08\/21\/jet-x-amiri-calif-style\/","url_meta":{"origin":78030,"position":0},"title":"JET x AMIRI: Calif Style","author":"zeromagazinemx","date":"21 de agosto de 2024","format":false,"excerpt":"\u00a1Hey, chique! Si eres de lxs que siempre buscan lo m\u00e1s fresh en moda y lo m\u00e1s top en tendencias, aqu\u00ed te traigo una bomba de info: AMIRI ha llegado a M\u00e9xico, y puedes encontrarla en un lugar exclusivo, la ic\u00f3nica boutique JET. Si no sabes de qu\u00e9 te hablo\u2026","rel":"","context":"En \u00abModa\u00bb","block_context":{"text":"Moda","link":"https:\/\/zeromagazine.mx\/index.php\/category\/moda\/"},"img":{"alt_text":"","src":"https:\/\/i0.wp.com\/zeromagazine.mx\/wp-content\/uploads\/2024\/08\/Nav-Banner_PS24-Mens-2-_1_-scaled.jpg?fit=1200%2C725&ssl=1&resize=350%2C200","width":350,"height":200,"srcset":"https:\/\/i0.wp.com\/zeromagazine.mx\/wp-content\/uploads\/2024\/08\/Nav-Banner_PS24-Mens-2-_1_-scaled.jpg?fit=1200%2C725&ssl=1&resize=350%2C200 1x, https:\/\/i0.wp.com\/zeromagazine.mx\/wp-content\/uploads\/2024\/08\/Nav-Banner_PS24-Mens-2-_1_-scaled.jpg?fit=1200%2C725&ssl=1&resize=525%2C300 1.5x, https:\/\/i0.wp.com\/zeromagazine.mx\/wp-content\/uploads\/2024\/08\/Nav-Banner_PS24-Mens-2-_1_-scaled.jpg?fit=1200%2C725&ssl=1&resize=700%2C400 2x, https:\/\/i0.wp.com\/zeromagazine.mx\/wp-content\/uploads\/2024\/08\/Nav-Banner_PS24-Mens-2-_1_-scaled.jpg?fit=1200%2C725&ssl=1&resize=1050%2C600 3x"},"classes":[]},{"id":85252,"url":"https:\/\/zeromagazine.mx\/index.php\/2024\/10\/04\/amiri-jeans-el-nuevo-banger-urbano\/","url_meta":{"origin":78030,"position":1},"title":"\u00abAmiri Jeans: El Nuevo Banger Urbano\u00bb","author":"zeromagazinemx","date":"4 de octubre de 2024","format":false,"excerpt":"\u00bfListx para descubrir c\u00f3mo \"Amiri Jeans\" va a explotar en la escena urbana? MELANDY 777 y DenyK est\u00e1n m\u00e1s que hypeados por el lanzamiento de este track que ya est\u00e1 haciendo ruido por su fusi\u00f3n de reguet\u00f3n y trap. Si a\u00fan no sabes de qu\u00e9 se trata, te voy a\u2026","rel":"","context":"En \u00abEntretenimiento\u00bb","block_context":{"text":"Entretenimiento","link":"https:\/\/zeromagazine.mx\/index.php\/category\/entretenimiento\/"},"img":{"alt_text":"","src":"https:\/\/i0.wp.com\/zeromagazine.mx\/wp-content\/uploads\/2024\/10\/MELANDY-777-1-scaled.jpg?fit=1200%2C800&ssl=1&resize=350%2C200","width":350,"height":200,"srcset":"https:\/\/i0.wp.com\/zeromagazine.mx\/wp-content\/uploads\/2024\/10\/MELANDY-777-1-scaled.jpg?fit=1200%2C800&ssl=1&resize=350%2C200 1x, https:\/\/i0.wp.com\/zeromagazine.mx\/wp-content\/uploads\/2024\/10\/MELANDY-777-1-scaled.jpg?fit=1200%2C800&ssl=1&resize=525%2C300 1.5x, https:\/\/i0.wp.com\/zeromagazine.mx\/wp-content\/uploads\/2024\/10\/MELANDY-777-1-scaled.jpg?fit=1200%2C800&ssl=1&resize=700%2C400 2x, https:\/\/i0.wp.com\/zeromagazine.mx\/wp-content\/uploads\/2024\/10\/MELANDY-777-1-scaled.jpg?fit=1200%2C800&ssl=1&resize=1050%2C600 3x"},"classes":[]},{"id":75762,"url":"https:\/\/zeromagazine.mx\/index.php\/2024\/05\/09\/la-nueva-coleccion-core-de-amiri\/","url_meta":{"origin":78030,"position":2},"title":"\u00a1La nueva colecci\u00f3n Core de AMIRI!","author":"zeromagazinemx","date":"9 de mayo de 2024","format":false,"excerpt":"La \u00faltima campa\u00f1a Core de AMIRI es una total oda al estilo de vida californiano. Las fotos capturan ese ambiente relajado que tanto nos gusta, como si estuvi\u00e9ramos en pleno Venice Beach sin salir de la ciudad. Adem\u00e1s, nos fascina c\u00f3mo logran fusionar lo cl\u00e1sico con lo m\u00e1s contempor\u00e1neo. Los\u2026","rel":"","context":"En \u00abDise\u00f1o\u00bb","block_context":{"text":"Dise\u00f1o","link":"https:\/\/zeromagazine.mx\/index.php\/category\/diseno\/"},"img":{"alt_text":"","src":"https:\/\/i0.wp.com\/zeromagazine.mx\/wp-content\/uploads\/2024\/05\/AMIRI_CORE_Ad-9_4x5.jpg?fit=960%2C1200&ssl=1&resize=350%2C200","width":350,"height":200,"srcset":"https:\/\/i0.wp.com\/zeromagazine.mx\/wp-content\/uploads\/2024\/05\/AMIRI_CORE_Ad-9_4x5.jpg?fit=960%2C1200&ssl=1&resize=350%2C200 1x, https:\/\/i0.wp.com\/zeromagazine.mx\/wp-content\/uploads\/2024\/05\/AMIRI_CORE_Ad-9_4x5.jpg?fit=960%2C1200&ssl=1&resize=525%2C300 1.5x, https:\/\/i0.wp.com\/zeromagazine.mx\/wp-content\/uploads\/2024\/05\/AMIRI_CORE_Ad-9_4x5.jpg?fit=960%2C1200&ssl=1&resize=700%2C400 2x"},"classes":[]},{"id":79092,"url":"https:\/\/zeromagazine.mx\/index.php\/2024\/06\/21\/amiri-primavera-verano-2025-una-fusion-de-glamour-y-arte-escenico\/","url_meta":{"origin":78030,"position":3},"title":"AMIRI Primavera-Verano 2025: Una Fusi\u00f3n de Glamour y Arte Esc\u00e9nico","author":"zeromagazinemx","date":"21 de junio de 2024","format":false,"excerpt":"Si eres de les que aman la moda y el arte, prep\u00e1rate porque la colecci\u00f3n Primavera-Verano 2025 de AMIRI te va a volar la cabeza. Este nuevo cap\u00edtulo en la historia de la marca, dirigido por Mike Amiri, trae a sus ic\u00f3niques personajes de Hollywood a la luz del d\u00eda,\u2026","rel":"","context":"En \u00abModa\u00bb","block_context":{"text":"Moda","link":"https:\/\/zeromagazine.mx\/index.php\/category\/moda\/"},"img":{"alt_text":"","src":"https:\/\/i0.wp.com\/zeromagazine.mx\/wp-content\/uploads\/2024\/06\/AMIRI_SS25_4-5_LOOK_16-scaled.jpg?fit=960%2C1200&ssl=1&resize=350%2C200","width":350,"height":200,"srcset":"https:\/\/i0.wp.com\/zeromagazine.mx\/wp-content\/uploads\/2024\/06\/AMIRI_SS25_4-5_LOOK_16-scaled.jpg?fit=960%2C1200&ssl=1&resize=350%2C200 1x, https:\/\/i0.wp.com\/zeromagazine.mx\/wp-content\/uploads\/2024\/06\/AMIRI_SS25_4-5_LOOK_16-scaled.jpg?fit=960%2C1200&ssl=1&resize=525%2C300 1.5x, https:\/\/i0.wp.com\/zeromagazine.mx\/wp-content\/uploads\/2024\/06\/AMIRI_SS25_4-5_LOOK_16-scaled.jpg?fit=960%2C1200&ssl=1&resize=700%2C400 2x"},"classes":[]},{"id":119327,"url":"https:\/\/zeromagazine.mx\/index.php\/2026\/04\/22\/the-macallan-pop-up-polanco\/","url_meta":{"origin":78030,"position":4},"title":"The Macallan presenta nueva Pop-Up en El Palacio de Hierro Polanco","author":"David Morales","date":"22 de abril de 2026","format":false,"excerpt":"Hay experiencias que no solo se visitan, se descifran. Y esta nueva pop-up de\u00a0The Macallan\u00a0es exactamente eso. En pleno El Palacio de Hierro Polanco, la marca escocesa acaba de abrir un espacio que va m\u00e1s all\u00e1 del whisky. La\u00a0The Macallan pop-up Polanco\u00a0est\u00e1 inspirada en\u00a0Diamonds Are Forever, y desde que entras,\u2026","rel":"","context":"En \u00abBlog\u00bb","block_context":{"text":"Blog","link":"https:\/\/zeromagazine.mx\/index.php\/category\/blog\/"},"img":{"alt_text":"","src":"https:\/\/i0.wp.com\/zeromagazine.mx\/wp-content\/uploads\/2026\/04\/IMG_2322.webp?fit=1200%2C800&ssl=1&resize=350%2C200","width":350,"height":200,"srcset":"https:\/\/i0.wp.com\/zeromagazine.mx\/wp-content\/uploads\/2026\/04\/IMG_2322.webp?fit=1200%2C800&ssl=1&resize=350%2C200 1x, https:\/\/i0.wp.com\/zeromagazine.mx\/wp-content\/uploads\/2026\/04\/IMG_2322.webp?fit=1200%2C800&ssl=1&resize=525%2C300 1.5x, https:\/\/i0.wp.com\/zeromagazine.mx\/wp-content\/uploads\/2026\/04\/IMG_2322.webp?fit=1200%2C800&ssl=1&resize=700%2C400 2x, https:\/\/i0.wp.com\/zeromagazine.mx\/wp-content\/uploads\/2026\/04\/IMG_2322.webp?fit=1200%2C800&ssl=1&resize=1050%2C600 3x"},"classes":[]},{"id":107884,"url":"https:\/\/zeromagazine.mx\/index.php\/2025\/09\/12\/corona-capital-2025-nuevos-lanzamientos\/","url_meta":{"origin":78030,"position":5},"title":"Corona Capital 2025: Lo nuevo que escuchar\u00e1s en vivo","author":"David Morales","date":"12 de septiembre de 2025","format":false,"excerpt":"El Corona Capital 2025 no solo trae un cartel de leyendas y artistas virales, tambi\u00e9n ser\u00e1 el spot donde estrenan sus rolas m\u00e1s esperadas. Prep\u00e1rate porque este noviembre, en la Curva 4 del Aut\u00f3dromo Hermanos Rodr\u00edguez, la m\u00fasica se sentir\u00e1 m\u00e1s fresca que nunca. El Corona Capital 2025 y Regresos\u2026","rel":"","context":"En \u00abEntretenimiento\u00bb","block_context":{"text":"Entretenimiento","link":"https:\/\/zeromagazine.mx\/index.php\/category\/entretenimiento\/"},"img":{"alt_text":"","src":"https:\/\/i0.wp.com\/zeromagazine.mx\/wp-content\/uploads\/2025\/09\/img_8218.jpg?fit=1080%2C1080&ssl=1&resize=350%2C200","width":350,"height":200,"srcset":"https:\/\/i0.wp.com\/zeromagazine.mx\/wp-content\/uploads\/2025\/09\/img_8218.jpg?fit=1080%2C1080&ssl=1&resize=350%2C200 1x, https:\/\/i0.wp.com\/zeromagazine.mx\/wp-content\/uploads\/2025\/09\/img_8218.jpg?fit=1080%2C1080&ssl=1&resize=525%2C300 1.5x, https:\/\/i0.wp.com\/zeromagazine.mx\/wp-content\/uploads\/2025\/09\/img_8218.jpg?fit=1080%2C1080&ssl=1&resize=700%2C400 2x, https:\/\/i0.wp.com\/zeromagazine.mx\/wp-content\/uploads\/2025\/09\/img_8218.jpg?fit=1080%2C1080&ssl=1&resize=1050%2C600 3x"},"classes":[]}],"jetpack_sharing_enabled":true,"builder_content":"","_links":{"self":[{"href":"https:\/\/zeromagazine.mx\/index.php\/wp-json\/wp\/v2\/posts\/78030","targetHints":{"allow":["GET"]}}],"collection":[{"href":"https:\/\/zeromagazine.mx\/index.php\/wp-json\/wp\/v2\/posts"}],"about":[{"href":"https:\/\/zeromagazine.mx\/index.php\/wp-json\/wp\/v2\/types\/post"}],"author":[{"embeddable":true,"href":"https:\/\/zeromagazine.mx\/index.php\/wp-json\/wp\/v2\/users\/2"}],"replies":[{"embeddable":true,"href":"https:\/\/zeromagazine.mx\/index.php\/wp-json\/wp\/v2\/comments?post=78030"}],"version-history":[{"count":2,"href":"https:\/\/zeromagazine.mx\/index.php\/wp-json\/wp\/v2\/posts\/78030\/revisions"}],"predecessor-version":[{"id":78033,"href":"https:\/\/zeromagazine.mx\/index.php\/wp-json\/wp\/v2\/posts\/78030\/revisions\/78033"}],"wp:featuredmedia":[{"embeddable":true,"href":"https:\/\/zeromagazine.mx\/index.php\/wp-json\/wp\/v2\/media\/78031"}],"wp:attachment":[{"href":"https:\/\/zeromagazine.mx\/index.php\/wp-json\/wp\/v2\/media?parent=78030"}],"wp:term":[{"taxonomy":"category","embeddable":true,"href":"https:\/\/zeromagazine.mx\/index.php\/wp-json\/wp\/v2\/categories?post=78030"},{"taxonomy":"post_tag","embeddable":true,"href":"https:\/\/zeromagazine.mx\/index.php\/wp-json\/wp\/v2\/tags?post=78030"}],"curies":[{"name":"wp","href":"https:\/\/api.w.org\/{rel}","templated":true}]}}