{"id":78076,"date":"2024-06-14T01:25:54","date_gmt":"2024-06-13T23:25:54","guid":{"rendered":"https:\/\/zeromagazine.mx\/?p=78076"},"modified":"2024-06-14T01:34:05","modified_gmt":"2024-06-13T23:34:05","slug":"allison-en-concierto-un-viaje-acustico-por-la-musica","status":"publish","type":"post","link":"https:\/\/zeromagazine.mx\/index.php\/2024\/06\/14\/allison-en-concierto-un-viaje-acustico-por-la-musica\/","title":{"rendered":"Allison en Concierto: Un Viaje Ac\u00fastico por la M\u00fasica"},"content":{"rendered":"<p>\u00bfYa escucharon la noticia? La banda Allison est\u00e1 a punto de llevarnos en un viaje ac\u00fastico por nuestros recuerdos m\u00e1s memorables. S\u00ed, esa misma banda que ha sido parte de nuestra banda sonora desde siempre. Desde sus inicios, Allison ha sabido capturar nuestra atenci\u00f3n y mantenerse relevante en el escenario musical. Su pr\u00f3xima aventura ac\u00fastica promete ser algo fuera de serie, comenzando en el emblem\u00e1tico Teatro Metropolitan de la CDMX y extendi\u00e9ndose a otras ciudades como Toluca, M\u00e9rida, Monterrey y Puebla.<\/p>\n\n\n\n<script async src=\"https:\/\/pagead2.googlesyndication.com\/pagead\/js\/adsbygoogle.js?client=ca-pub-5499304793904745\"\n     crossorigin=\"anonymous\"><\/script>\n<ins class=\"adsbygoogle\"\n     style=\"display:block; text-align:center;\"\n     data-ad-layout=\"in-article\"\n     data-ad-format=\"fluid\"\n     data-ad-client=\"ca-pub-5499304793904745\"\n     data-ad-slot=\"5994863093\"><\/ins>\n<script>\n     (adsbygoogle = window.adsbygoogle || []).push({});\n<\/script>\n\n\n\n<p><\/p>\n\n\n\n<p>Sin duda, este tour ac\u00fastico es el siguiente gran paso para Allison, una oportunidad para conectar de manera \u00edntima con su audiencia fiel. Despu\u00e9s de tantos a\u00f1os de \u00e9xitos y giras, est\u00e1n listes para ofrecernos algo diferente, algo que hemos estado esperando desde aquellos d\u00edas en que MTV nos hac\u00eda so\u00f1ar con conciertos ac\u00fasticos. Es como si nos estuvieran dando un regalo, \u00bfno creen?<\/p>\n\n\n<div class=\"wp-block-image\">\n<figure class=\"aligncenter size-large\"><img data-recalc-dims=\"1\" decoding=\"async\" width=\"1024\" height=\"1024\" src=\"https:\/\/i0.wp.com\/zeromagazine.mx\/wp-content\/uploads\/2024\/06\/unnamed-11-2.jpg?resize=1024%2C1024\" alt=\"\" class=\"wp-image-78077\" srcset=\"https:\/\/i0.wp.com\/zeromagazine.mx\/wp-content\/uploads\/2024\/06\/unnamed-11-2.jpg?resize=1024%2C1024&amp;ssl=1 1024w, https:\/\/i0.wp.com\/zeromagazine.mx\/wp-content\/uploads\/2024\/06\/unnamed-11-2.jpg?resize=300%2C300&amp;ssl=1 300w, https:\/\/i0.wp.com\/zeromagazine.mx\/wp-content\/uploads\/2024\/06\/unnamed-11-2.jpg?resize=150%2C150&amp;ssl=1 150w, https:\/\/i0.wp.com\/zeromagazine.mx\/wp-content\/uploads\/2024\/06\/unnamed-11-2.jpg?resize=768%2C768&amp;ssl=1 768w, https:\/\/i0.wp.com\/zeromagazine.mx\/wp-content\/uploads\/2024\/06\/unnamed-11-2.jpg?resize=70%2C70&amp;ssl=1 70w, https:\/\/i0.wp.com\/zeromagazine.mx\/wp-content\/uploads\/2024\/06\/unnamed-11-2.jpg?resize=47%2C48&amp;ssl=1 47w, https:\/\/i0.wp.com\/zeromagazine.mx\/wp-content\/uploads\/2024\/06\/unnamed-11-2.jpg?w=1200&amp;ssl=1 1200w\" sizes=\"(max-width: 1024px) 100vw, 1024px\" \/><\/figure>\n<\/div>\n\n\n<p><\/p>\n\n\n\n<p>Para empezar, recordemos el impacto que tuvo su presentaci\u00f3n en el Palacio de los Deportes en formato 360\u00b0. Fue algo \u00e9pico y ahora, esta nueva propuesta promete llevarnos a\u00fan m\u00e1s lejos emocionalmente. Allison ha sabido reinventarse una y otra vez, y esta vez no es la excepci\u00f3n. Es como si estuvieran rompiendo barreras y ofreci\u00e9ndonos una experiencia que va m\u00e1s all\u00e1 de lo convencional.<\/p>\n\n\n<div class=\"wp-block-image\">\n<figure class=\"aligncenter size-large\"><img data-recalc-dims=\"1\" decoding=\"async\" width=\"1024\" height=\"1024\" src=\"https:\/\/i0.wp.com\/zeromagazine.mx\/wp-content\/uploads\/2024\/06\/acustico_venue_post_cdmx_tm-1024x1024.jpg?resize=1024%2C1024&#038;ssl=1\" alt=\"\" class=\"wp-image-78078\" srcset=\"https:\/\/i0.wp.com\/zeromagazine.mx\/wp-content\/uploads\/2024\/06\/acustico_venue_post_cdmx_tm.jpg?resize=1024%2C1024&amp;ssl=1 1024w, https:\/\/i0.wp.com\/zeromagazine.mx\/wp-content\/uploads\/2024\/06\/acustico_venue_post_cdmx_tm.jpg?resize=300%2C300&amp;ssl=1 300w, https:\/\/i0.wp.com\/zeromagazine.mx\/wp-content\/uploads\/2024\/06\/acustico_venue_post_cdmx_tm.jpg?resize=150%2C150&amp;ssl=1 150w, https:\/\/i0.wp.com\/zeromagazine.mx\/wp-content\/uploads\/2024\/06\/acustico_venue_post_cdmx_tm.jpg?resize=768%2C768&amp;ssl=1 768w, https:\/\/i0.wp.com\/zeromagazine.mx\/wp-content\/uploads\/2024\/06\/acustico_venue_post_cdmx_tm.jpg?resize=1536%2C1536&amp;ssl=1 1536w, https:\/\/i0.wp.com\/zeromagazine.mx\/wp-content\/uploads\/2024\/06\/acustico_venue_post_cdmx_tm.jpg?w=1600&amp;ssl=1 1600w\" sizes=\"(max-width: 1024px) 100vw, 1024px\" \/><\/figure>\n<\/div>\n\n\n<p><\/p>\n\n\n\n<p>Adem\u00e1s, el hecho de contar con Wonderfox como banda abridora solo agrega m\u00e1s emoci\u00f3n a la mezcla. Es incre\u00edble c\u00f3mo Allison siempre encuentra la manera de sorprendernos, \u00bfverdad? Este tour no solo ser\u00e1 sobre m\u00fasica, ser\u00e1 sobre revivir aquellos momentos que marcaron nuestra adolescencia, pero esta vez con una nueva perspectiva, una m\u00e1s madura y reflexiva.<\/p>\n\n\n\n<p>As\u00ed que, si est\u00e1n listes para sumergirse en este viaje musical \u00fanico, marquen sus calendarios porque la venta de boletos comienza el viernes 14 de junio de 2024 a las 10:00 hrs. No se lo pueden perder. Ser\u00e1 una oportunidad para reafirmar por qu\u00e9 Allison sigue siendo una de las bandas m\u00e1s queridas y respetadas en la escena musical actual.<\/p>\n\n\n\n<script async src=\"https:\/\/pagead2.googlesyndication.com\/pagead\/js\/adsbygoogle.js?client=ca-pub-5499304793904745\"\n     crossorigin=\"anonymous\"><\/script>\n<ins class=\"adsbygoogle\"\n     style=\"display:block; text-align:center;\"\n     data-ad-layout=\"in-article\"\n     data-ad-format=\"fluid\"\n     data-ad-client=\"ca-pub-5499304793904745\"\n     data-ad-slot=\"5994863093\"><\/ins>\n<script>\n     (adsbygoogle = window.adsbygoogle || []).push({});\n<\/script>\n\n\n\n<p><\/p>\n\n\n\n<p>Prep\u00e1rense para redescubrir esos \u00e9xitos que nos hicieron cantar a todo pulm\u00f3n y que forman parte de nuestra historia personal. Este concierto ac\u00fastico ser\u00e1 el soundtrack perfecto para una tarde llena de nostalgia y alegr\u00eda compartida con amigues que comparten nuestra misma pasi\u00f3n por la m\u00fasica. Nos vemos ah\u00ed, listes para vivir una experiencia que seguro quedar\u00e1 grabada en nuestros corazones para siempre.<\/p>\n\n<!--themify_builder_content-->\n<div id=\"themify_builder_content-78076\" data-postid=\"78076\" class=\"themify_builder_content themify_builder_content-78076 themify_builder tf_clear\">\n    <\/div>\n<!--\/themify_builder_content-->","protected":false},"excerpt":{"rendered":"<p>\u00bfYa escucharon la noticia? La banda Allison est\u00e1 a punto de llevarnos en un viaje ac\u00fastico por nuestros recuerdos m\u00e1s memorables. S\u00ed, esa misma banda que ha sido parte de nuestra banda sonora desde siempre. Desde sus inicios, Allison ha sabido capturar nuestra atenci\u00f3n y mantenerse relevante en el escenario musical. Su pr\u00f3xima aventura ac\u00fastica [&hellip;]<\/p>\n","protected":false},"author":2,"featured_media":78077,"comment_status":"open","ping_status":"open","sticky":false,"template":"","format":"standard","meta":{"_jetpack_memberships_contains_paid_content":false,"footnotes":"","jetpack_publicize_message":"","jetpack_publicize_feature_enabled":true,"jetpack_social_post_already_shared":true,"jetpack_social_options":{"image_generator_settings":{"template":"highway","default_image_id":0,"font":"","enabled":false},"version":2}},"categories":[1],"tags":[6876,5548,1958,1190],"class_list":["post-78076","post","type-post","status-publish","format-standard","has-post-thumbnail","hentry","category-blog","tag-allison","tag-merida","tag-monterrey","tag-tour","has-post-title","has-post-date","has-post-category","has-post-tag","has-post-comment","has-post-author",""],"yoast_head":"<!-- This site is optimized with the Yoast SEO plugin v27.5 - https:\/\/yoast.com\/product\/yoast-seo-wordpress\/ -->\n<title>Allison en Concierto: Un Viaje Ac\u00fastico por la M\u00fasica - Zero Magazine<\/title>\n<meta name=\"robots\" content=\"index, follow, max-snippet:-1, max-image-preview:large, max-video-preview:-1\" \/>\n<link rel=\"canonical\" href=\"https:\/\/zeromagazine.mx\/index.php\/2024\/06\/14\/allison-en-concierto-un-viaje-acustico-por-la-musica\/\" \/>\n<meta property=\"og:locale\" content=\"es_ES\" \/>\n<meta property=\"og:type\" content=\"article\" \/>\n<meta property=\"og:title\" content=\"Allison en Concierto: Un Viaje Ac\u00fastico por la M\u00fasica - Zero Magazine\" \/>\n<meta property=\"og:description\" content=\"\u00bfYa escucharon la noticia? La banda Allison est\u00e1 a punto de llevarnos en un viaje ac\u00fastico por nuestros recuerdos m\u00e1s memorables. S\u00ed, esa misma banda que ha sido parte de nuestra banda sonora desde siempre. Desde sus inicios, Allison ha sabido capturar nuestra atenci\u00f3n y mantenerse relevante en el escenario musical. Su pr\u00f3xima aventura ac\u00fastica [&hellip;]\" \/>\n<meta property=\"og:url\" content=\"https:\/\/zeromagazine.mx\/index.php\/2024\/06\/14\/allison-en-concierto-un-viaje-acustico-por-la-musica\/\" \/>\n<meta property=\"og:site_name\" content=\"Zero Magazine\" \/>\n<meta property=\"article:published_time\" content=\"2024-06-13T23:25:54+00:00\" \/>\n<meta property=\"article:modified_time\" content=\"2024-06-13T23:34:05+00:00\" \/>\n<meta property=\"og:image\" content=\"https:\/\/i0.wp.com\/zeromagazine.mx\/wp-content\/uploads\/2024\/06\/unnamed-11-2.jpg?fit=1200%2C1200&ssl=1\" \/>\n\t<meta property=\"og:image:width\" content=\"1200\" \/>\n\t<meta property=\"og:image:height\" content=\"1200\" \/>\n\t<meta property=\"og:image:type\" content=\"image\/jpeg\" \/>\n<meta name=\"author\" content=\"zeromagazinemx\" \/>\n<meta name=\"twitter:card\" content=\"summary_large_image\" \/>\n<meta name=\"twitter:label1\" content=\"Escrito por\" \/>\n\t<meta name=\"twitter:data1\" content=\"zeromagazinemx\" \/>\n\t<meta name=\"twitter:label2\" content=\"Tiempo de lectura\" \/>\n\t<meta name=\"twitter:data2\" content=\"2 minutos\" \/>\n<script type=\"application\/ld+json\" class=\"yoast-schema-graph\">{\"@context\":\"https:\\\/\\\/schema.org\",\"@graph\":[{\"@type\":\"Article\",\"@id\":\"https:\\\/\\\/zeromagazine.mx\\\/index.php\\\/2024\\\/06\\\/14\\\/allison-en-concierto-un-viaje-acustico-por-la-musica\\\/#article\",\"isPartOf\":{\"@id\":\"https:\\\/\\\/zeromagazine.mx\\\/index.php\\\/2024\\\/06\\\/14\\\/allison-en-concierto-un-viaje-acustico-por-la-musica\\\/\"},\"author\":{\"name\":\"zeromagazinemx\",\"@id\":\"https:\\\/\\\/zeromagazine.mx\\\/#\\\/schema\\\/person\\\/9aed9f33a7c39af3a348b86d723f7773\"},\"headline\":\"Allison en Concierto: Un Viaje Ac\u00fastico por la M\u00fasica\",\"datePublished\":\"2024-06-13T23:25:54+00:00\",\"dateModified\":\"2024-06-13T23:34:05+00:00\",\"mainEntityOfPage\":{\"@id\":\"https:\\\/\\\/zeromagazine.mx\\\/index.php\\\/2024\\\/06\\\/14\\\/allison-en-concierto-un-viaje-acustico-por-la-musica\\\/\"},\"wordCount\":432,\"commentCount\":0,\"publisher\":{\"@id\":\"https:\\\/\\\/zeromagazine.mx\\\/#organization\"},\"image\":{\"@id\":\"https:\\\/\\\/zeromagazine.mx\\\/index.php\\\/2024\\\/06\\\/14\\\/allison-en-concierto-un-viaje-acustico-por-la-musica\\\/#primaryimage\"},\"thumbnailUrl\":\"https:\\\/\\\/i0.wp.com\\\/zeromagazine.mx\\\/wp-content\\\/uploads\\\/2024\\\/06\\\/unnamed-11-2.jpg?fit=1200%2C1200&ssl=1\",\"keywords\":[\"allison\",\"M\u00e9rida\",\"Monterrey\",\"TOUR\"],\"articleSection\":[\"Blog\"],\"inLanguage\":\"es\",\"potentialAction\":[{\"@type\":\"CommentAction\",\"name\":\"Comment\",\"target\":[\"https:\\\/\\\/zeromagazine.mx\\\/index.php\\\/2024\\\/06\\\/14\\\/allison-en-concierto-un-viaje-acustico-por-la-musica\\\/#respond\"]}]},{\"@type\":\"WebPage\",\"@id\":\"https:\\\/\\\/zeromagazine.mx\\\/index.php\\\/2024\\\/06\\\/14\\\/allison-en-concierto-un-viaje-acustico-por-la-musica\\\/\",\"url\":\"https:\\\/\\\/zeromagazine.mx\\\/index.php\\\/2024\\\/06\\\/14\\\/allison-en-concierto-un-viaje-acustico-por-la-musica\\\/\",\"name\":\"Allison en Concierto: Un Viaje Ac\u00fastico por la M\u00fasica - Zero Magazine\",\"isPartOf\":{\"@id\":\"https:\\\/\\\/zeromagazine.mx\\\/#website\"},\"primaryImageOfPage\":{\"@id\":\"https:\\\/\\\/zeromagazine.mx\\\/index.php\\\/2024\\\/06\\\/14\\\/allison-en-concierto-un-viaje-acustico-por-la-musica\\\/#primaryimage\"},\"image\":{\"@id\":\"https:\\\/\\\/zeromagazine.mx\\\/index.php\\\/2024\\\/06\\\/14\\\/allison-en-concierto-un-viaje-acustico-por-la-musica\\\/#primaryimage\"},\"thumbnailUrl\":\"https:\\\/\\\/i0.wp.com\\\/zeromagazine.mx\\\/wp-content\\\/uploads\\\/2024\\\/06\\\/unnamed-11-2.jpg?fit=1200%2C1200&ssl=1\",\"datePublished\":\"2024-06-13T23:25:54+00:00\",\"dateModified\":\"2024-06-13T23:34:05+00:00\",\"breadcrumb\":{\"@id\":\"https:\\\/\\\/zeromagazine.mx\\\/index.php\\\/2024\\\/06\\\/14\\\/allison-en-concierto-un-viaje-acustico-por-la-musica\\\/#breadcrumb\"},\"inLanguage\":\"es\",\"potentialAction\":[{\"@type\":\"ReadAction\",\"target\":[\"https:\\\/\\\/zeromagazine.mx\\\/index.php\\\/2024\\\/06\\\/14\\\/allison-en-concierto-un-viaje-acustico-por-la-musica\\\/\"]}]},{\"@type\":\"ImageObject\",\"inLanguage\":\"es\",\"@id\":\"https:\\\/\\\/zeromagazine.mx\\\/index.php\\\/2024\\\/06\\\/14\\\/allison-en-concierto-un-viaje-acustico-por-la-musica\\\/#primaryimage\",\"url\":\"https:\\\/\\\/i0.wp.com\\\/zeromagazine.mx\\\/wp-content\\\/uploads\\\/2024\\\/06\\\/unnamed-11-2.jpg?fit=1200%2C1200&ssl=1\",\"contentUrl\":\"https:\\\/\\\/i0.wp.com\\\/zeromagazine.mx\\\/wp-content\\\/uploads\\\/2024\\\/06\\\/unnamed-11-2.jpg?fit=1200%2C1200&ssl=1\",\"width\":1200,\"height\":1200},{\"@type\":\"BreadcrumbList\",\"@id\":\"https:\\\/\\\/zeromagazine.mx\\\/index.php\\\/2024\\\/06\\\/14\\\/allison-en-concierto-un-viaje-acustico-por-la-musica\\\/#breadcrumb\",\"itemListElement\":[{\"@type\":\"ListItem\",\"position\":1,\"name\":\"Portada\",\"item\":\"https:\\\/\\\/zeromagazine.mx\\\/\"},{\"@type\":\"ListItem\",\"position\":2,\"name\":\"Allison en Concierto: Un Viaje Ac\u00fastico por la M\u00fasica\"}]},{\"@type\":\"WebSite\",\"@id\":\"https:\\\/\\\/zeromagazine.mx\\\/#website\",\"url\":\"https:\\\/\\\/zeromagazine.mx\\\/\",\"name\":\"Zero Magazine\",\"description\":\"\",\"publisher\":{\"@id\":\"https:\\\/\\\/zeromagazine.mx\\\/#organization\"},\"potentialAction\":[{\"@type\":\"SearchAction\",\"target\":{\"@type\":\"EntryPoint\",\"urlTemplate\":\"https:\\\/\\\/zeromagazine.mx\\\/?s={search_term_string}\"},\"query-input\":{\"@type\":\"PropertyValueSpecification\",\"valueRequired\":true,\"valueName\":\"search_term_string\"}}],\"inLanguage\":\"es\"},{\"@type\":\"Organization\",\"@id\":\"https:\\\/\\\/zeromagazine.mx\\\/#organization\",\"name\":\"Zero Magazine\",\"url\":\"https:\\\/\\\/zeromagazine.mx\\\/\",\"logo\":{\"@type\":\"ImageObject\",\"inLanguage\":\"es\",\"@id\":\"https:\\\/\\\/zeromagazine.mx\\\/#\\\/schema\\\/logo\\\/image\\\/\",\"url\":\"https:\\\/\\\/i0.wp.com\\\/zeromagazine.mx\\\/wp-content\\\/uploads\\\/2025\\\/11\\\/1.jpeg?fit=1000%2C1000&ssl=1\",\"contentUrl\":\"https:\\\/\\\/i0.wp.com\\\/zeromagazine.mx\\\/wp-content\\\/uploads\\\/2025\\\/11\\\/1.jpeg?fit=1000%2C1000&ssl=1\",\"width\":1000,\"height\":1000,\"caption\":\"Zero Magazine\"},\"image\":{\"@id\":\"https:\\\/\\\/zeromagazine.mx\\\/#\\\/schema\\\/logo\\\/image\\\/\"},\"sameAs\":[\"https:\\\/\\\/instagram.com\\\/zeromagazinemx\"]},{\"@type\":\"Person\",\"@id\":\"https:\\\/\\\/zeromagazine.mx\\\/#\\\/schema\\\/person\\\/9aed9f33a7c39af3a348b86d723f7773\",\"name\":\"zeromagazinemx\",\"image\":{\"@type\":\"ImageObject\",\"inLanguage\":\"es\",\"@id\":\"https:\\\/\\\/zeromagazine.mx\\\/wp-content\\\/litespeed\\\/avatar\\\/f91dfe5410d5dcb1a576bf8c45983896.jpg?ver=1777571230\",\"url\":\"https:\\\/\\\/zeromagazine.mx\\\/wp-content\\\/litespeed\\\/avatar\\\/f91dfe5410d5dcb1a576bf8c45983896.jpg?ver=1777571230\",\"contentUrl\":\"https:\\\/\\\/zeromagazine.mx\\\/wp-content\\\/litespeed\\\/avatar\\\/f91dfe5410d5dcb1a576bf8c45983896.jpg?ver=1777571230\",\"caption\":\"zeromagazinemx\"},\"url\":\"https:\\\/\\\/zeromagazine.mx\\\/index.php\\\/author\\\/zeromagazinemx\\\/\"}]}<\/script>\n<!-- \/ Yoast SEO plugin. -->","yoast_head_json":{"title":"Allison en Concierto: Un Viaje Ac\u00fastico por la M\u00fasica - Zero Magazine","robots":{"index":"index","follow":"follow","max-snippet":"max-snippet:-1","max-image-preview":"max-image-preview:large","max-video-preview":"max-video-preview:-1"},"canonical":"https:\/\/zeromagazine.mx\/index.php\/2024\/06\/14\/allison-en-concierto-un-viaje-acustico-por-la-musica\/","og_locale":"es_ES","og_type":"article","og_title":"Allison en Concierto: Un Viaje Ac\u00fastico por la M\u00fasica - Zero Magazine","og_description":"\u00bfYa escucharon la noticia? La banda Allison est\u00e1 a punto de llevarnos en un viaje ac\u00fastico por nuestros recuerdos m\u00e1s memorables. S\u00ed, esa misma banda que ha sido parte de nuestra banda sonora desde siempre. Desde sus inicios, Allison ha sabido capturar nuestra atenci\u00f3n y mantenerse relevante en el escenario musical. Su pr\u00f3xima aventura ac\u00fastica [&hellip;]","og_url":"https:\/\/zeromagazine.mx\/index.php\/2024\/06\/14\/allison-en-concierto-un-viaje-acustico-por-la-musica\/","og_site_name":"Zero Magazine","article_published_time":"2024-06-13T23:25:54+00:00","article_modified_time":"2024-06-13T23:34:05+00:00","og_image":[{"width":1200,"height":1200,"url":"https:\/\/i0.wp.com\/zeromagazine.mx\/wp-content\/uploads\/2024\/06\/unnamed-11-2.jpg?fit=1200%2C1200&ssl=1","type":"image\/jpeg"}],"author":"zeromagazinemx","twitter_card":"summary_large_image","twitter_misc":{"Escrito por":"zeromagazinemx","Tiempo de lectura":"2 minutos"},"schema":{"@context":"https:\/\/schema.org","@graph":[{"@type":"Article","@id":"https:\/\/zeromagazine.mx\/index.php\/2024\/06\/14\/allison-en-concierto-un-viaje-acustico-por-la-musica\/#article","isPartOf":{"@id":"https:\/\/zeromagazine.mx\/index.php\/2024\/06\/14\/allison-en-concierto-un-viaje-acustico-por-la-musica\/"},"author":{"name":"zeromagazinemx","@id":"https:\/\/zeromagazine.mx\/#\/schema\/person\/9aed9f33a7c39af3a348b86d723f7773"},"headline":"Allison en Concierto: Un Viaje Ac\u00fastico por la M\u00fasica","datePublished":"2024-06-13T23:25:54+00:00","dateModified":"2024-06-13T23:34:05+00:00","mainEntityOfPage":{"@id":"https:\/\/zeromagazine.mx\/index.php\/2024\/06\/14\/allison-en-concierto-un-viaje-acustico-por-la-musica\/"},"wordCount":432,"commentCount":0,"publisher":{"@id":"https:\/\/zeromagazine.mx\/#organization"},"image":{"@id":"https:\/\/zeromagazine.mx\/index.php\/2024\/06\/14\/allison-en-concierto-un-viaje-acustico-por-la-musica\/#primaryimage"},"thumbnailUrl":"https:\/\/i0.wp.com\/zeromagazine.mx\/wp-content\/uploads\/2024\/06\/unnamed-11-2.jpg?fit=1200%2C1200&ssl=1","keywords":["allison","M\u00e9rida","Monterrey","TOUR"],"articleSection":["Blog"],"inLanguage":"es","potentialAction":[{"@type":"CommentAction","name":"Comment","target":["https:\/\/zeromagazine.mx\/index.php\/2024\/06\/14\/allison-en-concierto-un-viaje-acustico-por-la-musica\/#respond"]}]},{"@type":"WebPage","@id":"https:\/\/zeromagazine.mx\/index.php\/2024\/06\/14\/allison-en-concierto-un-viaje-acustico-por-la-musica\/","url":"https:\/\/zeromagazine.mx\/index.php\/2024\/06\/14\/allison-en-concierto-un-viaje-acustico-por-la-musica\/","name":"Allison en Concierto: Un Viaje Ac\u00fastico por la M\u00fasica - Zero Magazine","isPartOf":{"@id":"https:\/\/zeromagazine.mx\/#website"},"primaryImageOfPage":{"@id":"https:\/\/zeromagazine.mx\/index.php\/2024\/06\/14\/allison-en-concierto-un-viaje-acustico-por-la-musica\/#primaryimage"},"image":{"@id":"https:\/\/zeromagazine.mx\/index.php\/2024\/06\/14\/allison-en-concierto-un-viaje-acustico-por-la-musica\/#primaryimage"},"thumbnailUrl":"https:\/\/i0.wp.com\/zeromagazine.mx\/wp-content\/uploads\/2024\/06\/unnamed-11-2.jpg?fit=1200%2C1200&ssl=1","datePublished":"2024-06-13T23:25:54+00:00","dateModified":"2024-06-13T23:34:05+00:00","breadcrumb":{"@id":"https:\/\/zeromagazine.mx\/index.php\/2024\/06\/14\/allison-en-concierto-un-viaje-acustico-por-la-musica\/#breadcrumb"},"inLanguage":"es","potentialAction":[{"@type":"ReadAction","target":["https:\/\/zeromagazine.mx\/index.php\/2024\/06\/14\/allison-en-concierto-un-viaje-acustico-por-la-musica\/"]}]},{"@type":"ImageObject","inLanguage":"es","@id":"https:\/\/zeromagazine.mx\/index.php\/2024\/06\/14\/allison-en-concierto-un-viaje-acustico-por-la-musica\/#primaryimage","url":"https:\/\/i0.wp.com\/zeromagazine.mx\/wp-content\/uploads\/2024\/06\/unnamed-11-2.jpg?fit=1200%2C1200&ssl=1","contentUrl":"https:\/\/i0.wp.com\/zeromagazine.mx\/wp-content\/uploads\/2024\/06\/unnamed-11-2.jpg?fit=1200%2C1200&ssl=1","width":1200,"height":1200},{"@type":"BreadcrumbList","@id":"https:\/\/zeromagazine.mx\/index.php\/2024\/06\/14\/allison-en-concierto-un-viaje-acustico-por-la-musica\/#breadcrumb","itemListElement":[{"@type":"ListItem","position":1,"name":"Portada","item":"https:\/\/zeromagazine.mx\/"},{"@type":"ListItem","position":2,"name":"Allison en Concierto: Un Viaje Ac\u00fastico por la M\u00fasica"}]},{"@type":"WebSite","@id":"https:\/\/zeromagazine.mx\/#website","url":"https:\/\/zeromagazine.mx\/","name":"Zero Magazine","description":"","publisher":{"@id":"https:\/\/zeromagazine.mx\/#organization"},"potentialAction":[{"@type":"SearchAction","target":{"@type":"EntryPoint","urlTemplate":"https:\/\/zeromagazine.mx\/?s={search_term_string}"},"query-input":{"@type":"PropertyValueSpecification","valueRequired":true,"valueName":"search_term_string"}}],"inLanguage":"es"},{"@type":"Organization","@id":"https:\/\/zeromagazine.mx\/#organization","name":"Zero Magazine","url":"https:\/\/zeromagazine.mx\/","logo":{"@type":"ImageObject","inLanguage":"es","@id":"https:\/\/zeromagazine.mx\/#\/schema\/logo\/image\/","url":"https:\/\/i0.wp.com\/zeromagazine.mx\/wp-content\/uploads\/2025\/11\/1.jpeg?fit=1000%2C1000&ssl=1","contentUrl":"https:\/\/i0.wp.com\/zeromagazine.mx\/wp-content\/uploads\/2025\/11\/1.jpeg?fit=1000%2C1000&ssl=1","width":1000,"height":1000,"caption":"Zero Magazine"},"image":{"@id":"https:\/\/zeromagazine.mx\/#\/schema\/logo\/image\/"},"sameAs":["https:\/\/instagram.com\/zeromagazinemx"]},{"@type":"Person","@id":"https:\/\/zeromagazine.mx\/#\/schema\/person\/9aed9f33a7c39af3a348b86d723f7773","name":"zeromagazinemx","image":{"@type":"ImageObject","inLanguage":"es","@id":"https:\/\/zeromagazine.mx\/wp-content\/litespeed\/avatar\/f91dfe5410d5dcb1a576bf8c45983896.jpg?ver=1777571230","url":"https:\/\/zeromagazine.mx\/wp-content\/litespeed\/avatar\/f91dfe5410d5dcb1a576bf8c45983896.jpg?ver=1777571230","contentUrl":"https:\/\/zeromagazine.mx\/wp-content\/litespeed\/avatar\/f91dfe5410d5dcb1a576bf8c45983896.jpg?ver=1777571230","caption":"zeromagazinemx"},"url":"https:\/\/zeromagazine.mx\/index.php\/author\/zeromagazinemx\/"}]}},"jetpack_publicize_connections":[],"jetpack_featured_media_url":"https:\/\/i0.wp.com\/zeromagazine.mx\/wp-content\/uploads\/2024\/06\/unnamed-11-2.jpg?fit=1200%2C1200&ssl=1","jetpack-related-posts":[{"id":91887,"url":"https:\/\/zeromagazine.mx\/index.php\/2024\/11\/27\/allison-la-magia-acustica-viva\/","url_meta":{"origin":78076,"position":0},"title":"\u201cAllison: La Magia Ac\u00fastica Viva\u201d","author":"zeromagazinemx","date":"27 de noviembre de 2024","format":false,"excerpt":"Si eres de los que se deja llevar por la nostalgia del rock alternativo de principios de los 2000s, seguro conoces a\u00a0Allison. Esa banda mexicana que se meti\u00f3 en el coraz\u00f3n de toda una generaci\u00f3n con sus letras llenas de emoci\u00f3n, sus riffs que se pegaban a la piel y\u2026","rel":"","context":"En \u00abEntretenimiento\u00bb","block_context":{"text":"Entretenimiento","link":"https:\/\/zeromagazine.mx\/index.php\/category\/entretenimiento\/"},"img":{"alt_text":"","src":"https:\/\/i0.wp.com\/zeromagazine.mx\/wp-content\/uploads\/2024\/11\/Captura-de-pantalla-2024-11-27-a-las-0.08.48.png?fit=822%2C826&ssl=1&resize=350%2C200","width":350,"height":200,"srcset":"https:\/\/i0.wp.com\/zeromagazine.mx\/wp-content\/uploads\/2024\/11\/Captura-de-pantalla-2024-11-27-a-las-0.08.48.png?fit=822%2C826&ssl=1&resize=350%2C200 1x, https:\/\/i0.wp.com\/zeromagazine.mx\/wp-content\/uploads\/2024\/11\/Captura-de-pantalla-2024-11-27-a-las-0.08.48.png?fit=822%2C826&ssl=1&resize=525%2C300 1.5x, https:\/\/i0.wp.com\/zeromagazine.mx\/wp-content\/uploads\/2024\/11\/Captura-de-pantalla-2024-11-27-a-las-0.08.48.png?fit=822%2C826&ssl=1&resize=700%2C400 2x"},"classes":[]},{"id":76314,"url":"https:\/\/zeromagazine.mx\/index.php\/2024\/05\/21\/allison-concierto-acustico-en-el-metropolitan\/","url_meta":{"origin":78076,"position":1},"title":"Allison: Concierto Ac\u00fastico en el Metrop\u00f3litan","author":"zeromagazinemx","date":"21 de mayo de 2024","format":false,"excerpt":"la banda mexicana Allison est\u00e1 a punto de llevar su talento a otro nivel. Resulta que van a dar un concierto ac\u00fastico en uno de los lugares m\u00e1s ic\u00f3nicos de la Ciudad de M\u00e9xico: El Teatro Metrop\u00f3litan. \u00a1Qu\u00e9 emoci\u00f3n, chavos! Es como un sue\u00f1o hecho realidad para todos nosotros que\u2026","rel":"","context":"En \u00abEntretenimiento\u00bb","block_context":{"text":"Entretenimiento","link":"https:\/\/zeromagazine.mx\/index.php\/category\/entretenimiento\/"},"img":{"alt_text":"","src":"https:\/\/i0.wp.com\/zeromagazine.mx\/wp-content\/uploads\/2024\/05\/WhatsApp-Image-2024-05-20-at-1.54.13-PM.jpeg?fit=1200%2C629&ssl=1&resize=350%2C200","width":350,"height":200,"srcset":"https:\/\/i0.wp.com\/zeromagazine.mx\/wp-content\/uploads\/2024\/05\/WhatsApp-Image-2024-05-20-at-1.54.13-PM.jpeg?fit=1200%2C629&ssl=1&resize=350%2C200 1x, https:\/\/i0.wp.com\/zeromagazine.mx\/wp-content\/uploads\/2024\/05\/WhatsApp-Image-2024-05-20-at-1.54.13-PM.jpeg?fit=1200%2C629&ssl=1&resize=525%2C300 1.5x, https:\/\/i0.wp.com\/zeromagazine.mx\/wp-content\/uploads\/2024\/05\/WhatsApp-Image-2024-05-20-at-1.54.13-PM.jpeg?fit=1200%2C629&ssl=1&resize=700%2C400 2x, https:\/\/i0.wp.com\/zeromagazine.mx\/wp-content\/uploads\/2024\/05\/WhatsApp-Image-2024-05-20-at-1.54.13-PM.jpeg?fit=1200%2C629&ssl=1&resize=1050%2C600 3x"},"classes":[]},{"id":72926,"url":"https:\/\/zeromagazine.mx\/index.php\/2024\/04\/02\/allison-conquista-el-corazon-espanol-con-su-musica\/","url_meta":{"origin":78076,"position":2},"title":"Allison conquista el coraz\u00f3n espa\u00f1ol con su m\u00fasica","author":"zeromagazinemx","date":"2 de abril de 2024","format":false,"excerpt":"Allison, la banda mexicana ha alcanzado un hito importante en su carrera al cautivar al p\u00fablico espa\u00f1ol durante su reciente gira por tierras ib\u00e9ricas. Sin duda, este logro no solo destaca su talento musical, sino tambi\u00e9n su capacidad para conectar con diferentes audiencias alrededor del mundo. Ahora bien, \u00bfpuedes creerlo?\u2026","rel":"","context":"En \u00abBlog\u00bb","block_context":{"text":"Blog","link":"https:\/\/zeromagazine.mx\/index.php\/category\/blog\/"},"img":{"alt_text":"","src":"https:\/\/i0.wp.com\/zeromagazine.mx\/wp-content\/uploads\/2024\/04\/Captura-de-pantalla-548.png?fit=800%2C533&ssl=1&resize=350%2C200","width":350,"height":200,"srcset":"https:\/\/i0.wp.com\/zeromagazine.mx\/wp-content\/uploads\/2024\/04\/Captura-de-pantalla-548.png?fit=800%2C533&ssl=1&resize=350%2C200 1x, https:\/\/i0.wp.com\/zeromagazine.mx\/wp-content\/uploads\/2024\/04\/Captura-de-pantalla-548.png?fit=800%2C533&ssl=1&resize=525%2C300 1.5x, https:\/\/i0.wp.com\/zeromagazine.mx\/wp-content\/uploads\/2024\/04\/Captura-de-pantalla-548.png?fit=800%2C533&ssl=1&resize=700%2C400 2x"},"classes":[]},{"id":70399,"url":"https:\/\/zeromagazine.mx\/index.php\/2024\/01\/29\/la-explosiva-colaboracion-entre-erik-canales-y-apocalyptica-preparate-para-rockear\/","url_meta":{"origin":78076,"position":3},"title":"\u00abLa Explosiva Colaboraci\u00f3n entre Erik Canales y Apocalyptica: \u00a1Prep\u00e1rate para Rockear!\u00bb","author":"David Morales","date":"29 de enero de 2024","format":false,"excerpt":"\u00bfYa escucharon la \u00faltima? El vocalista de la banda Allison, Erik Canales, est\u00e1 rompi\u00e9ndola en grande otra vez. Resulta que ahora se aventur\u00f3 a un nuevo \u00e9xito en su carrera musical al convertirse en la voz principal de la gira por M\u00e9xico de la banda finlandesa Apocalyptica en su \u2018M\u00e9xico\u2026","rel":"","context":"En \u00abBlog\u00bb","block_context":{"text":"Blog","link":"https:\/\/zeromagazine.mx\/index.php\/category\/blog\/"},"img":{"alt_text":"","src":"https:\/\/i0.wp.com\/zeromagazine.mx\/wp-content\/uploads\/2024\/01\/Outlook-s3urf2sy.png?resize=350%2C200&ssl=1","width":350,"height":200},"classes":[]},{"id":80137,"url":"https:\/\/zeromagazine.mx\/index.php\/2024\/07\/10\/the-umbrella-academy-se-despide-en-agosto\/","url_meta":{"origin":78076,"position":4},"title":"The Umbrella Academy se Despide en Agosto","author":"zeromagazinemx","date":"10 de julio de 2024","format":false,"excerpt":"\u00bfRecuerdan cuando Netflix lanz\u00f3 \"The Umbrella Academy\" en 2019? Basada en los c\u00f3mics de Gerard Way y Gabriel B\u00e1, esta serie se convirti\u00f3 en un hitazo y se gan\u00f3 el coraz\u00f3n de muchxs de nosotrxs. Desde entonces, nos ha llevado en un viaje \u00e9pico lleno de aventuras y personajes que\u2026","rel":"","context":"En \u00abEntretenimiento\u00bb","block_context":{"text":"Entretenimiento","link":"https:\/\/zeromagazine.mx\/index.php\/category\/entretenimiento\/"},"img":{"alt_text":"","src":"https:\/\/i0.wp.com\/zeromagazine.mx\/wp-content\/uploads\/2024\/07\/TUA_401_Unit_05615RC-scaled.jpg?fit=1200%2C800&ssl=1&resize=350%2C200","width":350,"height":200,"srcset":"https:\/\/i0.wp.com\/zeromagazine.mx\/wp-content\/uploads\/2024\/07\/TUA_401_Unit_05615RC-scaled.jpg?fit=1200%2C800&ssl=1&resize=350%2C200 1x, https:\/\/i0.wp.com\/zeromagazine.mx\/wp-content\/uploads\/2024\/07\/TUA_401_Unit_05615RC-scaled.jpg?fit=1200%2C800&ssl=1&resize=525%2C300 1.5x, https:\/\/i0.wp.com\/zeromagazine.mx\/wp-content\/uploads\/2024\/07\/TUA_401_Unit_05615RC-scaled.jpg?fit=1200%2C800&ssl=1&resize=700%2C400 2x, https:\/\/i0.wp.com\/zeromagazine.mx\/wp-content\/uploads\/2024\/07\/TUA_401_Unit_05615RC-scaled.jpg?fit=1200%2C800&ssl=1&resize=1050%2C600 3x"},"classes":[]},{"id":54460,"url":"https:\/\/zeromagazine.mx\/index.php\/2021\/09\/13\/ythe-last-man-ya-disponible-en-star\/","url_meta":{"origin":78076,"position":5},"title":"\u201cY:The Last Man\u201d ya disponible en Star+","author":"zeromagazinemx","date":"13 de septiembre de 2021","format":false,"excerpt":"La serie compuesta por diez episodios estrena con sus primeros tres episodios hoy, luego un episodio todos los lunes. https:\/\/www.instagram.com\/p\/CTxWWWvvyi2\/?utm_medium=copy_link Por Moises Kushelevich Hoy, lunes 13 de septiembre, Star+ estrena en exclusiva la serie \u201cY:The Last Man\u201d con los primeros tres episodios. Basada en la aclamada novela gr\u00e1fica de Brian\u2026","rel":"","context":"En \u00abEntretenimiento\u00bb","block_context":{"text":"Entretenimiento","link":"https:\/\/zeromagazine.mx\/index.php\/category\/entretenimiento\/"},"img":{"alt_text":"","src":"","width":0,"height":0},"classes":[]}],"jetpack_sharing_enabled":true,"builder_content":"","_links":{"self":[{"href":"https:\/\/zeromagazine.mx\/index.php\/wp-json\/wp\/v2\/posts\/78076","targetHints":{"allow":["GET"]}}],"collection":[{"href":"https:\/\/zeromagazine.mx\/index.php\/wp-json\/wp\/v2\/posts"}],"about":[{"href":"https:\/\/zeromagazine.mx\/index.php\/wp-json\/wp\/v2\/types\/post"}],"author":[{"embeddable":true,"href":"https:\/\/zeromagazine.mx\/index.php\/wp-json\/wp\/v2\/users\/2"}],"replies":[{"embeddable":true,"href":"https:\/\/zeromagazine.mx\/index.php\/wp-json\/wp\/v2\/comments?post=78076"}],"version-history":[{"count":7,"href":"https:\/\/zeromagazine.mx\/index.php\/wp-json\/wp\/v2\/posts\/78076\/revisions"}],"predecessor-version":[{"id":78087,"href":"https:\/\/zeromagazine.mx\/index.php\/wp-json\/wp\/v2\/posts\/78076\/revisions\/78087"}],"wp:featuredmedia":[{"embeddable":true,"href":"https:\/\/zeromagazine.mx\/index.php\/wp-json\/wp\/v2\/media\/78077"}],"wp:attachment":[{"href":"https:\/\/zeromagazine.mx\/index.php\/wp-json\/wp\/v2\/media?parent=78076"}],"wp:term":[{"taxonomy":"category","embeddable":true,"href":"https:\/\/zeromagazine.mx\/index.php\/wp-json\/wp\/v2\/categories?post=78076"},{"taxonomy":"post_tag","embeddable":true,"href":"https:\/\/zeromagazine.mx\/index.php\/wp-json\/wp\/v2\/tags?post=78076"}],"curies":[{"name":"wp","href":"https:\/\/api.w.org\/{rel}","templated":true}]}}