{"id":78598,"date":"2024-06-18T04:02:54","date_gmt":"2024-06-18T02:02:54","guid":{"rendered":"https:\/\/zeromagazine.mx\/?p=78598"},"modified":"2024-06-18T04:02:55","modified_gmt":"2024-06-18T02:02:55","slug":"explora-el-futuro-fashionista-moda-sostenible-al-maximo","status":"publish","type":"post","link":"https:\/\/zeromagazine.mx\/index.php\/2024\/06\/18\/explora-el-futuro-fashionista-moda-sostenible-al-maximo\/","title":{"rendered":"Explora el Futuro Fashionista: Moda Sostenible al M\u00e1ximo"},"content":{"rendered":"<p>\u00bfAlguna vez han escuchado hablar de Melissa? Esta marca de calzado brasile\u00f1a est\u00e1 dando de qu\u00e9 hablar en el mundo de la moda, y no es solo por sus dise\u00f1os incre\u00edbles, sino por su compromiso real con la sostenibilidad y la innovaci\u00f3n. Melissa ha sabido combinar la moda con la responsabilidad ambiental de una manera que pocas marcas logran hoy en d\u00eda.<\/p>\n\n\n\n<p>Desde su fundaci\u00f3n en 1979, Melissa ha estado a la vanguardia, rompiendo esquemas y colaborando con gigantes del dise\u00f1o como Vivienne Westwood y Karl Lagerfeld. Pero lo que realmente la distingue es su enfoque en la tecnolog\u00eda de materiales, especialmente con su desarrollo estrella: MelFlex.<\/p>\n\n\n\n<script async src=\"https:\/\/pagead2.googlesyndication.com\/pagead\/js\/adsbygoogle.js?client=ca-pub-5499304793904745\"\n     crossorigin=\"anonymous\"><\/script>\n<ins class=\"adsbygoogle\"\n     style=\"display:block; text-align:center;\"\n     data-ad-layout=\"in-article\"\n     data-ad-format=\"fluid\"\n     data-ad-client=\"ca-pub-5499304793904745\"\n     data-ad-slot=\"5994863093\"><\/ins>\n<script>\n     (adsbygoogle = window.adsbygoogle || []).push({});\n<\/script>\n\n\n\n<p><\/p>\n\n\n\n<p>Sin duda, Melissa ha marcado tendencia con sus materiales innovadores. MelFlex, un PVC exclusivo de la marca, no solo es s\u00faper c\u00f3modo y resistente, sino que tambi\u00e9n es flexible y se adapta a la forma de tu pie desde el primer uso. \u00a1Nada de esos zapatos que necesitan semanas para sentirse bien!<\/p>\n\n\n\n<p>Adem\u00e1s de ser c\u00f3modos, los zapatos Melissa son duraderos y resistentes al desgaste. \u00bfY saben qu\u00e9? Son impermeables, perfectos para la lluvia y f\u00e1ciles de limpiar. Con un simple pa\u00f1o h\u00famedo, \u00a1listos para brillar de nuevo!<\/p>\n\n\n<div class=\"wp-block-image\">\n<figure class=\"aligncenter size-full\"><img data-recalc-dims=\"1\" decoding=\"async\" width=\"1080\" height=\"720\" src=\"https:\/\/i0.wp.com\/zeromagazine.mx\/wp-content\/uploads\/2024\/06\/Megan-1.jpeg?resize=1080%2C720&#038;ssl=1\" alt=\"\" class=\"wp-image-78600\" srcset=\"https:\/\/i0.wp.com\/zeromagazine.mx\/wp-content\/uploads\/2024\/06\/Megan-1.jpeg?w=1080&amp;ssl=1 1080w, https:\/\/i0.wp.com\/zeromagazine.mx\/wp-content\/uploads\/2024\/06\/Megan-1.jpeg?resize=300%2C200&amp;ssl=1 300w, https:\/\/i0.wp.com\/zeromagazine.mx\/wp-content\/uploads\/2024\/06\/Megan-1.jpeg?resize=1024%2C683&amp;ssl=1 1024w, https:\/\/i0.wp.com\/zeromagazine.mx\/wp-content\/uploads\/2024\/06\/Megan-1.jpeg?resize=768%2C512&amp;ssl=1 768w\" sizes=\"(max-width: 1080px) 100vw, 1080px\" \/><\/figure>\n<\/div>\n\n\n<p><\/p>\n\n\n\n<p>Pero eso no es todo, amix. Melissa va m\u00e1s all\u00e1: MelFlex es 100% reciclable. Esto significa que cuando decidas darles una segunda vida a tus zapatos, estar\u00e1s contribuyendo a reducir el impacto ambiental. La f\u00e1brica en Brasil tambi\u00e9n utiliza energ\u00eda renovable y minimiza los desechos, mostrando un compromiso real con nuestro planeta.<\/p>\n\n\n\n\n<script async src=\"https:\/\/pagead2.googlesyndication.com\/pagead\/js\/adsbygoogle.js?client=ca-pub-5499304793904745\"\n     crossorigin=\"anonymous\"><\/script>\n<ins class=\"adsbygoogle\"\n     style=\"display:block; text-align:center;\"\n     data-ad-layout=\"in-article\"\n     data-ad-format=\"fluid\"\n     data-ad-client=\"ca-pub-5499304793904745\"\n     data-ad-slot=\"5994863093\"><\/ins>\n<script>\n     (adsbygoogle = window.adsbygoogle || []).push({});\n<\/script>\n\n\n\n\n<p><\/p>\n\n\n\n<p>La combinaci\u00f3n de moda y tecnolog\u00eda es simplemente genial en Melissa. Gracias a MelFlex, pueden jugar con una variedad infinita de colores y texturas, manteniendo sus dise\u00f1os frescos y actuales temporada tras temporada.<\/p>\n\n\n<div class=\"wp-block-image\">\n<figure class=\"aligncenter size-full\"><img data-recalc-dims=\"1\" decoding=\"async\" width=\"1080\" height=\"1350\" src=\"https:\/\/i0.wp.com\/zeromagazine.mx\/wp-content\/uploads\/2024\/06\/Kick-Off-Sandal.png?resize=1080%2C1350&#038;ssl=1\" alt=\"\" class=\"wp-image-78601\" srcset=\"https:\/\/i0.wp.com\/zeromagazine.mx\/wp-content\/uploads\/2024\/06\/Kick-Off-Sandal.png?w=1080&amp;ssl=1 1080w, https:\/\/i0.wp.com\/zeromagazine.mx\/wp-content\/uploads\/2024\/06\/Kick-Off-Sandal.png?resize=240%2C300&amp;ssl=1 240w, https:\/\/i0.wp.com\/zeromagazine.mx\/wp-content\/uploads\/2024\/06\/Kick-Off-Sandal.png?resize=819%2C1024&amp;ssl=1 819w, https:\/\/i0.wp.com\/zeromagazine.mx\/wp-content\/uploads\/2024\/06\/Kick-Off-Sandal.png?resize=768%2C960&amp;ssl=1 768w\" sizes=\"(max-width: 1080px) 100vw, 1080px\" \/><\/figure>\n<\/div>\n\n\n<p><\/p>\n\n\n\n<p>Ah, y no podemos olvidar el toque arom\u00e1tico que hace que cada par de zapatos Melissa sea a\u00fan m\u00e1s especial. Con su fragancia dulce, Melissa no solo piensa en c\u00f3mo lucen sus productos, sino tambi\u00e9n en c\u00f3mo te hacen sentir.<\/p>\n\n<!--themify_builder_content-->\n<div id=\"themify_builder_content-78598\" data-postid=\"78598\" class=\"themify_builder_content themify_builder_content-78598 themify_builder tf_clear\">\n    <\/div>\n<!--\/themify_builder_content-->","protected":false},"excerpt":{"rendered":"<p>\u00bfAlguna vez han escuchado hablar de Melissa? Esta marca de calzado brasile\u00f1a est\u00e1 dando de qu\u00e9 hablar en el mundo de la moda, y no es solo por sus dise\u00f1os incre\u00edbles, sino por su compromiso real con la sostenibilidad y la innovaci\u00f3n. Melissa ha sabido combinar la moda con la responsabilidad ambiental de una manera [&hellip;]<\/p>\n","protected":false},"author":2,"featured_media":78599,"comment_status":"open","ping_status":"open","sticky":false,"template":"","format":"standard","meta":{"_jetpack_memberships_contains_paid_content":false,"footnotes":"","jetpack_publicize_message":"","jetpack_publicize_feature_enabled":true,"jetpack_social_post_already_shared":true,"jetpack_social_options":{"image_generator_settings":{"template":"highway","default_image_id":0,"font":"","enabled":false},"version":2}},"categories":[67],"tags":[62,8823,7761,124],"class_list":["post-78598","post","type-post","status-publish","format-standard","has-post-thumbnail","hentry","category-moda","tag-karl-lagerfeld","tag-melflex","tag-melissa","tag-vivienne-westwood","has-post-title","has-post-date","has-post-category","has-post-tag","has-post-comment","has-post-author",""],"yoast_head":"<!-- This site is optimized with the Yoast SEO plugin v27.5 - https:\/\/yoast.com\/product\/yoast-seo-wordpress\/ -->\n<title>Explora el Futuro Fashionista: Moda Sostenible al M\u00e1ximo - Zero Magazine<\/title>\n<meta name=\"robots\" content=\"index, follow, max-snippet:-1, max-image-preview:large, max-video-preview:-1\" \/>\n<link rel=\"canonical\" href=\"https:\/\/zeromagazine.mx\/index.php\/2024\/06\/18\/explora-el-futuro-fashionista-moda-sostenible-al-maximo\/\" \/>\n<meta property=\"og:locale\" content=\"es_ES\" \/>\n<meta property=\"og:type\" content=\"article\" \/>\n<meta property=\"og:title\" content=\"Explora el Futuro Fashionista: Moda Sostenible al M\u00e1ximo - Zero Magazine\" \/>\n<meta property=\"og:description\" content=\"\u00bfAlguna vez han escuchado hablar de Melissa? Esta marca de calzado brasile\u00f1a est\u00e1 dando de qu\u00e9 hablar en el mundo de la moda, y no es solo por sus dise\u00f1os incre\u00edbles, sino por su compromiso real con la sostenibilidad y la innovaci\u00f3n. Melissa ha sabido combinar la moda con la responsabilidad ambiental de una manera [&hellip;]\" \/>\n<meta property=\"og:url\" content=\"https:\/\/zeromagazine.mx\/index.php\/2024\/06\/18\/explora-el-futuro-fashionista-moda-sostenible-al-maximo\/\" \/>\n<meta property=\"og:site_name\" content=\"Zero Magazine\" \/>\n<meta property=\"article:published_time\" content=\"2024-06-18T02:02:54+00:00\" \/>\n<meta property=\"article:modified_time\" content=\"2024-06-18T02:02:55+00:00\" \/>\n<meta property=\"og:image\" content=\"https:\/\/i0.wp.com\/zeromagazine.mx\/wp-content\/uploads\/2024\/06\/Megan.jpeg?fit=1080%2C720&ssl=1\" \/>\n\t<meta property=\"og:image:width\" content=\"1080\" \/>\n\t<meta property=\"og:image:height\" content=\"720\" \/>\n\t<meta property=\"og:image:type\" content=\"image\/jpeg\" \/>\n<meta name=\"author\" content=\"zeromagazinemx\" \/>\n<meta name=\"twitter:card\" content=\"summary_large_image\" \/>\n<meta name=\"twitter:label1\" content=\"Escrito por\" \/>\n\t<meta name=\"twitter:data1\" content=\"zeromagazinemx\" \/>\n\t<meta name=\"twitter:label2\" content=\"Tiempo de lectura\" \/>\n\t<meta name=\"twitter:data2\" content=\"2 minutos\" \/>\n<script type=\"application\/ld+json\" class=\"yoast-schema-graph\">{\"@context\":\"https:\\\/\\\/schema.org\",\"@graph\":[{\"@type\":\"Article\",\"@id\":\"https:\\\/\\\/zeromagazine.mx\\\/index.php\\\/2024\\\/06\\\/18\\\/explora-el-futuro-fashionista-moda-sostenible-al-maximo\\\/#article\",\"isPartOf\":{\"@id\":\"https:\\\/\\\/zeromagazine.mx\\\/index.php\\\/2024\\\/06\\\/18\\\/explora-el-futuro-fashionista-moda-sostenible-al-maximo\\\/\"},\"author\":{\"name\":\"zeromagazinemx\",\"@id\":\"https:\\\/\\\/zeromagazine.mx\\\/#\\\/schema\\\/person\\\/9aed9f33a7c39af3a348b86d723f7773\"},\"headline\":\"Explora el Futuro Fashionista: Moda Sostenible al M\u00e1ximo\",\"datePublished\":\"2024-06-18T02:02:54+00:00\",\"dateModified\":\"2024-06-18T02:02:55+00:00\",\"mainEntityOfPage\":{\"@id\":\"https:\\\/\\\/zeromagazine.mx\\\/index.php\\\/2024\\\/06\\\/18\\\/explora-el-futuro-fashionista-moda-sostenible-al-maximo\\\/\"},\"wordCount\":357,\"commentCount\":0,\"publisher\":{\"@id\":\"https:\\\/\\\/zeromagazine.mx\\\/#organization\"},\"image\":{\"@id\":\"https:\\\/\\\/zeromagazine.mx\\\/index.php\\\/2024\\\/06\\\/18\\\/explora-el-futuro-fashionista-moda-sostenible-al-maximo\\\/#primaryimage\"},\"thumbnailUrl\":\"https:\\\/\\\/i0.wp.com\\\/zeromagazine.mx\\\/wp-content\\\/uploads\\\/2024\\\/06\\\/Megan.jpeg?fit=1080%2C720&ssl=1\",\"keywords\":[\"Karl Lagerfeld\",\"MelFlex\",\"Melissa\",\"Vivienne Westwood\"],\"articleSection\":[\"Moda\"],\"inLanguage\":\"es\",\"potentialAction\":[{\"@type\":\"CommentAction\",\"name\":\"Comment\",\"target\":[\"https:\\\/\\\/zeromagazine.mx\\\/index.php\\\/2024\\\/06\\\/18\\\/explora-el-futuro-fashionista-moda-sostenible-al-maximo\\\/#respond\"]}]},{\"@type\":\"WebPage\",\"@id\":\"https:\\\/\\\/zeromagazine.mx\\\/index.php\\\/2024\\\/06\\\/18\\\/explora-el-futuro-fashionista-moda-sostenible-al-maximo\\\/\",\"url\":\"https:\\\/\\\/zeromagazine.mx\\\/index.php\\\/2024\\\/06\\\/18\\\/explora-el-futuro-fashionista-moda-sostenible-al-maximo\\\/\",\"name\":\"Explora el Futuro Fashionista: Moda Sostenible al M\u00e1ximo - Zero Magazine\",\"isPartOf\":{\"@id\":\"https:\\\/\\\/zeromagazine.mx\\\/#website\"},\"primaryImageOfPage\":{\"@id\":\"https:\\\/\\\/zeromagazine.mx\\\/index.php\\\/2024\\\/06\\\/18\\\/explora-el-futuro-fashionista-moda-sostenible-al-maximo\\\/#primaryimage\"},\"image\":{\"@id\":\"https:\\\/\\\/zeromagazine.mx\\\/index.php\\\/2024\\\/06\\\/18\\\/explora-el-futuro-fashionista-moda-sostenible-al-maximo\\\/#primaryimage\"},\"thumbnailUrl\":\"https:\\\/\\\/i0.wp.com\\\/zeromagazine.mx\\\/wp-content\\\/uploads\\\/2024\\\/06\\\/Megan.jpeg?fit=1080%2C720&ssl=1\",\"datePublished\":\"2024-06-18T02:02:54+00:00\",\"dateModified\":\"2024-06-18T02:02:55+00:00\",\"breadcrumb\":{\"@id\":\"https:\\\/\\\/zeromagazine.mx\\\/index.php\\\/2024\\\/06\\\/18\\\/explora-el-futuro-fashionista-moda-sostenible-al-maximo\\\/#breadcrumb\"},\"inLanguage\":\"es\",\"potentialAction\":[{\"@type\":\"ReadAction\",\"target\":[\"https:\\\/\\\/zeromagazine.mx\\\/index.php\\\/2024\\\/06\\\/18\\\/explora-el-futuro-fashionista-moda-sostenible-al-maximo\\\/\"]}]},{\"@type\":\"ImageObject\",\"inLanguage\":\"es\",\"@id\":\"https:\\\/\\\/zeromagazine.mx\\\/index.php\\\/2024\\\/06\\\/18\\\/explora-el-futuro-fashionista-moda-sostenible-al-maximo\\\/#primaryimage\",\"url\":\"https:\\\/\\\/i0.wp.com\\\/zeromagazine.mx\\\/wp-content\\\/uploads\\\/2024\\\/06\\\/Megan.jpeg?fit=1080%2C720&ssl=1\",\"contentUrl\":\"https:\\\/\\\/i0.wp.com\\\/zeromagazine.mx\\\/wp-content\\\/uploads\\\/2024\\\/06\\\/Megan.jpeg?fit=1080%2C720&ssl=1\",\"width\":1080,\"height\":720},{\"@type\":\"BreadcrumbList\",\"@id\":\"https:\\\/\\\/zeromagazine.mx\\\/index.php\\\/2024\\\/06\\\/18\\\/explora-el-futuro-fashionista-moda-sostenible-al-maximo\\\/#breadcrumb\",\"itemListElement\":[{\"@type\":\"ListItem\",\"position\":1,\"name\":\"Portada\",\"item\":\"https:\\\/\\\/zeromagazine.mx\\\/\"},{\"@type\":\"ListItem\",\"position\":2,\"name\":\"Explora el Futuro Fashionista: Moda Sostenible al M\u00e1ximo\"}]},{\"@type\":\"WebSite\",\"@id\":\"https:\\\/\\\/zeromagazine.mx\\\/#website\",\"url\":\"https:\\\/\\\/zeromagazine.mx\\\/\",\"name\":\"Zero Magazine\",\"description\":\"\",\"publisher\":{\"@id\":\"https:\\\/\\\/zeromagazine.mx\\\/#organization\"},\"potentialAction\":[{\"@type\":\"SearchAction\",\"target\":{\"@type\":\"EntryPoint\",\"urlTemplate\":\"https:\\\/\\\/zeromagazine.mx\\\/?s={search_term_string}\"},\"query-input\":{\"@type\":\"PropertyValueSpecification\",\"valueRequired\":true,\"valueName\":\"search_term_string\"}}],\"inLanguage\":\"es\"},{\"@type\":\"Organization\",\"@id\":\"https:\\\/\\\/zeromagazine.mx\\\/#organization\",\"name\":\"Zero Magazine\",\"url\":\"https:\\\/\\\/zeromagazine.mx\\\/\",\"logo\":{\"@type\":\"ImageObject\",\"inLanguage\":\"es\",\"@id\":\"https:\\\/\\\/zeromagazine.mx\\\/#\\\/schema\\\/logo\\\/image\\\/\",\"url\":\"https:\\\/\\\/i0.wp.com\\\/zeromagazine.mx\\\/wp-content\\\/uploads\\\/2025\\\/11\\\/1.jpeg?fit=1000%2C1000&ssl=1\",\"contentUrl\":\"https:\\\/\\\/i0.wp.com\\\/zeromagazine.mx\\\/wp-content\\\/uploads\\\/2025\\\/11\\\/1.jpeg?fit=1000%2C1000&ssl=1\",\"width\":1000,\"height\":1000,\"caption\":\"Zero Magazine\"},\"image\":{\"@id\":\"https:\\\/\\\/zeromagazine.mx\\\/#\\\/schema\\\/logo\\\/image\\\/\"},\"sameAs\":[\"https:\\\/\\\/instagram.com\\\/zeromagazinemx\"]},{\"@type\":\"Person\",\"@id\":\"https:\\\/\\\/zeromagazine.mx\\\/#\\\/schema\\\/person\\\/9aed9f33a7c39af3a348b86d723f7773\",\"name\":\"zeromagazinemx\",\"image\":{\"@type\":\"ImageObject\",\"inLanguage\":\"es\",\"@id\":\"https:\\\/\\\/zeromagazine.mx\\\/wp-content\\\/litespeed\\\/avatar\\\/f91dfe5410d5dcb1a576bf8c45983896.jpg?ver=1777571230\",\"url\":\"https:\\\/\\\/zeromagazine.mx\\\/wp-content\\\/litespeed\\\/avatar\\\/f91dfe5410d5dcb1a576bf8c45983896.jpg?ver=1777571230\",\"contentUrl\":\"https:\\\/\\\/zeromagazine.mx\\\/wp-content\\\/litespeed\\\/avatar\\\/f91dfe5410d5dcb1a576bf8c45983896.jpg?ver=1777571230\",\"caption\":\"zeromagazinemx\"},\"url\":\"https:\\\/\\\/zeromagazine.mx\\\/index.php\\\/author\\\/zeromagazinemx\\\/\"}]}<\/script>\n<!-- \/ Yoast SEO plugin. -->","yoast_head_json":{"title":"Explora el Futuro Fashionista: Moda Sostenible al M\u00e1ximo - Zero Magazine","robots":{"index":"index","follow":"follow","max-snippet":"max-snippet:-1","max-image-preview":"max-image-preview:large","max-video-preview":"max-video-preview:-1"},"canonical":"https:\/\/zeromagazine.mx\/index.php\/2024\/06\/18\/explora-el-futuro-fashionista-moda-sostenible-al-maximo\/","og_locale":"es_ES","og_type":"article","og_title":"Explora el Futuro Fashionista: Moda Sostenible al M\u00e1ximo - Zero Magazine","og_description":"\u00bfAlguna vez han escuchado hablar de Melissa? Esta marca de calzado brasile\u00f1a est\u00e1 dando de qu\u00e9 hablar en el mundo de la moda, y no es solo por sus dise\u00f1os incre\u00edbles, sino por su compromiso real con la sostenibilidad y la innovaci\u00f3n. Melissa ha sabido combinar la moda con la responsabilidad ambiental de una manera [&hellip;]","og_url":"https:\/\/zeromagazine.mx\/index.php\/2024\/06\/18\/explora-el-futuro-fashionista-moda-sostenible-al-maximo\/","og_site_name":"Zero Magazine","article_published_time":"2024-06-18T02:02:54+00:00","article_modified_time":"2024-06-18T02:02:55+00:00","og_image":[{"width":1080,"height":720,"url":"https:\/\/i0.wp.com\/zeromagazine.mx\/wp-content\/uploads\/2024\/06\/Megan.jpeg?fit=1080%2C720&ssl=1","type":"image\/jpeg"}],"author":"zeromagazinemx","twitter_card":"summary_large_image","twitter_misc":{"Escrito por":"zeromagazinemx","Tiempo de lectura":"2 minutos"},"schema":{"@context":"https:\/\/schema.org","@graph":[{"@type":"Article","@id":"https:\/\/zeromagazine.mx\/index.php\/2024\/06\/18\/explora-el-futuro-fashionista-moda-sostenible-al-maximo\/#article","isPartOf":{"@id":"https:\/\/zeromagazine.mx\/index.php\/2024\/06\/18\/explora-el-futuro-fashionista-moda-sostenible-al-maximo\/"},"author":{"name":"zeromagazinemx","@id":"https:\/\/zeromagazine.mx\/#\/schema\/person\/9aed9f33a7c39af3a348b86d723f7773"},"headline":"Explora el Futuro Fashionista: Moda Sostenible al M\u00e1ximo","datePublished":"2024-06-18T02:02:54+00:00","dateModified":"2024-06-18T02:02:55+00:00","mainEntityOfPage":{"@id":"https:\/\/zeromagazine.mx\/index.php\/2024\/06\/18\/explora-el-futuro-fashionista-moda-sostenible-al-maximo\/"},"wordCount":357,"commentCount":0,"publisher":{"@id":"https:\/\/zeromagazine.mx\/#organization"},"image":{"@id":"https:\/\/zeromagazine.mx\/index.php\/2024\/06\/18\/explora-el-futuro-fashionista-moda-sostenible-al-maximo\/#primaryimage"},"thumbnailUrl":"https:\/\/i0.wp.com\/zeromagazine.mx\/wp-content\/uploads\/2024\/06\/Megan.jpeg?fit=1080%2C720&ssl=1","keywords":["Karl Lagerfeld","MelFlex","Melissa","Vivienne Westwood"],"articleSection":["Moda"],"inLanguage":"es","potentialAction":[{"@type":"CommentAction","name":"Comment","target":["https:\/\/zeromagazine.mx\/index.php\/2024\/06\/18\/explora-el-futuro-fashionista-moda-sostenible-al-maximo\/#respond"]}]},{"@type":"WebPage","@id":"https:\/\/zeromagazine.mx\/index.php\/2024\/06\/18\/explora-el-futuro-fashionista-moda-sostenible-al-maximo\/","url":"https:\/\/zeromagazine.mx\/index.php\/2024\/06\/18\/explora-el-futuro-fashionista-moda-sostenible-al-maximo\/","name":"Explora el Futuro Fashionista: Moda Sostenible al M\u00e1ximo - Zero Magazine","isPartOf":{"@id":"https:\/\/zeromagazine.mx\/#website"},"primaryImageOfPage":{"@id":"https:\/\/zeromagazine.mx\/index.php\/2024\/06\/18\/explora-el-futuro-fashionista-moda-sostenible-al-maximo\/#primaryimage"},"image":{"@id":"https:\/\/zeromagazine.mx\/index.php\/2024\/06\/18\/explora-el-futuro-fashionista-moda-sostenible-al-maximo\/#primaryimage"},"thumbnailUrl":"https:\/\/i0.wp.com\/zeromagazine.mx\/wp-content\/uploads\/2024\/06\/Megan.jpeg?fit=1080%2C720&ssl=1","datePublished":"2024-06-18T02:02:54+00:00","dateModified":"2024-06-18T02:02:55+00:00","breadcrumb":{"@id":"https:\/\/zeromagazine.mx\/index.php\/2024\/06\/18\/explora-el-futuro-fashionista-moda-sostenible-al-maximo\/#breadcrumb"},"inLanguage":"es","potentialAction":[{"@type":"ReadAction","target":["https:\/\/zeromagazine.mx\/index.php\/2024\/06\/18\/explora-el-futuro-fashionista-moda-sostenible-al-maximo\/"]}]},{"@type":"ImageObject","inLanguage":"es","@id":"https:\/\/zeromagazine.mx\/index.php\/2024\/06\/18\/explora-el-futuro-fashionista-moda-sostenible-al-maximo\/#primaryimage","url":"https:\/\/i0.wp.com\/zeromagazine.mx\/wp-content\/uploads\/2024\/06\/Megan.jpeg?fit=1080%2C720&ssl=1","contentUrl":"https:\/\/i0.wp.com\/zeromagazine.mx\/wp-content\/uploads\/2024\/06\/Megan.jpeg?fit=1080%2C720&ssl=1","width":1080,"height":720},{"@type":"BreadcrumbList","@id":"https:\/\/zeromagazine.mx\/index.php\/2024\/06\/18\/explora-el-futuro-fashionista-moda-sostenible-al-maximo\/#breadcrumb","itemListElement":[{"@type":"ListItem","position":1,"name":"Portada","item":"https:\/\/zeromagazine.mx\/"},{"@type":"ListItem","position":2,"name":"Explora el Futuro Fashionista: Moda Sostenible al M\u00e1ximo"}]},{"@type":"WebSite","@id":"https:\/\/zeromagazine.mx\/#website","url":"https:\/\/zeromagazine.mx\/","name":"Zero Magazine","description":"","publisher":{"@id":"https:\/\/zeromagazine.mx\/#organization"},"potentialAction":[{"@type":"SearchAction","target":{"@type":"EntryPoint","urlTemplate":"https:\/\/zeromagazine.mx\/?s={search_term_string}"},"query-input":{"@type":"PropertyValueSpecification","valueRequired":true,"valueName":"search_term_string"}}],"inLanguage":"es"},{"@type":"Organization","@id":"https:\/\/zeromagazine.mx\/#organization","name":"Zero Magazine","url":"https:\/\/zeromagazine.mx\/","logo":{"@type":"ImageObject","inLanguage":"es","@id":"https:\/\/zeromagazine.mx\/#\/schema\/logo\/image\/","url":"https:\/\/i0.wp.com\/zeromagazine.mx\/wp-content\/uploads\/2025\/11\/1.jpeg?fit=1000%2C1000&ssl=1","contentUrl":"https:\/\/i0.wp.com\/zeromagazine.mx\/wp-content\/uploads\/2025\/11\/1.jpeg?fit=1000%2C1000&ssl=1","width":1000,"height":1000,"caption":"Zero Magazine"},"image":{"@id":"https:\/\/zeromagazine.mx\/#\/schema\/logo\/image\/"},"sameAs":["https:\/\/instagram.com\/zeromagazinemx"]},{"@type":"Person","@id":"https:\/\/zeromagazine.mx\/#\/schema\/person\/9aed9f33a7c39af3a348b86d723f7773","name":"zeromagazinemx","image":{"@type":"ImageObject","inLanguage":"es","@id":"https:\/\/zeromagazine.mx\/wp-content\/litespeed\/avatar\/f91dfe5410d5dcb1a576bf8c45983896.jpg?ver=1777571230","url":"https:\/\/zeromagazine.mx\/wp-content\/litespeed\/avatar\/f91dfe5410d5dcb1a576bf8c45983896.jpg?ver=1777571230","contentUrl":"https:\/\/zeromagazine.mx\/wp-content\/litespeed\/avatar\/f91dfe5410d5dcb1a576bf8c45983896.jpg?ver=1777571230","caption":"zeromagazinemx"},"url":"https:\/\/zeromagazine.mx\/index.php\/author\/zeromagazinemx\/"}]}},"jetpack_publicize_connections":[],"jetpack_featured_media_url":"https:\/\/i0.wp.com\/zeromagazine.mx\/wp-content\/uploads\/2024\/06\/Megan.jpeg?fit=1080%2C720&ssl=1","jetpack-related-posts":[{"id":74138,"url":"https:\/\/zeromagazine.mx\/index.php\/2024\/04\/17\/melissa-shoes-moda-sostenible\/","url_meta":{"origin":78598,"position":0},"title":"Melissa Shoes: Moda Sostenible","author":"zeromagazinemx","date":"17 de abril de 2024","format":false,"excerpt":"Melissa Shoes tiene un compromiso con la moda sostenible \u00a1Y es todo un game changer en el mundo de la moda! Esta marca brasile\u00f1a nos est\u00e1 mostrando c\u00f3mo se puede lucir con estilo mientras cuidamos nuestro planeta. Primero que nada, Melissa ha estado desde el principio en el tren de\u2026","rel":"","context":"En \u00abBlog\u00bb","block_context":{"text":"Blog","link":"https:\/\/zeromagazine.mx\/index.php\/category\/blog\/"},"img":{"alt_text":"","src":"https:\/\/i0.wp.com\/zeromagazine.mx\/wp-content\/uploads\/2024\/04\/Ella-scaled.jpg?fit=1200%2C859&ssl=1&resize=350%2C200","width":350,"height":200,"srcset":"https:\/\/i0.wp.com\/zeromagazine.mx\/wp-content\/uploads\/2024\/04\/Ella-scaled.jpg?fit=1200%2C859&ssl=1&resize=350%2C200 1x, https:\/\/i0.wp.com\/zeromagazine.mx\/wp-content\/uploads\/2024\/04\/Ella-scaled.jpg?fit=1200%2C859&ssl=1&resize=525%2C300 1.5x, https:\/\/i0.wp.com\/zeromagazine.mx\/wp-content\/uploads\/2024\/04\/Ella-scaled.jpg?fit=1200%2C859&ssl=1&resize=700%2C400 2x, https:\/\/i0.wp.com\/zeromagazine.mx\/wp-content\/uploads\/2024\/04\/Ella-scaled.jpg?fit=1200%2C859&ssl=1&resize=1050%2C600 3x"},"classes":[]},{"id":71153,"url":"https:\/\/zeromagazine.mx\/index.php\/2024\/02\/22\/la-reinauguracion-de-melissa-condesa-es-todo-un-suceso\/","url_meta":{"origin":78598,"position":1},"title":"\u00a1La reinauguraci\u00f3n de Melissa Condesa es todo un suceso!","author":"zeromagazinemx","date":"22 de febrero de 2024","format":false,"excerpt":"\u00a1La tienda Melissa en la Condesa est\u00e1 de vuelta! La marca brasile\u00f1a de calzado ha estado trabajando duro durante dos meses para renovar por completo su espacio y convertirlo en algo a\u00fan m\u00e1s incre\u00edble. As\u00ed que prep\u00e1rense para una experiencia de compra completamente nueva y emocionante. Para empezar, \u00bfqui\u00e9n no\u2026","rel":"","context":"En \u00abDise\u00f1o\u00bb","block_context":{"text":"Dise\u00f1o","link":"https:\/\/zeromagazine.mx\/index.php\/category\/diseno\/"},"img":{"alt_text":"","src":"https:\/\/i0.wp.com\/zeromagazine.mx\/wp-content\/uploads\/2024\/02\/image00010.jpeg?fit=1200%2C800&ssl=1&resize=350%2C200","width":350,"height":200,"srcset":"https:\/\/i0.wp.com\/zeromagazine.mx\/wp-content\/uploads\/2024\/02\/image00010.jpeg?fit=1200%2C800&ssl=1&resize=350%2C200 1x, https:\/\/i0.wp.com\/zeromagazine.mx\/wp-content\/uploads\/2024\/02\/image00010.jpeg?fit=1200%2C800&ssl=1&resize=525%2C300 1.5x, https:\/\/i0.wp.com\/zeromagazine.mx\/wp-content\/uploads\/2024\/02\/image00010.jpeg?fit=1200%2C800&ssl=1&resize=700%2C400 2x, https:\/\/i0.wp.com\/zeromagazine.mx\/wp-content\/uploads\/2024\/02\/image00010.jpeg?fit=1200%2C800&ssl=1&resize=1050%2C600 3x"},"classes":[]},{"id":46514,"url":"https:\/\/zeromagazine.mx\/index.php\/2021\/06\/01\/disenadores-gay-que-han-marcado-el-mundo-de-la-moda\/","url_meta":{"origin":78598,"position":2},"title":"Dise\u00f1adores gay que han marcado el mundo de la moda","author":"zeromagazinemx","date":"1 de junio de 2021","format":false,"excerpt":"Ya hemos hablado de los mejores modelos gays pero en esta ocasi\u00f3n nos centraremos en quienes los visten. Ahora en el mundo de la moda los armarios est\u00e1n abiertos de par en par, as\u00ed que te presentamos a algunos dise\u00f1adores gay m\u00e1s influyentes. por Samantha Palma Dur\u00e1n Marc Jacobs\u00a0 Es\u2026","rel":"","context":"En \u00abLifestyle\u00bb","block_context":{"text":"Lifestyle","link":"https:\/\/zeromagazine.mx\/index.php\/category\/lifestyle\/"},"img":{"alt_text":"","src":"","width":0,"height":0},"classes":[]},{"id":85680,"url":"https:\/\/zeromagazine.mx\/index.php\/2024\/10\/07\/boh-entre-sonidos-y-emociones\/","url_meta":{"origin":78598,"position":3},"title":"\u00abBOH: Entre Sonidos y Emociones\u00bb","author":"zeromagazinemx","date":"7 de octubre de 2024","format":false,"excerpt":"En un mundo lleno de m\u00fasica, a veces es dif\u00edcil encontrar una banda que realmente resuene contigo. Pero cuando escuch\u00e9 por primera vez a BOH, esa sensaci\u00f3n de conexi\u00f3n fue instant\u00e1nea. Originaria de Monterrey, N.L., esta banda indie pop est\u00e1 conformada por Melissa Romero y Andy Rivero, dos cantautores con\u2026","rel":"","context":"En \u00abEntretenimiento\u00bb","block_context":{"text":"Entretenimiento","link":"https:\/\/zeromagazine.mx\/index.php\/category\/entretenimiento\/"},"img":{"alt_text":"","src":"https:\/\/i0.wp.com\/zeromagazine.mx\/wp-content\/uploads\/2024\/10\/ee07b4e6-0a50-5a91-29de-3f6f7de913d9.jpg?fit=800%2C800&ssl=1&resize=350%2C200","width":350,"height":200,"srcset":"https:\/\/i0.wp.com\/zeromagazine.mx\/wp-content\/uploads\/2024\/10\/ee07b4e6-0a50-5a91-29de-3f6f7de913d9.jpg?fit=800%2C800&ssl=1&resize=350%2C200 1x, https:\/\/i0.wp.com\/zeromagazine.mx\/wp-content\/uploads\/2024\/10\/ee07b4e6-0a50-5a91-29de-3f6f7de913d9.jpg?fit=800%2C800&ssl=1&resize=525%2C300 1.5x, https:\/\/i0.wp.com\/zeromagazine.mx\/wp-content\/uploads\/2024\/10\/ee07b4e6-0a50-5a91-29de-3f6f7de913d9.jpg?fit=800%2C800&ssl=1&resize=700%2C400 2x"},"classes":[]},{"id":99752,"url":"https:\/\/zeromagazine.mx\/index.php\/2025\/03\/26\/shein-pop-up\/","url_meta":{"origin":78598,"position":4},"title":"SHEIN POP-UP","author":"David Morales","date":"26 de marzo de 2025","format":false,"excerpt":"Amix, \u00bfse imaginan tener toda la onda de SHEIN en un solo lugar? Pues ag\u00e1rrense porque este 2025, la marca m\u00e1s top de moda global sigue lanzando sus Pop-Up stores por toda la Rep\u00fablica, y la primera parada es nada m\u00e1s y nada menos que M\u00e9rida. La neta es que\u2026","rel":"","context":"En \u00abBlog\u00bb","block_context":{"text":"Blog","link":"https:\/\/zeromagazine.mx\/index.php\/category\/blog\/"},"img":{"alt_text":"","src":"https:\/\/i0.wp.com\/zeromagazine.mx\/wp-content\/uploads\/2025\/03\/unnamed-11.jpg?fit=960%2C1200&ssl=1&resize=350%2C200","width":350,"height":200,"srcset":"https:\/\/i0.wp.com\/zeromagazine.mx\/wp-content\/uploads\/2025\/03\/unnamed-11.jpg?fit=960%2C1200&ssl=1&resize=350%2C200 1x, https:\/\/i0.wp.com\/zeromagazine.mx\/wp-content\/uploads\/2025\/03\/unnamed-11.jpg?fit=960%2C1200&ssl=1&resize=525%2C300 1.5x, https:\/\/i0.wp.com\/zeromagazine.mx\/wp-content\/uploads\/2025\/03\/unnamed-11.jpg?fit=960%2C1200&ssl=1&resize=700%2C400 2x"},"classes":[]},{"id":76810,"url":"https:\/\/zeromagazine.mx\/index.php\/2024\/05\/30\/el-track-de-industria-de-vidcon-mexico-definira-el-futuro-de-los-medios-digitales\/","url_meta":{"origin":78598,"position":5},"title":"\u00a1El Track de Industria de VidCon M\u00e9xico definir\u00e1 el futuro de los medios digitales!","author":"David Morales","date":"30 de mayo de 2024","format":false,"excerpt":"\u00bfListxs para la mejor noticia del a\u00f1o? VidCon M\u00e9xico vuelve con todo para su tercera edici\u00f3n, y este a\u00f1o se viene con todo lo que nosotrxs, amantes de la cultura digital, necesitamos. Del 9 al 11 de agosto, el Centro Citibanamex ser\u00e1 el epicentro de todo lo que est\u00e1 cool\u2026","rel":"","context":"En \u00abBlog\u00bb","block_context":{"text":"Blog","link":"https:\/\/zeromagazine.mx\/index.php\/category\/blog\/"},"img":{"alt_text":"","src":"https:\/\/i0.wp.com\/zeromagazine.mx\/wp-content\/uploads\/2024\/05\/unnamed-1.png?fit=592%2C210&ssl=1&resize=350%2C200","width":350,"height":200,"srcset":"https:\/\/i0.wp.com\/zeromagazine.mx\/wp-content\/uploads\/2024\/05\/unnamed-1.png?fit=592%2C210&ssl=1&resize=350%2C200 1x, https:\/\/i0.wp.com\/zeromagazine.mx\/wp-content\/uploads\/2024\/05\/unnamed-1.png?fit=592%2C210&ssl=1&resize=525%2C300 1.5x"},"classes":[]}],"jetpack_sharing_enabled":true,"builder_content":"","_links":{"self":[{"href":"https:\/\/zeromagazine.mx\/index.php\/wp-json\/wp\/v2\/posts\/78598","targetHints":{"allow":["GET"]}}],"collection":[{"href":"https:\/\/zeromagazine.mx\/index.php\/wp-json\/wp\/v2\/posts"}],"about":[{"href":"https:\/\/zeromagazine.mx\/index.php\/wp-json\/wp\/v2\/types\/post"}],"author":[{"embeddable":true,"href":"https:\/\/zeromagazine.mx\/index.php\/wp-json\/wp\/v2\/users\/2"}],"replies":[{"embeddable":true,"href":"https:\/\/zeromagazine.mx\/index.php\/wp-json\/wp\/v2\/comments?post=78598"}],"version-history":[{"count":1,"href":"https:\/\/zeromagazine.mx\/index.php\/wp-json\/wp\/v2\/posts\/78598\/revisions"}],"predecessor-version":[{"id":78602,"href":"https:\/\/zeromagazine.mx\/index.php\/wp-json\/wp\/v2\/posts\/78598\/revisions\/78602"}],"wp:featuredmedia":[{"embeddable":true,"href":"https:\/\/zeromagazine.mx\/index.php\/wp-json\/wp\/v2\/media\/78599"}],"wp:attachment":[{"href":"https:\/\/zeromagazine.mx\/index.php\/wp-json\/wp\/v2\/media?parent=78598"}],"wp:term":[{"taxonomy":"category","embeddable":true,"href":"https:\/\/zeromagazine.mx\/index.php\/wp-json\/wp\/v2\/categories?post=78598"},{"taxonomy":"post_tag","embeddable":true,"href":"https:\/\/zeromagazine.mx\/index.php\/wp-json\/wp\/v2\/tags?post=78598"}],"curies":[{"name":"wp","href":"https:\/\/api.w.org\/{rel}","templated":true}]}}