{"id":79057,"date":"2024-06-21T00:03:30","date_gmt":"2024-06-20T22:03:30","guid":{"rendered":"https:\/\/zeromagazine.mx\/?p=79057"},"modified":"2024-06-21T00:08:26","modified_gmt":"2024-06-20T22:08:26","slug":"paul-mccartney-regresa-a-mexico-con-su-got-back-tour","status":"publish","type":"post","link":"https:\/\/zeromagazine.mx\/index.php\/2024\/06\/21\/paul-mccartney-regresa-a-mexico-con-su-got-back-tour\/","title":{"rendered":"Paul McCartney Regresa a M\u00e9xico con su Got Back Tour"},"content":{"rendered":"<p>\u00bfYa escucharon la noticia? Paul McCartney est\u00e1 de regreso en M\u00e9xico con su \u00e9pica gira Got Back Tour. Si eres fan de la buena m\u00fasica y te perdiste su show el a\u00f1o pasado, prep\u00e1rate porque este noviembre tenemos otra oportunidad de oro para vivir una experiencia que seguro nos dejar\u00e1 sin aliento.<\/p>\n\n\n\n<p>En primer lugar, el legendario Paul McCartney nos deleitar\u00e1 con su presencia tanto en Monterrey como en la Ciudad de M\u00e9xico. Recordemos que el a\u00f1o pasado arras\u00f3 con sus presentaciones, as\u00ed que las expectativas est\u00e1n por los cielos para esta nueva ronda de conciertos.<\/p>\n\n\n\n<script async src=\"https:\/\/pagead2.googlesyndication.com\/pagead\/js\/adsbygoogle.js?client=ca-pub-5499304793904745\"\n     crossorigin=\"anonymous\"><\/script>\n<ins class=\"adsbygoogle\"\n     style=\"display:block; text-align:center;\"\n     data-ad-layout=\"in-article\"\n     data-ad-format=\"fluid\"\n     data-ad-client=\"ca-pub-5499304793904745\"\n     data-ad-slot=\"5994863093\"><\/ins>\n<script>\n     (adsbygoogle = window.adsbygoogle || []).push({});\n<\/script>\n\n\n\n<p><\/p>\n\n\n\n<p>Adem\u00e1s, el repertorio de McCartney es como un viaje en el tiempo a trav\u00e9s de las d\u00e9cadas de m\u00fasica m\u00e1s ic\u00f3nicas. Canciones como \u00abHey Jude\u00bb, \u00abLive and Let Die\u00bb, y \u00abLet It Be\u00bb nos transportan a momentos que han marcado generaciones enteras. No es solo un concierto, es una experiencia que promete dejarnos sin palabras.<\/p>\n\n\n<div class=\"wp-block-image\">\n<figure class=\"aligncenter size-full\"><img data-recalc-dims=\"1\" decoding=\"async\" width=\"1165\" height=\"610\" src=\"https:\/\/i0.wp.com\/zeromagazine.mx\/wp-content\/uploads\/2024\/06\/image_processing20240620-9-82xobi.jpg?resize=1165%2C610&#038;ssl=1\" alt=\"\" class=\"wp-image-79058\" srcset=\"https:\/\/i0.wp.com\/zeromagazine.mx\/wp-content\/uploads\/2024\/06\/image_processing20240620-9-82xobi.jpg?w=1920&amp;ssl=1 1920w, https:\/\/i0.wp.com\/zeromagazine.mx\/wp-content\/uploads\/2024\/06\/image_processing20240620-9-82xobi.jpg?resize=300%2C157&amp;ssl=1 300w, https:\/\/i0.wp.com\/zeromagazine.mx\/wp-content\/uploads\/2024\/06\/image_processing20240620-9-82xobi.jpg?resize=1024%2C536&amp;ssl=1 1024w, https:\/\/i0.wp.com\/zeromagazine.mx\/wp-content\/uploads\/2024\/06\/image_processing20240620-9-82xobi.jpg?resize=768%2C402&amp;ssl=1 768w, https:\/\/i0.wp.com\/zeromagazine.mx\/wp-content\/uploads\/2024\/06\/image_processing20240620-9-82xobi.jpg?resize=1536%2C804&amp;ssl=1 1536w\" sizes=\"(max-width: 1165px) 100vw, 1165px\" \/><\/figure>\n<\/div>\n\n\n<p><\/p>\n\n\n\n<p>Por otro lado, esta no es cualquier visita de McCartney a nuestro pa\u00eds. Despu\u00e9s de sus \u00e9xitos pasados en la Ciudad de M\u00e9xico, donde ha creado momentos inolvidables en cada una de sus 11 presentaciones anteriores, esta ser\u00e1 la primera vez que se presentar\u00e1 en Monterrey. Es un hito para todos los fans en el norte del pa\u00eds.<\/p>\n\n\n\n<p>Paul McCartney inici\u00f3 su gira Got Back en 2022, con presentaciones alucinantes por todo Estados Unidos y un memorable concierto en Glastonbury que hizo historia. Desde entonces, ha continuado sorprendiendo a audiencias alrededor del mundo, incluyendo paradas en Australia, M\u00e9xico y Brasil el a\u00f1o pasado.<\/p>\n\n\n\n<script async src=\"https:\/\/pagead2.googlesyndication.com\/pagead\/js\/adsbygoogle.js?client=ca-pub-5499304793904745\"\n     crossorigin=\"anonymous\"><\/script>\n<ins class=\"adsbygoogle\"\n     style=\"display:block; text-align:center;\"\n     data-ad-layout=\"in-article\"\n     data-ad-format=\"fluid\"\n     data-ad-client=\"ca-pub-5499304793904745\"\n     data-ad-slot=\"5994863093\"><\/ins>\n<script>\n     (adsbygoogle = window.adsbygoogle || []).push({});\n<\/script>\n\n\n\n<p><\/p>\n\n\n\n<p>Los elogios de los fans y cr\u00edticos no se hacen esperar. Desde descripciones de \u00abconciertos profundamente satisfactorios\u00bb hasta \u00abcl\u00e1sicos tras otro absolutamente arrollador\u00bb, la presencia de McCartney en el escenario es una experiencia que deja huella en todos los que tienen la suerte de presenciarla.<\/p>\n\n\n\n<p>Con su banda de acompa\u00f1amiento de primera clase y la tecnolog\u00eda de audio y video m\u00e1s avanzada, McCartney promete un espect\u00e1culo que va m\u00e1s all\u00e1 de lo ordinario. No es solo m\u00fasica, es una experiencia sensorial y emocional que transformar\u00e1 nuestra percepci\u00f3n del rock y el legado musical.<\/p>\n\n\n\n<script async src=\"https:\/\/pagead2.googlesyndication.com\/pagead\/js\/adsbygoogle.js?client=ca-pub-5499304793904745\"\n     crossorigin=\"anonymous\"><\/script>\n<ins class=\"adsbygoogle\"\n     style=\"display:block; text-align:center;\"\n     data-ad-layout=\"in-article\"\n     data-ad-format=\"fluid\"\n     data-ad-client=\"ca-pub-5499304793904745\"\n     data-ad-slot=\"5994863093\"><\/ins>\n<script>\n     (adsbygoogle = window.adsbygoogle || []).push({});\n<\/script>\n\n\n\n<p><\/p>\n\n\n\n<p>As\u00ed que ya lo saben, amix. Esta es nuestra oportunidad de presenciar a una leyenda viva, en una gira que promete ser inolvidable. No se pierdan las fechas de la gira Got Back de Paul McCartney en M\u00e9xico. \u00a1Aseguren sus boletos y prep\u00e1rense para vivir un momento que recordar\u00e1n toda la vida!<\/p>\n\n<!--themify_builder_content-->\n<div id=\"themify_builder_content-79057\" data-postid=\"79057\" class=\"themify_builder_content themify_builder_content-79057 themify_builder tf_clear\">\n    <\/div>\n<!--\/themify_builder_content-->","protected":false},"excerpt":{"rendered":"<p>\u00bfYa escucharon la noticia? Paul McCartney est\u00e1 de regreso en M\u00e9xico con su \u00e9pica gira Got Back Tour. Si eres fan de la buena m\u00fasica y te perdiste su show el a\u00f1o pasado, prep\u00e1rate porque este noviembre tenemos otra oportunidad de oro para vivir una experiencia que seguro nos dejar\u00e1 sin aliento. En primer lugar, [&hellip;]<\/p>\n","protected":false},"author":2,"featured_media":79058,"comment_status":"open","ping_status":"open","sticky":false,"template":"","format":"standard","meta":{"_jetpack_memberships_contains_paid_content":false,"footnotes":"","jetpack_publicize_message":"","jetpack_publicize_feature_enabled":true,"jetpack_social_post_already_shared":true,"jetpack_social_options":{"image_generator_settings":{"template":"highway","default_image_id":0,"font":"","enabled":false},"version":2}},"categories":[117],"tags":[8917,8916,1190],"class_list":["post-79057","post","type-post","status-publish","format-standard","has-post-thumbnail","hentry","category-entretenimiento","tag-got-back-tour","tag-paul-mccartney","tag-tour","has-post-title","has-post-date","has-post-category","has-post-tag","has-post-comment","has-post-author",""],"yoast_head":"<!-- This site is optimized with the Yoast SEO plugin v27.5 - https:\/\/yoast.com\/product\/yoast-seo-wordpress\/ -->\n<title>Paul McCartney Regresa a M\u00e9xico con su Got Back Tour - Zero Magazine<\/title>\n<meta name=\"robots\" content=\"index, follow, max-snippet:-1, max-image-preview:large, max-video-preview:-1\" \/>\n<link rel=\"canonical\" href=\"https:\/\/zeromagazine.mx\/index.php\/2024\/06\/21\/paul-mccartney-regresa-a-mexico-con-su-got-back-tour\/\" \/>\n<meta property=\"og:locale\" content=\"es_ES\" \/>\n<meta property=\"og:type\" content=\"article\" \/>\n<meta property=\"og:title\" content=\"Paul McCartney Regresa a M\u00e9xico con su Got Back Tour - Zero Magazine\" \/>\n<meta property=\"og:description\" content=\"\u00bfYa escucharon la noticia? Paul McCartney est\u00e1 de regreso en M\u00e9xico con su \u00e9pica gira Got Back Tour. Si eres fan de la buena m\u00fasica y te perdiste su show el a\u00f1o pasado, prep\u00e1rate porque este noviembre tenemos otra oportunidad de oro para vivir una experiencia que seguro nos dejar\u00e1 sin aliento. En primer lugar, [&hellip;]\" \/>\n<meta property=\"og:url\" content=\"https:\/\/zeromagazine.mx\/index.php\/2024\/06\/21\/paul-mccartney-regresa-a-mexico-con-su-got-back-tour\/\" \/>\n<meta property=\"og:site_name\" content=\"Zero Magazine\" \/>\n<meta property=\"article:published_time\" content=\"2024-06-20T22:03:30+00:00\" \/>\n<meta property=\"article:modified_time\" content=\"2024-06-20T22:08:26+00:00\" \/>\n<meta property=\"og:image\" content=\"https:\/\/i0.wp.com\/zeromagazine.mx\/wp-content\/uploads\/2024\/06\/image_processing20240620-9-82xobi.jpg?fit=1920%2C1005&ssl=1\" \/>\n\t<meta property=\"og:image:width\" content=\"1920\" \/>\n\t<meta property=\"og:image:height\" content=\"1005\" \/>\n\t<meta property=\"og:image:type\" content=\"image\/jpeg\" \/>\n<meta name=\"author\" content=\"zeromagazinemx\" \/>\n<meta name=\"twitter:card\" content=\"summary_large_image\" \/>\n<meta name=\"twitter:label1\" content=\"Escrito por\" \/>\n\t<meta name=\"twitter:data1\" content=\"zeromagazinemx\" \/>\n\t<meta name=\"twitter:label2\" content=\"Tiempo de lectura\" \/>\n\t<meta name=\"twitter:data2\" content=\"2 minutos\" \/>\n<script type=\"application\/ld+json\" class=\"yoast-schema-graph\">{\"@context\":\"https:\\\/\\\/schema.org\",\"@graph\":[{\"@type\":\"Article\",\"@id\":\"https:\\\/\\\/zeromagazine.mx\\\/index.php\\\/2024\\\/06\\\/21\\\/paul-mccartney-regresa-a-mexico-con-su-got-back-tour\\\/#article\",\"isPartOf\":{\"@id\":\"https:\\\/\\\/zeromagazine.mx\\\/index.php\\\/2024\\\/06\\\/21\\\/paul-mccartney-regresa-a-mexico-con-su-got-back-tour\\\/\"},\"author\":{\"name\":\"zeromagazinemx\",\"@id\":\"https:\\\/\\\/zeromagazine.mx\\\/#\\\/schema\\\/person\\\/9aed9f33a7c39af3a348b86d723f7773\"},\"headline\":\"Paul McCartney Regresa a M\u00e9xico con su Got Back Tour\",\"datePublished\":\"2024-06-20T22:03:30+00:00\",\"dateModified\":\"2024-06-20T22:08:26+00:00\",\"mainEntityOfPage\":{\"@id\":\"https:\\\/\\\/zeromagazine.mx\\\/index.php\\\/2024\\\/06\\\/21\\\/paul-mccartney-regresa-a-mexico-con-su-got-back-tour\\\/\"},\"wordCount\":439,\"commentCount\":0,\"publisher\":{\"@id\":\"https:\\\/\\\/zeromagazine.mx\\\/#organization\"},\"image\":{\"@id\":\"https:\\\/\\\/zeromagazine.mx\\\/index.php\\\/2024\\\/06\\\/21\\\/paul-mccartney-regresa-a-mexico-con-su-got-back-tour\\\/#primaryimage\"},\"thumbnailUrl\":\"https:\\\/\\\/i0.wp.com\\\/zeromagazine.mx\\\/wp-content\\\/uploads\\\/2024\\\/06\\\/image_processing20240620-9-82xobi.jpg?fit=1920%2C1005&ssl=1\",\"keywords\":[\"Got Back Tour\",\"Paul McCartney\",\"TOUR\"],\"articleSection\":[\"Entretenimiento\"],\"inLanguage\":\"es\",\"potentialAction\":[{\"@type\":\"CommentAction\",\"name\":\"Comment\",\"target\":[\"https:\\\/\\\/zeromagazine.mx\\\/index.php\\\/2024\\\/06\\\/21\\\/paul-mccartney-regresa-a-mexico-con-su-got-back-tour\\\/#respond\"]}]},{\"@type\":\"WebPage\",\"@id\":\"https:\\\/\\\/zeromagazine.mx\\\/index.php\\\/2024\\\/06\\\/21\\\/paul-mccartney-regresa-a-mexico-con-su-got-back-tour\\\/\",\"url\":\"https:\\\/\\\/zeromagazine.mx\\\/index.php\\\/2024\\\/06\\\/21\\\/paul-mccartney-regresa-a-mexico-con-su-got-back-tour\\\/\",\"name\":\"Paul McCartney Regresa a M\u00e9xico con su Got Back Tour - Zero Magazine\",\"isPartOf\":{\"@id\":\"https:\\\/\\\/zeromagazine.mx\\\/#website\"},\"primaryImageOfPage\":{\"@id\":\"https:\\\/\\\/zeromagazine.mx\\\/index.php\\\/2024\\\/06\\\/21\\\/paul-mccartney-regresa-a-mexico-con-su-got-back-tour\\\/#primaryimage\"},\"image\":{\"@id\":\"https:\\\/\\\/zeromagazine.mx\\\/index.php\\\/2024\\\/06\\\/21\\\/paul-mccartney-regresa-a-mexico-con-su-got-back-tour\\\/#primaryimage\"},\"thumbnailUrl\":\"https:\\\/\\\/i0.wp.com\\\/zeromagazine.mx\\\/wp-content\\\/uploads\\\/2024\\\/06\\\/image_processing20240620-9-82xobi.jpg?fit=1920%2C1005&ssl=1\",\"datePublished\":\"2024-06-20T22:03:30+00:00\",\"dateModified\":\"2024-06-20T22:08:26+00:00\",\"breadcrumb\":{\"@id\":\"https:\\\/\\\/zeromagazine.mx\\\/index.php\\\/2024\\\/06\\\/21\\\/paul-mccartney-regresa-a-mexico-con-su-got-back-tour\\\/#breadcrumb\"},\"inLanguage\":\"es\",\"potentialAction\":[{\"@type\":\"ReadAction\",\"target\":[\"https:\\\/\\\/zeromagazine.mx\\\/index.php\\\/2024\\\/06\\\/21\\\/paul-mccartney-regresa-a-mexico-con-su-got-back-tour\\\/\"]}]},{\"@type\":\"ImageObject\",\"inLanguage\":\"es\",\"@id\":\"https:\\\/\\\/zeromagazine.mx\\\/index.php\\\/2024\\\/06\\\/21\\\/paul-mccartney-regresa-a-mexico-con-su-got-back-tour\\\/#primaryimage\",\"url\":\"https:\\\/\\\/i0.wp.com\\\/zeromagazine.mx\\\/wp-content\\\/uploads\\\/2024\\\/06\\\/image_processing20240620-9-82xobi.jpg?fit=1920%2C1005&ssl=1\",\"contentUrl\":\"https:\\\/\\\/i0.wp.com\\\/zeromagazine.mx\\\/wp-content\\\/uploads\\\/2024\\\/06\\\/image_processing20240620-9-82xobi.jpg?fit=1920%2C1005&ssl=1\",\"width\":1920,\"height\":1005},{\"@type\":\"BreadcrumbList\",\"@id\":\"https:\\\/\\\/zeromagazine.mx\\\/index.php\\\/2024\\\/06\\\/21\\\/paul-mccartney-regresa-a-mexico-con-su-got-back-tour\\\/#breadcrumb\",\"itemListElement\":[{\"@type\":\"ListItem\",\"position\":1,\"name\":\"Portada\",\"item\":\"https:\\\/\\\/zeromagazine.mx\\\/\"},{\"@type\":\"ListItem\",\"position\":2,\"name\":\"Paul McCartney Regresa a M\u00e9xico con su Got Back Tour\"}]},{\"@type\":\"WebSite\",\"@id\":\"https:\\\/\\\/zeromagazine.mx\\\/#website\",\"url\":\"https:\\\/\\\/zeromagazine.mx\\\/\",\"name\":\"Zero Magazine\",\"description\":\"\",\"publisher\":{\"@id\":\"https:\\\/\\\/zeromagazine.mx\\\/#organization\"},\"potentialAction\":[{\"@type\":\"SearchAction\",\"target\":{\"@type\":\"EntryPoint\",\"urlTemplate\":\"https:\\\/\\\/zeromagazine.mx\\\/?s={search_term_string}\"},\"query-input\":{\"@type\":\"PropertyValueSpecification\",\"valueRequired\":true,\"valueName\":\"search_term_string\"}}],\"inLanguage\":\"es\"},{\"@type\":\"Organization\",\"@id\":\"https:\\\/\\\/zeromagazine.mx\\\/#organization\",\"name\":\"Zero Magazine\",\"url\":\"https:\\\/\\\/zeromagazine.mx\\\/\",\"logo\":{\"@type\":\"ImageObject\",\"inLanguage\":\"es\",\"@id\":\"https:\\\/\\\/zeromagazine.mx\\\/#\\\/schema\\\/logo\\\/image\\\/\",\"url\":\"https:\\\/\\\/i0.wp.com\\\/zeromagazine.mx\\\/wp-content\\\/uploads\\\/2025\\\/11\\\/1.jpeg?fit=1000%2C1000&ssl=1\",\"contentUrl\":\"https:\\\/\\\/i0.wp.com\\\/zeromagazine.mx\\\/wp-content\\\/uploads\\\/2025\\\/11\\\/1.jpeg?fit=1000%2C1000&ssl=1\",\"width\":1000,\"height\":1000,\"caption\":\"Zero Magazine\"},\"image\":{\"@id\":\"https:\\\/\\\/zeromagazine.mx\\\/#\\\/schema\\\/logo\\\/image\\\/\"},\"sameAs\":[\"https:\\\/\\\/instagram.com\\\/zeromagazinemx\"]},{\"@type\":\"Person\",\"@id\":\"https:\\\/\\\/zeromagazine.mx\\\/#\\\/schema\\\/person\\\/9aed9f33a7c39af3a348b86d723f7773\",\"name\":\"zeromagazinemx\",\"image\":{\"@type\":\"ImageObject\",\"inLanguage\":\"es\",\"@id\":\"https:\\\/\\\/zeromagazine.mx\\\/wp-content\\\/litespeed\\\/avatar\\\/f91dfe5410d5dcb1a576bf8c45983896.jpg?ver=1777571230\",\"url\":\"https:\\\/\\\/zeromagazine.mx\\\/wp-content\\\/litespeed\\\/avatar\\\/f91dfe5410d5dcb1a576bf8c45983896.jpg?ver=1777571230\",\"contentUrl\":\"https:\\\/\\\/zeromagazine.mx\\\/wp-content\\\/litespeed\\\/avatar\\\/f91dfe5410d5dcb1a576bf8c45983896.jpg?ver=1777571230\",\"caption\":\"zeromagazinemx\"},\"url\":\"https:\\\/\\\/zeromagazine.mx\\\/index.php\\\/author\\\/zeromagazinemx\\\/\"}]}<\/script>\n<!-- \/ Yoast SEO plugin. -->","yoast_head_json":{"title":"Paul McCartney Regresa a M\u00e9xico con su Got Back Tour - Zero Magazine","robots":{"index":"index","follow":"follow","max-snippet":"max-snippet:-1","max-image-preview":"max-image-preview:large","max-video-preview":"max-video-preview:-1"},"canonical":"https:\/\/zeromagazine.mx\/index.php\/2024\/06\/21\/paul-mccartney-regresa-a-mexico-con-su-got-back-tour\/","og_locale":"es_ES","og_type":"article","og_title":"Paul McCartney Regresa a M\u00e9xico con su Got Back Tour - Zero Magazine","og_description":"\u00bfYa escucharon la noticia? Paul McCartney est\u00e1 de regreso en M\u00e9xico con su \u00e9pica gira Got Back Tour. Si eres fan de la buena m\u00fasica y te perdiste su show el a\u00f1o pasado, prep\u00e1rate porque este noviembre tenemos otra oportunidad de oro para vivir una experiencia que seguro nos dejar\u00e1 sin aliento. En primer lugar, [&hellip;]","og_url":"https:\/\/zeromagazine.mx\/index.php\/2024\/06\/21\/paul-mccartney-regresa-a-mexico-con-su-got-back-tour\/","og_site_name":"Zero Magazine","article_published_time":"2024-06-20T22:03:30+00:00","article_modified_time":"2024-06-20T22:08:26+00:00","og_image":[{"width":1920,"height":1005,"url":"https:\/\/i0.wp.com\/zeromagazine.mx\/wp-content\/uploads\/2024\/06\/image_processing20240620-9-82xobi.jpg?fit=1920%2C1005&ssl=1","type":"image\/jpeg"}],"author":"zeromagazinemx","twitter_card":"summary_large_image","twitter_misc":{"Escrito por":"zeromagazinemx","Tiempo de lectura":"2 minutos"},"schema":{"@context":"https:\/\/schema.org","@graph":[{"@type":"Article","@id":"https:\/\/zeromagazine.mx\/index.php\/2024\/06\/21\/paul-mccartney-regresa-a-mexico-con-su-got-back-tour\/#article","isPartOf":{"@id":"https:\/\/zeromagazine.mx\/index.php\/2024\/06\/21\/paul-mccartney-regresa-a-mexico-con-su-got-back-tour\/"},"author":{"name":"zeromagazinemx","@id":"https:\/\/zeromagazine.mx\/#\/schema\/person\/9aed9f33a7c39af3a348b86d723f7773"},"headline":"Paul McCartney Regresa a M\u00e9xico con su Got Back Tour","datePublished":"2024-06-20T22:03:30+00:00","dateModified":"2024-06-20T22:08:26+00:00","mainEntityOfPage":{"@id":"https:\/\/zeromagazine.mx\/index.php\/2024\/06\/21\/paul-mccartney-regresa-a-mexico-con-su-got-back-tour\/"},"wordCount":439,"commentCount":0,"publisher":{"@id":"https:\/\/zeromagazine.mx\/#organization"},"image":{"@id":"https:\/\/zeromagazine.mx\/index.php\/2024\/06\/21\/paul-mccartney-regresa-a-mexico-con-su-got-back-tour\/#primaryimage"},"thumbnailUrl":"https:\/\/i0.wp.com\/zeromagazine.mx\/wp-content\/uploads\/2024\/06\/image_processing20240620-9-82xobi.jpg?fit=1920%2C1005&ssl=1","keywords":["Got Back Tour","Paul McCartney","TOUR"],"articleSection":["Entretenimiento"],"inLanguage":"es","potentialAction":[{"@type":"CommentAction","name":"Comment","target":["https:\/\/zeromagazine.mx\/index.php\/2024\/06\/21\/paul-mccartney-regresa-a-mexico-con-su-got-back-tour\/#respond"]}]},{"@type":"WebPage","@id":"https:\/\/zeromagazine.mx\/index.php\/2024\/06\/21\/paul-mccartney-regresa-a-mexico-con-su-got-back-tour\/","url":"https:\/\/zeromagazine.mx\/index.php\/2024\/06\/21\/paul-mccartney-regresa-a-mexico-con-su-got-back-tour\/","name":"Paul McCartney Regresa a M\u00e9xico con su Got Back Tour - Zero Magazine","isPartOf":{"@id":"https:\/\/zeromagazine.mx\/#website"},"primaryImageOfPage":{"@id":"https:\/\/zeromagazine.mx\/index.php\/2024\/06\/21\/paul-mccartney-regresa-a-mexico-con-su-got-back-tour\/#primaryimage"},"image":{"@id":"https:\/\/zeromagazine.mx\/index.php\/2024\/06\/21\/paul-mccartney-regresa-a-mexico-con-su-got-back-tour\/#primaryimage"},"thumbnailUrl":"https:\/\/i0.wp.com\/zeromagazine.mx\/wp-content\/uploads\/2024\/06\/image_processing20240620-9-82xobi.jpg?fit=1920%2C1005&ssl=1","datePublished":"2024-06-20T22:03:30+00:00","dateModified":"2024-06-20T22:08:26+00:00","breadcrumb":{"@id":"https:\/\/zeromagazine.mx\/index.php\/2024\/06\/21\/paul-mccartney-regresa-a-mexico-con-su-got-back-tour\/#breadcrumb"},"inLanguage":"es","potentialAction":[{"@type":"ReadAction","target":["https:\/\/zeromagazine.mx\/index.php\/2024\/06\/21\/paul-mccartney-regresa-a-mexico-con-su-got-back-tour\/"]}]},{"@type":"ImageObject","inLanguage":"es","@id":"https:\/\/zeromagazine.mx\/index.php\/2024\/06\/21\/paul-mccartney-regresa-a-mexico-con-su-got-back-tour\/#primaryimage","url":"https:\/\/i0.wp.com\/zeromagazine.mx\/wp-content\/uploads\/2024\/06\/image_processing20240620-9-82xobi.jpg?fit=1920%2C1005&ssl=1","contentUrl":"https:\/\/i0.wp.com\/zeromagazine.mx\/wp-content\/uploads\/2024\/06\/image_processing20240620-9-82xobi.jpg?fit=1920%2C1005&ssl=1","width":1920,"height":1005},{"@type":"BreadcrumbList","@id":"https:\/\/zeromagazine.mx\/index.php\/2024\/06\/21\/paul-mccartney-regresa-a-mexico-con-su-got-back-tour\/#breadcrumb","itemListElement":[{"@type":"ListItem","position":1,"name":"Portada","item":"https:\/\/zeromagazine.mx\/"},{"@type":"ListItem","position":2,"name":"Paul McCartney Regresa a M\u00e9xico con su Got Back Tour"}]},{"@type":"WebSite","@id":"https:\/\/zeromagazine.mx\/#website","url":"https:\/\/zeromagazine.mx\/","name":"Zero Magazine","description":"","publisher":{"@id":"https:\/\/zeromagazine.mx\/#organization"},"potentialAction":[{"@type":"SearchAction","target":{"@type":"EntryPoint","urlTemplate":"https:\/\/zeromagazine.mx\/?s={search_term_string}"},"query-input":{"@type":"PropertyValueSpecification","valueRequired":true,"valueName":"search_term_string"}}],"inLanguage":"es"},{"@type":"Organization","@id":"https:\/\/zeromagazine.mx\/#organization","name":"Zero Magazine","url":"https:\/\/zeromagazine.mx\/","logo":{"@type":"ImageObject","inLanguage":"es","@id":"https:\/\/zeromagazine.mx\/#\/schema\/logo\/image\/","url":"https:\/\/i0.wp.com\/zeromagazine.mx\/wp-content\/uploads\/2025\/11\/1.jpeg?fit=1000%2C1000&ssl=1","contentUrl":"https:\/\/i0.wp.com\/zeromagazine.mx\/wp-content\/uploads\/2025\/11\/1.jpeg?fit=1000%2C1000&ssl=1","width":1000,"height":1000,"caption":"Zero Magazine"},"image":{"@id":"https:\/\/zeromagazine.mx\/#\/schema\/logo\/image\/"},"sameAs":["https:\/\/instagram.com\/zeromagazinemx"]},{"@type":"Person","@id":"https:\/\/zeromagazine.mx\/#\/schema\/person\/9aed9f33a7c39af3a348b86d723f7773","name":"zeromagazinemx","image":{"@type":"ImageObject","inLanguage":"es","@id":"https:\/\/zeromagazine.mx\/wp-content\/litespeed\/avatar\/f91dfe5410d5dcb1a576bf8c45983896.jpg?ver=1777571230","url":"https:\/\/zeromagazine.mx\/wp-content\/litespeed\/avatar\/f91dfe5410d5dcb1a576bf8c45983896.jpg?ver=1777571230","contentUrl":"https:\/\/zeromagazine.mx\/wp-content\/litespeed\/avatar\/f91dfe5410d5dcb1a576bf8c45983896.jpg?ver=1777571230","caption":"zeromagazinemx"},"url":"https:\/\/zeromagazine.mx\/index.php\/author\/zeromagazinemx\/"}]}},"jetpack_publicize_connections":[],"jetpack_featured_media_url":"https:\/\/i0.wp.com\/zeromagazine.mx\/wp-content\/uploads\/2024\/06\/image_processing20240620-9-82xobi.jpg?fit=1920%2C1005&ssl=1","jetpack-related-posts":[{"id":82852,"url":"https:\/\/zeromagazine.mx\/index.php\/2024\/08\/29\/jack-white-en-el-corona-capital\/","url_meta":{"origin":79057,"position":0},"title":"Jack White en el Corona Capital","author":"zeromagazinemx","date":"29 de agosto de 2024","format":false,"excerpt":"\u00a1Qu\u00e9 onda, amig@s! Les traigo el chisme m\u00e1s reciente del mundo de la m\u00fasica, y s\u00ed, es algo que ha hecho ruido en todas las redes. Hace unos d\u00edas, se anunci\u00f3 que el vocalista de Queen of the Stone Age, Josh Homme, tendr\u00eda que someterse a una operaci\u00f3n de emergencia.\u2026","rel":"","context":"En \u00abEntretenimiento\u00bb","block_context":{"text":"Entretenimiento","link":"https:\/\/zeromagazine.mx\/index.php\/category\/entretenimiento\/"},"img":{"alt_text":"","src":"https:\/\/i0.wp.com\/zeromagazine.mx\/wp-content\/uploads\/2024\/08\/WhatsApp-Image-2024-08-29-at-3.20.10-PM.jpeg?fit=678%2C452&ssl=1&resize=350%2C200","width":350,"height":200,"srcset":"https:\/\/i0.wp.com\/zeromagazine.mx\/wp-content\/uploads\/2024\/08\/WhatsApp-Image-2024-08-29-at-3.20.10-PM.jpeg?fit=678%2C452&ssl=1&resize=350%2C200 1x, https:\/\/i0.wp.com\/zeromagazine.mx\/wp-content\/uploads\/2024\/08\/WhatsApp-Image-2024-08-29-at-3.20.10-PM.jpeg?fit=678%2C452&ssl=1&resize=525%2C300 1.5x"},"classes":[]},{"id":71517,"url":"https:\/\/zeromagazine.mx\/index.php\/2024\/03\/07\/farfetch-revolucionando-la-moda-disenadoras-que-marcan-la-diferencia\/","url_meta":{"origin":79057,"position":1},"title":"Farfetch | Revolucionando la Moda: Dise\u00f1adoras que Marcan la Diferencia","author":"zeromagazinemx","date":"7 de marzo de 2024","format":false,"excerpt":"Hablemos sobre esas dise\u00f1adoras de moda que est\u00e1n rompiendo esquemas y demostrando que se pueden hacer las cosas de manera diferente. La moda siempre ha sido una forma de expresarnos, desde la ropa que elegimos hasta c\u00f3mo la combinamos, todo dice algo sobre qui\u00e9nes somos y lo que queremos comunicar\u2026","rel":"","context":"En \u00abDise\u00f1o\u00bb","block_context":{"text":"Dise\u00f1o","link":"https:\/\/zeromagazine.mx\/index.php\/category\/diseno\/"},"img":{"alt_text":"","src":"https:\/\/i0.wp.com\/zeromagazine.mx\/wp-content\/uploads\/2024\/03\/21720832_51805704_1000.jpg?resize=350%2C200&ssl=1","width":350,"height":200,"srcset":"https:\/\/i0.wp.com\/zeromagazine.mx\/wp-content\/uploads\/2024\/03\/21720832_51805704_1000.jpg?resize=350%2C200&ssl=1 1x, https:\/\/i0.wp.com\/zeromagazine.mx\/wp-content\/uploads\/2024\/03\/21720832_51805704_1000.jpg?resize=525%2C300&ssl=1 1.5x, https:\/\/i0.wp.com\/zeromagazine.mx\/wp-content\/uploads\/2024\/03\/21720832_51805704_1000.jpg?resize=700%2C400&ssl=1 2x"},"classes":[]},{"id":90944,"url":"https:\/\/zeromagazine.mx\/index.php\/2024\/11\/15\/motores-y-musica-vibra-al-100\/","url_meta":{"origin":79057,"position":2},"title":"\u00abMotores y m\u00fasica: vibra al 100\u00bb","author":"zeromagazinemx","date":"15 de noviembre de 2024","format":false,"excerpt":"Ok, fam, si t\u00fa tambi\u00e9n eres fan de las motos\u00a0y\u00a0de los festivales que ponen a M\u00e9xico en el mapa global, ag\u00e1rrate porque BAJAJ viene con todo este a\u00f1o. Imag\u00ednate la vibra: motores rugiendo al ritmo de Greenday, Raw Alejandro, o hasta los Fabulosos Cadillacs. \u00a1Literal, un dream team de m\u00fasica\u2026","rel":"","context":"En \u00abEntretenimiento\u00bb","block_context":{"text":"Entretenimiento","link":"https:\/\/zeromagazine.mx\/index.php\/category\/entretenimiento\/"},"img":{"alt_text":"","src":"https:\/\/i0.wp.com\/zeromagazine.mx\/wp-content\/uploads\/2024\/11\/BAJAJ_AZUL.png?resize=350%2C200&ssl=1","width":350,"height":200,"srcset":"https:\/\/i0.wp.com\/zeromagazine.mx\/wp-content\/uploads\/2024\/11\/BAJAJ_AZUL.png?resize=350%2C200&ssl=1 1x, https:\/\/i0.wp.com\/zeromagazine.mx\/wp-content\/uploads\/2024\/11\/BAJAJ_AZUL.png?resize=525%2C300&ssl=1 1.5x, https:\/\/i0.wp.com\/zeromagazine.mx\/wp-content\/uploads\/2024\/11\/BAJAJ_AZUL.png?resize=700%2C400&ssl=1 2x, https:\/\/i0.wp.com\/zeromagazine.mx\/wp-content\/uploads\/2024\/11\/BAJAJ_AZUL.png?resize=1050%2C600&ssl=1 3x, https:\/\/i0.wp.com\/zeromagazine.mx\/wp-content\/uploads\/2024\/11\/BAJAJ_AZUL.png?resize=1400%2C800&ssl=1 4x"},"classes":[]},{"id":119137,"url":"https:\/\/zeromagazine.mx\/index.php\/2026\/04\/21\/aitana-cuarto-azul-tour-mexico\/","url_meta":{"origin":79057,"position":3},"title":"Aitana Cuarto Azul Tour: el regreso a M\u00e9xico que confirma su era global","author":"David Morales","date":"21 de abril de 2026","format":false,"excerpt":"Hay artistas que evolucionan\u2026 y otras que redefinen su propia narrativa.\u00a0Aitana\u00a0est\u00e1 en ese punto exacto. Con\u00a0aitana cuarto azul tour, la artista no solo regresa a M\u00e9xico: llega con la gira m\u00e1s ambiciosa de su carrera. Aitana Cuarto Azul Tour: de lo \u00edntimo a lo global Si algo define el\u00a0aitana cuarto\u2026","rel":"","context":"En \u00abBlog\u00bb","block_context":{"text":"Blog","link":"https:\/\/zeromagazine.mx\/index.php\/category\/blog\/"},"img":{"alt_text":"","src":"https:\/\/i0.wp.com\/zeromagazine.mx\/wp-content\/uploads\/2026\/04\/IMG_2258.jpeg?fit=1200%2C675&ssl=1&resize=350%2C200","width":350,"height":200,"srcset":"https:\/\/i0.wp.com\/zeromagazine.mx\/wp-content\/uploads\/2026\/04\/IMG_2258.jpeg?fit=1200%2C675&ssl=1&resize=350%2C200 1x, https:\/\/i0.wp.com\/zeromagazine.mx\/wp-content\/uploads\/2026\/04\/IMG_2258.jpeg?fit=1200%2C675&ssl=1&resize=525%2C300 1.5x, https:\/\/i0.wp.com\/zeromagazine.mx\/wp-content\/uploads\/2026\/04\/IMG_2258.jpeg?fit=1200%2C675&ssl=1&resize=700%2C400 2x, https:\/\/i0.wp.com\/zeromagazine.mx\/wp-content\/uploads\/2026\/04\/IMG_2258.jpeg?fit=1200%2C675&ssl=1&resize=1050%2C600 3x"},"classes":[]},{"id":115438,"url":"https:\/\/zeromagazine.mx\/index.php\/2026\/02\/16\/hilary-duff-mexico-tour\/","url_meta":{"origin":79057,"position":4},"title":"\u00a1Hillary Duff llega a M\u00e9xico con the lucky me tour!","author":"David Morales","date":"16 de febrero de 2026","format":false,"excerpt":"El regreso de los \u00edconos pop dosmileros ya no es sorpresa\u2026 es realidad. Y s\u00ed, esta vez toca el turno de una de las figuras m\u00e1s queridas del entretenimiento global:\u00a0Hilary Duff, quien oficialmente anunci\u00f3 su nueva gira mundial despu\u00e9s de casi dos d\u00e9cadas sin un tour de esta escala. La\u2026","rel":"","context":"En \u00abConcierto\u00bb","block_context":{"text":"Concierto","link":"https:\/\/zeromagazine.mx\/index.php\/category\/concierto\/"},"img":{"alt_text":"","src":"https:\/\/i0.wp.com\/zeromagazine.mx\/wp-content\/uploads\/2026\/02\/IMG_1481.jpeg?fit=1200%2C675&ssl=1&resize=350%2C200","width":350,"height":200,"srcset":"https:\/\/i0.wp.com\/zeromagazine.mx\/wp-content\/uploads\/2026\/02\/IMG_1481.jpeg?fit=1200%2C675&ssl=1&resize=350%2C200 1x, https:\/\/i0.wp.com\/zeromagazine.mx\/wp-content\/uploads\/2026\/02\/IMG_1481.jpeg?fit=1200%2C675&ssl=1&resize=525%2C300 1.5x, https:\/\/i0.wp.com\/zeromagazine.mx\/wp-content\/uploads\/2026\/02\/IMG_1481.jpeg?fit=1200%2C675&ssl=1&resize=700%2C400 2x, https:\/\/i0.wp.com\/zeromagazine.mx\/wp-content\/uploads\/2026\/02\/IMG_1481.jpeg?fit=1200%2C675&ssl=1&resize=1050%2C600 3x"},"classes":[]},{"id":113785,"url":"https:\/\/zeromagazine.mx\/index.php\/2026\/01\/21\/kudai-harakiri-tour\/","url_meta":{"origin":79057,"position":5},"title":"KUDAI, la banda que marc\u00f3 a toda una generaci\u00f3n, est\u00e1 de vuelta con su HARAKIRI TOUR!.","author":"David Morales","date":"21 de enero de 2026","format":false,"excerpt":"Hay regresos que se sienten como un d\u00e9j\u00e0 vu bonito y otros que llegan con la energ\u00eda suficiente para sacudirlo todo. El de\u00a0KUDAI\u00a0entra en la segunda categor\u00eda. La banda que convirti\u00f3 letras intensas en himnos emocionales est\u00e1 oficialmente de vuelta con el\u00a0Harakiri Tour, un show que no vive solo de\u2026","rel":"","context":"En \u00abConcierto\u00bb","block_context":{"text":"Concierto","link":"https:\/\/zeromagazine.mx\/index.php\/category\/concierto\/"},"img":{"alt_text":"","src":"https:\/\/i0.wp.com\/zeromagazine.mx\/wp-content\/uploads\/2026\/01\/IMG_1032-1.jpeg?fit=1170%2C876&ssl=1&resize=350%2C200","width":350,"height":200,"srcset":"https:\/\/i0.wp.com\/zeromagazine.mx\/wp-content\/uploads\/2026\/01\/IMG_1032-1.jpeg?fit=1170%2C876&ssl=1&resize=350%2C200 1x, https:\/\/i0.wp.com\/zeromagazine.mx\/wp-content\/uploads\/2026\/01\/IMG_1032-1.jpeg?fit=1170%2C876&ssl=1&resize=525%2C300 1.5x, https:\/\/i0.wp.com\/zeromagazine.mx\/wp-content\/uploads\/2026\/01\/IMG_1032-1.jpeg?fit=1170%2C876&ssl=1&resize=700%2C400 2x, https:\/\/i0.wp.com\/zeromagazine.mx\/wp-content\/uploads\/2026\/01\/IMG_1032-1.jpeg?fit=1170%2C876&ssl=1&resize=1050%2C600 3x"},"classes":[]}],"jetpack_sharing_enabled":true,"builder_content":"","_links":{"self":[{"href":"https:\/\/zeromagazine.mx\/index.php\/wp-json\/wp\/v2\/posts\/79057","targetHints":{"allow":["GET"]}}],"collection":[{"href":"https:\/\/zeromagazine.mx\/index.php\/wp-json\/wp\/v2\/posts"}],"about":[{"href":"https:\/\/zeromagazine.mx\/index.php\/wp-json\/wp\/v2\/types\/post"}],"author":[{"embeddable":true,"href":"https:\/\/zeromagazine.mx\/index.php\/wp-json\/wp\/v2\/users\/2"}],"replies":[{"embeddable":true,"href":"https:\/\/zeromagazine.mx\/index.php\/wp-json\/wp\/v2\/comments?post=79057"}],"version-history":[{"count":4,"href":"https:\/\/zeromagazine.mx\/index.php\/wp-json\/wp\/v2\/posts\/79057\/revisions"}],"predecessor-version":[{"id":79062,"href":"https:\/\/zeromagazine.mx\/index.php\/wp-json\/wp\/v2\/posts\/79057\/revisions\/79062"}],"wp:featuredmedia":[{"embeddable":true,"href":"https:\/\/zeromagazine.mx\/index.php\/wp-json\/wp\/v2\/media\/79058"}],"wp:attachment":[{"href":"https:\/\/zeromagazine.mx\/index.php\/wp-json\/wp\/v2\/media?parent=79057"}],"wp:term":[{"taxonomy":"category","embeddable":true,"href":"https:\/\/zeromagazine.mx\/index.php\/wp-json\/wp\/v2\/categories?post=79057"},{"taxonomy":"post_tag","embeddable":true,"href":"https:\/\/zeromagazine.mx\/index.php\/wp-json\/wp\/v2\/tags?post=79057"}],"curies":[{"name":"wp","href":"https:\/\/api.w.org\/{rel}","templated":true}]}}