{"id":79069,"date":"2024-06-21T00:39:15","date_gmt":"2024-06-20T22:39:15","guid":{"rendered":"https:\/\/zeromagazine.mx\/?p=79069"},"modified":"2024-06-21T00:41:57","modified_gmt":"2024-06-20T22:41:57","slug":"domelipa-lanza-su-primer-sencillo-en-solitario-la-foto","status":"publish","type":"post","link":"https:\/\/zeromagazine.mx\/index.php\/2024\/06\/21\/domelipa-lanza-su-primer-sencillo-en-solitario-la-foto\/","title":{"rendered":"Domelipa Lanza Su Primer Sencillo en Solitario \u00abLa Foto\u00bb"},"content":{"rendered":"<p>Hoy les quiero platicar de algo s\u00faper cool y emocionante que acaba de pasar en el mundo de las redes sociales y la m\u00fasica. S\u00ed, estoy hablando de Domelipa, una de las influencers m\u00e1s importantes de Am\u00e9rica Latina, quien acaba de lanzar su primer sencillo en solitario titulado \u00abLa Foto\u00bb. Este es un paso enorme en su carrera, y de verdad que est\u00e1 dando mucho de qu\u00e9 hablar.<\/p>\n\n\n\n<script async src=\"https:\/\/pagead2.googlesyndication.com\/pagead\/js\/adsbygoogle.js?client=ca-pub-5499304793904745\"\n     crossorigin=\"anonymous\"><\/script>\n<ins class=\"adsbygoogle\"\n     style=\"display:block; text-align:center;\"\n     data-ad-layout=\"in-article\"\n     data-ad-format=\"fluid\"\n     data-ad-client=\"ca-pub-5499304793904745\"\n     data-ad-slot=\"5994863093\"><\/ins>\n<script>\n     (adsbygoogle = window.adsbygoogle || []).push({});\n<\/script>\n\n\n\n<p><\/p>\n\n\n\n<p>Para empezar, debemos reconocer que Domelipa, o mejor dicho, Dominik, est\u00e1 explorando una nueva faceta como artista y cantante. Con \u00abLa Foto\u00bb, se adentra en el g\u00e9nero Pop Urbano, y cr\u00e9anme, lo hace de una manera incre\u00edble. La letra de la canci\u00f3n, escrita por Pablo Preciado, cuenta la historia de una joven que supera una relaci\u00f3n dolorosa, pero al ver una foto de su ex con alguien m\u00e1s, revive esos recuerdos, aunque con la certeza de no querer regresar.<\/p>\n\n\n<div class=\"wp-block-image\">\n<figure class=\"aligncenter size-full\"><img data-recalc-dims=\"1\" decoding=\"async\" width=\"1165\" height=\"1456\" src=\"https:\/\/i0.wp.com\/zeromagazine.mx\/wp-content\/uploads\/2024\/06\/DOMELIPA-LA-FOTO-1-scaled.jpg?resize=1165%2C1456&#038;ssl=1\" alt=\"\" class=\"wp-image-79071\" srcset=\"https:\/\/i0.wp.com\/zeromagazine.mx\/wp-content\/uploads\/2024\/06\/DOMELIPA-LA-FOTO-1-scaled.jpg?w=2048&amp;ssl=1 2048w, https:\/\/i0.wp.com\/zeromagazine.mx\/wp-content\/uploads\/2024\/06\/DOMELIPA-LA-FOTO-1-scaled.jpg?resize=240%2C300&amp;ssl=1 240w, https:\/\/i0.wp.com\/zeromagazine.mx\/wp-content\/uploads\/2024\/06\/DOMELIPA-LA-FOTO-1-scaled.jpg?resize=819%2C1024&amp;ssl=1 819w, https:\/\/i0.wp.com\/zeromagazine.mx\/wp-content\/uploads\/2024\/06\/DOMELIPA-LA-FOTO-1-scaled.jpg?resize=768%2C960&amp;ssl=1 768w, https:\/\/i0.wp.com\/zeromagazine.mx\/wp-content\/uploads\/2024\/06\/DOMELIPA-LA-FOTO-1-scaled.jpg?resize=1229%2C1536&amp;ssl=1 1229w, https:\/\/i0.wp.com\/zeromagazine.mx\/wp-content\/uploads\/2024\/06\/DOMELIPA-LA-FOTO-1-scaled.jpg?resize=1638%2C2048&amp;ssl=1 1638w\" sizes=\"(max-width: 1165px) 100vw, 1165px\" \/><\/figure>\n<\/div>\n\n\n<p><\/p>\n\n\n\n<p>Adem\u00e1s, la producci\u00f3n de \u00abLa Foto\u00bb estuvo en manos de Ovy on the Drums, lo que asegura una calidad musical de primer nivel. El video musical es otro tema que no podemos dejar pasar. Fue dirigido por una destacada productora audiovisual y grabado en lugares ic\u00f3nicos de la Ciudad de M\u00e9xico. La narrativa del video muestra a Domelipa en un proceso de renovaci\u00f3n y felicidad, incluso cort\u00e1ndose el pelo como s\u00edmbolo de un nuevo comienzo. \u00a1Y todo esto en solo 13 horas de grabaci\u00f3n!<\/p>\n\n\n<div class=\"wp-block-image\">\n<figure class=\"aligncenter size-full\"><img data-recalc-dims=\"1\" decoding=\"async\" width=\"1165\" height=\"1165\" src=\"https:\/\/i0.wp.com\/zeromagazine.mx\/wp-content\/uploads\/2024\/06\/LA-FOTO-Cover-Art-scaled.jpg?resize=1165%2C1165&#038;ssl=1\" alt=\"\" class=\"wp-image-79070\" srcset=\"https:\/\/i0.wp.com\/zeromagazine.mx\/wp-content\/uploads\/2024\/06\/LA-FOTO-Cover-Art-scaled.jpg?w=2560&amp;ssl=1 2560w, https:\/\/i0.wp.com\/zeromagazine.mx\/wp-content\/uploads\/2024\/06\/LA-FOTO-Cover-Art-scaled.jpg?resize=300%2C300&amp;ssl=1 300w, https:\/\/i0.wp.com\/zeromagazine.mx\/wp-content\/uploads\/2024\/06\/LA-FOTO-Cover-Art-scaled.jpg?resize=1024%2C1024&amp;ssl=1 1024w, https:\/\/i0.wp.com\/zeromagazine.mx\/wp-content\/uploads\/2024\/06\/LA-FOTO-Cover-Art-scaled.jpg?resize=150%2C150&amp;ssl=1 150w, https:\/\/i0.wp.com\/zeromagazine.mx\/wp-content\/uploads\/2024\/06\/LA-FOTO-Cover-Art-scaled.jpg?resize=768%2C768&amp;ssl=1 768w, https:\/\/i0.wp.com\/zeromagazine.mx\/wp-content\/uploads\/2024\/06\/LA-FOTO-Cover-Art-scaled.jpg?resize=1536%2C1536&amp;ssl=1 1536w, https:\/\/i0.wp.com\/zeromagazine.mx\/wp-content\/uploads\/2024\/06\/LA-FOTO-Cover-Art-scaled.jpg?resize=2048%2C2048&amp;ssl=1 2048w, https:\/\/i0.wp.com\/zeromagazine.mx\/wp-content\/uploads\/2024\/06\/LA-FOTO-Cover-Art-scaled.jpg?resize=70%2C70&amp;ssl=1 70w, https:\/\/i0.wp.com\/zeromagazine.mx\/wp-content\/uploads\/2024\/06\/LA-FOTO-Cover-Art-scaled.jpg?resize=47%2C48&amp;ssl=1 47w, https:\/\/i0.wp.com\/zeromagazine.mx\/wp-content\/uploads\/2024\/06\/LA-FOTO-Cover-Art-scaled.jpg?w=2330 2330w\" sizes=\"(max-width: 1165px) 100vw, 1165px\" \/><\/figure>\n<\/div>\n\n\n<p><\/p>\n\n\n\n<p>Por otra parte, Domelipa no se detiene aqu\u00ed. Ya tiene planeado su pr\u00f3ximo lanzamiento para julio, y promete seguir sorprendiendo a todos, tanto a sus seguidores fieles como a los nuevos oyentes. Est\u00e1 abierta a colaborar con otros artistas y a experimentar con diversos g\u00e9neros y sonidos. De hecho, ya demostr\u00f3 su versatilidad al colaborar con Gabito Ballesteros en un corrido.<\/p>\n\n\n<div class=\"wp-block-image\">\n<figure class=\"aligncenter size-full\"><img data-recalc-dims=\"1\" decoding=\"async\" width=\"1165\" height=\"1748\" src=\"https:\/\/i0.wp.com\/zeromagazine.mx\/wp-content\/uploads\/2024\/06\/DOMELIPA-LA-FOTO-6.jpg?resize=1165%2C1748&#038;ssl=1\" alt=\"\" class=\"wp-image-79072\" srcset=\"https:\/\/i0.wp.com\/zeromagazine.mx\/wp-content\/uploads\/2024\/06\/DOMELIPA-LA-FOTO-6.jpg?w=1365&amp;ssl=1 1365w, https:\/\/i0.wp.com\/zeromagazine.mx\/wp-content\/uploads\/2024\/06\/DOMELIPA-LA-FOTO-6.jpg?resize=200%2C300&amp;ssl=1 200w, https:\/\/i0.wp.com\/zeromagazine.mx\/wp-content\/uploads\/2024\/06\/DOMELIPA-LA-FOTO-6.jpg?resize=683%2C1024&amp;ssl=1 683w, https:\/\/i0.wp.com\/zeromagazine.mx\/wp-content\/uploads\/2024\/06\/DOMELIPA-LA-FOTO-6.jpg?resize=768%2C1152&amp;ssl=1 768w, https:\/\/i0.wp.com\/zeromagazine.mx\/wp-content\/uploads\/2024\/06\/DOMELIPA-LA-FOTO-6.jpg?resize=1024%2C1536&amp;ssl=1 1024w\" sizes=\"(max-width: 1165px) 100vw, 1165px\" \/><\/figure>\n<\/div>\n\n\n<p><\/p>\n\n\n\n<p>Finalmente, Domelipa expres\u00f3 en sus redes lo emocionada que est\u00e1 por compartir esta parte tan personal de su vida a trav\u00e9s de su m\u00fasica. \u00abLa Foto\u00bb es solo el inicio de muchas historias que tiene por contar, y est\u00e1 ansiosa de ver c\u00f3mo sus seguidores reciben esta nueva faceta. Sin duda, este es un gran momento para Domelipa y no podemos esperar a ver qu\u00e9 m\u00e1s nos tiene preparado.<\/p>\n\n\n\n<script async src=\"https:\/\/pagead2.googlesyndication.com\/pagead\/js\/adsbygoogle.js?client=ca-pub-5499304793904745\"\n     crossorigin=\"anonymous\"><\/script>\n<ins class=\"adsbygoogle\"\n     style=\"display:block; text-align:center;\"\n     data-ad-layout=\"in-article\"\n     data-ad-format=\"fluid\"\n     data-ad-client=\"ca-pub-5499304793904745\"\n     data-ad-slot=\"5994863093\"><\/ins>\n<script>\n     (adsbygoogle = window.adsbygoogle || []).push({});\n<\/script>\n\n\n\n<p><\/p>\n\n\n\n<p>As\u00ed que ya saben, amix, no se pierdan \u00abLa Foto\u00bb y sigan apoyando a Domelipa en esta nueva aventura musical.<\/p>\n\n<!--themify_builder_content-->\n<div id=\"themify_builder_content-79069\" data-postid=\"79069\" class=\"themify_builder_content themify_builder_content-79069 themify_builder tf_clear\">\n    <\/div>\n<!--\/themify_builder_content-->","protected":false},"excerpt":{"rendered":"<p>Hoy les quiero platicar de algo s\u00faper cool y emocionante que acaba de pasar en el mundo de las redes sociales y la m\u00fasica. S\u00ed, estoy hablando de Domelipa, una de las influencers m\u00e1s importantes de Am\u00e9rica Latina, quien acaba de lanzar su primer sencillo en solitario titulado \u00abLa Foto\u00bb. Este es un paso enorme [&hellip;]<\/p>\n","protected":false},"author":2,"featured_media":79070,"comment_status":"open","ping_status":"open","sticky":false,"template":"","format":"standard","meta":{"_jetpack_memberships_contains_paid_content":false,"footnotes":"","jetpack_publicize_message":"","jetpack_publicize_feature_enabled":true,"jetpack_social_post_already_shared":true,"jetpack_social_options":{"image_generator_settings":{"template":"highway","default_image_id":0,"font":"","enabled":false},"version":2}},"categories":[1],"tags":[8920,8921,7120],"class_list":["post-79069","post","type-post","status-publish","format-standard","has-post-thumbnail","hentry","category-blog","tag-domelipa","tag-la-foto","tag-nuevo-sencillo","has-post-title","has-post-date","has-post-category","has-post-tag","has-post-comment","has-post-author",""],"yoast_head":"<!-- This site is optimized with the Yoast SEO plugin v27.5 - https:\/\/yoast.com\/product\/yoast-seo-wordpress\/ -->\n<title>Domelipa Lanza Su Primer Sencillo en Solitario &quot;La Foto&quot; - Zero Magazine<\/title>\n<meta name=\"robots\" content=\"index, follow, max-snippet:-1, max-image-preview:large, max-video-preview:-1\" \/>\n<link rel=\"canonical\" href=\"https:\/\/zeromagazine.mx\/index.php\/2024\/06\/21\/domelipa-lanza-su-primer-sencillo-en-solitario-la-foto\/\" \/>\n<meta property=\"og:locale\" content=\"es_ES\" \/>\n<meta property=\"og:type\" content=\"article\" \/>\n<meta property=\"og:title\" content=\"Domelipa Lanza Su Primer Sencillo en Solitario &quot;La Foto&quot; - Zero Magazine\" \/>\n<meta property=\"og:description\" content=\"Hoy les quiero platicar de algo s\u00faper cool y emocionante que acaba de pasar en el mundo de las redes sociales y la m\u00fasica. S\u00ed, estoy hablando de Domelipa, una de las influencers m\u00e1s importantes de Am\u00e9rica Latina, quien acaba de lanzar su primer sencillo en solitario titulado \u00abLa Foto\u00bb. Este es un paso enorme [&hellip;]\" \/>\n<meta property=\"og:url\" content=\"https:\/\/zeromagazine.mx\/index.php\/2024\/06\/21\/domelipa-lanza-su-primer-sencillo-en-solitario-la-foto\/\" \/>\n<meta property=\"og:site_name\" content=\"Zero Magazine\" \/>\n<meta property=\"article:published_time\" content=\"2024-06-20T22:39:15+00:00\" \/>\n<meta property=\"article:modified_time\" content=\"2024-06-20T22:41:57+00:00\" \/>\n<meta property=\"og:image\" content=\"https:\/\/i0.wp.com\/zeromagazine.mx\/wp-content\/uploads\/2024\/06\/LA-FOTO-Cover-Art-scaled.jpg?fit=2560%2C2560&ssl=1\" \/>\n\t<meta property=\"og:image:width\" content=\"2560\" \/>\n\t<meta property=\"og:image:height\" content=\"2560\" \/>\n\t<meta property=\"og:image:type\" content=\"image\/jpeg\" \/>\n<meta name=\"author\" content=\"zeromagazinemx\" \/>\n<meta name=\"twitter:card\" content=\"summary_large_image\" \/>\n<meta name=\"twitter:label1\" content=\"Escrito por\" \/>\n\t<meta name=\"twitter:data1\" content=\"zeromagazinemx\" \/>\n\t<meta name=\"twitter:label2\" content=\"Tiempo de lectura\" \/>\n\t<meta name=\"twitter:data2\" content=\"2 minutos\" \/>\n<script type=\"application\/ld+json\" class=\"yoast-schema-graph\">{\"@context\":\"https:\\\/\\\/schema.org\",\"@graph\":[{\"@type\":\"Article\",\"@id\":\"https:\\\/\\\/zeromagazine.mx\\\/index.php\\\/2024\\\/06\\\/21\\\/domelipa-lanza-su-primer-sencillo-en-solitario-la-foto\\\/#article\",\"isPartOf\":{\"@id\":\"https:\\\/\\\/zeromagazine.mx\\\/index.php\\\/2024\\\/06\\\/21\\\/domelipa-lanza-su-primer-sencillo-en-solitario-la-foto\\\/\"},\"author\":{\"name\":\"zeromagazinemx\",\"@id\":\"https:\\\/\\\/zeromagazine.mx\\\/#\\\/schema\\\/person\\\/9aed9f33a7c39af3a348b86d723f7773\"},\"headline\":\"Domelipa Lanza Su Primer Sencillo en Solitario \u00abLa Foto\u00bb\",\"datePublished\":\"2024-06-20T22:39:15+00:00\",\"dateModified\":\"2024-06-20T22:41:57+00:00\",\"mainEntityOfPage\":{\"@id\":\"https:\\\/\\\/zeromagazine.mx\\\/index.php\\\/2024\\\/06\\\/21\\\/domelipa-lanza-su-primer-sencillo-en-solitario-la-foto\\\/\"},\"wordCount\":413,\"commentCount\":0,\"publisher\":{\"@id\":\"https:\\\/\\\/zeromagazine.mx\\\/#organization\"},\"image\":{\"@id\":\"https:\\\/\\\/zeromagazine.mx\\\/index.php\\\/2024\\\/06\\\/21\\\/domelipa-lanza-su-primer-sencillo-en-solitario-la-foto\\\/#primaryimage\"},\"thumbnailUrl\":\"https:\\\/\\\/i0.wp.com\\\/zeromagazine.mx\\\/wp-content\\\/uploads\\\/2024\\\/06\\\/LA-FOTO-Cover-Art-scaled.jpg?fit=2560%2C2560&ssl=1\",\"keywords\":[\"Domelipa\",\"La Foto\",\"Nuevo Sencillo\"],\"articleSection\":[\"Blog\"],\"inLanguage\":\"es\",\"potentialAction\":[{\"@type\":\"CommentAction\",\"name\":\"Comment\",\"target\":[\"https:\\\/\\\/zeromagazine.mx\\\/index.php\\\/2024\\\/06\\\/21\\\/domelipa-lanza-su-primer-sencillo-en-solitario-la-foto\\\/#respond\"]}]},{\"@type\":\"WebPage\",\"@id\":\"https:\\\/\\\/zeromagazine.mx\\\/index.php\\\/2024\\\/06\\\/21\\\/domelipa-lanza-su-primer-sencillo-en-solitario-la-foto\\\/\",\"url\":\"https:\\\/\\\/zeromagazine.mx\\\/index.php\\\/2024\\\/06\\\/21\\\/domelipa-lanza-su-primer-sencillo-en-solitario-la-foto\\\/\",\"name\":\"Domelipa Lanza Su Primer Sencillo en Solitario \\\"La Foto\\\" - Zero Magazine\",\"isPartOf\":{\"@id\":\"https:\\\/\\\/zeromagazine.mx\\\/#website\"},\"primaryImageOfPage\":{\"@id\":\"https:\\\/\\\/zeromagazine.mx\\\/index.php\\\/2024\\\/06\\\/21\\\/domelipa-lanza-su-primer-sencillo-en-solitario-la-foto\\\/#primaryimage\"},\"image\":{\"@id\":\"https:\\\/\\\/zeromagazine.mx\\\/index.php\\\/2024\\\/06\\\/21\\\/domelipa-lanza-su-primer-sencillo-en-solitario-la-foto\\\/#primaryimage\"},\"thumbnailUrl\":\"https:\\\/\\\/i0.wp.com\\\/zeromagazine.mx\\\/wp-content\\\/uploads\\\/2024\\\/06\\\/LA-FOTO-Cover-Art-scaled.jpg?fit=2560%2C2560&ssl=1\",\"datePublished\":\"2024-06-20T22:39:15+00:00\",\"dateModified\":\"2024-06-20T22:41:57+00:00\",\"breadcrumb\":{\"@id\":\"https:\\\/\\\/zeromagazine.mx\\\/index.php\\\/2024\\\/06\\\/21\\\/domelipa-lanza-su-primer-sencillo-en-solitario-la-foto\\\/#breadcrumb\"},\"inLanguage\":\"es\",\"potentialAction\":[{\"@type\":\"ReadAction\",\"target\":[\"https:\\\/\\\/zeromagazine.mx\\\/index.php\\\/2024\\\/06\\\/21\\\/domelipa-lanza-su-primer-sencillo-en-solitario-la-foto\\\/\"]}]},{\"@type\":\"ImageObject\",\"inLanguage\":\"es\",\"@id\":\"https:\\\/\\\/zeromagazine.mx\\\/index.php\\\/2024\\\/06\\\/21\\\/domelipa-lanza-su-primer-sencillo-en-solitario-la-foto\\\/#primaryimage\",\"url\":\"https:\\\/\\\/i0.wp.com\\\/zeromagazine.mx\\\/wp-content\\\/uploads\\\/2024\\\/06\\\/LA-FOTO-Cover-Art-scaled.jpg?fit=2560%2C2560&ssl=1\",\"contentUrl\":\"https:\\\/\\\/i0.wp.com\\\/zeromagazine.mx\\\/wp-content\\\/uploads\\\/2024\\\/06\\\/LA-FOTO-Cover-Art-scaled.jpg?fit=2560%2C2560&ssl=1\",\"width\":2560,\"height\":2560},{\"@type\":\"BreadcrumbList\",\"@id\":\"https:\\\/\\\/zeromagazine.mx\\\/index.php\\\/2024\\\/06\\\/21\\\/domelipa-lanza-su-primer-sencillo-en-solitario-la-foto\\\/#breadcrumb\",\"itemListElement\":[{\"@type\":\"ListItem\",\"position\":1,\"name\":\"Portada\",\"item\":\"https:\\\/\\\/zeromagazine.mx\\\/\"},{\"@type\":\"ListItem\",\"position\":2,\"name\":\"Domelipa Lanza Su Primer Sencillo en Solitario \u00abLa Foto\u00bb\"}]},{\"@type\":\"WebSite\",\"@id\":\"https:\\\/\\\/zeromagazine.mx\\\/#website\",\"url\":\"https:\\\/\\\/zeromagazine.mx\\\/\",\"name\":\"Zero Magazine\",\"description\":\"\",\"publisher\":{\"@id\":\"https:\\\/\\\/zeromagazine.mx\\\/#organization\"},\"potentialAction\":[{\"@type\":\"SearchAction\",\"target\":{\"@type\":\"EntryPoint\",\"urlTemplate\":\"https:\\\/\\\/zeromagazine.mx\\\/?s={search_term_string}\"},\"query-input\":{\"@type\":\"PropertyValueSpecification\",\"valueRequired\":true,\"valueName\":\"search_term_string\"}}],\"inLanguage\":\"es\"},{\"@type\":\"Organization\",\"@id\":\"https:\\\/\\\/zeromagazine.mx\\\/#organization\",\"name\":\"Zero Magazine\",\"url\":\"https:\\\/\\\/zeromagazine.mx\\\/\",\"logo\":{\"@type\":\"ImageObject\",\"inLanguage\":\"es\",\"@id\":\"https:\\\/\\\/zeromagazine.mx\\\/#\\\/schema\\\/logo\\\/image\\\/\",\"url\":\"https:\\\/\\\/i0.wp.com\\\/zeromagazine.mx\\\/wp-content\\\/uploads\\\/2025\\\/11\\\/1.jpeg?fit=1000%2C1000&ssl=1\",\"contentUrl\":\"https:\\\/\\\/i0.wp.com\\\/zeromagazine.mx\\\/wp-content\\\/uploads\\\/2025\\\/11\\\/1.jpeg?fit=1000%2C1000&ssl=1\",\"width\":1000,\"height\":1000,\"caption\":\"Zero Magazine\"},\"image\":{\"@id\":\"https:\\\/\\\/zeromagazine.mx\\\/#\\\/schema\\\/logo\\\/image\\\/\"},\"sameAs\":[\"https:\\\/\\\/instagram.com\\\/zeromagazinemx\"]},{\"@type\":\"Person\",\"@id\":\"https:\\\/\\\/zeromagazine.mx\\\/#\\\/schema\\\/person\\\/9aed9f33a7c39af3a348b86d723f7773\",\"name\":\"zeromagazinemx\",\"image\":{\"@type\":\"ImageObject\",\"inLanguage\":\"es\",\"@id\":\"https:\\\/\\\/zeromagazine.mx\\\/wp-content\\\/litespeed\\\/avatar\\\/f91dfe5410d5dcb1a576bf8c45983896.jpg?ver=1777571230\",\"url\":\"https:\\\/\\\/zeromagazine.mx\\\/wp-content\\\/litespeed\\\/avatar\\\/f91dfe5410d5dcb1a576bf8c45983896.jpg?ver=1777571230\",\"contentUrl\":\"https:\\\/\\\/zeromagazine.mx\\\/wp-content\\\/litespeed\\\/avatar\\\/f91dfe5410d5dcb1a576bf8c45983896.jpg?ver=1777571230\",\"caption\":\"zeromagazinemx\"},\"url\":\"https:\\\/\\\/zeromagazine.mx\\\/index.php\\\/author\\\/zeromagazinemx\\\/\"}]}<\/script>\n<!-- \/ Yoast SEO plugin. -->","yoast_head_json":{"title":"Domelipa Lanza Su Primer Sencillo en Solitario \"La Foto\" - Zero Magazine","robots":{"index":"index","follow":"follow","max-snippet":"max-snippet:-1","max-image-preview":"max-image-preview:large","max-video-preview":"max-video-preview:-1"},"canonical":"https:\/\/zeromagazine.mx\/index.php\/2024\/06\/21\/domelipa-lanza-su-primer-sencillo-en-solitario-la-foto\/","og_locale":"es_ES","og_type":"article","og_title":"Domelipa Lanza Su Primer Sencillo en Solitario \"La Foto\" - Zero Magazine","og_description":"Hoy les quiero platicar de algo s\u00faper cool y emocionante que acaba de pasar en el mundo de las redes sociales y la m\u00fasica. S\u00ed, estoy hablando de Domelipa, una de las influencers m\u00e1s importantes de Am\u00e9rica Latina, quien acaba de lanzar su primer sencillo en solitario titulado \u00abLa Foto\u00bb. Este es un paso enorme [&hellip;]","og_url":"https:\/\/zeromagazine.mx\/index.php\/2024\/06\/21\/domelipa-lanza-su-primer-sencillo-en-solitario-la-foto\/","og_site_name":"Zero Magazine","article_published_time":"2024-06-20T22:39:15+00:00","article_modified_time":"2024-06-20T22:41:57+00:00","og_image":[{"width":2560,"height":2560,"url":"https:\/\/i0.wp.com\/zeromagazine.mx\/wp-content\/uploads\/2024\/06\/LA-FOTO-Cover-Art-scaled.jpg?fit=2560%2C2560&ssl=1","type":"image\/jpeg"}],"author":"zeromagazinemx","twitter_card":"summary_large_image","twitter_misc":{"Escrito por":"zeromagazinemx","Tiempo de lectura":"2 minutos"},"schema":{"@context":"https:\/\/schema.org","@graph":[{"@type":"Article","@id":"https:\/\/zeromagazine.mx\/index.php\/2024\/06\/21\/domelipa-lanza-su-primer-sencillo-en-solitario-la-foto\/#article","isPartOf":{"@id":"https:\/\/zeromagazine.mx\/index.php\/2024\/06\/21\/domelipa-lanza-su-primer-sencillo-en-solitario-la-foto\/"},"author":{"name":"zeromagazinemx","@id":"https:\/\/zeromagazine.mx\/#\/schema\/person\/9aed9f33a7c39af3a348b86d723f7773"},"headline":"Domelipa Lanza Su Primer Sencillo en Solitario \u00abLa Foto\u00bb","datePublished":"2024-06-20T22:39:15+00:00","dateModified":"2024-06-20T22:41:57+00:00","mainEntityOfPage":{"@id":"https:\/\/zeromagazine.mx\/index.php\/2024\/06\/21\/domelipa-lanza-su-primer-sencillo-en-solitario-la-foto\/"},"wordCount":413,"commentCount":0,"publisher":{"@id":"https:\/\/zeromagazine.mx\/#organization"},"image":{"@id":"https:\/\/zeromagazine.mx\/index.php\/2024\/06\/21\/domelipa-lanza-su-primer-sencillo-en-solitario-la-foto\/#primaryimage"},"thumbnailUrl":"https:\/\/i0.wp.com\/zeromagazine.mx\/wp-content\/uploads\/2024\/06\/LA-FOTO-Cover-Art-scaled.jpg?fit=2560%2C2560&ssl=1","keywords":["Domelipa","La Foto","Nuevo Sencillo"],"articleSection":["Blog"],"inLanguage":"es","potentialAction":[{"@type":"CommentAction","name":"Comment","target":["https:\/\/zeromagazine.mx\/index.php\/2024\/06\/21\/domelipa-lanza-su-primer-sencillo-en-solitario-la-foto\/#respond"]}]},{"@type":"WebPage","@id":"https:\/\/zeromagazine.mx\/index.php\/2024\/06\/21\/domelipa-lanza-su-primer-sencillo-en-solitario-la-foto\/","url":"https:\/\/zeromagazine.mx\/index.php\/2024\/06\/21\/domelipa-lanza-su-primer-sencillo-en-solitario-la-foto\/","name":"Domelipa Lanza Su Primer Sencillo en Solitario \"La Foto\" - Zero Magazine","isPartOf":{"@id":"https:\/\/zeromagazine.mx\/#website"},"primaryImageOfPage":{"@id":"https:\/\/zeromagazine.mx\/index.php\/2024\/06\/21\/domelipa-lanza-su-primer-sencillo-en-solitario-la-foto\/#primaryimage"},"image":{"@id":"https:\/\/zeromagazine.mx\/index.php\/2024\/06\/21\/domelipa-lanza-su-primer-sencillo-en-solitario-la-foto\/#primaryimage"},"thumbnailUrl":"https:\/\/i0.wp.com\/zeromagazine.mx\/wp-content\/uploads\/2024\/06\/LA-FOTO-Cover-Art-scaled.jpg?fit=2560%2C2560&ssl=1","datePublished":"2024-06-20T22:39:15+00:00","dateModified":"2024-06-20T22:41:57+00:00","breadcrumb":{"@id":"https:\/\/zeromagazine.mx\/index.php\/2024\/06\/21\/domelipa-lanza-su-primer-sencillo-en-solitario-la-foto\/#breadcrumb"},"inLanguage":"es","potentialAction":[{"@type":"ReadAction","target":["https:\/\/zeromagazine.mx\/index.php\/2024\/06\/21\/domelipa-lanza-su-primer-sencillo-en-solitario-la-foto\/"]}]},{"@type":"ImageObject","inLanguage":"es","@id":"https:\/\/zeromagazine.mx\/index.php\/2024\/06\/21\/domelipa-lanza-su-primer-sencillo-en-solitario-la-foto\/#primaryimage","url":"https:\/\/i0.wp.com\/zeromagazine.mx\/wp-content\/uploads\/2024\/06\/LA-FOTO-Cover-Art-scaled.jpg?fit=2560%2C2560&ssl=1","contentUrl":"https:\/\/i0.wp.com\/zeromagazine.mx\/wp-content\/uploads\/2024\/06\/LA-FOTO-Cover-Art-scaled.jpg?fit=2560%2C2560&ssl=1","width":2560,"height":2560},{"@type":"BreadcrumbList","@id":"https:\/\/zeromagazine.mx\/index.php\/2024\/06\/21\/domelipa-lanza-su-primer-sencillo-en-solitario-la-foto\/#breadcrumb","itemListElement":[{"@type":"ListItem","position":1,"name":"Portada","item":"https:\/\/zeromagazine.mx\/"},{"@type":"ListItem","position":2,"name":"Domelipa Lanza Su Primer Sencillo en Solitario \u00abLa Foto\u00bb"}]},{"@type":"WebSite","@id":"https:\/\/zeromagazine.mx\/#website","url":"https:\/\/zeromagazine.mx\/","name":"Zero Magazine","description":"","publisher":{"@id":"https:\/\/zeromagazine.mx\/#organization"},"potentialAction":[{"@type":"SearchAction","target":{"@type":"EntryPoint","urlTemplate":"https:\/\/zeromagazine.mx\/?s={search_term_string}"},"query-input":{"@type":"PropertyValueSpecification","valueRequired":true,"valueName":"search_term_string"}}],"inLanguage":"es"},{"@type":"Organization","@id":"https:\/\/zeromagazine.mx\/#organization","name":"Zero Magazine","url":"https:\/\/zeromagazine.mx\/","logo":{"@type":"ImageObject","inLanguage":"es","@id":"https:\/\/zeromagazine.mx\/#\/schema\/logo\/image\/","url":"https:\/\/i0.wp.com\/zeromagazine.mx\/wp-content\/uploads\/2025\/11\/1.jpeg?fit=1000%2C1000&ssl=1","contentUrl":"https:\/\/i0.wp.com\/zeromagazine.mx\/wp-content\/uploads\/2025\/11\/1.jpeg?fit=1000%2C1000&ssl=1","width":1000,"height":1000,"caption":"Zero Magazine"},"image":{"@id":"https:\/\/zeromagazine.mx\/#\/schema\/logo\/image\/"},"sameAs":["https:\/\/instagram.com\/zeromagazinemx"]},{"@type":"Person","@id":"https:\/\/zeromagazine.mx\/#\/schema\/person\/9aed9f33a7c39af3a348b86d723f7773","name":"zeromagazinemx","image":{"@type":"ImageObject","inLanguage":"es","@id":"https:\/\/zeromagazine.mx\/wp-content\/litespeed\/avatar\/f91dfe5410d5dcb1a576bf8c45983896.jpg?ver=1777571230","url":"https:\/\/zeromagazine.mx\/wp-content\/litespeed\/avatar\/f91dfe5410d5dcb1a576bf8c45983896.jpg?ver=1777571230","contentUrl":"https:\/\/zeromagazine.mx\/wp-content\/litespeed\/avatar\/f91dfe5410d5dcb1a576bf8c45983896.jpg?ver=1777571230","caption":"zeromagazinemx"},"url":"https:\/\/zeromagazine.mx\/index.php\/author\/zeromagazinemx\/"}]}},"jetpack_publicize_connections":[],"jetpack_featured_media_url":"https:\/\/i0.wp.com\/zeromagazine.mx\/wp-content\/uploads\/2024\/06\/LA-FOTO-Cover-Art-scaled.jpg?fit=2560%2C2560&ssl=1","jetpack-related-posts":[{"id":95945,"url":"https:\/\/zeromagazine.mx\/index.php\/2025\/02\/08\/jangel-sin-ti\/","url_meta":{"origin":79069,"position":0},"title":"JANGEL: Voz con Sentimiento","author":"David Morales","date":"8 de febrero de 2025","format":false,"excerpt":"Amix, si algo nos queda claro es que cuando alguien tiene talento y disciplina, nada lo detiene. Ese es el caso de Jos\u00e9 \u00c1ngel, un cantante mazatleco de 22 a\u00f1os que ha dedicado su vida a la m\u00fasica. Su voz, influenciada por el pop y el R&B, lo ha llevado\u2026","rel":"","context":"En \u00abBlog\u00bb","block_context":{"text":"Blog","link":"https:\/\/zeromagazine.mx\/index.php\/category\/blog\/"},"img":{"alt_text":"","src":"https:\/\/i0.wp.com\/zeromagazine.mx\/wp-content\/uploads\/2025\/02\/PHOTO-2025-02-08-11-52-06-1.jpeg?fit=675%2C1200&ssl=1&resize=350%2C200","width":350,"height":200,"srcset":"https:\/\/i0.wp.com\/zeromagazine.mx\/wp-content\/uploads\/2025\/02\/PHOTO-2025-02-08-11-52-06-1.jpeg?fit=675%2C1200&ssl=1&resize=350%2C200 1x, https:\/\/i0.wp.com\/zeromagazine.mx\/wp-content\/uploads\/2025\/02\/PHOTO-2025-02-08-11-52-06-1.jpeg?fit=675%2C1200&ssl=1&resize=525%2C300 1.5x"},"classes":[]},{"id":50229,"url":"https:\/\/zeromagazine.mx\/index.php\/2021\/07\/15\/conan-gray-lanza-people-watching\/","url_meta":{"origin":79069,"position":1},"title":"Conan Gray lanza \u201cPeople Watching\u201d","author":"zeromagazinemx","date":"15 de julio de 2021","format":false,"excerpt":"El cantante y compositor revel\u00f3 el d\u00eda de hoy su nuevo sencillo como parte de un nuevo cap\u00edtulo en su vida musical. Por Moises Kushelevich \u201cPeople Watching\u201d fue escrita por Julia Michaels, Ganadora del Grammy, Dan Nigro y Conan particip\u00f3 como coescritor, la mezcla fue hecha por Serben Ghenea, ganador\u2026","rel":"","context":"En \u00abEntretenimiento\u00bb","block_context":{"text":"Entretenimiento","link":"https:\/\/zeromagazine.mx\/index.php\/category\/entretenimiento\/"},"img":{"alt_text":"","src":"","width":0,"height":0},"classes":[]},{"id":71116,"url":"https:\/\/zeromagazine.mx\/index.php\/2024\/02\/21\/moanday-estrena-10-years-antes-de-sold-out-en-multiforo-246\/","url_meta":{"origin":79069,"position":2},"title":"\u00a1moanday estrena \u00ab10 YEARS\u00bb antes de Sold Out en Multiforo 246!","author":"zeromagazinemx","date":"21 de febrero de 2024","format":false,"excerpt":"Hoy quiero compartirles algo s\u00faper emocionante que est\u00e1 pasando en el mundo de la m\u00fasica indie. \u00bfSe acuerdan de moanday, ese d\u00fao indie de Madrid que nos ha hecho bailar con su incre\u00edble sonido disco? Pues resulta que acaban de lanzar su nuevo sencillo \"10 YEARS\" y \u00a1es una verdadera\u2026","rel":"","context":"En \u00abBlog\u00bb","block_context":{"text":"Blog","link":"https:\/\/zeromagazine.mx\/index.php\/category\/blog\/"},"img":{"alt_text":"","src":"https:\/\/i0.wp.com\/zeromagazine.mx\/wp-content\/uploads\/2024\/02\/image00001-scaled.jpeg?fit=1200%2C800&ssl=1&resize=350%2C200","width":350,"height":200,"srcset":"https:\/\/i0.wp.com\/zeromagazine.mx\/wp-content\/uploads\/2024\/02\/image00001-scaled.jpeg?fit=1200%2C800&ssl=1&resize=350%2C200 1x, https:\/\/i0.wp.com\/zeromagazine.mx\/wp-content\/uploads\/2024\/02\/image00001-scaled.jpeg?fit=1200%2C800&ssl=1&resize=525%2C300 1.5x, https:\/\/i0.wp.com\/zeromagazine.mx\/wp-content\/uploads\/2024\/02\/image00001-scaled.jpeg?fit=1200%2C800&ssl=1&resize=700%2C400 2x, https:\/\/i0.wp.com\/zeromagazine.mx\/wp-content\/uploads\/2024\/02\/image00001-scaled.jpeg?fit=1200%2C800&ssl=1&resize=1050%2C600 3x"},"classes":[]},{"id":77719,"url":"https:\/\/zeromagazine.mx\/index.php\/2024\/06\/11\/floating-points-comparte-su-nuevo-sencillo-del-oro-ahora-disponible-a-traves-de-ninja-tune\/","url_meta":{"origin":79069,"position":3},"title":"Floating Points comparte su nuevo sencillo &#8216;Del Oro&#8217;, ahora disponible a trav\u00e9s de Ninja Tune","author":"zeromagazinemx","date":"11 de junio de 2024","format":false,"excerpt":"\u00a1Oigan, amix! Les cuento algo s\u00faper emocionante que acabo de descubrir. El incre\u00edble Sam Shepherd, tambi\u00e9n conocido como Floating Points, ha lanzado un nuevo sencillo titulado \"Del Oro\". \u00a1S\u00ed, ya est\u00e1 disponible en todas las plataformas a trav\u00e9s de Ninja Tune! La vibra de este tema es como esa sensaci\u00f3n\u2026","rel":"","context":"En \u00abBlog\u00bb","block_context":{"text":"Blog","link":"https:\/\/zeromagazine.mx\/index.php\/category\/blog\/"},"img":{"alt_text":"","src":"https:\/\/i0.wp.com\/zeromagazine.mx\/wp-content\/uploads\/2024\/06\/Floating-Points-2019-Dan-Medhurst-9464-ANASICKMODULAR-web-scaled.jpg?fit=800%2C1200&ssl=1&resize=350%2C200","width":350,"height":200,"srcset":"https:\/\/i0.wp.com\/zeromagazine.mx\/wp-content\/uploads\/2024\/06\/Floating-Points-2019-Dan-Medhurst-9464-ANASICKMODULAR-web-scaled.jpg?fit=800%2C1200&ssl=1&resize=350%2C200 1x, https:\/\/i0.wp.com\/zeromagazine.mx\/wp-content\/uploads\/2024\/06\/Floating-Points-2019-Dan-Medhurst-9464-ANASICKMODULAR-web-scaled.jpg?fit=800%2C1200&ssl=1&resize=525%2C300 1.5x, https:\/\/i0.wp.com\/zeromagazine.mx\/wp-content\/uploads\/2024\/06\/Floating-Points-2019-Dan-Medhurst-9464-ANASICKMODULAR-web-scaled.jpg?fit=800%2C1200&ssl=1&resize=700%2C400 2x"},"classes":[]},{"id":75120,"url":"https:\/\/zeromagazine.mx\/index.php\/2024\/04\/30\/teo-bok-florece-en-su-jardin\/","url_meta":{"origin":79069,"position":4},"title":"TEO BOK FLORECE EN SU JARDIN","author":"David Morales","date":"30 de abril de 2024","format":false,"excerpt":"En el panorama musical actual, pocas figuras emergen con la autenticidad y el encanto de Teo Bok. Este artista italiano, conocido por capturar el coraz\u00f3n de audiencias globales, lanza hoy \u201cJard\u00edn\u201d, marcando un hito emocionante en su trayectoria. Producido por el laureado Julio Reyes Copello, este sencillo promete ser el\u2026","rel":"","context":"En \u00abPortada\u00bb","block_context":{"text":"Portada","link":"https:\/\/zeromagazine.mx\/index.php\/category\/portada\/"},"img":{"alt_text":"","src":"https:\/\/i0.wp.com\/zeromagazine.mx\/wp-content\/uploads\/2024\/04\/IMG_0830.png?fit=927%2C1200&ssl=1&resize=350%2C200","width":350,"height":200,"srcset":"https:\/\/i0.wp.com\/zeromagazine.mx\/wp-content\/uploads\/2024\/04\/IMG_0830.png?fit=927%2C1200&ssl=1&resize=350%2C200 1x, https:\/\/i0.wp.com\/zeromagazine.mx\/wp-content\/uploads\/2024\/04\/IMG_0830.png?fit=927%2C1200&ssl=1&resize=525%2C300 1.5x, https:\/\/i0.wp.com\/zeromagazine.mx\/wp-content\/uploads\/2024\/04\/IMG_0830.png?fit=927%2C1200&ssl=1&resize=700%2C400 2x"},"classes":[]},{"id":85039,"url":"https:\/\/zeromagazine.mx\/index.php\/2024\/10\/02\/rose-anuncia-su-primer-album-rosie\/","url_meta":{"origin":79069,"position":5},"title":"\u00abROS\u00c9 Anuncia su Primer \u00c1lbum: rosie\u00bb","author":"zeromagazinemx","date":"2 de octubre de 2024","format":false,"excerpt":"\u00a1Qu\u00e9 onda, blinks! Prep\u00e1rense porque hoy vamos a hablar de una de las artistas m\u00e1s ic\u00f3nicas del momento \"ROS\u00c9\". La member de BLACKPINK est\u00e1 lista para dejarnos a todos boquiabiertos con su primer \u00e1lbum de estudio titulado rosie, que se lanza el 6 de diciembre bajo Atlantic Records. Este no\u2026","rel":"","context":"En \u00abEntretenimiento\u00bb","block_context":{"text":"Entretenimiento","link":"https:\/\/zeromagazine.mx\/index.php\/category\/entretenimiento\/"},"img":{"alt_text":"","src":"https:\/\/i0.wp.com\/zeromagazine.mx\/wp-content\/uploads\/2024\/10\/unnamed-18-scaled.jpg?fit=1200%2C1200&ssl=1&resize=350%2C200","width":350,"height":200,"srcset":"https:\/\/i0.wp.com\/zeromagazine.mx\/wp-content\/uploads\/2024\/10\/unnamed-18-scaled.jpg?fit=1200%2C1200&ssl=1&resize=350%2C200 1x, https:\/\/i0.wp.com\/zeromagazine.mx\/wp-content\/uploads\/2024\/10\/unnamed-18-scaled.jpg?fit=1200%2C1200&ssl=1&resize=525%2C300 1.5x, https:\/\/i0.wp.com\/zeromagazine.mx\/wp-content\/uploads\/2024\/10\/unnamed-18-scaled.jpg?fit=1200%2C1200&ssl=1&resize=700%2C400 2x, https:\/\/i0.wp.com\/zeromagazine.mx\/wp-content\/uploads\/2024\/10\/unnamed-18-scaled.jpg?fit=1200%2C1200&ssl=1&resize=1050%2C600 3x"},"classes":[]}],"jetpack_sharing_enabled":true,"builder_content":"","_links":{"self":[{"href":"https:\/\/zeromagazine.mx\/index.php\/wp-json\/wp\/v2\/posts\/79069","targetHints":{"allow":["GET"]}}],"collection":[{"href":"https:\/\/zeromagazine.mx\/index.php\/wp-json\/wp\/v2\/posts"}],"about":[{"href":"https:\/\/zeromagazine.mx\/index.php\/wp-json\/wp\/v2\/types\/post"}],"author":[{"embeddable":true,"href":"https:\/\/zeromagazine.mx\/index.php\/wp-json\/wp\/v2\/users\/2"}],"replies":[{"embeddable":true,"href":"https:\/\/zeromagazine.mx\/index.php\/wp-json\/wp\/v2\/comments?post=79069"}],"version-history":[{"count":2,"href":"https:\/\/zeromagazine.mx\/index.php\/wp-json\/wp\/v2\/posts\/79069\/revisions"}],"predecessor-version":[{"id":79074,"href":"https:\/\/zeromagazine.mx\/index.php\/wp-json\/wp\/v2\/posts\/79069\/revisions\/79074"}],"wp:featuredmedia":[{"embeddable":true,"href":"https:\/\/zeromagazine.mx\/index.php\/wp-json\/wp\/v2\/media\/79070"}],"wp:attachment":[{"href":"https:\/\/zeromagazine.mx\/index.php\/wp-json\/wp\/v2\/media?parent=79069"}],"wp:term":[{"taxonomy":"category","embeddable":true,"href":"https:\/\/zeromagazine.mx\/index.php\/wp-json\/wp\/v2\/categories?post=79069"},{"taxonomy":"post_tag","embeddable":true,"href":"https:\/\/zeromagazine.mx\/index.php\/wp-json\/wp\/v2\/tags?post=79069"}],"curies":[{"name":"wp","href":"https:\/\/api.w.org\/{rel}","templated":true}]}}