{"id":79092,"date":"2024-06-21T02:51:11","date_gmt":"2024-06-21T00:51:11","guid":{"rendered":"https:\/\/zeromagazine.mx\/?p=79092"},"modified":"2024-06-21T02:52:14","modified_gmt":"2024-06-21T00:52:14","slug":"amiri-primavera-verano-2025-una-fusion-de-glamour-y-arte-escenico","status":"publish","type":"post","link":"https:\/\/zeromagazine.mx\/index.php\/2024\/06\/21\/amiri-primavera-verano-2025-una-fusion-de-glamour-y-arte-escenico\/","title":{"rendered":"AMIRI Primavera-Verano 2025: Una Fusi\u00f3n de Glamour y Arte Esc\u00e9nico"},"content":{"rendered":"<p>Si eres de les que aman la moda y el arte, prep\u00e1rate porque la colecci\u00f3n Primavera-Verano 2025 de AMIRI te va a volar la cabeza. Este nuevo cap\u00edtulo en la historia de la marca, dirigido por Mike Amiri, trae a sus ic\u00f3niques personajes de Hollywood a la luz del d\u00eda, fusionando el arte esc\u00e9nico con la artesan\u00eda en una propuesta que es puro espect\u00e1culo y pragmatismo. As\u00ed que, ponte c\u00f3modx y descubre c\u00f3mo esta colecci\u00f3n redefine la moda masculina contempor\u00e1nea.<\/p>\n\n\n\n<script async src=\"https:\/\/pagead2.googlesyndication.com\/pagead\/js\/adsbygoogle.js?client=ca-pub-5499304793904745\"\n     crossorigin=\"anonymous\"><\/script>\n<ins class=\"adsbygoogle\"\n     style=\"display:block; text-align:center;\"\n     data-ad-layout=\"in-article\"\n     data-ad-format=\"fluid\"\n     data-ad-client=\"ca-pub-5499304793904745\"\n     data-ad-slot=\"5994863093\"><\/ins>\n<script>\n     (adsbygoogle = window.adsbygoogle || []).push({});\n<\/script>\n\n\n\n<p><\/p>\n\n\n\n<p>Primero que nada, hablemos de la m\u00fasica, que siempre ha sido el alma de AMIRI. Para esta temporada, Mike Amiri se inspira en les \u00eddoles del jazz y las Big Bands de mediados de siglo. Las prendas pasan del escenario a la calle, convirtiendo b\u00e1sicos casuales en una nueva forma de alta costura masculina. Las piezas reflejan una actitud relajada, muy californiana, pero con el glamour inconfundible de Hollywood.<\/p>\n\n\n\n<p>Adem\u00e1s, los cortes de los trajes son alargados, tenues y ligeros. Los sacos de doble botonadura con solapas de pico ca\u00eddas y medio forro suavizan la silueta, manteni\u00e9ndola elegante. Los pantalones se ensanchan suavemente, mezclando la vibra del skate con la sastrer\u00eda cl\u00e1sica. Las rayas tridimensionales a\u00f1aden estructura a estas formas despreocupadas, creando una silueta \u00fanica y sofisticada.<\/p>\n\n\n<div class=\"wp-block-image\">\n<figure class=\"aligncenter size-full\"><img data-recalc-dims=\"1\" decoding=\"async\" width=\"1165\" height=\"1456\" src=\"https:\/\/i0.wp.com\/zeromagazine.mx\/wp-content\/uploads\/2024\/06\/AMIRI_SS25_4-5_LOOK_01-scaled.jpg?resize=1165%2C1456&#038;ssl=1\" alt=\"\" class=\"wp-image-79094\" srcset=\"https:\/\/i0.wp.com\/zeromagazine.mx\/wp-content\/uploads\/2024\/06\/AMIRI_SS25_4-5_LOOK_01-scaled.jpg?w=2048&amp;ssl=1 2048w, https:\/\/i0.wp.com\/zeromagazine.mx\/wp-content\/uploads\/2024\/06\/AMIRI_SS25_4-5_LOOK_01-scaled.jpg?resize=240%2C300&amp;ssl=1 240w, https:\/\/i0.wp.com\/zeromagazine.mx\/wp-content\/uploads\/2024\/06\/AMIRI_SS25_4-5_LOOK_01-scaled.jpg?resize=819%2C1024&amp;ssl=1 819w, https:\/\/i0.wp.com\/zeromagazine.mx\/wp-content\/uploads\/2024\/06\/AMIRI_SS25_4-5_LOOK_01-scaled.jpg?resize=768%2C960&amp;ssl=1 768w, https:\/\/i0.wp.com\/zeromagazine.mx\/wp-content\/uploads\/2024\/06\/AMIRI_SS25_4-5_LOOK_01-scaled.jpg?resize=1229%2C1536&amp;ssl=1 1229w, https:\/\/i0.wp.com\/zeromagazine.mx\/wp-content\/uploads\/2024\/06\/AMIRI_SS25_4-5_LOOK_01-scaled.jpg?resize=1639%2C2048&amp;ssl=1 1639w\" sizes=\"(max-width: 1165px) 100vw, 1165px\" \/><\/figure>\n<\/div>\n\n\n<p><\/p>\n\n\n\n<p>Por otra parte, el ambiente retrospectivo de la Americana de mediados de siglo se hace presente en la colecci\u00f3n. Encontrar\u00e1s camisas aloha estampadas y bordadas con cristales florales, denims p\u00e1lidos y tejidos con tonos amarillos adornados con estrellas. La paleta de colores pastel del sur de California \u2014rosa suave, verde agua tenue y neutros desvanecidos\u2014 evoca una nostalgia muy cool y chic.<\/p>\n\n\n<div class=\"wp-block-image\">\n<figure class=\"aligncenter size-full\"><img data-recalc-dims=\"1\" decoding=\"async\" width=\"1165\" height=\"1456\" src=\"https:\/\/i0.wp.com\/zeromagazine.mx\/wp-content\/uploads\/2024\/06\/AMIRI_SS25_4-5_LOOK_48-scaled.jpg?resize=1165%2C1456&#038;ssl=1\" alt=\"\" class=\"wp-image-79095\" srcset=\"https:\/\/i0.wp.com\/zeromagazine.mx\/wp-content\/uploads\/2024\/06\/AMIRI_SS25_4-5_LOOK_48-scaled.jpg?w=2048&amp;ssl=1 2048w, https:\/\/i0.wp.com\/zeromagazine.mx\/wp-content\/uploads\/2024\/06\/AMIRI_SS25_4-5_LOOK_48-scaled.jpg?resize=240%2C300&amp;ssl=1 240w, https:\/\/i0.wp.com\/zeromagazine.mx\/wp-content\/uploads\/2024\/06\/AMIRI_SS25_4-5_LOOK_48-scaled.jpg?resize=819%2C1024&amp;ssl=1 819w, https:\/\/i0.wp.com\/zeromagazine.mx\/wp-content\/uploads\/2024\/06\/AMIRI_SS25_4-5_LOOK_48-scaled.jpg?resize=768%2C960&amp;ssl=1 768w, https:\/\/i0.wp.com\/zeromagazine.mx\/wp-content\/uploads\/2024\/06\/AMIRI_SS25_4-5_LOOK_48-scaled.jpg?resize=1229%2C1536&amp;ssl=1 1229w, https:\/\/i0.wp.com\/zeromagazine.mx\/wp-content\/uploads\/2024\/06\/AMIRI_SS25_4-5_LOOK_48-scaled.jpg?resize=1639%2C2048&amp;ssl=1 1639w\" sizes=\"(max-width: 1165px) 100vw, 1165px\" \/><\/figure>\n<\/div>\n\n\n<p><\/p>\n\n\n\n<p>Asimismo, los adornos son un verdadero espect\u00e1culo. Las camisas y bufandas est\u00e1n bordadas a mano con aplicaciones de cristal en forma de rayas, y los cuadros en cuentas sobre la sastrer\u00eda a\u00f1aden un brillo cinematogr\u00e1fico. Los accesorios, como mocasines bicolor y zapatos de vestir en cuero fino, llevan el emblema MA de AMIRI en dorado. El bolso Drum, inspirado en un tambor, es una pieza clave, con una hebilla de cierre en forma de plumilla de guitarra.<\/p>\n\n\n\n<script async src=\"https:\/\/pagead2.googlesyndication.com\/pagead\/js\/adsbygoogle.js?client=ca-pub-5499304793904745\"\n     crossorigin=\"anonymous\"><\/script>\n<ins class=\"adsbygoogle\"\n     style=\"display:block; text-align:center;\"\n     data-ad-layout=\"in-article\"\n     data-ad-format=\"fluid\"\n     data-ad-client=\"ca-pub-5499304793904745\"\n     data-ad-slot=\"5994863093\"><\/ins>\n<script>\n     (adsbygoogle = window.adsbygoogle || []).push({});\n<\/script>\n\n\n\n<p><\/p>\n\n\n\n<p>Finalmente, la presentaci\u00f3n de la colecci\u00f3n fue un verdadero show. El escenario, alfombrado con el monograma Quad MA, en el Jardin des Plantes, sirvi\u00f3 como podio para la actuaci\u00f3n de Yussef Dayes, productor y baterista. Su performance de jazz en vivo al aire libre fue la banda sonora perfecta para esta colecci\u00f3n, homenajeando el poder estelar en lo cotidiano.<\/p>\n\n<!--themify_builder_content-->\n<div id=\"themify_builder_content-79092\" data-postid=\"79092\" class=\"themify_builder_content themify_builder_content-79092 themify_builder tf_clear\">\n    <\/div>\n<!--\/themify_builder_content-->","protected":false},"excerpt":{"rendered":"<p>Si eres de les que aman la moda y el arte, prep\u00e1rate porque la colecci\u00f3n Primavera-Verano 2025 de AMIRI te va a volar la cabeza. Este nuevo cap\u00edtulo en la historia de la marca, dirigido por Mike Amiri, trae a sus ic\u00f3niques personajes de Hollywood a la luz del d\u00eda, fusionando el arte esc\u00e9nico con [&hellip;]<\/p>\n","protected":false},"author":2,"featured_media":79093,"comment_status":"open","ping_status":"open","sticky":false,"template":"","format":"standard","meta":{"_jetpack_memberships_contains_paid_content":false,"footnotes":"","jetpack_publicize_message":"","jetpack_publicize_feature_enabled":true,"jetpack_social_post_already_shared":true,"jetpack_social_options":{"image_generator_settings":{"template":"highway","default_image_id":0,"font":"","enabled":false},"version":2}},"categories":[67],"tags":[8109,8924,7220,396],"class_list":["post-79092","post","type-post","status-publish","format-standard","has-post-thumbnail","hentry","category-moda","tag-amiri","tag-mike-amiri","tag-primavera","tag-verano","has-post-title","has-post-date","has-post-category","has-post-tag","has-post-comment","has-post-author",""],"yoast_head":"<!-- This site is optimized with the Yoast SEO plugin v27.5 - https:\/\/yoast.com\/product\/yoast-seo-wordpress\/ -->\n<title>AMIRI Primavera-Verano 2025: Una Fusi\u00f3n de Glamour y Arte Esc\u00e9nico - Zero Magazine<\/title>\n<meta name=\"robots\" content=\"index, follow, max-snippet:-1, max-image-preview:large, max-video-preview:-1\" \/>\n<link rel=\"canonical\" href=\"https:\/\/zeromagazine.mx\/index.php\/2024\/06\/21\/amiri-primavera-verano-2025-una-fusion-de-glamour-y-arte-escenico\/\" \/>\n<meta property=\"og:locale\" content=\"es_ES\" \/>\n<meta property=\"og:type\" content=\"article\" \/>\n<meta property=\"og:title\" content=\"AMIRI Primavera-Verano 2025: Una Fusi\u00f3n de Glamour y Arte Esc\u00e9nico - Zero Magazine\" \/>\n<meta property=\"og:description\" content=\"Si eres de les que aman la moda y el arte, prep\u00e1rate porque la colecci\u00f3n Primavera-Verano 2025 de AMIRI te va a volar la cabeza. Este nuevo cap\u00edtulo en la historia de la marca, dirigido por Mike Amiri, trae a sus ic\u00f3niques personajes de Hollywood a la luz del d\u00eda, fusionando el arte esc\u00e9nico con [&hellip;]\" \/>\n<meta property=\"og:url\" content=\"https:\/\/zeromagazine.mx\/index.php\/2024\/06\/21\/amiri-primavera-verano-2025-una-fusion-de-glamour-y-arte-escenico\/\" \/>\n<meta property=\"og:site_name\" content=\"Zero Magazine\" \/>\n<meta property=\"article:published_time\" content=\"2024-06-21T00:51:11+00:00\" \/>\n<meta property=\"article:modified_time\" content=\"2024-06-21T00:52:14+00:00\" \/>\n<meta property=\"og:image\" content=\"https:\/\/i0.wp.com\/zeromagazine.mx\/wp-content\/uploads\/2024\/06\/AMIRI_SS25_4-5_LOOK_16-scaled.jpg?fit=2048%2C2560&ssl=1\" \/>\n\t<meta property=\"og:image:width\" content=\"2048\" \/>\n\t<meta property=\"og:image:height\" content=\"2560\" \/>\n\t<meta property=\"og:image:type\" content=\"image\/jpeg\" \/>\n<meta name=\"author\" content=\"zeromagazinemx\" \/>\n<meta name=\"twitter:card\" content=\"summary_large_image\" \/>\n<meta name=\"twitter:label1\" content=\"Escrito por\" \/>\n\t<meta name=\"twitter:data1\" content=\"zeromagazinemx\" \/>\n\t<meta name=\"twitter:label2\" content=\"Tiempo de lectura\" \/>\n\t<meta name=\"twitter:data2\" content=\"2 minutos\" \/>\n<script type=\"application\/ld+json\" class=\"yoast-schema-graph\">{\"@context\":\"https:\\\/\\\/schema.org\",\"@graph\":[{\"@type\":\"Article\",\"@id\":\"https:\\\/\\\/zeromagazine.mx\\\/index.php\\\/2024\\\/06\\\/21\\\/amiri-primavera-verano-2025-una-fusion-de-glamour-y-arte-escenico\\\/#article\",\"isPartOf\":{\"@id\":\"https:\\\/\\\/zeromagazine.mx\\\/index.php\\\/2024\\\/06\\\/21\\\/amiri-primavera-verano-2025-una-fusion-de-glamour-y-arte-escenico\\\/\"},\"author\":{\"name\":\"zeromagazinemx\",\"@id\":\"https:\\\/\\\/zeromagazine.mx\\\/#\\\/schema\\\/person\\\/9aed9f33a7c39af3a348b86d723f7773\"},\"headline\":\"AMIRI Primavera-Verano 2025: Una Fusi\u00f3n de Glamour y Arte Esc\u00e9nico\",\"datePublished\":\"2024-06-21T00:51:11+00:00\",\"dateModified\":\"2024-06-21T00:52:14+00:00\",\"mainEntityOfPage\":{\"@id\":\"https:\\\/\\\/zeromagazine.mx\\\/index.php\\\/2024\\\/06\\\/21\\\/amiri-primavera-verano-2025-una-fusion-de-glamour-y-arte-escenico\\\/\"},\"wordCount\":447,\"commentCount\":0,\"publisher\":{\"@id\":\"https:\\\/\\\/zeromagazine.mx\\\/#organization\"},\"image\":{\"@id\":\"https:\\\/\\\/zeromagazine.mx\\\/index.php\\\/2024\\\/06\\\/21\\\/amiri-primavera-verano-2025-una-fusion-de-glamour-y-arte-escenico\\\/#primaryimage\"},\"thumbnailUrl\":\"https:\\\/\\\/i0.wp.com\\\/zeromagazine.mx\\\/wp-content\\\/uploads\\\/2024\\\/06\\\/AMIRI_SS25_4-5_LOOK_16-scaled.jpg?fit=2048%2C2560&ssl=1\",\"keywords\":[\"AMIRI\",\"Mike Amiri\",\"Primavera\",\"verano\"],\"articleSection\":[\"Moda\"],\"inLanguage\":\"es\",\"potentialAction\":[{\"@type\":\"CommentAction\",\"name\":\"Comment\",\"target\":[\"https:\\\/\\\/zeromagazine.mx\\\/index.php\\\/2024\\\/06\\\/21\\\/amiri-primavera-verano-2025-una-fusion-de-glamour-y-arte-escenico\\\/#respond\"]}]},{\"@type\":\"WebPage\",\"@id\":\"https:\\\/\\\/zeromagazine.mx\\\/index.php\\\/2024\\\/06\\\/21\\\/amiri-primavera-verano-2025-una-fusion-de-glamour-y-arte-escenico\\\/\",\"url\":\"https:\\\/\\\/zeromagazine.mx\\\/index.php\\\/2024\\\/06\\\/21\\\/amiri-primavera-verano-2025-una-fusion-de-glamour-y-arte-escenico\\\/\",\"name\":\"AMIRI Primavera-Verano 2025: Una Fusi\u00f3n de Glamour y Arte Esc\u00e9nico - Zero Magazine\",\"isPartOf\":{\"@id\":\"https:\\\/\\\/zeromagazine.mx\\\/#website\"},\"primaryImageOfPage\":{\"@id\":\"https:\\\/\\\/zeromagazine.mx\\\/index.php\\\/2024\\\/06\\\/21\\\/amiri-primavera-verano-2025-una-fusion-de-glamour-y-arte-escenico\\\/#primaryimage\"},\"image\":{\"@id\":\"https:\\\/\\\/zeromagazine.mx\\\/index.php\\\/2024\\\/06\\\/21\\\/amiri-primavera-verano-2025-una-fusion-de-glamour-y-arte-escenico\\\/#primaryimage\"},\"thumbnailUrl\":\"https:\\\/\\\/i0.wp.com\\\/zeromagazine.mx\\\/wp-content\\\/uploads\\\/2024\\\/06\\\/AMIRI_SS25_4-5_LOOK_16-scaled.jpg?fit=2048%2C2560&ssl=1\",\"datePublished\":\"2024-06-21T00:51:11+00:00\",\"dateModified\":\"2024-06-21T00:52:14+00:00\",\"breadcrumb\":{\"@id\":\"https:\\\/\\\/zeromagazine.mx\\\/index.php\\\/2024\\\/06\\\/21\\\/amiri-primavera-verano-2025-una-fusion-de-glamour-y-arte-escenico\\\/#breadcrumb\"},\"inLanguage\":\"es\",\"potentialAction\":[{\"@type\":\"ReadAction\",\"target\":[\"https:\\\/\\\/zeromagazine.mx\\\/index.php\\\/2024\\\/06\\\/21\\\/amiri-primavera-verano-2025-una-fusion-de-glamour-y-arte-escenico\\\/\"]}]},{\"@type\":\"ImageObject\",\"inLanguage\":\"es\",\"@id\":\"https:\\\/\\\/zeromagazine.mx\\\/index.php\\\/2024\\\/06\\\/21\\\/amiri-primavera-verano-2025-una-fusion-de-glamour-y-arte-escenico\\\/#primaryimage\",\"url\":\"https:\\\/\\\/i0.wp.com\\\/zeromagazine.mx\\\/wp-content\\\/uploads\\\/2024\\\/06\\\/AMIRI_SS25_4-5_LOOK_16-scaled.jpg?fit=2048%2C2560&ssl=1\",\"contentUrl\":\"https:\\\/\\\/i0.wp.com\\\/zeromagazine.mx\\\/wp-content\\\/uploads\\\/2024\\\/06\\\/AMIRI_SS25_4-5_LOOK_16-scaled.jpg?fit=2048%2C2560&ssl=1\",\"width\":2048,\"height\":2560},{\"@type\":\"BreadcrumbList\",\"@id\":\"https:\\\/\\\/zeromagazine.mx\\\/index.php\\\/2024\\\/06\\\/21\\\/amiri-primavera-verano-2025-una-fusion-de-glamour-y-arte-escenico\\\/#breadcrumb\",\"itemListElement\":[{\"@type\":\"ListItem\",\"position\":1,\"name\":\"Portada\",\"item\":\"https:\\\/\\\/zeromagazine.mx\\\/\"},{\"@type\":\"ListItem\",\"position\":2,\"name\":\"AMIRI Primavera-Verano 2025: Una Fusi\u00f3n de Glamour y Arte Esc\u00e9nico\"}]},{\"@type\":\"WebSite\",\"@id\":\"https:\\\/\\\/zeromagazine.mx\\\/#website\",\"url\":\"https:\\\/\\\/zeromagazine.mx\\\/\",\"name\":\"Zero Magazine\",\"description\":\"\",\"publisher\":{\"@id\":\"https:\\\/\\\/zeromagazine.mx\\\/#organization\"},\"potentialAction\":[{\"@type\":\"SearchAction\",\"target\":{\"@type\":\"EntryPoint\",\"urlTemplate\":\"https:\\\/\\\/zeromagazine.mx\\\/?s={search_term_string}\"},\"query-input\":{\"@type\":\"PropertyValueSpecification\",\"valueRequired\":true,\"valueName\":\"search_term_string\"}}],\"inLanguage\":\"es\"},{\"@type\":\"Organization\",\"@id\":\"https:\\\/\\\/zeromagazine.mx\\\/#organization\",\"name\":\"Zero Magazine\",\"url\":\"https:\\\/\\\/zeromagazine.mx\\\/\",\"logo\":{\"@type\":\"ImageObject\",\"inLanguage\":\"es\",\"@id\":\"https:\\\/\\\/zeromagazine.mx\\\/#\\\/schema\\\/logo\\\/image\\\/\",\"url\":\"https:\\\/\\\/i0.wp.com\\\/zeromagazine.mx\\\/wp-content\\\/uploads\\\/2025\\\/11\\\/1.jpeg?fit=1000%2C1000&ssl=1\",\"contentUrl\":\"https:\\\/\\\/i0.wp.com\\\/zeromagazine.mx\\\/wp-content\\\/uploads\\\/2025\\\/11\\\/1.jpeg?fit=1000%2C1000&ssl=1\",\"width\":1000,\"height\":1000,\"caption\":\"Zero Magazine\"},\"image\":{\"@id\":\"https:\\\/\\\/zeromagazine.mx\\\/#\\\/schema\\\/logo\\\/image\\\/\"},\"sameAs\":[\"https:\\\/\\\/instagram.com\\\/zeromagazinemx\"]},{\"@type\":\"Person\",\"@id\":\"https:\\\/\\\/zeromagazine.mx\\\/#\\\/schema\\\/person\\\/9aed9f33a7c39af3a348b86d723f7773\",\"name\":\"zeromagazinemx\",\"image\":{\"@type\":\"ImageObject\",\"inLanguage\":\"es\",\"@id\":\"https:\\\/\\\/zeromagazine.mx\\\/wp-content\\\/litespeed\\\/avatar\\\/f91dfe5410d5dcb1a576bf8c45983896.jpg?ver=1777571230\",\"url\":\"https:\\\/\\\/zeromagazine.mx\\\/wp-content\\\/litespeed\\\/avatar\\\/f91dfe5410d5dcb1a576bf8c45983896.jpg?ver=1777571230\",\"contentUrl\":\"https:\\\/\\\/zeromagazine.mx\\\/wp-content\\\/litespeed\\\/avatar\\\/f91dfe5410d5dcb1a576bf8c45983896.jpg?ver=1777571230\",\"caption\":\"zeromagazinemx\"},\"url\":\"https:\\\/\\\/zeromagazine.mx\\\/index.php\\\/author\\\/zeromagazinemx\\\/\"}]}<\/script>\n<!-- \/ Yoast SEO plugin. -->","yoast_head_json":{"title":"AMIRI Primavera-Verano 2025: Una Fusi\u00f3n de Glamour y Arte Esc\u00e9nico - Zero Magazine","robots":{"index":"index","follow":"follow","max-snippet":"max-snippet:-1","max-image-preview":"max-image-preview:large","max-video-preview":"max-video-preview:-1"},"canonical":"https:\/\/zeromagazine.mx\/index.php\/2024\/06\/21\/amiri-primavera-verano-2025-una-fusion-de-glamour-y-arte-escenico\/","og_locale":"es_ES","og_type":"article","og_title":"AMIRI Primavera-Verano 2025: Una Fusi\u00f3n de Glamour y Arte Esc\u00e9nico - Zero Magazine","og_description":"Si eres de les que aman la moda y el arte, prep\u00e1rate porque la colecci\u00f3n Primavera-Verano 2025 de AMIRI te va a volar la cabeza. Este nuevo cap\u00edtulo en la historia de la marca, dirigido por Mike Amiri, trae a sus ic\u00f3niques personajes de Hollywood a la luz del d\u00eda, fusionando el arte esc\u00e9nico con [&hellip;]","og_url":"https:\/\/zeromagazine.mx\/index.php\/2024\/06\/21\/amiri-primavera-verano-2025-una-fusion-de-glamour-y-arte-escenico\/","og_site_name":"Zero Magazine","article_published_time":"2024-06-21T00:51:11+00:00","article_modified_time":"2024-06-21T00:52:14+00:00","og_image":[{"width":2048,"height":2560,"url":"https:\/\/i0.wp.com\/zeromagazine.mx\/wp-content\/uploads\/2024\/06\/AMIRI_SS25_4-5_LOOK_16-scaled.jpg?fit=2048%2C2560&ssl=1","type":"image\/jpeg"}],"author":"zeromagazinemx","twitter_card":"summary_large_image","twitter_misc":{"Escrito por":"zeromagazinemx","Tiempo de lectura":"2 minutos"},"schema":{"@context":"https:\/\/schema.org","@graph":[{"@type":"Article","@id":"https:\/\/zeromagazine.mx\/index.php\/2024\/06\/21\/amiri-primavera-verano-2025-una-fusion-de-glamour-y-arte-escenico\/#article","isPartOf":{"@id":"https:\/\/zeromagazine.mx\/index.php\/2024\/06\/21\/amiri-primavera-verano-2025-una-fusion-de-glamour-y-arte-escenico\/"},"author":{"name":"zeromagazinemx","@id":"https:\/\/zeromagazine.mx\/#\/schema\/person\/9aed9f33a7c39af3a348b86d723f7773"},"headline":"AMIRI Primavera-Verano 2025: Una Fusi\u00f3n de Glamour y Arte Esc\u00e9nico","datePublished":"2024-06-21T00:51:11+00:00","dateModified":"2024-06-21T00:52:14+00:00","mainEntityOfPage":{"@id":"https:\/\/zeromagazine.mx\/index.php\/2024\/06\/21\/amiri-primavera-verano-2025-una-fusion-de-glamour-y-arte-escenico\/"},"wordCount":447,"commentCount":0,"publisher":{"@id":"https:\/\/zeromagazine.mx\/#organization"},"image":{"@id":"https:\/\/zeromagazine.mx\/index.php\/2024\/06\/21\/amiri-primavera-verano-2025-una-fusion-de-glamour-y-arte-escenico\/#primaryimage"},"thumbnailUrl":"https:\/\/i0.wp.com\/zeromagazine.mx\/wp-content\/uploads\/2024\/06\/AMIRI_SS25_4-5_LOOK_16-scaled.jpg?fit=2048%2C2560&ssl=1","keywords":["AMIRI","Mike Amiri","Primavera","verano"],"articleSection":["Moda"],"inLanguage":"es","potentialAction":[{"@type":"CommentAction","name":"Comment","target":["https:\/\/zeromagazine.mx\/index.php\/2024\/06\/21\/amiri-primavera-verano-2025-una-fusion-de-glamour-y-arte-escenico\/#respond"]}]},{"@type":"WebPage","@id":"https:\/\/zeromagazine.mx\/index.php\/2024\/06\/21\/amiri-primavera-verano-2025-una-fusion-de-glamour-y-arte-escenico\/","url":"https:\/\/zeromagazine.mx\/index.php\/2024\/06\/21\/amiri-primavera-verano-2025-una-fusion-de-glamour-y-arte-escenico\/","name":"AMIRI Primavera-Verano 2025: Una Fusi\u00f3n de Glamour y Arte Esc\u00e9nico - Zero Magazine","isPartOf":{"@id":"https:\/\/zeromagazine.mx\/#website"},"primaryImageOfPage":{"@id":"https:\/\/zeromagazine.mx\/index.php\/2024\/06\/21\/amiri-primavera-verano-2025-una-fusion-de-glamour-y-arte-escenico\/#primaryimage"},"image":{"@id":"https:\/\/zeromagazine.mx\/index.php\/2024\/06\/21\/amiri-primavera-verano-2025-una-fusion-de-glamour-y-arte-escenico\/#primaryimage"},"thumbnailUrl":"https:\/\/i0.wp.com\/zeromagazine.mx\/wp-content\/uploads\/2024\/06\/AMIRI_SS25_4-5_LOOK_16-scaled.jpg?fit=2048%2C2560&ssl=1","datePublished":"2024-06-21T00:51:11+00:00","dateModified":"2024-06-21T00:52:14+00:00","breadcrumb":{"@id":"https:\/\/zeromagazine.mx\/index.php\/2024\/06\/21\/amiri-primavera-verano-2025-una-fusion-de-glamour-y-arte-escenico\/#breadcrumb"},"inLanguage":"es","potentialAction":[{"@type":"ReadAction","target":["https:\/\/zeromagazine.mx\/index.php\/2024\/06\/21\/amiri-primavera-verano-2025-una-fusion-de-glamour-y-arte-escenico\/"]}]},{"@type":"ImageObject","inLanguage":"es","@id":"https:\/\/zeromagazine.mx\/index.php\/2024\/06\/21\/amiri-primavera-verano-2025-una-fusion-de-glamour-y-arte-escenico\/#primaryimage","url":"https:\/\/i0.wp.com\/zeromagazine.mx\/wp-content\/uploads\/2024\/06\/AMIRI_SS25_4-5_LOOK_16-scaled.jpg?fit=2048%2C2560&ssl=1","contentUrl":"https:\/\/i0.wp.com\/zeromagazine.mx\/wp-content\/uploads\/2024\/06\/AMIRI_SS25_4-5_LOOK_16-scaled.jpg?fit=2048%2C2560&ssl=1","width":2048,"height":2560},{"@type":"BreadcrumbList","@id":"https:\/\/zeromagazine.mx\/index.php\/2024\/06\/21\/amiri-primavera-verano-2025-una-fusion-de-glamour-y-arte-escenico\/#breadcrumb","itemListElement":[{"@type":"ListItem","position":1,"name":"Portada","item":"https:\/\/zeromagazine.mx\/"},{"@type":"ListItem","position":2,"name":"AMIRI Primavera-Verano 2025: Una Fusi\u00f3n de Glamour y Arte Esc\u00e9nico"}]},{"@type":"WebSite","@id":"https:\/\/zeromagazine.mx\/#website","url":"https:\/\/zeromagazine.mx\/","name":"Zero Magazine","description":"","publisher":{"@id":"https:\/\/zeromagazine.mx\/#organization"},"potentialAction":[{"@type":"SearchAction","target":{"@type":"EntryPoint","urlTemplate":"https:\/\/zeromagazine.mx\/?s={search_term_string}"},"query-input":{"@type":"PropertyValueSpecification","valueRequired":true,"valueName":"search_term_string"}}],"inLanguage":"es"},{"@type":"Organization","@id":"https:\/\/zeromagazine.mx\/#organization","name":"Zero Magazine","url":"https:\/\/zeromagazine.mx\/","logo":{"@type":"ImageObject","inLanguage":"es","@id":"https:\/\/zeromagazine.mx\/#\/schema\/logo\/image\/","url":"https:\/\/i0.wp.com\/zeromagazine.mx\/wp-content\/uploads\/2025\/11\/1.jpeg?fit=1000%2C1000&ssl=1","contentUrl":"https:\/\/i0.wp.com\/zeromagazine.mx\/wp-content\/uploads\/2025\/11\/1.jpeg?fit=1000%2C1000&ssl=1","width":1000,"height":1000,"caption":"Zero Magazine"},"image":{"@id":"https:\/\/zeromagazine.mx\/#\/schema\/logo\/image\/"},"sameAs":["https:\/\/instagram.com\/zeromagazinemx"]},{"@type":"Person","@id":"https:\/\/zeromagazine.mx\/#\/schema\/person\/9aed9f33a7c39af3a348b86d723f7773","name":"zeromagazinemx","image":{"@type":"ImageObject","inLanguage":"es","@id":"https:\/\/zeromagazine.mx\/wp-content\/litespeed\/avatar\/f91dfe5410d5dcb1a576bf8c45983896.jpg?ver=1777571230","url":"https:\/\/zeromagazine.mx\/wp-content\/litespeed\/avatar\/f91dfe5410d5dcb1a576bf8c45983896.jpg?ver=1777571230","contentUrl":"https:\/\/zeromagazine.mx\/wp-content\/litespeed\/avatar\/f91dfe5410d5dcb1a576bf8c45983896.jpg?ver=1777571230","caption":"zeromagazinemx"},"url":"https:\/\/zeromagazine.mx\/index.php\/author\/zeromagazinemx\/"}]}},"jetpack_publicize_connections":[],"jetpack_featured_media_url":"https:\/\/i0.wp.com\/zeromagazine.mx\/wp-content\/uploads\/2024\/06\/AMIRI_SS25_4-5_LOOK_16-scaled.jpg?fit=2048%2C2560&ssl=1","jetpack-related-posts":[{"id":82281,"url":"https:\/\/zeromagazine.mx\/index.php\/2024\/08\/21\/jet-x-amiri-calif-style\/","url_meta":{"origin":79092,"position":0},"title":"JET x AMIRI: Calif Style","author":"zeromagazinemx","date":"21 de agosto de 2024","format":false,"excerpt":"\u00a1Hey, chique! Si eres de lxs que siempre buscan lo m\u00e1s fresh en moda y lo m\u00e1s top en tendencias, aqu\u00ed te traigo una bomba de info: AMIRI ha llegado a M\u00e9xico, y puedes encontrarla en un lugar exclusivo, la ic\u00f3nica boutique JET. Si no sabes de qu\u00e9 te hablo\u2026","rel":"","context":"En \u00abModa\u00bb","block_context":{"text":"Moda","link":"https:\/\/zeromagazine.mx\/index.php\/category\/moda\/"},"img":{"alt_text":"","src":"https:\/\/i0.wp.com\/zeromagazine.mx\/wp-content\/uploads\/2024\/08\/Nav-Banner_PS24-Mens-2-_1_-scaled.jpg?fit=1200%2C725&ssl=1&resize=350%2C200","width":350,"height":200,"srcset":"https:\/\/i0.wp.com\/zeromagazine.mx\/wp-content\/uploads\/2024\/08\/Nav-Banner_PS24-Mens-2-_1_-scaled.jpg?fit=1200%2C725&ssl=1&resize=350%2C200 1x, https:\/\/i0.wp.com\/zeromagazine.mx\/wp-content\/uploads\/2024\/08\/Nav-Banner_PS24-Mens-2-_1_-scaled.jpg?fit=1200%2C725&ssl=1&resize=525%2C300 1.5x, https:\/\/i0.wp.com\/zeromagazine.mx\/wp-content\/uploads\/2024\/08\/Nav-Banner_PS24-Mens-2-_1_-scaled.jpg?fit=1200%2C725&ssl=1&resize=700%2C400 2x, https:\/\/i0.wp.com\/zeromagazine.mx\/wp-content\/uploads\/2024\/08\/Nav-Banner_PS24-Mens-2-_1_-scaled.jpg?fit=1200%2C725&ssl=1&resize=1050%2C600 3x"},"classes":[]},{"id":78030,"url":"https:\/\/zeromagazine.mx\/index.php\/2024\/06\/13\/sunwoo-nueva-cara-de-amiri\/","url_meta":{"origin":79092,"position":1},"title":"Sunwoo: Nueva Cara de AMIRI","author":"zeromagazinemx","date":"13 de junio de 2024","format":false,"excerpt":"Hoy les traigo una noticia que est\u00e1 rompiendo el internet: AMIRI acaba de anunciar que Sunwoo, el talentoso rapero de THE BOYZ, es su nuevo embajador de marca. Para quienes no est\u00e9n tan familiarizades, Sunwoo debut\u00f3 en 2017 y desde entonces no ha dejado de sorprender al mundo con su\u2026","rel":"","context":"En \u00abEntretenimiento\u00bb","block_context":{"text":"Entretenimiento","link":"https:\/\/zeromagazine.mx\/index.php\/category\/entretenimiento\/"},"img":{"alt_text":"","src":"https:\/\/i0.wp.com\/zeromagazine.mx\/wp-content\/uploads\/2024\/06\/AMIRI_AW24-Ambassador_Sunwoo-scaled.jpg?fit=800%2C1200&ssl=1&resize=350%2C200","width":350,"height":200,"srcset":"https:\/\/i0.wp.com\/zeromagazine.mx\/wp-content\/uploads\/2024\/06\/AMIRI_AW24-Ambassador_Sunwoo-scaled.jpg?fit=800%2C1200&ssl=1&resize=350%2C200 1x, https:\/\/i0.wp.com\/zeromagazine.mx\/wp-content\/uploads\/2024\/06\/AMIRI_AW24-Ambassador_Sunwoo-scaled.jpg?fit=800%2C1200&ssl=1&resize=525%2C300 1.5x, https:\/\/i0.wp.com\/zeromagazine.mx\/wp-content\/uploads\/2024\/06\/AMIRI_AW24-Ambassador_Sunwoo-scaled.jpg?fit=800%2C1200&ssl=1&resize=700%2C400 2x"},"classes":[]},{"id":75762,"url":"https:\/\/zeromagazine.mx\/index.php\/2024\/05\/09\/la-nueva-coleccion-core-de-amiri\/","url_meta":{"origin":79092,"position":2},"title":"\u00a1La nueva colecci\u00f3n Core de AMIRI!","author":"zeromagazinemx","date":"9 de mayo de 2024","format":false,"excerpt":"La \u00faltima campa\u00f1a Core de AMIRI es una total oda al estilo de vida californiano. Las fotos capturan ese ambiente relajado que tanto nos gusta, como si estuvi\u00e9ramos en pleno Venice Beach sin salir de la ciudad. Adem\u00e1s, nos fascina c\u00f3mo logran fusionar lo cl\u00e1sico con lo m\u00e1s contempor\u00e1neo. Los\u2026","rel":"","context":"En \u00abDise\u00f1o\u00bb","block_context":{"text":"Dise\u00f1o","link":"https:\/\/zeromagazine.mx\/index.php\/category\/diseno\/"},"img":{"alt_text":"","src":"https:\/\/i0.wp.com\/zeromagazine.mx\/wp-content\/uploads\/2024\/05\/AMIRI_CORE_Ad-9_4x5.jpg?fit=960%2C1200&ssl=1&resize=350%2C200","width":350,"height":200,"srcset":"https:\/\/i0.wp.com\/zeromagazine.mx\/wp-content\/uploads\/2024\/05\/AMIRI_CORE_Ad-9_4x5.jpg?fit=960%2C1200&ssl=1&resize=350%2C200 1x, https:\/\/i0.wp.com\/zeromagazine.mx\/wp-content\/uploads\/2024\/05\/AMIRI_CORE_Ad-9_4x5.jpg?fit=960%2C1200&ssl=1&resize=525%2C300 1.5x, https:\/\/i0.wp.com\/zeromagazine.mx\/wp-content\/uploads\/2024\/05\/AMIRI_CORE_Ad-9_4x5.jpg?fit=960%2C1200&ssl=1&resize=700%2C400 2x"},"classes":[]},{"id":85252,"url":"https:\/\/zeromagazine.mx\/index.php\/2024\/10\/04\/amiri-jeans-el-nuevo-banger-urbano\/","url_meta":{"origin":79092,"position":3},"title":"\u00abAmiri Jeans: El Nuevo Banger Urbano\u00bb","author":"zeromagazinemx","date":"4 de octubre de 2024","format":false,"excerpt":"\u00bfListx para descubrir c\u00f3mo \"Amiri Jeans\" va a explotar en la escena urbana? MELANDY 777 y DenyK est\u00e1n m\u00e1s que hypeados por el lanzamiento de este track que ya est\u00e1 haciendo ruido por su fusi\u00f3n de reguet\u00f3n y trap. Si a\u00fan no sabes de qu\u00e9 se trata, te voy a\u2026","rel":"","context":"En \u00abEntretenimiento\u00bb","block_context":{"text":"Entretenimiento","link":"https:\/\/zeromagazine.mx\/index.php\/category\/entretenimiento\/"},"img":{"alt_text":"","src":"https:\/\/i0.wp.com\/zeromagazine.mx\/wp-content\/uploads\/2024\/10\/MELANDY-777-1-scaled.jpg?fit=1200%2C800&ssl=1&resize=350%2C200","width":350,"height":200,"srcset":"https:\/\/i0.wp.com\/zeromagazine.mx\/wp-content\/uploads\/2024\/10\/MELANDY-777-1-scaled.jpg?fit=1200%2C800&ssl=1&resize=350%2C200 1x, https:\/\/i0.wp.com\/zeromagazine.mx\/wp-content\/uploads\/2024\/10\/MELANDY-777-1-scaled.jpg?fit=1200%2C800&ssl=1&resize=525%2C300 1.5x, https:\/\/i0.wp.com\/zeromagazine.mx\/wp-content\/uploads\/2024\/10\/MELANDY-777-1-scaled.jpg?fit=1200%2C800&ssl=1&resize=700%2C400 2x, https:\/\/i0.wp.com\/zeromagazine.mx\/wp-content\/uploads\/2024\/10\/MELANDY-777-1-scaled.jpg?fit=1200%2C800&ssl=1&resize=1050%2C600 3x"},"classes":[]},{"id":99899,"url":"https:\/\/zeromagazine.mx\/index.php\/2025\/03\/27\/viaja-con-estilo-de-primavera\/","url_meta":{"origin":79092,"position":4},"title":"Viaja Con Estilo De Primavera","author":"David Morales","date":"27 de marzo de 2025","format":false,"excerpt":"Amix, si andas buscando renovar tu guardarropa con algo que realmente grite estilo y libertad, esta temporada Primavera\/Verano 2025 est\u00e1 hecha para ti. La nueva colecci\u00f3n llega con toda la vibra viajera, fusionando paisajes evocadores con prendas que te har\u00e1n sentir libre y segura en cualquier destino. As\u00ed que, qu\u00e9date\u2026","rel":"","context":"En \u00abModa\u00bb","block_context":{"text":"Moda","link":"https:\/\/zeromagazine.mx\/index.php\/category\/moda\/"},"img":{"alt_text":"","src":"https:\/\/i0.wp.com\/zeromagazine.mx\/wp-content\/uploads\/2025\/03\/8447116880089_h3_00091-03-01-25-mujer.jpg?fit=1200%2C825&ssl=1&resize=350%2C200","width":350,"height":200,"srcset":"https:\/\/i0.wp.com\/zeromagazine.mx\/wp-content\/uploads\/2025\/03\/8447116880089_h3_00091-03-01-25-mujer.jpg?fit=1200%2C825&ssl=1&resize=350%2C200 1x, https:\/\/i0.wp.com\/zeromagazine.mx\/wp-content\/uploads\/2025\/03\/8447116880089_h3_00091-03-01-25-mujer.jpg?fit=1200%2C825&ssl=1&resize=525%2C300 1.5x, https:\/\/i0.wp.com\/zeromagazine.mx\/wp-content\/uploads\/2025\/03\/8447116880089_h3_00091-03-01-25-mujer.jpg?fit=1200%2C825&ssl=1&resize=700%2C400 2x, https:\/\/i0.wp.com\/zeromagazine.mx\/wp-content\/uploads\/2025\/03\/8447116880089_h3_00091-03-01-25-mujer.jpg?fit=1200%2C825&ssl=1&resize=1050%2C600 3x"},"classes":[]},{"id":101072,"url":"https:\/\/zeromagazine.mx\/index.php\/2025\/04\/10\/cos-arte-en-siluetas\/","url_meta":{"origin":79092,"position":5},"title":"COS: Arte En Siluetas","author":"David Morales","date":"10 de abril de 2025","format":false,"excerpt":"Amix, si t\u00fa tambi\u00e9n crees que la moda puede ser poes\u00eda visual, entonces prep\u00e1rate para sentir todo con la nueva colecci\u00f3n Primavera-Verano 2025 de COS. La marca londinense se luci\u00f3 heavy con su primer desfile en Atenas, nada m\u00e1s y nada menos que en la cantera de m\u00e1rmol Dionysso \u2014el\u2026","rel":"","context":"En \u00abModa\u00bb","block_context":{"text":"Moda","link":"https:\/\/zeromagazine.mx\/index.php\/category\/moda\/"},"img":{"alt_text":"","src":"https:\/\/i0.wp.com\/zeromagazine.mx\/wp-content\/uploads\/2025\/04\/ANAN-WONG_-TIPNAREE-WEERAWATNODOM_-SANGE-HEON-LEE_-HEART-EVANGELISTA_-MIKA_-MOLLY-CHIANG_-COS_SS25-scaled.jpg?fit=1200%2C801&ssl=1&resize=350%2C200","width":350,"height":200,"srcset":"https:\/\/i0.wp.com\/zeromagazine.mx\/wp-content\/uploads\/2025\/04\/ANAN-WONG_-TIPNAREE-WEERAWATNODOM_-SANGE-HEON-LEE_-HEART-EVANGELISTA_-MIKA_-MOLLY-CHIANG_-COS_SS25-scaled.jpg?fit=1200%2C801&ssl=1&resize=350%2C200 1x, https:\/\/i0.wp.com\/zeromagazine.mx\/wp-content\/uploads\/2025\/04\/ANAN-WONG_-TIPNAREE-WEERAWATNODOM_-SANGE-HEON-LEE_-HEART-EVANGELISTA_-MIKA_-MOLLY-CHIANG_-COS_SS25-scaled.jpg?fit=1200%2C801&ssl=1&resize=525%2C300 1.5x, https:\/\/i0.wp.com\/zeromagazine.mx\/wp-content\/uploads\/2025\/04\/ANAN-WONG_-TIPNAREE-WEERAWATNODOM_-SANGE-HEON-LEE_-HEART-EVANGELISTA_-MIKA_-MOLLY-CHIANG_-COS_SS25-scaled.jpg?fit=1200%2C801&ssl=1&resize=700%2C400 2x, https:\/\/i0.wp.com\/zeromagazine.mx\/wp-content\/uploads\/2025\/04\/ANAN-WONG_-TIPNAREE-WEERAWATNODOM_-SANGE-HEON-LEE_-HEART-EVANGELISTA_-MIKA_-MOLLY-CHIANG_-COS_SS25-scaled.jpg?fit=1200%2C801&ssl=1&resize=1050%2C600 3x"},"classes":[]}],"jetpack_sharing_enabled":true,"builder_content":"","_links":{"self":[{"href":"https:\/\/zeromagazine.mx\/index.php\/wp-json\/wp\/v2\/posts\/79092","targetHints":{"allow":["GET"]}}],"collection":[{"href":"https:\/\/zeromagazine.mx\/index.php\/wp-json\/wp\/v2\/posts"}],"about":[{"href":"https:\/\/zeromagazine.mx\/index.php\/wp-json\/wp\/v2\/types\/post"}],"author":[{"embeddable":true,"href":"https:\/\/zeromagazine.mx\/index.php\/wp-json\/wp\/v2\/users\/2"}],"replies":[{"embeddable":true,"href":"https:\/\/zeromagazine.mx\/index.php\/wp-json\/wp\/v2\/comments?post=79092"}],"version-history":[{"count":4,"href":"https:\/\/zeromagazine.mx\/index.php\/wp-json\/wp\/v2\/posts\/79092\/revisions"}],"predecessor-version":[{"id":79099,"href":"https:\/\/zeromagazine.mx\/index.php\/wp-json\/wp\/v2\/posts\/79092\/revisions\/79099"}],"wp:featuredmedia":[{"embeddable":true,"href":"https:\/\/zeromagazine.mx\/index.php\/wp-json\/wp\/v2\/media\/79093"}],"wp:attachment":[{"href":"https:\/\/zeromagazine.mx\/index.php\/wp-json\/wp\/v2\/media?parent=79092"}],"wp:term":[{"taxonomy":"category","embeddable":true,"href":"https:\/\/zeromagazine.mx\/index.php\/wp-json\/wp\/v2\/categories?post=79092"},{"taxonomy":"post_tag","embeddable":true,"href":"https:\/\/zeromagazine.mx\/index.php\/wp-json\/wp\/v2\/tags?post=79092"}],"curies":[{"name":"wp","href":"https:\/\/api.w.org\/{rel}","templated":true}]}}