{"id":79471,"date":"2024-06-27T03:25:16","date_gmt":"2024-06-27T01:25:16","guid":{"rendered":"https:\/\/zeromagazine.mx\/?p=79471"},"modified":"2024-06-27T03:54:26","modified_gmt":"2024-06-27T01:54:26","slug":"manuel-medrano-anuncia-su-gira-por-mexico","status":"publish","type":"post","link":"https:\/\/zeromagazine.mx\/index.php\/2024\/06\/27\/manuel-medrano-anuncia-su-gira-por-mexico\/","title":{"rendered":"Manuel Medrano Anuncia su Gira por M\u00e9xico"},"content":{"rendered":"<p>\u00bfListes para una dosis de buena m\u00fasica y emociones a flor de piel? \u00a1Porque Manuel Medrano est\u00e1 a punto de hacer historia en M\u00e9xico con su gira \u00abManuel Medrano en Concierto\u00bb! Este talentoso cantautor colombiano, que nos ha conquistado con su romanticismo y letras profundas, llegar\u00e1 a nuestro pa\u00eds del 4 al 31 de octubre con doce presentaciones que prometen ser inolvidables.<\/p>\n\n\n\n<script async src=\"https:\/\/pagead2.googlesyndication.com\/pagead\/js\/adsbygoogle.js?client=ca-pub-5499304793904745\"\n     crossorigin=\"anonymous\"><\/script>\n<ins class=\"adsbygoogle\"\n     style=\"display:block; text-align:center;\"\n     data-ad-layout=\"in-article\"\n     data-ad-format=\"fluid\"\n     data-ad-client=\"ca-pub-5499304793904745\"\n     data-ad-slot=\"5994863093\"><\/ins>\n<script>\n     (adsbygoogle = window.adsbygoogle || []).push({});\n<\/script>\n\n\n\n<p><\/p>\n\n\n\n<p>Desde Guadalajara hasta CDMX, pasando por Monterrey, no podemos perdernos la oportunidad de vivir su m\u00fasica en vivo. Los boletos estar\u00e1n disponibles para preventa desde el 26 de junio, as\u00ed que prepara tus alarmas porque no podemos quedarnos fuera de este evento \u00e9pico. La venta general arranca el 27 de junio, as\u00ed que marca la fecha y asegura tu lugar en esta experiencia \u00fanica.<\/p>\n\n\n\n<p>Adem\u00e1s, Manuel Medrano ha arrasado en sus giras por varios pa\u00edses este a\u00f1o, con conciertos sold out en lugares tan lejanos como Espa\u00f1a y Per\u00fa. \u00a1Y a\u00fan hay m\u00e1s! Despu\u00e9s de conquistar Guatemala, El Salvador y Rep\u00fablica Dominicana en julio y agosto, regresa a M\u00e9xico en octubre para seguir cautiv\u00e1ndonos con su m\u00fasica y su nuevo \u00e1lbum \u00abPERFECTO\u00bb.<\/p>\n\n\n<div class=\"wp-block-image\">\n<figure class=\"aligncenter size-full\"><img data-recalc-dims=\"1\" decoding=\"async\" width=\"1165\" height=\"1889\" src=\"https:\/\/i0.wp.com\/zeromagazine.mx\/wp-content\/uploads\/2024\/06\/ManuelMedranoPvta_Tour-scaled.jpg?resize=1165%2C1889&#038;ssl=1\" alt=\"\" class=\"wp-image-79489\" srcset=\"https:\/\/i0.wp.com\/zeromagazine.mx\/wp-content\/uploads\/2024\/06\/ManuelMedranoPvta_Tour-scaled.jpg?w=1579&amp;ssl=1 1579w, https:\/\/i0.wp.com\/zeromagazine.mx\/wp-content\/uploads\/2024\/06\/ManuelMedranoPvta_Tour-scaled.jpg?resize=185%2C300&amp;ssl=1 185w, https:\/\/i0.wp.com\/zeromagazine.mx\/wp-content\/uploads\/2024\/06\/ManuelMedranoPvta_Tour-scaled.jpg?resize=631%2C1024&amp;ssl=1 631w, https:\/\/i0.wp.com\/zeromagazine.mx\/wp-content\/uploads\/2024\/06\/ManuelMedranoPvta_Tour-scaled.jpg?resize=768%2C1246&amp;ssl=1 768w, https:\/\/i0.wp.com\/zeromagazine.mx\/wp-content\/uploads\/2024\/06\/ManuelMedranoPvta_Tour-scaled.jpg?resize=947%2C1536&amp;ssl=1 947w, https:\/\/i0.wp.com\/zeromagazine.mx\/wp-content\/uploads\/2024\/06\/ManuelMedranoPvta_Tour-scaled.jpg?resize=1263%2C2048&amp;ssl=1 1263w\" sizes=\"(max-width: 1165px) 100vw, 1165px\" \/><\/figure>\n<\/div>\n\n\n<p><\/p>\n\n\n\n<p>Por \u00faltimo, \u00abPERFECTO\u00bb no es solo un \u00e1lbum, es una obra que captura la esencia misma de Medrano. Con canciones como \u00abEste Cuento\u00bb, \u00abVerano en NY\u00bb y \u00abMiel\u00bb, nos sumerge en un viaje de emociones donde el pop, el funk y ritmos latinoamericanos se entrelazan para crear una experiencia sonora que no podemos perdernos. Este disco es una celebraci\u00f3n de lo perfecto en lo cotidiano, una invitaci\u00f3n a amar y apreciar cada instante en este planeta.<\/p>\n\n\n\n<script async src=\"https:\/\/pagead2.googlesyndication.com\/pagead\/js\/adsbygoogle.js?client=ca-pub-5499304793904745\"\n     crossorigin=\"anonymous\"><\/script>\n<ins class=\"adsbygoogle\"\n     style=\"display:block; text-align:center;\"\n     data-ad-layout=\"in-article\"\n     data-ad-format=\"fluid\"\n     data-ad-client=\"ca-pub-5499304793904745\"\n     data-ad-slot=\"5994863093\"><\/ins>\n<script>\n     (adsbygoogle = window.adsbygoogle || []).push({});\n<\/script>\n\n\n\n<p><\/p>\n\n\n\n<p>As\u00ed que amix, prep\u00e1rate para dejarte llevar por la magia de Manuel Medrano. No importa si te gusta el pop, el soul o el jazz, su m\u00fasica tiene algo para todxs. \u00a1Nos vemos en el concierto porque esta gira promete ser \u00e9pica!<\/p>\n\n<!--themify_builder_content-->\n<div id=\"themify_builder_content-79471\" data-postid=\"79471\" class=\"themify_builder_content themify_builder_content-79471 themify_builder tf_clear\">\n    <\/div>\n<!--\/themify_builder_content-->","protected":false},"excerpt":{"rendered":"<p>\u00bfListes para una dosis de buena m\u00fasica y emociones a flor de piel? \u00a1Porque Manuel Medrano est\u00e1 a punto de hacer historia en M\u00e9xico con su gira \u00abManuel Medrano en Concierto\u00bb! Este talentoso cantautor colombiano, que nos ha conquistado con su romanticismo y letras profundas, llegar\u00e1 a nuestro pa\u00eds del 4 al 31 de octubre [&hellip;]<\/p>\n","protected":false},"author":2,"featured_media":79485,"comment_status":"open","ping_status":"open","sticky":false,"template":"","format":"standard","meta":{"_jetpack_memberships_contains_paid_content":false,"footnotes":"","jetpack_publicize_message":"","jetpack_publicize_feature_enabled":true,"jetpack_social_post_already_shared":true,"jetpack_social_options":{"image_generator_settings":{"template":"highway","default_image_id":0,"font":"","enabled":false},"version":2}},"categories":[117],"tags":[7477,8993,6679],"class_list":["post-79471","post","type-post","status-publish","format-standard","has-post-thumbnail","hentry","category-entretenimiento","tag-gira","tag-manuel-medrano","tag-mexico-3","has-post-title","has-post-date","has-post-category","has-post-tag","has-post-comment","has-post-author",""],"yoast_head":"<!-- This site is optimized with the Yoast SEO plugin v27.5 - https:\/\/yoast.com\/product\/yoast-seo-wordpress\/ -->\n<title>Manuel Medrano Anuncia su Gira por M\u00e9xico - Zero Magazine<\/title>\n<meta name=\"robots\" content=\"index, follow, max-snippet:-1, max-image-preview:large, max-video-preview:-1\" \/>\n<link rel=\"canonical\" href=\"https:\/\/zeromagazine.mx\/index.php\/2024\/06\/27\/manuel-medrano-anuncia-su-gira-por-mexico\/\" \/>\n<meta property=\"og:locale\" content=\"es_ES\" \/>\n<meta property=\"og:type\" content=\"article\" \/>\n<meta property=\"og:title\" content=\"Manuel Medrano Anuncia su Gira por M\u00e9xico - Zero Magazine\" \/>\n<meta property=\"og:description\" content=\"\u00bfListes para una dosis de buena m\u00fasica y emociones a flor de piel? \u00a1Porque Manuel Medrano est\u00e1 a punto de hacer historia en M\u00e9xico con su gira \u00abManuel Medrano en Concierto\u00bb! Este talentoso cantautor colombiano, que nos ha conquistado con su romanticismo y letras profundas, llegar\u00e1 a nuestro pa\u00eds del 4 al 31 de octubre [&hellip;]\" \/>\n<meta property=\"og:url\" content=\"https:\/\/zeromagazine.mx\/index.php\/2024\/06\/27\/manuel-medrano-anuncia-su-gira-por-mexico\/\" \/>\n<meta property=\"og:site_name\" content=\"Zero Magazine\" \/>\n<meta property=\"article:published_time\" content=\"2024-06-27T01:25:16+00:00\" \/>\n<meta property=\"article:modified_time\" content=\"2024-06-27T01:54:26+00:00\" \/>\n<meta property=\"og:image\" content=\"https:\/\/i0.wp.com\/zeromagazine.mx\/wp-content\/uploads\/2024\/06\/ManuelMedranoPvta_Tour_1080x1920-scaled.jpg?fit=1440%2C2560&ssl=1\" \/>\n\t<meta property=\"og:image:width\" content=\"1440\" \/>\n\t<meta property=\"og:image:height\" content=\"2560\" \/>\n\t<meta property=\"og:image:type\" content=\"image\/jpeg\" \/>\n<meta name=\"author\" content=\"zeromagazinemx\" \/>\n<meta name=\"twitter:card\" content=\"summary_large_image\" \/>\n<meta name=\"twitter:label1\" content=\"Escrito por\" \/>\n\t<meta name=\"twitter:data1\" content=\"zeromagazinemx\" \/>\n\t<meta name=\"twitter:label2\" content=\"Tiempo de lectura\" \/>\n\t<meta name=\"twitter:data2\" content=\"2 minutos\" \/>\n<script type=\"application\/ld+json\" class=\"yoast-schema-graph\">{\"@context\":\"https:\\\/\\\/schema.org\",\"@graph\":[{\"@type\":\"Article\",\"@id\":\"https:\\\/\\\/zeromagazine.mx\\\/index.php\\\/2024\\\/06\\\/27\\\/manuel-medrano-anuncia-su-gira-por-mexico\\\/#article\",\"isPartOf\":{\"@id\":\"https:\\\/\\\/zeromagazine.mx\\\/index.php\\\/2024\\\/06\\\/27\\\/manuel-medrano-anuncia-su-gira-por-mexico\\\/\"},\"author\":{\"name\":\"zeromagazinemx\",\"@id\":\"https:\\\/\\\/zeromagazine.mx\\\/#\\\/schema\\\/person\\\/9aed9f33a7c39af3a348b86d723f7773\"},\"headline\":\"Manuel Medrano Anuncia su Gira por M\u00e9xico\",\"datePublished\":\"2024-06-27T01:25:16+00:00\",\"dateModified\":\"2024-06-27T01:54:26+00:00\",\"mainEntityOfPage\":{\"@id\":\"https:\\\/\\\/zeromagazine.mx\\\/index.php\\\/2024\\\/06\\\/27\\\/manuel-medrano-anuncia-su-gira-por-mexico\\\/\"},\"wordCount\":326,\"commentCount\":0,\"publisher\":{\"@id\":\"https:\\\/\\\/zeromagazine.mx\\\/#organization\"},\"image\":{\"@id\":\"https:\\\/\\\/zeromagazine.mx\\\/index.php\\\/2024\\\/06\\\/27\\\/manuel-medrano-anuncia-su-gira-por-mexico\\\/#primaryimage\"},\"thumbnailUrl\":\"https:\\\/\\\/i0.wp.com\\\/zeromagazine.mx\\\/wp-content\\\/uploads\\\/2024\\\/06\\\/ManuelMedranoPvta_Tour_1080x1920-scaled.jpg?fit=1440%2C2560&ssl=1\",\"keywords\":[\"Gira\",\"Manuel Medrano\",\"M\u00e9xico\"],\"articleSection\":[\"Entretenimiento\"],\"inLanguage\":\"es\",\"potentialAction\":[{\"@type\":\"CommentAction\",\"name\":\"Comment\",\"target\":[\"https:\\\/\\\/zeromagazine.mx\\\/index.php\\\/2024\\\/06\\\/27\\\/manuel-medrano-anuncia-su-gira-por-mexico\\\/#respond\"]}]},{\"@type\":\"WebPage\",\"@id\":\"https:\\\/\\\/zeromagazine.mx\\\/index.php\\\/2024\\\/06\\\/27\\\/manuel-medrano-anuncia-su-gira-por-mexico\\\/\",\"url\":\"https:\\\/\\\/zeromagazine.mx\\\/index.php\\\/2024\\\/06\\\/27\\\/manuel-medrano-anuncia-su-gira-por-mexico\\\/\",\"name\":\"Manuel Medrano Anuncia su Gira por M\u00e9xico - Zero Magazine\",\"isPartOf\":{\"@id\":\"https:\\\/\\\/zeromagazine.mx\\\/#website\"},\"primaryImageOfPage\":{\"@id\":\"https:\\\/\\\/zeromagazine.mx\\\/index.php\\\/2024\\\/06\\\/27\\\/manuel-medrano-anuncia-su-gira-por-mexico\\\/#primaryimage\"},\"image\":{\"@id\":\"https:\\\/\\\/zeromagazine.mx\\\/index.php\\\/2024\\\/06\\\/27\\\/manuel-medrano-anuncia-su-gira-por-mexico\\\/#primaryimage\"},\"thumbnailUrl\":\"https:\\\/\\\/i0.wp.com\\\/zeromagazine.mx\\\/wp-content\\\/uploads\\\/2024\\\/06\\\/ManuelMedranoPvta_Tour_1080x1920-scaled.jpg?fit=1440%2C2560&ssl=1\",\"datePublished\":\"2024-06-27T01:25:16+00:00\",\"dateModified\":\"2024-06-27T01:54:26+00:00\",\"breadcrumb\":{\"@id\":\"https:\\\/\\\/zeromagazine.mx\\\/index.php\\\/2024\\\/06\\\/27\\\/manuel-medrano-anuncia-su-gira-por-mexico\\\/#breadcrumb\"},\"inLanguage\":\"es\",\"potentialAction\":[{\"@type\":\"ReadAction\",\"target\":[\"https:\\\/\\\/zeromagazine.mx\\\/index.php\\\/2024\\\/06\\\/27\\\/manuel-medrano-anuncia-su-gira-por-mexico\\\/\"]}]},{\"@type\":\"ImageObject\",\"inLanguage\":\"es\",\"@id\":\"https:\\\/\\\/zeromagazine.mx\\\/index.php\\\/2024\\\/06\\\/27\\\/manuel-medrano-anuncia-su-gira-por-mexico\\\/#primaryimage\",\"url\":\"https:\\\/\\\/i0.wp.com\\\/zeromagazine.mx\\\/wp-content\\\/uploads\\\/2024\\\/06\\\/ManuelMedranoPvta_Tour_1080x1920-scaled.jpg?fit=1440%2C2560&ssl=1\",\"contentUrl\":\"https:\\\/\\\/i0.wp.com\\\/zeromagazine.mx\\\/wp-content\\\/uploads\\\/2024\\\/06\\\/ManuelMedranoPvta_Tour_1080x1920-scaled.jpg?fit=1440%2C2560&ssl=1\",\"width\":1440,\"height\":2560},{\"@type\":\"BreadcrumbList\",\"@id\":\"https:\\\/\\\/zeromagazine.mx\\\/index.php\\\/2024\\\/06\\\/27\\\/manuel-medrano-anuncia-su-gira-por-mexico\\\/#breadcrumb\",\"itemListElement\":[{\"@type\":\"ListItem\",\"position\":1,\"name\":\"Portada\",\"item\":\"https:\\\/\\\/zeromagazine.mx\\\/\"},{\"@type\":\"ListItem\",\"position\":2,\"name\":\"Manuel Medrano Anuncia su Gira por M\u00e9xico\"}]},{\"@type\":\"WebSite\",\"@id\":\"https:\\\/\\\/zeromagazine.mx\\\/#website\",\"url\":\"https:\\\/\\\/zeromagazine.mx\\\/\",\"name\":\"Zero Magazine\",\"description\":\"\",\"publisher\":{\"@id\":\"https:\\\/\\\/zeromagazine.mx\\\/#organization\"},\"potentialAction\":[{\"@type\":\"SearchAction\",\"target\":{\"@type\":\"EntryPoint\",\"urlTemplate\":\"https:\\\/\\\/zeromagazine.mx\\\/?s={search_term_string}\"},\"query-input\":{\"@type\":\"PropertyValueSpecification\",\"valueRequired\":true,\"valueName\":\"search_term_string\"}}],\"inLanguage\":\"es\"},{\"@type\":\"Organization\",\"@id\":\"https:\\\/\\\/zeromagazine.mx\\\/#organization\",\"name\":\"Zero Magazine\",\"url\":\"https:\\\/\\\/zeromagazine.mx\\\/\",\"logo\":{\"@type\":\"ImageObject\",\"inLanguage\":\"es\",\"@id\":\"https:\\\/\\\/zeromagazine.mx\\\/#\\\/schema\\\/logo\\\/image\\\/\",\"url\":\"https:\\\/\\\/i0.wp.com\\\/zeromagazine.mx\\\/wp-content\\\/uploads\\\/2025\\\/11\\\/1.jpeg?fit=1000%2C1000&ssl=1\",\"contentUrl\":\"https:\\\/\\\/i0.wp.com\\\/zeromagazine.mx\\\/wp-content\\\/uploads\\\/2025\\\/11\\\/1.jpeg?fit=1000%2C1000&ssl=1\",\"width\":1000,\"height\":1000,\"caption\":\"Zero Magazine\"},\"image\":{\"@id\":\"https:\\\/\\\/zeromagazine.mx\\\/#\\\/schema\\\/logo\\\/image\\\/\"},\"sameAs\":[\"https:\\\/\\\/instagram.com\\\/zeromagazinemx\"]},{\"@type\":\"Person\",\"@id\":\"https:\\\/\\\/zeromagazine.mx\\\/#\\\/schema\\\/person\\\/9aed9f33a7c39af3a348b86d723f7773\",\"name\":\"zeromagazinemx\",\"image\":{\"@type\":\"ImageObject\",\"inLanguage\":\"es\",\"@id\":\"https:\\\/\\\/zeromagazine.mx\\\/wp-content\\\/litespeed\\\/avatar\\\/f91dfe5410d5dcb1a576bf8c45983896.jpg?ver=1777571230\",\"url\":\"https:\\\/\\\/zeromagazine.mx\\\/wp-content\\\/litespeed\\\/avatar\\\/f91dfe5410d5dcb1a576bf8c45983896.jpg?ver=1777571230\",\"contentUrl\":\"https:\\\/\\\/zeromagazine.mx\\\/wp-content\\\/litespeed\\\/avatar\\\/f91dfe5410d5dcb1a576bf8c45983896.jpg?ver=1777571230\",\"caption\":\"zeromagazinemx\"},\"url\":\"https:\\\/\\\/zeromagazine.mx\\\/index.php\\\/author\\\/zeromagazinemx\\\/\"}]}<\/script>\n<!-- \/ Yoast SEO plugin. -->","yoast_head_json":{"title":"Manuel Medrano Anuncia su Gira por M\u00e9xico - Zero Magazine","robots":{"index":"index","follow":"follow","max-snippet":"max-snippet:-1","max-image-preview":"max-image-preview:large","max-video-preview":"max-video-preview:-1"},"canonical":"https:\/\/zeromagazine.mx\/index.php\/2024\/06\/27\/manuel-medrano-anuncia-su-gira-por-mexico\/","og_locale":"es_ES","og_type":"article","og_title":"Manuel Medrano Anuncia su Gira por M\u00e9xico - Zero Magazine","og_description":"\u00bfListes para una dosis de buena m\u00fasica y emociones a flor de piel? \u00a1Porque Manuel Medrano est\u00e1 a punto de hacer historia en M\u00e9xico con su gira \u00abManuel Medrano en Concierto\u00bb! Este talentoso cantautor colombiano, que nos ha conquistado con su romanticismo y letras profundas, llegar\u00e1 a nuestro pa\u00eds del 4 al 31 de octubre [&hellip;]","og_url":"https:\/\/zeromagazine.mx\/index.php\/2024\/06\/27\/manuel-medrano-anuncia-su-gira-por-mexico\/","og_site_name":"Zero Magazine","article_published_time":"2024-06-27T01:25:16+00:00","article_modified_time":"2024-06-27T01:54:26+00:00","og_image":[{"width":1440,"height":2560,"url":"https:\/\/i0.wp.com\/zeromagazine.mx\/wp-content\/uploads\/2024\/06\/ManuelMedranoPvta_Tour_1080x1920-scaled.jpg?fit=1440%2C2560&ssl=1","type":"image\/jpeg"}],"author":"zeromagazinemx","twitter_card":"summary_large_image","twitter_misc":{"Escrito por":"zeromagazinemx","Tiempo de lectura":"2 minutos"},"schema":{"@context":"https:\/\/schema.org","@graph":[{"@type":"Article","@id":"https:\/\/zeromagazine.mx\/index.php\/2024\/06\/27\/manuel-medrano-anuncia-su-gira-por-mexico\/#article","isPartOf":{"@id":"https:\/\/zeromagazine.mx\/index.php\/2024\/06\/27\/manuel-medrano-anuncia-su-gira-por-mexico\/"},"author":{"name":"zeromagazinemx","@id":"https:\/\/zeromagazine.mx\/#\/schema\/person\/9aed9f33a7c39af3a348b86d723f7773"},"headline":"Manuel Medrano Anuncia su Gira por M\u00e9xico","datePublished":"2024-06-27T01:25:16+00:00","dateModified":"2024-06-27T01:54:26+00:00","mainEntityOfPage":{"@id":"https:\/\/zeromagazine.mx\/index.php\/2024\/06\/27\/manuel-medrano-anuncia-su-gira-por-mexico\/"},"wordCount":326,"commentCount":0,"publisher":{"@id":"https:\/\/zeromagazine.mx\/#organization"},"image":{"@id":"https:\/\/zeromagazine.mx\/index.php\/2024\/06\/27\/manuel-medrano-anuncia-su-gira-por-mexico\/#primaryimage"},"thumbnailUrl":"https:\/\/i0.wp.com\/zeromagazine.mx\/wp-content\/uploads\/2024\/06\/ManuelMedranoPvta_Tour_1080x1920-scaled.jpg?fit=1440%2C2560&ssl=1","keywords":["Gira","Manuel Medrano","M\u00e9xico"],"articleSection":["Entretenimiento"],"inLanguage":"es","potentialAction":[{"@type":"CommentAction","name":"Comment","target":["https:\/\/zeromagazine.mx\/index.php\/2024\/06\/27\/manuel-medrano-anuncia-su-gira-por-mexico\/#respond"]}]},{"@type":"WebPage","@id":"https:\/\/zeromagazine.mx\/index.php\/2024\/06\/27\/manuel-medrano-anuncia-su-gira-por-mexico\/","url":"https:\/\/zeromagazine.mx\/index.php\/2024\/06\/27\/manuel-medrano-anuncia-su-gira-por-mexico\/","name":"Manuel Medrano Anuncia su Gira por M\u00e9xico - Zero Magazine","isPartOf":{"@id":"https:\/\/zeromagazine.mx\/#website"},"primaryImageOfPage":{"@id":"https:\/\/zeromagazine.mx\/index.php\/2024\/06\/27\/manuel-medrano-anuncia-su-gira-por-mexico\/#primaryimage"},"image":{"@id":"https:\/\/zeromagazine.mx\/index.php\/2024\/06\/27\/manuel-medrano-anuncia-su-gira-por-mexico\/#primaryimage"},"thumbnailUrl":"https:\/\/i0.wp.com\/zeromagazine.mx\/wp-content\/uploads\/2024\/06\/ManuelMedranoPvta_Tour_1080x1920-scaled.jpg?fit=1440%2C2560&ssl=1","datePublished":"2024-06-27T01:25:16+00:00","dateModified":"2024-06-27T01:54:26+00:00","breadcrumb":{"@id":"https:\/\/zeromagazine.mx\/index.php\/2024\/06\/27\/manuel-medrano-anuncia-su-gira-por-mexico\/#breadcrumb"},"inLanguage":"es","potentialAction":[{"@type":"ReadAction","target":["https:\/\/zeromagazine.mx\/index.php\/2024\/06\/27\/manuel-medrano-anuncia-su-gira-por-mexico\/"]}]},{"@type":"ImageObject","inLanguage":"es","@id":"https:\/\/zeromagazine.mx\/index.php\/2024\/06\/27\/manuel-medrano-anuncia-su-gira-por-mexico\/#primaryimage","url":"https:\/\/i0.wp.com\/zeromagazine.mx\/wp-content\/uploads\/2024\/06\/ManuelMedranoPvta_Tour_1080x1920-scaled.jpg?fit=1440%2C2560&ssl=1","contentUrl":"https:\/\/i0.wp.com\/zeromagazine.mx\/wp-content\/uploads\/2024\/06\/ManuelMedranoPvta_Tour_1080x1920-scaled.jpg?fit=1440%2C2560&ssl=1","width":1440,"height":2560},{"@type":"BreadcrumbList","@id":"https:\/\/zeromagazine.mx\/index.php\/2024\/06\/27\/manuel-medrano-anuncia-su-gira-por-mexico\/#breadcrumb","itemListElement":[{"@type":"ListItem","position":1,"name":"Portada","item":"https:\/\/zeromagazine.mx\/"},{"@type":"ListItem","position":2,"name":"Manuel Medrano Anuncia su Gira por M\u00e9xico"}]},{"@type":"WebSite","@id":"https:\/\/zeromagazine.mx\/#website","url":"https:\/\/zeromagazine.mx\/","name":"Zero Magazine","description":"","publisher":{"@id":"https:\/\/zeromagazine.mx\/#organization"},"potentialAction":[{"@type":"SearchAction","target":{"@type":"EntryPoint","urlTemplate":"https:\/\/zeromagazine.mx\/?s={search_term_string}"},"query-input":{"@type":"PropertyValueSpecification","valueRequired":true,"valueName":"search_term_string"}}],"inLanguage":"es"},{"@type":"Organization","@id":"https:\/\/zeromagazine.mx\/#organization","name":"Zero Magazine","url":"https:\/\/zeromagazine.mx\/","logo":{"@type":"ImageObject","inLanguage":"es","@id":"https:\/\/zeromagazine.mx\/#\/schema\/logo\/image\/","url":"https:\/\/i0.wp.com\/zeromagazine.mx\/wp-content\/uploads\/2025\/11\/1.jpeg?fit=1000%2C1000&ssl=1","contentUrl":"https:\/\/i0.wp.com\/zeromagazine.mx\/wp-content\/uploads\/2025\/11\/1.jpeg?fit=1000%2C1000&ssl=1","width":1000,"height":1000,"caption":"Zero Magazine"},"image":{"@id":"https:\/\/zeromagazine.mx\/#\/schema\/logo\/image\/"},"sameAs":["https:\/\/instagram.com\/zeromagazinemx"]},{"@type":"Person","@id":"https:\/\/zeromagazine.mx\/#\/schema\/person\/9aed9f33a7c39af3a348b86d723f7773","name":"zeromagazinemx","image":{"@type":"ImageObject","inLanguage":"es","@id":"https:\/\/zeromagazine.mx\/wp-content\/litespeed\/avatar\/f91dfe5410d5dcb1a576bf8c45983896.jpg?ver=1777571230","url":"https:\/\/zeromagazine.mx\/wp-content\/litespeed\/avatar\/f91dfe5410d5dcb1a576bf8c45983896.jpg?ver=1777571230","contentUrl":"https:\/\/zeromagazine.mx\/wp-content\/litespeed\/avatar\/f91dfe5410d5dcb1a576bf8c45983896.jpg?ver=1777571230","caption":"zeromagazinemx"},"url":"https:\/\/zeromagazine.mx\/index.php\/author\/zeromagazinemx\/"}]}},"jetpack_publicize_connections":[],"jetpack_featured_media_url":"https:\/\/i0.wp.com\/zeromagazine.mx\/wp-content\/uploads\/2024\/06\/ManuelMedranoPvta_Tour_1080x1920-scaled.jpg?fit=1440%2C2560&ssl=1","jetpack-related-posts":[{"id":79319,"url":"https:\/\/zeromagazine.mx\/index.php\/2024\/06\/26\/manuel-medrano-llega-a-mexico-con-su-perfecto-tour\/","url_meta":{"origin":79471,"position":0},"title":"Manuel Medrano en Concierto","author":"zeromagazinemx","date":"26 de junio de 2024","format":false,"excerpt":"\u00bfYa se enteraron de la noticia? Manuel Medrano viene con todo a M\u00e9xico y no podemos perdernos esta experiencia \u00fanica. El colombiano, dos veces ganador del Latin GRAMMY\u00ae, llegar\u00e1 con su gira \"Manuel Medrano en Concierto\", trayendo consigo su \u00faltimo \u00e1lbum PERFECTO, que promete enamorarnos a todxs con su romanticismo\u2026","rel":"","context":"En \u00abEntretenimiento\u00bb","block_context":{"text":"Entretenimiento","link":"https:\/\/zeromagazine.mx\/index.php\/category\/entretenimiento\/"},"img":{"alt_text":"","src":"https:\/\/i0.wp.com\/zeromagazine.mx\/wp-content\/uploads\/2024\/06\/ManuelMedranoPvta_CDMX_1200x628.jpg?fit=1200%2C628&ssl=1&resize=350%2C200","width":350,"height":200,"srcset":"https:\/\/i0.wp.com\/zeromagazine.mx\/wp-content\/uploads\/2024\/06\/ManuelMedranoPvta_CDMX_1200x628.jpg?fit=1200%2C628&ssl=1&resize=350%2C200 1x, https:\/\/i0.wp.com\/zeromagazine.mx\/wp-content\/uploads\/2024\/06\/ManuelMedranoPvta_CDMX_1200x628.jpg?fit=1200%2C628&ssl=1&resize=525%2C300 1.5x, https:\/\/i0.wp.com\/zeromagazine.mx\/wp-content\/uploads\/2024\/06\/ManuelMedranoPvta_CDMX_1200x628.jpg?fit=1200%2C628&ssl=1&resize=700%2C400 2x, https:\/\/i0.wp.com\/zeromagazine.mx\/wp-content\/uploads\/2024\/06\/ManuelMedranoPvta_CDMX_1200x628.jpg?fit=1200%2C628&ssl=1&resize=1050%2C600 3x"},"classes":[]},{"id":102459,"url":"https:\/\/zeromagazine.mx\/index.php\/2025\/04\/24\/10-anos-tour-de-manuel-medrano\/","url_meta":{"origin":79471,"position":1},"title":"10 A\u00f1os Tour de Manuel Medrano","author":"David Morales","date":"24 de abril de 2025","format":false,"excerpt":"Amix, hay artistas que nos han acompa\u00f1ado en momentos clave: el primer amor, la tusa eterna, los domingos existenciales o los viajes en metro viendo al infinito. Manuel Medrano es definitivamente uno de ellos. Y ahora, para festejar los 10 a\u00f1os desde que lanz\u00f3 su primer \u00e1lbum, se viene un\u2026","rel":"","context":"En \u00abEntretenimiento\u00bb","block_context":{"text":"Entretenimiento","link":"https:\/\/zeromagazine.mx\/index.php\/category\/entretenimiento\/"},"img":{"alt_text":"","src":"https:\/\/i0.wp.com\/zeromagazine.mx\/wp-content\/uploads\/2025\/04\/Manuel-Medrano-Gira-Post.jpeg?fit=960%2C1200&ssl=1&resize=350%2C200","width":350,"height":200,"srcset":"https:\/\/i0.wp.com\/zeromagazine.mx\/wp-content\/uploads\/2025\/04\/Manuel-Medrano-Gira-Post.jpeg?fit=960%2C1200&ssl=1&resize=350%2C200 1x, https:\/\/i0.wp.com\/zeromagazine.mx\/wp-content\/uploads\/2025\/04\/Manuel-Medrano-Gira-Post.jpeg?fit=960%2C1200&ssl=1&resize=525%2C300 1.5x, https:\/\/i0.wp.com\/zeromagazine.mx\/wp-content\/uploads\/2025\/04\/Manuel-Medrano-Gira-Post.jpeg?fit=960%2C1200&ssl=1&resize=700%2C400 2x"},"classes":[]},{"id":89810,"url":"https:\/\/zeromagazine.mx\/index.php\/2024\/11\/07\/perfecto-deluxe-el-regreso-triunfal\/","url_meta":{"origin":79471,"position":2},"title":"\u00abPerfecto Deluxe: \u00a1El Regreso Triunfal!\u00bb","author":"zeromagazinemx","date":"7 de noviembre de 2024","format":false,"excerpt":"Manuel Medrano est\u00e1 ON FIRE con el lanzamiento de\u00a0Perfecto Deluxe Edition, la nueva edici\u00f3n deluxe de su tercer \u00e1lbum\u00a0Perfecto, \u00a1y est\u00e1 dando de qu\u00e9 hablar! Si eres fan del pop latino, esta edici\u00f3n es el upgrade que tu playlist necesitaba, trust me. El colombiano, dos veces ganador del Latin GRAMMY\u00ae\ufe0f,\u2026","rel":"","context":"En \u00abEntretenimiento\u00bb","block_context":{"text":"Entretenimiento","link":"https:\/\/zeromagazine.mx\/index.php\/category\/entretenimiento\/"},"img":{"alt_text":"","src":"https:\/\/i0.wp.com\/zeromagazine.mx\/wp-content\/uploads\/2024\/11\/Liberame-Portada-scaled.jpg?fit=1200%2C1200&ssl=1&resize=350%2C200","width":350,"height":200,"srcset":"https:\/\/i0.wp.com\/zeromagazine.mx\/wp-content\/uploads\/2024\/11\/Liberame-Portada-scaled.jpg?fit=1200%2C1200&ssl=1&resize=350%2C200 1x, https:\/\/i0.wp.com\/zeromagazine.mx\/wp-content\/uploads\/2024\/11\/Liberame-Portada-scaled.jpg?fit=1200%2C1200&ssl=1&resize=525%2C300 1.5x, https:\/\/i0.wp.com\/zeromagazine.mx\/wp-content\/uploads\/2024\/11\/Liberame-Portada-scaled.jpg?fit=1200%2C1200&ssl=1&resize=700%2C400 2x, https:\/\/i0.wp.com\/zeromagazine.mx\/wp-content\/uploads\/2024\/11\/Liberame-Portada-scaled.jpg?fit=1200%2C1200&ssl=1&resize=1050%2C600 3x"},"classes":[]},{"id":69760,"url":"https:\/\/zeromagazine.mx\/index.php\/2023\/12\/20\/warner-music-latin-america-ocesa-seitrack-y-checho-rodriguez-lanzan-una-agencia-artistica-en-conjunto\/","url_meta":{"origin":79471,"position":3},"title":"Warner\u00a0Music\u00a0Latin\u00a0America, OCESA\u00a0Seitrack\u00a0y &#8216;Checho&#8217; Rodr\u00edguez lanzan una agencia art\u00edstica en conjunto","author":"David Morales","date":"20 de diciembre de 2023","format":false,"excerpt":"Warner\u00a0Music\u00a0Latin\u00a0America\u00a0y la empresa de management y promoci\u00f3n OCESA\u00a0Seitrack\u00a0est\u00e1n lanzando una agencia de booking y asociaci\u00f3n de marcas para artistas, junto con Sergio \"Checho\" Rodr\u00edguez. Todos los artistas de Warner\u00a0Music\u00a0tendr\u00e1n acceso a los servicios ofrecidos.La empresa conjunta, llamada \"Touring\u00a0the\u00a0World\", estar\u00e1 dirigida por Rodr\u00edguez, operando desde oficinas en Colombia, M\u00e9xico, Espa\u00f1a y\u2026","rel":"","context":"En \u00abBlog\u00bb","block_context":{"text":"Blog","link":"https:\/\/zeromagazine.mx\/index.php\/category\/blog\/"},"img":{"alt_text":"","src":"https:\/\/i0.wp.com\/zeromagazine.mx\/wp-content\/uploads\/2023\/12\/Captura-de-Pantalla-2023-12-19-a-las-11.19.16-p.m.png?fit=1200%2C670&ssl=1&resize=350%2C200","width":350,"height":200,"srcset":"https:\/\/i0.wp.com\/zeromagazine.mx\/wp-content\/uploads\/2023\/12\/Captura-de-Pantalla-2023-12-19-a-las-11.19.16-p.m.png?fit=1200%2C670&ssl=1&resize=350%2C200 1x, https:\/\/i0.wp.com\/zeromagazine.mx\/wp-content\/uploads\/2023\/12\/Captura-de-Pantalla-2023-12-19-a-las-11.19.16-p.m.png?fit=1200%2C670&ssl=1&resize=525%2C300 1.5x, https:\/\/i0.wp.com\/zeromagazine.mx\/wp-content\/uploads\/2023\/12\/Captura-de-Pantalla-2023-12-19-a-las-11.19.16-p.m.png?fit=1200%2C670&ssl=1&resize=700%2C400 2x, https:\/\/i0.wp.com\/zeromagazine.mx\/wp-content\/uploads\/2023\/12\/Captura-de-Pantalla-2023-12-19-a-las-11.19.16-p.m.png?fit=1200%2C670&ssl=1&resize=1050%2C600 3x"},"classes":[]},{"id":70058,"url":"https:\/\/zeromagazine.mx\/index.php\/2024\/01\/02\/mario-domm\/","url_meta":{"origin":79471,"position":4},"title":"Mario Domm","author":"David Morales","date":"2 de enero de 2024","format":false,"excerpt":"Por: \u00c1ngel HerreraFotos: Lendl Sol\u00edsLocaci\u00f3n: Hotel Presidente El d\u00eda de hoy creo que no necesitamos mucha introducci\u00f3n, si conocen de romanticismo, si alguna vez en su vida se han enamorado creo que han escuchado sin duda alguna a Camila, El d\u00eda de hoy iniciamos el a\u00f1o con Mario Domm. \u00bfC\u00f3mo\u2026","rel":"","context":"En \u00abPortada\u00bb","block_context":{"text":"Portada","link":"https:\/\/zeromagazine.mx\/index.php\/category\/portada\/"},"img":{"alt_text":"","src":"https:\/\/i0.wp.com\/zeromagazine.mx\/wp-content\/uploads\/2024\/01\/IMG_0182.png?fit=927%2C1200&ssl=1&resize=350%2C200","width":350,"height":200,"srcset":"https:\/\/i0.wp.com\/zeromagazine.mx\/wp-content\/uploads\/2024\/01\/IMG_0182.png?fit=927%2C1200&ssl=1&resize=350%2C200 1x, https:\/\/i0.wp.com\/zeromagazine.mx\/wp-content\/uploads\/2024\/01\/IMG_0182.png?fit=927%2C1200&ssl=1&resize=525%2C300 1.5x, https:\/\/i0.wp.com\/zeromagazine.mx\/wp-content\/uploads\/2024\/01\/IMG_0182.png?fit=927%2C1200&ssl=1&resize=700%2C400 2x"},"classes":[]},{"id":56565,"url":"https:\/\/zeromagazine.mx\/index.php\/2021\/10\/22\/sebastian-yatra-presenta-su-nuevo-sencillo-tacones-rojos\/","url_meta":{"origin":79471,"position":5},"title":"SEBASTI\u00c1N YATRA PRESENTA SU NUEVO SENCILLO \u00abTACONES ROJOS\u00bb","author":"zeromagazinemx","date":"22 de octubre de 2021","format":false,"excerpt":"EL VIDEO OFICIAL ES PROTAGONIZADO POR LA ACTRIZ ESPA\u00d1OLA Y ARTISTA MULTIPLATINO CLARA GALLE, FILMADO EN EL PALACIO FERNAN NU\u00d1EZ EN MADRID DE GIRA CON RICKY MARTIN & ENRIQUE IGLESIAS EN NORTEAM\u00c9RICA Por Universal Music Group El talentoso y exitoso Sebasti\u00e1n Yatra (@SebastianYatra), estrena su nuevo sencillo: \u201cTacones Rojos\u201d. Presentado\u2026","rel":"","context":"En \u00abBlog\u00bb","block_context":{"text":"Blog","link":"https:\/\/zeromagazine.mx\/index.php\/category\/blog\/"},"img":{"alt_text":"","src":"https:\/\/i0.wp.com\/zeromagazinemx.wpcomstaging.com\/wp-content\/uploads\/2022\/02\/08cf0-captura-1.png?resize=350%2C200&ssl=1","width":350,"height":200,"srcset":"https:\/\/i0.wp.com\/zeromagazinemx.wpcomstaging.com\/wp-content\/uploads\/2022\/02\/08cf0-captura-1.png?resize=350%2C200&ssl=1 1x, https:\/\/i0.wp.com\/zeromagazinemx.wpcomstaging.com\/wp-content\/uploads\/2022\/02\/08cf0-captura-1.png?resize=525%2C300&ssl=1 1.5x, https:\/\/i0.wp.com\/zeromagazinemx.wpcomstaging.com\/wp-content\/uploads\/2022\/02\/08cf0-captura-1.png?resize=700%2C400&ssl=1 2x"},"classes":[]}],"jetpack_sharing_enabled":true,"builder_content":"","_links":{"self":[{"href":"https:\/\/zeromagazine.mx\/index.php\/wp-json\/wp\/v2\/posts\/79471","targetHints":{"allow":["GET"]}}],"collection":[{"href":"https:\/\/zeromagazine.mx\/index.php\/wp-json\/wp\/v2\/posts"}],"about":[{"href":"https:\/\/zeromagazine.mx\/index.php\/wp-json\/wp\/v2\/types\/post"}],"author":[{"embeddable":true,"href":"https:\/\/zeromagazine.mx\/index.php\/wp-json\/wp\/v2\/users\/2"}],"replies":[{"embeddable":true,"href":"https:\/\/zeromagazine.mx\/index.php\/wp-json\/wp\/v2\/comments?post=79471"}],"version-history":[{"count":15,"href":"https:\/\/zeromagazine.mx\/index.php\/wp-json\/wp\/v2\/posts\/79471\/revisions"}],"predecessor-version":[{"id":79492,"href":"https:\/\/zeromagazine.mx\/index.php\/wp-json\/wp\/v2\/posts\/79471\/revisions\/79492"}],"wp:featuredmedia":[{"embeddable":true,"href":"https:\/\/zeromagazine.mx\/index.php\/wp-json\/wp\/v2\/media\/79485"}],"wp:attachment":[{"href":"https:\/\/zeromagazine.mx\/index.php\/wp-json\/wp\/v2\/media?parent=79471"}],"wp:term":[{"taxonomy":"category","embeddable":true,"href":"https:\/\/zeromagazine.mx\/index.php\/wp-json\/wp\/v2\/categories?post=79471"},{"taxonomy":"post_tag","embeddable":true,"href":"https:\/\/zeromagazine.mx\/index.php\/wp-json\/wp\/v2\/tags?post=79471"}],"curies":[{"name":"wp","href":"https:\/\/api.w.org\/{rel}","templated":true}]}}