{"id":79533,"date":"2024-06-27T21:02:56","date_gmt":"2024-06-27T19:02:56","guid":{"rendered":"https:\/\/zeromagazine.mx\/?p=79533"},"modified":"2024-06-27T21:06:32","modified_gmt":"2024-06-27T19:06:32","slug":"perfumeria-de-autor-llega-al-palacio-de-hierro","status":"publish","type":"post","link":"https:\/\/zeromagazine.mx\/index.php\/2024\/06\/27\/perfumeria-de-autor-llega-al-palacio-de-hierro\/","title":{"rendered":"Perfumer\u00eda de Autor llega al Palacio de Hierro"},"content":{"rendered":"<p>\u00bfYa escucharon la noticia? El Palacio de Hierro est\u00e1 revolucionando el mundo de la belleza con la llegada de la Perfumer\u00eda de Autor a sus tiendas. Ahora, en Santa Fe, Interlomas, Quer\u00e9taro y Durango, podemos sumergirnos en un espacio dise\u00f1ado para los amantes del arte de la perfumer\u00eda. \u00bfQu\u00e9 significa esto? \u00a1Imag\u00ednense un para\u00edso olfativo lleno de marcas exclusivas que transforman el perfume en una verdadera expresi\u00f3n art\u00edstica!<\/p>\n\n\n\n<script async src=\"https:\/\/pagead2.googlesyndication.com\/pagead\/js\/adsbygoogle.js?client=ca-pub-5499304793904745\"\n     crossorigin=\"anonymous\"><\/script>\n<ins class=\"adsbygoogle\"\n     style=\"display:block; text-align:center;\"\n     data-ad-layout=\"in-article\"\n     data-ad-format=\"fluid\"\n     data-ad-client=\"ca-pub-5499304793904745\"\n     data-ad-slot=\"5994863093\"><\/ins>\n<script>\n     (adsbygoogle = window.adsbygoogle || []).push({});\n<\/script>\n\n\n\n<p><\/p>\n\n\n\n<p>Para empezar, marcas como Ex Nihilo, Memo Paris, y Montale nos transportan con sus aromas \u00fanicos y sofisticados. Cada perfume es como una obra de arte en s\u00ed mismo, creado con ingredientes de la m\u00e1s alta calidad para provocar emociones y diferenciarnos de los dem\u00e1s. Es como llevar una pieza de arte en la piel, \u00bfno les parece incre\u00edble?<\/p>\n\n\n<div class=\"wp-block-image\">\n<figure class=\"aligncenter size-full\"><img data-recalc-dims=\"1\" decoding=\"async\" width=\"1165\" height=\"752\" src=\"https:\/\/i0.wp.com\/zeromagazine.mx\/wp-content\/uploads\/2024\/06\/unnamed-16-1.png?resize=1165%2C752&#038;ssl=1\" alt=\"\" class=\"wp-image-79534\" srcset=\"https:\/\/i0.wp.com\/zeromagazine.mx\/wp-content\/uploads\/2024\/06\/unnamed-16-1.png?w=2790&amp;ssl=1 2790w, https:\/\/i0.wp.com\/zeromagazine.mx\/wp-content\/uploads\/2024\/06\/unnamed-16-1.png?resize=300%2C194&amp;ssl=1 300w, https:\/\/i0.wp.com\/zeromagazine.mx\/wp-content\/uploads\/2024\/06\/unnamed-16-1.png?resize=1024%2C661&amp;ssl=1 1024w, https:\/\/i0.wp.com\/zeromagazine.mx\/wp-content\/uploads\/2024\/06\/unnamed-16-1.png?resize=768%2C495&amp;ssl=1 768w, https:\/\/i0.wp.com\/zeromagazine.mx\/wp-content\/uploads\/2024\/06\/unnamed-16-1.png?resize=1536%2C991&amp;ssl=1 1536w, https:\/\/i0.wp.com\/zeromagazine.mx\/wp-content\/uploads\/2024\/06\/unnamed-16-1.png?resize=2048%2C1321&amp;ssl=1 2048w, https:\/\/i0.wp.com\/zeromagazine.mx\/wp-content\/uploads\/2024\/06\/unnamed-16-1.png?w=2330 2330w\" sizes=\"(max-width: 1165px) 100vw, 1165px\" \/><\/figure>\n<\/div>\n\n\n<p><\/p>\n\n\n\n<p>Adem\u00e1s, la selecci\u00f3n de marcas como Mancera, Atelier Versace, y Parfums de Marly asegura que cada fragancia sea una experiencia sensorial \u00fanica. Desde los aromas florales y frescos hasta los intensos y seductores, hay opciones para cada estilo y ocasi\u00f3n. \u00a1Es como tener un armario de perfumes para cada estado de \u00e1nimo!<\/p>\n\n\n\n<script async src=\"https:\/\/pagead2.googlesyndication.com\/pagead\/js\/adsbygoogle.js?client=ca-pub-5499304793904745\"\n     crossorigin=\"anonymous\"><\/script>\n<ins class=\"adsbygoogle\"\n     style=\"display:block; text-align:center;\"\n     data-ad-layout=\"in-article\"\n     data-ad-format=\"fluid\"\n     data-ad-client=\"ca-pub-5499304793904745\"\n     data-ad-slot=\"5994863093\"><\/ins>\n<script>\n     (adsbygoogle = window.adsbygoogle || []).push({});\n<\/script>\n\n\n\n<p><\/p>\n\n\n\n<p>Por otro lado, marcas como Nishane, Amouage, y Xerjoff elevan a\u00fan m\u00e1s la experiencia con sus creaciones exquisitas y exclusivas. Cada botella cuenta una historia, capturando la esencia de la elegancia y el lujo en cada gota. As\u00ed que, amix, \u00bflistes para sumergirse en este mundo de creatividad olfativa? No se pierdan la oportunidad de explorar estas maravillosas fragancias que est\u00e1n redefiniendo el arte de perfumarse.<\/p>\n\n<!--themify_builder_content-->\n<div id=\"themify_builder_content-79533\" data-postid=\"79533\" class=\"themify_builder_content themify_builder_content-79533 themify_builder tf_clear\">\n    <\/div>\n<!--\/themify_builder_content-->","protected":false},"excerpt":{"rendered":"<p>\u00bfYa escucharon la noticia? El Palacio de Hierro est\u00e1 revolucionando el mundo de la belleza con la llegada de la Perfumer\u00eda de Autor a sus tiendas. Ahora, en Santa Fe, Interlomas, Quer\u00e9taro y Durango, podemos sumergirnos en un espacio dise\u00f1ado para los amantes del arte de la perfumer\u00eda. \u00bfQu\u00e9 significa esto? \u00a1Imag\u00ednense un para\u00edso olfativo [&hellip;]<\/p>\n","protected":false},"author":2,"featured_media":79534,"comment_status":"open","ping_status":"open","sticky":false,"template":"","format":"standard","meta":{"_jetpack_memberships_contains_paid_content":false,"footnotes":"","jetpack_publicize_message":"","jetpack_publicize_feature_enabled":true,"jetpack_social_post_already_shared":true,"jetpack_social_options":{"image_generator_settings":{"template":"highway","default_image_id":0,"font":"","enabled":false},"version":2}},"categories":[1],"tags":[9030,9029,9031,350,9028],"class_list":["post-79533","post","type-post","status-publish","format-standard","has-post-thumbnail","hentry","category-blog","tag-ex-nihilo","tag-memo-paris","tag-montale","tag-palacio-de-hierro","tag-perfumeria","has-post-title","has-post-date","has-post-category","has-post-tag","has-post-comment","has-post-author",""],"yoast_head":"<!-- This site is optimized with the Yoast SEO plugin v27.5 - https:\/\/yoast.com\/product\/yoast-seo-wordpress\/ -->\n<title>Perfumer\u00eda de Autor llega al Palacio de Hierro - Zero Magazine<\/title>\n<meta name=\"robots\" content=\"index, follow, max-snippet:-1, max-image-preview:large, max-video-preview:-1\" \/>\n<link rel=\"canonical\" href=\"https:\/\/zeromagazine.mx\/index.php\/2024\/06\/27\/perfumeria-de-autor-llega-al-palacio-de-hierro\/\" \/>\n<meta property=\"og:locale\" content=\"es_ES\" \/>\n<meta property=\"og:type\" content=\"article\" \/>\n<meta property=\"og:title\" content=\"Perfumer\u00eda de Autor llega al Palacio de Hierro - Zero Magazine\" \/>\n<meta property=\"og:description\" content=\"\u00bfYa escucharon la noticia? El Palacio de Hierro est\u00e1 revolucionando el mundo de la belleza con la llegada de la Perfumer\u00eda de Autor a sus tiendas. Ahora, en Santa Fe, Interlomas, Quer\u00e9taro y Durango, podemos sumergirnos en un espacio dise\u00f1ado para los amantes del arte de la perfumer\u00eda. \u00bfQu\u00e9 significa esto? \u00a1Imag\u00ednense un para\u00edso olfativo [&hellip;]\" \/>\n<meta property=\"og:url\" content=\"https:\/\/zeromagazine.mx\/index.php\/2024\/06\/27\/perfumeria-de-autor-llega-al-palacio-de-hierro\/\" \/>\n<meta property=\"og:site_name\" content=\"Zero Magazine\" \/>\n<meta property=\"article:published_time\" content=\"2024-06-27T19:02:56+00:00\" \/>\n<meta property=\"article:modified_time\" content=\"2024-06-27T19:06:32+00:00\" \/>\n<meta property=\"og:image\" content=\"https:\/\/zeromagazine.mx\/wp-content\/uploads\/2024\/06\/unnamed-16-1-1024x661.png\" \/>\n\t<meta property=\"og:image:width\" content=\"1024\" \/>\n\t<meta property=\"og:image:height\" content=\"661\" \/>\n\t<meta property=\"og:image:type\" content=\"image\/png\" \/>\n<meta name=\"author\" content=\"zeromagazinemx\" \/>\n<meta name=\"twitter:card\" content=\"summary_large_image\" \/>\n<meta name=\"twitter:label1\" content=\"Escrito por\" \/>\n\t<meta name=\"twitter:data1\" content=\"zeromagazinemx\" \/>\n\t<meta name=\"twitter:label2\" content=\"Tiempo de lectura\" \/>\n\t<meta name=\"twitter:data2\" content=\"1 minuto\" \/>\n<script type=\"application\/ld+json\" class=\"yoast-schema-graph\">{\"@context\":\"https:\\\/\\\/schema.org\",\"@graph\":[{\"@type\":\"Article\",\"@id\":\"https:\\\/\\\/zeromagazine.mx\\\/index.php\\\/2024\\\/06\\\/27\\\/perfumeria-de-autor-llega-al-palacio-de-hierro\\\/#article\",\"isPartOf\":{\"@id\":\"https:\\\/\\\/zeromagazine.mx\\\/index.php\\\/2024\\\/06\\\/27\\\/perfumeria-de-autor-llega-al-palacio-de-hierro\\\/\"},\"author\":{\"name\":\"zeromagazinemx\",\"@id\":\"https:\\\/\\\/zeromagazine.mx\\\/#\\\/schema\\\/person\\\/9aed9f33a7c39af3a348b86d723f7773\"},\"headline\":\"Perfumer\u00eda de Autor llega al Palacio de Hierro\",\"datePublished\":\"2024-06-27T19:02:56+00:00\",\"dateModified\":\"2024-06-27T19:06:32+00:00\",\"mainEntityOfPage\":{\"@id\":\"https:\\\/\\\/zeromagazine.mx\\\/index.php\\\/2024\\\/06\\\/27\\\/perfumeria-de-autor-llega-al-palacio-de-hierro\\\/\"},\"wordCount\":271,\"commentCount\":0,\"publisher\":{\"@id\":\"https:\\\/\\\/zeromagazine.mx\\\/#organization\"},\"image\":{\"@id\":\"https:\\\/\\\/zeromagazine.mx\\\/index.php\\\/2024\\\/06\\\/27\\\/perfumeria-de-autor-llega-al-palacio-de-hierro\\\/#primaryimage\"},\"thumbnailUrl\":\"https:\\\/\\\/i0.wp.com\\\/zeromagazine.mx\\\/wp-content\\\/uploads\\\/2024\\\/06\\\/unnamed-16-1.png?fit=2790%2C1800&ssl=1\",\"keywords\":[\"Ex Nihilo\",\"Memo Paris\",\"Montale\",\"palacio de hierro\",\"Perfumer\u00eda\"],\"articleSection\":[\"Blog\"],\"inLanguage\":\"es\",\"potentialAction\":[{\"@type\":\"CommentAction\",\"name\":\"Comment\",\"target\":[\"https:\\\/\\\/zeromagazine.mx\\\/index.php\\\/2024\\\/06\\\/27\\\/perfumeria-de-autor-llega-al-palacio-de-hierro\\\/#respond\"]}]},{\"@type\":\"WebPage\",\"@id\":\"https:\\\/\\\/zeromagazine.mx\\\/index.php\\\/2024\\\/06\\\/27\\\/perfumeria-de-autor-llega-al-palacio-de-hierro\\\/\",\"url\":\"https:\\\/\\\/zeromagazine.mx\\\/index.php\\\/2024\\\/06\\\/27\\\/perfumeria-de-autor-llega-al-palacio-de-hierro\\\/\",\"name\":\"Perfumer\u00eda de Autor llega al Palacio de Hierro - Zero Magazine\",\"isPartOf\":{\"@id\":\"https:\\\/\\\/zeromagazine.mx\\\/#website\"},\"primaryImageOfPage\":{\"@id\":\"https:\\\/\\\/zeromagazine.mx\\\/index.php\\\/2024\\\/06\\\/27\\\/perfumeria-de-autor-llega-al-palacio-de-hierro\\\/#primaryimage\"},\"image\":{\"@id\":\"https:\\\/\\\/zeromagazine.mx\\\/index.php\\\/2024\\\/06\\\/27\\\/perfumeria-de-autor-llega-al-palacio-de-hierro\\\/#primaryimage\"},\"thumbnailUrl\":\"https:\\\/\\\/i0.wp.com\\\/zeromagazine.mx\\\/wp-content\\\/uploads\\\/2024\\\/06\\\/unnamed-16-1.png?fit=2790%2C1800&ssl=1\",\"datePublished\":\"2024-06-27T19:02:56+00:00\",\"dateModified\":\"2024-06-27T19:06:32+00:00\",\"breadcrumb\":{\"@id\":\"https:\\\/\\\/zeromagazine.mx\\\/index.php\\\/2024\\\/06\\\/27\\\/perfumeria-de-autor-llega-al-palacio-de-hierro\\\/#breadcrumb\"},\"inLanguage\":\"es\",\"potentialAction\":[{\"@type\":\"ReadAction\",\"target\":[\"https:\\\/\\\/zeromagazine.mx\\\/index.php\\\/2024\\\/06\\\/27\\\/perfumeria-de-autor-llega-al-palacio-de-hierro\\\/\"]}]},{\"@type\":\"ImageObject\",\"inLanguage\":\"es\",\"@id\":\"https:\\\/\\\/zeromagazine.mx\\\/index.php\\\/2024\\\/06\\\/27\\\/perfumeria-de-autor-llega-al-palacio-de-hierro\\\/#primaryimage\",\"url\":\"https:\\\/\\\/i0.wp.com\\\/zeromagazine.mx\\\/wp-content\\\/uploads\\\/2024\\\/06\\\/unnamed-16-1.png?fit=2790%2C1800&ssl=1\",\"contentUrl\":\"https:\\\/\\\/i0.wp.com\\\/zeromagazine.mx\\\/wp-content\\\/uploads\\\/2024\\\/06\\\/unnamed-16-1.png?fit=2790%2C1800&ssl=1\",\"width\":2790,\"height\":1800},{\"@type\":\"BreadcrumbList\",\"@id\":\"https:\\\/\\\/zeromagazine.mx\\\/index.php\\\/2024\\\/06\\\/27\\\/perfumeria-de-autor-llega-al-palacio-de-hierro\\\/#breadcrumb\",\"itemListElement\":[{\"@type\":\"ListItem\",\"position\":1,\"name\":\"Portada\",\"item\":\"https:\\\/\\\/zeromagazine.mx\\\/\"},{\"@type\":\"ListItem\",\"position\":2,\"name\":\"Perfumer\u00eda de Autor llega al Palacio de Hierro\"}]},{\"@type\":\"WebSite\",\"@id\":\"https:\\\/\\\/zeromagazine.mx\\\/#website\",\"url\":\"https:\\\/\\\/zeromagazine.mx\\\/\",\"name\":\"Zero Magazine\",\"description\":\"\",\"publisher\":{\"@id\":\"https:\\\/\\\/zeromagazine.mx\\\/#organization\"},\"potentialAction\":[{\"@type\":\"SearchAction\",\"target\":{\"@type\":\"EntryPoint\",\"urlTemplate\":\"https:\\\/\\\/zeromagazine.mx\\\/?s={search_term_string}\"},\"query-input\":{\"@type\":\"PropertyValueSpecification\",\"valueRequired\":true,\"valueName\":\"search_term_string\"}}],\"inLanguage\":\"es\"},{\"@type\":\"Organization\",\"@id\":\"https:\\\/\\\/zeromagazine.mx\\\/#organization\",\"name\":\"Zero Magazine\",\"url\":\"https:\\\/\\\/zeromagazine.mx\\\/\",\"logo\":{\"@type\":\"ImageObject\",\"inLanguage\":\"es\",\"@id\":\"https:\\\/\\\/zeromagazine.mx\\\/#\\\/schema\\\/logo\\\/image\\\/\",\"url\":\"https:\\\/\\\/i0.wp.com\\\/zeromagazine.mx\\\/wp-content\\\/uploads\\\/2025\\\/11\\\/1.jpeg?fit=1000%2C1000&ssl=1\",\"contentUrl\":\"https:\\\/\\\/i0.wp.com\\\/zeromagazine.mx\\\/wp-content\\\/uploads\\\/2025\\\/11\\\/1.jpeg?fit=1000%2C1000&ssl=1\",\"width\":1000,\"height\":1000,\"caption\":\"Zero Magazine\"},\"image\":{\"@id\":\"https:\\\/\\\/zeromagazine.mx\\\/#\\\/schema\\\/logo\\\/image\\\/\"},\"sameAs\":[\"https:\\\/\\\/instagram.com\\\/zeromagazinemx\"]},{\"@type\":\"Person\",\"@id\":\"https:\\\/\\\/zeromagazine.mx\\\/#\\\/schema\\\/person\\\/9aed9f33a7c39af3a348b86d723f7773\",\"name\":\"zeromagazinemx\",\"image\":{\"@type\":\"ImageObject\",\"inLanguage\":\"es\",\"@id\":\"https:\\\/\\\/zeromagazine.mx\\\/wp-content\\\/litespeed\\\/avatar\\\/f91dfe5410d5dcb1a576bf8c45983896.jpg?ver=1777571230\",\"url\":\"https:\\\/\\\/zeromagazine.mx\\\/wp-content\\\/litespeed\\\/avatar\\\/f91dfe5410d5dcb1a576bf8c45983896.jpg?ver=1777571230\",\"contentUrl\":\"https:\\\/\\\/zeromagazine.mx\\\/wp-content\\\/litespeed\\\/avatar\\\/f91dfe5410d5dcb1a576bf8c45983896.jpg?ver=1777571230\",\"caption\":\"zeromagazinemx\"},\"url\":\"https:\\\/\\\/zeromagazine.mx\\\/index.php\\\/author\\\/zeromagazinemx\\\/\"}]}<\/script>\n<!-- \/ Yoast SEO plugin. -->","yoast_head_json":{"title":"Perfumer\u00eda de Autor llega al Palacio de Hierro - Zero Magazine","robots":{"index":"index","follow":"follow","max-snippet":"max-snippet:-1","max-image-preview":"max-image-preview:large","max-video-preview":"max-video-preview:-1"},"canonical":"https:\/\/zeromagazine.mx\/index.php\/2024\/06\/27\/perfumeria-de-autor-llega-al-palacio-de-hierro\/","og_locale":"es_ES","og_type":"article","og_title":"Perfumer\u00eda de Autor llega al Palacio de Hierro - Zero Magazine","og_description":"\u00bfYa escucharon la noticia? El Palacio de Hierro est\u00e1 revolucionando el mundo de la belleza con la llegada de la Perfumer\u00eda de Autor a sus tiendas. Ahora, en Santa Fe, Interlomas, Quer\u00e9taro y Durango, podemos sumergirnos en un espacio dise\u00f1ado para los amantes del arte de la perfumer\u00eda. \u00bfQu\u00e9 significa esto? \u00a1Imag\u00ednense un para\u00edso olfativo [&hellip;]","og_url":"https:\/\/zeromagazine.mx\/index.php\/2024\/06\/27\/perfumeria-de-autor-llega-al-palacio-de-hierro\/","og_site_name":"Zero Magazine","article_published_time":"2024-06-27T19:02:56+00:00","article_modified_time":"2024-06-27T19:06:32+00:00","og_image":[{"width":1024,"height":661,"url":"https:\/\/zeromagazine.mx\/wp-content\/uploads\/2024\/06\/unnamed-16-1-1024x661.png","type":"image\/png"}],"author":"zeromagazinemx","twitter_card":"summary_large_image","twitter_misc":{"Escrito por":"zeromagazinemx","Tiempo de lectura":"1 minuto"},"schema":{"@context":"https:\/\/schema.org","@graph":[{"@type":"Article","@id":"https:\/\/zeromagazine.mx\/index.php\/2024\/06\/27\/perfumeria-de-autor-llega-al-palacio-de-hierro\/#article","isPartOf":{"@id":"https:\/\/zeromagazine.mx\/index.php\/2024\/06\/27\/perfumeria-de-autor-llega-al-palacio-de-hierro\/"},"author":{"name":"zeromagazinemx","@id":"https:\/\/zeromagazine.mx\/#\/schema\/person\/9aed9f33a7c39af3a348b86d723f7773"},"headline":"Perfumer\u00eda de Autor llega al Palacio de Hierro","datePublished":"2024-06-27T19:02:56+00:00","dateModified":"2024-06-27T19:06:32+00:00","mainEntityOfPage":{"@id":"https:\/\/zeromagazine.mx\/index.php\/2024\/06\/27\/perfumeria-de-autor-llega-al-palacio-de-hierro\/"},"wordCount":271,"commentCount":0,"publisher":{"@id":"https:\/\/zeromagazine.mx\/#organization"},"image":{"@id":"https:\/\/zeromagazine.mx\/index.php\/2024\/06\/27\/perfumeria-de-autor-llega-al-palacio-de-hierro\/#primaryimage"},"thumbnailUrl":"https:\/\/i0.wp.com\/zeromagazine.mx\/wp-content\/uploads\/2024\/06\/unnamed-16-1.png?fit=2790%2C1800&ssl=1","keywords":["Ex Nihilo","Memo Paris","Montale","palacio de hierro","Perfumer\u00eda"],"articleSection":["Blog"],"inLanguage":"es","potentialAction":[{"@type":"CommentAction","name":"Comment","target":["https:\/\/zeromagazine.mx\/index.php\/2024\/06\/27\/perfumeria-de-autor-llega-al-palacio-de-hierro\/#respond"]}]},{"@type":"WebPage","@id":"https:\/\/zeromagazine.mx\/index.php\/2024\/06\/27\/perfumeria-de-autor-llega-al-palacio-de-hierro\/","url":"https:\/\/zeromagazine.mx\/index.php\/2024\/06\/27\/perfumeria-de-autor-llega-al-palacio-de-hierro\/","name":"Perfumer\u00eda de Autor llega al Palacio de Hierro - Zero Magazine","isPartOf":{"@id":"https:\/\/zeromagazine.mx\/#website"},"primaryImageOfPage":{"@id":"https:\/\/zeromagazine.mx\/index.php\/2024\/06\/27\/perfumeria-de-autor-llega-al-palacio-de-hierro\/#primaryimage"},"image":{"@id":"https:\/\/zeromagazine.mx\/index.php\/2024\/06\/27\/perfumeria-de-autor-llega-al-palacio-de-hierro\/#primaryimage"},"thumbnailUrl":"https:\/\/i0.wp.com\/zeromagazine.mx\/wp-content\/uploads\/2024\/06\/unnamed-16-1.png?fit=2790%2C1800&ssl=1","datePublished":"2024-06-27T19:02:56+00:00","dateModified":"2024-06-27T19:06:32+00:00","breadcrumb":{"@id":"https:\/\/zeromagazine.mx\/index.php\/2024\/06\/27\/perfumeria-de-autor-llega-al-palacio-de-hierro\/#breadcrumb"},"inLanguage":"es","potentialAction":[{"@type":"ReadAction","target":["https:\/\/zeromagazine.mx\/index.php\/2024\/06\/27\/perfumeria-de-autor-llega-al-palacio-de-hierro\/"]}]},{"@type":"ImageObject","inLanguage":"es","@id":"https:\/\/zeromagazine.mx\/index.php\/2024\/06\/27\/perfumeria-de-autor-llega-al-palacio-de-hierro\/#primaryimage","url":"https:\/\/i0.wp.com\/zeromagazine.mx\/wp-content\/uploads\/2024\/06\/unnamed-16-1.png?fit=2790%2C1800&ssl=1","contentUrl":"https:\/\/i0.wp.com\/zeromagazine.mx\/wp-content\/uploads\/2024\/06\/unnamed-16-1.png?fit=2790%2C1800&ssl=1","width":2790,"height":1800},{"@type":"BreadcrumbList","@id":"https:\/\/zeromagazine.mx\/index.php\/2024\/06\/27\/perfumeria-de-autor-llega-al-palacio-de-hierro\/#breadcrumb","itemListElement":[{"@type":"ListItem","position":1,"name":"Portada","item":"https:\/\/zeromagazine.mx\/"},{"@type":"ListItem","position":2,"name":"Perfumer\u00eda de Autor llega al Palacio de Hierro"}]},{"@type":"WebSite","@id":"https:\/\/zeromagazine.mx\/#website","url":"https:\/\/zeromagazine.mx\/","name":"Zero Magazine","description":"","publisher":{"@id":"https:\/\/zeromagazine.mx\/#organization"},"potentialAction":[{"@type":"SearchAction","target":{"@type":"EntryPoint","urlTemplate":"https:\/\/zeromagazine.mx\/?s={search_term_string}"},"query-input":{"@type":"PropertyValueSpecification","valueRequired":true,"valueName":"search_term_string"}}],"inLanguage":"es"},{"@type":"Organization","@id":"https:\/\/zeromagazine.mx\/#organization","name":"Zero Magazine","url":"https:\/\/zeromagazine.mx\/","logo":{"@type":"ImageObject","inLanguage":"es","@id":"https:\/\/zeromagazine.mx\/#\/schema\/logo\/image\/","url":"https:\/\/i0.wp.com\/zeromagazine.mx\/wp-content\/uploads\/2025\/11\/1.jpeg?fit=1000%2C1000&ssl=1","contentUrl":"https:\/\/i0.wp.com\/zeromagazine.mx\/wp-content\/uploads\/2025\/11\/1.jpeg?fit=1000%2C1000&ssl=1","width":1000,"height":1000,"caption":"Zero Magazine"},"image":{"@id":"https:\/\/zeromagazine.mx\/#\/schema\/logo\/image\/"},"sameAs":["https:\/\/instagram.com\/zeromagazinemx"]},{"@type":"Person","@id":"https:\/\/zeromagazine.mx\/#\/schema\/person\/9aed9f33a7c39af3a348b86d723f7773","name":"zeromagazinemx","image":{"@type":"ImageObject","inLanguage":"es","@id":"https:\/\/zeromagazine.mx\/wp-content\/litespeed\/avatar\/f91dfe5410d5dcb1a576bf8c45983896.jpg?ver=1777571230","url":"https:\/\/zeromagazine.mx\/wp-content\/litespeed\/avatar\/f91dfe5410d5dcb1a576bf8c45983896.jpg?ver=1777571230","contentUrl":"https:\/\/zeromagazine.mx\/wp-content\/litespeed\/avatar\/f91dfe5410d5dcb1a576bf8c45983896.jpg?ver=1777571230","caption":"zeromagazinemx"},"url":"https:\/\/zeromagazine.mx\/index.php\/author\/zeromagazinemx\/"}]}},"jetpack_publicize_connections":[],"jetpack_featured_media_url":"https:\/\/i0.wp.com\/zeromagazine.mx\/wp-content\/uploads\/2024\/06\/unnamed-16-1.png?fit=2790%2C1800&ssl=1","jetpack-related-posts":[{"id":76858,"url":"https:\/\/zeromagazine.mx\/index.php\/2024\/05\/31\/mencare-belleza-masculina-en-el-palacio-de-hierro\/","url_meta":{"origin":79533,"position":0},"title":"MENCARE: Belleza Masculina en El Palacio de Hierro","author":"zeromagazinemx","date":"31 de mayo de 2024","format":false,"excerpt":"El Palacio de Hierro ha lanzado un nuevo concepto de belleza especializado en hombres llamado MENCARE. Este espacio no solo celebra la belleza exterior, sino que tambi\u00e9n enfatiza la importancia del cuidado personal y la autenticidad. Para empezar, es esencial reconocer c\u00f3mo el cuidado personal ha evolucionado en los \u00faltimos\u2026","rel":"","context":"En \u00abBienestar\u00bb","block_context":{"text":"Bienestar","link":"https:\/\/zeromagazine.mx\/index.php\/category\/lifestyle\/bienestar\/"},"img":{"alt_text":"","src":"https:\/\/i0.wp.com\/zeromagazine.mx\/wp-content\/uploads\/2024\/05\/MENCARE-Corner-1.jpg?fit=1200%2C817&ssl=1&resize=350%2C200","width":350,"height":200,"srcset":"https:\/\/i0.wp.com\/zeromagazine.mx\/wp-content\/uploads\/2024\/05\/MENCARE-Corner-1.jpg?fit=1200%2C817&ssl=1&resize=350%2C200 1x, https:\/\/i0.wp.com\/zeromagazine.mx\/wp-content\/uploads\/2024\/05\/MENCARE-Corner-1.jpg?fit=1200%2C817&ssl=1&resize=525%2C300 1.5x, https:\/\/i0.wp.com\/zeromagazine.mx\/wp-content\/uploads\/2024\/05\/MENCARE-Corner-1.jpg?fit=1200%2C817&ssl=1&resize=700%2C400 2x, https:\/\/i0.wp.com\/zeromagazine.mx\/wp-content\/uploads\/2024\/05\/MENCARE-Corner-1.jpg?fit=1200%2C817&ssl=1&resize=1050%2C600 3x"},"classes":[]},{"id":72430,"url":"https:\/\/zeromagazine.mx\/index.php\/2024\/03\/25\/mupe-nuevas-salas-para-perfumeria-contemporanea-y-de-autor\/","url_meta":{"origin":79533,"position":1},"title":"MUPE: Nuevas Salas para Perfumer\u00eda Contempor\u00e1nea y de Autor","author":"zeromagazinemx","date":"25 de marzo de 2024","format":false,"excerpt":"\u00a1El Museo del Perfume (MUPE) est\u00e1 inaugurando unas salas nuevas, la 5 y la 6, y est\u00e1n dedicadas a la perfumer\u00eda contempor\u00e1nea y de autor! Ahora, echando un vistazo m\u00e1s de cerca, estas nuevas salas nos llevan en un viaje alucinante a trav\u00e9s de las \u00faltimas d\u00e9cadas de la perfumer\u00eda.\u2026","rel":"","context":"En \u00abCultura\u00bb","block_context":{"text":"Cultura","link":"https:\/\/zeromagazine.mx\/index.php\/category\/cultura\/"},"img":{"alt_text":"","src":"https:\/\/i0.wp.com\/zeromagazine.mx\/wp-content\/uploads\/2024\/03\/AREA-MUPE-NUEVA-3.jpg?resize=350%2C200&ssl=1","width":350,"height":200},"classes":[]},{"id":109474,"url":"https:\/\/zeromagazine.mx\/index.php\/2025\/10\/15\/perfumeria-de-autor-lujo-identidad\/","url_meta":{"origin":79533,"position":2},"title":"Perfumer\u00eda de autor: el nuevo lenguaje del lujo","author":"zeromagazinemx","date":"15 de octubre de 2025","format":false,"excerpt":"Hay algo casi m\u00e1gico en la perfumer\u00eda de autor. No se trata solo de oler bien, sino de dejar que una fragancia hable por ti. En un mundo donde buscamos autenticidad y conexi\u00f3n, los perfumes de autor se han convertido en la nueva forma de expresi\u00f3n. Ya no se trata\u2026","rel":"","context":"En \u00abBeauty\u00bb","block_context":{"text":"Beauty","link":"https:\/\/zeromagazine.mx\/index.php\/category\/beauty\/"},"img":{"alt_text":"","src":"","width":0,"height":0},"classes":[]},{"id":47949,"url":"https:\/\/zeromagazine.mx\/index.php\/2021\/06\/16\/alcanza-al-exito-con-integridad-signature-de-lbel-te-muestra-como-lograrlo\/","url_meta":{"origin":79533,"position":3},"title":"Alcanza al \u00e9xito con integridad, Signature de L\u2019Bel te muestra c\u00f3mo lograrlo","author":"zeromagazinemx","date":"16 de junio de 2021","format":false,"excerpt":"El \u00e9xito es posible con constancia y esfuerzo pero necesitamos contar con elementos que nos ayuden a sentirnos mucho m\u00e1s seguros a la hora de buscar nuestros objetivos. Por Moises Kushelevich L\u2019Bel lanz\u00f3 \u201cSignature\u201d una fragancia que posee la base de Laire, un ingrediente exclusivo que ha sido un secreto\u2026","rel":"","context":"En \u00abLifestyle\u00bb","block_context":{"text":"Lifestyle","link":"https:\/\/zeromagazine.mx\/index.php\/category\/lifestyle\/"},"img":{"alt_text":"","src":"","width":0,"height":0},"classes":[]},{"id":85021,"url":"https:\/\/zeromagazine.mx\/index.php\/2024\/10\/02\/amber-universe-fragancias-cosmicas-on-point\/","url_meta":{"origin":79533,"position":4},"title":"\u00abAmber Universe: Fragancias C\u00f3smicas On Point\u00bb","author":"zeromagazinemx","date":"2 de octubre de 2024","format":false,"excerpt":"La marca de perfumes m\u00e1s top, The House of Creed, acaba de lanzar su \u00faltima joya: Amber Universe. Desde el 4 de septiembre de 2024, estas fragancias han comenzado a hacer olas en el mundo de los perfumes, y d\u00e9jame decirte que no es cualquier lanzamiento. Estamos hablando de un\u2026","rel":"","context":"En \u00abBeauty\u00bb","block_context":{"text":"Beauty","link":"https:\/\/zeromagazine.mx\/index.php\/category\/beauty\/"},"img":{"alt_text":"","src":"https:\/\/i0.wp.com\/zeromagazine.mx\/wp-content\/uploads\/2024\/10\/download.jpeg?fit=600%2C449&ssl=1&resize=350%2C200","width":350,"height":200,"srcset":"https:\/\/i0.wp.com\/zeromagazine.mx\/wp-content\/uploads\/2024\/10\/download.jpeg?fit=600%2C449&ssl=1&resize=350%2C200 1x, https:\/\/i0.wp.com\/zeromagazine.mx\/wp-content\/uploads\/2024\/10\/download.jpeg?fit=600%2C449&ssl=1&resize=525%2C300 1.5x"},"classes":[]},{"id":76375,"url":"https:\/\/zeromagazine.mx\/index.php\/2024\/05\/22\/explora-con-cypres-aromas-sin-limites\/","url_meta":{"origin":79533,"position":5},"title":"Explora con Cypr\u00e8s: Aromas sin L\u00edmites","author":"zeromagazinemx","date":"22 de mayo de 2024","format":false,"excerpt":"Hoy quiero platicarles sobre Cypr\u00e8s y su colecci\u00f3n \"Voyages\", porque esta marca est\u00e1 revolucionando la forma en que experimentamos los aromas. Ahora, hablemos de La Serenissima, el \u00faltimo aroma de Cypr\u00e8s que est\u00e1 causando sensaci\u00f3n. \u00bfTe imaginas celebrar a pap\u00e1 con un regalo que lo transporte directo a Venecia? Pues\u2026","rel":"","context":"En \u00abBienestar\u00bb","block_context":{"text":"Bienestar","link":"https:\/\/zeromagazine.mx\/index.php\/category\/lifestyle\/bienestar\/"},"img":{"alt_text":"","src":"https:\/\/i0.wp.com\/zeromagazine.mx\/wp-content\/uploads\/2024\/05\/Difusor-Aroma-La-Serenissima-scaled.jpg?fit=1200%2C800&ssl=1&resize=350%2C200","width":350,"height":200,"srcset":"https:\/\/i0.wp.com\/zeromagazine.mx\/wp-content\/uploads\/2024\/05\/Difusor-Aroma-La-Serenissima-scaled.jpg?fit=1200%2C800&ssl=1&resize=350%2C200 1x, https:\/\/i0.wp.com\/zeromagazine.mx\/wp-content\/uploads\/2024\/05\/Difusor-Aroma-La-Serenissima-scaled.jpg?fit=1200%2C800&ssl=1&resize=525%2C300 1.5x, https:\/\/i0.wp.com\/zeromagazine.mx\/wp-content\/uploads\/2024\/05\/Difusor-Aroma-La-Serenissima-scaled.jpg?fit=1200%2C800&ssl=1&resize=700%2C400 2x, https:\/\/i0.wp.com\/zeromagazine.mx\/wp-content\/uploads\/2024\/05\/Difusor-Aroma-La-Serenissima-scaled.jpg?fit=1200%2C800&ssl=1&resize=1050%2C600 3x"},"classes":[]}],"jetpack_sharing_enabled":true,"builder_content":"","_links":{"self":[{"href":"https:\/\/zeromagazine.mx\/index.php\/wp-json\/wp\/v2\/posts\/79533","targetHints":{"allow":["GET"]}}],"collection":[{"href":"https:\/\/zeromagazine.mx\/index.php\/wp-json\/wp\/v2\/posts"}],"about":[{"href":"https:\/\/zeromagazine.mx\/index.php\/wp-json\/wp\/v2\/types\/post"}],"author":[{"embeddable":true,"href":"https:\/\/zeromagazine.mx\/index.php\/wp-json\/wp\/v2\/users\/2"}],"replies":[{"embeddable":true,"href":"https:\/\/zeromagazine.mx\/index.php\/wp-json\/wp\/v2\/comments?post=79533"}],"version-history":[{"count":3,"href":"https:\/\/zeromagazine.mx\/index.php\/wp-json\/wp\/v2\/posts\/79533\/revisions"}],"predecessor-version":[{"id":79537,"href":"https:\/\/zeromagazine.mx\/index.php\/wp-json\/wp\/v2\/posts\/79533\/revisions\/79537"}],"wp:featuredmedia":[{"embeddable":true,"href":"https:\/\/zeromagazine.mx\/index.php\/wp-json\/wp\/v2\/media\/79534"}],"wp:attachment":[{"href":"https:\/\/zeromagazine.mx\/index.php\/wp-json\/wp\/v2\/media?parent=79533"}],"wp:term":[{"taxonomy":"category","embeddable":true,"href":"https:\/\/zeromagazine.mx\/index.php\/wp-json\/wp\/v2\/categories?post=79533"},{"taxonomy":"post_tag","embeddable":true,"href":"https:\/\/zeromagazine.mx\/index.php\/wp-json\/wp\/v2\/tags?post=79533"}],"curies":[{"name":"wp","href":"https:\/\/api.w.org\/{rel}","templated":true}]}}