{"id":79794,"date":"2024-07-02T01:31:12","date_gmt":"2024-07-01T23:31:12","guid":{"rendered":"https:\/\/zeromagazine.mx\/?p=79794"},"modified":"2024-07-02T01:31:14","modified_gmt":"2024-07-01T23:31:14","slug":"good-kid-se-presentara-por-primera-vez-en-nuestro-pais","status":"publish","type":"post","link":"https:\/\/zeromagazine.mx\/index.php\/2024\/07\/02\/good-kid-se-presentara-por-primera-vez-en-nuestro-pais\/","title":{"rendered":"Good Kid se Presentar\u00e1 por Primera vez en Nuestro Pa\u00eds"},"content":{"rendered":"<p>Les tengo una s\u00faper noticia que les va a poner a brincar de emoci\u00f3n: \u00a1Good Kid, esa banda de indie rock que est\u00e1 rompiendo en TikTok con su rol\u00f3n \u00abMimi&#8217;s Delivery Service\u00bb, va a tener su primer show aqu\u00ed en M\u00e9xico! Imag\u00ednense, el 12 de octubre en el Foro Puebla 186 en CDMX, vamos a poder disfrutar de toda esa energ\u00eda y buena vibra que tanto nos gusta de ellos.<\/p>\n\n\n\n<script async src=\"https:\/\/pagead2.googlesyndication.com\/pagead\/js\/adsbygoogle.js?client=ca-pub-5499304793904745\"\n     crossorigin=\"anonymous\"><\/script>\n<ins class=\"adsbygoogle\"\n     style=\"display:block; text-align:center;\"\n     data-ad-layout=\"in-article\"\n     data-ad-format=\"fluid\"\n     data-ad-client=\"ca-pub-5499304793904745\"\n     data-ad-slot=\"5994863093\"><\/ins>\n<script>\n     (adsbygoogle = window.adsbygoogle || []).push({});\n<\/script>\n\n\n\n<p><\/p>\n\n\n\n<p>Originaries de Toronto, Canad\u00e1, estes chicos est\u00e1n mezclando J-rock con indie-rock y pop-punk de una manera que nos tiene a todes enganchad\u00edsimos. Desde sus riffs poderosxs hasta esas letras tan ingeniosas, Good Kid ha logrado conquistar no solo el coraz\u00f3n de TikTok, sino tambi\u00e9n el de MrBeast, \u00a1s\u00ed, el mism\u00edsimo Youtuber gigante que les ha dado a\u00fan m\u00e1s visibilidad con m\u00e1s de 227 millones de vistas en sus videos!<\/p>\n\n\n<div class=\"wp-block-image\">\n<figure class=\"aligncenter size-full\"><img data-recalc-dims=\"1\" decoding=\"async\" width=\"1165\" height=\"715\" src=\"https:\/\/i0.wp.com\/zeromagazine.mx\/wp-content\/uploads\/2024\/07\/image_processing20240701-9-p16uqv.jpg?resize=1165%2C715&#038;ssl=1\" alt=\"\" class=\"wp-image-79795\" srcset=\"https:\/\/i0.wp.com\/zeromagazine.mx\/wp-content\/uploads\/2024\/07\/image_processing20240701-9-p16uqv.jpg?w=1920&amp;ssl=1 1920w, https:\/\/i0.wp.com\/zeromagazine.mx\/wp-content\/uploads\/2024\/07\/image_processing20240701-9-p16uqv.jpg?resize=300%2C184&amp;ssl=1 300w, https:\/\/i0.wp.com\/zeromagazine.mx\/wp-content\/uploads\/2024\/07\/image_processing20240701-9-p16uqv.jpg?resize=1024%2C629&amp;ssl=1 1024w, https:\/\/i0.wp.com\/zeromagazine.mx\/wp-content\/uploads\/2024\/07\/image_processing20240701-9-p16uqv.jpg?resize=768%2C472&amp;ssl=1 768w, https:\/\/i0.wp.com\/zeromagazine.mx\/wp-content\/uploads\/2024\/07\/image_processing20240701-9-p16uqv.jpg?resize=1536%2C943&amp;ssl=1 1536w\" sizes=\"(max-width: 1165px) 100vw, 1165px\" \/><\/figure>\n<\/div>\n\n\n<p><\/p>\n\n\n\n<p>Y no solo eso, amixes, su presencia en redes sociales es incre\u00edble. Sus fans est\u00e1n creando animaciones, videos y covers que demuestran lo profundo que es su v\u00ednculo con la m\u00fasica. No es de extra\u00f1ar que canciones como \u00abFrom the Start\u00bb hayan alcanzado el mill\u00f3n de reproducciones en solo 24 horas. Estamos hablando de un fen\u00f3meno musical en toda regla.<\/p>\n\n\n\n<script async src=\"https:\/\/pagead2.googlesyndication.com\/pagead\/js\/adsbygoogle.js?client=ca-pub-5499304793904745\"\n     crossorigin=\"anonymous\"><\/script>\n<ins class=\"adsbygoogle\"\n     style=\"display:block; text-align:center;\"\n     data-ad-layout=\"in-article\"\n     data-ad-format=\"fluid\"\n     data-ad-client=\"ca-pub-5499304793904745\"\n     data-ad-slot=\"5994863093\"><\/ins>\n<script>\n     (adsbygoogle = window.adsbygoogle || []).push({});\n<\/script>\n\n\n\n<p><\/p>\n\n\n\n<p>As\u00ed que marquen sus calendarios y preparen sus ahorros, porque la venta general de boletos comienza el 3 de julio a las 10:00 A.M. Ya saben, no se pueden perder la oportunidad de escuchar en vivo \u00e9xitos como \u00abSummer\u00bb, \u00abBubbly\u00bb y \u00abNo time to explain\u00bb. Este concierto promete ser \u00e9pico y lleno de momentos inolvidables. \u00a1Nos vemos en el Foro Puebla 186 para vivir juntxs esta experiencia \u00fanica con Good Kid!<\/p>\n\n<!--themify_builder_content-->\n<div id=\"themify_builder_content-79794\" data-postid=\"79794\" class=\"themify_builder_content themify_builder_content-79794 themify_builder tf_clear\">\n    <\/div>\n<!--\/themify_builder_content-->","protected":false},"excerpt":{"rendered":"<p>Les tengo una s\u00faper noticia que les va a poner a brincar de emoci\u00f3n: \u00a1Good Kid, esa banda de indie rock que est\u00e1 rompiendo en TikTok con su rol\u00f3n \u00abMimi&#8217;s Delivery Service\u00bb, va a tener su primer show aqu\u00ed en M\u00e9xico! Imag\u00ednense, el 12 de octubre en el Foro Puebla 186 en CDMX, vamos a [&hellip;]<\/p>\n","protected":false},"author":2,"featured_media":79795,"comment_status":"open","ping_status":"open","sticky":false,"template":"","format":"standard","meta":{"_jetpack_memberships_contains_paid_content":false,"footnotes":"","jetpack_publicize_message":"","jetpack_publicize_feature_enabled":true,"jetpack_social_post_already_shared":true,"jetpack_social_options":{"image_generator_settings":{"template":"highway","default_image_id":0,"font":"","enabled":false},"version":2}},"categories":[117],"tags":[1598,8194,9098],"class_list":["post-79794","post","type-post","status-publish","format-standard","has-post-thumbnail","hentry","category-entretenimiento","tag-cdmx","tag-foro-puebla","tag-good-kid","has-post-title","has-post-date","has-post-category","has-post-tag","has-post-comment","has-post-author",""],"yoast_head":"<!-- This site is optimized with the Yoast SEO plugin v27.5 - https:\/\/yoast.com\/product\/yoast-seo-wordpress\/ -->\n<title>Good Kid se Presentar\u00e1 por Primera vez en Nuestro Pa\u00eds - Zero Magazine<\/title>\n<meta name=\"robots\" content=\"index, follow, max-snippet:-1, max-image-preview:large, max-video-preview:-1\" \/>\n<link rel=\"canonical\" href=\"https:\/\/zeromagazine.mx\/index.php\/2024\/07\/02\/good-kid-se-presentara-por-primera-vez-en-nuestro-pais\/\" \/>\n<meta property=\"og:locale\" content=\"es_ES\" \/>\n<meta property=\"og:type\" content=\"article\" \/>\n<meta property=\"og:title\" content=\"Good Kid se Presentar\u00e1 por Primera vez en Nuestro Pa\u00eds - Zero Magazine\" \/>\n<meta property=\"og:description\" content=\"Les tengo una s\u00faper noticia que les va a poner a brincar de emoci\u00f3n: \u00a1Good Kid, esa banda de indie rock que est\u00e1 rompiendo en TikTok con su rol\u00f3n \u00abMimi&#8217;s Delivery Service\u00bb, va a tener su primer show aqu\u00ed en M\u00e9xico! Imag\u00ednense, el 12 de octubre en el Foro Puebla 186 en CDMX, vamos a [&hellip;]\" \/>\n<meta property=\"og:url\" content=\"https:\/\/zeromagazine.mx\/index.php\/2024\/07\/02\/good-kid-se-presentara-por-primera-vez-en-nuestro-pais\/\" \/>\n<meta property=\"og:site_name\" content=\"Zero Magazine\" \/>\n<meta property=\"article:published_time\" content=\"2024-07-01T23:31:12+00:00\" \/>\n<meta property=\"article:modified_time\" content=\"2024-07-01T23:31:14+00:00\" \/>\n<meta property=\"og:image\" content=\"https:\/\/i0.wp.com\/zeromagazine.mx\/wp-content\/uploads\/2024\/07\/image_processing20240701-9-p16uqv.jpg?fit=1920%2C1179&ssl=1\" \/>\n\t<meta property=\"og:image:width\" content=\"1920\" \/>\n\t<meta property=\"og:image:height\" content=\"1179\" \/>\n\t<meta property=\"og:image:type\" content=\"image\/jpeg\" \/>\n<meta name=\"author\" content=\"zeromagazinemx\" \/>\n<meta name=\"twitter:card\" content=\"summary_large_image\" \/>\n<meta name=\"twitter:label1\" content=\"Escrito por\" \/>\n\t<meta name=\"twitter:data1\" content=\"zeromagazinemx\" \/>\n\t<meta name=\"twitter:label2\" content=\"Tiempo de lectura\" \/>\n\t<meta name=\"twitter:data2\" content=\"1 minuto\" \/>\n<script type=\"application\/ld+json\" class=\"yoast-schema-graph\">{\"@context\":\"https:\\\/\\\/schema.org\",\"@graph\":[{\"@type\":\"Article\",\"@id\":\"https:\\\/\\\/zeromagazine.mx\\\/index.php\\\/2024\\\/07\\\/02\\\/good-kid-se-presentara-por-primera-vez-en-nuestro-pais\\\/#article\",\"isPartOf\":{\"@id\":\"https:\\\/\\\/zeromagazine.mx\\\/index.php\\\/2024\\\/07\\\/02\\\/good-kid-se-presentara-por-primera-vez-en-nuestro-pais\\\/\"},\"author\":{\"name\":\"zeromagazinemx\",\"@id\":\"https:\\\/\\\/zeromagazine.mx\\\/#\\\/schema\\\/person\\\/9aed9f33a7c39af3a348b86d723f7773\"},\"headline\":\"Good Kid se Presentar\u00e1 por Primera vez en Nuestro Pa\u00eds\",\"datePublished\":\"2024-07-01T23:31:12+00:00\",\"dateModified\":\"2024-07-01T23:31:14+00:00\",\"mainEntityOfPage\":{\"@id\":\"https:\\\/\\\/zeromagazine.mx\\\/index.php\\\/2024\\\/07\\\/02\\\/good-kid-se-presentara-por-primera-vez-en-nuestro-pais\\\/\"},\"wordCount\":297,\"commentCount\":0,\"publisher\":{\"@id\":\"https:\\\/\\\/zeromagazine.mx\\\/#organization\"},\"image\":{\"@id\":\"https:\\\/\\\/zeromagazine.mx\\\/index.php\\\/2024\\\/07\\\/02\\\/good-kid-se-presentara-por-primera-vez-en-nuestro-pais\\\/#primaryimage\"},\"thumbnailUrl\":\"https:\\\/\\\/i0.wp.com\\\/zeromagazine.mx\\\/wp-content\\\/uploads\\\/2024\\\/07\\\/image_processing20240701-9-p16uqv.jpg?fit=1920%2C1179&ssl=1\",\"keywords\":[\"CDMX\",\"Foro Puebla\",\"Good Kid\"],\"articleSection\":[\"Entretenimiento\"],\"inLanguage\":\"es\",\"potentialAction\":[{\"@type\":\"CommentAction\",\"name\":\"Comment\",\"target\":[\"https:\\\/\\\/zeromagazine.mx\\\/index.php\\\/2024\\\/07\\\/02\\\/good-kid-se-presentara-por-primera-vez-en-nuestro-pais\\\/#respond\"]}]},{\"@type\":\"WebPage\",\"@id\":\"https:\\\/\\\/zeromagazine.mx\\\/index.php\\\/2024\\\/07\\\/02\\\/good-kid-se-presentara-por-primera-vez-en-nuestro-pais\\\/\",\"url\":\"https:\\\/\\\/zeromagazine.mx\\\/index.php\\\/2024\\\/07\\\/02\\\/good-kid-se-presentara-por-primera-vez-en-nuestro-pais\\\/\",\"name\":\"Good Kid se Presentar\u00e1 por Primera vez en Nuestro Pa\u00eds - Zero Magazine\",\"isPartOf\":{\"@id\":\"https:\\\/\\\/zeromagazine.mx\\\/#website\"},\"primaryImageOfPage\":{\"@id\":\"https:\\\/\\\/zeromagazine.mx\\\/index.php\\\/2024\\\/07\\\/02\\\/good-kid-se-presentara-por-primera-vez-en-nuestro-pais\\\/#primaryimage\"},\"image\":{\"@id\":\"https:\\\/\\\/zeromagazine.mx\\\/index.php\\\/2024\\\/07\\\/02\\\/good-kid-se-presentara-por-primera-vez-en-nuestro-pais\\\/#primaryimage\"},\"thumbnailUrl\":\"https:\\\/\\\/i0.wp.com\\\/zeromagazine.mx\\\/wp-content\\\/uploads\\\/2024\\\/07\\\/image_processing20240701-9-p16uqv.jpg?fit=1920%2C1179&ssl=1\",\"datePublished\":\"2024-07-01T23:31:12+00:00\",\"dateModified\":\"2024-07-01T23:31:14+00:00\",\"breadcrumb\":{\"@id\":\"https:\\\/\\\/zeromagazine.mx\\\/index.php\\\/2024\\\/07\\\/02\\\/good-kid-se-presentara-por-primera-vez-en-nuestro-pais\\\/#breadcrumb\"},\"inLanguage\":\"es\",\"potentialAction\":[{\"@type\":\"ReadAction\",\"target\":[\"https:\\\/\\\/zeromagazine.mx\\\/index.php\\\/2024\\\/07\\\/02\\\/good-kid-se-presentara-por-primera-vez-en-nuestro-pais\\\/\"]}]},{\"@type\":\"ImageObject\",\"inLanguage\":\"es\",\"@id\":\"https:\\\/\\\/zeromagazine.mx\\\/index.php\\\/2024\\\/07\\\/02\\\/good-kid-se-presentara-por-primera-vez-en-nuestro-pais\\\/#primaryimage\",\"url\":\"https:\\\/\\\/i0.wp.com\\\/zeromagazine.mx\\\/wp-content\\\/uploads\\\/2024\\\/07\\\/image_processing20240701-9-p16uqv.jpg?fit=1920%2C1179&ssl=1\",\"contentUrl\":\"https:\\\/\\\/i0.wp.com\\\/zeromagazine.mx\\\/wp-content\\\/uploads\\\/2024\\\/07\\\/image_processing20240701-9-p16uqv.jpg?fit=1920%2C1179&ssl=1\",\"width\":1920,\"height\":1179},{\"@type\":\"BreadcrumbList\",\"@id\":\"https:\\\/\\\/zeromagazine.mx\\\/index.php\\\/2024\\\/07\\\/02\\\/good-kid-se-presentara-por-primera-vez-en-nuestro-pais\\\/#breadcrumb\",\"itemListElement\":[{\"@type\":\"ListItem\",\"position\":1,\"name\":\"Portada\",\"item\":\"https:\\\/\\\/zeromagazine.mx\\\/\"},{\"@type\":\"ListItem\",\"position\":2,\"name\":\"Good Kid se Presentar\u00e1 por Primera vez en Nuestro Pa\u00eds\"}]},{\"@type\":\"WebSite\",\"@id\":\"https:\\\/\\\/zeromagazine.mx\\\/#website\",\"url\":\"https:\\\/\\\/zeromagazine.mx\\\/\",\"name\":\"Zero Magazine\",\"description\":\"\",\"publisher\":{\"@id\":\"https:\\\/\\\/zeromagazine.mx\\\/#organization\"},\"potentialAction\":[{\"@type\":\"SearchAction\",\"target\":{\"@type\":\"EntryPoint\",\"urlTemplate\":\"https:\\\/\\\/zeromagazine.mx\\\/?s={search_term_string}\"},\"query-input\":{\"@type\":\"PropertyValueSpecification\",\"valueRequired\":true,\"valueName\":\"search_term_string\"}}],\"inLanguage\":\"es\"},{\"@type\":\"Organization\",\"@id\":\"https:\\\/\\\/zeromagazine.mx\\\/#organization\",\"name\":\"Zero Magazine\",\"url\":\"https:\\\/\\\/zeromagazine.mx\\\/\",\"logo\":{\"@type\":\"ImageObject\",\"inLanguage\":\"es\",\"@id\":\"https:\\\/\\\/zeromagazine.mx\\\/#\\\/schema\\\/logo\\\/image\\\/\",\"url\":\"https:\\\/\\\/i0.wp.com\\\/zeromagazine.mx\\\/wp-content\\\/uploads\\\/2025\\\/11\\\/1.jpeg?fit=1000%2C1000&ssl=1\",\"contentUrl\":\"https:\\\/\\\/i0.wp.com\\\/zeromagazine.mx\\\/wp-content\\\/uploads\\\/2025\\\/11\\\/1.jpeg?fit=1000%2C1000&ssl=1\",\"width\":1000,\"height\":1000,\"caption\":\"Zero Magazine\"},\"image\":{\"@id\":\"https:\\\/\\\/zeromagazine.mx\\\/#\\\/schema\\\/logo\\\/image\\\/\"},\"sameAs\":[\"https:\\\/\\\/instagram.com\\\/zeromagazinemx\"]},{\"@type\":\"Person\",\"@id\":\"https:\\\/\\\/zeromagazine.mx\\\/#\\\/schema\\\/person\\\/9aed9f33a7c39af3a348b86d723f7773\",\"name\":\"zeromagazinemx\",\"image\":{\"@type\":\"ImageObject\",\"inLanguage\":\"es\",\"@id\":\"https:\\\/\\\/zeromagazine.mx\\\/wp-content\\\/litespeed\\\/avatar\\\/f91dfe5410d5dcb1a576bf8c45983896.jpg?ver=1777571230\",\"url\":\"https:\\\/\\\/zeromagazine.mx\\\/wp-content\\\/litespeed\\\/avatar\\\/f91dfe5410d5dcb1a576bf8c45983896.jpg?ver=1777571230\",\"contentUrl\":\"https:\\\/\\\/zeromagazine.mx\\\/wp-content\\\/litespeed\\\/avatar\\\/f91dfe5410d5dcb1a576bf8c45983896.jpg?ver=1777571230\",\"caption\":\"zeromagazinemx\"},\"url\":\"https:\\\/\\\/zeromagazine.mx\\\/index.php\\\/author\\\/zeromagazinemx\\\/\"}]}<\/script>\n<!-- \/ Yoast SEO plugin. -->","yoast_head_json":{"title":"Good Kid se Presentar\u00e1 por Primera vez en Nuestro Pa\u00eds - Zero Magazine","robots":{"index":"index","follow":"follow","max-snippet":"max-snippet:-1","max-image-preview":"max-image-preview:large","max-video-preview":"max-video-preview:-1"},"canonical":"https:\/\/zeromagazine.mx\/index.php\/2024\/07\/02\/good-kid-se-presentara-por-primera-vez-en-nuestro-pais\/","og_locale":"es_ES","og_type":"article","og_title":"Good Kid se Presentar\u00e1 por Primera vez en Nuestro Pa\u00eds - Zero Magazine","og_description":"Les tengo una s\u00faper noticia que les va a poner a brincar de emoci\u00f3n: \u00a1Good Kid, esa banda de indie rock que est\u00e1 rompiendo en TikTok con su rol\u00f3n \u00abMimi&#8217;s Delivery Service\u00bb, va a tener su primer show aqu\u00ed en M\u00e9xico! Imag\u00ednense, el 12 de octubre en el Foro Puebla 186 en CDMX, vamos a [&hellip;]","og_url":"https:\/\/zeromagazine.mx\/index.php\/2024\/07\/02\/good-kid-se-presentara-por-primera-vez-en-nuestro-pais\/","og_site_name":"Zero Magazine","article_published_time":"2024-07-01T23:31:12+00:00","article_modified_time":"2024-07-01T23:31:14+00:00","og_image":[{"width":1920,"height":1179,"url":"https:\/\/i0.wp.com\/zeromagazine.mx\/wp-content\/uploads\/2024\/07\/image_processing20240701-9-p16uqv.jpg?fit=1920%2C1179&ssl=1","type":"image\/jpeg"}],"author":"zeromagazinemx","twitter_card":"summary_large_image","twitter_misc":{"Escrito por":"zeromagazinemx","Tiempo de lectura":"1 minuto"},"schema":{"@context":"https:\/\/schema.org","@graph":[{"@type":"Article","@id":"https:\/\/zeromagazine.mx\/index.php\/2024\/07\/02\/good-kid-se-presentara-por-primera-vez-en-nuestro-pais\/#article","isPartOf":{"@id":"https:\/\/zeromagazine.mx\/index.php\/2024\/07\/02\/good-kid-se-presentara-por-primera-vez-en-nuestro-pais\/"},"author":{"name":"zeromagazinemx","@id":"https:\/\/zeromagazine.mx\/#\/schema\/person\/9aed9f33a7c39af3a348b86d723f7773"},"headline":"Good Kid se Presentar\u00e1 por Primera vez en Nuestro Pa\u00eds","datePublished":"2024-07-01T23:31:12+00:00","dateModified":"2024-07-01T23:31:14+00:00","mainEntityOfPage":{"@id":"https:\/\/zeromagazine.mx\/index.php\/2024\/07\/02\/good-kid-se-presentara-por-primera-vez-en-nuestro-pais\/"},"wordCount":297,"commentCount":0,"publisher":{"@id":"https:\/\/zeromagazine.mx\/#organization"},"image":{"@id":"https:\/\/zeromagazine.mx\/index.php\/2024\/07\/02\/good-kid-se-presentara-por-primera-vez-en-nuestro-pais\/#primaryimage"},"thumbnailUrl":"https:\/\/i0.wp.com\/zeromagazine.mx\/wp-content\/uploads\/2024\/07\/image_processing20240701-9-p16uqv.jpg?fit=1920%2C1179&ssl=1","keywords":["CDMX","Foro Puebla","Good Kid"],"articleSection":["Entretenimiento"],"inLanguage":"es","potentialAction":[{"@type":"CommentAction","name":"Comment","target":["https:\/\/zeromagazine.mx\/index.php\/2024\/07\/02\/good-kid-se-presentara-por-primera-vez-en-nuestro-pais\/#respond"]}]},{"@type":"WebPage","@id":"https:\/\/zeromagazine.mx\/index.php\/2024\/07\/02\/good-kid-se-presentara-por-primera-vez-en-nuestro-pais\/","url":"https:\/\/zeromagazine.mx\/index.php\/2024\/07\/02\/good-kid-se-presentara-por-primera-vez-en-nuestro-pais\/","name":"Good Kid se Presentar\u00e1 por Primera vez en Nuestro Pa\u00eds - Zero Magazine","isPartOf":{"@id":"https:\/\/zeromagazine.mx\/#website"},"primaryImageOfPage":{"@id":"https:\/\/zeromagazine.mx\/index.php\/2024\/07\/02\/good-kid-se-presentara-por-primera-vez-en-nuestro-pais\/#primaryimage"},"image":{"@id":"https:\/\/zeromagazine.mx\/index.php\/2024\/07\/02\/good-kid-se-presentara-por-primera-vez-en-nuestro-pais\/#primaryimage"},"thumbnailUrl":"https:\/\/i0.wp.com\/zeromagazine.mx\/wp-content\/uploads\/2024\/07\/image_processing20240701-9-p16uqv.jpg?fit=1920%2C1179&ssl=1","datePublished":"2024-07-01T23:31:12+00:00","dateModified":"2024-07-01T23:31:14+00:00","breadcrumb":{"@id":"https:\/\/zeromagazine.mx\/index.php\/2024\/07\/02\/good-kid-se-presentara-por-primera-vez-en-nuestro-pais\/#breadcrumb"},"inLanguage":"es","potentialAction":[{"@type":"ReadAction","target":["https:\/\/zeromagazine.mx\/index.php\/2024\/07\/02\/good-kid-se-presentara-por-primera-vez-en-nuestro-pais\/"]}]},{"@type":"ImageObject","inLanguage":"es","@id":"https:\/\/zeromagazine.mx\/index.php\/2024\/07\/02\/good-kid-se-presentara-por-primera-vez-en-nuestro-pais\/#primaryimage","url":"https:\/\/i0.wp.com\/zeromagazine.mx\/wp-content\/uploads\/2024\/07\/image_processing20240701-9-p16uqv.jpg?fit=1920%2C1179&ssl=1","contentUrl":"https:\/\/i0.wp.com\/zeromagazine.mx\/wp-content\/uploads\/2024\/07\/image_processing20240701-9-p16uqv.jpg?fit=1920%2C1179&ssl=1","width":1920,"height":1179},{"@type":"BreadcrumbList","@id":"https:\/\/zeromagazine.mx\/index.php\/2024\/07\/02\/good-kid-se-presentara-por-primera-vez-en-nuestro-pais\/#breadcrumb","itemListElement":[{"@type":"ListItem","position":1,"name":"Portada","item":"https:\/\/zeromagazine.mx\/"},{"@type":"ListItem","position":2,"name":"Good Kid se Presentar\u00e1 por Primera vez en Nuestro Pa\u00eds"}]},{"@type":"WebSite","@id":"https:\/\/zeromagazine.mx\/#website","url":"https:\/\/zeromagazine.mx\/","name":"Zero Magazine","description":"","publisher":{"@id":"https:\/\/zeromagazine.mx\/#organization"},"potentialAction":[{"@type":"SearchAction","target":{"@type":"EntryPoint","urlTemplate":"https:\/\/zeromagazine.mx\/?s={search_term_string}"},"query-input":{"@type":"PropertyValueSpecification","valueRequired":true,"valueName":"search_term_string"}}],"inLanguage":"es"},{"@type":"Organization","@id":"https:\/\/zeromagazine.mx\/#organization","name":"Zero Magazine","url":"https:\/\/zeromagazine.mx\/","logo":{"@type":"ImageObject","inLanguage":"es","@id":"https:\/\/zeromagazine.mx\/#\/schema\/logo\/image\/","url":"https:\/\/i0.wp.com\/zeromagazine.mx\/wp-content\/uploads\/2025\/11\/1.jpeg?fit=1000%2C1000&ssl=1","contentUrl":"https:\/\/i0.wp.com\/zeromagazine.mx\/wp-content\/uploads\/2025\/11\/1.jpeg?fit=1000%2C1000&ssl=1","width":1000,"height":1000,"caption":"Zero Magazine"},"image":{"@id":"https:\/\/zeromagazine.mx\/#\/schema\/logo\/image\/"},"sameAs":["https:\/\/instagram.com\/zeromagazinemx"]},{"@type":"Person","@id":"https:\/\/zeromagazine.mx\/#\/schema\/person\/9aed9f33a7c39af3a348b86d723f7773","name":"zeromagazinemx","image":{"@type":"ImageObject","inLanguage":"es","@id":"https:\/\/zeromagazine.mx\/wp-content\/litespeed\/avatar\/f91dfe5410d5dcb1a576bf8c45983896.jpg?ver=1777571230","url":"https:\/\/zeromagazine.mx\/wp-content\/litespeed\/avatar\/f91dfe5410d5dcb1a576bf8c45983896.jpg?ver=1777571230","contentUrl":"https:\/\/zeromagazine.mx\/wp-content\/litespeed\/avatar\/f91dfe5410d5dcb1a576bf8c45983896.jpg?ver=1777571230","caption":"zeromagazinemx"},"url":"https:\/\/zeromagazine.mx\/index.php\/author\/zeromagazinemx\/"}]}},"jetpack_publicize_connections":[],"jetpack_featured_media_url":"https:\/\/i0.wp.com\/zeromagazine.mx\/wp-content\/uploads\/2024\/07\/image_processing20240701-9-p16uqv.jpg?fit=1920%2C1179&ssl=1","jetpack-related-posts":[{"id":91264,"url":"https:\/\/zeromagazine.mx\/index.php\/2024\/11\/21\/the-karate-kid-lo-nuevo-de-coldplay\/","url_meta":{"origin":79794,"position":0},"title":"The Karate Kid: Lo Nuevo de Coldplay","author":"zeromagazinemx","date":"21 de noviembre de 2024","format":false,"excerpt":"Zero Squad si son fan de Coldplay, de las pel\u00edculas cl\u00e1sicas de los 80\u2019s, o simplemente te encanta cuando la magia de la m\u00fasica y el cine se fusionan, te va a volar la cabeza lo que acaban de sacar. S\u00ed, hablamos del nuevo video musical de The Karate Kid,\u2026","rel":"","context":"En \u00abEntretenimiento\u00bb","block_context":{"text":"Entretenimiento","link":"https:\/\/zeromagazine.mx\/index.php\/category\/entretenimiento\/"},"img":{"alt_text":"","src":"https:\/\/i0.wp.com\/zeromagazine.mx\/wp-content\/uploads\/2024\/11\/unnamed-4-1.jpg?fit=1200%2C771&ssl=1&resize=350%2C200","width":350,"height":200,"srcset":"https:\/\/i0.wp.com\/zeromagazine.mx\/wp-content\/uploads\/2024\/11\/unnamed-4-1.jpg?fit=1200%2C771&ssl=1&resize=350%2C200 1x, https:\/\/i0.wp.com\/zeromagazine.mx\/wp-content\/uploads\/2024\/11\/unnamed-4-1.jpg?fit=1200%2C771&ssl=1&resize=525%2C300 1.5x, https:\/\/i0.wp.com\/zeromagazine.mx\/wp-content\/uploads\/2024\/11\/unnamed-4-1.jpg?fit=1200%2C771&ssl=1&resize=700%2C400 2x, https:\/\/i0.wp.com\/zeromagazine.mx\/wp-content\/uploads\/2024\/11\/unnamed-4-1.jpg?fit=1200%2C771&ssl=1&resize=1050%2C600 3x"},"classes":[]},{"id":89535,"url":"https:\/\/zeromagazine.mx\/index.php\/2024\/11\/06\/jose-germain-rockeando-la-nostalgia\/","url_meta":{"origin":79794,"position":1},"title":"\u00abJos\u00e9 Germain: Rockeando la nostalgia\u00bb","author":"zeromagazinemx","date":"6 de noviembre de 2024","format":false,"excerpt":"\u00bfConoc\u00edas a Jos\u00e9 Germain? Si no, prep\u00e1rate porque esta bandita de rock indie originaria de San Luis R\u00edo Colorado, Sonora, est\u00e1 dando de qu\u00e9 hablar. Son cuatro morros con talento puro: V\u00edctor Reynoso (el master detr\u00e1s de las composiciones y guitarrista), Luis S\u00e1nchez (guitarra l\u00edder que mete las vibes), Sergio\u2026","rel":"","context":"En \u00abEntretenimiento\u00bb","block_context":{"text":"Entretenimiento","link":"https:\/\/zeromagazine.mx\/index.php\/category\/entretenimiento\/"},"img":{"alt_text":"","src":"https:\/\/i0.wp.com\/zeromagazine.mx\/wp-content\/uploads\/2024\/11\/Z_flores_jose_germain_foto-scaled.jpg?fit=1200%2C1200&ssl=1&resize=350%2C200","width":350,"height":200,"srcset":"https:\/\/i0.wp.com\/zeromagazine.mx\/wp-content\/uploads\/2024\/11\/Z_flores_jose_germain_foto-scaled.jpg?fit=1200%2C1200&ssl=1&resize=350%2C200 1x, https:\/\/i0.wp.com\/zeromagazine.mx\/wp-content\/uploads\/2024\/11\/Z_flores_jose_germain_foto-scaled.jpg?fit=1200%2C1200&ssl=1&resize=525%2C300 1.5x, https:\/\/i0.wp.com\/zeromagazine.mx\/wp-content\/uploads\/2024\/11\/Z_flores_jose_germain_foto-scaled.jpg?fit=1200%2C1200&ssl=1&resize=700%2C400 2x, https:\/\/i0.wp.com\/zeromagazine.mx\/wp-content\/uploads\/2024\/11\/Z_flores_jose_germain_foto-scaled.jpg?fit=1200%2C1200&ssl=1&resize=1050%2C600 3x"},"classes":[]},{"id":116900,"url":"https:\/\/zeromagazine.mx\/index.php\/2026\/03\/17\/two-door-cinema-club-mexico-2026\/","url_meta":{"origin":79794,"position":2},"title":"\u00a1TWO DOOR CINEMA CLUB ANUNCIA SHOWS EN MTY Y CDMX!","author":"David Morales","date":"17 de marzo de 2026","format":false,"excerpt":"La escena indie tiene una gran noticia para M\u00e9xico:\u00a0Two Door Cinema Club\u00a0regresa con conciertos confirmados en Monterrey y Ciudad de M\u00e9xico como parte de su gira por Norteam\u00e9rica. La banda promete una experiencia llena de nostalgia, energ\u00eda y muchos de los temas que marcaron una era del indie rock. Los\u2026","rel":"","context":"En \u00abConcierto\u00bb","block_context":{"text":"Concierto","link":"https:\/\/zeromagazine.mx\/index.php\/category\/concierto\/"},"img":{"alt_text":"","src":"https:\/\/i0.wp.com\/zeromagazine.mx\/wp-content\/uploads\/2026\/03\/IMG_1758.jpeg?fit=1200%2C674&ssl=1&resize=350%2C200","width":350,"height":200,"srcset":"https:\/\/i0.wp.com\/zeromagazine.mx\/wp-content\/uploads\/2026\/03\/IMG_1758.jpeg?fit=1200%2C674&ssl=1&resize=350%2C200 1x, https:\/\/i0.wp.com\/zeromagazine.mx\/wp-content\/uploads\/2026\/03\/IMG_1758.jpeg?fit=1200%2C674&ssl=1&resize=525%2C300 1.5x, https:\/\/i0.wp.com\/zeromagazine.mx\/wp-content\/uploads\/2026\/03\/IMG_1758.jpeg?fit=1200%2C674&ssl=1&resize=700%2C400 2x, https:\/\/i0.wp.com\/zeromagazine.mx\/wp-content\/uploads\/2026\/03\/IMG_1758.jpeg?fit=1200%2C674&ssl=1&resize=1050%2C600 3x"},"classes":[]},{"id":117844,"url":"https:\/\/zeromagazine.mx\/index.php\/2026\/04\/06\/kid-phenomenon-mirror-nuevo-sencillo\/","url_meta":{"origin":79794,"position":3},"title":"KID PHENOMENON refleja las luchas silenciosas de la Generaci\u00f3n Z en su nuevo y mel\u00f3dico himno \u201dMirror\u201d","author":"David Morales","date":"6 de abril de 2026","format":false,"excerpt":"Menos ruido, m\u00e1s emoci\u00f3n: el nuevo sencillo que confirma que el pop japon\u00e9s tambi\u00e9n sabe mirar hacia adentro. En una industria donde todo parece ir r\u00e1pido, brillante y perfectamente coreografiado, detenerse tambi\u00e9n es una declaraci\u00f3n. Y eso es justo lo que hace\u00a0KID PHENOMENON\u00a0con \u201cMirror\u201d, su s\u00e9ptimo sencillo: bajar el ritmo,\u2026","rel":"","context":"En \u00abM\u00fasica\u00bb","block_context":{"text":"M\u00fasica","link":"https:\/\/zeromagazine.mx\/index.php\/category\/musica\/"},"img":{"alt_text":"","src":"https:\/\/i0.wp.com\/zeromagazine.mx\/wp-content\/uploads\/2026\/04\/Mirror_Coverart_3000px-scaled.jpeg?fit=1200%2C930&ssl=1&resize=350%2C200","width":350,"height":200,"srcset":"https:\/\/i0.wp.com\/zeromagazine.mx\/wp-content\/uploads\/2026\/04\/Mirror_Coverart_3000px-scaled.jpeg?fit=1200%2C930&ssl=1&resize=350%2C200 1x, https:\/\/i0.wp.com\/zeromagazine.mx\/wp-content\/uploads\/2026\/04\/Mirror_Coverart_3000px-scaled.jpeg?fit=1200%2C930&ssl=1&resize=525%2C300 1.5x, https:\/\/i0.wp.com\/zeromagazine.mx\/wp-content\/uploads\/2026\/04\/Mirror_Coverart_3000px-scaled.jpeg?fit=1200%2C930&ssl=1&resize=700%2C400 2x, https:\/\/i0.wp.com\/zeromagazine.mx\/wp-content\/uploads\/2026\/04\/Mirror_Coverart_3000px-scaled.jpeg?fit=1200%2C930&ssl=1&resize=1050%2C600 3x"},"classes":[]},{"id":103894,"url":"https:\/\/zeromagazine.mx\/index.php\/2025\/05\/08\/estreno-de-karate-kid-leyendas\/","url_meta":{"origin":79794,"position":4},"title":"Estreno de Karate Kid: Leyendas","author":"David Morales","date":"8 de mayo de 2025","format":false,"excerpt":"Amix, si creciste viendo c\u00f3mo el Sr. Miyagi dec\u00eda \"dar cera, pulir cera\", prep\u00e1rate porque la nueva pel\u00edcula Karate Kid: Leyendas ya est\u00e1 en cartelera y viene con una mezcla brutal de emociones, artes marciales y esa nostalgia que pega directo en el kokoro. Porque s\u00ed, ahora pelea con dos\u2026","rel":"","context":"En \u00abEntretenimiento\u00bb","block_context":{"text":"Entretenimiento","link":"https:\/\/zeromagazine.mx\/index.php\/category\/entretenimiento\/"},"img":{"alt_text":"","src":"https:\/\/i0.wp.com\/zeromagazine.mx\/wp-content\/uploads\/2025\/05\/KP1A4945-scaled.jpg?fit=1200%2C800&ssl=1&resize=350%2C200","width":350,"height":200,"srcset":"https:\/\/i0.wp.com\/zeromagazine.mx\/wp-content\/uploads\/2025\/05\/KP1A4945-scaled.jpg?fit=1200%2C800&ssl=1&resize=350%2C200 1x, https:\/\/i0.wp.com\/zeromagazine.mx\/wp-content\/uploads\/2025\/05\/KP1A4945-scaled.jpg?fit=1200%2C800&ssl=1&resize=525%2C300 1.5x, https:\/\/i0.wp.com\/zeromagazine.mx\/wp-content\/uploads\/2025\/05\/KP1A4945-scaled.jpg?fit=1200%2C800&ssl=1&resize=700%2C400 2x, https:\/\/i0.wp.com\/zeromagazine.mx\/wp-content\/uploads\/2025\/05\/KP1A4945-scaled.jpg?fit=1200%2C800&ssl=1&resize=1050%2C600 3x"},"classes":[]},{"id":84548,"url":"https:\/\/zeromagazine.mx\/index.php\/2024\/09\/25\/rockea-con-franz-en-cdmx\/","url_meta":{"origin":79794,"position":5},"title":"\u00abRockea con Franz en CDMX\u00bb","author":"zeromagazinemx","date":"25 de septiembre de 2024","format":false,"excerpt":"La cuenta regresiva ha comenzado y la emoci\u00f3n est\u00e1 en el aire porque Franz Ferdinand, la ic\u00f3nica banda escocesa, est\u00e1 a punto de rockear Quer\u00e9taro en el Festival Pulso GNP. Pero antes de eso, tienen una sorpresa especial para todos los fans en la Ciudad de M\u00e9xico que no querr\u00e1n\u2026","rel":"","context":"En \u00abEntretenimiento\u00bb","block_context":{"text":"Entretenimiento","link":"https:\/\/zeromagazine.mx\/index.php\/category\/entretenimiento\/"},"img":{"alt_text":"","src":"https:\/\/i0.wp.com\/zeromagazine.mx\/wp-content\/uploads\/2024\/09\/Franz-Ferdinand-2024-5-1.jpg?fit=1200%2C628&ssl=1&resize=350%2C200","width":350,"height":200,"srcset":"https:\/\/i0.wp.com\/zeromagazine.mx\/wp-content\/uploads\/2024\/09\/Franz-Ferdinand-2024-5-1.jpg?fit=1200%2C628&ssl=1&resize=350%2C200 1x, https:\/\/i0.wp.com\/zeromagazine.mx\/wp-content\/uploads\/2024\/09\/Franz-Ferdinand-2024-5-1.jpg?fit=1200%2C628&ssl=1&resize=525%2C300 1.5x, https:\/\/i0.wp.com\/zeromagazine.mx\/wp-content\/uploads\/2024\/09\/Franz-Ferdinand-2024-5-1.jpg?fit=1200%2C628&ssl=1&resize=700%2C400 2x, https:\/\/i0.wp.com\/zeromagazine.mx\/wp-content\/uploads\/2024\/09\/Franz-Ferdinand-2024-5-1.jpg?fit=1200%2C628&ssl=1&resize=1050%2C600 3x"},"classes":[]}],"jetpack_sharing_enabled":true,"builder_content":"","_links":{"self":[{"href":"https:\/\/zeromagazine.mx\/index.php\/wp-json\/wp\/v2\/posts\/79794","targetHints":{"allow":["GET"]}}],"collection":[{"href":"https:\/\/zeromagazine.mx\/index.php\/wp-json\/wp\/v2\/posts"}],"about":[{"href":"https:\/\/zeromagazine.mx\/index.php\/wp-json\/wp\/v2\/types\/post"}],"author":[{"embeddable":true,"href":"https:\/\/zeromagazine.mx\/index.php\/wp-json\/wp\/v2\/users\/2"}],"replies":[{"embeddable":true,"href":"https:\/\/zeromagazine.mx\/index.php\/wp-json\/wp\/v2\/comments?post=79794"}],"version-history":[{"count":1,"href":"https:\/\/zeromagazine.mx\/index.php\/wp-json\/wp\/v2\/posts\/79794\/revisions"}],"predecessor-version":[{"id":79796,"href":"https:\/\/zeromagazine.mx\/index.php\/wp-json\/wp\/v2\/posts\/79794\/revisions\/79796"}],"wp:featuredmedia":[{"embeddable":true,"href":"https:\/\/zeromagazine.mx\/index.php\/wp-json\/wp\/v2\/media\/79795"}],"wp:attachment":[{"href":"https:\/\/zeromagazine.mx\/index.php\/wp-json\/wp\/v2\/media?parent=79794"}],"wp:term":[{"taxonomy":"category","embeddable":true,"href":"https:\/\/zeromagazine.mx\/index.php\/wp-json\/wp\/v2\/categories?post=79794"},{"taxonomy":"post_tag","embeddable":true,"href":"https:\/\/zeromagazine.mx\/index.php\/wp-json\/wp\/v2\/tags?post=79794"}],"curies":[{"name":"wp","href":"https:\/\/api.w.org\/{rel}","templated":true}]}}