{"id":79819,"date":"2024-07-02T23:07:11","date_gmt":"2024-07-02T21:07:11","guid":{"rendered":"https:\/\/zeromagazine.mx\/?p=79819"},"modified":"2024-07-02T23:09:39","modified_gmt":"2024-07-02T21:09:39","slug":"la-obra-mas-top-cumple-un-ano-en-cartelera","status":"publish","type":"post","link":"https:\/\/zeromagazine.mx\/index.php\/2024\/07\/02\/la-obra-mas-top-cumple-un-ano-en-cartelera\/","title":{"rendered":"La Obra m\u00e1s Top Cumple un A\u00f1o en Cartelera"},"content":{"rendered":"<p>El Mago (The Wiz) acaba de celebrar su primer a\u00f1ote en cartelera, y para echar la casa por la ventana, tienen como madrina a la ic\u00f3nica Daniela Romo. \u00a1Imag\u00ednate la emoci\u00f3n! La talentosa cantante, con su carisma y presencia, le dar\u00e1 un toque especial a esta celebraci\u00f3n.<\/p>\n\n\n\n<h2 class=\"wp-block-heading\">\u00bfQu\u00e9 le paso a Lucero Mijares?<\/h2>\n\n\n\n<p>Primero, les cuento que Lucero Mijares, a pesar de sufrir un accidente d\u00edas antes del estreno, se rif\u00f3 ca\u00f1\u00f3n en el escenario. Con un profesionalismo impresionante, se gan\u00f3 el aplauso del p\u00fablico interpretando a una Dorothy encantadora y audaz. <\/p>\n\n\n\n<script async src=\"https:\/\/pagead2.googlesyndication.com\/pagead\/js\/adsbygoogle.js?client=ca-pub-5499304793904745\"\n     crossorigin=\"anonymous\"><\/script>\n<ins class=\"adsbygoogle\"\n     style=\"display:block; text-align:center;\"\n     data-ad-layout=\"in-article\"\n     data-ad-format=\"fluid\"\n     data-ad-client=\"ca-pub-5499304793904745\"\n     data-ad-slot=\"5994863093\"><\/ins>\n<script>\n     (adsbygoogle = window.adsbygoogle || []).push({});\n<\/script>\n\n\n\n<p><\/p>\n\n\n\n<p>Adem\u00e1s, Juan Torres est\u00e1 celebrando 25 a\u00f1os de trayectoria con esta producci\u00f3n, y vaya que lo hizo a lo grande. Esta versi\u00f3n de \u00abEl Mago\u00bb es diferente a todo lo que hemos visto relacionado con el Mago de Oz. Aqu\u00ed, los personajes son m\u00e1s humanos y vulnerables, lo que la hace m\u00e1s top y super emocionante.<\/p>\n\n\n\n<p>Por otra parte, este musical marc\u00f3 el regreso de una leyenda del teatro musical en M\u00e9xico: Mar\u00eda del Sol. Ella interpreta a Glinda, la bruja buena, y logra conectar con el p\u00fablico funci\u00f3n tras funci\u00f3n. Su interpretaci\u00f3n es tan poderosa que ayuda a Dorothy a encontrar su fuerza interior, ofreciendo un mensaje de amor y superaci\u00f3n ante los obst\u00e1culos de la vida.<\/p>\n\n\n<div class=\"wp-block-image\">\n<figure class=\"aligncenter size-full\"><img data-recalc-dims=\"1\" decoding=\"async\" width=\"1165\" height=\"777\" src=\"https:\/\/i0.wp.com\/zeromagazine.mx\/wp-content\/uploads\/2024\/07\/THE-WIZ-ON-STAGE-38-scaled.jpg?resize=1165%2C777&#038;ssl=1\" alt=\"Daniela Romo brilla como madrina en 'El Mago', una obra teatral llena de magia y talento\" class=\"wp-image-79820\" srcset=\"https:\/\/i0.wp.com\/zeromagazine.mx\/wp-content\/uploads\/2024\/07\/THE-WIZ-ON-STAGE-38-scaled.jpg?w=2560&amp;ssl=1 2560w, https:\/\/i0.wp.com\/zeromagazine.mx\/wp-content\/uploads\/2024\/07\/THE-WIZ-ON-STAGE-38-scaled.jpg?resize=300%2C200&amp;ssl=1 300w, https:\/\/i0.wp.com\/zeromagazine.mx\/wp-content\/uploads\/2024\/07\/THE-WIZ-ON-STAGE-38-scaled.jpg?resize=1024%2C683&amp;ssl=1 1024w, https:\/\/i0.wp.com\/zeromagazine.mx\/wp-content\/uploads\/2024\/07\/THE-WIZ-ON-STAGE-38-scaled.jpg?resize=768%2C512&amp;ssl=1 768w, https:\/\/i0.wp.com\/zeromagazine.mx\/wp-content\/uploads\/2024\/07\/THE-WIZ-ON-STAGE-38-scaled.jpg?resize=1536%2C1024&amp;ssl=1 1536w, https:\/\/i0.wp.com\/zeromagazine.mx\/wp-content\/uploads\/2024\/07\/THE-WIZ-ON-STAGE-38-scaled.jpg?resize=2048%2C1365&amp;ssl=1 2048w, https:\/\/i0.wp.com\/zeromagazine.mx\/wp-content\/uploads\/2024\/07\/THE-WIZ-ON-STAGE-38-scaled.jpg?w=2330 2330w\" sizes=\"(max-width: 1165px) 100vw, 1165px\" \/><\/figure>\n<\/div>\n\n\n<p><\/p>\n\n\n\n<p>El elenco es puro lujo: Lucero Mijares brillando como Dorothy, Mar\u00eda del Sol da vida a Glinda, Federico Di Lorenzo interpretando al Le\u00f3n, \u00d3scar Acosta como el Hombre de Hojalata, \u00a1y muchos m\u00e1s que tienes que descubrir por ti mismo! Cada funci\u00f3n es una explosi\u00f3n de talento y pasi\u00f3n que te dejar\u00e1 sin palabras.<\/p>\n\n\n\n<h2 class=\"wp-block-heading\">\u00bfCu\u00e1les son los horarios de la obra?<\/h2>\n\n\n\n<p>En cuanto a los horarios, pueden disfrutar de \u00abEl Mago\u00bb los viernes a las 8:30 pm, s\u00e1bados a las 5:00 y 8:30 pm, y domingos a las 5:00 pm en el Teatro Hidalgo. Los boletos est\u00e1n disponibles en taquilla y en Ticketmaster, as\u00ed que no hay excusas para perderse esta maravilla.<\/p>\n\n\n<div class=\"wp-block-image\">\n<figure class=\"aligncenter size-full\"><img data-recalc-dims=\"1\" decoding=\"async\" width=\"1165\" height=\"777\" src=\"https:\/\/i0.wp.com\/zeromagazine.mx\/wp-content\/uploads\/2024\/07\/THE-WIZ-ON-STAGE-13-scaled.jpg?resize=1165%2C777&#038;ssl=1\" alt=\"Aqu\u00ed te contamos cu\u00e1l es la obra m\u00e1s top del momento.\" class=\"wp-image-79821\" srcset=\"https:\/\/i0.wp.com\/zeromagazine.mx\/wp-content\/uploads\/2024\/07\/THE-WIZ-ON-STAGE-13-scaled.jpg?w=2560&amp;ssl=1 2560w, https:\/\/i0.wp.com\/zeromagazine.mx\/wp-content\/uploads\/2024\/07\/THE-WIZ-ON-STAGE-13-scaled.jpg?resize=300%2C200&amp;ssl=1 300w, https:\/\/i0.wp.com\/zeromagazine.mx\/wp-content\/uploads\/2024\/07\/THE-WIZ-ON-STAGE-13-scaled.jpg?resize=1024%2C683&amp;ssl=1 1024w, https:\/\/i0.wp.com\/zeromagazine.mx\/wp-content\/uploads\/2024\/07\/THE-WIZ-ON-STAGE-13-scaled.jpg?resize=768%2C512&amp;ssl=1 768w, https:\/\/i0.wp.com\/zeromagazine.mx\/wp-content\/uploads\/2024\/07\/THE-WIZ-ON-STAGE-13-scaled.jpg?resize=1536%2C1024&amp;ssl=1 1536w, https:\/\/i0.wp.com\/zeromagazine.mx\/wp-content\/uploads\/2024\/07\/THE-WIZ-ON-STAGE-13-scaled.jpg?resize=2048%2C1365&amp;ssl=1 2048w, https:\/\/i0.wp.com\/zeromagazine.mx\/wp-content\/uploads\/2024\/07\/THE-WIZ-ON-STAGE-13-scaled.jpg?w=2330 2330w\" sizes=\"(max-width: 1165px) 100vw, 1165px\" \/><\/figure>\n<\/div>\n\n\n<p><\/p>\n\n\n\n<p>Finalmente, no olviden que el equipo creativo est\u00e1 lleno de cracks. Ricardo D\u00edaz en la direcci\u00f3n y montaje vocal, Pablo Rodr\u00edguez en la coreograf\u00eda, \u00d3scar Acosta en la direcci\u00f3n creativa, escenograf\u00eda y montaje vocal, y Jair Campos en el vestuario. \u00a1Todos se la est\u00e1n rifando!<\/p>\n\n\n\n<script async src=\"https:\/\/pagead2.googlesyndication.com\/pagead\/js\/adsbygoogle.js?client=ca-pub-5499304793904745\"\n     crossorigin=\"anonymous\"><\/script>\n<ins class=\"adsbygoogle\"\n     style=\"display:block; text-align:center;\"\n     data-ad-layout=\"in-article\"\n     data-ad-format=\"fluid\"\n     data-ad-client=\"ca-pub-5499304793904745\"\n     data-ad-slot=\"5994863093\"><\/ins>\n<script>\n     (adsbygoogle = window.adsbygoogle || []).push({});\n<\/script>\n\n\n\n<p><\/p>\n\n\n\n<p>As\u00ed que ya saben, amix, no se pierdan la obra de la que todo el mundo habla. Les aseguro que es una experiencia m\u00e1gica que no se pueden perder.<\/p>\n\n<!--themify_builder_content-->\n<div id=\"themify_builder_content-79819\" data-postid=\"79819\" class=\"themify_builder_content themify_builder_content-79819 themify_builder tf_clear\">\n    <\/div>\n<!--\/themify_builder_content-->","protected":false},"excerpt":{"rendered":"<p>El Mago (The Wiz) acaba de celebrar su primer a\u00f1ote en cartelera, y para echar la casa por la ventana, tienen como madrina a la ic\u00f3nica Daniela Romo. \u00a1Imag\u00ednate la emoci\u00f3n! La talentosa cantante, con su carisma y presencia, le dar\u00e1 un toque especial a esta celebraci\u00f3n. \u00bfQu\u00e9 le paso a Lucero Mijares? Primero, les [&hellip;]<\/p>\n","protected":false},"author":2,"featured_media":79820,"comment_status":"open","ping_status":"open","sticky":false,"template":"","format":"standard","meta":{"_jetpack_memberships_contains_paid_content":false,"footnotes":"","jetpack_publicize_message":"","jetpack_publicize_feature_enabled":true,"jetpack_social_post_already_shared":true,"jetpack_social_options":{"image_generator_settings":{"template":"highway","default_image_id":0,"font":"","enabled":false},"version":2}},"categories":[117,311],"tags":[9106,9105,9107,9108],"class_list":["post-79819","post","type-post","status-publish","format-standard","has-post-thumbnail","hentry","category-entretenimiento","category-teatro","tag-daniela-romo","tag-el-mago","tag-lucero-mijares","tag-the-wiz","has-post-title","has-post-date","has-post-category","has-post-tag","has-post-comment","has-post-author",""],"yoast_head":"<!-- This site is optimized with the Yoast SEO plugin v27.5 - https:\/\/yoast.com\/product\/yoast-seo-wordpress\/ -->\n<title>La Obra m\u00e1s Top Cumple un A\u00f1o en Cartelera - Zero Magazine<\/title>\n<meta name=\"robots\" content=\"index, follow, max-snippet:-1, max-image-preview:large, max-video-preview:-1\" \/>\n<link rel=\"canonical\" href=\"https:\/\/zeromagazine.mx\/index.php\/2024\/07\/02\/la-obra-mas-top-cumple-un-ano-en-cartelera\/\" \/>\n<meta property=\"og:locale\" content=\"es_ES\" \/>\n<meta property=\"og:type\" content=\"article\" \/>\n<meta property=\"og:title\" content=\"La Obra m\u00e1s Top Cumple un A\u00f1o en Cartelera - Zero Magazine\" \/>\n<meta property=\"og:description\" content=\"El Mago (The Wiz) acaba de celebrar su primer a\u00f1ote en cartelera, y para echar la casa por la ventana, tienen como madrina a la ic\u00f3nica Daniela Romo. \u00a1Imag\u00ednate la emoci\u00f3n! La talentosa cantante, con su carisma y presencia, le dar\u00e1 un toque especial a esta celebraci\u00f3n. \u00bfQu\u00e9 le paso a Lucero Mijares? Primero, les [&hellip;]\" \/>\n<meta property=\"og:url\" content=\"https:\/\/zeromagazine.mx\/index.php\/2024\/07\/02\/la-obra-mas-top-cumple-un-ano-en-cartelera\/\" \/>\n<meta property=\"og:site_name\" content=\"Zero Magazine\" \/>\n<meta property=\"article:published_time\" content=\"2024-07-02T21:07:11+00:00\" \/>\n<meta property=\"article:modified_time\" content=\"2024-07-02T21:09:39+00:00\" \/>\n<meta property=\"og:image\" content=\"https:\/\/i0.wp.com\/zeromagazine.mx\/wp-content\/uploads\/2024\/07\/THE-WIZ-ON-STAGE-38-scaled.jpg?fit=2560%2C1707&ssl=1\" \/>\n\t<meta property=\"og:image:width\" content=\"2560\" \/>\n\t<meta property=\"og:image:height\" content=\"1707\" \/>\n\t<meta property=\"og:image:type\" content=\"image\/jpeg\" \/>\n<meta name=\"author\" content=\"zeromagazinemx\" \/>\n<meta name=\"twitter:card\" content=\"summary_large_image\" \/>\n<meta name=\"twitter:label1\" content=\"Escrito por\" \/>\n\t<meta name=\"twitter:data1\" content=\"zeromagazinemx\" \/>\n\t<meta name=\"twitter:label2\" content=\"Tiempo de lectura\" \/>\n\t<meta name=\"twitter:data2\" content=\"2 minutos\" \/>\n<script type=\"application\/ld+json\" class=\"yoast-schema-graph\">{\"@context\":\"https:\\\/\\\/schema.org\",\"@graph\":[{\"@type\":\"Article\",\"@id\":\"https:\\\/\\\/zeromagazine.mx\\\/index.php\\\/2024\\\/07\\\/02\\\/la-obra-mas-top-cumple-un-ano-en-cartelera\\\/#article\",\"isPartOf\":{\"@id\":\"https:\\\/\\\/zeromagazine.mx\\\/index.php\\\/2024\\\/07\\\/02\\\/la-obra-mas-top-cumple-un-ano-en-cartelera\\\/\"},\"author\":{\"name\":\"zeromagazinemx\",\"@id\":\"https:\\\/\\\/zeromagazine.mx\\\/#\\\/schema\\\/person\\\/9aed9f33a7c39af3a348b86d723f7773\"},\"headline\":\"La Obra m\u00e1s Top Cumple un A\u00f1o en Cartelera\",\"datePublished\":\"2024-07-02T21:07:11+00:00\",\"dateModified\":\"2024-07-02T21:09:39+00:00\",\"mainEntityOfPage\":{\"@id\":\"https:\\\/\\\/zeromagazine.mx\\\/index.php\\\/2024\\\/07\\\/02\\\/la-obra-mas-top-cumple-un-ano-en-cartelera\\\/\"},\"wordCount\":441,\"commentCount\":0,\"publisher\":{\"@id\":\"https:\\\/\\\/zeromagazine.mx\\\/#organization\"},\"image\":{\"@id\":\"https:\\\/\\\/zeromagazine.mx\\\/index.php\\\/2024\\\/07\\\/02\\\/la-obra-mas-top-cumple-un-ano-en-cartelera\\\/#primaryimage\"},\"thumbnailUrl\":\"https:\\\/\\\/i0.wp.com\\\/zeromagazine.mx\\\/wp-content\\\/uploads\\\/2024\\\/07\\\/THE-WIZ-ON-STAGE-38-scaled.jpg?fit=2560%2C1707&ssl=1\",\"keywords\":[\"Daniela Romo\",\"El Mago\",\"Lucero Mijares\",\"The Wiz\"],\"articleSection\":[\"Entretenimiento\",\"Teatro\"],\"inLanguage\":\"es\",\"potentialAction\":[{\"@type\":\"CommentAction\",\"name\":\"Comment\",\"target\":[\"https:\\\/\\\/zeromagazine.mx\\\/index.php\\\/2024\\\/07\\\/02\\\/la-obra-mas-top-cumple-un-ano-en-cartelera\\\/#respond\"]}]},{\"@type\":\"WebPage\",\"@id\":\"https:\\\/\\\/zeromagazine.mx\\\/index.php\\\/2024\\\/07\\\/02\\\/la-obra-mas-top-cumple-un-ano-en-cartelera\\\/\",\"url\":\"https:\\\/\\\/zeromagazine.mx\\\/index.php\\\/2024\\\/07\\\/02\\\/la-obra-mas-top-cumple-un-ano-en-cartelera\\\/\",\"name\":\"La Obra m\u00e1s Top Cumple un A\u00f1o en Cartelera - Zero Magazine\",\"isPartOf\":{\"@id\":\"https:\\\/\\\/zeromagazine.mx\\\/#website\"},\"primaryImageOfPage\":{\"@id\":\"https:\\\/\\\/zeromagazine.mx\\\/index.php\\\/2024\\\/07\\\/02\\\/la-obra-mas-top-cumple-un-ano-en-cartelera\\\/#primaryimage\"},\"image\":{\"@id\":\"https:\\\/\\\/zeromagazine.mx\\\/index.php\\\/2024\\\/07\\\/02\\\/la-obra-mas-top-cumple-un-ano-en-cartelera\\\/#primaryimage\"},\"thumbnailUrl\":\"https:\\\/\\\/i0.wp.com\\\/zeromagazine.mx\\\/wp-content\\\/uploads\\\/2024\\\/07\\\/THE-WIZ-ON-STAGE-38-scaled.jpg?fit=2560%2C1707&ssl=1\",\"datePublished\":\"2024-07-02T21:07:11+00:00\",\"dateModified\":\"2024-07-02T21:09:39+00:00\",\"breadcrumb\":{\"@id\":\"https:\\\/\\\/zeromagazine.mx\\\/index.php\\\/2024\\\/07\\\/02\\\/la-obra-mas-top-cumple-un-ano-en-cartelera\\\/#breadcrumb\"},\"inLanguage\":\"es\",\"potentialAction\":[{\"@type\":\"ReadAction\",\"target\":[\"https:\\\/\\\/zeromagazine.mx\\\/index.php\\\/2024\\\/07\\\/02\\\/la-obra-mas-top-cumple-un-ano-en-cartelera\\\/\"]}]},{\"@type\":\"ImageObject\",\"inLanguage\":\"es\",\"@id\":\"https:\\\/\\\/zeromagazine.mx\\\/index.php\\\/2024\\\/07\\\/02\\\/la-obra-mas-top-cumple-un-ano-en-cartelera\\\/#primaryimage\",\"url\":\"https:\\\/\\\/i0.wp.com\\\/zeromagazine.mx\\\/wp-content\\\/uploads\\\/2024\\\/07\\\/THE-WIZ-ON-STAGE-38-scaled.jpg?fit=2560%2C1707&ssl=1\",\"contentUrl\":\"https:\\\/\\\/i0.wp.com\\\/zeromagazine.mx\\\/wp-content\\\/uploads\\\/2024\\\/07\\\/THE-WIZ-ON-STAGE-38-scaled.jpg?fit=2560%2C1707&ssl=1\",\"width\":2560,\"height\":1707},{\"@type\":\"BreadcrumbList\",\"@id\":\"https:\\\/\\\/zeromagazine.mx\\\/index.php\\\/2024\\\/07\\\/02\\\/la-obra-mas-top-cumple-un-ano-en-cartelera\\\/#breadcrumb\",\"itemListElement\":[{\"@type\":\"ListItem\",\"position\":1,\"name\":\"Portada\",\"item\":\"https:\\\/\\\/zeromagazine.mx\\\/\"},{\"@type\":\"ListItem\",\"position\":2,\"name\":\"La Obra m\u00e1s Top Cumple un A\u00f1o en Cartelera\"}]},{\"@type\":\"WebSite\",\"@id\":\"https:\\\/\\\/zeromagazine.mx\\\/#website\",\"url\":\"https:\\\/\\\/zeromagazine.mx\\\/\",\"name\":\"Zero Magazine\",\"description\":\"\",\"publisher\":{\"@id\":\"https:\\\/\\\/zeromagazine.mx\\\/#organization\"},\"potentialAction\":[{\"@type\":\"SearchAction\",\"target\":{\"@type\":\"EntryPoint\",\"urlTemplate\":\"https:\\\/\\\/zeromagazine.mx\\\/?s={search_term_string}\"},\"query-input\":{\"@type\":\"PropertyValueSpecification\",\"valueRequired\":true,\"valueName\":\"search_term_string\"}}],\"inLanguage\":\"es\"},{\"@type\":\"Organization\",\"@id\":\"https:\\\/\\\/zeromagazine.mx\\\/#organization\",\"name\":\"Zero Magazine\",\"url\":\"https:\\\/\\\/zeromagazine.mx\\\/\",\"logo\":{\"@type\":\"ImageObject\",\"inLanguage\":\"es\",\"@id\":\"https:\\\/\\\/zeromagazine.mx\\\/#\\\/schema\\\/logo\\\/image\\\/\",\"url\":\"https:\\\/\\\/i0.wp.com\\\/zeromagazine.mx\\\/wp-content\\\/uploads\\\/2025\\\/11\\\/1.jpeg?fit=1000%2C1000&ssl=1\",\"contentUrl\":\"https:\\\/\\\/i0.wp.com\\\/zeromagazine.mx\\\/wp-content\\\/uploads\\\/2025\\\/11\\\/1.jpeg?fit=1000%2C1000&ssl=1\",\"width\":1000,\"height\":1000,\"caption\":\"Zero Magazine\"},\"image\":{\"@id\":\"https:\\\/\\\/zeromagazine.mx\\\/#\\\/schema\\\/logo\\\/image\\\/\"},\"sameAs\":[\"https:\\\/\\\/instagram.com\\\/zeromagazinemx\"]},{\"@type\":\"Person\",\"@id\":\"https:\\\/\\\/zeromagazine.mx\\\/#\\\/schema\\\/person\\\/9aed9f33a7c39af3a348b86d723f7773\",\"name\":\"zeromagazinemx\",\"image\":{\"@type\":\"ImageObject\",\"inLanguage\":\"es\",\"@id\":\"https:\\\/\\\/zeromagazine.mx\\\/wp-content\\\/litespeed\\\/avatar\\\/f91dfe5410d5dcb1a576bf8c45983896.jpg?ver=1777571230\",\"url\":\"https:\\\/\\\/zeromagazine.mx\\\/wp-content\\\/litespeed\\\/avatar\\\/f91dfe5410d5dcb1a576bf8c45983896.jpg?ver=1777571230\",\"contentUrl\":\"https:\\\/\\\/zeromagazine.mx\\\/wp-content\\\/litespeed\\\/avatar\\\/f91dfe5410d5dcb1a576bf8c45983896.jpg?ver=1777571230\",\"caption\":\"zeromagazinemx\"},\"url\":\"https:\\\/\\\/zeromagazine.mx\\\/index.php\\\/author\\\/zeromagazinemx\\\/\"}]}<\/script>\n<!-- \/ Yoast SEO plugin. -->","yoast_head_json":{"title":"La Obra m\u00e1s Top Cumple un A\u00f1o en Cartelera - Zero Magazine","robots":{"index":"index","follow":"follow","max-snippet":"max-snippet:-1","max-image-preview":"max-image-preview:large","max-video-preview":"max-video-preview:-1"},"canonical":"https:\/\/zeromagazine.mx\/index.php\/2024\/07\/02\/la-obra-mas-top-cumple-un-ano-en-cartelera\/","og_locale":"es_ES","og_type":"article","og_title":"La Obra m\u00e1s Top Cumple un A\u00f1o en Cartelera - Zero Magazine","og_description":"El Mago (The Wiz) acaba de celebrar su primer a\u00f1ote en cartelera, y para echar la casa por la ventana, tienen como madrina a la ic\u00f3nica Daniela Romo. \u00a1Imag\u00ednate la emoci\u00f3n! La talentosa cantante, con su carisma y presencia, le dar\u00e1 un toque especial a esta celebraci\u00f3n. \u00bfQu\u00e9 le paso a Lucero Mijares? Primero, les [&hellip;]","og_url":"https:\/\/zeromagazine.mx\/index.php\/2024\/07\/02\/la-obra-mas-top-cumple-un-ano-en-cartelera\/","og_site_name":"Zero Magazine","article_published_time":"2024-07-02T21:07:11+00:00","article_modified_time":"2024-07-02T21:09:39+00:00","og_image":[{"width":2560,"height":1707,"url":"https:\/\/i0.wp.com\/zeromagazine.mx\/wp-content\/uploads\/2024\/07\/THE-WIZ-ON-STAGE-38-scaled.jpg?fit=2560%2C1707&ssl=1","type":"image\/jpeg"}],"author":"zeromagazinemx","twitter_card":"summary_large_image","twitter_misc":{"Escrito por":"zeromagazinemx","Tiempo de lectura":"2 minutos"},"schema":{"@context":"https:\/\/schema.org","@graph":[{"@type":"Article","@id":"https:\/\/zeromagazine.mx\/index.php\/2024\/07\/02\/la-obra-mas-top-cumple-un-ano-en-cartelera\/#article","isPartOf":{"@id":"https:\/\/zeromagazine.mx\/index.php\/2024\/07\/02\/la-obra-mas-top-cumple-un-ano-en-cartelera\/"},"author":{"name":"zeromagazinemx","@id":"https:\/\/zeromagazine.mx\/#\/schema\/person\/9aed9f33a7c39af3a348b86d723f7773"},"headline":"La Obra m\u00e1s Top Cumple un A\u00f1o en Cartelera","datePublished":"2024-07-02T21:07:11+00:00","dateModified":"2024-07-02T21:09:39+00:00","mainEntityOfPage":{"@id":"https:\/\/zeromagazine.mx\/index.php\/2024\/07\/02\/la-obra-mas-top-cumple-un-ano-en-cartelera\/"},"wordCount":441,"commentCount":0,"publisher":{"@id":"https:\/\/zeromagazine.mx\/#organization"},"image":{"@id":"https:\/\/zeromagazine.mx\/index.php\/2024\/07\/02\/la-obra-mas-top-cumple-un-ano-en-cartelera\/#primaryimage"},"thumbnailUrl":"https:\/\/i0.wp.com\/zeromagazine.mx\/wp-content\/uploads\/2024\/07\/THE-WIZ-ON-STAGE-38-scaled.jpg?fit=2560%2C1707&ssl=1","keywords":["Daniela Romo","El Mago","Lucero Mijares","The Wiz"],"articleSection":["Entretenimiento","Teatro"],"inLanguage":"es","potentialAction":[{"@type":"CommentAction","name":"Comment","target":["https:\/\/zeromagazine.mx\/index.php\/2024\/07\/02\/la-obra-mas-top-cumple-un-ano-en-cartelera\/#respond"]}]},{"@type":"WebPage","@id":"https:\/\/zeromagazine.mx\/index.php\/2024\/07\/02\/la-obra-mas-top-cumple-un-ano-en-cartelera\/","url":"https:\/\/zeromagazine.mx\/index.php\/2024\/07\/02\/la-obra-mas-top-cumple-un-ano-en-cartelera\/","name":"La Obra m\u00e1s Top Cumple un A\u00f1o en Cartelera - Zero Magazine","isPartOf":{"@id":"https:\/\/zeromagazine.mx\/#website"},"primaryImageOfPage":{"@id":"https:\/\/zeromagazine.mx\/index.php\/2024\/07\/02\/la-obra-mas-top-cumple-un-ano-en-cartelera\/#primaryimage"},"image":{"@id":"https:\/\/zeromagazine.mx\/index.php\/2024\/07\/02\/la-obra-mas-top-cumple-un-ano-en-cartelera\/#primaryimage"},"thumbnailUrl":"https:\/\/i0.wp.com\/zeromagazine.mx\/wp-content\/uploads\/2024\/07\/THE-WIZ-ON-STAGE-38-scaled.jpg?fit=2560%2C1707&ssl=1","datePublished":"2024-07-02T21:07:11+00:00","dateModified":"2024-07-02T21:09:39+00:00","breadcrumb":{"@id":"https:\/\/zeromagazine.mx\/index.php\/2024\/07\/02\/la-obra-mas-top-cumple-un-ano-en-cartelera\/#breadcrumb"},"inLanguage":"es","potentialAction":[{"@type":"ReadAction","target":["https:\/\/zeromagazine.mx\/index.php\/2024\/07\/02\/la-obra-mas-top-cumple-un-ano-en-cartelera\/"]}]},{"@type":"ImageObject","inLanguage":"es","@id":"https:\/\/zeromagazine.mx\/index.php\/2024\/07\/02\/la-obra-mas-top-cumple-un-ano-en-cartelera\/#primaryimage","url":"https:\/\/i0.wp.com\/zeromagazine.mx\/wp-content\/uploads\/2024\/07\/THE-WIZ-ON-STAGE-38-scaled.jpg?fit=2560%2C1707&ssl=1","contentUrl":"https:\/\/i0.wp.com\/zeromagazine.mx\/wp-content\/uploads\/2024\/07\/THE-WIZ-ON-STAGE-38-scaled.jpg?fit=2560%2C1707&ssl=1","width":2560,"height":1707},{"@type":"BreadcrumbList","@id":"https:\/\/zeromagazine.mx\/index.php\/2024\/07\/02\/la-obra-mas-top-cumple-un-ano-en-cartelera\/#breadcrumb","itemListElement":[{"@type":"ListItem","position":1,"name":"Portada","item":"https:\/\/zeromagazine.mx\/"},{"@type":"ListItem","position":2,"name":"La Obra m\u00e1s Top Cumple un A\u00f1o en Cartelera"}]},{"@type":"WebSite","@id":"https:\/\/zeromagazine.mx\/#website","url":"https:\/\/zeromagazine.mx\/","name":"Zero Magazine","description":"","publisher":{"@id":"https:\/\/zeromagazine.mx\/#organization"},"potentialAction":[{"@type":"SearchAction","target":{"@type":"EntryPoint","urlTemplate":"https:\/\/zeromagazine.mx\/?s={search_term_string}"},"query-input":{"@type":"PropertyValueSpecification","valueRequired":true,"valueName":"search_term_string"}}],"inLanguage":"es"},{"@type":"Organization","@id":"https:\/\/zeromagazine.mx\/#organization","name":"Zero Magazine","url":"https:\/\/zeromagazine.mx\/","logo":{"@type":"ImageObject","inLanguage":"es","@id":"https:\/\/zeromagazine.mx\/#\/schema\/logo\/image\/","url":"https:\/\/i0.wp.com\/zeromagazine.mx\/wp-content\/uploads\/2025\/11\/1.jpeg?fit=1000%2C1000&ssl=1","contentUrl":"https:\/\/i0.wp.com\/zeromagazine.mx\/wp-content\/uploads\/2025\/11\/1.jpeg?fit=1000%2C1000&ssl=1","width":1000,"height":1000,"caption":"Zero Magazine"},"image":{"@id":"https:\/\/zeromagazine.mx\/#\/schema\/logo\/image\/"},"sameAs":["https:\/\/instagram.com\/zeromagazinemx"]},{"@type":"Person","@id":"https:\/\/zeromagazine.mx\/#\/schema\/person\/9aed9f33a7c39af3a348b86d723f7773","name":"zeromagazinemx","image":{"@type":"ImageObject","inLanguage":"es","@id":"https:\/\/zeromagazine.mx\/wp-content\/litespeed\/avatar\/f91dfe5410d5dcb1a576bf8c45983896.jpg?ver=1777571230","url":"https:\/\/zeromagazine.mx\/wp-content\/litespeed\/avatar\/f91dfe5410d5dcb1a576bf8c45983896.jpg?ver=1777571230","contentUrl":"https:\/\/zeromagazine.mx\/wp-content\/litespeed\/avatar\/f91dfe5410d5dcb1a576bf8c45983896.jpg?ver=1777571230","caption":"zeromagazinemx"},"url":"https:\/\/zeromagazine.mx\/index.php\/author\/zeromagazinemx\/"}]}},"jetpack_publicize_connections":[],"jetpack_featured_media_url":"https:\/\/i0.wp.com\/zeromagazine.mx\/wp-content\/uploads\/2024\/07\/THE-WIZ-ON-STAGE-38-scaled.jpg?fit=2560%2C1707&ssl=1","jetpack-related-posts":[{"id":96313,"url":"https:\/\/zeromagazine.mx\/index.php\/2025\/02\/12\/cartelera-teatral-de-febrero\/","url_meta":{"origin":79819,"position":0},"title":"Una Cartelera Teatral Imperdible","author":"David Morales","date":"12 de febrero de 2025","format":false,"excerpt":"El teatro vibra en la Ciudad de M\u00e9xico y este febrero la cartelera teatral est\u00e1 on fire. Si te late el drama intenso, la comedia absurda o el arte que te sacude, el Teatro Mil\u00e1n y el Foro Lucerna son EL lugar. Aqu\u00ed, cada funci\u00f3n es un viaje, cada historia\u2026","rel":"","context":"En \u00abCultura\u00bb","block_context":{"text":"Cultura","link":"https:\/\/zeromagazine.mx\/index.php\/category\/cultura\/"},"img":{"alt_text":"","src":"https:\/\/i0.wp.com\/zeromagazine.mx\/wp-content\/uploads\/2025\/02\/4.-HISTORIA-NO-AL-DINERO.jpg?fit=675%2C1200&ssl=1&resize=350%2C200","width":350,"height":200,"srcset":"https:\/\/i0.wp.com\/zeromagazine.mx\/wp-content\/uploads\/2025\/02\/4.-HISTORIA-NO-AL-DINERO.jpg?fit=675%2C1200&ssl=1&resize=350%2C200 1x, https:\/\/i0.wp.com\/zeromagazine.mx\/wp-content\/uploads\/2025\/02\/4.-HISTORIA-NO-AL-DINERO.jpg?fit=675%2C1200&ssl=1&resize=525%2C300 1.5x"},"classes":[]},{"id":57602,"url":"https:\/\/zeromagazine.mx\/index.php\/2021\/11\/08\/hbo-max-esta-de-festejo\/","url_meta":{"origin":79819,"position":1},"title":"\u00a1HBO\u200c \u200cMAX\u200c \u200cEST\u00c1\u200c \u200cDE\u200c \u200cFESTEJO!\u200c\u00a0\u200c\u00a0\u200c","author":"zeromagazinemx","date":"8 de noviembre de 2021","format":false,"excerpt":"\u200cY\u200c \u200cnoviembre\u200c \u200ces\u200c \u200cel\u200c \u200cmes\u200c \u200cdel\u200c \u200caniversario\u200c \u200cde\u200c \u200cHarry\u200c \u200cPotter,\u200c\u00a0\u200cqueremos\u200c \u200cfestejarlo\u200c \u200creviviendo\u200c \u200ctoda\u200c \u200cla\u200c \u200csaga\u200c \u200ccompleta\u200c.\u00a0\u200c Por Gillermo Tercero\u00a0 Porque sabemos que siempre es un buen momento para volver a ver la saga m\u00e1s m\u00e1gica, este noviembre se cumplen 20 a\u00f1os desde la primera vez que se estren\u00f3 Harry Potter\u2026","rel":"","context":"En \u00abEntretenimiento\u00bb","block_context":{"text":"Entretenimiento","link":"https:\/\/zeromagazine.mx\/index.php\/category\/entretenimiento\/"},"img":{"alt_text":"scarf and eyeglasses on the table","src":"https:\/\/i0.wp.com\/zeromagazinemx.wpcomstaging.com\/wp-content\/uploads\/2022\/02\/5fc78-pexels-photo-3151954.jpeg?resize=350%2C200&ssl=1","width":350,"height":200,"srcset":"https:\/\/i0.wp.com\/zeromagazinemx.wpcomstaging.com\/wp-content\/uploads\/2022\/02\/5fc78-pexels-photo-3151954.jpeg?resize=350%2C200&ssl=1 1x, https:\/\/i0.wp.com\/zeromagazinemx.wpcomstaging.com\/wp-content\/uploads\/2022\/02\/5fc78-pexels-photo-3151954.jpeg?resize=525%2C300&ssl=1 1.5x, https:\/\/i0.wp.com\/zeromagazinemx.wpcomstaging.com\/wp-content\/uploads\/2022\/02\/5fc78-pexels-photo-3151954.jpeg?resize=700%2C400&ssl=1 2x"},"classes":[]},{"id":75941,"url":"https:\/\/zeromagazine.mx\/index.php\/2024\/05\/14\/juan-martin-jauregui\/","url_meta":{"origin":79819,"position":2},"title":"JUAN MART\u00cdN JAUREGUI:","author":"David Morales","date":"14 de mayo de 2024","format":false,"excerpt":"Queridos lectores, estamos de vuelta y como dicen por ah\u00ed, no estaba muerto, no estaba de parranda, solo estaba redimiendome un poco.Volvimos a las andadas y en esta ocasi\u00f3n tenemos el honor de tener al galan de galanes que en esta ocasi\u00f3n nos viene ademostrar que no solo puede ser\u2026","rel":"","context":"En \u00abPortada\u00bb","block_context":{"text":"Portada","link":"https:\/\/zeromagazine.mx\/index.php\/category\/portada\/"},"img":{"alt_text":"","src":"https:\/\/i0.wp.com\/zeromagazine.mx\/wp-content\/uploads\/2024\/05\/IMG_0969-scaled.jpeg?fit=927%2C1200&ssl=1&resize=350%2C200","width":350,"height":200,"srcset":"https:\/\/i0.wp.com\/zeromagazine.mx\/wp-content\/uploads\/2024\/05\/IMG_0969-scaled.jpeg?fit=927%2C1200&ssl=1&resize=350%2C200 1x, https:\/\/i0.wp.com\/zeromagazine.mx\/wp-content\/uploads\/2024\/05\/IMG_0969-scaled.jpeg?fit=927%2C1200&ssl=1&resize=525%2C300 1.5x, https:\/\/i0.wp.com\/zeromagazine.mx\/wp-content\/uploads\/2024\/05\/IMG_0969-scaled.jpeg?fit=927%2C1200&ssl=1&resize=700%2C400 2x"},"classes":[]},{"id":49436,"url":"https:\/\/zeromagazine.mx\/index.php\/2021\/07\/05\/entrevista-a-manu-negrete\/","url_meta":{"origin":79819,"position":3},"title":"ENTREVISTA A MANU NEGRETE","author":"zeromagazinemx","date":"5 de julio de 2021","format":false,"excerpt":"Manu Negrete nos habla de su m\u00e1s reciente \u00e1lbum MANU, el cual lo podremos tener en f\u00edsico y nos cuenta un poco sobre su experiencia como participante en \u201cLa Voz M\u00e9xico\u201d POR GABRIELA H. DELGADILLO Cu\u00e9ntame c\u00f3mo surgi\u00f3 tu nuevo material Bueno, el disco es un sue\u00f1o hecho realidad, el\u2026","rel":"","context":"En \u00abEntretenimiento\u00bb","block_context":{"text":"Entretenimiento","link":"https:\/\/zeromagazine.mx\/index.php\/category\/entretenimiento\/"},"img":{"alt_text":"","src":"","width":0,"height":0},"classes":[]},{"id":77579,"url":"https:\/\/zeromagazine.mx\/index.php\/2024\/06\/11\/explorando-el-mundo-magico-del-folk-metal-mago-de-oz-se-presenta-en-pachuca\/","url_meta":{"origin":79819,"position":4},"title":"Explorando el Mundo M\u00e1gico del Folk Metal: M\u00e4go de Oz se Presenta en Pachuca","author":"David Morales","date":"11 de junio de 2024","format":false,"excerpt":"\u00bfYa escucharon la noticia? El Auditorio Explanada de Pachuca se va a llenar de magia con la legendaria banda espa\u00f1ola M\u00e4go de Oz. \u00bfQui\u00e9n est\u00e1 emocionade? Primero que nada, si a\u00fan no tienen sus boletos, dense prisa porque se est\u00e1n acabando. Pueden conseguirlos en Hertatickets, as\u00ed que no pierdan tiempo\u2026","rel":"","context":"En \u00abBlog\u00bb","block_context":{"text":"Blog","link":"https:\/\/zeromagazine.mx\/index.php\/category\/blog\/"},"img":{"alt_text":"","src":"https:\/\/i0.wp.com\/zeromagazine.mx\/wp-content\/uploads\/2024\/06\/MAGO-DE-OZ-2024-FOTO1.png?fit=1200%2C800&ssl=1&resize=350%2C200","width":350,"height":200,"srcset":"https:\/\/i0.wp.com\/zeromagazine.mx\/wp-content\/uploads\/2024\/06\/MAGO-DE-OZ-2024-FOTO1.png?fit=1200%2C800&ssl=1&resize=350%2C200 1x, https:\/\/i0.wp.com\/zeromagazine.mx\/wp-content\/uploads\/2024\/06\/MAGO-DE-OZ-2024-FOTO1.png?fit=1200%2C800&ssl=1&resize=525%2C300 1.5x, https:\/\/i0.wp.com\/zeromagazine.mx\/wp-content\/uploads\/2024\/06\/MAGO-DE-OZ-2024-FOTO1.png?fit=1200%2C800&ssl=1&resize=700%2C400 2x, https:\/\/i0.wp.com\/zeromagazine.mx\/wp-content\/uploads\/2024\/06\/MAGO-DE-OZ-2024-FOTO1.png?fit=1200%2C800&ssl=1&resize=1050%2C600 3x"},"classes":[]},{"id":47310,"url":"https:\/\/zeromagazine.mx\/index.php\/2021\/06\/09\/oh-donas-presenta-su-edicion-especial-para-celebrar-el-mes-del-orgullo\/","url_meta":{"origin":79819,"position":5},"title":"Oh! DONAS presenta su edici\u00f3n especial para celebrar el mes del orgullo","author":"zeromagazinemx","date":"9 de junio de 2021","format":false,"excerpt":"Oh! DONAS presenta su edici\u00f3n \u201cProud Queen Donut\u201d en celebraci\u00f3n por el Mes Internacional del Orgullo LGBT. por Mayra Torres Proud Queen Donut presenta un conjunto de franjas de colores que hacen referencia a la Bandera Pride decorada con el cereal Froot Loops de malvavisco importado con un relleno de\u2026","rel":"","context":"En \u00abLifestyle\u00bb","block_context":{"text":"Lifestyle","link":"https:\/\/zeromagazine.mx\/index.php\/category\/lifestyle\/"},"img":{"alt_text":"","src":"","width":0,"height":0},"classes":[]}],"jetpack_sharing_enabled":true,"builder_content":"","_links":{"self":[{"href":"https:\/\/zeromagazine.mx\/index.php\/wp-json\/wp\/v2\/posts\/79819","targetHints":{"allow":["GET"]}}],"collection":[{"href":"https:\/\/zeromagazine.mx\/index.php\/wp-json\/wp\/v2\/posts"}],"about":[{"href":"https:\/\/zeromagazine.mx\/index.php\/wp-json\/wp\/v2\/types\/post"}],"author":[{"embeddable":true,"href":"https:\/\/zeromagazine.mx\/index.php\/wp-json\/wp\/v2\/users\/2"}],"replies":[{"embeddable":true,"href":"https:\/\/zeromagazine.mx\/index.php\/wp-json\/wp\/v2\/comments?post=79819"}],"version-history":[{"count":4,"href":"https:\/\/zeromagazine.mx\/index.php\/wp-json\/wp\/v2\/posts\/79819\/revisions"}],"predecessor-version":[{"id":79826,"href":"https:\/\/zeromagazine.mx\/index.php\/wp-json\/wp\/v2\/posts\/79819\/revisions\/79826"}],"wp:featuredmedia":[{"embeddable":true,"href":"https:\/\/zeromagazine.mx\/index.php\/wp-json\/wp\/v2\/media\/79820"}],"wp:attachment":[{"href":"https:\/\/zeromagazine.mx\/index.php\/wp-json\/wp\/v2\/media?parent=79819"}],"wp:term":[{"taxonomy":"category","embeddable":true,"href":"https:\/\/zeromagazine.mx\/index.php\/wp-json\/wp\/v2\/categories?post=79819"},{"taxonomy":"post_tag","embeddable":true,"href":"https:\/\/zeromagazine.mx\/index.php\/wp-json\/wp\/v2\/tags?post=79819"}],"curies":[{"name":"wp","href":"https:\/\/api.w.org\/{rel}","templated":true}]}}