{"id":79827,"date":"2024-07-02T23:50:47","date_gmt":"2024-07-02T21:50:47","guid":{"rendered":"https:\/\/zeromagazine.mx\/?p=79827"},"modified":"2024-07-02T23:50:48","modified_gmt":"2024-07-02T21:50:48","slug":"date-un-rol-por-la-expo-hasta-la-cocina","status":"publish","type":"post","link":"https:\/\/zeromagazine.mx\/index.php\/2024\/07\/02\/date-un-rol-por-la-expo-hasta-la-cocina\/","title":{"rendered":"Date un Rol por la Expo Hasta la Cocina"},"content":{"rendered":"<p>Les tengo una s\u00faper noticia que seguro les va a encantar: El Palacio de Hierro nos invita a visitar una exposici\u00f3n incre\u00edble que celebra la historia y evoluci\u00f3n de las cocinas en M\u00e9xico. <\/p>\n\n\n\n<h2 class=\"wp-block-heading\">\u00bfQu\u00e9 hace tan cool esta expo? <\/h2>\n\n\n\n<p>Imagina m\u00e1s de 1,500 objetos que nos llevan en un viaje fascinante a trav\u00e9s del tiempo. Desde ollas de cobre del siglo XVIII hasta los primeros electrodom\u00e9sticos del siglo XX, cada pieza nos cuenta una historia sobre c\u00f3mo nuestras t\u00e9cnicas culinarias y herramientas han evolucionado. Es como una m\u00e1quina del tiempo gastron\u00f3mica que no te puedes perder.<\/p>\n\n\n\n<p>Pero eso no es todo. La exposici\u00f3n va m\u00e1s all\u00e1 al contar con la colaboraci\u00f3n especial de ocho famosos chefs mexicanos. Cada uno de ellos va a elaborar platillos inspirados en recetas antiguas, reinterpretando sabores y t\u00e9cnicas que han definido nuestra cocina. Imag\u00ednense saborear estas creaciones en lugares tan ic\u00f3nicos como El Restaurante Palacio, La Cantina Palacio y Le Bistr\u00f3 Palacio. Es una oportunidad \u00fanica para conectar con nuestras ra\u00edces gastron\u00f3micas de una manera deliciosa.<\/p>\n\n\n<div class=\"wp-block-image\">\n<figure class=\"aligncenter size-full\"><img data-recalc-dims=\"1\" decoding=\"async\" width=\"1165\" height=\"1747\" src=\"https:\/\/i0.wp.com\/zeromagazine.mx\/wp-content\/uploads\/2024\/07\/IMG_1808-scaled.jpg?resize=1165%2C1747&#038;ssl=1\" alt=\"La historia culinaria de M\u00e9xico en una exposici\u00f3n \u00e9pica en El Palacio de Hierro\" class=\"wp-image-79828\" srcset=\"https:\/\/i0.wp.com\/zeromagazine.mx\/wp-content\/uploads\/2024\/07\/IMG_1808-scaled.jpg?w=1707&amp;ssl=1 1707w, https:\/\/i0.wp.com\/zeromagazine.mx\/wp-content\/uploads\/2024\/07\/IMG_1808-scaled.jpg?resize=200%2C300&amp;ssl=1 200w, https:\/\/i0.wp.com\/zeromagazine.mx\/wp-content\/uploads\/2024\/07\/IMG_1808-scaled.jpg?resize=683%2C1024&amp;ssl=1 683w, https:\/\/i0.wp.com\/zeromagazine.mx\/wp-content\/uploads\/2024\/07\/IMG_1808-scaled.jpg?resize=768%2C1152&amp;ssl=1 768w, https:\/\/i0.wp.com\/zeromagazine.mx\/wp-content\/uploads\/2024\/07\/IMG_1808-scaled.jpg?resize=1024%2C1536&amp;ssl=1 1024w, https:\/\/i0.wp.com\/zeromagazine.mx\/wp-content\/uploads\/2024\/07\/IMG_1808-scaled.jpg?resize=1365%2C2048&amp;ssl=1 1365w\" sizes=\"(max-width: 1165px) 100vw, 1165px\" \/><\/figure>\n<\/div>\n\n\n<p><\/p>\n\n\n\n<p>Adem\u00e1s, para los que son mega fans de la historia y la comida  esta expo promete ser un banquete para todos los sentidos. Desde recetas antiguas hasta utensilios que parecen del futuro, cada detalle est\u00e1 on point para mostrar c\u00f3mo la comida y la cultura han cambiado a trav\u00e9s del tiempo.<\/p>\n\n\n\n<script async src=\"https:\/\/pagead2.googlesyndication.com\/pagead\/js\/adsbygoogle.js?client=ca-pub-5499304793904745\"\n     crossorigin=\"anonymous\"><\/script>\n<ins class=\"adsbygoogle\"\n     style=\"display:block; text-align:center;\"\n     data-ad-layout=\"in-article\"\n     data-ad-format=\"fluid\"\n     data-ad-client=\"ca-pub-5499304793904745\"\n     data-ad-slot=\"5994863093\"><\/ins>\n<script>\n     (adsbygoogle = window.adsbygoogle || []).push({});\n<\/script>\n\n\n\n<p><\/p>\n\n\n\n<p>No les voy a mentir, estoy s\u00faper emocionado por ir a esta expo en El Palacio de Hierro de Polanco y quiero que ustedes tambi\u00e9n se den el rol  y vivan esta experiencia ic\u00f3nica.<\/p>\n\n<!--themify_builder_content-->\n<div id=\"themify_builder_content-79827\" data-postid=\"79827\" class=\"themify_builder_content themify_builder_content-79827 themify_builder tf_clear\">\n    <\/div>\n<!--\/themify_builder_content-->","protected":false},"excerpt":{"rendered":"<p>Les tengo una s\u00faper noticia que seguro les va a encantar: El Palacio de Hierro nos invita a visitar una exposici\u00f3n incre\u00edble que celebra la historia y evoluci\u00f3n de las cocinas en M\u00e9xico. \u00bfQu\u00e9 hace tan cool esta expo? Imagina m\u00e1s de 1,500 objetos que nos llevan en un viaje fascinante a trav\u00e9s del tiempo. [&hellip;]<\/p>\n","protected":false},"author":2,"featured_media":79828,"comment_status":"open","ping_status":"open","sticky":false,"template":"","format":"standard","meta":{"_jetpack_memberships_contains_paid_content":false,"footnotes":"","jetpack_publicize_message":"","jetpack_publicize_feature_enabled":true,"jetpack_social_post_already_shared":true,"jetpack_social_options":{"image_generator_settings":{"template":"highway","default_image_id":0,"font":"","enabled":false},"version":2}},"categories":[117],"tags":[5395,7652,989,2281],"class_list":["post-79827","post","type-post","status-publish","format-standard","has-post-thumbnail","hentry","category-entretenimiento","tag-chef","tag-cocina","tag-el-palacio-de-hierro","tag-exposicion","has-post-title","has-post-date","has-post-category","has-post-tag","has-post-comment","has-post-author",""],"yoast_head":"<!-- This site is optimized with the Yoast SEO plugin v27.5 - https:\/\/yoast.com\/product\/yoast-seo-wordpress\/ -->\n<title>Date un Rol por la Expo Hasta la Cocina - Zero Magazine<\/title>\n<meta name=\"robots\" content=\"index, follow, max-snippet:-1, max-image-preview:large, max-video-preview:-1\" \/>\n<link rel=\"canonical\" href=\"https:\/\/zeromagazine.mx\/index.php\/2024\/07\/02\/date-un-rol-por-la-expo-hasta-la-cocina\/\" \/>\n<meta property=\"og:locale\" content=\"es_ES\" \/>\n<meta property=\"og:type\" content=\"article\" \/>\n<meta property=\"og:title\" content=\"Date un Rol por la Expo Hasta la Cocina - Zero Magazine\" \/>\n<meta property=\"og:description\" content=\"Les tengo una s\u00faper noticia que seguro les va a encantar: El Palacio de Hierro nos invita a visitar una exposici\u00f3n incre\u00edble que celebra la historia y evoluci\u00f3n de las cocinas en M\u00e9xico. \u00bfQu\u00e9 hace tan cool esta expo? Imagina m\u00e1s de 1,500 objetos que nos llevan en un viaje fascinante a trav\u00e9s del tiempo. [&hellip;]\" \/>\n<meta property=\"og:url\" content=\"https:\/\/zeromagazine.mx\/index.php\/2024\/07\/02\/date-un-rol-por-la-expo-hasta-la-cocina\/\" \/>\n<meta property=\"og:site_name\" content=\"Zero Magazine\" \/>\n<meta property=\"article:published_time\" content=\"2024-07-02T21:50:47+00:00\" \/>\n<meta property=\"article:modified_time\" content=\"2024-07-02T21:50:48+00:00\" \/>\n<meta property=\"og:image\" content=\"https:\/\/i0.wp.com\/zeromagazine.mx\/wp-content\/uploads\/2024\/07\/IMG_1808-scaled.jpg?fit=1707%2C2560&ssl=1\" \/>\n\t<meta property=\"og:image:width\" content=\"1707\" \/>\n\t<meta property=\"og:image:height\" content=\"2560\" \/>\n\t<meta property=\"og:image:type\" content=\"image\/jpeg\" \/>\n<meta name=\"author\" content=\"zeromagazinemx\" \/>\n<meta name=\"twitter:card\" content=\"summary_large_image\" \/>\n<meta name=\"twitter:label1\" content=\"Escrito por\" \/>\n\t<meta name=\"twitter:data1\" content=\"zeromagazinemx\" \/>\n\t<meta name=\"twitter:label2\" content=\"Tiempo de lectura\" \/>\n\t<meta name=\"twitter:data2\" content=\"1 minuto\" \/>\n<script type=\"application\/ld+json\" class=\"yoast-schema-graph\">{\"@context\":\"https:\\\/\\\/schema.org\",\"@graph\":[{\"@type\":\"Article\",\"@id\":\"https:\\\/\\\/zeromagazine.mx\\\/index.php\\\/2024\\\/07\\\/02\\\/date-un-rol-por-la-expo-hasta-la-cocina\\\/#article\",\"isPartOf\":{\"@id\":\"https:\\\/\\\/zeromagazine.mx\\\/index.php\\\/2024\\\/07\\\/02\\\/date-un-rol-por-la-expo-hasta-la-cocina\\\/\"},\"author\":{\"name\":\"zeromagazinemx\",\"@id\":\"https:\\\/\\\/zeromagazine.mx\\\/#\\\/schema\\\/person\\\/9aed9f33a7c39af3a348b86d723f7773\"},\"headline\":\"Date un Rol por la Expo Hasta la Cocina\",\"datePublished\":\"2024-07-02T21:50:47+00:00\",\"dateModified\":\"2024-07-02T21:50:48+00:00\",\"mainEntityOfPage\":{\"@id\":\"https:\\\/\\\/zeromagazine.mx\\\/index.php\\\/2024\\\/07\\\/02\\\/date-un-rol-por-la-expo-hasta-la-cocina\\\/\"},\"wordCount\":290,\"commentCount\":0,\"publisher\":{\"@id\":\"https:\\\/\\\/zeromagazine.mx\\\/#organization\"},\"image\":{\"@id\":\"https:\\\/\\\/zeromagazine.mx\\\/index.php\\\/2024\\\/07\\\/02\\\/date-un-rol-por-la-expo-hasta-la-cocina\\\/#primaryimage\"},\"thumbnailUrl\":\"https:\\\/\\\/i0.wp.com\\\/zeromagazine.mx\\\/wp-content\\\/uploads\\\/2024\\\/07\\\/IMG_1808-scaled.jpg?fit=1707%2C2560&ssl=1\",\"keywords\":[\"chef\",\"Cocina\",\"el palacio de hierro\",\"Exposici\u00f3n\"],\"articleSection\":[\"Entretenimiento\"],\"inLanguage\":\"es\",\"potentialAction\":[{\"@type\":\"CommentAction\",\"name\":\"Comment\",\"target\":[\"https:\\\/\\\/zeromagazine.mx\\\/index.php\\\/2024\\\/07\\\/02\\\/date-un-rol-por-la-expo-hasta-la-cocina\\\/#respond\"]}]},{\"@type\":\"WebPage\",\"@id\":\"https:\\\/\\\/zeromagazine.mx\\\/index.php\\\/2024\\\/07\\\/02\\\/date-un-rol-por-la-expo-hasta-la-cocina\\\/\",\"url\":\"https:\\\/\\\/zeromagazine.mx\\\/index.php\\\/2024\\\/07\\\/02\\\/date-un-rol-por-la-expo-hasta-la-cocina\\\/\",\"name\":\"Date un Rol por la Expo Hasta la Cocina - Zero Magazine\",\"isPartOf\":{\"@id\":\"https:\\\/\\\/zeromagazine.mx\\\/#website\"},\"primaryImageOfPage\":{\"@id\":\"https:\\\/\\\/zeromagazine.mx\\\/index.php\\\/2024\\\/07\\\/02\\\/date-un-rol-por-la-expo-hasta-la-cocina\\\/#primaryimage\"},\"image\":{\"@id\":\"https:\\\/\\\/zeromagazine.mx\\\/index.php\\\/2024\\\/07\\\/02\\\/date-un-rol-por-la-expo-hasta-la-cocina\\\/#primaryimage\"},\"thumbnailUrl\":\"https:\\\/\\\/i0.wp.com\\\/zeromagazine.mx\\\/wp-content\\\/uploads\\\/2024\\\/07\\\/IMG_1808-scaled.jpg?fit=1707%2C2560&ssl=1\",\"datePublished\":\"2024-07-02T21:50:47+00:00\",\"dateModified\":\"2024-07-02T21:50:48+00:00\",\"breadcrumb\":{\"@id\":\"https:\\\/\\\/zeromagazine.mx\\\/index.php\\\/2024\\\/07\\\/02\\\/date-un-rol-por-la-expo-hasta-la-cocina\\\/#breadcrumb\"},\"inLanguage\":\"es\",\"potentialAction\":[{\"@type\":\"ReadAction\",\"target\":[\"https:\\\/\\\/zeromagazine.mx\\\/index.php\\\/2024\\\/07\\\/02\\\/date-un-rol-por-la-expo-hasta-la-cocina\\\/\"]}]},{\"@type\":\"ImageObject\",\"inLanguage\":\"es\",\"@id\":\"https:\\\/\\\/zeromagazine.mx\\\/index.php\\\/2024\\\/07\\\/02\\\/date-un-rol-por-la-expo-hasta-la-cocina\\\/#primaryimage\",\"url\":\"https:\\\/\\\/i0.wp.com\\\/zeromagazine.mx\\\/wp-content\\\/uploads\\\/2024\\\/07\\\/IMG_1808-scaled.jpg?fit=1707%2C2560&ssl=1\",\"contentUrl\":\"https:\\\/\\\/i0.wp.com\\\/zeromagazine.mx\\\/wp-content\\\/uploads\\\/2024\\\/07\\\/IMG_1808-scaled.jpg?fit=1707%2C2560&ssl=1\",\"width\":1707,\"height\":2560},{\"@type\":\"BreadcrumbList\",\"@id\":\"https:\\\/\\\/zeromagazine.mx\\\/index.php\\\/2024\\\/07\\\/02\\\/date-un-rol-por-la-expo-hasta-la-cocina\\\/#breadcrumb\",\"itemListElement\":[{\"@type\":\"ListItem\",\"position\":1,\"name\":\"Portada\",\"item\":\"https:\\\/\\\/zeromagazine.mx\\\/\"},{\"@type\":\"ListItem\",\"position\":2,\"name\":\"Date un Rol por la Expo Hasta la Cocina\"}]},{\"@type\":\"WebSite\",\"@id\":\"https:\\\/\\\/zeromagazine.mx\\\/#website\",\"url\":\"https:\\\/\\\/zeromagazine.mx\\\/\",\"name\":\"Zero Magazine\",\"description\":\"\",\"publisher\":{\"@id\":\"https:\\\/\\\/zeromagazine.mx\\\/#organization\"},\"potentialAction\":[{\"@type\":\"SearchAction\",\"target\":{\"@type\":\"EntryPoint\",\"urlTemplate\":\"https:\\\/\\\/zeromagazine.mx\\\/?s={search_term_string}\"},\"query-input\":{\"@type\":\"PropertyValueSpecification\",\"valueRequired\":true,\"valueName\":\"search_term_string\"}}],\"inLanguage\":\"es\"},{\"@type\":\"Organization\",\"@id\":\"https:\\\/\\\/zeromagazine.mx\\\/#organization\",\"name\":\"Zero Magazine\",\"url\":\"https:\\\/\\\/zeromagazine.mx\\\/\",\"logo\":{\"@type\":\"ImageObject\",\"inLanguage\":\"es\",\"@id\":\"https:\\\/\\\/zeromagazine.mx\\\/#\\\/schema\\\/logo\\\/image\\\/\",\"url\":\"https:\\\/\\\/i0.wp.com\\\/zeromagazine.mx\\\/wp-content\\\/uploads\\\/2025\\\/11\\\/1.jpeg?fit=1000%2C1000&ssl=1\",\"contentUrl\":\"https:\\\/\\\/i0.wp.com\\\/zeromagazine.mx\\\/wp-content\\\/uploads\\\/2025\\\/11\\\/1.jpeg?fit=1000%2C1000&ssl=1\",\"width\":1000,\"height\":1000,\"caption\":\"Zero Magazine\"},\"image\":{\"@id\":\"https:\\\/\\\/zeromagazine.mx\\\/#\\\/schema\\\/logo\\\/image\\\/\"},\"sameAs\":[\"https:\\\/\\\/instagram.com\\\/zeromagazinemx\"]},{\"@type\":\"Person\",\"@id\":\"https:\\\/\\\/zeromagazine.mx\\\/#\\\/schema\\\/person\\\/9aed9f33a7c39af3a348b86d723f7773\",\"name\":\"zeromagazinemx\",\"image\":{\"@type\":\"ImageObject\",\"inLanguage\":\"es\",\"@id\":\"https:\\\/\\\/zeromagazine.mx\\\/wp-content\\\/litespeed\\\/avatar\\\/f91dfe5410d5dcb1a576bf8c45983896.jpg?ver=1777571230\",\"url\":\"https:\\\/\\\/zeromagazine.mx\\\/wp-content\\\/litespeed\\\/avatar\\\/f91dfe5410d5dcb1a576bf8c45983896.jpg?ver=1777571230\",\"contentUrl\":\"https:\\\/\\\/zeromagazine.mx\\\/wp-content\\\/litespeed\\\/avatar\\\/f91dfe5410d5dcb1a576bf8c45983896.jpg?ver=1777571230\",\"caption\":\"zeromagazinemx\"},\"url\":\"https:\\\/\\\/zeromagazine.mx\\\/index.php\\\/author\\\/zeromagazinemx\\\/\"}]}<\/script>\n<!-- \/ Yoast SEO plugin. -->","yoast_head_json":{"title":"Date un Rol por la Expo Hasta la Cocina - Zero Magazine","robots":{"index":"index","follow":"follow","max-snippet":"max-snippet:-1","max-image-preview":"max-image-preview:large","max-video-preview":"max-video-preview:-1"},"canonical":"https:\/\/zeromagazine.mx\/index.php\/2024\/07\/02\/date-un-rol-por-la-expo-hasta-la-cocina\/","og_locale":"es_ES","og_type":"article","og_title":"Date un Rol por la Expo Hasta la Cocina - Zero Magazine","og_description":"Les tengo una s\u00faper noticia que seguro les va a encantar: El Palacio de Hierro nos invita a visitar una exposici\u00f3n incre\u00edble que celebra la historia y evoluci\u00f3n de las cocinas en M\u00e9xico. \u00bfQu\u00e9 hace tan cool esta expo? Imagina m\u00e1s de 1,500 objetos que nos llevan en un viaje fascinante a trav\u00e9s del tiempo. [&hellip;]","og_url":"https:\/\/zeromagazine.mx\/index.php\/2024\/07\/02\/date-un-rol-por-la-expo-hasta-la-cocina\/","og_site_name":"Zero Magazine","article_published_time":"2024-07-02T21:50:47+00:00","article_modified_time":"2024-07-02T21:50:48+00:00","og_image":[{"width":1707,"height":2560,"url":"https:\/\/i0.wp.com\/zeromagazine.mx\/wp-content\/uploads\/2024\/07\/IMG_1808-scaled.jpg?fit=1707%2C2560&ssl=1","type":"image\/jpeg"}],"author":"zeromagazinemx","twitter_card":"summary_large_image","twitter_misc":{"Escrito por":"zeromagazinemx","Tiempo de lectura":"1 minuto"},"schema":{"@context":"https:\/\/schema.org","@graph":[{"@type":"Article","@id":"https:\/\/zeromagazine.mx\/index.php\/2024\/07\/02\/date-un-rol-por-la-expo-hasta-la-cocina\/#article","isPartOf":{"@id":"https:\/\/zeromagazine.mx\/index.php\/2024\/07\/02\/date-un-rol-por-la-expo-hasta-la-cocina\/"},"author":{"name":"zeromagazinemx","@id":"https:\/\/zeromagazine.mx\/#\/schema\/person\/9aed9f33a7c39af3a348b86d723f7773"},"headline":"Date un Rol por la Expo Hasta la Cocina","datePublished":"2024-07-02T21:50:47+00:00","dateModified":"2024-07-02T21:50:48+00:00","mainEntityOfPage":{"@id":"https:\/\/zeromagazine.mx\/index.php\/2024\/07\/02\/date-un-rol-por-la-expo-hasta-la-cocina\/"},"wordCount":290,"commentCount":0,"publisher":{"@id":"https:\/\/zeromagazine.mx\/#organization"},"image":{"@id":"https:\/\/zeromagazine.mx\/index.php\/2024\/07\/02\/date-un-rol-por-la-expo-hasta-la-cocina\/#primaryimage"},"thumbnailUrl":"https:\/\/i0.wp.com\/zeromagazine.mx\/wp-content\/uploads\/2024\/07\/IMG_1808-scaled.jpg?fit=1707%2C2560&ssl=1","keywords":["chef","Cocina","el palacio de hierro","Exposici\u00f3n"],"articleSection":["Entretenimiento"],"inLanguage":"es","potentialAction":[{"@type":"CommentAction","name":"Comment","target":["https:\/\/zeromagazine.mx\/index.php\/2024\/07\/02\/date-un-rol-por-la-expo-hasta-la-cocina\/#respond"]}]},{"@type":"WebPage","@id":"https:\/\/zeromagazine.mx\/index.php\/2024\/07\/02\/date-un-rol-por-la-expo-hasta-la-cocina\/","url":"https:\/\/zeromagazine.mx\/index.php\/2024\/07\/02\/date-un-rol-por-la-expo-hasta-la-cocina\/","name":"Date un Rol por la Expo Hasta la Cocina - Zero Magazine","isPartOf":{"@id":"https:\/\/zeromagazine.mx\/#website"},"primaryImageOfPage":{"@id":"https:\/\/zeromagazine.mx\/index.php\/2024\/07\/02\/date-un-rol-por-la-expo-hasta-la-cocina\/#primaryimage"},"image":{"@id":"https:\/\/zeromagazine.mx\/index.php\/2024\/07\/02\/date-un-rol-por-la-expo-hasta-la-cocina\/#primaryimage"},"thumbnailUrl":"https:\/\/i0.wp.com\/zeromagazine.mx\/wp-content\/uploads\/2024\/07\/IMG_1808-scaled.jpg?fit=1707%2C2560&ssl=1","datePublished":"2024-07-02T21:50:47+00:00","dateModified":"2024-07-02T21:50:48+00:00","breadcrumb":{"@id":"https:\/\/zeromagazine.mx\/index.php\/2024\/07\/02\/date-un-rol-por-la-expo-hasta-la-cocina\/#breadcrumb"},"inLanguage":"es","potentialAction":[{"@type":"ReadAction","target":["https:\/\/zeromagazine.mx\/index.php\/2024\/07\/02\/date-un-rol-por-la-expo-hasta-la-cocina\/"]}]},{"@type":"ImageObject","inLanguage":"es","@id":"https:\/\/zeromagazine.mx\/index.php\/2024\/07\/02\/date-un-rol-por-la-expo-hasta-la-cocina\/#primaryimage","url":"https:\/\/i0.wp.com\/zeromagazine.mx\/wp-content\/uploads\/2024\/07\/IMG_1808-scaled.jpg?fit=1707%2C2560&ssl=1","contentUrl":"https:\/\/i0.wp.com\/zeromagazine.mx\/wp-content\/uploads\/2024\/07\/IMG_1808-scaled.jpg?fit=1707%2C2560&ssl=1","width":1707,"height":2560},{"@type":"BreadcrumbList","@id":"https:\/\/zeromagazine.mx\/index.php\/2024\/07\/02\/date-un-rol-por-la-expo-hasta-la-cocina\/#breadcrumb","itemListElement":[{"@type":"ListItem","position":1,"name":"Portada","item":"https:\/\/zeromagazine.mx\/"},{"@type":"ListItem","position":2,"name":"Date un Rol por la Expo Hasta la Cocina"}]},{"@type":"WebSite","@id":"https:\/\/zeromagazine.mx\/#website","url":"https:\/\/zeromagazine.mx\/","name":"Zero Magazine","description":"","publisher":{"@id":"https:\/\/zeromagazine.mx\/#organization"},"potentialAction":[{"@type":"SearchAction","target":{"@type":"EntryPoint","urlTemplate":"https:\/\/zeromagazine.mx\/?s={search_term_string}"},"query-input":{"@type":"PropertyValueSpecification","valueRequired":true,"valueName":"search_term_string"}}],"inLanguage":"es"},{"@type":"Organization","@id":"https:\/\/zeromagazine.mx\/#organization","name":"Zero Magazine","url":"https:\/\/zeromagazine.mx\/","logo":{"@type":"ImageObject","inLanguage":"es","@id":"https:\/\/zeromagazine.mx\/#\/schema\/logo\/image\/","url":"https:\/\/i0.wp.com\/zeromagazine.mx\/wp-content\/uploads\/2025\/11\/1.jpeg?fit=1000%2C1000&ssl=1","contentUrl":"https:\/\/i0.wp.com\/zeromagazine.mx\/wp-content\/uploads\/2025\/11\/1.jpeg?fit=1000%2C1000&ssl=1","width":1000,"height":1000,"caption":"Zero Magazine"},"image":{"@id":"https:\/\/zeromagazine.mx\/#\/schema\/logo\/image\/"},"sameAs":["https:\/\/instagram.com\/zeromagazinemx"]},{"@type":"Person","@id":"https:\/\/zeromagazine.mx\/#\/schema\/person\/9aed9f33a7c39af3a348b86d723f7773","name":"zeromagazinemx","image":{"@type":"ImageObject","inLanguage":"es","@id":"https:\/\/zeromagazine.mx\/wp-content\/litespeed\/avatar\/f91dfe5410d5dcb1a576bf8c45983896.jpg?ver=1777571230","url":"https:\/\/zeromagazine.mx\/wp-content\/litespeed\/avatar\/f91dfe5410d5dcb1a576bf8c45983896.jpg?ver=1777571230","contentUrl":"https:\/\/zeromagazine.mx\/wp-content\/litespeed\/avatar\/f91dfe5410d5dcb1a576bf8c45983896.jpg?ver=1777571230","caption":"zeromagazinemx"},"url":"https:\/\/zeromagazine.mx\/index.php\/author\/zeromagazinemx\/"}]}},"jetpack_publicize_connections":[],"jetpack_featured_media_url":"https:\/\/i0.wp.com\/zeromagazine.mx\/wp-content\/uploads\/2024\/07\/IMG_1808-scaled.jpg?fit=1707%2C2560&ssl=1","jetpack-related-posts":[{"id":95667,"url":"https:\/\/zeromagazine.mx\/index.php\/2025\/01\/21\/30-anos-de-publicidad-del-palacio-de-hierro\/","url_meta":{"origin":79827,"position":0},"title":"30 A\u00f1os de Publicidad del Palacio de Hierro","author":"David Morales","date":"21 de enero de 2025","format":false,"excerpt":"La publicidad no solo vende, cuenta historias. Es un reflejo de aspiraciones, un veh\u00edculo cultural y, en el caso de El Palacio de Hierro, una obra de arte que ha marcado generaciones. Si creciste en M\u00e9xico, seguro recuerdas haber escuchado (o dicho) \u201cSoy Totalmente Palacio\u201d m\u00e1s de una vez. Pero,\u2026","rel":"","context":"En \u00abBlog\u00bb","block_context":{"text":"Blog","link":"https:\/\/zeromagazine.mx\/index.php\/category\/blog\/"},"img":{"alt_text":"","src":"https:\/\/i0.wp.com\/zeromagazine.mx\/wp-content\/uploads\/2025\/02\/IMG_3385-scaled.jpeg?fit=1200%2C800&ssl=1&resize=350%2C200","width":350,"height":200,"srcset":"https:\/\/i0.wp.com\/zeromagazine.mx\/wp-content\/uploads\/2025\/02\/IMG_3385-scaled.jpeg?fit=1200%2C800&ssl=1&resize=350%2C200 1x, https:\/\/i0.wp.com\/zeromagazine.mx\/wp-content\/uploads\/2025\/02\/IMG_3385-scaled.jpeg?fit=1200%2C800&ssl=1&resize=525%2C300 1.5x, https:\/\/i0.wp.com\/zeromagazine.mx\/wp-content\/uploads\/2025\/02\/IMG_3385-scaled.jpeg?fit=1200%2C800&ssl=1&resize=700%2C400 2x, https:\/\/i0.wp.com\/zeromagazine.mx\/wp-content\/uploads\/2025\/02\/IMG_3385-scaled.jpeg?fit=1200%2C800&ssl=1&resize=1050%2C600 3x"},"classes":[]},{"id":100729,"url":"https:\/\/zeromagazine.mx\/index.php\/2025\/04\/07\/palacio-trasciende-siglos\/","url_meta":{"origin":79827,"position":1},"title":"Palacio trasciende siglos","author":"David Morales","date":"7 de abril de 2025","format":false,"excerpt":"Amix, si lo tuyo es el drama fashionista, la arquitectura que da vibes de pel\u00edcula y la historia contada con estilo, te va a emocionar esto: El Palacio de Hierro brill\u00f3 en Par\u00eds como nunca antes. En colaboraci\u00f3n con Galeries Lafayette y Zero10, presentaron la expo \u201cFrom 1850 to Nowadays\u201d\u2026","rel":"","context":"En \u00abModa\u00bb","block_context":{"text":"Moda","link":"https:\/\/zeromagazine.mx\/index.php\/category\/moda\/"},"img":{"alt_text":"","src":"https:\/\/i0.wp.com\/zeromagazine.mx\/wp-content\/uploads\/2025\/04\/BeLive_%C2%A9Marie-LouiseGaspard_06.jpg?fit=1024%2C683&ssl=1&resize=350%2C200","width":350,"height":200,"srcset":"https:\/\/i0.wp.com\/zeromagazine.mx\/wp-content\/uploads\/2025\/04\/BeLive_%C2%A9Marie-LouiseGaspard_06.jpg?fit=1024%2C683&ssl=1&resize=350%2C200 1x, https:\/\/i0.wp.com\/zeromagazine.mx\/wp-content\/uploads\/2025\/04\/BeLive_%C2%A9Marie-LouiseGaspard_06.jpg?fit=1024%2C683&ssl=1&resize=525%2C300 1.5x, https:\/\/i0.wp.com\/zeromagazine.mx\/wp-content\/uploads\/2025\/04\/BeLive_%C2%A9Marie-LouiseGaspard_06.jpg?fit=1024%2C683&ssl=1&resize=700%2C400 2x"},"classes":[]},{"id":87599,"url":"https:\/\/zeromagazine.mx\/index.php\/2024\/10\/21\/zubieta-sabores-con-historia\/","url_meta":{"origin":79827,"position":2},"title":"Zubieta: Sabores con historia","author":"David Morales","date":"21 de octubre de 2024","format":false,"excerpt":"Amix, hoy les vengo a contar sobre alguien que est\u00e1 revolucionando la escena culinaria en M\u00e9xico. El chef Hugo Soto, con tan solo algunos a\u00f1os en el radar, ya se ha convertido en un referente de la gastronom\u00eda. En 2023, el Senado de la Rep\u00fablica lo reconoci\u00f3 como uno de\u2026","rel":"","context":"En \u00abFoodie\u00bb","block_context":{"text":"Foodie","link":"https:\/\/zeromagazine.mx\/index.php\/category\/lifestyle\/foodie\/"},"img":{"alt_text":"","src":"https:\/\/i0.wp.com\/zeromagazine.mx\/wp-content\/uploads\/2024\/10\/IMG_2010-scaled.jpeg?fit=800%2C1200&ssl=1&resize=350%2C200","width":350,"height":200,"srcset":"https:\/\/i0.wp.com\/zeromagazine.mx\/wp-content\/uploads\/2024\/10\/IMG_2010-scaled.jpeg?fit=800%2C1200&ssl=1&resize=350%2C200 1x, https:\/\/i0.wp.com\/zeromagazine.mx\/wp-content\/uploads\/2024\/10\/IMG_2010-scaled.jpeg?fit=800%2C1200&ssl=1&resize=525%2C300 1.5x, https:\/\/i0.wp.com\/zeromagazine.mx\/wp-content\/uploads\/2024\/10\/IMG_2010-scaled.jpeg?fit=800%2C1200&ssl=1&resize=700%2C400 2x"},"classes":[]},{"id":97053,"url":"https:\/\/zeromagazine.mx\/index.php\/2025\/02\/18\/amazonia-en-cdmx\/","url_meta":{"origin":79827,"position":3},"title":"Amaz\u00f4nia: Un grito visual","author":"David Morales","date":"18 de febrero de 2025","format":false,"excerpt":"La selva m\u00e1s ic\u00f3nica del planeta llega a la Ciudad de M\u00e9xico de la mano de Sebasti\u00e3o Salgado. La expo Amaz\u00f4nia aterriza en el Museo Nacional de Antropolog\u00eda con 230 fotos que no solo son una bomba visual, sino un llamado urgente a la acci\u00f3n. Porque, amix, la Amazonia se\u2026","rel":"","context":"En \u00abCultura\u00bb","block_context":{"text":"Cultura","link":"https:\/\/zeromagazine.mx\/index.php\/category\/cultura\/"},"img":{"alt_text":"","src":"https:\/\/i0.wp.com\/zeromagazine.mx\/wp-content\/uploads\/2025\/02\/Credito-fotografico-Sebastiao-Salgado-1-1-1-scaled.jpg?fit=1200%2C878&ssl=1&resize=350%2C200","width":350,"height":200,"srcset":"https:\/\/i0.wp.com\/zeromagazine.mx\/wp-content\/uploads\/2025\/02\/Credito-fotografico-Sebastiao-Salgado-1-1-1-scaled.jpg?fit=1200%2C878&ssl=1&resize=350%2C200 1x, https:\/\/i0.wp.com\/zeromagazine.mx\/wp-content\/uploads\/2025\/02\/Credito-fotografico-Sebastiao-Salgado-1-1-1-scaled.jpg?fit=1200%2C878&ssl=1&resize=525%2C300 1.5x, https:\/\/i0.wp.com\/zeromagazine.mx\/wp-content\/uploads\/2025\/02\/Credito-fotografico-Sebastiao-Salgado-1-1-1-scaled.jpg?fit=1200%2C878&ssl=1&resize=700%2C400 2x, https:\/\/i0.wp.com\/zeromagazine.mx\/wp-content\/uploads\/2025\/02\/Credito-fotografico-Sebastiao-Salgado-1-1-1-scaled.jpg?fit=1200%2C878&ssl=1&resize=1050%2C600 3x"},"classes":[]},{"id":105376,"url":"https:\/\/zeromagazine.mx\/index.php\/2025\/05\/21\/ana-frank-en-san-miguel-de-allende\/","url_meta":{"origin":79827,"position":4},"title":"Ana Frank en San Migue de Allende","author":"David Morales","date":"21 de mayo de 2025","format":false,"excerpt":"Amix, en este mundo tan ca\u00f3tico donde todo va rapid\u00edsimo y a veces se nos olvida respirar, llega algo que te sacude el alma bonito: la exposici\u00f3n \u201cAna Frank: Notas de Esperanza\u201d en San Miguel de Allende. Y no, no es solo otra expo hist\u00f3rica, es una experiencia que nos\u2026","rel":"","context":"En \u00abCultura\u00bb","block_context":{"text":"Cultura","link":"https:\/\/zeromagazine.mx\/index.php\/category\/cultura\/"},"img":{"alt_text":"","src":"https:\/\/i0.wp.com\/zeromagazine.mx\/wp-content\/uploads\/2025\/06\/Ana-Frank3.jpg?fit=1200%2C674&ssl=1&resize=350%2C200","width":350,"height":200,"srcset":"https:\/\/i0.wp.com\/zeromagazine.mx\/wp-content\/uploads\/2025\/06\/Ana-Frank3.jpg?fit=1200%2C674&ssl=1&resize=350%2C200 1x, https:\/\/i0.wp.com\/zeromagazine.mx\/wp-content\/uploads\/2025\/06\/Ana-Frank3.jpg?fit=1200%2C674&ssl=1&resize=525%2C300 1.5x, https:\/\/i0.wp.com\/zeromagazine.mx\/wp-content\/uploads\/2025\/06\/Ana-Frank3.jpg?fit=1200%2C674&ssl=1&resize=700%2C400 2x, https:\/\/i0.wp.com\/zeromagazine.mx\/wp-content\/uploads\/2025\/06\/Ana-Frank3.jpg?fit=1200%2C674&ssl=1&resize=1050%2C600 3x"},"classes":[]},{"id":84188,"url":"https:\/\/zeromagazine.mx\/index.php\/2024\/09\/19\/arte-interactivo-uno-ninguno-cien-miel\/","url_meta":{"origin":79827,"position":5},"title":"Arte Interactivo: Uno, Ninguno, Cien Mil","author":"zeromagazinemx","date":"19 de septiembre de 2024","format":false,"excerpt":"\u00bfEst\u00e1s listo para una experiencia art\u00edstica que va mucho m\u00e1s all\u00e1 de solo mirar? La Galer\u00eda Ana Tejeda ha lanzado la exposici\u00f3n \"Uno, Ninguno y Cien Mil\" del incre\u00edble escultor Jorge Ismael Rodr\u00edguez, y es algo que no puedes dejar pasar. Curada por Tania Ragasol, esta muestra est\u00e1 dise\u00f1ada para\u2026","rel":"","context":"En \u00abCultura\u00bb","block_context":{"text":"Cultura","link":"https:\/\/zeromagazine.mx\/index.php\/category\/cultura\/"},"img":{"alt_text":"","src":"https:\/\/i0.wp.com\/zeromagazine.mx\/wp-content\/uploads\/2024\/09\/El-jardin-de-las-flores-que-laten-1-scaled.jpg?fit=1200%2C800&ssl=1&resize=350%2C200","width":350,"height":200,"srcset":"https:\/\/i0.wp.com\/zeromagazine.mx\/wp-content\/uploads\/2024\/09\/El-jardin-de-las-flores-que-laten-1-scaled.jpg?fit=1200%2C800&ssl=1&resize=350%2C200 1x, https:\/\/i0.wp.com\/zeromagazine.mx\/wp-content\/uploads\/2024\/09\/El-jardin-de-las-flores-que-laten-1-scaled.jpg?fit=1200%2C800&ssl=1&resize=525%2C300 1.5x, https:\/\/i0.wp.com\/zeromagazine.mx\/wp-content\/uploads\/2024\/09\/El-jardin-de-las-flores-que-laten-1-scaled.jpg?fit=1200%2C800&ssl=1&resize=700%2C400 2x, https:\/\/i0.wp.com\/zeromagazine.mx\/wp-content\/uploads\/2024\/09\/El-jardin-de-las-flores-que-laten-1-scaled.jpg?fit=1200%2C800&ssl=1&resize=1050%2C600 3x"},"classes":[]}],"jetpack_sharing_enabled":true,"builder_content":"","_links":{"self":[{"href":"https:\/\/zeromagazine.mx\/index.php\/wp-json\/wp\/v2\/posts\/79827","targetHints":{"allow":["GET"]}}],"collection":[{"href":"https:\/\/zeromagazine.mx\/index.php\/wp-json\/wp\/v2\/posts"}],"about":[{"href":"https:\/\/zeromagazine.mx\/index.php\/wp-json\/wp\/v2\/types\/post"}],"author":[{"embeddable":true,"href":"https:\/\/zeromagazine.mx\/index.php\/wp-json\/wp\/v2\/users\/2"}],"replies":[{"embeddable":true,"href":"https:\/\/zeromagazine.mx\/index.php\/wp-json\/wp\/v2\/comments?post=79827"}],"version-history":[{"count":1,"href":"https:\/\/zeromagazine.mx\/index.php\/wp-json\/wp\/v2\/posts\/79827\/revisions"}],"predecessor-version":[{"id":79829,"href":"https:\/\/zeromagazine.mx\/index.php\/wp-json\/wp\/v2\/posts\/79827\/revisions\/79829"}],"wp:featuredmedia":[{"embeddable":true,"href":"https:\/\/zeromagazine.mx\/index.php\/wp-json\/wp\/v2\/media\/79828"}],"wp:attachment":[{"href":"https:\/\/zeromagazine.mx\/index.php\/wp-json\/wp\/v2\/media?parent=79827"}],"wp:term":[{"taxonomy":"category","embeddable":true,"href":"https:\/\/zeromagazine.mx\/index.php\/wp-json\/wp\/v2\/categories?post=79827"},{"taxonomy":"post_tag","embeddable":true,"href":"https:\/\/zeromagazine.mx\/index.php\/wp-json\/wp\/v2\/tags?post=79827"}],"curies":[{"name":"wp","href":"https:\/\/api.w.org\/{rel}","templated":true}]}}