{"id":79934,"date":"2024-07-04T03:57:55","date_gmt":"2024-07-04T01:57:55","guid":{"rendered":"https:\/\/zeromagazine.mx\/?p=79934"},"modified":"2024-07-04T04:04:17","modified_gmt":"2024-07-04T02:04:17","slug":"carlos-alcaraz-el-rey-del-tenis","status":"publish","type":"post","link":"https:\/\/zeromagazine.mx\/index.php\/2024\/07\/04\/carlos-alcaraz-el-rey-del-tenis\/","title":{"rendered":"Carlos Alcaraz el Rey del Tenis"},"content":{"rendered":"<p>Hoy les traigo las \u00faltimas news del mundo del tenis y les quiero contar c\u00f3mo va nuestro fav, Carlos Alcaraz, en Wimbledon. Les adelanto que est\u00e1 on fire, y aqu\u00ed les cuento todos los detalles para que no se pierdan nada de su camino hacia la defensa del t\u00edtulo.<\/p>\n\n\n\n<h2 class=\"wp-block-heading\">\u00bfContra qui\u00e9n se enfrent\u00f3 Carlos Alcaraz?<\/h2>\n\n\n\n<p>Primero que nada, Carlos Alcaraz, actual n\u00famero 3 del ranking ATP, se enfrent\u00f3 al australiano Aleksandar Vukic (69\u00b0) y sali\u00f3 victorioso, avanzando as\u00ed a la tercera ronda de Wimbledon. Esta victoria es super importante para el porque est\u00e1 defendiendo el t\u00edtulo que gan\u00f3 el a\u00f1o pasado tras vencer en la final al gran Novak Djokovic en un partido \u00e9pico de cinco sets.<\/p>\n\n\n\n<script async src=\"https:\/\/pagead2.googlesyndication.com\/pagead\/js\/adsbygoogle.js?client=ca-pub-5499304793904745\"\n     crossorigin=\"anonymous\"><\/script>\n<ins class=\"adsbygoogle\"\n     style=\"display:block; text-align:center;\"\n     data-ad-layout=\"in-article\"\n     data-ad-format=\"fluid\"\n     data-ad-client=\"ca-pub-5499304793904745\"\n     data-ad-slot=\"5994863093\"><\/ins>\n<script>\n     (adsbygoogle = window.adsbygoogle || []).push({});\n<\/script>\n\n\n\n<p><\/p>\n\n\n\n<p>Definitivamente, ser el campe\u00f3n defensor no es cualquier cosa, especialmente para un joven de 21 a\u00f1os como Carlos Alcaraz. Es normal que quienes est\u00e1n en esa posici\u00f3n sientan mucha presi\u00f3n, pero Carlitos parece manejarla con una calma incre\u00edble. En sus propias palabras, ha dicho que ya ha estado antes en esta situaci\u00f3n de ser campe\u00f3n defensor de Grand Slam. Para los que no recuerdan, gan\u00f3 su primer Major en el Abierto de los Estados Unidos 2022, aunque en su intento de bicampeonato fue eliminado en las semifinales por Daniil Medvedev.<\/p>\n\n\n<div class=\"wp-block-image\">\n<figure class=\"aligncenter size-full\"><img data-recalc-dims=\"1\" decoding=\"async\" width=\"1165\" height=\"775\" src=\"https:\/\/i0.wp.com\/zeromagazine.mx\/wp-content\/uploads\/2024\/07\/Carlos-Alcaraz-scaled.jpg?resize=1165%2C775&#038;ssl=1\" alt=\"Alcaraz avanzar\u00e1 a la siguiente fase donde se enfrentar\u00e1 al estadounidense Frances Tiafoe, luego de vencer a Aleksandar Vukic en la segunda ronda\" class=\"wp-image-79935\" srcset=\"https:\/\/i0.wp.com\/zeromagazine.mx\/wp-content\/uploads\/2024\/07\/Carlos-Alcaraz-scaled.jpg?w=2560&amp;ssl=1 2560w, https:\/\/i0.wp.com\/zeromagazine.mx\/wp-content\/uploads\/2024\/07\/Carlos-Alcaraz-scaled.jpg?resize=300%2C200&amp;ssl=1 300w, https:\/\/i0.wp.com\/zeromagazine.mx\/wp-content\/uploads\/2024\/07\/Carlos-Alcaraz-scaled.jpg?resize=1024%2C682&amp;ssl=1 1024w, https:\/\/i0.wp.com\/zeromagazine.mx\/wp-content\/uploads\/2024\/07\/Carlos-Alcaraz-scaled.jpg?resize=768%2C511&amp;ssl=1 768w, https:\/\/i0.wp.com\/zeromagazine.mx\/wp-content\/uploads\/2024\/07\/Carlos-Alcaraz-scaled.jpg?resize=1536%2C1022&amp;ssl=1 1536w, https:\/\/i0.wp.com\/zeromagazine.mx\/wp-content\/uploads\/2024\/07\/Carlos-Alcaraz-scaled.jpg?resize=2048%2C1363&amp;ssl=1 2048w, https:\/\/i0.wp.com\/zeromagazine.mx\/wp-content\/uploads\/2024\/07\/Carlos-Alcaraz-scaled.jpg?w=2330 2330w\" sizes=\"(max-width: 1165px) 100vw, 1165px\" \/><\/figure>\n<\/div>\n\n\n<p><\/p>\n\n\n\n<p>Pero Carlitos est\u00e1 decidido a subir de nivel cada d\u00eda. Despu\u00e9s de coronarse en Roland Garros, dijo en una entrevista que intenta no sentir la presi\u00f3n de ganar otra vez. En lugar de eso, se enfoca en cada d\u00eda y cada pr\u00e1ctica, siempre buscando superarse. Esa mentalidad es lo que lo mantiene en la cima del tenis mundial a tan corta edad.<\/p>\n\n\n\n<script async src=\"https:\/\/pagead2.googlesyndication.com\/pagead\/js\/adsbygoogle.js?client=ca-pub-5499304793904745\"\n     crossorigin=\"anonymous\"><\/script>\n<ins class=\"adsbygoogle\"\n     style=\"display:block; text-align:center;\"\n     data-ad-layout=\"in-article\"\n     data-ad-format=\"fluid\"\n     data-ad-client=\"ca-pub-5499304793904745\"\n     data-ad-slot=\"5994863093\"><\/ins>\n<script>\n     (adsbygoogle = window.adsbygoogle || []).push({});\n<\/script>\n\n\n\n<p><\/p>\n\n\n\n<p>Adem\u00e1s, en la pr\u00f3xima ronda, Alcaraz ya tiene rival confirmado: Frances Tiafoe. Y para a\u00f1adirle emoci\u00f3n, tuvo un momento gracioso con un periodista que le dijo que Tiafoe estaba ansioso por enfrentarlo. La respuesta de Carlitos, \u00abVoy por \u00e9l\u00bb, fue pura motivaci\u00f3n. As\u00ed que, no olvides apoyar a Carlitos en su camino para defender su t\u00edtulo y demostrar al mundo que tiene todo para ser una leyenda del deporte.<\/p>\n\n<!--themify_builder_content-->\n<div id=\"themify_builder_content-79934\" data-postid=\"79934\" class=\"themify_builder_content themify_builder_content-79934 themify_builder tf_clear\">\n    <\/div>\n<!--\/themify_builder_content-->","protected":false},"excerpt":{"rendered":"<p>Hoy les traigo las \u00faltimas news del mundo del tenis y les quiero contar c\u00f3mo va nuestro fav, Carlos Alcaraz, en Wimbledon. Les adelanto que est\u00e1 on fire, y aqu\u00ed les cuento todos los detalles para que no se pierdan nada de su camino hacia la defensa del t\u00edtulo. \u00bfContra qui\u00e9n se enfrent\u00f3 Carlos Alcaraz? [&hellip;]<\/p>\n","protected":false},"author":2,"featured_media":79935,"comment_status":"open","ping_status":"open","sticky":false,"template":"","format":"standard","meta":{"_jetpack_memberships_contains_paid_content":false,"footnotes":"","jetpack_publicize_message":"","jetpack_publicize_feature_enabled":true,"jetpack_social_post_already_shared":true,"jetpack_social_options":{"image_generator_settings":{"template":"highway","default_image_id":0,"font":"","enabled":false},"version":2}},"categories":[117],"tags":[9126,9127,5394],"class_list":["post-79934","post","type-post","status-publish","format-standard","has-post-thumbnail","hentry","category-entretenimiento","tag-carlos-alcaraz","tag-ranking-atp","tag-wimbledon","has-post-title","has-post-date","has-post-category","has-post-tag","has-post-comment","has-post-author",""],"yoast_head":"<!-- This site is optimized with the Yoast SEO plugin v27.5 - https:\/\/yoast.com\/product\/yoast-seo-wordpress\/ -->\n<title>Carlos Alcaraz el Rey del Tenis - Zero Magazine<\/title>\n<meta name=\"robots\" content=\"index, follow, max-snippet:-1, max-image-preview:large, max-video-preview:-1\" \/>\n<link rel=\"canonical\" href=\"https:\/\/zeromagazine.mx\/index.php\/2024\/07\/04\/carlos-alcaraz-el-rey-del-tenis\/\" \/>\n<meta property=\"og:locale\" content=\"es_ES\" \/>\n<meta property=\"og:type\" content=\"article\" \/>\n<meta property=\"og:title\" content=\"Carlos Alcaraz el Rey del Tenis - Zero Magazine\" \/>\n<meta property=\"og:description\" content=\"Hoy les traigo las \u00faltimas news del mundo del tenis y les quiero contar c\u00f3mo va nuestro fav, Carlos Alcaraz, en Wimbledon. Les adelanto que est\u00e1 on fire, y aqu\u00ed les cuento todos los detalles para que no se pierdan nada de su camino hacia la defensa del t\u00edtulo. \u00bfContra qui\u00e9n se enfrent\u00f3 Carlos Alcaraz? [&hellip;]\" \/>\n<meta property=\"og:url\" content=\"https:\/\/zeromagazine.mx\/index.php\/2024\/07\/04\/carlos-alcaraz-el-rey-del-tenis\/\" \/>\n<meta property=\"og:site_name\" content=\"Zero Magazine\" \/>\n<meta property=\"article:published_time\" content=\"2024-07-04T01:57:55+00:00\" \/>\n<meta property=\"article:modified_time\" content=\"2024-07-04T02:04:17+00:00\" \/>\n<meta property=\"og:image\" content=\"https:\/\/i0.wp.com\/zeromagazine.mx\/wp-content\/uploads\/2024\/07\/Carlos-Alcaraz-scaled.jpg?fit=2560%2C1704&ssl=1\" \/>\n\t<meta property=\"og:image:width\" content=\"2560\" \/>\n\t<meta property=\"og:image:height\" content=\"1704\" \/>\n\t<meta property=\"og:image:type\" content=\"image\/jpeg\" \/>\n<meta name=\"author\" content=\"zeromagazinemx\" \/>\n<meta name=\"twitter:card\" content=\"summary_large_image\" \/>\n<meta name=\"twitter:label1\" content=\"Escrito por\" \/>\n\t<meta name=\"twitter:data1\" content=\"zeromagazinemx\" \/>\n\t<meta name=\"twitter:label2\" content=\"Tiempo de lectura\" \/>\n\t<meta name=\"twitter:data2\" content=\"2 minutos\" \/>\n<script type=\"application\/ld+json\" class=\"yoast-schema-graph\">{\"@context\":\"https:\\\/\\\/schema.org\",\"@graph\":[{\"@type\":\"Article\",\"@id\":\"https:\\\/\\\/zeromagazine.mx\\\/index.php\\\/2024\\\/07\\\/04\\\/carlos-alcaraz-el-rey-del-tenis\\\/#article\",\"isPartOf\":{\"@id\":\"https:\\\/\\\/zeromagazine.mx\\\/index.php\\\/2024\\\/07\\\/04\\\/carlos-alcaraz-el-rey-del-tenis\\\/\"},\"author\":{\"name\":\"zeromagazinemx\",\"@id\":\"https:\\\/\\\/zeromagazine.mx\\\/#\\\/schema\\\/person\\\/9aed9f33a7c39af3a348b86d723f7773\"},\"headline\":\"Carlos Alcaraz el Rey del Tenis\",\"datePublished\":\"2024-07-04T01:57:55+00:00\",\"dateModified\":\"2024-07-04T02:04:17+00:00\",\"mainEntityOfPage\":{\"@id\":\"https:\\\/\\\/zeromagazine.mx\\\/index.php\\\/2024\\\/07\\\/04\\\/carlos-alcaraz-el-rey-del-tenis\\\/\"},\"wordCount\":365,\"commentCount\":0,\"publisher\":{\"@id\":\"https:\\\/\\\/zeromagazine.mx\\\/#organization\"},\"image\":{\"@id\":\"https:\\\/\\\/zeromagazine.mx\\\/index.php\\\/2024\\\/07\\\/04\\\/carlos-alcaraz-el-rey-del-tenis\\\/#primaryimage\"},\"thumbnailUrl\":\"https:\\\/\\\/i0.wp.com\\\/zeromagazine.mx\\\/wp-content\\\/uploads\\\/2024\\\/07\\\/Carlos-Alcaraz-scaled.jpg?fit=2560%2C1704&ssl=1\",\"keywords\":[\"Carlos Alcaraz\",\"Ranking ATP\",\"Wimbledon\"],\"articleSection\":[\"Entretenimiento\"],\"inLanguage\":\"es\",\"potentialAction\":[{\"@type\":\"CommentAction\",\"name\":\"Comment\",\"target\":[\"https:\\\/\\\/zeromagazine.mx\\\/index.php\\\/2024\\\/07\\\/04\\\/carlos-alcaraz-el-rey-del-tenis\\\/#respond\"]}]},{\"@type\":\"WebPage\",\"@id\":\"https:\\\/\\\/zeromagazine.mx\\\/index.php\\\/2024\\\/07\\\/04\\\/carlos-alcaraz-el-rey-del-tenis\\\/\",\"url\":\"https:\\\/\\\/zeromagazine.mx\\\/index.php\\\/2024\\\/07\\\/04\\\/carlos-alcaraz-el-rey-del-tenis\\\/\",\"name\":\"Carlos Alcaraz el Rey del Tenis - Zero Magazine\",\"isPartOf\":{\"@id\":\"https:\\\/\\\/zeromagazine.mx\\\/#website\"},\"primaryImageOfPage\":{\"@id\":\"https:\\\/\\\/zeromagazine.mx\\\/index.php\\\/2024\\\/07\\\/04\\\/carlos-alcaraz-el-rey-del-tenis\\\/#primaryimage\"},\"image\":{\"@id\":\"https:\\\/\\\/zeromagazine.mx\\\/index.php\\\/2024\\\/07\\\/04\\\/carlos-alcaraz-el-rey-del-tenis\\\/#primaryimage\"},\"thumbnailUrl\":\"https:\\\/\\\/i0.wp.com\\\/zeromagazine.mx\\\/wp-content\\\/uploads\\\/2024\\\/07\\\/Carlos-Alcaraz-scaled.jpg?fit=2560%2C1704&ssl=1\",\"datePublished\":\"2024-07-04T01:57:55+00:00\",\"dateModified\":\"2024-07-04T02:04:17+00:00\",\"breadcrumb\":{\"@id\":\"https:\\\/\\\/zeromagazine.mx\\\/index.php\\\/2024\\\/07\\\/04\\\/carlos-alcaraz-el-rey-del-tenis\\\/#breadcrumb\"},\"inLanguage\":\"es\",\"potentialAction\":[{\"@type\":\"ReadAction\",\"target\":[\"https:\\\/\\\/zeromagazine.mx\\\/index.php\\\/2024\\\/07\\\/04\\\/carlos-alcaraz-el-rey-del-tenis\\\/\"]}]},{\"@type\":\"ImageObject\",\"inLanguage\":\"es\",\"@id\":\"https:\\\/\\\/zeromagazine.mx\\\/index.php\\\/2024\\\/07\\\/04\\\/carlos-alcaraz-el-rey-del-tenis\\\/#primaryimage\",\"url\":\"https:\\\/\\\/i0.wp.com\\\/zeromagazine.mx\\\/wp-content\\\/uploads\\\/2024\\\/07\\\/Carlos-Alcaraz-scaled.jpg?fit=2560%2C1704&ssl=1\",\"contentUrl\":\"https:\\\/\\\/i0.wp.com\\\/zeromagazine.mx\\\/wp-content\\\/uploads\\\/2024\\\/07\\\/Carlos-Alcaraz-scaled.jpg?fit=2560%2C1704&ssl=1\",\"width\":2560,\"height\":1704},{\"@type\":\"BreadcrumbList\",\"@id\":\"https:\\\/\\\/zeromagazine.mx\\\/index.php\\\/2024\\\/07\\\/04\\\/carlos-alcaraz-el-rey-del-tenis\\\/#breadcrumb\",\"itemListElement\":[{\"@type\":\"ListItem\",\"position\":1,\"name\":\"Portada\",\"item\":\"https:\\\/\\\/zeromagazine.mx\\\/\"},{\"@type\":\"ListItem\",\"position\":2,\"name\":\"Carlos Alcaraz el Rey del Tenis\"}]},{\"@type\":\"WebSite\",\"@id\":\"https:\\\/\\\/zeromagazine.mx\\\/#website\",\"url\":\"https:\\\/\\\/zeromagazine.mx\\\/\",\"name\":\"Zero Magazine\",\"description\":\"\",\"publisher\":{\"@id\":\"https:\\\/\\\/zeromagazine.mx\\\/#organization\"},\"potentialAction\":[{\"@type\":\"SearchAction\",\"target\":{\"@type\":\"EntryPoint\",\"urlTemplate\":\"https:\\\/\\\/zeromagazine.mx\\\/?s={search_term_string}\"},\"query-input\":{\"@type\":\"PropertyValueSpecification\",\"valueRequired\":true,\"valueName\":\"search_term_string\"}}],\"inLanguage\":\"es\"},{\"@type\":\"Organization\",\"@id\":\"https:\\\/\\\/zeromagazine.mx\\\/#organization\",\"name\":\"Zero Magazine\",\"url\":\"https:\\\/\\\/zeromagazine.mx\\\/\",\"logo\":{\"@type\":\"ImageObject\",\"inLanguage\":\"es\",\"@id\":\"https:\\\/\\\/zeromagazine.mx\\\/#\\\/schema\\\/logo\\\/image\\\/\",\"url\":\"https:\\\/\\\/i0.wp.com\\\/zeromagazine.mx\\\/wp-content\\\/uploads\\\/2025\\\/11\\\/1.jpeg?fit=1000%2C1000&ssl=1\",\"contentUrl\":\"https:\\\/\\\/i0.wp.com\\\/zeromagazine.mx\\\/wp-content\\\/uploads\\\/2025\\\/11\\\/1.jpeg?fit=1000%2C1000&ssl=1\",\"width\":1000,\"height\":1000,\"caption\":\"Zero Magazine\"},\"image\":{\"@id\":\"https:\\\/\\\/zeromagazine.mx\\\/#\\\/schema\\\/logo\\\/image\\\/\"},\"sameAs\":[\"https:\\\/\\\/instagram.com\\\/zeromagazinemx\"]},{\"@type\":\"Person\",\"@id\":\"https:\\\/\\\/zeromagazine.mx\\\/#\\\/schema\\\/person\\\/9aed9f33a7c39af3a348b86d723f7773\",\"name\":\"zeromagazinemx\",\"image\":{\"@type\":\"ImageObject\",\"inLanguage\":\"es\",\"@id\":\"https:\\\/\\\/zeromagazine.mx\\\/wp-content\\\/litespeed\\\/avatar\\\/f91dfe5410d5dcb1a576bf8c45983896.jpg?ver=1777571230\",\"url\":\"https:\\\/\\\/zeromagazine.mx\\\/wp-content\\\/litespeed\\\/avatar\\\/f91dfe5410d5dcb1a576bf8c45983896.jpg?ver=1777571230\",\"contentUrl\":\"https:\\\/\\\/zeromagazine.mx\\\/wp-content\\\/litespeed\\\/avatar\\\/f91dfe5410d5dcb1a576bf8c45983896.jpg?ver=1777571230\",\"caption\":\"zeromagazinemx\"},\"url\":\"https:\\\/\\\/zeromagazine.mx\\\/index.php\\\/author\\\/zeromagazinemx\\\/\"}]}<\/script>\n<!-- \/ Yoast SEO plugin. -->","yoast_head_json":{"title":"Carlos Alcaraz el Rey del Tenis - Zero Magazine","robots":{"index":"index","follow":"follow","max-snippet":"max-snippet:-1","max-image-preview":"max-image-preview:large","max-video-preview":"max-video-preview:-1"},"canonical":"https:\/\/zeromagazine.mx\/index.php\/2024\/07\/04\/carlos-alcaraz-el-rey-del-tenis\/","og_locale":"es_ES","og_type":"article","og_title":"Carlos Alcaraz el Rey del Tenis - Zero Magazine","og_description":"Hoy les traigo las \u00faltimas news del mundo del tenis y les quiero contar c\u00f3mo va nuestro fav, Carlos Alcaraz, en Wimbledon. Les adelanto que est\u00e1 on fire, y aqu\u00ed les cuento todos los detalles para que no se pierdan nada de su camino hacia la defensa del t\u00edtulo. \u00bfContra qui\u00e9n se enfrent\u00f3 Carlos Alcaraz? [&hellip;]","og_url":"https:\/\/zeromagazine.mx\/index.php\/2024\/07\/04\/carlos-alcaraz-el-rey-del-tenis\/","og_site_name":"Zero Magazine","article_published_time":"2024-07-04T01:57:55+00:00","article_modified_time":"2024-07-04T02:04:17+00:00","og_image":[{"width":2560,"height":1704,"url":"https:\/\/i0.wp.com\/zeromagazine.mx\/wp-content\/uploads\/2024\/07\/Carlos-Alcaraz-scaled.jpg?fit=2560%2C1704&ssl=1","type":"image\/jpeg"}],"author":"zeromagazinemx","twitter_card":"summary_large_image","twitter_misc":{"Escrito por":"zeromagazinemx","Tiempo de lectura":"2 minutos"},"schema":{"@context":"https:\/\/schema.org","@graph":[{"@type":"Article","@id":"https:\/\/zeromagazine.mx\/index.php\/2024\/07\/04\/carlos-alcaraz-el-rey-del-tenis\/#article","isPartOf":{"@id":"https:\/\/zeromagazine.mx\/index.php\/2024\/07\/04\/carlos-alcaraz-el-rey-del-tenis\/"},"author":{"name":"zeromagazinemx","@id":"https:\/\/zeromagazine.mx\/#\/schema\/person\/9aed9f33a7c39af3a348b86d723f7773"},"headline":"Carlos Alcaraz el Rey del Tenis","datePublished":"2024-07-04T01:57:55+00:00","dateModified":"2024-07-04T02:04:17+00:00","mainEntityOfPage":{"@id":"https:\/\/zeromagazine.mx\/index.php\/2024\/07\/04\/carlos-alcaraz-el-rey-del-tenis\/"},"wordCount":365,"commentCount":0,"publisher":{"@id":"https:\/\/zeromagazine.mx\/#organization"},"image":{"@id":"https:\/\/zeromagazine.mx\/index.php\/2024\/07\/04\/carlos-alcaraz-el-rey-del-tenis\/#primaryimage"},"thumbnailUrl":"https:\/\/i0.wp.com\/zeromagazine.mx\/wp-content\/uploads\/2024\/07\/Carlos-Alcaraz-scaled.jpg?fit=2560%2C1704&ssl=1","keywords":["Carlos Alcaraz","Ranking ATP","Wimbledon"],"articleSection":["Entretenimiento"],"inLanguage":"es","potentialAction":[{"@type":"CommentAction","name":"Comment","target":["https:\/\/zeromagazine.mx\/index.php\/2024\/07\/04\/carlos-alcaraz-el-rey-del-tenis\/#respond"]}]},{"@type":"WebPage","@id":"https:\/\/zeromagazine.mx\/index.php\/2024\/07\/04\/carlos-alcaraz-el-rey-del-tenis\/","url":"https:\/\/zeromagazine.mx\/index.php\/2024\/07\/04\/carlos-alcaraz-el-rey-del-tenis\/","name":"Carlos Alcaraz el Rey del Tenis - Zero Magazine","isPartOf":{"@id":"https:\/\/zeromagazine.mx\/#website"},"primaryImageOfPage":{"@id":"https:\/\/zeromagazine.mx\/index.php\/2024\/07\/04\/carlos-alcaraz-el-rey-del-tenis\/#primaryimage"},"image":{"@id":"https:\/\/zeromagazine.mx\/index.php\/2024\/07\/04\/carlos-alcaraz-el-rey-del-tenis\/#primaryimage"},"thumbnailUrl":"https:\/\/i0.wp.com\/zeromagazine.mx\/wp-content\/uploads\/2024\/07\/Carlos-Alcaraz-scaled.jpg?fit=2560%2C1704&ssl=1","datePublished":"2024-07-04T01:57:55+00:00","dateModified":"2024-07-04T02:04:17+00:00","breadcrumb":{"@id":"https:\/\/zeromagazine.mx\/index.php\/2024\/07\/04\/carlos-alcaraz-el-rey-del-tenis\/#breadcrumb"},"inLanguage":"es","potentialAction":[{"@type":"ReadAction","target":["https:\/\/zeromagazine.mx\/index.php\/2024\/07\/04\/carlos-alcaraz-el-rey-del-tenis\/"]}]},{"@type":"ImageObject","inLanguage":"es","@id":"https:\/\/zeromagazine.mx\/index.php\/2024\/07\/04\/carlos-alcaraz-el-rey-del-tenis\/#primaryimage","url":"https:\/\/i0.wp.com\/zeromagazine.mx\/wp-content\/uploads\/2024\/07\/Carlos-Alcaraz-scaled.jpg?fit=2560%2C1704&ssl=1","contentUrl":"https:\/\/i0.wp.com\/zeromagazine.mx\/wp-content\/uploads\/2024\/07\/Carlos-Alcaraz-scaled.jpg?fit=2560%2C1704&ssl=1","width":2560,"height":1704},{"@type":"BreadcrumbList","@id":"https:\/\/zeromagazine.mx\/index.php\/2024\/07\/04\/carlos-alcaraz-el-rey-del-tenis\/#breadcrumb","itemListElement":[{"@type":"ListItem","position":1,"name":"Portada","item":"https:\/\/zeromagazine.mx\/"},{"@type":"ListItem","position":2,"name":"Carlos Alcaraz el Rey del Tenis"}]},{"@type":"WebSite","@id":"https:\/\/zeromagazine.mx\/#website","url":"https:\/\/zeromagazine.mx\/","name":"Zero Magazine","description":"","publisher":{"@id":"https:\/\/zeromagazine.mx\/#organization"},"potentialAction":[{"@type":"SearchAction","target":{"@type":"EntryPoint","urlTemplate":"https:\/\/zeromagazine.mx\/?s={search_term_string}"},"query-input":{"@type":"PropertyValueSpecification","valueRequired":true,"valueName":"search_term_string"}}],"inLanguage":"es"},{"@type":"Organization","@id":"https:\/\/zeromagazine.mx\/#organization","name":"Zero Magazine","url":"https:\/\/zeromagazine.mx\/","logo":{"@type":"ImageObject","inLanguage":"es","@id":"https:\/\/zeromagazine.mx\/#\/schema\/logo\/image\/","url":"https:\/\/i0.wp.com\/zeromagazine.mx\/wp-content\/uploads\/2025\/11\/1.jpeg?fit=1000%2C1000&ssl=1","contentUrl":"https:\/\/i0.wp.com\/zeromagazine.mx\/wp-content\/uploads\/2025\/11\/1.jpeg?fit=1000%2C1000&ssl=1","width":1000,"height":1000,"caption":"Zero Magazine"},"image":{"@id":"https:\/\/zeromagazine.mx\/#\/schema\/logo\/image\/"},"sameAs":["https:\/\/instagram.com\/zeromagazinemx"]},{"@type":"Person","@id":"https:\/\/zeromagazine.mx\/#\/schema\/person\/9aed9f33a7c39af3a348b86d723f7773","name":"zeromagazinemx","image":{"@type":"ImageObject","inLanguage":"es","@id":"https:\/\/zeromagazine.mx\/wp-content\/litespeed\/avatar\/f91dfe5410d5dcb1a576bf8c45983896.jpg?ver=1777571230","url":"https:\/\/zeromagazine.mx\/wp-content\/litespeed\/avatar\/f91dfe5410d5dcb1a576bf8c45983896.jpg?ver=1777571230","contentUrl":"https:\/\/zeromagazine.mx\/wp-content\/litespeed\/avatar\/f91dfe5410d5dcb1a576bf8c45983896.jpg?ver=1777571230","caption":"zeromagazinemx"},"url":"https:\/\/zeromagazine.mx\/index.php\/author\/zeromagazinemx\/"}]}},"jetpack_publicize_connections":[],"jetpack_featured_media_url":"https:\/\/i0.wp.com\/zeromagazine.mx\/wp-content\/uploads\/2024\/07\/Carlos-Alcaraz-scaled.jpg?fit=2560%2C1704&ssl=1","jetpack-related-posts":[{"id":99719,"url":"https:\/\/zeromagazine.mx\/index.php\/2025\/03\/26\/abril-de-estrenos-epicos\/","url_meta":{"origin":79934,"position":0},"title":"Abril De Estrenos \u00c9picos","author":"David Morales","date":"26 de marzo de 2025","format":false,"excerpt":"Amix, prep\u00e1rense porque abril est\u00e1 que arde en Netflix. La plataforma nos trae un mont\u00f3n de estrenos que simplemente no podemos dejar pasar. Desde el regreso de series ic\u00f3nicas hasta pelis que nos van a tener pegados al sill\u00f3n, hay de todo para que armes tu marat\u00f3n perfecto. As\u00ed que\u2026","rel":"","context":"En \u00abBlog\u00bb","block_context":{"text":"Blog","link":"https:\/\/zeromagazine.mx\/index.php\/category\/blog\/"},"img":{"alt_text":"","src":"https:\/\/i0.wp.com\/zeromagazine.mx\/wp-content\/uploads\/2025\/03\/Black-Mirror_-Temporada-7-scaled.jpg?resize=350%2C200&ssl=1","width":350,"height":200,"srcset":"https:\/\/i0.wp.com\/zeromagazine.mx\/wp-content\/uploads\/2025\/03\/Black-Mirror_-Temporada-7-scaled.jpg?resize=350%2C200&ssl=1 1x, https:\/\/i0.wp.com\/zeromagazine.mx\/wp-content\/uploads\/2025\/03\/Black-Mirror_-Temporada-7-scaled.jpg?resize=525%2C300&ssl=1 1.5x, https:\/\/i0.wp.com\/zeromagazine.mx\/wp-content\/uploads\/2025\/03\/Black-Mirror_-Temporada-7-scaled.jpg?resize=700%2C400&ssl=1 2x, https:\/\/i0.wp.com\/zeromagazine.mx\/wp-content\/uploads\/2025\/03\/Black-Mirror_-Temporada-7-scaled.jpg?resize=1050%2C600&ssl=1 3x, https:\/\/i0.wp.com\/zeromagazine.mx\/wp-content\/uploads\/2025\/03\/Black-Mirror_-Temporada-7-scaled.jpg?resize=1400%2C800&ssl=1 4x"},"classes":[]},{"id":95640,"url":"https:\/\/zeromagazine.mx\/index.php\/2025\/02\/02\/bienvenidx-a-almanta\/","url_meta":{"origin":79934,"position":1},"title":"Bienvenidx a Almanta","author":"David Morales","date":"2 de febrero de 2025","format":false,"excerpt":"Si hay algo que nos emociona es ver c\u00f3mo los espacios se transforman y evolucionan para crear comunidad. En diciembre pasado, Almanta nos abri\u00f3 sus puertas y nos regal\u00f3 una experiencia que combin\u00f3 innovaci\u00f3n, deporte y un ambiente incre\u00edble. \u00bfQu\u00e9 hace a este lugar tan especial? Aqu\u00ed te cuento todo\u2026","rel":"","context":"En \u00abDise\u00f1o\u00bb","block_context":{"text":"Dise\u00f1o","link":"https:\/\/zeromagazine.mx\/index.php\/category\/diseno\/"},"img":{"alt_text":"","src":"https:\/\/i0.wp.com\/zeromagazine.mx\/wp-content\/uploads\/2025\/02\/IMG_3334-scaled.jpeg?fit=800%2C1200&ssl=1&resize=350%2C200","width":350,"height":200,"srcset":"https:\/\/i0.wp.com\/zeromagazine.mx\/wp-content\/uploads\/2025\/02\/IMG_3334-scaled.jpeg?fit=800%2C1200&ssl=1&resize=350%2C200 1x, https:\/\/i0.wp.com\/zeromagazine.mx\/wp-content\/uploads\/2025\/02\/IMG_3334-scaled.jpeg?fit=800%2C1200&ssl=1&resize=525%2C300 1.5x, https:\/\/i0.wp.com\/zeromagazine.mx\/wp-content\/uploads\/2025\/02\/IMG_3334-scaled.jpeg?fit=800%2C1200&ssl=1&resize=700%2C400 2x"},"classes":[]},{"id":90062,"url":"https:\/\/zeromagazine.mx\/index.php\/2024\/11\/11\/ruffles-x-nba-tennis-exclusivos\/","url_meta":{"origin":79934,"position":2},"title":"Ruffles x NBA: Tennis Exclusivos","author":"zeromagazinemx","date":"11 de noviembre de 2024","format":false,"excerpt":"Chicxs, si eres un verdadero sneakerhead, fan del b\u00e1squetbol, o simplemente te encanta todo lo cool y exclusivo, ag\u00e1rrate porque lo que se viene est\u00e1 de locos. Ruffles\u00ae\ufe0f, esa botana que todos amamos, se lanz\u00f3 con todo al mundo de los sneakers y la moda deportiva, y lo mejor de\u2026","rel":"","context":"En \u00abModa\u00bb","block_context":{"text":"Moda","link":"https:\/\/zeromagazine.mx\/index.php\/category\/moda\/"},"img":{"alt_text":"","src":"https:\/\/i0.wp.com\/zeromagazine.mx\/wp-content\/uploads\/2024\/11\/Copia-de-MicrosoftTeams-image-5.jpg?fit=1200%2C675&ssl=1&resize=350%2C200","width":350,"height":200,"srcset":"https:\/\/i0.wp.com\/zeromagazine.mx\/wp-content\/uploads\/2024\/11\/Copia-de-MicrosoftTeams-image-5.jpg?fit=1200%2C675&ssl=1&resize=350%2C200 1x, https:\/\/i0.wp.com\/zeromagazine.mx\/wp-content\/uploads\/2024\/11\/Copia-de-MicrosoftTeams-image-5.jpg?fit=1200%2C675&ssl=1&resize=525%2C300 1.5x, https:\/\/i0.wp.com\/zeromagazine.mx\/wp-content\/uploads\/2024\/11\/Copia-de-MicrosoftTeams-image-5.jpg?fit=1200%2C675&ssl=1&resize=700%2C400 2x, https:\/\/i0.wp.com\/zeromagazine.mx\/wp-content\/uploads\/2024\/11\/Copia-de-MicrosoftTeams-image-5.jpg?fit=1200%2C675&ssl=1&resize=1050%2C600 3x"},"classes":[]},{"id":114207,"url":"https:\/\/zeromagazine.mx\/index.php\/2026\/01\/26\/rafael-de-alba-tenis-mexicano-flexi\/","url_meta":{"origin":79934,"position":3},"title":"Rafael de Alba rompe la cancha","author":"zeromagazinemx","date":"26 de enero de 2026","format":false,"excerpt":"El tenis mexicano tiene nueva promesa y s\u00ed, es momento de que lo tengas en el radar. Rafael de Alba no solo est\u00e1 subiendo en rankings, tambi\u00e9n est\u00e1 conquistando miradas fuera de la cancha gracias a su nueva alianza con Flexi. Y no, no es \u201csolo otro patrocinio\u201d; es de\u2026","rel":"","context":"En \u00abBlog\u00bb","block_context":{"text":"Blog","link":"https:\/\/zeromagazine.mx\/index.php\/category\/blog\/"},"img":{"alt_text":"","src":"https:\/\/i0.wp.com\/zeromagazine.mx\/wp-content\/uploads\/2026\/01\/1000049174.jpg?fit=1200%2C800&ssl=1&resize=350%2C200","width":350,"height":200,"srcset":"https:\/\/i0.wp.com\/zeromagazine.mx\/wp-content\/uploads\/2026\/01\/1000049174.jpg?fit=1200%2C800&ssl=1&resize=350%2C200 1x, https:\/\/i0.wp.com\/zeromagazine.mx\/wp-content\/uploads\/2026\/01\/1000049174.jpg?fit=1200%2C800&ssl=1&resize=525%2C300 1.5x, https:\/\/i0.wp.com\/zeromagazine.mx\/wp-content\/uploads\/2026\/01\/1000049174.jpg?fit=1200%2C800&ssl=1&resize=700%2C400 2x, https:\/\/i0.wp.com\/zeromagazine.mx\/wp-content\/uploads\/2026\/01\/1000049174.jpg?fit=1200%2C800&ssl=1&resize=1050%2C600 3x"},"classes":[]},{"id":54384,"url":"https:\/\/zeromagazine.mx\/index.php\/2021\/09\/12\/space-un-referente-en-el-diseno-de-espacios-corporativos-y-de-hospitality\/","url_meta":{"origin":79934,"position":4},"title":"SpAce, un referente en el dise\u00f1o de espacios corporativos y de hospitality","author":"zeromagazinemx","date":"12 de septiembre de 2021","format":false,"excerpt":"Juan Carlos Baumgartner, Socio fundador de SpAce participo en la conferencia \u201cArquitectura y Dolor, una visi\u00f3n neurocient\u00edfica del espacio\u201d. Por Mayra Torres Juan Carlos Baumgartner se present\u00f3 en el evento TEDxJard\u00ednZenea con la conferencia \u201cArquitectura y Dolor, una visi\u00f3n neurocient\u00edfica del espacio\u201d, en la cual comparti\u00f3 su experiencia en la\u2026","rel":"","context":"En \u00abCultura\u00bb","block_context":{"text":"Cultura","link":"https:\/\/zeromagazine.mx\/index.php\/category\/cultura\/"},"img":{"alt_text":"","src":"","width":0,"height":0},"classes":[]},{"id":55175,"url":"https:\/\/zeromagazine.mx\/index.php\/2021\/09\/29\/suplementos-deportivos-lo-que-debes-de-saber\/","url_meta":{"origin":79934,"position":5},"title":"Suplementos\u200c \u200cdeportivos:\u200c \u200clo\u200c \u200cque\u200c \u200cdebes\u200c \u200cde\u200c \u200csaber","author":"zeromagazinemx","date":"29 de septiembre de 2021","format":false,"excerpt":"Estos \u00faltimos meses han estado plagados de eventos deportivos, Wimbledon, Eurocopa, Copa Am\u00e9rica, Juegos Ol\u00edmpicos, etc., por lo que en esta ocasi\u00f3n quise tocar un tema relacionado con eso y que podemos llevar a la vida diaria: los suplementos deportivos. Los suplementos pueden tener un papel peque\u00f1o, pero importante en\u2026","rel":"","context":"En \u00abBienestar\u00bb","block_context":{"text":"Bienestar","link":"https:\/\/zeromagazine.mx\/index.php\/category\/lifestyle\/bienestar\/"},"img":{"alt_text":"","src":"","width":0,"height":0},"classes":[]}],"jetpack_sharing_enabled":true,"builder_content":"","_links":{"self":[{"href":"https:\/\/zeromagazine.mx\/index.php\/wp-json\/wp\/v2\/posts\/79934","targetHints":{"allow":["GET"]}}],"collection":[{"href":"https:\/\/zeromagazine.mx\/index.php\/wp-json\/wp\/v2\/posts"}],"about":[{"href":"https:\/\/zeromagazine.mx\/index.php\/wp-json\/wp\/v2\/types\/post"}],"author":[{"embeddable":true,"href":"https:\/\/zeromagazine.mx\/index.php\/wp-json\/wp\/v2\/users\/2"}],"replies":[{"embeddable":true,"href":"https:\/\/zeromagazine.mx\/index.php\/wp-json\/wp\/v2\/comments?post=79934"}],"version-history":[{"count":6,"href":"https:\/\/zeromagazine.mx\/index.php\/wp-json\/wp\/v2\/posts\/79934\/revisions"}],"predecessor-version":[{"id":79941,"href":"https:\/\/zeromagazine.mx\/index.php\/wp-json\/wp\/v2\/posts\/79934\/revisions\/79941"}],"wp:featuredmedia":[{"embeddable":true,"href":"https:\/\/zeromagazine.mx\/index.php\/wp-json\/wp\/v2\/media\/79935"}],"wp:attachment":[{"href":"https:\/\/zeromagazine.mx\/index.php\/wp-json\/wp\/v2\/media?parent=79934"}],"wp:term":[{"taxonomy":"category","embeddable":true,"href":"https:\/\/zeromagazine.mx\/index.php\/wp-json\/wp\/v2\/categories?post=79934"},{"taxonomy":"post_tag","embeddable":true,"href":"https:\/\/zeromagazine.mx\/index.php\/wp-json\/wp\/v2\/tags?post=79934"}],"curies":[{"name":"wp","href":"https:\/\/api.w.org\/{rel}","templated":true}]}}