{"id":80028,"date":"2024-07-09T01:27:43","date_gmt":"2024-07-08T23:27:43","guid":{"rendered":"https:\/\/zeromagazine.mx\/?p=80028"},"modified":"2024-07-09T01:30:24","modified_gmt":"2024-07-08T23:30:24","slug":"el-debut-mas-esperado-del-mes","status":"publish","type":"post","link":"https:\/\/zeromagazine.mx\/index.php\/2024\/07\/09\/el-debut-mas-esperado-del-mes\/","title":{"rendered":"\u00a1El Debut M\u00e1s Esperado del Mes!"},"content":{"rendered":"<p>Hoy te vengo a chismear sobre una voz que est\u00e1 rompi\u00e9ndola en la escena del regional mexicano: Mon Torales. Con un estilo aut\u00e9ntico y poderoso, esta artista de G\u00f3mez Palacio, Durango, nos ha conquistado con su m\u00fasica que mezcla ra\u00edces mexicanas con letras frescas y s\u00faper actuales.<\/p>\n\n\n\n<script async src=\"https:\/\/pagead2.googlesyndication.com\/pagead\/js\/adsbygoogle.js?client=ca-pub-5499304793904745\"\n     crossorigin=\"anonymous\"><\/script>\n<ins class=\"adsbygoogle\"\n     style=\"display:block; text-align:center;\"\n     data-ad-layout=\"in-article\"\n     data-ad-format=\"fluid\"\n     data-ad-client=\"ca-pub-5499304793904745\"\n     data-ad-slot=\"5994863093\"><\/ins>\n<script>\n     (adsbygoogle = window.adsbygoogle || []).push({});\n<\/script>\n\n\n\n<p><\/p>\n\n\n\n<p>Para empezar, desde chiqui, Mon descubri\u00f3 su pasi\u00f3n por la m\u00fasica, explorando g\u00e9neros como el pop, la salsa y el R&amp;B. Pero, fue en el regional mexicano donde encontr\u00f3 su verdadero flow, conectando con sus emociones de una manera s\u00faper profunda y sensible. Su primer EP como solista, \u00abPara algo bien\u00bb, ha sido un verdadero hit en las plataformas de streaming, con rolas como \u00abYo no estoy pa eso\u00bb y \u00abComo amigas\u00bb, donde muestra su personalidad \u00fanica y su fuerza como mujer mexicana: resiliente, segura de s\u00ed misma e independiente.<\/p>\n\n\n<div class=\"wp-block-image\">\n<figure class=\"aligncenter size-full\"><img data-recalc-dims=\"1\" decoding=\"async\" width=\"1165\" height=\"1165\" src=\"https:\/\/i0.wp.com\/zeromagazine.mx\/wp-content\/uploads\/2024\/07\/8bf8c096-67d3-93b4-3586-c8a964703452.jpg?resize=1165%2C1165&#038;ssl=1\" alt=\"\" class=\"wp-image-80029\" srcset=\"https:\/\/i0.wp.com\/zeromagazine.mx\/wp-content\/uploads\/2024\/07\/8bf8c096-67d3-93b4-3586-c8a964703452.jpg?w=1200&amp;ssl=1 1200w, https:\/\/i0.wp.com\/zeromagazine.mx\/wp-content\/uploads\/2024\/07\/8bf8c096-67d3-93b4-3586-c8a964703452.jpg?resize=300%2C300&amp;ssl=1 300w, https:\/\/i0.wp.com\/zeromagazine.mx\/wp-content\/uploads\/2024\/07\/8bf8c096-67d3-93b4-3586-c8a964703452.jpg?resize=1024%2C1024&amp;ssl=1 1024w, https:\/\/i0.wp.com\/zeromagazine.mx\/wp-content\/uploads\/2024\/07\/8bf8c096-67d3-93b4-3586-c8a964703452.jpg?resize=150%2C150&amp;ssl=1 150w, https:\/\/i0.wp.com\/zeromagazine.mx\/wp-content\/uploads\/2024\/07\/8bf8c096-67d3-93b4-3586-c8a964703452.jpg?resize=768%2C768&amp;ssl=1 768w, https:\/\/i0.wp.com\/zeromagazine.mx\/wp-content\/uploads\/2024\/07\/8bf8c096-67d3-93b4-3586-c8a964703452.jpg?resize=70%2C70&amp;ssl=1 70w, https:\/\/i0.wp.com\/zeromagazine.mx\/wp-content\/uploads\/2024\/07\/8bf8c096-67d3-93b4-3586-c8a964703452.jpg?resize=47%2C48&amp;ssl=1 47w\" sizes=\"(max-width: 1165px) 100vw, 1165px\" \/><\/figure>\n<\/div>\n\n\n<p><\/p>\n\n\n\n<p>Sin embargo, una de las cosas que m\u00e1s admiro de Mon Torales es su habilidad para conectar con el p\u00fablico en vivo. Cada concierto es una experiencia inolvidable, donde su carisma en el escenario y su poderosa presencia femenina dejan una huella permanente en quienes tienen la fortuna de escucharla. A trav\u00e9s de cada nota y cada letra, Mon refleja su alma, logrando una conexi\u00f3n inmediata y emocional con todos nosotrxs.<\/p>\n\n\n\n<h2 class=\"wp-block-heading\">\u00bfCu\u00e1ndo y d\u00f3nde ser\u00e1 la presentaci\u00f3n de Mon?<\/h2>\n\n\n\n<p>El pr\u00f3ximo 12 de septiembre, no te puedes perder la presentaci\u00f3n de su EP \u00abPara algo bien\u00bb en el Lunario del Auditorio Nacional. Ser\u00e1 una noche llena de m\u00fasica y emociones intensas, donde Mon y su banda nos prometen un evento que marcar\u00e1 un antes y un despu\u00e9s en su carrera.<\/p>\n\n\n<div class=\"wp-block-image\">\n<figure class=\"aligncenter size-full\"><img data-recalc-dims=\"1\" decoding=\"async\" width=\"828\" height=\"1280\" src=\"https:\/\/i0.wp.com\/zeromagazine.mx\/wp-content\/uploads\/2024\/07\/3606010a-e7ef-34b6-a88e-b9396bb5201f.jpg?resize=828%2C1280&#038;ssl=1\" alt=\"\" class=\"wp-image-80030\" srcset=\"https:\/\/i0.wp.com\/zeromagazine.mx\/wp-content\/uploads\/2024\/07\/3606010a-e7ef-34b6-a88e-b9396bb5201f.jpg?w=828&amp;ssl=1 828w, https:\/\/i0.wp.com\/zeromagazine.mx\/wp-content\/uploads\/2024\/07\/3606010a-e7ef-34b6-a88e-b9396bb5201f.jpg?resize=194%2C300&amp;ssl=1 194w, https:\/\/i0.wp.com\/zeromagazine.mx\/wp-content\/uploads\/2024\/07\/3606010a-e7ef-34b6-a88e-b9396bb5201f.jpg?resize=662%2C1024&amp;ssl=1 662w, https:\/\/i0.wp.com\/zeromagazine.mx\/wp-content\/uploads\/2024\/07\/3606010a-e7ef-34b6-a88e-b9396bb5201f.jpg?resize=768%2C1187&amp;ssl=1 768w\" sizes=\"(max-width: 828px) 100vw, 828px\" \/><\/figure>\n<\/div>\n\n\n<p><\/p>\n\n\n\n<p>As\u00ed que ya lo sabes, Mon Torales est\u00e1 en el juego para cambiar las reglas de la m\u00fasica mexa con toda su autenticidad y poder. \u00a1Nos vemos en el concierto para celebrar este momento \u00e9pico en su carrera!<\/p>\n\n\n\n<p><\/p>\n\n<!--themify_builder_content-->\n<div id=\"themify_builder_content-80028\" data-postid=\"80028\" class=\"themify_builder_content themify_builder_content-80028 themify_builder tf_clear\">\n    <\/div>\n<!--\/themify_builder_content-->","protected":false},"excerpt":{"rendered":"<p>Hoy te vengo a chismear sobre una voz que est\u00e1 rompi\u00e9ndola en la escena del regional mexicano: Mon Torales. Con un estilo aut\u00e9ntico y poderoso, esta artista de G\u00f3mez Palacio, Durango, nos ha conquistado con su m\u00fasica que mezcla ra\u00edces mexicanas con letras frescas y s\u00faper actuales. Para empezar, desde chiqui, Mon descubri\u00f3 su pasi\u00f3n [&hellip;]<\/p>\n","protected":false},"author":2,"featured_media":80029,"comment_status":"open","ping_status":"open","sticky":false,"template":"","format":"standard","meta":{"_jetpack_memberships_contains_paid_content":false,"footnotes":"","jetpack_publicize_message":"","jetpack_publicize_feature_enabled":true,"jetpack_social_post_already_shared":true,"jetpack_social_options":{"image_generator_settings":{"template":"highway","default_image_id":0,"font":"","enabled":false},"version":2}},"categories":[117],"tags":[371,9156],"class_list":["post-80028","post","type-post","status-publish","format-standard","has-post-thumbnail","hentry","category-entretenimiento","tag-auditorio-nacional","tag-mon-torales","has-post-title","has-post-date","has-post-category","has-post-tag","has-post-comment","has-post-author",""],"yoast_head":"<!-- This site is optimized with the Yoast SEO plugin v27.5 - https:\/\/yoast.com\/product\/yoast-seo-wordpress\/ -->\n<title>\u00a1El Debut M\u00e1s Esperado del Mes! - Zero Magazine<\/title>\n<meta name=\"robots\" content=\"index, follow, max-snippet:-1, max-image-preview:large, max-video-preview:-1\" \/>\n<link rel=\"canonical\" href=\"https:\/\/zeromagazine.mx\/index.php\/2024\/07\/09\/el-debut-mas-esperado-del-mes\/\" \/>\n<meta property=\"og:locale\" content=\"es_ES\" \/>\n<meta property=\"og:type\" content=\"article\" \/>\n<meta property=\"og:title\" content=\"\u00a1El Debut M\u00e1s Esperado del Mes! - Zero Magazine\" \/>\n<meta property=\"og:description\" content=\"Hoy te vengo a chismear sobre una voz que est\u00e1 rompi\u00e9ndola en la escena del regional mexicano: Mon Torales. Con un estilo aut\u00e9ntico y poderoso, esta artista de G\u00f3mez Palacio, Durango, nos ha conquistado con su m\u00fasica que mezcla ra\u00edces mexicanas con letras frescas y s\u00faper actuales. Para empezar, desde chiqui, Mon descubri\u00f3 su pasi\u00f3n [&hellip;]\" \/>\n<meta property=\"og:url\" content=\"https:\/\/zeromagazine.mx\/index.php\/2024\/07\/09\/el-debut-mas-esperado-del-mes\/\" \/>\n<meta property=\"og:site_name\" content=\"Zero Magazine\" \/>\n<meta property=\"article:published_time\" content=\"2024-07-08T23:27:43+00:00\" \/>\n<meta property=\"article:modified_time\" content=\"2024-07-08T23:30:24+00:00\" \/>\n<meta property=\"og:image\" content=\"https:\/\/i0.wp.com\/zeromagazine.mx\/wp-content\/uploads\/2024\/07\/8bf8c096-67d3-93b4-3586-c8a964703452.jpg?fit=1200%2C1200&ssl=1\" \/>\n\t<meta property=\"og:image:width\" content=\"1200\" \/>\n\t<meta property=\"og:image:height\" content=\"1200\" \/>\n\t<meta property=\"og:image:type\" content=\"image\/jpeg\" \/>\n<meta name=\"author\" content=\"zeromagazinemx\" \/>\n<meta name=\"twitter:card\" content=\"summary_large_image\" \/>\n<meta name=\"twitter:label1\" content=\"Escrito por\" \/>\n\t<meta name=\"twitter:data1\" content=\"zeromagazinemx\" \/>\n\t<meta name=\"twitter:label2\" content=\"Tiempo de lectura\" \/>\n\t<meta name=\"twitter:data2\" content=\"2 minutos\" \/>\n<script type=\"application\/ld+json\" class=\"yoast-schema-graph\">{\"@context\":\"https:\\\/\\\/schema.org\",\"@graph\":[{\"@type\":\"Article\",\"@id\":\"https:\\\/\\\/zeromagazine.mx\\\/index.php\\\/2024\\\/07\\\/09\\\/el-debut-mas-esperado-del-mes\\\/#article\",\"isPartOf\":{\"@id\":\"https:\\\/\\\/zeromagazine.mx\\\/index.php\\\/2024\\\/07\\\/09\\\/el-debut-mas-esperado-del-mes\\\/\"},\"author\":{\"name\":\"zeromagazinemx\",\"@id\":\"https:\\\/\\\/zeromagazine.mx\\\/#\\\/schema\\\/person\\\/9aed9f33a7c39af3a348b86d723f7773\"},\"headline\":\"\u00a1El Debut M\u00e1s Esperado del Mes!\",\"datePublished\":\"2024-07-08T23:27:43+00:00\",\"dateModified\":\"2024-07-08T23:30:24+00:00\",\"mainEntityOfPage\":{\"@id\":\"https:\\\/\\\/zeromagazine.mx\\\/index.php\\\/2024\\\/07\\\/09\\\/el-debut-mas-esperado-del-mes\\\/\"},\"wordCount\":335,\"commentCount\":0,\"publisher\":{\"@id\":\"https:\\\/\\\/zeromagazine.mx\\\/#organization\"},\"image\":{\"@id\":\"https:\\\/\\\/zeromagazine.mx\\\/index.php\\\/2024\\\/07\\\/09\\\/el-debut-mas-esperado-del-mes\\\/#primaryimage\"},\"thumbnailUrl\":\"https:\\\/\\\/i0.wp.com\\\/zeromagazine.mx\\\/wp-content\\\/uploads\\\/2024\\\/07\\\/8bf8c096-67d3-93b4-3586-c8a964703452.jpg?fit=1200%2C1200&ssl=1\",\"keywords\":[\"auditorio nacional\",\"Mon Torales\"],\"articleSection\":[\"Entretenimiento\"],\"inLanguage\":\"es\",\"potentialAction\":[{\"@type\":\"CommentAction\",\"name\":\"Comment\",\"target\":[\"https:\\\/\\\/zeromagazine.mx\\\/index.php\\\/2024\\\/07\\\/09\\\/el-debut-mas-esperado-del-mes\\\/#respond\"]}]},{\"@type\":\"WebPage\",\"@id\":\"https:\\\/\\\/zeromagazine.mx\\\/index.php\\\/2024\\\/07\\\/09\\\/el-debut-mas-esperado-del-mes\\\/\",\"url\":\"https:\\\/\\\/zeromagazine.mx\\\/index.php\\\/2024\\\/07\\\/09\\\/el-debut-mas-esperado-del-mes\\\/\",\"name\":\"\u00a1El Debut M\u00e1s Esperado del Mes! - Zero Magazine\",\"isPartOf\":{\"@id\":\"https:\\\/\\\/zeromagazine.mx\\\/#website\"},\"primaryImageOfPage\":{\"@id\":\"https:\\\/\\\/zeromagazine.mx\\\/index.php\\\/2024\\\/07\\\/09\\\/el-debut-mas-esperado-del-mes\\\/#primaryimage\"},\"image\":{\"@id\":\"https:\\\/\\\/zeromagazine.mx\\\/index.php\\\/2024\\\/07\\\/09\\\/el-debut-mas-esperado-del-mes\\\/#primaryimage\"},\"thumbnailUrl\":\"https:\\\/\\\/i0.wp.com\\\/zeromagazine.mx\\\/wp-content\\\/uploads\\\/2024\\\/07\\\/8bf8c096-67d3-93b4-3586-c8a964703452.jpg?fit=1200%2C1200&ssl=1\",\"datePublished\":\"2024-07-08T23:27:43+00:00\",\"dateModified\":\"2024-07-08T23:30:24+00:00\",\"breadcrumb\":{\"@id\":\"https:\\\/\\\/zeromagazine.mx\\\/index.php\\\/2024\\\/07\\\/09\\\/el-debut-mas-esperado-del-mes\\\/#breadcrumb\"},\"inLanguage\":\"es\",\"potentialAction\":[{\"@type\":\"ReadAction\",\"target\":[\"https:\\\/\\\/zeromagazine.mx\\\/index.php\\\/2024\\\/07\\\/09\\\/el-debut-mas-esperado-del-mes\\\/\"]}]},{\"@type\":\"ImageObject\",\"inLanguage\":\"es\",\"@id\":\"https:\\\/\\\/zeromagazine.mx\\\/index.php\\\/2024\\\/07\\\/09\\\/el-debut-mas-esperado-del-mes\\\/#primaryimage\",\"url\":\"https:\\\/\\\/i0.wp.com\\\/zeromagazine.mx\\\/wp-content\\\/uploads\\\/2024\\\/07\\\/8bf8c096-67d3-93b4-3586-c8a964703452.jpg?fit=1200%2C1200&ssl=1\",\"contentUrl\":\"https:\\\/\\\/i0.wp.com\\\/zeromagazine.mx\\\/wp-content\\\/uploads\\\/2024\\\/07\\\/8bf8c096-67d3-93b4-3586-c8a964703452.jpg?fit=1200%2C1200&ssl=1\",\"width\":1200,\"height\":1200},{\"@type\":\"BreadcrumbList\",\"@id\":\"https:\\\/\\\/zeromagazine.mx\\\/index.php\\\/2024\\\/07\\\/09\\\/el-debut-mas-esperado-del-mes\\\/#breadcrumb\",\"itemListElement\":[{\"@type\":\"ListItem\",\"position\":1,\"name\":\"Portada\",\"item\":\"https:\\\/\\\/zeromagazine.mx\\\/\"},{\"@type\":\"ListItem\",\"position\":2,\"name\":\"\u00a1El Debut M\u00e1s Esperado del Mes!\"}]},{\"@type\":\"WebSite\",\"@id\":\"https:\\\/\\\/zeromagazine.mx\\\/#website\",\"url\":\"https:\\\/\\\/zeromagazine.mx\\\/\",\"name\":\"Zero Magazine\",\"description\":\"\",\"publisher\":{\"@id\":\"https:\\\/\\\/zeromagazine.mx\\\/#organization\"},\"potentialAction\":[{\"@type\":\"SearchAction\",\"target\":{\"@type\":\"EntryPoint\",\"urlTemplate\":\"https:\\\/\\\/zeromagazine.mx\\\/?s={search_term_string}\"},\"query-input\":{\"@type\":\"PropertyValueSpecification\",\"valueRequired\":true,\"valueName\":\"search_term_string\"}}],\"inLanguage\":\"es\"},{\"@type\":\"Organization\",\"@id\":\"https:\\\/\\\/zeromagazine.mx\\\/#organization\",\"name\":\"Zero Magazine\",\"url\":\"https:\\\/\\\/zeromagazine.mx\\\/\",\"logo\":{\"@type\":\"ImageObject\",\"inLanguage\":\"es\",\"@id\":\"https:\\\/\\\/zeromagazine.mx\\\/#\\\/schema\\\/logo\\\/image\\\/\",\"url\":\"https:\\\/\\\/i0.wp.com\\\/zeromagazine.mx\\\/wp-content\\\/uploads\\\/2025\\\/11\\\/1.jpeg?fit=1000%2C1000&ssl=1\",\"contentUrl\":\"https:\\\/\\\/i0.wp.com\\\/zeromagazine.mx\\\/wp-content\\\/uploads\\\/2025\\\/11\\\/1.jpeg?fit=1000%2C1000&ssl=1\",\"width\":1000,\"height\":1000,\"caption\":\"Zero Magazine\"},\"image\":{\"@id\":\"https:\\\/\\\/zeromagazine.mx\\\/#\\\/schema\\\/logo\\\/image\\\/\"},\"sameAs\":[\"https:\\\/\\\/instagram.com\\\/zeromagazinemx\"]},{\"@type\":\"Person\",\"@id\":\"https:\\\/\\\/zeromagazine.mx\\\/#\\\/schema\\\/person\\\/9aed9f33a7c39af3a348b86d723f7773\",\"name\":\"zeromagazinemx\",\"image\":{\"@type\":\"ImageObject\",\"inLanguage\":\"es\",\"@id\":\"https:\\\/\\\/zeromagazine.mx\\\/wp-content\\\/litespeed\\\/avatar\\\/f91dfe5410d5dcb1a576bf8c45983896.jpg?ver=1776966396\",\"url\":\"https:\\\/\\\/zeromagazine.mx\\\/wp-content\\\/litespeed\\\/avatar\\\/f91dfe5410d5dcb1a576bf8c45983896.jpg?ver=1776966396\",\"contentUrl\":\"https:\\\/\\\/zeromagazine.mx\\\/wp-content\\\/litespeed\\\/avatar\\\/f91dfe5410d5dcb1a576bf8c45983896.jpg?ver=1776966396\",\"caption\":\"zeromagazinemx\"},\"url\":\"https:\\\/\\\/zeromagazine.mx\\\/index.php\\\/author\\\/zeromagazinemx\\\/\"}]}<\/script>\n<!-- \/ Yoast SEO plugin. -->","yoast_head_json":{"title":"\u00a1El Debut M\u00e1s Esperado del Mes! - Zero Magazine","robots":{"index":"index","follow":"follow","max-snippet":"max-snippet:-1","max-image-preview":"max-image-preview:large","max-video-preview":"max-video-preview:-1"},"canonical":"https:\/\/zeromagazine.mx\/index.php\/2024\/07\/09\/el-debut-mas-esperado-del-mes\/","og_locale":"es_ES","og_type":"article","og_title":"\u00a1El Debut M\u00e1s Esperado del Mes! - Zero Magazine","og_description":"Hoy te vengo a chismear sobre una voz que est\u00e1 rompi\u00e9ndola en la escena del regional mexicano: Mon Torales. Con un estilo aut\u00e9ntico y poderoso, esta artista de G\u00f3mez Palacio, Durango, nos ha conquistado con su m\u00fasica que mezcla ra\u00edces mexicanas con letras frescas y s\u00faper actuales. Para empezar, desde chiqui, Mon descubri\u00f3 su pasi\u00f3n [&hellip;]","og_url":"https:\/\/zeromagazine.mx\/index.php\/2024\/07\/09\/el-debut-mas-esperado-del-mes\/","og_site_name":"Zero Magazine","article_published_time":"2024-07-08T23:27:43+00:00","article_modified_time":"2024-07-08T23:30:24+00:00","og_image":[{"width":1200,"height":1200,"url":"https:\/\/i0.wp.com\/zeromagazine.mx\/wp-content\/uploads\/2024\/07\/8bf8c096-67d3-93b4-3586-c8a964703452.jpg?fit=1200%2C1200&ssl=1","type":"image\/jpeg"}],"author":"zeromagazinemx","twitter_card":"summary_large_image","twitter_misc":{"Escrito por":"zeromagazinemx","Tiempo de lectura":"2 minutos"},"schema":{"@context":"https:\/\/schema.org","@graph":[{"@type":"Article","@id":"https:\/\/zeromagazine.mx\/index.php\/2024\/07\/09\/el-debut-mas-esperado-del-mes\/#article","isPartOf":{"@id":"https:\/\/zeromagazine.mx\/index.php\/2024\/07\/09\/el-debut-mas-esperado-del-mes\/"},"author":{"name":"zeromagazinemx","@id":"https:\/\/zeromagazine.mx\/#\/schema\/person\/9aed9f33a7c39af3a348b86d723f7773"},"headline":"\u00a1El Debut M\u00e1s Esperado del Mes!","datePublished":"2024-07-08T23:27:43+00:00","dateModified":"2024-07-08T23:30:24+00:00","mainEntityOfPage":{"@id":"https:\/\/zeromagazine.mx\/index.php\/2024\/07\/09\/el-debut-mas-esperado-del-mes\/"},"wordCount":335,"commentCount":0,"publisher":{"@id":"https:\/\/zeromagazine.mx\/#organization"},"image":{"@id":"https:\/\/zeromagazine.mx\/index.php\/2024\/07\/09\/el-debut-mas-esperado-del-mes\/#primaryimage"},"thumbnailUrl":"https:\/\/i0.wp.com\/zeromagazine.mx\/wp-content\/uploads\/2024\/07\/8bf8c096-67d3-93b4-3586-c8a964703452.jpg?fit=1200%2C1200&ssl=1","keywords":["auditorio nacional","Mon Torales"],"articleSection":["Entretenimiento"],"inLanguage":"es","potentialAction":[{"@type":"CommentAction","name":"Comment","target":["https:\/\/zeromagazine.mx\/index.php\/2024\/07\/09\/el-debut-mas-esperado-del-mes\/#respond"]}]},{"@type":"WebPage","@id":"https:\/\/zeromagazine.mx\/index.php\/2024\/07\/09\/el-debut-mas-esperado-del-mes\/","url":"https:\/\/zeromagazine.mx\/index.php\/2024\/07\/09\/el-debut-mas-esperado-del-mes\/","name":"\u00a1El Debut M\u00e1s Esperado del Mes! - Zero Magazine","isPartOf":{"@id":"https:\/\/zeromagazine.mx\/#website"},"primaryImageOfPage":{"@id":"https:\/\/zeromagazine.mx\/index.php\/2024\/07\/09\/el-debut-mas-esperado-del-mes\/#primaryimage"},"image":{"@id":"https:\/\/zeromagazine.mx\/index.php\/2024\/07\/09\/el-debut-mas-esperado-del-mes\/#primaryimage"},"thumbnailUrl":"https:\/\/i0.wp.com\/zeromagazine.mx\/wp-content\/uploads\/2024\/07\/8bf8c096-67d3-93b4-3586-c8a964703452.jpg?fit=1200%2C1200&ssl=1","datePublished":"2024-07-08T23:27:43+00:00","dateModified":"2024-07-08T23:30:24+00:00","breadcrumb":{"@id":"https:\/\/zeromagazine.mx\/index.php\/2024\/07\/09\/el-debut-mas-esperado-del-mes\/#breadcrumb"},"inLanguage":"es","potentialAction":[{"@type":"ReadAction","target":["https:\/\/zeromagazine.mx\/index.php\/2024\/07\/09\/el-debut-mas-esperado-del-mes\/"]}]},{"@type":"ImageObject","inLanguage":"es","@id":"https:\/\/zeromagazine.mx\/index.php\/2024\/07\/09\/el-debut-mas-esperado-del-mes\/#primaryimage","url":"https:\/\/i0.wp.com\/zeromagazine.mx\/wp-content\/uploads\/2024\/07\/8bf8c096-67d3-93b4-3586-c8a964703452.jpg?fit=1200%2C1200&ssl=1","contentUrl":"https:\/\/i0.wp.com\/zeromagazine.mx\/wp-content\/uploads\/2024\/07\/8bf8c096-67d3-93b4-3586-c8a964703452.jpg?fit=1200%2C1200&ssl=1","width":1200,"height":1200},{"@type":"BreadcrumbList","@id":"https:\/\/zeromagazine.mx\/index.php\/2024\/07\/09\/el-debut-mas-esperado-del-mes\/#breadcrumb","itemListElement":[{"@type":"ListItem","position":1,"name":"Portada","item":"https:\/\/zeromagazine.mx\/"},{"@type":"ListItem","position":2,"name":"\u00a1El Debut M\u00e1s Esperado del Mes!"}]},{"@type":"WebSite","@id":"https:\/\/zeromagazine.mx\/#website","url":"https:\/\/zeromagazine.mx\/","name":"Zero Magazine","description":"","publisher":{"@id":"https:\/\/zeromagazine.mx\/#organization"},"potentialAction":[{"@type":"SearchAction","target":{"@type":"EntryPoint","urlTemplate":"https:\/\/zeromagazine.mx\/?s={search_term_string}"},"query-input":{"@type":"PropertyValueSpecification","valueRequired":true,"valueName":"search_term_string"}}],"inLanguage":"es"},{"@type":"Organization","@id":"https:\/\/zeromagazine.mx\/#organization","name":"Zero Magazine","url":"https:\/\/zeromagazine.mx\/","logo":{"@type":"ImageObject","inLanguage":"es","@id":"https:\/\/zeromagazine.mx\/#\/schema\/logo\/image\/","url":"https:\/\/i0.wp.com\/zeromagazine.mx\/wp-content\/uploads\/2025\/11\/1.jpeg?fit=1000%2C1000&ssl=1","contentUrl":"https:\/\/i0.wp.com\/zeromagazine.mx\/wp-content\/uploads\/2025\/11\/1.jpeg?fit=1000%2C1000&ssl=1","width":1000,"height":1000,"caption":"Zero Magazine"},"image":{"@id":"https:\/\/zeromagazine.mx\/#\/schema\/logo\/image\/"},"sameAs":["https:\/\/instagram.com\/zeromagazinemx"]},{"@type":"Person","@id":"https:\/\/zeromagazine.mx\/#\/schema\/person\/9aed9f33a7c39af3a348b86d723f7773","name":"zeromagazinemx","image":{"@type":"ImageObject","inLanguage":"es","@id":"https:\/\/zeromagazine.mx\/wp-content\/litespeed\/avatar\/f91dfe5410d5dcb1a576bf8c45983896.jpg?ver=1776966396","url":"https:\/\/zeromagazine.mx\/wp-content\/litespeed\/avatar\/f91dfe5410d5dcb1a576bf8c45983896.jpg?ver=1776966396","contentUrl":"https:\/\/zeromagazine.mx\/wp-content\/litespeed\/avatar\/f91dfe5410d5dcb1a576bf8c45983896.jpg?ver=1776966396","caption":"zeromagazinemx"},"url":"https:\/\/zeromagazine.mx\/index.php\/author\/zeromagazinemx\/"}]}},"jetpack_publicize_connections":[],"jetpack_featured_media_url":"https:\/\/i0.wp.com\/zeromagazine.mx\/wp-content\/uploads\/2024\/07\/8bf8c096-67d3-93b4-3586-c8a964703452.jpg?fit=1200%2C1200&ssl=1","jetpack-related-posts":[{"id":51186,"url":"https:\/\/zeromagazine.mx\/index.php\/2021\/07\/30\/mon-laferte-anuncia-gira-por-estados-unidos\/","url_meta":{"origin":80028,"position":0},"title":"Mon Laferte anuncia gira por Estados Unidos","author":"zeromagazinemx","date":"30 de julio de 2021","format":false,"excerpt":"Mon Laferte anuncia gira internacional por Estados Unidos, apoyando el lanzamiento de \u201cSeis\u201d su m\u00e1s reciente disco. Por Moises Kushelevich La artista chilena Mon Laferte, anunci\u00f3 que tras el lanzamiento de su m\u00e1s reciente \u00e1lbum, realizar\u00e1 una gira de casi dos meses por Estados Unidos. Las entradas para la gira\u2026","rel":"","context":"En \u00abEntretenimiento\u00bb","block_context":{"text":"Entretenimiento","link":"https:\/\/zeromagazine.mx\/index.php\/category\/entretenimiento\/"},"img":{"alt_text":"","src":"","width":0,"height":0},"classes":[]},{"id":83519,"url":"https:\/\/zeromagazine.mx\/index.php\/2024\/09\/06\/buchanans-y-mancandy-festival\/","url_meta":{"origin":80028,"position":1},"title":"\u00ab\u00a1Buchanan&#8217;s y Mancandy: Festival !\u00bb","author":"zeromagazinemx","date":"6 de septiembre de 2024","format":false,"excerpt":"Si eres fan de la m\u00fasica regional mexicana y te late el estilo urbano, te tengo news bien chidas. Buchanan\u2019s se une otra vez a uno de los festivales m\u00e1s \u00e9picos del a\u00f1o en la CDMX, y trae toda una vibe que mezcla la m\u00fasica, el fashion y los coctelitos\u2026","rel":"","context":"En \u00abModa\u00bb","block_context":{"text":"Moda","link":"https:\/\/zeromagazine.mx\/index.php\/category\/moda\/"},"img":{"alt_text":"","src":"https:\/\/i0.wp.com\/zeromagazine.mx\/wp-content\/uploads\/2024\/09\/BUCHANANS-X-MANCANDY.jpeg?fit=870%2C1182&ssl=1&resize=350%2C200","width":350,"height":200,"srcset":"https:\/\/i0.wp.com\/zeromagazine.mx\/wp-content\/uploads\/2024\/09\/BUCHANANS-X-MANCANDY.jpeg?fit=870%2C1182&ssl=1&resize=350%2C200 1x, https:\/\/i0.wp.com\/zeromagazine.mx\/wp-content\/uploads\/2024\/09\/BUCHANANS-X-MANCANDY.jpeg?fit=870%2C1182&ssl=1&resize=525%2C300 1.5x, https:\/\/i0.wp.com\/zeromagazine.mx\/wp-content\/uploads\/2024\/09\/BUCHANANS-X-MANCANDY.jpeg?fit=870%2C1182&ssl=1&resize=700%2C400 2x"},"classes":[]},{"id":94436,"url":"https:\/\/zeromagazine.mx\/index.php\/2025\/01\/09\/andy-zuno-lanza-no-te-puedo-olvidar\/","url_meta":{"origin":80028,"position":2},"title":"Andy Zuno Lanza No te Puedo Olvidar","author":"zeromagazinemx","date":"9 de enero de 2025","format":false,"excerpt":"Amix \u00bfTe acuerdas de esos d\u00edas en los que sal\u00edas de la escuela y corr\u00edas al sof\u00e1 para ver Al diablo con los guapos? Si eras fan de la telenovela, seguro te acuerdas de Hugo (interpretado por Andy Zuno) cant\u00e1ndole a Mili \"No te puedo olvidar\". Pues bien, aqu\u00ed va\u2026","rel":"","context":"En \u00abEntretenimiento\u00bb","block_context":{"text":"Entretenimiento","link":"https:\/\/zeromagazine.mx\/index.php\/category\/entretenimiento\/"},"img":{"alt_text":"","src":"https:\/\/i0.wp.com\/zeromagazine.mx\/wp-content\/uploads\/2025\/01\/Portada-_No-te-puedo-olvidar_.jpeg?fit=1198%2C1200&ssl=1&resize=350%2C200","width":350,"height":200,"srcset":"https:\/\/i0.wp.com\/zeromagazine.mx\/wp-content\/uploads\/2025\/01\/Portada-_No-te-puedo-olvidar_.jpeg?fit=1198%2C1200&ssl=1&resize=350%2C200 1x, https:\/\/i0.wp.com\/zeromagazine.mx\/wp-content\/uploads\/2025\/01\/Portada-_No-te-puedo-olvidar_.jpeg?fit=1198%2C1200&ssl=1&resize=525%2C300 1.5x, https:\/\/i0.wp.com\/zeromagazine.mx\/wp-content\/uploads\/2025\/01\/Portada-_No-te-puedo-olvidar_.jpeg?fit=1198%2C1200&ssl=1&resize=700%2C400 2x, https:\/\/i0.wp.com\/zeromagazine.mx\/wp-content\/uploads\/2025\/01\/Portada-_No-te-puedo-olvidar_.jpeg?fit=1198%2C1200&ssl=1&resize=1050%2C600 3x"},"classes":[]},{"id":88000,"url":"https:\/\/zeromagazine.mx\/index.php\/2024\/10\/22\/tecate-peninsula-el-festival-legendario\/","url_meta":{"origin":80028,"position":3},"title":"\u00abTecate Pen\u00ednsula: El Festival Legendario\u00bb","author":"zeromagazinemx","date":"22 de octubre de 2024","format":false,"excerpt":"\u00a1Ayyy, amigxs! Si no te enteraste de lo que pas\u00f3 en Tecate Pen\u00ednsula 2024, es momento de que te pongas al d\u00eda. Este festival fue de locos, y te juro que lo que viv\u00ed el s\u00e1bado 19 de octubre en la Plaza Monumental de Tijuana fue algo que nunca voy\u2026","rel":"","context":"En \u00abEntretenimiento\u00bb","block_context":{"text":"Entretenimiento","link":"https:\/\/zeromagazine.mx\/index.php\/category\/entretenimiento\/"},"img":{"alt_text":"","src":"https:\/\/i0.wp.com\/zeromagazine.mx\/wp-content\/uploads\/2024\/10\/unnamed-45-scaled.jpg?fit=1200%2C800&ssl=1&resize=350%2C200","width":350,"height":200,"srcset":"https:\/\/i0.wp.com\/zeromagazine.mx\/wp-content\/uploads\/2024\/10\/unnamed-45-scaled.jpg?fit=1200%2C800&ssl=1&resize=350%2C200 1x, https:\/\/i0.wp.com\/zeromagazine.mx\/wp-content\/uploads\/2024\/10\/unnamed-45-scaled.jpg?fit=1200%2C800&ssl=1&resize=525%2C300 1.5x, https:\/\/i0.wp.com\/zeromagazine.mx\/wp-content\/uploads\/2024\/10\/unnamed-45-scaled.jpg?fit=1200%2C800&ssl=1&resize=700%2C400 2x, https:\/\/i0.wp.com\/zeromagazine.mx\/wp-content\/uploads\/2024\/10\/unnamed-45-scaled.jpg?fit=1200%2C800&ssl=1&resize=1050%2C600 3x"},"classes":[]},{"id":48776,"url":"https:\/\/zeromagazine.mx\/index.php\/2021\/06\/25\/entrevista-a-numa\/","url_meta":{"origin":80028,"position":4},"title":"Entrevista a Numa","author":"zeromagazinemx","date":"25 de junio de 2021","format":false,"excerpt":"Numa es un productor y DJ Europeo, Co-Fundador de Numa Shourai Productions, productora que se enfoca a promover artistas no importando su origen geogr\u00e1fico con los que han realizado canciones en Ingl\u00e9s, franc\u00e9s, alem\u00e1n y suajil (lengua africana). Futuros proyectos de Numa se enfocan a canciones en Espa\u00f1ol y Portugu\u00e9s\u2026","rel":"","context":"En \u00abEntretenimiento\u00bb","block_context":{"text":"Entretenimiento","link":"https:\/\/zeromagazine.mx\/index.php\/category\/entretenimiento\/"},"img":{"alt_text":"","src":"","width":0,"height":0},"classes":[]},{"id":82810,"url":"https:\/\/zeromagazine.mx\/index.php\/2024\/08\/29\/arre-2024-puro-vibe-mexa\/","url_meta":{"origin":80028,"position":5},"title":"\u00abArre 2024: Puro Vibe Mexa\u00bb","author":"zeromagazinemx","date":"29 de agosto de 2024","format":false,"excerpt":"\u00a1Qu\u00e9 onda, plebada! Hoy vengo a contarles sobre el evento m\u00e1s esperado del a\u00f1o, el Arre 2024. Si eres de los que se prenden con los corridos tumbados y las rolitas que hacen vibrar el coraz\u00f3n, entonces este festival es para ti. El festival m\u00e1s mexa de todos los tiempos\u2026","rel":"","context":"En \u00abEntretenimiento\u00bb","block_context":{"text":"Entretenimiento","link":"https:\/\/zeromagazine.mx\/index.php\/category\/entretenimiento\/"},"img":{"alt_text":"","src":"https:\/\/i0.wp.com\/zeromagazine.mx\/wp-content\/uploads\/2024\/08\/Snapinsta.app_353867432_1363647167525689_6289345192167951911_n_1080.jpg?fit=799%2C599&ssl=1&resize=350%2C200","width":350,"height":200,"srcset":"https:\/\/i0.wp.com\/zeromagazine.mx\/wp-content\/uploads\/2024\/08\/Snapinsta.app_353867432_1363647167525689_6289345192167951911_n_1080.jpg?fit=799%2C599&ssl=1&resize=350%2C200 1x, https:\/\/i0.wp.com\/zeromagazine.mx\/wp-content\/uploads\/2024\/08\/Snapinsta.app_353867432_1363647167525689_6289345192167951911_n_1080.jpg?fit=799%2C599&ssl=1&resize=525%2C300 1.5x, https:\/\/i0.wp.com\/zeromagazine.mx\/wp-content\/uploads\/2024\/08\/Snapinsta.app_353867432_1363647167525689_6289345192167951911_n_1080.jpg?fit=799%2C599&ssl=1&resize=700%2C400 2x"},"classes":[]}],"jetpack_sharing_enabled":true,"builder_content":"","_links":{"self":[{"href":"https:\/\/zeromagazine.mx\/index.php\/wp-json\/wp\/v2\/posts\/80028","targetHints":{"allow":["GET"]}}],"collection":[{"href":"https:\/\/zeromagazine.mx\/index.php\/wp-json\/wp\/v2\/posts"}],"about":[{"href":"https:\/\/zeromagazine.mx\/index.php\/wp-json\/wp\/v2\/types\/post"}],"author":[{"embeddable":true,"href":"https:\/\/zeromagazine.mx\/index.php\/wp-json\/wp\/v2\/users\/2"}],"replies":[{"embeddable":true,"href":"https:\/\/zeromagazine.mx\/index.php\/wp-json\/wp\/v2\/comments?post=80028"}],"version-history":[{"count":5,"href":"https:\/\/zeromagazine.mx\/index.php\/wp-json\/wp\/v2\/posts\/80028\/revisions"}],"predecessor-version":[{"id":80035,"href":"https:\/\/zeromagazine.mx\/index.php\/wp-json\/wp\/v2\/posts\/80028\/revisions\/80035"}],"wp:featuredmedia":[{"embeddable":true,"href":"https:\/\/zeromagazine.mx\/index.php\/wp-json\/wp\/v2\/media\/80029"}],"wp:attachment":[{"href":"https:\/\/zeromagazine.mx\/index.php\/wp-json\/wp\/v2\/media?parent=80028"}],"wp:term":[{"taxonomy":"category","embeddable":true,"href":"https:\/\/zeromagazine.mx\/index.php\/wp-json\/wp\/v2\/categories?post=80028"},{"taxonomy":"post_tag","embeddable":true,"href":"https:\/\/zeromagazine.mx\/index.php\/wp-json\/wp\/v2\/tags?post=80028"}],"curies":[{"name":"wp","href":"https:\/\/api.w.org\/{rel}","templated":true}]}}