{"id":80176,"date":"2024-07-10T23:58:00","date_gmt":"2024-07-10T21:58:00","guid":{"rendered":"https:\/\/zeromagazine.mx\/?p=80176"},"modified":"2024-07-11T00:00:33","modified_gmt":"2024-07-10T22:00:33","slug":"conoce-el-empoderamiento-digital","status":"publish","type":"post","link":"https:\/\/zeromagazine.mx\/index.php\/2024\/07\/10\/conoce-el-empoderamiento-digital\/","title":{"rendered":"Conoce el Empoderamiento Digital"},"content":{"rendered":"<p>\u00bfHan escuchado hablar del sureste de M\u00e9xico y su incre\u00edble diversidad cultural? Esta regi\u00f3n no solo es rica en tradiciones, sino que tambi\u00e9n enfrenta desaf\u00edos significativos en t\u00e9rminos de desarrollo y equidad de g\u00e9nero. Hoy quiero compartirles c\u00f3mo un programa innovador est\u00e1 marcando la diferencia para las j\u00f3venes mujeres en esta \u00e1rea.<\/p>\n\n\n\n<script async src=\"https:\/\/pagead2.googlesyndication.com\/pagead\/js\/adsbygoogle.js?client=ca-pub-5499304793904745\"\n     crossorigin=\"anonymous\"><\/script>\n<ins class=\"adsbygoogle\"\n     style=\"display:block; text-align:center;\"\n     data-ad-layout=\"in-article\"\n     data-ad-format=\"fluid\"\n     data-ad-client=\"ca-pub-5499304793904745\"\n     data-ad-slot=\"5994863093\"><\/ins>\n<script>\n     (adsbygoogle = window.adsbygoogle || []).push({});\n<\/script>\n\n\n\n<p><\/p>\n\n\n\n<p>Primero, es importante mencionar que en el sureste mexicano, las oportunidades educativas y tecnol\u00f3gicas no siempre est\u00e1n al alcance de todas. Seg\u00fan el Instituto Mexicano para la Competitividad, solo una peque\u00f1a fracci\u00f3n de las profesionales en STEM son mujeres. Esto refleja una brecha importante que limita el potencial de muchas j\u00f3venes en nuestra regi\u00f3n.<\/p>\n\n\n\n<script async src=\"https:\/\/pagead2.googlesyndication.com\/pagead\/js\/adsbygoogle.js?client=ca-pub-5499304793904745\"\n     crossorigin=\"anonymous\"><\/script>\n<ins class=\"adsbygoogle\"\n     style=\"display:block; text-align:center;\"\n     data-ad-layout=\"in-article\"\n     data-ad-format=\"fluid\"\n     data-ad-client=\"ca-pub-5499304793904745\"\n     data-ad-slot=\"5994863093\"><\/ins>\n<script>\n     (adsbygoogle = window.adsbygoogle || []).push({});\n<\/script>\n\n\n\n<p><\/p>\n\n\n\n<p>Adem\u00e1s, para abordar esta situaci\u00f3n, surge un programa llamado Conectadas, impulsado por la International Youth Foundation y apoyado por Google.org. Dise\u00f1ado espec\u00edficamente para el sureste mexicano, Conectadas ofrece a j\u00f3venes de 16 a 29 a\u00f1os la oportunidad de adquirir habilidades en tecnolog\u00eda de la informaci\u00f3n. Katia Moreno, directora de Programas de IYF en M\u00e9xico, destaca c\u00f3mo este programa est\u00e1 cambiando el juego al proporcionar herramientas que empoderan a nuestras amigas que hist\u00f3ricamente han enfrentado desventajas.<\/p>\n\n\n\n<h2 class=\"wp-block-heading\">\u00bfQu\u00e9 piensa la gerente de Conectadas al respecto?<\/h2>\n\n\n\n<p>Jemima Morales, Gerente de Conectadas Sureste, lidera este esfuerzo crucial. Reconoce los desaf\u00edos \u00fanicos que nuestras j\u00f3venes enfrentan, no solo en educaci\u00f3n t\u00e9cnica sino tambi\u00e9n en su desarrollo personal y emocional. El programa no solo ofrece formaci\u00f3n en \u00e1reas t\u00e9cnicas como soporte t\u00e9cnico y ciberseguridad, sino que tambi\u00e9n enfatiza la importancia de fortalecer su confianza y habilidades socioemocionales.<\/p>\n\n\n<div class=\"wp-block-image\">\n<figure class=\"aligncenter size-full\"><img data-recalc-dims=\"1\" decoding=\"async\" width=\"1165\" height=\"777\" src=\"https:\/\/i0.wp.com\/zeromagazine.mx\/wp-content\/uploads\/2024\/07\/Katia-Moreno-directora-de-Programas-de-IYF-en-Mexico-y-responsable-del-programa-Conectadas.jpg?resize=1165%2C777&#038;ssl=1\" alt=\"\" class=\"wp-image-80177\" srcset=\"https:\/\/i0.wp.com\/zeromagazine.mx\/wp-content\/uploads\/2024\/07\/Katia-Moreno-directora-de-Programas-de-IYF-en-Mexico-y-responsable-del-programa-Conectadas.jpg?w=2024&amp;ssl=1 2024w, https:\/\/i0.wp.com\/zeromagazine.mx\/wp-content\/uploads\/2024\/07\/Katia-Moreno-directora-de-Programas-de-IYF-en-Mexico-y-responsable-del-programa-Conectadas.jpg?resize=300%2C200&amp;ssl=1 300w, https:\/\/i0.wp.com\/zeromagazine.mx\/wp-content\/uploads\/2024\/07\/Katia-Moreno-directora-de-Programas-de-IYF-en-Mexico-y-responsable-del-programa-Conectadas.jpg?resize=1024%2C683&amp;ssl=1 1024w, https:\/\/i0.wp.com\/zeromagazine.mx\/wp-content\/uploads\/2024\/07\/Katia-Moreno-directora-de-Programas-de-IYF-en-Mexico-y-responsable-del-programa-Conectadas.jpg?resize=768%2C512&amp;ssl=1 768w, https:\/\/i0.wp.com\/zeromagazine.mx\/wp-content\/uploads\/2024\/07\/Katia-Moreno-directora-de-Programas-de-IYF-en-Mexico-y-responsable-del-programa-Conectadas.jpg?resize=1536%2C1025&amp;ssl=1 1536w\" sizes=\"(max-width: 1165px) 100vw, 1165px\" \/><\/figure>\n<\/div>\n\n\n<p><\/p>\n\n\n\n<p>Finalmente, en un contexto donde las tradiciones y las expectativas familiares a menudo limitan las oportunidades de nuestras amigas, Conectadas ha demostrado ser un puente vital. No solo se trata de educar en tecnolog\u00eda, sino de hacerlo de manera sensible y culturalmente adecuada. Con una meta ambiciosa de acompa\u00f1ar a miles de mujeres en varios estados y Centroam\u00e9rica, este programa no solo empodera individualmente, sino que tambi\u00e9n contribuye al progreso de toda la regi\u00f3n.<\/p>\n\n<!--themify_builder_content-->\n<div id=\"themify_builder_content-80176\" data-postid=\"80176\" class=\"themify_builder_content themify_builder_content-80176 themify_builder tf_clear\">\n    <\/div>\n<!--\/themify_builder_content-->","protected":false},"excerpt":{"rendered":"<p>\u00bfHan escuchado hablar del sureste de M\u00e9xico y su incre\u00edble diversidad cultural? Esta regi\u00f3n no solo es rica en tradiciones, sino que tambi\u00e9n enfrenta desaf\u00edos significativos en t\u00e9rminos de desarrollo y equidad de g\u00e9nero. Hoy quiero compartirles c\u00f3mo un programa innovador est\u00e1 marcando la diferencia para las j\u00f3venes mujeres en esta \u00e1rea. Primero, es importante [&hellip;]<\/p>\n","protected":false},"author":2,"featured_media":80177,"comment_status":"open","ping_status":"open","sticky":false,"template":"","format":"standard","meta":{"_jetpack_memberships_contains_paid_content":false,"footnotes":"","jetpack_publicize_message":"","jetpack_publicize_feature_enabled":true,"jetpack_social_post_already_shared":true,"jetpack_social_options":{"image_generator_settings":{"template":"highway","default_image_id":0,"font":"","enabled":false},"version":2}},"categories":[1],"tags":[9201,9202,6679,3136],"class_list":["post-80176","post","type-post","status-publish","format-standard","has-post-thumbnail","hentry","category-blog","tag-conectadas","tag-jovenes-2","tag-mexico-3","tag-mujeres","has-post-title","has-post-date","has-post-category","has-post-tag","has-post-comment","has-post-author",""],"yoast_head":"<!-- This site is optimized with the Yoast SEO plugin v27.5 - https:\/\/yoast.com\/product\/yoast-seo-wordpress\/ -->\n<title>Conoce el Empoderamiento Digital - Zero Magazine<\/title>\n<meta name=\"robots\" content=\"index, follow, max-snippet:-1, max-image-preview:large, max-video-preview:-1\" \/>\n<link rel=\"canonical\" href=\"https:\/\/zeromagazine.mx\/index.php\/2024\/07\/10\/conoce-el-empoderamiento-digital\/\" \/>\n<meta property=\"og:locale\" content=\"es_ES\" \/>\n<meta property=\"og:type\" content=\"article\" \/>\n<meta property=\"og:title\" content=\"Conoce el Empoderamiento Digital - Zero Magazine\" \/>\n<meta property=\"og:description\" content=\"\u00bfHan escuchado hablar del sureste de M\u00e9xico y su incre\u00edble diversidad cultural? Esta regi\u00f3n no solo es rica en tradiciones, sino que tambi\u00e9n enfrenta desaf\u00edos significativos en t\u00e9rminos de desarrollo y equidad de g\u00e9nero. Hoy quiero compartirles c\u00f3mo un programa innovador est\u00e1 marcando la diferencia para las j\u00f3venes mujeres en esta \u00e1rea. Primero, es importante [&hellip;]\" \/>\n<meta property=\"og:url\" content=\"https:\/\/zeromagazine.mx\/index.php\/2024\/07\/10\/conoce-el-empoderamiento-digital\/\" \/>\n<meta property=\"og:site_name\" content=\"Zero Magazine\" \/>\n<meta property=\"article:published_time\" content=\"2024-07-10T21:58:00+00:00\" \/>\n<meta property=\"article:modified_time\" content=\"2024-07-10T22:00:33+00:00\" \/>\n<meta property=\"og:image\" content=\"https:\/\/i0.wp.com\/zeromagazine.mx\/wp-content\/uploads\/2024\/07\/Katia-Moreno-directora-de-Programas-de-IYF-en-Mexico-y-responsable-del-programa-Conectadas.jpg?fit=2024%2C1350&ssl=1\" \/>\n\t<meta property=\"og:image:width\" content=\"2024\" \/>\n\t<meta property=\"og:image:height\" content=\"1350\" \/>\n\t<meta property=\"og:image:type\" content=\"image\/jpeg\" \/>\n<meta name=\"author\" content=\"zeromagazinemx\" \/>\n<meta name=\"twitter:card\" content=\"summary_large_image\" \/>\n<meta name=\"twitter:label1\" content=\"Escrito por\" \/>\n\t<meta name=\"twitter:data1\" content=\"zeromagazinemx\" \/>\n\t<meta name=\"twitter:label2\" content=\"Tiempo de lectura\" \/>\n\t<meta name=\"twitter:data2\" content=\"2 minutos\" \/>\n<script type=\"application\/ld+json\" class=\"yoast-schema-graph\">{\"@context\":\"https:\\\/\\\/schema.org\",\"@graph\":[{\"@type\":\"Article\",\"@id\":\"https:\\\/\\\/zeromagazine.mx\\\/index.php\\\/2024\\\/07\\\/10\\\/conoce-el-empoderamiento-digital\\\/#article\",\"isPartOf\":{\"@id\":\"https:\\\/\\\/zeromagazine.mx\\\/index.php\\\/2024\\\/07\\\/10\\\/conoce-el-empoderamiento-digital\\\/\"},\"author\":{\"name\":\"zeromagazinemx\",\"@id\":\"https:\\\/\\\/zeromagazine.mx\\\/#\\\/schema\\\/person\\\/9aed9f33a7c39af3a348b86d723f7773\"},\"headline\":\"Conoce el Empoderamiento Digital\",\"datePublished\":\"2024-07-10T21:58:00+00:00\",\"dateModified\":\"2024-07-10T22:00:33+00:00\",\"mainEntityOfPage\":{\"@id\":\"https:\\\/\\\/zeromagazine.mx\\\/index.php\\\/2024\\\/07\\\/10\\\/conoce-el-empoderamiento-digital\\\/\"},\"wordCount\":365,\"commentCount\":0,\"publisher\":{\"@id\":\"https:\\\/\\\/zeromagazine.mx\\\/#organization\"},\"image\":{\"@id\":\"https:\\\/\\\/zeromagazine.mx\\\/index.php\\\/2024\\\/07\\\/10\\\/conoce-el-empoderamiento-digital\\\/#primaryimage\"},\"thumbnailUrl\":\"https:\\\/\\\/i0.wp.com\\\/zeromagazine.mx\\\/wp-content\\\/uploads\\\/2024\\\/07\\\/Katia-Moreno-directora-de-Programas-de-IYF-en-Mexico-y-responsable-del-programa-Conectadas.jpg?fit=2024%2C1350&ssl=1\",\"keywords\":[\"Conectadas\",\"J\u00f3venes\",\"M\u00e9xico\",\"mujeres\"],\"articleSection\":[\"Blog\"],\"inLanguage\":\"es\",\"potentialAction\":[{\"@type\":\"CommentAction\",\"name\":\"Comment\",\"target\":[\"https:\\\/\\\/zeromagazine.mx\\\/index.php\\\/2024\\\/07\\\/10\\\/conoce-el-empoderamiento-digital\\\/#respond\"]}]},{\"@type\":\"WebPage\",\"@id\":\"https:\\\/\\\/zeromagazine.mx\\\/index.php\\\/2024\\\/07\\\/10\\\/conoce-el-empoderamiento-digital\\\/\",\"url\":\"https:\\\/\\\/zeromagazine.mx\\\/index.php\\\/2024\\\/07\\\/10\\\/conoce-el-empoderamiento-digital\\\/\",\"name\":\"Conoce el Empoderamiento Digital - Zero Magazine\",\"isPartOf\":{\"@id\":\"https:\\\/\\\/zeromagazine.mx\\\/#website\"},\"primaryImageOfPage\":{\"@id\":\"https:\\\/\\\/zeromagazine.mx\\\/index.php\\\/2024\\\/07\\\/10\\\/conoce-el-empoderamiento-digital\\\/#primaryimage\"},\"image\":{\"@id\":\"https:\\\/\\\/zeromagazine.mx\\\/index.php\\\/2024\\\/07\\\/10\\\/conoce-el-empoderamiento-digital\\\/#primaryimage\"},\"thumbnailUrl\":\"https:\\\/\\\/i0.wp.com\\\/zeromagazine.mx\\\/wp-content\\\/uploads\\\/2024\\\/07\\\/Katia-Moreno-directora-de-Programas-de-IYF-en-Mexico-y-responsable-del-programa-Conectadas.jpg?fit=2024%2C1350&ssl=1\",\"datePublished\":\"2024-07-10T21:58:00+00:00\",\"dateModified\":\"2024-07-10T22:00:33+00:00\",\"breadcrumb\":{\"@id\":\"https:\\\/\\\/zeromagazine.mx\\\/index.php\\\/2024\\\/07\\\/10\\\/conoce-el-empoderamiento-digital\\\/#breadcrumb\"},\"inLanguage\":\"es\",\"potentialAction\":[{\"@type\":\"ReadAction\",\"target\":[\"https:\\\/\\\/zeromagazine.mx\\\/index.php\\\/2024\\\/07\\\/10\\\/conoce-el-empoderamiento-digital\\\/\"]}]},{\"@type\":\"ImageObject\",\"inLanguage\":\"es\",\"@id\":\"https:\\\/\\\/zeromagazine.mx\\\/index.php\\\/2024\\\/07\\\/10\\\/conoce-el-empoderamiento-digital\\\/#primaryimage\",\"url\":\"https:\\\/\\\/i0.wp.com\\\/zeromagazine.mx\\\/wp-content\\\/uploads\\\/2024\\\/07\\\/Katia-Moreno-directora-de-Programas-de-IYF-en-Mexico-y-responsable-del-programa-Conectadas.jpg?fit=2024%2C1350&ssl=1\",\"contentUrl\":\"https:\\\/\\\/i0.wp.com\\\/zeromagazine.mx\\\/wp-content\\\/uploads\\\/2024\\\/07\\\/Katia-Moreno-directora-de-Programas-de-IYF-en-Mexico-y-responsable-del-programa-Conectadas.jpg?fit=2024%2C1350&ssl=1\",\"width\":2024,\"height\":1350,\"caption\":\"MEXICO. Mexico City. 2021. International Youth Foundation. Katia Moreno.\"},{\"@type\":\"BreadcrumbList\",\"@id\":\"https:\\\/\\\/zeromagazine.mx\\\/index.php\\\/2024\\\/07\\\/10\\\/conoce-el-empoderamiento-digital\\\/#breadcrumb\",\"itemListElement\":[{\"@type\":\"ListItem\",\"position\":1,\"name\":\"Portada\",\"item\":\"https:\\\/\\\/zeromagazine.mx\\\/\"},{\"@type\":\"ListItem\",\"position\":2,\"name\":\"Conoce el Empoderamiento Digital\"}]},{\"@type\":\"WebSite\",\"@id\":\"https:\\\/\\\/zeromagazine.mx\\\/#website\",\"url\":\"https:\\\/\\\/zeromagazine.mx\\\/\",\"name\":\"Zero Magazine\",\"description\":\"\",\"publisher\":{\"@id\":\"https:\\\/\\\/zeromagazine.mx\\\/#organization\"},\"potentialAction\":[{\"@type\":\"SearchAction\",\"target\":{\"@type\":\"EntryPoint\",\"urlTemplate\":\"https:\\\/\\\/zeromagazine.mx\\\/?s={search_term_string}\"},\"query-input\":{\"@type\":\"PropertyValueSpecification\",\"valueRequired\":true,\"valueName\":\"search_term_string\"}}],\"inLanguage\":\"es\"},{\"@type\":\"Organization\",\"@id\":\"https:\\\/\\\/zeromagazine.mx\\\/#organization\",\"name\":\"Zero Magazine\",\"url\":\"https:\\\/\\\/zeromagazine.mx\\\/\",\"logo\":{\"@type\":\"ImageObject\",\"inLanguage\":\"es\",\"@id\":\"https:\\\/\\\/zeromagazine.mx\\\/#\\\/schema\\\/logo\\\/image\\\/\",\"url\":\"https:\\\/\\\/i0.wp.com\\\/zeromagazine.mx\\\/wp-content\\\/uploads\\\/2025\\\/11\\\/1.jpeg?fit=1000%2C1000&ssl=1\",\"contentUrl\":\"https:\\\/\\\/i0.wp.com\\\/zeromagazine.mx\\\/wp-content\\\/uploads\\\/2025\\\/11\\\/1.jpeg?fit=1000%2C1000&ssl=1\",\"width\":1000,\"height\":1000,\"caption\":\"Zero Magazine\"},\"image\":{\"@id\":\"https:\\\/\\\/zeromagazine.mx\\\/#\\\/schema\\\/logo\\\/image\\\/\"},\"sameAs\":[\"https:\\\/\\\/instagram.com\\\/zeromagazinemx\"]},{\"@type\":\"Person\",\"@id\":\"https:\\\/\\\/zeromagazine.mx\\\/#\\\/schema\\\/person\\\/9aed9f33a7c39af3a348b86d723f7773\",\"name\":\"zeromagazinemx\",\"image\":{\"@type\":\"ImageObject\",\"inLanguage\":\"es\",\"@id\":\"https:\\\/\\\/zeromagazine.mx\\\/wp-content\\\/litespeed\\\/avatar\\\/f91dfe5410d5dcb1a576bf8c45983896.jpg?ver=1777571230\",\"url\":\"https:\\\/\\\/zeromagazine.mx\\\/wp-content\\\/litespeed\\\/avatar\\\/f91dfe5410d5dcb1a576bf8c45983896.jpg?ver=1777571230\",\"contentUrl\":\"https:\\\/\\\/zeromagazine.mx\\\/wp-content\\\/litespeed\\\/avatar\\\/f91dfe5410d5dcb1a576bf8c45983896.jpg?ver=1777571230\",\"caption\":\"zeromagazinemx\"},\"url\":\"https:\\\/\\\/zeromagazine.mx\\\/index.php\\\/author\\\/zeromagazinemx\\\/\"}]}<\/script>\n<!-- \/ Yoast SEO plugin. -->","yoast_head_json":{"title":"Conoce el Empoderamiento Digital - Zero Magazine","robots":{"index":"index","follow":"follow","max-snippet":"max-snippet:-1","max-image-preview":"max-image-preview:large","max-video-preview":"max-video-preview:-1"},"canonical":"https:\/\/zeromagazine.mx\/index.php\/2024\/07\/10\/conoce-el-empoderamiento-digital\/","og_locale":"es_ES","og_type":"article","og_title":"Conoce el Empoderamiento Digital - Zero Magazine","og_description":"\u00bfHan escuchado hablar del sureste de M\u00e9xico y su incre\u00edble diversidad cultural? Esta regi\u00f3n no solo es rica en tradiciones, sino que tambi\u00e9n enfrenta desaf\u00edos significativos en t\u00e9rminos de desarrollo y equidad de g\u00e9nero. Hoy quiero compartirles c\u00f3mo un programa innovador est\u00e1 marcando la diferencia para las j\u00f3venes mujeres en esta \u00e1rea. Primero, es importante [&hellip;]","og_url":"https:\/\/zeromagazine.mx\/index.php\/2024\/07\/10\/conoce-el-empoderamiento-digital\/","og_site_name":"Zero Magazine","article_published_time":"2024-07-10T21:58:00+00:00","article_modified_time":"2024-07-10T22:00:33+00:00","og_image":[{"width":2024,"height":1350,"url":"https:\/\/i0.wp.com\/zeromagazine.mx\/wp-content\/uploads\/2024\/07\/Katia-Moreno-directora-de-Programas-de-IYF-en-Mexico-y-responsable-del-programa-Conectadas.jpg?fit=2024%2C1350&ssl=1","type":"image\/jpeg"}],"author":"zeromagazinemx","twitter_card":"summary_large_image","twitter_misc":{"Escrito por":"zeromagazinemx","Tiempo de lectura":"2 minutos"},"schema":{"@context":"https:\/\/schema.org","@graph":[{"@type":"Article","@id":"https:\/\/zeromagazine.mx\/index.php\/2024\/07\/10\/conoce-el-empoderamiento-digital\/#article","isPartOf":{"@id":"https:\/\/zeromagazine.mx\/index.php\/2024\/07\/10\/conoce-el-empoderamiento-digital\/"},"author":{"name":"zeromagazinemx","@id":"https:\/\/zeromagazine.mx\/#\/schema\/person\/9aed9f33a7c39af3a348b86d723f7773"},"headline":"Conoce el Empoderamiento Digital","datePublished":"2024-07-10T21:58:00+00:00","dateModified":"2024-07-10T22:00:33+00:00","mainEntityOfPage":{"@id":"https:\/\/zeromagazine.mx\/index.php\/2024\/07\/10\/conoce-el-empoderamiento-digital\/"},"wordCount":365,"commentCount":0,"publisher":{"@id":"https:\/\/zeromagazine.mx\/#organization"},"image":{"@id":"https:\/\/zeromagazine.mx\/index.php\/2024\/07\/10\/conoce-el-empoderamiento-digital\/#primaryimage"},"thumbnailUrl":"https:\/\/i0.wp.com\/zeromagazine.mx\/wp-content\/uploads\/2024\/07\/Katia-Moreno-directora-de-Programas-de-IYF-en-Mexico-y-responsable-del-programa-Conectadas.jpg?fit=2024%2C1350&ssl=1","keywords":["Conectadas","J\u00f3venes","M\u00e9xico","mujeres"],"articleSection":["Blog"],"inLanguage":"es","potentialAction":[{"@type":"CommentAction","name":"Comment","target":["https:\/\/zeromagazine.mx\/index.php\/2024\/07\/10\/conoce-el-empoderamiento-digital\/#respond"]}]},{"@type":"WebPage","@id":"https:\/\/zeromagazine.mx\/index.php\/2024\/07\/10\/conoce-el-empoderamiento-digital\/","url":"https:\/\/zeromagazine.mx\/index.php\/2024\/07\/10\/conoce-el-empoderamiento-digital\/","name":"Conoce el Empoderamiento Digital - Zero Magazine","isPartOf":{"@id":"https:\/\/zeromagazine.mx\/#website"},"primaryImageOfPage":{"@id":"https:\/\/zeromagazine.mx\/index.php\/2024\/07\/10\/conoce-el-empoderamiento-digital\/#primaryimage"},"image":{"@id":"https:\/\/zeromagazine.mx\/index.php\/2024\/07\/10\/conoce-el-empoderamiento-digital\/#primaryimage"},"thumbnailUrl":"https:\/\/i0.wp.com\/zeromagazine.mx\/wp-content\/uploads\/2024\/07\/Katia-Moreno-directora-de-Programas-de-IYF-en-Mexico-y-responsable-del-programa-Conectadas.jpg?fit=2024%2C1350&ssl=1","datePublished":"2024-07-10T21:58:00+00:00","dateModified":"2024-07-10T22:00:33+00:00","breadcrumb":{"@id":"https:\/\/zeromagazine.mx\/index.php\/2024\/07\/10\/conoce-el-empoderamiento-digital\/#breadcrumb"},"inLanguage":"es","potentialAction":[{"@type":"ReadAction","target":["https:\/\/zeromagazine.mx\/index.php\/2024\/07\/10\/conoce-el-empoderamiento-digital\/"]}]},{"@type":"ImageObject","inLanguage":"es","@id":"https:\/\/zeromagazine.mx\/index.php\/2024\/07\/10\/conoce-el-empoderamiento-digital\/#primaryimage","url":"https:\/\/i0.wp.com\/zeromagazine.mx\/wp-content\/uploads\/2024\/07\/Katia-Moreno-directora-de-Programas-de-IYF-en-Mexico-y-responsable-del-programa-Conectadas.jpg?fit=2024%2C1350&ssl=1","contentUrl":"https:\/\/i0.wp.com\/zeromagazine.mx\/wp-content\/uploads\/2024\/07\/Katia-Moreno-directora-de-Programas-de-IYF-en-Mexico-y-responsable-del-programa-Conectadas.jpg?fit=2024%2C1350&ssl=1","width":2024,"height":1350,"caption":"MEXICO. Mexico City. 2021. International Youth Foundation. Katia Moreno."},{"@type":"BreadcrumbList","@id":"https:\/\/zeromagazine.mx\/index.php\/2024\/07\/10\/conoce-el-empoderamiento-digital\/#breadcrumb","itemListElement":[{"@type":"ListItem","position":1,"name":"Portada","item":"https:\/\/zeromagazine.mx\/"},{"@type":"ListItem","position":2,"name":"Conoce el Empoderamiento Digital"}]},{"@type":"WebSite","@id":"https:\/\/zeromagazine.mx\/#website","url":"https:\/\/zeromagazine.mx\/","name":"Zero Magazine","description":"","publisher":{"@id":"https:\/\/zeromagazine.mx\/#organization"},"potentialAction":[{"@type":"SearchAction","target":{"@type":"EntryPoint","urlTemplate":"https:\/\/zeromagazine.mx\/?s={search_term_string}"},"query-input":{"@type":"PropertyValueSpecification","valueRequired":true,"valueName":"search_term_string"}}],"inLanguage":"es"},{"@type":"Organization","@id":"https:\/\/zeromagazine.mx\/#organization","name":"Zero Magazine","url":"https:\/\/zeromagazine.mx\/","logo":{"@type":"ImageObject","inLanguage":"es","@id":"https:\/\/zeromagazine.mx\/#\/schema\/logo\/image\/","url":"https:\/\/i0.wp.com\/zeromagazine.mx\/wp-content\/uploads\/2025\/11\/1.jpeg?fit=1000%2C1000&ssl=1","contentUrl":"https:\/\/i0.wp.com\/zeromagazine.mx\/wp-content\/uploads\/2025\/11\/1.jpeg?fit=1000%2C1000&ssl=1","width":1000,"height":1000,"caption":"Zero Magazine"},"image":{"@id":"https:\/\/zeromagazine.mx\/#\/schema\/logo\/image\/"},"sameAs":["https:\/\/instagram.com\/zeromagazinemx"]},{"@type":"Person","@id":"https:\/\/zeromagazine.mx\/#\/schema\/person\/9aed9f33a7c39af3a348b86d723f7773","name":"zeromagazinemx","image":{"@type":"ImageObject","inLanguage":"es","@id":"https:\/\/zeromagazine.mx\/wp-content\/litespeed\/avatar\/f91dfe5410d5dcb1a576bf8c45983896.jpg?ver=1777571230","url":"https:\/\/zeromagazine.mx\/wp-content\/litespeed\/avatar\/f91dfe5410d5dcb1a576bf8c45983896.jpg?ver=1777571230","contentUrl":"https:\/\/zeromagazine.mx\/wp-content\/litespeed\/avatar\/f91dfe5410d5dcb1a576bf8c45983896.jpg?ver=1777571230","caption":"zeromagazinemx"},"url":"https:\/\/zeromagazine.mx\/index.php\/author\/zeromagazinemx\/"}]}},"jetpack_publicize_connections":[],"jetpack_featured_media_url":"https:\/\/i0.wp.com\/zeromagazine.mx\/wp-content\/uploads\/2024\/07\/Katia-Moreno-directora-de-Programas-de-IYF-en-Mexico-y-responsable-del-programa-Conectadas.jpg?fit=2024%2C1350&ssl=1","jetpack-related-posts":[{"id":91671,"url":"https:\/\/zeromagazine.mx\/index.php\/2024\/11\/26\/empowering-chicas-en-tech\/","url_meta":{"origin":80176,"position":0},"title":"\u00abEmpowering Chicas en Tech \u00ab","author":"zeromagazinemx","date":"26 de noviembre de 2024","format":false,"excerpt":"\u00bfAlguna vez te has preguntado c\u00f3mo cerrar la brecha de g\u00e9nero en el mundo tech? \u00a0En el sureste de M\u00e9xico, la Fundaci\u00f3n Internacional de la Juventud (IYF) est\u00e1 haciendo historia al empoderar a mujeres j\u00f3venes con las herramientas necesarias para brillar en el sector tecnol\u00f3gico. Con iniciativas que mezclan educaci\u00f3n,\u2026","rel":"","context":"En \u00abTech\u00bb","block_context":{"text":"Tech","link":"https:\/\/zeromagazine.mx\/index.php\/category\/tech\/"},"img":{"alt_text":"","src":"https:\/\/i0.wp.com\/zeromagazine.mx\/wp-content\/uploads\/2024\/11\/conectadas-en-sureste-mexicano.jpeg?fit=1200%2C675&ssl=1&resize=350%2C200","width":350,"height":200,"srcset":"https:\/\/i0.wp.com\/zeromagazine.mx\/wp-content\/uploads\/2024\/11\/conectadas-en-sureste-mexicano.jpeg?fit=1200%2C675&ssl=1&resize=350%2C200 1x, https:\/\/i0.wp.com\/zeromagazine.mx\/wp-content\/uploads\/2024\/11\/conectadas-en-sureste-mexicano.jpeg?fit=1200%2C675&ssl=1&resize=525%2C300 1.5x, https:\/\/i0.wp.com\/zeromagazine.mx\/wp-content\/uploads\/2024\/11\/conectadas-en-sureste-mexicano.jpeg?fit=1200%2C675&ssl=1&resize=700%2C400 2x, https:\/\/i0.wp.com\/zeromagazine.mx\/wp-content\/uploads\/2024\/11\/conectadas-en-sureste-mexicano.jpeg?fit=1200%2C675&ssl=1&resize=1050%2C600 3x"},"classes":[]},{"id":88874,"url":"https:\/\/zeromagazine.mx\/index.php\/2024\/10\/30\/chicas-tech-haciendo-historia\/","url_meta":{"origin":80176,"position":1},"title":"\u00abChicas Tech: \u00a1Haciendo Historia!\u00bb","author":"zeromagazinemx","date":"30 de octubre de 2024","format":false,"excerpt":"Amigxs, esta semana quiero platicarles sobre algo bien interesante y que cada vez se vuelve m\u00e1s relevante en nuestra sociedad: \"el papel de las mujeres j\u00f3venes en el mundo de la tecnolog\u00eda\". Ya s\u00e9, suena un poco serio, pero no se preocupen, aqu\u00ed lo vamos a hacer light y s\u00faper\u2026","rel":"","context":"En \u00abTech\u00bb","block_context":{"text":"Tech","link":"https:\/\/zeromagazine.mx\/index.php\/category\/tech\/"},"img":{"alt_text":"","src":"https:\/\/i0.wp.com\/zeromagazine.mx\/wp-content\/uploads\/2024\/10\/Graduacion-Yucatan-avanzando-en-el-mundo-tech-scaled.jpg?fit=1200%2C800&ssl=1&resize=350%2C200","width":350,"height":200,"srcset":"https:\/\/i0.wp.com\/zeromagazine.mx\/wp-content\/uploads\/2024\/10\/Graduacion-Yucatan-avanzando-en-el-mundo-tech-scaled.jpg?fit=1200%2C800&ssl=1&resize=350%2C200 1x, https:\/\/i0.wp.com\/zeromagazine.mx\/wp-content\/uploads\/2024\/10\/Graduacion-Yucatan-avanzando-en-el-mundo-tech-scaled.jpg?fit=1200%2C800&ssl=1&resize=525%2C300 1.5x, https:\/\/i0.wp.com\/zeromagazine.mx\/wp-content\/uploads\/2024\/10\/Graduacion-Yucatan-avanzando-en-el-mundo-tech-scaled.jpg?fit=1200%2C800&ssl=1&resize=700%2C400 2x, https:\/\/i0.wp.com\/zeromagazine.mx\/wp-content\/uploads\/2024\/10\/Graduacion-Yucatan-avanzando-en-el-mundo-tech-scaled.jpg?fit=1200%2C800&ssl=1&resize=1050%2C600 3x"},"classes":[]},{"id":84421,"url":"https:\/\/zeromagazine.mx\/index.php\/2024\/09\/23\/chicas-tech-revolucion-stem-en-mexico\/","url_meta":{"origin":80176,"position":2},"title":"\u00abChicas Tech: Revoluci\u00f3n STEM en M\u00e9xico\u00bb","author":"zeromagazinemx","date":"23 de septiembre de 2024","format":false,"excerpt":"\u00a1Hola a tod@s! \u00bfAlguna vez te has puesto a pensar c\u00f3mo ser\u00eda el mundo si m\u00e1s morras se metieran de lleno en el mundo tech? O sea, imag\u00ednate una revoluci\u00f3n donde las chicas fueran las que lideraran el game de la tecnolog\u00eda, el coding y todo lo digital. Pues guess\u2026","rel":"","context":"En \u00abCultura\u00bb","block_context":{"text":"Cultura","link":"https:\/\/zeromagazine.mx\/index.php\/category\/cultura\/"},"img":{"alt_text":"","src":"https:\/\/i0.wp.com\/zeromagazine.mx\/wp-content\/uploads\/2024\/09\/participantes-en-lanzamiento-de-haz-que-suceda-scaled.jpg?fit=1200%2C900&ssl=1&resize=350%2C200","width":350,"height":200,"srcset":"https:\/\/i0.wp.com\/zeromagazine.mx\/wp-content\/uploads\/2024\/09\/participantes-en-lanzamiento-de-haz-que-suceda-scaled.jpg?fit=1200%2C900&ssl=1&resize=350%2C200 1x, https:\/\/i0.wp.com\/zeromagazine.mx\/wp-content\/uploads\/2024\/09\/participantes-en-lanzamiento-de-haz-que-suceda-scaled.jpg?fit=1200%2C900&ssl=1&resize=525%2C300 1.5x, https:\/\/i0.wp.com\/zeromagazine.mx\/wp-content\/uploads\/2024\/09\/participantes-en-lanzamiento-de-haz-que-suceda-scaled.jpg?fit=1200%2C900&ssl=1&resize=700%2C400 2x, https:\/\/i0.wp.com\/zeromagazine.mx\/wp-content\/uploads\/2024\/09\/participantes-en-lanzamiento-de-haz-que-suceda-scaled.jpg?fit=1200%2C900&ssl=1&resize=1050%2C600 3x"},"classes":[]},{"id":53978,"url":"https:\/\/zeromagazine.mx\/index.php\/2021\/09\/07\/kotex-por-todas-fest-el-evento-virtual-por-la-equidad-educacion-y-bienestar\/","url_meta":{"origin":80176,"position":3},"title":"Kotex Por Todas Fest, el evento virtual por la equidad, educaci\u00f3n y bienestar","author":"zeromagazinemx","date":"7 de septiembre de 2021","format":false,"excerpt":"El evento contar\u00e1 con la participaci\u00f3n de Shiza Shahid Co-fundadora de Our Place y CEO Co-fundadora de Malala Fund, Gabriela Warkentin, M\u00f3nica Escobedo, Dra. Julia Salom\u00f3n y Silvia Olmedo. Por Moises Kushelevich Hoy m\u00e1s que nunca el mundo entero est\u00e1 preocupado por la seguridad, libertad e igualdad de las mujeres\u2026","rel":"","context":"En \u00abBienestar\u00bb","block_context":{"text":"Bienestar","link":"https:\/\/zeromagazine.mx\/index.php\/category\/lifestyle\/bienestar\/"},"img":{"alt_text":"","src":"","width":0,"height":0},"classes":[]},{"id":52096,"url":"https:\/\/zeromagazine.mx\/index.php\/2021\/08\/15\/75-de-las-jovenes-mexicanas-desconocen-los-protocolos-de-denuncia-en-situacion-de-violencia-digital\/","url_meta":{"origin":80176,"position":4},"title":"75% de las j\u00f3venes mexicanas desconocen los protocolos de denuncia en situaci\u00f3n de violencia digital","author":"zeromagazinemx","date":"15 de agosto de 2021","format":false,"excerpt":"La asociaci\u00f3n Civil Cultivando G\u00e9nero cre\u00f3 la gu\u00eda \u201cEn la red no navegas sola\u201d para que las mujeres puedan apoyarse en momentos de violencia digital. Por Moises Kushelevich En un estudio realizado por \u201cChidas en l\u00ednea\u201d se observ\u00f3 que un 68% de las adolescentes encuestadas, han pasado por una situaci\u00f3n\u2026","rel":"","context":"En \u00abLifestyle\u00bb","block_context":{"text":"Lifestyle","link":"https:\/\/zeromagazine.mx\/index.php\/category\/lifestyle\/"},"img":{"alt_text":"","src":"","width":0,"height":0},"classes":[]},{"id":54687,"url":"https:\/\/zeromagazine.mx\/index.php\/2021\/09\/15\/kotexportodas-fest-el-evento-virtual-por-la-equidad-educacion-y-bienestar-de-las-mujeres\/","url_meta":{"origin":80176,"position":5},"title":"KotexPorTodas Fest, el evento virtual por la equidad, educaci\u00f3n y bienestar de las mujeres","author":"zeromagazinemx","date":"15 de septiembre de 2021","format":false,"excerpt":"KotexPorTodas Fest recorri\u00f3 temas desde la ciencia hasta el humor, fue un evento para exponer soluciones en torno a la equidad, educaci\u00f3n y bienestar de las mujeres en M\u00e9xico. Por Moises Kushelevich\u00a0 Este 8 de septiembre se llev\u00f3 a cabo el KotexPorTodas Fest, un festival virtual que const\u00f3 de una\u2026","rel":"","context":"En \u00abBienestar\u00bb","block_context":{"text":"Bienestar","link":"https:\/\/zeromagazine.mx\/index.php\/category\/lifestyle\/bienestar\/"},"img":{"alt_text":"","src":"","width":0,"height":0},"classes":[]}],"jetpack_sharing_enabled":true,"builder_content":"","_links":{"self":[{"href":"https:\/\/zeromagazine.mx\/index.php\/wp-json\/wp\/v2\/posts\/80176","targetHints":{"allow":["GET"]}}],"collection":[{"href":"https:\/\/zeromagazine.mx\/index.php\/wp-json\/wp\/v2\/posts"}],"about":[{"href":"https:\/\/zeromagazine.mx\/index.php\/wp-json\/wp\/v2\/types\/post"}],"author":[{"embeddable":true,"href":"https:\/\/zeromagazine.mx\/index.php\/wp-json\/wp\/v2\/users\/2"}],"replies":[{"embeddable":true,"href":"https:\/\/zeromagazine.mx\/index.php\/wp-json\/wp\/v2\/comments?post=80176"}],"version-history":[{"count":4,"href":"https:\/\/zeromagazine.mx\/index.php\/wp-json\/wp\/v2\/posts\/80176\/revisions"}],"predecessor-version":[{"id":80181,"href":"https:\/\/zeromagazine.mx\/index.php\/wp-json\/wp\/v2\/posts\/80176\/revisions\/80181"}],"wp:featuredmedia":[{"embeddable":true,"href":"https:\/\/zeromagazine.mx\/index.php\/wp-json\/wp\/v2\/media\/80177"}],"wp:attachment":[{"href":"https:\/\/zeromagazine.mx\/index.php\/wp-json\/wp\/v2\/media?parent=80176"}],"wp:term":[{"taxonomy":"category","embeddable":true,"href":"https:\/\/zeromagazine.mx\/index.php\/wp-json\/wp\/v2\/categories?post=80176"},{"taxonomy":"post_tag","embeddable":true,"href":"https:\/\/zeromagazine.mx\/index.php\/wp-json\/wp\/v2\/tags?post=80176"}],"curies":[{"name":"wp","href":"https:\/\/api.w.org\/{rel}","templated":true}]}}