{"id":80277,"date":"2024-07-12T19:13:16","date_gmt":"2024-07-12T17:13:16","guid":{"rendered":"https:\/\/zeromagazine.mx\/?p=80277"},"modified":"2024-07-12T19:13:17","modified_gmt":"2024-07-12T17:13:17","slug":"conoce-el-proyecto-raiz","status":"publish","type":"post","link":"https:\/\/zeromagazine.mx\/index.php\/2024\/07\/12\/conoce-el-proyecto-raiz\/","title":{"rendered":"Conoce el Proyecto Ra\u00edz"},"content":{"rendered":"<p>Hoy quiero hablarles sobre el vibrante mundo de la m\u00fasica latina, donde los estilos y tradiciones se mezclan con fuerza, el proyecto RA\u00cdZ de Lila Downs, Ni\u00f1a Pastori y Soledad Pastorutti nos trae una joya imperdible: \u00abTodo Cambia\u00bb. Esta canci\u00f3n emblem\u00e1tica, escrita por Violeta Parra, alcanza nuevas alturas gracias a la interpretaci\u00f3n \u00fanica de estas talentosas artistas. Desde sus ra\u00edces en el folclore, \u00abTodo Cambia\u00bb ha dejado una marca indeleble en nuestra cultura musical, llevada tambi\u00e9n al pin\u00e1culo por figuras como Mercedes Sosa.<\/p>\n\n\n\n<script async src=\"https:\/\/pagead2.googlesyndication.com\/pagead\/js\/adsbygoogle.js?client=ca-pub-5499304793904745\"\n     crossorigin=\"anonymous\"><\/script>\n<ins class=\"adsbygoogle\"\n     style=\"display:block; text-align:center;\"\n     data-ad-layout=\"in-article\"\n     data-ad-format=\"fluid\"\n     data-ad-client=\"ca-pub-5499304793904745\"\n     data-ad-slot=\"5994863093\"><\/ins>\n<script>\n     (adsbygoogle = window.adsbygoogle || []).push({});\n<\/script>\n\n\n\n<p><\/p>\n\n\n\n<p>Adem\u00e1s, esta semana es s\u00faper especial porque estamos celebrando el legado de Mercedes Sosa y RA\u00cdZ  le est\u00e1 haciendo un homenaje mega emotivo a la reina de la nueva canci\u00f3n latinoamericana. Mercedes no solo rompi\u00f3 barreras en la m\u00fasica, sino que tambi\u00e9n fue una voz aut\u00e9ntica que brill\u00f3 en g\u00e9neros como el tango, el rock y el pop.<\/p>\n\n\n<div class=\"wp-block-image\">\n<figure class=\"aligncenter size-full\"><img data-recalc-dims=\"1\" decoding=\"async\" width=\"1165\" height=\"1747\" src=\"https:\/\/i0.wp.com\/zeromagazine.mx\/wp-content\/uploads\/2024\/07\/DSC00888-scaled.jpg?resize=1165%2C1747&#038;ssl=1\" alt=\"\" class=\"wp-image-80278\" srcset=\"https:\/\/i0.wp.com\/zeromagazine.mx\/wp-content\/uploads\/2024\/07\/DSC00888-scaled.jpg?w=1707&amp;ssl=1 1707w, https:\/\/i0.wp.com\/zeromagazine.mx\/wp-content\/uploads\/2024\/07\/DSC00888-scaled.jpg?resize=200%2C300&amp;ssl=1 200w, https:\/\/i0.wp.com\/zeromagazine.mx\/wp-content\/uploads\/2024\/07\/DSC00888-scaled.jpg?resize=683%2C1024&amp;ssl=1 683w, https:\/\/i0.wp.com\/zeromagazine.mx\/wp-content\/uploads\/2024\/07\/DSC00888-scaled.jpg?resize=768%2C1152&amp;ssl=1 768w, https:\/\/i0.wp.com\/zeromagazine.mx\/wp-content\/uploads\/2024\/07\/DSC00888-scaled.jpg?resize=1024%2C1536&amp;ssl=1 1024w, https:\/\/i0.wp.com\/zeromagazine.mx\/wp-content\/uploads\/2024\/07\/DSC00888-scaled.jpg?resize=1365%2C2048&amp;ssl=1 1365w\" sizes=\"(max-width: 1165px) 100vw, 1165px\" \/><\/figure>\n<\/div>\n\n\n<h2 class=\"wp-block-heading\">\u00bfQu\u00e9 destacaron las artistas sobre Mercedes Sosa?<\/h2>\n\n\n\n<p>Las artistas dijeron que Mercedes siempre valor\u00f3 su ra\u00edz, encontrando riqueza en el amor familiar y en su profunda conexi\u00f3n con la tierra. Su legado sigue vivo, tocando los corazones de quienes aman la m\u00fasica folcl\u00f3rica y se inspiran en su poderosa voz.<\/p>\n\n\n\n<script async src=\"https:\/\/pagead2.googlesyndication.com\/pagead\/js\/adsbygoogle.js?client=ca-pub-5499304793904745\"\n     crossorigin=\"anonymous\"><\/script>\n<ins class=\"adsbygoogle\"\n     style=\"display:block; text-align:center;\"\n     data-ad-layout=\"in-article\"\n     data-ad-format=\"fluid\"\n     data-ad-client=\"ca-pub-5499304793904745\"\n     data-ad-slot=\"5994863093\"><\/ins>\n<script>\n     (adsbygoogle = window.adsbygoogle || []).push({});\n<\/script>\n\n\n\n<p><\/p>\n\n\n\n<p>Por otro lado, el video de RA\u00cdZ nos lleva a los estudios 5020 en la vibrante Miami, donde Lila, Ni\u00f1a y Soledad no solo grabaron este tema, sino que tambi\u00e9n compartieron momentos \u00fanicos de creatividad y amistad. Dirigido por Campi Camp\u00f3n y V\u00edctor Mart\u00ednez, conocidos por trabajar con artistas como Jorge Drexler y C. Tangana, este proyecto no solo captura la esencia de \u00abTodo Cambia\u00bb, sino tambi\u00e9n el emocionante proceso detr\u00e1s de c\u00e1maras que hizo posible esta colaboraci\u00f3n \u00fanica.<\/p>\n\n\n\n<figure class=\"wp-block-embed aligncenter is-type-video is-provider-youtube wp-block-embed-youtube wp-embed-aspect-16-9 wp-has-aspect-ratio\"><div class=\"wp-block-embed__wrapper\">\n<div class=\"post-video\"><iframe title=\"Lila Downs, Ni\u00f1a Pastori, Soledad - Todo Cambia (Behind the Scenes)\" width=\"1165\" height=\"655\" src=\"https:\/\/www.youtube.com\/embed\/zWWS-pUmTiE?feature=oembed\" frameborder=\"0\" allow=\"accelerometer; autoplay; clipboard-write; encrypted-media; gyroscope; picture-in-picture; web-share\" referrerpolicy=\"strict-origin-when-cross-origin\" allowfullscreen><\/iframe><\/div>\n<\/div><\/figure>\n\n\n\n<p><\/p>\n\n\n\n<p>As\u00ed que, no olviden que RA\u00cdZ nos invita a celebrar la diversidad musical y cultural de Am\u00e9rica Latina, y a honrar el incre\u00edble legado de Mercedes Sosa. Su m\u00fasica nos mantiene conectadxs con nuestras ra\u00edces, record\u00e1ndonos que todo evoluciona, pero nuestra esencia siempre queda.<\/p>\n\n<!--themify_builder_content-->\n<div id=\"themify_builder_content-80277\" data-postid=\"80277\" class=\"themify_builder_content themify_builder_content-80277 themify_builder tf_clear\">\n    <\/div>\n<!--\/themify_builder_content-->","protected":false},"excerpt":{"rendered":"<p>Hoy quiero hablarles sobre el vibrante mundo de la m\u00fasica latina, donde los estilos y tradiciones se mezclan con fuerza, el proyecto RA\u00cdZ de Lila Downs, Ni\u00f1a Pastori y Soledad Pastorutti nos trae una joya imperdible: \u00abTodo Cambia\u00bb. Esta canci\u00f3n emblem\u00e1tica, escrita por Violeta Parra, alcanza nuevas alturas gracias a la interpretaci\u00f3n \u00fanica de estas [&hellip;]<\/p>\n","protected":false},"author":2,"featured_media":80278,"comment_status":"open","ping_status":"open","sticky":false,"template":"","format":"standard","meta":{"_jetpack_memberships_contains_paid_content":false,"footnotes":"","jetpack_publicize_message":"","jetpack_publicize_feature_enabled":true,"jetpack_social_post_already_shared":true,"jetpack_social_options":{"image_generator_settings":{"template":"highway","default_image_id":0,"font":"","enabled":false},"version":2}},"categories":[1],"tags":[1816,1817,9236,9234,341,9235],"class_list":["post-80277","post","type-post","status-publish","format-standard","has-post-thumbnail","hentry","category-blog","tag-lila-downs","tag-mercedes-sosa","tag-nina-pastori","tag-raiz","tag-soledad-pastorutti","tag-todo-cambia","has-post-title","has-post-date","has-post-category","has-post-tag","has-post-comment","has-post-author",""],"yoast_head":"<!-- This site is optimized with the Yoast SEO plugin v27.5 - https:\/\/yoast.com\/product\/yoast-seo-wordpress\/ -->\n<title>Conoce el Proyecto Ra\u00edz - Zero Magazine<\/title>\n<meta name=\"robots\" content=\"index, follow, max-snippet:-1, max-image-preview:large, max-video-preview:-1\" \/>\n<link rel=\"canonical\" href=\"https:\/\/zeromagazine.mx\/index.php\/2024\/07\/12\/conoce-el-proyecto-raiz\/\" \/>\n<meta property=\"og:locale\" content=\"es_ES\" \/>\n<meta property=\"og:type\" content=\"article\" \/>\n<meta property=\"og:title\" content=\"Conoce el Proyecto Ra\u00edz - Zero Magazine\" \/>\n<meta property=\"og:description\" content=\"Hoy quiero hablarles sobre el vibrante mundo de la m\u00fasica latina, donde los estilos y tradiciones se mezclan con fuerza, el proyecto RA\u00cdZ de Lila Downs, Ni\u00f1a Pastori y Soledad Pastorutti nos trae una joya imperdible: \u00abTodo Cambia\u00bb. Esta canci\u00f3n emblem\u00e1tica, escrita por Violeta Parra, alcanza nuevas alturas gracias a la interpretaci\u00f3n \u00fanica de estas [&hellip;]\" \/>\n<meta property=\"og:url\" content=\"https:\/\/zeromagazine.mx\/index.php\/2024\/07\/12\/conoce-el-proyecto-raiz\/\" \/>\n<meta property=\"og:site_name\" content=\"Zero Magazine\" \/>\n<meta property=\"article:published_time\" content=\"2024-07-12T17:13:16+00:00\" \/>\n<meta property=\"article:modified_time\" content=\"2024-07-12T17:13:17+00:00\" \/>\n<meta property=\"og:image\" content=\"https:\/\/i0.wp.com\/zeromagazine.mx\/wp-content\/uploads\/2024\/07\/DSC00888-scaled.jpg?fit=1707%2C2560&ssl=1\" \/>\n\t<meta property=\"og:image:width\" content=\"1707\" \/>\n\t<meta property=\"og:image:height\" content=\"2560\" \/>\n\t<meta property=\"og:image:type\" content=\"image\/jpeg\" \/>\n<meta name=\"author\" content=\"zeromagazinemx\" \/>\n<meta name=\"twitter:card\" content=\"summary_large_image\" \/>\n<meta name=\"twitter:label1\" content=\"Escrito por\" \/>\n\t<meta name=\"twitter:data1\" content=\"zeromagazinemx\" \/>\n\t<meta name=\"twitter:label2\" content=\"Tiempo de lectura\" \/>\n\t<meta name=\"twitter:data2\" content=\"2 minutos\" \/>\n<script type=\"application\/ld+json\" class=\"yoast-schema-graph\">{\"@context\":\"https:\\\/\\\/schema.org\",\"@graph\":[{\"@type\":\"Article\",\"@id\":\"https:\\\/\\\/zeromagazine.mx\\\/index.php\\\/2024\\\/07\\\/12\\\/conoce-el-proyecto-raiz\\\/#article\",\"isPartOf\":{\"@id\":\"https:\\\/\\\/zeromagazine.mx\\\/index.php\\\/2024\\\/07\\\/12\\\/conoce-el-proyecto-raiz\\\/\"},\"author\":{\"name\":\"zeromagazinemx\",\"@id\":\"https:\\\/\\\/zeromagazine.mx\\\/#\\\/schema\\\/person\\\/9aed9f33a7c39af3a348b86d723f7773\"},\"headline\":\"Conoce el Proyecto Ra\u00edz\",\"datePublished\":\"2024-07-12T17:13:16+00:00\",\"dateModified\":\"2024-07-12T17:13:17+00:00\",\"mainEntityOfPage\":{\"@id\":\"https:\\\/\\\/zeromagazine.mx\\\/index.php\\\/2024\\\/07\\\/12\\\/conoce-el-proyecto-raiz\\\/\"},\"wordCount\":362,\"commentCount\":0,\"publisher\":{\"@id\":\"https:\\\/\\\/zeromagazine.mx\\\/#organization\"},\"image\":{\"@id\":\"https:\\\/\\\/zeromagazine.mx\\\/index.php\\\/2024\\\/07\\\/12\\\/conoce-el-proyecto-raiz\\\/#primaryimage\"},\"thumbnailUrl\":\"https:\\\/\\\/i0.wp.com\\\/zeromagazine.mx\\\/wp-content\\\/uploads\\\/2024\\\/07\\\/DSC00888-scaled.jpg?fit=1707%2C2560&ssl=1\",\"keywords\":[\"Lila Downs\",\"Mercedes Sosa\",\"Ni\u00f1a Pastori\",\"RA\u00cdZ\",\"Soledad Pastorutti\",\"Todo Cambia\"],\"articleSection\":[\"Blog\"],\"inLanguage\":\"es\",\"potentialAction\":[{\"@type\":\"CommentAction\",\"name\":\"Comment\",\"target\":[\"https:\\\/\\\/zeromagazine.mx\\\/index.php\\\/2024\\\/07\\\/12\\\/conoce-el-proyecto-raiz\\\/#respond\"]}]},{\"@type\":\"WebPage\",\"@id\":\"https:\\\/\\\/zeromagazine.mx\\\/index.php\\\/2024\\\/07\\\/12\\\/conoce-el-proyecto-raiz\\\/\",\"url\":\"https:\\\/\\\/zeromagazine.mx\\\/index.php\\\/2024\\\/07\\\/12\\\/conoce-el-proyecto-raiz\\\/\",\"name\":\"Conoce el Proyecto Ra\u00edz - Zero Magazine\",\"isPartOf\":{\"@id\":\"https:\\\/\\\/zeromagazine.mx\\\/#website\"},\"primaryImageOfPage\":{\"@id\":\"https:\\\/\\\/zeromagazine.mx\\\/index.php\\\/2024\\\/07\\\/12\\\/conoce-el-proyecto-raiz\\\/#primaryimage\"},\"image\":{\"@id\":\"https:\\\/\\\/zeromagazine.mx\\\/index.php\\\/2024\\\/07\\\/12\\\/conoce-el-proyecto-raiz\\\/#primaryimage\"},\"thumbnailUrl\":\"https:\\\/\\\/i0.wp.com\\\/zeromagazine.mx\\\/wp-content\\\/uploads\\\/2024\\\/07\\\/DSC00888-scaled.jpg?fit=1707%2C2560&ssl=1\",\"datePublished\":\"2024-07-12T17:13:16+00:00\",\"dateModified\":\"2024-07-12T17:13:17+00:00\",\"breadcrumb\":{\"@id\":\"https:\\\/\\\/zeromagazine.mx\\\/index.php\\\/2024\\\/07\\\/12\\\/conoce-el-proyecto-raiz\\\/#breadcrumb\"},\"inLanguage\":\"es\",\"potentialAction\":[{\"@type\":\"ReadAction\",\"target\":[\"https:\\\/\\\/zeromagazine.mx\\\/index.php\\\/2024\\\/07\\\/12\\\/conoce-el-proyecto-raiz\\\/\"]}]},{\"@type\":\"ImageObject\",\"inLanguage\":\"es\",\"@id\":\"https:\\\/\\\/zeromagazine.mx\\\/index.php\\\/2024\\\/07\\\/12\\\/conoce-el-proyecto-raiz\\\/#primaryimage\",\"url\":\"https:\\\/\\\/i0.wp.com\\\/zeromagazine.mx\\\/wp-content\\\/uploads\\\/2024\\\/07\\\/DSC00888-scaled.jpg?fit=1707%2C2560&ssl=1\",\"contentUrl\":\"https:\\\/\\\/i0.wp.com\\\/zeromagazine.mx\\\/wp-content\\\/uploads\\\/2024\\\/07\\\/DSC00888-scaled.jpg?fit=1707%2C2560&ssl=1\",\"width\":1707,\"height\":2560},{\"@type\":\"BreadcrumbList\",\"@id\":\"https:\\\/\\\/zeromagazine.mx\\\/index.php\\\/2024\\\/07\\\/12\\\/conoce-el-proyecto-raiz\\\/#breadcrumb\",\"itemListElement\":[{\"@type\":\"ListItem\",\"position\":1,\"name\":\"Portada\",\"item\":\"https:\\\/\\\/zeromagazine.mx\\\/\"},{\"@type\":\"ListItem\",\"position\":2,\"name\":\"Conoce el Proyecto Ra\u00edz\"}]},{\"@type\":\"WebSite\",\"@id\":\"https:\\\/\\\/zeromagazine.mx\\\/#website\",\"url\":\"https:\\\/\\\/zeromagazine.mx\\\/\",\"name\":\"Zero Magazine\",\"description\":\"\",\"publisher\":{\"@id\":\"https:\\\/\\\/zeromagazine.mx\\\/#organization\"},\"potentialAction\":[{\"@type\":\"SearchAction\",\"target\":{\"@type\":\"EntryPoint\",\"urlTemplate\":\"https:\\\/\\\/zeromagazine.mx\\\/?s={search_term_string}\"},\"query-input\":{\"@type\":\"PropertyValueSpecification\",\"valueRequired\":true,\"valueName\":\"search_term_string\"}}],\"inLanguage\":\"es\"},{\"@type\":\"Organization\",\"@id\":\"https:\\\/\\\/zeromagazine.mx\\\/#organization\",\"name\":\"Zero Magazine\",\"url\":\"https:\\\/\\\/zeromagazine.mx\\\/\",\"logo\":{\"@type\":\"ImageObject\",\"inLanguage\":\"es\",\"@id\":\"https:\\\/\\\/zeromagazine.mx\\\/#\\\/schema\\\/logo\\\/image\\\/\",\"url\":\"https:\\\/\\\/i0.wp.com\\\/zeromagazine.mx\\\/wp-content\\\/uploads\\\/2025\\\/11\\\/1.jpeg?fit=1000%2C1000&ssl=1\",\"contentUrl\":\"https:\\\/\\\/i0.wp.com\\\/zeromagazine.mx\\\/wp-content\\\/uploads\\\/2025\\\/11\\\/1.jpeg?fit=1000%2C1000&ssl=1\",\"width\":1000,\"height\":1000,\"caption\":\"Zero Magazine\"},\"image\":{\"@id\":\"https:\\\/\\\/zeromagazine.mx\\\/#\\\/schema\\\/logo\\\/image\\\/\"},\"sameAs\":[\"https:\\\/\\\/instagram.com\\\/zeromagazinemx\"]},{\"@type\":\"Person\",\"@id\":\"https:\\\/\\\/zeromagazine.mx\\\/#\\\/schema\\\/person\\\/9aed9f33a7c39af3a348b86d723f7773\",\"name\":\"zeromagazinemx\",\"image\":{\"@type\":\"ImageObject\",\"inLanguage\":\"es\",\"@id\":\"https:\\\/\\\/zeromagazine.mx\\\/wp-content\\\/litespeed\\\/avatar\\\/f91dfe5410d5dcb1a576bf8c45983896.jpg?ver=1776966396\",\"url\":\"https:\\\/\\\/zeromagazine.mx\\\/wp-content\\\/litespeed\\\/avatar\\\/f91dfe5410d5dcb1a576bf8c45983896.jpg?ver=1776966396\",\"contentUrl\":\"https:\\\/\\\/zeromagazine.mx\\\/wp-content\\\/litespeed\\\/avatar\\\/f91dfe5410d5dcb1a576bf8c45983896.jpg?ver=1776966396\",\"caption\":\"zeromagazinemx\"},\"url\":\"https:\\\/\\\/zeromagazine.mx\\\/index.php\\\/author\\\/zeromagazinemx\\\/\"}]}<\/script>\n<!-- \/ Yoast SEO plugin. -->","yoast_head_json":{"title":"Conoce el Proyecto Ra\u00edz - Zero Magazine","robots":{"index":"index","follow":"follow","max-snippet":"max-snippet:-1","max-image-preview":"max-image-preview:large","max-video-preview":"max-video-preview:-1"},"canonical":"https:\/\/zeromagazine.mx\/index.php\/2024\/07\/12\/conoce-el-proyecto-raiz\/","og_locale":"es_ES","og_type":"article","og_title":"Conoce el Proyecto Ra\u00edz - Zero Magazine","og_description":"Hoy quiero hablarles sobre el vibrante mundo de la m\u00fasica latina, donde los estilos y tradiciones se mezclan con fuerza, el proyecto RA\u00cdZ de Lila Downs, Ni\u00f1a Pastori y Soledad Pastorutti nos trae una joya imperdible: \u00abTodo Cambia\u00bb. Esta canci\u00f3n emblem\u00e1tica, escrita por Violeta Parra, alcanza nuevas alturas gracias a la interpretaci\u00f3n \u00fanica de estas [&hellip;]","og_url":"https:\/\/zeromagazine.mx\/index.php\/2024\/07\/12\/conoce-el-proyecto-raiz\/","og_site_name":"Zero Magazine","article_published_time":"2024-07-12T17:13:16+00:00","article_modified_time":"2024-07-12T17:13:17+00:00","og_image":[{"width":1707,"height":2560,"url":"https:\/\/i0.wp.com\/zeromagazine.mx\/wp-content\/uploads\/2024\/07\/DSC00888-scaled.jpg?fit=1707%2C2560&ssl=1","type":"image\/jpeg"}],"author":"zeromagazinemx","twitter_card":"summary_large_image","twitter_misc":{"Escrito por":"zeromagazinemx","Tiempo de lectura":"2 minutos"},"schema":{"@context":"https:\/\/schema.org","@graph":[{"@type":"Article","@id":"https:\/\/zeromagazine.mx\/index.php\/2024\/07\/12\/conoce-el-proyecto-raiz\/#article","isPartOf":{"@id":"https:\/\/zeromagazine.mx\/index.php\/2024\/07\/12\/conoce-el-proyecto-raiz\/"},"author":{"name":"zeromagazinemx","@id":"https:\/\/zeromagazine.mx\/#\/schema\/person\/9aed9f33a7c39af3a348b86d723f7773"},"headline":"Conoce el Proyecto Ra\u00edz","datePublished":"2024-07-12T17:13:16+00:00","dateModified":"2024-07-12T17:13:17+00:00","mainEntityOfPage":{"@id":"https:\/\/zeromagazine.mx\/index.php\/2024\/07\/12\/conoce-el-proyecto-raiz\/"},"wordCount":362,"commentCount":0,"publisher":{"@id":"https:\/\/zeromagazine.mx\/#organization"},"image":{"@id":"https:\/\/zeromagazine.mx\/index.php\/2024\/07\/12\/conoce-el-proyecto-raiz\/#primaryimage"},"thumbnailUrl":"https:\/\/i0.wp.com\/zeromagazine.mx\/wp-content\/uploads\/2024\/07\/DSC00888-scaled.jpg?fit=1707%2C2560&ssl=1","keywords":["Lila Downs","Mercedes Sosa","Ni\u00f1a Pastori","RA\u00cdZ","Soledad Pastorutti","Todo Cambia"],"articleSection":["Blog"],"inLanguage":"es","potentialAction":[{"@type":"CommentAction","name":"Comment","target":["https:\/\/zeromagazine.mx\/index.php\/2024\/07\/12\/conoce-el-proyecto-raiz\/#respond"]}]},{"@type":"WebPage","@id":"https:\/\/zeromagazine.mx\/index.php\/2024\/07\/12\/conoce-el-proyecto-raiz\/","url":"https:\/\/zeromagazine.mx\/index.php\/2024\/07\/12\/conoce-el-proyecto-raiz\/","name":"Conoce el Proyecto Ra\u00edz - Zero Magazine","isPartOf":{"@id":"https:\/\/zeromagazine.mx\/#website"},"primaryImageOfPage":{"@id":"https:\/\/zeromagazine.mx\/index.php\/2024\/07\/12\/conoce-el-proyecto-raiz\/#primaryimage"},"image":{"@id":"https:\/\/zeromagazine.mx\/index.php\/2024\/07\/12\/conoce-el-proyecto-raiz\/#primaryimage"},"thumbnailUrl":"https:\/\/i0.wp.com\/zeromagazine.mx\/wp-content\/uploads\/2024\/07\/DSC00888-scaled.jpg?fit=1707%2C2560&ssl=1","datePublished":"2024-07-12T17:13:16+00:00","dateModified":"2024-07-12T17:13:17+00:00","breadcrumb":{"@id":"https:\/\/zeromagazine.mx\/index.php\/2024\/07\/12\/conoce-el-proyecto-raiz\/#breadcrumb"},"inLanguage":"es","potentialAction":[{"@type":"ReadAction","target":["https:\/\/zeromagazine.mx\/index.php\/2024\/07\/12\/conoce-el-proyecto-raiz\/"]}]},{"@type":"ImageObject","inLanguage":"es","@id":"https:\/\/zeromagazine.mx\/index.php\/2024\/07\/12\/conoce-el-proyecto-raiz\/#primaryimage","url":"https:\/\/i0.wp.com\/zeromagazine.mx\/wp-content\/uploads\/2024\/07\/DSC00888-scaled.jpg?fit=1707%2C2560&ssl=1","contentUrl":"https:\/\/i0.wp.com\/zeromagazine.mx\/wp-content\/uploads\/2024\/07\/DSC00888-scaled.jpg?fit=1707%2C2560&ssl=1","width":1707,"height":2560},{"@type":"BreadcrumbList","@id":"https:\/\/zeromagazine.mx\/index.php\/2024\/07\/12\/conoce-el-proyecto-raiz\/#breadcrumb","itemListElement":[{"@type":"ListItem","position":1,"name":"Portada","item":"https:\/\/zeromagazine.mx\/"},{"@type":"ListItem","position":2,"name":"Conoce el Proyecto Ra\u00edz"}]},{"@type":"WebSite","@id":"https:\/\/zeromagazine.mx\/#website","url":"https:\/\/zeromagazine.mx\/","name":"Zero Magazine","description":"","publisher":{"@id":"https:\/\/zeromagazine.mx\/#organization"},"potentialAction":[{"@type":"SearchAction","target":{"@type":"EntryPoint","urlTemplate":"https:\/\/zeromagazine.mx\/?s={search_term_string}"},"query-input":{"@type":"PropertyValueSpecification","valueRequired":true,"valueName":"search_term_string"}}],"inLanguage":"es"},{"@type":"Organization","@id":"https:\/\/zeromagazine.mx\/#organization","name":"Zero Magazine","url":"https:\/\/zeromagazine.mx\/","logo":{"@type":"ImageObject","inLanguage":"es","@id":"https:\/\/zeromagazine.mx\/#\/schema\/logo\/image\/","url":"https:\/\/i0.wp.com\/zeromagazine.mx\/wp-content\/uploads\/2025\/11\/1.jpeg?fit=1000%2C1000&ssl=1","contentUrl":"https:\/\/i0.wp.com\/zeromagazine.mx\/wp-content\/uploads\/2025\/11\/1.jpeg?fit=1000%2C1000&ssl=1","width":1000,"height":1000,"caption":"Zero Magazine"},"image":{"@id":"https:\/\/zeromagazine.mx\/#\/schema\/logo\/image\/"},"sameAs":["https:\/\/instagram.com\/zeromagazinemx"]},{"@type":"Person","@id":"https:\/\/zeromagazine.mx\/#\/schema\/person\/9aed9f33a7c39af3a348b86d723f7773","name":"zeromagazinemx","image":{"@type":"ImageObject","inLanguage":"es","@id":"https:\/\/zeromagazine.mx\/wp-content\/litespeed\/avatar\/f91dfe5410d5dcb1a576bf8c45983896.jpg?ver=1776966396","url":"https:\/\/zeromagazine.mx\/wp-content\/litespeed\/avatar\/f91dfe5410d5dcb1a576bf8c45983896.jpg?ver=1776966396","contentUrl":"https:\/\/zeromagazine.mx\/wp-content\/litespeed\/avatar\/f91dfe5410d5dcb1a576bf8c45983896.jpg?ver=1776966396","caption":"zeromagazinemx"},"url":"https:\/\/zeromagazine.mx\/index.php\/author\/zeromagazinemx\/"}]}},"jetpack_publicize_connections":[],"jetpack_featured_media_url":"https:\/\/i0.wp.com\/zeromagazine.mx\/wp-content\/uploads\/2024\/07\/DSC00888-scaled.jpg?fit=1707%2C2560&ssl=1","jetpack-related-posts":[{"id":49021,"url":"https:\/\/zeromagazine.mx\/index.php\/2021\/06\/28\/esteman-orgulloso-de-su-nuevo-disco-si-volviera-a-nacer-y-de-la-comunidad-lgbttiq\/","url_meta":{"origin":80277,"position":0},"title":"Esteman, Orgulloso de su nuevo disco \u00abSi Volviera a Nacer\u00bb y de la Comunidad LGBTTIQ+","author":"zeromagazinemx","date":"28 de junio de 2021","format":false,"excerpt":"Esteman estrena disco llamado \u201cSi Volviera a Nacer\u201d de la mano de la canci\u00f3n que recibe el mismo nombre en colaboraci\u00f3n con la cantante Mexicana Lila Downs y nos platica sobre el Mes del orgullo LGBTTIQ+ Fot\u00f3grafo:\u00a0Daniel Garc\u00eda\u00a0(@heydaniel_garcia)Styling:\u00a0David Morales (@elpoderosodave)Locacion: Amnes!a\u00a0(@mx.amnesia) POR GABRIELA H. DELGADILLO \u00bfC\u00f3mo empezaste tu carrera en\u2026","rel":"","context":"En \u00abEntrevistas\u00bb","block_context":{"text":"Entrevistas","link":"https:\/\/zeromagazine.mx\/index.php\/category\/entretenimiento\/entrevistas\/"},"img":{"alt_text":"","src":"https:\/\/i0.wp.com\/zeromagazinemx.wpcomstaging.com\/wp-content\/uploads\/2022\/02\/949d2-3-1.jpg-1-683x1024.jpg?resize=350%2C200&ssl=1","width":350,"height":200,"srcset":"https:\/\/i0.wp.com\/zeromagazinemx.wpcomstaging.com\/wp-content\/uploads\/2022\/02\/949d2-3-1.jpg-1-683x1024.jpg?resize=350%2C200&ssl=1 1x, https:\/\/i0.wp.com\/zeromagazinemx.wpcomstaging.com\/wp-content\/uploads\/2022\/02\/949d2-3-1.jpg-1-683x1024.jpg?resize=525%2C300&ssl=1 1.5x"},"classes":[]},{"id":47464,"url":"https:\/\/zeromagazine.mx\/index.php\/2021\/06\/11\/soledad-el-nuevo-bolero-pop-de-nacho-barrientos\/","url_meta":{"origin":80277,"position":1},"title":"Soledad el nuevo bolero pop de Nacho Barrientos","author":"zeromagazinemx","date":"11 de junio de 2021","format":false,"excerpt":"Nacho Barrientos ha estado relacionado con la m\u00fasica desde una temprana edad, a los cuatro a\u00f1os comenz\u00f3 a tomar clases de piano, pero tuvo que alejarse porque cre\u00edan que no era la edad adecuada para incursionar en la m\u00fasica, pero su gran pasi\u00f3n y deseo de seguir aprendido era muy\u2026","rel":"","context":"En \u00abEntretenimiento\u00bb","block_context":{"text":"Entretenimiento","link":"https:\/\/zeromagazine.mx\/index.php\/category\/entretenimiento\/"},"img":{"alt_text":"","src":"https:\/\/i0.wp.com\/img.youtube.com\/vi\/XoLBHXKe2Ks\/0.jpg?resize=350%2C200","width":350,"height":200},"classes":[]},{"id":87631,"url":"https:\/\/zeromagazine.mx\/index.php\/2024\/10\/21\/moda-mexa-futuro-y-vanguardia\/","url_meta":{"origin":80277,"position":2},"title":"Moda Mexa: Futuro y Vanguardia","author":"zeromagazinemx","date":"21 de octubre de 2024","format":false,"excerpt":"Fashionista \u00bfSab\u00edas que la moda mexicana est\u00e1 explotando en otro nivel? O sea, olv\u00eddate de lo que pensabas de Fashion Weeks internacionales porque Mercedes-Benz Fashion Week M\u00e9xico es el nuevo hotspot donde el talento local brilla con todo. Y lo m\u00e1s cool de todo esto es que grandes marcas y\u2026","rel":"","context":"En \u00abModa\u00bb","block_context":{"text":"Moda","link":"https:\/\/zeromagazine.mx\/index.php\/category\/moda\/"},"img":{"alt_text":"","src":"https:\/\/i0.wp.com\/zeromagazine.mx\/wp-content\/uploads\/2024\/10\/SAABDELL-_15A1514--scaled.jpg?fit=1200%2C800&ssl=1&resize=350%2C200","width":350,"height":200,"srcset":"https:\/\/i0.wp.com\/zeromagazine.mx\/wp-content\/uploads\/2024\/10\/SAABDELL-_15A1514--scaled.jpg?fit=1200%2C800&ssl=1&resize=350%2C200 1x, https:\/\/i0.wp.com\/zeromagazine.mx\/wp-content\/uploads\/2024\/10\/SAABDELL-_15A1514--scaled.jpg?fit=1200%2C800&ssl=1&resize=525%2C300 1.5x, https:\/\/i0.wp.com\/zeromagazine.mx\/wp-content\/uploads\/2024\/10\/SAABDELL-_15A1514--scaled.jpg?fit=1200%2C800&ssl=1&resize=700%2C400 2x, https:\/\/i0.wp.com\/zeromagazine.mx\/wp-content\/uploads\/2024\/10\/SAABDELL-_15A1514--scaled.jpg?fit=1200%2C800&ssl=1&resize=1050%2C600 3x"},"classes":[]},{"id":51558,"url":"https:\/\/zeromagazine.mx\/index.php\/2021\/08\/04\/mercedes-benz-fashion-week-mexico\/","url_meta":{"origin":80277,"position":3},"title":"Mercedes-Benz Fashion Week M\u00e9xico","author":"zeromagazinemx","date":"4 de agosto de 2021","format":false,"excerpt":"Mercedes-Benz Fashion Week M\u00e9xico present\u00f3 en Puebla las nuevas colecciones de las creativas mexicanas Montserrat Messeguer, Denisse Kuri y Julia y Renata. Por Mayra Torres La agenda inici\u00f3 con la dise\u00f1adora mexicana Montserrat Messeguer en el Museo de Arte Popular de Puebla con su colecci\u00f3n titulada \u201cRancho Grande\u201d, que retrata\u2026","rel":"","context":"En \u00abLifestyle\u00bb","block_context":{"text":"Lifestyle","link":"https:\/\/zeromagazine.mx\/index.php\/category\/lifestyle\/"},"img":{"alt_text":"","src":"","width":0,"height":0},"classes":[]},{"id":49604,"url":"https:\/\/zeromagazine.mx\/index.php\/2021\/07\/08\/entrevista-a-erick-murias-para-la-obra-de-teatro-el-pagliacho-el-gracioso-de-la-calle-del-relox\/","url_meta":{"origin":80277,"position":4},"title":"Entrevista a Erick Murias para la obra de teatro: \u201cEL PAGLIACHO el gracioso de la calle del relox\u201d","author":"zeromagazinemx","date":"8 de julio de 2021","format":false,"excerpt":"Solo dos funciones: s\u00e1bado 17 y domingo 18 de julio, a las 13:00 horas. En Teatro de la Ciudad Esperanza Iris, Donceles 36, colonia Centro Hist\u00f3rico, cerca del Metro Allende\u00a0 Boletos en l\u00ednea: ticketmaster.com.mx o en la taquilla del recinto Autor\u00eda: Erick Murias, Direcci\u00f3n: Ra\u00fal Zamora, Dramaturgia: Fernando Hondall,\u00a0M\u00fasica Original:\u2026","rel":"","context":"En \u00abEntretenimiento\u00bb","block_context":{"text":"Entretenimiento","link":"https:\/\/zeromagazine.mx\/index.php\/category\/entretenimiento\/"},"img":{"alt_text":"","src":"","width":0,"height":0},"classes":[]},{"id":55638,"url":"https:\/\/zeromagazine.mx\/index.php\/2021\/10\/08\/mexico-y-mercedes-benz-fashion-week-celebran-15-anos-juntos\/","url_meta":{"origin":80277,"position":5},"title":"M\u00e9xico y Mercedes &#8211; Benz Fashion Week celebran 15 a\u00f1os juntos","author":"zeromagazinemx","date":"8 de octubre de 2021","format":false,"excerpt":"M\u00e9xico ha sido uno de los lugares donde se encuentra una de las sedes m\u00e1s importantes para la moda de la alta costura como lo es, Mercedes \u2013 Benz Fashion Week y en esta 30\u00aa edici\u00f3n podremos contar con desfiles protagonizados por los dise\u00f1adores m\u00e1s emblem\u00e1ticos como Vero D\u00edaz, Collectiva\u2026","rel":"","context":"En \u00abLifestyle\u00bb","block_context":{"text":"Lifestyle","link":"https:\/\/zeromagazine.mx\/index.php\/category\/lifestyle\/"},"img":{"alt_text":"","src":"https:\/\/i0.wp.com\/zeromagazinemx.wpcomstaging.com\/wp-content\/uploads\/2022\/02\/4c072-benz-fashion.jpg?resize=350%2C200&ssl=1","width":350,"height":200,"srcset":"https:\/\/i0.wp.com\/zeromagazinemx.wpcomstaging.com\/wp-content\/uploads\/2022\/02\/4c072-benz-fashion.jpg?resize=350%2C200&ssl=1 1x, https:\/\/i0.wp.com\/zeromagazinemx.wpcomstaging.com\/wp-content\/uploads\/2022\/02\/4c072-benz-fashion.jpg?resize=525%2C300&ssl=1 1.5x, https:\/\/i0.wp.com\/zeromagazinemx.wpcomstaging.com\/wp-content\/uploads\/2022\/02\/4c072-benz-fashion.jpg?resize=700%2C400&ssl=1 2x"},"classes":[]}],"jetpack_sharing_enabled":true,"builder_content":"","_links":{"self":[{"href":"https:\/\/zeromagazine.mx\/index.php\/wp-json\/wp\/v2\/posts\/80277","targetHints":{"allow":["GET"]}}],"collection":[{"href":"https:\/\/zeromagazine.mx\/index.php\/wp-json\/wp\/v2\/posts"}],"about":[{"href":"https:\/\/zeromagazine.mx\/index.php\/wp-json\/wp\/v2\/types\/post"}],"author":[{"embeddable":true,"href":"https:\/\/zeromagazine.mx\/index.php\/wp-json\/wp\/v2\/users\/2"}],"replies":[{"embeddable":true,"href":"https:\/\/zeromagazine.mx\/index.php\/wp-json\/wp\/v2\/comments?post=80277"}],"version-history":[{"count":2,"href":"https:\/\/zeromagazine.mx\/index.php\/wp-json\/wp\/v2\/posts\/80277\/revisions"}],"predecessor-version":[{"id":80280,"href":"https:\/\/zeromagazine.mx\/index.php\/wp-json\/wp\/v2\/posts\/80277\/revisions\/80280"}],"wp:featuredmedia":[{"embeddable":true,"href":"https:\/\/zeromagazine.mx\/index.php\/wp-json\/wp\/v2\/media\/80278"}],"wp:attachment":[{"href":"https:\/\/zeromagazine.mx\/index.php\/wp-json\/wp\/v2\/media?parent=80277"}],"wp:term":[{"taxonomy":"category","embeddable":true,"href":"https:\/\/zeromagazine.mx\/index.php\/wp-json\/wp\/v2\/categories?post=80277"},{"taxonomy":"post_tag","embeddable":true,"href":"https:\/\/zeromagazine.mx\/index.php\/wp-json\/wp\/v2\/tags?post=80277"}],"curies":[{"name":"wp","href":"https:\/\/api.w.org\/{rel}","templated":true}]}}