{"id":80794,"date":"2024-07-25T23:38:44","date_gmt":"2024-07-25T21:38:44","guid":{"rendered":"https:\/\/zeromagazine.mx\/?p=80794"},"modified":"2024-07-25T23:38:45","modified_gmt":"2024-07-25T21:38:45","slug":"revive-el-estilo-con-persol","status":"publish","type":"post","link":"https:\/\/zeromagazine.mx\/index.php\/2024\/07\/25\/revive-el-estilo-con-persol\/","title":{"rendered":"\u00abRevive el Estilo con Persol\u00bb"},"content":{"rendered":"<!--themify_builder_content-->\n<div id=\"themify_builder_content-80794\" data-postid=\"80794\" class=\"themify_builder_content themify_builder_content-80794 themify_builder tf_clear\">\n    <\/div>\n<!--\/themify_builder_content-->\n\n\n<p>\u00bfTe imaginas unas gafas de sol que combinen el vibe vintage con un toque moderno &nbsp;cool? Pues Persol lo ha hecho de nuevo, llevando su ic\u00f3nica l\u00ednea de gafas 649 a otro nivel.<\/p>\n\n\n\n<p>\u00a1Las 649 est\u00e1n de vuelta, pero en metal! S\u00ed, le\u00edste bien. Persol ha lanzado una versi\u00f3n vanguardista con una silueta completamente met\u00e1lica, estas gafas no solo se ven robustas y resistentes, sino que tambi\u00e9n son elegantes y fluidas. Imag\u00ednate esos detalles finos, desde la l\u00ednea de las cejas hasta los tornillos, todo perfectamente dise\u00f1ado para darte un look moderno pero con ese toque cl\u00e1sico.<\/p>\n\n\n\n<figure class=\"wp-block-image size-large\"><img data-recalc-dims=\"1\" decoding=\"async\" width=\"1024\" height=\"768\" src=\"https:\/\/i0.wp.com\/zeromagazine.mx\/wp-content\/uploads\/2024\/07\/19775-2178-1024x768.jpg?resize=1024%2C768&#038;ssl=1\" alt=\"\" class=\"wp-image-80798\" srcset=\"https:\/\/i0.wp.com\/zeromagazine.mx\/wp-content\/uploads\/2024\/07\/19775-2178-scaled.jpg?resize=1024%2C768&amp;ssl=1 1024w, https:\/\/i0.wp.com\/zeromagazine.mx\/wp-content\/uploads\/2024\/07\/19775-2178-scaled.jpg?resize=300%2C225&amp;ssl=1 300w, https:\/\/i0.wp.com\/zeromagazine.mx\/wp-content\/uploads\/2024\/07\/19775-2178-scaled.jpg?resize=768%2C576&amp;ssl=1 768w, https:\/\/i0.wp.com\/zeromagazine.mx\/wp-content\/uploads\/2024\/07\/19775-2178-scaled.jpg?resize=1536%2C1152&amp;ssl=1 1536w, https:\/\/i0.wp.com\/zeromagazine.mx\/wp-content\/uploads\/2024\/07\/19775-2178-scaled.jpg?resize=2048%2C1536&amp;ssl=1 2048w, https:\/\/i0.wp.com\/zeromagazine.mx\/wp-content\/uploads\/2024\/07\/19775-2178-scaled.jpg?w=2330 2330w\" sizes=\"(max-width: 1024px) 100vw, 1024px\" \/><\/figure>\n\n\n\n<script async src=\"https:\/\/pagead2.googlesyndication.com\/pagead\/js\/adsbygoogle.js?client=ca-pub-5499304793904745\"\n     crossorigin=\"anonymous\"><\/script>\n<ins class=\"adsbygoogle\"\n     style=\"display:block; text-align:center;\"\n     data-ad-layout=\"in-article\"\n     data-ad-format=\"fluid\"\n     data-ad-client=\"ca-pub-5499304793904745\"\n     data-ad-slot=\"5994863093\"><\/ins>\n<script>\n     (adsbygoogle = window.adsbygoogle || []).push({});\n<\/script>\n\n\n\n<p>Te cuento que las gafas 649 saltaron a la fama internacional en 1961 cuando el legendario actor Marcello Mastroianni las us\u00f3 en la pel\u00edcula \u00abDivorcio a la Italiana\u00bb. Desde entonces, se han convertido en un s\u00edmbolo de estilo y sofisticaci\u00f3n, adoptadas por numerosas celebridades y personas influyentes a lo largo de los a\u00f1os.Actualmente, la marca cuenta con\u00a0\u00a0tres nuevas combinaciones de colores para las 649 originales. \u00bfTe gusta el negro con azul polarizado? \u00bfO prefieres algo m\u00e1s edgy como gris ahumado semitransparente y azul? \u00bfQuiz\u00e1s champ\u00e1n semitransparente con gris oscuro? Originalmente, fueron dise\u00f1adas para los conductores de tranv\u00eda de Tur\u00edn, quienes necesitaban gafas que los protegieran del polvo y el sol mientras trabajaban. Su dise\u00f1o inclu\u00eda una lente amplia para mayor cobertura y una estructura robusta para durabilidad, caracter\u00edsticas que las hicieron extremadamente populares no solo entre los trabajadores, sino tambi\u00e9n entre los entusiastas de la moda.<\/p>\n\n\n\n<figure class=\"wp-block-image size-full\"><img data-recalc-dims=\"1\" decoding=\"async\" width=\"1165\" height=\"1746\" src=\"https:\/\/i0.wp.com\/zeromagazine.mx\/wp-content\/uploads\/2024\/07\/19775-2189.jpg?resize=1165%2C1746&#038;ssl=1\" alt=\"\" class=\"wp-image-80805\" srcset=\"https:\/\/i0.wp.com\/zeromagazine.mx\/wp-content\/uploads\/2024\/07\/19775-2189.jpg?w=1441&amp;ssl=1 1441w, https:\/\/i0.wp.com\/zeromagazine.mx\/wp-content\/uploads\/2024\/07\/19775-2189.jpg?resize=200%2C300&amp;ssl=1 200w, https:\/\/i0.wp.com\/zeromagazine.mx\/wp-content\/uploads\/2024\/07\/19775-2189.jpg?resize=683%2C1024&amp;ssl=1 683w, https:\/\/i0.wp.com\/zeromagazine.mx\/wp-content\/uploads\/2024\/07\/19775-2189.jpg?resize=768%2C1151&amp;ssl=1 768w, https:\/\/i0.wp.com\/zeromagazine.mx\/wp-content\/uploads\/2024\/07\/19775-2189.jpg?resize=1025%2C1536&amp;ssl=1 1025w, https:\/\/i0.wp.com\/zeromagazine.mx\/wp-content\/uploads\/2024\/07\/19775-2189.jpg?resize=1366%2C2048&amp;ssl=1 1366w\" sizes=\"(max-width: 1165px) 100vw, 1165px\" \/><\/figure>\n\n\n\n<script async src=\"https:\/\/pagead2.googlesyndication.com\/pagead\/js\/adsbygoogle.js?client=ca-pub-5499304793904745\"\n     crossorigin=\"anonymous\"><\/script>\n<ins class=\"adsbygoogle\"\n     style=\"display:block; text-align:center;\"\n     data-ad-layout=\"in-article\"\n     data-ad-format=\"fluid\"\n     data-ad-client=\"ca-pub-5499304793904745\"\n     data-ad-slot=\"5994863093\"><\/ins>\n<script>\n     (adsbygoogle = window.adsbygoogle || []).push({});\n<\/script>\n\n\n\n<p>Actualmente la marca cuenta con\u00a0 tres nuevas combinaciones de colores para las 649 originales. \u00bfTe gusta el negro con azul polarizado? \u00bfO prefieres algo m\u00e1s edgy como gris ahumado semitransparente y azul? \u00bfQuiz\u00e1s champ\u00e1n semitransparente con gris oscuro? Hay un color para cada mood y outfit.  Est\u00e1n hechas en Italia, y cada par es una obra de arte, realizada por artesanos detr\u00e1s de estas gafas ponen todo su amor y dedicaci\u00f3n en cada detalle, hendidura, tornillos , est\u00e1 meticulosamente colocado para asegurar que tienes un producto de alta calidad que durar\u00e1 a\u00f1os.<\/p>\n\n\n\n<p>Para\u00a0\u00a0estar al tanto de todas las novedades, sigue a Persol en @persol y visita su sitio web persol.com. Ah\u00ed encontrar\u00e1s todas las nuevas campa\u00f1as y lanzamientos. No te pierdas la oportunidad de ser uno de los primeros en rockear estas nuevas gafas.As\u00ed que, \u00bfa qu\u00e9 esperas? Corre a persol.com y consigue tu par antes de que se agoten. Y no olvides seguir a @persol en Instagram para estar al d\u00eda con todas las novedades. \u00a1Nos vemos con nuestras 649 puestas y listas para conquistar el mundo!<\/p>","protected":false},"excerpt":{"rendered":"<p>\u00bfTe imaginas unas gafas de sol que combinen el vibe vintage con un toque moderno &nbsp;cool? Pues Persol lo ha hecho de nuevo, llevando su ic\u00f3nica l\u00ednea de gafas 649 a otro nivel. \u00a1Las 649 est\u00e1n de vuelta, pero en metal! S\u00ed, le\u00edste bien. Persol ha lanzado una versi\u00f3n vanguardista con una silueta completamente met\u00e1lica, [&hellip;]<\/p>\n","protected":false},"author":2,"featured_media":80798,"comment_status":"open","ping_status":"open","sticky":false,"template":"","format":"standard","meta":{"_jetpack_memberships_contains_paid_content":false,"footnotes":"","jetpack_publicize_message":"","jetpack_publicize_feature_enabled":true,"jetpack_social_post_already_shared":true,"jetpack_social_options":{"image_generator_settings":{"template":"highway","default_image_id":0,"font":"","enabled":false},"version":2}},"categories":[67],"tags":[9382,9383,9384],"class_list":["post-80794","post","type-post","status-publish","format-standard","has-post-thumbnail","hentry","category-moda","tag-gafas-de-sol-iconicas","tag-moda-vintage","tag-tendencias-en-gafas-de-sol","has-post-title","has-post-date","has-post-category","has-post-tag","has-post-comment","has-post-author",""],"yoast_head":"<!-- This site is optimized with the Yoast SEO plugin v27.4 - https:\/\/yoast.com\/product\/yoast-seo-wordpress\/ -->\n<title>&quot;Revive el Estilo con Persol&quot; - Zero Magazine<\/title>\n<meta name=\"robots\" content=\"index, follow, max-snippet:-1, max-image-preview:large, max-video-preview:-1\" \/>\n<link rel=\"canonical\" href=\"https:\/\/zeromagazine.mx\/index.php\/2024\/07\/25\/revive-el-estilo-con-persol\/\" \/>\n<meta property=\"og:locale\" content=\"es_ES\" \/>\n<meta property=\"og:type\" content=\"article\" \/>\n<meta property=\"og:title\" content=\"&quot;Revive el Estilo con Persol&quot; - Zero Magazine\" \/>\n<meta property=\"og:description\" content=\"\u00bfTe imaginas unas gafas de sol que combinen el vibe vintage con un toque moderno &nbsp;cool? Pues Persol lo ha hecho de nuevo, llevando su ic\u00f3nica l\u00ednea de gafas 649 a otro nivel. \u00a1Las 649 est\u00e1n de vuelta, pero en metal! S\u00ed, le\u00edste bien. Persol ha lanzado una versi\u00f3n vanguardista con una silueta completamente met\u00e1lica, [&hellip;]\" \/>\n<meta property=\"og:url\" content=\"https:\/\/zeromagazine.mx\/index.php\/2024\/07\/25\/revive-el-estilo-con-persol\/\" \/>\n<meta property=\"og:site_name\" content=\"Zero Magazine\" \/>\n<meta property=\"article:published_time\" content=\"2024-07-25T21:38:44+00:00\" \/>\n<meta property=\"article:modified_time\" content=\"2024-07-25T21:38:45+00:00\" \/>\n<meta property=\"og:image\" content=\"https:\/\/i0.wp.com\/zeromagazine.mx\/wp-content\/uploads\/2024\/07\/19775-2178-scaled.jpg?fit=2560%2C1919&ssl=1\" \/>\n\t<meta property=\"og:image:width\" content=\"2560\" \/>\n\t<meta property=\"og:image:height\" content=\"1919\" \/>\n\t<meta property=\"og:image:type\" content=\"image\/jpeg\" \/>\n<meta name=\"author\" content=\"zeromagazinemx\" \/>\n<meta name=\"twitter:card\" content=\"summary_large_image\" \/>\n<meta name=\"twitter:label1\" content=\"Escrito por\" \/>\n\t<meta name=\"twitter:data1\" content=\"zeromagazinemx\" \/>\n\t<meta name=\"twitter:label2\" content=\"Tiempo de lectura\" \/>\n\t<meta name=\"twitter:data2\" content=\"2 minutos\" \/>\n<script type=\"application\/ld+json\" class=\"yoast-schema-graph\">{\"@context\":\"https:\\\/\\\/schema.org\",\"@graph\":[{\"@type\":\"Article\",\"@id\":\"https:\\\/\\\/zeromagazine.mx\\\/index.php\\\/2024\\\/07\\\/25\\\/revive-el-estilo-con-persol\\\/#article\",\"isPartOf\":{\"@id\":\"https:\\\/\\\/zeromagazine.mx\\\/index.php\\\/2024\\\/07\\\/25\\\/revive-el-estilo-con-persol\\\/\"},\"author\":{\"name\":\"zeromagazinemx\",\"@id\":\"https:\\\/\\\/zeromagazine.mx\\\/#\\\/schema\\\/person\\\/9aed9f33a7c39af3a348b86d723f7773\"},\"headline\":\"\u00abRevive el Estilo con Persol\u00bb\",\"datePublished\":\"2024-07-25T21:38:44+00:00\",\"dateModified\":\"2024-07-25T21:38:45+00:00\",\"mainEntityOfPage\":{\"@id\":\"https:\\\/\\\/zeromagazine.mx\\\/index.php\\\/2024\\\/07\\\/25\\\/revive-el-estilo-con-persol\\\/\"},\"wordCount\":460,\"commentCount\":0,\"publisher\":{\"@id\":\"https:\\\/\\\/zeromagazine.mx\\\/#organization\"},\"image\":{\"@id\":\"https:\\\/\\\/zeromagazine.mx\\\/index.php\\\/2024\\\/07\\\/25\\\/revive-el-estilo-con-persol\\\/#primaryimage\"},\"thumbnailUrl\":\"https:\\\/\\\/i0.wp.com\\\/zeromagazine.mx\\\/wp-content\\\/uploads\\\/2024\\\/07\\\/19775-2178-scaled.jpg?fit=2560%2C1919&ssl=1\",\"keywords\":[\"Gafas de sol ic\u00f3nicas\",\"Moda vintage\",\"Tendencias en gafas de sol\"],\"articleSection\":[\"Moda\"],\"inLanguage\":\"es\",\"potentialAction\":[{\"@type\":\"CommentAction\",\"name\":\"Comment\",\"target\":[\"https:\\\/\\\/zeromagazine.mx\\\/index.php\\\/2024\\\/07\\\/25\\\/revive-el-estilo-con-persol\\\/#respond\"]}]},{\"@type\":\"WebPage\",\"@id\":\"https:\\\/\\\/zeromagazine.mx\\\/index.php\\\/2024\\\/07\\\/25\\\/revive-el-estilo-con-persol\\\/\",\"url\":\"https:\\\/\\\/zeromagazine.mx\\\/index.php\\\/2024\\\/07\\\/25\\\/revive-el-estilo-con-persol\\\/\",\"name\":\"\\\"Revive el Estilo con Persol\\\" - Zero Magazine\",\"isPartOf\":{\"@id\":\"https:\\\/\\\/zeromagazine.mx\\\/#website\"},\"primaryImageOfPage\":{\"@id\":\"https:\\\/\\\/zeromagazine.mx\\\/index.php\\\/2024\\\/07\\\/25\\\/revive-el-estilo-con-persol\\\/#primaryimage\"},\"image\":{\"@id\":\"https:\\\/\\\/zeromagazine.mx\\\/index.php\\\/2024\\\/07\\\/25\\\/revive-el-estilo-con-persol\\\/#primaryimage\"},\"thumbnailUrl\":\"https:\\\/\\\/i0.wp.com\\\/zeromagazine.mx\\\/wp-content\\\/uploads\\\/2024\\\/07\\\/19775-2178-scaled.jpg?fit=2560%2C1919&ssl=1\",\"datePublished\":\"2024-07-25T21:38:44+00:00\",\"dateModified\":\"2024-07-25T21:38:45+00:00\",\"breadcrumb\":{\"@id\":\"https:\\\/\\\/zeromagazine.mx\\\/index.php\\\/2024\\\/07\\\/25\\\/revive-el-estilo-con-persol\\\/#breadcrumb\"},\"inLanguage\":\"es\",\"potentialAction\":[{\"@type\":\"ReadAction\",\"target\":[\"https:\\\/\\\/zeromagazine.mx\\\/index.php\\\/2024\\\/07\\\/25\\\/revive-el-estilo-con-persol\\\/\"]}]},{\"@type\":\"ImageObject\",\"inLanguage\":\"es\",\"@id\":\"https:\\\/\\\/zeromagazine.mx\\\/index.php\\\/2024\\\/07\\\/25\\\/revive-el-estilo-con-persol\\\/#primaryimage\",\"url\":\"https:\\\/\\\/i0.wp.com\\\/zeromagazine.mx\\\/wp-content\\\/uploads\\\/2024\\\/07\\\/19775-2178-scaled.jpg?fit=2560%2C1919&ssl=1\",\"contentUrl\":\"https:\\\/\\\/i0.wp.com\\\/zeromagazine.mx\\\/wp-content\\\/uploads\\\/2024\\\/07\\\/19775-2178-scaled.jpg?fit=2560%2C1919&ssl=1\",\"width\":2560,\"height\":1919},{\"@type\":\"BreadcrumbList\",\"@id\":\"https:\\\/\\\/zeromagazine.mx\\\/index.php\\\/2024\\\/07\\\/25\\\/revive-el-estilo-con-persol\\\/#breadcrumb\",\"itemListElement\":[{\"@type\":\"ListItem\",\"position\":1,\"name\":\"Portada\",\"item\":\"https:\\\/\\\/zeromagazine.mx\\\/\"},{\"@type\":\"ListItem\",\"position\":2,\"name\":\"\u00abRevive el Estilo con Persol\u00bb\"}]},{\"@type\":\"WebSite\",\"@id\":\"https:\\\/\\\/zeromagazine.mx\\\/#website\",\"url\":\"https:\\\/\\\/zeromagazine.mx\\\/\",\"name\":\"Zero Magazine\",\"description\":\"\",\"publisher\":{\"@id\":\"https:\\\/\\\/zeromagazine.mx\\\/#organization\"},\"potentialAction\":[{\"@type\":\"SearchAction\",\"target\":{\"@type\":\"EntryPoint\",\"urlTemplate\":\"https:\\\/\\\/zeromagazine.mx\\\/?s={search_term_string}\"},\"query-input\":{\"@type\":\"PropertyValueSpecification\",\"valueRequired\":true,\"valueName\":\"search_term_string\"}}],\"inLanguage\":\"es\"},{\"@type\":\"Organization\",\"@id\":\"https:\\\/\\\/zeromagazine.mx\\\/#organization\",\"name\":\"Zero Magazine\",\"url\":\"https:\\\/\\\/zeromagazine.mx\\\/\",\"logo\":{\"@type\":\"ImageObject\",\"inLanguage\":\"es\",\"@id\":\"https:\\\/\\\/zeromagazine.mx\\\/#\\\/schema\\\/logo\\\/image\\\/\",\"url\":\"https:\\\/\\\/i0.wp.com\\\/zeromagazine.mx\\\/wp-content\\\/uploads\\\/2025\\\/11\\\/1.jpeg?fit=1000%2C1000&ssl=1\",\"contentUrl\":\"https:\\\/\\\/i0.wp.com\\\/zeromagazine.mx\\\/wp-content\\\/uploads\\\/2025\\\/11\\\/1.jpeg?fit=1000%2C1000&ssl=1\",\"width\":1000,\"height\":1000,\"caption\":\"Zero Magazine\"},\"image\":{\"@id\":\"https:\\\/\\\/zeromagazine.mx\\\/#\\\/schema\\\/logo\\\/image\\\/\"},\"sameAs\":[\"https:\\\/\\\/instagram.com\\\/zeromagazinemx\"]},{\"@type\":\"Person\",\"@id\":\"https:\\\/\\\/zeromagazine.mx\\\/#\\\/schema\\\/person\\\/9aed9f33a7c39af3a348b86d723f7773\",\"name\":\"zeromagazinemx\",\"image\":{\"@type\":\"ImageObject\",\"inLanguage\":\"es\",\"@id\":\"https:\\\/\\\/zeromagazine.mx\\\/wp-content\\\/litespeed\\\/avatar\\\/f91dfe5410d5dcb1a576bf8c45983896.jpg?ver=1776966396\",\"url\":\"https:\\\/\\\/zeromagazine.mx\\\/wp-content\\\/litespeed\\\/avatar\\\/f91dfe5410d5dcb1a576bf8c45983896.jpg?ver=1776966396\",\"contentUrl\":\"https:\\\/\\\/zeromagazine.mx\\\/wp-content\\\/litespeed\\\/avatar\\\/f91dfe5410d5dcb1a576bf8c45983896.jpg?ver=1776966396\",\"caption\":\"zeromagazinemx\"},\"url\":\"https:\\\/\\\/zeromagazine.mx\\\/index.php\\\/author\\\/zeromagazinemx\\\/\"}]}<\/script>\n<!-- \/ Yoast SEO plugin. -->","yoast_head_json":{"title":"\"Revive el Estilo con Persol\" - Zero Magazine","robots":{"index":"index","follow":"follow","max-snippet":"max-snippet:-1","max-image-preview":"max-image-preview:large","max-video-preview":"max-video-preview:-1"},"canonical":"https:\/\/zeromagazine.mx\/index.php\/2024\/07\/25\/revive-el-estilo-con-persol\/","og_locale":"es_ES","og_type":"article","og_title":"\"Revive el Estilo con Persol\" - Zero Magazine","og_description":"\u00bfTe imaginas unas gafas de sol que combinen el vibe vintage con un toque moderno &nbsp;cool? Pues Persol lo ha hecho de nuevo, llevando su ic\u00f3nica l\u00ednea de gafas 649 a otro nivel. \u00a1Las 649 est\u00e1n de vuelta, pero en metal! S\u00ed, le\u00edste bien. Persol ha lanzado una versi\u00f3n vanguardista con una silueta completamente met\u00e1lica, [&hellip;]","og_url":"https:\/\/zeromagazine.mx\/index.php\/2024\/07\/25\/revive-el-estilo-con-persol\/","og_site_name":"Zero Magazine","article_published_time":"2024-07-25T21:38:44+00:00","article_modified_time":"2024-07-25T21:38:45+00:00","og_image":[{"width":2560,"height":1919,"url":"https:\/\/i0.wp.com\/zeromagazine.mx\/wp-content\/uploads\/2024\/07\/19775-2178-scaled.jpg?fit=2560%2C1919&ssl=1","type":"image\/jpeg"}],"author":"zeromagazinemx","twitter_card":"summary_large_image","twitter_misc":{"Escrito por":"zeromagazinemx","Tiempo de lectura":"2 minutos"},"schema":{"@context":"https:\/\/schema.org","@graph":[{"@type":"Article","@id":"https:\/\/zeromagazine.mx\/index.php\/2024\/07\/25\/revive-el-estilo-con-persol\/#article","isPartOf":{"@id":"https:\/\/zeromagazine.mx\/index.php\/2024\/07\/25\/revive-el-estilo-con-persol\/"},"author":{"name":"zeromagazinemx","@id":"https:\/\/zeromagazine.mx\/#\/schema\/person\/9aed9f33a7c39af3a348b86d723f7773"},"headline":"\u00abRevive el Estilo con Persol\u00bb","datePublished":"2024-07-25T21:38:44+00:00","dateModified":"2024-07-25T21:38:45+00:00","mainEntityOfPage":{"@id":"https:\/\/zeromagazine.mx\/index.php\/2024\/07\/25\/revive-el-estilo-con-persol\/"},"wordCount":460,"commentCount":0,"publisher":{"@id":"https:\/\/zeromagazine.mx\/#organization"},"image":{"@id":"https:\/\/zeromagazine.mx\/index.php\/2024\/07\/25\/revive-el-estilo-con-persol\/#primaryimage"},"thumbnailUrl":"https:\/\/i0.wp.com\/zeromagazine.mx\/wp-content\/uploads\/2024\/07\/19775-2178-scaled.jpg?fit=2560%2C1919&ssl=1","keywords":["Gafas de sol ic\u00f3nicas","Moda vintage","Tendencias en gafas de sol"],"articleSection":["Moda"],"inLanguage":"es","potentialAction":[{"@type":"CommentAction","name":"Comment","target":["https:\/\/zeromagazine.mx\/index.php\/2024\/07\/25\/revive-el-estilo-con-persol\/#respond"]}]},{"@type":"WebPage","@id":"https:\/\/zeromagazine.mx\/index.php\/2024\/07\/25\/revive-el-estilo-con-persol\/","url":"https:\/\/zeromagazine.mx\/index.php\/2024\/07\/25\/revive-el-estilo-con-persol\/","name":"\"Revive el Estilo con Persol\" - Zero Magazine","isPartOf":{"@id":"https:\/\/zeromagazine.mx\/#website"},"primaryImageOfPage":{"@id":"https:\/\/zeromagazine.mx\/index.php\/2024\/07\/25\/revive-el-estilo-con-persol\/#primaryimage"},"image":{"@id":"https:\/\/zeromagazine.mx\/index.php\/2024\/07\/25\/revive-el-estilo-con-persol\/#primaryimage"},"thumbnailUrl":"https:\/\/i0.wp.com\/zeromagazine.mx\/wp-content\/uploads\/2024\/07\/19775-2178-scaled.jpg?fit=2560%2C1919&ssl=1","datePublished":"2024-07-25T21:38:44+00:00","dateModified":"2024-07-25T21:38:45+00:00","breadcrumb":{"@id":"https:\/\/zeromagazine.mx\/index.php\/2024\/07\/25\/revive-el-estilo-con-persol\/#breadcrumb"},"inLanguage":"es","potentialAction":[{"@type":"ReadAction","target":["https:\/\/zeromagazine.mx\/index.php\/2024\/07\/25\/revive-el-estilo-con-persol\/"]}]},{"@type":"ImageObject","inLanguage":"es","@id":"https:\/\/zeromagazine.mx\/index.php\/2024\/07\/25\/revive-el-estilo-con-persol\/#primaryimage","url":"https:\/\/i0.wp.com\/zeromagazine.mx\/wp-content\/uploads\/2024\/07\/19775-2178-scaled.jpg?fit=2560%2C1919&ssl=1","contentUrl":"https:\/\/i0.wp.com\/zeromagazine.mx\/wp-content\/uploads\/2024\/07\/19775-2178-scaled.jpg?fit=2560%2C1919&ssl=1","width":2560,"height":1919},{"@type":"BreadcrumbList","@id":"https:\/\/zeromagazine.mx\/index.php\/2024\/07\/25\/revive-el-estilo-con-persol\/#breadcrumb","itemListElement":[{"@type":"ListItem","position":1,"name":"Portada","item":"https:\/\/zeromagazine.mx\/"},{"@type":"ListItem","position":2,"name":"\u00abRevive el Estilo con Persol\u00bb"}]},{"@type":"WebSite","@id":"https:\/\/zeromagazine.mx\/#website","url":"https:\/\/zeromagazine.mx\/","name":"Zero Magazine","description":"","publisher":{"@id":"https:\/\/zeromagazine.mx\/#organization"},"potentialAction":[{"@type":"SearchAction","target":{"@type":"EntryPoint","urlTemplate":"https:\/\/zeromagazine.mx\/?s={search_term_string}"},"query-input":{"@type":"PropertyValueSpecification","valueRequired":true,"valueName":"search_term_string"}}],"inLanguage":"es"},{"@type":"Organization","@id":"https:\/\/zeromagazine.mx\/#organization","name":"Zero Magazine","url":"https:\/\/zeromagazine.mx\/","logo":{"@type":"ImageObject","inLanguage":"es","@id":"https:\/\/zeromagazine.mx\/#\/schema\/logo\/image\/","url":"https:\/\/i0.wp.com\/zeromagazine.mx\/wp-content\/uploads\/2025\/11\/1.jpeg?fit=1000%2C1000&ssl=1","contentUrl":"https:\/\/i0.wp.com\/zeromagazine.mx\/wp-content\/uploads\/2025\/11\/1.jpeg?fit=1000%2C1000&ssl=1","width":1000,"height":1000,"caption":"Zero Magazine"},"image":{"@id":"https:\/\/zeromagazine.mx\/#\/schema\/logo\/image\/"},"sameAs":["https:\/\/instagram.com\/zeromagazinemx"]},{"@type":"Person","@id":"https:\/\/zeromagazine.mx\/#\/schema\/person\/9aed9f33a7c39af3a348b86d723f7773","name":"zeromagazinemx","image":{"@type":"ImageObject","inLanguage":"es","@id":"https:\/\/zeromagazine.mx\/wp-content\/litespeed\/avatar\/f91dfe5410d5dcb1a576bf8c45983896.jpg?ver=1776966396","url":"https:\/\/zeromagazine.mx\/wp-content\/litespeed\/avatar\/f91dfe5410d5dcb1a576bf8c45983896.jpg?ver=1776966396","contentUrl":"https:\/\/zeromagazine.mx\/wp-content\/litespeed\/avatar\/f91dfe5410d5dcb1a576bf8c45983896.jpg?ver=1776966396","caption":"zeromagazinemx"},"url":"https:\/\/zeromagazine.mx\/index.php\/author\/zeromagazinemx\/"}]}},"jetpack_publicize_connections":[],"jetpack_featured_media_url":"https:\/\/i0.wp.com\/zeromagazine.mx\/wp-content\/uploads\/2024\/07\/19775-2178-scaled.jpg?fit=2560%2C1919&ssl=1","jetpack-related-posts":[{"id":117664,"url":"https:\/\/zeromagazine.mx\/index.php\/2026\/04\/01\/gafas-dolce-gabbana-devotion-ss26\/","url_meta":{"origin":80794,"position":0},"title":"Dolce &amp; Gabbana gafas DEVOTION","author":"Luis Trujano","date":"1 de abril de 2026","format":false,"excerpt":"Si hay algo que esta temporada dej\u00f3 clar\u00edsimo, es que los accesorios ya no son un extra\u2026 son el look completo. Y s\u00ed, las gafas Dolce Gabbana lo acaban de confirmar con su nueva colecci\u00f3n DEVOTION SS26, una propuesta que mezcla drama, romance y ese vibe italiano que siempre se\u2026","rel":"","context":"En \u00abModa\u00bb","block_context":{"text":"Moda","link":"https:\/\/zeromagazine.mx\/index.php\/category\/moda\/"},"img":{"alt_text":"","src":"https:\/\/i0.wp.com\/zeromagazine.mx\/wp-content\/uploads\/2026\/04\/IMG_6604.jpeg?fit=520%2C260&ssl=1&resize=350%2C200","width":350,"height":200},"classes":[]},{"id":80224,"url":"https:\/\/zeromagazine.mx\/index.php\/2024\/07\/11\/eleva-tu-look-de-verano\/","url_meta":{"origin":80794,"position":1},"title":"Eleva tu Look de Verano","author":"zeromagazinemx","date":"11 de julio de 2024","format":false,"excerpt":"Ya estamos en pleno verano y si algo necesitamos para elevar nuestro estilo bajo el sol, son unas gafas de sol chidas. Sunglass Hut tiene justo lo que necesitamos para mantenernos ic\u00f3nicos. Ya sea que busques algo atrevido o algo m\u00e1s cl\u00e1sico, estas gafas no solo te har\u00e1n ver bien,\u2026","rel":"","context":"En \u00abModa\u00bb","block_context":{"text":"Moda","link":"https:\/\/zeromagazine.mx\/index.php\/category\/moda\/"},"img":{"alt_text":"","src":"https:\/\/i0.wp.com\/zeromagazine.mx\/wp-content\/uploads\/2024\/07\/Trend-Essential-PO1018S-scaled.jpg?fit=1200%2C801&ssl=1&resize=350%2C200","width":350,"height":200,"srcset":"https:\/\/i0.wp.com\/zeromagazine.mx\/wp-content\/uploads\/2024\/07\/Trend-Essential-PO1018S-scaled.jpg?fit=1200%2C801&ssl=1&resize=350%2C200 1x, https:\/\/i0.wp.com\/zeromagazine.mx\/wp-content\/uploads\/2024\/07\/Trend-Essential-PO1018S-scaled.jpg?fit=1200%2C801&ssl=1&resize=525%2C300 1.5x, https:\/\/i0.wp.com\/zeromagazine.mx\/wp-content\/uploads\/2024\/07\/Trend-Essential-PO1018S-scaled.jpg?fit=1200%2C801&ssl=1&resize=700%2C400 2x, https:\/\/i0.wp.com\/zeromagazine.mx\/wp-content\/uploads\/2024\/07\/Trend-Essential-PO1018S-scaled.jpg?fit=1200%2C801&ssl=1&resize=1050%2C600 3x"},"classes":[]},{"id":86948,"url":"https:\/\/zeromagazine.mx\/index.php\/2024\/10\/15\/lentes-que-iluminan-tu-vida\/","url_meta":{"origin":80794,"position":2},"title":"\u201cLentes que Iluminan Tu Vida\u201d","author":"zeromagazinemx","date":"15 de octubre de 2024","format":false,"excerpt":"\u00a1Hola, amigos! Si hay algo que nos encanta en esta era de la diversi\u00f3n y la autoexpresi\u00f3n, es una buena colaboraci\u00f3n. Y cuando se trata de Hawkers y la ic\u00f3nica marca Smiley\u00ae, podemos decir que esta collab es un match hecho en el cielo. As\u00ed que prep\u00e1rense, porque esta colecci\u00f3n\u2026","rel":"","context":"En \u00abModa\u00bb","block_context":{"text":"Moda","link":"https:\/\/zeromagazine.mx\/index.php\/category\/moda\/"},"img":{"alt_text":"","src":"https:\/\/i0.wp.com\/zeromagazine.mx\/wp-content\/uploads\/2024\/10\/HLAS24BOXY_P-scaled.jpg?fit=944%2C1200&ssl=1&resize=350%2C200","width":350,"height":200,"srcset":"https:\/\/i0.wp.com\/zeromagazine.mx\/wp-content\/uploads\/2024\/10\/HLAS24BOXY_P-scaled.jpg?fit=944%2C1200&ssl=1&resize=350%2C200 1x, https:\/\/i0.wp.com\/zeromagazine.mx\/wp-content\/uploads\/2024\/10\/HLAS24BOXY_P-scaled.jpg?fit=944%2C1200&ssl=1&resize=525%2C300 1.5x, https:\/\/i0.wp.com\/zeromagazine.mx\/wp-content\/uploads\/2024\/10\/HLAS24BOXY_P-scaled.jpg?fit=944%2C1200&ssl=1&resize=700%2C400 2x"},"classes":[]},{"id":49448,"url":"https:\/\/zeromagazine.mx\/index.php\/2021\/07\/05\/llega-a-mexico-unofficial\/","url_meta":{"origin":80794,"position":3},"title":"Llega a M\u00e9xico UNOFFICIAL","author":"zeromagazinemx","date":"5 de julio de 2021","format":false,"excerpt":"UNOFFICIAL, la nueva marca de gafas llega a M\u00e9xico con su primera colecci\u00f3n Primavera\/Verano 2021. Por Mayra Torres La primera colecci\u00f3n Primavera\/Verano de UNOFFICIAL llega a nuestro pa\u00eds de la mano de +Visi\u00f3n, invitando a la autoexpresi\u00f3n en cualquiera de sus formas. En esta colecci\u00f3n encontrar\u00e1s lentes de moda accesibles\u2026","rel":"","context":"En \u00abLifestyle\u00bb","block_context":{"text":"Lifestyle","link":"https:\/\/zeromagazine.mx\/index.php\/category\/lifestyle\/"},"img":{"alt_text":"","src":"https:\/\/i0.wp.com\/zeromagazinemx.wpcomstaging.com\/wp-content\/uploads\/2022\/02\/c7388-imagen2.jpg?resize=350%2C200&ssl=1","width":350,"height":200},"classes":[]},{"id":82614,"url":"https:\/\/zeromagazine.mx\/index.php\/2024\/08\/27\/gafas-retro-que-te-definen\/","url_meta":{"origin":80794,"position":4},"title":"Gafas Retro Que Te Definen","author":"zeromagazinemx","date":"27 de agosto de 2024","format":false,"excerpt":"Si hay algo que no podemos ignorar, es cuando una marca top como\u00a0Hawkers\u00a0lanza algo que est\u00e1 de otro nivel. Ya sabes que Hawkers es esa marca que siempre est\u00e1 on point con sus dise\u00f1os de eyewear, pero esta vez se superaron con algo que es puro fuego:\u00a0su nueva colecci\u00f3n de\u2026","rel":"","context":"En \u00abModa\u00bb","block_context":{"text":"Moda","link":"https:\/\/zeromagazine.mx\/index.php\/category\/moda\/"},"img":{"alt_text":"","src":"https:\/\/i0.wp.com\/zeromagazine.mx\/wp-content\/uploads\/2024\/08\/COSMETICS4503-scaled.jpg?fit=800%2C1200&ssl=1&resize=350%2C200","width":350,"height":200,"srcset":"https:\/\/i0.wp.com\/zeromagazine.mx\/wp-content\/uploads\/2024\/08\/COSMETICS4503-scaled.jpg?fit=800%2C1200&ssl=1&resize=350%2C200 1x, https:\/\/i0.wp.com\/zeromagazine.mx\/wp-content\/uploads\/2024\/08\/COSMETICS4503-scaled.jpg?fit=800%2C1200&ssl=1&resize=525%2C300 1.5x, https:\/\/i0.wp.com\/zeromagazine.mx\/wp-content\/uploads\/2024\/08\/COSMETICS4503-scaled.jpg?fit=800%2C1200&ssl=1&resize=700%2C400 2x"},"classes":[]},{"id":81188,"url":"https:\/\/zeromagazine.mx\/index.php\/2024\/07\/31\/hawkers-x-pierre-gasly-summer-in-style\/","url_meta":{"origin":80794,"position":5},"title":"Hawkers x Gasly: Summer in Style","author":"zeromagazinemx","date":"31 de julio de 2024","format":false,"excerpt":"Chiques, he estado buscando unas gafas de sol s\u00faper chidas para mis vacaciones en la playa. \u00a1Y adivinen qu\u00e9! Encontr\u00e9 unas que est\u00e1n de otro nivel. No les hablo de cualquier par, sino de las m\u00e1s cool de la temporada, dise\u00f1adas por el ic\u00f3nico piloto de F\u00f3rmula 1, Pierre Gasly.\u2026","rel":"","context":"En \u00abModa\u00bb","block_context":{"text":"Moda","link":"https:\/\/zeromagazine.mx\/index.php\/category\/moda\/"},"img":{"alt_text":"","src":"https:\/\/i0.wp.com\/zeromagazine.mx\/wp-content\/uploads\/2024\/07\/ES_1200X628_PIERREGASLY_DROP2_2024_CREA_2.png?fit=1200%2C628&ssl=1&resize=350%2C200","width":350,"height":200,"srcset":"https:\/\/i0.wp.com\/zeromagazine.mx\/wp-content\/uploads\/2024\/07\/ES_1200X628_PIERREGASLY_DROP2_2024_CREA_2.png?fit=1200%2C628&ssl=1&resize=350%2C200 1x, https:\/\/i0.wp.com\/zeromagazine.mx\/wp-content\/uploads\/2024\/07\/ES_1200X628_PIERREGASLY_DROP2_2024_CREA_2.png?fit=1200%2C628&ssl=1&resize=525%2C300 1.5x, https:\/\/i0.wp.com\/zeromagazine.mx\/wp-content\/uploads\/2024\/07\/ES_1200X628_PIERREGASLY_DROP2_2024_CREA_2.png?fit=1200%2C628&ssl=1&resize=700%2C400 2x, https:\/\/i0.wp.com\/zeromagazine.mx\/wp-content\/uploads\/2024\/07\/ES_1200X628_PIERREGASLY_DROP2_2024_CREA_2.png?fit=1200%2C628&ssl=1&resize=1050%2C600 3x"},"classes":[]}],"jetpack_sharing_enabled":true,"builder_content":"","_links":{"self":[{"href":"https:\/\/zeromagazine.mx\/index.php\/wp-json\/wp\/v2\/posts\/80794","targetHints":{"allow":["GET"]}}],"collection":[{"href":"https:\/\/zeromagazine.mx\/index.php\/wp-json\/wp\/v2\/posts"}],"about":[{"href":"https:\/\/zeromagazine.mx\/index.php\/wp-json\/wp\/v2\/types\/post"}],"author":[{"embeddable":true,"href":"https:\/\/zeromagazine.mx\/index.php\/wp-json\/wp\/v2\/users\/2"}],"replies":[{"embeddable":true,"href":"https:\/\/zeromagazine.mx\/index.php\/wp-json\/wp\/v2\/comments?post=80794"}],"version-history":[{"count":2,"href":"https:\/\/zeromagazine.mx\/index.php\/wp-json\/wp\/v2\/posts\/80794\/revisions"}],"predecessor-version":[{"id":80807,"href":"https:\/\/zeromagazine.mx\/index.php\/wp-json\/wp\/v2\/posts\/80794\/revisions\/80807"}],"wp:featuredmedia":[{"embeddable":true,"href":"https:\/\/zeromagazine.mx\/index.php\/wp-json\/wp\/v2\/media\/80798"}],"wp:attachment":[{"href":"https:\/\/zeromagazine.mx\/index.php\/wp-json\/wp\/v2\/media?parent=80794"}],"wp:term":[{"taxonomy":"category","embeddable":true,"href":"https:\/\/zeromagazine.mx\/index.php\/wp-json\/wp\/v2\/categories?post=80794"},{"taxonomy":"post_tag","embeddable":true,"href":"https:\/\/zeromagazine.mx\/index.php\/wp-json\/wp\/v2\/tags?post=80794"}],"curies":[{"name":"wp","href":"https:\/\/api.w.org\/{rel}","templated":true}]}}