{"id":80935,"date":"2024-07-29T19:44:13","date_gmt":"2024-07-29T17:44:13","guid":{"rendered":"https:\/\/zeromagazine.mx\/?p=80935"},"modified":"2024-07-29T21:59:50","modified_gmt":"2024-07-29T19:59:50","slug":"emilio-trevino-la-voz-mas-cool-se-apodera-de-la-pantalla","status":"publish","type":"post","link":"https:\/\/zeromagazine.mx\/index.php\/2024\/07\/29\/emilio-trevino-la-voz-mas-cool-se-apodera-de-la-pantalla\/","title":{"rendered":"Emilio Trevi\u00f1o: La Voz M\u00e1s Cool Se Apodera de la Pantalla"},"content":{"rendered":"<!--themify_builder_content-->\n<div id=\"themify_builder_content-80935\" data-postid=\"80935\" class=\"themify_builder_content themify_builder_content-80935 themify_builder tf_clear\">\n    <\/div>\n<!--\/themify_builder_content-->\n\n\n<p><\/p>\n\n\n\n<hr class=\"wp-block-separator has-alpha-channel-opacity\"\/>\n\n\n\n<p>Emilio Trevi\u00f1o es un talentoso actor y actor de doblaje que ha dejado una huella significativa en la industria del entretenimiento. Con m\u00e1s de 20 a\u00f1os de experiencia, Emilio ha participado en cine, televisi\u00f3n, teatro y doblaje, siempre destac\u00e1ndose por su pasi\u00f3n y dedicaci\u00f3n. En esta entrevista, Emilio nos compartir\u00e1 su viaje en el mundo de la actuaci\u00f3n, sus mayores retos y logros, y sus sue\u00f1os para el futuro. Acomp\u00e1\u00f1anos a descubrir m\u00e1s sobre la carrera y la vida de este incre\u00edble artista.<\/p>\n\n\n\n<figure class=\"wp-block-image size-full\"><img data-recalc-dims=\"1\" decoding=\"async\" width=\"1165\" height=\"1508\" src=\"https:\/\/i0.wp.com\/zeromagazine.mx\/wp-content\/uploads\/2024\/07\/IMG_1300.png?resize=1165%2C1508&#038;ssl=1\" alt=\"\" class=\"wp-image-80936\" srcset=\"https:\/\/i0.wp.com\/zeromagazine.mx\/wp-content\/uploads\/2024\/07\/IMG_1300.png?w=2550&amp;ssl=1 2550w, https:\/\/i0.wp.com\/zeromagazine.mx\/wp-content\/uploads\/2024\/07\/IMG_1300.png?resize=232%2C300&amp;ssl=1 232w, https:\/\/i0.wp.com\/zeromagazine.mx\/wp-content\/uploads\/2024\/07\/IMG_1300.png?resize=791%2C1024&amp;ssl=1 791w, https:\/\/i0.wp.com\/zeromagazine.mx\/wp-content\/uploads\/2024\/07\/IMG_1300.png?resize=768%2C994&amp;ssl=1 768w, https:\/\/i0.wp.com\/zeromagazine.mx\/wp-content\/uploads\/2024\/07\/IMG_1300.png?resize=1187%2C1536&amp;ssl=1 1187w, https:\/\/i0.wp.com\/zeromagazine.mx\/wp-content\/uploads\/2024\/07\/IMG_1300.png?resize=1583%2C2048&amp;ssl=1 1583w, https:\/\/i0.wp.com\/zeromagazine.mx\/wp-content\/uploads\/2024\/07\/IMG_1300.png?w=2330 2330w\" sizes=\"(max-width: 1165px) 100vw, 1165px\" \/><\/figure>\n\n\n\n<p>Por: Bejam\u00edn Gil<br>Fot\u00f3grafa: Charlie Amateco<br>Asistente de Foto: Marielle Valencia<br>Grooming: Eduardo L\u00f3pez<br>Styling: El Poderoso Dave<br><br><strong>BENJA<\/strong>: \u00a1Hola, Emilio! \u00bfC\u00f3mo est\u00e1s? Me da much\u00edsimo gusto poder hacerte esta entrevista. Debo confesar que soy tu fan desde hace a\u00f1os y cr\u00e9eme cuando te digo que estoy muy feliz de poder hacer esto. Cu\u00e9ntame \u00bfC\u00f3mo fue tu introducci\u00f3n al mundo de la actuaci\u00f3n y principalmente al del doblaje?<\/p>\n\n\n\n<p><strong>EMILIO<\/strong>: \u00a1Hola, Benja! Te quiero agradecer de todo coraz\u00f3n por tomarte el tiempo para la entrevista. Yo empec\u00e9 a trabajar como actor hace 20 a\u00f1os, cuando ten\u00eda 5 a\u00f1os. Siempre supe de alguna manera instintiva desde peque\u00f1o que quer\u00eda ser actor. Era un ni\u00f1o muy hiperactivo con muchos problemas en la escuela, justo por la misma hiperactividad o con problemas de atenci\u00f3n, pero el \u00fanico lugar donde me pod\u00eda concentrar, el \u00fanico lugar donde sent\u00eda que pertenec\u00eda, era en un cine o un teatro. Justo por mi mismo deseo de estar ah\u00ed, de crear y ser parte de eso, busqu\u00e9 la manera de estudiar actuaci\u00f3n desde muy peque\u00f1o. <\/p>\n\n\n\n<figure class=\"wp-block-image size-full\"><img data-recalc-dims=\"1\" decoding=\"async\" width=\"1165\" height=\"1747\" src=\"https:\/\/i0.wp.com\/zeromagazine.mx\/wp-content\/uploads\/2024\/07\/IMG_1283-scaled.jpeg?resize=1165%2C1747&#038;ssl=1\" alt=\"\" class=\"wp-image-80937\" srcset=\"https:\/\/i0.wp.com\/zeromagazine.mx\/wp-content\/uploads\/2024\/07\/IMG_1283-scaled.jpeg?w=1707&amp;ssl=1 1707w, https:\/\/i0.wp.com\/zeromagazine.mx\/wp-content\/uploads\/2024\/07\/IMG_1283-scaled.jpeg?resize=200%2C300&amp;ssl=1 200w, https:\/\/i0.wp.com\/zeromagazine.mx\/wp-content\/uploads\/2024\/07\/IMG_1283-scaled.jpeg?resize=683%2C1024&amp;ssl=1 683w, https:\/\/i0.wp.com\/zeromagazine.mx\/wp-content\/uploads\/2024\/07\/IMG_1283-scaled.jpeg?resize=768%2C1152&amp;ssl=1 768w, https:\/\/i0.wp.com\/zeromagazine.mx\/wp-content\/uploads\/2024\/07\/IMG_1283-scaled.jpeg?resize=1024%2C1536&amp;ssl=1 1024w, https:\/\/i0.wp.com\/zeromagazine.mx\/wp-content\/uploads\/2024\/07\/IMG_1283-scaled.jpeg?resize=1365%2C2048&amp;ssl=1 1365w\" sizes=\"(max-width: 1165px) 100vw, 1165px\" \/><\/figure>\n\n\n\n<p>Entr\u00e9 a estudiar actuaci\u00f3n a una escuela que se llama CECAI. Ese mismo a\u00f1o, llevaba canto, baile y actuaci\u00f3n para teatro. En ese mismo a\u00f1o obtuve mi primera oportunidad profesional en teatro, que fue \u00abPeter Pan El Musical\u00bb con Lolita Cort\u00e9s y Jaime Camil. Mauricio Garc\u00eda, quien era mi maestro de actuaci\u00f3n en la escuela y director de la obra, me invit\u00f3. Audicion\u00e9 y me qued\u00e9. Ah\u00ed fue mi primer proyecto profesional. Ese mismo a\u00f1o, tuve mi primera prueba de voz, como le decimos a los castings en doblaje, que era para la pel\u00edcula \u00abLa Era de Hielo 2\u00bb, donde le di voz a un personaje que aparece en la pel\u00edcula. Esa fue tambi\u00e9n mi primera aparici\u00f3n oficial en doblaje. De ah\u00ed a la fecha no he parado de hacer teatro y doblaje.<\/p>\n\n\n\n<script async src=\"https:\/\/pagead2.googlesyndication.com\/pagead\/js\/adsbygoogle.js?client=ca-pub-5499304793904745\"\n     crossorigin=\"anonymous\"><\/script>\n<ins class=\"adsbygoogle\"\n     style=\"display:block; text-align:center;\"\n     data-ad-layout=\"in-article\"\n     data-ad-format=\"fluid\"\n     data-ad-client=\"ca-pub-5499304793904745\"\n     data-ad-slot=\"5994863093\"><\/ins>\n<script>\n     (adsbygoogle = window.adsbygoogle || []).push({});\n<\/script>\n\n\n\n<p><strong>BENJA<\/strong>: Una pregunta que puede parecer algo obvia, del cine, TV, teatro y doblaje, \u00bfcu\u00e1l te gusta m\u00e1s y por qu\u00e9?<\/p>\n\n\n\n<p><strong>EMILIO<\/strong>: S\u00e9 que puede sonar pretencioso, pero nunca me ha gustado encasillarme en una sola forma de actuaci\u00f3n, ya sea cine, teatro, televisi\u00f3n o doblaje. Lo que m\u00e1s me gusta es contar historias que valgan la pena y personajes que me reten y me hagan explorar partes de m\u00ed que no he descubierto y que, por ende, hagan tambi\u00e9n a la audiencia descubrir algo en ellos. Siempre en mi carrera he tenido este deseo por hacer de todo, brincar del cine, al teatro, a la televisi\u00f3n y en proyectos que me emocionen y me muevan algo adentro. Entonces, creo que no podr\u00eda casarme solo con una.<\/p>\n\n\n\n<figure class=\"wp-block-image size-full\"><img data-recalc-dims=\"1\" decoding=\"async\" width=\"1165\" height=\"1747\" src=\"https:\/\/i0.wp.com\/zeromagazine.mx\/wp-content\/uploads\/2024\/07\/IMG_1276-scaled.jpeg?resize=1165%2C1747&#038;ssl=1\" alt=\"\" class=\"wp-image-80938\" srcset=\"https:\/\/i0.wp.com\/zeromagazine.mx\/wp-content\/uploads\/2024\/07\/IMG_1276-scaled.jpeg?w=1707&amp;ssl=1 1707w, https:\/\/i0.wp.com\/zeromagazine.mx\/wp-content\/uploads\/2024\/07\/IMG_1276-scaled.jpeg?resize=200%2C300&amp;ssl=1 200w, https:\/\/i0.wp.com\/zeromagazine.mx\/wp-content\/uploads\/2024\/07\/IMG_1276-scaled.jpeg?resize=683%2C1024&amp;ssl=1 683w, https:\/\/i0.wp.com\/zeromagazine.mx\/wp-content\/uploads\/2024\/07\/IMG_1276-scaled.jpeg?resize=768%2C1152&amp;ssl=1 768w, https:\/\/i0.wp.com\/zeromagazine.mx\/wp-content\/uploads\/2024\/07\/IMG_1276-scaled.jpeg?resize=1024%2C1536&amp;ssl=1 1024w, https:\/\/i0.wp.com\/zeromagazine.mx\/wp-content\/uploads\/2024\/07\/IMG_1276-scaled.jpeg?resize=1365%2C2048&amp;ssl=1 1365w\" sizes=\"(max-width: 1165px) 100vw, 1165px\" \/><\/figure>\n\n\n\n<p><strong>BENJA<\/strong>: \u00bfQu\u00e9 se siente saber que tu voz est\u00e1 inmortalizada en una pel\u00edcula o serie y qu\u00e9 pasar\u00e1 por generaciones?<\/p>\n\n\n\n<p><strong>EMILIO<\/strong>: Hay una frase que me gusta de uno de los m\u00e1s grandes maestros de actuaci\u00f3n que han existido, que fue Lee Strasberg: \u201cel arte perdura m\u00e1s que la vida\u201d. Yo pienso que eso es cierto. Soy sumamente afortunado y muy conmovido de saber que, no importa si un d\u00eda ya no estoy aqu\u00ed en este plano, partes de m\u00ed siempre existir\u00e1n y vivir\u00e1n dentro de cada trabajo que he hecho. Cada vez que alguien le da play a una pel\u00edcula que he grabado, una parte de m\u00ed vuelve a existir dentro de ese universo. <\/p>\n\n\n\n<script async src=\"https:\/\/pagead2.googlesyndication.com\/pagead\/js\/adsbygoogle.js?client=ca-pub-5499304793904745\"\n     crossorigin=\"anonymous\"><\/script>\n<ins class=\"adsbygoogle\"\n     style=\"display:block; text-align:center;\"\n     data-ad-layout=\"in-article\"\n     data-ad-format=\"fluid\"\n     data-ad-client=\"ca-pub-5499304793904745\"\n     data-ad-slot=\"5994863093\"><\/ins>\n<script>\n     (adsbygoogle = window.adsbygoogle || []).push({});\n<\/script>\n\n\n\n<p>M\u00e1s all\u00e1 del impacto que eso genera en generaciones, solo el futuro nos dir\u00e1 c\u00f3mo ser\u00e1 eso. El saber que una parte de m\u00ed existir\u00e1 dentro de mis personajes y ser\u00e1 reproducida toda la vida es un gran regalo y una responsabilidad enorme. No hay personajes peque\u00f1os, no hay proyectos peque\u00f1os. Justo porque eso perdurar\u00e1 toda la vida, es mi responsabilidad hacerlo mejor que puedo con las herramientas que tenga, contando siempre al personaje y su historia, ya sea hoy o en muchos, muchos a\u00f1os.<\/p>\n\n\n\n<p><strong>BENJA<\/strong>: \u00bfLlevas la cuenta exacta o un aproximado de los personajes a los que les has prestado tu voz?<\/p>\n\n\n\n<p><strong>EMILIO<\/strong>: \u00a1No, no llevo la cuenta de cu\u00e1ntos personajes! Perd\u00ed la cuenta hace mucho. Nada m\u00e1s de doblaje, a la semana, a veces grabo hasta 7 u 8 proyectos distintos. Eso multiplicado por todas las semanas del a\u00f1o, todos los a\u00f1os durante 20 a\u00f1os hasta ahora, m\u00e1s lo de teatro, cine y tele, la verdad he perdido la cuenta. \u00a1Pero me emociona haber perdido la cuenta! Es chistoso porque cada personaje se siente como el primero. Vuelvo a sentir esa misma emoci\u00f3n y nervios. Eso s\u00ed hay desde el primer personaje hasta el que llevamos ahora.<\/p>\n\n\n\n<figure class=\"wp-block-image size-full\"><img data-recalc-dims=\"1\" decoding=\"async\" width=\"1165\" height=\"1747\" src=\"https:\/\/i0.wp.com\/zeromagazine.mx\/wp-content\/uploads\/2024\/07\/IMG_1281-scaled.jpeg?resize=1165%2C1747&#038;ssl=1\" alt=\"\" class=\"wp-image-80939\" srcset=\"https:\/\/i0.wp.com\/zeromagazine.mx\/wp-content\/uploads\/2024\/07\/IMG_1281-scaled.jpeg?w=1707&amp;ssl=1 1707w, https:\/\/i0.wp.com\/zeromagazine.mx\/wp-content\/uploads\/2024\/07\/IMG_1281-scaled.jpeg?resize=200%2C300&amp;ssl=1 200w, https:\/\/i0.wp.com\/zeromagazine.mx\/wp-content\/uploads\/2024\/07\/IMG_1281-scaled.jpeg?resize=683%2C1024&amp;ssl=1 683w, https:\/\/i0.wp.com\/zeromagazine.mx\/wp-content\/uploads\/2024\/07\/IMG_1281-scaled.jpeg?resize=768%2C1152&amp;ssl=1 768w, https:\/\/i0.wp.com\/zeromagazine.mx\/wp-content\/uploads\/2024\/07\/IMG_1281-scaled.jpeg?resize=1024%2C1536&amp;ssl=1 1024w, https:\/\/i0.wp.com\/zeromagazine.mx\/wp-content\/uploads\/2024\/07\/IMG_1281-scaled.jpeg?resize=1365%2C2048&amp;ssl=1 1365w\" sizes=\"(max-width: 1165px) 100vw, 1165px\" \/><\/figure>\n\n\n\n<p><strong>BENJA<\/strong>: Si no fueras actor, \u00bfqu\u00e9 estar\u00edas haciendo ahora mismo?<\/p>\n\n\n\n<p><strong>EMILIO<\/strong>: Seguramente me hubiera dedicado a otra cosa que tenga que ver con las artes. Por ejemplo, hubiera sido m\u00fasico o me hubiera dedicado por completo a la m\u00fasica, es mi segunda pasi\u00f3n. Yo toco la bater\u00eda, el bajo y la guitarra. Entonces, si no me hubiera dedicado a la actuaci\u00f3n, ser\u00eda por completo a la m\u00fasica. Si no, yo creo hubiera sido psic\u00f3logo, que tambi\u00e9n est\u00e1 muy de la mano con mi carrera como actor, y si no, hubiera sido pintor, seguro.<\/p>\n\n\n\n<script async src=\"https:\/\/pagead2.googlesyndication.com\/pagead\/js\/adsbygoogle.js?client=ca-pub-5499304793904745\"\n     crossorigin=\"anonymous\"><\/script>\n<ins class=\"adsbygoogle\"\n     style=\"display:block; text-align:center;\"\n     data-ad-layout=\"in-article\"\n     data-ad-format=\"fluid\"\n     data-ad-client=\"ca-pub-5499304793904745\"\n     data-ad-slot=\"5994863093\"><\/ins>\n<script>\n     (adsbygoogle = window.adsbygoogle || []).push({});\n<\/script>\n\n\n\n<p><strong>BENJA<\/strong>: \u00bfCu\u00e1l es tu m\u00e1s grande sue\u00f1o como actor y especialmente como actor de doblaje?<\/p>\n\n\n\n<p><strong>EMILIO<\/strong>: Es seguir pudiendo contar historias que me emocionen y tambi\u00e9n seguir haciendo cine. El cine fue mi primer amor con lo que yo me enamor\u00e9 de la actuaci\u00f3n y sin duda, tengo muchas ganas de seguir explorando y haciendo cine. Ahora que empec\u00e9 a filmar para la pantalla grande, sin duda tambi\u00e9n me encantar\u00eda irme al extranjero, ya sea a Estados Unidos o a Europa, a filmar, trabajar en cine y contar historias que siempre he querido contar desde peque\u00f1o. <\/p>\n\n\n\n<p>Yo creo ese es mi sue\u00f1o, y que mi trabajo llegue a m\u00e1s gente. Tambi\u00e9n deseo de todo coraz\u00f3n que el trabajo sea lo suficientemente poderoso como para transformar la vida de la gente y sensibilizarlos en estos tiempos que a veces la gente se desconecta de su ser, de quienes son, y creo que nos hemos vuelto m\u00e1s duros y fr\u00edos ante la realidad que vivimos. Entonces me encantar\u00eda que uno de mis trabajos sensibilice a la gente y los haga conectar un poco m\u00e1s con ellos y con el de al lado.<\/p>\n\n\n\n<figure class=\"wp-block-image size-full\"><img data-recalc-dims=\"1\" decoding=\"async\" width=\"1165\" height=\"1747\" src=\"https:\/\/i0.wp.com\/zeromagazine.mx\/wp-content\/uploads\/2024\/07\/IMG_1280-scaled.jpeg?resize=1165%2C1747&#038;ssl=1\" alt=\"\" class=\"wp-image-80947\" srcset=\"https:\/\/i0.wp.com\/zeromagazine.mx\/wp-content\/uploads\/2024\/07\/IMG_1280-scaled.jpeg?w=1707&amp;ssl=1 1707w, https:\/\/i0.wp.com\/zeromagazine.mx\/wp-content\/uploads\/2024\/07\/IMG_1280-scaled.jpeg?resize=200%2C300&amp;ssl=1 200w, https:\/\/i0.wp.com\/zeromagazine.mx\/wp-content\/uploads\/2024\/07\/IMG_1280-scaled.jpeg?resize=683%2C1024&amp;ssl=1 683w, https:\/\/i0.wp.com\/zeromagazine.mx\/wp-content\/uploads\/2024\/07\/IMG_1280-scaled.jpeg?resize=768%2C1152&amp;ssl=1 768w, https:\/\/i0.wp.com\/zeromagazine.mx\/wp-content\/uploads\/2024\/07\/IMG_1280-scaled.jpeg?resize=1024%2C1536&amp;ssl=1 1024w, https:\/\/i0.wp.com\/zeromagazine.mx\/wp-content\/uploads\/2024\/07\/IMG_1280-scaled.jpeg?resize=1365%2C2048&amp;ssl=1 1365w\" sizes=\"(max-width: 1165px) 100vw, 1165px\" \/><\/figure>\n\n\n\n<p><strong>BENJA<\/strong>: \u00bfAlguien m\u00e1s de tu familia se encuentra en el medio de la actuaci\u00f3n?<\/p>\n\n\n\n<p><strong>EMILIO<\/strong>: Nadie de mi familia se dedica a la actuaci\u00f3n. Nadie. Y esa es una de las cosas que me enorgullecen profundamente, porque mi carrera la he construido desde cero. Y creo que tambi\u00e9n es bonito tener gente fuera del medio que te gu\u00ede, que no se tomen las cosas tan en serio, que te haga recordar lo que es realmente importante m\u00e1s all\u00e1 del trabajo. Entonces, s\u00ed, nadie de mi familia se dedica a la actuaci\u00f3n, sin embargo, mi hermano trabaja en la industria musical.<\/p>\n\n\n\n<script async src=\"https:\/\/pagead2.googlesyndication.com\/pagead\/js\/adsbygoogle.js?client=ca-pub-5499304793904745\"\n     crossorigin=\"anonymous\"><\/script>\n<ins class=\"adsbygoogle\"\n     style=\"display:block; text-align:center;\"\n     data-ad-layout=\"in-article\"\n     data-ad-format=\"fluid\"\n     data-ad-client=\"ca-pub-5499304793904745\"\n     data-ad-slot=\"5994863093\"><\/ins>\n<script>\n     (adsbygoogle = window.adsbygoogle || []).push({});\n<\/script>\n\n\n\n<p><strong>BENJA<\/strong>: \u00bfAlg\u00fan personaje o alg\u00fan proyecto de doblaje en el que te gustar\u00eda participar en un futuro?<\/p>\n\n\n\n<p><strong>EMILIO<\/strong>: M\u00e1s all\u00e1 de eso, en un futuro me encantar\u00eda seguir filmando cine, por supuesto que seguir\u00eda haciendo doblaje, tal vez para proyectos ya muy espec\u00edficos que me emocionen, que elija y desee hacer. Pero sin duda, lo que m\u00e1s me gustar\u00eda hacer es filmar m\u00e1s en cine y afortunadamente, hasta ahora todo se ha puesto para que pueda seguir haciendo cine. Afortunadamente, cada a\u00f1o se me han presentado oportunidades para filmar y deseo que siga as\u00ed. <\/p>\n\n\n\n<p>Hay muchas personas con quienes me gustar\u00eda filmar, desde actores como Daniel Gim\u00e9nez Cacho, Marina de Tavira, hasta directores como Alejandro Gonz\u00e1lez I\u00f1\u00e1rritu, Guillermo del Toro, Alfonso Cuar\u00f3n y Martin Scorsese. Entonces, lo que m\u00e1s deseo es filmar. Aunque sin duda, seguir\u00eda haciendo proyectos de doblaje tambi\u00e9n que me emocionen y que sienta que tengan algo importante que decir. Eso sin duda, seguir\u00eda deseando que s\u00ed.<\/p>\n\n\n\n<figure class=\"wp-block-image size-full\"><img data-recalc-dims=\"1\" decoding=\"async\" width=\"1165\" height=\"1747\" src=\"https:\/\/i0.wp.com\/zeromagazine.mx\/wp-content\/uploads\/2024\/07\/IMG_1285-scaled.jpeg?resize=1165%2C1747&#038;ssl=1\" alt=\"\" class=\"wp-image-80940\" srcset=\"https:\/\/i0.wp.com\/zeromagazine.mx\/wp-content\/uploads\/2024\/07\/IMG_1285-scaled.jpeg?w=1707&amp;ssl=1 1707w, https:\/\/i0.wp.com\/zeromagazine.mx\/wp-content\/uploads\/2024\/07\/IMG_1285-scaled.jpeg?resize=200%2C300&amp;ssl=1 200w, https:\/\/i0.wp.com\/zeromagazine.mx\/wp-content\/uploads\/2024\/07\/IMG_1285-scaled.jpeg?resize=683%2C1024&amp;ssl=1 683w, https:\/\/i0.wp.com\/zeromagazine.mx\/wp-content\/uploads\/2024\/07\/IMG_1285-scaled.jpeg?resize=768%2C1152&amp;ssl=1 768w, https:\/\/i0.wp.com\/zeromagazine.mx\/wp-content\/uploads\/2024\/07\/IMG_1285-scaled.jpeg?resize=1024%2C1536&amp;ssl=1 1024w, https:\/\/i0.wp.com\/zeromagazine.mx\/wp-content\/uploads\/2024\/07\/IMG_1285-scaled.jpeg?resize=1365%2C2048&amp;ssl=1 1365w\" sizes=\"(max-width: 1165px) 100vw, 1165px\" \/><\/figure>\n\n\n\n<p><strong>BENJA<\/strong>: \u00bfQu\u00e9 proyecto ha sido el mayor reto en tu carrera y por qu\u00e9?<\/p>\n\n\n\n<p><strong>EMILIO<\/strong>: Yo creo que de los proyectos m\u00e1s complicados que he hecho hasta ahora han sido todos los proyectos del actor Timoth\u00e9e Chalamet. Desde tener que cantar en \u00abWonka\u00bb todas las canciones del personaje, hasta en \u00abDune\u00bb tener que grabar un mon\u00f3logo en un dialecto diferente. Siempre que grabo un proyecto de \u00e9l me emociona porque actoralmente siempre hay un reto dentro del trabajo y eso me emociona mucho. Entonces, en doblaje, creo que cada proyecto de Timoth\u00e9e me ha retado a la hora de grabarlo y espero se haya logrado de la mejor manera. Y sin duda, en cine, haber filmado la pel\u00edcula \u00abConfesiones\u00bb con Carlos Carrera, que fue un gran reto para m\u00ed. Actuar con grandes actores como Juan Manuel Bernal, Luis Gnecco y Claudia Ram\u00edrez y contar la historia de este gran personaje. Y sin duda, lo que estoy filmando ahorita, que tambi\u00e9n ha sido un gran reto para m\u00ed.<\/p>\n\n\n\n<script async src=\"https:\/\/pagead2.googlesyndication.com\/pagead\/js\/adsbygoogle.js?client=ca-pub-5499304793904745\"\n     crossorigin=\"anonymous\"><\/script>\n<ins class=\"adsbygoogle\"\n     style=\"display:block; text-align:center;\"\n     data-ad-layout=\"in-article\"\n     data-ad-format=\"fluid\"\n     data-ad-client=\"ca-pub-5499304793904745\"\n     data-ad-slot=\"5994863093\"><\/ins>\n<script>\n     (adsbygoogle = window.adsbygoogle || []).push({});\n<\/script>\n\n\n\n<p><strong>BENJA<\/strong>: \u00bfCu\u00e1l es el proyecto que m\u00e1s satisfacci\u00f3n te ha dado?<\/p>\n\n\n\n<p><strong>EMILIO<\/strong>: Sin duda, haber podido actuar en la pel\u00edcula \u201cConfesiones\u201d me llen\u00f3 mucho porque es un gran personaje y fue tambi\u00e9n mi debut en cine. Me llen\u00f3 mucho de amor y satisfacci\u00f3n. Y justo lo que estoy filmando ahora tambi\u00e9n es un gran personaje que me llena de amor, entonces, sin duda esos dos proyectos me han llenado de satisfacci\u00f3n.<\/p>\n\n\n\n<p><strong>BENJA<\/strong>: Para finalizar, \u00bfQu\u00e9 consejo le dar\u00edas a todxs esxs ni\u00f1xs que te escuchan en todos tus proyectos y sue\u00f1an con alg\u00fan d\u00eda hacer doblaje?<\/p>\n\n\n\n<p><strong>EMILIO<\/strong>: Sean curiosos, sean observadores, cuesti\u00f3nense todo\u2026nuestro trabajo es representar la condici\u00f3n humana ya sea a trav\u00e9s del cine, doblaje, teatro o Televisi\u00f3n. Asi que entre m\u00e1s te descubras a ti mismo, mejor podr\u00e1s contar las historias de los dem\u00e1s.<br>Ll\u00e9nate de arte, vive el amor, el desamor, la ilusi\u00f3n, la frustraci\u00f3n, reinv\u00e9ntate, prueba nuevas formas cada d\u00eda, deconstr\u00fayete y vuelve a construirte\u2026y todo aquello que descubras en tu viaje comp\u00e1rtelo a trav\u00e9s de tu trabajo.<\/p>\n\n\n\n<figure class=\"wp-block-image size-full\"><img data-recalc-dims=\"1\" decoding=\"async\" width=\"1165\" height=\"1747\" src=\"https:\/\/i0.wp.com\/zeromagazine.mx\/wp-content\/uploads\/2024\/07\/IMG_1273-scaled.jpeg?resize=1165%2C1747&#038;ssl=1\" alt=\"\" class=\"wp-image-80941\" srcset=\"https:\/\/i0.wp.com\/zeromagazine.mx\/wp-content\/uploads\/2024\/07\/IMG_1273-scaled.jpeg?w=1707&amp;ssl=1 1707w, https:\/\/i0.wp.com\/zeromagazine.mx\/wp-content\/uploads\/2024\/07\/IMG_1273-scaled.jpeg?resize=200%2C300&amp;ssl=1 200w, https:\/\/i0.wp.com\/zeromagazine.mx\/wp-content\/uploads\/2024\/07\/IMG_1273-scaled.jpeg?resize=683%2C1024&amp;ssl=1 683w, https:\/\/i0.wp.com\/zeromagazine.mx\/wp-content\/uploads\/2024\/07\/IMG_1273-scaled.jpeg?resize=768%2C1152&amp;ssl=1 768w, https:\/\/i0.wp.com\/zeromagazine.mx\/wp-content\/uploads\/2024\/07\/IMG_1273-scaled.jpeg?resize=1024%2C1536&amp;ssl=1 1024w, https:\/\/i0.wp.com\/zeromagazine.mx\/wp-content\/uploads\/2024\/07\/IMG_1273-scaled.jpeg?resize=1365%2C2048&amp;ssl=1 1365w\" sizes=\"(max-width: 1165px) 100vw, 1165px\" \/><\/figure>\n\n\n\n<p>Y con esto, amigxs, concluimos nuestra entrevista con el talentoso Emilio Trevi\u00f1o. No se pierdan sus pr\u00f3ximos proyectos y sigan apoyando su incre\u00edble trabajo. \u00a1Hasta la pr\u00f3xima!<\/p>\n\n\n\n<figure class=\"wp-block-gallery has-nested-images columns-default is-cropped wp-block-gallery-1 is-layout-flex wp-block-gallery-is-layout-flex\">\n<figure class=\"wp-block-image size-large\"><img data-recalc-dims=\"1\" decoding=\"async\" width=\"683\" height=\"1024\" data-id=\"80943\" src=\"https:\/\/i0.wp.com\/zeromagazine.mx\/wp-content\/uploads\/2024\/07\/IMG_1284-683x1024.jpeg?resize=683%2C1024&#038;ssl=1\" alt=\"\" class=\"wp-image-80943\" srcset=\"https:\/\/i0.wp.com\/zeromagazine.mx\/wp-content\/uploads\/2024\/07\/IMG_1284-scaled.jpeg?resize=683%2C1024&amp;ssl=1 683w, https:\/\/i0.wp.com\/zeromagazine.mx\/wp-content\/uploads\/2024\/07\/IMG_1284-scaled.jpeg?resize=200%2C300&amp;ssl=1 200w, https:\/\/i0.wp.com\/zeromagazine.mx\/wp-content\/uploads\/2024\/07\/IMG_1284-scaled.jpeg?resize=768%2C1152&amp;ssl=1 768w, https:\/\/i0.wp.com\/zeromagazine.mx\/wp-content\/uploads\/2024\/07\/IMG_1284-scaled.jpeg?resize=1024%2C1536&amp;ssl=1 1024w, https:\/\/i0.wp.com\/zeromagazine.mx\/wp-content\/uploads\/2024\/07\/IMG_1284-scaled.jpeg?resize=1365%2C2048&amp;ssl=1 1365w, https:\/\/i0.wp.com\/zeromagazine.mx\/wp-content\/uploads\/2024\/07\/IMG_1284-scaled.jpeg?w=1707&amp;ssl=1 1707w\" sizes=\"(max-width: 683px) 100vw, 683px\" \/><\/figure>\n\n\n\n<figure class=\"wp-block-image size-large\"><img data-recalc-dims=\"1\" decoding=\"async\" width=\"683\" height=\"1024\" data-id=\"80945\" src=\"https:\/\/i0.wp.com\/zeromagazine.mx\/wp-content\/uploads\/2024\/07\/IMG_1282-683x1024.jpeg?resize=683%2C1024&#038;ssl=1\" alt=\"\" class=\"wp-image-80945\" srcset=\"https:\/\/i0.wp.com\/zeromagazine.mx\/wp-content\/uploads\/2024\/07\/IMG_1282-scaled.jpeg?resize=683%2C1024&amp;ssl=1 683w, https:\/\/i0.wp.com\/zeromagazine.mx\/wp-content\/uploads\/2024\/07\/IMG_1282-scaled.jpeg?resize=200%2C300&amp;ssl=1 200w, https:\/\/i0.wp.com\/zeromagazine.mx\/wp-content\/uploads\/2024\/07\/IMG_1282-scaled.jpeg?resize=768%2C1152&amp;ssl=1 768w, https:\/\/i0.wp.com\/zeromagazine.mx\/wp-content\/uploads\/2024\/07\/IMG_1282-scaled.jpeg?resize=1024%2C1536&amp;ssl=1 1024w, https:\/\/i0.wp.com\/zeromagazine.mx\/wp-content\/uploads\/2024\/07\/IMG_1282-scaled.jpeg?resize=1365%2C2048&amp;ssl=1 1365w, https:\/\/i0.wp.com\/zeromagazine.mx\/wp-content\/uploads\/2024\/07\/IMG_1282-scaled.jpeg?w=1707&amp;ssl=1 1707w\" sizes=\"(max-width: 683px) 100vw, 683px\" \/><\/figure>\n\n\n\n<figure class=\"wp-block-image size-large\"><img data-recalc-dims=\"1\" decoding=\"async\" width=\"683\" height=\"1024\" data-id=\"80947\" src=\"https:\/\/i0.wp.com\/zeromagazine.mx\/wp-content\/uploads\/2024\/07\/IMG_1280-683x1024.jpeg?resize=683%2C1024&#038;ssl=1\" alt=\"\" class=\"wp-image-80947\" srcset=\"https:\/\/i0.wp.com\/zeromagazine.mx\/wp-content\/uploads\/2024\/07\/IMG_1280-scaled.jpeg?resize=683%2C1024&amp;ssl=1 683w, https:\/\/i0.wp.com\/zeromagazine.mx\/wp-content\/uploads\/2024\/07\/IMG_1280-scaled.jpeg?resize=200%2C300&amp;ssl=1 200w, https:\/\/i0.wp.com\/zeromagazine.mx\/wp-content\/uploads\/2024\/07\/IMG_1280-scaled.jpeg?resize=768%2C1152&amp;ssl=1 768w, https:\/\/i0.wp.com\/zeromagazine.mx\/wp-content\/uploads\/2024\/07\/IMG_1280-scaled.jpeg?resize=1024%2C1536&amp;ssl=1 1024w, https:\/\/i0.wp.com\/zeromagazine.mx\/wp-content\/uploads\/2024\/07\/IMG_1280-scaled.jpeg?resize=1365%2C2048&amp;ssl=1 1365w, https:\/\/i0.wp.com\/zeromagazine.mx\/wp-content\/uploads\/2024\/07\/IMG_1280-scaled.jpeg?w=1707&amp;ssl=1 1707w\" sizes=\"(max-width: 683px) 100vw, 683px\" \/><\/figure>\n\n\n\n<figure class=\"wp-block-image size-large\"><img data-recalc-dims=\"1\" decoding=\"async\" width=\"683\" height=\"1024\" data-id=\"80946\" src=\"https:\/\/i0.wp.com\/zeromagazine.mx\/wp-content\/uploads\/2024\/07\/IMG_1279-683x1024.jpeg?resize=683%2C1024&#038;ssl=1\" alt=\"\" class=\"wp-image-80946\" srcset=\"https:\/\/i0.wp.com\/zeromagazine.mx\/wp-content\/uploads\/2024\/07\/IMG_1279-scaled.jpeg?resize=683%2C1024&amp;ssl=1 683w, https:\/\/i0.wp.com\/zeromagazine.mx\/wp-content\/uploads\/2024\/07\/IMG_1279-scaled.jpeg?resize=200%2C300&amp;ssl=1 200w, https:\/\/i0.wp.com\/zeromagazine.mx\/wp-content\/uploads\/2024\/07\/IMG_1279-scaled.jpeg?resize=768%2C1152&amp;ssl=1 768w, https:\/\/i0.wp.com\/zeromagazine.mx\/wp-content\/uploads\/2024\/07\/IMG_1279-scaled.jpeg?resize=1024%2C1536&amp;ssl=1 1024w, https:\/\/i0.wp.com\/zeromagazine.mx\/wp-content\/uploads\/2024\/07\/IMG_1279-scaled.jpeg?resize=1365%2C2048&amp;ssl=1 1365w, https:\/\/i0.wp.com\/zeromagazine.mx\/wp-content\/uploads\/2024\/07\/IMG_1279-scaled.jpeg?w=1707&amp;ssl=1 1707w\" sizes=\"(max-width: 683px) 100vw, 683px\" \/><\/figure>\n\n\n\n<figure class=\"wp-block-image size-large\"><img data-recalc-dims=\"1\" decoding=\"async\" width=\"683\" height=\"1024\" data-id=\"80944\" src=\"https:\/\/i0.wp.com\/zeromagazine.mx\/wp-content\/uploads\/2024\/07\/IMG_1277-683x1024.jpeg?resize=683%2C1024&#038;ssl=1\" alt=\"\" class=\"wp-image-80944\" srcset=\"https:\/\/i0.wp.com\/zeromagazine.mx\/wp-content\/uploads\/2024\/07\/IMG_1277-scaled.jpeg?resize=683%2C1024&amp;ssl=1 683w, https:\/\/i0.wp.com\/zeromagazine.mx\/wp-content\/uploads\/2024\/07\/IMG_1277-scaled.jpeg?resize=200%2C300&amp;ssl=1 200w, https:\/\/i0.wp.com\/zeromagazine.mx\/wp-content\/uploads\/2024\/07\/IMG_1277-scaled.jpeg?resize=768%2C1152&amp;ssl=1 768w, https:\/\/i0.wp.com\/zeromagazine.mx\/wp-content\/uploads\/2024\/07\/IMG_1277-scaled.jpeg?resize=1024%2C1536&amp;ssl=1 1024w, https:\/\/i0.wp.com\/zeromagazine.mx\/wp-content\/uploads\/2024\/07\/IMG_1277-scaled.jpeg?resize=1365%2C2048&amp;ssl=1 1365w, https:\/\/i0.wp.com\/zeromagazine.mx\/wp-content\/uploads\/2024\/07\/IMG_1277-scaled.jpeg?w=1707&amp;ssl=1 1707w\" sizes=\"(max-width: 683px) 100vw, 683px\" \/><\/figure>\n\n\n\n<figure class=\"wp-block-image size-large\"><img data-recalc-dims=\"1\" decoding=\"async\" width=\"683\" height=\"1024\" data-id=\"80948\" src=\"https:\/\/i0.wp.com\/zeromagazine.mx\/wp-content\/uploads\/2024\/07\/IMG_1275-683x1024.jpeg?resize=683%2C1024&#038;ssl=1\" alt=\"\" class=\"wp-image-80948\" srcset=\"https:\/\/i0.wp.com\/zeromagazine.mx\/wp-content\/uploads\/2024\/07\/IMG_1275-scaled.jpeg?resize=683%2C1024&amp;ssl=1 683w, https:\/\/i0.wp.com\/zeromagazine.mx\/wp-content\/uploads\/2024\/07\/IMG_1275-scaled.jpeg?resize=200%2C300&amp;ssl=1 200w, https:\/\/i0.wp.com\/zeromagazine.mx\/wp-content\/uploads\/2024\/07\/IMG_1275-scaled.jpeg?resize=768%2C1152&amp;ssl=1 768w, https:\/\/i0.wp.com\/zeromagazine.mx\/wp-content\/uploads\/2024\/07\/IMG_1275-scaled.jpeg?resize=1024%2C1536&amp;ssl=1 1024w, https:\/\/i0.wp.com\/zeromagazine.mx\/wp-content\/uploads\/2024\/07\/IMG_1275-scaled.jpeg?resize=1365%2C2048&amp;ssl=1 1365w, https:\/\/i0.wp.com\/zeromagazine.mx\/wp-content\/uploads\/2024\/07\/IMG_1275-scaled.jpeg?w=1707&amp;ssl=1 1707w\" sizes=\"(max-width: 683px) 100vw, 683px\" \/><\/figure>\n\n\n\n<figure class=\"wp-block-image size-large\"><img data-recalc-dims=\"1\" decoding=\"async\" width=\"683\" height=\"1024\" data-id=\"80949\" src=\"https:\/\/i0.wp.com\/zeromagazine.mx\/wp-content\/uploads\/2024\/07\/IMG_1274-683x1024.jpeg?resize=683%2C1024&#038;ssl=1\" alt=\"\" class=\"wp-image-80949\" srcset=\"https:\/\/i0.wp.com\/zeromagazine.mx\/wp-content\/uploads\/2024\/07\/IMG_1274-scaled.jpeg?resize=683%2C1024&amp;ssl=1 683w, https:\/\/i0.wp.com\/zeromagazine.mx\/wp-content\/uploads\/2024\/07\/IMG_1274-scaled.jpeg?resize=200%2C300&amp;ssl=1 200w, https:\/\/i0.wp.com\/zeromagazine.mx\/wp-content\/uploads\/2024\/07\/IMG_1274-scaled.jpeg?resize=768%2C1152&amp;ssl=1 768w, https:\/\/i0.wp.com\/zeromagazine.mx\/wp-content\/uploads\/2024\/07\/IMG_1274-scaled.jpeg?resize=1024%2C1536&amp;ssl=1 1024w, https:\/\/i0.wp.com\/zeromagazine.mx\/wp-content\/uploads\/2024\/07\/IMG_1274-scaled.jpeg?resize=1365%2C2048&amp;ssl=1 1365w, https:\/\/i0.wp.com\/zeromagazine.mx\/wp-content\/uploads\/2024\/07\/IMG_1274-scaled.jpeg?w=1707&amp;ssl=1 1707w\" sizes=\"(max-width: 683px) 100vw, 683px\" \/><\/figure>\n\n\n\n<figure class=\"wp-block-image size-large\"><img data-recalc-dims=\"1\" decoding=\"async\" width=\"1024\" height=\"683\" data-id=\"80942\" src=\"https:\/\/i0.wp.com\/zeromagazine.mx\/wp-content\/uploads\/2024\/07\/IMG_1272-1024x683.jpeg?resize=1024%2C683&#038;ssl=1\" alt=\"\" class=\"wp-image-80942\" srcset=\"https:\/\/i0.wp.com\/zeromagazine.mx\/wp-content\/uploads\/2024\/07\/IMG_1272.jpeg?resize=1024%2C683&amp;ssl=1 1024w, https:\/\/i0.wp.com\/zeromagazine.mx\/wp-content\/uploads\/2024\/07\/IMG_1272.jpeg?resize=300%2C200&amp;ssl=1 300w, https:\/\/i0.wp.com\/zeromagazine.mx\/wp-content\/uploads\/2024\/07\/IMG_1272.jpeg?resize=768%2C512&amp;ssl=1 768w, https:\/\/i0.wp.com\/zeromagazine.mx\/wp-content\/uploads\/2024\/07\/IMG_1272.jpeg?resize=1536%2C1024&amp;ssl=1 1536w, https:\/\/i0.wp.com\/zeromagazine.mx\/wp-content\/uploads\/2024\/07\/IMG_1272.jpeg?w=1920&amp;ssl=1 1920w\" sizes=\"(max-width: 1024px) 100vw, 1024px\" \/><\/figure>\n\n\n\n<figure class=\"wp-block-image size-large\"><img data-recalc-dims=\"1\" decoding=\"async\" width=\"683\" height=\"1024\" data-id=\"80950\" src=\"https:\/\/i0.wp.com\/zeromagazine.mx\/wp-content\/uploads\/2024\/07\/IMG_1271-683x1024.jpeg?resize=683%2C1024&#038;ssl=1\" alt=\"\" class=\"wp-image-80950\" srcset=\"https:\/\/i0.wp.com\/zeromagazine.mx\/wp-content\/uploads\/2024\/07\/IMG_1271-scaled.jpeg?resize=683%2C1024&amp;ssl=1 683w, https:\/\/i0.wp.com\/zeromagazine.mx\/wp-content\/uploads\/2024\/07\/IMG_1271-scaled.jpeg?resize=200%2C300&amp;ssl=1 200w, https:\/\/i0.wp.com\/zeromagazine.mx\/wp-content\/uploads\/2024\/07\/IMG_1271-scaled.jpeg?resize=768%2C1152&amp;ssl=1 768w, https:\/\/i0.wp.com\/zeromagazine.mx\/wp-content\/uploads\/2024\/07\/IMG_1271-scaled.jpeg?resize=1024%2C1536&amp;ssl=1 1024w, https:\/\/i0.wp.com\/zeromagazine.mx\/wp-content\/uploads\/2024\/07\/IMG_1271-scaled.jpeg?resize=1365%2C2048&amp;ssl=1 1365w, https:\/\/i0.wp.com\/zeromagazine.mx\/wp-content\/uploads\/2024\/07\/IMG_1271-scaled.jpeg?w=1707&amp;ssl=1 1707w\" sizes=\"(max-width: 683px) 100vw, 683px\" \/><\/figure>\n<\/figure>\n\n\n\n<script async src=\"https:\/\/pagead2.googlesyndication.com\/pagead\/js\/adsbygoogle.js?client=ca-pub-5499304793904745\"\n     crossorigin=\"anonymous\"><\/script>\n<ins class=\"adsbygoogle\"\n     style=\"display:block; text-align:center;\"\n     data-ad-layout=\"in-article\"\n     data-ad-format=\"fluid\"\n     data-ad-client=\"ca-pub-5499304793904745\"\n     data-ad-slot=\"5994863093\"><\/ins>\n<script>\n     (adsbygoogle = window.adsbygoogle || []).push({});\n<\/script>","protected":false},"excerpt":{"rendered":"<p>Emilio Trevi\u00f1o es un talentoso actor y actor de doblaje que ha dejado una huella significativa en la industria del entretenimiento. Con m\u00e1s de 20 a\u00f1os de experiencia, Emilio ha participado en cine, televisi\u00f3n, teatro y doblaje, siempre destac\u00e1ndose por su pasi\u00f3n y dedicaci\u00f3n. En esta entrevista, Emilio nos compartir\u00e1 su viaje en el mundo de la actuaci\u00f3n, sus mayores retos y logros, y sus sue\u00f1os para el futuro. Acomp\u00e1\u00f1anos a descubrir m\u00e1s sobre la carrera y la vida de este incre\u00edble artista.<\/p>\n","protected":false},"author":4,"featured_media":80936,"comment_status":"open","ping_status":"open","sticky":false,"template":"","format":"standard","meta":{"_jetpack_memberships_contains_paid_content":false,"footnotes":"","jetpack_publicize_message":"","jetpack_publicize_feature_enabled":true,"jetpack_social_post_already_shared":true,"jetpack_social_options":{"image_generator_settings":{"template":"highway","default_image_id":0,"font":"","enabled":false},"version":2}},"categories":[98],"tags":[7847,9417,9416,9418,5856],"class_list":["post-80935","post","type-post","status-publish","format-standard","has-post-thumbnail","hentry","category-portada","tag-doblaje","tag-doblaje-mexicano","tag-emilio-trevino","tag-timothee-chalamet-2","tag-wonka","has-post-title","has-post-date","has-post-category","has-post-tag","has-post-comment","has-post-author",""],"yoast_head":"<!-- This site is optimized with the Yoast SEO plugin v27.5 - https:\/\/yoast.com\/product\/yoast-seo-wordpress\/ -->\n<title>Emilio Trevi\u00f1o: La Voz M\u00e1s Cool Se Apodera de la Pantalla - Zero Magazine<\/title>\n<meta name=\"robots\" content=\"index, follow, max-snippet:-1, max-image-preview:large, max-video-preview:-1\" \/>\n<link rel=\"canonical\" href=\"https:\/\/zeromagazine.mx\/index.php\/2024\/07\/29\/emilio-trevino-la-voz-mas-cool-se-apodera-de-la-pantalla\/\" \/>\n<meta property=\"og:locale\" content=\"es_ES\" \/>\n<meta property=\"og:type\" content=\"article\" \/>\n<meta property=\"og:title\" content=\"Emilio Trevi\u00f1o: La Voz M\u00e1s Cool Se Apodera de la Pantalla - Zero Magazine\" \/>\n<meta property=\"og:description\" content=\"Emilio Trevi\u00f1o es un talentoso actor y actor de doblaje que ha dejado una huella significativa en la industria del entretenimiento. Con m\u00e1s de 20 a\u00f1os de experiencia, Emilio ha participado en cine, televisi\u00f3n, teatro y doblaje, siempre destac\u00e1ndose por su pasi\u00f3n y dedicaci\u00f3n. En esta entrevista, Emilio nos compartir\u00e1 su viaje en el mundo de la actuaci\u00f3n, sus mayores retos y logros, y sus sue\u00f1os para el futuro. Acomp\u00e1\u00f1anos a descubrir m\u00e1s sobre la carrera y la vida de este incre\u00edble artista.\" \/>\n<meta property=\"og:url\" content=\"https:\/\/zeromagazine.mx\/index.php\/2024\/07\/29\/emilio-trevino-la-voz-mas-cool-se-apodera-de-la-pantalla\/\" \/>\n<meta property=\"og:site_name\" content=\"Zero Magazine\" \/>\n<meta property=\"article:published_time\" content=\"2024-07-29T17:44:13+00:00\" \/>\n<meta property=\"article:modified_time\" content=\"2024-07-29T19:59:50+00:00\" \/>\n<meta property=\"og:image\" content=\"https:\/\/zeromagazine.mx\/wp-content\/uploads\/2024\/07\/IMG_1300-791x1024.png\" \/>\n\t<meta property=\"og:image:width\" content=\"791\" \/>\n\t<meta property=\"og:image:height\" content=\"1024\" \/>\n\t<meta property=\"og:image:type\" content=\"image\/png\" \/>\n<meta name=\"author\" content=\"David Morales\" \/>\n<meta name=\"twitter:card\" content=\"summary_large_image\" \/>\n<meta name=\"twitter:label1\" content=\"Escrito por\" \/>\n\t<meta name=\"twitter:data1\" content=\"David Morales\" \/>\n\t<meta name=\"twitter:label2\" content=\"Tiempo de lectura\" \/>\n\t<meta name=\"twitter:data2\" content=\"10 minutos\" \/>\n<script type=\"application\/ld+json\" class=\"yoast-schema-graph\">{\"@context\":\"https:\\\/\\\/schema.org\",\"@graph\":[{\"@type\":\"Article\",\"@id\":\"https:\\\/\\\/zeromagazine.mx\\\/index.php\\\/2024\\\/07\\\/29\\\/emilio-trevino-la-voz-mas-cool-se-apodera-de-la-pantalla\\\/#article\",\"isPartOf\":{\"@id\":\"https:\\\/\\\/zeromagazine.mx\\\/index.php\\\/2024\\\/07\\\/29\\\/emilio-trevino-la-voz-mas-cool-se-apodera-de-la-pantalla\\\/\"},\"author\":{\"name\":\"David Morales\",\"@id\":\"https:\\\/\\\/zeromagazine.mx\\\/#\\\/schema\\\/person\\\/9f7f1a17c60ba8e9980e3e6677aabe5a\"},\"headline\":\"Emilio Trevi\u00f1o: La Voz M\u00e1s Cool Se Apodera de la Pantalla\",\"datePublished\":\"2024-07-29T17:44:13+00:00\",\"dateModified\":\"2024-07-29T19:59:50+00:00\",\"mainEntityOfPage\":{\"@id\":\"https:\\\/\\\/zeromagazine.mx\\\/index.php\\\/2024\\\/07\\\/29\\\/emilio-trevino-la-voz-mas-cool-se-apodera-de-la-pantalla\\\/\"},\"wordCount\":1916,\"commentCount\":0,\"publisher\":{\"@id\":\"https:\\\/\\\/zeromagazine.mx\\\/#organization\"},\"image\":{\"@id\":\"https:\\\/\\\/zeromagazine.mx\\\/index.php\\\/2024\\\/07\\\/29\\\/emilio-trevino-la-voz-mas-cool-se-apodera-de-la-pantalla\\\/#primaryimage\"},\"thumbnailUrl\":\"https:\\\/\\\/i0.wp.com\\\/zeromagazine.mx\\\/wp-content\\\/uploads\\\/2024\\\/07\\\/IMG_1300.png?fit=2550%2C3300&ssl=1\",\"keywords\":[\"Doblaje\",\"doblaje mexicano\",\"Emilio trevi\u00f1o\",\"timothee chalamet\",\"Wonka\"],\"articleSection\":[\"Portada\"],\"inLanguage\":\"es\",\"potentialAction\":[{\"@type\":\"CommentAction\",\"name\":\"Comment\",\"target\":[\"https:\\\/\\\/zeromagazine.mx\\\/index.php\\\/2024\\\/07\\\/29\\\/emilio-trevino-la-voz-mas-cool-se-apodera-de-la-pantalla\\\/#respond\"]}]},{\"@type\":\"WebPage\",\"@id\":\"https:\\\/\\\/zeromagazine.mx\\\/index.php\\\/2024\\\/07\\\/29\\\/emilio-trevino-la-voz-mas-cool-se-apodera-de-la-pantalla\\\/\",\"url\":\"https:\\\/\\\/zeromagazine.mx\\\/index.php\\\/2024\\\/07\\\/29\\\/emilio-trevino-la-voz-mas-cool-se-apodera-de-la-pantalla\\\/\",\"name\":\"Emilio Trevi\u00f1o: La Voz M\u00e1s Cool Se Apodera de la Pantalla - Zero Magazine\",\"isPartOf\":{\"@id\":\"https:\\\/\\\/zeromagazine.mx\\\/#website\"},\"primaryImageOfPage\":{\"@id\":\"https:\\\/\\\/zeromagazine.mx\\\/index.php\\\/2024\\\/07\\\/29\\\/emilio-trevino-la-voz-mas-cool-se-apodera-de-la-pantalla\\\/#primaryimage\"},\"image\":{\"@id\":\"https:\\\/\\\/zeromagazine.mx\\\/index.php\\\/2024\\\/07\\\/29\\\/emilio-trevino-la-voz-mas-cool-se-apodera-de-la-pantalla\\\/#primaryimage\"},\"thumbnailUrl\":\"https:\\\/\\\/i0.wp.com\\\/zeromagazine.mx\\\/wp-content\\\/uploads\\\/2024\\\/07\\\/IMG_1300.png?fit=2550%2C3300&ssl=1\",\"datePublished\":\"2024-07-29T17:44:13+00:00\",\"dateModified\":\"2024-07-29T19:59:50+00:00\",\"breadcrumb\":{\"@id\":\"https:\\\/\\\/zeromagazine.mx\\\/index.php\\\/2024\\\/07\\\/29\\\/emilio-trevino-la-voz-mas-cool-se-apodera-de-la-pantalla\\\/#breadcrumb\"},\"inLanguage\":\"es\",\"potentialAction\":[{\"@type\":\"ReadAction\",\"target\":[\"https:\\\/\\\/zeromagazine.mx\\\/index.php\\\/2024\\\/07\\\/29\\\/emilio-trevino-la-voz-mas-cool-se-apodera-de-la-pantalla\\\/\"]}]},{\"@type\":\"ImageObject\",\"inLanguage\":\"es\",\"@id\":\"https:\\\/\\\/zeromagazine.mx\\\/index.php\\\/2024\\\/07\\\/29\\\/emilio-trevino-la-voz-mas-cool-se-apodera-de-la-pantalla\\\/#primaryimage\",\"url\":\"https:\\\/\\\/i0.wp.com\\\/zeromagazine.mx\\\/wp-content\\\/uploads\\\/2024\\\/07\\\/IMG_1300.png?fit=2550%2C3300&ssl=1\",\"contentUrl\":\"https:\\\/\\\/i0.wp.com\\\/zeromagazine.mx\\\/wp-content\\\/uploads\\\/2024\\\/07\\\/IMG_1300.png?fit=2550%2C3300&ssl=1\",\"width\":2550,\"height\":3300},{\"@type\":\"BreadcrumbList\",\"@id\":\"https:\\\/\\\/zeromagazine.mx\\\/index.php\\\/2024\\\/07\\\/29\\\/emilio-trevino-la-voz-mas-cool-se-apodera-de-la-pantalla\\\/#breadcrumb\",\"itemListElement\":[{\"@type\":\"ListItem\",\"position\":1,\"name\":\"Portada\",\"item\":\"https:\\\/\\\/zeromagazine.mx\\\/\"},{\"@type\":\"ListItem\",\"position\":2,\"name\":\"Emilio Trevi\u00f1o: La Voz M\u00e1s Cool Se Apodera de la Pantalla\"}]},{\"@type\":\"WebSite\",\"@id\":\"https:\\\/\\\/zeromagazine.mx\\\/#website\",\"url\":\"https:\\\/\\\/zeromagazine.mx\\\/\",\"name\":\"Zero Magazine\",\"description\":\"\",\"publisher\":{\"@id\":\"https:\\\/\\\/zeromagazine.mx\\\/#organization\"},\"potentialAction\":[{\"@type\":\"SearchAction\",\"target\":{\"@type\":\"EntryPoint\",\"urlTemplate\":\"https:\\\/\\\/zeromagazine.mx\\\/?s={search_term_string}\"},\"query-input\":{\"@type\":\"PropertyValueSpecification\",\"valueRequired\":true,\"valueName\":\"search_term_string\"}}],\"inLanguage\":\"es\"},{\"@type\":\"Organization\",\"@id\":\"https:\\\/\\\/zeromagazine.mx\\\/#organization\",\"name\":\"Zero Magazine\",\"url\":\"https:\\\/\\\/zeromagazine.mx\\\/\",\"logo\":{\"@type\":\"ImageObject\",\"inLanguage\":\"es\",\"@id\":\"https:\\\/\\\/zeromagazine.mx\\\/#\\\/schema\\\/logo\\\/image\\\/\",\"url\":\"https:\\\/\\\/i0.wp.com\\\/zeromagazine.mx\\\/wp-content\\\/uploads\\\/2025\\\/11\\\/1.jpeg?fit=1000%2C1000&ssl=1\",\"contentUrl\":\"https:\\\/\\\/i0.wp.com\\\/zeromagazine.mx\\\/wp-content\\\/uploads\\\/2025\\\/11\\\/1.jpeg?fit=1000%2C1000&ssl=1\",\"width\":1000,\"height\":1000,\"caption\":\"Zero Magazine\"},\"image\":{\"@id\":\"https:\\\/\\\/zeromagazine.mx\\\/#\\\/schema\\\/logo\\\/image\\\/\"},\"sameAs\":[\"https:\\\/\\\/instagram.com\\\/zeromagazinemx\"]},{\"@type\":\"Person\",\"@id\":\"https:\\\/\\\/zeromagazine.mx\\\/#\\\/schema\\\/person\\\/9f7f1a17c60ba8e9980e3e6677aabe5a\",\"name\":\"David Morales\",\"image\":{\"@type\":\"ImageObject\",\"inLanguage\":\"es\",\"@id\":\"https:\\\/\\\/zeromagazine.mx\\\/wp-content\\\/litespeed\\\/avatar\\\/76069d2136bfc1c37dc34815bb67ca42.jpg?ver=1777571067\",\"url\":\"https:\\\/\\\/zeromagazine.mx\\\/wp-content\\\/litespeed\\\/avatar\\\/76069d2136bfc1c37dc34815bb67ca42.jpg?ver=1777571067\",\"contentUrl\":\"https:\\\/\\\/zeromagazine.mx\\\/wp-content\\\/litespeed\\\/avatar\\\/76069d2136bfc1c37dc34815bb67ca42.jpg?ver=1777571067\",\"caption\":\"David Morales\"},\"url\":\"https:\\\/\\\/zeromagazine.mx\\\/index.php\\\/author\\\/david\\\/\"}]}<\/script>\n<!-- \/ Yoast SEO plugin. -->","yoast_head_json":{"title":"Emilio Trevi\u00f1o: La Voz M\u00e1s Cool Se Apodera de la Pantalla - Zero Magazine","robots":{"index":"index","follow":"follow","max-snippet":"max-snippet:-1","max-image-preview":"max-image-preview:large","max-video-preview":"max-video-preview:-1"},"canonical":"https:\/\/zeromagazine.mx\/index.php\/2024\/07\/29\/emilio-trevino-la-voz-mas-cool-se-apodera-de-la-pantalla\/","og_locale":"es_ES","og_type":"article","og_title":"Emilio Trevi\u00f1o: La Voz M\u00e1s Cool Se Apodera de la Pantalla - Zero Magazine","og_description":"Emilio Trevi\u00f1o es un talentoso actor y actor de doblaje que ha dejado una huella significativa en la industria del entretenimiento. Con m\u00e1s de 20 a\u00f1os de experiencia, Emilio ha participado en cine, televisi\u00f3n, teatro y doblaje, siempre destac\u00e1ndose por su pasi\u00f3n y dedicaci\u00f3n. En esta entrevista, Emilio nos compartir\u00e1 su viaje en el mundo de la actuaci\u00f3n, sus mayores retos y logros, y sus sue\u00f1os para el futuro. Acomp\u00e1\u00f1anos a descubrir m\u00e1s sobre la carrera y la vida de este incre\u00edble artista.","og_url":"https:\/\/zeromagazine.mx\/index.php\/2024\/07\/29\/emilio-trevino-la-voz-mas-cool-se-apodera-de-la-pantalla\/","og_site_name":"Zero Magazine","article_published_time":"2024-07-29T17:44:13+00:00","article_modified_time":"2024-07-29T19:59:50+00:00","og_image":[{"width":791,"height":1024,"url":"https:\/\/zeromagazine.mx\/wp-content\/uploads\/2024\/07\/IMG_1300-791x1024.png","type":"image\/png"}],"author":"David Morales","twitter_card":"summary_large_image","twitter_misc":{"Escrito por":"David Morales","Tiempo de lectura":"10 minutos"},"schema":{"@context":"https:\/\/schema.org","@graph":[{"@type":"Article","@id":"https:\/\/zeromagazine.mx\/index.php\/2024\/07\/29\/emilio-trevino-la-voz-mas-cool-se-apodera-de-la-pantalla\/#article","isPartOf":{"@id":"https:\/\/zeromagazine.mx\/index.php\/2024\/07\/29\/emilio-trevino-la-voz-mas-cool-se-apodera-de-la-pantalla\/"},"author":{"name":"David Morales","@id":"https:\/\/zeromagazine.mx\/#\/schema\/person\/9f7f1a17c60ba8e9980e3e6677aabe5a"},"headline":"Emilio Trevi\u00f1o: La Voz M\u00e1s Cool Se Apodera de la Pantalla","datePublished":"2024-07-29T17:44:13+00:00","dateModified":"2024-07-29T19:59:50+00:00","mainEntityOfPage":{"@id":"https:\/\/zeromagazine.mx\/index.php\/2024\/07\/29\/emilio-trevino-la-voz-mas-cool-se-apodera-de-la-pantalla\/"},"wordCount":1916,"commentCount":0,"publisher":{"@id":"https:\/\/zeromagazine.mx\/#organization"},"image":{"@id":"https:\/\/zeromagazine.mx\/index.php\/2024\/07\/29\/emilio-trevino-la-voz-mas-cool-se-apodera-de-la-pantalla\/#primaryimage"},"thumbnailUrl":"https:\/\/i0.wp.com\/zeromagazine.mx\/wp-content\/uploads\/2024\/07\/IMG_1300.png?fit=2550%2C3300&ssl=1","keywords":["Doblaje","doblaje mexicano","Emilio trevi\u00f1o","timothee chalamet","Wonka"],"articleSection":["Portada"],"inLanguage":"es","potentialAction":[{"@type":"CommentAction","name":"Comment","target":["https:\/\/zeromagazine.mx\/index.php\/2024\/07\/29\/emilio-trevino-la-voz-mas-cool-se-apodera-de-la-pantalla\/#respond"]}]},{"@type":"WebPage","@id":"https:\/\/zeromagazine.mx\/index.php\/2024\/07\/29\/emilio-trevino-la-voz-mas-cool-se-apodera-de-la-pantalla\/","url":"https:\/\/zeromagazine.mx\/index.php\/2024\/07\/29\/emilio-trevino-la-voz-mas-cool-se-apodera-de-la-pantalla\/","name":"Emilio Trevi\u00f1o: La Voz M\u00e1s Cool Se Apodera de la Pantalla - Zero Magazine","isPartOf":{"@id":"https:\/\/zeromagazine.mx\/#website"},"primaryImageOfPage":{"@id":"https:\/\/zeromagazine.mx\/index.php\/2024\/07\/29\/emilio-trevino-la-voz-mas-cool-se-apodera-de-la-pantalla\/#primaryimage"},"image":{"@id":"https:\/\/zeromagazine.mx\/index.php\/2024\/07\/29\/emilio-trevino-la-voz-mas-cool-se-apodera-de-la-pantalla\/#primaryimage"},"thumbnailUrl":"https:\/\/i0.wp.com\/zeromagazine.mx\/wp-content\/uploads\/2024\/07\/IMG_1300.png?fit=2550%2C3300&ssl=1","datePublished":"2024-07-29T17:44:13+00:00","dateModified":"2024-07-29T19:59:50+00:00","breadcrumb":{"@id":"https:\/\/zeromagazine.mx\/index.php\/2024\/07\/29\/emilio-trevino-la-voz-mas-cool-se-apodera-de-la-pantalla\/#breadcrumb"},"inLanguage":"es","potentialAction":[{"@type":"ReadAction","target":["https:\/\/zeromagazine.mx\/index.php\/2024\/07\/29\/emilio-trevino-la-voz-mas-cool-se-apodera-de-la-pantalla\/"]}]},{"@type":"ImageObject","inLanguage":"es","@id":"https:\/\/zeromagazine.mx\/index.php\/2024\/07\/29\/emilio-trevino-la-voz-mas-cool-se-apodera-de-la-pantalla\/#primaryimage","url":"https:\/\/i0.wp.com\/zeromagazine.mx\/wp-content\/uploads\/2024\/07\/IMG_1300.png?fit=2550%2C3300&ssl=1","contentUrl":"https:\/\/i0.wp.com\/zeromagazine.mx\/wp-content\/uploads\/2024\/07\/IMG_1300.png?fit=2550%2C3300&ssl=1","width":2550,"height":3300},{"@type":"BreadcrumbList","@id":"https:\/\/zeromagazine.mx\/index.php\/2024\/07\/29\/emilio-trevino-la-voz-mas-cool-se-apodera-de-la-pantalla\/#breadcrumb","itemListElement":[{"@type":"ListItem","position":1,"name":"Portada","item":"https:\/\/zeromagazine.mx\/"},{"@type":"ListItem","position":2,"name":"Emilio Trevi\u00f1o: La Voz M\u00e1s Cool Se Apodera de la Pantalla"}]},{"@type":"WebSite","@id":"https:\/\/zeromagazine.mx\/#website","url":"https:\/\/zeromagazine.mx\/","name":"Zero Magazine","description":"","publisher":{"@id":"https:\/\/zeromagazine.mx\/#organization"},"potentialAction":[{"@type":"SearchAction","target":{"@type":"EntryPoint","urlTemplate":"https:\/\/zeromagazine.mx\/?s={search_term_string}"},"query-input":{"@type":"PropertyValueSpecification","valueRequired":true,"valueName":"search_term_string"}}],"inLanguage":"es"},{"@type":"Organization","@id":"https:\/\/zeromagazine.mx\/#organization","name":"Zero Magazine","url":"https:\/\/zeromagazine.mx\/","logo":{"@type":"ImageObject","inLanguage":"es","@id":"https:\/\/zeromagazine.mx\/#\/schema\/logo\/image\/","url":"https:\/\/i0.wp.com\/zeromagazine.mx\/wp-content\/uploads\/2025\/11\/1.jpeg?fit=1000%2C1000&ssl=1","contentUrl":"https:\/\/i0.wp.com\/zeromagazine.mx\/wp-content\/uploads\/2025\/11\/1.jpeg?fit=1000%2C1000&ssl=1","width":1000,"height":1000,"caption":"Zero Magazine"},"image":{"@id":"https:\/\/zeromagazine.mx\/#\/schema\/logo\/image\/"},"sameAs":["https:\/\/instagram.com\/zeromagazinemx"]},{"@type":"Person","@id":"https:\/\/zeromagazine.mx\/#\/schema\/person\/9f7f1a17c60ba8e9980e3e6677aabe5a","name":"David Morales","image":{"@type":"ImageObject","inLanguage":"es","@id":"https:\/\/zeromagazine.mx\/wp-content\/litespeed\/avatar\/76069d2136bfc1c37dc34815bb67ca42.jpg?ver=1777571067","url":"https:\/\/zeromagazine.mx\/wp-content\/litespeed\/avatar\/76069d2136bfc1c37dc34815bb67ca42.jpg?ver=1777571067","contentUrl":"https:\/\/zeromagazine.mx\/wp-content\/litespeed\/avatar\/76069d2136bfc1c37dc34815bb67ca42.jpg?ver=1777571067","caption":"David Morales"},"url":"https:\/\/zeromagazine.mx\/index.php\/author\/david\/"}]}},"jetpack_publicize_connections":[],"jetpack_featured_media_url":"https:\/\/i0.wp.com\/zeromagazine.mx\/wp-content\/uploads\/2024\/07\/IMG_1300.png?fit=2550%2C3300&ssl=1","jetpack-related-posts":[{"id":119469,"url":"https:\/\/zeromagazine.mx\/index.php\/2026\/04\/26\/coyote-vs-acme-espanol-trailer\/","url_meta":{"origin":80935,"position":0},"title":"Coyote vs ACME en espa\u00f1ol","author":"zeromagazinemx","date":"26 de abril de 2026","format":false,"excerpt":"El caos animado m\u00e1s ic\u00f3nico est\u00e1 de vuelta, pero ahora con un giro que s\u00ed importa: Coyote vs ACME en espa\u00f1ol ya es una realidad. Y no, no es un detalle menor. El doblaje latino puede cambiar completamente la experiencia\u2026 y todo apunta a que aqu\u00ed ser\u00e1 clave. La pel\u00edcula\u2026","rel":"","context":"En \u00abBlog\u00bb","block_context":{"text":"Blog","link":"https:\/\/zeromagazine.mx\/index.php\/category\/blog\/"},"img":{"alt_text":"","src":"https:\/\/i0.wp.com\/zeromagazine.mx\/wp-content\/uploads\/2026\/04\/unnamed-4.png?fit=1200%2C1200&ssl=1&resize=350%2C200","width":350,"height":200,"srcset":"https:\/\/i0.wp.com\/zeromagazine.mx\/wp-content\/uploads\/2026\/04\/unnamed-4.png?fit=1200%2C1200&ssl=1&resize=350%2C200 1x, https:\/\/i0.wp.com\/zeromagazine.mx\/wp-content\/uploads\/2026\/04\/unnamed-4.png?fit=1200%2C1200&ssl=1&resize=525%2C300 1.5x, https:\/\/i0.wp.com\/zeromagazine.mx\/wp-content\/uploads\/2026\/04\/unnamed-4.png?fit=1200%2C1200&ssl=1&resize=700%2C400 2x, https:\/\/i0.wp.com\/zeromagazine.mx\/wp-content\/uploads\/2026\/04\/unnamed-4.png?fit=1200%2C1200&ssl=1&resize=1050%2C600 3x"},"classes":[]},{"id":84039,"url":"https:\/\/zeromagazine.mx\/index.php\/2024\/09\/18\/superheroe-el-musical-llega-a-cdmx\/","url_meta":{"origin":80935,"position":1},"title":"\u00a1Superh\u00e9roe El Musical Llega a CDMX!","author":"zeromagazinemx","date":"18 de septiembre de 2024","format":false,"excerpt":"\u00a1Holaa, mi gente incre\u00edble! \u00bfYa est\u00e1n listxs para vivir la experiencia teatral m\u00e1s \u00e9pica de este octubre? Porque prep\u00e1rense, que el 14 de octubre, el Teatro Mil\u00e1n va a explotar con el estreno de \u201cSuperh\u00e9roe, el musical\u201d. Y, neta, si cre\u00edas que los musicales eran solo para tus pap\u00e1s o\u2026","rel":"","context":"En \u00abCultura\u00bb","block_context":{"text":"Cultura","link":"https:\/\/zeromagazine.mx\/index.php\/category\/cultura\/"},"img":{"alt_text":"","src":"https:\/\/i0.wp.com\/zeromagazine.mx\/wp-content\/uploads\/2024\/09\/WhatsApp-Image-2024-09-09-at-12.13.04-1.jpeg?fit=960%2C1200&ssl=1&resize=350%2C200","width":350,"height":200,"srcset":"https:\/\/i0.wp.com\/zeromagazine.mx\/wp-content\/uploads\/2024\/09\/WhatsApp-Image-2024-09-09-at-12.13.04-1.jpeg?fit=960%2C1200&ssl=1&resize=350%2C200 1x, https:\/\/i0.wp.com\/zeromagazine.mx\/wp-content\/uploads\/2024\/09\/WhatsApp-Image-2024-09-09-at-12.13.04-1.jpeg?fit=960%2C1200&ssl=1&resize=525%2C300 1.5x, https:\/\/i0.wp.com\/zeromagazine.mx\/wp-content\/uploads\/2024\/09\/WhatsApp-Image-2024-09-09-at-12.13.04-1.jpeg?fit=960%2C1200&ssl=1&resize=700%2C400 2x"},"classes":[]},{"id":48086,"url":"https:\/\/zeromagazine.mx\/index.php\/2021\/06\/17\/entrevista-a-eduardo-trevino\/","url_meta":{"origin":80935,"position":2},"title":"Entrevista a Eduardo Trevi\u00f1o","author":"zeromagazinemx","date":"17 de junio de 2021","format":false,"excerpt":"Eduardo Trevi\u00f1o, actor y director de \u201cLa muestra de Cine Coahuila\u201d; nos viene a platicar un poco sobre su carrera de actuaci\u00f3n, donde sus \u00faltimas participaciones fueron en \u201cTe acuerdas de mi\u201d (Televisa) y Falsa Identidad 2 (Telemundo) y tambi\u00e9n nos cuenta sobre su \u201cWorkshop de Cine\u201d que se realizar\u00e1\u2026","rel":"","context":"En \u00abCine\u00bb","block_context":{"text":"Cine","link":"https:\/\/zeromagazine.mx\/index.php\/category\/entretenimiento\/cine\/"},"img":{"alt_text":"","src":"","width":0,"height":0},"classes":[]},{"id":50760,"url":"https:\/\/zeromagazine.mx\/index.php\/2021\/07\/24\/gerardo-quiroz-y-sus-suenos-en-broadway\/","url_meta":{"origin":80935,"position":3},"title":"Gerardo Quiroz y sus \u00abSue\u00f1os en Broadway\u00bb","author":"zeromagazinemx","date":"24 de julio de 2021","format":false,"excerpt":"Actor, Locutor, Productor de Teatro y Televisi\u00f3n Naci\u00f3 en la Ciudad de M\u00e9xico el 14 de septiembre de 1966, es Licenciado en Comunicaci\u00f3n y Relaciones P\u00fablicas, recibido en la Universidad Latinoamericana en 1991, con menci\u00f3n honor\u00edfica con la tesis \"El Actor Como Comunicador Social en la Cinematograf\u00eda\". Desde 1978 inici\u00f3\u2026","rel":"","context":"En \u00abEntrevistas\u00bb","block_context":{"text":"Entrevistas","link":"https:\/\/zeromagazine.mx\/index.php\/category\/entretenimiento\/entrevistas\/"},"img":{"alt_text":"","src":"","width":0,"height":0},"classes":[]},{"id":56631,"url":"https:\/\/zeromagazine.mx\/index.php\/2021\/10\/24\/jesus-guzman-las-herramientas-del-comediante-son-sus-experiencias-de-vida\/","url_meta":{"origin":80935,"position":4},"title":"JES\u00daS GUZM\u00c1N: \u201cLAS HERRAMIENTAS DEL COMEDIANTE SON SUS EXPERIENCIAS DE VIDA\u201d","author":"zeromagazinemx","date":"24 de octubre de 2021","format":false,"excerpt":"El doblaje es un trabajo muy entretenido y que tambi\u00e9n conlleva una gran responsabilidad, en esta ocasi\u00f3n tuve la oportunidad de platicar con Jes\u00fas Guzm\u00e1n, quien dio voz al Chavo del Ocho en la serie animada, acerca de su trayectoria y planes futuros. Por Luis Lechuga La actuaci\u00f3n es algo\u2026","rel":"","context":"En \u00abEntretenimiento\u00bb","block_context":{"text":"Entretenimiento","link":"https:\/\/zeromagazine.mx\/index.php\/category\/entretenimiento\/"},"img":{"alt_text":"","src":"","width":0,"height":0},"classes":[]},{"id":53376,"url":"https:\/\/zeromagazine.mx\/index.php\/2021\/09\/01\/entrevista-a-jesus-guzman\/","url_meta":{"origin":80935,"position":5},"title":"Entrevista a Jes\u00fas Guzm\u00e1n","author":"zeromagazinemx","date":"1 de septiembre de 2021","format":false,"excerpt":"Jes\u00fas Guzm\u00e1n, actor, guionista y comediante; estudi\u00f3 la carrera de Comunicaci\u00f3n y la carrera de actuaci\u00f3n en el Centro De Arte Dram\u00e1tico A.C., lo podemos ver en Netflix en su especial llamado \u201c\u00a1Es en serio!\u201d, tambi\u00e9n lo podemos ir a ver todos los jueves a las 9:00 pm en su\u2026","rel":"","context":"En \u00abEntretenimiento\u00bb","block_context":{"text":"Entretenimiento","link":"https:\/\/zeromagazine.mx\/index.php\/category\/entretenimiento\/"},"img":{"alt_text":"","src":"","width":0,"height":0},"classes":[]}],"jetpack_sharing_enabled":true,"builder_content":"","_links":{"self":[{"href":"https:\/\/zeromagazine.mx\/index.php\/wp-json\/wp\/v2\/posts\/80935","targetHints":{"allow":["GET"]}}],"collection":[{"href":"https:\/\/zeromagazine.mx\/index.php\/wp-json\/wp\/v2\/posts"}],"about":[{"href":"https:\/\/zeromagazine.mx\/index.php\/wp-json\/wp\/v2\/types\/post"}],"author":[{"embeddable":true,"href":"https:\/\/zeromagazine.mx\/index.php\/wp-json\/wp\/v2\/users\/4"}],"replies":[{"embeddable":true,"href":"https:\/\/zeromagazine.mx\/index.php\/wp-json\/wp\/v2\/comments?post=80935"}],"version-history":[{"count":7,"href":"https:\/\/zeromagazine.mx\/index.php\/wp-json\/wp\/v2\/posts\/80935\/revisions"}],"predecessor-version":[{"id":80990,"href":"https:\/\/zeromagazine.mx\/index.php\/wp-json\/wp\/v2\/posts\/80935\/revisions\/80990"}],"wp:featuredmedia":[{"embeddable":true,"href":"https:\/\/zeromagazine.mx\/index.php\/wp-json\/wp\/v2\/media\/80936"}],"wp:attachment":[{"href":"https:\/\/zeromagazine.mx\/index.php\/wp-json\/wp\/v2\/media?parent=80935"}],"wp:term":[{"taxonomy":"category","embeddable":true,"href":"https:\/\/zeromagazine.mx\/index.php\/wp-json\/wp\/v2\/categories?post=80935"},{"taxonomy":"post_tag","embeddable":true,"href":"https:\/\/zeromagazine.mx\/index.php\/wp-json\/wp\/v2\/tags?post=80935"}],"curies":[{"name":"wp","href":"https:\/\/api.w.org\/{rel}","templated":true}]}}