{"id":81082,"date":"2024-07-30T22:05:29","date_gmt":"2024-07-30T20:05:29","guid":{"rendered":"https:\/\/zeromagazine.mx\/?p=81082"},"modified":"2024-07-30T22:05:30","modified_gmt":"2024-07-30T20:05:30","slug":"zegna-casual-a-sophisticated-vibes","status":"publish","type":"post","link":"https:\/\/zeromagazine.mx\/index.php\/2024\/07\/30\/zegna-casual-a-sophisticated-vibes\/","title":{"rendered":"\u00abZEGNA: Casual a Sophisticated Vibes\u00bb"},"content":{"rendered":"<!--themify_builder_content-->\n<div id=\"themify_builder_content-81082\" data-postid=\"81082\" class=\"themify_builder_content themify_builder_content-81082 themify_builder tf_clear\">\n    <\/div>\n<!--\/themify_builder_content-->\n\n\n<p>Esta semana te recomiendo elegir ZEGNA porque es una gran opci\u00f3n para elegir calidad, estilo y versatilidad. No importa cu\u00e1l sea tu estilo personal, siempre encontrar\u00e1s algo que se adapte a ti. La marca entiende que cada persona es diferente y crea piezas que pueden ser personalizadas y adaptadas a tu propio estilo. Si necesitas m\u00e1s inspiraci\u00f3n, solo mira a las celebridades que optan por utilizar estas prendas, \u00a0desde actores como James McAvoy hasta estrellas de la televisi\u00f3n como Tyler Hoechlin, todos ellos conf\u00edan en ZEGNA para lucir bien en cualquier ocasi\u00f3n.<\/p>\n\n\n\n<figure class=\"wp-block-image size-full\"><img data-recalc-dims=\"1\" decoding=\"async\" width=\"1165\" height=\"1748\" src=\"https:\/\/i0.wp.com\/zeromagazine.mx\/wp-content\/uploads\/2024\/07\/TYLER-HOECHLIN-WEARS-ZEGNA-TO-THE-%E2%80%98SUPERMAN-LOIS-SPECIAL-VIDEO-PRESENTATION-AND-QA-DURING-2024-COMIC-CON-INTERNATIONAL-scaled.jpg?resize=1165%2C1748&#038;ssl=1\" alt=\"\" class=\"wp-image-81084\" srcset=\"https:\/\/i0.wp.com\/zeromagazine.mx\/wp-content\/uploads\/2024\/07\/TYLER-HOECHLIN-WEARS-ZEGNA-TO-THE-%E2%80%98SUPERMAN-LOIS-SPECIAL-VIDEO-PRESENTATION-AND-QA-DURING-2024-COMIC-CON-INTERNATIONAL-scaled.jpg?w=1706&amp;ssl=1 1706w, https:\/\/i0.wp.com\/zeromagazine.mx\/wp-content\/uploads\/2024\/07\/TYLER-HOECHLIN-WEARS-ZEGNA-TO-THE-%E2%80%98SUPERMAN-LOIS-SPECIAL-VIDEO-PRESENTATION-AND-QA-DURING-2024-COMIC-CON-INTERNATIONAL-scaled.jpg?resize=200%2C300&amp;ssl=1 200w, https:\/\/i0.wp.com\/zeromagazine.mx\/wp-content\/uploads\/2024\/07\/TYLER-HOECHLIN-WEARS-ZEGNA-TO-THE-%E2%80%98SUPERMAN-LOIS-SPECIAL-VIDEO-PRESENTATION-AND-QA-DURING-2024-COMIC-CON-INTERNATIONAL-scaled.jpg?resize=682%2C1024&amp;ssl=1 682w, https:\/\/i0.wp.com\/zeromagazine.mx\/wp-content\/uploads\/2024\/07\/TYLER-HOECHLIN-WEARS-ZEGNA-TO-THE-%E2%80%98SUPERMAN-LOIS-SPECIAL-VIDEO-PRESENTATION-AND-QA-DURING-2024-COMIC-CON-INTERNATIONAL-scaled.jpg?resize=768%2C1152&amp;ssl=1 768w, https:\/\/i0.wp.com\/zeromagazine.mx\/wp-content\/uploads\/2024\/07\/TYLER-HOECHLIN-WEARS-ZEGNA-TO-THE-%E2%80%98SUPERMAN-LOIS-SPECIAL-VIDEO-PRESENTATION-AND-QA-DURING-2024-COMIC-CON-INTERNATIONAL-scaled.jpg?resize=1024%2C1536&amp;ssl=1 1024w, https:\/\/i0.wp.com\/zeromagazine.mx\/wp-content\/uploads\/2024\/07\/TYLER-HOECHLIN-WEARS-ZEGNA-TO-THE-%E2%80%98SUPERMAN-LOIS-SPECIAL-VIDEO-PRESENTATION-AND-QA-DURING-2024-COMIC-CON-INTERNATIONAL-scaled.jpg?resize=1365%2C2048&amp;ssl=1 1365w\" sizes=\"(max-width: 1165px) 100vw, 1165px\" \/><figcaption class=\"wp-element-caption\">SAN DIEGO, CALIFORNIA &#8211; JULY 27: Tyler Hoechlin attends the \u00abSuperman &amp; Lois\u00bb Special Video Presentation and Q&amp;A during 2024 Comic-Con International at San Diego Convention Center on July 27, 2024 in San Diego, California. (Photo by Matt Winkelmeyer\/Getty Images)<\/figcaption><\/figure>\n\n\n\n<script async src=\"https:\/\/pagead2.googlesyndication.com\/pagead\/js\/adsbygoogle.js?client=ca-pub-5499304793904745\"\n     crossorigin=\"anonymous\"><\/script>\n<ins class=\"adsbygoogle\"\n     style=\"display:block; text-align:center;\"\n     data-ad-layout=\"in-article\"\n     data-ad-format=\"fluid\"\n     data-ad-client=\"ca-pub-5499304793904745\"\n     data-ad-slot=\"5994863093\"><\/ins>\n<script>\n     (adsbygoogle = window.adsbygoogle || []).push({});\n<\/script>\n\n\n\n<p><strong>Crea Tu Propio Estilo<\/strong><\/p>\n\n\n\n<p>Lo mejor de esta marca&nbsp;&nbsp;es que puedes mezclar y combinar sus piezas para crear un look que sea totalmente tuyo. \u00bfUn d\u00eda casual en la ciudad? Opta por una sobrecamisa y unos sneakers. \u00bfTienes una reuni\u00f3n importante? Un traje bien cortado te har\u00e1 ver impecable. La clave est\u00e1 en jugar con las combinaciones y divertirte con tu estilo.<\/p>\n\n\n\n<p><strong>Una Marca con Historia<\/strong><\/p>\n\n\n\n<p>ZEGNA no es una marca nueva; tiene una rica historia de tradici\u00f3n y calidad. Desde sus inicios, ha sido sin\u00f3nimo de elegancia y buen gusto. Hoy en d\u00eda, sigue innovando y adapt\u00e1ndose a los tiempos modernos sin perder esa esencia que la hace \u00fanica.<\/p>\n\n\n\n<p>Es una marca que entiende la importancia de la adaptabilidad&nbsp;&nbsp;y la sofisticaci\u00f3n en el estilo moderno. Ya sea que necesites un look casual o algo m\u00e1s formal, ZEGNA tiene justo lo que necesitas. As\u00ed que, si est\u00e1s&nbsp;&nbsp;buscando actualizar tu guardarropa, piensa en ZEGNA. Porque con ellos, siempre estar\u00e1s listo para cualquier ocasi\u00f3n.<\/p>","protected":false},"excerpt":{"rendered":"<p>Esta semana te recomiendo elegir ZEGNA porque es una gran opci\u00f3n para elegir calidad, estilo y versatilidad. No importa cu\u00e1l sea tu estilo personal, siempre encontrar\u00e1s algo que se adapte a ti. La marca entiende que cada persona es diferente y crea piezas que pueden ser personalizadas y adaptadas a tu propio estilo. Si necesitas [&hellip;]<\/p>\n","protected":false},"author":2,"featured_media":81084,"comment_status":"open","ping_status":"open","sticky":false,"template":"","format":"standard","meta":{"_jetpack_memberships_contains_paid_content":false,"footnotes":"","jetpack_publicize_message":"","jetpack_publicize_feature_enabled":true,"jetpack_social_post_already_shared":true,"jetpack_social_options":{"image_generator_settings":{"template":"highway","default_image_id":0,"font":"","enabled":false},"version":2}},"categories":[67],"tags":[7314,9463],"class_list":["post-81082","post","type-post","status-publish","format-standard","has-post-thumbnail","hentry","category-moda","tag-contemporaneo","tag-sofisticado","has-post-title","has-post-date","has-post-category","has-post-tag","has-post-comment","has-post-author",""],"yoast_head":"<!-- This site is optimized with the Yoast SEO plugin v27.4 - https:\/\/yoast.com\/product\/yoast-seo-wordpress\/ -->\n<title>&quot;ZEGNA: Casual a Sophisticated Vibes&quot; - Zero Magazine<\/title>\n<meta name=\"robots\" content=\"index, follow, max-snippet:-1, max-image-preview:large, max-video-preview:-1\" \/>\n<link rel=\"canonical\" href=\"https:\/\/zeromagazine.mx\/index.php\/2024\/07\/30\/zegna-casual-a-sophisticated-vibes\/\" \/>\n<meta property=\"og:locale\" content=\"es_ES\" \/>\n<meta property=\"og:type\" content=\"article\" \/>\n<meta property=\"og:title\" content=\"&quot;ZEGNA: Casual a Sophisticated Vibes&quot; - Zero Magazine\" \/>\n<meta property=\"og:description\" content=\"Esta semana te recomiendo elegir ZEGNA porque es una gran opci\u00f3n para elegir calidad, estilo y versatilidad. No importa cu\u00e1l sea tu estilo personal, siempre encontrar\u00e1s algo que se adapte a ti. La marca entiende que cada persona es diferente y crea piezas que pueden ser personalizadas y adaptadas a tu propio estilo. Si necesitas [&hellip;]\" \/>\n<meta property=\"og:url\" content=\"https:\/\/zeromagazine.mx\/index.php\/2024\/07\/30\/zegna-casual-a-sophisticated-vibes\/\" \/>\n<meta property=\"og:site_name\" content=\"Zero Magazine\" \/>\n<meta property=\"article:published_time\" content=\"2024-07-30T20:05:29+00:00\" \/>\n<meta property=\"article:modified_time\" content=\"2024-07-30T20:05:30+00:00\" \/>\n<meta property=\"og:image\" content=\"https:\/\/i0.wp.com\/zeromagazine.mx\/wp-content\/uploads\/2024\/07\/TYLER-HOECHLIN-WEARS-ZEGNA-TO-THE-\u2018SUPERMAN-LOIS-SPECIAL-VIDEO-PRESENTATION-AND-QA-DURING-2024-COMIC-CON-INTERNATIONAL-scaled.jpg?fit=1706%2C2560&ssl=1\" \/>\n\t<meta property=\"og:image:width\" content=\"1706\" \/>\n\t<meta property=\"og:image:height\" content=\"2560\" \/>\n\t<meta property=\"og:image:type\" content=\"image\/jpeg\" \/>\n<meta name=\"author\" content=\"zeromagazinemx\" \/>\n<meta name=\"twitter:card\" content=\"summary_large_image\" \/>\n<meta name=\"twitter:label1\" content=\"Escrito por\" \/>\n\t<meta name=\"twitter:data1\" content=\"zeromagazinemx\" \/>\n\t<meta name=\"twitter:label2\" content=\"Tiempo de lectura\" \/>\n\t<meta name=\"twitter:data2\" content=\"2 minutos\" \/>\n<script type=\"application\/ld+json\" class=\"yoast-schema-graph\">{\"@context\":\"https:\\\/\\\/schema.org\",\"@graph\":[{\"@type\":\"Article\",\"@id\":\"https:\\\/\\\/zeromagazine.mx\\\/index.php\\\/2024\\\/07\\\/30\\\/zegna-casual-a-sophisticated-vibes\\\/#article\",\"isPartOf\":{\"@id\":\"https:\\\/\\\/zeromagazine.mx\\\/index.php\\\/2024\\\/07\\\/30\\\/zegna-casual-a-sophisticated-vibes\\\/\"},\"author\":{\"name\":\"zeromagazinemx\",\"@id\":\"https:\\\/\\\/zeromagazine.mx\\\/#\\\/schema\\\/person\\\/9aed9f33a7c39af3a348b86d723f7773\"},\"headline\":\"\u00abZEGNA: Casual a Sophisticated Vibes\u00bb\",\"datePublished\":\"2024-07-30T20:05:29+00:00\",\"dateModified\":\"2024-07-30T20:05:30+00:00\",\"mainEntityOfPage\":{\"@id\":\"https:\\\/\\\/zeromagazine.mx\\\/index.php\\\/2024\\\/07\\\/30\\\/zegna-casual-a-sophisticated-vibes\\\/\"},\"wordCount\":326,\"commentCount\":0,\"publisher\":{\"@id\":\"https:\\\/\\\/zeromagazine.mx\\\/#organization\"},\"image\":{\"@id\":\"https:\\\/\\\/zeromagazine.mx\\\/index.php\\\/2024\\\/07\\\/30\\\/zegna-casual-a-sophisticated-vibes\\\/#primaryimage\"},\"thumbnailUrl\":\"https:\\\/\\\/i0.wp.com\\\/zeromagazine.mx\\\/wp-content\\\/uploads\\\/2024\\\/07\\\/TYLER-HOECHLIN-WEARS-ZEGNA-TO-THE-%E2%80%98SUPERMAN-LOIS-SPECIAL-VIDEO-PRESENTATION-AND-QA-DURING-2024-COMIC-CON-INTERNATIONAL-scaled.jpg?fit=1706%2C2560&ssl=1\",\"keywords\":[\"Contempor\u00e1neo\",\"sofisticado\"],\"articleSection\":[\"Moda\"],\"inLanguage\":\"es\",\"potentialAction\":[{\"@type\":\"CommentAction\",\"name\":\"Comment\",\"target\":[\"https:\\\/\\\/zeromagazine.mx\\\/index.php\\\/2024\\\/07\\\/30\\\/zegna-casual-a-sophisticated-vibes\\\/#respond\"]}]},{\"@type\":\"WebPage\",\"@id\":\"https:\\\/\\\/zeromagazine.mx\\\/index.php\\\/2024\\\/07\\\/30\\\/zegna-casual-a-sophisticated-vibes\\\/\",\"url\":\"https:\\\/\\\/zeromagazine.mx\\\/index.php\\\/2024\\\/07\\\/30\\\/zegna-casual-a-sophisticated-vibes\\\/\",\"name\":\"\\\"ZEGNA: Casual a Sophisticated Vibes\\\" - Zero Magazine\",\"isPartOf\":{\"@id\":\"https:\\\/\\\/zeromagazine.mx\\\/#website\"},\"primaryImageOfPage\":{\"@id\":\"https:\\\/\\\/zeromagazine.mx\\\/index.php\\\/2024\\\/07\\\/30\\\/zegna-casual-a-sophisticated-vibes\\\/#primaryimage\"},\"image\":{\"@id\":\"https:\\\/\\\/zeromagazine.mx\\\/index.php\\\/2024\\\/07\\\/30\\\/zegna-casual-a-sophisticated-vibes\\\/#primaryimage\"},\"thumbnailUrl\":\"https:\\\/\\\/i0.wp.com\\\/zeromagazine.mx\\\/wp-content\\\/uploads\\\/2024\\\/07\\\/TYLER-HOECHLIN-WEARS-ZEGNA-TO-THE-%E2%80%98SUPERMAN-LOIS-SPECIAL-VIDEO-PRESENTATION-AND-QA-DURING-2024-COMIC-CON-INTERNATIONAL-scaled.jpg?fit=1706%2C2560&ssl=1\",\"datePublished\":\"2024-07-30T20:05:29+00:00\",\"dateModified\":\"2024-07-30T20:05:30+00:00\",\"breadcrumb\":{\"@id\":\"https:\\\/\\\/zeromagazine.mx\\\/index.php\\\/2024\\\/07\\\/30\\\/zegna-casual-a-sophisticated-vibes\\\/#breadcrumb\"},\"inLanguage\":\"es\",\"potentialAction\":[{\"@type\":\"ReadAction\",\"target\":[\"https:\\\/\\\/zeromagazine.mx\\\/index.php\\\/2024\\\/07\\\/30\\\/zegna-casual-a-sophisticated-vibes\\\/\"]}]},{\"@type\":\"ImageObject\",\"inLanguage\":\"es\",\"@id\":\"https:\\\/\\\/zeromagazine.mx\\\/index.php\\\/2024\\\/07\\\/30\\\/zegna-casual-a-sophisticated-vibes\\\/#primaryimage\",\"url\":\"https:\\\/\\\/i0.wp.com\\\/zeromagazine.mx\\\/wp-content\\\/uploads\\\/2024\\\/07\\\/TYLER-HOECHLIN-WEARS-ZEGNA-TO-THE-%E2%80%98SUPERMAN-LOIS-SPECIAL-VIDEO-PRESENTATION-AND-QA-DURING-2024-COMIC-CON-INTERNATIONAL-scaled.jpg?fit=1706%2C2560&ssl=1\",\"contentUrl\":\"https:\\\/\\\/i0.wp.com\\\/zeromagazine.mx\\\/wp-content\\\/uploads\\\/2024\\\/07\\\/TYLER-HOECHLIN-WEARS-ZEGNA-TO-THE-%E2%80%98SUPERMAN-LOIS-SPECIAL-VIDEO-PRESENTATION-AND-QA-DURING-2024-COMIC-CON-INTERNATIONAL-scaled.jpg?fit=1706%2C2560&ssl=1\",\"width\":1706,\"height\":2560,\"caption\":\"SAN DIEGO, CALIFORNIA - JULY 27: Tyler Hoechlin attends the \\\"Superman &amp; Lois\\\" Special Video Presentation and Q&amp;A during 2024 Comic-Con International at San Diego Convention Center on July 27, 2024 in San Diego, California. (Photo by Matt Winkelmeyer\\\/Getty Images)\"},{\"@type\":\"BreadcrumbList\",\"@id\":\"https:\\\/\\\/zeromagazine.mx\\\/index.php\\\/2024\\\/07\\\/30\\\/zegna-casual-a-sophisticated-vibes\\\/#breadcrumb\",\"itemListElement\":[{\"@type\":\"ListItem\",\"position\":1,\"name\":\"Portada\",\"item\":\"https:\\\/\\\/zeromagazine.mx\\\/\"},{\"@type\":\"ListItem\",\"position\":2,\"name\":\"\u00abZEGNA: Casual a Sophisticated Vibes\u00bb\"}]},{\"@type\":\"WebSite\",\"@id\":\"https:\\\/\\\/zeromagazine.mx\\\/#website\",\"url\":\"https:\\\/\\\/zeromagazine.mx\\\/\",\"name\":\"Zero Magazine\",\"description\":\"\",\"publisher\":{\"@id\":\"https:\\\/\\\/zeromagazine.mx\\\/#organization\"},\"potentialAction\":[{\"@type\":\"SearchAction\",\"target\":{\"@type\":\"EntryPoint\",\"urlTemplate\":\"https:\\\/\\\/zeromagazine.mx\\\/?s={search_term_string}\"},\"query-input\":{\"@type\":\"PropertyValueSpecification\",\"valueRequired\":true,\"valueName\":\"search_term_string\"}}],\"inLanguage\":\"es\"},{\"@type\":\"Organization\",\"@id\":\"https:\\\/\\\/zeromagazine.mx\\\/#organization\",\"name\":\"Zero Magazine\",\"url\":\"https:\\\/\\\/zeromagazine.mx\\\/\",\"logo\":{\"@type\":\"ImageObject\",\"inLanguage\":\"es\",\"@id\":\"https:\\\/\\\/zeromagazine.mx\\\/#\\\/schema\\\/logo\\\/image\\\/\",\"url\":\"https:\\\/\\\/i0.wp.com\\\/zeromagazine.mx\\\/wp-content\\\/uploads\\\/2025\\\/11\\\/1.jpeg?fit=1000%2C1000&ssl=1\",\"contentUrl\":\"https:\\\/\\\/i0.wp.com\\\/zeromagazine.mx\\\/wp-content\\\/uploads\\\/2025\\\/11\\\/1.jpeg?fit=1000%2C1000&ssl=1\",\"width\":1000,\"height\":1000,\"caption\":\"Zero Magazine\"},\"image\":{\"@id\":\"https:\\\/\\\/zeromagazine.mx\\\/#\\\/schema\\\/logo\\\/image\\\/\"},\"sameAs\":[\"https:\\\/\\\/instagram.com\\\/zeromagazinemx\"]},{\"@type\":\"Person\",\"@id\":\"https:\\\/\\\/zeromagazine.mx\\\/#\\\/schema\\\/person\\\/9aed9f33a7c39af3a348b86d723f7773\",\"name\":\"zeromagazinemx\",\"image\":{\"@type\":\"ImageObject\",\"inLanguage\":\"es\",\"@id\":\"https:\\\/\\\/zeromagazine.mx\\\/wp-content\\\/litespeed\\\/avatar\\\/f91dfe5410d5dcb1a576bf8c45983896.jpg?ver=1776966396\",\"url\":\"https:\\\/\\\/zeromagazine.mx\\\/wp-content\\\/litespeed\\\/avatar\\\/f91dfe5410d5dcb1a576bf8c45983896.jpg?ver=1776966396\",\"contentUrl\":\"https:\\\/\\\/zeromagazine.mx\\\/wp-content\\\/litespeed\\\/avatar\\\/f91dfe5410d5dcb1a576bf8c45983896.jpg?ver=1776966396\",\"caption\":\"zeromagazinemx\"},\"url\":\"https:\\\/\\\/zeromagazine.mx\\\/index.php\\\/author\\\/zeromagazinemx\\\/\"}]}<\/script>\n<!-- \/ Yoast SEO plugin. -->","yoast_head_json":{"title":"\"ZEGNA: Casual a Sophisticated Vibes\" - Zero Magazine","robots":{"index":"index","follow":"follow","max-snippet":"max-snippet:-1","max-image-preview":"max-image-preview:large","max-video-preview":"max-video-preview:-1"},"canonical":"https:\/\/zeromagazine.mx\/index.php\/2024\/07\/30\/zegna-casual-a-sophisticated-vibes\/","og_locale":"es_ES","og_type":"article","og_title":"\"ZEGNA: Casual a Sophisticated Vibes\" - Zero Magazine","og_description":"Esta semana te recomiendo elegir ZEGNA porque es una gran opci\u00f3n para elegir calidad, estilo y versatilidad. No importa cu\u00e1l sea tu estilo personal, siempre encontrar\u00e1s algo que se adapte a ti. La marca entiende que cada persona es diferente y crea piezas que pueden ser personalizadas y adaptadas a tu propio estilo. Si necesitas [&hellip;]","og_url":"https:\/\/zeromagazine.mx\/index.php\/2024\/07\/30\/zegna-casual-a-sophisticated-vibes\/","og_site_name":"Zero Magazine","article_published_time":"2024-07-30T20:05:29+00:00","article_modified_time":"2024-07-30T20:05:30+00:00","og_image":[{"width":1706,"height":2560,"url":"https:\/\/i0.wp.com\/zeromagazine.mx\/wp-content\/uploads\/2024\/07\/TYLER-HOECHLIN-WEARS-ZEGNA-TO-THE-\u2018SUPERMAN-LOIS-SPECIAL-VIDEO-PRESENTATION-AND-QA-DURING-2024-COMIC-CON-INTERNATIONAL-scaled.jpg?fit=1706%2C2560&ssl=1","type":"image\/jpeg"}],"author":"zeromagazinemx","twitter_card":"summary_large_image","twitter_misc":{"Escrito por":"zeromagazinemx","Tiempo de lectura":"2 minutos"},"schema":{"@context":"https:\/\/schema.org","@graph":[{"@type":"Article","@id":"https:\/\/zeromagazine.mx\/index.php\/2024\/07\/30\/zegna-casual-a-sophisticated-vibes\/#article","isPartOf":{"@id":"https:\/\/zeromagazine.mx\/index.php\/2024\/07\/30\/zegna-casual-a-sophisticated-vibes\/"},"author":{"name":"zeromagazinemx","@id":"https:\/\/zeromagazine.mx\/#\/schema\/person\/9aed9f33a7c39af3a348b86d723f7773"},"headline":"\u00abZEGNA: Casual a Sophisticated Vibes\u00bb","datePublished":"2024-07-30T20:05:29+00:00","dateModified":"2024-07-30T20:05:30+00:00","mainEntityOfPage":{"@id":"https:\/\/zeromagazine.mx\/index.php\/2024\/07\/30\/zegna-casual-a-sophisticated-vibes\/"},"wordCount":326,"commentCount":0,"publisher":{"@id":"https:\/\/zeromagazine.mx\/#organization"},"image":{"@id":"https:\/\/zeromagazine.mx\/index.php\/2024\/07\/30\/zegna-casual-a-sophisticated-vibes\/#primaryimage"},"thumbnailUrl":"https:\/\/i0.wp.com\/zeromagazine.mx\/wp-content\/uploads\/2024\/07\/TYLER-HOECHLIN-WEARS-ZEGNA-TO-THE-%E2%80%98SUPERMAN-LOIS-SPECIAL-VIDEO-PRESENTATION-AND-QA-DURING-2024-COMIC-CON-INTERNATIONAL-scaled.jpg?fit=1706%2C2560&ssl=1","keywords":["Contempor\u00e1neo","sofisticado"],"articleSection":["Moda"],"inLanguage":"es","potentialAction":[{"@type":"CommentAction","name":"Comment","target":["https:\/\/zeromagazine.mx\/index.php\/2024\/07\/30\/zegna-casual-a-sophisticated-vibes\/#respond"]}]},{"@type":"WebPage","@id":"https:\/\/zeromagazine.mx\/index.php\/2024\/07\/30\/zegna-casual-a-sophisticated-vibes\/","url":"https:\/\/zeromagazine.mx\/index.php\/2024\/07\/30\/zegna-casual-a-sophisticated-vibes\/","name":"\"ZEGNA: Casual a Sophisticated Vibes\" - Zero Magazine","isPartOf":{"@id":"https:\/\/zeromagazine.mx\/#website"},"primaryImageOfPage":{"@id":"https:\/\/zeromagazine.mx\/index.php\/2024\/07\/30\/zegna-casual-a-sophisticated-vibes\/#primaryimage"},"image":{"@id":"https:\/\/zeromagazine.mx\/index.php\/2024\/07\/30\/zegna-casual-a-sophisticated-vibes\/#primaryimage"},"thumbnailUrl":"https:\/\/i0.wp.com\/zeromagazine.mx\/wp-content\/uploads\/2024\/07\/TYLER-HOECHLIN-WEARS-ZEGNA-TO-THE-%E2%80%98SUPERMAN-LOIS-SPECIAL-VIDEO-PRESENTATION-AND-QA-DURING-2024-COMIC-CON-INTERNATIONAL-scaled.jpg?fit=1706%2C2560&ssl=1","datePublished":"2024-07-30T20:05:29+00:00","dateModified":"2024-07-30T20:05:30+00:00","breadcrumb":{"@id":"https:\/\/zeromagazine.mx\/index.php\/2024\/07\/30\/zegna-casual-a-sophisticated-vibes\/#breadcrumb"},"inLanguage":"es","potentialAction":[{"@type":"ReadAction","target":["https:\/\/zeromagazine.mx\/index.php\/2024\/07\/30\/zegna-casual-a-sophisticated-vibes\/"]}]},{"@type":"ImageObject","inLanguage":"es","@id":"https:\/\/zeromagazine.mx\/index.php\/2024\/07\/30\/zegna-casual-a-sophisticated-vibes\/#primaryimage","url":"https:\/\/i0.wp.com\/zeromagazine.mx\/wp-content\/uploads\/2024\/07\/TYLER-HOECHLIN-WEARS-ZEGNA-TO-THE-%E2%80%98SUPERMAN-LOIS-SPECIAL-VIDEO-PRESENTATION-AND-QA-DURING-2024-COMIC-CON-INTERNATIONAL-scaled.jpg?fit=1706%2C2560&ssl=1","contentUrl":"https:\/\/i0.wp.com\/zeromagazine.mx\/wp-content\/uploads\/2024\/07\/TYLER-HOECHLIN-WEARS-ZEGNA-TO-THE-%E2%80%98SUPERMAN-LOIS-SPECIAL-VIDEO-PRESENTATION-AND-QA-DURING-2024-COMIC-CON-INTERNATIONAL-scaled.jpg?fit=1706%2C2560&ssl=1","width":1706,"height":2560,"caption":"SAN DIEGO, CALIFORNIA - JULY 27: Tyler Hoechlin attends the \"Superman &amp; Lois\" Special Video Presentation and Q&amp;A during 2024 Comic-Con International at San Diego Convention Center on July 27, 2024 in San Diego, California. (Photo by Matt Winkelmeyer\/Getty Images)"},{"@type":"BreadcrumbList","@id":"https:\/\/zeromagazine.mx\/index.php\/2024\/07\/30\/zegna-casual-a-sophisticated-vibes\/#breadcrumb","itemListElement":[{"@type":"ListItem","position":1,"name":"Portada","item":"https:\/\/zeromagazine.mx\/"},{"@type":"ListItem","position":2,"name":"\u00abZEGNA: Casual a Sophisticated Vibes\u00bb"}]},{"@type":"WebSite","@id":"https:\/\/zeromagazine.mx\/#website","url":"https:\/\/zeromagazine.mx\/","name":"Zero Magazine","description":"","publisher":{"@id":"https:\/\/zeromagazine.mx\/#organization"},"potentialAction":[{"@type":"SearchAction","target":{"@type":"EntryPoint","urlTemplate":"https:\/\/zeromagazine.mx\/?s={search_term_string}"},"query-input":{"@type":"PropertyValueSpecification","valueRequired":true,"valueName":"search_term_string"}}],"inLanguage":"es"},{"@type":"Organization","@id":"https:\/\/zeromagazine.mx\/#organization","name":"Zero Magazine","url":"https:\/\/zeromagazine.mx\/","logo":{"@type":"ImageObject","inLanguage":"es","@id":"https:\/\/zeromagazine.mx\/#\/schema\/logo\/image\/","url":"https:\/\/i0.wp.com\/zeromagazine.mx\/wp-content\/uploads\/2025\/11\/1.jpeg?fit=1000%2C1000&ssl=1","contentUrl":"https:\/\/i0.wp.com\/zeromagazine.mx\/wp-content\/uploads\/2025\/11\/1.jpeg?fit=1000%2C1000&ssl=1","width":1000,"height":1000,"caption":"Zero Magazine"},"image":{"@id":"https:\/\/zeromagazine.mx\/#\/schema\/logo\/image\/"},"sameAs":["https:\/\/instagram.com\/zeromagazinemx"]},{"@type":"Person","@id":"https:\/\/zeromagazine.mx\/#\/schema\/person\/9aed9f33a7c39af3a348b86d723f7773","name":"zeromagazinemx","image":{"@type":"ImageObject","inLanguage":"es","@id":"https:\/\/zeromagazine.mx\/wp-content\/litespeed\/avatar\/f91dfe5410d5dcb1a576bf8c45983896.jpg?ver=1776966396","url":"https:\/\/zeromagazine.mx\/wp-content\/litespeed\/avatar\/f91dfe5410d5dcb1a576bf8c45983896.jpg?ver=1776966396","contentUrl":"https:\/\/zeromagazine.mx\/wp-content\/litespeed\/avatar\/f91dfe5410d5dcb1a576bf8c45983896.jpg?ver=1776966396","caption":"zeromagazinemx"},"url":"https:\/\/zeromagazine.mx\/index.php\/author\/zeromagazinemx\/"}]}},"jetpack_publicize_connections":[],"jetpack_featured_media_url":"https:\/\/i0.wp.com\/zeromagazine.mx\/wp-content\/uploads\/2024\/07\/TYLER-HOECHLIN-WEARS-ZEGNA-TO-THE-%E2%80%98SUPERMAN-LOIS-SPECIAL-VIDEO-PRESENTATION-AND-QA-DURING-2024-COMIC-CON-INTERNATIONAL-scaled.jpg?fit=1706%2C2560&ssl=1","jetpack-related-posts":[{"id":77135,"url":"https:\/\/zeromagazine.mx\/index.php\/2024\/06\/04\/estilo-sin-tiempo-regala-elegancia-atemporal-a-papa-con-zegna\/","url_meta":{"origin":81082,"position":0},"title":"Estilo sin tiempo: Regala Elegancia Atemporal a Pap\u00e1 con Zegna","author":"David Morales","date":"4 de junio de 2024","format":false,"excerpt":"Ya tienen pensado qu\u00e9 regalarle a pap\u00e1 este D\u00eda del Padre? Si a\u00fan est\u00e1n buscando algo especial, d\u00e9jenme decirles que Zegna tiene la soluci\u00f3n perfecta. Con sus exquisitas camisas, pantalones a medida y los ic\u00f3nicos Triple Stitch\u2122, est\u00e1n reinventando el concepto de lujo y sofisticaci\u00f3n. Comencemos con las camisas. Estas\u2026","rel":"","context":"En \u00abModa\u00bb","block_context":{"text":"Moda","link":"https:\/\/zeromagazine.mx\/index.php\/category\/moda\/"},"img":{"alt_text":"","src":"https:\/\/zeromagazine.mx\/wp-content\/uploads\/2024\/06\/783C50A7-1DHAQ0-A.avif","width":350,"height":200,"srcset":"https:\/\/zeromagazine.mx\/wp-content\/uploads\/2024\/06\/783C50A7-1DHAQ0-A.avif 1x, https:\/\/zeromagazine.mx\/wp-content\/uploads\/2024\/06\/783C50A7-1DHAQ0-A.avif 1.5x, https:\/\/zeromagazine.mx\/wp-content\/uploads\/2024\/06\/783C50A7-1DHAQ0-A.avif 2x"},"classes":[]},{"id":83247,"url":"https:\/\/zeromagazine.mx\/index.php\/2024\/09\/05\/lujo-invernal-con-zegna-vibes\/","url_meta":{"origin":81082,"position":1},"title":"\u00abLujo Invernal con ZEGNA Vibes\u00bb","author":"zeromagazinemx","date":"5 de septiembre de 2024","format":false,"excerpt":"\u00a1Hola a tod@s! D\u00e9jame contarte un poco sobre la moda masculina m\u00e1s incre\u00edble del momento.\u00a0ZEGNA FW24\u00a0no es solo otra colecci\u00f3n; es un viaje hacia las ra\u00edces de la marca, donde\u00a0Mads Mikkelsen\u00a0y\u00a0Wu Lei\u00a0te llevan de paseo por\u00a0Oasi Zegna, el coraz\u00f3n de todo lo que representa este ic\u00f3nico nombre en la moda\u2026","rel":"","context":"En \u00abModa\u00bb","block_context":{"text":"Moda","link":"https:\/\/zeromagazine.mx\/index.php\/category\/moda\/"},"img":{"alt_text":"","src":"https:\/\/i0.wp.com\/zeromagazine.mx\/wp-content\/uploads\/2024\/09\/ZEGNA-HERO-6_ADV-CAMPAIGN_WU-LEI.jpg?fit=1200%2C838&ssl=1&resize=350%2C200","width":350,"height":200,"srcset":"https:\/\/i0.wp.com\/zeromagazine.mx\/wp-content\/uploads\/2024\/09\/ZEGNA-HERO-6_ADV-CAMPAIGN_WU-LEI.jpg?fit=1200%2C838&ssl=1&resize=350%2C200 1x, https:\/\/i0.wp.com\/zeromagazine.mx\/wp-content\/uploads\/2024\/09\/ZEGNA-HERO-6_ADV-CAMPAIGN_WU-LEI.jpg?fit=1200%2C838&ssl=1&resize=525%2C300 1.5x, https:\/\/i0.wp.com\/zeromagazine.mx\/wp-content\/uploads\/2024\/09\/ZEGNA-HERO-6_ADV-CAMPAIGN_WU-LEI.jpg?fit=1200%2C838&ssl=1&resize=700%2C400 2x, https:\/\/i0.wp.com\/zeromagazine.mx\/wp-content\/uploads\/2024\/09\/ZEGNA-HERO-6_ADV-CAMPAIGN_WU-LEI.jpg?fit=1200%2C838&ssl=1&resize=1050%2C600 3x"},"classes":[]},{"id":83682,"url":"https:\/\/zeromagazine.mx\/index.php\/2024\/09\/11\/villa-zegna-nycs-fashion-immersion\/","url_meta":{"origin":81082,"position":2},"title":"VILLA ZEGNA: NYC\u2019s Fashion Immersion","author":"zeromagazinemx","date":"11 de septiembre de 2024","format":false,"excerpt":"\u00a1Holaaa Fashionistas! Si est\u00e1n buscando la \u00faltima novedad en el mundo del lujo y la moda, prep\u00e1rense para lo que ZEGNA est\u00e1 lanzando en la Gran Manzana. La ic\u00f3nica marca de moda italiana est\u00e1 llevando su experiencia \u201cVILLA ZEGNA\u201d a Nueva York, y cr\u00e9anme, no querr\u00e1n perderse esto. \u00bfListxs para\u2026","rel":"","context":"En \u00abEntretenimiento\u00bb","block_context":{"text":"Entretenimiento","link":"https:\/\/zeromagazine.mx\/index.php\/category\/entretenimiento\/"},"img":{"alt_text":"","src":"https:\/\/i0.wp.com\/zeromagazine.mx\/wp-content\/uploads\/2024\/09\/VILLA-ZEGNA-NYC_ELEVATOR.jpg?fit=1200%2C675&ssl=1&resize=350%2C200","width":350,"height":200,"srcset":"https:\/\/i0.wp.com\/zeromagazine.mx\/wp-content\/uploads\/2024\/09\/VILLA-ZEGNA-NYC_ELEVATOR.jpg?fit=1200%2C675&ssl=1&resize=350%2C200 1x, https:\/\/i0.wp.com\/zeromagazine.mx\/wp-content\/uploads\/2024\/09\/VILLA-ZEGNA-NYC_ELEVATOR.jpg?fit=1200%2C675&ssl=1&resize=525%2C300 1.5x, https:\/\/i0.wp.com\/zeromagazine.mx\/wp-content\/uploads\/2024\/09\/VILLA-ZEGNA-NYC_ELEVATOR.jpg?fit=1200%2C675&ssl=1&resize=700%2C400 2x, https:\/\/i0.wp.com\/zeromagazine.mx\/wp-content\/uploads\/2024\/09\/VILLA-ZEGNA-NYC_ELEVATOR.jpg?fit=1200%2C675&ssl=1&resize=1050%2C600 3x"},"classes":[]},{"id":98820,"url":"https:\/\/zeromagazine.mx\/index.php\/2025\/03\/18\/primavera-al-estilo-zegna\/","url_meta":{"origin":81082,"position":3},"title":"Primavera Al Estilo ZEGNA","author":"David Morales","date":"18 de marzo de 2025","format":false,"excerpt":"Amix, ZEGNA nos traer una moda de primavera que redefine lo cl\u00e1sico sin perder sofisticaci\u00f3n; pues la marca celebra la temporada con una nueva colecci\u00f3n, compuesta por prendas artesanales que capturan la esencia del lujo discreto. As\u00ed que, si buscas un estilo que nunca falla con piezas atemporales y vers\u00e1tiles,\u2026","rel":"","context":"En \u00abModa\u00bb","block_context":{"text":"Moda","link":"https:\/\/zeromagazine.mx\/index.php\/category\/moda\/"},"img":{"alt_text":"","src":"https:\/\/i0.wp.com\/zeromagazine.mx\/wp-content\/uploads\/2025\/03\/UFH92A9-143-100-D.jpg?fit=900%2C1200&ssl=1&resize=350%2C200","width":350,"height":200,"srcset":"https:\/\/i0.wp.com\/zeromagazine.mx\/wp-content\/uploads\/2025\/03\/UFH92A9-143-100-D.jpg?fit=900%2C1200&ssl=1&resize=350%2C200 1x, https:\/\/i0.wp.com\/zeromagazine.mx\/wp-content\/uploads\/2025\/03\/UFH92A9-143-100-D.jpg?fit=900%2C1200&ssl=1&resize=525%2C300 1.5x, https:\/\/i0.wp.com\/zeromagazine.mx\/wp-content\/uploads\/2025\/03\/UFH92A9-143-100-D.jpg?fit=900%2C1200&ssl=1&resize=700%2C400 2x"},"classes":[]},{"id":95822,"url":"https:\/\/zeromagazine.mx\/index.php\/2025\/02\/09\/zegna-elegancia-monocromatica\/","url_meta":{"origin":81082,"position":4},"title":"ZEGNA: Elegancia monocrom\u00e1tica","author":"David Morales","date":"9 de febrero de 2025","format":false,"excerpt":"Alessandro Sartori lo hizo de nuevo, amix. Para la temporada Fall\/Winter 2025, el director creativo de ZEGNA nos regala una propuesta que equilibra lo cl\u00e1sico con lo inesperado. Su visi\u00f3n monocrom\u00e1tica no es solo una elecci\u00f3n est\u00e9tica, sino una declaraci\u00f3n de estilo que redefine la elegancia contempor\u00e1nea. Minimalismo ZEGNA Para\u2026","rel":"","context":"En \u00abModa\u00bb","block_context":{"text":"Moda","link":"https:\/\/zeromagazine.mx\/index.php\/category\/moda\/"},"img":{"alt_text":"","src":"https:\/\/i0.wp.com\/zeromagazine.mx\/wp-content\/uploads\/2025\/02\/Zegna-Winter-25-Look-08.jpg?fit=960%2C1200&ssl=1&resize=350%2C200","width":350,"height":200,"srcset":"https:\/\/i0.wp.com\/zeromagazine.mx\/wp-content\/uploads\/2025\/02\/Zegna-Winter-25-Look-08.jpg?fit=960%2C1200&ssl=1&resize=350%2C200 1x, https:\/\/i0.wp.com\/zeromagazine.mx\/wp-content\/uploads\/2025\/02\/Zegna-Winter-25-Look-08.jpg?fit=960%2C1200&ssl=1&resize=525%2C300 1.5x, https:\/\/i0.wp.com\/zeromagazine.mx\/wp-content\/uploads\/2025\/02\/Zegna-Winter-25-Look-08.jpg?fit=960%2C1200&ssl=1&resize=700%2C400 2x"},"classes":[]},{"id":97684,"url":"https:\/\/zeromagazine.mx\/index.php\/2025\/02\/26\/denim-zegna\/","url_meta":{"origin":81082,"position":5},"title":"Denim Zegna","author":"David Morales","date":"26 de febrero de 2025","format":false,"excerpt":"En un mundo donde la moda cambia cada cinco minutos, hay prendas que simplemente no pasan de moda. Ah\u00ed es donde entra el denim premium de Zegna, esa joyita que se adapta a todo y a todos. Si alguna vez te has preguntado qu\u00e9 hace que unos jeans sean verdaderamente\u2026","rel":"","context":"En \u00abModa\u00bb","block_context":{"text":"Moda","link":"https:\/\/zeromagazine.mx\/index.php\/category\/moda\/"},"img":{"alt_text":"","src":"https:\/\/i0.wp.com\/zeromagazine.mx\/wp-content\/uploads\/2025\/02\/SS-VELLUS-AREUM-CAMPAIGN-.png?fit=951%2C1200&ssl=1&resize=350%2C200","width":350,"height":200,"srcset":"https:\/\/i0.wp.com\/zeromagazine.mx\/wp-content\/uploads\/2025\/02\/SS-VELLUS-AREUM-CAMPAIGN-.png?fit=951%2C1200&ssl=1&resize=350%2C200 1x, https:\/\/i0.wp.com\/zeromagazine.mx\/wp-content\/uploads\/2025\/02\/SS-VELLUS-AREUM-CAMPAIGN-.png?fit=951%2C1200&ssl=1&resize=525%2C300 1.5x, https:\/\/i0.wp.com\/zeromagazine.mx\/wp-content\/uploads\/2025\/02\/SS-VELLUS-AREUM-CAMPAIGN-.png?fit=951%2C1200&ssl=1&resize=700%2C400 2x"},"classes":[]}],"jetpack_sharing_enabled":true,"builder_content":"","_links":{"self":[{"href":"https:\/\/zeromagazine.mx\/index.php\/wp-json\/wp\/v2\/posts\/81082","targetHints":{"allow":["GET"]}}],"collection":[{"href":"https:\/\/zeromagazine.mx\/index.php\/wp-json\/wp\/v2\/posts"}],"about":[{"href":"https:\/\/zeromagazine.mx\/index.php\/wp-json\/wp\/v2\/types\/post"}],"author":[{"embeddable":true,"href":"https:\/\/zeromagazine.mx\/index.php\/wp-json\/wp\/v2\/users\/2"}],"replies":[{"embeddable":true,"href":"https:\/\/zeromagazine.mx\/index.php\/wp-json\/wp\/v2\/comments?post=81082"}],"version-history":[{"count":1,"href":"https:\/\/zeromagazine.mx\/index.php\/wp-json\/wp\/v2\/posts\/81082\/revisions"}],"predecessor-version":[{"id":81089,"href":"https:\/\/zeromagazine.mx\/index.php\/wp-json\/wp\/v2\/posts\/81082\/revisions\/81089"}],"wp:featuredmedia":[{"embeddable":true,"href":"https:\/\/zeromagazine.mx\/index.php\/wp-json\/wp\/v2\/media\/81084"}],"wp:attachment":[{"href":"https:\/\/zeromagazine.mx\/index.php\/wp-json\/wp\/v2\/media?parent=81082"}],"wp:term":[{"taxonomy":"category","embeddable":true,"href":"https:\/\/zeromagazine.mx\/index.php\/wp-json\/wp\/v2\/categories?post=81082"},{"taxonomy":"post_tag","embeddable":true,"href":"https:\/\/zeromagazine.mx\/index.php\/wp-json\/wp\/v2\/tags?post=81082"}],"curies":[{"name":"wp","href":"https:\/\/api.w.org\/{rel}","templated":true}]}}